{"id":3952,"date":"2020-09-22T12:00:29","date_gmt":"2020-09-22T10:00:29","guid":{"rendered":"http:\/\/www.anovapeneira.gal\/?p=3952"},"modified":"2020-09-21T11:47:54","modified_gmt":"2020-09-21T09:47:54","slug":"socialcomunismo","status":"publish","type":"post","link":"https:\/\/www.anovapeneira.gal\/index.php\/2020\/09\/22\/socialcomunismo\/","title":{"rendered":"Socialcomunismo"},"content":{"rendered":"\n<figure class=\"wp-block-image size-large is-resized is-style-default\"><img loading=\"lazy\" decoding=\"async\" src=\"http:\/\/www.anovapeneira.gal\/wp-content\/uploads\/2019\/07\/angel_perez_a_nova_peneira.jpg\" alt=\"\u00c1ngel P\u00e9rez, profesor de filosof\u00eda A Nova Peneira\" class=\"wp-image-581\" width=\"95\" height=\"111\"\/><figcaption>\u00c1ngel P\u00e9rez, profesor de filosof\u00eda<\/figcaption><\/figure>\n\n\n\n<p>D\u00e9cadas despois de nos teren convencidos do fin do comunismo, escoitamos e lemos unha e outra vez que en Madrid goberna unha coalici\u00f3n socialcomunista. O Partido Comunista conta, en efecto, cunha das vinte carteiras ministeriais da coalici\u00f3n de goberno. Exercida, c\u00f3mpre dicilo, cunha brillante discreci\u00f3n. Ning\u00fan outro ministro responde ao ep\u00edteto de \u201ccomunista\u201d. Todos os demais son socialistas, uns m\u00e1is lonxe e outros m\u00e1is cerca da li\u00f1a que os separa da dereita. No entanto, todo o mundo sabe que a insistencia coa que a oposici\u00f3n e os media repiten que o goberno \u00e9 socialcomunista non se debe \u00e1 influenza do ministro Garz\u00f3n na acci\u00f3n pol\u00edtica do goberno, sen\u00f3n \u00e1 ocasi\u00f3n que a s\u00faa presenza proporciona para empregar un voc\u00e1bulo de enorme potencia propagand\u00edstica. Neste caso o fin a perseguir \u00e9 claramente deslexitimar os ministros de Podemos e, de rebote, a do presidente que, demostrando unha absoluta falta de escr\u00fapulos pol\u00edticos, b\u00f3tase nas mans de quen quere romper Espa\u00f1a.<\/p>\n\n\n\n<p>Agora ben, esa operaci\u00f3n de desacreditar un goberno da Espa\u00f1a actual mediante o recurso de acusalo de comunista s\u00f3 pode ser eficaz contra a propia historia recente do Reino. \u00c9 as\u00ed que, a propia historia oficial afirma que sen a participaci\u00f3n do Partido Comunista de Espa\u00f1a o acordo que deu lugar \u00e1 Constituci\u00f3n Espa\u00f1ola ser\u00eda imposible. Do mesmo xeito que hoxe non se cuestiona o ep\u00edteto de \u201csocialcomunista\u201d lanzado contra o Goberno, entendo que non ser\u00eda obxectable referirse \u00e1 CE en termos dunha constituci\u00f3n \u201csocialcomunista\u201d. Agora mesmo, por\u00e9n, non son quen de imaxinar iso, \u00e9 dicir, esa situaci\u00f3n na que a opini\u00f3n p\u00fablica aceptase con normalidade a s\u00faa orixe socialcomunista. Pero, en cambio, non vexo ning\u00fan problema en trazar unha estratexia na que ademais da operaci\u00f3n de acoso ao Goberno do que se trata con ese uso, contra a historia, do adxectivo comunista, \u00e9 facer imposible toda participaci\u00f3n de calquera partido comunista na competici\u00f3n pol\u00edtica democr\u00e1tica e mesmo borrar a pegada dos comunistas espa\u00f1ois no pasado s\u00e9culo.<\/p>\n\n\n\n<p>Est\u00e1 ben establecido que a estratexia negociadora dos comunistas na comisi\u00f3n constitucional estivo marcada polo repudio que a legalizaci\u00f3n do partido provocara na c\u00fapula militar e na extrema dereita. Fraga falou de \u201cverdadeiro golpe de Estado\u201d. A partir de a\u00ed renunciaron \u00e1 rep\u00fablica e romperon coa li\u00f1a de lexitimidade que obrigar\u00eda referendar a forma de Goberno. Argumentaban que a alternativa en xogo era ditadura ou democracia, non rep\u00fablica ou monarqu\u00eda. Ent\u00e9ndese que concederan tanto. Talmente facilitaron a restauraci\u00f3n borb\u00f3nica. A dereita deber\u00eda estar agradecida. Su\u00e1rez est\u00e1bao. Pero a dereita actual, polo que se ve, esqueceu isto e ten decidido romper co r\u00e9xime do 78, xustamente por socialcomunista, \u00e9 dicir, por ter sido intransixente na defensa de que non hai democracia sen, daquela, a participaci\u00f3n das masas obreiras, hoxe, sen a das masas en v\u00edas de ser convertidas en meras masas de datos xestionados por algoritmos sen paix\u00f3n pol\u00edtica.&nbsp;<\/p>\n","protected":false},"excerpt":{"rendered":"<div class=\"mh-excerpt\"><p>D\u00e9cadas despois de nos teren convencidos do fin do comunismo, escoitamos e lemos unha e outra vez que en Madrid goberna unha coalici\u00f3n socialcomunista. O Partido Comunista conta, en efecto, cunha das vinte carteiras ministeriais da coalici\u00f3n de goberno. Exercida, c\u00f3mpre dicilo, cunha brillante discreci\u00f3n <a class=\"mh-excerpt-more\" href=\"https:\/\/www.anovapeneira.gal\/index.php\/2020\/09\/22\/socialcomunismo\/\" title=\"Socialcomunismo\">[&#8230;]<\/a><\/p>\n<\/div>","protected":false},"author":8,"featured_media":584,"comment_status":"open","ping_status":"open","sticky":false,"template":"","format":"standard","meta":{"_exactmetrics_skip_tracking":false,"_exactmetrics_sitenote_active":false,"_exactmetrics_sitenote_note":"","_exactmetrics_sitenote_category":0,"footnotes":""},"categories":[7],"tags":[58],"class_list":{"0":"post-3952","1":"post","2":"type-post","3":"status-publish","4":"format-standard","5":"has-post-thumbnail","7":"category-artigos-de-opinion","8":"tag-opinion"},"yoast_head":"<!-- This site is optimized with the Yoast SEO plugin v27.4 - https:\/\/yoast.com\/product\/yoast-seo-wordpress\/ -->\n<title>Socialcomunismo -<\/title>\n<meta name=\"robots\" content=\"index, follow, max-snippet:-1, max-image-preview:large, max-video-preview:-1\" \/>\n<link rel=\"canonical\" href=\"https:\/\/www.anovapeneira.gal\/index.php\/2020\/09\/22\/socialcomunismo\/\" \/>\n<meta property=\"og:locale\" content=\"gl_ES\" \/>\n<meta property=\"og:type\" content=\"article\" \/>\n<meta property=\"og:title\" content=\"Socialcomunismo -\" \/>\n<meta property=\"og:description\" content=\"D\u00e9cadas despois de nos teren convencidos do fin do comunismo, escoitamos e lemos unha e outra vez que en Madrid goberna unha coalici\u00f3n socialcomunista. O Partido Comunista conta, en efecto, cunha das vinte carteiras ministeriais da coalici\u00f3n de goberno. Exercida, c\u00f3mpre dicilo, cunha brillante discreci\u00f3n [...]\" \/>\n<meta property=\"og:url\" content=\"https:\/\/www.anovapeneira.gal\/index.php\/2020\/09\/22\/socialcomunismo\/\" \/>\n<meta property=\"article:publisher\" content=\"https:\/\/www.facebook.com\/anovapeneira\" \/>\n<meta property=\"article:published_time\" content=\"2020-09-22T10:00:29+00:00\" \/>\n<meta property=\"og:image\" content=\"https:\/\/www.anovapeneira.gal\/wp-content\/uploads\/2019\/07\/ARTIGO_DE_OPINION_A_NOVA_PENEIRA.jpg\" \/>\n\t<meta property=\"og:image:width\" content=\"720\" \/>\n\t<meta property=\"og:image:height\" content=\"473\" \/>\n\t<meta property=\"og:image:type\" content=\"image\/jpeg\" \/>\n<meta name=\"author\" content=\"\u00c1ngel P\u00e9rez\" \/>\n<meta name=\"twitter:card\" content=\"summary_large_image\" \/>\n<meta name=\"twitter:creator\" content=\"@APeneira\" \/>\n<meta name=\"twitter:site\" content=\"@APeneira\" \/>\n<meta name=\"twitter:label1\" content=\"Escrito por\" \/>\n\t<meta name=\"twitter:data1\" content=\"\u00c1ngel P\u00e9rez\" \/>\n\t<meta name=\"twitter:label2\" content=\"Tempo de lectura\" \/>\n\t<meta name=\"twitter:data2\" content=\"3 minutos\" \/>\n<script type=\"application\/ld+json\" class=\"yoast-schema-graph\">{\"@context\":\"https:\\\/\\\/schema.org\",\"@graph\":[{\"@type\":\"Article\",\"@id\":\"https:\\\/\\\/www.anovapeneira.gal\\\/index.php\\\/2020\\\/09\\\/22\\\/socialcomunismo\\\/#article\",\"isPartOf\":{\"@id\":\"https:\\\/\\\/www.anovapeneira.gal\\\/index.php\\\/2020\\\/09\\\/22\\\/socialcomunismo\\\/\"},\"author\":{\"name\":\"\u00c1ngel P\u00e9rez\",\"@id\":\"https:\\\/\\\/www.anovapeneira.gal\\\/#\\\/schema\\\/person\\\/543553d7ccdfab890794083490053806\"},\"headline\":\"Socialcomunismo\",\"datePublished\":\"2020-09-22T10:00:29+00:00\",\"mainEntityOfPage\":{\"@id\":\"https:\\\/\\\/www.anovapeneira.gal\\\/index.php\\\/2020\\\/09\\\/22\\\/socialcomunismo\\\/\"},\"wordCount\":528,\"commentCount\":0,\"publisher\":{\"@id\":\"https:\\\/\\\/www.anovapeneira.gal\\\/#organization\"},\"image\":{\"@id\":\"https:\\\/\\\/www.anovapeneira.gal\\\/index.php\\\/2020\\\/09\\\/22\\\/socialcomunismo\\\/#primaryimage\"},\"thumbnailUrl\":\"https:\\\/\\\/www.anovapeneira.gal\\\/wp-content\\\/uploads\\\/2019\\\/07\\\/ARTIGO_DE_OPINION_A_NOVA_PENEIRA.jpg\",\"keywords\":[\"Opini\u00f3n\"],\"articleSection\":[\"Artigos de opini\u00f3n\"],\"inLanguage\":\"gl-ES\",\"potentialAction\":[{\"@type\":\"CommentAction\",\"name\":\"Comment\",\"target\":[\"https:\\\/\\\/www.anovapeneira.gal\\\/index.php\\\/2020\\\/09\\\/22\\\/socialcomunismo\\\/#respond\"]}]},{\"@type\":\"WebPage\",\"@id\":\"https:\\\/\\\/www.anovapeneira.gal\\\/index.php\\\/2020\\\/09\\\/22\\\/socialcomunismo\\\/\",\"url\":\"https:\\\/\\\/www.anovapeneira.gal\\\/index.php\\\/2020\\\/09\\\/22\\\/socialcomunismo\\\/\",\"name\":\"Socialcomunismo -\",\"isPartOf\":{\"@id\":\"https:\\\/\\\/www.anovapeneira.gal\\\/#website\"},\"primaryImageOfPage\":{\"@id\":\"https:\\\/\\\/www.anovapeneira.gal\\\/index.php\\\/2020\\\/09\\\/22\\\/socialcomunismo\\\/#primaryimage\"},\"image\":{\"@id\":\"https:\\\/\\\/www.anovapeneira.gal\\\/index.php\\\/2020\\\/09\\\/22\\\/socialcomunismo\\\/#primaryimage\"},\"thumbnailUrl\":\"https:\\\/\\\/www.anovapeneira.gal\\\/wp-content\\\/uploads\\\/2019\\\/07\\\/ARTIGO_DE_OPINION_A_NOVA_PENEIRA.jpg\",\"datePublished\":\"2020-09-22T10:00:29+00:00\",\"breadcrumb\":{\"@id\":\"https:\\\/\\\/www.anovapeneira.gal\\\/index.php\\\/2020\\\/09\\\/22\\\/socialcomunismo\\\/#breadcrumb\"},\"inLanguage\":\"gl-ES\",\"potentialAction\":[{\"@type\":\"ReadAction\",\"target\":[\"https:\\\/\\\/www.anovapeneira.gal\\\/index.php\\\/2020\\\/09\\\/22\\\/socialcomunismo\\\/\"]}]},{\"@type\":\"ImageObject\",\"inLanguage\":\"gl-ES\",\"@id\":\"https:\\\/\\\/www.anovapeneira.gal\\\/index.php\\\/2020\\\/09\\\/22\\\/socialcomunismo\\\/#primaryimage\",\"url\":\"https:\\\/\\\/www.anovapeneira.gal\\\/wp-content\\\/uploads\\\/2019\\\/07\\\/ARTIGO_DE_OPINION_A_NOVA_PENEIRA.jpg\",\"contentUrl\":\"https:\\\/\\\/www.anovapeneira.gal\\\/wp-content\\\/uploads\\\/2019\\\/07\\\/ARTIGO_DE_OPINION_A_NOVA_PENEIRA.jpg\",\"width\":720,\"height\":473,\"caption\":\"Artigo de opini\u00f3n A Nova Peneira\"},{\"@type\":\"BreadcrumbList\",\"@id\":\"https:\\\/\\\/www.anovapeneira.gal\\\/index.php\\\/2020\\\/09\\\/22\\\/socialcomunismo\\\/#breadcrumb\",\"itemListElement\":[{\"@type\":\"ListItem\",\"position\":1,\"name\":\"Portada\",\"item\":\"https:\\\/\\\/www.anovapeneira.gal\\\/\"},{\"@type\":\"ListItem\",\"position\":2,\"name\":\"Socialcomunismo\"}]},{\"@type\":\"WebSite\",\"@id\":\"https:\\\/\\\/www.anovapeneira.gal\\\/#website\",\"url\":\"https:\\\/\\\/www.anovapeneira.gal\\\/\",\"name\":\"\",\"description\":\"Xornal galego de informaci\u00f3n xeral Publicaci\u00f3n mensual de novas de Galicia e en especial dos Concellos da sur da provincia de Pontevedra.\",\"publisher\":{\"@id\":\"https:\\\/\\\/www.anovapeneira.gal\\\/#organization\"},\"potentialAction\":[{\"@type\":\"SearchAction\",\"target\":{\"@type\":\"EntryPoint\",\"urlTemplate\":\"https:\\\/\\\/www.anovapeneira.gal\\\/?s={search_term_string}\"},\"query-input\":{\"@type\":\"PropertyValueSpecification\",\"valueRequired\":true,\"valueName\":\"search_term_string\"}}],\"inLanguage\":\"gl-ES\"},{\"@type\":\"Organization\",\"@id\":\"https:\\\/\\\/www.anovapeneira.gal\\\/#organization\",\"name\":\"A Nova Peneira\",\"url\":\"https:\\\/\\\/www.anovapeneira.gal\\\/\",\"logo\":{\"@type\":\"ImageObject\",\"inLanguage\":\"gl-ES\",\"@id\":\"https:\\\/\\\/www.anovapeneira.gal\\\/#\\\/schema\\\/logo\\\/image\\\/\",\"url\":\"http:\\\/\\\/www.anovapeneira.gal\\\/wp-content\\\/uploads\\\/2019\\\/06\\\/logo_a_nova_peneira_portal_web.png\",\"contentUrl\":\"http:\\\/\\\/www.anovapeneira.gal\\\/wp-content\\\/uploads\\\/2019\\\/06\\\/logo_a_nova_peneira_portal_web.png\",\"width\":300,\"height\":100,\"caption\":\"A Nova Peneira\"},\"image\":{\"@id\":\"https:\\\/\\\/www.anovapeneira.gal\\\/#\\\/schema\\\/logo\\\/image\\\/\"},\"sameAs\":[\"https:\\\/\\\/www.facebook.com\\\/anovapeneira\",\"https:\\\/\\\/x.com\\\/APeneira\"]},{\"@type\":\"Person\",\"@id\":\"https:\\\/\\\/www.anovapeneira.gal\\\/#\\\/schema\\\/person\\\/543553d7ccdfab890794083490053806\",\"name\":\"\u00c1ngel P\u00e9rez\",\"image\":{\"@type\":\"ImageObject\",\"inLanguage\":\"gl-ES\",\"@id\":\"https:\\\/\\\/secure.gravatar.com\\\/avatar\\\/580aa75bf5ea9261cd7e71b846c610fba6fc0c56ca0d17410b6602d0ce085267?s=96&d=mm&r=g\",\"url\":\"https:\\\/\\\/secure.gravatar.com\\\/avatar\\\/580aa75bf5ea9261cd7e71b846c610fba6fc0c56ca0d17410b6602d0ce085267?s=96&d=mm&r=g\",\"contentUrl\":\"https:\\\/\\\/secure.gravatar.com\\\/avatar\\\/580aa75bf5ea9261cd7e71b846c610fba6fc0c56ca0d17410b6602d0ce085267?s=96&d=mm&r=g\",\"caption\":\"\u00c1ngel P\u00e9rez\"},\"sameAs\":[\"http:\\\/\\\/www.anovapeneira.gal\\\/\"],\"url\":\"https:\\\/\\\/www.anovapeneira.gal\\\/index.php\\\/author\\\/opinionangelperez\\\/\"}]}<\/script>\n<!-- \/ Yoast SEO plugin. -->","yoast_head_json":{"title":"Socialcomunismo -","robots":{"index":"index","follow":"follow","max-snippet":"max-snippet:-1","max-image-preview":"max-image-preview:large","max-video-preview":"max-video-preview:-1"},"canonical":"https:\/\/www.anovapeneira.gal\/index.php\/2020\/09\/22\/socialcomunismo\/","og_locale":"gl_ES","og_type":"article","og_title":"Socialcomunismo -","og_description":"D\u00e9cadas despois de nos teren convencidos do fin do comunismo, escoitamos e lemos unha e outra vez que en Madrid goberna unha coalici\u00f3n socialcomunista. O Partido Comunista conta, en efecto, cunha das vinte carteiras ministeriais da coalici\u00f3n de goberno. Exercida, c\u00f3mpre dicilo, cunha brillante discreci\u00f3n [...]","og_url":"https:\/\/www.anovapeneira.gal\/index.php\/2020\/09\/22\/socialcomunismo\/","article_publisher":"https:\/\/www.facebook.com\/anovapeneira","article_published_time":"2020-09-22T10:00:29+00:00","og_image":[{"width":720,"height":473,"url":"https:\/\/www.anovapeneira.gal\/wp-content\/uploads\/2019\/07\/ARTIGO_DE_OPINION_A_NOVA_PENEIRA.jpg","type":"image\/jpeg"}],"author":"\u00c1ngel P\u00e9rez","twitter_card":"summary_large_image","twitter_creator":"@APeneira","twitter_site":"@APeneira","twitter_misc":{"Escrito por":"\u00c1ngel P\u00e9rez","Tempo de lectura":"3 minutos"},"schema":{"@context":"https:\/\/schema.org","@graph":[{"@type":"Article","@id":"https:\/\/www.anovapeneira.gal\/index.php\/2020\/09\/22\/socialcomunismo\/#article","isPartOf":{"@id":"https:\/\/www.anovapeneira.gal\/index.php\/2020\/09\/22\/socialcomunismo\/"},"author":{"name":"\u00c1ngel P\u00e9rez","@id":"https:\/\/www.anovapeneira.gal\/#\/schema\/person\/543553d7ccdfab890794083490053806"},"headline":"Socialcomunismo","datePublished":"2020-09-22T10:00:29+00:00","mainEntityOfPage":{"@id":"https:\/\/www.anovapeneira.gal\/index.php\/2020\/09\/22\/socialcomunismo\/"},"wordCount":528,"commentCount":0,"publisher":{"@id":"https:\/\/www.anovapeneira.gal\/#organization"},"image":{"@id":"https:\/\/www.anovapeneira.gal\/index.php\/2020\/09\/22\/socialcomunismo\/#primaryimage"},"thumbnailUrl":"https:\/\/www.anovapeneira.gal\/wp-content\/uploads\/2019\/07\/ARTIGO_DE_OPINION_A_NOVA_PENEIRA.jpg","keywords":["Opini\u00f3n"],"articleSection":["Artigos de opini\u00f3n"],"inLanguage":"gl-ES","potentialAction":[{"@type":"CommentAction","name":"Comment","target":["https:\/\/www.anovapeneira.gal\/index.php\/2020\/09\/22\/socialcomunismo\/#respond"]}]},{"@type":"WebPage","@id":"https:\/\/www.anovapeneira.gal\/index.php\/2020\/09\/22\/socialcomunismo\/","url":"https:\/\/www.anovapeneira.gal\/index.php\/2020\/09\/22\/socialcomunismo\/","name":"Socialcomunismo -","isPartOf":{"@id":"https:\/\/www.anovapeneira.gal\/#website"},"primaryImageOfPage":{"@id":"https:\/\/www.anovapeneira.gal\/index.php\/2020\/09\/22\/socialcomunismo\/#primaryimage"},"image":{"@id":"https:\/\/www.anovapeneira.gal\/index.php\/2020\/09\/22\/socialcomunismo\/#primaryimage"},"thumbnailUrl":"https:\/\/www.anovapeneira.gal\/wp-content\/uploads\/2019\/07\/ARTIGO_DE_OPINION_A_NOVA_PENEIRA.jpg","datePublished":"2020-09-22T10:00:29+00:00","breadcrumb":{"@id":"https:\/\/www.anovapeneira.gal\/index.php\/2020\/09\/22\/socialcomunismo\/#breadcrumb"},"inLanguage":"gl-ES","potentialAction":[{"@type":"ReadAction","target":["https:\/\/www.anovapeneira.gal\/index.php\/2020\/09\/22\/socialcomunismo\/"]}]},{"@type":"ImageObject","inLanguage":"gl-ES","@id":"https:\/\/www.anovapeneira.gal\/index.php\/2020\/09\/22\/socialcomunismo\/#primaryimage","url":"https:\/\/www.anovapeneira.gal\/wp-content\/uploads\/2019\/07\/ARTIGO_DE_OPINION_A_NOVA_PENEIRA.jpg","contentUrl":"https:\/\/www.anovapeneira.gal\/wp-content\/uploads\/2019\/07\/ARTIGO_DE_OPINION_A_NOVA_PENEIRA.jpg","width":720,"height":473,"caption":"Artigo de opini\u00f3n A Nova Peneira"},{"@type":"BreadcrumbList","@id":"https:\/\/www.anovapeneira.gal\/index.php\/2020\/09\/22\/socialcomunismo\/#breadcrumb","itemListElement":[{"@type":"ListItem","position":1,"name":"Portada","item":"https:\/\/www.anovapeneira.gal\/"},{"@type":"ListItem","position":2,"name":"Socialcomunismo"}]},{"@type":"WebSite","@id":"https:\/\/www.anovapeneira.gal\/#website","url":"https:\/\/www.anovapeneira.gal\/","name":"","description":"Xornal galego de informaci\u00f3n xeral Publicaci\u00f3n mensual de novas de Galicia e en especial dos Concellos da sur da provincia de Pontevedra.","publisher":{"@id":"https:\/\/www.anovapeneira.gal\/#organization"},"potentialAction":[{"@type":"SearchAction","target":{"@type":"EntryPoint","urlTemplate":"https:\/\/www.anovapeneira.gal\/?s={search_term_string}"},"query-input":{"@type":"PropertyValueSpecification","valueRequired":true,"valueName":"search_term_string"}}],"inLanguage":"gl-ES"},{"@type":"Organization","@id":"https:\/\/www.anovapeneira.gal\/#organization","name":"A Nova Peneira","url":"https:\/\/www.anovapeneira.gal\/","logo":{"@type":"ImageObject","inLanguage":"gl-ES","@id":"https:\/\/www.anovapeneira.gal\/#\/schema\/logo\/image\/","url":"http:\/\/www.anovapeneira.gal\/wp-content\/uploads\/2019\/06\/logo_a_nova_peneira_portal_web.png","contentUrl":"http:\/\/www.anovapeneira.gal\/wp-content\/uploads\/2019\/06\/logo_a_nova_peneira_portal_web.png","width":300,"height":100,"caption":"A Nova Peneira"},"image":{"@id":"https:\/\/www.anovapeneira.gal\/#\/schema\/logo\/image\/"},"sameAs":["https:\/\/www.facebook.com\/anovapeneira","https:\/\/x.com\/APeneira"]},{"@type":"Person","@id":"https:\/\/www.anovapeneira.gal\/#\/schema\/person\/543553d7ccdfab890794083490053806","name":"\u00c1ngel P\u00e9rez","image":{"@type":"ImageObject","inLanguage":"gl-ES","@id":"https:\/\/secure.gravatar.com\/avatar\/580aa75bf5ea9261cd7e71b846c610fba6fc0c56ca0d17410b6602d0ce085267?s=96&d=mm&r=g","url":"https:\/\/secure.gravatar.com\/avatar\/580aa75bf5ea9261cd7e71b846c610fba6fc0c56ca0d17410b6602d0ce085267?s=96&d=mm&r=g","contentUrl":"https:\/\/secure.gravatar.com\/avatar\/580aa75bf5ea9261cd7e71b846c610fba6fc0c56ca0d17410b6602d0ce085267?s=96&d=mm&r=g","caption":"\u00c1ngel P\u00e9rez"},"sameAs":["http:\/\/www.anovapeneira.gal\/"],"url":"https:\/\/www.anovapeneira.gal\/index.php\/author\/opinionangelperez\/"}]}},"jetpack_featured_media_url":"https:\/\/www.anovapeneira.gal\/wp-content\/uploads\/2019\/07\/ARTIGO_DE_OPINION_A_NOVA_PENEIRA.jpg","_links":{"self":[{"href":"https:\/\/www.anovapeneira.gal\/index.php\/wp-json\/wp\/v2\/posts\/3952","targetHints":{"allow":["GET"]}}],"collection":[{"href":"https:\/\/www.anovapeneira.gal\/index.php\/wp-json\/wp\/v2\/posts"}],"about":[{"href":"https:\/\/www.anovapeneira.gal\/index.php\/wp-json\/wp\/v2\/types\/post"}],"author":[{"embeddable":true,"href":"https:\/\/www.anovapeneira.gal\/index.php\/wp-json\/wp\/v2\/users\/8"}],"replies":[{"embeddable":true,"href":"https:\/\/www.anovapeneira.gal\/index.php\/wp-json\/wp\/v2\/comments?post=3952"}],"version-history":[{"count":1,"href":"https:\/\/www.anovapeneira.gal\/index.php\/wp-json\/wp\/v2\/posts\/3952\/revisions"}],"predecessor-version":[{"id":3954,"href":"https:\/\/www.anovapeneira.gal\/index.php\/wp-json\/wp\/v2\/posts\/3952\/revisions\/3954"}],"wp:featuredmedia":[{"embeddable":true,"href":"https:\/\/www.anovapeneira.gal\/index.php\/wp-json\/wp\/v2\/media\/584"}],"wp:attachment":[{"href":"https:\/\/www.anovapeneira.gal\/index.php\/wp-json\/wp\/v2\/media?parent=3952"}],"wp:term":[{"taxonomy":"category","embeddable":true,"href":"https:\/\/www.anovapeneira.gal\/index.php\/wp-json\/wp\/v2\/categories?post=3952"},{"taxonomy":"post_tag","embeddable":true,"href":"https:\/\/www.anovapeneira.gal\/index.php\/wp-json\/wp\/v2\/tags?post=3952"}],"curies":[{"name":"wp","href":"https:\/\/api.w.org\/{rel}","templated":true}]}}