{"id":3961,"date":"2020-09-23T12:00:45","date_gmt":"2020-09-23T10:00:45","guid":{"rendered":"http:\/\/www.anovapeneira.gal\/?p=3961"},"modified":"2020-09-21T12:08:08","modified_gmt":"2020-09-21T10:08:08","slug":"a-cidade-que-queremos-pontevedra","status":"publish","type":"post","link":"https:\/\/www.anovapeneira.gal\/index.php\/2020\/09\/23\/a-cidade-que-queremos-pontevedra\/","title":{"rendered":"[A Cidade que Queremos] PONTEVEDRA"},"content":{"rendered":"\n<pre class=\"wp-block-verse\"><strong>Crist\u00f3bal L\u00f3pez | Cordinador de Ecoloxistas en Acci\u00f3n R\u00edas Baixas<\/strong><\/pre>\n\n\n\n<p>Co gaio da Semana Europea da Mobilidade adicada a unha mobilidade sen emisi\u00f3ns, as ecoloxistas en acci\u00f3n estrenamos catro documentais sobre a mobilidade verde nascidades das R\u00edas Baixas: Pontevedra, Vilagarc\u00eda, Cangas e Vigo.<\/p>\n\n\n\n<p>Os documentais que&nbsp; realizamos no ver\u00e1n consisten nunha entrevista a un representante do correspondente goberno municipal e a colectivos do concello relacionados coa mobilidade sen fumes ou a accesibilidade. Aparecen as\u00ed o Fernando Lores alcalde de Pontevedra, Paola Mar\u00eda, concelleira de urbanismo de Vilagarc\u00eda e Xose Manuel Pazos, alcalde de Cangas (o alcalde de Vigo mudou de opini\u00f3n a \u00faltima hora e rexeitou participar). Participa tam\u00e9n en varios dos documentais a t\u00e9cnica de accesibilidade de COGAMI, as\u00ed como persoas asociadas aos colectivos ciclistas ou de movementos cidad\u00e1ns.<\/p>\n\n\n\n<p>Apostamos por potenciar a mobilidade activa e o transporte p\u00fablico, ademais de implantar zonas de cero emisi\u00f3ns para conseguir cidades sen emisi\u00f3ns. O apoio ao transporte p\u00fablico, dentro e f\u00f3ra das cidades, \u00e9 imprescindible para evitar o colapso das cidades, a contaminaci\u00f3n e loitar contra o cambio clim\u00e1tico. Reclamamos tam\u00e9n \u00e1s administraci\u00f3ns locais que realicen unha campa\u00f1a de concienciaci\u00f3n sobre a seguridade do transporte p\u00fanlico. A pesar de que non se atoparon brotes de&nbsp; contagios de&nbsp; COVID\u201319 relacionados con metros, buses, trens ou tranv\u00edas, estes medios consid\u00e9ranse lugares pouco seguros. As mensaxes sen fundamento cient\u00edfico lanzados por autoridades e medios de comunicaci\u00f3n indicando ao transporte p\u00fablico como un medio pouco seguro fixeron estragos. A suma de todo resultou nunha diminuci\u00f3n xeneralizada de persoas que utilizan o transporte p\u00fablico e un repunte do uso do coche. Se a tendencia contin\u00faa, \u00e9 moi probable que vexamos atascos moito m\u00e1is intensos e un aumento xeneralizado da contaminaci\u00f3n, con terribles consecuencias para a calidade do vida e a sa\u00fade p\u00fablica.<\/p>\n\n\n\n<p>\u00c9 tam\u00e9n alarmante a situaci\u00f3n do tren. A d\u00eda de hoxe, Renfe non volveu a po\u00f1er en marcha todos os seus servizos. Nin sequera li\u00f1as con obrigaci\u00f3n de servizo p\u00fablico recuperaron a s\u00faa frecuencia, o que caia m\u00e1is a\u00ednda o n\u00famero de persoas que utilizan os trens e que unha longa lista de cidades e pobos visen a\u00ednda m\u00e1is mermadas as s\u00faas conexi\u00f3ns. Unha pol\u00edtica que vai en direcci\u00f3n contraria \u00e1 transici\u00f3n ecol\u00f3xica.<\/p>\n\n\n\n<p>A f\u00f3rmula que propo\u00f1emos \u00e9 sinxela: <strong>p\u00e9s + pedais + transporte p\u00fablico + Zonas de Baixas Emisi\u00f3ns<\/strong> e, se \u00e9 posible,<strong> zonas de cero emisi\u00f3ns<\/strong>, de modo que os poucos coches que circulen sexan coches pouco contaminantes ou, a\u00ednda mellor, cero emisi\u00f3ns. Neste sentido destacamos a aposta de Pontevedra por unha cidade peonil libre de ru\u00eddos e fumes, unha cidade amable para a convivencia, unha cidade para todas. Pontevedra acadou confinar o coche e recuperar os espazos p\u00fablicos para a cidadan\u00eda. Con esta medida non s\u00f3 evita que aumente a contaminaci\u00f3n e as emisi\u00f3ns de gases de efecto invernadoiro, sen\u00f3n que ademais acadou un aire saudable.<\/p>\n\n\n\n<p>Esta proposta de restrinxir a entrada de coches \u00e1s cidades e unha repartici\u00f3n do espazo p\u00fablico m\u00e1is favorable para viandantes, ciclistas e transporte p\u00fablico est\u00e1 apoiada por m\u00e1is dun 80% da poboaci\u00f3n espa\u00f1ola, segundo unha enquisa realizada por YouGov. Tam\u00e9n m\u00e1is de 40 organizaci\u00f3ns da sociedade civil reclamaron nos \u00faltimos meses este tipo de cambios para as cidades.<\/p>\n\n\n\n<p>Reclamamos aos concellos que faciliten que a explosi\u00f3n ciclista que se produciu ao finalizar o confinamento se poida materializar nun aumento da mobilidade ciclista. Aprecianse esforzos neste sentido en Vilagarc\u00eda coa recente creaci\u00f3n de carris bici, ciclocarris ou sendas verdes. Esforzos que aplaudimos e que agardamos que te\u00f1an continuidade para que as cidades ciclabes sexan unha realidade.<\/p>\n\n\n\n<figure class=\"wp-block-embed-youtube wp-block-embed is-type-video is-provider-youtube wp-embed-aspect-16-9 wp-has-aspect-ratio\"><div class=\"wp-block-embed__wrapper\">\n <iframe loading=\"lazy\" title=\"[A Cidade que Queremos] PONTEVEDRA\" width=\"500\" height=\"281\" src=\"https:\/\/www.youtube.com\/embed\/eD0nSFV2YQM?feature=oembed\" frameborder=\"0\" allow=\"accelerometer; autoplay; clipboard-write; encrypted-media; gyroscope; picture-in-picture; web-share\" referrerpolicy=\"strict-origin-when-cross-origin\" allowfullscreen><\/iframe>\n<\/div><\/figure>\n","protected":false},"excerpt":{"rendered":"<div class=\"mh-excerpt\"><p>Co gaio da Semana Europea da Mobilidade adicada a unha mobilidade sen emisi\u00f3ns, as ecoloxistas en acci\u00f3n estrenamos catro documentais sobre a mobilidade verde nascidades das R\u00edas Baixas: Pontevedra, Vilagarc\u00eda, Cangas e Vigo <a class=\"mh-excerpt-more\" href=\"https:\/\/www.anovapeneira.gal\/index.php\/2020\/09\/23\/a-cidade-que-queremos-pontevedra\/\" title=\"[A Cidade que Queremos] PONTEVEDRA\">[&#8230;]<\/a><\/p>\n<\/div>","protected":false},"author":13,"featured_media":3963,"comment_status":"open","ping_status":"open","sticky":false,"template":"","format":"standard","meta":{"_exactmetrics_skip_tracking":false,"_exactmetrics_sitenote_active":false,"_exactmetrics_sitenote_note":"","_exactmetrics_sitenote_category":0,"footnotes":""},"categories":[26],"tags":[756],"class_list":{"0":"post-3961","1":"post","2":"type-post","3":"status-publish","4":"format-standard","5":"has-post-thumbnail","7":"category-pontevedra","8":"tag-concello-de-pontevedra"},"yoast_head":"<!-- This site is optimized with the Yoast SEO plugin v27.4 - https:\/\/yoast.com\/product\/yoast-seo-wordpress\/ -->\n<title>[A Cidade que Queremos] PONTEVEDRA -<\/title>\n<meta name=\"robots\" content=\"index, follow, max-snippet:-1, max-image-preview:large, max-video-preview:-1\" \/>\n<link rel=\"canonical\" href=\"https:\/\/www.anovapeneira.gal\/index.php\/2020\/09\/23\/a-cidade-que-queremos-pontevedra\/\" \/>\n<meta property=\"og:locale\" content=\"gl_ES\" \/>\n<meta property=\"og:type\" content=\"article\" \/>\n<meta property=\"og:title\" content=\"[A Cidade que Queremos] PONTEVEDRA -\" \/>\n<meta property=\"og:description\" content=\"Co gaio da Semana Europea da Mobilidade adicada a unha mobilidade sen emisi\u00f3ns, as ecoloxistas en acci\u00f3n estrenamos catro documentais sobre a mobilidade verde nascidades das R\u00edas Baixas: Pontevedra, Vilagarc\u00eda, Cangas e Vigo [...]\" \/>\n<meta property=\"og:url\" content=\"https:\/\/www.anovapeneira.gal\/index.php\/2020\/09\/23\/a-cidade-que-queremos-pontevedra\/\" \/>\n<meta property=\"article:publisher\" content=\"https:\/\/www.facebook.com\/anovapeneira\" \/>\n<meta property=\"article:published_time\" content=\"2020-09-23T10:00:45+00:00\" \/>\n<meta property=\"og:image\" content=\"https:\/\/www.anovapeneira.gal\/wp-content\/uploads\/2020\/09\/unha_cidade_para_todas.jpg\" \/>\n\t<meta property=\"og:image:width\" content=\"720\" \/>\n\t<meta property=\"og:image:height\" content=\"432\" \/>\n\t<meta property=\"og:image:type\" content=\"image\/jpeg\" \/>\n<meta name=\"author\" content=\"Cristobal L\u00f3pez\" \/>\n<meta name=\"twitter:card\" content=\"summary_large_image\" \/>\n<meta name=\"twitter:creator\" content=\"@APeneira\" \/>\n<meta name=\"twitter:site\" content=\"@APeneira\" \/>\n<meta name=\"twitter:label1\" content=\"Escrito por\" \/>\n\t<meta name=\"twitter:data1\" content=\"Cristobal L\u00f3pez\" \/>\n\t<meta name=\"twitter:label2\" content=\"Tempo de lectura\" \/>\n\t<meta name=\"twitter:data2\" content=\"3 minutos\" \/>\n<script type=\"application\/ld+json\" class=\"yoast-schema-graph\">{\"@context\":\"https:\\\/\\\/schema.org\",\"@graph\":[{\"@type\":\"Article\",\"@id\":\"https:\\\/\\\/www.anovapeneira.gal\\\/index.php\\\/2020\\\/09\\\/23\\\/a-cidade-que-queremos-pontevedra\\\/#article\",\"isPartOf\":{\"@id\":\"https:\\\/\\\/www.anovapeneira.gal\\\/index.php\\\/2020\\\/09\\\/23\\\/a-cidade-que-queremos-pontevedra\\\/\"},\"author\":{\"name\":\"Cristobal L\u00f3pez\",\"@id\":\"https:\\\/\\\/www.anovapeneira.gal\\\/#\\\/schema\\\/person\\\/45b3df2338e4d898b7616809f9c5906c\"},\"headline\":\"[A Cidade que Queremos] PONTEVEDRA\",\"datePublished\":\"2020-09-23T10:00:45+00:00\",\"mainEntityOfPage\":{\"@id\":\"https:\\\/\\\/www.anovapeneira.gal\\\/index.php\\\/2020\\\/09\\\/23\\\/a-cidade-que-queremos-pontevedra\\\/\"},\"wordCount\":665,\"commentCount\":0,\"publisher\":{\"@id\":\"https:\\\/\\\/www.anovapeneira.gal\\\/#organization\"},\"image\":{\"@id\":\"https:\\\/\\\/www.anovapeneira.gal\\\/index.php\\\/2020\\\/09\\\/23\\\/a-cidade-que-queremos-pontevedra\\\/#primaryimage\"},\"thumbnailUrl\":\"https:\\\/\\\/www.anovapeneira.gal\\\/wp-content\\\/uploads\\\/2020\\\/09\\\/unha_cidade_para_todas.jpg\",\"keywords\":[\"Concello de Pontevedra\"],\"articleSection\":[\"Pontevedra\"],\"inLanguage\":\"gl-ES\",\"potentialAction\":[{\"@type\":\"CommentAction\",\"name\":\"Comment\",\"target\":[\"https:\\\/\\\/www.anovapeneira.gal\\\/index.php\\\/2020\\\/09\\\/23\\\/a-cidade-que-queremos-pontevedra\\\/#respond\"]}]},{\"@type\":\"WebPage\",\"@id\":\"https:\\\/\\\/www.anovapeneira.gal\\\/index.php\\\/2020\\\/09\\\/23\\\/a-cidade-que-queremos-pontevedra\\\/\",\"url\":\"https:\\\/\\\/www.anovapeneira.gal\\\/index.php\\\/2020\\\/09\\\/23\\\/a-cidade-que-queremos-pontevedra\\\/\",\"name\":\"[A Cidade que Queremos] PONTEVEDRA -\",\"isPartOf\":{\"@id\":\"https:\\\/\\\/www.anovapeneira.gal\\\/#website\"},\"primaryImageOfPage\":{\"@id\":\"https:\\\/\\\/www.anovapeneira.gal\\\/index.php\\\/2020\\\/09\\\/23\\\/a-cidade-que-queremos-pontevedra\\\/#primaryimage\"},\"image\":{\"@id\":\"https:\\\/\\\/www.anovapeneira.gal\\\/index.php\\\/2020\\\/09\\\/23\\\/a-cidade-que-queremos-pontevedra\\\/#primaryimage\"},\"thumbnailUrl\":\"https:\\\/\\\/www.anovapeneira.gal\\\/wp-content\\\/uploads\\\/2020\\\/09\\\/unha_cidade_para_todas.jpg\",\"datePublished\":\"2020-09-23T10:00:45+00:00\",\"breadcrumb\":{\"@id\":\"https:\\\/\\\/www.anovapeneira.gal\\\/index.php\\\/2020\\\/09\\\/23\\\/a-cidade-que-queremos-pontevedra\\\/#breadcrumb\"},\"inLanguage\":\"gl-ES\",\"potentialAction\":[{\"@type\":\"ReadAction\",\"target\":[\"https:\\\/\\\/www.anovapeneira.gal\\\/index.php\\\/2020\\\/09\\\/23\\\/a-cidade-que-queremos-pontevedra\\\/\"]}]},{\"@type\":\"ImageObject\",\"inLanguage\":\"gl-ES\",\"@id\":\"https:\\\/\\\/www.anovapeneira.gal\\\/index.php\\\/2020\\\/09\\\/23\\\/a-cidade-que-queremos-pontevedra\\\/#primaryimage\",\"url\":\"https:\\\/\\\/www.anovapeneira.gal\\\/wp-content\\\/uploads\\\/2020\\\/09\\\/unha_cidade_para_todas.jpg\",\"contentUrl\":\"https:\\\/\\\/www.anovapeneira.gal\\\/wp-content\\\/uploads\\\/2020\\\/09\\\/unha_cidade_para_todas.jpg\",\"width\":720,\"height\":432,\"caption\":\"A Cidade que Queremos PONTEVEDRA\"},{\"@type\":\"BreadcrumbList\",\"@id\":\"https:\\\/\\\/www.anovapeneira.gal\\\/index.php\\\/2020\\\/09\\\/23\\\/a-cidade-que-queremos-pontevedra\\\/#breadcrumb\",\"itemListElement\":[{\"@type\":\"ListItem\",\"position\":1,\"name\":\"Portada\",\"item\":\"https:\\\/\\\/www.anovapeneira.gal\\\/\"},{\"@type\":\"ListItem\",\"position\":2,\"name\":\"[A Cidade que Queremos] PONTEVEDRA\"}]},{\"@type\":\"WebSite\",\"@id\":\"https:\\\/\\\/www.anovapeneira.gal\\\/#website\",\"url\":\"https:\\\/\\\/www.anovapeneira.gal\\\/\",\"name\":\"\",\"description\":\"Xornal galego de informaci\u00f3n xeral Publicaci\u00f3n mensual de novas de Galicia e en especial dos Concellos da sur da provincia de Pontevedra.\",\"publisher\":{\"@id\":\"https:\\\/\\\/www.anovapeneira.gal\\\/#organization\"},\"potentialAction\":[{\"@type\":\"SearchAction\",\"target\":{\"@type\":\"EntryPoint\",\"urlTemplate\":\"https:\\\/\\\/www.anovapeneira.gal\\\/?s={search_term_string}\"},\"query-input\":{\"@type\":\"PropertyValueSpecification\",\"valueRequired\":true,\"valueName\":\"search_term_string\"}}],\"inLanguage\":\"gl-ES\"},{\"@type\":\"Organization\",\"@id\":\"https:\\\/\\\/www.anovapeneira.gal\\\/#organization\",\"name\":\"A Nova Peneira\",\"url\":\"https:\\\/\\\/www.anovapeneira.gal\\\/\",\"logo\":{\"@type\":\"ImageObject\",\"inLanguage\":\"gl-ES\",\"@id\":\"https:\\\/\\\/www.anovapeneira.gal\\\/#\\\/schema\\\/logo\\\/image\\\/\",\"url\":\"http:\\\/\\\/www.anovapeneira.gal\\\/wp-content\\\/uploads\\\/2019\\\/06\\\/logo_a_nova_peneira_portal_web.png\",\"contentUrl\":\"http:\\\/\\\/www.anovapeneira.gal\\\/wp-content\\\/uploads\\\/2019\\\/06\\\/logo_a_nova_peneira_portal_web.png\",\"width\":300,\"height\":100,\"caption\":\"A Nova Peneira\"},\"image\":{\"@id\":\"https:\\\/\\\/www.anovapeneira.gal\\\/#\\\/schema\\\/logo\\\/image\\\/\"},\"sameAs\":[\"https:\\\/\\\/www.facebook.com\\\/anovapeneira\",\"https:\\\/\\\/x.com\\\/APeneira\"]},{\"@type\":\"Person\",\"@id\":\"https:\\\/\\\/www.anovapeneira.gal\\\/#\\\/schema\\\/person\\\/45b3df2338e4d898b7616809f9c5906c\",\"name\":\"Cristobal L\u00f3pez\",\"image\":{\"@type\":\"ImageObject\",\"inLanguage\":\"gl-ES\",\"@id\":\"https:\\\/\\\/secure.gravatar.com\\\/avatar\\\/b537cf06ef8166c9ef72b09f4d5f6446b1e22ea99505d94e40b8685710482f79?s=96&d=mm&r=g\",\"url\":\"https:\\\/\\\/secure.gravatar.com\\\/avatar\\\/b537cf06ef8166c9ef72b09f4d5f6446b1e22ea99505d94e40b8685710482f79?s=96&d=mm&r=g\",\"contentUrl\":\"https:\\\/\\\/secure.gravatar.com\\\/avatar\\\/b537cf06ef8166c9ef72b09f4d5f6446b1e22ea99505d94e40b8685710482f79?s=96&d=mm&r=g\",\"caption\":\"Cristobal L\u00f3pez\"},\"sameAs\":[\"http:\\\/\\\/anovapeneira.gal\"],\"url\":\"https:\\\/\\\/www.anovapeneira.gal\\\/index.php\\\/author\\\/opinioncristoballopez\\\/\"}]}<\/script>\n<!-- \/ Yoast SEO plugin. -->","yoast_head_json":{"title":"[A Cidade que Queremos] PONTEVEDRA -","robots":{"index":"index","follow":"follow","max-snippet":"max-snippet:-1","max-image-preview":"max-image-preview:large","max-video-preview":"max-video-preview:-1"},"canonical":"https:\/\/www.anovapeneira.gal\/index.php\/2020\/09\/23\/a-cidade-que-queremos-pontevedra\/","og_locale":"gl_ES","og_type":"article","og_title":"[A Cidade que Queremos] PONTEVEDRA -","og_description":"Co gaio da Semana Europea da Mobilidade adicada a unha mobilidade sen emisi\u00f3ns, as ecoloxistas en acci\u00f3n estrenamos catro documentais sobre a mobilidade verde nascidades das R\u00edas Baixas: Pontevedra, Vilagarc\u00eda, Cangas e Vigo [...]","og_url":"https:\/\/www.anovapeneira.gal\/index.php\/2020\/09\/23\/a-cidade-que-queremos-pontevedra\/","article_publisher":"https:\/\/www.facebook.com\/anovapeneira","article_published_time":"2020-09-23T10:00:45+00:00","og_image":[{"width":720,"height":432,"url":"https:\/\/www.anovapeneira.gal\/wp-content\/uploads\/2020\/09\/unha_cidade_para_todas.jpg","type":"image\/jpeg"}],"author":"Cristobal L\u00f3pez","twitter_card":"summary_large_image","twitter_creator":"@APeneira","twitter_site":"@APeneira","twitter_misc":{"Escrito por":"Cristobal L\u00f3pez","Tempo de lectura":"3 minutos"},"schema":{"@context":"https:\/\/schema.org","@graph":[{"@type":"Article","@id":"https:\/\/www.anovapeneira.gal\/index.php\/2020\/09\/23\/a-cidade-que-queremos-pontevedra\/#article","isPartOf":{"@id":"https:\/\/www.anovapeneira.gal\/index.php\/2020\/09\/23\/a-cidade-que-queremos-pontevedra\/"},"author":{"name":"Cristobal L\u00f3pez","@id":"https:\/\/www.anovapeneira.gal\/#\/schema\/person\/45b3df2338e4d898b7616809f9c5906c"},"headline":"[A Cidade que Queremos] PONTEVEDRA","datePublished":"2020-09-23T10:00:45+00:00","mainEntityOfPage":{"@id":"https:\/\/www.anovapeneira.gal\/index.php\/2020\/09\/23\/a-cidade-que-queremos-pontevedra\/"},"wordCount":665,"commentCount":0,"publisher":{"@id":"https:\/\/www.anovapeneira.gal\/#organization"},"image":{"@id":"https:\/\/www.anovapeneira.gal\/index.php\/2020\/09\/23\/a-cidade-que-queremos-pontevedra\/#primaryimage"},"thumbnailUrl":"https:\/\/www.anovapeneira.gal\/wp-content\/uploads\/2020\/09\/unha_cidade_para_todas.jpg","keywords":["Concello de Pontevedra"],"articleSection":["Pontevedra"],"inLanguage":"gl-ES","potentialAction":[{"@type":"CommentAction","name":"Comment","target":["https:\/\/www.anovapeneira.gal\/index.php\/2020\/09\/23\/a-cidade-que-queremos-pontevedra\/#respond"]}]},{"@type":"WebPage","@id":"https:\/\/www.anovapeneira.gal\/index.php\/2020\/09\/23\/a-cidade-que-queremos-pontevedra\/","url":"https:\/\/www.anovapeneira.gal\/index.php\/2020\/09\/23\/a-cidade-que-queremos-pontevedra\/","name":"[A Cidade que Queremos] PONTEVEDRA -","isPartOf":{"@id":"https:\/\/www.anovapeneira.gal\/#website"},"primaryImageOfPage":{"@id":"https:\/\/www.anovapeneira.gal\/index.php\/2020\/09\/23\/a-cidade-que-queremos-pontevedra\/#primaryimage"},"image":{"@id":"https:\/\/www.anovapeneira.gal\/index.php\/2020\/09\/23\/a-cidade-que-queremos-pontevedra\/#primaryimage"},"thumbnailUrl":"https:\/\/www.anovapeneira.gal\/wp-content\/uploads\/2020\/09\/unha_cidade_para_todas.jpg","datePublished":"2020-09-23T10:00:45+00:00","breadcrumb":{"@id":"https:\/\/www.anovapeneira.gal\/index.php\/2020\/09\/23\/a-cidade-que-queremos-pontevedra\/#breadcrumb"},"inLanguage":"gl-ES","potentialAction":[{"@type":"ReadAction","target":["https:\/\/www.anovapeneira.gal\/index.php\/2020\/09\/23\/a-cidade-que-queremos-pontevedra\/"]}]},{"@type":"ImageObject","inLanguage":"gl-ES","@id":"https:\/\/www.anovapeneira.gal\/index.php\/2020\/09\/23\/a-cidade-que-queremos-pontevedra\/#primaryimage","url":"https:\/\/www.anovapeneira.gal\/wp-content\/uploads\/2020\/09\/unha_cidade_para_todas.jpg","contentUrl":"https:\/\/www.anovapeneira.gal\/wp-content\/uploads\/2020\/09\/unha_cidade_para_todas.jpg","width":720,"height":432,"caption":"A Cidade que Queremos PONTEVEDRA"},{"@type":"BreadcrumbList","@id":"https:\/\/www.anovapeneira.gal\/index.php\/2020\/09\/23\/a-cidade-que-queremos-pontevedra\/#breadcrumb","itemListElement":[{"@type":"ListItem","position":1,"name":"Portada","item":"https:\/\/www.anovapeneira.gal\/"},{"@type":"ListItem","position":2,"name":"[A Cidade que Queremos] PONTEVEDRA"}]},{"@type":"WebSite","@id":"https:\/\/www.anovapeneira.gal\/#website","url":"https:\/\/www.anovapeneira.gal\/","name":"","description":"Xornal galego de informaci\u00f3n xeral Publicaci\u00f3n mensual de novas de Galicia e en especial dos Concellos da sur da provincia de Pontevedra.","publisher":{"@id":"https:\/\/www.anovapeneira.gal\/#organization"},"potentialAction":[{"@type":"SearchAction","target":{"@type":"EntryPoint","urlTemplate":"https:\/\/www.anovapeneira.gal\/?s={search_term_string}"},"query-input":{"@type":"PropertyValueSpecification","valueRequired":true,"valueName":"search_term_string"}}],"inLanguage":"gl-ES"},{"@type":"Organization","@id":"https:\/\/www.anovapeneira.gal\/#organization","name":"A Nova Peneira","url":"https:\/\/www.anovapeneira.gal\/","logo":{"@type":"ImageObject","inLanguage":"gl-ES","@id":"https:\/\/www.anovapeneira.gal\/#\/schema\/logo\/image\/","url":"http:\/\/www.anovapeneira.gal\/wp-content\/uploads\/2019\/06\/logo_a_nova_peneira_portal_web.png","contentUrl":"http:\/\/www.anovapeneira.gal\/wp-content\/uploads\/2019\/06\/logo_a_nova_peneira_portal_web.png","width":300,"height":100,"caption":"A Nova Peneira"},"image":{"@id":"https:\/\/www.anovapeneira.gal\/#\/schema\/logo\/image\/"},"sameAs":["https:\/\/www.facebook.com\/anovapeneira","https:\/\/x.com\/APeneira"]},{"@type":"Person","@id":"https:\/\/www.anovapeneira.gal\/#\/schema\/person\/45b3df2338e4d898b7616809f9c5906c","name":"Cristobal L\u00f3pez","image":{"@type":"ImageObject","inLanguage":"gl-ES","@id":"https:\/\/secure.gravatar.com\/avatar\/b537cf06ef8166c9ef72b09f4d5f6446b1e22ea99505d94e40b8685710482f79?s=96&d=mm&r=g","url":"https:\/\/secure.gravatar.com\/avatar\/b537cf06ef8166c9ef72b09f4d5f6446b1e22ea99505d94e40b8685710482f79?s=96&d=mm&r=g","contentUrl":"https:\/\/secure.gravatar.com\/avatar\/b537cf06ef8166c9ef72b09f4d5f6446b1e22ea99505d94e40b8685710482f79?s=96&d=mm&r=g","caption":"Cristobal L\u00f3pez"},"sameAs":["http:\/\/anovapeneira.gal"],"url":"https:\/\/www.anovapeneira.gal\/index.php\/author\/opinioncristoballopez\/"}]}},"jetpack_featured_media_url":"https:\/\/www.anovapeneira.gal\/wp-content\/uploads\/2020\/09\/unha_cidade_para_todas.jpg","_links":{"self":[{"href":"https:\/\/www.anovapeneira.gal\/index.php\/wp-json\/wp\/v2\/posts\/3961","targetHints":{"allow":["GET"]}}],"collection":[{"href":"https:\/\/www.anovapeneira.gal\/index.php\/wp-json\/wp\/v2\/posts"}],"about":[{"href":"https:\/\/www.anovapeneira.gal\/index.php\/wp-json\/wp\/v2\/types\/post"}],"author":[{"embeddable":true,"href":"https:\/\/www.anovapeneira.gal\/index.php\/wp-json\/wp\/v2\/users\/13"}],"replies":[{"embeddable":true,"href":"https:\/\/www.anovapeneira.gal\/index.php\/wp-json\/wp\/v2\/comments?post=3961"}],"version-history":[{"count":1,"href":"https:\/\/www.anovapeneira.gal\/index.php\/wp-json\/wp\/v2\/posts\/3961\/revisions"}],"predecessor-version":[{"id":3964,"href":"https:\/\/www.anovapeneira.gal\/index.php\/wp-json\/wp\/v2\/posts\/3961\/revisions\/3964"}],"wp:featuredmedia":[{"embeddable":true,"href":"https:\/\/www.anovapeneira.gal\/index.php\/wp-json\/wp\/v2\/media\/3963"}],"wp:attachment":[{"href":"https:\/\/www.anovapeneira.gal\/index.php\/wp-json\/wp\/v2\/media?parent=3961"}],"wp:term":[{"taxonomy":"category","embeddable":true,"href":"https:\/\/www.anovapeneira.gal\/index.php\/wp-json\/wp\/v2\/categories?post=3961"},{"taxonomy":"post_tag","embeddable":true,"href":"https:\/\/www.anovapeneira.gal\/index.php\/wp-json\/wp\/v2\/tags?post=3961"}],"curies":[{"name":"wp","href":"https:\/\/api.w.org\/{rel}","templated":true}]}}