{"id":3989,"date":"2020-09-28T10:00:08","date_gmt":"2020-09-28T08:00:08","guid":{"rendered":"http:\/\/www.anovapeneira.gal\/?p=3989"},"modified":"2020-09-26T19:57:01","modified_gmt":"2020-09-26T17:57:01","slug":"ruben-perez-voceiro-da-marea-de-vigo","status":"publish","type":"post","link":"https:\/\/www.anovapeneira.gal\/index.php\/2020\/09\/28\/ruben-perez-voceiro-da-marea-de-vigo\/","title":{"rendered":"Rub\u00e9n P\u00e9rez voceiro da Marea de Vigo"},"content":{"rendered":"\n<h2 class=\"wp-block-heading\"><strong>Rub\u00e9n \u00e9 o voceiro da marea de Vigo e secretario de organizaci\u00f3n de Esquerda Unida. Acheg\u00e1monos ata o concello da cidade ol\u00edvica a conversar con el, e co\u00f1ecer a s\u00faa valoraci\u00f3n da situaci\u00f3n pol\u00edtica actual. Vela\u00ed vai o que deu de si a nosa charla<\/strong><\/h2>\n\n\n\n<p>\u201c<strong>O CONCELLO DE VIGO E A XUNTA LIBRAN UNHA BATALLA ABSURDA SOBRE AS COMPETENCIAS EN LUGAR DE OCUPARSE DAS URXENCIAS\u201d<\/strong><\/p>\n\n\n\n<p><strong>Hai tempo que non ti\u00f1amos ocasi\u00f3n de falar. Como che vai a vida, Rub\u00e9n?<\/strong><\/p>\n\n\n\n<blockquote class=\"wp-block-quote is-layout-flow wp-block-quote-is-layout-flow\"><p>Eu creo que a resposta exacta \u00e9 trepidante. Vivimos tantos tan intensos procesos pol\u00edticos en tan pouco tempo, que considero que ese adxectivo \u00e9 o que mellor a define<\/p><\/blockquote>\n\n\n\n<p><strong>Agora imos ter, en principio, un longo per\u00edodo sen procesos electorais?<\/strong><\/p>\n\n\n\n<blockquote class=\"wp-block-quote is-layout-flow wp-block-quote-is-layout-flow\"><p>Si, pero a situaci\u00f3n pol\u00edtica \u00e9 moi cr\u00edtica e a crecente ocupaci\u00f3n do discurso social por parte da ultradereita \u00e9 enormemente preocupante<\/p><\/blockquote>\n\n\n\n<p><strong>A crispaci\u00f3n e violencia verbal que se percibe pola r\u00faa por parte dese espazo que mencionas est\u00e1 nuns niveis elevad\u00edsimos creo eu<\/strong><\/p>\n\n\n\n<blockquote class=\"wp-block-quote is-layout-flow wp-block-quote-is-layout-flow\"><p>Que me vas contar a min que te\u00f1o sufrido ameazas pola r\u00faa<\/p><\/blockquote>\n\n\n\n<p><strong>Contra a t\u00faa propia persoa?<\/strong><\/p>\n\n\n\n<blockquote class=\"wp-block-quote is-layout-flow wp-block-quote-is-layout-flow\"><p>A min pola r\u00faa t\u00e9\u00f1enme chamado \u201cRojo de mierda\u201d..e cousas peores. Esa \u00e9 a t\u00f3nica xeral, pero hai determinados debates que se est\u00e1n colando, como por exemplo o tema dos ocupas, que ser\u00edan impensables se non existise este magma do discurso de extrema dereita. O acoso que est\u00e1n a sufrir determinados membros do goberno non se parece en nada a outras situaci\u00f3ns da nosa historia recente. Ten unha profundidade enorme e \u00e9 unha estratexia consciente. O acoso que est\u00e1 a sufrir Pablo Iglesias en concreto, non o sufriron dirixentes comunistas no franquismo na clandestinidade<\/p><\/blockquote>\n\n\n\n<p><strong>Xa que falas do tema dos ocupas. Neste mesmo xornal, entrevistamos \u00e1 subdelegada do goberno e di que ese suposto problema, en realidade, non existe<\/strong><\/p>\n\n\n\n<blockquote class=\"wp-block-quote is-layout-flow wp-block-quote-is-layout-flow\"><p>\u00c9 que \u00e9 as\u00ed. Non existe<\/p><\/blockquote>\n\n\n\n<p><strong>Temos que falar da situaci\u00f3n sanitaria. Cal \u00e9 a t\u00faa valoraci\u00f3n?<\/strong><\/p>\n\n\n\n<blockquote class=\"wp-block-quote is-layout-flow wp-block-quote-is-layout-flow\"><p>O triunfalismo tanto da Xunta como do Concello non se sost\u00e9n. Os datos de Galicia son malos e os da nosa cidade son tam\u00e9n malos. E a Xunta, que ten a responsabilidade sanitaria, mant\u00e9n unha actitude absolutamente neglixente eludindo responsabilidades no goberno do estado e nos concellos.<\/p><\/blockquote>\n\n\n\n<p><strong>Dic\u00edame un mestre amigo meu que estaba \u201c acojonado\u201d pola volta a clase porque o protocolo que lles pasou a Xunta \u00e9 basicamente: s\u00e1lvese quen poida<\/strong><\/p>\n\n\n\n<blockquote class=\"wp-block-quote is-layout-flow wp-block-quote-is-layout-flow\"><p>Estou de acordo co teu amigo. A preocupaci\u00f3n sobre este tema \u00e9 enorme, e para os que temos fillas e fillos m\u00e1is a\u00ednda. O concello de Vigo e a Xunta libran unha batalla absurda sobre as competencias no canto de preocuparse das urxencias. E nesa batalla perden os colexios. Tam\u00e9n quixera salientar a diferencia entre o exemplo dos colexios p\u00fablicos e o desastre dos colexios privados relixiosos cuxos protocolos son lamentables.<\/p><\/blockquote>\n\n\n\n<p><strong>Agardo que pronto poida haber unha vacina, pero o devir dos acontecementos, neste tema capital para a humanidade, \u00e9 tan decepcionante, xa que se percibe competencia por acadar un segmento maior de negocio en lugar de cooperaci\u00f3n, que a sensaci\u00f3n que me provoca e constatar o noso fracaso como especie<\/strong><\/p>\n\n\n\n<blockquote class=\"wp-block-quote is-layout-flow wp-block-quote-is-layout-flow\"><p>A pandemia \u00e9 un exemplo evidente de crise sist\u00e9mica. O funcionamento da OMS e da industria farmac\u00e9utica non fan m\u00e1is que reforzar esa situaci\u00f3n. O \u00fanico pa\u00eds que manifestou a s\u00faa intenci\u00f3n de ofrecer a s\u00faa vacina de maneira gratu\u00edta \u00e9 Cuba. E a propia OMS di que non pode haber vacina de balde\u00a1\u00a1.A situaci\u00f3n \u00e9 enormemente grave acrecentada por unha crise ambiental que pode levar ao noso planeta ao borde do caos<\/p><\/blockquote>\n\n\n\n<p><strong>A sensibilidade ambiental para conservar o \u00fanico planeta que temos semella que \u00e9 cada vez maior, pero na nos a cidade seica \u00e9 m\u00e1is importante acender unha millonada de luces de cores<\/strong><\/p>\n\n\n\n<blockquote class=\"wp-block-quote is-layout-flow wp-block-quote-is-layout-flow\"><p>Ben, pois parece que \u00e9 a \u00fanica marca que pode amosar o goberno municipal. E por desgraza esa manifestaci\u00f3n de frikismo cada vez ten m\u00e1is imitadores. Eu creo que o tema das luces de nadal de Vigo, xa cheira a caduco<\/p><\/blockquote>\n\n\n\n<p><strong>En Vigo hai pobres?<\/strong><\/p>\n\n\n\n<blockquote class=\"wp-block-quote is-layout-flow wp-block-quote-is-layout-flow\"><p>Vigo \u00e9 a cidade con m\u00e1is pobres de Galicia<\/p><\/blockquote>\n\n\n\n<p><strong>O goberno de Abel Caballero fai o suficiente para atender as necesidades dos segmentos m\u00e1is vulnerables da poboaci\u00f3n?<\/strong><\/p>\n\n\n\n<blockquote class=\"wp-block-quote is-layout-flow wp-block-quote-is-layout-flow\"><p>Non, rotundamente non. Os datos fiscalizados polo ministerio de facenda din que Vigo inviste pouco m\u00e1is de 50\u20ac por habitante , fronte por exemplo a Lugo que inviste 90 ou Coru\u00f1a que inviste 112.Somos unha das cidades cun gasto social per capita m\u00e1is baixo.<\/p><\/blockquote>\n\n\n\n<p><strong>Por que non se ven eses datos?<\/strong><\/p>\n\n\n\n<blockquote class=\"wp-block-quote is-layout-flow wp-block-quote-is-layout-flow\"><p>Porque Caballero ten un emporio medi\u00e1tico ga\u00f1ado a golpe de talonario. As maior\u00edas absolutas constr\u00faense con moit\u00edsimos instrumentos<\/p><\/blockquote>\n\n\n\n<p><strong>Cal \u00e9 a vosa posici\u00f3n en relaci\u00f3n co tema dos remanentes do Concellos?<\/strong><\/p>\n\n\n\n<blockquote class=\"wp-block-quote is-layout-flow wp-block-quote-is-layout-flow\"><p>A proposta inicial do ministerio de facenda era inasumible. O PP que foi quen orixinou esa situaci\u00f3n coa lei Montoro, parec\u00eda o grande defensor dos municipios. N\u00f3s xa dixemos, malia as modificaci\u00f3ns, que ese decreto \u00eda ser imposible ga\u00f1alo no congreso, e a\u00ednda as\u00ed o ministerio de facenda e Abel Caballero decidiron levalo e escacharse. Agora haber\u00e1 que p\u00f3r unha nova proposta enriba da mesa<\/p><\/blockquote>\n\n\n\n<p><strong>Utilizar o 100% dos remanentes?<\/strong><\/p>\n\n\n\n<blockquote class=\"wp-block-quote is-layout-flow wp-block-quote-is-layout-flow\"><p>Te\u00f1o d\u00fabidas. Antes de gastar os remanentes hai que derrogar a lei. A lectura, ao meu xu\u00edzo \u00e9 que o alcalde de Vigo non pode ser presidente da FEMP e que o ministerio de facenda non pode facer unha proposta sen consenso.<\/p><\/blockquote>\n\n\n\n<p><strong>En canto a pol\u00edtica local quixera co\u00f1ecer a t\u00faa opini\u00f3n sobre a situaci\u00f3n do sector cultural?<\/strong><\/p>\n\n\n\n<blockquote class=\"wp-block-quote is-layout-flow wp-block-quote-is-layout-flow\"><p>\u00c9 un desastre absoluto. Caballero orienta a s\u00faa pol\u00edtica cultural focaliz\u00e1ndoa cara aos segmentos que maioritariamente lle votan, por iso non existe pol\u00edtica cultural orientada \u00e1 mocidade. O concello fai apartheid cultural, s\u00f3 existen expresi\u00f3ns culturais para o votante tradicional do PP\/PSOE para o resto 0<\/p><\/blockquote>\n\n\n\n<p><strong>Cero, Rub\u00e9n?<\/strong><\/p>\n\n\n\n<blockquote class=\"wp-block-quote is-layout-flow wp-block-quote-is-layout-flow\"><p>Cero patatero.<\/p><\/blockquote>\n\n\n\n<p><strong>Est\u00e1s dicindo que \u00e9 o c\u00e1lculo do interese electoral o que condiciona a pol\u00edtica cultural do concello?<\/strong><\/p>\n\n\n\n<blockquote class=\"wp-block-quote is-layout-flow wp-block-quote-is-layout-flow\"><p>Sen d\u00fabida de ningunha clase.<\/p><\/blockquote>\n\n\n\n<p><strong>Expl\u00edcanos o voso plan para un Vigo m\u00e1is sost\u00edbel?<\/strong><\/p>\n\n\n\n<blockquote class=\"wp-block-quote is-layout-flow wp-block-quote-is-layout-flow\"><p>N\u00f3s presentamos un plan para a declaraci\u00f3n da emerxencia clim\u00e1tica na cidade. Temos un mal transporte p\u00fablico que se est\u00e1 a degradar continuamente. Temos un contrato con Vitrasa polo que se eles non chegan un n\u00famero determinado de viaxeiros estamos na obriga de compensarlles economicamente. Debemos repensar esquema do transporte p\u00fablico pero o que fai o alcalde non son m\u00e1is ca fogos de artificio.<\/p><\/blockquote>\n\n\n\n<p><strong>Os montes do concello de Mos est\u00e1n en serio perigo pola especulaci\u00f3n urban\u00edstica. O perigo para os de Cabral xa pasou completamente?<\/strong><\/p>\n\n\n\n<blockquote class=\"wp-block-quote is-layout-flow wp-block-quote-is-layout-flow\"><p>Si, porque o terreo queda clasificado como reserva forestal<\/p><\/blockquote>\n\n\n\n<p><strong>Un triunfo marabilloso do movemento veci\u00f1al<\/strong><\/p>\n\n\n\n<blockquote class=\"wp-block-quote is-layout-flow wp-block-quote-is-layout-flow\"><p>Abof\u00e9 que si.<\/p><\/blockquote>\n\n\n\n<p><strong>Falemos de Galicia. Unha nova maior\u00eda absoluta de Feijoo, Galicia en Com\u00fan, o voso espazo, desaparece do parlamento. E agora que?<\/strong><\/p>\n\n\n\n<blockquote class=\"wp-block-quote is-layout-flow wp-block-quote-is-layout-flow\"><p>Se durante unha lexislatura, o esperpento maior que viviu o parlamente galego foi En Marea, non se pod\u00eda esperar gran cousa a verdade. Eu sigo pensando que a \u00fanica forma posible para derrotar ao PP \u00e9 a unidade popular. En abril o escenario era moi diferente, pero claro, se da noite para a ma\u00f1\u00e1 o noso espazo pol\u00edtico foi identificado co goberno, pois todo o desgaste que sufriu o goberno pag\u00e1molo n\u00f3s.<\/p><\/blockquote>\n\n\n\n<p><strong>Xa pero, iso que me dis trata de explicar por que, eu quixera saber , agora que?<\/strong><\/p>\n\n\n\n<blockquote class=\"wp-block-quote is-layout-flow wp-block-quote-is-layout-flow\"><p>Eu son SO de Esquerda Unida, que ten 30 anos de historia dos que no parlamento de Galicia estivo 8.Que ningu\u00e9n se preocupe, n\u00f3s non temos problema en facer pol\u00edtica f\u00f3ra das instituci\u00f3ns, somos unha forza pegada \u00e1 realidade, non un produto de mercado. Insisto, a nosa aposta pola unidade popular non \u00e9 para un momento concreto, \u00e9 unha aposta definitiva. Pronto teremos asemblea nacional galega e asemblea federal e al\u00ed tomaremos decisi\u00f3ns, que ter\u00e1n que determinar que tipo de unidade popular queremos.<\/p><\/blockquote>\n\n\n\n<p><strong>Na asemblea nacional de Esquerda Unida prev\u00e9s un cambio de caras na direcci\u00f3n?<\/strong><\/p>\n\n\n\n<blockquote class=\"wp-block-quote is-layout-flow wp-block-quote-is-layout-flow\"><p>Eu creo que teremos que renovar toda a direcci\u00f3n<\/p><\/blockquote>\n\n\n\n<p><strong>Inclu\u00edndo a Eva e a ti?<\/strong><\/p>\n\n\n\n<blockquote class=\"wp-block-quote is-layout-flow wp-block-quote-is-layout-flow\"><p>Esta \u00e9 unha reflexi\u00f3n persoal. Eva leva moi pouco tempo e creo que debe de continuar. En calquera caso \u00e9 unha decisi\u00f3n que ter\u00e1 que tomar ela.<\/p><\/blockquote>\n\n\n\n<p><strong>No momento presente segues avalando a decisi\u00f3n do espazo de Unidas Podemos de entrar no goberno de Espa\u00f1a?<\/strong><\/p>\n\n\n\n<blockquote class=\"wp-block-quote is-layout-flow wp-block-quote-is-layout-flow\"><p>Si, rotundamente si.<\/p><\/blockquote>\n\n\n\n<p><strong>E a praxe?<\/strong><\/p>\n\n\n\n<blockquote class=\"wp-block-quote is-layout-flow wp-block-quote-is-layout-flow\"><p>Nun goberno, non \u00e9 como se entra sen\u00f3n como se sae. Eu considero que o Rubic\u00f3n do goberno vai estar nos orzamentos. Agora ben, non me quero nin imaxinar como ser\u00eda esta crise se non estivera Unidas Podemos no goberno. Estou seguro que a nosa presenza no goberno explica a maior parte das cousas boas que pasaron nel<\/p><\/blockquote>\n\n\n\n<p><strong>A xesti\u00f3n de Yolanda D\u00edaz?<\/strong><\/p>\n\n\n\n<blockquote class=\"wp-block-quote is-layout-flow wp-block-quote-is-layout-flow\"><p>Est\u00e1 sendo impecable<\/p><\/blockquote>\n\n\n\n<p><strong>Unidas Podemos est\u00e1 no goberno por convicci\u00f3n do PSOE ou porque non lles quedou m\u00e1is remedio?<\/strong><\/p>\n\n\n\n<blockquote class=\"wp-block-quote is-layout-flow wp-block-quote-is-layout-flow\"><p>Eu creo que no partido socialista ten d\u00faas almas, e realmente penso que Pedro S\u00e1nchez si se cree o do goberno de coalici\u00f3n<\/p><\/blockquote>\n","protected":false},"excerpt":{"rendered":"<div class=\"mh-excerpt\"><p>Rub\u00e9n \u00e9 o voceiro da marea de Vigo e secretario de organizaci\u00f3n de Esquerda Unida. Acheg\u00e1monos ata o concello da cidade ol\u00edvica a conversar con el, e co\u00f1ecer a s\u00faa valoraci\u00f3n da situaci\u00f3n pol\u00edtica actual <a class=\"mh-excerpt-more\" href=\"https:\/\/www.anovapeneira.gal\/index.php\/2020\/09\/28\/ruben-perez-voceiro-da-marea-de-vigo\/\" title=\"Rub\u00e9n P\u00e9rez voceiro da Marea de Vigo\">[&#8230;]<\/a><\/p>\n<\/div>","protected":false},"author":3,"featured_media":4005,"comment_status":"open","ping_status":"open","sticky":false,"template":"","format":"standard","meta":{"_exactmetrics_skip_tracking":false,"_exactmetrics_sitenote_active":false,"_exactmetrics_sitenote_note":"","_exactmetrics_sitenote_category":0,"footnotes":""},"categories":[272],"tags":[227,403],"class_list":{"0":"post-3989","1":"post","2":"type-post","3":"status-publish","4":"format-standard","5":"has-post-thumbnail","7":"category-vigo-entrevistas","8":"tag-concello-de-vigo","9":"tag-marea-de-vigo"},"yoast_head":"<!-- This site is optimized with the Yoast SEO plugin v27.4 - https:\/\/yoast.com\/product\/yoast-seo-wordpress\/ -->\n<title>Rub\u00e9n P\u00e9rez voceiro da Marea de Vigo -<\/title>\n<meta name=\"description\" content=\"Rub\u00e9n P\u00e9rez voceiro da Marea de Vigo: O Concello de Vigo e a Xunta libran unha batalla absurda sobre as competencias en lugar de ocuparse das urxencias\" \/>\n<meta name=\"robots\" content=\"index, follow, max-snippet:-1, max-image-preview:large, max-video-preview:-1\" \/>\n<link rel=\"canonical\" href=\"https:\/\/www.anovapeneira.gal\/index.php\/2020\/09\/28\/ruben-perez-voceiro-da-marea-de-vigo\/\" \/>\n<meta property=\"og:locale\" content=\"gl_ES\" \/>\n<meta property=\"og:type\" content=\"article\" \/>\n<meta property=\"og:title\" content=\"Rub\u00e9n P\u00e9rez voceiro da Marea de Vigo -\" \/>\n<meta property=\"og:description\" content=\"Rub\u00e9n P\u00e9rez voceiro da Marea de Vigo: O Concello de Vigo e a Xunta libran unha batalla absurda sobre as competencias en lugar de ocuparse das urxencias\" \/>\n<meta property=\"og:url\" content=\"https:\/\/www.anovapeneira.gal\/index.php\/2020\/09\/28\/ruben-perez-voceiro-da-marea-de-vigo\/\" \/>\n<meta property=\"article:publisher\" content=\"https:\/\/www.facebook.com\/anovapeneira\" \/>\n<meta property=\"article:published_time\" content=\"2020-09-28T08:00:08+00:00\" \/>\n<meta property=\"og:image\" content=\"https:\/\/www.anovapeneira.gal\/wp-content\/uploads\/2020\/09\/ruben_perez_marea_vigo_a_nova_peneira.jpg\" \/>\n\t<meta property=\"og:image:width\" content=\"720\" \/>\n\t<meta property=\"og:image:height\" content=\"432\" \/>\n\t<meta property=\"og:image:type\" content=\"image\/jpeg\" \/>\n<meta name=\"author\" content=\"Redacci\u00f3n A Nova Peneira\" \/>\n<meta name=\"twitter:card\" content=\"summary_large_image\" \/>\n<meta name=\"twitter:creator\" content=\"@APeneira\" \/>\n<meta name=\"twitter:site\" content=\"@APeneira\" \/>\n<meta name=\"twitter:label1\" content=\"Escrito por\" \/>\n\t<meta name=\"twitter:data1\" content=\"Redacci\u00f3n A Nova Peneira\" \/>\n\t<meta name=\"twitter:label2\" content=\"Tempo de lectura\" \/>\n\t<meta name=\"twitter:data2\" content=\"8 minutos\" \/>\n<script type=\"application\/ld+json\" class=\"yoast-schema-graph\">{\"@context\":\"https:\\\/\\\/schema.org\",\"@graph\":[{\"@type\":\"Article\",\"@id\":\"https:\\\/\\\/www.anovapeneira.gal\\\/index.php\\\/2020\\\/09\\\/28\\\/ruben-perez-voceiro-da-marea-de-vigo\\\/#article\",\"isPartOf\":{\"@id\":\"https:\\\/\\\/www.anovapeneira.gal\\\/index.php\\\/2020\\\/09\\\/28\\\/ruben-perez-voceiro-da-marea-de-vigo\\\/\"},\"author\":{\"name\":\"Redacci\u00f3n A Nova Peneira\",\"@id\":\"https:\\\/\\\/www.anovapeneira.gal\\\/#\\\/schema\\\/person\\\/b93e3f8932e3f8da96334607eb6ac6aa\"},\"headline\":\"Rub\u00e9n P\u00e9rez voceiro da Marea de Vigo\",\"datePublished\":\"2020-09-28T08:00:08+00:00\",\"mainEntityOfPage\":{\"@id\":\"https:\\\/\\\/www.anovapeneira.gal\\\/index.php\\\/2020\\\/09\\\/28\\\/ruben-perez-voceiro-da-marea-de-vigo\\\/\"},\"wordCount\":1572,\"commentCount\":0,\"publisher\":{\"@id\":\"https:\\\/\\\/www.anovapeneira.gal\\\/#organization\"},\"image\":{\"@id\":\"https:\\\/\\\/www.anovapeneira.gal\\\/index.php\\\/2020\\\/09\\\/28\\\/ruben-perez-voceiro-da-marea-de-vigo\\\/#primaryimage\"},\"thumbnailUrl\":\"https:\\\/\\\/www.anovapeneira.gal\\\/wp-content\\\/uploads\\\/2020\\\/09\\\/ruben_perez_marea_vigo_a_nova_peneira.jpg\",\"keywords\":[\"Concello de Vigo\",\"Marea de Vigo\"],\"articleSection\":[\"Vigo\"],\"inLanguage\":\"gl-ES\",\"potentialAction\":[{\"@type\":\"CommentAction\",\"name\":\"Comment\",\"target\":[\"https:\\\/\\\/www.anovapeneira.gal\\\/index.php\\\/2020\\\/09\\\/28\\\/ruben-perez-voceiro-da-marea-de-vigo\\\/#respond\"]}]},{\"@type\":\"WebPage\",\"@id\":\"https:\\\/\\\/www.anovapeneira.gal\\\/index.php\\\/2020\\\/09\\\/28\\\/ruben-perez-voceiro-da-marea-de-vigo\\\/\",\"url\":\"https:\\\/\\\/www.anovapeneira.gal\\\/index.php\\\/2020\\\/09\\\/28\\\/ruben-perez-voceiro-da-marea-de-vigo\\\/\",\"name\":\"Rub\u00e9n P\u00e9rez voceiro da Marea de Vigo -\",\"isPartOf\":{\"@id\":\"https:\\\/\\\/www.anovapeneira.gal\\\/#website\"},\"primaryImageOfPage\":{\"@id\":\"https:\\\/\\\/www.anovapeneira.gal\\\/index.php\\\/2020\\\/09\\\/28\\\/ruben-perez-voceiro-da-marea-de-vigo\\\/#primaryimage\"},\"image\":{\"@id\":\"https:\\\/\\\/www.anovapeneira.gal\\\/index.php\\\/2020\\\/09\\\/28\\\/ruben-perez-voceiro-da-marea-de-vigo\\\/#primaryimage\"},\"thumbnailUrl\":\"https:\\\/\\\/www.anovapeneira.gal\\\/wp-content\\\/uploads\\\/2020\\\/09\\\/ruben_perez_marea_vigo_a_nova_peneira.jpg\",\"datePublished\":\"2020-09-28T08:00:08+00:00\",\"description\":\"Rub\u00e9n P\u00e9rez voceiro da Marea de Vigo: O Concello de Vigo e a Xunta libran unha batalla absurda sobre as competencias en lugar de ocuparse das urxencias\",\"breadcrumb\":{\"@id\":\"https:\\\/\\\/www.anovapeneira.gal\\\/index.php\\\/2020\\\/09\\\/28\\\/ruben-perez-voceiro-da-marea-de-vigo\\\/#breadcrumb\"},\"inLanguage\":\"gl-ES\",\"potentialAction\":[{\"@type\":\"ReadAction\",\"target\":[\"https:\\\/\\\/www.anovapeneira.gal\\\/index.php\\\/2020\\\/09\\\/28\\\/ruben-perez-voceiro-da-marea-de-vigo\\\/\"]}]},{\"@type\":\"ImageObject\",\"inLanguage\":\"gl-ES\",\"@id\":\"https:\\\/\\\/www.anovapeneira.gal\\\/index.php\\\/2020\\\/09\\\/28\\\/ruben-perez-voceiro-da-marea-de-vigo\\\/#primaryimage\",\"url\":\"https:\\\/\\\/www.anovapeneira.gal\\\/wp-content\\\/uploads\\\/2020\\\/09\\\/ruben_perez_marea_vigo_a_nova_peneira.jpg\",\"contentUrl\":\"https:\\\/\\\/www.anovapeneira.gal\\\/wp-content\\\/uploads\\\/2020\\\/09\\\/ruben_perez_marea_vigo_a_nova_peneira.jpg\",\"width\":720,\"height\":432,\"caption\":\"Rub\u00e9n P\u00e9rez En Marea Vigo\"},{\"@type\":\"BreadcrumbList\",\"@id\":\"https:\\\/\\\/www.anovapeneira.gal\\\/index.php\\\/2020\\\/09\\\/28\\\/ruben-perez-voceiro-da-marea-de-vigo\\\/#breadcrumb\",\"itemListElement\":[{\"@type\":\"ListItem\",\"position\":1,\"name\":\"Portada\",\"item\":\"https:\\\/\\\/www.anovapeneira.gal\\\/\"},{\"@type\":\"ListItem\",\"position\":2,\"name\":\"Rub\u00e9n P\u00e9rez voceiro da Marea de Vigo\"}]},{\"@type\":\"WebSite\",\"@id\":\"https:\\\/\\\/www.anovapeneira.gal\\\/#website\",\"url\":\"https:\\\/\\\/www.anovapeneira.gal\\\/\",\"name\":\"\",\"description\":\"Xornal galego de informaci\u00f3n xeral Publicaci\u00f3n mensual de novas de Galicia e en especial dos Concellos da sur da provincia de Pontevedra.\",\"publisher\":{\"@id\":\"https:\\\/\\\/www.anovapeneira.gal\\\/#organization\"},\"potentialAction\":[{\"@type\":\"SearchAction\",\"target\":{\"@type\":\"EntryPoint\",\"urlTemplate\":\"https:\\\/\\\/www.anovapeneira.gal\\\/?s={search_term_string}\"},\"query-input\":{\"@type\":\"PropertyValueSpecification\",\"valueRequired\":true,\"valueName\":\"search_term_string\"}}],\"inLanguage\":\"gl-ES\"},{\"@type\":\"Organization\",\"@id\":\"https:\\\/\\\/www.anovapeneira.gal\\\/#organization\",\"name\":\"A Nova Peneira\",\"url\":\"https:\\\/\\\/www.anovapeneira.gal\\\/\",\"logo\":{\"@type\":\"ImageObject\",\"inLanguage\":\"gl-ES\",\"@id\":\"https:\\\/\\\/www.anovapeneira.gal\\\/#\\\/schema\\\/logo\\\/image\\\/\",\"url\":\"http:\\\/\\\/www.anovapeneira.gal\\\/wp-content\\\/uploads\\\/2019\\\/06\\\/logo_a_nova_peneira_portal_web.png\",\"contentUrl\":\"http:\\\/\\\/www.anovapeneira.gal\\\/wp-content\\\/uploads\\\/2019\\\/06\\\/logo_a_nova_peneira_portal_web.png\",\"width\":300,\"height\":100,\"caption\":\"A Nova Peneira\"},\"image\":{\"@id\":\"https:\\\/\\\/www.anovapeneira.gal\\\/#\\\/schema\\\/logo\\\/image\\\/\"},\"sameAs\":[\"https:\\\/\\\/www.facebook.com\\\/anovapeneira\",\"https:\\\/\\\/x.com\\\/APeneira\"]},{\"@type\":\"Person\",\"@id\":\"https:\\\/\\\/www.anovapeneira.gal\\\/#\\\/schema\\\/person\\\/b93e3f8932e3f8da96334607eb6ac6aa\",\"name\":\"Redacci\u00f3n A Nova Peneira\",\"image\":{\"@type\":\"ImageObject\",\"inLanguage\":\"gl-ES\",\"@id\":\"https:\\\/\\\/secure.gravatar.com\\\/avatar\\\/c052a2551a06e23fac63626232eaa90abd78dbcf1700fc46a2b2c89fd27b735f?s=96&d=mm&r=g\",\"url\":\"https:\\\/\\\/secure.gravatar.com\\\/avatar\\\/c052a2551a06e23fac63626232eaa90abd78dbcf1700fc46a2b2c89fd27b735f?s=96&d=mm&r=g\",\"contentUrl\":\"https:\\\/\\\/secure.gravatar.com\\\/avatar\\\/c052a2551a06e23fac63626232eaa90abd78dbcf1700fc46a2b2c89fd27b735f?s=96&d=mm&r=g\",\"caption\":\"Redacci\u00f3n A Nova Peneira\"},\"sameAs\":[\"http:\\\/\\\/www.anovapeneira.gal\\\/\"],\"url\":\"https:\\\/\\\/www.anovapeneira.gal\\\/index.php\\\/author\\\/redactor\\\/\"}]}<\/script>\n<!-- \/ Yoast SEO plugin. -->","yoast_head_json":{"title":"Rub\u00e9n P\u00e9rez voceiro da Marea de Vigo -","description":"Rub\u00e9n P\u00e9rez voceiro da Marea de Vigo: O Concello de Vigo e a Xunta libran unha batalla absurda sobre as competencias en lugar de ocuparse das urxencias","robots":{"index":"index","follow":"follow","max-snippet":"max-snippet:-1","max-image-preview":"max-image-preview:large","max-video-preview":"max-video-preview:-1"},"canonical":"https:\/\/www.anovapeneira.gal\/index.php\/2020\/09\/28\/ruben-perez-voceiro-da-marea-de-vigo\/","og_locale":"gl_ES","og_type":"article","og_title":"Rub\u00e9n P\u00e9rez voceiro da Marea de Vigo -","og_description":"Rub\u00e9n P\u00e9rez voceiro da Marea de Vigo: O Concello de Vigo e a Xunta libran unha batalla absurda sobre as competencias en lugar de ocuparse das urxencias","og_url":"https:\/\/www.anovapeneira.gal\/index.php\/2020\/09\/28\/ruben-perez-voceiro-da-marea-de-vigo\/","article_publisher":"https:\/\/www.facebook.com\/anovapeneira","article_published_time":"2020-09-28T08:00:08+00:00","og_image":[{"width":720,"height":432,"url":"https:\/\/www.anovapeneira.gal\/wp-content\/uploads\/2020\/09\/ruben_perez_marea_vigo_a_nova_peneira.jpg","type":"image\/jpeg"}],"author":"Redacci\u00f3n A Nova Peneira","twitter_card":"summary_large_image","twitter_creator":"@APeneira","twitter_site":"@APeneira","twitter_misc":{"Escrito por":"Redacci\u00f3n A Nova Peneira","Tempo de lectura":"8 minutos"},"schema":{"@context":"https:\/\/schema.org","@graph":[{"@type":"Article","@id":"https:\/\/www.anovapeneira.gal\/index.php\/2020\/09\/28\/ruben-perez-voceiro-da-marea-de-vigo\/#article","isPartOf":{"@id":"https:\/\/www.anovapeneira.gal\/index.php\/2020\/09\/28\/ruben-perez-voceiro-da-marea-de-vigo\/"},"author":{"name":"Redacci\u00f3n A Nova Peneira","@id":"https:\/\/www.anovapeneira.gal\/#\/schema\/person\/b93e3f8932e3f8da96334607eb6ac6aa"},"headline":"Rub\u00e9n P\u00e9rez voceiro da Marea de Vigo","datePublished":"2020-09-28T08:00:08+00:00","mainEntityOfPage":{"@id":"https:\/\/www.anovapeneira.gal\/index.php\/2020\/09\/28\/ruben-perez-voceiro-da-marea-de-vigo\/"},"wordCount":1572,"commentCount":0,"publisher":{"@id":"https:\/\/www.anovapeneira.gal\/#organization"},"image":{"@id":"https:\/\/www.anovapeneira.gal\/index.php\/2020\/09\/28\/ruben-perez-voceiro-da-marea-de-vigo\/#primaryimage"},"thumbnailUrl":"https:\/\/www.anovapeneira.gal\/wp-content\/uploads\/2020\/09\/ruben_perez_marea_vigo_a_nova_peneira.jpg","keywords":["Concello de Vigo","Marea de Vigo"],"articleSection":["Vigo"],"inLanguage":"gl-ES","potentialAction":[{"@type":"CommentAction","name":"Comment","target":["https:\/\/www.anovapeneira.gal\/index.php\/2020\/09\/28\/ruben-perez-voceiro-da-marea-de-vigo\/#respond"]}]},{"@type":"WebPage","@id":"https:\/\/www.anovapeneira.gal\/index.php\/2020\/09\/28\/ruben-perez-voceiro-da-marea-de-vigo\/","url":"https:\/\/www.anovapeneira.gal\/index.php\/2020\/09\/28\/ruben-perez-voceiro-da-marea-de-vigo\/","name":"Rub\u00e9n P\u00e9rez voceiro da Marea de Vigo -","isPartOf":{"@id":"https:\/\/www.anovapeneira.gal\/#website"},"primaryImageOfPage":{"@id":"https:\/\/www.anovapeneira.gal\/index.php\/2020\/09\/28\/ruben-perez-voceiro-da-marea-de-vigo\/#primaryimage"},"image":{"@id":"https:\/\/www.anovapeneira.gal\/index.php\/2020\/09\/28\/ruben-perez-voceiro-da-marea-de-vigo\/#primaryimage"},"thumbnailUrl":"https:\/\/www.anovapeneira.gal\/wp-content\/uploads\/2020\/09\/ruben_perez_marea_vigo_a_nova_peneira.jpg","datePublished":"2020-09-28T08:00:08+00:00","description":"Rub\u00e9n P\u00e9rez voceiro da Marea de Vigo: O Concello de Vigo e a Xunta libran unha batalla absurda sobre as competencias en lugar de ocuparse das urxencias","breadcrumb":{"@id":"https:\/\/www.anovapeneira.gal\/index.php\/2020\/09\/28\/ruben-perez-voceiro-da-marea-de-vigo\/#breadcrumb"},"inLanguage":"gl-ES","potentialAction":[{"@type":"ReadAction","target":["https:\/\/www.anovapeneira.gal\/index.php\/2020\/09\/28\/ruben-perez-voceiro-da-marea-de-vigo\/"]}]},{"@type":"ImageObject","inLanguage":"gl-ES","@id":"https:\/\/www.anovapeneira.gal\/index.php\/2020\/09\/28\/ruben-perez-voceiro-da-marea-de-vigo\/#primaryimage","url":"https:\/\/www.anovapeneira.gal\/wp-content\/uploads\/2020\/09\/ruben_perez_marea_vigo_a_nova_peneira.jpg","contentUrl":"https:\/\/www.anovapeneira.gal\/wp-content\/uploads\/2020\/09\/ruben_perez_marea_vigo_a_nova_peneira.jpg","width":720,"height":432,"caption":"Rub\u00e9n P\u00e9rez En Marea Vigo"},{"@type":"BreadcrumbList","@id":"https:\/\/www.anovapeneira.gal\/index.php\/2020\/09\/28\/ruben-perez-voceiro-da-marea-de-vigo\/#breadcrumb","itemListElement":[{"@type":"ListItem","position":1,"name":"Portada","item":"https:\/\/www.anovapeneira.gal\/"},{"@type":"ListItem","position":2,"name":"Rub\u00e9n P\u00e9rez voceiro da Marea de Vigo"}]},{"@type":"WebSite","@id":"https:\/\/www.anovapeneira.gal\/#website","url":"https:\/\/www.anovapeneira.gal\/","name":"","description":"Xornal galego de informaci\u00f3n xeral Publicaci\u00f3n mensual de novas de Galicia e en especial dos Concellos da sur da provincia de Pontevedra.","publisher":{"@id":"https:\/\/www.anovapeneira.gal\/#organization"},"potentialAction":[{"@type":"SearchAction","target":{"@type":"EntryPoint","urlTemplate":"https:\/\/www.anovapeneira.gal\/?s={search_term_string}"},"query-input":{"@type":"PropertyValueSpecification","valueRequired":true,"valueName":"search_term_string"}}],"inLanguage":"gl-ES"},{"@type":"Organization","@id":"https:\/\/www.anovapeneira.gal\/#organization","name":"A Nova Peneira","url":"https:\/\/www.anovapeneira.gal\/","logo":{"@type":"ImageObject","inLanguage":"gl-ES","@id":"https:\/\/www.anovapeneira.gal\/#\/schema\/logo\/image\/","url":"http:\/\/www.anovapeneira.gal\/wp-content\/uploads\/2019\/06\/logo_a_nova_peneira_portal_web.png","contentUrl":"http:\/\/www.anovapeneira.gal\/wp-content\/uploads\/2019\/06\/logo_a_nova_peneira_portal_web.png","width":300,"height":100,"caption":"A Nova Peneira"},"image":{"@id":"https:\/\/www.anovapeneira.gal\/#\/schema\/logo\/image\/"},"sameAs":["https:\/\/www.facebook.com\/anovapeneira","https:\/\/x.com\/APeneira"]},{"@type":"Person","@id":"https:\/\/www.anovapeneira.gal\/#\/schema\/person\/b93e3f8932e3f8da96334607eb6ac6aa","name":"Redacci\u00f3n A Nova Peneira","image":{"@type":"ImageObject","inLanguage":"gl-ES","@id":"https:\/\/secure.gravatar.com\/avatar\/c052a2551a06e23fac63626232eaa90abd78dbcf1700fc46a2b2c89fd27b735f?s=96&d=mm&r=g","url":"https:\/\/secure.gravatar.com\/avatar\/c052a2551a06e23fac63626232eaa90abd78dbcf1700fc46a2b2c89fd27b735f?s=96&d=mm&r=g","contentUrl":"https:\/\/secure.gravatar.com\/avatar\/c052a2551a06e23fac63626232eaa90abd78dbcf1700fc46a2b2c89fd27b735f?s=96&d=mm&r=g","caption":"Redacci\u00f3n A Nova Peneira"},"sameAs":["http:\/\/www.anovapeneira.gal\/"],"url":"https:\/\/www.anovapeneira.gal\/index.php\/author\/redactor\/"}]}},"jetpack_featured_media_url":"https:\/\/www.anovapeneira.gal\/wp-content\/uploads\/2020\/09\/ruben_perez_marea_vigo_a_nova_peneira.jpg","_links":{"self":[{"href":"https:\/\/www.anovapeneira.gal\/index.php\/wp-json\/wp\/v2\/posts\/3989","targetHints":{"allow":["GET"]}}],"collection":[{"href":"https:\/\/www.anovapeneira.gal\/index.php\/wp-json\/wp\/v2\/posts"}],"about":[{"href":"https:\/\/www.anovapeneira.gal\/index.php\/wp-json\/wp\/v2\/types\/post"}],"author":[{"embeddable":true,"href":"https:\/\/www.anovapeneira.gal\/index.php\/wp-json\/wp\/v2\/users\/3"}],"replies":[{"embeddable":true,"href":"https:\/\/www.anovapeneira.gal\/index.php\/wp-json\/wp\/v2\/comments?post=3989"}],"version-history":[{"count":2,"href":"https:\/\/www.anovapeneira.gal\/index.php\/wp-json\/wp\/v2\/posts\/3989\/revisions"}],"predecessor-version":[{"id":4006,"href":"https:\/\/www.anovapeneira.gal\/index.php\/wp-json\/wp\/v2\/posts\/3989\/revisions\/4006"}],"wp:featuredmedia":[{"embeddable":true,"href":"https:\/\/www.anovapeneira.gal\/index.php\/wp-json\/wp\/v2\/media\/4005"}],"wp:attachment":[{"href":"https:\/\/www.anovapeneira.gal\/index.php\/wp-json\/wp\/v2\/media?parent=3989"}],"wp:term":[{"taxonomy":"category","embeddable":true,"href":"https:\/\/www.anovapeneira.gal\/index.php\/wp-json\/wp\/v2\/categories?post=3989"},{"taxonomy":"post_tag","embeddable":true,"href":"https:\/\/www.anovapeneira.gal\/index.php\/wp-json\/wp\/v2\/tags?post=3989"}],"curies":[{"name":"wp","href":"https:\/\/api.w.org\/{rel}","templated":true}]}}