{"id":4019,"date":"2020-10-01T12:00:13","date_gmt":"2020-10-01T10:00:13","guid":{"rendered":"http:\/\/www.anovapeneira.gal\/?p=4019"},"modified":"2020-09-26T20:27:38","modified_gmt":"2020-09-26T18:27:38","slug":"a-eurocidade-cerveira-tomino-planta-a-arbore-da-amizade","status":"publish","type":"post","link":"https:\/\/www.anovapeneira.gal\/index.php\/2020\/10\/01\/a-eurocidade-cerveira-tomino-planta-a-arbore-da-amizade\/","title":{"rendered":"A Eurocidade Cerveira-Tomi\u00f1o planta a \u2018\u00c1rbore da Amizade\u2019"},"content":{"rendered":"\n<h2 class=\"wp-block-heading\"><strong>No Parque de Lazer do Castelinho con motivo da Semana Europea da Cooperaci\u00f3n<\/strong><\/h2>\n\n\n\n<p><strong>Tomi\u00f1o, 25 de setembro de 2020<\/strong><\/p>\n\n\n\n<p>Con motivo da Semana Europea da Cooperaci\u00f3n, os alcaldes da Eurocidade Cerveira-Tomi\u00f1o, Sandra Gonz\u00e1lez e Fernando Nogueira, participaron este venres nun acto simb\u00f3lico de plantaci\u00f3n da &#8216;\u00c1rbore da Amizade&#8217; no Parque de Lazer de Castelinho.<\/p>\n\n\n\n<p>O dito asegura que a amizade \u00e9 como unha planta, porque o seu fortalecemento require un coidado e atenci\u00f3n permanentes. E esa \u00e9 a mensaxe que os concellos de Vila Nova de Cerveira e Tomi\u00f1o pretenden difundir e compartir, que a cooperaci\u00f3n transfronteiriza, que a\u00ednda que \u00e9 algo natural c\u00f3mpre potenciala e dinamizala para constitu\u00edrse como un factor de impacto positivo no benestar de ambas as d\u00faas poboaci\u00f3ns.<\/p>\n\n\n\n<p>A \u00e1rbore seleccionada foi un carballo, elixido polas s\u00faas caracter\u00edsticas de adaptaci\u00f3n ao terreo e \u00e1s condici\u00f3ns meteorol\u00f3xicas, que medrar\u00e1 no pano de fondo o r\u00edo Minho e o Espazo Fortaleza de Goi\u00e1n.<\/p>\n\n\n\n<p>O alcalde de Fernando Nogueira, subli\u00f1ou que este acto \u00e9 \u201co arraigamento dun s\u00edmbolo da Amizade Cerveira-Tomi\u00f1o que, base\u00e1ndose nesta cooperaci\u00f3n potenciada por Europa, permite fortalecer os lazos de amizade que hai ancestralmente entre dous pobos veci\u00f1os, que hoxe son moi fortes e que queremos que sexan cada vez m\u00e1is indestrutibles\u201d. \u00c1 s\u00faa vez, a alcaldesa de Tomi\u00f1o, Sandra Gonz\u00e1lez, engadiu que &#8220;as \u00e1rbores, que significan natureza, contrib\u00faen \u00e1 posta en valor deste medio natural obxecto da cooperaci\u00f3n transfronteiriza que existe entre Cerveira e Tomi\u00f1o e que tam\u00e9n se axusta \u00e1 axenda europea no \u00e1mbito da protecci\u00f3n, preservaci\u00f3n e posta en valor do patrimonio natural\u201d.<\/p>\n\n\n\n<p>O D\u00eda Europeo da Cooperaci\u00f3n cel\u00e9brase anualmente na semana do 25 de setembro con m\u00faltiples acci\u00f3ns levadas a cabo en diferentes rexi\u00f3ns europeas co obxectivo de resaltar o potencial e a riqueza cultural presentes nos diferentes pa\u00edses que forman parte da Uni\u00f3n Europea.<\/p>\n","protected":false},"excerpt":{"rendered":"<div class=\"mh-excerpt\"><p>No Parque de Lazer do Castelinho con motivo da Semana Europea da Cooperaci\u00f3n <a class=\"mh-excerpt-more\" href=\"https:\/\/www.anovapeneira.gal\/index.php\/2020\/10\/01\/a-eurocidade-cerveira-tomino-planta-a-arbore-da-amizade\/\" title=\"A Eurocidade Cerveira-Tomi\u00f1o planta a \u2018\u00c1rbore da Amizade\u2019\">[&#8230;]<\/a><\/p>\n<\/div>","protected":false},"author":3,"featured_media":4020,"comment_status":"open","ping_status":"open","sticky":false,"template":"","format":"standard","meta":{"_exactmetrics_skip_tracking":false,"_exactmetrics_sitenote_active":false,"_exactmetrics_sitenote_note":"","_exactmetrics_sitenote_category":0,"footnotes":""},"categories":[21],"tags":[81],"class_list":{"0":"post-4019","1":"post","2":"type-post","3":"status-publish","4":"format-standard","5":"has-post-thumbnail","7":"category-baixo-mino","8":"tag-concello-de-tomino"},"yoast_head":"<!-- This site is optimized with the Yoast SEO plugin v27.4 - https:\/\/yoast.com\/product\/yoast-seo-wordpress\/ -->\n<title>A Eurocidade Cerveira-Tomi\u00f1o planta a \u2018\u00c1rbore da Amizade\u2019 -<\/title>\n<meta name=\"description\" content=\"A Eurocidade Cerveira-Tomi\u00f1o No Parque de Lazer do Castelinho con motivo da Semana Europea da Cooperaci\u00f3n\" \/>\n<meta name=\"robots\" content=\"index, follow, max-snippet:-1, max-image-preview:large, max-video-preview:-1\" \/>\n<link rel=\"canonical\" href=\"https:\/\/www.anovapeneira.gal\/index.php\/2020\/10\/01\/a-eurocidade-cerveira-tomino-planta-a-arbore-da-amizade\/\" \/>\n<meta property=\"og:locale\" content=\"gl_ES\" \/>\n<meta property=\"og:type\" content=\"article\" \/>\n<meta property=\"og:title\" content=\"A Eurocidade Cerveira-Tomi\u00f1o planta a \u2018\u00c1rbore da Amizade\u2019 -\" \/>\n<meta property=\"og:description\" content=\"A Eurocidade Cerveira-Tomi\u00f1o No Parque de Lazer do Castelinho con motivo da Semana Europea da Cooperaci\u00f3n\" \/>\n<meta property=\"og:url\" content=\"https:\/\/www.anovapeneira.gal\/index.php\/2020\/10\/01\/a-eurocidade-cerveira-tomino-planta-a-arbore-da-amizade\/\" \/>\n<meta property=\"article:publisher\" content=\"https:\/\/www.facebook.com\/anovapeneira\" \/>\n<meta property=\"article:published_time\" content=\"2020-10-01T10:00:13+00:00\" \/>\n<meta property=\"og:image\" content=\"https:\/\/www.anovapeneira.gal\/wp-content\/uploads\/2020\/09\/Eurocidade_Cerveira-Tomino_a_nova_peneira.jpg\" \/>\n\t<meta property=\"og:image:width\" content=\"720\" \/>\n\t<meta property=\"og:image:height\" content=\"432\" \/>\n\t<meta property=\"og:image:type\" content=\"image\/jpeg\" \/>\n<meta name=\"author\" content=\"Redacci\u00f3n A Nova Peneira\" \/>\n<meta name=\"twitter:card\" content=\"summary_large_image\" \/>\n<meta name=\"twitter:creator\" content=\"@APeneira\" \/>\n<meta name=\"twitter:site\" content=\"@APeneira\" \/>\n<meta name=\"twitter:label1\" content=\"Escrito por\" \/>\n\t<meta name=\"twitter:data1\" content=\"Redacci\u00f3n A Nova Peneira\" \/>\n\t<meta name=\"twitter:label2\" content=\"Tempo de lectura\" \/>\n\t<meta name=\"twitter:data2\" content=\"2 minutos\" \/>\n<script type=\"application\/ld+json\" class=\"yoast-schema-graph\">{\"@context\":\"https:\\\/\\\/schema.org\",\"@graph\":[{\"@type\":\"Article\",\"@id\":\"https:\\\/\\\/www.anovapeneira.gal\\\/index.php\\\/2020\\\/10\\\/01\\\/a-eurocidade-cerveira-tomino-planta-a-arbore-da-amizade\\\/#article\",\"isPartOf\":{\"@id\":\"https:\\\/\\\/www.anovapeneira.gal\\\/index.php\\\/2020\\\/10\\\/01\\\/a-eurocidade-cerveira-tomino-planta-a-arbore-da-amizade\\\/\"},\"author\":{\"name\":\"Redacci\u00f3n A Nova Peneira\",\"@id\":\"https:\\\/\\\/www.anovapeneira.gal\\\/#\\\/schema\\\/person\\\/b93e3f8932e3f8da96334607eb6ac6aa\"},\"headline\":\"A Eurocidade Cerveira-Tomi\u00f1o planta a \u2018\u00c1rbore da Amizade\u2019\",\"datePublished\":\"2020-10-01T10:00:13+00:00\",\"mainEntityOfPage\":{\"@id\":\"https:\\\/\\\/www.anovapeneira.gal\\\/index.php\\\/2020\\\/10\\\/01\\\/a-eurocidade-cerveira-tomino-planta-a-arbore-da-amizade\\\/\"},\"wordCount\":348,\"commentCount\":0,\"publisher\":{\"@id\":\"https:\\\/\\\/www.anovapeneira.gal\\\/#organization\"},\"image\":{\"@id\":\"https:\\\/\\\/www.anovapeneira.gal\\\/index.php\\\/2020\\\/10\\\/01\\\/a-eurocidade-cerveira-tomino-planta-a-arbore-da-amizade\\\/#primaryimage\"},\"thumbnailUrl\":\"https:\\\/\\\/www.anovapeneira.gal\\\/wp-content\\\/uploads\\\/2020\\\/09\\\/Eurocidade_Cerveira-Tomino_a_nova_peneira.jpg\",\"keywords\":[\"Concello de Tomi\u00f1o\"],\"articleSection\":[\"Baixo Mi\u00f1o\"],\"inLanguage\":\"gl-ES\",\"potentialAction\":[{\"@type\":\"CommentAction\",\"name\":\"Comment\",\"target\":[\"https:\\\/\\\/www.anovapeneira.gal\\\/index.php\\\/2020\\\/10\\\/01\\\/a-eurocidade-cerveira-tomino-planta-a-arbore-da-amizade\\\/#respond\"]}]},{\"@type\":\"WebPage\",\"@id\":\"https:\\\/\\\/www.anovapeneira.gal\\\/index.php\\\/2020\\\/10\\\/01\\\/a-eurocidade-cerveira-tomino-planta-a-arbore-da-amizade\\\/\",\"url\":\"https:\\\/\\\/www.anovapeneira.gal\\\/index.php\\\/2020\\\/10\\\/01\\\/a-eurocidade-cerveira-tomino-planta-a-arbore-da-amizade\\\/\",\"name\":\"A Eurocidade Cerveira-Tomi\u00f1o planta a \u2018\u00c1rbore da Amizade\u2019 -\",\"isPartOf\":{\"@id\":\"https:\\\/\\\/www.anovapeneira.gal\\\/#website\"},\"primaryImageOfPage\":{\"@id\":\"https:\\\/\\\/www.anovapeneira.gal\\\/index.php\\\/2020\\\/10\\\/01\\\/a-eurocidade-cerveira-tomino-planta-a-arbore-da-amizade\\\/#primaryimage\"},\"image\":{\"@id\":\"https:\\\/\\\/www.anovapeneira.gal\\\/index.php\\\/2020\\\/10\\\/01\\\/a-eurocidade-cerveira-tomino-planta-a-arbore-da-amizade\\\/#primaryimage\"},\"thumbnailUrl\":\"https:\\\/\\\/www.anovapeneira.gal\\\/wp-content\\\/uploads\\\/2020\\\/09\\\/Eurocidade_Cerveira-Tomino_a_nova_peneira.jpg\",\"datePublished\":\"2020-10-01T10:00:13+00:00\",\"description\":\"A Eurocidade Cerveira-Tomi\u00f1o No Parque de Lazer do Castelinho con motivo da Semana Europea da Cooperaci\u00f3n\",\"breadcrumb\":{\"@id\":\"https:\\\/\\\/www.anovapeneira.gal\\\/index.php\\\/2020\\\/10\\\/01\\\/a-eurocidade-cerveira-tomino-planta-a-arbore-da-amizade\\\/#breadcrumb\"},\"inLanguage\":\"gl-ES\",\"potentialAction\":[{\"@type\":\"ReadAction\",\"target\":[\"https:\\\/\\\/www.anovapeneira.gal\\\/index.php\\\/2020\\\/10\\\/01\\\/a-eurocidade-cerveira-tomino-planta-a-arbore-da-amizade\\\/\"]}]},{\"@type\":\"ImageObject\",\"inLanguage\":\"gl-ES\",\"@id\":\"https:\\\/\\\/www.anovapeneira.gal\\\/index.php\\\/2020\\\/10\\\/01\\\/a-eurocidade-cerveira-tomino-planta-a-arbore-da-amizade\\\/#primaryimage\",\"url\":\"https:\\\/\\\/www.anovapeneira.gal\\\/wp-content\\\/uploads\\\/2020\\\/09\\\/Eurocidade_Cerveira-Tomino_a_nova_peneira.jpg\",\"contentUrl\":\"https:\\\/\\\/www.anovapeneira.gal\\\/wp-content\\\/uploads\\\/2020\\\/09\\\/Eurocidade_Cerveira-Tomino_a_nova_peneira.jpg\",\"width\":720,\"height\":432,\"caption\":\"A Eurocidade Cerveira-Tomi\u00f1o planta a \u2018\u00c1rbore da Amizade\u2019\"},{\"@type\":\"BreadcrumbList\",\"@id\":\"https:\\\/\\\/www.anovapeneira.gal\\\/index.php\\\/2020\\\/10\\\/01\\\/a-eurocidade-cerveira-tomino-planta-a-arbore-da-amizade\\\/#breadcrumb\",\"itemListElement\":[{\"@type\":\"ListItem\",\"position\":1,\"name\":\"Portada\",\"item\":\"https:\\\/\\\/www.anovapeneira.gal\\\/\"},{\"@type\":\"ListItem\",\"position\":2,\"name\":\"A Eurocidade Cerveira-Tomi\u00f1o planta a \u2018\u00c1rbore da Amizade\u2019\"}]},{\"@type\":\"WebSite\",\"@id\":\"https:\\\/\\\/www.anovapeneira.gal\\\/#website\",\"url\":\"https:\\\/\\\/www.anovapeneira.gal\\\/\",\"name\":\"\",\"description\":\"Xornal galego de informaci\u00f3n xeral Publicaci\u00f3n mensual de novas de Galicia e en especial dos Concellos da sur da provincia de Pontevedra.\",\"publisher\":{\"@id\":\"https:\\\/\\\/www.anovapeneira.gal\\\/#organization\"},\"potentialAction\":[{\"@type\":\"SearchAction\",\"target\":{\"@type\":\"EntryPoint\",\"urlTemplate\":\"https:\\\/\\\/www.anovapeneira.gal\\\/?s={search_term_string}\"},\"query-input\":{\"@type\":\"PropertyValueSpecification\",\"valueRequired\":true,\"valueName\":\"search_term_string\"}}],\"inLanguage\":\"gl-ES\"},{\"@type\":\"Organization\",\"@id\":\"https:\\\/\\\/www.anovapeneira.gal\\\/#organization\",\"name\":\"A Nova Peneira\",\"url\":\"https:\\\/\\\/www.anovapeneira.gal\\\/\",\"logo\":{\"@type\":\"ImageObject\",\"inLanguage\":\"gl-ES\",\"@id\":\"https:\\\/\\\/www.anovapeneira.gal\\\/#\\\/schema\\\/logo\\\/image\\\/\",\"url\":\"http:\\\/\\\/www.anovapeneira.gal\\\/wp-content\\\/uploads\\\/2019\\\/06\\\/logo_a_nova_peneira_portal_web.png\",\"contentUrl\":\"http:\\\/\\\/www.anovapeneira.gal\\\/wp-content\\\/uploads\\\/2019\\\/06\\\/logo_a_nova_peneira_portal_web.png\",\"width\":300,\"height\":100,\"caption\":\"A Nova Peneira\"},\"image\":{\"@id\":\"https:\\\/\\\/www.anovapeneira.gal\\\/#\\\/schema\\\/logo\\\/image\\\/\"},\"sameAs\":[\"https:\\\/\\\/www.facebook.com\\\/anovapeneira\",\"https:\\\/\\\/x.com\\\/APeneira\"]},{\"@type\":\"Person\",\"@id\":\"https:\\\/\\\/www.anovapeneira.gal\\\/#\\\/schema\\\/person\\\/b93e3f8932e3f8da96334607eb6ac6aa\",\"name\":\"Redacci\u00f3n A Nova Peneira\",\"image\":{\"@type\":\"ImageObject\",\"inLanguage\":\"gl-ES\",\"@id\":\"https:\\\/\\\/secure.gravatar.com\\\/avatar\\\/c052a2551a06e23fac63626232eaa90abd78dbcf1700fc46a2b2c89fd27b735f?s=96&d=mm&r=g\",\"url\":\"https:\\\/\\\/secure.gravatar.com\\\/avatar\\\/c052a2551a06e23fac63626232eaa90abd78dbcf1700fc46a2b2c89fd27b735f?s=96&d=mm&r=g\",\"contentUrl\":\"https:\\\/\\\/secure.gravatar.com\\\/avatar\\\/c052a2551a06e23fac63626232eaa90abd78dbcf1700fc46a2b2c89fd27b735f?s=96&d=mm&r=g\",\"caption\":\"Redacci\u00f3n A Nova Peneira\"},\"sameAs\":[\"http:\\\/\\\/www.anovapeneira.gal\\\/\"],\"url\":\"https:\\\/\\\/www.anovapeneira.gal\\\/index.php\\\/author\\\/redactor\\\/\"}]}<\/script>\n<!-- \/ Yoast SEO plugin. -->","yoast_head_json":{"title":"A Eurocidade Cerveira-Tomi\u00f1o planta a \u2018\u00c1rbore da Amizade\u2019 -","description":"A Eurocidade Cerveira-Tomi\u00f1o No Parque de Lazer do Castelinho con motivo da Semana Europea da Cooperaci\u00f3n","robots":{"index":"index","follow":"follow","max-snippet":"max-snippet:-1","max-image-preview":"max-image-preview:large","max-video-preview":"max-video-preview:-1"},"canonical":"https:\/\/www.anovapeneira.gal\/index.php\/2020\/10\/01\/a-eurocidade-cerveira-tomino-planta-a-arbore-da-amizade\/","og_locale":"gl_ES","og_type":"article","og_title":"A Eurocidade Cerveira-Tomi\u00f1o planta a \u2018\u00c1rbore da Amizade\u2019 -","og_description":"A Eurocidade Cerveira-Tomi\u00f1o No Parque de Lazer do Castelinho con motivo da Semana Europea da Cooperaci\u00f3n","og_url":"https:\/\/www.anovapeneira.gal\/index.php\/2020\/10\/01\/a-eurocidade-cerveira-tomino-planta-a-arbore-da-amizade\/","article_publisher":"https:\/\/www.facebook.com\/anovapeneira","article_published_time":"2020-10-01T10:00:13+00:00","og_image":[{"width":720,"height":432,"url":"https:\/\/www.anovapeneira.gal\/wp-content\/uploads\/2020\/09\/Eurocidade_Cerveira-Tomino_a_nova_peneira.jpg","type":"image\/jpeg"}],"author":"Redacci\u00f3n A Nova Peneira","twitter_card":"summary_large_image","twitter_creator":"@APeneira","twitter_site":"@APeneira","twitter_misc":{"Escrito por":"Redacci\u00f3n A Nova Peneira","Tempo de lectura":"2 minutos"},"schema":{"@context":"https:\/\/schema.org","@graph":[{"@type":"Article","@id":"https:\/\/www.anovapeneira.gal\/index.php\/2020\/10\/01\/a-eurocidade-cerveira-tomino-planta-a-arbore-da-amizade\/#article","isPartOf":{"@id":"https:\/\/www.anovapeneira.gal\/index.php\/2020\/10\/01\/a-eurocidade-cerveira-tomino-planta-a-arbore-da-amizade\/"},"author":{"name":"Redacci\u00f3n A Nova Peneira","@id":"https:\/\/www.anovapeneira.gal\/#\/schema\/person\/b93e3f8932e3f8da96334607eb6ac6aa"},"headline":"A Eurocidade Cerveira-Tomi\u00f1o planta a \u2018\u00c1rbore da Amizade\u2019","datePublished":"2020-10-01T10:00:13+00:00","mainEntityOfPage":{"@id":"https:\/\/www.anovapeneira.gal\/index.php\/2020\/10\/01\/a-eurocidade-cerveira-tomino-planta-a-arbore-da-amizade\/"},"wordCount":348,"commentCount":0,"publisher":{"@id":"https:\/\/www.anovapeneira.gal\/#organization"},"image":{"@id":"https:\/\/www.anovapeneira.gal\/index.php\/2020\/10\/01\/a-eurocidade-cerveira-tomino-planta-a-arbore-da-amizade\/#primaryimage"},"thumbnailUrl":"https:\/\/www.anovapeneira.gal\/wp-content\/uploads\/2020\/09\/Eurocidade_Cerveira-Tomino_a_nova_peneira.jpg","keywords":["Concello de Tomi\u00f1o"],"articleSection":["Baixo Mi\u00f1o"],"inLanguage":"gl-ES","potentialAction":[{"@type":"CommentAction","name":"Comment","target":["https:\/\/www.anovapeneira.gal\/index.php\/2020\/10\/01\/a-eurocidade-cerveira-tomino-planta-a-arbore-da-amizade\/#respond"]}]},{"@type":"WebPage","@id":"https:\/\/www.anovapeneira.gal\/index.php\/2020\/10\/01\/a-eurocidade-cerveira-tomino-planta-a-arbore-da-amizade\/","url":"https:\/\/www.anovapeneira.gal\/index.php\/2020\/10\/01\/a-eurocidade-cerveira-tomino-planta-a-arbore-da-amizade\/","name":"A Eurocidade Cerveira-Tomi\u00f1o planta a \u2018\u00c1rbore da Amizade\u2019 -","isPartOf":{"@id":"https:\/\/www.anovapeneira.gal\/#website"},"primaryImageOfPage":{"@id":"https:\/\/www.anovapeneira.gal\/index.php\/2020\/10\/01\/a-eurocidade-cerveira-tomino-planta-a-arbore-da-amizade\/#primaryimage"},"image":{"@id":"https:\/\/www.anovapeneira.gal\/index.php\/2020\/10\/01\/a-eurocidade-cerveira-tomino-planta-a-arbore-da-amizade\/#primaryimage"},"thumbnailUrl":"https:\/\/www.anovapeneira.gal\/wp-content\/uploads\/2020\/09\/Eurocidade_Cerveira-Tomino_a_nova_peneira.jpg","datePublished":"2020-10-01T10:00:13+00:00","description":"A Eurocidade Cerveira-Tomi\u00f1o No Parque de Lazer do Castelinho con motivo da Semana Europea da Cooperaci\u00f3n","breadcrumb":{"@id":"https:\/\/www.anovapeneira.gal\/index.php\/2020\/10\/01\/a-eurocidade-cerveira-tomino-planta-a-arbore-da-amizade\/#breadcrumb"},"inLanguage":"gl-ES","potentialAction":[{"@type":"ReadAction","target":["https:\/\/www.anovapeneira.gal\/index.php\/2020\/10\/01\/a-eurocidade-cerveira-tomino-planta-a-arbore-da-amizade\/"]}]},{"@type":"ImageObject","inLanguage":"gl-ES","@id":"https:\/\/www.anovapeneira.gal\/index.php\/2020\/10\/01\/a-eurocidade-cerveira-tomino-planta-a-arbore-da-amizade\/#primaryimage","url":"https:\/\/www.anovapeneira.gal\/wp-content\/uploads\/2020\/09\/Eurocidade_Cerveira-Tomino_a_nova_peneira.jpg","contentUrl":"https:\/\/www.anovapeneira.gal\/wp-content\/uploads\/2020\/09\/Eurocidade_Cerveira-Tomino_a_nova_peneira.jpg","width":720,"height":432,"caption":"A Eurocidade Cerveira-Tomi\u00f1o planta a \u2018\u00c1rbore da Amizade\u2019"},{"@type":"BreadcrumbList","@id":"https:\/\/www.anovapeneira.gal\/index.php\/2020\/10\/01\/a-eurocidade-cerveira-tomino-planta-a-arbore-da-amizade\/#breadcrumb","itemListElement":[{"@type":"ListItem","position":1,"name":"Portada","item":"https:\/\/www.anovapeneira.gal\/"},{"@type":"ListItem","position":2,"name":"A Eurocidade Cerveira-Tomi\u00f1o planta a \u2018\u00c1rbore da Amizade\u2019"}]},{"@type":"WebSite","@id":"https:\/\/www.anovapeneira.gal\/#website","url":"https:\/\/www.anovapeneira.gal\/","name":"","description":"Xornal galego de informaci\u00f3n xeral Publicaci\u00f3n mensual de novas de Galicia e en especial dos Concellos da sur da provincia de Pontevedra.","publisher":{"@id":"https:\/\/www.anovapeneira.gal\/#organization"},"potentialAction":[{"@type":"SearchAction","target":{"@type":"EntryPoint","urlTemplate":"https:\/\/www.anovapeneira.gal\/?s={search_term_string}"},"query-input":{"@type":"PropertyValueSpecification","valueRequired":true,"valueName":"search_term_string"}}],"inLanguage":"gl-ES"},{"@type":"Organization","@id":"https:\/\/www.anovapeneira.gal\/#organization","name":"A Nova Peneira","url":"https:\/\/www.anovapeneira.gal\/","logo":{"@type":"ImageObject","inLanguage":"gl-ES","@id":"https:\/\/www.anovapeneira.gal\/#\/schema\/logo\/image\/","url":"http:\/\/www.anovapeneira.gal\/wp-content\/uploads\/2019\/06\/logo_a_nova_peneira_portal_web.png","contentUrl":"http:\/\/www.anovapeneira.gal\/wp-content\/uploads\/2019\/06\/logo_a_nova_peneira_portal_web.png","width":300,"height":100,"caption":"A Nova Peneira"},"image":{"@id":"https:\/\/www.anovapeneira.gal\/#\/schema\/logo\/image\/"},"sameAs":["https:\/\/www.facebook.com\/anovapeneira","https:\/\/x.com\/APeneira"]},{"@type":"Person","@id":"https:\/\/www.anovapeneira.gal\/#\/schema\/person\/b93e3f8932e3f8da96334607eb6ac6aa","name":"Redacci\u00f3n A Nova Peneira","image":{"@type":"ImageObject","inLanguage":"gl-ES","@id":"https:\/\/secure.gravatar.com\/avatar\/c052a2551a06e23fac63626232eaa90abd78dbcf1700fc46a2b2c89fd27b735f?s=96&d=mm&r=g","url":"https:\/\/secure.gravatar.com\/avatar\/c052a2551a06e23fac63626232eaa90abd78dbcf1700fc46a2b2c89fd27b735f?s=96&d=mm&r=g","contentUrl":"https:\/\/secure.gravatar.com\/avatar\/c052a2551a06e23fac63626232eaa90abd78dbcf1700fc46a2b2c89fd27b735f?s=96&d=mm&r=g","caption":"Redacci\u00f3n A Nova Peneira"},"sameAs":["http:\/\/www.anovapeneira.gal\/"],"url":"https:\/\/www.anovapeneira.gal\/index.php\/author\/redactor\/"}]}},"jetpack_featured_media_url":"https:\/\/www.anovapeneira.gal\/wp-content\/uploads\/2020\/09\/Eurocidade_Cerveira-Tomino_a_nova_peneira.jpg","_links":{"self":[{"href":"https:\/\/www.anovapeneira.gal\/index.php\/wp-json\/wp\/v2\/posts\/4019","targetHints":{"allow":["GET"]}}],"collection":[{"href":"https:\/\/www.anovapeneira.gal\/index.php\/wp-json\/wp\/v2\/posts"}],"about":[{"href":"https:\/\/www.anovapeneira.gal\/index.php\/wp-json\/wp\/v2\/types\/post"}],"author":[{"embeddable":true,"href":"https:\/\/www.anovapeneira.gal\/index.php\/wp-json\/wp\/v2\/users\/3"}],"replies":[{"embeddable":true,"href":"https:\/\/www.anovapeneira.gal\/index.php\/wp-json\/wp\/v2\/comments?post=4019"}],"version-history":[{"count":1,"href":"https:\/\/www.anovapeneira.gal\/index.php\/wp-json\/wp\/v2\/posts\/4019\/revisions"}],"predecessor-version":[{"id":4021,"href":"https:\/\/www.anovapeneira.gal\/index.php\/wp-json\/wp\/v2\/posts\/4019\/revisions\/4021"}],"wp:featuredmedia":[{"embeddable":true,"href":"https:\/\/www.anovapeneira.gal\/index.php\/wp-json\/wp\/v2\/media\/4020"}],"wp:attachment":[{"href":"https:\/\/www.anovapeneira.gal\/index.php\/wp-json\/wp\/v2\/media?parent=4019"}],"wp:term":[{"taxonomy":"category","embeddable":true,"href":"https:\/\/www.anovapeneira.gal\/index.php\/wp-json\/wp\/v2\/categories?post=4019"},{"taxonomy":"post_tag","embeddable":true,"href":"https:\/\/www.anovapeneira.gal\/index.php\/wp-json\/wp\/v2\/tags?post=4019"}],"curies":[{"name":"wp","href":"https:\/\/api.w.org\/{rel}","templated":true}]}}