{"id":4030,"date":"2020-10-05T10:00:53","date_gmt":"2020-10-05T08:00:53","guid":{"rendered":"http:\/\/www.anovapeneira.gal\/?p=4030"},"modified":"2020-10-04T19:17:28","modified_gmt":"2020-10-04T17:17:28","slug":"a-cidade-o-noso-habitat","status":"publish","type":"post","link":"https:\/\/www.anovapeneira.gal\/index.php\/2020\/10\/05\/a-cidade-o-noso-habitat\/","title":{"rendered":"A cidade, o noso h\u00e1bitat"},"content":{"rendered":"\n<pre class=\"wp-block-preformatted\"><strong>[Crist\u00f3bal L\u00f3pez e Xaqu\u00edn Pastoriza, Ecoloxistas en Acci\u00f3n Vigo]<\/strong><\/pre>\n\n\n\n<p><em>\u201c(&#8230;) a cidade representa para o home a tentativa m\u00e1is coherente e, en xeral, a m\u00e1is satisfactoria de recrear o mundo en que vive de acordo ao seu propio desexo. Pero se a cidade \u00e9 o mundo que o home creou, tam\u00e9n constit\u00fae o mundo onde est\u00e1 condenado a vivir en diante. As\u00ed pois, indirectamente e sen ter plena conciencia da natureza da s\u00faa obra, ao crear a cidade, o home recr\u00e9ase a si mesmo.\u201d&nbsp; (Robert&nbsp; Park)<\/em><\/p>\n\n\n\n<p>Por moita nostalxia ruralita que aflore no discurso urbanita o certo \u00e9 que as cidades son o h\u00e1bitat escollido pola meirande parte da humanidade. Por iso necesitamos cidades dese\u00f1adas para que os seus concidad\u00e1ns poidan satisfacer as s\u00faas necesidades e desenvolver os seus desexos, pero cidades dese\u00f1adas de abaixo a arriba polas bulliciosas e diversas comunidades que nela habitan. Cidades onde as r\u00faas sexan un espazo de convivencia e non un mero intersticio de tr\u00e1nsito herm\u00e9tico ao seu entorno.&nbsp;<\/p>\n\n\n\n<p>A planificaci\u00f3n imperativa e miope que todo o zonifica entregou a cidade ao coche entroniz\u00e1ndoo como dono e se\u00f1or das r\u00faas. Pero non personifiquemos no coche todos os males, a anomia social, consecuencia do individualismo imperante, menoscaba en maior medida a capacidade da r\u00faa para construir comunidade entorno a ela.&nbsp;<\/p>\n\n\n\n<p>O individualismo indiferente ao seu entorno, casa-coche-casa, incapaz de desbordar o seu status de transe\u00fante, vive atemorizado de pisar a r\u00faa como un viandante m\u00e1is do vecindario. Un temor alimentado pola sensaci\u00f3n de inseguridade nos espazos com\u00fans abertos que que nos inocula o sistema e paradoxicamente pola nesesidade do propio individuo de atesourar a s\u00faa minguante intimidadade para protexerse da asimilaci\u00f3n absoluta que ese mesmo sistema necesita para prolongarse.&nbsp;<\/p>\n\n\n\n<p>Contra esta corrente tan destructiva dos valores comunitarios a vecindade debe reconstruir lazos comunitarios para presionar aos poderes p\u00fablicos na li\u00f1a doutro modelo de cidade, cun urbanismo participativo que estea ao servizo das com\u00fans e non de determinados intereses econ\u00f3micos<\/p>\n\n\n\n<p>Neste puxa contra a anomia social non podemos seguir transaccionando o presente co pasado. Temos que encarar o futuro abrindo a r\u00faa as nenas e nenos, amos\u00e1ndolles desde o respecto a diversidade a implicarse co entorno para medrar nunha comunidade forte, capaz de facer fronte aos retos vindeiros. Consumar o efecto trinquete \u00e9 esencial, unha tarefa que ben paga unha vida adicada a ela.<\/p>\n\n\n\n<p>Non \u00e9 \u00f3bice, pero axudar\u00eda deixar de construir cidades difusas a golpe de paralel\u00f3grafo e tirali\u00f1as, cidades segmentadas en zonas monofuncionais que obrigan a maiores desplazamentos dos seus habitantes para poder desenvolver a s\u00faa vida coti\u00e1, cidades&nbsp; cun uso do solo cada vez m\u00e1is especializado que se expanden sen presi\u00f3n demogr\u00e1fica. Necesitamos cidades con barriadas multifuncionais nas que o pequeno comercio diseminado por ela provea na proximidade espacial e na cercan\u00eda humana aos seus habitantes. Cidades feitas a p\u00e9 con m\u00e1is viandantes e menos transe\u00fantes.<\/p>\n\n\n\n<p>A subordinaci\u00f3n do noso modelo de cidade \u00e1s necesidades dun sistema econ\u00f3mico inhumano se paga con morte prematura. A nosa sumisi\u00f3n deixa as nosas costas un ronsel de vidas truncadas por envelenamento pola contaminaci\u00f3n, por accidentes e atropelos ou sinxelamente arremolinadas ps\u00edquicamente pola voraxine mercantilista.&nbsp;<\/p>\n\n\n\n<p>Desterrar os malos fumes das nosas r\u00faas e pacificar as\u00ed o tr\u00e1fico \u00e9 un primer paso imprescindible para recuperar os espazos p\u00fablicos pero estos espazos reconquistados non ser\u00e1n comunitarios senon vivimos a extramuros de nosas guaridas e asumimos as r\u00faas como unha propiedade colectiva da que todas debemos coidar para poder desfrutar delas. E coidar non se reduce a patrullar as r\u00faas para garantir a s\u00faa seguridade, coidar abrangue a interacci\u00f3n necesaria para facer delas un espazo bullicioso \u00e1 par que amable e acolledor. Un lugar onde a solidariedade cotice ao alza.&nbsp;<\/p>\n\n\n\n<p>A xentrificaci\u00f3n e turistificaci\u00f3n das cidades \u00e9 outra forma de depredaci\u00f3n urban\u00edstica que concibe as r\u00faas como unha mestura de museo, mercado e instalaci\u00f3n hosteleira. Fronte a esta visi\u00f3n da r\u00faa e o barrio como mercador\u00edas, fronte a esta acumulaci\u00f3n por desposesi\u00f3n dunha veci\u00f1anza desprazada dos centros urbanos c\u00f3mpre reivindicar o tecido social, a r\u00faa como espazo de convivencia e sociabilidade, a cultura de barrio&nbsp;<\/p>\n\n\n\n<p>Unha das cuesti\u00f3ns m\u00e1is importantes \u00e1 hora de reivindicar o dereito \u00e1 cidade \u00e9 o dereito \u00e1 vivenda, alicerce fundamental dunha existencia digna. Por desgraza a especulaci\u00f3n inmobiliaria fai dese dereito un negocio en mans de bancos e fondos voitre, privando a amplos sectores das capas populares, especialmente \u00e1 mocidade, da accesibilidade a unha vivenda. \u00c9 por elo que os poderes p\u00fablicos deben intervir para regular o prezo do aluguer, po\u00f1er no mercado as vivendas baleiras e constru\u00edr un amplo parque de vivenda p\u00fablica que permita levar \u00e1 pr\u00e1ctica este dereito. Deber\u00eda priorizarse a construcci\u00f3n ecol\u00f3xica e a dotaci\u00f3n de zonas verdes e espazos comunitarios. Non podemos deixar a vivenda, os barrios, e por extensi\u00f3n as nosas cidades en mans dos mercados.&nbsp;<\/p>\n\n\n\n<p>Tr\u00e1tase de po\u00f1er en marcha procesos de creaci\u00f3n colectiva que xeneren espazos vivos desde os que ir cambiando o modelo social neoliberal, con ferramentas como a municipalizaci\u00f3n, xunto con iniciativas de transici\u00f3n ecol\u00f3xica urxentes e coa posta en marcha de novos programas sociais que tendan a garantir as condici\u00f3ns dunha vida digna para todas.&nbsp;<\/p>\n\n\n\n<p>No envite vainos a pervivencia como especie e a sa\u00fade do noso planeta. S\u00f3 desde a perspectiva comunitaria podemos abordar as medidas ineludibles para que haxe un ma\u00f1\u00e1 de ceos l\u00edmpidos e sol misericorde. A tradici\u00f3n ecosocialista leva tempo preconizandoas: decrecemento e redistribuci\u00f3n da riqueza. A cidade como instrumento para a acumulaci\u00f3n de capital ou a cidade como h\u00e1bitat, como espazo para a vida en com\u00fan.<\/p>\n","protected":false},"excerpt":{"rendered":"<div class=\"mh-excerpt\"><p>a cidade representa para o home a tentativa m\u00e1is coherente e, en xeral, a m\u00e1is satisfactoria de recrear o mundo en que vive de acordo ao seu propio desexo <a class=\"mh-excerpt-more\" href=\"https:\/\/www.anovapeneira.gal\/index.php\/2020\/10\/05\/a-cidade-o-noso-habitat\/\" title=\"A cidade, o noso h\u00e1bitat\">[&#8230;]<\/a><\/p>\n<\/div>","protected":false},"author":13,"featured_media":4034,"comment_status":"open","ping_status":"open","sticky":false,"template":"","format":"standard","meta":{"_exactmetrics_skip_tracking":false,"_exactmetrics_sitenote_active":false,"_exactmetrics_sitenote_note":"","_exactmetrics_sitenote_category":0,"footnotes":""},"categories":[263],"tags":[1200],"class_list":{"0":"post-4030","1":"post","2":"type-post","3":"status-publish","4":"format-standard","5":"has-post-thumbnail","7":"category-novas","8":"tag-dia-mundial-do-habitat"},"yoast_head":"<!-- This site is optimized with the Yoast SEO plugin v27.4 - https:\/\/yoast.com\/product\/yoast-seo-wordpress\/ -->\n<title>A cidade, o noso h\u00e1bitat -<\/title>\n<meta name=\"description\" content=\"A cidade o noso h\u00e1bitat d\u00eda mundial do h\u00e1bitat vivienda para todos un mellor futuro urbano\" \/>\n<meta name=\"robots\" content=\"index, follow, max-snippet:-1, max-image-preview:large, max-video-preview:-1\" \/>\n<link rel=\"canonical\" href=\"https:\/\/www.anovapeneira.gal\/index.php\/2020\/10\/05\/a-cidade-o-noso-habitat\/\" \/>\n<meta property=\"og:locale\" content=\"gl_ES\" \/>\n<meta property=\"og:type\" content=\"article\" \/>\n<meta property=\"og:title\" content=\"A cidade, o noso h\u00e1bitat -\" \/>\n<meta property=\"og:description\" content=\"A cidade o noso h\u00e1bitat d\u00eda mundial do h\u00e1bitat vivienda para todos un mellor futuro urbano\" \/>\n<meta property=\"og:url\" content=\"https:\/\/www.anovapeneira.gal\/index.php\/2020\/10\/05\/a-cidade-o-noso-habitat\/\" \/>\n<meta property=\"article:publisher\" content=\"https:\/\/www.facebook.com\/anovapeneira\" \/>\n<meta property=\"article:published_time\" content=\"2020-10-05T08:00:53+00:00\" \/>\n<meta property=\"og:image\" content=\"https:\/\/www.anovapeneira.gal\/wp-content\/uploads\/2020\/10\/dia_mundial_do_habitat_a_nova_peneira.jpg\" \/>\n\t<meta property=\"og:image:width\" content=\"720\" \/>\n\t<meta property=\"og:image:height\" content=\"432\" \/>\n\t<meta property=\"og:image:type\" content=\"image\/jpeg\" \/>\n<meta name=\"author\" content=\"Cristobal L\u00f3pez\" \/>\n<meta name=\"twitter:card\" content=\"summary_large_image\" \/>\n<meta name=\"twitter:creator\" content=\"@APeneira\" \/>\n<meta name=\"twitter:site\" content=\"@APeneira\" \/>\n<meta name=\"twitter:label1\" content=\"Escrito por\" \/>\n\t<meta name=\"twitter:data1\" content=\"Cristobal L\u00f3pez\" \/>\n\t<meta name=\"twitter:label2\" content=\"Tempo de lectura\" \/>\n\t<meta name=\"twitter:data2\" content=\"5 minutos\" \/>\n<script type=\"application\/ld+json\" class=\"yoast-schema-graph\">{\"@context\":\"https:\\\/\\\/schema.org\",\"@graph\":[{\"@type\":\"Article\",\"@id\":\"https:\\\/\\\/www.anovapeneira.gal\\\/index.php\\\/2020\\\/10\\\/05\\\/a-cidade-o-noso-habitat\\\/#article\",\"isPartOf\":{\"@id\":\"https:\\\/\\\/www.anovapeneira.gal\\\/index.php\\\/2020\\\/10\\\/05\\\/a-cidade-o-noso-habitat\\\/\"},\"author\":{\"name\":\"Cristobal L\u00f3pez\",\"@id\":\"https:\\\/\\\/www.anovapeneira.gal\\\/#\\\/schema\\\/person\\\/45b3df2338e4d898b7616809f9c5906c\"},\"headline\":\"A cidade, o noso h\u00e1bitat\",\"datePublished\":\"2020-10-05T08:00:53+00:00\",\"mainEntityOfPage\":{\"@id\":\"https:\\\/\\\/www.anovapeneira.gal\\\/index.php\\\/2020\\\/10\\\/05\\\/a-cidade-o-noso-habitat\\\/\"},\"wordCount\":1006,\"commentCount\":0,\"publisher\":{\"@id\":\"https:\\\/\\\/www.anovapeneira.gal\\\/#organization\"},\"image\":{\"@id\":\"https:\\\/\\\/www.anovapeneira.gal\\\/index.php\\\/2020\\\/10\\\/05\\\/a-cidade-o-noso-habitat\\\/#primaryimage\"},\"thumbnailUrl\":\"https:\\\/\\\/www.anovapeneira.gal\\\/wp-content\\\/uploads\\\/2020\\\/10\\\/dia_mundial_do_habitat_a_nova_peneira.jpg\",\"keywords\":[\"D\u00eda Mundial do h\u00e1bitat\"],\"articleSection\":[\"Novas\"],\"inLanguage\":\"gl-ES\",\"potentialAction\":[{\"@type\":\"CommentAction\",\"name\":\"Comment\",\"target\":[\"https:\\\/\\\/www.anovapeneira.gal\\\/index.php\\\/2020\\\/10\\\/05\\\/a-cidade-o-noso-habitat\\\/#respond\"]}]},{\"@type\":\"WebPage\",\"@id\":\"https:\\\/\\\/www.anovapeneira.gal\\\/index.php\\\/2020\\\/10\\\/05\\\/a-cidade-o-noso-habitat\\\/\",\"url\":\"https:\\\/\\\/www.anovapeneira.gal\\\/index.php\\\/2020\\\/10\\\/05\\\/a-cidade-o-noso-habitat\\\/\",\"name\":\"A cidade, o noso h\u00e1bitat -\",\"isPartOf\":{\"@id\":\"https:\\\/\\\/www.anovapeneira.gal\\\/#website\"},\"primaryImageOfPage\":{\"@id\":\"https:\\\/\\\/www.anovapeneira.gal\\\/index.php\\\/2020\\\/10\\\/05\\\/a-cidade-o-noso-habitat\\\/#primaryimage\"},\"image\":{\"@id\":\"https:\\\/\\\/www.anovapeneira.gal\\\/index.php\\\/2020\\\/10\\\/05\\\/a-cidade-o-noso-habitat\\\/#primaryimage\"},\"thumbnailUrl\":\"https:\\\/\\\/www.anovapeneira.gal\\\/wp-content\\\/uploads\\\/2020\\\/10\\\/dia_mundial_do_habitat_a_nova_peneira.jpg\",\"datePublished\":\"2020-10-05T08:00:53+00:00\",\"description\":\"A cidade o noso h\u00e1bitat d\u00eda mundial do h\u00e1bitat vivienda para todos un mellor futuro urbano\",\"breadcrumb\":{\"@id\":\"https:\\\/\\\/www.anovapeneira.gal\\\/index.php\\\/2020\\\/10\\\/05\\\/a-cidade-o-noso-habitat\\\/#breadcrumb\"},\"inLanguage\":\"gl-ES\",\"potentialAction\":[{\"@type\":\"ReadAction\",\"target\":[\"https:\\\/\\\/www.anovapeneira.gal\\\/index.php\\\/2020\\\/10\\\/05\\\/a-cidade-o-noso-habitat\\\/\"]}]},{\"@type\":\"ImageObject\",\"inLanguage\":\"gl-ES\",\"@id\":\"https:\\\/\\\/www.anovapeneira.gal\\\/index.php\\\/2020\\\/10\\\/05\\\/a-cidade-o-noso-habitat\\\/#primaryimage\",\"url\":\"https:\\\/\\\/www.anovapeneira.gal\\\/wp-content\\\/uploads\\\/2020\\\/10\\\/dia_mundial_do_habitat_a_nova_peneira.jpg\",\"contentUrl\":\"https:\\\/\\\/www.anovapeneira.gal\\\/wp-content\\\/uploads\\\/2020\\\/10\\\/dia_mundial_do_habitat_a_nova_peneira.jpg\",\"width\":720,\"height\":432},{\"@type\":\"BreadcrumbList\",\"@id\":\"https:\\\/\\\/www.anovapeneira.gal\\\/index.php\\\/2020\\\/10\\\/05\\\/a-cidade-o-noso-habitat\\\/#breadcrumb\",\"itemListElement\":[{\"@type\":\"ListItem\",\"position\":1,\"name\":\"Portada\",\"item\":\"https:\\\/\\\/www.anovapeneira.gal\\\/\"},{\"@type\":\"ListItem\",\"position\":2,\"name\":\"A cidade, o noso h\u00e1bitat\"}]},{\"@type\":\"WebSite\",\"@id\":\"https:\\\/\\\/www.anovapeneira.gal\\\/#website\",\"url\":\"https:\\\/\\\/www.anovapeneira.gal\\\/\",\"name\":\"\",\"description\":\"Xornal galego de informaci\u00f3n xeral Publicaci\u00f3n mensual de novas de Galicia e en especial dos Concellos da sur da provincia de Pontevedra.\",\"publisher\":{\"@id\":\"https:\\\/\\\/www.anovapeneira.gal\\\/#organization\"},\"potentialAction\":[{\"@type\":\"SearchAction\",\"target\":{\"@type\":\"EntryPoint\",\"urlTemplate\":\"https:\\\/\\\/www.anovapeneira.gal\\\/?s={search_term_string}\"},\"query-input\":{\"@type\":\"PropertyValueSpecification\",\"valueRequired\":true,\"valueName\":\"search_term_string\"}}],\"inLanguage\":\"gl-ES\"},{\"@type\":\"Organization\",\"@id\":\"https:\\\/\\\/www.anovapeneira.gal\\\/#organization\",\"name\":\"A Nova Peneira\",\"url\":\"https:\\\/\\\/www.anovapeneira.gal\\\/\",\"logo\":{\"@type\":\"ImageObject\",\"inLanguage\":\"gl-ES\",\"@id\":\"https:\\\/\\\/www.anovapeneira.gal\\\/#\\\/schema\\\/logo\\\/image\\\/\",\"url\":\"http:\\\/\\\/www.anovapeneira.gal\\\/wp-content\\\/uploads\\\/2019\\\/06\\\/logo_a_nova_peneira_portal_web.png\",\"contentUrl\":\"http:\\\/\\\/www.anovapeneira.gal\\\/wp-content\\\/uploads\\\/2019\\\/06\\\/logo_a_nova_peneira_portal_web.png\",\"width\":300,\"height\":100,\"caption\":\"A Nova Peneira\"},\"image\":{\"@id\":\"https:\\\/\\\/www.anovapeneira.gal\\\/#\\\/schema\\\/logo\\\/image\\\/\"},\"sameAs\":[\"https:\\\/\\\/www.facebook.com\\\/anovapeneira\",\"https:\\\/\\\/x.com\\\/APeneira\"]},{\"@type\":\"Person\",\"@id\":\"https:\\\/\\\/www.anovapeneira.gal\\\/#\\\/schema\\\/person\\\/45b3df2338e4d898b7616809f9c5906c\",\"name\":\"Cristobal L\u00f3pez\",\"image\":{\"@type\":\"ImageObject\",\"inLanguage\":\"gl-ES\",\"@id\":\"https:\\\/\\\/secure.gravatar.com\\\/avatar\\\/b537cf06ef8166c9ef72b09f4d5f6446b1e22ea99505d94e40b8685710482f79?s=96&d=mm&r=g\",\"url\":\"https:\\\/\\\/secure.gravatar.com\\\/avatar\\\/b537cf06ef8166c9ef72b09f4d5f6446b1e22ea99505d94e40b8685710482f79?s=96&d=mm&r=g\",\"contentUrl\":\"https:\\\/\\\/secure.gravatar.com\\\/avatar\\\/b537cf06ef8166c9ef72b09f4d5f6446b1e22ea99505d94e40b8685710482f79?s=96&d=mm&r=g\",\"caption\":\"Cristobal L\u00f3pez\"},\"sameAs\":[\"http:\\\/\\\/anovapeneira.gal\"],\"url\":\"https:\\\/\\\/www.anovapeneira.gal\\\/index.php\\\/author\\\/opinioncristoballopez\\\/\"}]}<\/script>\n<!-- \/ Yoast SEO plugin. -->","yoast_head_json":{"title":"A cidade, o noso h\u00e1bitat -","description":"A cidade o noso h\u00e1bitat d\u00eda mundial do h\u00e1bitat vivienda para todos un mellor futuro urbano","robots":{"index":"index","follow":"follow","max-snippet":"max-snippet:-1","max-image-preview":"max-image-preview:large","max-video-preview":"max-video-preview:-1"},"canonical":"https:\/\/www.anovapeneira.gal\/index.php\/2020\/10\/05\/a-cidade-o-noso-habitat\/","og_locale":"gl_ES","og_type":"article","og_title":"A cidade, o noso h\u00e1bitat -","og_description":"A cidade o noso h\u00e1bitat d\u00eda mundial do h\u00e1bitat vivienda para todos un mellor futuro urbano","og_url":"https:\/\/www.anovapeneira.gal\/index.php\/2020\/10\/05\/a-cidade-o-noso-habitat\/","article_publisher":"https:\/\/www.facebook.com\/anovapeneira","article_published_time":"2020-10-05T08:00:53+00:00","og_image":[{"width":720,"height":432,"url":"https:\/\/www.anovapeneira.gal\/wp-content\/uploads\/2020\/10\/dia_mundial_do_habitat_a_nova_peneira.jpg","type":"image\/jpeg"}],"author":"Cristobal L\u00f3pez","twitter_card":"summary_large_image","twitter_creator":"@APeneira","twitter_site":"@APeneira","twitter_misc":{"Escrito por":"Cristobal L\u00f3pez","Tempo de lectura":"5 minutos"},"schema":{"@context":"https:\/\/schema.org","@graph":[{"@type":"Article","@id":"https:\/\/www.anovapeneira.gal\/index.php\/2020\/10\/05\/a-cidade-o-noso-habitat\/#article","isPartOf":{"@id":"https:\/\/www.anovapeneira.gal\/index.php\/2020\/10\/05\/a-cidade-o-noso-habitat\/"},"author":{"name":"Cristobal L\u00f3pez","@id":"https:\/\/www.anovapeneira.gal\/#\/schema\/person\/45b3df2338e4d898b7616809f9c5906c"},"headline":"A cidade, o noso h\u00e1bitat","datePublished":"2020-10-05T08:00:53+00:00","mainEntityOfPage":{"@id":"https:\/\/www.anovapeneira.gal\/index.php\/2020\/10\/05\/a-cidade-o-noso-habitat\/"},"wordCount":1006,"commentCount":0,"publisher":{"@id":"https:\/\/www.anovapeneira.gal\/#organization"},"image":{"@id":"https:\/\/www.anovapeneira.gal\/index.php\/2020\/10\/05\/a-cidade-o-noso-habitat\/#primaryimage"},"thumbnailUrl":"https:\/\/www.anovapeneira.gal\/wp-content\/uploads\/2020\/10\/dia_mundial_do_habitat_a_nova_peneira.jpg","keywords":["D\u00eda Mundial do h\u00e1bitat"],"articleSection":["Novas"],"inLanguage":"gl-ES","potentialAction":[{"@type":"CommentAction","name":"Comment","target":["https:\/\/www.anovapeneira.gal\/index.php\/2020\/10\/05\/a-cidade-o-noso-habitat\/#respond"]}]},{"@type":"WebPage","@id":"https:\/\/www.anovapeneira.gal\/index.php\/2020\/10\/05\/a-cidade-o-noso-habitat\/","url":"https:\/\/www.anovapeneira.gal\/index.php\/2020\/10\/05\/a-cidade-o-noso-habitat\/","name":"A cidade, o noso h\u00e1bitat -","isPartOf":{"@id":"https:\/\/www.anovapeneira.gal\/#website"},"primaryImageOfPage":{"@id":"https:\/\/www.anovapeneira.gal\/index.php\/2020\/10\/05\/a-cidade-o-noso-habitat\/#primaryimage"},"image":{"@id":"https:\/\/www.anovapeneira.gal\/index.php\/2020\/10\/05\/a-cidade-o-noso-habitat\/#primaryimage"},"thumbnailUrl":"https:\/\/www.anovapeneira.gal\/wp-content\/uploads\/2020\/10\/dia_mundial_do_habitat_a_nova_peneira.jpg","datePublished":"2020-10-05T08:00:53+00:00","description":"A cidade o noso h\u00e1bitat d\u00eda mundial do h\u00e1bitat vivienda para todos un mellor futuro urbano","breadcrumb":{"@id":"https:\/\/www.anovapeneira.gal\/index.php\/2020\/10\/05\/a-cidade-o-noso-habitat\/#breadcrumb"},"inLanguage":"gl-ES","potentialAction":[{"@type":"ReadAction","target":["https:\/\/www.anovapeneira.gal\/index.php\/2020\/10\/05\/a-cidade-o-noso-habitat\/"]}]},{"@type":"ImageObject","inLanguage":"gl-ES","@id":"https:\/\/www.anovapeneira.gal\/index.php\/2020\/10\/05\/a-cidade-o-noso-habitat\/#primaryimage","url":"https:\/\/www.anovapeneira.gal\/wp-content\/uploads\/2020\/10\/dia_mundial_do_habitat_a_nova_peneira.jpg","contentUrl":"https:\/\/www.anovapeneira.gal\/wp-content\/uploads\/2020\/10\/dia_mundial_do_habitat_a_nova_peneira.jpg","width":720,"height":432},{"@type":"BreadcrumbList","@id":"https:\/\/www.anovapeneira.gal\/index.php\/2020\/10\/05\/a-cidade-o-noso-habitat\/#breadcrumb","itemListElement":[{"@type":"ListItem","position":1,"name":"Portada","item":"https:\/\/www.anovapeneira.gal\/"},{"@type":"ListItem","position":2,"name":"A cidade, o noso h\u00e1bitat"}]},{"@type":"WebSite","@id":"https:\/\/www.anovapeneira.gal\/#website","url":"https:\/\/www.anovapeneira.gal\/","name":"","description":"Xornal galego de informaci\u00f3n xeral Publicaci\u00f3n mensual de novas de Galicia e en especial dos Concellos da sur da provincia de Pontevedra.","publisher":{"@id":"https:\/\/www.anovapeneira.gal\/#organization"},"potentialAction":[{"@type":"SearchAction","target":{"@type":"EntryPoint","urlTemplate":"https:\/\/www.anovapeneira.gal\/?s={search_term_string}"},"query-input":{"@type":"PropertyValueSpecification","valueRequired":true,"valueName":"search_term_string"}}],"inLanguage":"gl-ES"},{"@type":"Organization","@id":"https:\/\/www.anovapeneira.gal\/#organization","name":"A Nova Peneira","url":"https:\/\/www.anovapeneira.gal\/","logo":{"@type":"ImageObject","inLanguage":"gl-ES","@id":"https:\/\/www.anovapeneira.gal\/#\/schema\/logo\/image\/","url":"http:\/\/www.anovapeneira.gal\/wp-content\/uploads\/2019\/06\/logo_a_nova_peneira_portal_web.png","contentUrl":"http:\/\/www.anovapeneira.gal\/wp-content\/uploads\/2019\/06\/logo_a_nova_peneira_portal_web.png","width":300,"height":100,"caption":"A Nova Peneira"},"image":{"@id":"https:\/\/www.anovapeneira.gal\/#\/schema\/logo\/image\/"},"sameAs":["https:\/\/www.facebook.com\/anovapeneira","https:\/\/x.com\/APeneira"]},{"@type":"Person","@id":"https:\/\/www.anovapeneira.gal\/#\/schema\/person\/45b3df2338e4d898b7616809f9c5906c","name":"Cristobal L\u00f3pez","image":{"@type":"ImageObject","inLanguage":"gl-ES","@id":"https:\/\/secure.gravatar.com\/avatar\/b537cf06ef8166c9ef72b09f4d5f6446b1e22ea99505d94e40b8685710482f79?s=96&d=mm&r=g","url":"https:\/\/secure.gravatar.com\/avatar\/b537cf06ef8166c9ef72b09f4d5f6446b1e22ea99505d94e40b8685710482f79?s=96&d=mm&r=g","contentUrl":"https:\/\/secure.gravatar.com\/avatar\/b537cf06ef8166c9ef72b09f4d5f6446b1e22ea99505d94e40b8685710482f79?s=96&d=mm&r=g","caption":"Cristobal L\u00f3pez"},"sameAs":["http:\/\/anovapeneira.gal"],"url":"https:\/\/www.anovapeneira.gal\/index.php\/author\/opinioncristoballopez\/"}]}},"jetpack_featured_media_url":"https:\/\/www.anovapeneira.gal\/wp-content\/uploads\/2020\/10\/dia_mundial_do_habitat_a_nova_peneira.jpg","_links":{"self":[{"href":"https:\/\/www.anovapeneira.gal\/index.php\/wp-json\/wp\/v2\/posts\/4030","targetHints":{"allow":["GET"]}}],"collection":[{"href":"https:\/\/www.anovapeneira.gal\/index.php\/wp-json\/wp\/v2\/posts"}],"about":[{"href":"https:\/\/www.anovapeneira.gal\/index.php\/wp-json\/wp\/v2\/types\/post"}],"author":[{"embeddable":true,"href":"https:\/\/www.anovapeneira.gal\/index.php\/wp-json\/wp\/v2\/users\/13"}],"replies":[{"embeddable":true,"href":"https:\/\/www.anovapeneira.gal\/index.php\/wp-json\/wp\/v2\/comments?post=4030"}],"version-history":[{"count":3,"href":"https:\/\/www.anovapeneira.gal\/index.php\/wp-json\/wp\/v2\/posts\/4030\/revisions"}],"predecessor-version":[{"id":4033,"href":"https:\/\/www.anovapeneira.gal\/index.php\/wp-json\/wp\/v2\/posts\/4030\/revisions\/4033"}],"wp:featuredmedia":[{"embeddable":true,"href":"https:\/\/www.anovapeneira.gal\/index.php\/wp-json\/wp\/v2\/media\/4034"}],"wp:attachment":[{"href":"https:\/\/www.anovapeneira.gal\/index.php\/wp-json\/wp\/v2\/media?parent=4030"}],"wp:term":[{"taxonomy":"category","embeddable":true,"href":"https:\/\/www.anovapeneira.gal\/index.php\/wp-json\/wp\/v2\/categories?post=4030"},{"taxonomy":"post_tag","embeddable":true,"href":"https:\/\/www.anovapeneira.gal\/index.php\/wp-json\/wp\/v2\/tags?post=4030"}],"curies":[{"name":"wp","href":"https:\/\/api.w.org\/{rel}","templated":true}]}}