{"id":4036,"date":"2020-10-05T12:00:22","date_gmt":"2020-10-05T10:00:22","guid":{"rendered":"http:\/\/www.anovapeneira.gal\/?p=4036"},"modified":"2020-10-04T19:50:04","modified_gmt":"2020-10-04T17:50:04","slug":"ernesto-filgueira-reclama-seguridade-na-ruta-da-freixa-dorna-antes-de-abrila-ao-publico","status":"publish","type":"post","link":"https:\/\/www.anovapeneira.gal\/index.php\/2020\/10\/05\/ernesto-filgueira-reclama-seguridade-na-ruta-da-freixa-dorna-antes-de-abrila-ao-publico\/","title":{"rendered":"Ernesto Filgueira reclama seguridade na ruta da Freixa, Dorna, antes de abrila ao p\u00fablico"},"content":{"rendered":"\n<pre class=\"wp-block-preformatted\"><strong>Ernesto Filgueira Portavoz BNG Cerdedo e Cotobade<\/strong><\/pre>\n\n\n\n<p><strong><em>Ernesto Filgueira:&nbsp;<\/em><\/strong><em>\u201cDende o BNG queremos parabenizar \u00e1 veci\u00f1anza de Santa Mar\u00eda de Sacos por plantexar esta ruta de gran con@do natural, mais debemos reclamar do goberno de Cubela atenci\u00f3n urxente diante do estado de abandono na que se atopa actualmente e pedirlle moderaci\u00f3n \u00e1 hora de promocionala ante a inseguridade que presta parte do seu trazado\u201d.<\/em><\/p>\n\n\n\n<p><strong>Ernesto Filgueira<\/strong>, portavoz municipal do BNG,&nbsp;<strong>expresa a s\u00faa sorpresa&nbsp;<\/strong>pola recente promoci\u00f3n nos medios de comunicaci\u00f3n da&nbsp;<strong>ruta da Freixa da parroquia de Santa Mar\u00eda de Sacos<\/strong>. Isto ser\u00eda recollido polo portavoz e polo conxunto do grupo nacionalista como unha acci\u00f3n positiva e desexable de non ser pola&nbsp;<strong>situaci\u00f3n de abandono e de inseguridade na que se atopa boa parte do itinerario<\/strong>. O BNG agardaba unha intervenci\u00f3n final que garantizase poder abrila ao p\u00fablico xeral nun estado \u00f3ptimo de prestaci\u00f3ns e seguridade logo dos 40.000\u20ac investidos. Mais non foi as\u00ed. Ante a recente nota da alcald\u00eda publicada nos medios de comunicaci\u00f3n, entre outros recursos, f\u00edxose promoci\u00f3n da ruta da Freixa cando esta&nbsp;<strong>presenta serias deficiencias<\/strong>: o itinerairio requiere de&nbsp;<strong>limpeza<\/strong>, da&nbsp;<strong>eliminaci\u00f3n de voluminosos<\/strong>,&nbsp;<b>recheo de <\/b><span style=\"font-weight: 600;\">zahorra<\/span><b> <\/b>compactada nalg\u00fans tramos erosionados pola auga,&nbsp;<strong>re-colocaci\u00f3n dos postes&nbsp;<\/strong>e&nbsp;<strong>reposici\u00f3n das cordas de seguridade<\/strong>. Adem\u00e1is, esixe da&nbsp;<strong>correcta colocaci\u00f3n do mobiliario&nbsp;<\/strong>evitando que se atope apoiada nos valos, erguido con axuda doutros elementos ou mesmo&nbsp;<strong>retirar aquel mobiliario clavado directamente nos carballos<\/strong>.<\/p>\n\n\n\n<p>Para o BNG \u00e9 prioritario que&nbsp;<b>a ruta sexa promocionada cando conte con <\/b><span style=\"font-weight: 600;\">paneis<\/span><b> informativos <\/b>onde se determi\u00f1e o espazo de estacionamento, os datos das bondades naturais e&nbsp;<strong>das s\u00faas caracter\u00edscas xa que \u00e9 unha ruta de dificultade alta no seu tramo final<\/strong>, ao atoparse no can\u00f3n do L\u00e9rez e presentar m\u00e1is dun&nbsp;<strong>65% de inclinaci\u00f3n<\/strong>. Esta caracter\u00edstica que lle aporta valor engadido \u00e1 ruta da Freixa esixe&nbsp;<strong>m\u00e1is revisi\u00f3n<\/strong>,&nbsp;<strong>re-colocaci\u00f3n e mellora das anclaxe dos pasos de ferro que forman a escaleira&nbsp;<\/strong>que descende ata case o nivel das augas do r\u00edo L\u00e9rez, adem\u00e1is da&nbsp;<strong>re-colocaci\u00f3n dos postes e cordas que deben axudar ao paso seguro d@s seus usuari@s. Ernesto Filgueira&nbsp;<\/strong>di \u201cque a ruta da Freixa non presta unhas condici\u00f3ns m\u00ednimas de seguridade que permitan a promoci\u00f3n da mesma e expresa a s\u00faa sorpresa de que o goberno de Jorge Cubela desexe que esa&nbsp;<strong>imaxe actual de desleixo sexa a que queira que leven as e os visitantes que se acheguen a Cerdedo-Cotobade<\/strong>, unha&nbsp;<strong>imaxe negativa tam\u00e9n&nbsp;<\/strong>-por extensi\u00f3n-&nbsp;<strong>para os pequenos negocios de restauraci\u00f3n e os establecementos de turismo rural&nbsp;<\/strong>existentes na contorna\u201d.<\/p>\n\n\n\n<p><strong><em>Ernesto Filgueira:&nbsp;<\/em><\/strong><em>\u201cO pasado d\u00eda 6 rexistrei unha solicitude para que o Alcalde convocase&nbsp;<\/em><strong><em>Xunta de Portavoces<\/em><\/strong><em>, voltei pedilo no Pleno do xoves e de novo solic\u00edtoa a fin de poder trasladarlle -entre outras cues@\u00f3ns- o parecer do BNG ante a situaci\u00f3n desta ruta as\u00ed como ofrecerlle a nosa disposici\u00f3n para contribuir \u00e1 s\u00faa mellora\u201d.<\/em><\/p>\n","protected":false},"excerpt":{"rendered":"<div class=\"mh-excerpt\"><p>Ernesto Filgueira: \u201cDende o BNG queremos parabenizar \u00e1 veci\u00f1anza de Santa Mar\u00eda de Sacos por plantexar esta ruta de gran con@do natural, mais debemos reclamar do goberno de Cubela atenci\u00f3n urxente diante do estado de abandono na que se atopa actualmente e pedirlle moderaci\u00f3n \u00e1 hora de promocionala ante a inseguridade que presta parte do seu trazado\u201d <a class=\"mh-excerpt-more\" href=\"https:\/\/www.anovapeneira.gal\/index.php\/2020\/10\/05\/ernesto-filgueira-reclama-seguridade-na-ruta-da-freixa-dorna-antes-de-abrila-ao-publico\/\" title=\"Ernesto Filgueira reclama seguridade na ruta da Freixa, Dorna, antes de abrila ao p\u00fablico\">[&#8230;]<\/a><\/p>\n<\/div>","protected":false},"author":3,"featured_media":4044,"comment_status":"open","ping_status":"open","sticky":false,"template":"","format":"standard","meta":{"_exactmetrics_skip_tracking":false,"_exactmetrics_sitenote_active":false,"_exactmetrics_sitenote_note":"","_exactmetrics_sitenote_category":0,"footnotes":""},"categories":[26],"tags":[1201],"class_list":{"0":"post-4036","1":"post","2":"type-post","3":"status-publish","4":"format-standard","5":"has-post-thumbnail","7":"category-pontevedra","8":"tag-concello-cerdedo-e-cotobade"},"yoast_head":"<!-- This site is optimized with the Yoast SEO plugin v27.4 - https:\/\/yoast.com\/product\/yoast-seo-wordpress\/ -->\n<title>Ernesto Filgueira reclama seguridade na ruta da Freixa, Dorna, antes de abrila ao p\u00fablico -<\/title>\n<meta name=\"robots\" content=\"index, follow, max-snippet:-1, max-image-preview:large, max-video-preview:-1\" \/>\n<link rel=\"canonical\" href=\"https:\/\/www.anovapeneira.gal\/index.php\/2020\/10\/05\/ernesto-filgueira-reclama-seguridade-na-ruta-da-freixa-dorna-antes-de-abrila-ao-publico\/\" \/>\n<meta property=\"og:locale\" content=\"gl_ES\" \/>\n<meta property=\"og:type\" content=\"article\" \/>\n<meta property=\"og:title\" content=\"Ernesto Filgueira reclama seguridade na ruta da Freixa, Dorna, antes de abrila ao p\u00fablico -\" \/>\n<meta property=\"og:description\" content=\"Ernesto Filgueira: \u201cDende o BNG queremos parabenizar \u00e1 veci\u00f1anza de Santa Mar\u00eda de Sacos por plantexar esta ruta de gran con@do natural, mais debemos reclamar do goberno de Cubela atenci\u00f3n urxente diante do estado de abandono na que se atopa actualmente e pedirlle moderaci\u00f3n \u00e1 hora de promocionala ante a inseguridade que presta parte do seu trazado\u201d [...]\" \/>\n<meta property=\"og:url\" content=\"https:\/\/www.anovapeneira.gal\/index.php\/2020\/10\/05\/ernesto-filgueira-reclama-seguridade-na-ruta-da-freixa-dorna-antes-de-abrila-ao-publico\/\" \/>\n<meta property=\"article:publisher\" content=\"https:\/\/www.facebook.com\/anovapeneira\" \/>\n<meta property=\"article:published_time\" content=\"2020-10-05T10:00:22+00:00\" \/>\n<meta property=\"og:image\" content=\"https:\/\/www.anovapeneira.gal\/wp-content\/uploads\/2020\/10\/seguridade_na_ruta_da_freixa_a_nova_peneira.jpg\" \/>\n\t<meta property=\"og:image:width\" content=\"720\" \/>\n\t<meta property=\"og:image:height\" content=\"432\" \/>\n\t<meta property=\"og:image:type\" content=\"image\/jpeg\" \/>\n<meta name=\"author\" content=\"Redacci\u00f3n A Nova Peneira\" \/>\n<meta name=\"twitter:card\" content=\"summary_large_image\" \/>\n<meta name=\"twitter:creator\" content=\"@APeneira\" \/>\n<meta name=\"twitter:site\" content=\"@APeneira\" \/>\n<meta name=\"twitter:label1\" content=\"Escrito por\" \/>\n\t<meta name=\"twitter:data1\" content=\"Redacci\u00f3n A Nova Peneira\" \/>\n\t<meta name=\"twitter:label2\" content=\"Tempo de lectura\" \/>\n\t<meta name=\"twitter:data2\" content=\"3 minutos\" \/>\n<script type=\"application\/ld+json\" class=\"yoast-schema-graph\">{\"@context\":\"https:\\\/\\\/schema.org\",\"@graph\":[{\"@type\":\"Article\",\"@id\":\"https:\\\/\\\/www.anovapeneira.gal\\\/index.php\\\/2020\\\/10\\\/05\\\/ernesto-filgueira-reclama-seguridade-na-ruta-da-freixa-dorna-antes-de-abrila-ao-publico\\\/#article\",\"isPartOf\":{\"@id\":\"https:\\\/\\\/www.anovapeneira.gal\\\/index.php\\\/2020\\\/10\\\/05\\\/ernesto-filgueira-reclama-seguridade-na-ruta-da-freixa-dorna-antes-de-abrila-ao-publico\\\/\"},\"author\":{\"name\":\"Redacci\u00f3n A Nova Peneira\",\"@id\":\"https:\\\/\\\/www.anovapeneira.gal\\\/#\\\/schema\\\/person\\\/b93e3f8932e3f8da96334607eb6ac6aa\"},\"headline\":\"Ernesto Filgueira reclama seguridade na ruta da Freixa, Dorna, antes de abrila ao p\u00fablico\",\"datePublished\":\"2020-10-05T10:00:22+00:00\",\"mainEntityOfPage\":{\"@id\":\"https:\\\/\\\/www.anovapeneira.gal\\\/index.php\\\/2020\\\/10\\\/05\\\/ernesto-filgueira-reclama-seguridade-na-ruta-da-freixa-dorna-antes-de-abrila-ao-publico\\\/\"},\"wordCount\":560,\"commentCount\":0,\"publisher\":{\"@id\":\"https:\\\/\\\/www.anovapeneira.gal\\\/#organization\"},\"image\":{\"@id\":\"https:\\\/\\\/www.anovapeneira.gal\\\/index.php\\\/2020\\\/10\\\/05\\\/ernesto-filgueira-reclama-seguridade-na-ruta-da-freixa-dorna-antes-de-abrila-ao-publico\\\/#primaryimage\"},\"thumbnailUrl\":\"https:\\\/\\\/www.anovapeneira.gal\\\/wp-content\\\/uploads\\\/2020\\\/10\\\/seguridade_na_ruta_da_freixa_a_nova_peneira.jpg\",\"keywords\":[\"Concello Cerdedo e Cotobade\"],\"articleSection\":[\"Pontevedra\"],\"inLanguage\":\"gl-ES\",\"potentialAction\":[{\"@type\":\"CommentAction\",\"name\":\"Comment\",\"target\":[\"https:\\\/\\\/www.anovapeneira.gal\\\/index.php\\\/2020\\\/10\\\/05\\\/ernesto-filgueira-reclama-seguridade-na-ruta-da-freixa-dorna-antes-de-abrila-ao-publico\\\/#respond\"]}]},{\"@type\":\"WebPage\",\"@id\":\"https:\\\/\\\/www.anovapeneira.gal\\\/index.php\\\/2020\\\/10\\\/05\\\/ernesto-filgueira-reclama-seguridade-na-ruta-da-freixa-dorna-antes-de-abrila-ao-publico\\\/\",\"url\":\"https:\\\/\\\/www.anovapeneira.gal\\\/index.php\\\/2020\\\/10\\\/05\\\/ernesto-filgueira-reclama-seguridade-na-ruta-da-freixa-dorna-antes-de-abrila-ao-publico\\\/\",\"name\":\"Ernesto Filgueira reclama seguridade na ruta da Freixa, Dorna, antes de abrila ao p\u00fablico -\",\"isPartOf\":{\"@id\":\"https:\\\/\\\/www.anovapeneira.gal\\\/#website\"},\"primaryImageOfPage\":{\"@id\":\"https:\\\/\\\/www.anovapeneira.gal\\\/index.php\\\/2020\\\/10\\\/05\\\/ernesto-filgueira-reclama-seguridade-na-ruta-da-freixa-dorna-antes-de-abrila-ao-publico\\\/#primaryimage\"},\"image\":{\"@id\":\"https:\\\/\\\/www.anovapeneira.gal\\\/index.php\\\/2020\\\/10\\\/05\\\/ernesto-filgueira-reclama-seguridade-na-ruta-da-freixa-dorna-antes-de-abrila-ao-publico\\\/#primaryimage\"},\"thumbnailUrl\":\"https:\\\/\\\/www.anovapeneira.gal\\\/wp-content\\\/uploads\\\/2020\\\/10\\\/seguridade_na_ruta_da_freixa_a_nova_peneira.jpg\",\"datePublished\":\"2020-10-05T10:00:22+00:00\",\"breadcrumb\":{\"@id\":\"https:\\\/\\\/www.anovapeneira.gal\\\/index.php\\\/2020\\\/10\\\/05\\\/ernesto-filgueira-reclama-seguridade-na-ruta-da-freixa-dorna-antes-de-abrila-ao-publico\\\/#breadcrumb\"},\"inLanguage\":\"gl-ES\",\"potentialAction\":[{\"@type\":\"ReadAction\",\"target\":[\"https:\\\/\\\/www.anovapeneira.gal\\\/index.php\\\/2020\\\/10\\\/05\\\/ernesto-filgueira-reclama-seguridade-na-ruta-da-freixa-dorna-antes-de-abrila-ao-publico\\\/\"]}]},{\"@type\":\"ImageObject\",\"inLanguage\":\"gl-ES\",\"@id\":\"https:\\\/\\\/www.anovapeneira.gal\\\/index.php\\\/2020\\\/10\\\/05\\\/ernesto-filgueira-reclama-seguridade-na-ruta-da-freixa-dorna-antes-de-abrila-ao-publico\\\/#primaryimage\",\"url\":\"https:\\\/\\\/www.anovapeneira.gal\\\/wp-content\\\/uploads\\\/2020\\\/10\\\/seguridade_na_ruta_da_freixa_a_nova_peneira.jpg\",\"contentUrl\":\"https:\\\/\\\/www.anovapeneira.gal\\\/wp-content\\\/uploads\\\/2020\\\/10\\\/seguridade_na_ruta_da_freixa_a_nova_peneira.jpg\",\"width\":720,\"height\":432,\"caption\":\"rnesto Filgueira reclama seguridade na ruta da Freixa, Dorna, antes de abrila ao p\u00fablico\"},{\"@type\":\"BreadcrumbList\",\"@id\":\"https:\\\/\\\/www.anovapeneira.gal\\\/index.php\\\/2020\\\/10\\\/05\\\/ernesto-filgueira-reclama-seguridade-na-ruta-da-freixa-dorna-antes-de-abrila-ao-publico\\\/#breadcrumb\",\"itemListElement\":[{\"@type\":\"ListItem\",\"position\":1,\"name\":\"Portada\",\"item\":\"https:\\\/\\\/www.anovapeneira.gal\\\/\"},{\"@type\":\"ListItem\",\"position\":2,\"name\":\"Ernesto Filgueira reclama seguridade na ruta da Freixa, Dorna, antes de abrila ao p\u00fablico\"}]},{\"@type\":\"WebSite\",\"@id\":\"https:\\\/\\\/www.anovapeneira.gal\\\/#website\",\"url\":\"https:\\\/\\\/www.anovapeneira.gal\\\/\",\"name\":\"\",\"description\":\"Xornal galego de informaci\u00f3n xeral Publicaci\u00f3n mensual de novas de Galicia e en especial dos Concellos da sur da provincia de Pontevedra.\",\"publisher\":{\"@id\":\"https:\\\/\\\/www.anovapeneira.gal\\\/#organization\"},\"potentialAction\":[{\"@type\":\"SearchAction\",\"target\":{\"@type\":\"EntryPoint\",\"urlTemplate\":\"https:\\\/\\\/www.anovapeneira.gal\\\/?s={search_term_string}\"},\"query-input\":{\"@type\":\"PropertyValueSpecification\",\"valueRequired\":true,\"valueName\":\"search_term_string\"}}],\"inLanguage\":\"gl-ES\"},{\"@type\":\"Organization\",\"@id\":\"https:\\\/\\\/www.anovapeneira.gal\\\/#organization\",\"name\":\"A Nova Peneira\",\"url\":\"https:\\\/\\\/www.anovapeneira.gal\\\/\",\"logo\":{\"@type\":\"ImageObject\",\"inLanguage\":\"gl-ES\",\"@id\":\"https:\\\/\\\/www.anovapeneira.gal\\\/#\\\/schema\\\/logo\\\/image\\\/\",\"url\":\"http:\\\/\\\/www.anovapeneira.gal\\\/wp-content\\\/uploads\\\/2019\\\/06\\\/logo_a_nova_peneira_portal_web.png\",\"contentUrl\":\"http:\\\/\\\/www.anovapeneira.gal\\\/wp-content\\\/uploads\\\/2019\\\/06\\\/logo_a_nova_peneira_portal_web.png\",\"width\":300,\"height\":100,\"caption\":\"A Nova Peneira\"},\"image\":{\"@id\":\"https:\\\/\\\/www.anovapeneira.gal\\\/#\\\/schema\\\/logo\\\/image\\\/\"},\"sameAs\":[\"https:\\\/\\\/www.facebook.com\\\/anovapeneira\",\"https:\\\/\\\/x.com\\\/APeneira\"]},{\"@type\":\"Person\",\"@id\":\"https:\\\/\\\/www.anovapeneira.gal\\\/#\\\/schema\\\/person\\\/b93e3f8932e3f8da96334607eb6ac6aa\",\"name\":\"Redacci\u00f3n A Nova Peneira\",\"image\":{\"@type\":\"ImageObject\",\"inLanguage\":\"gl-ES\",\"@id\":\"https:\\\/\\\/secure.gravatar.com\\\/avatar\\\/c052a2551a06e23fac63626232eaa90abd78dbcf1700fc46a2b2c89fd27b735f?s=96&d=mm&r=g\",\"url\":\"https:\\\/\\\/secure.gravatar.com\\\/avatar\\\/c052a2551a06e23fac63626232eaa90abd78dbcf1700fc46a2b2c89fd27b735f?s=96&d=mm&r=g\",\"contentUrl\":\"https:\\\/\\\/secure.gravatar.com\\\/avatar\\\/c052a2551a06e23fac63626232eaa90abd78dbcf1700fc46a2b2c89fd27b735f?s=96&d=mm&r=g\",\"caption\":\"Redacci\u00f3n A Nova Peneira\"},\"sameAs\":[\"http:\\\/\\\/www.anovapeneira.gal\\\/\"],\"url\":\"https:\\\/\\\/www.anovapeneira.gal\\\/index.php\\\/author\\\/redactor\\\/\"}]}<\/script>\n<!-- \/ Yoast SEO plugin. -->","yoast_head_json":{"title":"Ernesto Filgueira reclama seguridade na ruta da Freixa, Dorna, antes de abrila ao p\u00fablico -","robots":{"index":"index","follow":"follow","max-snippet":"max-snippet:-1","max-image-preview":"max-image-preview:large","max-video-preview":"max-video-preview:-1"},"canonical":"https:\/\/www.anovapeneira.gal\/index.php\/2020\/10\/05\/ernesto-filgueira-reclama-seguridade-na-ruta-da-freixa-dorna-antes-de-abrila-ao-publico\/","og_locale":"gl_ES","og_type":"article","og_title":"Ernesto Filgueira reclama seguridade na ruta da Freixa, Dorna, antes de abrila ao p\u00fablico -","og_description":"Ernesto Filgueira: \u201cDende o BNG queremos parabenizar \u00e1 veci\u00f1anza de Santa Mar\u00eda de Sacos por plantexar esta ruta de gran con@do natural, mais debemos reclamar do goberno de Cubela atenci\u00f3n urxente diante do estado de abandono na que se atopa actualmente e pedirlle moderaci\u00f3n \u00e1 hora de promocionala ante a inseguridade que presta parte do seu trazado\u201d [...]","og_url":"https:\/\/www.anovapeneira.gal\/index.php\/2020\/10\/05\/ernesto-filgueira-reclama-seguridade-na-ruta-da-freixa-dorna-antes-de-abrila-ao-publico\/","article_publisher":"https:\/\/www.facebook.com\/anovapeneira","article_published_time":"2020-10-05T10:00:22+00:00","og_image":[{"width":720,"height":432,"url":"https:\/\/www.anovapeneira.gal\/wp-content\/uploads\/2020\/10\/seguridade_na_ruta_da_freixa_a_nova_peneira.jpg","type":"image\/jpeg"}],"author":"Redacci\u00f3n A Nova Peneira","twitter_card":"summary_large_image","twitter_creator":"@APeneira","twitter_site":"@APeneira","twitter_misc":{"Escrito por":"Redacci\u00f3n A Nova Peneira","Tempo de lectura":"3 minutos"},"schema":{"@context":"https:\/\/schema.org","@graph":[{"@type":"Article","@id":"https:\/\/www.anovapeneira.gal\/index.php\/2020\/10\/05\/ernesto-filgueira-reclama-seguridade-na-ruta-da-freixa-dorna-antes-de-abrila-ao-publico\/#article","isPartOf":{"@id":"https:\/\/www.anovapeneira.gal\/index.php\/2020\/10\/05\/ernesto-filgueira-reclama-seguridade-na-ruta-da-freixa-dorna-antes-de-abrila-ao-publico\/"},"author":{"name":"Redacci\u00f3n A Nova Peneira","@id":"https:\/\/www.anovapeneira.gal\/#\/schema\/person\/b93e3f8932e3f8da96334607eb6ac6aa"},"headline":"Ernesto Filgueira reclama seguridade na ruta da Freixa, Dorna, antes de abrila ao p\u00fablico","datePublished":"2020-10-05T10:00:22+00:00","mainEntityOfPage":{"@id":"https:\/\/www.anovapeneira.gal\/index.php\/2020\/10\/05\/ernesto-filgueira-reclama-seguridade-na-ruta-da-freixa-dorna-antes-de-abrila-ao-publico\/"},"wordCount":560,"commentCount":0,"publisher":{"@id":"https:\/\/www.anovapeneira.gal\/#organization"},"image":{"@id":"https:\/\/www.anovapeneira.gal\/index.php\/2020\/10\/05\/ernesto-filgueira-reclama-seguridade-na-ruta-da-freixa-dorna-antes-de-abrila-ao-publico\/#primaryimage"},"thumbnailUrl":"https:\/\/www.anovapeneira.gal\/wp-content\/uploads\/2020\/10\/seguridade_na_ruta_da_freixa_a_nova_peneira.jpg","keywords":["Concello Cerdedo e Cotobade"],"articleSection":["Pontevedra"],"inLanguage":"gl-ES","potentialAction":[{"@type":"CommentAction","name":"Comment","target":["https:\/\/www.anovapeneira.gal\/index.php\/2020\/10\/05\/ernesto-filgueira-reclama-seguridade-na-ruta-da-freixa-dorna-antes-de-abrila-ao-publico\/#respond"]}]},{"@type":"WebPage","@id":"https:\/\/www.anovapeneira.gal\/index.php\/2020\/10\/05\/ernesto-filgueira-reclama-seguridade-na-ruta-da-freixa-dorna-antes-de-abrila-ao-publico\/","url":"https:\/\/www.anovapeneira.gal\/index.php\/2020\/10\/05\/ernesto-filgueira-reclama-seguridade-na-ruta-da-freixa-dorna-antes-de-abrila-ao-publico\/","name":"Ernesto Filgueira reclama seguridade na ruta da Freixa, Dorna, antes de abrila ao p\u00fablico -","isPartOf":{"@id":"https:\/\/www.anovapeneira.gal\/#website"},"primaryImageOfPage":{"@id":"https:\/\/www.anovapeneira.gal\/index.php\/2020\/10\/05\/ernesto-filgueira-reclama-seguridade-na-ruta-da-freixa-dorna-antes-de-abrila-ao-publico\/#primaryimage"},"image":{"@id":"https:\/\/www.anovapeneira.gal\/index.php\/2020\/10\/05\/ernesto-filgueira-reclama-seguridade-na-ruta-da-freixa-dorna-antes-de-abrila-ao-publico\/#primaryimage"},"thumbnailUrl":"https:\/\/www.anovapeneira.gal\/wp-content\/uploads\/2020\/10\/seguridade_na_ruta_da_freixa_a_nova_peneira.jpg","datePublished":"2020-10-05T10:00:22+00:00","breadcrumb":{"@id":"https:\/\/www.anovapeneira.gal\/index.php\/2020\/10\/05\/ernesto-filgueira-reclama-seguridade-na-ruta-da-freixa-dorna-antes-de-abrila-ao-publico\/#breadcrumb"},"inLanguage":"gl-ES","potentialAction":[{"@type":"ReadAction","target":["https:\/\/www.anovapeneira.gal\/index.php\/2020\/10\/05\/ernesto-filgueira-reclama-seguridade-na-ruta-da-freixa-dorna-antes-de-abrila-ao-publico\/"]}]},{"@type":"ImageObject","inLanguage":"gl-ES","@id":"https:\/\/www.anovapeneira.gal\/index.php\/2020\/10\/05\/ernesto-filgueira-reclama-seguridade-na-ruta-da-freixa-dorna-antes-de-abrila-ao-publico\/#primaryimage","url":"https:\/\/www.anovapeneira.gal\/wp-content\/uploads\/2020\/10\/seguridade_na_ruta_da_freixa_a_nova_peneira.jpg","contentUrl":"https:\/\/www.anovapeneira.gal\/wp-content\/uploads\/2020\/10\/seguridade_na_ruta_da_freixa_a_nova_peneira.jpg","width":720,"height":432,"caption":"rnesto Filgueira reclama seguridade na ruta da Freixa, Dorna, antes de abrila ao p\u00fablico"},{"@type":"BreadcrumbList","@id":"https:\/\/www.anovapeneira.gal\/index.php\/2020\/10\/05\/ernesto-filgueira-reclama-seguridade-na-ruta-da-freixa-dorna-antes-de-abrila-ao-publico\/#breadcrumb","itemListElement":[{"@type":"ListItem","position":1,"name":"Portada","item":"https:\/\/www.anovapeneira.gal\/"},{"@type":"ListItem","position":2,"name":"Ernesto Filgueira reclama seguridade na ruta da Freixa, Dorna, antes de abrila ao p\u00fablico"}]},{"@type":"WebSite","@id":"https:\/\/www.anovapeneira.gal\/#website","url":"https:\/\/www.anovapeneira.gal\/","name":"","description":"Xornal galego de informaci\u00f3n xeral Publicaci\u00f3n mensual de novas de Galicia e en especial dos Concellos da sur da provincia de Pontevedra.","publisher":{"@id":"https:\/\/www.anovapeneira.gal\/#organization"},"potentialAction":[{"@type":"SearchAction","target":{"@type":"EntryPoint","urlTemplate":"https:\/\/www.anovapeneira.gal\/?s={search_term_string}"},"query-input":{"@type":"PropertyValueSpecification","valueRequired":true,"valueName":"search_term_string"}}],"inLanguage":"gl-ES"},{"@type":"Organization","@id":"https:\/\/www.anovapeneira.gal\/#organization","name":"A Nova Peneira","url":"https:\/\/www.anovapeneira.gal\/","logo":{"@type":"ImageObject","inLanguage":"gl-ES","@id":"https:\/\/www.anovapeneira.gal\/#\/schema\/logo\/image\/","url":"http:\/\/www.anovapeneira.gal\/wp-content\/uploads\/2019\/06\/logo_a_nova_peneira_portal_web.png","contentUrl":"http:\/\/www.anovapeneira.gal\/wp-content\/uploads\/2019\/06\/logo_a_nova_peneira_portal_web.png","width":300,"height":100,"caption":"A Nova Peneira"},"image":{"@id":"https:\/\/www.anovapeneira.gal\/#\/schema\/logo\/image\/"},"sameAs":["https:\/\/www.facebook.com\/anovapeneira","https:\/\/x.com\/APeneira"]},{"@type":"Person","@id":"https:\/\/www.anovapeneira.gal\/#\/schema\/person\/b93e3f8932e3f8da96334607eb6ac6aa","name":"Redacci\u00f3n A Nova Peneira","image":{"@type":"ImageObject","inLanguage":"gl-ES","@id":"https:\/\/secure.gravatar.com\/avatar\/c052a2551a06e23fac63626232eaa90abd78dbcf1700fc46a2b2c89fd27b735f?s=96&d=mm&r=g","url":"https:\/\/secure.gravatar.com\/avatar\/c052a2551a06e23fac63626232eaa90abd78dbcf1700fc46a2b2c89fd27b735f?s=96&d=mm&r=g","contentUrl":"https:\/\/secure.gravatar.com\/avatar\/c052a2551a06e23fac63626232eaa90abd78dbcf1700fc46a2b2c89fd27b735f?s=96&d=mm&r=g","caption":"Redacci\u00f3n A Nova Peneira"},"sameAs":["http:\/\/www.anovapeneira.gal\/"],"url":"https:\/\/www.anovapeneira.gal\/index.php\/author\/redactor\/"}]}},"jetpack_featured_media_url":"https:\/\/www.anovapeneira.gal\/wp-content\/uploads\/2020\/10\/seguridade_na_ruta_da_freixa_a_nova_peneira.jpg","_links":{"self":[{"href":"https:\/\/www.anovapeneira.gal\/index.php\/wp-json\/wp\/v2\/posts\/4036","targetHints":{"allow":["GET"]}}],"collection":[{"href":"https:\/\/www.anovapeneira.gal\/index.php\/wp-json\/wp\/v2\/posts"}],"about":[{"href":"https:\/\/www.anovapeneira.gal\/index.php\/wp-json\/wp\/v2\/types\/post"}],"author":[{"embeddable":true,"href":"https:\/\/www.anovapeneira.gal\/index.php\/wp-json\/wp\/v2\/users\/3"}],"replies":[{"embeddable":true,"href":"https:\/\/www.anovapeneira.gal\/index.php\/wp-json\/wp\/v2\/comments?post=4036"}],"version-history":[{"count":8,"href":"https:\/\/www.anovapeneira.gal\/index.php\/wp-json\/wp\/v2\/posts\/4036\/revisions"}],"predecessor-version":[{"id":4045,"href":"https:\/\/www.anovapeneira.gal\/index.php\/wp-json\/wp\/v2\/posts\/4036\/revisions\/4045"}],"wp:featuredmedia":[{"embeddable":true,"href":"https:\/\/www.anovapeneira.gal\/index.php\/wp-json\/wp\/v2\/media\/4044"}],"wp:attachment":[{"href":"https:\/\/www.anovapeneira.gal\/index.php\/wp-json\/wp\/v2\/media?parent=4036"}],"wp:term":[{"taxonomy":"category","embeddable":true,"href":"https:\/\/www.anovapeneira.gal\/index.php\/wp-json\/wp\/v2\/categories?post=4036"},{"taxonomy":"post_tag","embeddable":true,"href":"https:\/\/www.anovapeneira.gal\/index.php\/wp-json\/wp\/v2\/tags?post=4036"}],"curies":[{"name":"wp","href":"https:\/\/api.w.org\/{rel}","templated":true}]}}