{"id":4052,"date":"2020-10-07T10:00:33","date_gmt":"2020-10-07T08:00:33","guid":{"rendered":"http:\/\/www.anovapeneira.gal\/?p=4052"},"modified":"2020-10-04T20:12:14","modified_gmt":"2020-10-04T18:12:14","slug":"a-cola","status":"publish","type":"post","link":"https:\/\/www.anovapeneira.gal\/index.php\/2020\/10\/07\/a-cola\/","title":{"rendered":"A cola"},"content":{"rendered":"\n<figure class=\"wp-block-pullquote is-style-default\"><blockquote><p>\u201c<em>Cando no pasado os cretenses quer\u00edan maldicir a algu\u00e9n, rogaban aos deuses que se visen envoltos nalg\u00fan mal costume\u201d\u00a0<\/em>Montaigne, <em>Ensaios<\/em>.<\/p><\/blockquote><\/figure>\n\n\n\n<figure class=\"wp-block-image size-large is-resized is-style-default\"><img loading=\"lazy\" decoding=\"async\" src=\"http:\/\/www.anovapeneira.gal\/wp-content\/uploads\/2020\/08\/pedro_o_campo_a_nova_peneira.jpg\" alt=\"Pedro Ocampo Esquerda Unida O Porri\u00f1o\" class=\"wp-image-3789\" width=\"95\" height=\"115\"\/><figcaption>Pedro Ocampo Esquerda Unida O Porri\u00f1o<\/figcaption><\/figure>\n\n\n\n<p>Montaigne, nos seus&nbsp;<em>Ensaios<\/em>, cita a Valerio M\u00e1ximo nunha interesante reflexi\u00f3n sobre a forza dos costumes e as dificultades de cambiar facilmente as leis. Atrib\u00fae aos costumes un rostro tir\u00e1nico contra o cal non nos resta liberdade para alzar os ollos. Eu creo tam\u00e9n que os costumes e h\u00e1bitos adquiridos son asumidos como \u201cnatureza\u201d e constit\u00faen un dos males fundamentais da pol\u00edtica e da administraci\u00f3n do p\u00fablico e, en concreto, no eido do municipal.<\/p>\n\n\n\n<p>Os costumes exercen a s\u00faa tiran\u00eda e as persoas aceptan de moi bo grado o seu poder, por iso da pereza, fastidio ou medo que d\u00e1 implicarse e verse sometidas \u00e1 confrontaci\u00f3n co poder, sexa este cal sexa. Unha das consecuencias m\u00e1is graves, ao meu entender, e que repercute de xeito fundamental nas eivas democr\u00e1ticas da nosa sociedade, \u00e9 o xeito que temos de tratar o que se chaman \u201carcas p\u00fablicas\u201d, pero que podemos chamar cartos p\u00fablicos, bens p\u00fablicos ou, en fin, o patrimonio econ\u00f3mico com\u00fan. Para entender mellor o que queiro dicir, vou utilizar unha comparaci\u00f3n co que ocorre cando se celebra un espect\u00e1culo e contemplamos aos personaxes que acoden a el:&nbsp;<\/p>\n\n\n\n<p>A taquilla est\u00e1 aberta e atopamos persoas que xa te\u00f1en nas mans as s\u00faas entradas. Mostran caras de sono e cansazo por ter pasado horas e horas \u00e1 cola; sen embargo, non disimulan a s\u00faa satisfacci\u00f3n pola merecida recompensa.&nbsp;<\/p>\n\n\n\n<p>Moi atr\u00e1s na cola agardan outras persoas. A s\u00faa cara \u00e9 de resignaci\u00f3n e certa angustia; a primeira, pois reco\u00f1ecen que o espect\u00e1culo vale a pena e entenden a afluencia; a segunda, pois temen que cando cheguen adiante xa non queden entradas para elas.&nbsp;<\/p>\n\n\n\n<p>F\u00f3ra da cola hai grupos que charlan, rin, fuman e se distraen despreocupadas, pois te\u00f1en unha persoa na cola para adquirir as s\u00faas entradas. Se observamos ben non se nos escapar\u00e1 que, cando a persoa que estivo na cola se achega ao seu grupo, esta reparte con certa vergo\u00f1a e incomodidade, pois sabe moi ben que nese momento est\u00e1 a ser observada por moita xente que a\u00ednda garda cola.<\/p>\n\n\n\n<p>Cada certo tempo vai chegando tam\u00e9n xente que sen facer cola e, sen decatarse do que te\u00f1en a redor, entran pola porta ensinando a s\u00faa invitaci\u00f3n.<\/p>\n\n\n\n<p>A certa distancia, e de xeito que hai que fixarse moi ben, hai persoas con entradas nas mans que agardan a que as taquillas pechen. Non saben moito do espect\u00e1culo nin lles importa, s\u00f3 que atrae moita xente e, polo tanto, moitos cartos.&nbsp;<\/p>\n\n\n\n<p>Por \u00faltimo, se nos esquecemos das persoas e do bullicio, podemos observar a persoas sentadas no chan, aos marcos da entrada principal, ofrecendo as s\u00faas mans, nas que de cando en vez cae algunha moeda. Tampouco lles importa este ou outros espect\u00e1culos; nin sequera saben deles e, se algo sab\u00edan antes, xa non te\u00f1en esperanzas de poder gozalos dalgunha maneira.<\/p>\n\n\n\n<p>Pois ben, no uso das arcas publicas sucede o mesmo:&nbsp;<\/p>\n\n\n\n<p>Hai persoas que, ben a t\u00edtulo particular ou coma familia; ben como empresas ou aut\u00f3nomas; ben como organizaci\u00f3ns, asociaci\u00f3ns ou clubs; ben como entidades de calquera tipo; acceden aos cartos p\u00fablicos, a trav\u00e9s de axudas, de becas, de contratos, de postos de traballo ou de subvenci\u00f3ns, e o seu comportamento semella o que miramos na cola do espect\u00e1culo:&nbsp;<\/p>\n\n\n\n<p>Algunhas esf\u00f3rzanse, traballan, estudian, compiten ou acceden a un dereito en forma de axuda, en condici\u00f3ns de igualdade. Algunhas o conseguen e outras non pero, en todo caso, aceptan unhas regras de xogo que pensan que son, ou queren que sexan, iguais para todas as persoas.&nbsp;<\/p>\n\n\n\n<p>Outras, cren que por \u201cnatureza\u201d, por amizade, por m\u00e9ritos que se outorgan a se mesmas, ou por pertencer a un \u201cclub exclusivo e exclu\u00ednte\u201d, eses cartos non van estar mellor gastadas que nelas.<\/p>\n\n\n\n<p>Tam\u00e9n est\u00e1n as que, sen implicarse case no p\u00fablico cando se trata de aportar cartos, sen embargo non desaproveitan unha oportunidade para o enriquecemento e o proveito privado usando deles.<\/p>\n\n\n\n<p>Por \u00faltimo, est\u00e1n as que quedan f\u00f3ra e s\u00f3 lles queda vivir aos marxes da sociedade, da \u201cnormalidade\u201d, pois ao final non hai espazo para todas as persoas cando os escenarios fixan uns l\u00edmites estreitos. As causas da s\u00faa situaci\u00f3n son diversas, pero todas te\u00f1en en com\u00fan o esquecemento de quen ten a responsabilidade da xesti\u00f3n do p\u00fablico.&nbsp;<\/p>\n\n\n\n<p>A imaxe d\u00e1 para m\u00e1is e para m\u00e1is personaxes; non pretendo ser exhaustivo sen\u00f3n resaltar o que todos os d\u00edas e todos e todas miramos sen que se vaian po\u00f1endo remedio dunha vez e deixemos de aceptalo como un mal menor do sistema, e non como parte do sistema mesmo.<\/p>\n\n\n\n<p>Somos responsables todos e todas, por aceptar as \u201ctrampas\u201d dende moi abaixo e non atrevernos a denunciar as que se fan continuamente arriba. Pero \u00e9 necesario dicir e po\u00f1er en evidencia as realidades. Sei que isto molesta pois, por desgraza, a quen ten o poder pol\u00edtico, d\u00f3enlle m\u00e1is as palabras que as realidades que esas amosan. Eu doulle a idea de que cambien as realidades e poder\u00e1n baleirar de contido a quen as po\u00f1en de manifesto.<\/p>\n\n\n\n<p>As trampas e as persoas \u201clistas\u201d das colas son posibles porque quen organiza o espect\u00e1culo o permite e \u00e9 responsable de a quen pon na taquilla; \u00e9 responsable de a quen pon a vixiar a entrada; ten a responsabilidade de a quen permite entrar e a quen deixa f\u00f3ra; en fin, ten a responsabilidade de facer un espect\u00e1culo para todas e todos ou s\u00f3 para un grupo limitado. E, moi fundamentalmente, ten a responsabilidade sobre a existencia ou non de:&nbsp;<\/p>\n\n\n\n<p>O clientelismo, o favoritismo, os atallos, a falta de transparencia e participaci\u00f3n, o dedo fronte ao m\u00e9rito ou a libre concorrencia; as trampas fronte \u00e1 aceptaci\u00f3n de regras de xogo aceptadas por toda a comunidade; o tratamento do p\u00fablico como unha oportunidade de negocio e non un ben com\u00fan; e de non favorecer un \u201cmedio ambiente\u201d que faga asfixiante o crecemento e a reproduci\u00f3n das \u201cmalas pr\u00e1cticas\u201d, dos \u201cvicios no uso do p\u00fablico\u201d.&nbsp;<\/p>\n\n\n\n<p>Os bens p\u00fablicos non son de ningu\u00e9n en particular, por iso son un ben com\u00fan, por iso son un ben que pode ser de todos e todas. Os cartos p\u00fablicos son cedidos polos contribu\u00edntes coa condici\u00f3n de que o resto faga o mesmo e que o beneficio non sexa de ningu\u00e9n en particular, sen\u00f3n de toda a comunidade.&nbsp;<\/p>\n\n\n\n<p>Un Estado de Dereito ten a contrapartida dos Deberes e tam\u00e9n \u00e1 inversa, por iso aceptamos a renunciar a unha parte do noso soldo para que te\u00f1amos estradas, colexios, sanidade, recollan o noso lixo ou limpen as r\u00faas. Fac\u00e9molo como un acordo entre toda a cidadan\u00eda polo cal todos e todas facemos o mesmo e todas e todos nos beneficiamos por igual do p\u00fablico. As\u00ed que ning\u00fan goberno pode dispor do p\u00fablico sen dar conta; ningu\u00e9n ten dereito a un beneficio se non o precisa e termos de igualdade cos demais e sendo esta necesidade xustificada; ningu\u00e9n \u00e9 mellor ou pode ser declarada mellor sen igualdade de oportunidades, son competencia leal, sen publicidade e sen transparencia.&nbsp;<\/p>\n\n\n\n<p>En Pol\u00edtica, ademais de cambiar as condici\u00f3ns econ\u00f3micas e sociais, \u00e9 necesario falar con honestidade e valent\u00eda, amosando as realidades e facelo con vistas ao ben com\u00fan; sen ese falar libre e franco, que os gregos denominaban coa palabra&nbsp;<em>Parres\u00eda<\/em>, non hai&nbsp;<em>Democracia<\/em>; o que hai \u00e9 unha aparencia por debaixo da cal seguen os usos e costumes que se impo\u00f1en coma leis. As leis son moi dif\u00edciles de cambiar, pero non \u00e9 imposible. Fai falta vontade e&nbsp;<em>Parres\u00eda<\/em>.<\/p>\n","protected":false},"excerpt":{"rendered":"<div class=\"mh-excerpt\"><p>Montaigne, nos seus Ensaios, cita a Valerio M\u00e1ximo nunha interesante reflexi\u00f3n sobre a forza dos costumes e as dificultades de cambiar facilmente as leis. Atrib\u00fae aos costumes un rostro tir\u00e1nico contra o cal non nos resta liberdade para alzar os ollos <a class=\"mh-excerpt-more\" href=\"https:\/\/www.anovapeneira.gal\/index.php\/2020\/10\/07\/a-cola\/\" title=\"A cola\">[&#8230;]<\/a><\/p>\n<\/div>","protected":false},"author":31,"featured_media":584,"comment_status":"open","ping_status":"open","sticky":false,"template":"","format":"standard","meta":{"_exactmetrics_skip_tracking":false,"_exactmetrics_sitenote_active":false,"_exactmetrics_sitenote_note":"","_exactmetrics_sitenote_category":0,"footnotes":""},"categories":[23,7],"tags":[58],"class_list":{"0":"post-4052","1":"post","2":"type-post","3":"status-publish","4":"format-standard","5":"has-post-thumbnail","7":"category-a-lourina","8":"category-artigos-de-opinion","9":"tag-opinion"},"yoast_head":"<!-- This site is optimized with the Yoast SEO plugin v27.4 - https:\/\/yoast.com\/product\/yoast-seo-wordpress\/ -->\n<title>A cola -<\/title>\n<meta name=\"robots\" content=\"index, follow, max-snippet:-1, max-image-preview:large, max-video-preview:-1\" \/>\n<link rel=\"canonical\" href=\"https:\/\/www.anovapeneira.gal\/index.php\/2020\/10\/07\/a-cola\/\" \/>\n<meta property=\"og:locale\" content=\"gl_ES\" \/>\n<meta property=\"og:type\" content=\"article\" \/>\n<meta property=\"og:title\" content=\"Opini\u00f3n: A Cola, Pedro Ocampo\" \/>\n<meta property=\"og:description\" content=\"Montaigne, nos seus Ensaios, cita a Valerio M\u00e1ximo nunha interesante reflexi\u00f3n sobre a forza dos costumes e as dificultades de cambiar facilmente as leis. Atrib\u00fae aos costumes un rostro tir\u00e1nico contra o cal non nos resta liberdade para alzar os ollos\" \/>\n<meta property=\"og:url\" content=\"https:\/\/www.anovapeneira.gal\/index.php\/2020\/10\/07\/a-cola\/\" \/>\n<meta property=\"article:publisher\" content=\"https:\/\/www.facebook.com\/anovapeneira\" \/>\n<meta property=\"article:published_time\" content=\"2020-10-07T08:00:33+00:00\" \/>\n<meta property=\"og:image\" content=\"https:\/\/www.anovapeneira.gal\/wp-content\/uploads\/2019\/12\/pedro_ocampo_entrevista.jpg\" \/>\n\t<meta property=\"og:image:width\" content=\"720\" \/>\n\t<meta property=\"og:image:height\" content=\"432\" \/>\n\t<meta property=\"og:image:type\" content=\"image\/jpeg\" \/>\n<meta name=\"author\" content=\"Pedro Ocampo\" \/>\n<meta name=\"twitter:card\" content=\"summary_large_image\" \/>\n<meta name=\"twitter:creator\" content=\"@APeneira\" \/>\n<meta name=\"twitter:site\" content=\"@APeneira\" \/>\n<meta name=\"twitter:label1\" content=\"Escrito por\" \/>\n\t<meta name=\"twitter:data1\" content=\"Pedro Ocampo\" \/>\n\t<meta name=\"twitter:label2\" content=\"Tempo de lectura\" \/>\n\t<meta name=\"twitter:data2\" content=\"7 minutos\" \/>\n<script type=\"application\/ld+json\" class=\"yoast-schema-graph\">{\"@context\":\"https:\\\/\\\/schema.org\",\"@graph\":[{\"@type\":\"Article\",\"@id\":\"https:\\\/\\\/www.anovapeneira.gal\\\/index.php\\\/2020\\\/10\\\/07\\\/a-cola\\\/#article\",\"isPartOf\":{\"@id\":\"https:\\\/\\\/www.anovapeneira.gal\\\/index.php\\\/2020\\\/10\\\/07\\\/a-cola\\\/\"},\"author\":{\"name\":\"Pedro Ocampo\",\"@id\":\"https:\\\/\\\/www.anovapeneira.gal\\\/#\\\/schema\\\/person\\\/59f819e7b5b7225b862dd0f3acc152a6\"},\"headline\":\"A cola\",\"datePublished\":\"2020-10-07T08:00:33+00:00\",\"mainEntityOfPage\":{\"@id\":\"https:\\\/\\\/www.anovapeneira.gal\\\/index.php\\\/2020\\\/10\\\/07\\\/a-cola\\\/\"},\"wordCount\":1389,\"commentCount\":0,\"publisher\":{\"@id\":\"https:\\\/\\\/www.anovapeneira.gal\\\/#organization\"},\"image\":{\"@id\":\"https:\\\/\\\/www.anovapeneira.gal\\\/index.php\\\/2020\\\/10\\\/07\\\/a-cola\\\/#primaryimage\"},\"thumbnailUrl\":\"https:\\\/\\\/www.anovapeneira.gal\\\/wp-content\\\/uploads\\\/2019\\\/07\\\/ARTIGO_DE_OPINION_A_NOVA_PENEIRA.jpg\",\"keywords\":[\"Opini\u00f3n\"],\"articleSection\":[\"A Louri\u00f1a\",\"Artigos de opini\u00f3n\"],\"inLanguage\":\"gl-ES\",\"potentialAction\":[{\"@type\":\"CommentAction\",\"name\":\"Comment\",\"target\":[\"https:\\\/\\\/www.anovapeneira.gal\\\/index.php\\\/2020\\\/10\\\/07\\\/a-cola\\\/#respond\"]}]},{\"@type\":\"WebPage\",\"@id\":\"https:\\\/\\\/www.anovapeneira.gal\\\/index.php\\\/2020\\\/10\\\/07\\\/a-cola\\\/\",\"url\":\"https:\\\/\\\/www.anovapeneira.gal\\\/index.php\\\/2020\\\/10\\\/07\\\/a-cola\\\/\",\"name\":\"A cola -\",\"isPartOf\":{\"@id\":\"https:\\\/\\\/www.anovapeneira.gal\\\/#website\"},\"primaryImageOfPage\":{\"@id\":\"https:\\\/\\\/www.anovapeneira.gal\\\/index.php\\\/2020\\\/10\\\/07\\\/a-cola\\\/#primaryimage\"},\"image\":{\"@id\":\"https:\\\/\\\/www.anovapeneira.gal\\\/index.php\\\/2020\\\/10\\\/07\\\/a-cola\\\/#primaryimage\"},\"thumbnailUrl\":\"https:\\\/\\\/www.anovapeneira.gal\\\/wp-content\\\/uploads\\\/2019\\\/07\\\/ARTIGO_DE_OPINION_A_NOVA_PENEIRA.jpg\",\"datePublished\":\"2020-10-07T08:00:33+00:00\",\"breadcrumb\":{\"@id\":\"https:\\\/\\\/www.anovapeneira.gal\\\/index.php\\\/2020\\\/10\\\/07\\\/a-cola\\\/#breadcrumb\"},\"inLanguage\":\"gl-ES\",\"potentialAction\":[{\"@type\":\"ReadAction\",\"target\":[\"https:\\\/\\\/www.anovapeneira.gal\\\/index.php\\\/2020\\\/10\\\/07\\\/a-cola\\\/\"]}]},{\"@type\":\"ImageObject\",\"inLanguage\":\"gl-ES\",\"@id\":\"https:\\\/\\\/www.anovapeneira.gal\\\/index.php\\\/2020\\\/10\\\/07\\\/a-cola\\\/#primaryimage\",\"url\":\"https:\\\/\\\/www.anovapeneira.gal\\\/wp-content\\\/uploads\\\/2019\\\/07\\\/ARTIGO_DE_OPINION_A_NOVA_PENEIRA.jpg\",\"contentUrl\":\"https:\\\/\\\/www.anovapeneira.gal\\\/wp-content\\\/uploads\\\/2019\\\/07\\\/ARTIGO_DE_OPINION_A_NOVA_PENEIRA.jpg\",\"width\":720,\"height\":473,\"caption\":\"Artigo de opini\u00f3n A Nova Peneira\"},{\"@type\":\"BreadcrumbList\",\"@id\":\"https:\\\/\\\/www.anovapeneira.gal\\\/index.php\\\/2020\\\/10\\\/07\\\/a-cola\\\/#breadcrumb\",\"itemListElement\":[{\"@type\":\"ListItem\",\"position\":1,\"name\":\"Portada\",\"item\":\"https:\\\/\\\/www.anovapeneira.gal\\\/\"},{\"@type\":\"ListItem\",\"position\":2,\"name\":\"A cola\"}]},{\"@type\":\"WebSite\",\"@id\":\"https:\\\/\\\/www.anovapeneira.gal\\\/#website\",\"url\":\"https:\\\/\\\/www.anovapeneira.gal\\\/\",\"name\":\"\",\"description\":\"Xornal galego de informaci\u00f3n xeral Publicaci\u00f3n mensual de novas de Galicia e en especial dos Concellos da sur da provincia de Pontevedra.\",\"publisher\":{\"@id\":\"https:\\\/\\\/www.anovapeneira.gal\\\/#organization\"},\"potentialAction\":[{\"@type\":\"SearchAction\",\"target\":{\"@type\":\"EntryPoint\",\"urlTemplate\":\"https:\\\/\\\/www.anovapeneira.gal\\\/?s={search_term_string}\"},\"query-input\":{\"@type\":\"PropertyValueSpecification\",\"valueRequired\":true,\"valueName\":\"search_term_string\"}}],\"inLanguage\":\"gl-ES\"},{\"@type\":\"Organization\",\"@id\":\"https:\\\/\\\/www.anovapeneira.gal\\\/#organization\",\"name\":\"A Nova Peneira\",\"url\":\"https:\\\/\\\/www.anovapeneira.gal\\\/\",\"logo\":{\"@type\":\"ImageObject\",\"inLanguage\":\"gl-ES\",\"@id\":\"https:\\\/\\\/www.anovapeneira.gal\\\/#\\\/schema\\\/logo\\\/image\\\/\",\"url\":\"http:\\\/\\\/www.anovapeneira.gal\\\/wp-content\\\/uploads\\\/2019\\\/06\\\/logo_a_nova_peneira_portal_web.png\",\"contentUrl\":\"http:\\\/\\\/www.anovapeneira.gal\\\/wp-content\\\/uploads\\\/2019\\\/06\\\/logo_a_nova_peneira_portal_web.png\",\"width\":300,\"height\":100,\"caption\":\"A Nova Peneira\"},\"image\":{\"@id\":\"https:\\\/\\\/www.anovapeneira.gal\\\/#\\\/schema\\\/logo\\\/image\\\/\"},\"sameAs\":[\"https:\\\/\\\/www.facebook.com\\\/anovapeneira\",\"https:\\\/\\\/x.com\\\/APeneira\"]},{\"@type\":\"Person\",\"@id\":\"https:\\\/\\\/www.anovapeneira.gal\\\/#\\\/schema\\\/person\\\/59f819e7b5b7225b862dd0f3acc152a6\",\"name\":\"Pedro Ocampo\",\"image\":{\"@type\":\"ImageObject\",\"inLanguage\":\"gl-ES\",\"@id\":\"https:\\\/\\\/secure.gravatar.com\\\/avatar\\\/29f5c58b71af7f5763352785b2cac8a8cff4023ebb4f501472fa996016e55107?s=96&d=mm&r=g\",\"url\":\"https:\\\/\\\/secure.gravatar.com\\\/avatar\\\/29f5c58b71af7f5763352785b2cac8a8cff4023ebb4f501472fa996016e55107?s=96&d=mm&r=g\",\"contentUrl\":\"https:\\\/\\\/secure.gravatar.com\\\/avatar\\\/29f5c58b71af7f5763352785b2cac8a8cff4023ebb4f501472fa996016e55107?s=96&d=mm&r=g\",\"caption\":\"Pedro Ocampo\"},\"url\":\"https:\\\/\\\/www.anovapeneira.gal\\\/index.php\\\/author\\\/pedroocampo\\\/\"}]}<\/script>\n<!-- \/ Yoast SEO plugin. -->","yoast_head_json":{"title":"A cola -","robots":{"index":"index","follow":"follow","max-snippet":"max-snippet:-1","max-image-preview":"max-image-preview:large","max-video-preview":"max-video-preview:-1"},"canonical":"https:\/\/www.anovapeneira.gal\/index.php\/2020\/10\/07\/a-cola\/","og_locale":"gl_ES","og_type":"article","og_title":"Opini\u00f3n: A Cola, Pedro Ocampo","og_description":"Montaigne, nos seus Ensaios, cita a Valerio M\u00e1ximo nunha interesante reflexi\u00f3n sobre a forza dos costumes e as dificultades de cambiar facilmente as leis. Atrib\u00fae aos costumes un rostro tir\u00e1nico contra o cal non nos resta liberdade para alzar os ollos","og_url":"https:\/\/www.anovapeneira.gal\/index.php\/2020\/10\/07\/a-cola\/","article_publisher":"https:\/\/www.facebook.com\/anovapeneira","article_published_time":"2020-10-07T08:00:33+00:00","og_image":[{"width":720,"height":432,"url":"https:\/\/www.anovapeneira.gal\/wp-content\/uploads\/2019\/12\/pedro_ocampo_entrevista.jpg","type":"image\/jpeg"}],"author":"Pedro Ocampo","twitter_card":"summary_large_image","twitter_creator":"@APeneira","twitter_site":"@APeneira","twitter_misc":{"Escrito por":"Pedro Ocampo","Tempo de lectura":"7 minutos"},"schema":{"@context":"https:\/\/schema.org","@graph":[{"@type":"Article","@id":"https:\/\/www.anovapeneira.gal\/index.php\/2020\/10\/07\/a-cola\/#article","isPartOf":{"@id":"https:\/\/www.anovapeneira.gal\/index.php\/2020\/10\/07\/a-cola\/"},"author":{"name":"Pedro Ocampo","@id":"https:\/\/www.anovapeneira.gal\/#\/schema\/person\/59f819e7b5b7225b862dd0f3acc152a6"},"headline":"A cola","datePublished":"2020-10-07T08:00:33+00:00","mainEntityOfPage":{"@id":"https:\/\/www.anovapeneira.gal\/index.php\/2020\/10\/07\/a-cola\/"},"wordCount":1389,"commentCount":0,"publisher":{"@id":"https:\/\/www.anovapeneira.gal\/#organization"},"image":{"@id":"https:\/\/www.anovapeneira.gal\/index.php\/2020\/10\/07\/a-cola\/#primaryimage"},"thumbnailUrl":"https:\/\/www.anovapeneira.gal\/wp-content\/uploads\/2019\/07\/ARTIGO_DE_OPINION_A_NOVA_PENEIRA.jpg","keywords":["Opini\u00f3n"],"articleSection":["A Louri\u00f1a","Artigos de opini\u00f3n"],"inLanguage":"gl-ES","potentialAction":[{"@type":"CommentAction","name":"Comment","target":["https:\/\/www.anovapeneira.gal\/index.php\/2020\/10\/07\/a-cola\/#respond"]}]},{"@type":"WebPage","@id":"https:\/\/www.anovapeneira.gal\/index.php\/2020\/10\/07\/a-cola\/","url":"https:\/\/www.anovapeneira.gal\/index.php\/2020\/10\/07\/a-cola\/","name":"A cola -","isPartOf":{"@id":"https:\/\/www.anovapeneira.gal\/#website"},"primaryImageOfPage":{"@id":"https:\/\/www.anovapeneira.gal\/index.php\/2020\/10\/07\/a-cola\/#primaryimage"},"image":{"@id":"https:\/\/www.anovapeneira.gal\/index.php\/2020\/10\/07\/a-cola\/#primaryimage"},"thumbnailUrl":"https:\/\/www.anovapeneira.gal\/wp-content\/uploads\/2019\/07\/ARTIGO_DE_OPINION_A_NOVA_PENEIRA.jpg","datePublished":"2020-10-07T08:00:33+00:00","breadcrumb":{"@id":"https:\/\/www.anovapeneira.gal\/index.php\/2020\/10\/07\/a-cola\/#breadcrumb"},"inLanguage":"gl-ES","potentialAction":[{"@type":"ReadAction","target":["https:\/\/www.anovapeneira.gal\/index.php\/2020\/10\/07\/a-cola\/"]}]},{"@type":"ImageObject","inLanguage":"gl-ES","@id":"https:\/\/www.anovapeneira.gal\/index.php\/2020\/10\/07\/a-cola\/#primaryimage","url":"https:\/\/www.anovapeneira.gal\/wp-content\/uploads\/2019\/07\/ARTIGO_DE_OPINION_A_NOVA_PENEIRA.jpg","contentUrl":"https:\/\/www.anovapeneira.gal\/wp-content\/uploads\/2019\/07\/ARTIGO_DE_OPINION_A_NOVA_PENEIRA.jpg","width":720,"height":473,"caption":"Artigo de opini\u00f3n A Nova Peneira"},{"@type":"BreadcrumbList","@id":"https:\/\/www.anovapeneira.gal\/index.php\/2020\/10\/07\/a-cola\/#breadcrumb","itemListElement":[{"@type":"ListItem","position":1,"name":"Portada","item":"https:\/\/www.anovapeneira.gal\/"},{"@type":"ListItem","position":2,"name":"A cola"}]},{"@type":"WebSite","@id":"https:\/\/www.anovapeneira.gal\/#website","url":"https:\/\/www.anovapeneira.gal\/","name":"","description":"Xornal galego de informaci\u00f3n xeral Publicaci\u00f3n mensual de novas de Galicia e en especial dos Concellos da sur da provincia de Pontevedra.","publisher":{"@id":"https:\/\/www.anovapeneira.gal\/#organization"},"potentialAction":[{"@type":"SearchAction","target":{"@type":"EntryPoint","urlTemplate":"https:\/\/www.anovapeneira.gal\/?s={search_term_string}"},"query-input":{"@type":"PropertyValueSpecification","valueRequired":true,"valueName":"search_term_string"}}],"inLanguage":"gl-ES"},{"@type":"Organization","@id":"https:\/\/www.anovapeneira.gal\/#organization","name":"A Nova Peneira","url":"https:\/\/www.anovapeneira.gal\/","logo":{"@type":"ImageObject","inLanguage":"gl-ES","@id":"https:\/\/www.anovapeneira.gal\/#\/schema\/logo\/image\/","url":"http:\/\/www.anovapeneira.gal\/wp-content\/uploads\/2019\/06\/logo_a_nova_peneira_portal_web.png","contentUrl":"http:\/\/www.anovapeneira.gal\/wp-content\/uploads\/2019\/06\/logo_a_nova_peneira_portal_web.png","width":300,"height":100,"caption":"A Nova Peneira"},"image":{"@id":"https:\/\/www.anovapeneira.gal\/#\/schema\/logo\/image\/"},"sameAs":["https:\/\/www.facebook.com\/anovapeneira","https:\/\/x.com\/APeneira"]},{"@type":"Person","@id":"https:\/\/www.anovapeneira.gal\/#\/schema\/person\/59f819e7b5b7225b862dd0f3acc152a6","name":"Pedro Ocampo","image":{"@type":"ImageObject","inLanguage":"gl-ES","@id":"https:\/\/secure.gravatar.com\/avatar\/29f5c58b71af7f5763352785b2cac8a8cff4023ebb4f501472fa996016e55107?s=96&d=mm&r=g","url":"https:\/\/secure.gravatar.com\/avatar\/29f5c58b71af7f5763352785b2cac8a8cff4023ebb4f501472fa996016e55107?s=96&d=mm&r=g","contentUrl":"https:\/\/secure.gravatar.com\/avatar\/29f5c58b71af7f5763352785b2cac8a8cff4023ebb4f501472fa996016e55107?s=96&d=mm&r=g","caption":"Pedro Ocampo"},"url":"https:\/\/www.anovapeneira.gal\/index.php\/author\/pedroocampo\/"}]}},"jetpack_featured_media_url":"https:\/\/www.anovapeneira.gal\/wp-content\/uploads\/2019\/07\/ARTIGO_DE_OPINION_A_NOVA_PENEIRA.jpg","_links":{"self":[{"href":"https:\/\/www.anovapeneira.gal\/index.php\/wp-json\/wp\/v2\/posts\/4052","targetHints":{"allow":["GET"]}}],"collection":[{"href":"https:\/\/www.anovapeneira.gal\/index.php\/wp-json\/wp\/v2\/posts"}],"about":[{"href":"https:\/\/www.anovapeneira.gal\/index.php\/wp-json\/wp\/v2\/types\/post"}],"author":[{"embeddable":true,"href":"https:\/\/www.anovapeneira.gal\/index.php\/wp-json\/wp\/v2\/users\/31"}],"replies":[{"embeddable":true,"href":"https:\/\/www.anovapeneira.gal\/index.php\/wp-json\/wp\/v2\/comments?post=4052"}],"version-history":[{"count":2,"href":"https:\/\/www.anovapeneira.gal\/index.php\/wp-json\/wp\/v2\/posts\/4052\/revisions"}],"predecessor-version":[{"id":4054,"href":"https:\/\/www.anovapeneira.gal\/index.php\/wp-json\/wp\/v2\/posts\/4052\/revisions\/4054"}],"wp:featuredmedia":[{"embeddable":true,"href":"https:\/\/www.anovapeneira.gal\/index.php\/wp-json\/wp\/v2\/media\/584"}],"wp:attachment":[{"href":"https:\/\/www.anovapeneira.gal\/index.php\/wp-json\/wp\/v2\/media?parent=4052"}],"wp:term":[{"taxonomy":"category","embeddable":true,"href":"https:\/\/www.anovapeneira.gal\/index.php\/wp-json\/wp\/v2\/categories?post=4052"},{"taxonomy":"post_tag","embeddable":true,"href":"https:\/\/www.anovapeneira.gal\/index.php\/wp-json\/wp\/v2\/tags?post=4052"}],"curies":[{"name":"wp","href":"https:\/\/api.w.org\/{rel}","templated":true}]}}