{"id":4065,"date":"2020-10-09T10:00:15","date_gmt":"2020-10-09T08:00:15","guid":{"rendered":"http:\/\/www.anovapeneira.gal\/?p=4065"},"modified":"2020-10-07T13:18:33","modified_gmt":"2020-10-07T11:18:33","slug":"enrique-lago-granada-presidente-da-asociacion-de-empresarios-de-redondela","status":"publish","type":"post","link":"https:\/\/www.anovapeneira.gal\/index.php\/2020\/10\/09\/enrique-lago-granada-presidente-da-asociacion-de-empresarios-de-redondela\/","title":{"rendered":"Enrique Lago Granada presidente da Asociaci\u00f3n de Empresarios de Redondela"},"content":{"rendered":"\n<h2 class=\"wp-block-heading\"><strong>Enrique \u00e9 o presidente dos empresarios de Redondela, conversamos con el para co\u00f1ecer a s\u00faa valoraci\u00f3n da situaci\u00f3n do tecido empresarial deste Concello, tan importante para A Nova Peneira. Enrique manifesta estar decepcionado coa a acci\u00f3n pol\u00edtica da administraci\u00f3n municipal \u00e1 vez que moi agradecido e orgulloso dos veci\u00f1os e veci\u00f1as de Redondela pois, ao seu xu\u00edzo, puxeron todo da s\u00faa parte no apoio ao comercio local de proximidade,<\/strong><\/h2>\n\n\n\n<p>\u201c<strong>ESTOU DECEPCIONADO CO TRABALLO DO CONCELLO DE REDONDELA\u201d<\/strong><\/p>\n\n\n\n<p><strong>Neste contexto tan complexo como est\u00e1, en li\u00f1as xerais, o tecido empresarial de Redondela?<\/strong><\/p>\n\n\n\n<blockquote class=\"wp-block-quote is-layout-flow wp-block-quote-is-layout-flow\"><p>Eu creo que non difire moito do resto de localidades de Galicia. Estamos nunha situaci\u00f3n que eu definir\u00eda como de resistencia. Eu persoalmente estou enormemente agradecido \u00e1 veci\u00f1anza de Redondela pois nestes meses, desde a fin do confinamento, o tecido comercial aguantou bastante ben o tipo. A verdade, bastante mellor do que eu agardaba.<\/p><\/blockquote>\n\n\n\n<p><strong>Pero alg\u00fans locais pecharon?<\/strong><\/p>\n\n\n\n<blockquote class=\"wp-block-quote is-layout-flow wp-block-quote-is-layout-flow\"><p>Si, alg\u00fans si, a\u00ednda que xa che digo que a resistencia foi mellor da que eu esperaba.<\/p><\/blockquote>\n\n\n\n<p><strong>E como se presenta o inverno?<\/strong><\/p>\n\n\n\n<blockquote class=\"wp-block-quote is-layout-flow wp-block-quote-is-layout-flow\"><p>Estou moi preocupado claro. Este ano non van haber ceas de empresa, as reuni\u00f3ns sociais e os eventos van estar limitados \u00e1 m\u00ednima expresi\u00f3n. Considero que van ser meses de aguantar como se poida. Agardo que non se torzan demasiado as cousas<\/p><\/blockquote>\n\n\n\n<p><strong>Nesta situaci\u00f3n que describes de ter aguantado o tipo, ata agora, mellor do que ti esperabas influ\u00edu s\u00f3 o bo comportamento do cliente, ou tam\u00e9n a acci\u00f3n pol\u00edtica das distintas administraci\u00f3ns?<\/strong><\/p>\n\n\n\n<blockquote class=\"wp-block-quote is-layout-flow wp-block-quote-is-layout-flow\"><p>Ben, eu vou reiterar o noso inmenso agradecemento \u00e1 veci\u00f1anza pola s\u00faa a posta polo comercio local e tradicional. No que respecta \u00e1s administraci\u00f3ns te\u00f1o que dicir que tivemos moi pouco apoio<\/p><\/blockquote>\n\n\n\n<p><strong>Imos por partes. No que se refire ao Concello ?<\/strong><\/p>\n\n\n\n<blockquote class=\"wp-block-quote is-layout-flow wp-block-quote-is-layout-flow\"><p>Estou decepcionado co traballo do Concello de Redondela. As propostas que trasladamos na mesa , creada polo propio concello, non foron tidas en conta. Eles fan as cousas \u00e1 s\u00faa maneira e a n\u00f3s av\u00edsannos tarde e mal<\/p><\/blockquote>\n\n\n\n<p><strong>En que disposici\u00f3n estades v\u00f3s?<\/strong><\/p>\n\n\n\n<blockquote class=\"wp-block-quote is-layout-flow wp-block-quote-is-layout-flow\"><p>Seguimos coa man tendida para traballarmos en colaboraci\u00f3n<\/p><\/blockquote>\n\n\n\n<p><strong>E que debera facer o Concello para que esa colaboraci\u00f3n que demandas fose a adecuada?<\/strong><\/p>\n\n\n\n<blockquote class=\"wp-block-quote is-layout-flow wp-block-quote-is-layout-flow\"><p>Eles crearon unha mesa de reactivaci\u00f3n comercial. Houbo algunha xuntanza en marzo e abril e al\u00ed rematou todo. Debera haber un concelleiro ou concelleira con relaci\u00f3n directa cos sectores comerciais cos que poidamos ter unha interlocuci\u00f3n directa para abordar a soluci\u00f3n dos problemas en tempo real<\/p><\/blockquote>\n\n\n\n<p><strong>Non tedes esa interlocuci\u00f3n?<\/strong><\/p>\n\n\n\n<blockquote class=\"wp-block-quote is-layout-flow wp-block-quote-is-layout-flow\"><p>S\u00f3 coa concelleira Mar\u00eda Castro. Pero \u00e9 algo que se queda moi curto<\/p><\/blockquote>\n\n\n\n<p><strong>A acci\u00f3n pol\u00edtica da Xunta como a valoras?<\/strong><\/p>\n\n\n\n<blockquote class=\"wp-block-quote is-layout-flow wp-block-quote-is-layout-flow\"><p>No que atinxe \u00e1 Xunta, estamos de momento \u00e1 expectativa, pois como sabes houbo un proceso electoral en maio, e non \u00e9 que mudara o signo pol\u00edtico da administraci\u00f3n, pero haber\u00e1 que esperar a ver que tipo de pol\u00edtica desenvolven as persoas que te\u00f1an a responsabilidade de relacionarse con n\u00f3s<\/p><\/blockquote>\n\n\n\n<p><strong>Coa pol\u00edtica da administraci\u00f3n estatal est\u00e1s satisfeito?<\/strong><\/p>\n\n\n\n<blockquote class=\"wp-block-quote is-layout-flow wp-block-quote-is-layout-flow\"><p>As axudas est\u00e1n concentradas nun tempo moi pequeno, e o alcance das mesmas \u00e9 a o meu xu\u00edzo insuficiente .O mundo vive unha fase moi complexa que esixe aos empresarios adaptarse con moita rapidez aos cambios. Gustar\u00edame que as administraci\u00f3ns fosen conscientes desa situaci\u00f3n e colaboraran con n\u00f3s non con parches puntuais, sen\u00f3n no dese\u00f1o de plans estruturais globais para adaptar as empresas aos novos desaf\u00edos tecnol\u00f3xicos e ecol\u00f3xicos. O futuro ten un enorme compo\u00f1ente de dixitalizaci\u00f3n e de respecto polo coidado do planeta. E \u00e9 imprescindible ir da man, empresarios e administraci\u00f3n para que ningu\u00e9n quede f\u00f3ra.<\/p><\/blockquote>\n\n\n\n<p><strong>De aqu\u00ed a final de ano, vai ser posible que a asociaci\u00f3n que presides organice algunha actividade?<\/strong><\/p>\n\n\n\n<blockquote class=\"wp-block-quote is-layout-flow wp-block-quote-is-layout-flow\"><p>Unha feira de oportunidades, que vai ser no interior dos comercios, con venda f\u00edsica e on line. Comezar\u00e1 en breve ,e logo xa estamos traballando no dese\u00f1o da campa\u00f1a de Nadal, que vai ser moi complicada. Todo o que se faga, con promoci\u00f3ns sorteos e ofertas vai ser interior, pois a situaci\u00f3n sanitaria imp\u00eddenos facer nada a p\u00e9 de r\u00faa. Agardo que pronto haxa vacina, e se poida normalizar a situaci\u00f3n polo menos para poder celebrar a Festa do Choco do ano 2.021 como se merece este evento tan significativo para a nosa vila<\/p><\/blockquote>\n\n\n\n<p><strong>Unha vez m\u00e1is grazas Enrique. Como van os \u00e1nimos do presidente dos empresarios de Redondela?&nbsp;<\/strong><\/p>\n\n\n\n<blockquote class=\"wp-block-quote is-layout-flow wp-block-quote-is-layout-flow\"><p>Para min este \u00e9 o momento para dar un paso adiante e dar todo o que un te\u00f1a en beneficio do ben com\u00fan. S\u00f3 as\u00ed teremos futuro como sociedade.<\/p><\/blockquote>\n","protected":false},"excerpt":{"rendered":"<div class=\"mh-excerpt\"><p>Enrique \u00e9 o presidente dos empresarios de Redondela, conversamos con el para co\u00f1ecer a s\u00faa valoraci\u00f3n da situaci\u00f3n do tecido empresarial deste Concello <a class=\"mh-excerpt-more\" href=\"https:\/\/www.anovapeneira.gal\/index.php\/2020\/10\/09\/enrique-lago-granada-presidente-da-asociacion-de-empresarios-de-redondela\/\" title=\"Enrique Lago Granada presidente da Asociaci\u00f3n de Empresarios de Redondela\">[&#8230;]<\/a><\/p>\n<\/div>","protected":false},"author":3,"featured_media":2873,"comment_status":"open","ping_status":"open","sticky":false,"template":"","format":"standard","meta":{"_exactmetrics_skip_tracking":false,"_exactmetrics_sitenote_active":false,"_exactmetrics_sitenote_note":"","_exactmetrics_sitenote_category":0,"footnotes":""},"categories":[270],"tags":[171],"class_list":{"0":"post-4065","1":"post","2":"type-post","3":"status-publish","4":"format-standard","5":"has-post-thumbnail","7":"category-redondela-entrevistas","8":"tag-concello-de-redondela"},"yoast_head":"<!-- This site is optimized with the Yoast SEO plugin v27.4 - https:\/\/yoast.com\/product\/yoast-seo-wordpress\/ -->\n<title>Enrique Lago Granada presidente da Asociaci\u00f3n de Empresarios de Redondela -<\/title>\n<meta name=\"description\" content=\"Enrique Lago Granada presidente da Asociaci\u00f3n de Empresarios de Redondela % estou decepcionado co traballo do concello de redondela\" \/>\n<meta name=\"robots\" content=\"index, follow, max-snippet:-1, max-image-preview:large, max-video-preview:-1\" \/>\n<link rel=\"canonical\" href=\"https:\/\/www.anovapeneira.gal\/index.php\/2020\/10\/09\/enrique-lago-granada-presidente-da-asociacion-de-empresarios-de-redondela\/\" \/>\n<meta property=\"og:locale\" content=\"gl_ES\" \/>\n<meta property=\"og:type\" content=\"article\" \/>\n<meta property=\"og:title\" content=\"Enrique Lago Granada presidente da Asociaci\u00f3n de Empresarios de Redondela -\" \/>\n<meta property=\"og:description\" content=\"Enrique Lago Granada presidente da Asociaci\u00f3n de Empresarios de Redondela % estou decepcionado co traballo do concello de redondela\" \/>\n<meta property=\"og:url\" content=\"https:\/\/www.anovapeneira.gal\/index.php\/2020\/10\/09\/enrique-lago-granada-presidente-da-asociacion-de-empresarios-de-redondela\/\" \/>\n<meta property=\"article:publisher\" content=\"https:\/\/www.facebook.com\/anovapeneira\" \/>\n<meta property=\"article:published_time\" content=\"2020-10-09T08:00:15+00:00\" \/>\n<meta property=\"og:image\" content=\"https:\/\/www.anovapeneira.gal\/wp-content\/uploads\/2020\/04\/enrique_lago_granada_empresarios_redondela_a_nova_peneira.jpg\" \/>\n\t<meta property=\"og:image:width\" content=\"720\" \/>\n\t<meta property=\"og:image:height\" content=\"432\" \/>\n\t<meta property=\"og:image:type\" content=\"image\/jpeg\" \/>\n<meta name=\"author\" content=\"Redacci\u00f3n A Nova Peneira\" \/>\n<meta name=\"twitter:card\" content=\"summary_large_image\" \/>\n<meta name=\"twitter:creator\" content=\"@APeneira\" \/>\n<meta name=\"twitter:site\" content=\"@APeneira\" \/>\n<meta name=\"twitter:label1\" content=\"Escrito por\" \/>\n\t<meta name=\"twitter:data1\" content=\"Redacci\u00f3n A Nova Peneira\" \/>\n\t<meta name=\"twitter:label2\" content=\"Tempo de lectura\" \/>\n\t<meta name=\"twitter:data2\" content=\"4 minutos\" \/>\n<script type=\"application\/ld+json\" class=\"yoast-schema-graph\">{\"@context\":\"https:\\\/\\\/schema.org\",\"@graph\":[{\"@type\":\"Article\",\"@id\":\"https:\\\/\\\/www.anovapeneira.gal\\\/index.php\\\/2020\\\/10\\\/09\\\/enrique-lago-granada-presidente-da-asociacion-de-empresarios-de-redondela\\\/#article\",\"isPartOf\":{\"@id\":\"https:\\\/\\\/www.anovapeneira.gal\\\/index.php\\\/2020\\\/10\\\/09\\\/enrique-lago-granada-presidente-da-asociacion-de-empresarios-de-redondela\\\/\"},\"author\":{\"name\":\"Redacci\u00f3n A Nova Peneira\",\"@id\":\"https:\\\/\\\/www.anovapeneira.gal\\\/#\\\/schema\\\/person\\\/b93e3f8932e3f8da96334607eb6ac6aa\"},\"headline\":\"Enrique Lago Granada presidente da Asociaci\u00f3n de Empresarios de Redondela\",\"datePublished\":\"2020-10-09T08:00:15+00:00\",\"mainEntityOfPage\":{\"@id\":\"https:\\\/\\\/www.anovapeneira.gal\\\/index.php\\\/2020\\\/10\\\/09\\\/enrique-lago-granada-presidente-da-asociacion-de-empresarios-de-redondela\\\/\"},\"wordCount\":812,\"commentCount\":0,\"publisher\":{\"@id\":\"https:\\\/\\\/www.anovapeneira.gal\\\/#organization\"},\"image\":{\"@id\":\"https:\\\/\\\/www.anovapeneira.gal\\\/index.php\\\/2020\\\/10\\\/09\\\/enrique-lago-granada-presidente-da-asociacion-de-empresarios-de-redondela\\\/#primaryimage\"},\"thumbnailUrl\":\"https:\\\/\\\/www.anovapeneira.gal\\\/wp-content\\\/uploads\\\/2020\\\/04\\\/enrique_lago_granada_empresarios_redondela_a_nova_peneira.jpg\",\"keywords\":[\"Concello de Redondela\"],\"articleSection\":[\"Redondela\"],\"inLanguage\":\"gl-ES\",\"potentialAction\":[{\"@type\":\"CommentAction\",\"name\":\"Comment\",\"target\":[\"https:\\\/\\\/www.anovapeneira.gal\\\/index.php\\\/2020\\\/10\\\/09\\\/enrique-lago-granada-presidente-da-asociacion-de-empresarios-de-redondela\\\/#respond\"]}]},{\"@type\":\"WebPage\",\"@id\":\"https:\\\/\\\/www.anovapeneira.gal\\\/index.php\\\/2020\\\/10\\\/09\\\/enrique-lago-granada-presidente-da-asociacion-de-empresarios-de-redondela\\\/\",\"url\":\"https:\\\/\\\/www.anovapeneira.gal\\\/index.php\\\/2020\\\/10\\\/09\\\/enrique-lago-granada-presidente-da-asociacion-de-empresarios-de-redondela\\\/\",\"name\":\"Enrique Lago Granada presidente da Asociaci\u00f3n de Empresarios de Redondela -\",\"isPartOf\":{\"@id\":\"https:\\\/\\\/www.anovapeneira.gal\\\/#website\"},\"primaryImageOfPage\":{\"@id\":\"https:\\\/\\\/www.anovapeneira.gal\\\/index.php\\\/2020\\\/10\\\/09\\\/enrique-lago-granada-presidente-da-asociacion-de-empresarios-de-redondela\\\/#primaryimage\"},\"image\":{\"@id\":\"https:\\\/\\\/www.anovapeneira.gal\\\/index.php\\\/2020\\\/10\\\/09\\\/enrique-lago-granada-presidente-da-asociacion-de-empresarios-de-redondela\\\/#primaryimage\"},\"thumbnailUrl\":\"https:\\\/\\\/www.anovapeneira.gal\\\/wp-content\\\/uploads\\\/2020\\\/04\\\/enrique_lago_granada_empresarios_redondela_a_nova_peneira.jpg\",\"datePublished\":\"2020-10-09T08:00:15+00:00\",\"description\":\"Enrique Lago Granada presidente da Asociaci\u00f3n de Empresarios de Redondela % estou decepcionado co traballo do concello de redondela\",\"breadcrumb\":{\"@id\":\"https:\\\/\\\/www.anovapeneira.gal\\\/index.php\\\/2020\\\/10\\\/09\\\/enrique-lago-granada-presidente-da-asociacion-de-empresarios-de-redondela\\\/#breadcrumb\"},\"inLanguage\":\"gl-ES\",\"potentialAction\":[{\"@type\":\"ReadAction\",\"target\":[\"https:\\\/\\\/www.anovapeneira.gal\\\/index.php\\\/2020\\\/10\\\/09\\\/enrique-lago-granada-presidente-da-asociacion-de-empresarios-de-redondela\\\/\"]}]},{\"@type\":\"ImageObject\",\"inLanguage\":\"gl-ES\",\"@id\":\"https:\\\/\\\/www.anovapeneira.gal\\\/index.php\\\/2020\\\/10\\\/09\\\/enrique-lago-granada-presidente-da-asociacion-de-empresarios-de-redondela\\\/#primaryimage\",\"url\":\"https:\\\/\\\/www.anovapeneira.gal\\\/wp-content\\\/uploads\\\/2020\\\/04\\\/enrique_lago_granada_empresarios_redondela_a_nova_peneira.jpg\",\"contentUrl\":\"https:\\\/\\\/www.anovapeneira.gal\\\/wp-content\\\/uploads\\\/2020\\\/04\\\/enrique_lago_granada_empresarios_redondela_a_nova_peneira.jpg\",\"width\":720,\"height\":432,\"caption\":\"Enrique Lago Granada A Nova Peneira\"},{\"@type\":\"BreadcrumbList\",\"@id\":\"https:\\\/\\\/www.anovapeneira.gal\\\/index.php\\\/2020\\\/10\\\/09\\\/enrique-lago-granada-presidente-da-asociacion-de-empresarios-de-redondela\\\/#breadcrumb\",\"itemListElement\":[{\"@type\":\"ListItem\",\"position\":1,\"name\":\"Portada\",\"item\":\"https:\\\/\\\/www.anovapeneira.gal\\\/\"},{\"@type\":\"ListItem\",\"position\":2,\"name\":\"Enrique Lago Granada presidente da Asociaci\u00f3n de Empresarios de Redondela\"}]},{\"@type\":\"WebSite\",\"@id\":\"https:\\\/\\\/www.anovapeneira.gal\\\/#website\",\"url\":\"https:\\\/\\\/www.anovapeneira.gal\\\/\",\"name\":\"\",\"description\":\"Xornal galego de informaci\u00f3n xeral Publicaci\u00f3n mensual de novas de Galicia e en especial dos Concellos da sur da provincia de Pontevedra.\",\"publisher\":{\"@id\":\"https:\\\/\\\/www.anovapeneira.gal\\\/#organization\"},\"potentialAction\":[{\"@type\":\"SearchAction\",\"target\":{\"@type\":\"EntryPoint\",\"urlTemplate\":\"https:\\\/\\\/www.anovapeneira.gal\\\/?s={search_term_string}\"},\"query-input\":{\"@type\":\"PropertyValueSpecification\",\"valueRequired\":true,\"valueName\":\"search_term_string\"}}],\"inLanguage\":\"gl-ES\"},{\"@type\":\"Organization\",\"@id\":\"https:\\\/\\\/www.anovapeneira.gal\\\/#organization\",\"name\":\"A Nova Peneira\",\"url\":\"https:\\\/\\\/www.anovapeneira.gal\\\/\",\"logo\":{\"@type\":\"ImageObject\",\"inLanguage\":\"gl-ES\",\"@id\":\"https:\\\/\\\/www.anovapeneira.gal\\\/#\\\/schema\\\/logo\\\/image\\\/\",\"url\":\"http:\\\/\\\/www.anovapeneira.gal\\\/wp-content\\\/uploads\\\/2019\\\/06\\\/logo_a_nova_peneira_portal_web.png\",\"contentUrl\":\"http:\\\/\\\/www.anovapeneira.gal\\\/wp-content\\\/uploads\\\/2019\\\/06\\\/logo_a_nova_peneira_portal_web.png\",\"width\":300,\"height\":100,\"caption\":\"A Nova Peneira\"},\"image\":{\"@id\":\"https:\\\/\\\/www.anovapeneira.gal\\\/#\\\/schema\\\/logo\\\/image\\\/\"},\"sameAs\":[\"https:\\\/\\\/www.facebook.com\\\/anovapeneira\",\"https:\\\/\\\/x.com\\\/APeneira\"]},{\"@type\":\"Person\",\"@id\":\"https:\\\/\\\/www.anovapeneira.gal\\\/#\\\/schema\\\/person\\\/b93e3f8932e3f8da96334607eb6ac6aa\",\"name\":\"Redacci\u00f3n A Nova Peneira\",\"image\":{\"@type\":\"ImageObject\",\"inLanguage\":\"gl-ES\",\"@id\":\"https:\\\/\\\/secure.gravatar.com\\\/avatar\\\/c052a2551a06e23fac63626232eaa90abd78dbcf1700fc46a2b2c89fd27b735f?s=96&d=mm&r=g\",\"url\":\"https:\\\/\\\/secure.gravatar.com\\\/avatar\\\/c052a2551a06e23fac63626232eaa90abd78dbcf1700fc46a2b2c89fd27b735f?s=96&d=mm&r=g\",\"contentUrl\":\"https:\\\/\\\/secure.gravatar.com\\\/avatar\\\/c052a2551a06e23fac63626232eaa90abd78dbcf1700fc46a2b2c89fd27b735f?s=96&d=mm&r=g\",\"caption\":\"Redacci\u00f3n A Nova Peneira\"},\"sameAs\":[\"http:\\\/\\\/www.anovapeneira.gal\\\/\"],\"url\":\"https:\\\/\\\/www.anovapeneira.gal\\\/index.php\\\/author\\\/redactor\\\/\"}]}<\/script>\n<!-- \/ Yoast SEO plugin. -->","yoast_head_json":{"title":"Enrique Lago Granada presidente da Asociaci\u00f3n de Empresarios de Redondela -","description":"Enrique Lago Granada presidente da Asociaci\u00f3n de Empresarios de Redondela % estou decepcionado co traballo do concello de redondela","robots":{"index":"index","follow":"follow","max-snippet":"max-snippet:-1","max-image-preview":"max-image-preview:large","max-video-preview":"max-video-preview:-1"},"canonical":"https:\/\/www.anovapeneira.gal\/index.php\/2020\/10\/09\/enrique-lago-granada-presidente-da-asociacion-de-empresarios-de-redondela\/","og_locale":"gl_ES","og_type":"article","og_title":"Enrique Lago Granada presidente da Asociaci\u00f3n de Empresarios de Redondela -","og_description":"Enrique Lago Granada presidente da Asociaci\u00f3n de Empresarios de Redondela % estou decepcionado co traballo do concello de redondela","og_url":"https:\/\/www.anovapeneira.gal\/index.php\/2020\/10\/09\/enrique-lago-granada-presidente-da-asociacion-de-empresarios-de-redondela\/","article_publisher":"https:\/\/www.facebook.com\/anovapeneira","article_published_time":"2020-10-09T08:00:15+00:00","og_image":[{"width":720,"height":432,"url":"https:\/\/www.anovapeneira.gal\/wp-content\/uploads\/2020\/04\/enrique_lago_granada_empresarios_redondela_a_nova_peneira.jpg","type":"image\/jpeg"}],"author":"Redacci\u00f3n A Nova Peneira","twitter_card":"summary_large_image","twitter_creator":"@APeneira","twitter_site":"@APeneira","twitter_misc":{"Escrito por":"Redacci\u00f3n A Nova Peneira","Tempo de lectura":"4 minutos"},"schema":{"@context":"https:\/\/schema.org","@graph":[{"@type":"Article","@id":"https:\/\/www.anovapeneira.gal\/index.php\/2020\/10\/09\/enrique-lago-granada-presidente-da-asociacion-de-empresarios-de-redondela\/#article","isPartOf":{"@id":"https:\/\/www.anovapeneira.gal\/index.php\/2020\/10\/09\/enrique-lago-granada-presidente-da-asociacion-de-empresarios-de-redondela\/"},"author":{"name":"Redacci\u00f3n A Nova Peneira","@id":"https:\/\/www.anovapeneira.gal\/#\/schema\/person\/b93e3f8932e3f8da96334607eb6ac6aa"},"headline":"Enrique Lago Granada presidente da Asociaci\u00f3n de Empresarios de Redondela","datePublished":"2020-10-09T08:00:15+00:00","mainEntityOfPage":{"@id":"https:\/\/www.anovapeneira.gal\/index.php\/2020\/10\/09\/enrique-lago-granada-presidente-da-asociacion-de-empresarios-de-redondela\/"},"wordCount":812,"commentCount":0,"publisher":{"@id":"https:\/\/www.anovapeneira.gal\/#organization"},"image":{"@id":"https:\/\/www.anovapeneira.gal\/index.php\/2020\/10\/09\/enrique-lago-granada-presidente-da-asociacion-de-empresarios-de-redondela\/#primaryimage"},"thumbnailUrl":"https:\/\/www.anovapeneira.gal\/wp-content\/uploads\/2020\/04\/enrique_lago_granada_empresarios_redondela_a_nova_peneira.jpg","keywords":["Concello de Redondela"],"articleSection":["Redondela"],"inLanguage":"gl-ES","potentialAction":[{"@type":"CommentAction","name":"Comment","target":["https:\/\/www.anovapeneira.gal\/index.php\/2020\/10\/09\/enrique-lago-granada-presidente-da-asociacion-de-empresarios-de-redondela\/#respond"]}]},{"@type":"WebPage","@id":"https:\/\/www.anovapeneira.gal\/index.php\/2020\/10\/09\/enrique-lago-granada-presidente-da-asociacion-de-empresarios-de-redondela\/","url":"https:\/\/www.anovapeneira.gal\/index.php\/2020\/10\/09\/enrique-lago-granada-presidente-da-asociacion-de-empresarios-de-redondela\/","name":"Enrique Lago Granada presidente da Asociaci\u00f3n de Empresarios de Redondela -","isPartOf":{"@id":"https:\/\/www.anovapeneira.gal\/#website"},"primaryImageOfPage":{"@id":"https:\/\/www.anovapeneira.gal\/index.php\/2020\/10\/09\/enrique-lago-granada-presidente-da-asociacion-de-empresarios-de-redondela\/#primaryimage"},"image":{"@id":"https:\/\/www.anovapeneira.gal\/index.php\/2020\/10\/09\/enrique-lago-granada-presidente-da-asociacion-de-empresarios-de-redondela\/#primaryimage"},"thumbnailUrl":"https:\/\/www.anovapeneira.gal\/wp-content\/uploads\/2020\/04\/enrique_lago_granada_empresarios_redondela_a_nova_peneira.jpg","datePublished":"2020-10-09T08:00:15+00:00","description":"Enrique Lago Granada presidente da Asociaci\u00f3n de Empresarios de Redondela % estou decepcionado co traballo do concello de redondela","breadcrumb":{"@id":"https:\/\/www.anovapeneira.gal\/index.php\/2020\/10\/09\/enrique-lago-granada-presidente-da-asociacion-de-empresarios-de-redondela\/#breadcrumb"},"inLanguage":"gl-ES","potentialAction":[{"@type":"ReadAction","target":["https:\/\/www.anovapeneira.gal\/index.php\/2020\/10\/09\/enrique-lago-granada-presidente-da-asociacion-de-empresarios-de-redondela\/"]}]},{"@type":"ImageObject","inLanguage":"gl-ES","@id":"https:\/\/www.anovapeneira.gal\/index.php\/2020\/10\/09\/enrique-lago-granada-presidente-da-asociacion-de-empresarios-de-redondela\/#primaryimage","url":"https:\/\/www.anovapeneira.gal\/wp-content\/uploads\/2020\/04\/enrique_lago_granada_empresarios_redondela_a_nova_peneira.jpg","contentUrl":"https:\/\/www.anovapeneira.gal\/wp-content\/uploads\/2020\/04\/enrique_lago_granada_empresarios_redondela_a_nova_peneira.jpg","width":720,"height":432,"caption":"Enrique Lago Granada A Nova Peneira"},{"@type":"BreadcrumbList","@id":"https:\/\/www.anovapeneira.gal\/index.php\/2020\/10\/09\/enrique-lago-granada-presidente-da-asociacion-de-empresarios-de-redondela\/#breadcrumb","itemListElement":[{"@type":"ListItem","position":1,"name":"Portada","item":"https:\/\/www.anovapeneira.gal\/"},{"@type":"ListItem","position":2,"name":"Enrique Lago Granada presidente da Asociaci\u00f3n de Empresarios de Redondela"}]},{"@type":"WebSite","@id":"https:\/\/www.anovapeneira.gal\/#website","url":"https:\/\/www.anovapeneira.gal\/","name":"","description":"Xornal galego de informaci\u00f3n xeral Publicaci\u00f3n mensual de novas de Galicia e en especial dos Concellos da sur da provincia de Pontevedra.","publisher":{"@id":"https:\/\/www.anovapeneira.gal\/#organization"},"potentialAction":[{"@type":"SearchAction","target":{"@type":"EntryPoint","urlTemplate":"https:\/\/www.anovapeneira.gal\/?s={search_term_string}"},"query-input":{"@type":"PropertyValueSpecification","valueRequired":true,"valueName":"search_term_string"}}],"inLanguage":"gl-ES"},{"@type":"Organization","@id":"https:\/\/www.anovapeneira.gal\/#organization","name":"A Nova Peneira","url":"https:\/\/www.anovapeneira.gal\/","logo":{"@type":"ImageObject","inLanguage":"gl-ES","@id":"https:\/\/www.anovapeneira.gal\/#\/schema\/logo\/image\/","url":"http:\/\/www.anovapeneira.gal\/wp-content\/uploads\/2019\/06\/logo_a_nova_peneira_portal_web.png","contentUrl":"http:\/\/www.anovapeneira.gal\/wp-content\/uploads\/2019\/06\/logo_a_nova_peneira_portal_web.png","width":300,"height":100,"caption":"A Nova Peneira"},"image":{"@id":"https:\/\/www.anovapeneira.gal\/#\/schema\/logo\/image\/"},"sameAs":["https:\/\/www.facebook.com\/anovapeneira","https:\/\/x.com\/APeneira"]},{"@type":"Person","@id":"https:\/\/www.anovapeneira.gal\/#\/schema\/person\/b93e3f8932e3f8da96334607eb6ac6aa","name":"Redacci\u00f3n A Nova Peneira","image":{"@type":"ImageObject","inLanguage":"gl-ES","@id":"https:\/\/secure.gravatar.com\/avatar\/c052a2551a06e23fac63626232eaa90abd78dbcf1700fc46a2b2c89fd27b735f?s=96&d=mm&r=g","url":"https:\/\/secure.gravatar.com\/avatar\/c052a2551a06e23fac63626232eaa90abd78dbcf1700fc46a2b2c89fd27b735f?s=96&d=mm&r=g","contentUrl":"https:\/\/secure.gravatar.com\/avatar\/c052a2551a06e23fac63626232eaa90abd78dbcf1700fc46a2b2c89fd27b735f?s=96&d=mm&r=g","caption":"Redacci\u00f3n A Nova Peneira"},"sameAs":["http:\/\/www.anovapeneira.gal\/"],"url":"https:\/\/www.anovapeneira.gal\/index.php\/author\/redactor\/"}]}},"jetpack_featured_media_url":"https:\/\/www.anovapeneira.gal\/wp-content\/uploads\/2020\/04\/enrique_lago_granada_empresarios_redondela_a_nova_peneira.jpg","_links":{"self":[{"href":"https:\/\/www.anovapeneira.gal\/index.php\/wp-json\/wp\/v2\/posts\/4065","targetHints":{"allow":["GET"]}}],"collection":[{"href":"https:\/\/www.anovapeneira.gal\/index.php\/wp-json\/wp\/v2\/posts"}],"about":[{"href":"https:\/\/www.anovapeneira.gal\/index.php\/wp-json\/wp\/v2\/types\/post"}],"author":[{"embeddable":true,"href":"https:\/\/www.anovapeneira.gal\/index.php\/wp-json\/wp\/v2\/users\/3"}],"replies":[{"embeddable":true,"href":"https:\/\/www.anovapeneira.gal\/index.php\/wp-json\/wp\/v2\/comments?post=4065"}],"version-history":[{"count":1,"href":"https:\/\/www.anovapeneira.gal\/index.php\/wp-json\/wp\/v2\/posts\/4065\/revisions"}],"predecessor-version":[{"id":4066,"href":"https:\/\/www.anovapeneira.gal\/index.php\/wp-json\/wp\/v2\/posts\/4065\/revisions\/4066"}],"wp:featuredmedia":[{"embeddable":true,"href":"https:\/\/www.anovapeneira.gal\/index.php\/wp-json\/wp\/v2\/media\/2873"}],"wp:attachment":[{"href":"https:\/\/www.anovapeneira.gal\/index.php\/wp-json\/wp\/v2\/media?parent=4065"}],"wp:term":[{"taxonomy":"category","embeddable":true,"href":"https:\/\/www.anovapeneira.gal\/index.php\/wp-json\/wp\/v2\/categories?post=4065"},{"taxonomy":"post_tag","embeddable":true,"href":"https:\/\/www.anovapeneira.gal\/index.php\/wp-json\/wp\/v2\/tags?post=4065"}],"curies":[{"name":"wp","href":"https:\/\/api.w.org\/{rel}","templated":true}]}}