{"id":4067,"date":"2020-10-08T12:00:58","date_gmt":"2020-10-08T10:00:58","guid":{"rendered":"http:\/\/www.anovapeneira.gal\/?p=4067"},"modified":"2020-10-07T13:36:18","modified_gmt":"2020-10-07T11:36:18","slug":"o-vixesimo-quinto-fragmento-do-diariode-senlua-arraiana","status":"publish","type":"post","link":"https:\/\/www.anovapeneira.gal\/index.php\/2020\/10\/08\/o-vixesimo-quinto-fragmento-do-diariode-senlua-arraiana\/","title":{"rendered":"O vix\u00e9simo quinto fragmento do diariode Senl\u00faa Arraiana:"},"content":{"rendered":"\n<h2 class=\"wp-block-heading\"><strong><em>O\u00a0 terror roxo<\/em><\/strong><\/h2>\n\n\n\n<figure class=\"wp-block-image size-large is-resized is-style-default\"><img loading=\"lazy\" decoding=\"async\" src=\"http:\/\/www.anovapeneira.gal\/wp-content\/uploads\/2019\/07\/cristobal_a_nova_peneira.jpg\" alt=\"Crist\u00f3bal L\u00f3pez A Nova Peneira\" class=\"wp-image-555\" width=\"95\" height=\"111\"\/><figcaption>Crist\u00f3bal L\u00f3pez Pazo | Comuneiro dos montes de Tameiga, militante de anticapitalistas, ecoloxista en acci\u00f3n e veci\u00f1o constitu\u00ednte da asemblea veci\u00f1al ga\u00f1aM\u00f3s<\/figcaption><\/figure>\n\n\n\n<div class=\"wp-block-columns is-layout-flex wp-container-core-columns-is-layout-9d6595d7 wp-block-columns-is-layout-flex\">\n<div class=\"wp-block-column is-layout-flow wp-block-column-is-layout-flow\">\n<figure class=\"wp-block-image size-large is-resized is-style-default\"><img decoding=\"async\" src=\"http:\/\/www.anovapeneira.gal\/wp-content\/uploads\/2019\/08\/senlua_arraiana_2135.jpg\" alt=\"\" class=\"wp-image-877\" width=\"232\" srcset=\"https:\/\/www.anovapeneira.gal\/wp-content\/uploads\/2019\/08\/senlua_arraiana_2135.jpg 700w, https:\/\/www.anovapeneira.gal\/wp-content\/uploads\/2019\/08\/senlua_arraiana_2135-257x300.jpg 257w\" sizes=\"(max-width: 700px) 100vw, 700px\" \/><\/figure>\n\n\n\n<p><\/p>\n<\/div>\n\n\n\n<div class=\"wp-block-column is-layout-flow wp-block-column-is-layout-flow\">\n<p><strong><em>(Este vix\u00e9simo quinto fragmento do diario de Senl\u00faa Arraiana foi recuperado e adiantado ao noso tempo por Noitepedralonga, fiel camarada do av\u00f3 da futura l\u00edder da resistencia arraiana).<\/em><\/strong><\/p>\n<\/div>\n<\/div>\n\n\n\n<p>Levamos uns d\u00edas moi axetreados. Sen poder atopar uns intres para escribir. Acum\u00falanse tantos sucesos e tantas emoci\u00f3ns que non sei por onde comezar. Seica coma sempre seguindo o mandato de Cronos.&nbsp;<\/p>\n\n\n\n<p>A\u00ednda danme arrep\u00edos cando me lembro da longa marcha polo pasadizo das moas. S\u00f3 restaba un pequeno esforzo m\u00e1is, os veh\u00edculos estaban agard\u00e1ndonos a escasa distancia&nbsp; da sa\u00edda do pasadizo. Al\u00ed a mirada da caricontecida Malandrea non pod\u00eda augurar nada que non foran malas novas. Non tardou en confirmarnos o desastre, o lume arrasara toda a aldea. Outro fogar que quedaba atr\u00e1s.&nbsp;<\/p>\n\n\n\n<p>Acordamos separarnos en dous grupos, unha pequena comitiva se adiantar\u00eda con dous veh\u00edculos lixeiros e o groso da expedici\u00f3n viaxar\u00eda a p\u00e9 baixo a custodia dos blindados. Tras unha curta deliberaci\u00f3n a comitiva quedou integrada por dous ch\u00f3feres, a Portela, Gataparda, Puxeiros Roxo m\u00e1is eu coa compa\u00f1a da escolta coa que partimos do cuartel xeral. Que estar\u00eda facendo Prusiana neste momento, con que novidades da fronte estar\u00eda lidiando.&nbsp;<\/p>\n\n\n\n<p>O traxecto de regreso foi tranquilo ag\u00e1s por un triste episodio. Vouno recoller no meu diario porque a mi\u00f1a querencia a fidelidade hist\u00f3rica imponse ao meu desexo de esquecelo ou alomenos enterralo no fondo da mi\u00f1a memoria. Se me arrepinto sempre podo agochalo baixo un tach\u00f3n.&nbsp;<\/p>\n\n\n\n<p>Ao d\u00eda seguinte de partir atopamos un grupo pouco numeroso de xente acampada a beira da estrada. O veh\u00edculo que nos preced\u00eda, no que \u00eda Portela, fixo unha maniobra brusca sa\u00edndo da estrada e irrumpindo no campamento. O noso conductor reproduxo a maniobra colocandonos ao car\u00f3n doutro veh\u00edculo do que os seus ocupantes xa estaban sa\u00edndo e ameazando coas s\u00faas armas aos acampados. Sen preguntar, imitamos aos nosos compa\u00f1eiros apuntando a aquelas xentes desco\u00f1ecedores do motivo.&nbsp;<\/p>\n\n\n\n<p>Houbo un conato de resistencia entre os acampados que r\u00e1pidamente foi sofocado por Portela descargando o seu pacificador sobre o m\u00e1is amenazante deles, quen unha vez abatido quedou no chan convulsionando. O resto non quiso correr igual sorte e postraron as s\u00faas armas en sinal de rendici\u00f3n. Machadas e unha especie de teas era todo o que empu\u00f1aban, non ti\u00f1an ningunha posibilidade contra n\u00f3s. A Portela ordenoulles axeonllarse formando unha ringleira. Mentres os dous ch\u00f3feres, os \u00fanicos xunto a Portela que sab\u00edan a ciencia certa que estaba sucedendose, foron inspeccionando os vivacs do campamento e carrexando at\u00e1 n\u00f3s uns odres que \u00edan atopando. Eu seguiame preguntando quen eran e porqu\u00e9 os est\u00e1bamos tratando con tanta rudeza. Todos eran homes malencarados e harapientos, pero baixo o aspecto andrasoxo dos seus ropaxes a\u00ednda se distingu\u00eda unha especie de uniforme militar.&nbsp;<\/p>\n\n\n\n<p>A Portela espichou cunha machada un daqueles odres do que saiu un l\u00edquido moi viscoso e verdeaceo. O seu cheiro era moi caracter\u00edstico, era \u00f3leo de facho. Logo, foi un por un ped\u00edndolles aos reos axeonllados que abriran a boca e amosaran os dentes. Dinme conta que os que se resist\u00edan estaban totalmente fanados. A estos foron apartandolos e atandolles as mans xuntas a unha das mesmas teas que tra\u00edan con eles no campamento.&nbsp;<\/p>\n\n\n\n<p>-Sabedes cal \u00e9 a lei! -tronou a Portela-, dentes por lume e lume para os sen dentes.&nbsp;<\/p>\n\n\n\n<p>Un dos nosos ch\u00f3feres trouxo un martelo e un cincel e a Portela foi rompendo, entre alaridos de dor, os pi\u00f1os dos incendiarios mentres eran agarrados para impedir que se resistiran.&nbsp;<\/p>\n\n\n\n<p>Aquelo transformouse nunha escena dantesca, un xuizo sumar\u00edsimo no que eu non quer\u00eda participar. Alcei a voz conminando aos meus compa\u00f1eiros a parar aquela barbarie.&nbsp;<\/p>\n\n\n\n<p>-Estas bestas desalmadas son mercenarios incendiarios enviados por Areval\u00e9fica -a voz da Portela volveu tronar mentres me advert\u00eda cunha dura mirada-. Queimaron os bosques, arrasaron a terra e remataron coa vida que habita nela. Queimaron a nosa casa. Dentes por lume e lume para os sen dentes.&nbsp;<\/p>\n\n\n\n<p>-Que se cumpla a lei -coreou o resto incluida Gataparda. Portela continuou administrando o seu terror baixo o disfraz de lei sen que eu fora quen de opo\u00f1erme.&nbsp;<\/p>\n\n\n\n<p>O martelo insistia sobre o cincel sucedendose os cruxidos dos dentes arrincados tras o son met\u00e1lico. Sangui\u00f1olentos, os dentes, \u00edan cubrindo o chan&nbsp; aos meus p\u00e9s. Os desdentados non paraban de laiarse e retorcerse mentres os meus compa\u00f1eiros asist\u00edan impavidos a aquel terror contra terror administrado de vagar con man destra por Portela.&nbsp;<\/p>\n\n\n\n<p>Tanta violencia gratuita ard\u00eda nas mi\u00f1as entra\u00f1as. Agarreime a un pensamento coma un clavo ardendo para non perder o control sobre min mesma.<em> Se est\u00e1 salvaxada \u00e9 o castigo , para os dentados que lle ten reservado aos fanados?&nbsp;<\/em><\/p>\n\n\n\n<p>A pregunta non ecou moito tempo sen resposta na mi\u00f1a cabeza. A Portela, auxiliada polo resto, en seguida aplicouse cos fanados, sempre coa mesma indiferencia inmisericorde. Clavaron ao chan, xuntas nun c\u00edrculo, as teas \u00e1s que estaban atadas as mans dos incendiarios reincidentes, embadurnaron teas e mans co mesmo \u00f3leo con que os incendiarios provocaran a devastaci\u00f3n e prenderonlles lume.&nbsp;<\/p>\n\n\n\n<p>-Dentes por lume e lume para os sen dentes -salmodiaron os meu compa\u00f1eiros co rostro iluminado por aquel lume bermello sangue.&nbsp;<\/p>\n\n\n\n<p>Pel e carne arderon coas teas at\u00e9 que o propio lume liberou as mans das correas que as apresaban. Os axusticiados axitaban aqueles amasixos de carne cauterizada en que remataban os seus brazos como se non foran seus, como se desprend\u00e9ndose de aqueles ap\u00e9ndices desaparecer\u00eda unha dor postiza.&nbsp;<\/p>\n\n\n\n<p>Estaban condeados a unha agon\u00eda moribunda sen o auxilio sanador dos seus compa\u00f1eiros desdentados. Pero estes non mover\u00edan un dedo por eles. Adoctrinados no terror para eles o desacato a autoridade significaba a morte. Na s\u00faa faciana asomaba, entre a dor, a esperanza de sa\u00edr con vida e un incipiente carraxe, non contra n\u00f3s, non contra a autoridade senon contra os seus propios compa\u00f1eiros de mans calcinadas. Agora os tullidos reemplazaban como \u00faltima escoria humana aos desdentados. A misera loita entre o \u00faltimo e o pen\u00faltimo estaba servida.&nbsp;<\/p>\n\n\n\n<p>Non houbo piedade. Nin un atisbo de d\u00fabida asomou nos meus compa\u00f1eiros. A obediencia cega \u00e1 autoridade encarnada en Portela como administradora da lei disipaba calquer cuestionamento dos seus actos. As\u00ed estaba escrito, o castigo estaba estipulado, era lei e a lei estaba para cumplirse.&nbsp;<\/p>\n\n\n\n<p>Abandonamos o campamento dos incendiarios non sen antes prender lume aos odres de \u00f3leo desparramados. O lume volv\u00eda a forzar o noso destino. O terror non quedaba atr\u00e1s, vi\u00f1a sentado conosco coma un m\u00e1is agardando o seu momento para abrir de novo as s\u00faas fauces. Un terror que devoraba o mellor de n\u00f3s mesmas sen transaccionar nada a cambio m\u00e1is que satisfacer a sed de vinganza. Os desdentados que deixabamos atr\u00e1s reincidir\u00edan igual que os seus compinches calcinados, reincidir\u00edan porque estaban atrapados entre o terror de Areval\u00e9fica e o contraterror bermello.&nbsp;<\/p>\n\n\n\n<p>Non, non poder\u00eda volver a permanecer impasible. De aqu\u00ed en diante enfrentareime contra calquer tipo de terror, contra toda violencia gratuita e arbitraria. Imposible alumbrar unha nova sociedade mantendo o control e castigo como puntal da xustiza e cuntinuar nunha perpetua loita de clases por acadar a administraci\u00f3n da xustiza e detentar o poder que otorga prebendas. Consigna contra o poder: destituir e colectivizar.&nbsp;<\/p>\n\n\n\n<p>A mirada posta na estrada, no suceder dos kil\u00f3metros, e o runr\u00fan do coche foron acougando o meu \u00e1nimo.<\/p>\n","protected":false},"excerpt":{"rendered":"<div class=\"mh-excerpt\"><p>Levamos uns d\u00edas moi axetreados. Sen poder atopar uns intres para escribir. Acum\u00falanse tantos sucesos e tantas emoci\u00f3ns que non sei por onde comezar. Seica coma sempre seguindo o mandato de Cronos. <a class=\"mh-excerpt-more\" href=\"https:\/\/www.anovapeneira.gal\/index.php\/2020\/10\/08\/o-vixesimo-quinto-fragmento-do-diariode-senlua-arraiana\/\" title=\"O vix\u00e9simo quinto fragmento do diariode Senl\u00faa Arraiana:\">[&#8230;]<\/a><\/p>\n<\/div>","protected":false},"author":13,"featured_media":4068,"comment_status":"open","ping_status":"open","sticky":false,"template":"","format":"standard","meta":{"_exactmetrics_skip_tracking":false,"_exactmetrics_sitenote_active":false,"_exactmetrics_sitenote_note":"","_exactmetrics_sitenote_category":0,"footnotes":""},"categories":[7],"tags":[1005],"class_list":{"0":"post-4067","1":"post","2":"type-post","3":"status-publish","4":"format-standard","5":"has-post-thumbnail","7":"category-artigos-de-opinion","8":"tag-opinon"},"yoast_head":"<!-- This site is optimized with the Yoast SEO plugin v27.4 - https:\/\/yoast.com\/product\/yoast-seo-wordpress\/ -->\n<title>O vix\u00e9simo quinto fragmento do diariode Senl\u00faa Arraiana: -<\/title>\n<meta name=\"robots\" content=\"index, follow, max-snippet:-1, max-image-preview:large, max-video-preview:-1\" \/>\n<link rel=\"canonical\" href=\"https:\/\/www.anovapeneira.gal\/index.php\/2020\/10\/08\/o-vixesimo-quinto-fragmento-do-diariode-senlua-arraiana\/\" \/>\n<meta property=\"og:locale\" content=\"gl_ES\" \/>\n<meta property=\"og:type\" content=\"article\" \/>\n<meta property=\"og:title\" content=\"O vix\u00e9simo quinto fragmento do diariode Senl\u00faa Arraiana: -\" \/>\n<meta property=\"og:description\" content=\"Levamos uns d\u00edas moi axetreados. Sen poder atopar uns intres para escribir. Acum\u00falanse tantos sucesos e tantas emoci\u00f3ns que non sei por onde comezar. Seica coma sempre seguindo o mandato de Cronos. [...]\" \/>\n<meta property=\"og:url\" content=\"https:\/\/www.anovapeneira.gal\/index.php\/2020\/10\/08\/o-vixesimo-quinto-fragmento-do-diariode-senlua-arraiana\/\" \/>\n<meta property=\"article:publisher\" content=\"https:\/\/www.facebook.com\/anovapeneira\" \/>\n<meta property=\"article:published_time\" content=\"2020-10-08T10:00:58+00:00\" \/>\n<meta property=\"og:image\" content=\"https:\/\/www.anovapeneira.gal\/wp-content\/uploads\/2020\/10\/senlua_25_a_nova_peneira.jpg\" \/>\n\t<meta property=\"og:image:width\" content=\"720\" \/>\n\t<meta property=\"og:image:height\" content=\"432\" \/>\n\t<meta property=\"og:image:type\" content=\"image\/jpeg\" \/>\n<meta name=\"author\" content=\"Cristobal L\u00f3pez\" \/>\n<meta name=\"twitter:card\" content=\"summary_large_image\" \/>\n<meta name=\"twitter:creator\" content=\"@APeneira\" \/>\n<meta name=\"twitter:site\" content=\"@APeneira\" \/>\n<meta name=\"twitter:label1\" content=\"Escrito por\" \/>\n\t<meta name=\"twitter:data1\" content=\"Cristobal L\u00f3pez\" \/>\n\t<meta name=\"twitter:label2\" content=\"Tempo de lectura\" \/>\n\t<meta name=\"twitter:data2\" content=\"7 minutos\" \/>\n<script type=\"application\/ld+json\" class=\"yoast-schema-graph\">{\"@context\":\"https:\\\/\\\/schema.org\",\"@graph\":[{\"@type\":\"Article\",\"@id\":\"https:\\\/\\\/www.anovapeneira.gal\\\/index.php\\\/2020\\\/10\\\/08\\\/o-vixesimo-quinto-fragmento-do-diariode-senlua-arraiana\\\/#article\",\"isPartOf\":{\"@id\":\"https:\\\/\\\/www.anovapeneira.gal\\\/index.php\\\/2020\\\/10\\\/08\\\/o-vixesimo-quinto-fragmento-do-diariode-senlua-arraiana\\\/\"},\"author\":{\"name\":\"Cristobal L\u00f3pez\",\"@id\":\"https:\\\/\\\/www.anovapeneira.gal\\\/#\\\/schema\\\/person\\\/45b3df2338e4d898b7616809f9c5906c\"},\"headline\":\"O vix\u00e9simo quinto fragmento do diariode Senl\u00faa Arraiana:\",\"datePublished\":\"2020-10-08T10:00:58+00:00\",\"mainEntityOfPage\":{\"@id\":\"https:\\\/\\\/www.anovapeneira.gal\\\/index.php\\\/2020\\\/10\\\/08\\\/o-vixesimo-quinto-fragmento-do-diariode-senlua-arraiana\\\/\"},\"wordCount\":1337,\"commentCount\":0,\"publisher\":{\"@id\":\"https:\\\/\\\/www.anovapeneira.gal\\\/#organization\"},\"image\":{\"@id\":\"https:\\\/\\\/www.anovapeneira.gal\\\/index.php\\\/2020\\\/10\\\/08\\\/o-vixesimo-quinto-fragmento-do-diariode-senlua-arraiana\\\/#primaryimage\"},\"thumbnailUrl\":\"https:\\\/\\\/www.anovapeneira.gal\\\/wp-content\\\/uploads\\\/2020\\\/10\\\/senlua_25_a_nova_peneira.jpg\",\"keywords\":[\"Opin\u00f3n\"],\"articleSection\":[\"Artigos de opini\u00f3n\"],\"inLanguage\":\"gl-ES\",\"potentialAction\":[{\"@type\":\"CommentAction\",\"name\":\"Comment\",\"target\":[\"https:\\\/\\\/www.anovapeneira.gal\\\/index.php\\\/2020\\\/10\\\/08\\\/o-vixesimo-quinto-fragmento-do-diariode-senlua-arraiana\\\/#respond\"]}]},{\"@type\":\"WebPage\",\"@id\":\"https:\\\/\\\/www.anovapeneira.gal\\\/index.php\\\/2020\\\/10\\\/08\\\/o-vixesimo-quinto-fragmento-do-diariode-senlua-arraiana\\\/\",\"url\":\"https:\\\/\\\/www.anovapeneira.gal\\\/index.php\\\/2020\\\/10\\\/08\\\/o-vixesimo-quinto-fragmento-do-diariode-senlua-arraiana\\\/\",\"name\":\"O vix\u00e9simo quinto fragmento do diariode Senl\u00faa Arraiana: -\",\"isPartOf\":{\"@id\":\"https:\\\/\\\/www.anovapeneira.gal\\\/#website\"},\"primaryImageOfPage\":{\"@id\":\"https:\\\/\\\/www.anovapeneira.gal\\\/index.php\\\/2020\\\/10\\\/08\\\/o-vixesimo-quinto-fragmento-do-diariode-senlua-arraiana\\\/#primaryimage\"},\"image\":{\"@id\":\"https:\\\/\\\/www.anovapeneira.gal\\\/index.php\\\/2020\\\/10\\\/08\\\/o-vixesimo-quinto-fragmento-do-diariode-senlua-arraiana\\\/#primaryimage\"},\"thumbnailUrl\":\"https:\\\/\\\/www.anovapeneira.gal\\\/wp-content\\\/uploads\\\/2020\\\/10\\\/senlua_25_a_nova_peneira.jpg\",\"datePublished\":\"2020-10-08T10:00:58+00:00\",\"breadcrumb\":{\"@id\":\"https:\\\/\\\/www.anovapeneira.gal\\\/index.php\\\/2020\\\/10\\\/08\\\/o-vixesimo-quinto-fragmento-do-diariode-senlua-arraiana\\\/#breadcrumb\"},\"inLanguage\":\"gl-ES\",\"potentialAction\":[{\"@type\":\"ReadAction\",\"target\":[\"https:\\\/\\\/www.anovapeneira.gal\\\/index.php\\\/2020\\\/10\\\/08\\\/o-vixesimo-quinto-fragmento-do-diariode-senlua-arraiana\\\/\"]}]},{\"@type\":\"ImageObject\",\"inLanguage\":\"gl-ES\",\"@id\":\"https:\\\/\\\/www.anovapeneira.gal\\\/index.php\\\/2020\\\/10\\\/08\\\/o-vixesimo-quinto-fragmento-do-diariode-senlua-arraiana\\\/#primaryimage\",\"url\":\"https:\\\/\\\/www.anovapeneira.gal\\\/wp-content\\\/uploads\\\/2020\\\/10\\\/senlua_25_a_nova_peneira.jpg\",\"contentUrl\":\"https:\\\/\\\/www.anovapeneira.gal\\\/wp-content\\\/uploads\\\/2020\\\/10\\\/senlua_25_a_nova_peneira.jpg\",\"width\":720,\"height\":432,\"caption\":\"Senl\u00faa Arraiana\"},{\"@type\":\"BreadcrumbList\",\"@id\":\"https:\\\/\\\/www.anovapeneira.gal\\\/index.php\\\/2020\\\/10\\\/08\\\/o-vixesimo-quinto-fragmento-do-diariode-senlua-arraiana\\\/#breadcrumb\",\"itemListElement\":[{\"@type\":\"ListItem\",\"position\":1,\"name\":\"Portada\",\"item\":\"https:\\\/\\\/www.anovapeneira.gal\\\/\"},{\"@type\":\"ListItem\",\"position\":2,\"name\":\"O vix\u00e9simo quinto fragmento do diariode Senl\u00faa Arraiana:\"}]},{\"@type\":\"WebSite\",\"@id\":\"https:\\\/\\\/www.anovapeneira.gal\\\/#website\",\"url\":\"https:\\\/\\\/www.anovapeneira.gal\\\/\",\"name\":\"\",\"description\":\"Xornal galego de informaci\u00f3n xeral Publicaci\u00f3n mensual de novas de Galicia e en especial dos Concellos da sur da provincia de Pontevedra.\",\"publisher\":{\"@id\":\"https:\\\/\\\/www.anovapeneira.gal\\\/#organization\"},\"potentialAction\":[{\"@type\":\"SearchAction\",\"target\":{\"@type\":\"EntryPoint\",\"urlTemplate\":\"https:\\\/\\\/www.anovapeneira.gal\\\/?s={search_term_string}\"},\"query-input\":{\"@type\":\"PropertyValueSpecification\",\"valueRequired\":true,\"valueName\":\"search_term_string\"}}],\"inLanguage\":\"gl-ES\"},{\"@type\":\"Organization\",\"@id\":\"https:\\\/\\\/www.anovapeneira.gal\\\/#organization\",\"name\":\"A Nova Peneira\",\"url\":\"https:\\\/\\\/www.anovapeneira.gal\\\/\",\"logo\":{\"@type\":\"ImageObject\",\"inLanguage\":\"gl-ES\",\"@id\":\"https:\\\/\\\/www.anovapeneira.gal\\\/#\\\/schema\\\/logo\\\/image\\\/\",\"url\":\"http:\\\/\\\/www.anovapeneira.gal\\\/wp-content\\\/uploads\\\/2019\\\/06\\\/logo_a_nova_peneira_portal_web.png\",\"contentUrl\":\"http:\\\/\\\/www.anovapeneira.gal\\\/wp-content\\\/uploads\\\/2019\\\/06\\\/logo_a_nova_peneira_portal_web.png\",\"width\":300,\"height\":100,\"caption\":\"A Nova Peneira\"},\"image\":{\"@id\":\"https:\\\/\\\/www.anovapeneira.gal\\\/#\\\/schema\\\/logo\\\/image\\\/\"},\"sameAs\":[\"https:\\\/\\\/www.facebook.com\\\/anovapeneira\",\"https:\\\/\\\/x.com\\\/APeneira\"]},{\"@type\":\"Person\",\"@id\":\"https:\\\/\\\/www.anovapeneira.gal\\\/#\\\/schema\\\/person\\\/45b3df2338e4d898b7616809f9c5906c\",\"name\":\"Cristobal L\u00f3pez\",\"image\":{\"@type\":\"ImageObject\",\"inLanguage\":\"gl-ES\",\"@id\":\"https:\\\/\\\/secure.gravatar.com\\\/avatar\\\/b537cf06ef8166c9ef72b09f4d5f6446b1e22ea99505d94e40b8685710482f79?s=96&d=mm&r=g\",\"url\":\"https:\\\/\\\/secure.gravatar.com\\\/avatar\\\/b537cf06ef8166c9ef72b09f4d5f6446b1e22ea99505d94e40b8685710482f79?s=96&d=mm&r=g\",\"contentUrl\":\"https:\\\/\\\/secure.gravatar.com\\\/avatar\\\/b537cf06ef8166c9ef72b09f4d5f6446b1e22ea99505d94e40b8685710482f79?s=96&d=mm&r=g\",\"caption\":\"Cristobal L\u00f3pez\"},\"sameAs\":[\"http:\\\/\\\/anovapeneira.gal\"],\"url\":\"https:\\\/\\\/www.anovapeneira.gal\\\/index.php\\\/author\\\/opinioncristoballopez\\\/\"}]}<\/script>\n<!-- \/ Yoast SEO plugin. -->","yoast_head_json":{"title":"O vix\u00e9simo quinto fragmento do diariode Senl\u00faa Arraiana: -","robots":{"index":"index","follow":"follow","max-snippet":"max-snippet:-1","max-image-preview":"max-image-preview:large","max-video-preview":"max-video-preview:-1"},"canonical":"https:\/\/www.anovapeneira.gal\/index.php\/2020\/10\/08\/o-vixesimo-quinto-fragmento-do-diariode-senlua-arraiana\/","og_locale":"gl_ES","og_type":"article","og_title":"O vix\u00e9simo quinto fragmento do diariode Senl\u00faa Arraiana: -","og_description":"Levamos uns d\u00edas moi axetreados. Sen poder atopar uns intres para escribir. Acum\u00falanse tantos sucesos e tantas emoci\u00f3ns que non sei por onde comezar. Seica coma sempre seguindo o mandato de Cronos. [...]","og_url":"https:\/\/www.anovapeneira.gal\/index.php\/2020\/10\/08\/o-vixesimo-quinto-fragmento-do-diariode-senlua-arraiana\/","article_publisher":"https:\/\/www.facebook.com\/anovapeneira","article_published_time":"2020-10-08T10:00:58+00:00","og_image":[{"width":720,"height":432,"url":"https:\/\/www.anovapeneira.gal\/wp-content\/uploads\/2020\/10\/senlua_25_a_nova_peneira.jpg","type":"image\/jpeg"}],"author":"Cristobal L\u00f3pez","twitter_card":"summary_large_image","twitter_creator":"@APeneira","twitter_site":"@APeneira","twitter_misc":{"Escrito por":"Cristobal L\u00f3pez","Tempo de lectura":"7 minutos"},"schema":{"@context":"https:\/\/schema.org","@graph":[{"@type":"Article","@id":"https:\/\/www.anovapeneira.gal\/index.php\/2020\/10\/08\/o-vixesimo-quinto-fragmento-do-diariode-senlua-arraiana\/#article","isPartOf":{"@id":"https:\/\/www.anovapeneira.gal\/index.php\/2020\/10\/08\/o-vixesimo-quinto-fragmento-do-diariode-senlua-arraiana\/"},"author":{"name":"Cristobal L\u00f3pez","@id":"https:\/\/www.anovapeneira.gal\/#\/schema\/person\/45b3df2338e4d898b7616809f9c5906c"},"headline":"O vix\u00e9simo quinto fragmento do diariode Senl\u00faa Arraiana:","datePublished":"2020-10-08T10:00:58+00:00","mainEntityOfPage":{"@id":"https:\/\/www.anovapeneira.gal\/index.php\/2020\/10\/08\/o-vixesimo-quinto-fragmento-do-diariode-senlua-arraiana\/"},"wordCount":1337,"commentCount":0,"publisher":{"@id":"https:\/\/www.anovapeneira.gal\/#organization"},"image":{"@id":"https:\/\/www.anovapeneira.gal\/index.php\/2020\/10\/08\/o-vixesimo-quinto-fragmento-do-diariode-senlua-arraiana\/#primaryimage"},"thumbnailUrl":"https:\/\/www.anovapeneira.gal\/wp-content\/uploads\/2020\/10\/senlua_25_a_nova_peneira.jpg","keywords":["Opin\u00f3n"],"articleSection":["Artigos de opini\u00f3n"],"inLanguage":"gl-ES","potentialAction":[{"@type":"CommentAction","name":"Comment","target":["https:\/\/www.anovapeneira.gal\/index.php\/2020\/10\/08\/o-vixesimo-quinto-fragmento-do-diariode-senlua-arraiana\/#respond"]}]},{"@type":"WebPage","@id":"https:\/\/www.anovapeneira.gal\/index.php\/2020\/10\/08\/o-vixesimo-quinto-fragmento-do-diariode-senlua-arraiana\/","url":"https:\/\/www.anovapeneira.gal\/index.php\/2020\/10\/08\/o-vixesimo-quinto-fragmento-do-diariode-senlua-arraiana\/","name":"O vix\u00e9simo quinto fragmento do diariode Senl\u00faa Arraiana: -","isPartOf":{"@id":"https:\/\/www.anovapeneira.gal\/#website"},"primaryImageOfPage":{"@id":"https:\/\/www.anovapeneira.gal\/index.php\/2020\/10\/08\/o-vixesimo-quinto-fragmento-do-diariode-senlua-arraiana\/#primaryimage"},"image":{"@id":"https:\/\/www.anovapeneira.gal\/index.php\/2020\/10\/08\/o-vixesimo-quinto-fragmento-do-diariode-senlua-arraiana\/#primaryimage"},"thumbnailUrl":"https:\/\/www.anovapeneira.gal\/wp-content\/uploads\/2020\/10\/senlua_25_a_nova_peneira.jpg","datePublished":"2020-10-08T10:00:58+00:00","breadcrumb":{"@id":"https:\/\/www.anovapeneira.gal\/index.php\/2020\/10\/08\/o-vixesimo-quinto-fragmento-do-diariode-senlua-arraiana\/#breadcrumb"},"inLanguage":"gl-ES","potentialAction":[{"@type":"ReadAction","target":["https:\/\/www.anovapeneira.gal\/index.php\/2020\/10\/08\/o-vixesimo-quinto-fragmento-do-diariode-senlua-arraiana\/"]}]},{"@type":"ImageObject","inLanguage":"gl-ES","@id":"https:\/\/www.anovapeneira.gal\/index.php\/2020\/10\/08\/o-vixesimo-quinto-fragmento-do-diariode-senlua-arraiana\/#primaryimage","url":"https:\/\/www.anovapeneira.gal\/wp-content\/uploads\/2020\/10\/senlua_25_a_nova_peneira.jpg","contentUrl":"https:\/\/www.anovapeneira.gal\/wp-content\/uploads\/2020\/10\/senlua_25_a_nova_peneira.jpg","width":720,"height":432,"caption":"Senl\u00faa Arraiana"},{"@type":"BreadcrumbList","@id":"https:\/\/www.anovapeneira.gal\/index.php\/2020\/10\/08\/o-vixesimo-quinto-fragmento-do-diariode-senlua-arraiana\/#breadcrumb","itemListElement":[{"@type":"ListItem","position":1,"name":"Portada","item":"https:\/\/www.anovapeneira.gal\/"},{"@type":"ListItem","position":2,"name":"O vix\u00e9simo quinto fragmento do diariode Senl\u00faa Arraiana:"}]},{"@type":"WebSite","@id":"https:\/\/www.anovapeneira.gal\/#website","url":"https:\/\/www.anovapeneira.gal\/","name":"","description":"Xornal galego de informaci\u00f3n xeral Publicaci\u00f3n mensual de novas de Galicia e en especial dos Concellos da sur da provincia de Pontevedra.","publisher":{"@id":"https:\/\/www.anovapeneira.gal\/#organization"},"potentialAction":[{"@type":"SearchAction","target":{"@type":"EntryPoint","urlTemplate":"https:\/\/www.anovapeneira.gal\/?s={search_term_string}"},"query-input":{"@type":"PropertyValueSpecification","valueRequired":true,"valueName":"search_term_string"}}],"inLanguage":"gl-ES"},{"@type":"Organization","@id":"https:\/\/www.anovapeneira.gal\/#organization","name":"A Nova Peneira","url":"https:\/\/www.anovapeneira.gal\/","logo":{"@type":"ImageObject","inLanguage":"gl-ES","@id":"https:\/\/www.anovapeneira.gal\/#\/schema\/logo\/image\/","url":"http:\/\/www.anovapeneira.gal\/wp-content\/uploads\/2019\/06\/logo_a_nova_peneira_portal_web.png","contentUrl":"http:\/\/www.anovapeneira.gal\/wp-content\/uploads\/2019\/06\/logo_a_nova_peneira_portal_web.png","width":300,"height":100,"caption":"A Nova Peneira"},"image":{"@id":"https:\/\/www.anovapeneira.gal\/#\/schema\/logo\/image\/"},"sameAs":["https:\/\/www.facebook.com\/anovapeneira","https:\/\/x.com\/APeneira"]},{"@type":"Person","@id":"https:\/\/www.anovapeneira.gal\/#\/schema\/person\/45b3df2338e4d898b7616809f9c5906c","name":"Cristobal L\u00f3pez","image":{"@type":"ImageObject","inLanguage":"gl-ES","@id":"https:\/\/secure.gravatar.com\/avatar\/b537cf06ef8166c9ef72b09f4d5f6446b1e22ea99505d94e40b8685710482f79?s=96&d=mm&r=g","url":"https:\/\/secure.gravatar.com\/avatar\/b537cf06ef8166c9ef72b09f4d5f6446b1e22ea99505d94e40b8685710482f79?s=96&d=mm&r=g","contentUrl":"https:\/\/secure.gravatar.com\/avatar\/b537cf06ef8166c9ef72b09f4d5f6446b1e22ea99505d94e40b8685710482f79?s=96&d=mm&r=g","caption":"Cristobal L\u00f3pez"},"sameAs":["http:\/\/anovapeneira.gal"],"url":"https:\/\/www.anovapeneira.gal\/index.php\/author\/opinioncristoballopez\/"}]}},"jetpack_featured_media_url":"https:\/\/www.anovapeneira.gal\/wp-content\/uploads\/2020\/10\/senlua_25_a_nova_peneira.jpg","_links":{"self":[{"href":"https:\/\/www.anovapeneira.gal\/index.php\/wp-json\/wp\/v2\/posts\/4067","targetHints":{"allow":["GET"]}}],"collection":[{"href":"https:\/\/www.anovapeneira.gal\/index.php\/wp-json\/wp\/v2\/posts"}],"about":[{"href":"https:\/\/www.anovapeneira.gal\/index.php\/wp-json\/wp\/v2\/types\/post"}],"author":[{"embeddable":true,"href":"https:\/\/www.anovapeneira.gal\/index.php\/wp-json\/wp\/v2\/users\/13"}],"replies":[{"embeddable":true,"href":"https:\/\/www.anovapeneira.gal\/index.php\/wp-json\/wp\/v2\/comments?post=4067"}],"version-history":[{"count":2,"href":"https:\/\/www.anovapeneira.gal\/index.php\/wp-json\/wp\/v2\/posts\/4067\/revisions"}],"predecessor-version":[{"id":4070,"href":"https:\/\/www.anovapeneira.gal\/index.php\/wp-json\/wp\/v2\/posts\/4067\/revisions\/4070"}],"wp:featuredmedia":[{"embeddable":true,"href":"https:\/\/www.anovapeneira.gal\/index.php\/wp-json\/wp\/v2\/media\/4068"}],"wp:attachment":[{"href":"https:\/\/www.anovapeneira.gal\/index.php\/wp-json\/wp\/v2\/media?parent=4067"}],"wp:term":[{"taxonomy":"category","embeddable":true,"href":"https:\/\/www.anovapeneira.gal\/index.php\/wp-json\/wp\/v2\/categories?post=4067"},{"taxonomy":"post_tag","embeddable":true,"href":"https:\/\/www.anovapeneira.gal\/index.php\/wp-json\/wp\/v2\/tags?post=4067"}],"curies":[{"name":"wp","href":"https:\/\/api.w.org\/{rel}","templated":true}]}}