{"id":4071,"date":"2020-10-09T12:00:33","date_gmt":"2020-10-09T10:00:33","guid":{"rendered":"http:\/\/www.anovapeneira.gal\/?p=4071"},"modified":"2020-12-12T09:42:06","modified_gmt":"2020-12-12T08:42:06","slug":"salvaterra-castelo-pazo-ou-murallas","status":"publish","type":"post","link":"https:\/\/www.anovapeneira.gal\/index.php\/2020\/10\/09\/salvaterra-castelo-pazo-ou-murallas\/","title":{"rendered":"SALVATERRA, CASTELO, PAZO OU MURALLAS?"},"content":{"rendered":"\n<figure class=\"wp-block-image size-large is-resized is-style-default\"><img loading=\"lazy\" decoding=\"async\" src=\"http:\/\/www.anovapeneira.gal\/wp-content\/uploads\/2020\/10\/anton_lorenzo_gonzalez_xaque.jpg\" alt=\"Ant\u00f3n Lorenzo Gonz\u00e1lez Saque\" class=\"wp-image-4073\" width=\"95\" height=\"115\"\/><figcaption><strong>Ant\u00f3n Lorenzo Gonz\u00e1lez \u201cXaque\u201d<\/strong><\/figcaption><\/figure>\n\n\n\n<p>No pasado mes de setembro sa\u00edu na prensa a nova de que o Castelo de Dona Urraca, en Salvaterra, se adher\u00eda a rede nacional de castelos e pazos de Espa\u00f1a. Afirm\u00e1base: \u201cEl Castillo de Do\u00f1a Urraca constituye uno de los edificios que menos alteraciones arquitect\u00f3nicas sufri\u00f3 con el paso de los a\u00f1os\u201d. C\u00f3mpre dicir que iso, lamentablemente, non \u00e9 certo.<\/p>\n\n\n\n<p>A finais do s\u00e9culo XIX, foi fotografado unha enorme torre, lado nordeste, a car\u00f3n da igrexa, que superaba en moito a altura desta, cham\u00e1base \u201cEl Caballero\u201d. O fot\u00f3grafo, Francisco Zagala era o fot\u00f3grafo oficial da Sociedade Arqueol\u00f3xica de Pontevedra, fundada por Casto Sampedro. Onde est\u00e1 hoxe esa torre?.<\/p>\n\n\n\n<p>En 1899 foi mercado, todo ou en parte, o recinto amurallado pola familia Candeira, si os que trouxeron a luz el\u00e9ctrica a Salvaterra en 1929. Nas primeiras d\u00e9cadas do s\u00e9culo XX, constru\u00edron unha casa enriba do que debeu ser un castelo medieval na esquina sur leste, a\u00ednda se aprecian as bases do mesmo. Onde est\u00e1 hoxe o castelo?<\/p>\n\n\n\n<p>Que lle pasou a garita do lado noroeste?. Antes era cadrada, agora \u00e9 circular. Hai fotos.<\/p>\n\n\n\n<p>Como \u00e9 que se partiu o medio a mellor l\u00e1pida sepulcral que existe en todo o Concello? . Que m\u00e9todo arqueol\u00f3xico se empregou?<\/p>\n\n\n\n<p>Que sucede c\u00f3s escudos e coa inscrici\u00f3n da parte sur da capela da Oliveira?. Por qu\u00e9 non se repo\u00f1en?. \u00c9 moi doado, est\u00e1 documentado nos libros de historia.<\/p>\n\n\n\n<p>Que pasou coas casas de orixe militar no interior do recinto amurallado?. T\u00edranas e, si ningu\u00e9n o remedia, continuar\u00e1n tir\u00e1ndoas.<\/p>\n\n\n\n<p>Para rematar, lean o que di o Consello Superior de Investigaci\u00f3ns Cient\u00edficas: \u201cLa Plaza Fuerte de Salvaterra est\u00e1 actualmente muy modificada, alterada y reconstruida con respecto a los planos originales del Fuerte\u201d, \u201cuna tendencia que se viene detectando en los \u00faltimos a\u00f1os, \u2026 es vaciar arquitect\u00f3nicamente la Plaza Fuerte\u201d, \u201c\u2026consideramos\u2026 que eliminar estas construcciones es vaciar de contenido hist\u00f3rico y arquitect\u00f3nico la propia plaza\u2026\u201d.<\/p>\n\n\n\n<p>(CSIC. Cadernos de Arqueolox\u00eda e Patrimonio, p\u00e1x. 36. R. Blanco-Rotea, Santiago, 2013.)<\/p>\n\n\n\n<p>Que ningu\u00e9n me mal interprete, s\u00f3 pretendo facer unha cr\u00edtica construtiva.<\/p>\n\n\n\n<p><strong>Ant<\/strong><strong>\u00f3n Lorenzo Gonz\u00e1lez \u201cXaque\u201d.<\/strong><\/p>\n\n\n\n<p><strong>Salvaterra de Mi\u00f1o<\/strong><\/p>\n","protected":false},"excerpt":{"rendered":"<div class=\"mh-excerpt\"><p>No pasado mes de setembro sa\u00edu na prensa a nova de que o Castelo de Dona Urraca, en Salvaterra, se adher\u00eda a rede nacional de castelos e pazos de Espa\u00f1a. Afirm\u00e1base: \u201cEl Castillo de Do\u00f1a Urraca constituye uno de los edificios que menos alteraciones arquitect\u00f3nicas sufri\u00f3 con el paso de los a\u00f1os\u201d. C\u00f3mpre dicir que iso, lamentablemente, non \u00e9 certo. <a class=\"mh-excerpt-more\" href=\"https:\/\/www.anovapeneira.gal\/index.php\/2020\/10\/09\/salvaterra-castelo-pazo-ou-murallas\/\" title=\"SALVATERRA, CASTELO, PAZO OU MURALLAS?\">[&#8230;]<\/a><\/p>\n<\/div>","protected":false},"author":34,"featured_media":584,"comment_status":"open","ping_status":"open","sticky":false,"template":"","format":"standard","meta":{"_exactmetrics_skip_tracking":false,"_exactmetrics_sitenote_active":false,"_exactmetrics_sitenote_note":"","_exactmetrics_sitenote_category":0,"footnotes":""},"categories":[7],"tags":[58],"class_list":{"0":"post-4071","1":"post","2":"type-post","3":"status-publish","4":"format-standard","5":"has-post-thumbnail","7":"category-artigos-de-opinion","8":"tag-opinion"},"yoast_head":"<!-- This site is optimized with the Yoast SEO plugin v27.4 - https:\/\/yoast.com\/product\/yoast-seo-wordpress\/ -->\n<title>SALVATERRA, CASTELO, PAZO OU MURALLAS? -<\/title>\n<meta name=\"robots\" content=\"index, follow, max-snippet:-1, max-image-preview:large, max-video-preview:-1\" \/>\n<link rel=\"canonical\" href=\"https:\/\/www.anovapeneira.gal\/index.php\/2020\/10\/09\/salvaterra-castelo-pazo-ou-murallas\/\" \/>\n<meta property=\"og:locale\" content=\"gl_ES\" \/>\n<meta property=\"og:type\" content=\"article\" \/>\n<meta property=\"og:title\" content=\"SALVATERRA, CASTELO, PAZO OU MURALLAS? -\" \/>\n<meta property=\"og:description\" content=\"No pasado mes de setembro sa\u00edu na prensa a nova de que o Castelo de Dona Urraca, en Salvaterra, se adher\u00eda a rede nacional de castelos e pazos de Espa\u00f1a. Afirm\u00e1base: \u201cEl Castillo de Do\u00f1a Urraca constituye uno de los edificios que menos alteraciones arquitect\u00f3nicas sufri\u00f3 con el paso de los a\u00f1os\u201d. C\u00f3mpre dicir que iso, lamentablemente, non \u00e9 certo. [...]\" \/>\n<meta property=\"og:url\" content=\"https:\/\/www.anovapeneira.gal\/index.php\/2020\/10\/09\/salvaterra-castelo-pazo-ou-murallas\/\" \/>\n<meta property=\"article:publisher\" content=\"https:\/\/www.facebook.com\/anovapeneira\" \/>\n<meta property=\"article:published_time\" content=\"2020-10-09T10:00:33+00:00\" \/>\n<meta property=\"article:modified_time\" content=\"2020-12-12T08:42:06+00:00\" \/>\n<meta property=\"og:image\" content=\"https:\/\/www.anovapeneira.gal\/wp-content\/uploads\/2019\/07\/ARTIGO_DE_OPINION_A_NOVA_PENEIRA.jpg\" \/>\n\t<meta property=\"og:image:width\" content=\"720\" \/>\n\t<meta property=\"og:image:height\" content=\"473\" \/>\n\t<meta property=\"og:image:type\" content=\"image\/jpeg\" \/>\n<meta name=\"author\" content=\"Ant\u00f3n Lorenzo Gonz\u00e1lez\" \/>\n<meta name=\"twitter:card\" content=\"summary_large_image\" \/>\n<meta name=\"twitter:creator\" content=\"@APeneira\" \/>\n<meta name=\"twitter:site\" content=\"@APeneira\" \/>\n<meta name=\"twitter:label1\" content=\"Escrito por\" \/>\n\t<meta name=\"twitter:data1\" content=\"Ant\u00f3n Lorenzo Gonz\u00e1lez\" \/>\n\t<meta name=\"twitter:label2\" content=\"Tempo de lectura\" \/>\n\t<meta name=\"twitter:data2\" content=\"2 minutos\" \/>\n<script type=\"application\/ld+json\" class=\"yoast-schema-graph\">{\"@context\":\"https:\\\/\\\/schema.org\",\"@graph\":[{\"@type\":\"Article\",\"@id\":\"https:\\\/\\\/www.anovapeneira.gal\\\/index.php\\\/2020\\\/10\\\/09\\\/salvaterra-castelo-pazo-ou-murallas\\\/#article\",\"isPartOf\":{\"@id\":\"https:\\\/\\\/www.anovapeneira.gal\\\/index.php\\\/2020\\\/10\\\/09\\\/salvaterra-castelo-pazo-ou-murallas\\\/\"},\"author\":{\"name\":\"Ant\u00f3n Lorenzo Gonz\u00e1lez\",\"@id\":\"https:\\\/\\\/www.anovapeneira.gal\\\/#\\\/schema\\\/person\\\/1bf91cd240796d05b6522e3d8a6e2d8e\"},\"headline\":\"SALVATERRA, CASTELO, PAZO OU MURALLAS?\",\"datePublished\":\"2020-10-09T10:00:33+00:00\",\"dateModified\":\"2020-12-12T08:42:06+00:00\",\"mainEntityOfPage\":{\"@id\":\"https:\\\/\\\/www.anovapeneira.gal\\\/index.php\\\/2020\\\/10\\\/09\\\/salvaterra-castelo-pazo-ou-murallas\\\/\"},\"wordCount\":384,\"commentCount\":0,\"publisher\":{\"@id\":\"https:\\\/\\\/www.anovapeneira.gal\\\/#organization\"},\"image\":{\"@id\":\"https:\\\/\\\/www.anovapeneira.gal\\\/index.php\\\/2020\\\/10\\\/09\\\/salvaterra-castelo-pazo-ou-murallas\\\/#primaryimage\"},\"thumbnailUrl\":\"https:\\\/\\\/www.anovapeneira.gal\\\/wp-content\\\/uploads\\\/2019\\\/07\\\/ARTIGO_DE_OPINION_A_NOVA_PENEIRA.jpg\",\"keywords\":[\"Opini\u00f3n\"],\"articleSection\":[\"Artigos de opini\u00f3n\"],\"inLanguage\":\"gl-ES\",\"potentialAction\":[{\"@type\":\"CommentAction\",\"name\":\"Comment\",\"target\":[\"https:\\\/\\\/www.anovapeneira.gal\\\/index.php\\\/2020\\\/10\\\/09\\\/salvaterra-castelo-pazo-ou-murallas\\\/#respond\"]}]},{\"@type\":\"WebPage\",\"@id\":\"https:\\\/\\\/www.anovapeneira.gal\\\/index.php\\\/2020\\\/10\\\/09\\\/salvaterra-castelo-pazo-ou-murallas\\\/\",\"url\":\"https:\\\/\\\/www.anovapeneira.gal\\\/index.php\\\/2020\\\/10\\\/09\\\/salvaterra-castelo-pazo-ou-murallas\\\/\",\"name\":\"SALVATERRA, CASTELO, PAZO OU MURALLAS? -\",\"isPartOf\":{\"@id\":\"https:\\\/\\\/www.anovapeneira.gal\\\/#website\"},\"primaryImageOfPage\":{\"@id\":\"https:\\\/\\\/www.anovapeneira.gal\\\/index.php\\\/2020\\\/10\\\/09\\\/salvaterra-castelo-pazo-ou-murallas\\\/#primaryimage\"},\"image\":{\"@id\":\"https:\\\/\\\/www.anovapeneira.gal\\\/index.php\\\/2020\\\/10\\\/09\\\/salvaterra-castelo-pazo-ou-murallas\\\/#primaryimage\"},\"thumbnailUrl\":\"https:\\\/\\\/www.anovapeneira.gal\\\/wp-content\\\/uploads\\\/2019\\\/07\\\/ARTIGO_DE_OPINION_A_NOVA_PENEIRA.jpg\",\"datePublished\":\"2020-10-09T10:00:33+00:00\",\"dateModified\":\"2020-12-12T08:42:06+00:00\",\"breadcrumb\":{\"@id\":\"https:\\\/\\\/www.anovapeneira.gal\\\/index.php\\\/2020\\\/10\\\/09\\\/salvaterra-castelo-pazo-ou-murallas\\\/#breadcrumb\"},\"inLanguage\":\"gl-ES\",\"potentialAction\":[{\"@type\":\"ReadAction\",\"target\":[\"https:\\\/\\\/www.anovapeneira.gal\\\/index.php\\\/2020\\\/10\\\/09\\\/salvaterra-castelo-pazo-ou-murallas\\\/\"]}]},{\"@type\":\"ImageObject\",\"inLanguage\":\"gl-ES\",\"@id\":\"https:\\\/\\\/www.anovapeneira.gal\\\/index.php\\\/2020\\\/10\\\/09\\\/salvaterra-castelo-pazo-ou-murallas\\\/#primaryimage\",\"url\":\"https:\\\/\\\/www.anovapeneira.gal\\\/wp-content\\\/uploads\\\/2019\\\/07\\\/ARTIGO_DE_OPINION_A_NOVA_PENEIRA.jpg\",\"contentUrl\":\"https:\\\/\\\/www.anovapeneira.gal\\\/wp-content\\\/uploads\\\/2019\\\/07\\\/ARTIGO_DE_OPINION_A_NOVA_PENEIRA.jpg\",\"width\":720,\"height\":473,\"caption\":\"Artigo de opini\u00f3n A Nova Peneira\"},{\"@type\":\"BreadcrumbList\",\"@id\":\"https:\\\/\\\/www.anovapeneira.gal\\\/index.php\\\/2020\\\/10\\\/09\\\/salvaterra-castelo-pazo-ou-murallas\\\/#breadcrumb\",\"itemListElement\":[{\"@type\":\"ListItem\",\"position\":1,\"name\":\"Portada\",\"item\":\"https:\\\/\\\/www.anovapeneira.gal\\\/\"},{\"@type\":\"ListItem\",\"position\":2,\"name\":\"SALVATERRA, CASTELO, PAZO OU MURALLAS?\"}]},{\"@type\":\"WebSite\",\"@id\":\"https:\\\/\\\/www.anovapeneira.gal\\\/#website\",\"url\":\"https:\\\/\\\/www.anovapeneira.gal\\\/\",\"name\":\"\",\"description\":\"Xornal galego de informaci\u00f3n xeral Publicaci\u00f3n mensual de novas de Galicia e en especial dos Concellos da sur da provincia de Pontevedra.\",\"publisher\":{\"@id\":\"https:\\\/\\\/www.anovapeneira.gal\\\/#organization\"},\"potentialAction\":[{\"@type\":\"SearchAction\",\"target\":{\"@type\":\"EntryPoint\",\"urlTemplate\":\"https:\\\/\\\/www.anovapeneira.gal\\\/?s={search_term_string}\"},\"query-input\":{\"@type\":\"PropertyValueSpecification\",\"valueRequired\":true,\"valueName\":\"search_term_string\"}}],\"inLanguage\":\"gl-ES\"},{\"@type\":\"Organization\",\"@id\":\"https:\\\/\\\/www.anovapeneira.gal\\\/#organization\",\"name\":\"A Nova Peneira\",\"url\":\"https:\\\/\\\/www.anovapeneira.gal\\\/\",\"logo\":{\"@type\":\"ImageObject\",\"inLanguage\":\"gl-ES\",\"@id\":\"https:\\\/\\\/www.anovapeneira.gal\\\/#\\\/schema\\\/logo\\\/image\\\/\",\"url\":\"http:\\\/\\\/www.anovapeneira.gal\\\/wp-content\\\/uploads\\\/2019\\\/06\\\/logo_a_nova_peneira_portal_web.png\",\"contentUrl\":\"http:\\\/\\\/www.anovapeneira.gal\\\/wp-content\\\/uploads\\\/2019\\\/06\\\/logo_a_nova_peneira_portal_web.png\",\"width\":300,\"height\":100,\"caption\":\"A Nova Peneira\"},\"image\":{\"@id\":\"https:\\\/\\\/www.anovapeneira.gal\\\/#\\\/schema\\\/logo\\\/image\\\/\"},\"sameAs\":[\"https:\\\/\\\/www.facebook.com\\\/anovapeneira\",\"https:\\\/\\\/x.com\\\/APeneira\"]},{\"@type\":\"Person\",\"@id\":\"https:\\\/\\\/www.anovapeneira.gal\\\/#\\\/schema\\\/person\\\/1bf91cd240796d05b6522e3d8a6e2d8e\",\"name\":\"Ant\u00f3n Lorenzo Gonz\u00e1lez\",\"image\":{\"@type\":\"ImageObject\",\"inLanguage\":\"gl-ES\",\"@id\":\"https:\\\/\\\/secure.gravatar.com\\\/avatar\\\/dcd882e8f4338e07610336943426400d525673506eb37ce59442ba704e5cc971?s=96&d=mm&r=g\",\"url\":\"https:\\\/\\\/secure.gravatar.com\\\/avatar\\\/dcd882e8f4338e07610336943426400d525673506eb37ce59442ba704e5cc971?s=96&d=mm&r=g\",\"contentUrl\":\"https:\\\/\\\/secure.gravatar.com\\\/avatar\\\/dcd882e8f4338e07610336943426400d525673506eb37ce59442ba704e5cc971?s=96&d=mm&r=g\",\"caption\":\"Ant\u00f3n Lorenzo Gonz\u00e1lez\"},\"url\":\"https:\\\/\\\/www.anovapeneira.gal\\\/index.php\\\/author\\\/xaque\\\/\"}]}<\/script>\n<!-- \/ Yoast SEO plugin. -->","yoast_head_json":{"title":"SALVATERRA, CASTELO, PAZO OU MURALLAS? -","robots":{"index":"index","follow":"follow","max-snippet":"max-snippet:-1","max-image-preview":"max-image-preview:large","max-video-preview":"max-video-preview:-1"},"canonical":"https:\/\/www.anovapeneira.gal\/index.php\/2020\/10\/09\/salvaterra-castelo-pazo-ou-murallas\/","og_locale":"gl_ES","og_type":"article","og_title":"SALVATERRA, CASTELO, PAZO OU MURALLAS? -","og_description":"No pasado mes de setembro sa\u00edu na prensa a nova de que o Castelo de Dona Urraca, en Salvaterra, se adher\u00eda a rede nacional de castelos e pazos de Espa\u00f1a. Afirm\u00e1base: \u201cEl Castillo de Do\u00f1a Urraca constituye uno de los edificios que menos alteraciones arquitect\u00f3nicas sufri\u00f3 con el paso de los a\u00f1os\u201d. C\u00f3mpre dicir que iso, lamentablemente, non \u00e9 certo. [...]","og_url":"https:\/\/www.anovapeneira.gal\/index.php\/2020\/10\/09\/salvaterra-castelo-pazo-ou-murallas\/","article_publisher":"https:\/\/www.facebook.com\/anovapeneira","article_published_time":"2020-10-09T10:00:33+00:00","article_modified_time":"2020-12-12T08:42:06+00:00","og_image":[{"width":720,"height":473,"url":"https:\/\/www.anovapeneira.gal\/wp-content\/uploads\/2019\/07\/ARTIGO_DE_OPINION_A_NOVA_PENEIRA.jpg","type":"image\/jpeg"}],"author":"Ant\u00f3n Lorenzo Gonz\u00e1lez","twitter_card":"summary_large_image","twitter_creator":"@APeneira","twitter_site":"@APeneira","twitter_misc":{"Escrito por":"Ant\u00f3n Lorenzo Gonz\u00e1lez","Tempo de lectura":"2 minutos"},"schema":{"@context":"https:\/\/schema.org","@graph":[{"@type":"Article","@id":"https:\/\/www.anovapeneira.gal\/index.php\/2020\/10\/09\/salvaterra-castelo-pazo-ou-murallas\/#article","isPartOf":{"@id":"https:\/\/www.anovapeneira.gal\/index.php\/2020\/10\/09\/salvaterra-castelo-pazo-ou-murallas\/"},"author":{"name":"Ant\u00f3n Lorenzo Gonz\u00e1lez","@id":"https:\/\/www.anovapeneira.gal\/#\/schema\/person\/1bf91cd240796d05b6522e3d8a6e2d8e"},"headline":"SALVATERRA, CASTELO, PAZO OU MURALLAS?","datePublished":"2020-10-09T10:00:33+00:00","dateModified":"2020-12-12T08:42:06+00:00","mainEntityOfPage":{"@id":"https:\/\/www.anovapeneira.gal\/index.php\/2020\/10\/09\/salvaterra-castelo-pazo-ou-murallas\/"},"wordCount":384,"commentCount":0,"publisher":{"@id":"https:\/\/www.anovapeneira.gal\/#organization"},"image":{"@id":"https:\/\/www.anovapeneira.gal\/index.php\/2020\/10\/09\/salvaterra-castelo-pazo-ou-murallas\/#primaryimage"},"thumbnailUrl":"https:\/\/www.anovapeneira.gal\/wp-content\/uploads\/2019\/07\/ARTIGO_DE_OPINION_A_NOVA_PENEIRA.jpg","keywords":["Opini\u00f3n"],"articleSection":["Artigos de opini\u00f3n"],"inLanguage":"gl-ES","potentialAction":[{"@type":"CommentAction","name":"Comment","target":["https:\/\/www.anovapeneira.gal\/index.php\/2020\/10\/09\/salvaterra-castelo-pazo-ou-murallas\/#respond"]}]},{"@type":"WebPage","@id":"https:\/\/www.anovapeneira.gal\/index.php\/2020\/10\/09\/salvaterra-castelo-pazo-ou-murallas\/","url":"https:\/\/www.anovapeneira.gal\/index.php\/2020\/10\/09\/salvaterra-castelo-pazo-ou-murallas\/","name":"SALVATERRA, CASTELO, PAZO OU MURALLAS? -","isPartOf":{"@id":"https:\/\/www.anovapeneira.gal\/#website"},"primaryImageOfPage":{"@id":"https:\/\/www.anovapeneira.gal\/index.php\/2020\/10\/09\/salvaterra-castelo-pazo-ou-murallas\/#primaryimage"},"image":{"@id":"https:\/\/www.anovapeneira.gal\/index.php\/2020\/10\/09\/salvaterra-castelo-pazo-ou-murallas\/#primaryimage"},"thumbnailUrl":"https:\/\/www.anovapeneira.gal\/wp-content\/uploads\/2019\/07\/ARTIGO_DE_OPINION_A_NOVA_PENEIRA.jpg","datePublished":"2020-10-09T10:00:33+00:00","dateModified":"2020-12-12T08:42:06+00:00","breadcrumb":{"@id":"https:\/\/www.anovapeneira.gal\/index.php\/2020\/10\/09\/salvaterra-castelo-pazo-ou-murallas\/#breadcrumb"},"inLanguage":"gl-ES","potentialAction":[{"@type":"ReadAction","target":["https:\/\/www.anovapeneira.gal\/index.php\/2020\/10\/09\/salvaterra-castelo-pazo-ou-murallas\/"]}]},{"@type":"ImageObject","inLanguage":"gl-ES","@id":"https:\/\/www.anovapeneira.gal\/index.php\/2020\/10\/09\/salvaterra-castelo-pazo-ou-murallas\/#primaryimage","url":"https:\/\/www.anovapeneira.gal\/wp-content\/uploads\/2019\/07\/ARTIGO_DE_OPINION_A_NOVA_PENEIRA.jpg","contentUrl":"https:\/\/www.anovapeneira.gal\/wp-content\/uploads\/2019\/07\/ARTIGO_DE_OPINION_A_NOVA_PENEIRA.jpg","width":720,"height":473,"caption":"Artigo de opini\u00f3n A Nova Peneira"},{"@type":"BreadcrumbList","@id":"https:\/\/www.anovapeneira.gal\/index.php\/2020\/10\/09\/salvaterra-castelo-pazo-ou-murallas\/#breadcrumb","itemListElement":[{"@type":"ListItem","position":1,"name":"Portada","item":"https:\/\/www.anovapeneira.gal\/"},{"@type":"ListItem","position":2,"name":"SALVATERRA, CASTELO, PAZO OU MURALLAS?"}]},{"@type":"WebSite","@id":"https:\/\/www.anovapeneira.gal\/#website","url":"https:\/\/www.anovapeneira.gal\/","name":"","description":"Xornal galego de informaci\u00f3n xeral Publicaci\u00f3n mensual de novas de Galicia e en especial dos Concellos da sur da provincia de Pontevedra.","publisher":{"@id":"https:\/\/www.anovapeneira.gal\/#organization"},"potentialAction":[{"@type":"SearchAction","target":{"@type":"EntryPoint","urlTemplate":"https:\/\/www.anovapeneira.gal\/?s={search_term_string}"},"query-input":{"@type":"PropertyValueSpecification","valueRequired":true,"valueName":"search_term_string"}}],"inLanguage":"gl-ES"},{"@type":"Organization","@id":"https:\/\/www.anovapeneira.gal\/#organization","name":"A Nova Peneira","url":"https:\/\/www.anovapeneira.gal\/","logo":{"@type":"ImageObject","inLanguage":"gl-ES","@id":"https:\/\/www.anovapeneira.gal\/#\/schema\/logo\/image\/","url":"http:\/\/www.anovapeneira.gal\/wp-content\/uploads\/2019\/06\/logo_a_nova_peneira_portal_web.png","contentUrl":"http:\/\/www.anovapeneira.gal\/wp-content\/uploads\/2019\/06\/logo_a_nova_peneira_portal_web.png","width":300,"height":100,"caption":"A Nova Peneira"},"image":{"@id":"https:\/\/www.anovapeneira.gal\/#\/schema\/logo\/image\/"},"sameAs":["https:\/\/www.facebook.com\/anovapeneira","https:\/\/x.com\/APeneira"]},{"@type":"Person","@id":"https:\/\/www.anovapeneira.gal\/#\/schema\/person\/1bf91cd240796d05b6522e3d8a6e2d8e","name":"Ant\u00f3n Lorenzo Gonz\u00e1lez","image":{"@type":"ImageObject","inLanguage":"gl-ES","@id":"https:\/\/secure.gravatar.com\/avatar\/dcd882e8f4338e07610336943426400d525673506eb37ce59442ba704e5cc971?s=96&d=mm&r=g","url":"https:\/\/secure.gravatar.com\/avatar\/dcd882e8f4338e07610336943426400d525673506eb37ce59442ba704e5cc971?s=96&d=mm&r=g","contentUrl":"https:\/\/secure.gravatar.com\/avatar\/dcd882e8f4338e07610336943426400d525673506eb37ce59442ba704e5cc971?s=96&d=mm&r=g","caption":"Ant\u00f3n Lorenzo Gonz\u00e1lez"},"url":"https:\/\/www.anovapeneira.gal\/index.php\/author\/xaque\/"}]}},"jetpack_featured_media_url":"https:\/\/www.anovapeneira.gal\/wp-content\/uploads\/2019\/07\/ARTIGO_DE_OPINION_A_NOVA_PENEIRA.jpg","_links":{"self":[{"href":"https:\/\/www.anovapeneira.gal\/index.php\/wp-json\/wp\/v2\/posts\/4071","targetHints":{"allow":["GET"]}}],"collection":[{"href":"https:\/\/www.anovapeneira.gal\/index.php\/wp-json\/wp\/v2\/posts"}],"about":[{"href":"https:\/\/www.anovapeneira.gal\/index.php\/wp-json\/wp\/v2\/types\/post"}],"author":[{"embeddable":true,"href":"https:\/\/www.anovapeneira.gal\/index.php\/wp-json\/wp\/v2\/users\/34"}],"replies":[{"embeddable":true,"href":"https:\/\/www.anovapeneira.gal\/index.php\/wp-json\/wp\/v2\/comments?post=4071"}],"version-history":[{"count":3,"href":"https:\/\/www.anovapeneira.gal\/index.php\/wp-json\/wp\/v2\/posts\/4071\/revisions"}],"predecessor-version":[{"id":4439,"href":"https:\/\/www.anovapeneira.gal\/index.php\/wp-json\/wp\/v2\/posts\/4071\/revisions\/4439"}],"wp:featuredmedia":[{"embeddable":true,"href":"https:\/\/www.anovapeneira.gal\/index.php\/wp-json\/wp\/v2\/media\/584"}],"wp:attachment":[{"href":"https:\/\/www.anovapeneira.gal\/index.php\/wp-json\/wp\/v2\/media?parent=4071"}],"wp:term":[{"taxonomy":"category","embeddable":true,"href":"https:\/\/www.anovapeneira.gal\/index.php\/wp-json\/wp\/v2\/categories?post=4071"},{"taxonomy":"post_tag","embeddable":true,"href":"https:\/\/www.anovapeneira.gal\/index.php\/wp-json\/wp\/v2\/tags?post=4071"}],"curies":[{"name":"wp","href":"https:\/\/api.w.org\/{rel}","templated":true}]}}