{"id":4076,"date":"2020-10-12T10:00:06","date_gmt":"2020-10-12T08:00:06","guid":{"rendered":"http:\/\/www.anovapeneira.gal\/?p=4076"},"modified":"2020-10-08T15:48:13","modified_gmt":"2020-10-08T13:48:13","slug":"yonathan-carreira-xerente-de-estrela-de-marin-outubro-2020","status":"publish","type":"post","link":"https:\/\/www.anovapeneira.gal\/index.php\/2020\/10\/12\/yonathan-carreira-xerente-de-estrela-de-marin-outubro-2020\/","title":{"rendered":"Yonathan Carreira  Xerente de Estrela de Mar\u00edn"},"content":{"rendered":"\n<h2 class=\"wp-block-heading\"><strong>Yonathan \u00e9 o xerente da asociaci\u00f3n de comerciantes Estrela de Mar\u00edn. Acheg\u00e1monos a conversar con el para co\u00f1ecer o estado do pequeno comercio marinense. Vela\u00ed vai o que deu de si a nosa conversa<\/strong><\/h2>\n\n\n\n<p>\u201c<strong>NESTES MOMENTOS, O RETRAEMENTO DO CONSUMO \u00c9 MOI PREOCUPANTE\u201d<\/strong><\/p>\n\n\n\n<p><strong>-Valora a situaci\u00f3n, en li\u00f1as xerais, do comercio marinense neste contexto tan complicado?<\/strong><\/p>\n\n\n\n<blockquote class=\"wp-block-quote is-layout-flow wp-block-quote-is-layout-flow\"><p>O comercio de proximidade, est\u00e1 atravesando un momento moi complexo. Non s\u00f3 na nosa vila de Mar\u00edn sen\u00f3n que en todo o territorio nacional. Nestes momentos ademais, no concello, hai restrici\u00f3ns que limitan a actividade comercial pero somos conscientes que debe primar a seguridade sanitaria.<\/p><\/blockquote>\n\n\n\n<p><strong>-\u00c9 seguro ir a un comercio de Mar\u00edn?<\/strong><\/p>\n\n\n\n<blockquote class=\"wp-block-quote is-layout-flow wp-block-quote-is-layout-flow\"><p>Desde a fase 0 da desescalada, al\u00f3 polo 4 de maio, desde o Centro Comercial Aberto incidimos en que todos os negocios establecementos, cumprisen coas recomendaci\u00f3ns hixi\u00e9nico sanitarias, coa finalidade de transmitir \u00e1 cidadan\u00eda a mensaxe, de que a compra local era unha compra segura. Deste xeito, puxemos a disposici\u00f3n d@s nos@s asociad@s tapabocas, xel hidroalcoh\u00f3lico, batas para as perruquer\u00edas, carteis de aforo, cinta de seguridade para colocar en zonas de caixa e respectar a distancia de seguridade&#8230;<\/p><\/blockquote>\n\n\n\n<blockquote class=\"wp-block-quote is-layout-flow wp-block-quote-is-layout-flow\"><p>Al\u00e9n disto, os nosos negocios puideron realizar unha auto diagnose de como se atopaban para poder levar a cabo a s\u00faa actividade e darlle cumprimento \u00e1s esixencias hixi\u00e9nico sanitarias, xa que a trav\u00e9s da Federaci\u00f3n Provincial de Comercio, Turismo e Mercados de Pontevedra, participamos na posta en marcha da entrega de distintivos de \u201cComercio Seguro\u201d<\/p><\/blockquote>\n\n\n\n<p><strong>-A resposta da sociedade de Mar\u00edn, despois do confinamento, co seu tecido comercial foi a que esperabas?<\/strong><\/p>\n\n\n\n<blockquote class=\"wp-block-quote is-layout-flow wp-block-quote-is-layout-flow\"><p>Durante o confinamento, creouse un sentimento de apego ao noso e a volta \u00e1 actividade comercial foi m\u00e1is que satisfactoria. Estamos falando do mes de maio. Desde a Asociaci\u00f3n Galega de Xerencias de Centros Comerciais Abertos, dese\u00f1amos unha campa\u00f1a (\u201c<em>Morri\u00f1a de ti<\/em>\u201d) que buscaba concienciar \u00e1 xente da importancia de consumir en clave local e transmitirlle a mensaxe de que sen eles non somos nada. Nestes momentos, si que \u00e9 certo que a situaci\u00f3n xa non \u00e9 a mesma. A chegada do outono, os casos positivos de Covid, o aumento do paro, os ERTES\u2026fan que o retraemento do consumo sexa moi preocupante.<\/p><\/blockquote>\n\n\n\n<p><strong>-E a da administraci\u00f3n municipal?. Fixo o necesario e o suficiente para axudar a que os comerciantes puidesen superar esta situaci\u00f3n da mellor maneira posible?<\/strong><\/p>\n\n\n\n<blockquote class=\"wp-block-quote is-layout-flow wp-block-quote-is-layout-flow\"><p>Persoalmente considero que se fixeron cousas pero foron insuficientes. Desde o CCA pux\u00e9monos a disposici\u00f3n da corporaci\u00f3n municipal desde o primeiro d\u00eda do confinamento, mantendo diversas reuni\u00f3ns e aportando medidas que puidesen reactivar a econom\u00eda local. Algunhas delas, si que se tiveron en conta (supresi\u00f3n taxas de terrazas, aportar EPI\u2019s aos comerciantes, colaboraci\u00f3n nalgunhas acci\u00f3ns concretas que tiveron moi boa acollida coma o \u201cStock Mar\u00edn\u201d) pero hai outras medidas que se te\u00f1en que tomar para poder axudar nestes momentos. Unha delas \u00e9 intentar incentivar o consumo. Vexo que en vilas semellantes a nosa (Cangas do Morrazo) o seu concello acaba de po\u00f1er en marcha, conxuntamente con Fecimo, unha acci\u00f3n que intenta impulsar ao comercio de proximidade, a trav\u00e9s de bonos que bonificar\u00e1n o 40% das compras efectuadas. Deste xeito cunha aportaci\u00f3n municipal de 100.000\u20ac, mobilizaranse 250.000\u20ac. Unha medida semellante, propux\u00e9moslla ao equipo de goberno e agardo que agora,&nbsp;grazas \u00e1 anulaci\u00f3n por parte de Facenda do Estado do control de d\u00e9ficit e d\u00e9beda, se poida levar a cabo, xa que nocaso do Concello de Mar\u00edn, despois de realizada a liquidaci\u00f3n do orzamento do exercicio 2019, o importe do que poder\u00e1 dispo\u00f1er ascende a algo m\u00e1is de 2.588.000\u20ac.&nbsp;Deste xeito, se destinamos o 10% a unha campa\u00f1a de caracter\u00edsticas similares, poderemos mobilizar preto de 650.000\u20ac<\/p><\/blockquote>\n\n\n\n<p><strong>-No que respecta a administraci\u00f3n auton\u00f3mica que nos dis? &#8211; E da administraci\u00f3n estatal?<\/strong><\/p>\n\n\n\n<blockquote class=\"wp-block-quote is-layout-flow wp-block-quote-is-layout-flow\"><p>Que a descoordinaci\u00f3n foi total e absoluta. Baixo o meu punto de vista, prevaleceron os intereses pol\u00edticos fronte aos intereses das persoas en xeral e do que nos ocupa a n\u00f3s, do comercio de proximidade en particular. Ben \u00e9 certo que nos tocou vivir unha situaci\u00f3n nova e que nos pillou a moitos co \u201cp\u00e9 cambiado\u201d pero non pode ser que a improvisaci\u00f3n fose a nota predominante.&nbsp;<\/p><\/blockquote>\n\n\n\n<p><strong>-Se puideras transmitirlle \u00e1s tres administraci\u00f3ns as vosas necesidades m\u00e1is urxentes, que lle dir\u00edas?<\/strong><\/p>\n\n\n\n<blockquote class=\"wp-block-quote is-layout-flow wp-block-quote-is-layout-flow\"><p>En primeiro lugar, que @ comerciante poida obter financiaci\u00f3n sen endebedarse para o resto dos seus d\u00edas. Moitas das medidas que se tomaron ata o de agora, foron pr\u00e9stamos ICO ou financiaci\u00f3n a trav\u00e9s do IGAPE, que ou ben che aplicaban condici\u00f3ns inasumibles (coma a formalizaci\u00f3n de seguros de vida, que incrementaban as operaci\u00f3ns de xeito exponencial) ou ben se eternizaba a s\u00faa consecuci\u00f3n debido \u00e1 burocracia incesante das operaci\u00f3ns. Ao final, unha vez m\u00e1is a \u201cbanca sempre ga\u00f1a\u201d.&nbsp;<\/p><\/blockquote>\n\n\n\n<blockquote class=\"wp-block-quote is-layout-flow wp-block-quote-is-layout-flow\"><p><strong>Que se facilitan ferramentas para poder competir en igualdades de condici\u00f3ns. O comercio de proximidade non pode xogar un partido no que de inicio xa vai perdendo 3 ou 4 a cero. \u00c9 necesaria unha modificaci\u00f3n na Lei de Comercio, comezando por lexislar novamente os per\u00edodos de rebaixas. Ademais, temos que adaptarnos ao novo consumidor post Covid, e non podemos facelo po\u00f1endo en marcha, por exemplo 313 proxectos de \u201cMarketplace\u201d, tantos coma concello hai en Galiza. Hai que crear sinerxias e para iso necesitamos de colectivos \u201csupra\u201d que realmente traballen a prol do comercio de proximidade.<\/strong><\/p><\/blockquote>\n\n\n\n<p><strong>-Estrela de Mar\u00edn caracterizouse , desde sempre, por un grande esforzo imaxinativo na procura de artellar eventos en prol da dinamizaci\u00f3n comercial. Neste contexto, a imaxinaci\u00f3n a\u00ednda d\u00e1 para pensar en cousas novas que atraian a atenci\u00f3n do cliente potencial?<\/strong><\/p>\n\n\n\n<blockquote class=\"wp-block-quote is-layout-flow wp-block-quote-is-layout-flow\"><p>Non queda outra. Temos que implementar ferramentas que incrementen a fidelidade do cliente e moitas delas pasan por soluci\u00f3ns tecnol\u00f3xicas. Unha lectura clara do confinamento, foi que os comercios que venderon algo foron aqueles que traballaban con soluci\u00f3ns dixitais. Dito isto, unha cousa hai que ter clara unha premisa, o comercio de proximidade debe potenciar o seu comercio f\u00edsico. E o que nos fai diferentes, \u00fanicos \u00e9 a nosa esenza.<\/p><\/blockquote>\n\n\n\n<p><strong>-Que tendes previsto, no que respecta \u00e1s actividades, facer de aqu\u00ed a final de ano?<\/strong><\/p>\n\n\n\n<blockquote class=\"wp-block-quote is-layout-flow wp-block-quote-is-layout-flow\"><p>Estamos traballando en varios proxectos, que agardo que en breve poidamos presentalos. Incidimos no que dic\u00eda, creaci\u00f3n de sinerxias, incentivaci\u00f3n do consumo, soluci\u00f3ns dixitais\u2026<\/p><\/blockquote>\n\n\n\n<p><strong>-Creo que este ano, produciuse unha novidade moi importante na t\u00faa vida. Como levas o da paternidade?<\/strong><\/p>\n\n\n\n<blockquote class=\"wp-block-quote is-layout-flow wp-block-quote-is-layout-flow\"><p>Pois a paternidade foi un raio de luz nestes tempos escuros que nos tocaron vivir. Botando man dunha cita que lin hai un tempo, poder\u00eda resumilo do seguinte xeito:<\/p><\/blockquote>\n\n\n\n<p>\u201c&nbsp;<em><strong>E de s\u00fapeto chega algu\u00e9n con moita luz, algu\u00e9n que non lle importa que tan escuro esteas, e qu\u00e9dase a\u00ed, ao teu car\u00f3n, ilumin\u00e1ndote\u201d<\/strong><\/em><\/p>\n","protected":false},"excerpt":{"rendered":"<div class=\"mh-excerpt\"><p>Yonathan \u00e9 o xerente da asociaci\u00f3n de comerciantes Estrela de Mar\u00edn. Acheg\u00e1monos a conversar con el para co\u00f1ecer o estado do pequeno comercio marinense. Vela\u00ed vai o que deu de si a nosa conversa <a class=\"mh-excerpt-more\" href=\"https:\/\/www.anovapeneira.gal\/index.php\/2020\/10\/12\/yonathan-carreira-xerente-de-estrela-de-marin-outubro-2020\/\" title=\"Yonathan Carreira  Xerente de Estrela de Mar\u00edn\">[&#8230;]<\/a><\/p>\n<\/div>","protected":false},"author":3,"featured_media":2620,"comment_status":"open","ping_status":"open","sticky":false,"template":"","format":"standard","meta":{"_exactmetrics_skip_tracking":false,"_exactmetrics_sitenote_active":false,"_exactmetrics_sitenote_note":"","_exactmetrics_sitenote_category":0,"footnotes":""},"categories":[268],"tags":[144],"class_list":{"0":"post-4076","1":"post","2":"type-post","3":"status-publish","4":"format-standard","5":"has-post-thumbnail","7":"category-morrazo-entrevistas","8":"tag-concello-de-marin"},"yoast_head":"<!-- This site is optimized with the Yoast SEO plugin v27.4 - https:\/\/yoast.com\/product\/yoast-seo-wordpress\/ -->\n<title>Yonathan Carreira Xerente de Estrela de Mar\u00edn -<\/title>\n<meta name=\"description\" content=\"Yonathan Carreira Xerente de Estrela de Mar\u00edn. Nestes momentos, o retraemento do consumo \u00e9 moi preocupante\" \/>\n<meta name=\"robots\" content=\"index, follow, max-snippet:-1, max-image-preview:large, max-video-preview:-1\" \/>\n<link rel=\"canonical\" href=\"https:\/\/www.anovapeneira.gal\/index.php\/2020\/10\/12\/yonathan-carreira-xerente-de-estrela-de-marin-outubro-2020\/\" \/>\n<meta property=\"og:locale\" content=\"gl_ES\" \/>\n<meta property=\"og:type\" content=\"article\" \/>\n<meta property=\"og:title\" content=\"Yonathan Carreira Xerente de Estrela de Mar\u00edn -\" \/>\n<meta property=\"og:description\" content=\"Yonathan Carreira Xerente de Estrela de Mar\u00edn. Nestes momentos, o retraemento do consumo \u00e9 moi preocupante\" \/>\n<meta property=\"og:url\" content=\"https:\/\/www.anovapeneira.gal\/index.php\/2020\/10\/12\/yonathan-carreira-xerente-de-estrela-de-marin-outubro-2020\/\" \/>\n<meta property=\"article:publisher\" content=\"https:\/\/www.facebook.com\/anovapeneira\" \/>\n<meta property=\"article:published_time\" content=\"2020-10-12T08:00:06+00:00\" \/>\n<meta property=\"og:image\" content=\"https:\/\/www.anovapeneira.gal\/wp-content\/uploads\/2020\/02\/estrela_de_marin_a_nova_peneira.jpg\" \/>\n\t<meta property=\"og:image:width\" content=\"720\" \/>\n\t<meta property=\"og:image:height\" content=\"432\" \/>\n\t<meta property=\"og:image:type\" content=\"image\/jpeg\" \/>\n<meta name=\"author\" content=\"Redacci\u00f3n A Nova Peneira\" \/>\n<meta name=\"twitter:card\" content=\"summary_large_image\" \/>\n<meta name=\"twitter:creator\" content=\"@APeneira\" \/>\n<meta name=\"twitter:site\" content=\"@APeneira\" \/>\n<meta name=\"twitter:label1\" content=\"Escrito por\" \/>\n\t<meta name=\"twitter:data1\" content=\"Redacci\u00f3n A Nova Peneira\" \/>\n\t<meta name=\"twitter:label2\" content=\"Tempo de lectura\" \/>\n\t<meta name=\"twitter:data2\" content=\"6 minutos\" \/>\n<script type=\"application\/ld+json\" class=\"yoast-schema-graph\">{\"@context\":\"https:\\\/\\\/schema.org\",\"@graph\":[{\"@type\":\"Article\",\"@id\":\"https:\\\/\\\/www.anovapeneira.gal\\\/index.php\\\/2020\\\/10\\\/12\\\/yonathan-carreira-xerente-de-estrela-de-marin-outubro-2020\\\/#article\",\"isPartOf\":{\"@id\":\"https:\\\/\\\/www.anovapeneira.gal\\\/index.php\\\/2020\\\/10\\\/12\\\/yonathan-carreira-xerente-de-estrela-de-marin-outubro-2020\\\/\"},\"author\":{\"name\":\"Redacci\u00f3n A Nova Peneira\",\"@id\":\"https:\\\/\\\/www.anovapeneira.gal\\\/#\\\/schema\\\/person\\\/b93e3f8932e3f8da96334607eb6ac6aa\"},\"headline\":\"Yonathan Carreira Xerente de Estrela de Mar\u00edn\",\"datePublished\":\"2020-10-12T08:00:06+00:00\",\"mainEntityOfPage\":{\"@id\":\"https:\\\/\\\/www.anovapeneira.gal\\\/index.php\\\/2020\\\/10\\\/12\\\/yonathan-carreira-xerente-de-estrela-de-marin-outubro-2020\\\/\"},\"wordCount\":1185,\"commentCount\":0,\"publisher\":{\"@id\":\"https:\\\/\\\/www.anovapeneira.gal\\\/#organization\"},\"image\":{\"@id\":\"https:\\\/\\\/www.anovapeneira.gal\\\/index.php\\\/2020\\\/10\\\/12\\\/yonathan-carreira-xerente-de-estrela-de-marin-outubro-2020\\\/#primaryimage\"},\"thumbnailUrl\":\"https:\\\/\\\/www.anovapeneira.gal\\\/wp-content\\\/uploads\\\/2020\\\/02\\\/estrela_de_marin_a_nova_peneira.jpg\",\"keywords\":[\"Concello de Mar\u00edn\"],\"articleSection\":[\"Morrazo\"],\"inLanguage\":\"gl-ES\",\"potentialAction\":[{\"@type\":\"CommentAction\",\"name\":\"Comment\",\"target\":[\"https:\\\/\\\/www.anovapeneira.gal\\\/index.php\\\/2020\\\/10\\\/12\\\/yonathan-carreira-xerente-de-estrela-de-marin-outubro-2020\\\/#respond\"]}]},{\"@type\":\"WebPage\",\"@id\":\"https:\\\/\\\/www.anovapeneira.gal\\\/index.php\\\/2020\\\/10\\\/12\\\/yonathan-carreira-xerente-de-estrela-de-marin-outubro-2020\\\/\",\"url\":\"https:\\\/\\\/www.anovapeneira.gal\\\/index.php\\\/2020\\\/10\\\/12\\\/yonathan-carreira-xerente-de-estrela-de-marin-outubro-2020\\\/\",\"name\":\"Yonathan Carreira Xerente de Estrela de Mar\u00edn -\",\"isPartOf\":{\"@id\":\"https:\\\/\\\/www.anovapeneira.gal\\\/#website\"},\"primaryImageOfPage\":{\"@id\":\"https:\\\/\\\/www.anovapeneira.gal\\\/index.php\\\/2020\\\/10\\\/12\\\/yonathan-carreira-xerente-de-estrela-de-marin-outubro-2020\\\/#primaryimage\"},\"image\":{\"@id\":\"https:\\\/\\\/www.anovapeneira.gal\\\/index.php\\\/2020\\\/10\\\/12\\\/yonathan-carreira-xerente-de-estrela-de-marin-outubro-2020\\\/#primaryimage\"},\"thumbnailUrl\":\"https:\\\/\\\/www.anovapeneira.gal\\\/wp-content\\\/uploads\\\/2020\\\/02\\\/estrela_de_marin_a_nova_peneira.jpg\",\"datePublished\":\"2020-10-12T08:00:06+00:00\",\"description\":\"Yonathan Carreira Xerente de Estrela de Mar\u00edn. Nestes momentos, o retraemento do consumo \u00e9 moi preocupante\",\"breadcrumb\":{\"@id\":\"https:\\\/\\\/www.anovapeneira.gal\\\/index.php\\\/2020\\\/10\\\/12\\\/yonathan-carreira-xerente-de-estrela-de-marin-outubro-2020\\\/#breadcrumb\"},\"inLanguage\":\"gl-ES\",\"potentialAction\":[{\"@type\":\"ReadAction\",\"target\":[\"https:\\\/\\\/www.anovapeneira.gal\\\/index.php\\\/2020\\\/10\\\/12\\\/yonathan-carreira-xerente-de-estrela-de-marin-outubro-2020\\\/\"]}]},{\"@type\":\"ImageObject\",\"inLanguage\":\"gl-ES\",\"@id\":\"https:\\\/\\\/www.anovapeneira.gal\\\/index.php\\\/2020\\\/10\\\/12\\\/yonathan-carreira-xerente-de-estrela-de-marin-outubro-2020\\\/#primaryimage\",\"url\":\"https:\\\/\\\/www.anovapeneira.gal\\\/wp-content\\\/uploads\\\/2020\\\/02\\\/estrela_de_marin_a_nova_peneira.jpg\",\"contentUrl\":\"https:\\\/\\\/www.anovapeneira.gal\\\/wp-content\\\/uploads\\\/2020\\\/02\\\/estrela_de_marin_a_nova_peneira.jpg\",\"width\":720,\"height\":432,\"caption\":\"Estrela de Mar\u00edn A Nova Peneira\"},{\"@type\":\"BreadcrumbList\",\"@id\":\"https:\\\/\\\/www.anovapeneira.gal\\\/index.php\\\/2020\\\/10\\\/12\\\/yonathan-carreira-xerente-de-estrela-de-marin-outubro-2020\\\/#breadcrumb\",\"itemListElement\":[{\"@type\":\"ListItem\",\"position\":1,\"name\":\"Portada\",\"item\":\"https:\\\/\\\/www.anovapeneira.gal\\\/\"},{\"@type\":\"ListItem\",\"position\":2,\"name\":\"Yonathan Carreira Xerente de Estrela de Mar\u00edn\"}]},{\"@type\":\"WebSite\",\"@id\":\"https:\\\/\\\/www.anovapeneira.gal\\\/#website\",\"url\":\"https:\\\/\\\/www.anovapeneira.gal\\\/\",\"name\":\"\",\"description\":\"Xornal galego de informaci\u00f3n xeral Publicaci\u00f3n mensual de novas de Galicia e en especial dos Concellos da sur da provincia de Pontevedra.\",\"publisher\":{\"@id\":\"https:\\\/\\\/www.anovapeneira.gal\\\/#organization\"},\"potentialAction\":[{\"@type\":\"SearchAction\",\"target\":{\"@type\":\"EntryPoint\",\"urlTemplate\":\"https:\\\/\\\/www.anovapeneira.gal\\\/?s={search_term_string}\"},\"query-input\":{\"@type\":\"PropertyValueSpecification\",\"valueRequired\":true,\"valueName\":\"search_term_string\"}}],\"inLanguage\":\"gl-ES\"},{\"@type\":\"Organization\",\"@id\":\"https:\\\/\\\/www.anovapeneira.gal\\\/#organization\",\"name\":\"A Nova Peneira\",\"url\":\"https:\\\/\\\/www.anovapeneira.gal\\\/\",\"logo\":{\"@type\":\"ImageObject\",\"inLanguage\":\"gl-ES\",\"@id\":\"https:\\\/\\\/www.anovapeneira.gal\\\/#\\\/schema\\\/logo\\\/image\\\/\",\"url\":\"http:\\\/\\\/www.anovapeneira.gal\\\/wp-content\\\/uploads\\\/2019\\\/06\\\/logo_a_nova_peneira_portal_web.png\",\"contentUrl\":\"http:\\\/\\\/www.anovapeneira.gal\\\/wp-content\\\/uploads\\\/2019\\\/06\\\/logo_a_nova_peneira_portal_web.png\",\"width\":300,\"height\":100,\"caption\":\"A Nova Peneira\"},\"image\":{\"@id\":\"https:\\\/\\\/www.anovapeneira.gal\\\/#\\\/schema\\\/logo\\\/image\\\/\"},\"sameAs\":[\"https:\\\/\\\/www.facebook.com\\\/anovapeneira\",\"https:\\\/\\\/x.com\\\/APeneira\"]},{\"@type\":\"Person\",\"@id\":\"https:\\\/\\\/www.anovapeneira.gal\\\/#\\\/schema\\\/person\\\/b93e3f8932e3f8da96334607eb6ac6aa\",\"name\":\"Redacci\u00f3n A Nova Peneira\",\"image\":{\"@type\":\"ImageObject\",\"inLanguage\":\"gl-ES\",\"@id\":\"https:\\\/\\\/secure.gravatar.com\\\/avatar\\\/c052a2551a06e23fac63626232eaa90abd78dbcf1700fc46a2b2c89fd27b735f?s=96&d=mm&r=g\",\"url\":\"https:\\\/\\\/secure.gravatar.com\\\/avatar\\\/c052a2551a06e23fac63626232eaa90abd78dbcf1700fc46a2b2c89fd27b735f?s=96&d=mm&r=g\",\"contentUrl\":\"https:\\\/\\\/secure.gravatar.com\\\/avatar\\\/c052a2551a06e23fac63626232eaa90abd78dbcf1700fc46a2b2c89fd27b735f?s=96&d=mm&r=g\",\"caption\":\"Redacci\u00f3n A Nova Peneira\"},\"sameAs\":[\"http:\\\/\\\/www.anovapeneira.gal\\\/\"],\"url\":\"https:\\\/\\\/www.anovapeneira.gal\\\/index.php\\\/author\\\/redactor\\\/\"}]}<\/script>\n<!-- \/ Yoast SEO plugin. -->","yoast_head_json":{"title":"Yonathan Carreira Xerente de Estrela de Mar\u00edn -","description":"Yonathan Carreira Xerente de Estrela de Mar\u00edn. Nestes momentos, o retraemento do consumo \u00e9 moi preocupante","robots":{"index":"index","follow":"follow","max-snippet":"max-snippet:-1","max-image-preview":"max-image-preview:large","max-video-preview":"max-video-preview:-1"},"canonical":"https:\/\/www.anovapeneira.gal\/index.php\/2020\/10\/12\/yonathan-carreira-xerente-de-estrela-de-marin-outubro-2020\/","og_locale":"gl_ES","og_type":"article","og_title":"Yonathan Carreira Xerente de Estrela de Mar\u00edn -","og_description":"Yonathan Carreira Xerente de Estrela de Mar\u00edn. Nestes momentos, o retraemento do consumo \u00e9 moi preocupante","og_url":"https:\/\/www.anovapeneira.gal\/index.php\/2020\/10\/12\/yonathan-carreira-xerente-de-estrela-de-marin-outubro-2020\/","article_publisher":"https:\/\/www.facebook.com\/anovapeneira","article_published_time":"2020-10-12T08:00:06+00:00","og_image":[{"width":720,"height":432,"url":"https:\/\/www.anovapeneira.gal\/wp-content\/uploads\/2020\/02\/estrela_de_marin_a_nova_peneira.jpg","type":"image\/jpeg"}],"author":"Redacci\u00f3n A Nova Peneira","twitter_card":"summary_large_image","twitter_creator":"@APeneira","twitter_site":"@APeneira","twitter_misc":{"Escrito por":"Redacci\u00f3n A Nova Peneira","Tempo de lectura":"6 minutos"},"schema":{"@context":"https:\/\/schema.org","@graph":[{"@type":"Article","@id":"https:\/\/www.anovapeneira.gal\/index.php\/2020\/10\/12\/yonathan-carreira-xerente-de-estrela-de-marin-outubro-2020\/#article","isPartOf":{"@id":"https:\/\/www.anovapeneira.gal\/index.php\/2020\/10\/12\/yonathan-carreira-xerente-de-estrela-de-marin-outubro-2020\/"},"author":{"name":"Redacci\u00f3n A Nova Peneira","@id":"https:\/\/www.anovapeneira.gal\/#\/schema\/person\/b93e3f8932e3f8da96334607eb6ac6aa"},"headline":"Yonathan Carreira Xerente de Estrela de Mar\u00edn","datePublished":"2020-10-12T08:00:06+00:00","mainEntityOfPage":{"@id":"https:\/\/www.anovapeneira.gal\/index.php\/2020\/10\/12\/yonathan-carreira-xerente-de-estrela-de-marin-outubro-2020\/"},"wordCount":1185,"commentCount":0,"publisher":{"@id":"https:\/\/www.anovapeneira.gal\/#organization"},"image":{"@id":"https:\/\/www.anovapeneira.gal\/index.php\/2020\/10\/12\/yonathan-carreira-xerente-de-estrela-de-marin-outubro-2020\/#primaryimage"},"thumbnailUrl":"https:\/\/www.anovapeneira.gal\/wp-content\/uploads\/2020\/02\/estrela_de_marin_a_nova_peneira.jpg","keywords":["Concello de Mar\u00edn"],"articleSection":["Morrazo"],"inLanguage":"gl-ES","potentialAction":[{"@type":"CommentAction","name":"Comment","target":["https:\/\/www.anovapeneira.gal\/index.php\/2020\/10\/12\/yonathan-carreira-xerente-de-estrela-de-marin-outubro-2020\/#respond"]}]},{"@type":"WebPage","@id":"https:\/\/www.anovapeneira.gal\/index.php\/2020\/10\/12\/yonathan-carreira-xerente-de-estrela-de-marin-outubro-2020\/","url":"https:\/\/www.anovapeneira.gal\/index.php\/2020\/10\/12\/yonathan-carreira-xerente-de-estrela-de-marin-outubro-2020\/","name":"Yonathan Carreira Xerente de Estrela de Mar\u00edn -","isPartOf":{"@id":"https:\/\/www.anovapeneira.gal\/#website"},"primaryImageOfPage":{"@id":"https:\/\/www.anovapeneira.gal\/index.php\/2020\/10\/12\/yonathan-carreira-xerente-de-estrela-de-marin-outubro-2020\/#primaryimage"},"image":{"@id":"https:\/\/www.anovapeneira.gal\/index.php\/2020\/10\/12\/yonathan-carreira-xerente-de-estrela-de-marin-outubro-2020\/#primaryimage"},"thumbnailUrl":"https:\/\/www.anovapeneira.gal\/wp-content\/uploads\/2020\/02\/estrela_de_marin_a_nova_peneira.jpg","datePublished":"2020-10-12T08:00:06+00:00","description":"Yonathan Carreira Xerente de Estrela de Mar\u00edn. Nestes momentos, o retraemento do consumo \u00e9 moi preocupante","breadcrumb":{"@id":"https:\/\/www.anovapeneira.gal\/index.php\/2020\/10\/12\/yonathan-carreira-xerente-de-estrela-de-marin-outubro-2020\/#breadcrumb"},"inLanguage":"gl-ES","potentialAction":[{"@type":"ReadAction","target":["https:\/\/www.anovapeneira.gal\/index.php\/2020\/10\/12\/yonathan-carreira-xerente-de-estrela-de-marin-outubro-2020\/"]}]},{"@type":"ImageObject","inLanguage":"gl-ES","@id":"https:\/\/www.anovapeneira.gal\/index.php\/2020\/10\/12\/yonathan-carreira-xerente-de-estrela-de-marin-outubro-2020\/#primaryimage","url":"https:\/\/www.anovapeneira.gal\/wp-content\/uploads\/2020\/02\/estrela_de_marin_a_nova_peneira.jpg","contentUrl":"https:\/\/www.anovapeneira.gal\/wp-content\/uploads\/2020\/02\/estrela_de_marin_a_nova_peneira.jpg","width":720,"height":432,"caption":"Estrela de Mar\u00edn A Nova Peneira"},{"@type":"BreadcrumbList","@id":"https:\/\/www.anovapeneira.gal\/index.php\/2020\/10\/12\/yonathan-carreira-xerente-de-estrela-de-marin-outubro-2020\/#breadcrumb","itemListElement":[{"@type":"ListItem","position":1,"name":"Portada","item":"https:\/\/www.anovapeneira.gal\/"},{"@type":"ListItem","position":2,"name":"Yonathan Carreira Xerente de Estrela de Mar\u00edn"}]},{"@type":"WebSite","@id":"https:\/\/www.anovapeneira.gal\/#website","url":"https:\/\/www.anovapeneira.gal\/","name":"","description":"Xornal galego de informaci\u00f3n xeral Publicaci\u00f3n mensual de novas de Galicia e en especial dos Concellos da sur da provincia de Pontevedra.","publisher":{"@id":"https:\/\/www.anovapeneira.gal\/#organization"},"potentialAction":[{"@type":"SearchAction","target":{"@type":"EntryPoint","urlTemplate":"https:\/\/www.anovapeneira.gal\/?s={search_term_string}"},"query-input":{"@type":"PropertyValueSpecification","valueRequired":true,"valueName":"search_term_string"}}],"inLanguage":"gl-ES"},{"@type":"Organization","@id":"https:\/\/www.anovapeneira.gal\/#organization","name":"A Nova Peneira","url":"https:\/\/www.anovapeneira.gal\/","logo":{"@type":"ImageObject","inLanguage":"gl-ES","@id":"https:\/\/www.anovapeneira.gal\/#\/schema\/logo\/image\/","url":"http:\/\/www.anovapeneira.gal\/wp-content\/uploads\/2019\/06\/logo_a_nova_peneira_portal_web.png","contentUrl":"http:\/\/www.anovapeneira.gal\/wp-content\/uploads\/2019\/06\/logo_a_nova_peneira_portal_web.png","width":300,"height":100,"caption":"A Nova Peneira"},"image":{"@id":"https:\/\/www.anovapeneira.gal\/#\/schema\/logo\/image\/"},"sameAs":["https:\/\/www.facebook.com\/anovapeneira","https:\/\/x.com\/APeneira"]},{"@type":"Person","@id":"https:\/\/www.anovapeneira.gal\/#\/schema\/person\/b93e3f8932e3f8da96334607eb6ac6aa","name":"Redacci\u00f3n A Nova Peneira","image":{"@type":"ImageObject","inLanguage":"gl-ES","@id":"https:\/\/secure.gravatar.com\/avatar\/c052a2551a06e23fac63626232eaa90abd78dbcf1700fc46a2b2c89fd27b735f?s=96&d=mm&r=g","url":"https:\/\/secure.gravatar.com\/avatar\/c052a2551a06e23fac63626232eaa90abd78dbcf1700fc46a2b2c89fd27b735f?s=96&d=mm&r=g","contentUrl":"https:\/\/secure.gravatar.com\/avatar\/c052a2551a06e23fac63626232eaa90abd78dbcf1700fc46a2b2c89fd27b735f?s=96&d=mm&r=g","caption":"Redacci\u00f3n A Nova Peneira"},"sameAs":["http:\/\/www.anovapeneira.gal\/"],"url":"https:\/\/www.anovapeneira.gal\/index.php\/author\/redactor\/"}]}},"jetpack_featured_media_url":"https:\/\/www.anovapeneira.gal\/wp-content\/uploads\/2020\/02\/estrela_de_marin_a_nova_peneira.jpg","_links":{"self":[{"href":"https:\/\/www.anovapeneira.gal\/index.php\/wp-json\/wp\/v2\/posts\/4076","targetHints":{"allow":["GET"]}}],"collection":[{"href":"https:\/\/www.anovapeneira.gal\/index.php\/wp-json\/wp\/v2\/posts"}],"about":[{"href":"https:\/\/www.anovapeneira.gal\/index.php\/wp-json\/wp\/v2\/types\/post"}],"author":[{"embeddable":true,"href":"https:\/\/www.anovapeneira.gal\/index.php\/wp-json\/wp\/v2\/users\/3"}],"replies":[{"embeddable":true,"href":"https:\/\/www.anovapeneira.gal\/index.php\/wp-json\/wp\/v2\/comments?post=4076"}],"version-history":[{"count":3,"href":"https:\/\/www.anovapeneira.gal\/index.php\/wp-json\/wp\/v2\/posts\/4076\/revisions"}],"predecessor-version":[{"id":4084,"href":"https:\/\/www.anovapeneira.gal\/index.php\/wp-json\/wp\/v2\/posts\/4076\/revisions\/4084"}],"wp:featuredmedia":[{"embeddable":true,"href":"https:\/\/www.anovapeneira.gal\/index.php\/wp-json\/wp\/v2\/media\/2620"}],"wp:attachment":[{"href":"https:\/\/www.anovapeneira.gal\/index.php\/wp-json\/wp\/v2\/media?parent=4076"}],"wp:term":[{"taxonomy":"category","embeddable":true,"href":"https:\/\/www.anovapeneira.gal\/index.php\/wp-json\/wp\/v2\/categories?post=4076"},{"taxonomy":"post_tag","embeddable":true,"href":"https:\/\/www.anovapeneira.gal\/index.php\/wp-json\/wp\/v2\/tags?post=4076"}],"curies":[{"name":"wp","href":"https:\/\/api.w.org\/{rel}","templated":true}]}}