{"id":4079,"date":"2020-10-12T12:00:28","date_gmt":"2020-10-12T10:00:28","guid":{"rendered":"http:\/\/www.anovapeneira.gal\/?p=4079"},"modified":"2020-10-08T15:51:05","modified_gmt":"2020-10-08T13:51:05","slug":"galiza-nova-reclama-ao-goberno-local-de-mos-que-mude-a-sua-politica-de-maltrato-e-desleixo-coa-lingua-galega","status":"publish","type":"post","link":"https:\/\/www.anovapeneira.gal\/index.php\/2020\/10\/12\/galiza-nova-reclama-ao-goberno-local-de-mos-que-mude-a-sua-politica-de-maltrato-e-desleixo-coa-lingua-galega\/","title":{"rendered":"Galiza Nova reclama ao goberno local de Mos que mude a s\u00faa pol\u00edtica de maltrato e desleixo coa lingua galega"},"content":{"rendered":"\n<h2 class=\"wp-block-heading\">A Organizaci\u00f3n Xuvenil do BNG mostra a s\u00faa indignaci\u00f3n polo maltrato que a lingua galega sofre por parte do goberno municipal do Partido Popular.<\/h2>\n\n\n\n<p><strong>Mos, 05 de outubro de 2020<\/strong><\/p>\n\n\n\n<p>O pasado luns celebrouse no concello de Mos o pleno ordinario correspondente ao mes de setembro. Neste pleno, o goberno local presentou unha moci\u00f3n na que o concelleiro do BNG, Gustavo Barcia, destacou un total de at\u00e9 15 erros na redacci\u00f3n. Ao tempo, denunciou a ausencia, por decisi\u00f3n do goberno de Nidia Ar\u00e9valo, dun departamento t\u00e9cnico de normalizaci\u00f3n ling\u00fc\u00edstica que poida contribuir a evitar estas situaci\u00f3ns.<\/p>\n\n\n\n<p>A falla de coidado da administraci\u00f3n local coa lingua demostra unha atitude pol\u00edtica de total desleixo con respecto das s\u00faas obrigas legais en materia de lingua e normalizaci\u00f3n, o cal \u00e9 confirmado pola resposta do voceiro do PP, quen afirmou ir\u00f3nicamente que &#8220;as faltas de ortograf\u00eda&#8221; foran postas &#8220;a prop\u00f3sito&#8221; para que Gustavo Barcia tivese &#8220;algo que dicir&#8221;, no canto de reco\u00f1ecer o erro e pedir desculpas por el.<\/p>\n\n\n\n<p>Para as moza e mozos de Galiza Nova en Mos resulta inxustific\u00e1bel que unha instituci\u00f3n como o propio Concello mante\u00f1a tal postura de agravo contra a lingua galega. Para as mocidades nacionalistas &#8220;\u00c9 obriga das administraci\u00f3ns p\u00fablicas fomentar o seu uso en todos os eidos, e sempre coidando a correci\u00f3n, do mesmo xeito que se fai co castel\u00e1n&#8221;, pois sinalan que &#8220;a situaci\u00f3n actual e as perspectivas de futuro do galego son preocupantes por causa dunha situaci\u00f3n de diglosia en favor do espa\u00f1ol&#8221;. Se ben o galego contin\u00faa<\/p>\n\n\n\n<p>sendo unha lingua popular e viva en Mos, tam\u00e9n neste Concello se dan din\u00e1micas de substituci\u00f3n do galego do mesmo xeito que noutros municipios da \u00e1rea de Vigo.<\/p>\n\n\n\n<p>Para as xuventudes do BNG &#8220;Conserv\u00e1rmonos a nosa lingua, que \u00e9 esencia do noso patrimonio cultural e da nosa identidade propia, exixe, por parte dos poderes p\u00fablicos, un m\u00ednimo respeto pola fala hist\u00f3rica e maioritaria do pobo galego&#8221; e fan fincap\u00e9 en que &#8220;Pola contra, o goberno de Nidia Ar\u00e9valo maltrata de maneira sistem\u00e1tica a nosa lingua propia, demostrando un total desinterese por traballar en favor da normalizaci\u00f3n do galego&#8221;.<\/p>\n\n\n\n<p>Galiza Nova entende que \u00e9 preciso que o Concello trate con respecto a lingua galega, coidando a s\u00faa correcci\u00f3n na redacci\u00f3n de calquera documento e nas intervenci\u00f3ns p\u00fablicas dos representantes municipais. Ademais, esixen que o voceiro popular Camilo Augusto pida desculpas p\u00fablicamente polo seu comentario, que sup\u00f3n, segundo a organizaci\u00f3n, &#8220;unha ofensa ao noso idioma propio e \u00f3 conxunto das e dos mosenses&#8221;.<\/p>\n","protected":false},"excerpt":{"rendered":"<div class=\"mh-excerpt\"><p>A Organizaci\u00f3n Xuvenil do BNG mostra a s\u00faa indignaci\u00f3n polo maltrato que a lingua galega sofre por parte do goberno municipal do Partido Popular <a class=\"mh-excerpt-more\" href=\"https:\/\/www.anovapeneira.gal\/index.php\/2020\/10\/12\/galiza-nova-reclama-ao-goberno-local-de-mos-que-mude-a-sua-politica-de-maltrato-e-desleixo-coa-lingua-galega\/\" title=\"Galiza Nova reclama ao goberno local de Mos que mude a s\u00faa pol\u00edtica de maltrato e desleixo coa lingua galega\">[&#8230;]<\/a><\/p>\n<\/div>","protected":false},"author":3,"featured_media":1949,"comment_status":"open","ping_status":"open","sticky":false,"template":"","format":"standard","meta":{"_exactmetrics_skip_tracking":false,"_exactmetrics_sitenote_active":false,"_exactmetrics_sitenote_note":"","_exactmetrics_sitenote_category":0,"footnotes":""},"categories":[23],"tags":[218],"class_list":{"0":"post-4079","1":"post","2":"type-post","3":"status-publish","4":"format-standard","5":"has-post-thumbnail","7":"category-a-lourina","8":"tag-concello-de-mos"},"yoast_head":"<!-- This site is optimized with the Yoast SEO plugin v27.4 - https:\/\/yoast.com\/product\/yoast-seo-wordpress\/ -->\n<title>Galiza Nova reclama ao goberno local de Mos que mude a s\u00faa pol\u00edtica de maltrato e desleixo coa lingua galega -<\/title>\n<meta name=\"description\" content=\"Galiza Nova reclama ao goberno local de Mos que mude a s\u00faa pol\u00edtica de maltrato e desleixo coa lingua galega\" \/>\n<meta name=\"robots\" content=\"index, follow, max-snippet:-1, max-image-preview:large, max-video-preview:-1\" \/>\n<link rel=\"canonical\" href=\"https:\/\/www.anovapeneira.gal\/index.php\/2020\/10\/12\/galiza-nova-reclama-ao-goberno-local-de-mos-que-mude-a-sua-politica-de-maltrato-e-desleixo-coa-lingua-galega\/\" \/>\n<meta property=\"og:locale\" content=\"gl_ES\" \/>\n<meta property=\"og:type\" content=\"article\" \/>\n<meta property=\"og:title\" content=\"Galiza Nova reclama ao goberno local de Mos que mude a s\u00faa pol\u00edtica de maltrato e desleixo coa lingua galega -\" \/>\n<meta property=\"og:description\" content=\"Galiza Nova reclama ao goberno local de Mos que mude a s\u00faa pol\u00edtica de maltrato e desleixo coa lingua galega\" \/>\n<meta property=\"og:url\" content=\"https:\/\/www.anovapeneira.gal\/index.php\/2020\/10\/12\/galiza-nova-reclama-ao-goberno-local-de-mos-que-mude-a-sua-politica-de-maltrato-e-desleixo-coa-lingua-galega\/\" \/>\n<meta property=\"article:publisher\" content=\"https:\/\/www.facebook.com\/anovapeneira\" \/>\n<meta property=\"article:published_time\" content=\"2020-10-12T10:00:28+00:00\" \/>\n<meta property=\"og:image\" content=\"https:\/\/www.anovapeneira.gal\/wp-content\/uploads\/2019\/12\/Logo_Galiza_Nova_a_nova_peneira.png\" \/>\n\t<meta property=\"og:image:width\" content=\"720\" \/>\n\t<meta property=\"og:image:height\" content=\"432\" \/>\n\t<meta property=\"og:image:type\" content=\"image\/png\" \/>\n<meta name=\"author\" content=\"Redacci\u00f3n A Nova Peneira\" \/>\n<meta name=\"twitter:card\" content=\"summary_large_image\" \/>\n<meta name=\"twitter:creator\" content=\"@APeneira\" \/>\n<meta name=\"twitter:site\" content=\"@APeneira\" \/>\n<meta name=\"twitter:label1\" content=\"Escrito por\" \/>\n\t<meta name=\"twitter:data1\" content=\"Redacci\u00f3n A Nova Peneira\" \/>\n\t<meta name=\"twitter:label2\" content=\"Tempo de lectura\" \/>\n\t<meta name=\"twitter:data2\" content=\"2 minutos\" \/>\n<script type=\"application\/ld+json\" class=\"yoast-schema-graph\">{\"@context\":\"https:\\\/\\\/schema.org\",\"@graph\":[{\"@type\":\"Article\",\"@id\":\"https:\\\/\\\/www.anovapeneira.gal\\\/index.php\\\/2020\\\/10\\\/12\\\/galiza-nova-reclama-ao-goberno-local-de-mos-que-mude-a-sua-politica-de-maltrato-e-desleixo-coa-lingua-galega\\\/#article\",\"isPartOf\":{\"@id\":\"https:\\\/\\\/www.anovapeneira.gal\\\/index.php\\\/2020\\\/10\\\/12\\\/galiza-nova-reclama-ao-goberno-local-de-mos-que-mude-a-sua-politica-de-maltrato-e-desleixo-coa-lingua-galega\\\/\"},\"author\":{\"name\":\"Redacci\u00f3n A Nova Peneira\",\"@id\":\"https:\\\/\\\/www.anovapeneira.gal\\\/#\\\/schema\\\/person\\\/b93e3f8932e3f8da96334607eb6ac6aa\"},\"headline\":\"Galiza Nova reclama ao goberno local de Mos que mude a s\u00faa pol\u00edtica de maltrato e desleixo coa lingua galega\",\"datePublished\":\"2020-10-12T10:00:28+00:00\",\"mainEntityOfPage\":{\"@id\":\"https:\\\/\\\/www.anovapeneira.gal\\\/index.php\\\/2020\\\/10\\\/12\\\/galiza-nova-reclama-ao-goberno-local-de-mos-que-mude-a-sua-politica-de-maltrato-e-desleixo-coa-lingua-galega\\\/\"},\"wordCount\":476,\"commentCount\":0,\"publisher\":{\"@id\":\"https:\\\/\\\/www.anovapeneira.gal\\\/#organization\"},\"image\":{\"@id\":\"https:\\\/\\\/www.anovapeneira.gal\\\/index.php\\\/2020\\\/10\\\/12\\\/galiza-nova-reclama-ao-goberno-local-de-mos-que-mude-a-sua-politica-de-maltrato-e-desleixo-coa-lingua-galega\\\/#primaryimage\"},\"thumbnailUrl\":\"https:\\\/\\\/www.anovapeneira.gal\\\/wp-content\\\/uploads\\\/2019\\\/12\\\/Logo_Galiza_Nova_a_nova_peneira.png\",\"keywords\":[\"Concello de Mos\"],\"articleSection\":[\"A Louri\u00f1a\"],\"inLanguage\":\"gl-ES\",\"potentialAction\":[{\"@type\":\"CommentAction\",\"name\":\"Comment\",\"target\":[\"https:\\\/\\\/www.anovapeneira.gal\\\/index.php\\\/2020\\\/10\\\/12\\\/galiza-nova-reclama-ao-goberno-local-de-mos-que-mude-a-sua-politica-de-maltrato-e-desleixo-coa-lingua-galega\\\/#respond\"]}]},{\"@type\":\"WebPage\",\"@id\":\"https:\\\/\\\/www.anovapeneira.gal\\\/index.php\\\/2020\\\/10\\\/12\\\/galiza-nova-reclama-ao-goberno-local-de-mos-que-mude-a-sua-politica-de-maltrato-e-desleixo-coa-lingua-galega\\\/\",\"url\":\"https:\\\/\\\/www.anovapeneira.gal\\\/index.php\\\/2020\\\/10\\\/12\\\/galiza-nova-reclama-ao-goberno-local-de-mos-que-mude-a-sua-politica-de-maltrato-e-desleixo-coa-lingua-galega\\\/\",\"name\":\"Galiza Nova reclama ao goberno local de Mos que mude a s\u00faa pol\u00edtica de maltrato e desleixo coa lingua galega -\",\"isPartOf\":{\"@id\":\"https:\\\/\\\/www.anovapeneira.gal\\\/#website\"},\"primaryImageOfPage\":{\"@id\":\"https:\\\/\\\/www.anovapeneira.gal\\\/index.php\\\/2020\\\/10\\\/12\\\/galiza-nova-reclama-ao-goberno-local-de-mos-que-mude-a-sua-politica-de-maltrato-e-desleixo-coa-lingua-galega\\\/#primaryimage\"},\"image\":{\"@id\":\"https:\\\/\\\/www.anovapeneira.gal\\\/index.php\\\/2020\\\/10\\\/12\\\/galiza-nova-reclama-ao-goberno-local-de-mos-que-mude-a-sua-politica-de-maltrato-e-desleixo-coa-lingua-galega\\\/#primaryimage\"},\"thumbnailUrl\":\"https:\\\/\\\/www.anovapeneira.gal\\\/wp-content\\\/uploads\\\/2019\\\/12\\\/Logo_Galiza_Nova_a_nova_peneira.png\",\"datePublished\":\"2020-10-12T10:00:28+00:00\",\"description\":\"Galiza Nova reclama ao goberno local de Mos que mude a s\u00faa pol\u00edtica de maltrato e desleixo coa lingua galega\",\"breadcrumb\":{\"@id\":\"https:\\\/\\\/www.anovapeneira.gal\\\/index.php\\\/2020\\\/10\\\/12\\\/galiza-nova-reclama-ao-goberno-local-de-mos-que-mude-a-sua-politica-de-maltrato-e-desleixo-coa-lingua-galega\\\/#breadcrumb\"},\"inLanguage\":\"gl-ES\",\"potentialAction\":[{\"@type\":\"ReadAction\",\"target\":[\"https:\\\/\\\/www.anovapeneira.gal\\\/index.php\\\/2020\\\/10\\\/12\\\/galiza-nova-reclama-ao-goberno-local-de-mos-que-mude-a-sua-politica-de-maltrato-e-desleixo-coa-lingua-galega\\\/\"]}]},{\"@type\":\"ImageObject\",\"inLanguage\":\"gl-ES\",\"@id\":\"https:\\\/\\\/www.anovapeneira.gal\\\/index.php\\\/2020\\\/10\\\/12\\\/galiza-nova-reclama-ao-goberno-local-de-mos-que-mude-a-sua-politica-de-maltrato-e-desleixo-coa-lingua-galega\\\/#primaryimage\",\"url\":\"https:\\\/\\\/www.anovapeneira.gal\\\/wp-content\\\/uploads\\\/2019\\\/12\\\/Logo_Galiza_Nova_a_nova_peneira.png\",\"contentUrl\":\"https:\\\/\\\/www.anovapeneira.gal\\\/wp-content\\\/uploads\\\/2019\\\/12\\\/Logo_Galiza_Nova_a_nova_peneira.png\",\"width\":720,\"height\":432,\"caption\":\"Galiza Nova a Nova Peneira Concello de Tui\"},{\"@type\":\"BreadcrumbList\",\"@id\":\"https:\\\/\\\/www.anovapeneira.gal\\\/index.php\\\/2020\\\/10\\\/12\\\/galiza-nova-reclama-ao-goberno-local-de-mos-que-mude-a-sua-politica-de-maltrato-e-desleixo-coa-lingua-galega\\\/#breadcrumb\",\"itemListElement\":[{\"@type\":\"ListItem\",\"position\":1,\"name\":\"Portada\",\"item\":\"https:\\\/\\\/www.anovapeneira.gal\\\/\"},{\"@type\":\"ListItem\",\"position\":2,\"name\":\"Galiza Nova reclama ao goberno local de Mos que mude a s\u00faa pol\u00edtica de maltrato e desleixo coa lingua galega\"}]},{\"@type\":\"WebSite\",\"@id\":\"https:\\\/\\\/www.anovapeneira.gal\\\/#website\",\"url\":\"https:\\\/\\\/www.anovapeneira.gal\\\/\",\"name\":\"\",\"description\":\"Xornal galego de informaci\u00f3n xeral Publicaci\u00f3n mensual de novas de Galicia e en especial dos Concellos da sur da provincia de Pontevedra.\",\"publisher\":{\"@id\":\"https:\\\/\\\/www.anovapeneira.gal\\\/#organization\"},\"potentialAction\":[{\"@type\":\"SearchAction\",\"target\":{\"@type\":\"EntryPoint\",\"urlTemplate\":\"https:\\\/\\\/www.anovapeneira.gal\\\/?s={search_term_string}\"},\"query-input\":{\"@type\":\"PropertyValueSpecification\",\"valueRequired\":true,\"valueName\":\"search_term_string\"}}],\"inLanguage\":\"gl-ES\"},{\"@type\":\"Organization\",\"@id\":\"https:\\\/\\\/www.anovapeneira.gal\\\/#organization\",\"name\":\"A Nova Peneira\",\"url\":\"https:\\\/\\\/www.anovapeneira.gal\\\/\",\"logo\":{\"@type\":\"ImageObject\",\"inLanguage\":\"gl-ES\",\"@id\":\"https:\\\/\\\/www.anovapeneira.gal\\\/#\\\/schema\\\/logo\\\/image\\\/\",\"url\":\"http:\\\/\\\/www.anovapeneira.gal\\\/wp-content\\\/uploads\\\/2019\\\/06\\\/logo_a_nova_peneira_portal_web.png\",\"contentUrl\":\"http:\\\/\\\/www.anovapeneira.gal\\\/wp-content\\\/uploads\\\/2019\\\/06\\\/logo_a_nova_peneira_portal_web.png\",\"width\":300,\"height\":100,\"caption\":\"A Nova Peneira\"},\"image\":{\"@id\":\"https:\\\/\\\/www.anovapeneira.gal\\\/#\\\/schema\\\/logo\\\/image\\\/\"},\"sameAs\":[\"https:\\\/\\\/www.facebook.com\\\/anovapeneira\",\"https:\\\/\\\/x.com\\\/APeneira\"]},{\"@type\":\"Person\",\"@id\":\"https:\\\/\\\/www.anovapeneira.gal\\\/#\\\/schema\\\/person\\\/b93e3f8932e3f8da96334607eb6ac6aa\",\"name\":\"Redacci\u00f3n A Nova Peneira\",\"image\":{\"@type\":\"ImageObject\",\"inLanguage\":\"gl-ES\",\"@id\":\"https:\\\/\\\/secure.gravatar.com\\\/avatar\\\/c052a2551a06e23fac63626232eaa90abd78dbcf1700fc46a2b2c89fd27b735f?s=96&d=mm&r=g\",\"url\":\"https:\\\/\\\/secure.gravatar.com\\\/avatar\\\/c052a2551a06e23fac63626232eaa90abd78dbcf1700fc46a2b2c89fd27b735f?s=96&d=mm&r=g\",\"contentUrl\":\"https:\\\/\\\/secure.gravatar.com\\\/avatar\\\/c052a2551a06e23fac63626232eaa90abd78dbcf1700fc46a2b2c89fd27b735f?s=96&d=mm&r=g\",\"caption\":\"Redacci\u00f3n A Nova Peneira\"},\"sameAs\":[\"http:\\\/\\\/www.anovapeneira.gal\\\/\"],\"url\":\"https:\\\/\\\/www.anovapeneira.gal\\\/index.php\\\/author\\\/redactor\\\/\"}]}<\/script>\n<!-- \/ Yoast SEO plugin. -->","yoast_head_json":{"title":"Galiza Nova reclama ao goberno local de Mos que mude a s\u00faa pol\u00edtica de maltrato e desleixo coa lingua galega -","description":"Galiza Nova reclama ao goberno local de Mos que mude a s\u00faa pol\u00edtica de maltrato e desleixo coa lingua galega","robots":{"index":"index","follow":"follow","max-snippet":"max-snippet:-1","max-image-preview":"max-image-preview:large","max-video-preview":"max-video-preview:-1"},"canonical":"https:\/\/www.anovapeneira.gal\/index.php\/2020\/10\/12\/galiza-nova-reclama-ao-goberno-local-de-mos-que-mude-a-sua-politica-de-maltrato-e-desleixo-coa-lingua-galega\/","og_locale":"gl_ES","og_type":"article","og_title":"Galiza Nova reclama ao goberno local de Mos que mude a s\u00faa pol\u00edtica de maltrato e desleixo coa lingua galega -","og_description":"Galiza Nova reclama ao goberno local de Mos que mude a s\u00faa pol\u00edtica de maltrato e desleixo coa lingua galega","og_url":"https:\/\/www.anovapeneira.gal\/index.php\/2020\/10\/12\/galiza-nova-reclama-ao-goberno-local-de-mos-que-mude-a-sua-politica-de-maltrato-e-desleixo-coa-lingua-galega\/","article_publisher":"https:\/\/www.facebook.com\/anovapeneira","article_published_time":"2020-10-12T10:00:28+00:00","og_image":[{"width":720,"height":432,"url":"https:\/\/www.anovapeneira.gal\/wp-content\/uploads\/2019\/12\/Logo_Galiza_Nova_a_nova_peneira.png","type":"image\/png"}],"author":"Redacci\u00f3n A Nova Peneira","twitter_card":"summary_large_image","twitter_creator":"@APeneira","twitter_site":"@APeneira","twitter_misc":{"Escrito por":"Redacci\u00f3n A Nova Peneira","Tempo de lectura":"2 minutos"},"schema":{"@context":"https:\/\/schema.org","@graph":[{"@type":"Article","@id":"https:\/\/www.anovapeneira.gal\/index.php\/2020\/10\/12\/galiza-nova-reclama-ao-goberno-local-de-mos-que-mude-a-sua-politica-de-maltrato-e-desleixo-coa-lingua-galega\/#article","isPartOf":{"@id":"https:\/\/www.anovapeneira.gal\/index.php\/2020\/10\/12\/galiza-nova-reclama-ao-goberno-local-de-mos-que-mude-a-sua-politica-de-maltrato-e-desleixo-coa-lingua-galega\/"},"author":{"name":"Redacci\u00f3n A Nova Peneira","@id":"https:\/\/www.anovapeneira.gal\/#\/schema\/person\/b93e3f8932e3f8da96334607eb6ac6aa"},"headline":"Galiza Nova reclama ao goberno local de Mos que mude a s\u00faa pol\u00edtica de maltrato e desleixo coa lingua galega","datePublished":"2020-10-12T10:00:28+00:00","mainEntityOfPage":{"@id":"https:\/\/www.anovapeneira.gal\/index.php\/2020\/10\/12\/galiza-nova-reclama-ao-goberno-local-de-mos-que-mude-a-sua-politica-de-maltrato-e-desleixo-coa-lingua-galega\/"},"wordCount":476,"commentCount":0,"publisher":{"@id":"https:\/\/www.anovapeneira.gal\/#organization"},"image":{"@id":"https:\/\/www.anovapeneira.gal\/index.php\/2020\/10\/12\/galiza-nova-reclama-ao-goberno-local-de-mos-que-mude-a-sua-politica-de-maltrato-e-desleixo-coa-lingua-galega\/#primaryimage"},"thumbnailUrl":"https:\/\/www.anovapeneira.gal\/wp-content\/uploads\/2019\/12\/Logo_Galiza_Nova_a_nova_peneira.png","keywords":["Concello de Mos"],"articleSection":["A Louri\u00f1a"],"inLanguage":"gl-ES","potentialAction":[{"@type":"CommentAction","name":"Comment","target":["https:\/\/www.anovapeneira.gal\/index.php\/2020\/10\/12\/galiza-nova-reclama-ao-goberno-local-de-mos-que-mude-a-sua-politica-de-maltrato-e-desleixo-coa-lingua-galega\/#respond"]}]},{"@type":"WebPage","@id":"https:\/\/www.anovapeneira.gal\/index.php\/2020\/10\/12\/galiza-nova-reclama-ao-goberno-local-de-mos-que-mude-a-sua-politica-de-maltrato-e-desleixo-coa-lingua-galega\/","url":"https:\/\/www.anovapeneira.gal\/index.php\/2020\/10\/12\/galiza-nova-reclama-ao-goberno-local-de-mos-que-mude-a-sua-politica-de-maltrato-e-desleixo-coa-lingua-galega\/","name":"Galiza Nova reclama ao goberno local de Mos que mude a s\u00faa pol\u00edtica de maltrato e desleixo coa lingua galega -","isPartOf":{"@id":"https:\/\/www.anovapeneira.gal\/#website"},"primaryImageOfPage":{"@id":"https:\/\/www.anovapeneira.gal\/index.php\/2020\/10\/12\/galiza-nova-reclama-ao-goberno-local-de-mos-que-mude-a-sua-politica-de-maltrato-e-desleixo-coa-lingua-galega\/#primaryimage"},"image":{"@id":"https:\/\/www.anovapeneira.gal\/index.php\/2020\/10\/12\/galiza-nova-reclama-ao-goberno-local-de-mos-que-mude-a-sua-politica-de-maltrato-e-desleixo-coa-lingua-galega\/#primaryimage"},"thumbnailUrl":"https:\/\/www.anovapeneira.gal\/wp-content\/uploads\/2019\/12\/Logo_Galiza_Nova_a_nova_peneira.png","datePublished":"2020-10-12T10:00:28+00:00","description":"Galiza Nova reclama ao goberno local de Mos que mude a s\u00faa pol\u00edtica de maltrato e desleixo coa lingua galega","breadcrumb":{"@id":"https:\/\/www.anovapeneira.gal\/index.php\/2020\/10\/12\/galiza-nova-reclama-ao-goberno-local-de-mos-que-mude-a-sua-politica-de-maltrato-e-desleixo-coa-lingua-galega\/#breadcrumb"},"inLanguage":"gl-ES","potentialAction":[{"@type":"ReadAction","target":["https:\/\/www.anovapeneira.gal\/index.php\/2020\/10\/12\/galiza-nova-reclama-ao-goberno-local-de-mos-que-mude-a-sua-politica-de-maltrato-e-desleixo-coa-lingua-galega\/"]}]},{"@type":"ImageObject","inLanguage":"gl-ES","@id":"https:\/\/www.anovapeneira.gal\/index.php\/2020\/10\/12\/galiza-nova-reclama-ao-goberno-local-de-mos-que-mude-a-sua-politica-de-maltrato-e-desleixo-coa-lingua-galega\/#primaryimage","url":"https:\/\/www.anovapeneira.gal\/wp-content\/uploads\/2019\/12\/Logo_Galiza_Nova_a_nova_peneira.png","contentUrl":"https:\/\/www.anovapeneira.gal\/wp-content\/uploads\/2019\/12\/Logo_Galiza_Nova_a_nova_peneira.png","width":720,"height":432,"caption":"Galiza Nova a Nova Peneira Concello de Tui"},{"@type":"BreadcrumbList","@id":"https:\/\/www.anovapeneira.gal\/index.php\/2020\/10\/12\/galiza-nova-reclama-ao-goberno-local-de-mos-que-mude-a-sua-politica-de-maltrato-e-desleixo-coa-lingua-galega\/#breadcrumb","itemListElement":[{"@type":"ListItem","position":1,"name":"Portada","item":"https:\/\/www.anovapeneira.gal\/"},{"@type":"ListItem","position":2,"name":"Galiza Nova reclama ao goberno local de Mos que mude a s\u00faa pol\u00edtica de maltrato e desleixo coa lingua galega"}]},{"@type":"WebSite","@id":"https:\/\/www.anovapeneira.gal\/#website","url":"https:\/\/www.anovapeneira.gal\/","name":"","description":"Xornal galego de informaci\u00f3n xeral Publicaci\u00f3n mensual de novas de Galicia e en especial dos Concellos da sur da provincia de Pontevedra.","publisher":{"@id":"https:\/\/www.anovapeneira.gal\/#organization"},"potentialAction":[{"@type":"SearchAction","target":{"@type":"EntryPoint","urlTemplate":"https:\/\/www.anovapeneira.gal\/?s={search_term_string}"},"query-input":{"@type":"PropertyValueSpecification","valueRequired":true,"valueName":"search_term_string"}}],"inLanguage":"gl-ES"},{"@type":"Organization","@id":"https:\/\/www.anovapeneira.gal\/#organization","name":"A Nova Peneira","url":"https:\/\/www.anovapeneira.gal\/","logo":{"@type":"ImageObject","inLanguage":"gl-ES","@id":"https:\/\/www.anovapeneira.gal\/#\/schema\/logo\/image\/","url":"http:\/\/www.anovapeneira.gal\/wp-content\/uploads\/2019\/06\/logo_a_nova_peneira_portal_web.png","contentUrl":"http:\/\/www.anovapeneira.gal\/wp-content\/uploads\/2019\/06\/logo_a_nova_peneira_portal_web.png","width":300,"height":100,"caption":"A Nova Peneira"},"image":{"@id":"https:\/\/www.anovapeneira.gal\/#\/schema\/logo\/image\/"},"sameAs":["https:\/\/www.facebook.com\/anovapeneira","https:\/\/x.com\/APeneira"]},{"@type":"Person","@id":"https:\/\/www.anovapeneira.gal\/#\/schema\/person\/b93e3f8932e3f8da96334607eb6ac6aa","name":"Redacci\u00f3n A Nova Peneira","image":{"@type":"ImageObject","inLanguage":"gl-ES","@id":"https:\/\/secure.gravatar.com\/avatar\/c052a2551a06e23fac63626232eaa90abd78dbcf1700fc46a2b2c89fd27b735f?s=96&d=mm&r=g","url":"https:\/\/secure.gravatar.com\/avatar\/c052a2551a06e23fac63626232eaa90abd78dbcf1700fc46a2b2c89fd27b735f?s=96&d=mm&r=g","contentUrl":"https:\/\/secure.gravatar.com\/avatar\/c052a2551a06e23fac63626232eaa90abd78dbcf1700fc46a2b2c89fd27b735f?s=96&d=mm&r=g","caption":"Redacci\u00f3n A Nova Peneira"},"sameAs":["http:\/\/www.anovapeneira.gal\/"],"url":"https:\/\/www.anovapeneira.gal\/index.php\/author\/redactor\/"}]}},"jetpack_featured_media_url":"https:\/\/www.anovapeneira.gal\/wp-content\/uploads\/2019\/12\/Logo_Galiza_Nova_a_nova_peneira.png","_links":{"self":[{"href":"https:\/\/www.anovapeneira.gal\/index.php\/wp-json\/wp\/v2\/posts\/4079","targetHints":{"allow":["GET"]}}],"collection":[{"href":"https:\/\/www.anovapeneira.gal\/index.php\/wp-json\/wp\/v2\/posts"}],"about":[{"href":"https:\/\/www.anovapeneira.gal\/index.php\/wp-json\/wp\/v2\/types\/post"}],"author":[{"embeddable":true,"href":"https:\/\/www.anovapeneira.gal\/index.php\/wp-json\/wp\/v2\/users\/3"}],"replies":[{"embeddable":true,"href":"https:\/\/www.anovapeneira.gal\/index.php\/wp-json\/wp\/v2\/comments?post=4079"}],"version-history":[{"count":1,"href":"https:\/\/www.anovapeneira.gal\/index.php\/wp-json\/wp\/v2\/posts\/4079\/revisions"}],"predecessor-version":[{"id":4080,"href":"https:\/\/www.anovapeneira.gal\/index.php\/wp-json\/wp\/v2\/posts\/4079\/revisions\/4080"}],"wp:featuredmedia":[{"embeddable":true,"href":"https:\/\/www.anovapeneira.gal\/index.php\/wp-json\/wp\/v2\/media\/1949"}],"wp:attachment":[{"href":"https:\/\/www.anovapeneira.gal\/index.php\/wp-json\/wp\/v2\/media?parent=4079"}],"wp:term":[{"taxonomy":"category","embeddable":true,"href":"https:\/\/www.anovapeneira.gal\/index.php\/wp-json\/wp\/v2\/categories?post=4079"},{"taxonomy":"post_tag","embeddable":true,"href":"https:\/\/www.anovapeneira.gal\/index.php\/wp-json\/wp\/v2\/tags?post=4079"}],"curies":[{"name":"wp","href":"https:\/\/api.w.org\/{rel}","templated":true}]}}