{"id":4088,"date":"2020-10-13T10:00:23","date_gmt":"2020-10-13T08:00:23","guid":{"rendered":"http:\/\/www.anovapeneira.gal\/?p=4088"},"modified":"2020-10-10T13:42:53","modified_gmt":"2020-10-10T11:42:53","slug":"paula-dominguez-pauleta","status":"publish","type":"post","link":"https:\/\/www.anovapeneira.gal\/index.php\/2020\/10\/13\/paula-dominguez-pauleta\/","title":{"rendered":"Paula Dom\u00ednguez \u201cPauleta\u201d"},"content":{"rendered":"\n<p><strong>Paula \u00e9 unha moza de Redondela, que \u00e9 a estrela dun dos equipos m\u00e1is importantes da pen\u00ednsula Ib\u00e9rica, e non creo que tarde moito en selo de toda Europa, o Benfica de Liboa. O equipo masculino leva toda a vida na elite do f\u00fatbol europeo, pero, nunha mostra m\u00e1is da discriminaci\u00f3n que sofre a muller en todos os \u00e1mbitos, o feminino apenas ten un par de anos de vida. Comezaron en segunda divisi\u00f3n, e xa son case hexem\u00f3nicos na m\u00e1xima categor\u00eda da liga veci\u00f1a. Ela am\u00f3sase moi ilusionada e identificada coa filosof\u00eda do seu equipo, al\u00e9n de gozar facendo o que m\u00e1is lle gusta: Xogar ao f\u00fatbol<\/strong><\/p>\n\n\n\n<p>\u201c<strong>\u00c9 UNHA M\u00c1GOA QUE O CELTA NON QUEIRA APOSTAR POLO F\u00daTBOL FEMININO\u201d<\/strong><\/p>\n\n\n\n<p><strong>Por que o de Pauleta?<\/strong><\/p>\n\n\n\n<blockquote class=\"wp-block-quote is-layout-flow wp-block-quote-is-layout-flow\"><p>Cando era pequena, comezaron a chamarme Paulita e despois Pauleta, e as\u00ed quedou.<\/p><\/blockquote>\n\n\n\n<p><strong>Desde cando xogas ao f\u00fatbol?<\/strong><\/p>\n\n\n\n<blockquote class=\"wp-block-quote is-layout-flow wp-block-quote-is-layout-flow\"><p>Comecei a xogar aos 6 anos, co meu irm\u00e1n en Zamora, viv\u00edn al\u00ed un tempo. Nun principio practicaba f\u00fatbol sala no cole, logo nunha escola de f\u00fatbol sala e m\u00e1is tarde cun equipo de f\u00fatbol 7 Feminino. Cando vi\u00f1emos vivir para Redondela empecei a xogar no Casa Paco, despois na escola de f\u00fatbol base do Choco, e cando rematou a mi\u00f1a etapa mixta marche ao Olivo de Vigo.<\/p><\/blockquote>\n\n\n\n<p><strong>Cantos anos estiveches no Olivo?<\/strong><\/p>\n\n\n\n<blockquote class=\"wp-block-quote is-layout-flow wp-block-quote-is-layout-flow\"><p>Catro anos.<\/p><\/blockquote>\n\n\n\n<p><strong>Por que decides marchar do equipo vigu\u00e9s?<\/strong><\/p>\n\n\n\n<blockquote class=\"wp-block-quote is-layout-flow wp-block-quote-is-layout-flow\"><p>Chegoume unha oferta do Braga cunhas condici\u00f3ns que non ti\u00f1a no Olivo e existen poucos equipos de cerca de Galicia, ou mesmo de Espa\u00f1a, que poidan ofrecer esas condici\u00f3ns . Case nin mo pensei e marchei a Braga, ademais \u00e9 unha cidade que estaba moi preto de Vigo.<\/p><\/blockquote>\n\n\n\n<p><strong>Con cantos anos marchaches para braga?<\/strong><\/p>\n\n\n\n<blockquote class=\"wp-block-quote is-layout-flow wp-block-quote-is-layout-flow\"><p>Ti\u00f1a 18 anos e estiven al\u00ed d\u00faas tempadas. Era bastante novi\u00f1a para sa\u00edr da casa e mudar de pa\u00eds, pero a cousa foi ben e agora estou aqu\u00ed de volta.<\/p><\/blockquote>\n\n\n\n<p><strong>Agora no \u201cBenfica\u201d de Lisboa, un dos mellores equipos europeos do F\u00fatbol Feminino.<\/strong><\/p>\n\n\n\n<blockquote class=\"wp-block-quote is-layout-flow wp-block-quote-is-layout-flow\"><p>Si. Temos un proxecto que \u00e9 moi bo e ambicioso. Imos xogar os Play OFF da Champion.<\/p><\/blockquote>\n\n\n\n<p><strong>Veste como campioa de Europa?<\/strong><\/p>\n\n\n\n<blockquote class=\"wp-block-quote is-layout-flow wp-block-quote-is-layout-flow\"><p>Non sei (risas\u2026). A verdade e que todas temos esa ambici\u00f3n e ese so\u00f1o. E sen lugar a d\u00fabidas aqu\u00ed danse as condici\u00f3ns para que pasen cousas bonitas.<\/p><\/blockquote>\n\n\n\n<p><strong>Os teus inicios no f\u00fatbol, foron duros?<\/strong><\/p>\n\n\n\n<blockquote class=\"wp-block-quote is-layout-flow wp-block-quote-is-layout-flow\"><p>Cando cheguei a Redondela con 8 anos xa era dif\u00edcil para min mudar de cidade, cole,amigos,\u2026era complicado, pero para min, o f\u00fatbol foi o que me fixo facer amizades, a pesar de ser a \u00fanica nena no equipo os meus compa\u00f1eiros acoll\u00e9ronme moi ben. Sempre hai reticencias ao principio , rapaces que pensan que unha nena vailles quitar o posto pero..<\/p><\/blockquote>\n\n\n\n<p><strong>Esas reticencias que mencionas son algo frecuente?<\/strong><\/p>\n\n\n\n<blockquote class=\"wp-block-quote is-layout-flow wp-block-quote-is-layout-flow\"><p>Si, pero m\u00e1is entre os pais que entre os nenos. Para un pai, que unha nena lle saque o posto ao seu fillo, ufff. Tam\u00e9n pasa cos rivais, \u00e1s veces escoitaba cousas feas deles. Pero despois, cando te van co\u00f1ecendo, tanto a nenos coma a pais, o ambiente mudou, foi mo bo e en Redondela acoll\u00e9ronme moi ben, tanto no Casa Paco coma no Choco. Foi unha etapa moi agradable para min. Penso que nos queda moito cami\u00f1o por percorrer, pero tam\u00e9n imos moi avanzados, a sociedade vai aceptando que hai nenas que xogan ben e poden facerlle fronte aos nenos perfectamente.<\/p><\/blockquote>\n\n\n\n<p><strong>Este ano, a \u201cCopa da Ra\u00ed\u00f1a\u201d, deparou unha final de Atl\u00e9tico Madrid- Barcelona. O campo estaba ateigado de xente. Pensaches algunha vez que isto poder\u00eda chegar a acontecer? Ver un campo de f\u00fatbol cheo para contemplar un partido de f\u00fatbol feminino.<\/strong><\/p>\n\n\n\n<blockquote class=\"wp-block-quote is-layout-flow wp-block-quote-is-layout-flow\"><p>A verdade e que non. Cando comezas a xogar e ves a realidade, o f\u00fatbol feminino sempre estivo moi desvalorizado, xamais pensar\u00edas que un partido de f\u00fatbol de mulleres \u00eda conseguir encher un estadio. Poder ver este acontecemento \u00e9 un orgullo. Constatar que temos afecci\u00f3n e tantos seguidores\u2026 Antes non pasaba, non eramos visibles para ningu\u00e9n. Cando nos co\u00f1ecen danse de conta de que \u00e9 f\u00fatbol igualmente, con calidade t\u00e9cnica e iso \u00e9 o que os afeccionados aprecian. Oxal\u00e1 sigamos crecendo e cada vez haxa m\u00e1is estadios cheos.<\/p><\/blockquote>\n\n\n\n<p><strong>Sendo muller p\u00f3dese vivir do f\u00fatbol?<\/strong><\/p>\n\n\n\n<blockquote class=\"wp-block-quote is-layout-flow wp-block-quote-is-layout-flow\"><p>Eu podo dicir que si, vivo do f\u00fatbol. Tam\u00e9n \u00e9 verdade que estou estudando porque sei que cando deixe de xogar xa non vou vivir disto, pero agora podo facer unha vida normal, sen luxos nin malgastar os cartos coma si poden facer os futbolistas homes. Si que \u00e9 certo que eles ga\u00f1an cantidades moito maiores para poder facelo, pero eu vivo deste deporte perfectamente.<\/p><\/blockquote>\n\n\n\n<p><strong>Que est\u00e1s estudando?<\/strong><\/p>\n\n\n\n<blockquote class=\"wp-block-quote is-layout-flow wp-block-quote-is-layout-flow\"><p>Estou facendo qu\u00edmicas. Consegu\u00edn matricularme na Universidade de Lisboa para facer este \u00faltimo ano de carreira xa.<\/p><\/blockquote>\n\n\n\n<p><strong>E tes ganas de traballar de qu\u00edmica?<\/strong><\/p>\n\n\n\n<blockquote class=\"wp-block-quote is-layout-flow wp-block-quote-is-layout-flow\"><p>A ver, prefiro seguir co f\u00fatbol hasta que poida e logo si, claro.<\/p><\/blockquote>\n\n\n\n<p><strong>Como te tratan en Lisboa?<\/strong><\/p>\n\n\n\n<blockquote class=\"wp-block-quote is-layout-flow wp-block-quote-is-layout-flow\"><p>Tr\u00e1tanme ben, estou moi a gusto. Pouco a pouco fun abr\u00edndome cami\u00f1o, saben quen son, como traballo de xeito honesto e d\u00e1ndoo todo. Eles apr\u00e9ciano e tr\u00e1tanme moi ben.<\/p><\/blockquote>\n\n\n\n<p><strong>Apet\u00e9ceche volver para Redondela?<\/strong><\/p>\n\n\n\n<blockquote class=\"wp-block-quote is-layout-flow wp-block-quote-is-layout-flow\"><p>Si, claro. Si \u00e9 certo que este ano co par\u00f3n pola pandemia estiven desde abril ata xullo na casa, nunca estiven tantos meses sen estar pegada ao f\u00fatbol e puiden desfrutar m\u00e1is tempo en Redondela. Agora xa estamos a pleno rendemento e comezan as clases as\u00ed que estarei bastante tempo sen poder volver, Lisboa est\u00e1 a 5 horas de viaxe en coche e \u00e9 m\u00e1is complicado vir cando s\u00f3 tes dous d\u00edas libres.<\/p><\/blockquote>\n\n\n\n<p><strong>Ti es afeccionada do Celta. Por que \u00e9 un equipo que nunca apostou polo f\u00fatbol feminino?.<\/strong><\/p>\n\n\n\n<blockquote class=\"wp-block-quote is-layout-flow wp-block-quote-is-layout-flow\"><p>A verdade \u00e9 que non, e decepciona bastante. Espero que comecen a ver que o f\u00fatbol feminino ten futuro e muden de idea. Sei que xa levan seis anos falando de coller ao Olivo e montar equipo, pero din que non te\u00f1en espazo na Madroa para facelo. Agardo que non sexa unha escusa e cando te\u00f1an a nova Cidade Deportiva o fagan. Penso que \u00e9 o que lle falta ao Celta e ser\u00eda moi bo para Vigo ter un equipo como o Celta apostando polo f\u00fatbol feminino. Case todos os equipos de Primeira Divisi\u00f3n e de Segunda te\u00f1en equipo feminino ag\u00e1s o Celta e un par deles m\u00e1is. As directivas non deben de ter prexu\u00edzos e pensar que un equipo feminino s\u00f3 lle vai traer gastos, os ingresos non van ser coma os dos equipos masculinos pero paga a pena ter equipo feminino e apelar pola igualdade, penso eu.<\/p><\/blockquote>\n\n\n\n<p><strong>E que esperas para o futuro, alg\u00fan proxecto novo, algunha oferta&#8230;?<\/strong><\/p>\n\n\n\n<blockquote class=\"wp-block-quote is-layout-flow wp-block-quote-is-layout-flow\"><p>Risas&#8230;. Algo hai, pero xa che dixen que me gusta este proxecto ambicioso e \u00e9 o que e chama a atenci\u00f3n, estar nun equipo que queira crecer e subir escadas cara Europa. Mentres o Benfica me queira eu aqu\u00ed estou moi ben e moi a gusto.<\/p><\/blockquote>\n\n\n\n<p><strong>Vir\u00e1s xogar a Galiza algunha vez?<\/strong><\/p>\n\n\n\n<blockquote class=\"wp-block-quote is-layout-flow wp-block-quote-is-layout-flow\"><p>Se o celta fai equipo feminino pode ser.<\/p><\/blockquote>\n\n\n\n<p><strong>No Deportivo?<\/strong><\/p>\n\n\n\n<blockquote class=\"wp-block-quote is-layout-flow wp-block-quote-is-layout-flow\"><p>Ummm, non sei eu. Non se pode dicir nunca pero non me chama moito.<\/p><\/blockquote>\n\n\n\n<blockquote class=\"wp-block-quote is-layout-flow wp-block-quote-is-layout-flow\"><p>Eu vivo o f\u00fatbol con moita paix\u00f3n, e se vou ter que representar unha camiseta que non sinto ou non me chama por dentro, sei que non vou estra contenta. Non te\u00f1o nada contra o Depor, pero non \u00e9 o meu equipo.<\/p><\/blockquote>\n\n\n\n<p><strong>Cantas horas e d\u00edas adestras co equipo?<\/strong><\/p>\n\n\n\n<blockquote class=\"wp-block-quote is-layout-flow wp-block-quote-is-layout-flow\"><p>Libramos ao d\u00eda seguinte de xogar o partido, logo adestramos catro d\u00edas seguidos e o \u00faltimo antes de volver xogar, ou libramos ou facemos unha activaci\u00f3n. Isto \u00e9 ximnasio ou adestramento no campo con bolas paradas. Depende da semana temos un ou dous d\u00edas libres e adestramos unhas d\u00faas horas diarias no campo e dous d\u00edas a semana temos ximnasio polas tardes.<\/p><\/blockquote>\n\n\n\n<blockquote class=\"wp-block-quote is-layout-flow wp-block-quote-is-layout-flow\"><p>Isto compaxinado coa Universidade, as horas que non estou adestrando estou na Universidade ou estudando na casa.<\/p><\/blockquote>\n\n\n\n<p><strong>E como o levas?<\/strong><\/p>\n\n\n\n<blockquote class=\"wp-block-quote is-layout-flow wp-block-quote-is-layout-flow\"><p>L\u00e9voo ben, ao final do d\u00eda rematas algo cansa pero e o que hai e paga a pena o esforzo. Foi a vida que escoll\u00edn e te\u00f1o a sorte de vivir do meu deporte e facer o que me gusta.<\/p><\/blockquote>\n\n\n\n<p><strong>Moitas grazas por atendernos Paula.<\/strong><\/p>\n\n\n\n<blockquote class=\"wp-block-quote is-layout-flow wp-block-quote-is-layout-flow\"><p>Gracias a v\u00f3s por darlle visibilidade ao f\u00fatbol feminino.<\/p><\/blockquote>\n","protected":false},"excerpt":{"rendered":"<div class=\"mh-excerpt\"><p>Paula \u00e9 unha moza de Redondela, que \u00e9 a estrela dun dos equipos m\u00e1is importantes da pen\u00ednsula Ib\u00e9rica, e non creo que tarde moito en selo de toda Europa, o Benfica de Liboa. O equipo masculino leva toda a vida na elite do f\u00fatbol europeo, pero, nunha mostra m\u00e1is da discriminaci\u00f3n que sofre a muller en todos os \u00e1mbitos, o feminino apenas ten un par de anos de vida <a class=\"mh-excerpt-more\" href=\"https:\/\/www.anovapeneira.gal\/index.php\/2020\/10\/13\/paula-dominguez-pauleta\/\" title=\"Paula Dom\u00ednguez \u201cPauleta\u201d\">[&#8230;]<\/a><\/p>\n<\/div>","protected":false},"author":6,"featured_media":4089,"comment_status":"open","ping_status":"open","sticky":false,"template":"","format":"standard","meta":{"_exactmetrics_skip_tracking":false,"_exactmetrics_sitenote_active":false,"_exactmetrics_sitenote_note":"","_exactmetrics_sitenote_category":0,"footnotes":""},"categories":[270],"tags":[171],"class_list":{"0":"post-4088","1":"post","2":"type-post","3":"status-publish","4":"format-standard","5":"has-post-thumbnail","7":"category-redondela-entrevistas","8":"tag-concello-de-redondela"},"yoast_head":"<!-- This site is optimized with the Yoast SEO plugin v27.4 - https:\/\/yoast.com\/product\/yoast-seo-wordpress\/ -->\n<title>Paula Dom\u00ednguez \u201cPauleta\u201d -<\/title>\n<meta name=\"robots\" content=\"index, follow, max-snippet:-1, max-image-preview:large, max-video-preview:-1\" \/>\n<link rel=\"canonical\" href=\"https:\/\/www.anovapeneira.gal\/index.php\/2020\/10\/13\/paula-dominguez-pauleta\/\" \/>\n<meta property=\"og:locale\" content=\"gl_ES\" \/>\n<meta property=\"og:type\" content=\"article\" \/>\n<meta property=\"og:title\" content=\"Paula Dom\u00ednguez \u201cPauleta\u201d -\" \/>\n<meta property=\"og:description\" content=\"Paula \u00e9 unha moza de Redondela, que \u00e9 a estrela dun dos equipos m\u00e1is importantes da pen\u00ednsula Ib\u00e9rica, e non creo que tarde moito en selo de toda Europa, o Benfica de Liboa. O equipo masculino leva toda a vida na elite do f\u00fatbol europeo, pero, nunha mostra m\u00e1is da discriminaci\u00f3n que sofre a muller en todos os \u00e1mbitos, o feminino apenas ten un par de anos de vida [...]\" \/>\n<meta property=\"og:url\" content=\"https:\/\/www.anovapeneira.gal\/index.php\/2020\/10\/13\/paula-dominguez-pauleta\/\" \/>\n<meta property=\"article:publisher\" content=\"https:\/\/www.facebook.com\/anovapeneira\" \/>\n<meta property=\"article:published_time\" content=\"2020-10-13T08:00:23+00:00\" \/>\n<meta property=\"og:image\" content=\"https:\/\/www.anovapeneira.gal\/wp-content\/uploads\/2020\/10\/pauleta_a_nova_peneira.jpg\" \/>\n\t<meta property=\"og:image:width\" content=\"720\" \/>\n\t<meta property=\"og:image:height\" content=\"432\" \/>\n\t<meta property=\"og:image:type\" content=\"image\/jpeg\" \/>\n<meta name=\"author\" content=\"Marcos Santos\" \/>\n<meta name=\"twitter:card\" content=\"summary_large_image\" \/>\n<meta name=\"twitter:creator\" content=\"@APeneira\" \/>\n<meta name=\"twitter:site\" content=\"@APeneira\" \/>\n<meta name=\"twitter:label1\" content=\"Escrito por\" \/>\n\t<meta name=\"twitter:data1\" content=\"Marcos Santos\" \/>\n\t<meta name=\"twitter:label2\" content=\"Tempo de lectura\" \/>\n\t<meta name=\"twitter:data2\" content=\"7 minutos\" \/>\n<script type=\"application\/ld+json\" class=\"yoast-schema-graph\">{\"@context\":\"https:\\\/\\\/schema.org\",\"@graph\":[{\"@type\":\"Article\",\"@id\":\"https:\\\/\\\/www.anovapeneira.gal\\\/index.php\\\/2020\\\/10\\\/13\\\/paula-dominguez-pauleta\\\/#article\",\"isPartOf\":{\"@id\":\"https:\\\/\\\/www.anovapeneira.gal\\\/index.php\\\/2020\\\/10\\\/13\\\/paula-dominguez-pauleta\\\/\"},\"author\":{\"name\":\"Marcos Santos\",\"@id\":\"https:\\\/\\\/www.anovapeneira.gal\\\/#\\\/schema\\\/person\\\/d9d84823564720e7593293bab054e52d\"},\"headline\":\"Paula Dom\u00ednguez \u201cPauleta\u201d\",\"datePublished\":\"2020-10-13T08:00:23+00:00\",\"mainEntityOfPage\":{\"@id\":\"https:\\\/\\\/www.anovapeneira.gal\\\/index.php\\\/2020\\\/10\\\/13\\\/paula-dominguez-pauleta\\\/\"},\"wordCount\":1438,\"commentCount\":0,\"publisher\":{\"@id\":\"https:\\\/\\\/www.anovapeneira.gal\\\/#organization\"},\"image\":{\"@id\":\"https:\\\/\\\/www.anovapeneira.gal\\\/index.php\\\/2020\\\/10\\\/13\\\/paula-dominguez-pauleta\\\/#primaryimage\"},\"thumbnailUrl\":\"https:\\\/\\\/www.anovapeneira.gal\\\/wp-content\\\/uploads\\\/2020\\\/10\\\/pauleta_a_nova_peneira.jpg\",\"keywords\":[\"Concello de Redondela\"],\"articleSection\":[\"Redondela\"],\"inLanguage\":\"gl-ES\",\"potentialAction\":[{\"@type\":\"CommentAction\",\"name\":\"Comment\",\"target\":[\"https:\\\/\\\/www.anovapeneira.gal\\\/index.php\\\/2020\\\/10\\\/13\\\/paula-dominguez-pauleta\\\/#respond\"]}]},{\"@type\":\"WebPage\",\"@id\":\"https:\\\/\\\/www.anovapeneira.gal\\\/index.php\\\/2020\\\/10\\\/13\\\/paula-dominguez-pauleta\\\/\",\"url\":\"https:\\\/\\\/www.anovapeneira.gal\\\/index.php\\\/2020\\\/10\\\/13\\\/paula-dominguez-pauleta\\\/\",\"name\":\"Paula Dom\u00ednguez \u201cPauleta\u201d -\",\"isPartOf\":{\"@id\":\"https:\\\/\\\/www.anovapeneira.gal\\\/#website\"},\"primaryImageOfPage\":{\"@id\":\"https:\\\/\\\/www.anovapeneira.gal\\\/index.php\\\/2020\\\/10\\\/13\\\/paula-dominguez-pauleta\\\/#primaryimage\"},\"image\":{\"@id\":\"https:\\\/\\\/www.anovapeneira.gal\\\/index.php\\\/2020\\\/10\\\/13\\\/paula-dominguez-pauleta\\\/#primaryimage\"},\"thumbnailUrl\":\"https:\\\/\\\/www.anovapeneira.gal\\\/wp-content\\\/uploads\\\/2020\\\/10\\\/pauleta_a_nova_peneira.jpg\",\"datePublished\":\"2020-10-13T08:00:23+00:00\",\"breadcrumb\":{\"@id\":\"https:\\\/\\\/www.anovapeneira.gal\\\/index.php\\\/2020\\\/10\\\/13\\\/paula-dominguez-pauleta\\\/#breadcrumb\"},\"inLanguage\":\"gl-ES\",\"potentialAction\":[{\"@type\":\"ReadAction\",\"target\":[\"https:\\\/\\\/www.anovapeneira.gal\\\/index.php\\\/2020\\\/10\\\/13\\\/paula-dominguez-pauleta\\\/\"]}]},{\"@type\":\"ImageObject\",\"inLanguage\":\"gl-ES\",\"@id\":\"https:\\\/\\\/www.anovapeneira.gal\\\/index.php\\\/2020\\\/10\\\/13\\\/paula-dominguez-pauleta\\\/#primaryimage\",\"url\":\"https:\\\/\\\/www.anovapeneira.gal\\\/wp-content\\\/uploads\\\/2020\\\/10\\\/pauleta_a_nova_peneira.jpg\",\"contentUrl\":\"https:\\\/\\\/www.anovapeneira.gal\\\/wp-content\\\/uploads\\\/2020\\\/10\\\/pauleta_a_nova_peneira.jpg\",\"width\":720,\"height\":432,\"caption\":\"Paula Dom\u00ednguez Pauleta Concello de Redondela\"},{\"@type\":\"BreadcrumbList\",\"@id\":\"https:\\\/\\\/www.anovapeneira.gal\\\/index.php\\\/2020\\\/10\\\/13\\\/paula-dominguez-pauleta\\\/#breadcrumb\",\"itemListElement\":[{\"@type\":\"ListItem\",\"position\":1,\"name\":\"Portada\",\"item\":\"https:\\\/\\\/www.anovapeneira.gal\\\/\"},{\"@type\":\"ListItem\",\"position\":2,\"name\":\"Paula Dom\u00ednguez \u201cPauleta\u201d\"}]},{\"@type\":\"WebSite\",\"@id\":\"https:\\\/\\\/www.anovapeneira.gal\\\/#website\",\"url\":\"https:\\\/\\\/www.anovapeneira.gal\\\/\",\"name\":\"\",\"description\":\"Xornal galego de informaci\u00f3n xeral Publicaci\u00f3n mensual de novas de Galicia e en especial dos Concellos da sur da provincia de Pontevedra.\",\"publisher\":{\"@id\":\"https:\\\/\\\/www.anovapeneira.gal\\\/#organization\"},\"potentialAction\":[{\"@type\":\"SearchAction\",\"target\":{\"@type\":\"EntryPoint\",\"urlTemplate\":\"https:\\\/\\\/www.anovapeneira.gal\\\/?s={search_term_string}\"},\"query-input\":{\"@type\":\"PropertyValueSpecification\",\"valueRequired\":true,\"valueName\":\"search_term_string\"}}],\"inLanguage\":\"gl-ES\"},{\"@type\":\"Organization\",\"@id\":\"https:\\\/\\\/www.anovapeneira.gal\\\/#organization\",\"name\":\"A Nova Peneira\",\"url\":\"https:\\\/\\\/www.anovapeneira.gal\\\/\",\"logo\":{\"@type\":\"ImageObject\",\"inLanguage\":\"gl-ES\",\"@id\":\"https:\\\/\\\/www.anovapeneira.gal\\\/#\\\/schema\\\/logo\\\/image\\\/\",\"url\":\"http:\\\/\\\/www.anovapeneira.gal\\\/wp-content\\\/uploads\\\/2019\\\/06\\\/logo_a_nova_peneira_portal_web.png\",\"contentUrl\":\"http:\\\/\\\/www.anovapeneira.gal\\\/wp-content\\\/uploads\\\/2019\\\/06\\\/logo_a_nova_peneira_portal_web.png\",\"width\":300,\"height\":100,\"caption\":\"A Nova Peneira\"},\"image\":{\"@id\":\"https:\\\/\\\/www.anovapeneira.gal\\\/#\\\/schema\\\/logo\\\/image\\\/\"},\"sameAs\":[\"https:\\\/\\\/www.facebook.com\\\/anovapeneira\",\"https:\\\/\\\/x.com\\\/APeneira\"]},{\"@type\":\"Person\",\"@id\":\"https:\\\/\\\/www.anovapeneira.gal\\\/#\\\/schema\\\/person\\\/d9d84823564720e7593293bab054e52d\",\"name\":\"Marcos Santos\",\"image\":{\"@type\":\"ImageObject\",\"inLanguage\":\"gl-ES\",\"@id\":\"https:\\\/\\\/secure.gravatar.com\\\/avatar\\\/0e8017099a7a47c0a9d2275e865fe326484561eb3d70649069e4b8e61a8d2e8c?s=96&d=mm&r=g\",\"url\":\"https:\\\/\\\/secure.gravatar.com\\\/avatar\\\/0e8017099a7a47c0a9d2275e865fe326484561eb3d70649069e4b8e61a8d2e8c?s=96&d=mm&r=g\",\"contentUrl\":\"https:\\\/\\\/secure.gravatar.com\\\/avatar\\\/0e8017099a7a47c0a9d2275e865fe326484561eb3d70649069e4b8e61a8d2e8c?s=96&d=mm&r=g\",\"caption\":\"Marcos Santos\"},\"sameAs\":[\"http:\\\/\\\/anovapeneira.gal\"],\"url\":\"https:\\\/\\\/www.anovapeneira.gal\\\/index.php\\\/author\\\/marcos-santos\\\/\"}]}<\/script>\n<!-- \/ Yoast SEO plugin. -->","yoast_head_json":{"title":"Paula Dom\u00ednguez \u201cPauleta\u201d -","robots":{"index":"index","follow":"follow","max-snippet":"max-snippet:-1","max-image-preview":"max-image-preview:large","max-video-preview":"max-video-preview:-1"},"canonical":"https:\/\/www.anovapeneira.gal\/index.php\/2020\/10\/13\/paula-dominguez-pauleta\/","og_locale":"gl_ES","og_type":"article","og_title":"Paula Dom\u00ednguez \u201cPauleta\u201d -","og_description":"Paula \u00e9 unha moza de Redondela, que \u00e9 a estrela dun dos equipos m\u00e1is importantes da pen\u00ednsula Ib\u00e9rica, e non creo que tarde moito en selo de toda Europa, o Benfica de Liboa. O equipo masculino leva toda a vida na elite do f\u00fatbol europeo, pero, nunha mostra m\u00e1is da discriminaci\u00f3n que sofre a muller en todos os \u00e1mbitos, o feminino apenas ten un par de anos de vida [...]","og_url":"https:\/\/www.anovapeneira.gal\/index.php\/2020\/10\/13\/paula-dominguez-pauleta\/","article_publisher":"https:\/\/www.facebook.com\/anovapeneira","article_published_time":"2020-10-13T08:00:23+00:00","og_image":[{"width":720,"height":432,"url":"https:\/\/www.anovapeneira.gal\/wp-content\/uploads\/2020\/10\/pauleta_a_nova_peneira.jpg","type":"image\/jpeg"}],"author":"Marcos Santos","twitter_card":"summary_large_image","twitter_creator":"@APeneira","twitter_site":"@APeneira","twitter_misc":{"Escrito por":"Marcos Santos","Tempo de lectura":"7 minutos"},"schema":{"@context":"https:\/\/schema.org","@graph":[{"@type":"Article","@id":"https:\/\/www.anovapeneira.gal\/index.php\/2020\/10\/13\/paula-dominguez-pauleta\/#article","isPartOf":{"@id":"https:\/\/www.anovapeneira.gal\/index.php\/2020\/10\/13\/paula-dominguez-pauleta\/"},"author":{"name":"Marcos Santos","@id":"https:\/\/www.anovapeneira.gal\/#\/schema\/person\/d9d84823564720e7593293bab054e52d"},"headline":"Paula Dom\u00ednguez \u201cPauleta\u201d","datePublished":"2020-10-13T08:00:23+00:00","mainEntityOfPage":{"@id":"https:\/\/www.anovapeneira.gal\/index.php\/2020\/10\/13\/paula-dominguez-pauleta\/"},"wordCount":1438,"commentCount":0,"publisher":{"@id":"https:\/\/www.anovapeneira.gal\/#organization"},"image":{"@id":"https:\/\/www.anovapeneira.gal\/index.php\/2020\/10\/13\/paula-dominguez-pauleta\/#primaryimage"},"thumbnailUrl":"https:\/\/www.anovapeneira.gal\/wp-content\/uploads\/2020\/10\/pauleta_a_nova_peneira.jpg","keywords":["Concello de Redondela"],"articleSection":["Redondela"],"inLanguage":"gl-ES","potentialAction":[{"@type":"CommentAction","name":"Comment","target":["https:\/\/www.anovapeneira.gal\/index.php\/2020\/10\/13\/paula-dominguez-pauleta\/#respond"]}]},{"@type":"WebPage","@id":"https:\/\/www.anovapeneira.gal\/index.php\/2020\/10\/13\/paula-dominguez-pauleta\/","url":"https:\/\/www.anovapeneira.gal\/index.php\/2020\/10\/13\/paula-dominguez-pauleta\/","name":"Paula Dom\u00ednguez \u201cPauleta\u201d -","isPartOf":{"@id":"https:\/\/www.anovapeneira.gal\/#website"},"primaryImageOfPage":{"@id":"https:\/\/www.anovapeneira.gal\/index.php\/2020\/10\/13\/paula-dominguez-pauleta\/#primaryimage"},"image":{"@id":"https:\/\/www.anovapeneira.gal\/index.php\/2020\/10\/13\/paula-dominguez-pauleta\/#primaryimage"},"thumbnailUrl":"https:\/\/www.anovapeneira.gal\/wp-content\/uploads\/2020\/10\/pauleta_a_nova_peneira.jpg","datePublished":"2020-10-13T08:00:23+00:00","breadcrumb":{"@id":"https:\/\/www.anovapeneira.gal\/index.php\/2020\/10\/13\/paula-dominguez-pauleta\/#breadcrumb"},"inLanguage":"gl-ES","potentialAction":[{"@type":"ReadAction","target":["https:\/\/www.anovapeneira.gal\/index.php\/2020\/10\/13\/paula-dominguez-pauleta\/"]}]},{"@type":"ImageObject","inLanguage":"gl-ES","@id":"https:\/\/www.anovapeneira.gal\/index.php\/2020\/10\/13\/paula-dominguez-pauleta\/#primaryimage","url":"https:\/\/www.anovapeneira.gal\/wp-content\/uploads\/2020\/10\/pauleta_a_nova_peneira.jpg","contentUrl":"https:\/\/www.anovapeneira.gal\/wp-content\/uploads\/2020\/10\/pauleta_a_nova_peneira.jpg","width":720,"height":432,"caption":"Paula Dom\u00ednguez Pauleta Concello de Redondela"},{"@type":"BreadcrumbList","@id":"https:\/\/www.anovapeneira.gal\/index.php\/2020\/10\/13\/paula-dominguez-pauleta\/#breadcrumb","itemListElement":[{"@type":"ListItem","position":1,"name":"Portada","item":"https:\/\/www.anovapeneira.gal\/"},{"@type":"ListItem","position":2,"name":"Paula Dom\u00ednguez \u201cPauleta\u201d"}]},{"@type":"WebSite","@id":"https:\/\/www.anovapeneira.gal\/#website","url":"https:\/\/www.anovapeneira.gal\/","name":"","description":"Xornal galego de informaci\u00f3n xeral Publicaci\u00f3n mensual de novas de Galicia e en especial dos Concellos da sur da provincia de Pontevedra.","publisher":{"@id":"https:\/\/www.anovapeneira.gal\/#organization"},"potentialAction":[{"@type":"SearchAction","target":{"@type":"EntryPoint","urlTemplate":"https:\/\/www.anovapeneira.gal\/?s={search_term_string}"},"query-input":{"@type":"PropertyValueSpecification","valueRequired":true,"valueName":"search_term_string"}}],"inLanguage":"gl-ES"},{"@type":"Organization","@id":"https:\/\/www.anovapeneira.gal\/#organization","name":"A Nova Peneira","url":"https:\/\/www.anovapeneira.gal\/","logo":{"@type":"ImageObject","inLanguage":"gl-ES","@id":"https:\/\/www.anovapeneira.gal\/#\/schema\/logo\/image\/","url":"http:\/\/www.anovapeneira.gal\/wp-content\/uploads\/2019\/06\/logo_a_nova_peneira_portal_web.png","contentUrl":"http:\/\/www.anovapeneira.gal\/wp-content\/uploads\/2019\/06\/logo_a_nova_peneira_portal_web.png","width":300,"height":100,"caption":"A Nova Peneira"},"image":{"@id":"https:\/\/www.anovapeneira.gal\/#\/schema\/logo\/image\/"},"sameAs":["https:\/\/www.facebook.com\/anovapeneira","https:\/\/x.com\/APeneira"]},{"@type":"Person","@id":"https:\/\/www.anovapeneira.gal\/#\/schema\/person\/d9d84823564720e7593293bab054e52d","name":"Marcos Santos","image":{"@type":"ImageObject","inLanguage":"gl-ES","@id":"https:\/\/secure.gravatar.com\/avatar\/0e8017099a7a47c0a9d2275e865fe326484561eb3d70649069e4b8e61a8d2e8c?s=96&d=mm&r=g","url":"https:\/\/secure.gravatar.com\/avatar\/0e8017099a7a47c0a9d2275e865fe326484561eb3d70649069e4b8e61a8d2e8c?s=96&d=mm&r=g","contentUrl":"https:\/\/secure.gravatar.com\/avatar\/0e8017099a7a47c0a9d2275e865fe326484561eb3d70649069e4b8e61a8d2e8c?s=96&d=mm&r=g","caption":"Marcos Santos"},"sameAs":["http:\/\/anovapeneira.gal"],"url":"https:\/\/www.anovapeneira.gal\/index.php\/author\/marcos-santos\/"}]}},"jetpack_featured_media_url":"https:\/\/www.anovapeneira.gal\/wp-content\/uploads\/2020\/10\/pauleta_a_nova_peneira.jpg","_links":{"self":[{"href":"https:\/\/www.anovapeneira.gal\/index.php\/wp-json\/wp\/v2\/posts\/4088","targetHints":{"allow":["GET"]}}],"collection":[{"href":"https:\/\/www.anovapeneira.gal\/index.php\/wp-json\/wp\/v2\/posts"}],"about":[{"href":"https:\/\/www.anovapeneira.gal\/index.php\/wp-json\/wp\/v2\/types\/post"}],"author":[{"embeddable":true,"href":"https:\/\/www.anovapeneira.gal\/index.php\/wp-json\/wp\/v2\/users\/6"}],"replies":[{"embeddable":true,"href":"https:\/\/www.anovapeneira.gal\/index.php\/wp-json\/wp\/v2\/comments?post=4088"}],"version-history":[{"count":1,"href":"https:\/\/www.anovapeneira.gal\/index.php\/wp-json\/wp\/v2\/posts\/4088\/revisions"}],"predecessor-version":[{"id":4090,"href":"https:\/\/www.anovapeneira.gal\/index.php\/wp-json\/wp\/v2\/posts\/4088\/revisions\/4090"}],"wp:featuredmedia":[{"embeddable":true,"href":"https:\/\/www.anovapeneira.gal\/index.php\/wp-json\/wp\/v2\/media\/4089"}],"wp:attachment":[{"href":"https:\/\/www.anovapeneira.gal\/index.php\/wp-json\/wp\/v2\/media?parent=4088"}],"wp:term":[{"taxonomy":"category","embeddable":true,"href":"https:\/\/www.anovapeneira.gal\/index.php\/wp-json\/wp\/v2\/categories?post=4088"},{"taxonomy":"post_tag","embeddable":true,"href":"https:\/\/www.anovapeneira.gal\/index.php\/wp-json\/wp\/v2\/tags?post=4088"}],"curies":[{"name":"wp","href":"https:\/\/api.w.org\/{rel}","templated":true}]}}