{"id":4091,"date":"2020-10-13T12:00:07","date_gmt":"2020-10-13T10:00:07","guid":{"rendered":"http:\/\/www.anovapeneira.gal\/?p=4091"},"modified":"2020-10-12T20:51:43","modified_gmt":"2020-10-12T18:51:43","slug":"o-pazo-de-mos-acolle-o-1o-proxecto-de-arte-postal-internacional","status":"publish","type":"post","link":"https:\/\/www.anovapeneira.gal\/index.php\/2020\/10\/13\/o-pazo-de-mos-acolle-o-1o-proxecto-de-arte-postal-internacional\/","title":{"rendered":"O Pazo De Mos Acolle O 1\u00ba Proxecto De Arte Postal Internacional"},"content":{"rendered":"\n<p><strong>Algunha vez amigos e amigas seguro que se sentiron en d\u00e9beda emocional con algu\u00e9n. E o sentimento de non poder satisfacer o que estamos seguros de que debe de ser satisfeito resulta enormemente frustrante. A min aconteceume con Manuel X\u00edo. El \u00e9 un artista mosense que cultiva entre outras disciplinas a arte postal e que tenme distinguindo en diversas ocasi\u00f3ns coa s\u00faa atenci\u00f3n a trav\u00e9s de distintas cartas que env\u00eda ao enderezo do noso xornal, nas que non \u00e9 dif\u00edcil apreciar a s\u00faa enorme sensibilidade tanto para a palabra, como para o debuxo. Agardo que te\u00f1a ocasi\u00f3n de ler estas letras e a trav\u00e9s delas poida co\u00f1ecer que a mi\u00f1a intenci\u00f3n sempre foi, como non pod\u00eda ser doutro modo, contestarlle co respecto debido e coa gratitude inmensa que me fixeron sentir as s\u00faas letras. Por\u00e9n, confeso a mi\u00f1a nugalla para algo que pensaba que o mundo dixital xa ti\u00f1a soterrado, un acto tan sinxelo e tan emotivo como coller un bol\u00edgrafo e expresar con el o que sentimos e queremos que sinta a persoa receptora das nosas mensaxes. Entre os meses de setembro e outubro o Pazo de Mos acolleu unha fermosa exposici\u00f3n sobre arte postal cuxo alma mater \u00e9 Manuel X\u00edo. Para min non s\u00f3 foi un pracer gozar con ela e conversar con Pablo, o coordinador do evento, sen\u00f3n que me fixo cruzar o R\u00edo Leteo e lembrarme das bretemosas noites p\u00e9treas universitarias da Compostela de finais de s\u00e9culo nas que o que isto escribe, escrib\u00eda unha e outra vez cartas de amor a quen naquel momento amaba.<\/strong><\/p>\n\n\n\n<p><strong>PABLO G\u00d3MEZ PORTAS<\/strong><\/p>\n\n\n\n<p><strong>COORDINADOR DO PROXECTO<\/strong><\/p>\n\n\n\n<p><strong>Expl\u00edcanos que \u00e9 o proxecto ARTE POSTAL?<\/strong><\/p>\n\n\n\n<blockquote class=\"wp-block-quote is-layout-flow wp-block-quote-is-layout-flow\"><p>Nace coa convicci\u00f3n e a ilusi\u00f3n de recuperar a carta e a postal como medio de comunicaci\u00f3n inter persoal. Non como \u00fanico recurso claro, pero en convivencia cos novos medios para comunicarnos que nos proporciona a tecnolox\u00eda<\/p><\/blockquote>\n\n\n\n<p><strong>Par\u00e9ceme unha pretensi\u00f3n admirable, pero se cadra demasiado ambiciosa. \u00c9 m\u00e1is, oxal\u00e1 me estea equivocando, pero non a vexo realista<\/strong><\/p>\n\n\n\n<blockquote class=\"wp-block-quote is-layout-flow wp-block-quote-is-layout-flow\"><p>A ambici\u00f3n \u00e9 o \u00fanico cami\u00f1o para podermos facer realidade os nosos sonos, ata os sonos que coma este, parezan extremadamente rom\u00e1nticos. E Manuel Xio Blanco ten un perfil extraordinario para poder converter en real este marabilloso sono. Asemade el quere que Mos apareza nas gu\u00edas do cami\u00f1o de Santiago en Correos. Xio co\u00f1ece a moitos artistas e todos colaboraron de maneira moi meritoria para poder p\u00f3r en marcha esta exposici\u00f3n<\/p><\/blockquote>\n\n\n\n<p><strong>F\u00e1lanos de Manuel Xio?<\/strong><\/p>\n\n\n\n<div class=\"wp-block-columns is-layout-flex wp-container-core-columns-is-layout-9d6595d7 wp-block-columns-is-layout-flex\">\n<div class=\"wp-block-column is-layout-flow wp-block-column-is-layout-flow\" style=\"flex-basis:33.33%\">\n<blockquote class=\"wp-block-quote is-layout-flow wp-block-quote-is-layout-flow\"><p>El naceu en Mos, preto do Pazo. Traballou en Vigo para unha librer\u00eda-El \u00e9 un artista poli\u00e9drico e al\u00e9n da s\u00faa faceta como debuxante a min g\u00fastame especialmente a s\u00faa escultura. Algunha delas est\u00e1n presentes no cat\u00e1logo nacional de Galicia. Tam\u00e9n ten produci\u00f3n escrita moi interesante como por exemplo a s\u00faa obra \u201cprismavera\u201d un libro de aforismos versificados. Xio ten moito que amosar e de gran calidade abof\u00e9, non resulta f\u00e1cil de sintetizar<\/p><\/blockquote>\n<\/div>\n\n\n\n<div class=\"wp-block-column is-layout-flow wp-block-column-is-layout-flow\" style=\"flex-basis:66.66%\">\n<figure class=\"wp-block-image size-large\"><img loading=\"lazy\" decoding=\"async\" width=\"768\" height=\"1024\" src=\"http:\/\/www.anovapeneira.gal\/wp-content\/uploads\/2020\/10\/Manuel-XIO.FOTO-PABLO-KAUFMANN-768x1024.jpg\" alt=\"Manuel Cio\" class=\"wp-image-4093\" srcset=\"https:\/\/www.anovapeneira.gal\/wp-content\/uploads\/2020\/10\/Manuel-XIO.FOTO-PABLO-KAUFMANN-768x1024.jpg 768w, https:\/\/www.anovapeneira.gal\/wp-content\/uploads\/2020\/10\/Manuel-XIO.FOTO-PABLO-KAUFMANN-225x300.jpg 225w, https:\/\/www.anovapeneira.gal\/wp-content\/uploads\/2020\/10\/Manuel-XIO.FOTO-PABLO-KAUFMANN.jpg 972w\" sizes=\"auto, (max-width: 768px) 100vw, 768px\" \/><figcaption>Fotograf\u00eda Pablo Kaufmann<\/figcaption><\/figure>\n<\/div>\n<\/div>\n\n\n\n<p><\/p>\n\n\n\n<blockquote class=\"wp-block-quote is-layout-flow wp-block-quote-is-layout-flow\"><p>El naceu en Mos, preto do Pazo. Traballou en Vigo para unha librer\u00eda-El \u00e9 un artista poli\u00e9drico e al\u00e9n da s\u00faa faceta como debuxante a min g\u00fastame especialmente a s\u00faa escultura. Algunha delas est\u00e1n presentes no cat\u00e1logo nacional de Galicia. Tam\u00e9n ten produci\u00f3n escrita moi interesante como por exemplo a s\u00faa obra \u201cprismavera\u201d un libro de aforismos versificados. Xio ten moito que amosar e de gran calidade abof\u00e9, non resulta f\u00e1cil de sintetizar<\/p><\/blockquote>\n\n\n\n<p><strong>Que \u00e9 debuxar para ti?<\/strong><\/p>\n\n\n\n<blockquote class=\"wp-block-quote is-layout-flow wp-block-quote-is-layout-flow\"><p>Vasme permitir citar a Oliver Laxe para dicir que para min debuxar sup\u00f3n un cami\u00f1o de conexi\u00f3n coa infancia<\/p><\/blockquote>\n\n\n\n<p><strong>Cantas persoas estades implicadas na organizaci\u00f3n desta exposici\u00f3n?<\/strong><\/p>\n\n\n\n<blockquote class=\"wp-block-quote is-layout-flow wp-block-quote-is-layout-flow\"><p>Sobre todo o mestre Manuel Xio Blanco, e nun segundo plano eu mesmo. Quero, porque \u00e9 de xustiza e debo facelo, destacar a axuda do Pazo de Mos en xeral, e de Vanessa Ferreira en particular. Ela \u00e9 parte fundamental deste proxecto grazas ao seu esforzo, interese e entusiasmo. En realidade, non s\u00f3 por este evento, sen\u00f3n polo seu traballo diario p\u00f3dese dicir que Vanessa \u00e9 a alma do Pazo de Mos<\/p><\/blockquote>\n\n\n\n<p><strong>Cantos artistas e cantos traballos forman parte desta exposici\u00f3n?<\/strong><\/p>\n\n\n\n<blockquote class=\"wp-block-quote is-layout-flow wp-block-quote-is-layout-flow\"><p>Son 105 debuxantes e 495 traballos<\/p><\/blockquote>\n\n\n\n<p><strong>De que \u00e1mbito xeogr\u00e1fico son os debuxantes?<\/strong><\/p>\n\n\n\n<blockquote class=\"wp-block-quote is-layout-flow wp-block-quote-is-layout-flow\"><p>Hainos de todo o mundo<\/p><\/blockquote>\n\n\n\n<p><strong>Caramba, alg\u00fan destacado?<\/strong><\/p>\n\n\n\n<blockquote class=\"wp-block-quote is-layout-flow wp-block-quote-is-layout-flow\"><p>Cesar Reglero, Mariano Marcos, Tino Villanueva, A corporaci\u00f3n semi\u00f3tica galega, Miriam Mercader, Teresita Pereira, Sabela Ba\u00f1a&#8230;Temos a fortuna de podermos contar con grandes artistas internacionais tanto da arte en xeral como da arte postal en particular<\/p><\/blockquote>\n\n\n\n<p><strong>A exposici\u00f3n estivo exposta en que datas?<\/strong><\/p>\n\n\n\n<blockquote class=\"wp-block-quote is-layout-flow wp-block-quote-is-layout-flow\"><p>Desde o 3 de setembro ata o 13 de outubro<\/p><\/blockquote>\n\n\n\n<p><strong>\u00c9 a primeira vez que facedes algo parecido?<\/strong><\/p>\n\n\n\n<blockquote class=\"wp-block-quote is-layout-flow wp-block-quote-is-layout-flow\"><p>Si, pero Manuel Xio xa leva anos implicado coa arte postal, de feito desde 2.012 xa ten publicado 10 traballos en forma de bolet\u00edn literario mosense que se chamaba \u201cLetras perennes de folla caduca\u201d<\/p><\/blockquote>\n\n\n\n<p><strong>Que nome m\u00e1is bonito\u00a1\u00a1<\/strong><\/p>\n\n\n\n<blockquote class=\"wp-block-quote is-layout-flow wp-block-quote-is-layout-flow\"><p>Precioso, e se o nome \u00e9 bonito o contido \u00e9o a\u00ednda m\u00e1is .P\u00f3dese atopar na biblioteca de Mos. Esa iniciativa contou coa participaci\u00f3n entre outros de Ferr\u00edn e de Carlos Oroza e al\u00ed falaban un pouco da arte postal<\/p><\/blockquote>\n\n\n\n<p><strong>A exposici\u00f3n ten visos de continuidade?<\/strong><\/p>\n\n\n\n<blockquote class=\"wp-block-quote is-layout-flow wp-block-quote-is-layout-flow\"><p>Si a nosa vontade \u00e9 que te\u00f1a continuidade. E iso que a situaci\u00f3n sanitaria delimitounos bastante pero para o pr\u00f3ximo ano temos previsto facer alg\u00fan acto a maiores para darlle solidez \u00e1 nosa vontade de que o p\u00fablico poida gozar coa arte postal<\/p><\/blockquote>\n\n\n\n<p><strong>Como valoras a resposta do p\u00fablico que asistiu \u00e1 mostra?<\/strong><\/p>\n\n\n\n<blockquote class=\"wp-block-quote is-layout-flow wp-block-quote-is-layout-flow\"><p>A nosa valoraci\u00f3n \u00e9 moi positiva. Ao estarmos situados no cami\u00f1o de Santiago non s\u00f3 tivemos visitantes locais sen\u00f3n tam\u00e9n de moitos peregrinos que nos distinguiron coa s\u00faa compa\u00f1\u00eda. Incluso moita xente nos facilita o seu enderezo postal para que n\u00f3s lle enviemos unha carta<\/p><\/blockquote>\n\n\n\n<p><strong>Vaia, que sorpresa. Ent\u00f3n podemos dicir que nestes tempos a\u00ednda hai xente \u00e1 que lle gusta comunicarse por correo postal<\/strong><\/p>\n\n\n\n<blockquote class=\"wp-block-quote is-layout-flow wp-block-quote-is-layout-flow\"><p>Rotundamente si. O ser humano ten a necesidade de escribir , de debuxar , de escoitar e de ser escoitado.<\/p><\/blockquote>\n\n\n\n<p><strong>Que tal se portou o concello de Mos con v\u00f3s na organizaci\u00f3n da exposici\u00f3n?<\/strong><\/p>\n\n\n\n<blockquote class=\"wp-block-quote is-layout-flow wp-block-quote-is-layout-flow\"><p>Nin n\u00f3s buscamos a s\u00faa axuda nin eles amosaron o m\u00e1is m\u00ednimo interese.<\/p><\/blockquote>\n\n\n\n<p><strong>Polo que vexo este evento est\u00e1 intimamente ligado \u00e1 figura de Xio. Non tes medo de que algo tan interesante como a arte postal no noso pobo, remate con el?<\/strong><\/p>\n\n\n\n<blockquote class=\"wp-block-quote is-layout-flow wp-block-quote-is-layout-flow\"><p>Non cabe d\u00fabida de que Manuel Xio \u00e9 enormemente relevante, pero a min mesmo gustar\u00edame moito continuar espallando a arte postal<\/p><\/blockquote>\n","protected":false},"excerpt":{"rendered":"<div class=\"mh-excerpt\"><p>O Pazo De Mos Acolle O 1\u00ba Proxecto De Arte Postal Internacional <a class=\"mh-excerpt-more\" href=\"https:\/\/www.anovapeneira.gal\/index.php\/2020\/10\/13\/o-pazo-de-mos-acolle-o-1o-proxecto-de-arte-postal-internacional\/\" title=\"O Pazo De Mos Acolle O 1\u00ba Proxecto De Arte Postal Internacional\">[&#8230;]<\/a><\/p>\n<\/div>","protected":false},"author":2,"featured_media":4095,"comment_status":"open","ping_status":"open","sticky":false,"template":"","format":"standard","meta":{"_exactmetrics_skip_tracking":false,"_exactmetrics_sitenote_active":false,"_exactmetrics_sitenote_note":"","_exactmetrics_sitenote_category":0,"footnotes":""},"categories":[265],"tags":[218],"class_list":{"0":"post-4091","1":"post","2":"type-post","3":"status-publish","4":"format-standard","5":"has-post-thumbnail","7":"category-a-lourina-entrevistas","8":"tag-concello-de-mos"},"yoast_head":"<!-- This site is optimized with the Yoast SEO plugin v27.4 - https:\/\/yoast.com\/product\/yoast-seo-wordpress\/ -->\n<title>O Pazo De Mos Acolle O 1\u00ba Proxecto De Arte Postal Internacional -<\/title>\n<meta name=\"robots\" content=\"index, follow, max-snippet:-1, max-image-preview:large, max-video-preview:-1\" \/>\n<link rel=\"canonical\" href=\"https:\/\/www.anovapeneira.gal\/index.php\/2020\/10\/13\/o-pazo-de-mos-acolle-o-1o-proxecto-de-arte-postal-internacional\/\" \/>\n<meta property=\"og:locale\" content=\"gl_ES\" \/>\n<meta property=\"og:type\" content=\"article\" \/>\n<meta property=\"og:title\" content=\"O Pazo De Mos Acolle O 1\u00ba Proxecto De Arte Postal Internacional -\" \/>\n<meta property=\"og:description\" content=\"O Pazo De Mos Acolle O 1\u00ba Proxecto De Arte Postal Internacional [...]\" \/>\n<meta property=\"og:url\" content=\"https:\/\/www.anovapeneira.gal\/index.php\/2020\/10\/13\/o-pazo-de-mos-acolle-o-1o-proxecto-de-arte-postal-internacional\/\" \/>\n<meta property=\"article:publisher\" content=\"https:\/\/www.facebook.com\/anovapeneira\" \/>\n<meta property=\"article:published_time\" content=\"2020-10-13T10:00:07+00:00\" \/>\n<meta property=\"og:image\" content=\"https:\/\/www.anovapeneira.gal\/wp-content\/uploads\/2020\/10\/pablo_g_portas_a_nova_peneira.jpg\" \/>\n\t<meta property=\"og:image:width\" content=\"720\" \/>\n\t<meta property=\"og:image:height\" content=\"432\" \/>\n\t<meta property=\"og:image:type\" content=\"image\/jpeg\" \/>\n<meta name=\"author\" content=\"Tino Lago\" \/>\n<meta name=\"twitter:card\" content=\"summary_large_image\" \/>\n<meta name=\"twitter:creator\" content=\"@APeneira\" \/>\n<meta name=\"twitter:site\" content=\"@APeneira\" \/>\n<meta name=\"twitter:label1\" content=\"Escrito por\" \/>\n\t<meta name=\"twitter:data1\" content=\"Tino Lago\" \/>\n\t<meta name=\"twitter:label2\" content=\"Tempo de lectura\" \/>\n\t<meta name=\"twitter:data2\" content=\"6 minutos\" \/>\n<script type=\"application\/ld+json\" class=\"yoast-schema-graph\">{\"@context\":\"https:\\\/\\\/schema.org\",\"@graph\":[{\"@type\":\"Article\",\"@id\":\"https:\\\/\\\/www.anovapeneira.gal\\\/index.php\\\/2020\\\/10\\\/13\\\/o-pazo-de-mos-acolle-o-1o-proxecto-de-arte-postal-internacional\\\/#article\",\"isPartOf\":{\"@id\":\"https:\\\/\\\/www.anovapeneira.gal\\\/index.php\\\/2020\\\/10\\\/13\\\/o-pazo-de-mos-acolle-o-1o-proxecto-de-arte-postal-internacional\\\/\"},\"author\":{\"name\":\"Tino Lago\",\"@id\":\"https:\\\/\\\/www.anovapeneira.gal\\\/#\\\/schema\\\/person\\\/424dfe65e3070fd8a44d22d2c088762a\"},\"headline\":\"O Pazo De Mos Acolle O 1\u00ba Proxecto De Arte Postal Internacional\",\"datePublished\":\"2020-10-13T10:00:07+00:00\",\"mainEntityOfPage\":{\"@id\":\"https:\\\/\\\/www.anovapeneira.gal\\\/index.php\\\/2020\\\/10\\\/13\\\/o-pazo-de-mos-acolle-o-1o-proxecto-de-arte-postal-internacional\\\/\"},\"wordCount\":1149,\"commentCount\":0,\"publisher\":{\"@id\":\"https:\\\/\\\/www.anovapeneira.gal\\\/#organization\"},\"image\":{\"@id\":\"https:\\\/\\\/www.anovapeneira.gal\\\/index.php\\\/2020\\\/10\\\/13\\\/o-pazo-de-mos-acolle-o-1o-proxecto-de-arte-postal-internacional\\\/#primaryimage\"},\"thumbnailUrl\":\"https:\\\/\\\/www.anovapeneira.gal\\\/wp-content\\\/uploads\\\/2020\\\/10\\\/pablo_g_portas_a_nova_peneira.jpg\",\"keywords\":[\"Concello de Mos\"],\"articleSection\":[\"A Louri\u00f1a\"],\"inLanguage\":\"gl-ES\",\"potentialAction\":[{\"@type\":\"CommentAction\",\"name\":\"Comment\",\"target\":[\"https:\\\/\\\/www.anovapeneira.gal\\\/index.php\\\/2020\\\/10\\\/13\\\/o-pazo-de-mos-acolle-o-1o-proxecto-de-arte-postal-internacional\\\/#respond\"]}]},{\"@type\":\"WebPage\",\"@id\":\"https:\\\/\\\/www.anovapeneira.gal\\\/index.php\\\/2020\\\/10\\\/13\\\/o-pazo-de-mos-acolle-o-1o-proxecto-de-arte-postal-internacional\\\/\",\"url\":\"https:\\\/\\\/www.anovapeneira.gal\\\/index.php\\\/2020\\\/10\\\/13\\\/o-pazo-de-mos-acolle-o-1o-proxecto-de-arte-postal-internacional\\\/\",\"name\":\"O Pazo De Mos Acolle O 1\u00ba Proxecto De Arte Postal Internacional -\",\"isPartOf\":{\"@id\":\"https:\\\/\\\/www.anovapeneira.gal\\\/#website\"},\"primaryImageOfPage\":{\"@id\":\"https:\\\/\\\/www.anovapeneira.gal\\\/index.php\\\/2020\\\/10\\\/13\\\/o-pazo-de-mos-acolle-o-1o-proxecto-de-arte-postal-internacional\\\/#primaryimage\"},\"image\":{\"@id\":\"https:\\\/\\\/www.anovapeneira.gal\\\/index.php\\\/2020\\\/10\\\/13\\\/o-pazo-de-mos-acolle-o-1o-proxecto-de-arte-postal-internacional\\\/#primaryimage\"},\"thumbnailUrl\":\"https:\\\/\\\/www.anovapeneira.gal\\\/wp-content\\\/uploads\\\/2020\\\/10\\\/pablo_g_portas_a_nova_peneira.jpg\",\"datePublished\":\"2020-10-13T10:00:07+00:00\",\"breadcrumb\":{\"@id\":\"https:\\\/\\\/www.anovapeneira.gal\\\/index.php\\\/2020\\\/10\\\/13\\\/o-pazo-de-mos-acolle-o-1o-proxecto-de-arte-postal-internacional\\\/#breadcrumb\"},\"inLanguage\":\"gl-ES\",\"potentialAction\":[{\"@type\":\"ReadAction\",\"target\":[\"https:\\\/\\\/www.anovapeneira.gal\\\/index.php\\\/2020\\\/10\\\/13\\\/o-pazo-de-mos-acolle-o-1o-proxecto-de-arte-postal-internacional\\\/\"]}]},{\"@type\":\"ImageObject\",\"inLanguage\":\"gl-ES\",\"@id\":\"https:\\\/\\\/www.anovapeneira.gal\\\/index.php\\\/2020\\\/10\\\/13\\\/o-pazo-de-mos-acolle-o-1o-proxecto-de-arte-postal-internacional\\\/#primaryimage\",\"url\":\"https:\\\/\\\/www.anovapeneira.gal\\\/wp-content\\\/uploads\\\/2020\\\/10\\\/pablo_g_portas_a_nova_peneira.jpg\",\"contentUrl\":\"https:\\\/\\\/www.anovapeneira.gal\\\/wp-content\\\/uploads\\\/2020\\\/10\\\/pablo_g_portas_a_nova_peneira.jpg\",\"width\":720,\"height\":432,\"caption\":\"Pablo G Portas\"},{\"@type\":\"BreadcrumbList\",\"@id\":\"https:\\\/\\\/www.anovapeneira.gal\\\/index.php\\\/2020\\\/10\\\/13\\\/o-pazo-de-mos-acolle-o-1o-proxecto-de-arte-postal-internacional\\\/#breadcrumb\",\"itemListElement\":[{\"@type\":\"ListItem\",\"position\":1,\"name\":\"Portada\",\"item\":\"https:\\\/\\\/www.anovapeneira.gal\\\/\"},{\"@type\":\"ListItem\",\"position\":2,\"name\":\"O Pazo De Mos Acolle O 1\u00ba Proxecto De Arte Postal Internacional\"}]},{\"@type\":\"WebSite\",\"@id\":\"https:\\\/\\\/www.anovapeneira.gal\\\/#website\",\"url\":\"https:\\\/\\\/www.anovapeneira.gal\\\/\",\"name\":\"\",\"description\":\"Xornal galego de informaci\u00f3n xeral Publicaci\u00f3n mensual de novas de Galicia e en especial dos Concellos da sur da provincia de Pontevedra.\",\"publisher\":{\"@id\":\"https:\\\/\\\/www.anovapeneira.gal\\\/#organization\"},\"potentialAction\":[{\"@type\":\"SearchAction\",\"target\":{\"@type\":\"EntryPoint\",\"urlTemplate\":\"https:\\\/\\\/www.anovapeneira.gal\\\/?s={search_term_string}\"},\"query-input\":{\"@type\":\"PropertyValueSpecification\",\"valueRequired\":true,\"valueName\":\"search_term_string\"}}],\"inLanguage\":\"gl-ES\"},{\"@type\":\"Organization\",\"@id\":\"https:\\\/\\\/www.anovapeneira.gal\\\/#organization\",\"name\":\"A Nova Peneira\",\"url\":\"https:\\\/\\\/www.anovapeneira.gal\\\/\",\"logo\":{\"@type\":\"ImageObject\",\"inLanguage\":\"gl-ES\",\"@id\":\"https:\\\/\\\/www.anovapeneira.gal\\\/#\\\/schema\\\/logo\\\/image\\\/\",\"url\":\"http:\\\/\\\/www.anovapeneira.gal\\\/wp-content\\\/uploads\\\/2019\\\/06\\\/logo_a_nova_peneira_portal_web.png\",\"contentUrl\":\"http:\\\/\\\/www.anovapeneira.gal\\\/wp-content\\\/uploads\\\/2019\\\/06\\\/logo_a_nova_peneira_portal_web.png\",\"width\":300,\"height\":100,\"caption\":\"A Nova Peneira\"},\"image\":{\"@id\":\"https:\\\/\\\/www.anovapeneira.gal\\\/#\\\/schema\\\/logo\\\/image\\\/\"},\"sameAs\":[\"https:\\\/\\\/www.facebook.com\\\/anovapeneira\",\"https:\\\/\\\/x.com\\\/APeneira\"]},{\"@type\":\"Person\",\"@id\":\"https:\\\/\\\/www.anovapeneira.gal\\\/#\\\/schema\\\/person\\\/424dfe65e3070fd8a44d22d2c088762a\",\"name\":\"Tino Lago\",\"image\":{\"@type\":\"ImageObject\",\"inLanguage\":\"gl-ES\",\"@id\":\"https:\\\/\\\/secure.gravatar.com\\\/avatar\\\/b3df6a06e44bab3111583b90f0f33a0379ee5e3d22cbadd232d39f21c30c62be?s=96&d=mm&r=g\",\"url\":\"https:\\\/\\\/secure.gravatar.com\\\/avatar\\\/b3df6a06e44bab3111583b90f0f33a0379ee5e3d22cbadd232d39f21c30c62be?s=96&d=mm&r=g\",\"contentUrl\":\"https:\\\/\\\/secure.gravatar.com\\\/avatar\\\/b3df6a06e44bab3111583b90f0f33a0379ee5e3d22cbadd232d39f21c30c62be?s=96&d=mm&r=g\",\"caption\":\"Tino Lago\"},\"sameAs\":[\"http:\\\/\\\/www.anovapeneira.gal\"],\"url\":\"https:\\\/\\\/www.anovapeneira.gal\\\/index.php\\\/author\\\/director\\\/\"}]}<\/script>\n<!-- \/ Yoast SEO plugin. -->","yoast_head_json":{"title":"O Pazo De Mos Acolle O 1\u00ba Proxecto De Arte Postal Internacional -","robots":{"index":"index","follow":"follow","max-snippet":"max-snippet:-1","max-image-preview":"max-image-preview:large","max-video-preview":"max-video-preview:-1"},"canonical":"https:\/\/www.anovapeneira.gal\/index.php\/2020\/10\/13\/o-pazo-de-mos-acolle-o-1o-proxecto-de-arte-postal-internacional\/","og_locale":"gl_ES","og_type":"article","og_title":"O Pazo De Mos Acolle O 1\u00ba Proxecto De Arte Postal Internacional -","og_description":"O Pazo De Mos Acolle O 1\u00ba Proxecto De Arte Postal Internacional [...]","og_url":"https:\/\/www.anovapeneira.gal\/index.php\/2020\/10\/13\/o-pazo-de-mos-acolle-o-1o-proxecto-de-arte-postal-internacional\/","article_publisher":"https:\/\/www.facebook.com\/anovapeneira","article_published_time":"2020-10-13T10:00:07+00:00","og_image":[{"width":720,"height":432,"url":"https:\/\/www.anovapeneira.gal\/wp-content\/uploads\/2020\/10\/pablo_g_portas_a_nova_peneira.jpg","type":"image\/jpeg"}],"author":"Tino Lago","twitter_card":"summary_large_image","twitter_creator":"@APeneira","twitter_site":"@APeneira","twitter_misc":{"Escrito por":"Tino Lago","Tempo de lectura":"6 minutos"},"schema":{"@context":"https:\/\/schema.org","@graph":[{"@type":"Article","@id":"https:\/\/www.anovapeneira.gal\/index.php\/2020\/10\/13\/o-pazo-de-mos-acolle-o-1o-proxecto-de-arte-postal-internacional\/#article","isPartOf":{"@id":"https:\/\/www.anovapeneira.gal\/index.php\/2020\/10\/13\/o-pazo-de-mos-acolle-o-1o-proxecto-de-arte-postal-internacional\/"},"author":{"name":"Tino Lago","@id":"https:\/\/www.anovapeneira.gal\/#\/schema\/person\/424dfe65e3070fd8a44d22d2c088762a"},"headline":"O Pazo De Mos Acolle O 1\u00ba Proxecto De Arte Postal Internacional","datePublished":"2020-10-13T10:00:07+00:00","mainEntityOfPage":{"@id":"https:\/\/www.anovapeneira.gal\/index.php\/2020\/10\/13\/o-pazo-de-mos-acolle-o-1o-proxecto-de-arte-postal-internacional\/"},"wordCount":1149,"commentCount":0,"publisher":{"@id":"https:\/\/www.anovapeneira.gal\/#organization"},"image":{"@id":"https:\/\/www.anovapeneira.gal\/index.php\/2020\/10\/13\/o-pazo-de-mos-acolle-o-1o-proxecto-de-arte-postal-internacional\/#primaryimage"},"thumbnailUrl":"https:\/\/www.anovapeneira.gal\/wp-content\/uploads\/2020\/10\/pablo_g_portas_a_nova_peneira.jpg","keywords":["Concello de Mos"],"articleSection":["A Louri\u00f1a"],"inLanguage":"gl-ES","potentialAction":[{"@type":"CommentAction","name":"Comment","target":["https:\/\/www.anovapeneira.gal\/index.php\/2020\/10\/13\/o-pazo-de-mos-acolle-o-1o-proxecto-de-arte-postal-internacional\/#respond"]}]},{"@type":"WebPage","@id":"https:\/\/www.anovapeneira.gal\/index.php\/2020\/10\/13\/o-pazo-de-mos-acolle-o-1o-proxecto-de-arte-postal-internacional\/","url":"https:\/\/www.anovapeneira.gal\/index.php\/2020\/10\/13\/o-pazo-de-mos-acolle-o-1o-proxecto-de-arte-postal-internacional\/","name":"O Pazo De Mos Acolle O 1\u00ba Proxecto De Arte Postal Internacional -","isPartOf":{"@id":"https:\/\/www.anovapeneira.gal\/#website"},"primaryImageOfPage":{"@id":"https:\/\/www.anovapeneira.gal\/index.php\/2020\/10\/13\/o-pazo-de-mos-acolle-o-1o-proxecto-de-arte-postal-internacional\/#primaryimage"},"image":{"@id":"https:\/\/www.anovapeneira.gal\/index.php\/2020\/10\/13\/o-pazo-de-mos-acolle-o-1o-proxecto-de-arte-postal-internacional\/#primaryimage"},"thumbnailUrl":"https:\/\/www.anovapeneira.gal\/wp-content\/uploads\/2020\/10\/pablo_g_portas_a_nova_peneira.jpg","datePublished":"2020-10-13T10:00:07+00:00","breadcrumb":{"@id":"https:\/\/www.anovapeneira.gal\/index.php\/2020\/10\/13\/o-pazo-de-mos-acolle-o-1o-proxecto-de-arte-postal-internacional\/#breadcrumb"},"inLanguage":"gl-ES","potentialAction":[{"@type":"ReadAction","target":["https:\/\/www.anovapeneira.gal\/index.php\/2020\/10\/13\/o-pazo-de-mos-acolle-o-1o-proxecto-de-arte-postal-internacional\/"]}]},{"@type":"ImageObject","inLanguage":"gl-ES","@id":"https:\/\/www.anovapeneira.gal\/index.php\/2020\/10\/13\/o-pazo-de-mos-acolle-o-1o-proxecto-de-arte-postal-internacional\/#primaryimage","url":"https:\/\/www.anovapeneira.gal\/wp-content\/uploads\/2020\/10\/pablo_g_portas_a_nova_peneira.jpg","contentUrl":"https:\/\/www.anovapeneira.gal\/wp-content\/uploads\/2020\/10\/pablo_g_portas_a_nova_peneira.jpg","width":720,"height":432,"caption":"Pablo G Portas"},{"@type":"BreadcrumbList","@id":"https:\/\/www.anovapeneira.gal\/index.php\/2020\/10\/13\/o-pazo-de-mos-acolle-o-1o-proxecto-de-arte-postal-internacional\/#breadcrumb","itemListElement":[{"@type":"ListItem","position":1,"name":"Portada","item":"https:\/\/www.anovapeneira.gal\/"},{"@type":"ListItem","position":2,"name":"O Pazo De Mos Acolle O 1\u00ba Proxecto De Arte Postal Internacional"}]},{"@type":"WebSite","@id":"https:\/\/www.anovapeneira.gal\/#website","url":"https:\/\/www.anovapeneira.gal\/","name":"","description":"Xornal galego de informaci\u00f3n xeral Publicaci\u00f3n mensual de novas de Galicia e en especial dos Concellos da sur da provincia de Pontevedra.","publisher":{"@id":"https:\/\/www.anovapeneira.gal\/#organization"},"potentialAction":[{"@type":"SearchAction","target":{"@type":"EntryPoint","urlTemplate":"https:\/\/www.anovapeneira.gal\/?s={search_term_string}"},"query-input":{"@type":"PropertyValueSpecification","valueRequired":true,"valueName":"search_term_string"}}],"inLanguage":"gl-ES"},{"@type":"Organization","@id":"https:\/\/www.anovapeneira.gal\/#organization","name":"A Nova Peneira","url":"https:\/\/www.anovapeneira.gal\/","logo":{"@type":"ImageObject","inLanguage":"gl-ES","@id":"https:\/\/www.anovapeneira.gal\/#\/schema\/logo\/image\/","url":"http:\/\/www.anovapeneira.gal\/wp-content\/uploads\/2019\/06\/logo_a_nova_peneira_portal_web.png","contentUrl":"http:\/\/www.anovapeneira.gal\/wp-content\/uploads\/2019\/06\/logo_a_nova_peneira_portal_web.png","width":300,"height":100,"caption":"A Nova Peneira"},"image":{"@id":"https:\/\/www.anovapeneira.gal\/#\/schema\/logo\/image\/"},"sameAs":["https:\/\/www.facebook.com\/anovapeneira","https:\/\/x.com\/APeneira"]},{"@type":"Person","@id":"https:\/\/www.anovapeneira.gal\/#\/schema\/person\/424dfe65e3070fd8a44d22d2c088762a","name":"Tino Lago","image":{"@type":"ImageObject","inLanguage":"gl-ES","@id":"https:\/\/secure.gravatar.com\/avatar\/b3df6a06e44bab3111583b90f0f33a0379ee5e3d22cbadd232d39f21c30c62be?s=96&d=mm&r=g","url":"https:\/\/secure.gravatar.com\/avatar\/b3df6a06e44bab3111583b90f0f33a0379ee5e3d22cbadd232d39f21c30c62be?s=96&d=mm&r=g","contentUrl":"https:\/\/secure.gravatar.com\/avatar\/b3df6a06e44bab3111583b90f0f33a0379ee5e3d22cbadd232d39f21c30c62be?s=96&d=mm&r=g","caption":"Tino Lago"},"sameAs":["http:\/\/www.anovapeneira.gal"],"url":"https:\/\/www.anovapeneira.gal\/index.php\/author\/director\/"}]}},"jetpack_featured_media_url":"https:\/\/www.anovapeneira.gal\/wp-content\/uploads\/2020\/10\/pablo_g_portas_a_nova_peneira.jpg","_links":{"self":[{"href":"https:\/\/www.anovapeneira.gal\/index.php\/wp-json\/wp\/v2\/posts\/4091","targetHints":{"allow":["GET"]}}],"collection":[{"href":"https:\/\/www.anovapeneira.gal\/index.php\/wp-json\/wp\/v2\/posts"}],"about":[{"href":"https:\/\/www.anovapeneira.gal\/index.php\/wp-json\/wp\/v2\/types\/post"}],"author":[{"embeddable":true,"href":"https:\/\/www.anovapeneira.gal\/index.php\/wp-json\/wp\/v2\/users\/2"}],"replies":[{"embeddable":true,"href":"https:\/\/www.anovapeneira.gal\/index.php\/wp-json\/wp\/v2\/comments?post=4091"}],"version-history":[{"count":3,"href":"https:\/\/www.anovapeneira.gal\/index.php\/wp-json\/wp\/v2\/posts\/4091\/revisions"}],"predecessor-version":[{"id":4096,"href":"https:\/\/www.anovapeneira.gal\/index.php\/wp-json\/wp\/v2\/posts\/4091\/revisions\/4096"}],"wp:featuredmedia":[{"embeddable":true,"href":"https:\/\/www.anovapeneira.gal\/index.php\/wp-json\/wp\/v2\/media\/4095"}],"wp:attachment":[{"href":"https:\/\/www.anovapeneira.gal\/index.php\/wp-json\/wp\/v2\/media?parent=4091"}],"wp:term":[{"taxonomy":"category","embeddable":true,"href":"https:\/\/www.anovapeneira.gal\/index.php\/wp-json\/wp\/v2\/categories?post=4091"},{"taxonomy":"post_tag","embeddable":true,"href":"https:\/\/www.anovapeneira.gal\/index.php\/wp-json\/wp\/v2\/tags?post=4091"}],"curies":[{"name":"wp","href":"https:\/\/api.w.org\/{rel}","templated":true}]}}