{"id":4099,"date":"2020-10-14T12:00:05","date_gmt":"2020-10-14T10:00:05","guid":{"rendered":"http:\/\/www.anovapeneira.gal\/?p=4099"},"modified":"2020-10-12T21:19:24","modified_gmt":"2020-10-12T19:19:24","slug":"ruth-rodriguez-gonzalo","status":"publish","type":"post","link":"https:\/\/www.anovapeneira.gal\/index.php\/2020\/10\/14\/ruth-rodriguez-gonzalo\/","title":{"rendered":"Ruth Rodr\u00edguez Gonzalo"},"content":{"rendered":"\n<h2 class=\"wp-block-heading\"><em><strong>Nova Peneira conversa con Ruht, amiga deste xornal, muller feminista afincada en Redondela, artista e cun futuro prometedor no mundo da Arte.<\/strong><\/em><\/h2>\n\n\n\n<p>\u201c<em><strong>A natureza d\u00e1nolo todo, e tam\u00e9n a arte .\u201d<\/strong><\/em><\/p>\n\n\n\n<p><strong>Ruth, 21 anos do Colectivo Republicano, 21 anos do Festival de T\u00edteres ao que est\u00e1s moi ligada, 21 anos do de Arte e Lixo onde tam\u00e9n fas exposici\u00f3ns, e a 21 obra que se exp\u00f3n no Espazo M\u00ednimo da Disco Tasca. Tes algo co n\u00famero 21?<\/strong><\/p>\n\n\n\n<blockquote class=\"wp-block-quote is-layout-flow wp-block-quote-is-layout-flow\"><p>A verdade \u00e9 que non, que cadrou as\u00ed o 21 como n\u00famero m\u00e1xico. De feito, antes de expo\u00f1er non sab\u00eda que \u00eda ser a obra n\u00famero 21 do Espazo M\u00ednima Expresi\u00f3n, cando me decatei f\u00edxome moit\u00edsima ilusi\u00f3n.<\/p><\/blockquote>\n\n\n\n<p><strong>A obra \u201cQue pasa tronco\u201d \u00e9 a imaxe dun se\u00f1or apoiado nunha barra coa s\u00faa boina na cabeza. O pao \u00e9 de verdade?<\/strong><\/p>\n\n\n\n<blockquote class=\"wp-block-quote is-layout-flow wp-block-quote-is-layout-flow\"><p>Si, si que o \u00e9.<\/p><\/blockquote>\n\n\n\n<p><strong>E que estiveches e esperando por el a que aparecera ou como foi a cousa?<\/strong><\/p>\n\n\n\n<blockquote class=\"wp-block-quote is-layout-flow wp-block-quote-is-layout-flow\"><p>Ese tronco recolleuno un bo amigo, activista desta vila, que se chama Lu\u00eds Borines. T\u00ed\u00f1ao na casa gardado e un d\u00eda que me pasei visitalo vino. Quedei namorada del nese mesmo intre porque xa vin a forma humana natural que ti\u00f1a. Como quedei abraiada con el, Lu\u00eds regaloumo. Cando mo regalou e me decatei que quedaba baleiro o Espazo M\u00ednima Expresi\u00f3n, axi\u00f1a aproveitei a oportunidade porque me parece un tronco marabilloso, a natureza d\u00e1nolo todo, e tam\u00e9n a arte neste caso.<\/p><\/blockquote>\n\n\n\n<p><strong>A xente cando o ve sempre pregunta, \u00e9 un tronco de verdade? Ti es artista pl\u00e1stica, pod\u00edas facelo perfectamente, pero non, \u00e9 as\u00ed por natureza.<\/strong><\/p>\n\n\n\n<blockquote class=\"wp-block-quote is-layout-flow wp-block-quote-is-layout-flow\"><p>Si. Ao principio non sab\u00eda moi ben se intervilo dalgunha maneira, igual pintarlle algunha zona, pero despois decateime que sa\u00edu tan perfecto da natureza que intervilo parec\u00edame como un sacrilexio ou mesmo estragalo. Decid\u00edn deixalo as\u00ed e sinxelamente colocarlle a boina para darlle o seu car\u00e1cter propio e a s\u00faa personalidade.<\/p><\/blockquote>\n\n\n\n<blockquote class=\"wp-block-quote is-layout-flow wp-block-quote-is-layout-flow\"><p>Digamos que interv\u00edn engad\u00edndolle elementos, a barra do bar ou a boina, non lle fixen nada m\u00e1is.<\/p><\/blockquote>\n\n\n\n<p><strong>E agora dime como van os estudos de Belas Artes?<\/strong><\/p>\n\n\n\n<blockquote class=\"wp-block-quote is-layout-flow wp-block-quote-is-layout-flow\"><p>Acado de comezar esta semana no \u00faltimo curso, cuarto, na nova normalidade, esperemos que poida ser presencial, no noso caso \u00e9 moi importante, coa formaci\u00f3n online perdemos moito. Estou moi contenta e con ganas de rematar a carreira para iniciar de a carreira profesional.<\/p><\/blockquote>\n\n\n\n<p><strong>Eu creo que os artistas no confinamento tivestes que desfrutar moito con todo ese tempo non?<\/strong><\/p>\n\n\n\n<blockquote class=\"wp-block-quote is-layout-flow wp-block-quote-is-layout-flow\"><p>Penso que o confinamento foi para todos unha forma de valorar m\u00e1is a cultura. Todos escoitabamos m\u00fasica, lemos libros&#8230; No caso dos artistas m\u00e1is, 24 horas encerrados e co reto de non poder sa\u00edr a mercar materiais, t\u00ed\u00f1amos que aproveitar o que t\u00ed\u00f1amos na casa. Eu que son moi fan dos refugallos foi unha boa oportunidade para deixar a casa limpa de chambonadas, risas&#8230;.<\/p><\/blockquote>\n\n\n\n<p><strong>Que plans tes para cando remates a carreira?<\/strong><\/p>\n\n\n\n<blockquote class=\"wp-block-quote is-layout-flow wp-block-quote-is-layout-flow\"><p>Non o te\u00f1o moi claro. Quero rematar, ver en que situaci\u00f3n estamos como sociedade, a mi\u00f1a situaci\u00f3n persoal tam\u00e9n, e logo xa veremos.<\/p><\/blockquote>\n\n\n\n<p><strong>Despois de expo\u00f1er a t\u00faa obra en solitario por toda a vila de Redondela, non o queres seguir facendo?<\/strong><\/p>\n\n\n\n<blockquote class=\"wp-block-quote is-layout-flow wp-block-quote-is-layout-flow\"><p>Si claro, encantar\u00edame. Eu xa son case redondel\u00e1 e gustar\u00edame facer aqu\u00ed a mi\u00f1a exposici\u00f3n como artista profesional xa, este \u00e9 un pobo que sempre me deu, desde o principio moit\u00edsimas oportunidades. Isto ser\u00eda unha maneira de devolver todas esas oportunidades, gustar\u00eda poder expor no Multiusos.<\/p><\/blockquote>\n\n\n\n<p><strong>E tes esa obra feita para expor?<\/strong><\/p>\n\n\n\n<blockquote class=\"wp-block-quote is-layout-flow wp-block-quote-is-layout-flow\"><p>Agora mesmo non. Elaborar obra para facer unha exposici\u00f3n enteira leva moito tempo. Compaxinar cos estudios non che deixa moita marxe, pero en canto remate, un dos meus plans \u00e9 ese.<\/p><\/blockquote>\n\n\n\n<p><strong>Esta ano o Colectivo Republicano \u00eda celebrar o seu 21 aniversario dedic\u00e1ndollo \u00e1s mulleres de Redondela, pero aprazouse para o ano que ben. Vaise homenaxear \u00e1s mulleres do franquismo, entre elas as madri\u00f1as de San Sim\u00f3n. Eu f\u00e1goche unha proposta aqu\u00ed entre n\u00f3s, comprom\u00e9teste a montar unha exposici\u00f3n para o mes de abril do 2021 sobre a muller? Queremos que os mozos saiban a verdadeira historia, e entre a t\u00faa exposici\u00f3n m\u00e1is a de \u201cRexas\u201d da Deputaci\u00f3n de Pontevedra quedar\u00eda unha cousa bonita.<\/strong><\/p>\n\n\n\n<blockquote class=\"wp-block-quote is-layout-flow wp-block-quote-is-layout-flow\"><p>Siii. O feminismo \u00e9 un tema moi importante para min e te\u00f1o algunha peza que fai a reconversi\u00f3n do feminismo desde o inicio dos tempos, xa estivo exposta na vila, seguir\u00eda creando nesa din\u00e1mica ata montar unha exposici\u00f3n completa claro.<\/p><\/blockquote>\n\n\n\n<p><strong>Ent\u00f3n podemos contar en que cando remates esteas con ganas de facer cousas?<\/strong><\/p>\n\n\n\n<blockquote class=\"wp-block-quote is-layout-flow wp-block-quote-is-layout-flow\"><p>Si claro, agora xa te\u00f1o a vosa exposici\u00f3n, xa te\u00f1o traballo, quedo comprometida. Logo non te\u00f1o pensado facer m\u00e1ster, \u00e9 algo do que estou un pouco en contra do mundo \u201ctitul\u00edtico\u201d no que estamos encadeados. Non te\u00f1o enchufismos e non mo van dar gratis&#8230;<\/p><\/blockquote>\n\n\n\n<blockquote class=\"wp-block-quote is-layout-flow wp-block-quote-is-layout-flow\"><p>O meu plan \u00e9 producir a mi\u00f1a propia obra, sei que \u00e9 dif\u00edcil pero se non o intentas, non o consegues.<\/p><\/blockquote>\n\n\n\n<blockquote class=\"wp-block-quote is-layout-flow wp-block-quote-is-layout-flow\"><p>Somos moitos artistas e \u00e9 complicado facerse un oco, sobre todo sendo muller. A arte sempre foi moi machista, agora imos avanzando nese tema pero queda moito. Seguimos tendo que traballar nese sentido.<\/p><\/blockquote>\n\n\n\n<p><strong>Rosal\u00eda de Castro era unha artista, eu considero que todos e todas que fan cultura son artistas, Olga Nogueira. Hai moita sente que considera que escribir non \u00e9 arte pero si o \u00e9. Se es bo, deber\u00eda dar igual que sexas home ou muller non?<\/strong><\/p>\n\n\n\n<blockquote class=\"wp-block-quote is-layout-flow wp-block-quote-is-layout-flow\"><p>Si que fomos progresando e avanzando gracias \u00e1 loita feminista neste tema. Pero a d\u00eda hoxe a\u00ednda \u00e9 moi complicado que unha muller chegue a altos estamentos da arte, falo de dirixir un museo, por exemplo. Hai unha serie de cargos que a muller a\u00ednda non ten aceso, a\u00ednda \u00e9 un mundo de homes e queda cami\u00f1o por percorrer.<\/p><\/blockquote>\n\n\n\n<p><strong>Pero a Baronesa Thyssen dirixe un museo?<\/strong><\/p>\n\n\n\n<blockquote class=\"wp-block-quote is-layout-flow wp-block-quote-is-layout-flow\"><p>Si, pero iso \u00e9 porque os cartos mandan no mundo. Eu estou falando nunha igualdade real na que non haxa clase social ou cartos polo medio.<\/p><\/blockquote>\n\n\n\n<blockquote class=\"wp-block-quote is-layout-flow wp-block-quote-is-layout-flow\"><p>Estou comprometida con esta loita e como artista sempre vou contribu\u00edr a conseguir esta igualdade.<\/p><\/blockquote>\n","protected":false},"excerpt":{"rendered":"<div class=\"mh-excerpt\"><p>Nova Peneira conversa con Ruht, amiga deste xornal, muller feminista afincada en Redondela, artista e cun futuro prometedor no mundo da Arte. <a class=\"mh-excerpt-more\" href=\"https:\/\/www.anovapeneira.gal\/index.php\/2020\/10\/14\/ruth-rodriguez-gonzalo\/\" title=\"Ruth Rodr\u00edguez Gonzalo\">[&#8230;]<\/a><\/p>\n<\/div>","protected":false},"author":6,"featured_media":4100,"comment_status":"open","ping_status":"open","sticky":false,"template":"","format":"standard","meta":{"_exactmetrics_skip_tracking":false,"_exactmetrics_sitenote_active":false,"_exactmetrics_sitenote_note":"","_exactmetrics_sitenote_category":0,"footnotes":""},"categories":[270],"tags":[171],"class_list":{"0":"post-4099","1":"post","2":"type-post","3":"status-publish","4":"format-standard","5":"has-post-thumbnail","7":"category-redondela-entrevistas","8":"tag-concello-de-redondela"},"yoast_head":"<!-- This site is optimized with the Yoast SEO plugin v27.4 - https:\/\/yoast.com\/product\/yoast-seo-wordpress\/ -->\n<title>Ruth Rodr\u00edguez Gonzalo -<\/title>\n<meta name=\"robots\" content=\"index, follow, max-snippet:-1, max-image-preview:large, max-video-preview:-1\" \/>\n<link rel=\"canonical\" href=\"https:\/\/www.anovapeneira.gal\/index.php\/2020\/10\/14\/ruth-rodriguez-gonzalo\/\" \/>\n<meta property=\"og:locale\" content=\"gl_ES\" \/>\n<meta property=\"og:type\" content=\"article\" \/>\n<meta property=\"og:title\" content=\"Ruth Rodr\u00edguez Gonzalo -\" \/>\n<meta property=\"og:description\" content=\"Nova Peneira conversa con Ruht, amiga deste xornal, muller feminista afincada en Redondela, artista e cun futuro prometedor no mundo da Arte. [...]\" \/>\n<meta property=\"og:url\" content=\"https:\/\/www.anovapeneira.gal\/index.php\/2020\/10\/14\/ruth-rodriguez-gonzalo\/\" \/>\n<meta property=\"article:publisher\" content=\"https:\/\/www.facebook.com\/anovapeneira\" \/>\n<meta property=\"article:published_time\" content=\"2020-10-14T10:00:05+00:00\" \/>\n<meta property=\"og:image\" content=\"https:\/\/www.anovapeneira.gal\/wp-content\/uploads\/2020\/10\/Ruth_Rodriguez_Gonzalo.jpg\" \/>\n\t<meta property=\"og:image:width\" content=\"720\" \/>\n\t<meta property=\"og:image:height\" content=\"432\" \/>\n\t<meta property=\"og:image:type\" content=\"image\/jpeg\" \/>\n<meta name=\"author\" content=\"Marcos Santos\" \/>\n<meta name=\"twitter:card\" content=\"summary_large_image\" \/>\n<meta name=\"twitter:creator\" content=\"@APeneira\" \/>\n<meta name=\"twitter:site\" content=\"@APeneira\" \/>\n<meta name=\"twitter:label1\" content=\"Escrito por\" \/>\n\t<meta name=\"twitter:data1\" content=\"Marcos Santos\" \/>\n\t<meta name=\"twitter:label2\" content=\"Tempo de lectura\" \/>\n\t<meta name=\"twitter:data2\" content=\"5 minutos\" \/>\n<script type=\"application\/ld+json\" class=\"yoast-schema-graph\">{\"@context\":\"https:\\\/\\\/schema.org\",\"@graph\":[{\"@type\":\"Article\",\"@id\":\"https:\\\/\\\/www.anovapeneira.gal\\\/index.php\\\/2020\\\/10\\\/14\\\/ruth-rodriguez-gonzalo\\\/#article\",\"isPartOf\":{\"@id\":\"https:\\\/\\\/www.anovapeneira.gal\\\/index.php\\\/2020\\\/10\\\/14\\\/ruth-rodriguez-gonzalo\\\/\"},\"author\":{\"name\":\"Marcos Santos\",\"@id\":\"https:\\\/\\\/www.anovapeneira.gal\\\/#\\\/schema\\\/person\\\/d9d84823564720e7593293bab054e52d\"},\"headline\":\"Ruth Rodr\u00edguez Gonzalo\",\"datePublished\":\"2020-10-14T10:00:05+00:00\",\"mainEntityOfPage\":{\"@id\":\"https:\\\/\\\/www.anovapeneira.gal\\\/index.php\\\/2020\\\/10\\\/14\\\/ruth-rodriguez-gonzalo\\\/\"},\"wordCount\":1057,\"commentCount\":0,\"publisher\":{\"@id\":\"https:\\\/\\\/www.anovapeneira.gal\\\/#organization\"},\"image\":{\"@id\":\"https:\\\/\\\/www.anovapeneira.gal\\\/index.php\\\/2020\\\/10\\\/14\\\/ruth-rodriguez-gonzalo\\\/#primaryimage\"},\"thumbnailUrl\":\"https:\\\/\\\/www.anovapeneira.gal\\\/wp-content\\\/uploads\\\/2020\\\/10\\\/Ruth_Rodriguez_Gonzalo.jpg\",\"keywords\":[\"Concello de Redondela\"],\"articleSection\":[\"Redondela\"],\"inLanguage\":\"gl-ES\",\"potentialAction\":[{\"@type\":\"CommentAction\",\"name\":\"Comment\",\"target\":[\"https:\\\/\\\/www.anovapeneira.gal\\\/index.php\\\/2020\\\/10\\\/14\\\/ruth-rodriguez-gonzalo\\\/#respond\"]}]},{\"@type\":\"WebPage\",\"@id\":\"https:\\\/\\\/www.anovapeneira.gal\\\/index.php\\\/2020\\\/10\\\/14\\\/ruth-rodriguez-gonzalo\\\/\",\"url\":\"https:\\\/\\\/www.anovapeneira.gal\\\/index.php\\\/2020\\\/10\\\/14\\\/ruth-rodriguez-gonzalo\\\/\",\"name\":\"Ruth Rodr\u00edguez Gonzalo -\",\"isPartOf\":{\"@id\":\"https:\\\/\\\/www.anovapeneira.gal\\\/#website\"},\"primaryImageOfPage\":{\"@id\":\"https:\\\/\\\/www.anovapeneira.gal\\\/index.php\\\/2020\\\/10\\\/14\\\/ruth-rodriguez-gonzalo\\\/#primaryimage\"},\"image\":{\"@id\":\"https:\\\/\\\/www.anovapeneira.gal\\\/index.php\\\/2020\\\/10\\\/14\\\/ruth-rodriguez-gonzalo\\\/#primaryimage\"},\"thumbnailUrl\":\"https:\\\/\\\/www.anovapeneira.gal\\\/wp-content\\\/uploads\\\/2020\\\/10\\\/Ruth_Rodriguez_Gonzalo.jpg\",\"datePublished\":\"2020-10-14T10:00:05+00:00\",\"breadcrumb\":{\"@id\":\"https:\\\/\\\/www.anovapeneira.gal\\\/index.php\\\/2020\\\/10\\\/14\\\/ruth-rodriguez-gonzalo\\\/#breadcrumb\"},\"inLanguage\":\"gl-ES\",\"potentialAction\":[{\"@type\":\"ReadAction\",\"target\":[\"https:\\\/\\\/www.anovapeneira.gal\\\/index.php\\\/2020\\\/10\\\/14\\\/ruth-rodriguez-gonzalo\\\/\"]}]},{\"@type\":\"ImageObject\",\"inLanguage\":\"gl-ES\",\"@id\":\"https:\\\/\\\/www.anovapeneira.gal\\\/index.php\\\/2020\\\/10\\\/14\\\/ruth-rodriguez-gonzalo\\\/#primaryimage\",\"url\":\"https:\\\/\\\/www.anovapeneira.gal\\\/wp-content\\\/uploads\\\/2020\\\/10\\\/Ruth_Rodriguez_Gonzalo.jpg\",\"contentUrl\":\"https:\\\/\\\/www.anovapeneira.gal\\\/wp-content\\\/uploads\\\/2020\\\/10\\\/Ruth_Rodriguez_Gonzalo.jpg\",\"width\":720,\"height\":432,\"caption\":\"muller feminista afincada en Redondela, artista e cun futuro prometedor no mundo da Arte.\"},{\"@type\":\"BreadcrumbList\",\"@id\":\"https:\\\/\\\/www.anovapeneira.gal\\\/index.php\\\/2020\\\/10\\\/14\\\/ruth-rodriguez-gonzalo\\\/#breadcrumb\",\"itemListElement\":[{\"@type\":\"ListItem\",\"position\":1,\"name\":\"Portada\",\"item\":\"https:\\\/\\\/www.anovapeneira.gal\\\/\"},{\"@type\":\"ListItem\",\"position\":2,\"name\":\"Ruth Rodr\u00edguez Gonzalo\"}]},{\"@type\":\"WebSite\",\"@id\":\"https:\\\/\\\/www.anovapeneira.gal\\\/#website\",\"url\":\"https:\\\/\\\/www.anovapeneira.gal\\\/\",\"name\":\"\",\"description\":\"Xornal galego de informaci\u00f3n xeral Publicaci\u00f3n mensual de novas de Galicia e en especial dos Concellos da sur da provincia de Pontevedra.\",\"publisher\":{\"@id\":\"https:\\\/\\\/www.anovapeneira.gal\\\/#organization\"},\"potentialAction\":[{\"@type\":\"SearchAction\",\"target\":{\"@type\":\"EntryPoint\",\"urlTemplate\":\"https:\\\/\\\/www.anovapeneira.gal\\\/?s={search_term_string}\"},\"query-input\":{\"@type\":\"PropertyValueSpecification\",\"valueRequired\":true,\"valueName\":\"search_term_string\"}}],\"inLanguage\":\"gl-ES\"},{\"@type\":\"Organization\",\"@id\":\"https:\\\/\\\/www.anovapeneira.gal\\\/#organization\",\"name\":\"A Nova Peneira\",\"url\":\"https:\\\/\\\/www.anovapeneira.gal\\\/\",\"logo\":{\"@type\":\"ImageObject\",\"inLanguage\":\"gl-ES\",\"@id\":\"https:\\\/\\\/www.anovapeneira.gal\\\/#\\\/schema\\\/logo\\\/image\\\/\",\"url\":\"http:\\\/\\\/www.anovapeneira.gal\\\/wp-content\\\/uploads\\\/2019\\\/06\\\/logo_a_nova_peneira_portal_web.png\",\"contentUrl\":\"http:\\\/\\\/www.anovapeneira.gal\\\/wp-content\\\/uploads\\\/2019\\\/06\\\/logo_a_nova_peneira_portal_web.png\",\"width\":300,\"height\":100,\"caption\":\"A Nova Peneira\"},\"image\":{\"@id\":\"https:\\\/\\\/www.anovapeneira.gal\\\/#\\\/schema\\\/logo\\\/image\\\/\"},\"sameAs\":[\"https:\\\/\\\/www.facebook.com\\\/anovapeneira\",\"https:\\\/\\\/x.com\\\/APeneira\"]},{\"@type\":\"Person\",\"@id\":\"https:\\\/\\\/www.anovapeneira.gal\\\/#\\\/schema\\\/person\\\/d9d84823564720e7593293bab054e52d\",\"name\":\"Marcos Santos\",\"image\":{\"@type\":\"ImageObject\",\"inLanguage\":\"gl-ES\",\"@id\":\"https:\\\/\\\/secure.gravatar.com\\\/avatar\\\/0e8017099a7a47c0a9d2275e865fe326484561eb3d70649069e4b8e61a8d2e8c?s=96&d=mm&r=g\",\"url\":\"https:\\\/\\\/secure.gravatar.com\\\/avatar\\\/0e8017099a7a47c0a9d2275e865fe326484561eb3d70649069e4b8e61a8d2e8c?s=96&d=mm&r=g\",\"contentUrl\":\"https:\\\/\\\/secure.gravatar.com\\\/avatar\\\/0e8017099a7a47c0a9d2275e865fe326484561eb3d70649069e4b8e61a8d2e8c?s=96&d=mm&r=g\",\"caption\":\"Marcos Santos\"},\"sameAs\":[\"http:\\\/\\\/anovapeneira.gal\"],\"url\":\"https:\\\/\\\/www.anovapeneira.gal\\\/index.php\\\/author\\\/marcos-santos\\\/\"}]}<\/script>\n<!-- \/ Yoast SEO plugin. -->","yoast_head_json":{"title":"Ruth Rodr\u00edguez Gonzalo -","robots":{"index":"index","follow":"follow","max-snippet":"max-snippet:-1","max-image-preview":"max-image-preview:large","max-video-preview":"max-video-preview:-1"},"canonical":"https:\/\/www.anovapeneira.gal\/index.php\/2020\/10\/14\/ruth-rodriguez-gonzalo\/","og_locale":"gl_ES","og_type":"article","og_title":"Ruth Rodr\u00edguez Gonzalo -","og_description":"Nova Peneira conversa con Ruht, amiga deste xornal, muller feminista afincada en Redondela, artista e cun futuro prometedor no mundo da Arte. [...]","og_url":"https:\/\/www.anovapeneira.gal\/index.php\/2020\/10\/14\/ruth-rodriguez-gonzalo\/","article_publisher":"https:\/\/www.facebook.com\/anovapeneira","article_published_time":"2020-10-14T10:00:05+00:00","og_image":[{"width":720,"height":432,"url":"https:\/\/www.anovapeneira.gal\/wp-content\/uploads\/2020\/10\/Ruth_Rodriguez_Gonzalo.jpg","type":"image\/jpeg"}],"author":"Marcos Santos","twitter_card":"summary_large_image","twitter_creator":"@APeneira","twitter_site":"@APeneira","twitter_misc":{"Escrito por":"Marcos Santos","Tempo de lectura":"5 minutos"},"schema":{"@context":"https:\/\/schema.org","@graph":[{"@type":"Article","@id":"https:\/\/www.anovapeneira.gal\/index.php\/2020\/10\/14\/ruth-rodriguez-gonzalo\/#article","isPartOf":{"@id":"https:\/\/www.anovapeneira.gal\/index.php\/2020\/10\/14\/ruth-rodriguez-gonzalo\/"},"author":{"name":"Marcos Santos","@id":"https:\/\/www.anovapeneira.gal\/#\/schema\/person\/d9d84823564720e7593293bab054e52d"},"headline":"Ruth Rodr\u00edguez Gonzalo","datePublished":"2020-10-14T10:00:05+00:00","mainEntityOfPage":{"@id":"https:\/\/www.anovapeneira.gal\/index.php\/2020\/10\/14\/ruth-rodriguez-gonzalo\/"},"wordCount":1057,"commentCount":0,"publisher":{"@id":"https:\/\/www.anovapeneira.gal\/#organization"},"image":{"@id":"https:\/\/www.anovapeneira.gal\/index.php\/2020\/10\/14\/ruth-rodriguez-gonzalo\/#primaryimage"},"thumbnailUrl":"https:\/\/www.anovapeneira.gal\/wp-content\/uploads\/2020\/10\/Ruth_Rodriguez_Gonzalo.jpg","keywords":["Concello de Redondela"],"articleSection":["Redondela"],"inLanguage":"gl-ES","potentialAction":[{"@type":"CommentAction","name":"Comment","target":["https:\/\/www.anovapeneira.gal\/index.php\/2020\/10\/14\/ruth-rodriguez-gonzalo\/#respond"]}]},{"@type":"WebPage","@id":"https:\/\/www.anovapeneira.gal\/index.php\/2020\/10\/14\/ruth-rodriguez-gonzalo\/","url":"https:\/\/www.anovapeneira.gal\/index.php\/2020\/10\/14\/ruth-rodriguez-gonzalo\/","name":"Ruth Rodr\u00edguez Gonzalo -","isPartOf":{"@id":"https:\/\/www.anovapeneira.gal\/#website"},"primaryImageOfPage":{"@id":"https:\/\/www.anovapeneira.gal\/index.php\/2020\/10\/14\/ruth-rodriguez-gonzalo\/#primaryimage"},"image":{"@id":"https:\/\/www.anovapeneira.gal\/index.php\/2020\/10\/14\/ruth-rodriguez-gonzalo\/#primaryimage"},"thumbnailUrl":"https:\/\/www.anovapeneira.gal\/wp-content\/uploads\/2020\/10\/Ruth_Rodriguez_Gonzalo.jpg","datePublished":"2020-10-14T10:00:05+00:00","breadcrumb":{"@id":"https:\/\/www.anovapeneira.gal\/index.php\/2020\/10\/14\/ruth-rodriguez-gonzalo\/#breadcrumb"},"inLanguage":"gl-ES","potentialAction":[{"@type":"ReadAction","target":["https:\/\/www.anovapeneira.gal\/index.php\/2020\/10\/14\/ruth-rodriguez-gonzalo\/"]}]},{"@type":"ImageObject","inLanguage":"gl-ES","@id":"https:\/\/www.anovapeneira.gal\/index.php\/2020\/10\/14\/ruth-rodriguez-gonzalo\/#primaryimage","url":"https:\/\/www.anovapeneira.gal\/wp-content\/uploads\/2020\/10\/Ruth_Rodriguez_Gonzalo.jpg","contentUrl":"https:\/\/www.anovapeneira.gal\/wp-content\/uploads\/2020\/10\/Ruth_Rodriguez_Gonzalo.jpg","width":720,"height":432,"caption":"muller feminista afincada en Redondela, artista e cun futuro prometedor no mundo da Arte."},{"@type":"BreadcrumbList","@id":"https:\/\/www.anovapeneira.gal\/index.php\/2020\/10\/14\/ruth-rodriguez-gonzalo\/#breadcrumb","itemListElement":[{"@type":"ListItem","position":1,"name":"Portada","item":"https:\/\/www.anovapeneira.gal\/"},{"@type":"ListItem","position":2,"name":"Ruth Rodr\u00edguez Gonzalo"}]},{"@type":"WebSite","@id":"https:\/\/www.anovapeneira.gal\/#website","url":"https:\/\/www.anovapeneira.gal\/","name":"","description":"Xornal galego de informaci\u00f3n xeral Publicaci\u00f3n mensual de novas de Galicia e en especial dos Concellos da sur da provincia de Pontevedra.","publisher":{"@id":"https:\/\/www.anovapeneira.gal\/#organization"},"potentialAction":[{"@type":"SearchAction","target":{"@type":"EntryPoint","urlTemplate":"https:\/\/www.anovapeneira.gal\/?s={search_term_string}"},"query-input":{"@type":"PropertyValueSpecification","valueRequired":true,"valueName":"search_term_string"}}],"inLanguage":"gl-ES"},{"@type":"Organization","@id":"https:\/\/www.anovapeneira.gal\/#organization","name":"A Nova Peneira","url":"https:\/\/www.anovapeneira.gal\/","logo":{"@type":"ImageObject","inLanguage":"gl-ES","@id":"https:\/\/www.anovapeneira.gal\/#\/schema\/logo\/image\/","url":"http:\/\/www.anovapeneira.gal\/wp-content\/uploads\/2019\/06\/logo_a_nova_peneira_portal_web.png","contentUrl":"http:\/\/www.anovapeneira.gal\/wp-content\/uploads\/2019\/06\/logo_a_nova_peneira_portal_web.png","width":300,"height":100,"caption":"A Nova Peneira"},"image":{"@id":"https:\/\/www.anovapeneira.gal\/#\/schema\/logo\/image\/"},"sameAs":["https:\/\/www.facebook.com\/anovapeneira","https:\/\/x.com\/APeneira"]},{"@type":"Person","@id":"https:\/\/www.anovapeneira.gal\/#\/schema\/person\/d9d84823564720e7593293bab054e52d","name":"Marcos Santos","image":{"@type":"ImageObject","inLanguage":"gl-ES","@id":"https:\/\/secure.gravatar.com\/avatar\/0e8017099a7a47c0a9d2275e865fe326484561eb3d70649069e4b8e61a8d2e8c?s=96&d=mm&r=g","url":"https:\/\/secure.gravatar.com\/avatar\/0e8017099a7a47c0a9d2275e865fe326484561eb3d70649069e4b8e61a8d2e8c?s=96&d=mm&r=g","contentUrl":"https:\/\/secure.gravatar.com\/avatar\/0e8017099a7a47c0a9d2275e865fe326484561eb3d70649069e4b8e61a8d2e8c?s=96&d=mm&r=g","caption":"Marcos Santos"},"sameAs":["http:\/\/anovapeneira.gal"],"url":"https:\/\/www.anovapeneira.gal\/index.php\/author\/marcos-santos\/"}]}},"jetpack_featured_media_url":"https:\/\/www.anovapeneira.gal\/wp-content\/uploads\/2020\/10\/Ruth_Rodriguez_Gonzalo.jpg","_links":{"self":[{"href":"https:\/\/www.anovapeneira.gal\/index.php\/wp-json\/wp\/v2\/posts\/4099","targetHints":{"allow":["GET"]}}],"collection":[{"href":"https:\/\/www.anovapeneira.gal\/index.php\/wp-json\/wp\/v2\/posts"}],"about":[{"href":"https:\/\/www.anovapeneira.gal\/index.php\/wp-json\/wp\/v2\/types\/post"}],"author":[{"embeddable":true,"href":"https:\/\/www.anovapeneira.gal\/index.php\/wp-json\/wp\/v2\/users\/6"}],"replies":[{"embeddable":true,"href":"https:\/\/www.anovapeneira.gal\/index.php\/wp-json\/wp\/v2\/comments?post=4099"}],"version-history":[{"count":1,"href":"https:\/\/www.anovapeneira.gal\/index.php\/wp-json\/wp\/v2\/posts\/4099\/revisions"}],"predecessor-version":[{"id":4101,"href":"https:\/\/www.anovapeneira.gal\/index.php\/wp-json\/wp\/v2\/posts\/4099\/revisions\/4101"}],"wp:featuredmedia":[{"embeddable":true,"href":"https:\/\/www.anovapeneira.gal\/index.php\/wp-json\/wp\/v2\/media\/4100"}],"wp:attachment":[{"href":"https:\/\/www.anovapeneira.gal\/index.php\/wp-json\/wp\/v2\/media?parent=4099"}],"wp:term":[{"taxonomy":"category","embeddable":true,"href":"https:\/\/www.anovapeneira.gal\/index.php\/wp-json\/wp\/v2\/categories?post=4099"},{"taxonomy":"post_tag","embeddable":true,"href":"https:\/\/www.anovapeneira.gal\/index.php\/wp-json\/wp\/v2\/tags?post=4099"}],"curies":[{"name":"wp","href":"https:\/\/api.w.org\/{rel}","templated":true}]}}