{"id":4102,"date":"2020-10-15T10:00:54","date_gmt":"2020-10-15T08:00:54","guid":{"rendered":"http:\/\/www.anovapeneira.gal\/?p=4102"},"modified":"2020-10-14T16:00:13","modified_gmt":"2020-10-14T14:00:13","slug":"a-exposicion-fotografica-do-curso-namorate-de-ti-pode-verse-no-mercado-municipal-ate-final-de-mes","status":"publish","type":"post","link":"https:\/\/www.anovapeneira.gal\/index.php\/2020\/10\/15\/a-exposicion-fotografica-do-curso-namorate-de-ti-pode-verse-no-mercado-municipal-ate-final-de-mes\/","title":{"rendered":"A exposici\u00f3n fotogr\u00e1fica do curso \u201cNam\u00f3rate de Ti\u201d pode verse no mercado municipal at\u00e9 final de mes"},"content":{"rendered":"\n<h2 class=\"wp-block-heading\"><strong>O obxectivo do proxecto, promovido pola Asociaci\u00f3n de Desenvolvemento EuRural, foi potenciar a autoestima a trav\u00e9s da fotograf\u00eda<\/strong><\/h2>\n\n\n\n<p><strong>Tomi\u00f1o, 1 de outubro de 2020.<\/strong><\/p>\n\n\n\n<p>O Mercado Municipal de Tomi\u00f1o acolle a partir de hoxe e at\u00e9 final de mes, unha exposici\u00f3n fotogr\u00e1fica resultante do curso \u201cNam\u00f3rate de ti\u201d organizada pola Asociaci\u00f3n de Desenvolvemento Galicia Suroeste <em>Eu Rural, <\/em>en Tomi\u00f1o.<\/p>\n\n\n\n<p>A mostra \u00e9 o resultado do traballo realizado polas mulleres participantes no proxecto \u201cNam\u00f3rate de Ti. Autoestima e empoderamento a trav\u00e9s da fotograf\u00eda\u201d, desenvolvido&nbsp;o ano pasado&nbsp;no Centro Goian\u00e9s, no que mulleres de diversas idades, traballaron intensamente cuesti\u00f3ns relacionadas coa autoestima, o autoconcepto, a vida consciente, a cooperaci\u00f3n, a desinhibici\u00f3n e o empoderamento, entre outros.<\/p>\n\n\n\n<p>O obxectivo do proxecto, promovido polo Concello de Tomi\u00f1o e <em>Eu Rural<\/em>, foi mellorar a calidade de vida das participantes, potenciando as s\u00faas calidades e capacidades, e facendo fincap\u00e9 na materia da autoestima feminina. Valorarse m\u00e1is, co\u00f1ecerse mellor, comprenderse e aceptarse. Todo isto \u00e9 o que aprenderon as usuarias do curso, dirixido principalmente a mulleres que buscaban mellorar a s\u00faa autoestima utilizando a fotograf\u00eda como ferramenta.<\/p>\n\n\n\n<p>Durante varias xornadas, d\u00faas orientadoras ensinaron \u00e1s participantes a quererse a apreciarse; aumentar o seu amor propio e xestionar e controlar o estr\u00e9s, a trav\u00e9s da expresi\u00f3n corporal, verbal e escrita; din\u00e1micas de grupo, v\u00eddeos e sesi\u00f3ns fotogr\u00e1ficas, con posta en escena das propias usuarias.<\/p>\n\n\n\n<p>Agora o p\u00fablico poder\u00e1 ver (no primeiro andar do mercado) unha selecci\u00f3n das fotograf\u00edas realizadas durante as sesi\u00f3ns da primeira edici\u00f3n do taller, que contou co&nbsp;financiamento do <em>Ministerio de la Presidencia, Relaciones con las Cortes e Igualdad<\/em>, e da Xunta de Galicia.<\/p>\n\n\n\n<p>A exposici\u00f3n chega ao mercado municipal precedida polo \u00e9xito obtido no Centro Goian\u00e9s ao remate do curso.<\/p>\n\n\n\n<p>Asemade, este s\u00e1bado, 3 de outubro, as autoras das fotos reuniranse no mercado para gravar un documental que est\u00e1 elaborando <em>Eurural<\/em>, recollendo a experiencia das mulleres e que incluir\u00e1 tam\u00e9n a das participantes da edici\u00f3n deste ano, que se est\u00e1 a celebrar en Mos.<\/p>\n","protected":false},"excerpt":{"rendered":"<div class=\"mh-excerpt\"><p>O obxectivo do proxecto, promovido pola Asociaci\u00f3n de Desenvolvemento EuRural, foi potenciar a autoestima a trav\u00e9s da fotograf\u00eda <a class=\"mh-excerpt-more\" href=\"https:\/\/www.anovapeneira.gal\/index.php\/2020\/10\/15\/a-exposicion-fotografica-do-curso-namorate-de-ti-pode-verse-no-mercado-municipal-ate-final-de-mes\/\" title=\"A exposici\u00f3n fotogr\u00e1fica do curso \u201cNam\u00f3rate de Ti\u201d pode verse no mercado municipal at\u00e9 final de mes\">[&#8230;]<\/a><\/p>\n<\/div>","protected":false},"author":3,"featured_media":4103,"comment_status":"open","ping_status":"open","sticky":false,"template":"","format":"standard","meta":{"_exactmetrics_skip_tracking":false,"_exactmetrics_sitenote_active":false,"_exactmetrics_sitenote_note":"","_exactmetrics_sitenote_category":0,"footnotes":""},"categories":[21],"tags":[81],"class_list":{"0":"post-4102","1":"post","2":"type-post","3":"status-publish","4":"format-standard","5":"has-post-thumbnail","7":"category-baixo-mino","8":"tag-concello-de-tomino"},"yoast_head":"<!-- This site is optimized with the Yoast SEO plugin v27.4 - https:\/\/yoast.com\/product\/yoast-seo-wordpress\/ -->\n<title>A exposici\u00f3n fotogr\u00e1fica do curso \u201cNam\u00f3rate de Ti\u201d pode verse no mercado municipal at\u00e9 final de mes -<\/title>\n<meta name=\"robots\" content=\"index, follow, max-snippet:-1, max-image-preview:large, max-video-preview:-1\" \/>\n<link rel=\"canonical\" href=\"https:\/\/www.anovapeneira.gal\/index.php\/2020\/10\/15\/a-exposicion-fotografica-do-curso-namorate-de-ti-pode-verse-no-mercado-municipal-ate-final-de-mes\/\" \/>\n<meta property=\"og:locale\" content=\"gl_ES\" \/>\n<meta property=\"og:type\" content=\"article\" \/>\n<meta property=\"og:title\" content=\"A exposici\u00f3n fotogr\u00e1fica do curso \u201cNam\u00f3rate de Ti\u201d pode verse no mercado municipal at\u00e9 final de mes -\" \/>\n<meta property=\"og:description\" content=\"O obxectivo do proxecto, promovido pola Asociaci\u00f3n de Desenvolvemento EuRural, foi potenciar a autoestima a trav\u00e9s da fotograf\u00eda [...]\" \/>\n<meta property=\"og:url\" content=\"https:\/\/www.anovapeneira.gal\/index.php\/2020\/10\/15\/a-exposicion-fotografica-do-curso-namorate-de-ti-pode-verse-no-mercado-municipal-ate-final-de-mes\/\" \/>\n<meta property=\"article:publisher\" content=\"https:\/\/www.facebook.com\/anovapeneira\" \/>\n<meta property=\"article:published_time\" content=\"2020-10-15T08:00:54+00:00\" \/>\n<meta property=\"og:image\" content=\"https:\/\/www.anovapeneira.gal\/wp-content\/uploads\/2020\/10\/exposicion_fotografica_Namorate_de_ti-.jpg\" \/>\n\t<meta property=\"og:image:width\" content=\"720\" \/>\n\t<meta property=\"og:image:height\" content=\"432\" \/>\n\t<meta property=\"og:image:type\" content=\"image\/jpeg\" \/>\n<meta name=\"author\" content=\"Redacci\u00f3n A Nova Peneira\" \/>\n<meta name=\"twitter:card\" content=\"summary_large_image\" \/>\n<meta name=\"twitter:creator\" content=\"@APeneira\" \/>\n<meta name=\"twitter:site\" content=\"@APeneira\" \/>\n<meta name=\"twitter:label1\" content=\"Escrito por\" \/>\n\t<meta name=\"twitter:data1\" content=\"Redacci\u00f3n A Nova Peneira\" \/>\n\t<meta name=\"twitter:label2\" content=\"Tempo de lectura\" \/>\n\t<meta name=\"twitter:data2\" content=\"2 minutos\" \/>\n<script type=\"application\/ld+json\" class=\"yoast-schema-graph\">{\"@context\":\"https:\\\/\\\/schema.org\",\"@graph\":[{\"@type\":\"Article\",\"@id\":\"https:\\\/\\\/www.anovapeneira.gal\\\/index.php\\\/2020\\\/10\\\/15\\\/a-exposicion-fotografica-do-curso-namorate-de-ti-pode-verse-no-mercado-municipal-ate-final-de-mes\\\/#article\",\"isPartOf\":{\"@id\":\"https:\\\/\\\/www.anovapeneira.gal\\\/index.php\\\/2020\\\/10\\\/15\\\/a-exposicion-fotografica-do-curso-namorate-de-ti-pode-verse-no-mercado-municipal-ate-final-de-mes\\\/\"},\"author\":{\"name\":\"Redacci\u00f3n A Nova Peneira\",\"@id\":\"https:\\\/\\\/www.anovapeneira.gal\\\/#\\\/schema\\\/person\\\/b93e3f8932e3f8da96334607eb6ac6aa\"},\"headline\":\"A exposici\u00f3n fotogr\u00e1fica do curso \u201cNam\u00f3rate de Ti\u201d pode verse no mercado municipal at\u00e9 final de mes\",\"datePublished\":\"2020-10-15T08:00:54+00:00\",\"mainEntityOfPage\":{\"@id\":\"https:\\\/\\\/www.anovapeneira.gal\\\/index.php\\\/2020\\\/10\\\/15\\\/a-exposicion-fotografica-do-curso-namorate-de-ti-pode-verse-no-mercado-municipal-ate-final-de-mes\\\/\"},\"wordCount\":389,\"commentCount\":0,\"publisher\":{\"@id\":\"https:\\\/\\\/www.anovapeneira.gal\\\/#organization\"},\"image\":{\"@id\":\"https:\\\/\\\/www.anovapeneira.gal\\\/index.php\\\/2020\\\/10\\\/15\\\/a-exposicion-fotografica-do-curso-namorate-de-ti-pode-verse-no-mercado-municipal-ate-final-de-mes\\\/#primaryimage\"},\"thumbnailUrl\":\"https:\\\/\\\/www.anovapeneira.gal\\\/wp-content\\\/uploads\\\/2020\\\/10\\\/exposicion_fotografica_Namorate_de_ti-.jpg\",\"keywords\":[\"Concello de Tomi\u00f1o\"],\"articleSection\":[\"Baixo Mi\u00f1o\"],\"inLanguage\":\"gl-ES\",\"potentialAction\":[{\"@type\":\"CommentAction\",\"name\":\"Comment\",\"target\":[\"https:\\\/\\\/www.anovapeneira.gal\\\/index.php\\\/2020\\\/10\\\/15\\\/a-exposicion-fotografica-do-curso-namorate-de-ti-pode-verse-no-mercado-municipal-ate-final-de-mes\\\/#respond\"]}]},{\"@type\":\"WebPage\",\"@id\":\"https:\\\/\\\/www.anovapeneira.gal\\\/index.php\\\/2020\\\/10\\\/15\\\/a-exposicion-fotografica-do-curso-namorate-de-ti-pode-verse-no-mercado-municipal-ate-final-de-mes\\\/\",\"url\":\"https:\\\/\\\/www.anovapeneira.gal\\\/index.php\\\/2020\\\/10\\\/15\\\/a-exposicion-fotografica-do-curso-namorate-de-ti-pode-verse-no-mercado-municipal-ate-final-de-mes\\\/\",\"name\":\"A exposici\u00f3n fotogr\u00e1fica do curso \u201cNam\u00f3rate de Ti\u201d pode verse no mercado municipal at\u00e9 final de mes -\",\"isPartOf\":{\"@id\":\"https:\\\/\\\/www.anovapeneira.gal\\\/#website\"},\"primaryImageOfPage\":{\"@id\":\"https:\\\/\\\/www.anovapeneira.gal\\\/index.php\\\/2020\\\/10\\\/15\\\/a-exposicion-fotografica-do-curso-namorate-de-ti-pode-verse-no-mercado-municipal-ate-final-de-mes\\\/#primaryimage\"},\"image\":{\"@id\":\"https:\\\/\\\/www.anovapeneira.gal\\\/index.php\\\/2020\\\/10\\\/15\\\/a-exposicion-fotografica-do-curso-namorate-de-ti-pode-verse-no-mercado-municipal-ate-final-de-mes\\\/#primaryimage\"},\"thumbnailUrl\":\"https:\\\/\\\/www.anovapeneira.gal\\\/wp-content\\\/uploads\\\/2020\\\/10\\\/exposicion_fotografica_Namorate_de_ti-.jpg\",\"datePublished\":\"2020-10-15T08:00:54+00:00\",\"breadcrumb\":{\"@id\":\"https:\\\/\\\/www.anovapeneira.gal\\\/index.php\\\/2020\\\/10\\\/15\\\/a-exposicion-fotografica-do-curso-namorate-de-ti-pode-verse-no-mercado-municipal-ate-final-de-mes\\\/#breadcrumb\"},\"inLanguage\":\"gl-ES\",\"potentialAction\":[{\"@type\":\"ReadAction\",\"target\":[\"https:\\\/\\\/www.anovapeneira.gal\\\/index.php\\\/2020\\\/10\\\/15\\\/a-exposicion-fotografica-do-curso-namorate-de-ti-pode-verse-no-mercado-municipal-ate-final-de-mes\\\/\"]}]},{\"@type\":\"ImageObject\",\"inLanguage\":\"gl-ES\",\"@id\":\"https:\\\/\\\/www.anovapeneira.gal\\\/index.php\\\/2020\\\/10\\\/15\\\/a-exposicion-fotografica-do-curso-namorate-de-ti-pode-verse-no-mercado-municipal-ate-final-de-mes\\\/#primaryimage\",\"url\":\"https:\\\/\\\/www.anovapeneira.gal\\\/wp-content\\\/uploads\\\/2020\\\/10\\\/exposicion_fotografica_Namorate_de_ti-.jpg\",\"contentUrl\":\"https:\\\/\\\/www.anovapeneira.gal\\\/wp-content\\\/uploads\\\/2020\\\/10\\\/exposicion_fotografica_Namorate_de_ti-.jpg\",\"width\":720,\"height\":432,\"caption\":\"A exposici\u00f3n fotogr\u00e1fica do curso \u201cNam\u00f3rate de Ti\u201d\"},{\"@type\":\"BreadcrumbList\",\"@id\":\"https:\\\/\\\/www.anovapeneira.gal\\\/index.php\\\/2020\\\/10\\\/15\\\/a-exposicion-fotografica-do-curso-namorate-de-ti-pode-verse-no-mercado-municipal-ate-final-de-mes\\\/#breadcrumb\",\"itemListElement\":[{\"@type\":\"ListItem\",\"position\":1,\"name\":\"Portada\",\"item\":\"https:\\\/\\\/www.anovapeneira.gal\\\/\"},{\"@type\":\"ListItem\",\"position\":2,\"name\":\"A exposici\u00f3n fotogr\u00e1fica do curso \u201cNam\u00f3rate de Ti\u201d pode verse no mercado municipal at\u00e9 final de mes\"}]},{\"@type\":\"WebSite\",\"@id\":\"https:\\\/\\\/www.anovapeneira.gal\\\/#website\",\"url\":\"https:\\\/\\\/www.anovapeneira.gal\\\/\",\"name\":\"\",\"description\":\"Xornal galego de informaci\u00f3n xeral Publicaci\u00f3n mensual de novas de Galicia e en especial dos Concellos da sur da provincia de Pontevedra.\",\"publisher\":{\"@id\":\"https:\\\/\\\/www.anovapeneira.gal\\\/#organization\"},\"potentialAction\":[{\"@type\":\"SearchAction\",\"target\":{\"@type\":\"EntryPoint\",\"urlTemplate\":\"https:\\\/\\\/www.anovapeneira.gal\\\/?s={search_term_string}\"},\"query-input\":{\"@type\":\"PropertyValueSpecification\",\"valueRequired\":true,\"valueName\":\"search_term_string\"}}],\"inLanguage\":\"gl-ES\"},{\"@type\":\"Organization\",\"@id\":\"https:\\\/\\\/www.anovapeneira.gal\\\/#organization\",\"name\":\"A Nova Peneira\",\"url\":\"https:\\\/\\\/www.anovapeneira.gal\\\/\",\"logo\":{\"@type\":\"ImageObject\",\"inLanguage\":\"gl-ES\",\"@id\":\"https:\\\/\\\/www.anovapeneira.gal\\\/#\\\/schema\\\/logo\\\/image\\\/\",\"url\":\"http:\\\/\\\/www.anovapeneira.gal\\\/wp-content\\\/uploads\\\/2019\\\/06\\\/logo_a_nova_peneira_portal_web.png\",\"contentUrl\":\"http:\\\/\\\/www.anovapeneira.gal\\\/wp-content\\\/uploads\\\/2019\\\/06\\\/logo_a_nova_peneira_portal_web.png\",\"width\":300,\"height\":100,\"caption\":\"A Nova Peneira\"},\"image\":{\"@id\":\"https:\\\/\\\/www.anovapeneira.gal\\\/#\\\/schema\\\/logo\\\/image\\\/\"},\"sameAs\":[\"https:\\\/\\\/www.facebook.com\\\/anovapeneira\",\"https:\\\/\\\/x.com\\\/APeneira\"]},{\"@type\":\"Person\",\"@id\":\"https:\\\/\\\/www.anovapeneira.gal\\\/#\\\/schema\\\/person\\\/b93e3f8932e3f8da96334607eb6ac6aa\",\"name\":\"Redacci\u00f3n A Nova Peneira\",\"image\":{\"@type\":\"ImageObject\",\"inLanguage\":\"gl-ES\",\"@id\":\"https:\\\/\\\/secure.gravatar.com\\\/avatar\\\/c052a2551a06e23fac63626232eaa90abd78dbcf1700fc46a2b2c89fd27b735f?s=96&d=mm&r=g\",\"url\":\"https:\\\/\\\/secure.gravatar.com\\\/avatar\\\/c052a2551a06e23fac63626232eaa90abd78dbcf1700fc46a2b2c89fd27b735f?s=96&d=mm&r=g\",\"contentUrl\":\"https:\\\/\\\/secure.gravatar.com\\\/avatar\\\/c052a2551a06e23fac63626232eaa90abd78dbcf1700fc46a2b2c89fd27b735f?s=96&d=mm&r=g\",\"caption\":\"Redacci\u00f3n A Nova Peneira\"},\"sameAs\":[\"http:\\\/\\\/www.anovapeneira.gal\\\/\"],\"url\":\"https:\\\/\\\/www.anovapeneira.gal\\\/index.php\\\/author\\\/redactor\\\/\"}]}<\/script>\n<!-- \/ Yoast SEO plugin. -->","yoast_head_json":{"title":"A exposici\u00f3n fotogr\u00e1fica do curso \u201cNam\u00f3rate de Ti\u201d pode verse no mercado municipal at\u00e9 final de mes -","robots":{"index":"index","follow":"follow","max-snippet":"max-snippet:-1","max-image-preview":"max-image-preview:large","max-video-preview":"max-video-preview:-1"},"canonical":"https:\/\/www.anovapeneira.gal\/index.php\/2020\/10\/15\/a-exposicion-fotografica-do-curso-namorate-de-ti-pode-verse-no-mercado-municipal-ate-final-de-mes\/","og_locale":"gl_ES","og_type":"article","og_title":"A exposici\u00f3n fotogr\u00e1fica do curso \u201cNam\u00f3rate de Ti\u201d pode verse no mercado municipal at\u00e9 final de mes -","og_description":"O obxectivo do proxecto, promovido pola Asociaci\u00f3n de Desenvolvemento EuRural, foi potenciar a autoestima a trav\u00e9s da fotograf\u00eda [...]","og_url":"https:\/\/www.anovapeneira.gal\/index.php\/2020\/10\/15\/a-exposicion-fotografica-do-curso-namorate-de-ti-pode-verse-no-mercado-municipal-ate-final-de-mes\/","article_publisher":"https:\/\/www.facebook.com\/anovapeneira","article_published_time":"2020-10-15T08:00:54+00:00","og_image":[{"width":720,"height":432,"url":"https:\/\/www.anovapeneira.gal\/wp-content\/uploads\/2020\/10\/exposicion_fotografica_Namorate_de_ti-.jpg","type":"image\/jpeg"}],"author":"Redacci\u00f3n A Nova Peneira","twitter_card":"summary_large_image","twitter_creator":"@APeneira","twitter_site":"@APeneira","twitter_misc":{"Escrito por":"Redacci\u00f3n A Nova Peneira","Tempo de lectura":"2 minutos"},"schema":{"@context":"https:\/\/schema.org","@graph":[{"@type":"Article","@id":"https:\/\/www.anovapeneira.gal\/index.php\/2020\/10\/15\/a-exposicion-fotografica-do-curso-namorate-de-ti-pode-verse-no-mercado-municipal-ate-final-de-mes\/#article","isPartOf":{"@id":"https:\/\/www.anovapeneira.gal\/index.php\/2020\/10\/15\/a-exposicion-fotografica-do-curso-namorate-de-ti-pode-verse-no-mercado-municipal-ate-final-de-mes\/"},"author":{"name":"Redacci\u00f3n A Nova Peneira","@id":"https:\/\/www.anovapeneira.gal\/#\/schema\/person\/b93e3f8932e3f8da96334607eb6ac6aa"},"headline":"A exposici\u00f3n fotogr\u00e1fica do curso \u201cNam\u00f3rate de Ti\u201d pode verse no mercado municipal at\u00e9 final de mes","datePublished":"2020-10-15T08:00:54+00:00","mainEntityOfPage":{"@id":"https:\/\/www.anovapeneira.gal\/index.php\/2020\/10\/15\/a-exposicion-fotografica-do-curso-namorate-de-ti-pode-verse-no-mercado-municipal-ate-final-de-mes\/"},"wordCount":389,"commentCount":0,"publisher":{"@id":"https:\/\/www.anovapeneira.gal\/#organization"},"image":{"@id":"https:\/\/www.anovapeneira.gal\/index.php\/2020\/10\/15\/a-exposicion-fotografica-do-curso-namorate-de-ti-pode-verse-no-mercado-municipal-ate-final-de-mes\/#primaryimage"},"thumbnailUrl":"https:\/\/www.anovapeneira.gal\/wp-content\/uploads\/2020\/10\/exposicion_fotografica_Namorate_de_ti-.jpg","keywords":["Concello de Tomi\u00f1o"],"articleSection":["Baixo Mi\u00f1o"],"inLanguage":"gl-ES","potentialAction":[{"@type":"CommentAction","name":"Comment","target":["https:\/\/www.anovapeneira.gal\/index.php\/2020\/10\/15\/a-exposicion-fotografica-do-curso-namorate-de-ti-pode-verse-no-mercado-municipal-ate-final-de-mes\/#respond"]}]},{"@type":"WebPage","@id":"https:\/\/www.anovapeneira.gal\/index.php\/2020\/10\/15\/a-exposicion-fotografica-do-curso-namorate-de-ti-pode-verse-no-mercado-municipal-ate-final-de-mes\/","url":"https:\/\/www.anovapeneira.gal\/index.php\/2020\/10\/15\/a-exposicion-fotografica-do-curso-namorate-de-ti-pode-verse-no-mercado-municipal-ate-final-de-mes\/","name":"A exposici\u00f3n fotogr\u00e1fica do curso \u201cNam\u00f3rate de Ti\u201d pode verse no mercado municipal at\u00e9 final de mes -","isPartOf":{"@id":"https:\/\/www.anovapeneira.gal\/#website"},"primaryImageOfPage":{"@id":"https:\/\/www.anovapeneira.gal\/index.php\/2020\/10\/15\/a-exposicion-fotografica-do-curso-namorate-de-ti-pode-verse-no-mercado-municipal-ate-final-de-mes\/#primaryimage"},"image":{"@id":"https:\/\/www.anovapeneira.gal\/index.php\/2020\/10\/15\/a-exposicion-fotografica-do-curso-namorate-de-ti-pode-verse-no-mercado-municipal-ate-final-de-mes\/#primaryimage"},"thumbnailUrl":"https:\/\/www.anovapeneira.gal\/wp-content\/uploads\/2020\/10\/exposicion_fotografica_Namorate_de_ti-.jpg","datePublished":"2020-10-15T08:00:54+00:00","breadcrumb":{"@id":"https:\/\/www.anovapeneira.gal\/index.php\/2020\/10\/15\/a-exposicion-fotografica-do-curso-namorate-de-ti-pode-verse-no-mercado-municipal-ate-final-de-mes\/#breadcrumb"},"inLanguage":"gl-ES","potentialAction":[{"@type":"ReadAction","target":["https:\/\/www.anovapeneira.gal\/index.php\/2020\/10\/15\/a-exposicion-fotografica-do-curso-namorate-de-ti-pode-verse-no-mercado-municipal-ate-final-de-mes\/"]}]},{"@type":"ImageObject","inLanguage":"gl-ES","@id":"https:\/\/www.anovapeneira.gal\/index.php\/2020\/10\/15\/a-exposicion-fotografica-do-curso-namorate-de-ti-pode-verse-no-mercado-municipal-ate-final-de-mes\/#primaryimage","url":"https:\/\/www.anovapeneira.gal\/wp-content\/uploads\/2020\/10\/exposicion_fotografica_Namorate_de_ti-.jpg","contentUrl":"https:\/\/www.anovapeneira.gal\/wp-content\/uploads\/2020\/10\/exposicion_fotografica_Namorate_de_ti-.jpg","width":720,"height":432,"caption":"A exposici\u00f3n fotogr\u00e1fica do curso \u201cNam\u00f3rate de Ti\u201d"},{"@type":"BreadcrumbList","@id":"https:\/\/www.anovapeneira.gal\/index.php\/2020\/10\/15\/a-exposicion-fotografica-do-curso-namorate-de-ti-pode-verse-no-mercado-municipal-ate-final-de-mes\/#breadcrumb","itemListElement":[{"@type":"ListItem","position":1,"name":"Portada","item":"https:\/\/www.anovapeneira.gal\/"},{"@type":"ListItem","position":2,"name":"A exposici\u00f3n fotogr\u00e1fica do curso \u201cNam\u00f3rate de Ti\u201d pode verse no mercado municipal at\u00e9 final de mes"}]},{"@type":"WebSite","@id":"https:\/\/www.anovapeneira.gal\/#website","url":"https:\/\/www.anovapeneira.gal\/","name":"","description":"Xornal galego de informaci\u00f3n xeral Publicaci\u00f3n mensual de novas de Galicia e en especial dos Concellos da sur da provincia de Pontevedra.","publisher":{"@id":"https:\/\/www.anovapeneira.gal\/#organization"},"potentialAction":[{"@type":"SearchAction","target":{"@type":"EntryPoint","urlTemplate":"https:\/\/www.anovapeneira.gal\/?s={search_term_string}"},"query-input":{"@type":"PropertyValueSpecification","valueRequired":true,"valueName":"search_term_string"}}],"inLanguage":"gl-ES"},{"@type":"Organization","@id":"https:\/\/www.anovapeneira.gal\/#organization","name":"A Nova Peneira","url":"https:\/\/www.anovapeneira.gal\/","logo":{"@type":"ImageObject","inLanguage":"gl-ES","@id":"https:\/\/www.anovapeneira.gal\/#\/schema\/logo\/image\/","url":"http:\/\/www.anovapeneira.gal\/wp-content\/uploads\/2019\/06\/logo_a_nova_peneira_portal_web.png","contentUrl":"http:\/\/www.anovapeneira.gal\/wp-content\/uploads\/2019\/06\/logo_a_nova_peneira_portal_web.png","width":300,"height":100,"caption":"A Nova Peneira"},"image":{"@id":"https:\/\/www.anovapeneira.gal\/#\/schema\/logo\/image\/"},"sameAs":["https:\/\/www.facebook.com\/anovapeneira","https:\/\/x.com\/APeneira"]},{"@type":"Person","@id":"https:\/\/www.anovapeneira.gal\/#\/schema\/person\/b93e3f8932e3f8da96334607eb6ac6aa","name":"Redacci\u00f3n A Nova Peneira","image":{"@type":"ImageObject","inLanguage":"gl-ES","@id":"https:\/\/secure.gravatar.com\/avatar\/c052a2551a06e23fac63626232eaa90abd78dbcf1700fc46a2b2c89fd27b735f?s=96&d=mm&r=g","url":"https:\/\/secure.gravatar.com\/avatar\/c052a2551a06e23fac63626232eaa90abd78dbcf1700fc46a2b2c89fd27b735f?s=96&d=mm&r=g","contentUrl":"https:\/\/secure.gravatar.com\/avatar\/c052a2551a06e23fac63626232eaa90abd78dbcf1700fc46a2b2c89fd27b735f?s=96&d=mm&r=g","caption":"Redacci\u00f3n A Nova Peneira"},"sameAs":["http:\/\/www.anovapeneira.gal\/"],"url":"https:\/\/www.anovapeneira.gal\/index.php\/author\/redactor\/"}]}},"jetpack_featured_media_url":"https:\/\/www.anovapeneira.gal\/wp-content\/uploads\/2020\/10\/exposicion_fotografica_Namorate_de_ti-.jpg","_links":{"self":[{"href":"https:\/\/www.anovapeneira.gal\/index.php\/wp-json\/wp\/v2\/posts\/4102","targetHints":{"allow":["GET"]}}],"collection":[{"href":"https:\/\/www.anovapeneira.gal\/index.php\/wp-json\/wp\/v2\/posts"}],"about":[{"href":"https:\/\/www.anovapeneira.gal\/index.php\/wp-json\/wp\/v2\/types\/post"}],"author":[{"embeddable":true,"href":"https:\/\/www.anovapeneira.gal\/index.php\/wp-json\/wp\/v2\/users\/3"}],"replies":[{"embeddable":true,"href":"https:\/\/www.anovapeneira.gal\/index.php\/wp-json\/wp\/v2\/comments?post=4102"}],"version-history":[{"count":1,"href":"https:\/\/www.anovapeneira.gal\/index.php\/wp-json\/wp\/v2\/posts\/4102\/revisions"}],"predecessor-version":[{"id":4104,"href":"https:\/\/www.anovapeneira.gal\/index.php\/wp-json\/wp\/v2\/posts\/4102\/revisions\/4104"}],"wp:featuredmedia":[{"embeddable":true,"href":"https:\/\/www.anovapeneira.gal\/index.php\/wp-json\/wp\/v2\/media\/4103"}],"wp:attachment":[{"href":"https:\/\/www.anovapeneira.gal\/index.php\/wp-json\/wp\/v2\/media?parent=4102"}],"wp:term":[{"taxonomy":"category","embeddable":true,"href":"https:\/\/www.anovapeneira.gal\/index.php\/wp-json\/wp\/v2\/categories?post=4102"},{"taxonomy":"post_tag","embeddable":true,"href":"https:\/\/www.anovapeneira.gal\/index.php\/wp-json\/wp\/v2\/tags?post=4102"}],"curies":[{"name":"wp","href":"https:\/\/api.w.org\/{rel}","templated":true}]}}