{"id":4105,"date":"2020-10-15T12:00:28","date_gmt":"2020-10-15T10:00:28","guid":{"rendered":"http:\/\/www.anovapeneira.gal\/?p=4105"},"modified":"2020-10-14T15:59:52","modified_gmt":"2020-10-14T13:59:52","slug":"ponteareas-tera-un-edificio-municipal-na-praza-maior","status":"publish","type":"post","link":"https:\/\/www.anovapeneira.gal\/index.php\/2020\/10\/15\/ponteareas-tera-un-edificio-municipal-na-praza-maior\/","title":{"rendered":"Ponteareas ter\u00e1 un edificio municipal na Praza Maior"},"content":{"rendered":"\n<h2 class=\"wp-block-heading\"><strong>A rehabilitaci\u00f3n da propiedade conta co apoio dos fondos europeos FEDER e permitir\u00e1 ademais dinamizar o casco hist\u00f3rico<\/strong><\/h2>\n\n\n\n<p>O goberno de Ponteareas do BNG e do PSOE adquirir\u00e1 unha propiedade na praza Maior para dar novos servizos \u00e1 cidadan\u00eda. Con esta compra increm\u00e9ntase o patrimonio municipal, estando ata agora completamente limitaos os espazos para ofrecer novos e mellores servizos \u00e1 veci\u00f1anza ou ampliar os existentes.<\/p>\n\n\n\n<p>A trav\u00e9s dun procedemento administrativo que garant\u00edu a transparencia, o Concello negociou coas distintas propiedades que reun\u00edan as caracter\u00edsticas t\u00e9cnicas. Agora, o Concello mercar\u00e1 por 250.000\u20ac&nbsp; unha propiedade de 341 metros cadrados que alberga unha edificaci\u00f3n de 918 m<sup>2<\/sup> divididos nunha planta baixa e dous andares.<\/p>\n\n\n\n<p>Para esta nova adquisici\u00f3n, o goberno de Ponteareas xa ten solicitado ao Fondo Galego de Cooperaci\u00f3n&nbsp; da Xunta de Galicia un pr\u00e9stamo sen intereses a devolver en oito anos. Para a obra de restauraci\u00f3n e posta en servizo \u00e1 cidadan\u00eda disp\u00f3n do apoio dos fondos europeos a trav\u00e9s da estratexia \u201cPonteareas, h\u00e1bitat saudable\u201d. Concretamente os fondos de desenvolvemento rexional FEDER aportar\u00e1n o 80%.<\/p>\n\n\n\n<p>\u201cO novo espazo ubicado no casco hist\u00f3rico ser\u00e1 un lugar no que acoller distintos servizos e instalaci\u00f3ns municipais, sempre enfocado a dar unha mellor atenci\u00f3n \u00e1 cidadan\u00eda e contribuir\u00e1 na dinamizaci\u00f3n da contorna\u201d, afirmou o alcalde de Ponteareas, Xos\u00e9 Represas.<\/p>\n\n\n\n<p>Pola s\u00faa banda, a concelleira de V\u00edas e Obras Chus Garrote, adianta que esta iniciativa \u201cs\u00famase a outras nas que xa est\u00e1 traballando o goberno e que perseguen a dinamizaci\u00f3n,&nbsp; rehabilitaci\u00f3n e revitalizaci\u00f3n do casco vello\u201d.<\/p>\n\n\n\n<p>O alcalde engade que, dende fai tempo, esta parte da Vila v\u00e9n amosando un cont\u00ednuo deterioro habitacional, palpable no progresivo aumento de edificaci\u00f3ns e vivendas en estado de abandono, as\u00ed como un progresivo avellentamento e perda de residentes. Un fen\u00f3meno semellante ao de moitos cascos vellos doutras vilas e cidades galegas, e que ao mesmo tempo v\u00e9n provocando a reacci\u00f3n das distintas administraci\u00f3ns para a s\u00faa recuperaci\u00f3n e revitalizaci\u00f3n. \u201cA xesti\u00f3n econ\u00f3mica do Concello realizada dende 2015 perm\u00edtenos dar agora este paso para incrementar o patrimonio municipal\u201d.<\/p>\n\n\n\n<p>Previamente, e con esta finalidade, o goberno municipal realizou un proceso de consulta cidad\u00e1 no que participaron representantes do tecido socioecon\u00f3mico da Vila (Asociaci\u00f3ns deportivas e culturais, comerciantes, hostaleiros, entidades sociais, colectivos vulnerables -mobilidade reducida, terceira idade\u2026-), adem\u00e1is dunha consulta dixital. Tam\u00e9n se contou coas aprotaci\u00f3ns realizadas por representantes da administraci\u00f3n local (Membros do goberno e voceiros dos grupos pol\u00edticos con representaci\u00f3n municipal, persoal t\u00e9cnico e traballadores municipais). Froito desa participaci\u00f3n defin\u00edronse os usos do futuro edificio.<\/p>\n","protected":false},"excerpt":{"rendered":"<div class=\"mh-excerpt\"><p>A rehabilitaci\u00f3n da propiedade conta co apoio dos fondos europeos FEDER e permitir\u00e1 ademais dinamizar o casco hist\u00f3rico <a class=\"mh-excerpt-more\" href=\"https:\/\/www.anovapeneira.gal\/index.php\/2020\/10\/15\/ponteareas-tera-un-edificio-municipal-na-praza-maior\/\" title=\"Ponteareas ter\u00e1 un edificio municipal na Praza Maior\">[&#8230;]<\/a><\/p>\n<\/div>","protected":false},"author":3,"featured_media":4106,"comment_status":"open","ping_status":"open","sticky":false,"template":"","format":"standard","meta":{"_exactmetrics_skip_tracking":false,"_exactmetrics_sitenote_active":false,"_exactmetrics_sitenote_note":"","_exactmetrics_sitenote_category":0,"footnotes":""},"categories":[25],"tags":[1202],"class_list":{"0":"post-4105","1":"post","2":"type-post","3":"status-publish","4":"format-standard","5":"has-post-thumbnail","7":"category-condado","8":"tag-concello-ponteareas"},"yoast_head":"<!-- This site is optimized with the Yoast SEO plugin v27.4 - https:\/\/yoast.com\/product\/yoast-seo-wordpress\/ -->\n<title>Ponteareas ter\u00e1 un edificio municipal na Praza Maior -<\/title>\n<meta name=\"robots\" content=\"index, follow, max-snippet:-1, max-image-preview:large, max-video-preview:-1\" \/>\n<link rel=\"canonical\" href=\"https:\/\/www.anovapeneira.gal\/index.php\/2020\/10\/15\/ponteareas-tera-un-edificio-municipal-na-praza-maior\/\" \/>\n<meta property=\"og:locale\" content=\"gl_ES\" \/>\n<meta property=\"og:type\" content=\"article\" \/>\n<meta property=\"og:title\" content=\"Ponteareas ter\u00e1 un edificio municipal na Praza Maior -\" \/>\n<meta property=\"og:description\" content=\"A rehabilitaci\u00f3n da propiedade conta co apoio dos fondos europeos FEDER e permitir\u00e1 ademais dinamizar o casco hist\u00f3rico [...]\" \/>\n<meta property=\"og:url\" content=\"https:\/\/www.anovapeneira.gal\/index.php\/2020\/10\/15\/ponteareas-tera-un-edificio-municipal-na-praza-maior\/\" \/>\n<meta property=\"article:publisher\" content=\"https:\/\/www.facebook.com\/anovapeneira\" \/>\n<meta property=\"article:published_time\" content=\"2020-10-15T10:00:28+00:00\" \/>\n<meta property=\"og:image\" content=\"https:\/\/www.anovapeneira.gal\/wp-content\/uploads\/2020\/10\/praza_concello_ponteareas.jpg\" \/>\n\t<meta property=\"og:image:width\" content=\"720\" \/>\n\t<meta property=\"og:image:height\" content=\"432\" \/>\n\t<meta property=\"og:image:type\" content=\"image\/jpeg\" \/>\n<meta name=\"author\" content=\"Redacci\u00f3n A Nova Peneira\" \/>\n<meta name=\"twitter:card\" content=\"summary_large_image\" \/>\n<meta name=\"twitter:creator\" content=\"@APeneira\" \/>\n<meta name=\"twitter:site\" content=\"@APeneira\" \/>\n<meta name=\"twitter:label1\" content=\"Escrito por\" \/>\n\t<meta name=\"twitter:data1\" content=\"Redacci\u00f3n A Nova Peneira\" \/>\n\t<meta name=\"twitter:label2\" content=\"Tempo de lectura\" \/>\n\t<meta name=\"twitter:data2\" content=\"2 minutos\" \/>\n<script type=\"application\/ld+json\" class=\"yoast-schema-graph\">{\"@context\":\"https:\\\/\\\/schema.org\",\"@graph\":[{\"@type\":\"Article\",\"@id\":\"https:\\\/\\\/www.anovapeneira.gal\\\/index.php\\\/2020\\\/10\\\/15\\\/ponteareas-tera-un-edificio-municipal-na-praza-maior\\\/#article\",\"isPartOf\":{\"@id\":\"https:\\\/\\\/www.anovapeneira.gal\\\/index.php\\\/2020\\\/10\\\/15\\\/ponteareas-tera-un-edificio-municipal-na-praza-maior\\\/\"},\"author\":{\"name\":\"Redacci\u00f3n A Nova Peneira\",\"@id\":\"https:\\\/\\\/www.anovapeneira.gal\\\/#\\\/schema\\\/person\\\/b93e3f8932e3f8da96334607eb6ac6aa\"},\"headline\":\"Ponteareas ter\u00e1 un edificio municipal na Praza Maior\",\"datePublished\":\"2020-10-15T10:00:28+00:00\",\"mainEntityOfPage\":{\"@id\":\"https:\\\/\\\/www.anovapeneira.gal\\\/index.php\\\/2020\\\/10\\\/15\\\/ponteareas-tera-un-edificio-municipal-na-praza-maior\\\/\"},\"wordCount\":472,\"commentCount\":0,\"publisher\":{\"@id\":\"https:\\\/\\\/www.anovapeneira.gal\\\/#organization\"},\"image\":{\"@id\":\"https:\\\/\\\/www.anovapeneira.gal\\\/index.php\\\/2020\\\/10\\\/15\\\/ponteareas-tera-un-edificio-municipal-na-praza-maior\\\/#primaryimage\"},\"thumbnailUrl\":\"https:\\\/\\\/www.anovapeneira.gal\\\/wp-content\\\/uploads\\\/2020\\\/10\\\/praza_concello_ponteareas.jpg\",\"keywords\":[\"Concello Ponteareas\"],\"articleSection\":[\"Condado\"],\"inLanguage\":\"gl-ES\",\"potentialAction\":[{\"@type\":\"CommentAction\",\"name\":\"Comment\",\"target\":[\"https:\\\/\\\/www.anovapeneira.gal\\\/index.php\\\/2020\\\/10\\\/15\\\/ponteareas-tera-un-edificio-municipal-na-praza-maior\\\/#respond\"]}]},{\"@type\":\"WebPage\",\"@id\":\"https:\\\/\\\/www.anovapeneira.gal\\\/index.php\\\/2020\\\/10\\\/15\\\/ponteareas-tera-un-edificio-municipal-na-praza-maior\\\/\",\"url\":\"https:\\\/\\\/www.anovapeneira.gal\\\/index.php\\\/2020\\\/10\\\/15\\\/ponteareas-tera-un-edificio-municipal-na-praza-maior\\\/\",\"name\":\"Ponteareas ter\u00e1 un edificio municipal na Praza Maior -\",\"isPartOf\":{\"@id\":\"https:\\\/\\\/www.anovapeneira.gal\\\/#website\"},\"primaryImageOfPage\":{\"@id\":\"https:\\\/\\\/www.anovapeneira.gal\\\/index.php\\\/2020\\\/10\\\/15\\\/ponteareas-tera-un-edificio-municipal-na-praza-maior\\\/#primaryimage\"},\"image\":{\"@id\":\"https:\\\/\\\/www.anovapeneira.gal\\\/index.php\\\/2020\\\/10\\\/15\\\/ponteareas-tera-un-edificio-municipal-na-praza-maior\\\/#primaryimage\"},\"thumbnailUrl\":\"https:\\\/\\\/www.anovapeneira.gal\\\/wp-content\\\/uploads\\\/2020\\\/10\\\/praza_concello_ponteareas.jpg\",\"datePublished\":\"2020-10-15T10:00:28+00:00\",\"breadcrumb\":{\"@id\":\"https:\\\/\\\/www.anovapeneira.gal\\\/index.php\\\/2020\\\/10\\\/15\\\/ponteareas-tera-un-edificio-municipal-na-praza-maior\\\/#breadcrumb\"},\"inLanguage\":\"gl-ES\",\"potentialAction\":[{\"@type\":\"ReadAction\",\"target\":[\"https:\\\/\\\/www.anovapeneira.gal\\\/index.php\\\/2020\\\/10\\\/15\\\/ponteareas-tera-un-edificio-municipal-na-praza-maior\\\/\"]}]},{\"@type\":\"ImageObject\",\"inLanguage\":\"gl-ES\",\"@id\":\"https:\\\/\\\/www.anovapeneira.gal\\\/index.php\\\/2020\\\/10\\\/15\\\/ponteareas-tera-un-edificio-municipal-na-praza-maior\\\/#primaryimage\",\"url\":\"https:\\\/\\\/www.anovapeneira.gal\\\/wp-content\\\/uploads\\\/2020\\\/10\\\/praza_concello_ponteareas.jpg\",\"contentUrl\":\"https:\\\/\\\/www.anovapeneira.gal\\\/wp-content\\\/uploads\\\/2020\\\/10\\\/praza_concello_ponteareas.jpg\",\"width\":720,\"height\":432,\"caption\":\"Praza Concello de Ponteareas\"},{\"@type\":\"BreadcrumbList\",\"@id\":\"https:\\\/\\\/www.anovapeneira.gal\\\/index.php\\\/2020\\\/10\\\/15\\\/ponteareas-tera-un-edificio-municipal-na-praza-maior\\\/#breadcrumb\",\"itemListElement\":[{\"@type\":\"ListItem\",\"position\":1,\"name\":\"Portada\",\"item\":\"https:\\\/\\\/www.anovapeneira.gal\\\/\"},{\"@type\":\"ListItem\",\"position\":2,\"name\":\"Ponteareas ter\u00e1 un edificio municipal na Praza Maior\"}]},{\"@type\":\"WebSite\",\"@id\":\"https:\\\/\\\/www.anovapeneira.gal\\\/#website\",\"url\":\"https:\\\/\\\/www.anovapeneira.gal\\\/\",\"name\":\"\",\"description\":\"Xornal galego de informaci\u00f3n xeral Publicaci\u00f3n mensual de novas de Galicia e en especial dos Concellos da sur da provincia de Pontevedra.\",\"publisher\":{\"@id\":\"https:\\\/\\\/www.anovapeneira.gal\\\/#organization\"},\"potentialAction\":[{\"@type\":\"SearchAction\",\"target\":{\"@type\":\"EntryPoint\",\"urlTemplate\":\"https:\\\/\\\/www.anovapeneira.gal\\\/?s={search_term_string}\"},\"query-input\":{\"@type\":\"PropertyValueSpecification\",\"valueRequired\":true,\"valueName\":\"search_term_string\"}}],\"inLanguage\":\"gl-ES\"},{\"@type\":\"Organization\",\"@id\":\"https:\\\/\\\/www.anovapeneira.gal\\\/#organization\",\"name\":\"A Nova Peneira\",\"url\":\"https:\\\/\\\/www.anovapeneira.gal\\\/\",\"logo\":{\"@type\":\"ImageObject\",\"inLanguage\":\"gl-ES\",\"@id\":\"https:\\\/\\\/www.anovapeneira.gal\\\/#\\\/schema\\\/logo\\\/image\\\/\",\"url\":\"http:\\\/\\\/www.anovapeneira.gal\\\/wp-content\\\/uploads\\\/2019\\\/06\\\/logo_a_nova_peneira_portal_web.png\",\"contentUrl\":\"http:\\\/\\\/www.anovapeneira.gal\\\/wp-content\\\/uploads\\\/2019\\\/06\\\/logo_a_nova_peneira_portal_web.png\",\"width\":300,\"height\":100,\"caption\":\"A Nova Peneira\"},\"image\":{\"@id\":\"https:\\\/\\\/www.anovapeneira.gal\\\/#\\\/schema\\\/logo\\\/image\\\/\"},\"sameAs\":[\"https:\\\/\\\/www.facebook.com\\\/anovapeneira\",\"https:\\\/\\\/x.com\\\/APeneira\"]},{\"@type\":\"Person\",\"@id\":\"https:\\\/\\\/www.anovapeneira.gal\\\/#\\\/schema\\\/person\\\/b93e3f8932e3f8da96334607eb6ac6aa\",\"name\":\"Redacci\u00f3n A Nova Peneira\",\"image\":{\"@type\":\"ImageObject\",\"inLanguage\":\"gl-ES\",\"@id\":\"https:\\\/\\\/secure.gravatar.com\\\/avatar\\\/c052a2551a06e23fac63626232eaa90abd78dbcf1700fc46a2b2c89fd27b735f?s=96&d=mm&r=g\",\"url\":\"https:\\\/\\\/secure.gravatar.com\\\/avatar\\\/c052a2551a06e23fac63626232eaa90abd78dbcf1700fc46a2b2c89fd27b735f?s=96&d=mm&r=g\",\"contentUrl\":\"https:\\\/\\\/secure.gravatar.com\\\/avatar\\\/c052a2551a06e23fac63626232eaa90abd78dbcf1700fc46a2b2c89fd27b735f?s=96&d=mm&r=g\",\"caption\":\"Redacci\u00f3n A Nova Peneira\"},\"sameAs\":[\"http:\\\/\\\/www.anovapeneira.gal\\\/\"],\"url\":\"https:\\\/\\\/www.anovapeneira.gal\\\/index.php\\\/author\\\/redactor\\\/\"}]}<\/script>\n<!-- \/ Yoast SEO plugin. -->","yoast_head_json":{"title":"Ponteareas ter\u00e1 un edificio municipal na Praza Maior -","robots":{"index":"index","follow":"follow","max-snippet":"max-snippet:-1","max-image-preview":"max-image-preview:large","max-video-preview":"max-video-preview:-1"},"canonical":"https:\/\/www.anovapeneira.gal\/index.php\/2020\/10\/15\/ponteareas-tera-un-edificio-municipal-na-praza-maior\/","og_locale":"gl_ES","og_type":"article","og_title":"Ponteareas ter\u00e1 un edificio municipal na Praza Maior -","og_description":"A rehabilitaci\u00f3n da propiedade conta co apoio dos fondos europeos FEDER e permitir\u00e1 ademais dinamizar o casco hist\u00f3rico [...]","og_url":"https:\/\/www.anovapeneira.gal\/index.php\/2020\/10\/15\/ponteareas-tera-un-edificio-municipal-na-praza-maior\/","article_publisher":"https:\/\/www.facebook.com\/anovapeneira","article_published_time":"2020-10-15T10:00:28+00:00","og_image":[{"width":720,"height":432,"url":"https:\/\/www.anovapeneira.gal\/wp-content\/uploads\/2020\/10\/praza_concello_ponteareas.jpg","type":"image\/jpeg"}],"author":"Redacci\u00f3n A Nova Peneira","twitter_card":"summary_large_image","twitter_creator":"@APeneira","twitter_site":"@APeneira","twitter_misc":{"Escrito por":"Redacci\u00f3n A Nova Peneira","Tempo de lectura":"2 minutos"},"schema":{"@context":"https:\/\/schema.org","@graph":[{"@type":"Article","@id":"https:\/\/www.anovapeneira.gal\/index.php\/2020\/10\/15\/ponteareas-tera-un-edificio-municipal-na-praza-maior\/#article","isPartOf":{"@id":"https:\/\/www.anovapeneira.gal\/index.php\/2020\/10\/15\/ponteareas-tera-un-edificio-municipal-na-praza-maior\/"},"author":{"name":"Redacci\u00f3n A Nova Peneira","@id":"https:\/\/www.anovapeneira.gal\/#\/schema\/person\/b93e3f8932e3f8da96334607eb6ac6aa"},"headline":"Ponteareas ter\u00e1 un edificio municipal na Praza Maior","datePublished":"2020-10-15T10:00:28+00:00","mainEntityOfPage":{"@id":"https:\/\/www.anovapeneira.gal\/index.php\/2020\/10\/15\/ponteareas-tera-un-edificio-municipal-na-praza-maior\/"},"wordCount":472,"commentCount":0,"publisher":{"@id":"https:\/\/www.anovapeneira.gal\/#organization"},"image":{"@id":"https:\/\/www.anovapeneira.gal\/index.php\/2020\/10\/15\/ponteareas-tera-un-edificio-municipal-na-praza-maior\/#primaryimage"},"thumbnailUrl":"https:\/\/www.anovapeneira.gal\/wp-content\/uploads\/2020\/10\/praza_concello_ponteareas.jpg","keywords":["Concello Ponteareas"],"articleSection":["Condado"],"inLanguage":"gl-ES","potentialAction":[{"@type":"CommentAction","name":"Comment","target":["https:\/\/www.anovapeneira.gal\/index.php\/2020\/10\/15\/ponteareas-tera-un-edificio-municipal-na-praza-maior\/#respond"]}]},{"@type":"WebPage","@id":"https:\/\/www.anovapeneira.gal\/index.php\/2020\/10\/15\/ponteareas-tera-un-edificio-municipal-na-praza-maior\/","url":"https:\/\/www.anovapeneira.gal\/index.php\/2020\/10\/15\/ponteareas-tera-un-edificio-municipal-na-praza-maior\/","name":"Ponteareas ter\u00e1 un edificio municipal na Praza Maior -","isPartOf":{"@id":"https:\/\/www.anovapeneira.gal\/#website"},"primaryImageOfPage":{"@id":"https:\/\/www.anovapeneira.gal\/index.php\/2020\/10\/15\/ponteareas-tera-un-edificio-municipal-na-praza-maior\/#primaryimage"},"image":{"@id":"https:\/\/www.anovapeneira.gal\/index.php\/2020\/10\/15\/ponteareas-tera-un-edificio-municipal-na-praza-maior\/#primaryimage"},"thumbnailUrl":"https:\/\/www.anovapeneira.gal\/wp-content\/uploads\/2020\/10\/praza_concello_ponteareas.jpg","datePublished":"2020-10-15T10:00:28+00:00","breadcrumb":{"@id":"https:\/\/www.anovapeneira.gal\/index.php\/2020\/10\/15\/ponteareas-tera-un-edificio-municipal-na-praza-maior\/#breadcrumb"},"inLanguage":"gl-ES","potentialAction":[{"@type":"ReadAction","target":["https:\/\/www.anovapeneira.gal\/index.php\/2020\/10\/15\/ponteareas-tera-un-edificio-municipal-na-praza-maior\/"]}]},{"@type":"ImageObject","inLanguage":"gl-ES","@id":"https:\/\/www.anovapeneira.gal\/index.php\/2020\/10\/15\/ponteareas-tera-un-edificio-municipal-na-praza-maior\/#primaryimage","url":"https:\/\/www.anovapeneira.gal\/wp-content\/uploads\/2020\/10\/praza_concello_ponteareas.jpg","contentUrl":"https:\/\/www.anovapeneira.gal\/wp-content\/uploads\/2020\/10\/praza_concello_ponteareas.jpg","width":720,"height":432,"caption":"Praza Concello de Ponteareas"},{"@type":"BreadcrumbList","@id":"https:\/\/www.anovapeneira.gal\/index.php\/2020\/10\/15\/ponteareas-tera-un-edificio-municipal-na-praza-maior\/#breadcrumb","itemListElement":[{"@type":"ListItem","position":1,"name":"Portada","item":"https:\/\/www.anovapeneira.gal\/"},{"@type":"ListItem","position":2,"name":"Ponteareas ter\u00e1 un edificio municipal na Praza Maior"}]},{"@type":"WebSite","@id":"https:\/\/www.anovapeneira.gal\/#website","url":"https:\/\/www.anovapeneira.gal\/","name":"","description":"Xornal galego de informaci\u00f3n xeral Publicaci\u00f3n mensual de novas de Galicia e en especial dos Concellos da sur da provincia de Pontevedra.","publisher":{"@id":"https:\/\/www.anovapeneira.gal\/#organization"},"potentialAction":[{"@type":"SearchAction","target":{"@type":"EntryPoint","urlTemplate":"https:\/\/www.anovapeneira.gal\/?s={search_term_string}"},"query-input":{"@type":"PropertyValueSpecification","valueRequired":true,"valueName":"search_term_string"}}],"inLanguage":"gl-ES"},{"@type":"Organization","@id":"https:\/\/www.anovapeneira.gal\/#organization","name":"A Nova Peneira","url":"https:\/\/www.anovapeneira.gal\/","logo":{"@type":"ImageObject","inLanguage":"gl-ES","@id":"https:\/\/www.anovapeneira.gal\/#\/schema\/logo\/image\/","url":"http:\/\/www.anovapeneira.gal\/wp-content\/uploads\/2019\/06\/logo_a_nova_peneira_portal_web.png","contentUrl":"http:\/\/www.anovapeneira.gal\/wp-content\/uploads\/2019\/06\/logo_a_nova_peneira_portal_web.png","width":300,"height":100,"caption":"A Nova Peneira"},"image":{"@id":"https:\/\/www.anovapeneira.gal\/#\/schema\/logo\/image\/"},"sameAs":["https:\/\/www.facebook.com\/anovapeneira","https:\/\/x.com\/APeneira"]},{"@type":"Person","@id":"https:\/\/www.anovapeneira.gal\/#\/schema\/person\/b93e3f8932e3f8da96334607eb6ac6aa","name":"Redacci\u00f3n A Nova Peneira","image":{"@type":"ImageObject","inLanguage":"gl-ES","@id":"https:\/\/secure.gravatar.com\/avatar\/c052a2551a06e23fac63626232eaa90abd78dbcf1700fc46a2b2c89fd27b735f?s=96&d=mm&r=g","url":"https:\/\/secure.gravatar.com\/avatar\/c052a2551a06e23fac63626232eaa90abd78dbcf1700fc46a2b2c89fd27b735f?s=96&d=mm&r=g","contentUrl":"https:\/\/secure.gravatar.com\/avatar\/c052a2551a06e23fac63626232eaa90abd78dbcf1700fc46a2b2c89fd27b735f?s=96&d=mm&r=g","caption":"Redacci\u00f3n A Nova Peneira"},"sameAs":["http:\/\/www.anovapeneira.gal\/"],"url":"https:\/\/www.anovapeneira.gal\/index.php\/author\/redactor\/"}]}},"jetpack_featured_media_url":"https:\/\/www.anovapeneira.gal\/wp-content\/uploads\/2020\/10\/praza_concello_ponteareas.jpg","_links":{"self":[{"href":"https:\/\/www.anovapeneira.gal\/index.php\/wp-json\/wp\/v2\/posts\/4105","targetHints":{"allow":["GET"]}}],"collection":[{"href":"https:\/\/www.anovapeneira.gal\/index.php\/wp-json\/wp\/v2\/posts"}],"about":[{"href":"https:\/\/www.anovapeneira.gal\/index.php\/wp-json\/wp\/v2\/types\/post"}],"author":[{"embeddable":true,"href":"https:\/\/www.anovapeneira.gal\/index.php\/wp-json\/wp\/v2\/users\/3"}],"replies":[{"embeddable":true,"href":"https:\/\/www.anovapeneira.gal\/index.php\/wp-json\/wp\/v2\/comments?post=4105"}],"version-history":[{"count":1,"href":"https:\/\/www.anovapeneira.gal\/index.php\/wp-json\/wp\/v2\/posts\/4105\/revisions"}],"predecessor-version":[{"id":4107,"href":"https:\/\/www.anovapeneira.gal\/index.php\/wp-json\/wp\/v2\/posts\/4105\/revisions\/4107"}],"wp:featuredmedia":[{"embeddable":true,"href":"https:\/\/www.anovapeneira.gal\/index.php\/wp-json\/wp\/v2\/media\/4106"}],"wp:attachment":[{"href":"https:\/\/www.anovapeneira.gal\/index.php\/wp-json\/wp\/v2\/media?parent=4105"}],"wp:term":[{"taxonomy":"category","embeddable":true,"href":"https:\/\/www.anovapeneira.gal\/index.php\/wp-json\/wp\/v2\/categories?post=4105"},{"taxonomy":"post_tag","embeddable":true,"href":"https:\/\/www.anovapeneira.gal\/index.php\/wp-json\/wp\/v2\/tags?post=4105"}],"curies":[{"name":"wp","href":"https:\/\/api.w.org\/{rel}","templated":true}]}}