{"id":4111,"date":"2020-10-16T12:00:28","date_gmt":"2020-10-16T10:00:28","guid":{"rendered":"http:\/\/www.anovapeneira.gal\/?p=4111"},"modified":"2020-10-15T18:21:09","modified_gmt":"2020-10-15T16:21:09","slug":"a-operacion-jaro","status":"publish","type":"post","link":"https:\/\/www.anovapeneira.gal\/index.php\/2020\/10\/16\/a-operacion-jaro\/","title":{"rendered":"A OPERACI\u00d3N JARO"},"content":{"rendered":"\n<p><strong>No ano 2.015 a Garda Civil deti\u00f1a a varias persoas militantes de Causa Galiza. A dimensi\u00f3n que tivo esta nova nos medios de comunicaci\u00f3n m\u00e1is importantes de Galicia foi enorme. As\u00ed por exemplo, o 31 de outubro dese ano, un dos xornais de maior tiraxe titulaba: \u201dLa Guardia Civil asesta otro golpe al brazo pol\u00edtico de Resistencia Galega\u201d dando por feito as\u00ed, sen m\u00e1is, que as persoas detidas son brazo pol\u00edtico dunha suposta organizaci\u00f3n terrorista: \u201dLa Guardia Civil asest\u00f3 ayer un nuevo golpe al entorno de la banda terrorista Resistencia Galega\u201d , as\u00ed comezaba a redacci\u00f3n da nova que situaba a unhas persoas aos p\u00e9s dos cabalos, estigmatiz\u00e1ndoas a priori como supostos brazos pol\u00edticos de terroristas ,pas\u00e1ndose a presunci\u00f3n de inocencia polo forro, directamente polo forro. Ao longo destes anos este proceso, bautizado como \u201cOperaci\u00f3n Jaro\u201d ter\u00eda unha segunda fase que supuxo a detenci\u00f3n de varios integrantes da organizaci\u00f3n Ceivar. Neste tempo, a situaci\u00f3n procesual das 12 persoas afectadas pasou por diversas etapas, desde unha acusaci\u00f3n inicial de pertenza a banda armada, desbotada porque a evidencia de que, afortunadamente, en Galicia non existe ning\u00fan tipo de banda armada que practique a violencia pol\u00edtica \u00e9 m\u00e1is que obvia ,ata o que parec\u00eda ser un proceso por un suposto delito de enaltecemento do terrorismo para finalmente seren acusados dun tipo delituoso bastante grave :\u201dpertenza a organizaci\u00f3n criminal para enaltecer o terrorismo\u201d. O pr\u00f3ximo d\u00eda 19, na capital do estado, estas 12 persoas ser\u00e1n xulgadas enfront\u00e1ndose \u00e1 petici\u00f3n de graves penas de prisi\u00f3n e de castigos econ\u00f3micos e sociais que de prosperaren supor\u00edan a s\u00faa morte civil como seren humanos al\u00e9n de que ambas organizaci\u00f3ns , Causa Galiza e Ceivar, ser\u00edan disoltas. N\u00f3s falamos con Jo\u00e1m de Causa Galiza, unha das persoas procesadas, e con Manuel o avogado das persoas encausadas.<\/strong><\/p>\n\n\n\n<p><strong>JO\u00c1M PERES LOUREN\u00c7O<\/strong><\/p>\n\n\n\n<p>\u201c<strong>O NOSO, \u00c9 UN CASO EVIDENTE DE XUSTIZA PROSPECTIVA\u201d<\/strong><\/p>\n\n\n\n<p><strong>Xa est\u00e1n definidas as datas do voso xu\u00edzo, verdade?<\/strong><\/p>\n\n\n\n<blockquote class=\"wp-block-quote is-layout-flow wp-block-quote-is-layout-flow\"><p>Si, vai ser os d\u00edas 19, 20 e 21 de outubro na Audiencia Nacional de San Fernando de Henares. A celebraci\u00f3n est\u00e1 a expensas da evoluci\u00f3n da situaci\u00f3n epidemiol\u00f3xica de Madrid, mais, tal como se definen os protocolos, todo indica que iso non ser\u00e1 un obst\u00e1culo. Al\u00e9n de sermos obxecto dun xu\u00edzo pol\u00edtico, a propia celebraci\u00f3n do proceso exp\u00f3n a decenas de persoas implicadas no mesmo a un risco real de contaxio.<\/p><\/blockquote>\n\n\n\n<p><strong>Vexo que como m\u00ednimo teredes que estar tres d\u00edas completos en Madrid. Quen se fai cargo dos vosos gastos eses d\u00edas?<\/strong><\/p>\n\n\n\n<blockquote class=\"wp-block-quote is-layout-flow wp-block-quote-is-layout-flow\"><p>N\u00f3s mesmos, comunitariamente e unha solidariedade econ\u00f3mica independentista que, como sempre que \u00e9 necesaria, est\u00e1 a\u00ed.<\/p><\/blockquote>\n\n\n\n<p><strong>E no caso de absoluci\u00f3n, non se reintegran os gastos?<\/strong><\/p>\n\n\n\n<blockquote class=\"wp-block-quote is-layout-flow wp-block-quote-is-layout-flow\"><p>Non. O desgaste econ\u00f3mico fai parte dun proceso represivo prolongado no tempo que xa dura cinco anos.<\/p><\/blockquote>\n\n\n\n<p><strong>Cales son os tipos delituosos de que se vos acusa?<\/strong><\/p>\n\n\n\n<blockquote class=\"wp-block-quote is-layout-flow wp-block-quote-is-layout-flow\"><p>&#8221;Enaltecemento do terrorismo&#8221; e &#8221;integraci\u00f3n en banda criminal&#8221; para practicar ese enaltecemento<\/p><\/blockquote>\n\n\n\n<p><strong>Polo tanto Causa Galiza e Ceivar, ser\u00edan d\u00faas \u201cbandas criminais\u201d?<\/strong><\/p>\n\n\n\n<blockquote class=\"wp-block-quote is-layout-flow wp-block-quote-is-layout-flow\"><p>A pesar do esperp\u00e9ntico da afirmaci\u00f3n, s\u00ed. O traballo pol\u00edtico independentista e a solidariedade cos independentistas represaliados e represaliadas son tipificadas como actividades &#8221;criminosas&#8221; e sancionadas con m\u00e1is de 100 anos de prisi\u00f3n.<\/p><\/blockquote>\n\n\n\n<p><strong>M\u00e1is dun s\u00e9culo de prisi\u00f3n\u00a1\u00a1\u00a1<\/strong><\/p>\n\n\n\n<blockquote class=\"wp-block-quote is-layout-flow wp-block-quote-is-layout-flow\"><p>Si, as petici\u00f3ns individuais de condenas van desde os 4 ata os 12 anos. Logo, sanci\u00f3ns econ\u00f3micas que superan os 300.000\u20ac, a inhabilitaci\u00f3n para traballar na administraci\u00f3n e opositar a emprego p\u00fablico e o impedimento para participar como candidatos en procesos electorais.<\/p><\/blockquote>\n\n\n\n<p><strong>E politicamente para as d\u00faas organizaci\u00f3ns?<\/strong><\/p>\n\n\n\n<blockquote class=\"wp-block-quote is-layout-flow wp-block-quote-is-layout-flow\"><p>O proceso poder\u00eda supor a disoluci\u00f3n de ambas e o primeiro caso desde\u00a01936, en Galiza, de ilegalizaci\u00f3n de organizaci\u00f3ns independentistas. Podemos estar perante o modelado do mapa pol\u00edtico do pa\u00eds a trav\u00e9s dunha operaci\u00f3n policial e un xu\u00edzo pol\u00edtico. A gravidade do contexto penso que \u00e9 evidente.<\/p><\/blockquote>\n\n\n\n<p><strong>Canto levades con isto ?<\/strong><\/p>\n\n\n\n<blockquote class=\"wp-block-quote is-layout-flow wp-block-quote-is-layout-flow\"><p>A montaxe da Guardia Civil comezou o 30 de outubro do ano 2.015. Van por tanto cinco anos de proceso xudicial. Neste tempo pasamos por distintas fases. Inicialmente Causa Galiza foi suspendida de actividades, o que supuxo unha ilegalizaci\u00f3n de facto durante un ano e a recuperaci\u00f3n do status legal despois dese tempo. O sumario foi perdendo fol co paso do tempo, retir\u00e1ndose imputaci\u00f3ns como a de &#8221;pertenza a banda armada&#8221;, etc. Finalmente, a Fiscal\u00eda, cun goberno do PSOE, introduce a imputaci\u00f3n de pertenza a &#8221;banda criminal&#8221; e retornamos a unha posici\u00f3n similar \u00e1 de cinco anos antes.<\/p><\/blockquote>\n\n\n\n<p><strong>Por que?<\/strong><\/p>\n\n\n\n<blockquote class=\"wp-block-quote is-layout-flow wp-block-quote-is-layout-flow\"><p>Causa Galiza foi acusada pola Guardia Civil de ser o &#8221;brazo pol\u00edtico&#8221; dunha suposta organizaci\u00f3n armada. Paradoxalmente, doce meses despois, a Audiencia Nacional devolv\u00edalle o seu status legal, desmentindo as\u00ed a acusaci\u00f3n policial e medi\u00e1tica. Posteriormente, retiraron o cargo de &#8221;integraci\u00f3n en banda armada&#8221; ante a inexistencia de ningunha evidencia probatoria neste sentido. E cando previamos un xu\u00edzo por &#8221;enaltecemento do terrorismo&#8221;, atop\u00e1monos cunha nova imputaci\u00f3n, agora por \u201cintegraci\u00f3n en banda criminal\u201d, que afecta organizaci\u00f3ns que levan anos actuando con luz e taqu\u00edgrafos \u00e1 vista de todas e todos e te\u00f1en unha intervenci\u00f3n absolutamente legal.<\/p><\/blockquote>\n\n\n\n<p><strong>Estamos, no teu xu\u00edzo, ante un caso de xustiza prospectiva?<\/strong><\/p>\n\n\n\n<blockquote class=\"wp-block-quote is-layout-flow wp-block-quote-is-layout-flow\"><p>Se se entende por tal aquela que inicia actuaci\u00f3ns policiais para encontrar probas dun delito inexistente ou imaxinado, o noso caso \u00e9 evidente. Non se produce unha investigaci\u00f3n xudicial en base a existencia de indicios racionais de criminalidade, sen\u00f3n que somos v\u00edtimas dunha operaci\u00f3n pol\u00edtica que toma a priori a decisi\u00f3n de ir a por o independentismo para facilitar a morte pol\u00edtica das organizaci\u00f3ns independentistas, e a morte civil das persoas que militamos nesas organizaci\u00f3ns. \u00c9 sintom\u00e1tico que a operaci\u00f3n estivese dirixida por un ministerio do interior comandado por persoas cun papel presuntamente moi relevante na operaci\u00f3n Kitchen<\/p><\/blockquote>\n\n\n\n<p><strong>Quen son esas persoas?<\/strong><\/p>\n\n\n\n<blockquote class=\"wp-block-quote is-layout-flow wp-block-quote-is-layout-flow\"><p>Jorge Fern\u00e1ndez D\u00edaz, naquel momento ministro do interior, e Francisco Mart\u00ednez daquela secretario de estado. Tam\u00e9n Arsenio Fern\u00e1ndez de Mesa, ligado no seu d\u00eda \u00e1 extrema dereita en Trasancos e nese ano director da Garda Civil<\/p><\/blockquote>\n\n\n\n<p><strong>Tedes medo de que a vosa sentenza xa estea escrita?<\/strong><\/p>\n\n\n\n<blockquote class=\"wp-block-quote is-layout-flow wp-block-quote-is-layout-flow\"><p>Entendemos que a sentenza ter\u00e1 un forte impulso pol\u00edtico e que se estamos nos bancos da Audiencia Nacional \u00e9, exclusivamente, por raz\u00f3ns pol\u00edticas e por unha pretensi\u00f3n evidente de criminalizar e borrar do mapa a perspectiva independentista nun momento de crecemento sociol\u00f3xico desta. O Estado est\u00e1 consciente do aumento da conciencia independentista en Galiza e combate ese proceso por v\u00eda policial e xudicial. Con todo, a reacci\u00f3n social ao proceso tam\u00e9n condicionar\u00e1 a s\u00faa resoluci\u00f3n final.<\/p><\/blockquote>\n\n\n\n<p><strong>En base a que sustentas esa opini\u00f3n?<\/strong><\/p>\n\n\n\n<blockquote class=\"wp-block-quote is-layout-flow wp-block-quote-is-layout-flow\"><p>Cando entraron nas nosas casas non atoparon nada que relacionase a nosa militancia con actividades ou organizaci\u00f3ns ilegais. A nosa intervenci\u00f3n desenvolveuse, sempre, no marco xur\u00eddico e pol\u00edtico vixente a\u00ednda que apostase pola s\u00faa superaci\u00f3n. O xu\u00edzo non se pode entender baixo ningunha premisa xur\u00eddica ou delituosa. Responde a criterios de estratexia pol\u00edtica.<\/p><\/blockquote>\n\n\n\n<p><strong>O material que se levaron, nos rexistros que efectuaron nas vosas casas, devolv\u00e9usevos?<\/strong><\/p>\n\n\n\n<blockquote class=\"wp-block-quote is-layout-flow wp-block-quote-is-layout-flow\"><p>Non. Desco\u00f1ecemos o paradeiro de documentos, computadores, l\u00e1pices de memoria, libretas, pertenzas persoais de todo tipo, etc.<\/p><\/blockquote>\n\n\n\n<p><strong>Estades desenvolvendo unha ampla campa\u00f1a de difusi\u00f3n do voso caso. Como valorades o seu resultado?&nbsp;<\/strong><\/p>\n\n\n\n<blockquote class=\"wp-block-quote is-layout-flow wp-block-quote-is-layout-flow\"><p>Si, a pesar do bloqueo informativo, estamos rompendo o cerco e visibilizando, publicamente, o proceso represivo e a s\u00faa natureza. Centenares de sinaturas de apoio, asembleas abertas por todo o pa\u00eds, campa\u00f1a de r\u00faa, posicionamento de organizaci\u00f3ns e colectivos, etc. A nosa estratexia de traballo foi dirixirnos a todos os sectores pol\u00edticos e sociais, por a cuesti\u00f3n sobre a mesa e solicitar compromisos. Os resultados est\u00e1n a\u00ed. Como era de esperar os sectores m\u00e1is receptivos foron o independentismo e o nacionalismo tanto pol\u00edtico como sindical.<\/p><\/blockquote>\n\n\n\n<p><strong>Con Podemos e con Esquerda Unida estivestes?<\/strong><\/p>\n\n\n\n<blockquote class=\"wp-block-quote is-layout-flow wp-block-quote-is-layout-flow\"><p>Esquerda Unida denunciou publicamente a montaxe xudicial e policial<\/p><\/blockquote>\n\n\n\n<p><strong>E Podemos?<\/strong><\/p>\n\n\n\n<blockquote class=\"wp-block-quote is-layout-flow wp-block-quote-is-layout-flow\"><p>Solicitamos en diversas ocasi\u00f3ns reunirnos coa s\u00faa direcci\u00f3n auton\u00f3mica, mais a realidade \u00e9 que as palabras nunca se traduciron en feitos. Que non exista un posicionamento nun asunto da gravidade do presente \u00e9, para n\u00f3s, moi preocupante.<\/p><\/blockquote>\n\n\n\n<p><strong>De \u00e1nimos e de moral como estades?<\/strong><\/p>\n\n\n\n<blockquote class=\"wp-block-quote is-layout-flow wp-block-quote-is-layout-flow\"><p>Moi fortes e unidos como unha pi\u00f1a. As nosas convicci\u00f3ns independentistas e a determinaci\u00f3n para seguir a traballar politicamente pola independencia nacional medraron neste tempo. Enfrontaremos o xu\u00edzo con forza e con dignidade como non pod\u00eda ser de outro xeito e chamamos \u00e1 sociedade galega a levantar un muro de denuncia e solidariedade fronte a unha represi\u00f3n, que nos afecta directamente a n\u00f3s, mais est\u00e1 dirixida a toda a sociedade e a condicionar, utilizando a forza, o avanzo soberanista.<\/p><\/blockquote>\n\n\n\n<p><strong>MANUEL CHAO AVOGADO<\/strong><\/p>\n\n\n\n<figure class=\"wp-block-image size-large is-style-default\"><img loading=\"lazy\" decoding=\"async\" width=\"720\" height=\"432\" src=\"http:\/\/www.anovapeneira.gal\/wp-content\/uploads\/2020\/10\/Manuel_Chao_operacion_jaro.jpg\" alt=\"\" class=\"wp-image-4115\" srcset=\"https:\/\/www.anovapeneira.gal\/wp-content\/uploads\/2020\/10\/Manuel_Chao_operacion_jaro.jpg 720w, https:\/\/www.anovapeneira.gal\/wp-content\/uploads\/2020\/10\/Manuel_Chao_operacion_jaro-300x180.jpg 300w\" sizes=\"auto, (max-width: 720px) 100vw, 720px\" \/><\/figure>\n\n\n\n<p><strong>Manuel representa a 9 das 12 persoas encausadas na operaci\u00f3n Jaro. Falamos con el no seu despacho de Vigo<\/strong><\/p>\n\n\n\n<p>\u201c<strong>TE\u00d1O CONFIANZA EN QUE A LEGALIDADE PROSPERE E QUE A SENTENCIA SEXA ABSOLUTORIA POIS NON EXISTE DELITO ALG\u00daN\u201d<\/strong><\/p>\n\n\n\n<p><strong>Esta entrevista fac\u00e9mola poucos d\u00edas antes da celebraci\u00f3n do xu\u00edzo. Prev\u00e9s que a situaci\u00f3n epidemiol\u00f3xica na que se encontra a comunidade de Madrid, provoque que o inicio da vista se ad\u00ede?<\/strong><\/p>\n\n\n\n<blockquote class=\"wp-block-quote is-layout-flow wp-block-quote-is-layout-flow\"><p>Primeiro agradecer o voso interese.En relaci\u00f3n \u00e1 t\u00faa pregunta n\u00f3s pensamos que ser\u00eda posible que as\u00ed fose. De feito algunha das persoas procesadas \u00e9 persoa de risco, as\u00ed diagnosticada polo m\u00e9dico, e n\u00f3s pedimos o adiamento.\u00a0<\/p><\/blockquote>\n\n\n\n<p><strong>Resolveuse a vosa petici\u00f3n?<\/strong><\/p>\n\n\n\n<blockquote class=\"wp-block-quote is-layout-flow wp-block-quote-is-layout-flow\"><p>De momento non. Pero dadas as caracter\u00edsticas do tribunal que nos tocou, a verdade \u00e9 que non son optimista.<\/p><\/blockquote>\n\n\n\n<p><strong>Cales son os tipos delituosos dos que se acusa \u00e1s persoas que ti representas?<\/strong><\/p>\n\n\n\n<blockquote class=\"wp-block-quote is-layout-flow wp-block-quote-is-layout-flow\"><p>Quero aclarar primeiro que o noso despacho representa a 9 das 12 persoas acusadas. N\u00f3s defendemos aos primeiros detidos, na operaci\u00f3n Jaro 1. As persoas detidas en Jaro 2 son defendidas por outro letrado. A acusaci\u00f3n da fiscal\u00eda \u00e9 por varios delitos de enaltecemento do terrorismo e por outro tipo penal que consistir\u00eda na integraci\u00f3n nunha organizaci\u00f3n criminal<\/p><\/blockquote>\n\n\n\n<p><strong>Xa que logo, segundo a perspectiva da fiscal\u00eda Causa Galiza ser\u00eda unha organizaci\u00f3n criminal?<\/strong><\/p>\n\n\n\n<blockquote class=\"wp-block-quote is-layout-flow wp-block-quote-is-layout-flow\"><p>Si, ser\u00eda unha organizaci\u00f3n criminal creada ad hoc para enaltecer o terrorismo<\/p><\/blockquote>\n\n\n\n<p><strong>Ese tipo delituoso segundo o cal unha serie de persoas decidir\u00edan organizarse co suposto obxectivo de enaltecer actividades terroristas, facendo un exercicio de dereito comparado, podemos atopalo nos c\u00f3digos penais doutros estados?<\/strong><\/p>\n\n\n\n<blockquote class=\"wp-block-quote is-layout-flow wp-block-quote-is-layout-flow\"><p>Non. En estados democr\u00e1ticos e de dereito m\u00e1is avanzado da nosa contorna nunca que eu saiba se lesionou tanto a participaci\u00f3n pol\u00edtica ata o punto de pensar que unha organizaci\u00f3n pol\u00edtica se crea para cometer delitos. Se alg\u00fan membro dunha forza pol\u00edtica comete alg\u00fan delito, nunca en ning\u00fan caso se considerou \u00e1 organizaci\u00f3n en si como unha organizaci\u00f3n criminal. O que acontece neste asunto \u00e9 que se aplicou un tipo de investigaci\u00f3n prospectiva. Quero dicir, non se produce unha actuaci\u00f3n xudicial en base \u00e1 existencia de indicios racionais de criminalidade, sen\u00f3n que se investiga a ver se se encontra algunha actuaci\u00f3n delituosa. A trav\u00e9s da detenci\u00f3n e dos rexistros b\u00fascanse os delitos. Estamos ante un caso m\u00e1is que notorio de xustiza prospectiva<\/p><\/blockquote>\n\n\n\n<p><strong>Se a xustiza se administra en funci\u00f3n de criterios de oportunidade pol\u00edtica non \u00e9 xustiza<\/strong><\/p>\n\n\n\n<blockquote class=\"wp-block-quote is-layout-flow wp-block-quote-is-layout-flow\"><p>As\u00ed \u00e9. E quixera dicir ao respecto disto que as consideraci\u00f3ns de Europa sobre o funcionamento da xustiza espa\u00f1ola son moi preocupantes<\/p><\/blockquote>\n\n\n\n<p><strong>A persoa procesada que tam\u00e9n entrevistamos nas nosas p\u00e1xinas considera que a sentenza vai ter un compo\u00f1ente m\u00e1is de tipo pol\u00edtico que puramente xur\u00eddico. Cal \u00e9 a t\u00faa opini\u00f3n ao respecto?<\/strong><\/p>\n\n\n\n<blockquote class=\"wp-block-quote is-layout-flow wp-block-quote-is-layout-flow\"><p>O presidente do tribunal que nos tocou, imos pensar que foi por casualidade, foi tam\u00e9n presidente do tribunal que declarou que en Galicia exist\u00eda unha organizaci\u00f3n armada chamada Resistencia Galega. Esta declaraci\u00f3n forma parte da proba deste sumario, xa que logo, ao haber coincidencia, n\u00f3s consideramos pertinente recusar ao presidente do tribunal<\/p><\/blockquote>\n\n\n\n<p><strong>Resolveuse esta recusaci\u00f3n?<\/strong><\/p>\n\n\n\n<blockquote class=\"wp-block-quote is-layout-flow wp-block-quote-is-layout-flow\"><p>A\u00ednda non. Pero n\u00f3s entendemos que non pode gardar a imparcialidade debida ao terse pronunciado dunha determinada maneira. Asemade xa ten manifestado animadversi\u00f3n cara \u00e1s minor\u00edas nacionais<\/p><\/blockquote>\n\n\n\n<p><strong>Iso est\u00e1 constatado?<\/strong><\/p>\n\n\n\n<blockquote class=\"wp-block-quote is-layout-flow wp-block-quote-is-layout-flow\"><p>Si, publicamente. Se a esta situaci\u00f3n sumamos o tipo de investigaci\u00f3n , que acusa \u00e1s organizaci\u00f3ns antes de probar se alg\u00fan dos seus membros cometeu alg\u00fan delito, pois semella que a compo\u00f1ente pol\u00edtica \u00e9 elevada e preocupante.<\/p><\/blockquote>\n\n\n\n<p><strong>A existencia da propia Audiencia Nacional \u00e9 unha anomal\u00eda xur\u00eddica?<\/strong><\/p>\n\n\n\n<blockquote class=\"wp-block-quote is-layout-flow wp-block-quote-is-layout-flow\"><p>Si. S\u00f3 nos estados con niveis moi elevados de conflitividade pol\u00edtica se crean estes tribunais ad hoc. A existencia da AN substit\u00fae un dereito fundamental que \u00e9 o do xu\u00edz natural, que sempre \u00e9 o da contorna m\u00e1is pr\u00f3xima a onde se produciu o suposto feito delituoso. Iso \u00e9 b\u00e1sico case desde o dereito romano.Non estados onde non existe persecuci\u00f3n contra a disidencia pol\u00edtica non hai tribunais como a Audiencia Nacional.<\/p><\/blockquote>\n\n\n\n<p><strong>As penas que demanda a fiscal\u00eda son elevad\u00edsimas, ves posibilidades de que acaben sendo confirmadas pola sentencia do tribunal?<\/strong><\/p>\n\n\n\n<blockquote class=\"wp-block-quote is-layout-flow wp-block-quote-is-layout-flow\"><p>N\u00f3s, malia todos estes inconvenientes da composici\u00f3n do tribunal e da investigaci\u00f3n temos confianza en que a legalidade prospere e que a sentencia sexa absolutoria pois non hai delito alg\u00fan. \u00c9 m\u00e1is algunhas das acusaci\u00f3ns son tan disparatadas como son acusalos de actos do ano 2.009 que estar\u00edan prescritos, ou acusalos de recibir a un veci\u00f1o que sa\u00eda da cadea e que nin sequera fora condenado por terrorismo.Por outra parte tam\u00e9n temos a referencia da \u00faltima sentencia de Estrasburgo tam\u00e9n sobre unha condena do tribunal supremo espa\u00f1ol sobre enaltecemento, na que di que portar bandeiras , facer recibimentos ou amosar fotograf\u00edas non \u00e9 delito de enaltecemento<\/p><\/blockquote>\n\n\n\n<p><strong>De cando \u00e9 esa sentencia?<\/strong><\/p>\n\n\n\n<blockquote class=\"wp-block-quote is-layout-flow wp-block-quote-is-layout-flow\"><p>De xaneiro deste ano. E xa \u00e9 a terceira sentencia do tribunal de Estrasburgo neste sentido<\/p><\/blockquote>\n\n\n\n<p><strong>No c\u00f3digo penal espa\u00f1ol o delito de enaltecemento do terrorismo est\u00e1 redactado de maneira inequ\u00edvoca ou pola contra pode estar suxeito \u00e1 interpretaci\u00f3n do xulgador?<\/strong><\/p>\n\n\n\n<blockquote class=\"wp-block-quote is-layout-flow wp-block-quote-is-layout-flow\"><p>Como todos os tipos penais excepcionais a s\u00faa redacci\u00f3n \u00e9 ampla e inconcreta. Afecta \u00e1 liberdade ideol\u00f3xica e \u00e1 liberdade de organizaci\u00f3n pol\u00edtica. Reitero por\u00e9n, que a xurisprudencia do tribunal europeo de dereitos humanos si \u00e9 moi clara.\u00a0<\/p><\/blockquote>\n\n\n\n<p><strong>Ti tes confianza en que non sexa necesario acudir a Europa?<\/strong><\/p>\n\n\n\n<blockquote class=\"wp-block-quote is-layout-flow wp-block-quote-is-layout-flow\"><p>Si, claramente si.<\/p><\/blockquote>\n\n\n\n<p><strong>A\u00ednda que de ser preciso haber\u00eda que ir?<\/strong><\/p>\n\n\n\n<blockquote class=\"wp-block-quote is-layout-flow wp-block-quote-is-layout-flow\"><p>Por descontado.<\/p><\/blockquote>\n","protected":false},"excerpt":{"rendered":"<div class=\"mh-excerpt\"><p>No ano 2.015 a Garda Civil deti\u00f1a a varias persoas militantes de Causa Galiza. A dimensi\u00f3n que tivo esta nova nos medios de comunicaci\u00f3n m\u00e1is importantes de Galicia foi enorme. As\u00ed por exemplo, o 31 de outubro dese ano, un dos xornais de maior tiraxe titulaba: \u201dLa Guardia Civil asesta otro golpe al brazo pol\u00edtico de Resistencia Galega\u201d dando por feito as\u00ed, sen m\u00e1is, que as persoas detidas son brazo pol\u00edtico dunha suposta organizaci\u00f3n terrorista <a class=\"mh-excerpt-more\" href=\"https:\/\/www.anovapeneira.gal\/index.php\/2020\/10\/16\/a-operacion-jaro\/\" title=\"A OPERACI\u00d3N JARO\">[&#8230;]<\/a><\/p>\n<\/div>","protected":false},"author":2,"featured_media":4113,"comment_status":"open","ping_status":"open","sticky":false,"template":"","format":"standard","meta":{"_exactmetrics_skip_tracking":false,"_exactmetrics_sitenote_active":false,"_exactmetrics_sitenote_note":"","_exactmetrics_sitenote_category":0,"footnotes":""},"categories":[589],"tags":[],"class_list":{"0":"post-4111","1":"post","2":"type-post","3":"status-publish","4":"format-standard","5":"has-post-thumbnail","7":"category-reportaxe_galicia"},"yoast_head":"<!-- This site is optimized with the Yoast SEO plugin v27.4 - https:\/\/yoast.com\/product\/yoast-seo-wordpress\/ -->\n<title>A OPERACI\u00d3N JARO -<\/title>\n<meta name=\"robots\" content=\"index, follow, max-snippet:-1, max-image-preview:large, max-video-preview:-1\" \/>\n<link rel=\"canonical\" href=\"https:\/\/www.anovapeneira.gal\/index.php\/2020\/10\/16\/a-operacion-jaro\/\" \/>\n<meta property=\"og:locale\" content=\"gl_ES\" \/>\n<meta property=\"og:type\" content=\"article\" \/>\n<meta property=\"og:title\" content=\"A OPERACI\u00d3N JARO -\" \/>\n<meta property=\"og:description\" content=\"No ano 2.015 a Garda Civil deti\u00f1a a varias persoas militantes de Causa Galiza. A dimensi\u00f3n que tivo esta nova nos medios de comunicaci\u00f3n m\u00e1is importantes de Galicia foi enorme. As\u00ed por exemplo, o 31 de outubro dese ano, un dos xornais de maior tiraxe titulaba: \u201dLa Guardia Civil asesta otro golpe al brazo pol\u00edtico de Resistencia Galega\u201d dando por feito as\u00ed, sen m\u00e1is, que as persoas detidas son brazo pol\u00edtico dunha suposta organizaci\u00f3n terrorista [...]\" \/>\n<meta property=\"og:url\" content=\"https:\/\/www.anovapeneira.gal\/index.php\/2020\/10\/16\/a-operacion-jaro\/\" \/>\n<meta property=\"article:publisher\" content=\"https:\/\/www.facebook.com\/anovapeneira\" \/>\n<meta property=\"article:published_time\" content=\"2020-10-16T10:00:28+00:00\" \/>\n<meta property=\"og:image\" content=\"https:\/\/www.anovapeneira.gal\/wp-content\/uploads\/2020\/10\/Joam_Perez_operacion_jaro.jpg\" \/>\n\t<meta property=\"og:image:width\" content=\"720\" \/>\n\t<meta property=\"og:image:height\" content=\"432\" \/>\n\t<meta property=\"og:image:type\" content=\"image\/jpeg\" \/>\n<meta name=\"author\" content=\"Tino Lago\" \/>\n<meta name=\"twitter:card\" content=\"summary_large_image\" \/>\n<meta name=\"twitter:creator\" content=\"@APeneira\" \/>\n<meta name=\"twitter:site\" content=\"@APeneira\" \/>\n<meta name=\"twitter:label1\" content=\"Escrito por\" \/>\n\t<meta name=\"twitter:data1\" content=\"Tino Lago\" \/>\n\t<meta name=\"twitter:label2\" content=\"Tempo de lectura\" \/>\n\t<meta name=\"twitter:data2\" content=\"13 minutos\" \/>\n<script type=\"application\/ld+json\" class=\"yoast-schema-graph\">{\"@context\":\"https:\\\/\\\/schema.org\",\"@graph\":[{\"@type\":\"Article\",\"@id\":\"https:\\\/\\\/www.anovapeneira.gal\\\/index.php\\\/2020\\\/10\\\/16\\\/a-operacion-jaro\\\/#article\",\"isPartOf\":{\"@id\":\"https:\\\/\\\/www.anovapeneira.gal\\\/index.php\\\/2020\\\/10\\\/16\\\/a-operacion-jaro\\\/\"},\"author\":{\"name\":\"Tino Lago\",\"@id\":\"https:\\\/\\\/www.anovapeneira.gal\\\/#\\\/schema\\\/person\\\/424dfe65e3070fd8a44d22d2c088762a\"},\"headline\":\"A OPERACI\u00d3N JARO\",\"datePublished\":\"2020-10-16T10:00:28+00:00\",\"mainEntityOfPage\":{\"@id\":\"https:\\\/\\\/www.anovapeneira.gal\\\/index.php\\\/2020\\\/10\\\/16\\\/a-operacion-jaro\\\/\"},\"wordCount\":2513,\"commentCount\":0,\"publisher\":{\"@id\":\"https:\\\/\\\/www.anovapeneira.gal\\\/#organization\"},\"image\":{\"@id\":\"https:\\\/\\\/www.anovapeneira.gal\\\/index.php\\\/2020\\\/10\\\/16\\\/a-operacion-jaro\\\/#primaryimage\"},\"thumbnailUrl\":\"https:\\\/\\\/www.anovapeneira.gal\\\/wp-content\\\/uploads\\\/2020\\\/10\\\/Joam_Perez_operacion_jaro.jpg\",\"articleSection\":[\"Reportaxes\"],\"inLanguage\":\"gl-ES\",\"potentialAction\":[{\"@type\":\"CommentAction\",\"name\":\"Comment\",\"target\":[\"https:\\\/\\\/www.anovapeneira.gal\\\/index.php\\\/2020\\\/10\\\/16\\\/a-operacion-jaro\\\/#respond\"]}]},{\"@type\":\"WebPage\",\"@id\":\"https:\\\/\\\/www.anovapeneira.gal\\\/index.php\\\/2020\\\/10\\\/16\\\/a-operacion-jaro\\\/\",\"url\":\"https:\\\/\\\/www.anovapeneira.gal\\\/index.php\\\/2020\\\/10\\\/16\\\/a-operacion-jaro\\\/\",\"name\":\"A OPERACI\u00d3N JARO -\",\"isPartOf\":{\"@id\":\"https:\\\/\\\/www.anovapeneira.gal\\\/#website\"},\"primaryImageOfPage\":{\"@id\":\"https:\\\/\\\/www.anovapeneira.gal\\\/index.php\\\/2020\\\/10\\\/16\\\/a-operacion-jaro\\\/#primaryimage\"},\"image\":{\"@id\":\"https:\\\/\\\/www.anovapeneira.gal\\\/index.php\\\/2020\\\/10\\\/16\\\/a-operacion-jaro\\\/#primaryimage\"},\"thumbnailUrl\":\"https:\\\/\\\/www.anovapeneira.gal\\\/wp-content\\\/uploads\\\/2020\\\/10\\\/Joam_Perez_operacion_jaro.jpg\",\"datePublished\":\"2020-10-16T10:00:28+00:00\",\"breadcrumb\":{\"@id\":\"https:\\\/\\\/www.anovapeneira.gal\\\/index.php\\\/2020\\\/10\\\/16\\\/a-operacion-jaro\\\/#breadcrumb\"},\"inLanguage\":\"gl-ES\",\"potentialAction\":[{\"@type\":\"ReadAction\",\"target\":[\"https:\\\/\\\/www.anovapeneira.gal\\\/index.php\\\/2020\\\/10\\\/16\\\/a-operacion-jaro\\\/\"]}]},{\"@type\":\"ImageObject\",\"inLanguage\":\"gl-ES\",\"@id\":\"https:\\\/\\\/www.anovapeneira.gal\\\/index.php\\\/2020\\\/10\\\/16\\\/a-operacion-jaro\\\/#primaryimage\",\"url\":\"https:\\\/\\\/www.anovapeneira.gal\\\/wp-content\\\/uploads\\\/2020\\\/10\\\/Joam_Perez_operacion_jaro.jpg\",\"contentUrl\":\"https:\\\/\\\/www.anovapeneira.gal\\\/wp-content\\\/uploads\\\/2020\\\/10\\\/Joam_Perez_operacion_jaro.jpg\",\"width\":720,\"height\":432,\"caption\":\"JO\u00c1M PERES LOUREN\u00c7O Operaci\u00f3n Jaro\"},{\"@type\":\"BreadcrumbList\",\"@id\":\"https:\\\/\\\/www.anovapeneira.gal\\\/index.php\\\/2020\\\/10\\\/16\\\/a-operacion-jaro\\\/#breadcrumb\",\"itemListElement\":[{\"@type\":\"ListItem\",\"position\":1,\"name\":\"Portada\",\"item\":\"https:\\\/\\\/www.anovapeneira.gal\\\/\"},{\"@type\":\"ListItem\",\"position\":2,\"name\":\"A OPERACI\u00d3N JARO\"}]},{\"@type\":\"WebSite\",\"@id\":\"https:\\\/\\\/www.anovapeneira.gal\\\/#website\",\"url\":\"https:\\\/\\\/www.anovapeneira.gal\\\/\",\"name\":\"\",\"description\":\"Xornal galego de informaci\u00f3n xeral Publicaci\u00f3n mensual de novas de Galicia e en especial dos Concellos da sur da provincia de Pontevedra.\",\"publisher\":{\"@id\":\"https:\\\/\\\/www.anovapeneira.gal\\\/#organization\"},\"potentialAction\":[{\"@type\":\"SearchAction\",\"target\":{\"@type\":\"EntryPoint\",\"urlTemplate\":\"https:\\\/\\\/www.anovapeneira.gal\\\/?s={search_term_string}\"},\"query-input\":{\"@type\":\"PropertyValueSpecification\",\"valueRequired\":true,\"valueName\":\"search_term_string\"}}],\"inLanguage\":\"gl-ES\"},{\"@type\":\"Organization\",\"@id\":\"https:\\\/\\\/www.anovapeneira.gal\\\/#organization\",\"name\":\"A Nova Peneira\",\"url\":\"https:\\\/\\\/www.anovapeneira.gal\\\/\",\"logo\":{\"@type\":\"ImageObject\",\"inLanguage\":\"gl-ES\",\"@id\":\"https:\\\/\\\/www.anovapeneira.gal\\\/#\\\/schema\\\/logo\\\/image\\\/\",\"url\":\"http:\\\/\\\/www.anovapeneira.gal\\\/wp-content\\\/uploads\\\/2019\\\/06\\\/logo_a_nova_peneira_portal_web.png\",\"contentUrl\":\"http:\\\/\\\/www.anovapeneira.gal\\\/wp-content\\\/uploads\\\/2019\\\/06\\\/logo_a_nova_peneira_portal_web.png\",\"width\":300,\"height\":100,\"caption\":\"A Nova Peneira\"},\"image\":{\"@id\":\"https:\\\/\\\/www.anovapeneira.gal\\\/#\\\/schema\\\/logo\\\/image\\\/\"},\"sameAs\":[\"https:\\\/\\\/www.facebook.com\\\/anovapeneira\",\"https:\\\/\\\/x.com\\\/APeneira\"]},{\"@type\":\"Person\",\"@id\":\"https:\\\/\\\/www.anovapeneira.gal\\\/#\\\/schema\\\/person\\\/424dfe65e3070fd8a44d22d2c088762a\",\"name\":\"Tino Lago\",\"image\":{\"@type\":\"ImageObject\",\"inLanguage\":\"gl-ES\",\"@id\":\"https:\\\/\\\/secure.gravatar.com\\\/avatar\\\/b3df6a06e44bab3111583b90f0f33a0379ee5e3d22cbadd232d39f21c30c62be?s=96&d=mm&r=g\",\"url\":\"https:\\\/\\\/secure.gravatar.com\\\/avatar\\\/b3df6a06e44bab3111583b90f0f33a0379ee5e3d22cbadd232d39f21c30c62be?s=96&d=mm&r=g\",\"contentUrl\":\"https:\\\/\\\/secure.gravatar.com\\\/avatar\\\/b3df6a06e44bab3111583b90f0f33a0379ee5e3d22cbadd232d39f21c30c62be?s=96&d=mm&r=g\",\"caption\":\"Tino Lago\"},\"sameAs\":[\"http:\\\/\\\/www.anovapeneira.gal\"],\"url\":\"https:\\\/\\\/www.anovapeneira.gal\\\/index.php\\\/author\\\/director\\\/\"}]}<\/script>\n<!-- \/ Yoast SEO plugin. -->","yoast_head_json":{"title":"A OPERACI\u00d3N JARO -","robots":{"index":"index","follow":"follow","max-snippet":"max-snippet:-1","max-image-preview":"max-image-preview:large","max-video-preview":"max-video-preview:-1"},"canonical":"https:\/\/www.anovapeneira.gal\/index.php\/2020\/10\/16\/a-operacion-jaro\/","og_locale":"gl_ES","og_type":"article","og_title":"A OPERACI\u00d3N JARO -","og_description":"No ano 2.015 a Garda Civil deti\u00f1a a varias persoas militantes de Causa Galiza. A dimensi\u00f3n que tivo esta nova nos medios de comunicaci\u00f3n m\u00e1is importantes de Galicia foi enorme. As\u00ed por exemplo, o 31 de outubro dese ano, un dos xornais de maior tiraxe titulaba: \u201dLa Guardia Civil asesta otro golpe al brazo pol\u00edtico de Resistencia Galega\u201d dando por feito as\u00ed, sen m\u00e1is, que as persoas detidas son brazo pol\u00edtico dunha suposta organizaci\u00f3n terrorista [...]","og_url":"https:\/\/www.anovapeneira.gal\/index.php\/2020\/10\/16\/a-operacion-jaro\/","article_publisher":"https:\/\/www.facebook.com\/anovapeneira","article_published_time":"2020-10-16T10:00:28+00:00","og_image":[{"width":720,"height":432,"url":"https:\/\/www.anovapeneira.gal\/wp-content\/uploads\/2020\/10\/Joam_Perez_operacion_jaro.jpg","type":"image\/jpeg"}],"author":"Tino Lago","twitter_card":"summary_large_image","twitter_creator":"@APeneira","twitter_site":"@APeneira","twitter_misc":{"Escrito por":"Tino Lago","Tempo de lectura":"13 minutos"},"schema":{"@context":"https:\/\/schema.org","@graph":[{"@type":"Article","@id":"https:\/\/www.anovapeneira.gal\/index.php\/2020\/10\/16\/a-operacion-jaro\/#article","isPartOf":{"@id":"https:\/\/www.anovapeneira.gal\/index.php\/2020\/10\/16\/a-operacion-jaro\/"},"author":{"name":"Tino Lago","@id":"https:\/\/www.anovapeneira.gal\/#\/schema\/person\/424dfe65e3070fd8a44d22d2c088762a"},"headline":"A OPERACI\u00d3N JARO","datePublished":"2020-10-16T10:00:28+00:00","mainEntityOfPage":{"@id":"https:\/\/www.anovapeneira.gal\/index.php\/2020\/10\/16\/a-operacion-jaro\/"},"wordCount":2513,"commentCount":0,"publisher":{"@id":"https:\/\/www.anovapeneira.gal\/#organization"},"image":{"@id":"https:\/\/www.anovapeneira.gal\/index.php\/2020\/10\/16\/a-operacion-jaro\/#primaryimage"},"thumbnailUrl":"https:\/\/www.anovapeneira.gal\/wp-content\/uploads\/2020\/10\/Joam_Perez_operacion_jaro.jpg","articleSection":["Reportaxes"],"inLanguage":"gl-ES","potentialAction":[{"@type":"CommentAction","name":"Comment","target":["https:\/\/www.anovapeneira.gal\/index.php\/2020\/10\/16\/a-operacion-jaro\/#respond"]}]},{"@type":"WebPage","@id":"https:\/\/www.anovapeneira.gal\/index.php\/2020\/10\/16\/a-operacion-jaro\/","url":"https:\/\/www.anovapeneira.gal\/index.php\/2020\/10\/16\/a-operacion-jaro\/","name":"A OPERACI\u00d3N JARO -","isPartOf":{"@id":"https:\/\/www.anovapeneira.gal\/#website"},"primaryImageOfPage":{"@id":"https:\/\/www.anovapeneira.gal\/index.php\/2020\/10\/16\/a-operacion-jaro\/#primaryimage"},"image":{"@id":"https:\/\/www.anovapeneira.gal\/index.php\/2020\/10\/16\/a-operacion-jaro\/#primaryimage"},"thumbnailUrl":"https:\/\/www.anovapeneira.gal\/wp-content\/uploads\/2020\/10\/Joam_Perez_operacion_jaro.jpg","datePublished":"2020-10-16T10:00:28+00:00","breadcrumb":{"@id":"https:\/\/www.anovapeneira.gal\/index.php\/2020\/10\/16\/a-operacion-jaro\/#breadcrumb"},"inLanguage":"gl-ES","potentialAction":[{"@type":"ReadAction","target":["https:\/\/www.anovapeneira.gal\/index.php\/2020\/10\/16\/a-operacion-jaro\/"]}]},{"@type":"ImageObject","inLanguage":"gl-ES","@id":"https:\/\/www.anovapeneira.gal\/index.php\/2020\/10\/16\/a-operacion-jaro\/#primaryimage","url":"https:\/\/www.anovapeneira.gal\/wp-content\/uploads\/2020\/10\/Joam_Perez_operacion_jaro.jpg","contentUrl":"https:\/\/www.anovapeneira.gal\/wp-content\/uploads\/2020\/10\/Joam_Perez_operacion_jaro.jpg","width":720,"height":432,"caption":"JO\u00c1M PERES LOUREN\u00c7O Operaci\u00f3n Jaro"},{"@type":"BreadcrumbList","@id":"https:\/\/www.anovapeneira.gal\/index.php\/2020\/10\/16\/a-operacion-jaro\/#breadcrumb","itemListElement":[{"@type":"ListItem","position":1,"name":"Portada","item":"https:\/\/www.anovapeneira.gal\/"},{"@type":"ListItem","position":2,"name":"A OPERACI\u00d3N JARO"}]},{"@type":"WebSite","@id":"https:\/\/www.anovapeneira.gal\/#website","url":"https:\/\/www.anovapeneira.gal\/","name":"","description":"Xornal galego de informaci\u00f3n xeral Publicaci\u00f3n mensual de novas de Galicia e en especial dos Concellos da sur da provincia de Pontevedra.","publisher":{"@id":"https:\/\/www.anovapeneira.gal\/#organization"},"potentialAction":[{"@type":"SearchAction","target":{"@type":"EntryPoint","urlTemplate":"https:\/\/www.anovapeneira.gal\/?s={search_term_string}"},"query-input":{"@type":"PropertyValueSpecification","valueRequired":true,"valueName":"search_term_string"}}],"inLanguage":"gl-ES"},{"@type":"Organization","@id":"https:\/\/www.anovapeneira.gal\/#organization","name":"A Nova Peneira","url":"https:\/\/www.anovapeneira.gal\/","logo":{"@type":"ImageObject","inLanguage":"gl-ES","@id":"https:\/\/www.anovapeneira.gal\/#\/schema\/logo\/image\/","url":"http:\/\/www.anovapeneira.gal\/wp-content\/uploads\/2019\/06\/logo_a_nova_peneira_portal_web.png","contentUrl":"http:\/\/www.anovapeneira.gal\/wp-content\/uploads\/2019\/06\/logo_a_nova_peneira_portal_web.png","width":300,"height":100,"caption":"A Nova Peneira"},"image":{"@id":"https:\/\/www.anovapeneira.gal\/#\/schema\/logo\/image\/"},"sameAs":["https:\/\/www.facebook.com\/anovapeneira","https:\/\/x.com\/APeneira"]},{"@type":"Person","@id":"https:\/\/www.anovapeneira.gal\/#\/schema\/person\/424dfe65e3070fd8a44d22d2c088762a","name":"Tino Lago","image":{"@type":"ImageObject","inLanguage":"gl-ES","@id":"https:\/\/secure.gravatar.com\/avatar\/b3df6a06e44bab3111583b90f0f33a0379ee5e3d22cbadd232d39f21c30c62be?s=96&d=mm&r=g","url":"https:\/\/secure.gravatar.com\/avatar\/b3df6a06e44bab3111583b90f0f33a0379ee5e3d22cbadd232d39f21c30c62be?s=96&d=mm&r=g","contentUrl":"https:\/\/secure.gravatar.com\/avatar\/b3df6a06e44bab3111583b90f0f33a0379ee5e3d22cbadd232d39f21c30c62be?s=96&d=mm&r=g","caption":"Tino Lago"},"sameAs":["http:\/\/www.anovapeneira.gal"],"url":"https:\/\/www.anovapeneira.gal\/index.php\/author\/director\/"}]}},"jetpack_featured_media_url":"https:\/\/www.anovapeneira.gal\/wp-content\/uploads\/2020\/10\/Joam_Perez_operacion_jaro.jpg","_links":{"self":[{"href":"https:\/\/www.anovapeneira.gal\/index.php\/wp-json\/wp\/v2\/posts\/4111","targetHints":{"allow":["GET"]}}],"collection":[{"href":"https:\/\/www.anovapeneira.gal\/index.php\/wp-json\/wp\/v2\/posts"}],"about":[{"href":"https:\/\/www.anovapeneira.gal\/index.php\/wp-json\/wp\/v2\/types\/post"}],"author":[{"embeddable":true,"href":"https:\/\/www.anovapeneira.gal\/index.php\/wp-json\/wp\/v2\/users\/2"}],"replies":[{"embeddable":true,"href":"https:\/\/www.anovapeneira.gal\/index.php\/wp-json\/wp\/v2\/comments?post=4111"}],"version-history":[{"count":3,"href":"https:\/\/www.anovapeneira.gal\/index.php\/wp-json\/wp\/v2\/posts\/4111\/revisions"}],"predecessor-version":[{"id":4116,"href":"https:\/\/www.anovapeneira.gal\/index.php\/wp-json\/wp\/v2\/posts\/4111\/revisions\/4116"}],"wp:featuredmedia":[{"embeddable":true,"href":"https:\/\/www.anovapeneira.gal\/index.php\/wp-json\/wp\/v2\/media\/4113"}],"wp:attachment":[{"href":"https:\/\/www.anovapeneira.gal\/index.php\/wp-json\/wp\/v2\/media?parent=4111"}],"wp:term":[{"taxonomy":"category","embeddable":true,"href":"https:\/\/www.anovapeneira.gal\/index.php\/wp-json\/wp\/v2\/categories?post=4111"},{"taxonomy":"post_tag","embeddable":true,"href":"https:\/\/www.anovapeneira.gal\/index.php\/wp-json\/wp\/v2\/tags?post=4111"}],"curies":[{"name":"wp","href":"https:\/\/api.w.org\/{rel}","templated":true}]}}