{"id":4117,"date":"2020-10-19T12:00:29","date_gmt":"2020-10-19T10:00:29","guid":{"rendered":"http:\/\/www.anovapeneira.gal\/?p=4117"},"modified":"2020-10-18T15:33:27","modified_gmt":"2020-10-18T13:33:27","slug":"a-cinsa-nos-pes-de-angel-barros","status":"publish","type":"post","link":"https:\/\/www.anovapeneira.gal\/index.php\/2020\/10\/19\/a-cinsa-nos-pes-de-angel-barros\/","title":{"rendered":"A cinsa nos p\u00e9s de \u00c1ngel Barros"},"content":{"rendered":"\n<figure class=\"wp-block-image size-large is-resized is-style-default\"><img loading=\"lazy\" decoding=\"async\" src=\"http:\/\/www.anovapeneira.gal\/wp-content\/uploads\/2020\/08\/xurxo_martinez_a_nova_peneira_opinion.jpg\" alt=\"\" class=\"wp-image-3738\" width=\"95\" height=\"111\"\/><figcaption><strong>Xurxo Mart\u00ednez. Escritor<\/strong><\/figcaption><\/figure>\n\n\n\n<p>Un at\u00f3pase con xente cada d\u00eda e a calquera intre. A todas horas hai vida nas r\u00faas. Persoas que van dun a deloutro lado. Ou quedan onde est\u00e1n. Quen sabe? Somos como os personaxes de&nbsp;<em>Manhattan Transfer<\/em>, a novela de John dos Passos (de estirpe portuguesa), perdidos e encontrados nun tr\u00e1fico orientado m\u00e1is polas desgrazas que polos \u00e9xitos.<\/p>\n\n\n\n<p>Cada ser leva ao carrelo unha vida literaria. Somos un c\u00f3ctel \u00fanico. A maior\u00eda temos unha existencia definida, dig\u00e1molo as\u00ed, como \u201cnormal\u201d. Ou como \u201cnovo normal\u201d. Pro outras biograf\u00edas son impensables, carregadas dun misterio sedutor e con c\u00e1psulas de maxia. A vida de \u00c1ngel Barros rebasa os marcos do esperable. Chantouse ante o futuro e d\u00edxolle: \u201ceu vou por onde queira ir. Atalogui\u00f1o!\u201d. E o&nbsp;<em>ghicho<\/em>v\u00edrase, co seu corpo mi\u00fado, para darlle as costas a quen, tendo o poder, desexou facer da s\u00faa vida un enterro sen fin.<\/p>\n\n\n\n<p>\u201cA infancia foi gris\u201d, dime. Aos seus 85 anos \u00e9nchenselle os ollos de auga e salitre. Comeza a contar detalles: que se debuxaba na area da Alameda de Redondela por un anaco de bocadillo, que se mallaron nel na escola por falar galego, que se acompa\u00f1aba \u00e1 nai polas aldeas de cami\u00f1os pinos a vender peixe, que se nas casas dos amigos non quer\u00edan que entrase\u2026 P\u00f3\u00f1ase, lector ou lectora, nos ollos dun rapaci\u00f1o de apenas 10 anos para sentir un golpe seco na lingua e unha calor de inferno no coraz\u00f3n.<\/p>\n\n\n\n<p>Pola contra, este vello de andar lixeiro, porque segue fuxindo do destino, reconverteu a tristeza nunha v\u00e1lvula de vida. Como se fai iso? Non son quen de descifralo. Nin \u00c1ngel \u00e9 capaz de explicalo. Ser\u00eda un \u201celixir da eterna mocidade\u201d. O caso \u00e9 que, en idade imp\u00fabere, apa\u00f1ou os tiz\u00f3ns dos fornos pra pintar al\u00e1 onde se pod\u00eda. O debuxo foi o candil que alumeou o cami\u00f1o.<\/p>\n\n\n\n<p>Na casa sobreviv\u00edase. Porque o apelido Barros en Redondela \u00e9 sin\u00f3nimo de antifeixismo. O pai foi v\u00edtima dun bombardeo na fronteira de Euskadi con Francia mentres participaba nun cord\u00f3n humanitario. O irm\u00e1n foi preso con 16 anos, primeiro no front\u00f3n de Mar\u00eda Berdiales en Vigo (onde sentiu como os asasinos entraban \u00e1s noitadas a roubar a vida) e despois na illa de San Sim\u00f3n.<\/p>\n\n\n\n<p>O meni\u00f1o \u00eda arrentes da nai a todas partes. E as\u00ed viviu escenas de insultos, aldraxes, empurr\u00f3ns ou ameazas que sufr\u00eda a muller por ser quen era. Cantos lembran en Redondela o petar forte contra as portas das casas ao berro de \u201cRojos fuera!\u201d. Non unha vez, sen\u00f3n moitas. Non un d\u00eda, sen\u00f3n moitos.<\/p>\n\n\n\n<p>Cotizou poucas aulas na escola. Un d\u00eda, ao inicio, chegou con cardenais no corpo causados polo mestre. A causa? Ser Barros e falar galego. Si, falar galego. Esc\u00f3iteno de viva voz. E cando se po\u00f1an diante dun cadro de Manet ou Goya, pintados por \u00c1ngel, lembren que tras diso non hai carreira universitaria, nin formaci\u00f3n profesional, nin m\u00e1ster de ningunha clase.<\/p>\n\n\n\n<p>A escala de grises \u00e9 longa. O rapaz decidiuse pola luz antes que polas tebras. Nas mans, cuns pesos aforrados, mercou un libro do Greco. Os ollos p\u00edcaros, que a\u00ednda mant\u00e9n, desliz\u00e1banse polos corpos alongados coma nun tobog\u00e1n crom\u00e1tico.<\/p>\n\n\n\n<p>A vida foi unha eterna emigraci\u00f3n. Traballou de todo pero nada de pintura. Mais el pintaba. Si, copia os cadros dos mestres: Vermeer, Vel\u00e1zquez, Rubens, Greco, Veron\u00e9s, David, Zurbar\u00e1n\u2026 p\u00e9rdome na lista. Algu\u00e9n dir\u00e1: \u201ccopiados? Copiar \u00e9 doado\u201d. Int\u00e9nteno. Tantas veces como queiran e tanto tempo como precisen. Unha cousa \u00e9 falar, e outra dar trigo.<\/p>\n\n\n\n<p>No medio disto, \u00c1ngel vai \u00e1 mili. Na viaxe ao cuartel fan parada en Madrid. Te\u00f1en tempo libre que aproveita para ir ao Prado. Cando un entra nun museu debe deixar o reloxo na entrada. As horas p\u00e1sanlle por detr\u00e1s. Cando se decata, lisca \u00e1 estaci\u00f3n pro o tren\u2026 onde vai que o tren marchara! Durante todo o servizo, cando se refer\u00edan a \u00c1ngel, dic\u00edan: \u201ca ver, el gallego que se perdi\u00f3 en Madrid\u201d. E ve\u00f1a risas.<\/p>\n\n\n\n<p>En Su\u00edza traballou nunha canteira e cargou cami\u00f3ns. Despois foi por Alema\u00f1a, Polonia ou pasou por Dinamarca. De aqu\u00ed expuls\u00e1rono por mobilizarse contra a guerra do Vietnam. O \u00f3rgano competente, ao entregarlle a orde de expulsi\u00f3n, deulle o billete de volta e cartos. Non quixo nin un nin o outro. Nese corpo de fi\u00fancho non entra m\u00e1is dignidade humana.<\/p>\n\n\n\n<p>E chegamos a Francia. Coloca cadros seus nas r\u00faas. Leva unha vida humilde e traballadora. O maio do 68 c\u00f3lleo no Barrio Latino. Ponse do lado correcto. Pro para vivir frega pratos ou limpa o chan da Sorbonne. Pouco despois pres\u00e9ntase nun obradoiro de restauraci\u00f3n con d\u00faas copias: Vermeer e Rubens. O director dille: \u201cse vostede \u00e9 quen de facer isto, est\u00e1 contratado\u201d. Aquelas mans que carregaran pedra, fregara pratos, sacara luz ao chan universitario\u2026 aquelas mans restauraban orixinais de Picasso, Da Vinci, Rembrandt\u2026 Era o d\u00eda para mofarse do destino que desexaran outros para el, pro non arrastra \u00e1pice de rancor malia que non esquece o sucedido. Por iso, con 85 anos, reclama reparaci\u00f3n e dignidade para os dem\u00f3cratas fusilados e desaparecidos.<\/p>\n\n\n\n<p>A vida continuou en Valencia e cando se xubilou, volveu a Redondela. Dende ent\u00f3n pinta sen parar. Garda un fondo pict\u00f3rico digno dun museo que lle dar\u00eda prestancia, lustre e honra a Redondela. Este home fixo que a arte, a pintura, fose motivo de vida, de luces claras sobre as sombr\u00edas. Un verdadeiro exemplo para tanta xente veterana. Porque a arte d\u00e1 raz\u00f3n \u00e1 nosa existencia. Tan s\u00f3 precisamos atopala por medio da literatura, do cinema, da m\u00fasica, da artesan\u00eda\u2026<\/p>\n\n\n\n<p>Durante a presentaci\u00f3n da s\u00faa actual exposici\u00f3n en Redondela (aberta at\u00e9 o 15 de novembro), puxo en letras grosas verdades incontestables. Pro rematou con estas verbas: \u201cmi\u00f1a nai dic\u00eda que se frotaba con cinsa os p\u00e9s dun gato para que non marchase desa casa. A min creo que me fixo o mesmo. Por iso volv\u00edn a Redondela\u201d. E as\u00ed, hoxe, te\u00f1o a oportunidade de conversar con \u00c1ngel para descubrir ese mundo \u00fanico no cal aprendo tantos valores universais.<\/p>\n\n\n\n<p><strong>Xurxo Mart\u00ednez Gonz\u00e1lez<\/strong><\/p>\n","protected":false},"excerpt":{"rendered":"<div class=\"mh-excerpt\"><p>Un at\u00f3pase con xente cada d\u00eda e a calquera intre. A todas horas hai vida nas r\u00faas. Persoas que van dun a deloutro lado. Ou quedan onde est\u00e1n. Quen sabe? Somos como os personaxes de Manhattan Transfer, a novela de John dos Passos (de estirpe portuguesa), perdidos e encontrados nun tr\u00e1fico orientado m\u00e1is polas desgrazas que polos \u00e9xitos. <a class=\"mh-excerpt-more\" href=\"https:\/\/www.anovapeneira.gal\/index.php\/2020\/10\/19\/a-cinsa-nos-pes-de-angel-barros\/\" title=\"A cinsa nos p\u00e9s de \u00c1ngel Barros\">[&#8230;]<\/a><\/p>\n<\/div>","protected":false},"author":30,"featured_media":4086,"comment_status":"open","ping_status":"open","sticky":false,"template":"","format":"standard","meta":{"_exactmetrics_skip_tracking":false,"_exactmetrics_sitenote_active":false,"_exactmetrics_sitenote_note":"","_exactmetrics_sitenote_category":0,"footnotes":""},"categories":[7],"tags":[],"class_list":{"0":"post-4117","1":"post","2":"type-post","3":"status-publish","4":"format-standard","5":"has-post-thumbnail","7":"category-artigos-de-opinion"},"yoast_head":"<!-- This site is optimized with the Yoast SEO plugin v27.4 - https:\/\/yoast.com\/product\/yoast-seo-wordpress\/ -->\n<title>A cinsa nos p\u00e9s de \u00c1ngel Barros -<\/title>\n<meta name=\"robots\" content=\"index, follow, max-snippet:-1, max-image-preview:large, max-video-preview:-1\" \/>\n<link rel=\"canonical\" href=\"https:\/\/www.anovapeneira.gal\/index.php\/2020\/10\/19\/a-cinsa-nos-pes-de-angel-barros\/\" \/>\n<meta property=\"og:locale\" content=\"gl_ES\" \/>\n<meta property=\"og:type\" content=\"article\" \/>\n<meta property=\"og:title\" content=\"A cinsa nos p\u00e9s de \u00c1ngel Barros -\" \/>\n<meta property=\"og:description\" content=\"Un at\u00f3pase con xente cada d\u00eda e a calquera intre. A todas horas hai vida nas r\u00faas. Persoas que van dun a deloutro lado. Ou quedan onde est\u00e1n. Quen sabe? Somos como os personaxes de Manhattan Transfer, a novela de John dos Passos (de estirpe portuguesa), perdidos e encontrados nun tr\u00e1fico orientado m\u00e1is polas desgrazas que polos \u00e9xitos. [...]\" \/>\n<meta property=\"og:url\" content=\"https:\/\/www.anovapeneira.gal\/index.php\/2020\/10\/19\/a-cinsa-nos-pes-de-angel-barros\/\" \/>\n<meta property=\"article:publisher\" content=\"https:\/\/www.facebook.com\/anovapeneira\" \/>\n<meta property=\"article:published_time\" content=\"2020-10-19T10:00:29+00:00\" \/>\n<meta property=\"og:image\" content=\"https:\/\/www.anovapeneira.gal\/wp-content\/uploads\/2020\/10\/anxel_barros_a_nova_peneira.jpg\" \/>\n\t<meta property=\"og:image:width\" content=\"720\" \/>\n\t<meta property=\"og:image:height\" content=\"432\" \/>\n\t<meta property=\"og:image:type\" content=\"image\/jpeg\" \/>\n<meta name=\"author\" content=\"Xurxo Mart\u00ednez\" \/>\n<meta name=\"twitter:card\" content=\"summary_large_image\" \/>\n<meta name=\"twitter:creator\" content=\"@APeneira\" \/>\n<meta name=\"twitter:site\" content=\"@APeneira\" \/>\n<meta name=\"twitter:label1\" content=\"Escrito por\" \/>\n\t<meta name=\"twitter:data1\" content=\"Xurxo Mart\u00ednez\" \/>\n\t<meta name=\"twitter:label2\" content=\"Tempo de lectura\" \/>\n\t<meta name=\"twitter:data2\" content=\"5 minutos\" \/>\n<script type=\"application\/ld+json\" class=\"yoast-schema-graph\">{\"@context\":\"https:\\\/\\\/schema.org\",\"@graph\":[{\"@type\":\"Article\",\"@id\":\"https:\\\/\\\/www.anovapeneira.gal\\\/index.php\\\/2020\\\/10\\\/19\\\/a-cinsa-nos-pes-de-angel-barros\\\/#article\",\"isPartOf\":{\"@id\":\"https:\\\/\\\/www.anovapeneira.gal\\\/index.php\\\/2020\\\/10\\\/19\\\/a-cinsa-nos-pes-de-angel-barros\\\/\"},\"author\":{\"name\":\"Xurxo Mart\u00ednez\",\"@id\":\"https:\\\/\\\/www.anovapeneira.gal\\\/#\\\/schema\\\/person\\\/d52dbbbf149d517ce65e4e586762bc71\"},\"headline\":\"A cinsa nos p\u00e9s de \u00c1ngel Barros\",\"datePublished\":\"2020-10-19T10:00:29+00:00\",\"mainEntityOfPage\":{\"@id\":\"https:\\\/\\\/www.anovapeneira.gal\\\/index.php\\\/2020\\\/10\\\/19\\\/a-cinsa-nos-pes-de-angel-barros\\\/\"},\"wordCount\":1092,\"commentCount\":0,\"publisher\":{\"@id\":\"https:\\\/\\\/www.anovapeneira.gal\\\/#organization\"},\"image\":{\"@id\":\"https:\\\/\\\/www.anovapeneira.gal\\\/index.php\\\/2020\\\/10\\\/19\\\/a-cinsa-nos-pes-de-angel-barros\\\/#primaryimage\"},\"thumbnailUrl\":\"https:\\\/\\\/www.anovapeneira.gal\\\/wp-content\\\/uploads\\\/2020\\\/10\\\/anxel_barros_a_nova_peneira.jpg\",\"articleSection\":[\"Artigos de opini\u00f3n\"],\"inLanguage\":\"gl-ES\",\"potentialAction\":[{\"@type\":\"CommentAction\",\"name\":\"Comment\",\"target\":[\"https:\\\/\\\/www.anovapeneira.gal\\\/index.php\\\/2020\\\/10\\\/19\\\/a-cinsa-nos-pes-de-angel-barros\\\/#respond\"]}]},{\"@type\":\"WebPage\",\"@id\":\"https:\\\/\\\/www.anovapeneira.gal\\\/index.php\\\/2020\\\/10\\\/19\\\/a-cinsa-nos-pes-de-angel-barros\\\/\",\"url\":\"https:\\\/\\\/www.anovapeneira.gal\\\/index.php\\\/2020\\\/10\\\/19\\\/a-cinsa-nos-pes-de-angel-barros\\\/\",\"name\":\"A cinsa nos p\u00e9s de \u00c1ngel Barros -\",\"isPartOf\":{\"@id\":\"https:\\\/\\\/www.anovapeneira.gal\\\/#website\"},\"primaryImageOfPage\":{\"@id\":\"https:\\\/\\\/www.anovapeneira.gal\\\/index.php\\\/2020\\\/10\\\/19\\\/a-cinsa-nos-pes-de-angel-barros\\\/#primaryimage\"},\"image\":{\"@id\":\"https:\\\/\\\/www.anovapeneira.gal\\\/index.php\\\/2020\\\/10\\\/19\\\/a-cinsa-nos-pes-de-angel-barros\\\/#primaryimage\"},\"thumbnailUrl\":\"https:\\\/\\\/www.anovapeneira.gal\\\/wp-content\\\/uploads\\\/2020\\\/10\\\/anxel_barros_a_nova_peneira.jpg\",\"datePublished\":\"2020-10-19T10:00:29+00:00\",\"breadcrumb\":{\"@id\":\"https:\\\/\\\/www.anovapeneira.gal\\\/index.php\\\/2020\\\/10\\\/19\\\/a-cinsa-nos-pes-de-angel-barros\\\/#breadcrumb\"},\"inLanguage\":\"gl-ES\",\"potentialAction\":[{\"@type\":\"ReadAction\",\"target\":[\"https:\\\/\\\/www.anovapeneira.gal\\\/index.php\\\/2020\\\/10\\\/19\\\/a-cinsa-nos-pes-de-angel-barros\\\/\"]}]},{\"@type\":\"ImageObject\",\"inLanguage\":\"gl-ES\",\"@id\":\"https:\\\/\\\/www.anovapeneira.gal\\\/index.php\\\/2020\\\/10\\\/19\\\/a-cinsa-nos-pes-de-angel-barros\\\/#primaryimage\",\"url\":\"https:\\\/\\\/www.anovapeneira.gal\\\/wp-content\\\/uploads\\\/2020\\\/10\\\/anxel_barros_a_nova_peneira.jpg\",\"contentUrl\":\"https:\\\/\\\/www.anovapeneira.gal\\\/wp-content\\\/uploads\\\/2020\\\/10\\\/anxel_barros_a_nova_peneira.jpg\",\"width\":720,\"height\":432,\"caption\":\"A pintura de \u00c1ngel Barros exporase en Redondela\"},{\"@type\":\"BreadcrumbList\",\"@id\":\"https:\\\/\\\/www.anovapeneira.gal\\\/index.php\\\/2020\\\/10\\\/19\\\/a-cinsa-nos-pes-de-angel-barros\\\/#breadcrumb\",\"itemListElement\":[{\"@type\":\"ListItem\",\"position\":1,\"name\":\"Portada\",\"item\":\"https:\\\/\\\/www.anovapeneira.gal\\\/\"},{\"@type\":\"ListItem\",\"position\":2,\"name\":\"A cinsa nos p\u00e9s de \u00c1ngel Barros\"}]},{\"@type\":\"WebSite\",\"@id\":\"https:\\\/\\\/www.anovapeneira.gal\\\/#website\",\"url\":\"https:\\\/\\\/www.anovapeneira.gal\\\/\",\"name\":\"\",\"description\":\"Xornal galego de informaci\u00f3n xeral Publicaci\u00f3n mensual de novas de Galicia e en especial dos Concellos da sur da provincia de Pontevedra.\",\"publisher\":{\"@id\":\"https:\\\/\\\/www.anovapeneira.gal\\\/#organization\"},\"potentialAction\":[{\"@type\":\"SearchAction\",\"target\":{\"@type\":\"EntryPoint\",\"urlTemplate\":\"https:\\\/\\\/www.anovapeneira.gal\\\/?s={search_term_string}\"},\"query-input\":{\"@type\":\"PropertyValueSpecification\",\"valueRequired\":true,\"valueName\":\"search_term_string\"}}],\"inLanguage\":\"gl-ES\"},{\"@type\":\"Organization\",\"@id\":\"https:\\\/\\\/www.anovapeneira.gal\\\/#organization\",\"name\":\"A Nova Peneira\",\"url\":\"https:\\\/\\\/www.anovapeneira.gal\\\/\",\"logo\":{\"@type\":\"ImageObject\",\"inLanguage\":\"gl-ES\",\"@id\":\"https:\\\/\\\/www.anovapeneira.gal\\\/#\\\/schema\\\/logo\\\/image\\\/\",\"url\":\"http:\\\/\\\/www.anovapeneira.gal\\\/wp-content\\\/uploads\\\/2019\\\/06\\\/logo_a_nova_peneira_portal_web.png\",\"contentUrl\":\"http:\\\/\\\/www.anovapeneira.gal\\\/wp-content\\\/uploads\\\/2019\\\/06\\\/logo_a_nova_peneira_portal_web.png\",\"width\":300,\"height\":100,\"caption\":\"A Nova Peneira\"},\"image\":{\"@id\":\"https:\\\/\\\/www.anovapeneira.gal\\\/#\\\/schema\\\/logo\\\/image\\\/\"},\"sameAs\":[\"https:\\\/\\\/www.facebook.com\\\/anovapeneira\",\"https:\\\/\\\/x.com\\\/APeneira\"]},{\"@type\":\"Person\",\"@id\":\"https:\\\/\\\/www.anovapeneira.gal\\\/#\\\/schema\\\/person\\\/d52dbbbf149d517ce65e4e586762bc71\",\"name\":\"Xurxo Mart\u00ednez\",\"image\":{\"@type\":\"ImageObject\",\"inLanguage\":\"gl-ES\",\"@id\":\"https:\\\/\\\/secure.gravatar.com\\\/avatar\\\/0a76004ba1c349b37c00b08828ad1bec7dac494b82eb417f5be2cef9de4ed382?s=96&d=mm&r=g\",\"url\":\"https:\\\/\\\/secure.gravatar.com\\\/avatar\\\/0a76004ba1c349b37c00b08828ad1bec7dac494b82eb417f5be2cef9de4ed382?s=96&d=mm&r=g\",\"contentUrl\":\"https:\\\/\\\/secure.gravatar.com\\\/avatar\\\/0a76004ba1c349b37c00b08828ad1bec7dac494b82eb417f5be2cef9de4ed382?s=96&d=mm&r=g\",\"caption\":\"Xurxo Mart\u00ednez\"},\"url\":\"https:\\\/\\\/www.anovapeneira.gal\\\/index.php\\\/author\\\/xurxomartinez\\\/\"}]}<\/script>\n<!-- \/ Yoast SEO plugin. -->","yoast_head_json":{"title":"A cinsa nos p\u00e9s de \u00c1ngel Barros -","robots":{"index":"index","follow":"follow","max-snippet":"max-snippet:-1","max-image-preview":"max-image-preview:large","max-video-preview":"max-video-preview:-1"},"canonical":"https:\/\/www.anovapeneira.gal\/index.php\/2020\/10\/19\/a-cinsa-nos-pes-de-angel-barros\/","og_locale":"gl_ES","og_type":"article","og_title":"A cinsa nos p\u00e9s de \u00c1ngel Barros -","og_description":"Un at\u00f3pase con xente cada d\u00eda e a calquera intre. A todas horas hai vida nas r\u00faas. Persoas que van dun a deloutro lado. Ou quedan onde est\u00e1n. Quen sabe? Somos como os personaxes de Manhattan Transfer, a novela de John dos Passos (de estirpe portuguesa), perdidos e encontrados nun tr\u00e1fico orientado m\u00e1is polas desgrazas que polos \u00e9xitos. [...]","og_url":"https:\/\/www.anovapeneira.gal\/index.php\/2020\/10\/19\/a-cinsa-nos-pes-de-angel-barros\/","article_publisher":"https:\/\/www.facebook.com\/anovapeneira","article_published_time":"2020-10-19T10:00:29+00:00","og_image":[{"width":720,"height":432,"url":"https:\/\/www.anovapeneira.gal\/wp-content\/uploads\/2020\/10\/anxel_barros_a_nova_peneira.jpg","type":"image\/jpeg"}],"author":"Xurxo Mart\u00ednez","twitter_card":"summary_large_image","twitter_creator":"@APeneira","twitter_site":"@APeneira","twitter_misc":{"Escrito por":"Xurxo Mart\u00ednez","Tempo de lectura":"5 minutos"},"schema":{"@context":"https:\/\/schema.org","@graph":[{"@type":"Article","@id":"https:\/\/www.anovapeneira.gal\/index.php\/2020\/10\/19\/a-cinsa-nos-pes-de-angel-barros\/#article","isPartOf":{"@id":"https:\/\/www.anovapeneira.gal\/index.php\/2020\/10\/19\/a-cinsa-nos-pes-de-angel-barros\/"},"author":{"name":"Xurxo Mart\u00ednez","@id":"https:\/\/www.anovapeneira.gal\/#\/schema\/person\/d52dbbbf149d517ce65e4e586762bc71"},"headline":"A cinsa nos p\u00e9s de \u00c1ngel Barros","datePublished":"2020-10-19T10:00:29+00:00","mainEntityOfPage":{"@id":"https:\/\/www.anovapeneira.gal\/index.php\/2020\/10\/19\/a-cinsa-nos-pes-de-angel-barros\/"},"wordCount":1092,"commentCount":0,"publisher":{"@id":"https:\/\/www.anovapeneira.gal\/#organization"},"image":{"@id":"https:\/\/www.anovapeneira.gal\/index.php\/2020\/10\/19\/a-cinsa-nos-pes-de-angel-barros\/#primaryimage"},"thumbnailUrl":"https:\/\/www.anovapeneira.gal\/wp-content\/uploads\/2020\/10\/anxel_barros_a_nova_peneira.jpg","articleSection":["Artigos de opini\u00f3n"],"inLanguage":"gl-ES","potentialAction":[{"@type":"CommentAction","name":"Comment","target":["https:\/\/www.anovapeneira.gal\/index.php\/2020\/10\/19\/a-cinsa-nos-pes-de-angel-barros\/#respond"]}]},{"@type":"WebPage","@id":"https:\/\/www.anovapeneira.gal\/index.php\/2020\/10\/19\/a-cinsa-nos-pes-de-angel-barros\/","url":"https:\/\/www.anovapeneira.gal\/index.php\/2020\/10\/19\/a-cinsa-nos-pes-de-angel-barros\/","name":"A cinsa nos p\u00e9s de \u00c1ngel Barros -","isPartOf":{"@id":"https:\/\/www.anovapeneira.gal\/#website"},"primaryImageOfPage":{"@id":"https:\/\/www.anovapeneira.gal\/index.php\/2020\/10\/19\/a-cinsa-nos-pes-de-angel-barros\/#primaryimage"},"image":{"@id":"https:\/\/www.anovapeneira.gal\/index.php\/2020\/10\/19\/a-cinsa-nos-pes-de-angel-barros\/#primaryimage"},"thumbnailUrl":"https:\/\/www.anovapeneira.gal\/wp-content\/uploads\/2020\/10\/anxel_barros_a_nova_peneira.jpg","datePublished":"2020-10-19T10:00:29+00:00","breadcrumb":{"@id":"https:\/\/www.anovapeneira.gal\/index.php\/2020\/10\/19\/a-cinsa-nos-pes-de-angel-barros\/#breadcrumb"},"inLanguage":"gl-ES","potentialAction":[{"@type":"ReadAction","target":["https:\/\/www.anovapeneira.gal\/index.php\/2020\/10\/19\/a-cinsa-nos-pes-de-angel-barros\/"]}]},{"@type":"ImageObject","inLanguage":"gl-ES","@id":"https:\/\/www.anovapeneira.gal\/index.php\/2020\/10\/19\/a-cinsa-nos-pes-de-angel-barros\/#primaryimage","url":"https:\/\/www.anovapeneira.gal\/wp-content\/uploads\/2020\/10\/anxel_barros_a_nova_peneira.jpg","contentUrl":"https:\/\/www.anovapeneira.gal\/wp-content\/uploads\/2020\/10\/anxel_barros_a_nova_peneira.jpg","width":720,"height":432,"caption":"A pintura de \u00c1ngel Barros exporase en Redondela"},{"@type":"BreadcrumbList","@id":"https:\/\/www.anovapeneira.gal\/index.php\/2020\/10\/19\/a-cinsa-nos-pes-de-angel-barros\/#breadcrumb","itemListElement":[{"@type":"ListItem","position":1,"name":"Portada","item":"https:\/\/www.anovapeneira.gal\/"},{"@type":"ListItem","position":2,"name":"A cinsa nos p\u00e9s de \u00c1ngel Barros"}]},{"@type":"WebSite","@id":"https:\/\/www.anovapeneira.gal\/#website","url":"https:\/\/www.anovapeneira.gal\/","name":"","description":"Xornal galego de informaci\u00f3n xeral Publicaci\u00f3n mensual de novas de Galicia e en especial dos Concellos da sur da provincia de Pontevedra.","publisher":{"@id":"https:\/\/www.anovapeneira.gal\/#organization"},"potentialAction":[{"@type":"SearchAction","target":{"@type":"EntryPoint","urlTemplate":"https:\/\/www.anovapeneira.gal\/?s={search_term_string}"},"query-input":{"@type":"PropertyValueSpecification","valueRequired":true,"valueName":"search_term_string"}}],"inLanguage":"gl-ES"},{"@type":"Organization","@id":"https:\/\/www.anovapeneira.gal\/#organization","name":"A Nova Peneira","url":"https:\/\/www.anovapeneira.gal\/","logo":{"@type":"ImageObject","inLanguage":"gl-ES","@id":"https:\/\/www.anovapeneira.gal\/#\/schema\/logo\/image\/","url":"http:\/\/www.anovapeneira.gal\/wp-content\/uploads\/2019\/06\/logo_a_nova_peneira_portal_web.png","contentUrl":"http:\/\/www.anovapeneira.gal\/wp-content\/uploads\/2019\/06\/logo_a_nova_peneira_portal_web.png","width":300,"height":100,"caption":"A Nova Peneira"},"image":{"@id":"https:\/\/www.anovapeneira.gal\/#\/schema\/logo\/image\/"},"sameAs":["https:\/\/www.facebook.com\/anovapeneira","https:\/\/x.com\/APeneira"]},{"@type":"Person","@id":"https:\/\/www.anovapeneira.gal\/#\/schema\/person\/d52dbbbf149d517ce65e4e586762bc71","name":"Xurxo Mart\u00ednez","image":{"@type":"ImageObject","inLanguage":"gl-ES","@id":"https:\/\/secure.gravatar.com\/avatar\/0a76004ba1c349b37c00b08828ad1bec7dac494b82eb417f5be2cef9de4ed382?s=96&d=mm&r=g","url":"https:\/\/secure.gravatar.com\/avatar\/0a76004ba1c349b37c00b08828ad1bec7dac494b82eb417f5be2cef9de4ed382?s=96&d=mm&r=g","contentUrl":"https:\/\/secure.gravatar.com\/avatar\/0a76004ba1c349b37c00b08828ad1bec7dac494b82eb417f5be2cef9de4ed382?s=96&d=mm&r=g","caption":"Xurxo Mart\u00ednez"},"url":"https:\/\/www.anovapeneira.gal\/index.php\/author\/xurxomartinez\/"}]}},"jetpack_featured_media_url":"https:\/\/www.anovapeneira.gal\/wp-content\/uploads\/2020\/10\/anxel_barros_a_nova_peneira.jpg","_links":{"self":[{"href":"https:\/\/www.anovapeneira.gal\/index.php\/wp-json\/wp\/v2\/posts\/4117","targetHints":{"allow":["GET"]}}],"collection":[{"href":"https:\/\/www.anovapeneira.gal\/index.php\/wp-json\/wp\/v2\/posts"}],"about":[{"href":"https:\/\/www.anovapeneira.gal\/index.php\/wp-json\/wp\/v2\/types\/post"}],"author":[{"embeddable":true,"href":"https:\/\/www.anovapeneira.gal\/index.php\/wp-json\/wp\/v2\/users\/30"}],"replies":[{"embeddable":true,"href":"https:\/\/www.anovapeneira.gal\/index.php\/wp-json\/wp\/v2\/comments?post=4117"}],"version-history":[{"count":3,"href":"https:\/\/www.anovapeneira.gal\/index.php\/wp-json\/wp\/v2\/posts\/4117\/revisions"}],"predecessor-version":[{"id":4130,"href":"https:\/\/www.anovapeneira.gal\/index.php\/wp-json\/wp\/v2\/posts\/4117\/revisions\/4130"}],"wp:featuredmedia":[{"embeddable":true,"href":"https:\/\/www.anovapeneira.gal\/index.php\/wp-json\/wp\/v2\/media\/4086"}],"wp:attachment":[{"href":"https:\/\/www.anovapeneira.gal\/index.php\/wp-json\/wp\/v2\/media?parent=4117"}],"wp:term":[{"taxonomy":"category","embeddable":true,"href":"https:\/\/www.anovapeneira.gal\/index.php\/wp-json\/wp\/v2\/categories?post=4117"},{"taxonomy":"post_tag","embeddable":true,"href":"https:\/\/www.anovapeneira.gal\/index.php\/wp-json\/wp\/v2\/tags?post=4117"}],"curies":[{"name":"wp","href":"https:\/\/api.w.org\/{rel}","templated":true}]}}