{"id":4119,"date":"2020-10-20T10:00:12","date_gmt":"2020-10-20T08:00:12","guid":{"rendered":"http:\/\/www.anovapeneira.gal\/?p=4119"},"modified":"2020-10-16T08:11:45","modified_gmt":"2020-10-16T06:11:45","slug":"cemiterio-de-pereira-lugardememoria","status":"publish","type":"post","link":"https:\/\/www.anovapeneira.gal\/index.php\/2020\/10\/20\/cemiterio-de-pereira-lugardememoria\/","title":{"rendered":"Cemiterio de Pereira [LUGARDEMEMORIA]"},"content":{"rendered":"\n<p><strong>[ANTONIO GIR\u00c1LDEZ LOMBA | Historiador]<\/strong> Hei de reco\u00f1ecer que nunca me gostaron moito os monumentos \u201c\u00f3 soldado desco\u00f1ecido\u201d que hai en bastantes pa\u00edses. Eu coido que o primeiro que podemos facer cos soldados que loitaron coa s\u00faa vida por defender as leis ea dignidade dun pobo \u00e9 dar a co\u00f1ecer os seus nomes, contar a historia da s\u00faa batalla e explicar o porqu\u00e9 da s\u00faa loita. A ditadura de Franco, lembrando semper a s\u00faa vitoria na guerra civil , contou durante corenta anos a historia dunha guerra que xustificaba a existencia daquela ditadura. Xa antes de rematar a guerra, no ano 36, e dacordo coas autoridades eclesi\u00e1sticas, a Espa\u00f1a de Franco establec\u00eda que nos muros das eirexas de t\u00f3dalas parroquias se inscribiran os nomes dos soldados ca\u00eddos en defensa da Cruzada e v\u00edtimas da revoluci\u00f3n marxista, uns nomes que a\u00ednda hoxe lucen sobre una pedra de moitas das nosas eirexas. Acabada a guerra civil, na paz incivil de Franco, os vencedores seguiron axustando contas cos vencidos lembr\u00e1ndolles durante d\u00e9cadas qu\u00e9nes eran os patriotas e \u00f3nde estaban os traidores. R\u00faas, prazas, escolas, hospitais de pobos e cidades levaron durante moito tempoo nome dos militares golpistas e de dirixentes fascistas de primeira, segunda ou terceira fila. Aqueles nomes e aquelas inscripciones eran parte dunha historia que se nos contou durante 40 anos namentras durou o ditador, un ditador que impuxo coa man de ferro do seu r\u00e9xime o silencio sobre o que lle pasara eo que pasaran os que optaran por defender \u00e1 Rep\u00fablica.<\/p>\n\n\n\n<p><strong>[TERESA CAMPOS RODR\u00cdGUEZ | Asociaci\u00f3n viguesa pola Memoria Hist\u00f3rica do 36] <\/strong>Quero unirme a esta homenaxe e a estas 740 persoas ou m\u00e1is, enterradas aqu\u00ed en Pereir\u00f3, asasinadas polo r\u00e9xime franquista, especialmente ao meu av\u00f3, Manuel Campos&nbsp; M\u00e9ndezy aos seus irm\u00e1ns, Julio e Camilo. Quero dicir&nbsp; con isto, que todos eles e moitos mais, pois son centenares, mer\u00e9cense as mellores homenaxes; placas en todos os lugares, ;de onde eran, sen que ningu\u00e9n o impida, xa que os asasinos tiveron as s\u00faas honras, medallas e placas en cemiterios e igrexas Un pobo refugo por uns famentos de poder; anos escuros cheos de sufrimento e miseria. Un pobo que quixeron&nbsp; que fora de atrasados; non pod\u00eda haber un listo. Os listos eran s\u00f3 eles.<\/p>\n\n\n\n<p><strong>[AMALIA COLLAZO | Asociaci\u00f3n viguesa pola Memoria Hist\u00f3rica do 36]<\/strong> O mesmo que ocorreu con outros xenocidios, queremos que o xenocidio que se levou a cabo en Galiza poda ser recordado sempre. Con placas, con pedra do pa\u00eds, con versos, con flores, con informaci\u00f3n, con liberdade. Isto \u00e9 lex\u00edtimo e, nesta cidade e a d\u00eda de hoxe, hai quen ten a baixura moral, e a indignidade de opo\u00f1erse. \u00bfVedes esa placa, que lembra a centos de cidad\u00e1ns que deron a s\u00faa vida defendendo a un goberno lex\u00edtimo? \u00bfVedes esas verbas dun home \u2013 Heraclio Botana- \u00a0 pedindo que o recordemos? Esa pedra debe servir de faro contra a barbarie\u00a0 e a intolerancia, de recordatorio dos r\u00edos de sangue que asolaron o noso pa\u00eds, de memoria para todas as familias as que o fascismo destroz\u00f3u e tam\u00e9n para a xente nova. Agora est\u00e1 no chan. Nunha cidade cun goberno de esquerdas e un alcalde do psoe, as v\u00edctimas do fascismo non poden ser recordadas como merecen.\u00a0<strong>[M\u00d3NICA GONZ\u00c1LEZ FERN\u00c1NDEZ | Bisneta de Manuel del R\u00edo]<\/strong> Un ano e pico\u00a0 antes do golpe de estado, o meu bisav\u00f3 \u00e1 beira da mi\u00f1a bisavoa, Teresa Hermo Mill\u00e1n, enterrada neste cemiterio,foi xunto con outros catro homes \u00e1 Uni\u00f3n Sovietica, para co\u00f1ecer de preto e in situ, o \u201cpara\u00edso dos traballadores\u201d; \u00e1 s\u00faa volta fixeron publicidade e diversas charlas \u00a0 sobre as vantaxes da devandita proposta pol\u00edtica para a clase traballadora.Esta vinculaci\u00f3n co mundo sindical sup\u00faxolle ao meu bisav\u00f3 problemas coas autoridades polo que foi detido en distintas ocasi\u00f3ns.\u00a0 Consider\u00e1bano un perigoso l\u00edder revolucionario, xa que dentro dun grupo profesional como o dos\u00a0 tranviarios, a s\u00faa colaboraci\u00f3n\u00a0 contribuia\u00a0 a colapsar todo o transporte da comarca. O 30 de xullo de 1936 foi detido. Ao d\u00eda seguinte, sen tempo material para que o seu avogado lese\u00a0 a documentaci\u00f3n e menos a\u00ednda\u00a0 para preparar unha\u00a0 defensa, se leva a cabo o xu\u00edzo\u2026\u201dPENA DE MORTE\u201d. O xoves d\u00eda 6 de agosto de 1936, \u00e1s cinco da madrugada, o piquete de execuci\u00f3n fronte aos muros do castelo do CASTRO, estaba disposto para levar a cabo esta execuci\u00f3n. Unha vez executada a sentenza o seu corpo foi entregado no dep\u00f3sito do cemiterio de\u00a0 perir,\u00a0 onde o seu encargado deber\u00eda facerse cargo do cad\u00e1ver ata o d\u00eda seguinte\u00a0 comprometiendose a que ningu\u00e9n dispuxese do sen autorizaci\u00f3n precisa da autoridade militar.<\/p>\n\n\n\n<figure class=\"wp-block-embed-youtube wp-block-embed is-type-video is-provider-youtube wp-embed-aspect-16-9 wp-has-aspect-ratio\"><div class=\"wp-block-embed__wrapper\">\n<iframe loading=\"lazy\" title=\"Cemiterio de Pereiro [LUGARDEMEMORIA]\" width=\"500\" height=\"281\" src=\"https:\/\/www.youtube.com\/embed\/SGhmXn3n2hA?feature=oembed\" frameborder=\"0\" allow=\"accelerometer; autoplay; clipboard-write; encrypted-media; gyroscope; picture-in-picture; web-share\" referrerpolicy=\"strict-origin-when-cross-origin\" allowfullscreen><\/iframe>\n<\/div><\/figure>\n","protected":false},"excerpt":{"rendered":"<div class=\"mh-excerpt\"><p>[ANTONIO GIR\u00c1LDEZ LOMBA | Historiador] Hei de reco\u00f1ecer que nunca me gostaron moito os monumentos \u201c\u00f3 soldado desco\u00f1ecido\u201d que hai en bastantes pa\u00edses. Eu coido que o primeiro que podemos facer cos soldados que loitaron coa s\u00faa vida por defender as leis ea dignidade dun pobo \u00e9 dar a co\u00f1ecer os seus nomes, contar a historia da s\u00faa batalla e explicar o porqu\u00e9 da s\u00faa loita <a class=\"mh-excerpt-more\" href=\"https:\/\/www.anovapeneira.gal\/index.php\/2020\/10\/20\/cemiterio-de-pereira-lugardememoria\/\" title=\"Cemiterio de Pereira [LUGARDEMEMORIA]\">[&#8230;]<\/a><\/p>\n<\/div>","protected":false},"author":3,"featured_media":4122,"comment_status":"open","ping_status":"open","sticky":false,"template":"","format":"standard","meta":{"_exactmetrics_skip_tracking":false,"_exactmetrics_sitenote_active":false,"_exactmetrics_sitenote_note":"","_exactmetrics_sitenote_category":0,"footnotes":""},"categories":[19],"tags":[227],"class_list":{"0":"post-4119","1":"post","2":"type-post","3":"status-publish","4":"format-standard","5":"has-post-thumbnail","7":"category-vigo","8":"tag-concello-de-vigo"},"yoast_head":"<!-- This site is optimized with the Yoast SEO plugin v27.4 - https:\/\/yoast.com\/product\/yoast-seo-wordpress\/ -->\n<title>Cemiterio de Pereira [LUGARDEMEMORIA] -<\/title>\n<meta name=\"robots\" content=\"index, follow, max-snippet:-1, max-image-preview:large, max-video-preview:-1\" \/>\n<link rel=\"canonical\" href=\"https:\/\/www.anovapeneira.gal\/index.php\/2020\/10\/20\/cemiterio-de-pereira-lugardememoria\/\" \/>\n<meta property=\"og:locale\" content=\"gl_ES\" \/>\n<meta property=\"og:type\" content=\"article\" \/>\n<meta property=\"og:title\" content=\"Cemiterio de Pereira [LUGARDEMEMORIA] -\" \/>\n<meta property=\"og:description\" content=\"[ANTONIO GIR\u00c1LDEZ LOMBA | Historiador] Hei de reco\u00f1ecer que nunca me gostaron moito os monumentos \u201c\u00f3 soldado desco\u00f1ecido\u201d que hai en bastantes pa\u00edses. Eu coido que o primeiro que podemos facer cos soldados que loitaron coa s\u00faa vida por defender as leis ea dignidade dun pobo \u00e9 dar a co\u00f1ecer os seus nomes, contar a historia da s\u00faa batalla e explicar o porqu\u00e9 da s\u00faa loita [...]\" \/>\n<meta property=\"og:url\" content=\"https:\/\/www.anovapeneira.gal\/index.php\/2020\/10\/20\/cemiterio-de-pereira-lugardememoria\/\" \/>\n<meta property=\"article:publisher\" content=\"https:\/\/www.facebook.com\/anovapeneira\" \/>\n<meta property=\"article:published_time\" content=\"2020-10-20T08:00:12+00:00\" \/>\n<meta property=\"og:image\" content=\"https:\/\/www.anovapeneira.gal\/wp-content\/uploads\/2020\/10\/cemiterio_pereiro_biblioteca_neira_vilas.jpg\" \/>\n\t<meta property=\"og:image:width\" content=\"720\" \/>\n\t<meta property=\"og:image:height\" content=\"432\" \/>\n\t<meta property=\"og:image:type\" content=\"image\/jpeg\" \/>\n<meta name=\"author\" content=\"Redacci\u00f3n A Nova Peneira\" \/>\n<meta name=\"twitter:card\" content=\"summary_large_image\" \/>\n<meta name=\"twitter:creator\" content=\"@APeneira\" \/>\n<meta name=\"twitter:site\" content=\"@APeneira\" \/>\n<meta name=\"twitter:label1\" content=\"Escrito por\" \/>\n\t<meta name=\"twitter:data1\" content=\"Redacci\u00f3n A Nova Peneira\" \/>\n\t<meta name=\"twitter:label2\" content=\"Tempo de lectura\" \/>\n\t<meta name=\"twitter:data2\" content=\"4 minutos\" \/>\n<script type=\"application\/ld+json\" class=\"yoast-schema-graph\">{\"@context\":\"https:\\\/\\\/schema.org\",\"@graph\":[{\"@type\":\"Article\",\"@id\":\"https:\\\/\\\/www.anovapeneira.gal\\\/index.php\\\/2020\\\/10\\\/20\\\/cemiterio-de-pereira-lugardememoria\\\/#article\",\"isPartOf\":{\"@id\":\"https:\\\/\\\/www.anovapeneira.gal\\\/index.php\\\/2020\\\/10\\\/20\\\/cemiterio-de-pereira-lugardememoria\\\/\"},\"author\":{\"name\":\"Redacci\u00f3n A Nova Peneira\",\"@id\":\"https:\\\/\\\/www.anovapeneira.gal\\\/#\\\/schema\\\/person\\\/b93e3f8932e3f8da96334607eb6ac6aa\"},\"headline\":\"Cemiterio de Pereira [LUGARDEMEMORIA]\",\"datePublished\":\"2020-10-20T08:00:12+00:00\",\"mainEntityOfPage\":{\"@id\":\"https:\\\/\\\/www.anovapeneira.gal\\\/index.php\\\/2020\\\/10\\\/20\\\/cemiterio-de-pereira-lugardememoria\\\/\"},\"wordCount\":835,\"commentCount\":0,\"publisher\":{\"@id\":\"https:\\\/\\\/www.anovapeneira.gal\\\/#organization\"},\"image\":{\"@id\":\"https:\\\/\\\/www.anovapeneira.gal\\\/index.php\\\/2020\\\/10\\\/20\\\/cemiterio-de-pereira-lugardememoria\\\/#primaryimage\"},\"thumbnailUrl\":\"https:\\\/\\\/www.anovapeneira.gal\\\/wp-content\\\/uploads\\\/2020\\\/10\\\/cemiterio_pereiro_biblioteca_neira_vilas.jpg\",\"keywords\":[\"Concello de Vigo\"],\"articleSection\":[\"Vigo\"],\"inLanguage\":\"gl-ES\",\"potentialAction\":[{\"@type\":\"CommentAction\",\"name\":\"Comment\",\"target\":[\"https:\\\/\\\/www.anovapeneira.gal\\\/index.php\\\/2020\\\/10\\\/20\\\/cemiterio-de-pereira-lugardememoria\\\/#respond\"]}]},{\"@type\":\"WebPage\",\"@id\":\"https:\\\/\\\/www.anovapeneira.gal\\\/index.php\\\/2020\\\/10\\\/20\\\/cemiterio-de-pereira-lugardememoria\\\/\",\"url\":\"https:\\\/\\\/www.anovapeneira.gal\\\/index.php\\\/2020\\\/10\\\/20\\\/cemiterio-de-pereira-lugardememoria\\\/\",\"name\":\"Cemiterio de Pereira [LUGARDEMEMORIA] -\",\"isPartOf\":{\"@id\":\"https:\\\/\\\/www.anovapeneira.gal\\\/#website\"},\"primaryImageOfPage\":{\"@id\":\"https:\\\/\\\/www.anovapeneira.gal\\\/index.php\\\/2020\\\/10\\\/20\\\/cemiterio-de-pereira-lugardememoria\\\/#primaryimage\"},\"image\":{\"@id\":\"https:\\\/\\\/www.anovapeneira.gal\\\/index.php\\\/2020\\\/10\\\/20\\\/cemiterio-de-pereira-lugardememoria\\\/#primaryimage\"},\"thumbnailUrl\":\"https:\\\/\\\/www.anovapeneira.gal\\\/wp-content\\\/uploads\\\/2020\\\/10\\\/cemiterio_pereiro_biblioteca_neira_vilas.jpg\",\"datePublished\":\"2020-10-20T08:00:12+00:00\",\"breadcrumb\":{\"@id\":\"https:\\\/\\\/www.anovapeneira.gal\\\/index.php\\\/2020\\\/10\\\/20\\\/cemiterio-de-pereira-lugardememoria\\\/#breadcrumb\"},\"inLanguage\":\"gl-ES\",\"potentialAction\":[{\"@type\":\"ReadAction\",\"target\":[\"https:\\\/\\\/www.anovapeneira.gal\\\/index.php\\\/2020\\\/10\\\/20\\\/cemiterio-de-pereira-lugardememoria\\\/\"]}]},{\"@type\":\"ImageObject\",\"inLanguage\":\"gl-ES\",\"@id\":\"https:\\\/\\\/www.anovapeneira.gal\\\/index.php\\\/2020\\\/10\\\/20\\\/cemiterio-de-pereira-lugardememoria\\\/#primaryimage\",\"url\":\"https:\\\/\\\/www.anovapeneira.gal\\\/wp-content\\\/uploads\\\/2020\\\/10\\\/cemiterio_pereiro_biblioteca_neira_vilas.jpg\",\"contentUrl\":\"https:\\\/\\\/www.anovapeneira.gal\\\/wp-content\\\/uploads\\\/2020\\\/10\\\/cemiterio_pereiro_biblioteca_neira_vilas.jpg\",\"width\":720,\"height\":432,\"caption\":\"Cementerio de Pereir\u00f3 Lugar de memoria\"},{\"@type\":\"BreadcrumbList\",\"@id\":\"https:\\\/\\\/www.anovapeneira.gal\\\/index.php\\\/2020\\\/10\\\/20\\\/cemiterio-de-pereira-lugardememoria\\\/#breadcrumb\",\"itemListElement\":[{\"@type\":\"ListItem\",\"position\":1,\"name\":\"Portada\",\"item\":\"https:\\\/\\\/www.anovapeneira.gal\\\/\"},{\"@type\":\"ListItem\",\"position\":2,\"name\":\"Cemiterio de Pereira [LUGARDEMEMORIA]\"}]},{\"@type\":\"WebSite\",\"@id\":\"https:\\\/\\\/www.anovapeneira.gal\\\/#website\",\"url\":\"https:\\\/\\\/www.anovapeneira.gal\\\/\",\"name\":\"\",\"description\":\"Xornal galego de informaci\u00f3n xeral Publicaci\u00f3n mensual de novas de Galicia e en especial dos Concellos da sur da provincia de Pontevedra.\",\"publisher\":{\"@id\":\"https:\\\/\\\/www.anovapeneira.gal\\\/#organization\"},\"potentialAction\":[{\"@type\":\"SearchAction\",\"target\":{\"@type\":\"EntryPoint\",\"urlTemplate\":\"https:\\\/\\\/www.anovapeneira.gal\\\/?s={search_term_string}\"},\"query-input\":{\"@type\":\"PropertyValueSpecification\",\"valueRequired\":true,\"valueName\":\"search_term_string\"}}],\"inLanguage\":\"gl-ES\"},{\"@type\":\"Organization\",\"@id\":\"https:\\\/\\\/www.anovapeneira.gal\\\/#organization\",\"name\":\"A Nova Peneira\",\"url\":\"https:\\\/\\\/www.anovapeneira.gal\\\/\",\"logo\":{\"@type\":\"ImageObject\",\"inLanguage\":\"gl-ES\",\"@id\":\"https:\\\/\\\/www.anovapeneira.gal\\\/#\\\/schema\\\/logo\\\/image\\\/\",\"url\":\"http:\\\/\\\/www.anovapeneira.gal\\\/wp-content\\\/uploads\\\/2019\\\/06\\\/logo_a_nova_peneira_portal_web.png\",\"contentUrl\":\"http:\\\/\\\/www.anovapeneira.gal\\\/wp-content\\\/uploads\\\/2019\\\/06\\\/logo_a_nova_peneira_portal_web.png\",\"width\":300,\"height\":100,\"caption\":\"A Nova Peneira\"},\"image\":{\"@id\":\"https:\\\/\\\/www.anovapeneira.gal\\\/#\\\/schema\\\/logo\\\/image\\\/\"},\"sameAs\":[\"https:\\\/\\\/www.facebook.com\\\/anovapeneira\",\"https:\\\/\\\/x.com\\\/APeneira\"]},{\"@type\":\"Person\",\"@id\":\"https:\\\/\\\/www.anovapeneira.gal\\\/#\\\/schema\\\/person\\\/b93e3f8932e3f8da96334607eb6ac6aa\",\"name\":\"Redacci\u00f3n A Nova Peneira\",\"image\":{\"@type\":\"ImageObject\",\"inLanguage\":\"gl-ES\",\"@id\":\"https:\\\/\\\/secure.gravatar.com\\\/avatar\\\/c052a2551a06e23fac63626232eaa90abd78dbcf1700fc46a2b2c89fd27b735f?s=96&d=mm&r=g\",\"url\":\"https:\\\/\\\/secure.gravatar.com\\\/avatar\\\/c052a2551a06e23fac63626232eaa90abd78dbcf1700fc46a2b2c89fd27b735f?s=96&d=mm&r=g\",\"contentUrl\":\"https:\\\/\\\/secure.gravatar.com\\\/avatar\\\/c052a2551a06e23fac63626232eaa90abd78dbcf1700fc46a2b2c89fd27b735f?s=96&d=mm&r=g\",\"caption\":\"Redacci\u00f3n A Nova Peneira\"},\"sameAs\":[\"http:\\\/\\\/www.anovapeneira.gal\\\/\"],\"url\":\"https:\\\/\\\/www.anovapeneira.gal\\\/index.php\\\/author\\\/redactor\\\/\"}]}<\/script>\n<!-- \/ Yoast SEO plugin. -->","yoast_head_json":{"title":"Cemiterio de Pereira [LUGARDEMEMORIA] -","robots":{"index":"index","follow":"follow","max-snippet":"max-snippet:-1","max-image-preview":"max-image-preview:large","max-video-preview":"max-video-preview:-1"},"canonical":"https:\/\/www.anovapeneira.gal\/index.php\/2020\/10\/20\/cemiterio-de-pereira-lugardememoria\/","og_locale":"gl_ES","og_type":"article","og_title":"Cemiterio de Pereira [LUGARDEMEMORIA] -","og_description":"[ANTONIO GIR\u00c1LDEZ LOMBA | Historiador] Hei de reco\u00f1ecer que nunca me gostaron moito os monumentos \u201c\u00f3 soldado desco\u00f1ecido\u201d que hai en bastantes pa\u00edses. Eu coido que o primeiro que podemos facer cos soldados que loitaron coa s\u00faa vida por defender as leis ea dignidade dun pobo \u00e9 dar a co\u00f1ecer os seus nomes, contar a historia da s\u00faa batalla e explicar o porqu\u00e9 da s\u00faa loita [...]","og_url":"https:\/\/www.anovapeneira.gal\/index.php\/2020\/10\/20\/cemiterio-de-pereira-lugardememoria\/","article_publisher":"https:\/\/www.facebook.com\/anovapeneira","article_published_time":"2020-10-20T08:00:12+00:00","og_image":[{"width":720,"height":432,"url":"https:\/\/www.anovapeneira.gal\/wp-content\/uploads\/2020\/10\/cemiterio_pereiro_biblioteca_neira_vilas.jpg","type":"image\/jpeg"}],"author":"Redacci\u00f3n A Nova Peneira","twitter_card":"summary_large_image","twitter_creator":"@APeneira","twitter_site":"@APeneira","twitter_misc":{"Escrito por":"Redacci\u00f3n A Nova Peneira","Tempo de lectura":"4 minutos"},"schema":{"@context":"https:\/\/schema.org","@graph":[{"@type":"Article","@id":"https:\/\/www.anovapeneira.gal\/index.php\/2020\/10\/20\/cemiterio-de-pereira-lugardememoria\/#article","isPartOf":{"@id":"https:\/\/www.anovapeneira.gal\/index.php\/2020\/10\/20\/cemiterio-de-pereira-lugardememoria\/"},"author":{"name":"Redacci\u00f3n A Nova Peneira","@id":"https:\/\/www.anovapeneira.gal\/#\/schema\/person\/b93e3f8932e3f8da96334607eb6ac6aa"},"headline":"Cemiterio de Pereira [LUGARDEMEMORIA]","datePublished":"2020-10-20T08:00:12+00:00","mainEntityOfPage":{"@id":"https:\/\/www.anovapeneira.gal\/index.php\/2020\/10\/20\/cemiterio-de-pereira-lugardememoria\/"},"wordCount":835,"commentCount":0,"publisher":{"@id":"https:\/\/www.anovapeneira.gal\/#organization"},"image":{"@id":"https:\/\/www.anovapeneira.gal\/index.php\/2020\/10\/20\/cemiterio-de-pereira-lugardememoria\/#primaryimage"},"thumbnailUrl":"https:\/\/www.anovapeneira.gal\/wp-content\/uploads\/2020\/10\/cemiterio_pereiro_biblioteca_neira_vilas.jpg","keywords":["Concello de Vigo"],"articleSection":["Vigo"],"inLanguage":"gl-ES","potentialAction":[{"@type":"CommentAction","name":"Comment","target":["https:\/\/www.anovapeneira.gal\/index.php\/2020\/10\/20\/cemiterio-de-pereira-lugardememoria\/#respond"]}]},{"@type":"WebPage","@id":"https:\/\/www.anovapeneira.gal\/index.php\/2020\/10\/20\/cemiterio-de-pereira-lugardememoria\/","url":"https:\/\/www.anovapeneira.gal\/index.php\/2020\/10\/20\/cemiterio-de-pereira-lugardememoria\/","name":"Cemiterio de Pereira [LUGARDEMEMORIA] -","isPartOf":{"@id":"https:\/\/www.anovapeneira.gal\/#website"},"primaryImageOfPage":{"@id":"https:\/\/www.anovapeneira.gal\/index.php\/2020\/10\/20\/cemiterio-de-pereira-lugardememoria\/#primaryimage"},"image":{"@id":"https:\/\/www.anovapeneira.gal\/index.php\/2020\/10\/20\/cemiterio-de-pereira-lugardememoria\/#primaryimage"},"thumbnailUrl":"https:\/\/www.anovapeneira.gal\/wp-content\/uploads\/2020\/10\/cemiterio_pereiro_biblioteca_neira_vilas.jpg","datePublished":"2020-10-20T08:00:12+00:00","breadcrumb":{"@id":"https:\/\/www.anovapeneira.gal\/index.php\/2020\/10\/20\/cemiterio-de-pereira-lugardememoria\/#breadcrumb"},"inLanguage":"gl-ES","potentialAction":[{"@type":"ReadAction","target":["https:\/\/www.anovapeneira.gal\/index.php\/2020\/10\/20\/cemiterio-de-pereira-lugardememoria\/"]}]},{"@type":"ImageObject","inLanguage":"gl-ES","@id":"https:\/\/www.anovapeneira.gal\/index.php\/2020\/10\/20\/cemiterio-de-pereira-lugardememoria\/#primaryimage","url":"https:\/\/www.anovapeneira.gal\/wp-content\/uploads\/2020\/10\/cemiterio_pereiro_biblioteca_neira_vilas.jpg","contentUrl":"https:\/\/www.anovapeneira.gal\/wp-content\/uploads\/2020\/10\/cemiterio_pereiro_biblioteca_neira_vilas.jpg","width":720,"height":432,"caption":"Cementerio de Pereir\u00f3 Lugar de memoria"},{"@type":"BreadcrumbList","@id":"https:\/\/www.anovapeneira.gal\/index.php\/2020\/10\/20\/cemiterio-de-pereira-lugardememoria\/#breadcrumb","itemListElement":[{"@type":"ListItem","position":1,"name":"Portada","item":"https:\/\/www.anovapeneira.gal\/"},{"@type":"ListItem","position":2,"name":"Cemiterio de Pereira [LUGARDEMEMORIA]"}]},{"@type":"WebSite","@id":"https:\/\/www.anovapeneira.gal\/#website","url":"https:\/\/www.anovapeneira.gal\/","name":"","description":"Xornal galego de informaci\u00f3n xeral Publicaci\u00f3n mensual de novas de Galicia e en especial dos Concellos da sur da provincia de Pontevedra.","publisher":{"@id":"https:\/\/www.anovapeneira.gal\/#organization"},"potentialAction":[{"@type":"SearchAction","target":{"@type":"EntryPoint","urlTemplate":"https:\/\/www.anovapeneira.gal\/?s={search_term_string}"},"query-input":{"@type":"PropertyValueSpecification","valueRequired":true,"valueName":"search_term_string"}}],"inLanguage":"gl-ES"},{"@type":"Organization","@id":"https:\/\/www.anovapeneira.gal\/#organization","name":"A Nova Peneira","url":"https:\/\/www.anovapeneira.gal\/","logo":{"@type":"ImageObject","inLanguage":"gl-ES","@id":"https:\/\/www.anovapeneira.gal\/#\/schema\/logo\/image\/","url":"http:\/\/www.anovapeneira.gal\/wp-content\/uploads\/2019\/06\/logo_a_nova_peneira_portal_web.png","contentUrl":"http:\/\/www.anovapeneira.gal\/wp-content\/uploads\/2019\/06\/logo_a_nova_peneira_portal_web.png","width":300,"height":100,"caption":"A Nova Peneira"},"image":{"@id":"https:\/\/www.anovapeneira.gal\/#\/schema\/logo\/image\/"},"sameAs":["https:\/\/www.facebook.com\/anovapeneira","https:\/\/x.com\/APeneira"]},{"@type":"Person","@id":"https:\/\/www.anovapeneira.gal\/#\/schema\/person\/b93e3f8932e3f8da96334607eb6ac6aa","name":"Redacci\u00f3n A Nova Peneira","image":{"@type":"ImageObject","inLanguage":"gl-ES","@id":"https:\/\/secure.gravatar.com\/avatar\/c052a2551a06e23fac63626232eaa90abd78dbcf1700fc46a2b2c89fd27b735f?s=96&d=mm&r=g","url":"https:\/\/secure.gravatar.com\/avatar\/c052a2551a06e23fac63626232eaa90abd78dbcf1700fc46a2b2c89fd27b735f?s=96&d=mm&r=g","contentUrl":"https:\/\/secure.gravatar.com\/avatar\/c052a2551a06e23fac63626232eaa90abd78dbcf1700fc46a2b2c89fd27b735f?s=96&d=mm&r=g","caption":"Redacci\u00f3n A Nova Peneira"},"sameAs":["http:\/\/www.anovapeneira.gal\/"],"url":"https:\/\/www.anovapeneira.gal\/index.php\/author\/redactor\/"}]}},"jetpack_featured_media_url":"https:\/\/www.anovapeneira.gal\/wp-content\/uploads\/2020\/10\/cemiterio_pereiro_biblioteca_neira_vilas.jpg","_links":{"self":[{"href":"https:\/\/www.anovapeneira.gal\/index.php\/wp-json\/wp\/v2\/posts\/4119","targetHints":{"allow":["GET"]}}],"collection":[{"href":"https:\/\/www.anovapeneira.gal\/index.php\/wp-json\/wp\/v2\/posts"}],"about":[{"href":"https:\/\/www.anovapeneira.gal\/index.php\/wp-json\/wp\/v2\/types\/post"}],"author":[{"embeddable":true,"href":"https:\/\/www.anovapeneira.gal\/index.php\/wp-json\/wp\/v2\/users\/3"}],"replies":[{"embeddable":true,"href":"https:\/\/www.anovapeneira.gal\/index.php\/wp-json\/wp\/v2\/comments?post=4119"}],"version-history":[{"count":2,"href":"https:\/\/www.anovapeneira.gal\/index.php\/wp-json\/wp\/v2\/posts\/4119\/revisions"}],"predecessor-version":[{"id":4123,"href":"https:\/\/www.anovapeneira.gal\/index.php\/wp-json\/wp\/v2\/posts\/4119\/revisions\/4123"}],"wp:featuredmedia":[{"embeddable":true,"href":"https:\/\/www.anovapeneira.gal\/index.php\/wp-json\/wp\/v2\/media\/4122"}],"wp:attachment":[{"href":"https:\/\/www.anovapeneira.gal\/index.php\/wp-json\/wp\/v2\/media?parent=4119"}],"wp:term":[{"taxonomy":"category","embeddable":true,"href":"https:\/\/www.anovapeneira.gal\/index.php\/wp-json\/wp\/v2\/categories?post=4119"},{"taxonomy":"post_tag","embeddable":true,"href":"https:\/\/www.anovapeneira.gal\/index.php\/wp-json\/wp\/v2\/tags?post=4119"}],"curies":[{"name":"wp","href":"https:\/\/api.w.org\/{rel}","templated":true}]}}