{"id":4135,"date":"2020-10-21T10:00:30","date_gmt":"2020-10-21T08:00:30","guid":{"rendered":"http:\/\/www.anovapeneira.gal\/?p=4135"},"modified":"2020-10-18T15:41:52","modified_gmt":"2020-10-18T13:41:52","slug":"o-vixesimo-sexto-fragmento-do-diario-de-senlua-arraiana","status":"publish","type":"post","link":"https:\/\/www.anovapeneira.gal\/index.php\/2020\/10\/21\/o-vixesimo-sexto-fragmento-do-diario-de-senlua-arraiana\/","title":{"rendered":"O vix\u00e9simo sexto fragmento do diario de Senl\u00faa Arraiana:"},"content":{"rendered":"\n<h2 class=\"wp-block-heading\">A pandemia de Cassandra<\/h2>\n\n\n\n<figure class=\"wp-block-image size-large is-resized is-style-default\"><img loading=\"lazy\" decoding=\"async\" src=\"http:\/\/www.anovapeneira.gal\/wp-content\/uploads\/2019\/07\/cristobal_a_nova_peneira.jpg\" alt=\"Crist\u00f3bal L\u00f3pez A Nova Peneira\" class=\"wp-image-555\" width=\"95\" height=\"111\"\/><figcaption>Crist\u00f3bal L\u00f3pez Pazo | Comuneiro dos montes de Tameiga, militante de anticapitalistas, ecoloxista en acci\u00f3n e veci\u00f1o constitu\u00ednte da asemblea veci\u00f1al ga\u00f1aM\u00f3s<\/figcaption><\/figure>\n\n\n\n<div class=\"wp-block-columns is-layout-flex wp-container-core-columns-is-layout-9d6595d7 wp-block-columns-is-layout-flex\">\n<div class=\"wp-block-column is-layout-flow wp-block-column-is-layout-flow\" style=\"flex-basis:33.33%\">\n<figure class=\"wp-block-image size-large is-style-default\"><img loading=\"lazy\" decoding=\"async\" width=\"700\" height=\"816\" src=\"http:\/\/www.anovapeneira.gal\/wp-content\/uploads\/2019\/08\/senlua_arraiana_2135.jpg\" alt=\"\" class=\"wp-image-877\" srcset=\"https:\/\/www.anovapeneira.gal\/wp-content\/uploads\/2019\/08\/senlua_arraiana_2135.jpg 700w, https:\/\/www.anovapeneira.gal\/wp-content\/uploads\/2019\/08\/senlua_arraiana_2135-257x300.jpg 257w\" sizes=\"auto, (max-width: 700px) 100vw, 700px\" \/><\/figure>\n<\/div>\n\n\n\n<div class=\"wp-block-column is-layout-flow wp-block-column-is-layout-flow\" style=\"flex-basis:66.66%\">\n<p><strong><em>(Este vix\u00e9simo sexto fragmento do diario de Senl\u00faa Arraiana foi recuperado e adiantado ao noso tempo por Noitepedralonga, fiel camarada do av\u00f3 da futura l\u00edder da resistencia arraiana).<\/em><\/strong><\/p>\n<\/div>\n<\/div>\n\n\n\n<p>Varios d\u00edas tardamos en ter Anatolia \u00e1 vista. A limitada autonom\u00eda dos veh\u00edculos obrigaba a unha longa parada hacia o final da ma\u00f1\u00e1 para recargar a bater\u00eda e o propio \u00e1 tardi\u00f1a, aproveitar un par de horas de sol antes do anoitecer.&nbsp;<\/p>\n\n\n\n<p>Grazas as indicaci\u00f3ns do ch\u00f3fer pronto fun destra despregando e orientando os paneis solares para a recarga. Unha vez ga\u00f1ada a confianza de Xumaker, desa guisa se chamaba o conductor, atrev\u00ednme a pedirlle que me ensinara a conducir aquela fermosa maquina. Foi bastante receloso, pero ante a mi\u00f1a seductora insistencia finalmente accedeu. Costoume ao primeiro, pero non tardei en acadar a suficiente habilidade para que Xumaker se turnara ao volante conmigo. Velo durmir mentres eu pilotaba foi a mellor proba da mi\u00f1a pericia. Entretida coa conducci\u00f3n e, cando non, escoitando as divertidas an\u00e9cdotas de Xumaker, os d\u00edas fix\u00e9ronseme m\u00e1is curtos. O meu mestre das catro rodas fora un afamado piloto de carreras antes da hecatombe, con sus trepidantes historias rematou contaxiandome a s\u00faa pais\u00f3n polos coches. Nembargantes cando lle comentei que ogall\u00e1 todos tiveramos un coche para movernos libremente contestoume cariacontecido:<\/p>\n\n\n\n<p>-Agardo que non cometamos de novo ese erro -continuou fruncindo m\u00e1is o ce\u00f1o-. Unha das causas que nos levou ao desastre foi mitificar ao automobil como s\u00edmbolo de liberdade e dispo\u00f1er as cidades para o tir\u00e1nico rei de catro rodas. Os espazos de convivencia foron hollados polos neum\u00e1ticos e a xente viv\u00eda illada nas s\u00faas casas, nos seus coches particulares ou no anonimato dos macro centros comerciales. A pesar das voces de alarma, antes da hecatombe hab\u00eda case o doble de coches que de habitantes no planeta. Millardos de pequenas maquinas de cambio clim\u00e1tico.&nbsp;<\/p>\n\n\n\n<p>Gardou uns segundos de silencio en mir\u00e1ndome fixamente reveloume:<\/p>\n\n\n\n<p>-Tedes que sublevarvos contra todo costume que non mante\u00f1a un sentido e utilidade. Todo debe pasar polo filtro da nova percepci\u00f3n. Non deixedes nada por arelar. Pero a forza impugnadora non ser\u00e1 suficiente para posibilitar ese outro mundo, necesitaredes crear, e crear coa man aberta e tendida. A liberdade non \u00e9 ter unha vida m\u00e1is c\u00f3moda e segura. A liberdade \u00e9 a fuxida da mezquindade.<\/p>\n\n\n\n<p>Sorprendeume a vehemencia das s\u00faas palabras. Non entend\u00eda porque el descont\u00e1base da propia creaci\u00f3n que pregonaba. Pregunteille sen ambaxes pola s\u00faa autoexclusi\u00f3n dun altermundo que desexaba tanto coma min.&nbsp;<\/p>\n\n\n\n<p>-Eu fun asistente no equipo de reconstruci\u00f3n social do teu pai. O d\u00eda que o asasinaron eu estaba con el e mandoume facer uns recados pouco antes de que vi\u00f1eran a buscalo. Creo que sab\u00eda que \u00edan a por el e por iso desf\u00edxose de todos os que traballabamos con el e agardou a morte sen arrastrar a ningu\u00e9n m\u00e1is. Desde o d\u00eda que o asasinaron non hai m\u00e1is que xenreira en min. P\u00eddeme que me inmole como unha bomba no palacio de Areval\u00e9fica pero non me pidas que tenda a man e perdoe a esas bestas. Non, eu non sirvo para construir ese novo mundo, s\u00f3lo agardo que me vaia deste arrastrando a esa quenlla ao inferno e vingar ao teu pai.&nbsp;<\/p>\n\n\n\n<p>Xumi! Era Xumi! Agora decatabame. Por iso faloume sempre con tanta familiaridade. Eu era moi pequena cando el era un asiduo na casa dos meus pais. Se mal non lembro \u00e9 familiar lonxano da mi\u00f1a nai e por iso&nbsp; co\u00f1eceu ao meu pai. Creo que me acordo m\u00e1is de Xumi polo que me contou despois a mi\u00f1a nai que por lembranzas mi\u00f1as de pequena. Mi\u00f1a nai atopaba algo enfermizo a idolatr\u00eda que lle profesaba Xumi ao meu pai. Daquela era a\u00ednda novo, est\u00e1 moi avellentado, aparenta moito m\u00e1is da s\u00faa idade. Non parec\u00eda doado rescatalo da s\u00faa obsesi\u00f3n por inmolarse. Se non muda, chegados a fronte non tardar\u00eda en deixarse matar.&nbsp;<\/p>\n\n\n\n<p>-Conto contigo para derrotar \u00e1 Colmea, pero tam\u00e9n para construir o altermundo que so\u00f1aste xunto co meu pai. As\u00ed que non te\u00f1as tanta presa por morrer -ofrecinlle o sorriso m\u00e1is grande da mi\u00f1a colleita e pasei o meu brazo polos seus hombreiros mentres aquel home comezaba a saloucar quedamente.&nbsp;<\/p>\n\n\n\n<p>As columnas de fume na lontananza foron \u00e1 primeira advertencia de que algo non \u00eda ben en Anatolia. Restaban a\u00ednda a varias horas de viaxe para alcanzar o noso destino e apuramos os \u00faltimos kil\u00f3metros angoniados. O silencio se aliaba cos pensamentos m\u00e1is funestos. Anatolia en mans da Colmea? O noso exercito derrotado e en retirada? Estar\u00e1 ben Prusiana? Coma o resto, non me atrev\u00edn a convertir en palabras os meus pensamentos. Ningu\u00e9n quer\u00eda oficiar de agorero. Apretei os pu\u00f1os e din grazas que fora o turno de Xumi ao volante.&nbsp;<\/p>\n\n\n\n<p>Paramos nos \u00faltimos outeiros que dominaban o val onde estaba enclavada Anatolia. O cami\u00f1o serpenteaba entre eles facendose angosto nas ladeiras m\u00e1is pronunciadas o que obrigaba a aminorar a velocidade incluso a un experimentado conductor como Xumi. Trepamos ata cima do outeiro m\u00e1is elevado desde o cal se divisaban a simple vista as murallas exteriores de Anatolia. A observaci\u00f3n non pod\u00eda ser m\u00e1is desconcertante, as columnas de fume eran a extramuros e ao redor delas apreciabase moita actividade, pero carente do frenes\u00ed dunha acci\u00f3n b\u00e9lica. Despois dunha inspecci\u00f3n minuciosa cos prism\u00e1ticos de Portela a situaci\u00f3n non era menos inaudita. Xente agrupada en recintos, parec\u00edan recluidos, pero non eran enemigos. Hab\u00eda piras funerarias por doquier e destacamentos de soldados&nbsp; en cada unha delas e m\u00e1is custodiando os recintos de reclusi\u00f3n. Mentres observaba polos prism\u00e1ticos abriuse un dos port\u00f3ns da murralla polo que sairon un pelot\u00f3n de soldados escoltando a o que parec\u00eda unha familia at\u00e9 un dos recintos. Non poder\u00eda asegurar que a familia fora de buen grado, pero non parec\u00edan resistirse nin queixarse. Aquilo non ti\u00f1a ning\u00fan sentido. Volv\u00e9ranse todos tolos?&nbsp;<\/p>\n\n\n\n<p>Para clarexar o que estaba sucedendo en Anatolia non quedaba outra que adentrarse na boca do lobo. Acordamos achegarnos paseni\u00f1o e axitando un trapo blanco pola fiestra do automobil que encabezaba a nosa comitiva.&nbsp;<\/p>\n\n\n\n<p>Est\u00e1bamos a medio kil\u00f3metro da muralla norte cando interceptounos unha patrulla. De preto a situaci\u00f3n faciase a\u00ednda m\u00e1is dantesca. At\u00f3nitos, tardamos en recobrar a calma suficiente para contestar as impacientes preguntas do cabo da patrulla. Costounos entender que nos requer\u00eda aquel alporizado suboficial, xa que mant\u00edase separado un par de metros e ao igual que o resto dos soldados levaba unha pa\u00f1oleta cubrindo boca e nariz. Non s\u00f3 os soldados, todo o mundo levaba pa\u00f1oleta do mesmo xeito, incluso os reclusos. Se non fora polo drama que nos rodeaba calquera dir\u00eda que os fulares tapabocas eran unha rabiosa moda entre as tropas rebeldes.&nbsp;<\/p>\n\n\n\n<p>A actitude imperiosa do cabo mudou cando decatouse da mi\u00f1a presenza no veh\u00edculo. Nervoso mandou un mensaxeiro ao cuartel xeral e pediunos que agardaramos a que recibira ordes do alto mandou. Incapaz de estar quedo, o cabo fixo aspaventos a outro destacamento para se achegara e facer un cord\u00f3n de seguridade ao redor nosa. Os nosos veh\u00edculos de por s\u00ed xa eran a atracci\u00f3n de todas as miradas, s\u00f3lo lle faltaba engalonarnos con guirnaldas bermellas.&nbsp;<\/p>\n\n\n\n<p>Nunha destas que o cabo estivo tres segundos sen moverse acadei preguntarlle polo que estaba sucedendo e porque estaba toda aquela xente recluida.&nbsp;<\/p>\n\n\n\n<p>-Peste negra. Veleno. Auga sucia. Moitos mortos -balbuceo entrecortado-. Xente contaxiada. Todas as s\u00faas cousas \u00e1 fogueira xunto cos mortos.&nbsp;<\/p>\n\n\n\n<p>Non hab\u00eda forma de obter informaci\u00f3n intelixible daquel inquedo cabo. As s\u00faas palabras non fixeron m\u00e1is que requecer a lenta impaciencia que nos carcom\u00eda sentados nos coches sen poder sa\u00edr. Encerrados no automobil escoitando o tic tac do atronador reloxo que hab\u00eda no salpicadero. Tic, tac, pero aquelas agullas parec\u00edan pegadas unha a outra resistindose tozudamente a avanzar. Cando xa esbaraba polo sumidero da desesperaci\u00f3n regresou o mensaxeiro de volta.&nbsp;<\/p>\n\n\n\n<p>Prusiana agard\u00e1banos na porta sureste da cidade. Al\u00ed nos diriximos escoltados por aquela marabunta. Cando chegamos Prusiana e o seu s\u00e9quito, todos ataviados con tapabocas, estaban xa agardando por n\u00f3s. Non puiden abrazarme a ela, malamente falar polo resquicio da ventanilla do coche baixada apenas dous dedos.&nbsp;<\/p>\n\n\n\n<p>Mentres Prusiana d\u00e1banos conta da sucedido a s\u00faa voz, amortiguada polo tapabocas, amosaba a extenuante situaci\u00f3n que estaban sufrindo. Se trataba dunha epidemia de disenter\u00eda que afectara aos dous bandos por igual. Desco\u00f1ec\u00edase onde xurdira. Prog\u00e1rase cunha velocidade inusitada. A carest\u00eda alimentaria da guerra propiciaba a letalidade desta enfermidade contaxiosa, pero o que encheu de cad\u00e1veres as piras funerarias foi a estulticia humana. Na Colmea, Areval\u00e9fica fixo correr o rumor de que o causante da enfermidade era a auga, que estaba envelenada por orden de Prusiana. Toda a auga da terra envelenada por Prusiana e a xente creu aquela burda mentira, incluso os mandos militares rebeldes chegaron a interiorizar a patra\u00f1a. A xente deixou de beber auga agravando a deshidrataci\u00f3n propia da disenter\u00eda o que disparou a mortandade. De nada serviu o desmentido, nin os chamados a raz\u00f3n ou as explicaci\u00f3ns m\u00e9dicas ofrecidas \u00e1 poboaci\u00f3n. A mentira espallada no boca a boca cobrou vida propia. Prusiana, expeditiva coma ningunha, combatiu o lume con lume. Enganou aos seus soldados e aos anatolianos anunciando que acadaran o antidoto contra o veleno e fixo botar en todos os pozos uns polvos laranxas inocuos. A purificaci\u00f3n de cada manancial f\u00edxose cunha recargada ceremonia propia dun cham\u00e1n. Funcionou. Funcionou tan ben que incluso houbo que racionar a auga. Os contaxiados melloraron r\u00e1pidamente e ao mesmo tempo o efecto reba\u00f1o reduxo dr\u00e1sticamente a propagaci\u00f3n da enfermidade. A auga &#8220;purificada&#8221; enseguida foi considerada un elixir sanalotodo e a poboaci\u00f3n comenzou a consumila e incluso almacenala en grandes cantidades. O alto mando tivo que destinar varios pelot\u00f3ns de milicianos para garantir a orde nas fontes e pozos da cidade. A situaci\u00f3n distaba moito da normalidade, a\u00ednda si toda a poboaci\u00f3n ti\u00f1a a sensaci\u00f3n de que estaban saindo do bache.&nbsp;<\/p>\n\n\n\n<p>-E os fulares tapabocas -pregunteille.&nbsp;<\/p>\n\n\n\n<p>-Bueno, non son moi profil\u00e1cticos, pero danlle \u00e1 xente a sensaci\u00f3n de seguridade ante os contaxiados e as\u00ed evitamos as liortas entre eles- respondeume e un intres despois, tr\u00e1s un longo suspiro, confesoume-. Querida, aprend\u00edn unha gran lecci\u00f3n. Nunca volverei a menospreciar a estupidez humana.<\/p>\n","protected":false},"excerpt":{"rendered":"<div class=\"mh-excerpt\"><p>Este vix\u00e9simo sexto fragmento do diario de Senl\u00faa Arraiana foi recuperado e adiantado ao noso tempo por Noitepedralonga, fiel camarada do av\u00f3 da futura l\u00edder da resistencia arraiana <a class=\"mh-excerpt-more\" href=\"https:\/\/www.anovapeneira.gal\/index.php\/2020\/10\/21\/o-vixesimo-sexto-fragmento-do-diario-de-senlua-arraiana\/\" title=\"O vix\u00e9simo sexto fragmento do diario de Senl\u00faa Arraiana:\">[&#8230;]<\/a><\/p>\n<\/div>","protected":false},"author":13,"featured_media":4136,"comment_status":"open","ping_status":"open","sticky":false,"template":"","format":"standard","meta":{"_exactmetrics_skip_tracking":false,"_exactmetrics_sitenote_active":false,"_exactmetrics_sitenote_note":"","_exactmetrics_sitenote_category":0,"footnotes":""},"categories":[7],"tags":[],"class_list":{"0":"post-4135","1":"post","2":"type-post","3":"status-publish","4":"format-standard","5":"has-post-thumbnail","7":"category-artigos-de-opinion"},"yoast_head":"<!-- This site is optimized with the Yoast SEO plugin v27.5 - https:\/\/yoast.com\/product\/yoast-seo-wordpress\/ -->\n<title>O vix\u00e9simo sexto fragmento do diario de Senl\u00faa Arraiana: -<\/title>\n<meta name=\"robots\" content=\"index, follow, max-snippet:-1, max-image-preview:large, max-video-preview:-1\" \/>\n<link rel=\"canonical\" href=\"https:\/\/www.anovapeneira.gal\/index.php\/2020\/10\/21\/o-vixesimo-sexto-fragmento-do-diario-de-senlua-arraiana\/\" \/>\n<meta property=\"og:locale\" content=\"gl_ES\" \/>\n<meta property=\"og:type\" content=\"article\" \/>\n<meta property=\"og:title\" content=\"O vix\u00e9simo sexto fragmento do diario de Senl\u00faa Arraiana: -\" \/>\n<meta property=\"og:description\" content=\"Este vix\u00e9simo sexto fragmento do diario de Senl\u00faa Arraiana foi recuperado e adiantado ao noso tempo por Noitepedralonga, fiel camarada do av\u00f3 da futura l\u00edder da resistencia arraiana [...]\" \/>\n<meta property=\"og:url\" content=\"https:\/\/www.anovapeneira.gal\/index.php\/2020\/10\/21\/o-vixesimo-sexto-fragmento-do-diario-de-senlua-arraiana\/\" \/>\n<meta property=\"article:publisher\" content=\"https:\/\/www.facebook.com\/anovapeneira\" \/>\n<meta property=\"article:published_time\" content=\"2020-10-21T08:00:30+00:00\" \/>\n<meta property=\"og:image\" content=\"https:\/\/www.anovapeneira.gal\/wp-content\/uploads\/2020\/10\/senlua_arraina_27.jpg\" \/>\n\t<meta property=\"og:image:width\" content=\"720\" \/>\n\t<meta property=\"og:image:height\" content=\"432\" \/>\n\t<meta property=\"og:image:type\" content=\"image\/jpeg\" \/>\n<meta name=\"author\" content=\"Cristobal L\u00f3pez\" \/>\n<meta name=\"twitter:card\" content=\"summary_large_image\" \/>\n<meta name=\"twitter:creator\" content=\"@APeneira\" \/>\n<meta name=\"twitter:site\" content=\"@APeneira\" \/>\n<meta name=\"twitter:label1\" content=\"Escrito por\" \/>\n\t<meta name=\"twitter:data1\" content=\"Cristobal L\u00f3pez\" \/>\n\t<meta name=\"twitter:label2\" content=\"Tempo de lectura\" \/>\n\t<meta name=\"twitter:data2\" content=\"9 minutos\" \/>\n<script type=\"application\/ld+json\" class=\"yoast-schema-graph\">{\"@context\":\"https:\\\/\\\/schema.org\",\"@graph\":[{\"@type\":\"Article\",\"@id\":\"https:\\\/\\\/www.anovapeneira.gal\\\/index.php\\\/2020\\\/10\\\/21\\\/o-vixesimo-sexto-fragmento-do-diario-de-senlua-arraiana\\\/#article\",\"isPartOf\":{\"@id\":\"https:\\\/\\\/www.anovapeneira.gal\\\/index.php\\\/2020\\\/10\\\/21\\\/o-vixesimo-sexto-fragmento-do-diario-de-senlua-arraiana\\\/\"},\"author\":{\"name\":\"Cristobal L\u00f3pez\",\"@id\":\"https:\\\/\\\/www.anovapeneira.gal\\\/#\\\/schema\\\/person\\\/45b3df2338e4d898b7616809f9c5906c\"},\"headline\":\"O vix\u00e9simo sexto fragmento do diario de Senl\u00faa Arraiana:\",\"datePublished\":\"2020-10-21T08:00:30+00:00\",\"mainEntityOfPage\":{\"@id\":\"https:\\\/\\\/www.anovapeneira.gal\\\/index.php\\\/2020\\\/10\\\/21\\\/o-vixesimo-sexto-fragmento-do-diario-de-senlua-arraiana\\\/\"},\"wordCount\":1871,\"commentCount\":0,\"publisher\":{\"@id\":\"https:\\\/\\\/www.anovapeneira.gal\\\/#organization\"},\"image\":{\"@id\":\"https:\\\/\\\/www.anovapeneira.gal\\\/index.php\\\/2020\\\/10\\\/21\\\/o-vixesimo-sexto-fragmento-do-diario-de-senlua-arraiana\\\/#primaryimage\"},\"thumbnailUrl\":\"https:\\\/\\\/www.anovapeneira.gal\\\/wp-content\\\/uploads\\\/2020\\\/10\\\/senlua_arraina_27.jpg\",\"articleSection\":[\"Artigos de opini\u00f3n\"],\"inLanguage\":\"gl-ES\",\"potentialAction\":[{\"@type\":\"CommentAction\",\"name\":\"Comment\",\"target\":[\"https:\\\/\\\/www.anovapeneira.gal\\\/index.php\\\/2020\\\/10\\\/21\\\/o-vixesimo-sexto-fragmento-do-diario-de-senlua-arraiana\\\/#respond\"]}]},{\"@type\":\"WebPage\",\"@id\":\"https:\\\/\\\/www.anovapeneira.gal\\\/index.php\\\/2020\\\/10\\\/21\\\/o-vixesimo-sexto-fragmento-do-diario-de-senlua-arraiana\\\/\",\"url\":\"https:\\\/\\\/www.anovapeneira.gal\\\/index.php\\\/2020\\\/10\\\/21\\\/o-vixesimo-sexto-fragmento-do-diario-de-senlua-arraiana\\\/\",\"name\":\"O vix\u00e9simo sexto fragmento do diario de Senl\u00faa Arraiana: -\",\"isPartOf\":{\"@id\":\"https:\\\/\\\/www.anovapeneira.gal\\\/#website\"},\"primaryImageOfPage\":{\"@id\":\"https:\\\/\\\/www.anovapeneira.gal\\\/index.php\\\/2020\\\/10\\\/21\\\/o-vixesimo-sexto-fragmento-do-diario-de-senlua-arraiana\\\/#primaryimage\"},\"image\":{\"@id\":\"https:\\\/\\\/www.anovapeneira.gal\\\/index.php\\\/2020\\\/10\\\/21\\\/o-vixesimo-sexto-fragmento-do-diario-de-senlua-arraiana\\\/#primaryimage\"},\"thumbnailUrl\":\"https:\\\/\\\/www.anovapeneira.gal\\\/wp-content\\\/uploads\\\/2020\\\/10\\\/senlua_arraina_27.jpg\",\"datePublished\":\"2020-10-21T08:00:30+00:00\",\"breadcrumb\":{\"@id\":\"https:\\\/\\\/www.anovapeneira.gal\\\/index.php\\\/2020\\\/10\\\/21\\\/o-vixesimo-sexto-fragmento-do-diario-de-senlua-arraiana\\\/#breadcrumb\"},\"inLanguage\":\"gl-ES\",\"potentialAction\":[{\"@type\":\"ReadAction\",\"target\":[\"https:\\\/\\\/www.anovapeneira.gal\\\/index.php\\\/2020\\\/10\\\/21\\\/o-vixesimo-sexto-fragmento-do-diario-de-senlua-arraiana\\\/\"]}]},{\"@type\":\"ImageObject\",\"inLanguage\":\"gl-ES\",\"@id\":\"https:\\\/\\\/www.anovapeneira.gal\\\/index.php\\\/2020\\\/10\\\/21\\\/o-vixesimo-sexto-fragmento-do-diario-de-senlua-arraiana\\\/#primaryimage\",\"url\":\"https:\\\/\\\/www.anovapeneira.gal\\\/wp-content\\\/uploads\\\/2020\\\/10\\\/senlua_arraina_27.jpg\",\"contentUrl\":\"https:\\\/\\\/www.anovapeneira.gal\\\/wp-content\\\/uploads\\\/2020\\\/10\\\/senlua_arraina_27.jpg\",\"width\":720,\"height\":432,\"caption\":\"O vix\u00e9simo sexto fragmento do diario de Senl\u00faa Arraiana: A pandemia de Cassandra\"},{\"@type\":\"BreadcrumbList\",\"@id\":\"https:\\\/\\\/www.anovapeneira.gal\\\/index.php\\\/2020\\\/10\\\/21\\\/o-vixesimo-sexto-fragmento-do-diario-de-senlua-arraiana\\\/#breadcrumb\",\"itemListElement\":[{\"@type\":\"ListItem\",\"position\":1,\"name\":\"Portada\",\"item\":\"https:\\\/\\\/www.anovapeneira.gal\\\/\"},{\"@type\":\"ListItem\",\"position\":2,\"name\":\"O vix\u00e9simo sexto fragmento do diario de Senl\u00faa Arraiana:\"}]},{\"@type\":\"WebSite\",\"@id\":\"https:\\\/\\\/www.anovapeneira.gal\\\/#website\",\"url\":\"https:\\\/\\\/www.anovapeneira.gal\\\/\",\"name\":\"\",\"description\":\"Xornal galego de informaci\u00f3n xeral Publicaci\u00f3n mensual de novas de Galicia e en especial dos Concellos da sur da provincia de Pontevedra.\",\"publisher\":{\"@id\":\"https:\\\/\\\/www.anovapeneira.gal\\\/#organization\"},\"potentialAction\":[{\"@type\":\"SearchAction\",\"target\":{\"@type\":\"EntryPoint\",\"urlTemplate\":\"https:\\\/\\\/www.anovapeneira.gal\\\/?s={search_term_string}\"},\"query-input\":{\"@type\":\"PropertyValueSpecification\",\"valueRequired\":true,\"valueName\":\"search_term_string\"}}],\"inLanguage\":\"gl-ES\"},{\"@type\":\"Organization\",\"@id\":\"https:\\\/\\\/www.anovapeneira.gal\\\/#organization\",\"name\":\"A Nova Peneira\",\"url\":\"https:\\\/\\\/www.anovapeneira.gal\\\/\",\"logo\":{\"@type\":\"ImageObject\",\"inLanguage\":\"gl-ES\",\"@id\":\"https:\\\/\\\/www.anovapeneira.gal\\\/#\\\/schema\\\/logo\\\/image\\\/\",\"url\":\"http:\\\/\\\/www.anovapeneira.gal\\\/wp-content\\\/uploads\\\/2019\\\/06\\\/logo_a_nova_peneira_portal_web.png\",\"contentUrl\":\"http:\\\/\\\/www.anovapeneira.gal\\\/wp-content\\\/uploads\\\/2019\\\/06\\\/logo_a_nova_peneira_portal_web.png\",\"width\":300,\"height\":100,\"caption\":\"A Nova Peneira\"},\"image\":{\"@id\":\"https:\\\/\\\/www.anovapeneira.gal\\\/#\\\/schema\\\/logo\\\/image\\\/\"},\"sameAs\":[\"https:\\\/\\\/www.facebook.com\\\/anovapeneira\",\"https:\\\/\\\/x.com\\\/APeneira\"]},{\"@type\":\"Person\",\"@id\":\"https:\\\/\\\/www.anovapeneira.gal\\\/#\\\/schema\\\/person\\\/45b3df2338e4d898b7616809f9c5906c\",\"name\":\"Cristobal L\u00f3pez\",\"image\":{\"@type\":\"ImageObject\",\"inLanguage\":\"gl-ES\",\"@id\":\"https:\\\/\\\/secure.gravatar.com\\\/avatar\\\/b537cf06ef8166c9ef72b09f4d5f6446b1e22ea99505d94e40b8685710482f79?s=96&d=mm&r=g\",\"url\":\"https:\\\/\\\/secure.gravatar.com\\\/avatar\\\/b537cf06ef8166c9ef72b09f4d5f6446b1e22ea99505d94e40b8685710482f79?s=96&d=mm&r=g\",\"contentUrl\":\"https:\\\/\\\/secure.gravatar.com\\\/avatar\\\/b537cf06ef8166c9ef72b09f4d5f6446b1e22ea99505d94e40b8685710482f79?s=96&d=mm&r=g\",\"caption\":\"Cristobal L\u00f3pez\"},\"sameAs\":[\"http:\\\/\\\/anovapeneira.gal\"],\"url\":\"https:\\\/\\\/www.anovapeneira.gal\\\/index.php\\\/author\\\/opinioncristoballopez\\\/\"}]}<\/script>\n<!-- \/ Yoast SEO plugin. -->","yoast_head_json":{"title":"O vix\u00e9simo sexto fragmento do diario de Senl\u00faa Arraiana: -","robots":{"index":"index","follow":"follow","max-snippet":"max-snippet:-1","max-image-preview":"max-image-preview:large","max-video-preview":"max-video-preview:-1"},"canonical":"https:\/\/www.anovapeneira.gal\/index.php\/2020\/10\/21\/o-vixesimo-sexto-fragmento-do-diario-de-senlua-arraiana\/","og_locale":"gl_ES","og_type":"article","og_title":"O vix\u00e9simo sexto fragmento do diario de Senl\u00faa Arraiana: -","og_description":"Este vix\u00e9simo sexto fragmento do diario de Senl\u00faa Arraiana foi recuperado e adiantado ao noso tempo por Noitepedralonga, fiel camarada do av\u00f3 da futura l\u00edder da resistencia arraiana [...]","og_url":"https:\/\/www.anovapeneira.gal\/index.php\/2020\/10\/21\/o-vixesimo-sexto-fragmento-do-diario-de-senlua-arraiana\/","article_publisher":"https:\/\/www.facebook.com\/anovapeneira","article_published_time":"2020-10-21T08:00:30+00:00","og_image":[{"width":720,"height":432,"url":"https:\/\/www.anovapeneira.gal\/wp-content\/uploads\/2020\/10\/senlua_arraina_27.jpg","type":"image\/jpeg"}],"author":"Cristobal L\u00f3pez","twitter_card":"summary_large_image","twitter_creator":"@APeneira","twitter_site":"@APeneira","twitter_misc":{"Escrito por":"Cristobal L\u00f3pez","Tempo de lectura":"9 minutos"},"schema":{"@context":"https:\/\/schema.org","@graph":[{"@type":"Article","@id":"https:\/\/www.anovapeneira.gal\/index.php\/2020\/10\/21\/o-vixesimo-sexto-fragmento-do-diario-de-senlua-arraiana\/#article","isPartOf":{"@id":"https:\/\/www.anovapeneira.gal\/index.php\/2020\/10\/21\/o-vixesimo-sexto-fragmento-do-diario-de-senlua-arraiana\/"},"author":{"name":"Cristobal L\u00f3pez","@id":"https:\/\/www.anovapeneira.gal\/#\/schema\/person\/45b3df2338e4d898b7616809f9c5906c"},"headline":"O vix\u00e9simo sexto fragmento do diario de Senl\u00faa Arraiana:","datePublished":"2020-10-21T08:00:30+00:00","mainEntityOfPage":{"@id":"https:\/\/www.anovapeneira.gal\/index.php\/2020\/10\/21\/o-vixesimo-sexto-fragmento-do-diario-de-senlua-arraiana\/"},"wordCount":1871,"commentCount":0,"publisher":{"@id":"https:\/\/www.anovapeneira.gal\/#organization"},"image":{"@id":"https:\/\/www.anovapeneira.gal\/index.php\/2020\/10\/21\/o-vixesimo-sexto-fragmento-do-diario-de-senlua-arraiana\/#primaryimage"},"thumbnailUrl":"https:\/\/www.anovapeneira.gal\/wp-content\/uploads\/2020\/10\/senlua_arraina_27.jpg","articleSection":["Artigos de opini\u00f3n"],"inLanguage":"gl-ES","potentialAction":[{"@type":"CommentAction","name":"Comment","target":["https:\/\/www.anovapeneira.gal\/index.php\/2020\/10\/21\/o-vixesimo-sexto-fragmento-do-diario-de-senlua-arraiana\/#respond"]}]},{"@type":"WebPage","@id":"https:\/\/www.anovapeneira.gal\/index.php\/2020\/10\/21\/o-vixesimo-sexto-fragmento-do-diario-de-senlua-arraiana\/","url":"https:\/\/www.anovapeneira.gal\/index.php\/2020\/10\/21\/o-vixesimo-sexto-fragmento-do-diario-de-senlua-arraiana\/","name":"O vix\u00e9simo sexto fragmento do diario de Senl\u00faa Arraiana: -","isPartOf":{"@id":"https:\/\/www.anovapeneira.gal\/#website"},"primaryImageOfPage":{"@id":"https:\/\/www.anovapeneira.gal\/index.php\/2020\/10\/21\/o-vixesimo-sexto-fragmento-do-diario-de-senlua-arraiana\/#primaryimage"},"image":{"@id":"https:\/\/www.anovapeneira.gal\/index.php\/2020\/10\/21\/o-vixesimo-sexto-fragmento-do-diario-de-senlua-arraiana\/#primaryimage"},"thumbnailUrl":"https:\/\/www.anovapeneira.gal\/wp-content\/uploads\/2020\/10\/senlua_arraina_27.jpg","datePublished":"2020-10-21T08:00:30+00:00","breadcrumb":{"@id":"https:\/\/www.anovapeneira.gal\/index.php\/2020\/10\/21\/o-vixesimo-sexto-fragmento-do-diario-de-senlua-arraiana\/#breadcrumb"},"inLanguage":"gl-ES","potentialAction":[{"@type":"ReadAction","target":["https:\/\/www.anovapeneira.gal\/index.php\/2020\/10\/21\/o-vixesimo-sexto-fragmento-do-diario-de-senlua-arraiana\/"]}]},{"@type":"ImageObject","inLanguage":"gl-ES","@id":"https:\/\/www.anovapeneira.gal\/index.php\/2020\/10\/21\/o-vixesimo-sexto-fragmento-do-diario-de-senlua-arraiana\/#primaryimage","url":"https:\/\/www.anovapeneira.gal\/wp-content\/uploads\/2020\/10\/senlua_arraina_27.jpg","contentUrl":"https:\/\/www.anovapeneira.gal\/wp-content\/uploads\/2020\/10\/senlua_arraina_27.jpg","width":720,"height":432,"caption":"O vix\u00e9simo sexto fragmento do diario de Senl\u00faa Arraiana: A pandemia de Cassandra"},{"@type":"BreadcrumbList","@id":"https:\/\/www.anovapeneira.gal\/index.php\/2020\/10\/21\/o-vixesimo-sexto-fragmento-do-diario-de-senlua-arraiana\/#breadcrumb","itemListElement":[{"@type":"ListItem","position":1,"name":"Portada","item":"https:\/\/www.anovapeneira.gal\/"},{"@type":"ListItem","position":2,"name":"O vix\u00e9simo sexto fragmento do diario de Senl\u00faa Arraiana:"}]},{"@type":"WebSite","@id":"https:\/\/www.anovapeneira.gal\/#website","url":"https:\/\/www.anovapeneira.gal\/","name":"","description":"Xornal galego de informaci\u00f3n xeral Publicaci\u00f3n mensual de novas de Galicia e en especial dos Concellos da sur da provincia de Pontevedra.","publisher":{"@id":"https:\/\/www.anovapeneira.gal\/#organization"},"potentialAction":[{"@type":"SearchAction","target":{"@type":"EntryPoint","urlTemplate":"https:\/\/www.anovapeneira.gal\/?s={search_term_string}"},"query-input":{"@type":"PropertyValueSpecification","valueRequired":true,"valueName":"search_term_string"}}],"inLanguage":"gl-ES"},{"@type":"Organization","@id":"https:\/\/www.anovapeneira.gal\/#organization","name":"A Nova Peneira","url":"https:\/\/www.anovapeneira.gal\/","logo":{"@type":"ImageObject","inLanguage":"gl-ES","@id":"https:\/\/www.anovapeneira.gal\/#\/schema\/logo\/image\/","url":"http:\/\/www.anovapeneira.gal\/wp-content\/uploads\/2019\/06\/logo_a_nova_peneira_portal_web.png","contentUrl":"http:\/\/www.anovapeneira.gal\/wp-content\/uploads\/2019\/06\/logo_a_nova_peneira_portal_web.png","width":300,"height":100,"caption":"A Nova Peneira"},"image":{"@id":"https:\/\/www.anovapeneira.gal\/#\/schema\/logo\/image\/"},"sameAs":["https:\/\/www.facebook.com\/anovapeneira","https:\/\/x.com\/APeneira"]},{"@type":"Person","@id":"https:\/\/www.anovapeneira.gal\/#\/schema\/person\/45b3df2338e4d898b7616809f9c5906c","name":"Cristobal L\u00f3pez","image":{"@type":"ImageObject","inLanguage":"gl-ES","@id":"https:\/\/secure.gravatar.com\/avatar\/b537cf06ef8166c9ef72b09f4d5f6446b1e22ea99505d94e40b8685710482f79?s=96&d=mm&r=g","url":"https:\/\/secure.gravatar.com\/avatar\/b537cf06ef8166c9ef72b09f4d5f6446b1e22ea99505d94e40b8685710482f79?s=96&d=mm&r=g","contentUrl":"https:\/\/secure.gravatar.com\/avatar\/b537cf06ef8166c9ef72b09f4d5f6446b1e22ea99505d94e40b8685710482f79?s=96&d=mm&r=g","caption":"Cristobal L\u00f3pez"},"sameAs":["http:\/\/anovapeneira.gal"],"url":"https:\/\/www.anovapeneira.gal\/index.php\/author\/opinioncristoballopez\/"}]}},"jetpack_featured_media_url":"https:\/\/www.anovapeneira.gal\/wp-content\/uploads\/2020\/10\/senlua_arraina_27.jpg","_links":{"self":[{"href":"https:\/\/www.anovapeneira.gal\/index.php\/wp-json\/wp\/v2\/posts\/4135","targetHints":{"allow":["GET"]}}],"collection":[{"href":"https:\/\/www.anovapeneira.gal\/index.php\/wp-json\/wp\/v2\/posts"}],"about":[{"href":"https:\/\/www.anovapeneira.gal\/index.php\/wp-json\/wp\/v2\/types\/post"}],"author":[{"embeddable":true,"href":"https:\/\/www.anovapeneira.gal\/index.php\/wp-json\/wp\/v2\/users\/13"}],"replies":[{"embeddable":true,"href":"https:\/\/www.anovapeneira.gal\/index.php\/wp-json\/wp\/v2\/comments?post=4135"}],"version-history":[{"count":2,"href":"https:\/\/www.anovapeneira.gal\/index.php\/wp-json\/wp\/v2\/posts\/4135\/revisions"}],"predecessor-version":[{"id":4138,"href":"https:\/\/www.anovapeneira.gal\/index.php\/wp-json\/wp\/v2\/posts\/4135\/revisions\/4138"}],"wp:featuredmedia":[{"embeddable":true,"href":"https:\/\/www.anovapeneira.gal\/index.php\/wp-json\/wp\/v2\/media\/4136"}],"wp:attachment":[{"href":"https:\/\/www.anovapeneira.gal\/index.php\/wp-json\/wp\/v2\/media?parent=4135"}],"wp:term":[{"taxonomy":"category","embeddable":true,"href":"https:\/\/www.anovapeneira.gal\/index.php\/wp-json\/wp\/v2\/categories?post=4135"},{"taxonomy":"post_tag","embeddable":true,"href":"https:\/\/www.anovapeneira.gal\/index.php\/wp-json\/wp\/v2\/tags?post=4135"}],"curies":[{"name":"wp","href":"https:\/\/api.w.org\/{rel}","templated":true}]}}