{"id":4145,"date":"2020-10-22T12:00:53","date_gmt":"2020-10-22T10:00:53","guid":{"rendered":"http:\/\/www.anovapeneira.gal\/?p=4145"},"modified":"2020-10-18T16:01:32","modified_gmt":"2020-10-18T14:01:32","slug":"petrona-en-la-toja","status":"publish","type":"post","link":"https:\/\/www.anovapeneira.gal\/index.php\/2020\/10\/22\/petrona-en-la-toja\/","title":{"rendered":"Petrona en \u201cLa Toja\u201d"},"content":{"rendered":"\n<figure class=\"wp-block-image size-large is-resized\"><img loading=\"lazy\" decoding=\"async\" src=\"http:\/\/www.anovapeneira.gal\/wp-content\/uploads\/2019\/12\/retrato_montse_fajardo_cambados_a_nova_peneira.jpg\" alt=\"Retrato Montse Fajardo A Nova Peneira\" class=\"wp-image-2085\" width=\"95\" height=\"111\"\/><figcaption>Montse Fajardo<\/figcaption><\/figure>\n\n\n\n<pre id=\"block-f4d90ff1-a58e-4f73-9ae2-44ddd638ccfa\" class=\"wp-block-preformatted\">MILANA BONITA<\/pre>\n\n\n\n<p>Cando eu era nena hab\u00eda un dito moi machista que se aplicaba a unha persoa que acumulaba moitas desgrazas ou, nomeadamente, moitos defectos: \u201cEsta tenas todas como Petrona, que era puta, fea e&nbsp;<em>ladrona<\/em>\u201d. Lembreino hai uns d\u00edas coa celebraci\u00f3n na illa da Toxa do congreso para a reconstruci\u00f3n do mundo (tal cousa dic\u00eda a prensa) logo da pandemia da COVID. Parec\u00edame que o foro, como Petrona, t\u00ed\u00f1aas todas. Primeiro esa visi\u00f3n do Imperio como medida do universo. Segundo, a pr\u00e1ctica desaparici\u00f3n das mulleres no programa, que tan graficamente resum\u00eda un medio non p\u00fablico -pero que pagamos todas n\u00f3s-, ao ilustrar coa imaxe dunha ducia de ponentes masculinos, a grandilocuente nova de que as \u201cmellores mentes\u201d se reun\u00edan na Toxa. E terceiro, a patada na boca que lle daban \u00e1 nosa lingua ao denominar o evento: \u201cForo La Toja\u201d, deturpando por completo o top\u00f3nimo da marabillosa illa meca. Que digo eu, polo menos escribilo coa gheada propia da zona.&nbsp;<\/p>\n\n\n\n<p>Pero a\u00ednda hai m\u00e1is. A esta Petrona caghoulle un can diante, -que dic\u00eda outro dito cando algu\u00e9n ti\u00f1a aires de marquesa sen ter que levar \u00e1 boca-, e levaba un tufo clasista que tiraba para atr\u00e1s. Por iso, non \u00e9 de estra\u00f1ar que os anuncios chegados dos masculinos, espa\u00f1olistas e podentes pr\u00f3ceres da nosa patria, apunten que nesta crise, como na anterior, os chalecos salvavidas van ir para primeira clase e DiCaprio vai afogar no tit\u00e1nico esforzo de sobrevivir ao naufraxio dos aut\u00f3nomos da hostalar\u00eda.&nbsp;<\/p>\n\n\n\n<p>Unha vez m\u00e1is, os grandes proxectos que prop\u00f3n \u00e1 Xunta para os fondos europeos non miran polo traballo aut\u00f3nomo, polas pemes, polas conserveiras, polas explotaci\u00f3ns gandeiras ou agr\u00edcolas da nosa Terra, por moito que lles chamen proxectos tractor. Se daquela a prioridade foi salvar os bancos, o que urxe agora \u00e9 salvar as grandes empresas como ENCE, Iberdrola, Inditex e a multinacionais estranxeiras, que son as que van levar os cartos segundo anuncia San Caetano, mentres os medios af\u00edns aplauden coas orellas e corren a explicarnos a n\u00f3s, que somos populacho, que grazas a darlles 1.300 mill\u00f3ns de euros van crear, nada m\u00e1is e nada menos, que 1.700 postos de traballo. Carallo, sae a mill\u00f3n por emprego!<\/p>\n\n\n\n<p>A oposici\u00f3n fai o c\u00e1lculo e o goberno galego rectifica: pois crear\u00e1n 18.000!!!, mais sen explicar que pasou entre titular e titular para posibilitar o cambio. Isto \u00e9 como as vodas de Cana\u00e1n ou o milagre dos pans e os peixes: temos que ter fe e acreditar que non vai pasar como con Pemex ou como cos postos que \u00eda haber na r\u00eda de Arousa grazas aos dep\u00f3sitos de Ferrazo.&nbsp;<\/p>\n\n\n\n<p>Mais eu, desta volta, ando un pouco atea e non acredito nada. Temo que o pa\u00eds, o sector p\u00fablico e a clase traballadora van sa\u00edr de novo magoados. Venderannos que non hai nada m\u00e1is positivo para o medio ambiente que darlle cartos a ENCE mentres acaba co bosque aut\u00f3ctono. Dir\u00e1n que non hai nada m\u00e1is produtivo que investir en hidr\u00f3xeno, sen explicarnos porqu\u00e9 os beneficios en vez de reverter non pa\u00eds acabar\u00e1n en mans privadas. E presumir\u00e1n de bos xestores por posibilitar que o cadro de persoal de Alcoa sexa absorbido por unha multinacional en vez de garantirlle estabilidade e mellores condici\u00f3ns laborais nunha empresa p\u00fablica.&nbsp;<\/p>\n\n\n\n<p>Fico ata sen a esperanza que queda no indignarse ao ver a loitadoras feministas posar sobre a alfombra vermella de \u201cLa Toja\u201d sen que a cor lles suba \u00e1 faciana. Ai!<\/p>\n","protected":false},"excerpt":{"rendered":"<div class=\"mh-excerpt\"><p>Cando eu era nena hab\u00eda un dito moi machista que se aplicaba a unha persoa que acumulaba moitas desgrazas ou, nomeadamente, moitos defectos: \u201cEsta tenas todas como Petrona, que era puta, fea e ladrona\u201d.  <a class=\"mh-excerpt-more\" href=\"https:\/\/www.anovapeneira.gal\/index.php\/2020\/10\/22\/petrona-en-la-toja\/\" title=\"Petrona en \u201cLa Toja\u201d\">[&#8230;]<\/a><\/p>\n<\/div>","protected":false},"author":15,"featured_media":895,"comment_status":"open","ping_status":"open","sticky":false,"template":"","format":"standard","meta":{"_exactmetrics_skip_tracking":false,"_exactmetrics_sitenote_active":false,"_exactmetrics_sitenote_note":"","_exactmetrics_sitenote_category":0,"footnotes":""},"categories":[7],"tags":[1005],"class_list":{"0":"post-4145","1":"post","2":"type-post","3":"status-publish","4":"format-standard","5":"has-post-thumbnail","7":"category-artigos-de-opinion","8":"tag-opinon"},"yoast_head":"<!-- This site is optimized with the Yoast SEO plugin v27.4 - https:\/\/yoast.com\/product\/yoast-seo-wordpress\/ -->\n<title>Petrona en \u201cLa Toja\u201d -<\/title>\n<meta name=\"robots\" content=\"index, follow, max-snippet:-1, max-image-preview:large, max-video-preview:-1\" \/>\n<link rel=\"canonical\" href=\"https:\/\/www.anovapeneira.gal\/index.php\/2020\/10\/22\/petrona-en-la-toja\/\" \/>\n<meta property=\"og:locale\" content=\"gl_ES\" \/>\n<meta property=\"og:type\" content=\"article\" \/>\n<meta property=\"og:title\" content=\"Petrona en \u201cLa Toja\u201d -\" \/>\n<meta property=\"og:description\" content=\"Cando eu era nena hab\u00eda un dito moi machista que se aplicaba a unha persoa que acumulaba moitas desgrazas ou, nomeadamente, moitos defectos: \u201cEsta tenas todas como Petrona, que era puta, fea e ladrona\u201d. [...]\" \/>\n<meta property=\"og:url\" content=\"https:\/\/www.anovapeneira.gal\/index.php\/2020\/10\/22\/petrona-en-la-toja\/\" \/>\n<meta property=\"article:publisher\" content=\"https:\/\/www.facebook.com\/anovapeneira\" \/>\n<meta property=\"article:published_time\" content=\"2020-10-22T10:00:53+00:00\" \/>\n<meta property=\"og:image\" content=\"https:\/\/www.anovapeneira.gal\/wp-content\/uploads\/2019\/08\/ARTIGO_DE_EDITORIAL_A_NOVA_PENEIRA-678x381-copia.jpg\" \/>\n\t<meta property=\"og:image:width\" content=\"720\" \/>\n\t<meta property=\"og:image:height\" content=\"473\" \/>\n\t<meta property=\"og:image:type\" content=\"image\/jpeg\" \/>\n<meta name=\"author\" content=\"Montse Fajardo\" \/>\n<meta name=\"twitter:card\" content=\"summary_large_image\" \/>\n<meta name=\"twitter:creator\" content=\"@APeneira\" \/>\n<meta name=\"twitter:site\" content=\"@APeneira\" \/>\n<meta name=\"twitter:label1\" content=\"Escrito por\" \/>\n\t<meta name=\"twitter:data1\" content=\"Montse Fajardo\" \/>\n\t<meta name=\"twitter:label2\" content=\"Tempo de lectura\" \/>\n\t<meta name=\"twitter:data2\" content=\"3 minutos\" \/>\n<script type=\"application\/ld+json\" class=\"yoast-schema-graph\">{\"@context\":\"https:\\\/\\\/schema.org\",\"@graph\":[{\"@type\":\"Article\",\"@id\":\"https:\\\/\\\/www.anovapeneira.gal\\\/index.php\\\/2020\\\/10\\\/22\\\/petrona-en-la-toja\\\/#article\",\"isPartOf\":{\"@id\":\"https:\\\/\\\/www.anovapeneira.gal\\\/index.php\\\/2020\\\/10\\\/22\\\/petrona-en-la-toja\\\/\"},\"author\":{\"name\":\"Montse Fajardo\",\"@id\":\"https:\\\/\\\/www.anovapeneira.gal\\\/#\\\/schema\\\/person\\\/b5d841c74dee61f6776658b07b904c18\"},\"headline\":\"Petrona en \u201cLa Toja\u201d\",\"datePublished\":\"2020-10-22T10:00:53+00:00\",\"mainEntityOfPage\":{\"@id\":\"https:\\\/\\\/www.anovapeneira.gal\\\/index.php\\\/2020\\\/10\\\/22\\\/petrona-en-la-toja\\\/\"},\"wordCount\":623,\"commentCount\":0,\"publisher\":{\"@id\":\"https:\\\/\\\/www.anovapeneira.gal\\\/#organization\"},\"image\":{\"@id\":\"https:\\\/\\\/www.anovapeneira.gal\\\/index.php\\\/2020\\\/10\\\/22\\\/petrona-en-la-toja\\\/#primaryimage\"},\"thumbnailUrl\":\"https:\\\/\\\/www.anovapeneira.gal\\\/wp-content\\\/uploads\\\/2019\\\/08\\\/ARTIGO_DE_EDITORIAL_A_NOVA_PENEIRA-678x381-copia.jpg\",\"keywords\":[\"Opin\u00f3n\"],\"articleSection\":[\"Artigos de opini\u00f3n\"],\"inLanguage\":\"gl-ES\",\"potentialAction\":[{\"@type\":\"CommentAction\",\"name\":\"Comment\",\"target\":[\"https:\\\/\\\/www.anovapeneira.gal\\\/index.php\\\/2020\\\/10\\\/22\\\/petrona-en-la-toja\\\/#respond\"]}]},{\"@type\":\"WebPage\",\"@id\":\"https:\\\/\\\/www.anovapeneira.gal\\\/index.php\\\/2020\\\/10\\\/22\\\/petrona-en-la-toja\\\/\",\"url\":\"https:\\\/\\\/www.anovapeneira.gal\\\/index.php\\\/2020\\\/10\\\/22\\\/petrona-en-la-toja\\\/\",\"name\":\"Petrona en \u201cLa Toja\u201d -\",\"isPartOf\":{\"@id\":\"https:\\\/\\\/www.anovapeneira.gal\\\/#website\"},\"primaryImageOfPage\":{\"@id\":\"https:\\\/\\\/www.anovapeneira.gal\\\/index.php\\\/2020\\\/10\\\/22\\\/petrona-en-la-toja\\\/#primaryimage\"},\"image\":{\"@id\":\"https:\\\/\\\/www.anovapeneira.gal\\\/index.php\\\/2020\\\/10\\\/22\\\/petrona-en-la-toja\\\/#primaryimage\"},\"thumbnailUrl\":\"https:\\\/\\\/www.anovapeneira.gal\\\/wp-content\\\/uploads\\\/2019\\\/08\\\/ARTIGO_DE_EDITORIAL_A_NOVA_PENEIRA-678x381-copia.jpg\",\"datePublished\":\"2020-10-22T10:00:53+00:00\",\"breadcrumb\":{\"@id\":\"https:\\\/\\\/www.anovapeneira.gal\\\/index.php\\\/2020\\\/10\\\/22\\\/petrona-en-la-toja\\\/#breadcrumb\"},\"inLanguage\":\"gl-ES\",\"potentialAction\":[{\"@type\":\"ReadAction\",\"target\":[\"https:\\\/\\\/www.anovapeneira.gal\\\/index.php\\\/2020\\\/10\\\/22\\\/petrona-en-la-toja\\\/\"]}]},{\"@type\":\"ImageObject\",\"inLanguage\":\"gl-ES\",\"@id\":\"https:\\\/\\\/www.anovapeneira.gal\\\/index.php\\\/2020\\\/10\\\/22\\\/petrona-en-la-toja\\\/#primaryimage\",\"url\":\"https:\\\/\\\/www.anovapeneira.gal\\\/wp-content\\\/uploads\\\/2019\\\/08\\\/ARTIGO_DE_EDITORIAL_A_NOVA_PENEIRA-678x381-copia.jpg\",\"contentUrl\":\"https:\\\/\\\/www.anovapeneira.gal\\\/wp-content\\\/uploads\\\/2019\\\/08\\\/ARTIGO_DE_EDITORIAL_A_NOVA_PENEIRA-678x381-copia.jpg\",\"width\":720,\"height\":473,\"caption\":\"Artigo Editorial A Nova Peneira Tino Lago\"},{\"@type\":\"BreadcrumbList\",\"@id\":\"https:\\\/\\\/www.anovapeneira.gal\\\/index.php\\\/2020\\\/10\\\/22\\\/petrona-en-la-toja\\\/#breadcrumb\",\"itemListElement\":[{\"@type\":\"ListItem\",\"position\":1,\"name\":\"Portada\",\"item\":\"https:\\\/\\\/www.anovapeneira.gal\\\/\"},{\"@type\":\"ListItem\",\"position\":2,\"name\":\"Petrona en \u201cLa Toja\u201d\"}]},{\"@type\":\"WebSite\",\"@id\":\"https:\\\/\\\/www.anovapeneira.gal\\\/#website\",\"url\":\"https:\\\/\\\/www.anovapeneira.gal\\\/\",\"name\":\"\",\"description\":\"Xornal galego de informaci\u00f3n xeral Publicaci\u00f3n mensual de novas de Galicia e en especial dos Concellos da sur da provincia de Pontevedra.\",\"publisher\":{\"@id\":\"https:\\\/\\\/www.anovapeneira.gal\\\/#organization\"},\"potentialAction\":[{\"@type\":\"SearchAction\",\"target\":{\"@type\":\"EntryPoint\",\"urlTemplate\":\"https:\\\/\\\/www.anovapeneira.gal\\\/?s={search_term_string}\"},\"query-input\":{\"@type\":\"PropertyValueSpecification\",\"valueRequired\":true,\"valueName\":\"search_term_string\"}}],\"inLanguage\":\"gl-ES\"},{\"@type\":\"Organization\",\"@id\":\"https:\\\/\\\/www.anovapeneira.gal\\\/#organization\",\"name\":\"A Nova Peneira\",\"url\":\"https:\\\/\\\/www.anovapeneira.gal\\\/\",\"logo\":{\"@type\":\"ImageObject\",\"inLanguage\":\"gl-ES\",\"@id\":\"https:\\\/\\\/www.anovapeneira.gal\\\/#\\\/schema\\\/logo\\\/image\\\/\",\"url\":\"http:\\\/\\\/www.anovapeneira.gal\\\/wp-content\\\/uploads\\\/2019\\\/06\\\/logo_a_nova_peneira_portal_web.png\",\"contentUrl\":\"http:\\\/\\\/www.anovapeneira.gal\\\/wp-content\\\/uploads\\\/2019\\\/06\\\/logo_a_nova_peneira_portal_web.png\",\"width\":300,\"height\":100,\"caption\":\"A Nova Peneira\"},\"image\":{\"@id\":\"https:\\\/\\\/www.anovapeneira.gal\\\/#\\\/schema\\\/logo\\\/image\\\/\"},\"sameAs\":[\"https:\\\/\\\/www.facebook.com\\\/anovapeneira\",\"https:\\\/\\\/x.com\\\/APeneira\"]},{\"@type\":\"Person\",\"@id\":\"https:\\\/\\\/www.anovapeneira.gal\\\/#\\\/schema\\\/person\\\/b5d841c74dee61f6776658b07b904c18\",\"name\":\"Montse Fajardo\",\"image\":{\"@type\":\"ImageObject\",\"inLanguage\":\"gl-ES\",\"@id\":\"https:\\\/\\\/secure.gravatar.com\\\/avatar\\\/7167d7c282cf42b377b7010dbd21f855dfb9df18abd8af43f29029fc82996df3?s=96&d=mm&r=g\",\"url\":\"https:\\\/\\\/secure.gravatar.com\\\/avatar\\\/7167d7c282cf42b377b7010dbd21f855dfb9df18abd8af43f29029fc82996df3?s=96&d=mm&r=g\",\"contentUrl\":\"https:\\\/\\\/secure.gravatar.com\\\/avatar\\\/7167d7c282cf42b377b7010dbd21f855dfb9df18abd8af43f29029fc82996df3?s=96&d=mm&r=g\",\"caption\":\"Montse Fajardo\"},\"sameAs\":[\"http:\\\/\\\/www.anovapeneira.gal\\\/\"],\"url\":\"https:\\\/\\\/www.anovapeneira.gal\\\/index.php\\\/author\\\/montse-fajardo\\\/\"}]}<\/script>\n<!-- \/ Yoast SEO plugin. -->","yoast_head_json":{"title":"Petrona en \u201cLa Toja\u201d -","robots":{"index":"index","follow":"follow","max-snippet":"max-snippet:-1","max-image-preview":"max-image-preview:large","max-video-preview":"max-video-preview:-1"},"canonical":"https:\/\/www.anovapeneira.gal\/index.php\/2020\/10\/22\/petrona-en-la-toja\/","og_locale":"gl_ES","og_type":"article","og_title":"Petrona en \u201cLa Toja\u201d -","og_description":"Cando eu era nena hab\u00eda un dito moi machista que se aplicaba a unha persoa que acumulaba moitas desgrazas ou, nomeadamente, moitos defectos: \u201cEsta tenas todas como Petrona, que era puta, fea e ladrona\u201d. [...]","og_url":"https:\/\/www.anovapeneira.gal\/index.php\/2020\/10\/22\/petrona-en-la-toja\/","article_publisher":"https:\/\/www.facebook.com\/anovapeneira","article_published_time":"2020-10-22T10:00:53+00:00","og_image":[{"width":720,"height":473,"url":"https:\/\/www.anovapeneira.gal\/wp-content\/uploads\/2019\/08\/ARTIGO_DE_EDITORIAL_A_NOVA_PENEIRA-678x381-copia.jpg","type":"image\/jpeg"}],"author":"Montse Fajardo","twitter_card":"summary_large_image","twitter_creator":"@APeneira","twitter_site":"@APeneira","twitter_misc":{"Escrito por":"Montse Fajardo","Tempo de lectura":"3 minutos"},"schema":{"@context":"https:\/\/schema.org","@graph":[{"@type":"Article","@id":"https:\/\/www.anovapeneira.gal\/index.php\/2020\/10\/22\/petrona-en-la-toja\/#article","isPartOf":{"@id":"https:\/\/www.anovapeneira.gal\/index.php\/2020\/10\/22\/petrona-en-la-toja\/"},"author":{"name":"Montse Fajardo","@id":"https:\/\/www.anovapeneira.gal\/#\/schema\/person\/b5d841c74dee61f6776658b07b904c18"},"headline":"Petrona en \u201cLa Toja\u201d","datePublished":"2020-10-22T10:00:53+00:00","mainEntityOfPage":{"@id":"https:\/\/www.anovapeneira.gal\/index.php\/2020\/10\/22\/petrona-en-la-toja\/"},"wordCount":623,"commentCount":0,"publisher":{"@id":"https:\/\/www.anovapeneira.gal\/#organization"},"image":{"@id":"https:\/\/www.anovapeneira.gal\/index.php\/2020\/10\/22\/petrona-en-la-toja\/#primaryimage"},"thumbnailUrl":"https:\/\/www.anovapeneira.gal\/wp-content\/uploads\/2019\/08\/ARTIGO_DE_EDITORIAL_A_NOVA_PENEIRA-678x381-copia.jpg","keywords":["Opin\u00f3n"],"articleSection":["Artigos de opini\u00f3n"],"inLanguage":"gl-ES","potentialAction":[{"@type":"CommentAction","name":"Comment","target":["https:\/\/www.anovapeneira.gal\/index.php\/2020\/10\/22\/petrona-en-la-toja\/#respond"]}]},{"@type":"WebPage","@id":"https:\/\/www.anovapeneira.gal\/index.php\/2020\/10\/22\/petrona-en-la-toja\/","url":"https:\/\/www.anovapeneira.gal\/index.php\/2020\/10\/22\/petrona-en-la-toja\/","name":"Petrona en \u201cLa Toja\u201d -","isPartOf":{"@id":"https:\/\/www.anovapeneira.gal\/#website"},"primaryImageOfPage":{"@id":"https:\/\/www.anovapeneira.gal\/index.php\/2020\/10\/22\/petrona-en-la-toja\/#primaryimage"},"image":{"@id":"https:\/\/www.anovapeneira.gal\/index.php\/2020\/10\/22\/petrona-en-la-toja\/#primaryimage"},"thumbnailUrl":"https:\/\/www.anovapeneira.gal\/wp-content\/uploads\/2019\/08\/ARTIGO_DE_EDITORIAL_A_NOVA_PENEIRA-678x381-copia.jpg","datePublished":"2020-10-22T10:00:53+00:00","breadcrumb":{"@id":"https:\/\/www.anovapeneira.gal\/index.php\/2020\/10\/22\/petrona-en-la-toja\/#breadcrumb"},"inLanguage":"gl-ES","potentialAction":[{"@type":"ReadAction","target":["https:\/\/www.anovapeneira.gal\/index.php\/2020\/10\/22\/petrona-en-la-toja\/"]}]},{"@type":"ImageObject","inLanguage":"gl-ES","@id":"https:\/\/www.anovapeneira.gal\/index.php\/2020\/10\/22\/petrona-en-la-toja\/#primaryimage","url":"https:\/\/www.anovapeneira.gal\/wp-content\/uploads\/2019\/08\/ARTIGO_DE_EDITORIAL_A_NOVA_PENEIRA-678x381-copia.jpg","contentUrl":"https:\/\/www.anovapeneira.gal\/wp-content\/uploads\/2019\/08\/ARTIGO_DE_EDITORIAL_A_NOVA_PENEIRA-678x381-copia.jpg","width":720,"height":473,"caption":"Artigo Editorial A Nova Peneira Tino Lago"},{"@type":"BreadcrumbList","@id":"https:\/\/www.anovapeneira.gal\/index.php\/2020\/10\/22\/petrona-en-la-toja\/#breadcrumb","itemListElement":[{"@type":"ListItem","position":1,"name":"Portada","item":"https:\/\/www.anovapeneira.gal\/"},{"@type":"ListItem","position":2,"name":"Petrona en \u201cLa Toja\u201d"}]},{"@type":"WebSite","@id":"https:\/\/www.anovapeneira.gal\/#website","url":"https:\/\/www.anovapeneira.gal\/","name":"","description":"Xornal galego de informaci\u00f3n xeral Publicaci\u00f3n mensual de novas de Galicia e en especial dos Concellos da sur da provincia de Pontevedra.","publisher":{"@id":"https:\/\/www.anovapeneira.gal\/#organization"},"potentialAction":[{"@type":"SearchAction","target":{"@type":"EntryPoint","urlTemplate":"https:\/\/www.anovapeneira.gal\/?s={search_term_string}"},"query-input":{"@type":"PropertyValueSpecification","valueRequired":true,"valueName":"search_term_string"}}],"inLanguage":"gl-ES"},{"@type":"Organization","@id":"https:\/\/www.anovapeneira.gal\/#organization","name":"A Nova Peneira","url":"https:\/\/www.anovapeneira.gal\/","logo":{"@type":"ImageObject","inLanguage":"gl-ES","@id":"https:\/\/www.anovapeneira.gal\/#\/schema\/logo\/image\/","url":"http:\/\/www.anovapeneira.gal\/wp-content\/uploads\/2019\/06\/logo_a_nova_peneira_portal_web.png","contentUrl":"http:\/\/www.anovapeneira.gal\/wp-content\/uploads\/2019\/06\/logo_a_nova_peneira_portal_web.png","width":300,"height":100,"caption":"A Nova Peneira"},"image":{"@id":"https:\/\/www.anovapeneira.gal\/#\/schema\/logo\/image\/"},"sameAs":["https:\/\/www.facebook.com\/anovapeneira","https:\/\/x.com\/APeneira"]},{"@type":"Person","@id":"https:\/\/www.anovapeneira.gal\/#\/schema\/person\/b5d841c74dee61f6776658b07b904c18","name":"Montse Fajardo","image":{"@type":"ImageObject","inLanguage":"gl-ES","@id":"https:\/\/secure.gravatar.com\/avatar\/7167d7c282cf42b377b7010dbd21f855dfb9df18abd8af43f29029fc82996df3?s=96&d=mm&r=g","url":"https:\/\/secure.gravatar.com\/avatar\/7167d7c282cf42b377b7010dbd21f855dfb9df18abd8af43f29029fc82996df3?s=96&d=mm&r=g","contentUrl":"https:\/\/secure.gravatar.com\/avatar\/7167d7c282cf42b377b7010dbd21f855dfb9df18abd8af43f29029fc82996df3?s=96&d=mm&r=g","caption":"Montse Fajardo"},"sameAs":["http:\/\/www.anovapeneira.gal\/"],"url":"https:\/\/www.anovapeneira.gal\/index.php\/author\/montse-fajardo\/"}]}},"jetpack_featured_media_url":"https:\/\/www.anovapeneira.gal\/wp-content\/uploads\/2019\/08\/ARTIGO_DE_EDITORIAL_A_NOVA_PENEIRA-678x381-copia.jpg","_links":{"self":[{"href":"https:\/\/www.anovapeneira.gal\/index.php\/wp-json\/wp\/v2\/posts\/4145","targetHints":{"allow":["GET"]}}],"collection":[{"href":"https:\/\/www.anovapeneira.gal\/index.php\/wp-json\/wp\/v2\/posts"}],"about":[{"href":"https:\/\/www.anovapeneira.gal\/index.php\/wp-json\/wp\/v2\/types\/post"}],"author":[{"embeddable":true,"href":"https:\/\/www.anovapeneira.gal\/index.php\/wp-json\/wp\/v2\/users\/15"}],"replies":[{"embeddable":true,"href":"https:\/\/www.anovapeneira.gal\/index.php\/wp-json\/wp\/v2\/comments?post=4145"}],"version-history":[{"count":2,"href":"https:\/\/www.anovapeneira.gal\/index.php\/wp-json\/wp\/v2\/posts\/4145\/revisions"}],"predecessor-version":[{"id":4149,"href":"https:\/\/www.anovapeneira.gal\/index.php\/wp-json\/wp\/v2\/posts\/4145\/revisions\/4149"}],"wp:featuredmedia":[{"embeddable":true,"href":"https:\/\/www.anovapeneira.gal\/index.php\/wp-json\/wp\/v2\/media\/895"}],"wp:attachment":[{"href":"https:\/\/www.anovapeneira.gal\/index.php\/wp-json\/wp\/v2\/media?parent=4145"}],"wp:term":[{"taxonomy":"category","embeddable":true,"href":"https:\/\/www.anovapeneira.gal\/index.php\/wp-json\/wp\/v2\/categories?post=4145"},{"taxonomy":"post_tag","embeddable":true,"href":"https:\/\/www.anovapeneira.gal\/index.php\/wp-json\/wp\/v2\/tags?post=4145"}],"curies":[{"name":"wp","href":"https:\/\/api.w.org\/{rel}","templated":true}]}}