{"id":4156,"date":"2020-10-26T10:00:18","date_gmt":"2020-10-26T09:00:18","guid":{"rendered":"http:\/\/www.anovapeneira.gal\/?p=4156"},"modified":"2020-10-21T13:17:40","modified_gmt":"2020-10-21T11:17:40","slug":"os-cheiros-de-rande","status":"publish","type":"post","link":"https:\/\/www.anovapeneira.gal\/index.php\/2020\/10\/26\/os-cheiros-de-rande\/","title":{"rendered":"Os cheiros de Rande"},"content":{"rendered":"\n<h2 class=\"wp-block-heading\">Calquera viaxeiro que pase pola zona de Cabanas notar\u00e1 un cheiro moi desagradable. Esta situaci\u00f3n d\u00e1se desde hai moitos anos, pero nos \u00faltimos tempos semella que a intensidade do cheiro \u00e9 maior, e \u00e1s veces resulta pouco menos que pestilente. N\u00f3s falamos con Venancio, un veci\u00f1o da zona que nos comenta que os malos olores proceden dunha factor\u00eda al\u00ed instalada que se dedica ao procesamento de peixe.<\/h2>\n\n\n\n<p><strong>VENANCIO COSTOYA, VECI\u00d1O DE CABANAS.<\/strong><\/p>\n\n\n\n<p>\u201c<em>A ADMINISTRACI\u00d3N MUNICIPAL, TANTO ESTA DE DIGNA RIVAS COMO A ANTERIOR DE JAVIER BAS NIN FIXERON NIN FAN NADA PARA REMATAR COS CHEIROS NA NOSA PARROQUIA\u201d<\/em><\/p>\n\n\n\n<p><strong>Venancio, de onde es?<\/strong><\/p>\n\n\n\n<blockquote class=\"wp-block-quote is-layout-flow wp-block-quote-is-layout-flow\"><p>De San Vicente de Trasma\u00f1\u00f3, barrio de Cabanas, Redondela.<\/p><\/blockquote>\n\n\n\n<p><strong>Na t\u00faa parroquia tedes unha problem\u00e1tica moi concreta, expl\u00edcanola, por favor?<\/strong><\/p>\n\n\n\n<blockquote class=\"wp-block-quote is-layout-flow wp-block-quote-is-layout-flow\"><p>O problema \u00e9 a f\u00e1brica de fari\u00f1a de peixe, Aucosa, que est\u00e1 preto de Pescanova. Esta fabrica leva corenta anos facendo dano na nosa parroquia.<\/p><\/blockquote>\n\n\n\n<p><strong>Por que?<\/strong><\/p>\n\n\n\n<blockquote class=\"wp-block-quote is-layout-flow wp-block-quote-is-layout-flow\"><p>Porque fai vertidos \u00e1 r\u00eda case a diario, produce moi malos cheiros, e agora, a\u00ednda por riba, est\u00e1n montando unha planta de gas licuado sen avisar aos veci\u00f1os. E a\u00ed est\u00e1.<\/p><\/blockquote>\n\n\n\n<p><strong>E esa potenciaci\u00f3n dos cheiros e debido a esa planta de gas?<\/strong><\/p>\n\n\n\n<blockquote class=\"wp-block-quote is-layout-flow wp-block-quote-is-layout-flow\"><p>Non. \u00c9 debido aos restos de peixe que amontoan.<\/p><\/blockquote>\n\n\n\n<p><strong>Aqu\u00ed sempre houbo certo cheiro, pero eu creo que como o de agora nunca, non?<\/strong><\/p>\n\n\n\n<blockquote class=\"wp-block-quote is-layout-flow wp-block-quote-is-layout-flow\"><p>Agora fixeron a ampliaci\u00f3n para producir m\u00e1is, levan moito tempo facendo unha reforma ilegal. O resto de peixe amont\u00f3anse e por iso o mal cheiro. Por outra banda, a produci\u00f3n de fari\u00f1a manda part\u00edculas ao aire producindo malos cheiros e isto tam\u00e9n axuda.<\/p><\/blockquote>\n\n\n\n<p><strong>O cheiro \u00e9 permanente?<\/strong><\/p>\n\n\n\n<blockquote class=\"wp-block-quote is-layout-flow wp-block-quote-is-layout-flow\"><p>Bastante permanente.<\/p><\/blockquote>\n\n\n\n<p><strong>E de que maneira tedes protestado os veci\u00f1os?<\/strong><\/p>\n\n\n\n<blockquote class=\"wp-block-quote is-layout-flow wp-block-quote-is-layout-flow\"><p>Protestamos porque fan o que lle da a gana. Fan a ampliaci\u00f3n sen permisos e constru\u00edndo en zona mar\u00edtimo-terrestre que est\u00e1 prohibido. Hai outras casas polos arredores e Costas est\u00e1 avisando que as te\u00f1en que derrubar, a estes da f\u00e1brica a\u00ednda non lles dixeron nada. A planta de gas, sen permisos tam\u00e9n.<\/p><\/blockquote>\n\n\n\n<p><strong>A pulsi\u00f3n xeral da parroquia \u00e9 de insatisfacci\u00f3n?<\/strong><\/p>\n\n\n\n<blockquote class=\"wp-block-quote is-layout-flow wp-block-quote-is-layout-flow\"><p>Aqu\u00ed hai de todo, hai quen est\u00e1 a favor e en contra.<\/p><\/blockquote>\n\n\n\n<p><strong>E pedistes algunha reuni\u00f3n cos dirixentes da factor\u00eda?<\/strong><\/p>\n\n\n\n<blockquote class=\"wp-block-quote is-layout-flow wp-block-quote-is-layout-flow\"><p>O director da factor\u00eda, Roberto Casas, foi o que veu \u00e9 a convencernos e a tratar de que deixemos pasar a cousa, engan\u00e1ndonos con que van sacar os malos cheiros&#8230; Non lle podemos crer nada. Tiveron varias reuni\u00f3ns con n\u00f3s a trav\u00e9s do concello<\/p><\/blockquote>\n\n\n\n<p><strong>E que vos manifestou Roberto Casas nesas xuntanzas?<\/strong><\/p>\n\n\n\n<blockquote class=\"wp-block-quote is-layout-flow wp-block-quote-is-layout-flow\"><p>Que \u00edan desaparecer os cheiros e que \u00edan deixar de facer vertidos desa maneira ao mar. Que est\u00e1n aqu\u00ed porque te\u00f1en todos os permisos e todo en regra. Pero sabemos que no te\u00f1en os permisos para a ampliaci\u00f3n e gracias a n\u00f3s, o concello paralizoulle as obras.<\/p><\/blockquote>\n\n\n\n<p><strong>Canto tempo hai que lle paralizaron as obras?<\/strong><\/p>\n\n\n\n<blockquote class=\"wp-block-quote is-layout-flow wp-block-quote-is-layout-flow\"><p>Exactamente non estou seguro pero coido que sobre marzo deste ano, m\u00e1is ou menos.<\/p><\/blockquote>\n\n\n\n<p><strong>E est\u00e1n cumprindo co que v\u00f3s dixeron nas reuni\u00f3ns?<\/strong><\/p>\n\n\n\n<blockquote class=\"wp-block-quote is-layout-flow wp-block-quote-is-layout-flow\"><p>Non, para nada. De feito xa lle fixemos un contencioso administrativo na Xunta, chegamos ata o tribunal supremo e gan\u00e1moslle, pero nos somos traballadores, eles empresarios con cartos, recorreron esta sentenza e n\u00f3s non puidemos acudir por falta de liquidez, as\u00ed que volveron darlle a autorizaci\u00f3n medioambiental.<\/p><\/blockquote>\n\n\n\n<p><strong>Vaia, e o concello que v\u00f3s di?<\/strong><\/p>\n\n\n\n<blockquote class=\"wp-block-quote is-layout-flow wp-block-quote-is-layout-flow\"><p>Nada, nin esta corporaci\u00f3n municipal nin a anterior.<\/p><\/blockquote>\n\n\n\n<p><strong>Nin Javier Bas nin Digna Rivas? A decepci\u00f3n \u00e9 grande ent\u00f3n?<\/strong><\/p>\n\n\n\n<blockquote class=\"wp-block-quote is-layout-flow wp-block-quote-is-layout-flow\"><p>Ning\u00fan dos dous. A Decepci\u00f3n \u00e9 tremenda.<\/p><\/blockquote>\n\n\n\n<p><strong>E que previsi\u00f3n tedes, non se ve moitas v\u00edas de soluci\u00f3n?<\/strong><\/p>\n\n\n\n<blockquote class=\"wp-block-quote is-layout-flow wp-block-quote-is-layout-flow\"><p>Non, ningunha. Non temos posibilidade econ\u00f3mica para poder litigar coa empresa e a administraci\u00f3n non fai nada.<\/p><\/blockquote>\n","protected":false},"excerpt":{"rendered":"<div class=\"mh-excerpt\"><p>Calquera viaxeiro que pase pola zona de Cabanas notar\u00e1 un cheiro moi desagradable. Esta situaci\u00f3n d\u00e1se desde hai moitos anos, pero nos \u00faltimos tempos semella que a intensidade do cheiro \u00e9 maior, e \u00e1s veces resulta pouco menos que pestilente. N\u00f3s falamos con Venancio, un veci\u00f1o da zona que nos comenta que os malos olores proceden dunha factor\u00eda al\u00ed instalada que se dedica ao procesamento de peixe <a class=\"mh-excerpt-more\" href=\"https:\/\/www.anovapeneira.gal\/index.php\/2020\/10\/26\/os-cheiros-de-rande\/\" title=\"Os cheiros de Rande\">[&#8230;]<\/a><\/p>\n<\/div>","protected":false},"author":3,"featured_media":4157,"comment_status":"open","ping_status":"open","sticky":false,"template":"","format":"standard","meta":{"_exactmetrics_skip_tracking":false,"_exactmetrics_sitenote_active":false,"_exactmetrics_sitenote_note":"","_exactmetrics_sitenote_category":0,"footnotes":""},"categories":[270],"tags":[171],"class_list":{"0":"post-4156","1":"post","2":"type-post","3":"status-publish","4":"format-standard","5":"has-post-thumbnail","7":"category-redondela-entrevistas","8":"tag-concello-de-redondela"},"yoast_head":"<!-- This site is optimized with the Yoast SEO plugin v27.4 - https:\/\/yoast.com\/product\/yoast-seo-wordpress\/ -->\n<title>Os cheiros de Rande -<\/title>\n<meta name=\"robots\" content=\"index, follow, max-snippet:-1, max-image-preview:large, max-video-preview:-1\" \/>\n<link rel=\"canonical\" href=\"https:\/\/www.anovapeneira.gal\/index.php\/2020\/10\/26\/os-cheiros-de-rande\/\" \/>\n<meta property=\"og:locale\" content=\"gl_ES\" \/>\n<meta property=\"og:type\" content=\"article\" \/>\n<meta property=\"og:title\" content=\"Os cheiros de Rande -\" \/>\n<meta property=\"og:description\" content=\"Calquera viaxeiro que pase pola zona de Cabanas notar\u00e1 un cheiro moi desagradable. Esta situaci\u00f3n d\u00e1se desde hai moitos anos, pero nos \u00faltimos tempos semella que a intensidade do cheiro \u00e9 maior, e \u00e1s veces resulta pouco menos que pestilente. N\u00f3s falamos con Venancio, un veci\u00f1o da zona que nos comenta que os malos olores proceden dunha factor\u00eda al\u00ed instalada que se dedica ao procesamento de peixe [...]\" \/>\n<meta property=\"og:url\" content=\"https:\/\/www.anovapeneira.gal\/index.php\/2020\/10\/26\/os-cheiros-de-rande\/\" \/>\n<meta property=\"article:publisher\" content=\"https:\/\/www.facebook.com\/anovapeneira\" \/>\n<meta property=\"article:published_time\" content=\"2020-10-26T09:00:18+00:00\" \/>\n<meta property=\"og:image\" content=\"https:\/\/www.anovapeneira.gal\/wp-content\/uploads\/2020\/10\/venancio_rande_a_nova_peneira.jpg\" \/>\n\t<meta property=\"og:image:width\" content=\"720\" \/>\n\t<meta property=\"og:image:height\" content=\"432\" \/>\n\t<meta property=\"og:image:type\" content=\"image\/jpeg\" \/>\n<meta name=\"author\" content=\"Redacci\u00f3n A Nova Peneira\" \/>\n<meta name=\"twitter:card\" content=\"summary_large_image\" \/>\n<meta name=\"twitter:creator\" content=\"@APeneira\" \/>\n<meta name=\"twitter:site\" content=\"@APeneira\" \/>\n<meta name=\"twitter:label1\" content=\"Escrito por\" \/>\n\t<meta name=\"twitter:data1\" content=\"Redacci\u00f3n A Nova Peneira\" \/>\n\t<meta name=\"twitter:label2\" content=\"Tempo de lectura\" \/>\n\t<meta name=\"twitter:data2\" content=\"3 minutos\" \/>\n<script type=\"application\/ld+json\" class=\"yoast-schema-graph\">{\"@context\":\"https:\\\/\\\/schema.org\",\"@graph\":[{\"@type\":\"Article\",\"@id\":\"https:\\\/\\\/www.anovapeneira.gal\\\/index.php\\\/2020\\\/10\\\/26\\\/os-cheiros-de-rande\\\/#article\",\"isPartOf\":{\"@id\":\"https:\\\/\\\/www.anovapeneira.gal\\\/index.php\\\/2020\\\/10\\\/26\\\/os-cheiros-de-rande\\\/\"},\"author\":{\"name\":\"Redacci\u00f3n A Nova Peneira\",\"@id\":\"https:\\\/\\\/www.anovapeneira.gal\\\/#\\\/schema\\\/person\\\/b93e3f8932e3f8da96334607eb6ac6aa\"},\"headline\":\"Os cheiros de Rande\",\"datePublished\":\"2020-10-26T09:00:18+00:00\",\"mainEntityOfPage\":{\"@id\":\"https:\\\/\\\/www.anovapeneira.gal\\\/index.php\\\/2020\\\/10\\\/26\\\/os-cheiros-de-rande\\\/\"},\"wordCount\":650,\"commentCount\":0,\"publisher\":{\"@id\":\"https:\\\/\\\/www.anovapeneira.gal\\\/#organization\"},\"image\":{\"@id\":\"https:\\\/\\\/www.anovapeneira.gal\\\/index.php\\\/2020\\\/10\\\/26\\\/os-cheiros-de-rande\\\/#primaryimage\"},\"thumbnailUrl\":\"https:\\\/\\\/www.anovapeneira.gal\\\/wp-content\\\/uploads\\\/2020\\\/10\\\/venancio_rande_a_nova_peneira.jpg\",\"keywords\":[\"Concello de Redondela\"],\"articleSection\":[\"Redondela\"],\"inLanguage\":\"gl-ES\",\"potentialAction\":[{\"@type\":\"CommentAction\",\"name\":\"Comment\",\"target\":[\"https:\\\/\\\/www.anovapeneira.gal\\\/index.php\\\/2020\\\/10\\\/26\\\/os-cheiros-de-rande\\\/#respond\"]}]},{\"@type\":\"WebPage\",\"@id\":\"https:\\\/\\\/www.anovapeneira.gal\\\/index.php\\\/2020\\\/10\\\/26\\\/os-cheiros-de-rande\\\/\",\"url\":\"https:\\\/\\\/www.anovapeneira.gal\\\/index.php\\\/2020\\\/10\\\/26\\\/os-cheiros-de-rande\\\/\",\"name\":\"Os cheiros de Rande -\",\"isPartOf\":{\"@id\":\"https:\\\/\\\/www.anovapeneira.gal\\\/#website\"},\"primaryImageOfPage\":{\"@id\":\"https:\\\/\\\/www.anovapeneira.gal\\\/index.php\\\/2020\\\/10\\\/26\\\/os-cheiros-de-rande\\\/#primaryimage\"},\"image\":{\"@id\":\"https:\\\/\\\/www.anovapeneira.gal\\\/index.php\\\/2020\\\/10\\\/26\\\/os-cheiros-de-rande\\\/#primaryimage\"},\"thumbnailUrl\":\"https:\\\/\\\/www.anovapeneira.gal\\\/wp-content\\\/uploads\\\/2020\\\/10\\\/venancio_rande_a_nova_peneira.jpg\",\"datePublished\":\"2020-10-26T09:00:18+00:00\",\"breadcrumb\":{\"@id\":\"https:\\\/\\\/www.anovapeneira.gal\\\/index.php\\\/2020\\\/10\\\/26\\\/os-cheiros-de-rande\\\/#breadcrumb\"},\"inLanguage\":\"gl-ES\",\"potentialAction\":[{\"@type\":\"ReadAction\",\"target\":[\"https:\\\/\\\/www.anovapeneira.gal\\\/index.php\\\/2020\\\/10\\\/26\\\/os-cheiros-de-rande\\\/\"]}]},{\"@type\":\"ImageObject\",\"inLanguage\":\"gl-ES\",\"@id\":\"https:\\\/\\\/www.anovapeneira.gal\\\/index.php\\\/2020\\\/10\\\/26\\\/os-cheiros-de-rande\\\/#primaryimage\",\"url\":\"https:\\\/\\\/www.anovapeneira.gal\\\/wp-content\\\/uploads\\\/2020\\\/10\\\/venancio_rande_a_nova_peneira.jpg\",\"contentUrl\":\"https:\\\/\\\/www.anovapeneira.gal\\\/wp-content\\\/uploads\\\/2020\\\/10\\\/venancio_rande_a_nova_peneira.jpg\",\"width\":720,\"height\":432,\"caption\":\"Os cheiros de Rande\"},{\"@type\":\"BreadcrumbList\",\"@id\":\"https:\\\/\\\/www.anovapeneira.gal\\\/index.php\\\/2020\\\/10\\\/26\\\/os-cheiros-de-rande\\\/#breadcrumb\",\"itemListElement\":[{\"@type\":\"ListItem\",\"position\":1,\"name\":\"Portada\",\"item\":\"https:\\\/\\\/www.anovapeneira.gal\\\/\"},{\"@type\":\"ListItem\",\"position\":2,\"name\":\"Os cheiros de Rande\"}]},{\"@type\":\"WebSite\",\"@id\":\"https:\\\/\\\/www.anovapeneira.gal\\\/#website\",\"url\":\"https:\\\/\\\/www.anovapeneira.gal\\\/\",\"name\":\"\",\"description\":\"Xornal galego de informaci\u00f3n xeral Publicaci\u00f3n mensual de novas de Galicia e en especial dos Concellos da sur da provincia de Pontevedra.\",\"publisher\":{\"@id\":\"https:\\\/\\\/www.anovapeneira.gal\\\/#organization\"},\"potentialAction\":[{\"@type\":\"SearchAction\",\"target\":{\"@type\":\"EntryPoint\",\"urlTemplate\":\"https:\\\/\\\/www.anovapeneira.gal\\\/?s={search_term_string}\"},\"query-input\":{\"@type\":\"PropertyValueSpecification\",\"valueRequired\":true,\"valueName\":\"search_term_string\"}}],\"inLanguage\":\"gl-ES\"},{\"@type\":\"Organization\",\"@id\":\"https:\\\/\\\/www.anovapeneira.gal\\\/#organization\",\"name\":\"A Nova Peneira\",\"url\":\"https:\\\/\\\/www.anovapeneira.gal\\\/\",\"logo\":{\"@type\":\"ImageObject\",\"inLanguage\":\"gl-ES\",\"@id\":\"https:\\\/\\\/www.anovapeneira.gal\\\/#\\\/schema\\\/logo\\\/image\\\/\",\"url\":\"http:\\\/\\\/www.anovapeneira.gal\\\/wp-content\\\/uploads\\\/2019\\\/06\\\/logo_a_nova_peneira_portal_web.png\",\"contentUrl\":\"http:\\\/\\\/www.anovapeneira.gal\\\/wp-content\\\/uploads\\\/2019\\\/06\\\/logo_a_nova_peneira_portal_web.png\",\"width\":300,\"height\":100,\"caption\":\"A Nova Peneira\"},\"image\":{\"@id\":\"https:\\\/\\\/www.anovapeneira.gal\\\/#\\\/schema\\\/logo\\\/image\\\/\"},\"sameAs\":[\"https:\\\/\\\/www.facebook.com\\\/anovapeneira\",\"https:\\\/\\\/x.com\\\/APeneira\"]},{\"@type\":\"Person\",\"@id\":\"https:\\\/\\\/www.anovapeneira.gal\\\/#\\\/schema\\\/person\\\/b93e3f8932e3f8da96334607eb6ac6aa\",\"name\":\"Redacci\u00f3n A Nova Peneira\",\"image\":{\"@type\":\"ImageObject\",\"inLanguage\":\"gl-ES\",\"@id\":\"https:\\\/\\\/secure.gravatar.com\\\/avatar\\\/c052a2551a06e23fac63626232eaa90abd78dbcf1700fc46a2b2c89fd27b735f?s=96&d=mm&r=g\",\"url\":\"https:\\\/\\\/secure.gravatar.com\\\/avatar\\\/c052a2551a06e23fac63626232eaa90abd78dbcf1700fc46a2b2c89fd27b735f?s=96&d=mm&r=g\",\"contentUrl\":\"https:\\\/\\\/secure.gravatar.com\\\/avatar\\\/c052a2551a06e23fac63626232eaa90abd78dbcf1700fc46a2b2c89fd27b735f?s=96&d=mm&r=g\",\"caption\":\"Redacci\u00f3n A Nova Peneira\"},\"sameAs\":[\"http:\\\/\\\/www.anovapeneira.gal\\\/\"],\"url\":\"https:\\\/\\\/www.anovapeneira.gal\\\/index.php\\\/author\\\/redactor\\\/\"}]}<\/script>\n<!-- \/ Yoast SEO plugin. -->","yoast_head_json":{"title":"Os cheiros de Rande -","robots":{"index":"index","follow":"follow","max-snippet":"max-snippet:-1","max-image-preview":"max-image-preview:large","max-video-preview":"max-video-preview:-1"},"canonical":"https:\/\/www.anovapeneira.gal\/index.php\/2020\/10\/26\/os-cheiros-de-rande\/","og_locale":"gl_ES","og_type":"article","og_title":"Os cheiros de Rande -","og_description":"Calquera viaxeiro que pase pola zona de Cabanas notar\u00e1 un cheiro moi desagradable. Esta situaci\u00f3n d\u00e1se desde hai moitos anos, pero nos \u00faltimos tempos semella que a intensidade do cheiro \u00e9 maior, e \u00e1s veces resulta pouco menos que pestilente. N\u00f3s falamos con Venancio, un veci\u00f1o da zona que nos comenta que os malos olores proceden dunha factor\u00eda al\u00ed instalada que se dedica ao procesamento de peixe [...]","og_url":"https:\/\/www.anovapeneira.gal\/index.php\/2020\/10\/26\/os-cheiros-de-rande\/","article_publisher":"https:\/\/www.facebook.com\/anovapeneira","article_published_time":"2020-10-26T09:00:18+00:00","og_image":[{"width":720,"height":432,"url":"https:\/\/www.anovapeneira.gal\/wp-content\/uploads\/2020\/10\/venancio_rande_a_nova_peneira.jpg","type":"image\/jpeg"}],"author":"Redacci\u00f3n A Nova Peneira","twitter_card":"summary_large_image","twitter_creator":"@APeneira","twitter_site":"@APeneira","twitter_misc":{"Escrito por":"Redacci\u00f3n A Nova Peneira","Tempo de lectura":"3 minutos"},"schema":{"@context":"https:\/\/schema.org","@graph":[{"@type":"Article","@id":"https:\/\/www.anovapeneira.gal\/index.php\/2020\/10\/26\/os-cheiros-de-rande\/#article","isPartOf":{"@id":"https:\/\/www.anovapeneira.gal\/index.php\/2020\/10\/26\/os-cheiros-de-rande\/"},"author":{"name":"Redacci\u00f3n A Nova Peneira","@id":"https:\/\/www.anovapeneira.gal\/#\/schema\/person\/b93e3f8932e3f8da96334607eb6ac6aa"},"headline":"Os cheiros de Rande","datePublished":"2020-10-26T09:00:18+00:00","mainEntityOfPage":{"@id":"https:\/\/www.anovapeneira.gal\/index.php\/2020\/10\/26\/os-cheiros-de-rande\/"},"wordCount":650,"commentCount":0,"publisher":{"@id":"https:\/\/www.anovapeneira.gal\/#organization"},"image":{"@id":"https:\/\/www.anovapeneira.gal\/index.php\/2020\/10\/26\/os-cheiros-de-rande\/#primaryimage"},"thumbnailUrl":"https:\/\/www.anovapeneira.gal\/wp-content\/uploads\/2020\/10\/venancio_rande_a_nova_peneira.jpg","keywords":["Concello de Redondela"],"articleSection":["Redondela"],"inLanguage":"gl-ES","potentialAction":[{"@type":"CommentAction","name":"Comment","target":["https:\/\/www.anovapeneira.gal\/index.php\/2020\/10\/26\/os-cheiros-de-rande\/#respond"]}]},{"@type":"WebPage","@id":"https:\/\/www.anovapeneira.gal\/index.php\/2020\/10\/26\/os-cheiros-de-rande\/","url":"https:\/\/www.anovapeneira.gal\/index.php\/2020\/10\/26\/os-cheiros-de-rande\/","name":"Os cheiros de Rande -","isPartOf":{"@id":"https:\/\/www.anovapeneira.gal\/#website"},"primaryImageOfPage":{"@id":"https:\/\/www.anovapeneira.gal\/index.php\/2020\/10\/26\/os-cheiros-de-rande\/#primaryimage"},"image":{"@id":"https:\/\/www.anovapeneira.gal\/index.php\/2020\/10\/26\/os-cheiros-de-rande\/#primaryimage"},"thumbnailUrl":"https:\/\/www.anovapeneira.gal\/wp-content\/uploads\/2020\/10\/venancio_rande_a_nova_peneira.jpg","datePublished":"2020-10-26T09:00:18+00:00","breadcrumb":{"@id":"https:\/\/www.anovapeneira.gal\/index.php\/2020\/10\/26\/os-cheiros-de-rande\/#breadcrumb"},"inLanguage":"gl-ES","potentialAction":[{"@type":"ReadAction","target":["https:\/\/www.anovapeneira.gal\/index.php\/2020\/10\/26\/os-cheiros-de-rande\/"]}]},{"@type":"ImageObject","inLanguage":"gl-ES","@id":"https:\/\/www.anovapeneira.gal\/index.php\/2020\/10\/26\/os-cheiros-de-rande\/#primaryimage","url":"https:\/\/www.anovapeneira.gal\/wp-content\/uploads\/2020\/10\/venancio_rande_a_nova_peneira.jpg","contentUrl":"https:\/\/www.anovapeneira.gal\/wp-content\/uploads\/2020\/10\/venancio_rande_a_nova_peneira.jpg","width":720,"height":432,"caption":"Os cheiros de Rande"},{"@type":"BreadcrumbList","@id":"https:\/\/www.anovapeneira.gal\/index.php\/2020\/10\/26\/os-cheiros-de-rande\/#breadcrumb","itemListElement":[{"@type":"ListItem","position":1,"name":"Portada","item":"https:\/\/www.anovapeneira.gal\/"},{"@type":"ListItem","position":2,"name":"Os cheiros de Rande"}]},{"@type":"WebSite","@id":"https:\/\/www.anovapeneira.gal\/#website","url":"https:\/\/www.anovapeneira.gal\/","name":"","description":"Xornal galego de informaci\u00f3n xeral Publicaci\u00f3n mensual de novas de Galicia e en especial dos Concellos da sur da provincia de Pontevedra.","publisher":{"@id":"https:\/\/www.anovapeneira.gal\/#organization"},"potentialAction":[{"@type":"SearchAction","target":{"@type":"EntryPoint","urlTemplate":"https:\/\/www.anovapeneira.gal\/?s={search_term_string}"},"query-input":{"@type":"PropertyValueSpecification","valueRequired":true,"valueName":"search_term_string"}}],"inLanguage":"gl-ES"},{"@type":"Organization","@id":"https:\/\/www.anovapeneira.gal\/#organization","name":"A Nova Peneira","url":"https:\/\/www.anovapeneira.gal\/","logo":{"@type":"ImageObject","inLanguage":"gl-ES","@id":"https:\/\/www.anovapeneira.gal\/#\/schema\/logo\/image\/","url":"http:\/\/www.anovapeneira.gal\/wp-content\/uploads\/2019\/06\/logo_a_nova_peneira_portal_web.png","contentUrl":"http:\/\/www.anovapeneira.gal\/wp-content\/uploads\/2019\/06\/logo_a_nova_peneira_portal_web.png","width":300,"height":100,"caption":"A Nova Peneira"},"image":{"@id":"https:\/\/www.anovapeneira.gal\/#\/schema\/logo\/image\/"},"sameAs":["https:\/\/www.facebook.com\/anovapeneira","https:\/\/x.com\/APeneira"]},{"@type":"Person","@id":"https:\/\/www.anovapeneira.gal\/#\/schema\/person\/b93e3f8932e3f8da96334607eb6ac6aa","name":"Redacci\u00f3n A Nova Peneira","image":{"@type":"ImageObject","inLanguage":"gl-ES","@id":"https:\/\/secure.gravatar.com\/avatar\/c052a2551a06e23fac63626232eaa90abd78dbcf1700fc46a2b2c89fd27b735f?s=96&d=mm&r=g","url":"https:\/\/secure.gravatar.com\/avatar\/c052a2551a06e23fac63626232eaa90abd78dbcf1700fc46a2b2c89fd27b735f?s=96&d=mm&r=g","contentUrl":"https:\/\/secure.gravatar.com\/avatar\/c052a2551a06e23fac63626232eaa90abd78dbcf1700fc46a2b2c89fd27b735f?s=96&d=mm&r=g","caption":"Redacci\u00f3n A Nova Peneira"},"sameAs":["http:\/\/www.anovapeneira.gal\/"],"url":"https:\/\/www.anovapeneira.gal\/index.php\/author\/redactor\/"}]}},"jetpack_featured_media_url":"https:\/\/www.anovapeneira.gal\/wp-content\/uploads\/2020\/10\/venancio_rande_a_nova_peneira.jpg","_links":{"self":[{"href":"https:\/\/www.anovapeneira.gal\/index.php\/wp-json\/wp\/v2\/posts\/4156","targetHints":{"allow":["GET"]}}],"collection":[{"href":"https:\/\/www.anovapeneira.gal\/index.php\/wp-json\/wp\/v2\/posts"}],"about":[{"href":"https:\/\/www.anovapeneira.gal\/index.php\/wp-json\/wp\/v2\/types\/post"}],"author":[{"embeddable":true,"href":"https:\/\/www.anovapeneira.gal\/index.php\/wp-json\/wp\/v2\/users\/3"}],"replies":[{"embeddable":true,"href":"https:\/\/www.anovapeneira.gal\/index.php\/wp-json\/wp\/v2\/comments?post=4156"}],"version-history":[{"count":1,"href":"https:\/\/www.anovapeneira.gal\/index.php\/wp-json\/wp\/v2\/posts\/4156\/revisions"}],"predecessor-version":[{"id":4158,"href":"https:\/\/www.anovapeneira.gal\/index.php\/wp-json\/wp\/v2\/posts\/4156\/revisions\/4158"}],"wp:featuredmedia":[{"embeddable":true,"href":"https:\/\/www.anovapeneira.gal\/index.php\/wp-json\/wp\/v2\/media\/4157"}],"wp:attachment":[{"href":"https:\/\/www.anovapeneira.gal\/index.php\/wp-json\/wp\/v2\/media?parent=4156"}],"wp:term":[{"taxonomy":"category","embeddable":true,"href":"https:\/\/www.anovapeneira.gal\/index.php\/wp-json\/wp\/v2\/categories?post=4156"},{"taxonomy":"post_tag","embeddable":true,"href":"https:\/\/www.anovapeneira.gal\/index.php\/wp-json\/wp\/v2\/tags?post=4156"}],"curies":[{"name":"wp","href":"https:\/\/api.w.org\/{rel}","templated":true}]}}