{"id":4165,"date":"2020-10-27T10:00:39","date_gmt":"2020-10-27T09:00:39","guid":{"rendered":"http:\/\/www.anovapeneira.gal\/?p=4165"},"modified":"2020-10-24T19:30:25","modified_gmt":"2020-10-24T17:30:25","slug":"o-ibi-2020-sube-mais-dun-45-e-o-bng-propon-medidas-compensatorias-para-a-vicinanza","status":"publish","type":"post","link":"https:\/\/www.anovapeneira.gal\/index.php\/2020\/10\/27\/o-ibi-2020-sube-mais-dun-45-e-o-bng-propon-medidas-compensatorias-para-a-vicinanza\/","title":{"rendered":"O IBI 2020 sube mais dun 45% e o BNG prop\u00f3n medidas compensatorias para a vici\u00f1anza"},"content":{"rendered":"\n<p><strong>Viasc\u00f3n, 20 de Outubro de 2020<\/strong><\/p>\n\n\n\n<p>Nas pasadas semanas as vici\u00f1as e vici\u00f1os de Cerdedo-Cotobade realizamos o pagamento do Imposto de Bens Inm\u00f3beis ou contribuci\u00f3n urbana correspondente ao exerc\u00edcio 2020. Pois ben,&nbsp;<strong>a suba media nos recibos chega a superar o 45% a respeito do ano 2019<\/strong>. Esta subida abrupta e inesperada pola maioria das fam\u00edlias \u00e9 inasum\u00edbel porque afecta a unhas economias xa de por si maltreitas pola persistente crise econ\u00f3mica agravada este ano con mais desemprego, ERTE\u2019s, baixas pensi\u00f3ns ou a caida dos ingresos das persoas aut\u00f3nomas por mor da pandemia do COVID-19.<\/p>\n\n\n\n<p>No ano 2014 o PP aprobara en solitario unha ponencia de actualizaci\u00f3n ao alza dos valores catastrais para as propiedades do territorio do antigo concello de Cotobade. Esta subida das bases impon\u00edbeis foi compensada con uns tipos de gravame reducidos do 0,275% para o IBI Urbano polo periodo m\u00e1ximo de s\u00e9is anos permitido no art\u00edculo 72.5 da Lei Reguladora das Facendas Locais. A reducci\u00f3n permaneceu desde 2014 at\u00e9 2019. Rematado ese prazo, en 2020 viu-se na obriga de voltar subir o tipo impositivo at\u00e9 o m\u00ednino legal do 0,40% e disto deriva o grande aumento nos recibos da contribuci\u00f3n deste ano 2020, equiparando a c\u00e1rrega fiscal coa de concellos mais urbanizados e con un n\u00edvel superior de prestaci\u00f3n de servizos municipais. De face-lo de un xeito progresivo se evitaria a inxusta subida desde ano, nomeadamente atendendo \u00e0s circunstancias sobrevidas pola pandemia.<\/p>\n\n\n\n<p>O pasado m\u00e9s de marzo o alcalde anunciaba un aprazamento no cobro do IVTM e do Lixo e non descartaba aplica-lo tam\u00e9n ao IBI e IAE para compensar os efeitos da crise. Esta manobra non \u00e9 soluci\u00f3n tendo en conta o diferente peso dos diferentes impostos nas economias familiares. O IBI sup\u00f3n para a maioria dos fogares unha c\u00e1rrega muito maior que o imposto de circulaci\u00f3n ou a taxa do lixo. Ademais o aumento dos valores catastrais afecta \u00e0 subida doutros impostos municipais e estatais como o IRPF agravando a presi\u00f3n fiscal global sobre os vici\u00f1os. Desde o BNG queremos denunciar&nbsp;<strong>a instrumentalizaci\u00f3n eleitoralista de pol\u00edticas de apa\u00f1o provisional<\/strong>que ao final derivan en inxustos e repentinos aumentos na tributaci\u00f3n local.&nbsp;<\/p>\n\n\n\n<p>A pasada semana soubemos que a Xunta vai destinar ao noso Concello unha importante partida de fondos reservados para os concellos fusionados. Isto poderia aliviar a situaci\u00f3n financeira de un concello pequeno como o noso, moi dependente das transferencias doutras administraci\u00f3ns. En todo caso, grazas ao financiamento extra que o concello recibir\u00e1 deste fondo, poderia estabelecer-se unha&nbsp;<strong>rebaixa fiscal<\/strong>que solventara a dificil situaci\u00f3n econ\u00f3mica dos fogares e que non teria por que comprometer o cumprimento dos obxetivos de estabilidade e sostibilidade financeiras.<\/p>\n\n\n\n<p>Nesta li\u00f1a, e que desde o BNG proporemos ao goberno municipal que ordene unha&nbsp;<strong>auditoria fiscal<\/strong>completa que sirva para co\u00f1ecer os n\u00edveis de elusi\u00f3n e fraude fiscal e tam\u00e9n de presi\u00f3n fiscal efectiva sobre as e os contribuintes cumpridores das suas obrigas tribut\u00e1rias Ali\u00e1s, seriviria para verificar se as grandes compa\u00f1ias de suministros de enerxia e telecomunicaci\u00f3ns est\u00e1n a pagar o que realmente lles corresponder pola utilizaci\u00f3n privativa do dom\u00ednio p\u00fablico local mediante as instalaci\u00f3ns ou redes de subministro, que atravesan o territorio do noso concello.<\/p>\n\n\n\n<p>Adem\u00e1is e en consonancia coa situaci\u00f3n de descontento xeralizado pola alta subida do IBI, instaremos a que se proceda a realizar un&nbsp;<strong>estudo da incid\u00e9ncia que sobre a recadaci\u00f3n tivo a revisi\u00f3n catastral<\/strong>e a recente fixaci\u00f3n de importes m\u00ednimos exentos de tributar. E tam\u00e9n a que se analise se, conforme a lexislaci\u00f3n vixente, haber\u00eda marxe para aplicar unha reducci\u00f3n ou bonificaci\u00f3n xeral nos impostos ou revisi\u00f3n das taxas municipais, sobre os que te\u00f1a compet\u00e9ncia, para mitigar a c\u00e1rrega fiscal que suportan os coletivos sociais mais vulner\u00e1beis.<\/p>\n\n\n\n<p><strong>Jo\u00e1m J. Romero Dur\u00e1n<\/strong><\/p>\n\n\n\n<p>Economista e membro da equipa de&nbsp;<\/p>\n\n\n\n<p><strong>Ernesto Filgueira Touri\u00f1o<\/strong><\/p>\n\n\n\n<p>Concelleiro do BNG en Cerdedo e Cotobade<\/p>\n","protected":false},"excerpt":{"rendered":"<div class=\"mh-excerpt\"><p>Nas pasadas semanas as vici\u00f1as e vici\u00f1os de Cerdedo-Cotobade realizamos o pagamento do Imposto de Bens Inm\u00f3beis ou contribuci\u00f3n urbana correspondente ao exerc\u00edcio 2020. Pois ben, a suba media nos recibos chega a superar o 45% a respeito do ano 2019 <a class=\"mh-excerpt-more\" href=\"https:\/\/www.anovapeneira.gal\/index.php\/2020\/10\/27\/o-ibi-2020-sube-mais-dun-45-e-o-bng-propon-medidas-compensatorias-para-a-vicinanza\/\" title=\"O IBI 2020 sube mais dun 45% e o BNG prop\u00f3n medidas compensatorias para a vici\u00f1anza\">[&#8230;]<\/a><\/p>\n<\/div>","protected":false},"author":3,"featured_media":4166,"comment_status":"open","ping_status":"open","sticky":false,"template":"","format":"standard","meta":{"_exactmetrics_skip_tracking":false,"_exactmetrics_sitenote_active":false,"_exactmetrics_sitenote_note":"","_exactmetrics_sitenote_category":0,"footnotes":""},"categories":[26],"tags":[],"class_list":{"0":"post-4165","1":"post","2":"type-post","3":"status-publish","4":"format-standard","5":"has-post-thumbnail","7":"category-pontevedra"},"yoast_head":"<!-- This site is optimized with the Yoast SEO plugin v27.5 - https:\/\/yoast.com\/product\/yoast-seo-wordpress\/ -->\n<title>O IBI 2020 sube mais dun 45% e o BNG prop\u00f3n medidas compensatorias para a vici\u00f1anza -<\/title>\n<meta name=\"robots\" content=\"index, follow, max-snippet:-1, max-image-preview:large, max-video-preview:-1\" \/>\n<link rel=\"canonical\" href=\"https:\/\/www.anovapeneira.gal\/index.php\/2020\/10\/27\/o-ibi-2020-sube-mais-dun-45-e-o-bng-propon-medidas-compensatorias-para-a-vicinanza\/\" \/>\n<meta property=\"og:locale\" content=\"gl_ES\" \/>\n<meta property=\"og:type\" content=\"article\" \/>\n<meta property=\"og:title\" content=\"O IBI 2020 sube mais dun 45% e o BNG prop\u00f3n medidas compensatorias para a vici\u00f1anza -\" \/>\n<meta property=\"og:description\" content=\"Nas pasadas semanas as vici\u00f1as e vici\u00f1os de Cerdedo-Cotobade realizamos o pagamento do Imposto de Bens Inm\u00f3beis ou contribuci\u00f3n urbana correspondente ao exerc\u00edcio 2020. Pois ben, a suba media nos recibos chega a superar o 45% a respeito do ano 2019 [...]\" \/>\n<meta property=\"og:url\" content=\"https:\/\/www.anovapeneira.gal\/index.php\/2020\/10\/27\/o-ibi-2020-sube-mais-dun-45-e-o-bng-propon-medidas-compensatorias-para-a-vicinanza\/\" \/>\n<meta property=\"article:publisher\" content=\"https:\/\/www.facebook.com\/anovapeneira\" \/>\n<meta property=\"article:published_time\" content=\"2020-10-27T09:00:39+00:00\" \/>\n<meta property=\"og:image\" content=\"https:\/\/www.anovapeneira.gal\/wp-content\/uploads\/2020\/10\/bng_cerdedo_cotobade_a_nova_peneira.jpg\" \/>\n\t<meta property=\"og:image:width\" content=\"720\" \/>\n\t<meta property=\"og:image:height\" content=\"432\" \/>\n\t<meta property=\"og:image:type\" content=\"image\/jpeg\" \/>\n<meta name=\"author\" content=\"Redacci\u00f3n A Nova Peneira\" \/>\n<meta name=\"twitter:card\" content=\"summary_large_image\" \/>\n<meta name=\"twitter:creator\" content=\"@APeneira\" \/>\n<meta name=\"twitter:site\" content=\"@APeneira\" \/>\n<meta name=\"twitter:label1\" content=\"Escrito por\" \/>\n\t<meta name=\"twitter:data1\" content=\"Redacci\u00f3n A Nova Peneira\" \/>\n\t<meta name=\"twitter:label2\" content=\"Tempo de lectura\" \/>\n\t<meta name=\"twitter:data2\" content=\"3 minutos\" \/>\n<script type=\"application\/ld+json\" class=\"yoast-schema-graph\">{\"@context\":\"https:\\\/\\\/schema.org\",\"@graph\":[{\"@type\":\"Article\",\"@id\":\"https:\\\/\\\/www.anovapeneira.gal\\\/index.php\\\/2020\\\/10\\\/27\\\/o-ibi-2020-sube-mais-dun-45-e-o-bng-propon-medidas-compensatorias-para-a-vicinanza\\\/#article\",\"isPartOf\":{\"@id\":\"https:\\\/\\\/www.anovapeneira.gal\\\/index.php\\\/2020\\\/10\\\/27\\\/o-ibi-2020-sube-mais-dun-45-e-o-bng-propon-medidas-compensatorias-para-a-vicinanza\\\/\"},\"author\":{\"name\":\"Redacci\u00f3n A Nova Peneira\",\"@id\":\"https:\\\/\\\/www.anovapeneira.gal\\\/#\\\/schema\\\/person\\\/b93e3f8932e3f8da96334607eb6ac6aa\"},\"headline\":\"O IBI 2020 sube mais dun 45% e o BNG prop\u00f3n medidas compensatorias para a vici\u00f1anza\",\"datePublished\":\"2020-10-27T09:00:39+00:00\",\"mainEntityOfPage\":{\"@id\":\"https:\\\/\\\/www.anovapeneira.gal\\\/index.php\\\/2020\\\/10\\\/27\\\/o-ibi-2020-sube-mais-dun-45-e-o-bng-propon-medidas-compensatorias-para-a-vicinanza\\\/\"},\"wordCount\":711,\"commentCount\":0,\"publisher\":{\"@id\":\"https:\\\/\\\/www.anovapeneira.gal\\\/#organization\"},\"image\":{\"@id\":\"https:\\\/\\\/www.anovapeneira.gal\\\/index.php\\\/2020\\\/10\\\/27\\\/o-ibi-2020-sube-mais-dun-45-e-o-bng-propon-medidas-compensatorias-para-a-vicinanza\\\/#primaryimage\"},\"thumbnailUrl\":\"https:\\\/\\\/www.anovapeneira.gal\\\/wp-content\\\/uploads\\\/2020\\\/10\\\/bng_cerdedo_cotobade_a_nova_peneira.jpg\",\"articleSection\":[\"Pontevedra\"],\"inLanguage\":\"gl-ES\",\"potentialAction\":[{\"@type\":\"CommentAction\",\"name\":\"Comment\",\"target\":[\"https:\\\/\\\/www.anovapeneira.gal\\\/index.php\\\/2020\\\/10\\\/27\\\/o-ibi-2020-sube-mais-dun-45-e-o-bng-propon-medidas-compensatorias-para-a-vicinanza\\\/#respond\"]}]},{\"@type\":\"WebPage\",\"@id\":\"https:\\\/\\\/www.anovapeneira.gal\\\/index.php\\\/2020\\\/10\\\/27\\\/o-ibi-2020-sube-mais-dun-45-e-o-bng-propon-medidas-compensatorias-para-a-vicinanza\\\/\",\"url\":\"https:\\\/\\\/www.anovapeneira.gal\\\/index.php\\\/2020\\\/10\\\/27\\\/o-ibi-2020-sube-mais-dun-45-e-o-bng-propon-medidas-compensatorias-para-a-vicinanza\\\/\",\"name\":\"O IBI 2020 sube mais dun 45% e o BNG prop\u00f3n medidas compensatorias para a vici\u00f1anza -\",\"isPartOf\":{\"@id\":\"https:\\\/\\\/www.anovapeneira.gal\\\/#website\"},\"primaryImageOfPage\":{\"@id\":\"https:\\\/\\\/www.anovapeneira.gal\\\/index.php\\\/2020\\\/10\\\/27\\\/o-ibi-2020-sube-mais-dun-45-e-o-bng-propon-medidas-compensatorias-para-a-vicinanza\\\/#primaryimage\"},\"image\":{\"@id\":\"https:\\\/\\\/www.anovapeneira.gal\\\/index.php\\\/2020\\\/10\\\/27\\\/o-ibi-2020-sube-mais-dun-45-e-o-bng-propon-medidas-compensatorias-para-a-vicinanza\\\/#primaryimage\"},\"thumbnailUrl\":\"https:\\\/\\\/www.anovapeneira.gal\\\/wp-content\\\/uploads\\\/2020\\\/10\\\/bng_cerdedo_cotobade_a_nova_peneira.jpg\",\"datePublished\":\"2020-10-27T09:00:39+00:00\",\"breadcrumb\":{\"@id\":\"https:\\\/\\\/www.anovapeneira.gal\\\/index.php\\\/2020\\\/10\\\/27\\\/o-ibi-2020-sube-mais-dun-45-e-o-bng-propon-medidas-compensatorias-para-a-vicinanza\\\/#breadcrumb\"},\"inLanguage\":\"gl-ES\",\"potentialAction\":[{\"@type\":\"ReadAction\",\"target\":[\"https:\\\/\\\/www.anovapeneira.gal\\\/index.php\\\/2020\\\/10\\\/27\\\/o-ibi-2020-sube-mais-dun-45-e-o-bng-propon-medidas-compensatorias-para-a-vicinanza\\\/\"]}]},{\"@type\":\"ImageObject\",\"inLanguage\":\"gl-ES\",\"@id\":\"https:\\\/\\\/www.anovapeneira.gal\\\/index.php\\\/2020\\\/10\\\/27\\\/o-ibi-2020-sube-mais-dun-45-e-o-bng-propon-medidas-compensatorias-para-a-vicinanza\\\/#primaryimage\",\"url\":\"https:\\\/\\\/www.anovapeneira.gal\\\/wp-content\\\/uploads\\\/2020\\\/10\\\/bng_cerdedo_cotobade_a_nova_peneira.jpg\",\"contentUrl\":\"https:\\\/\\\/www.anovapeneira.gal\\\/wp-content\\\/uploads\\\/2020\\\/10\\\/bng_cerdedo_cotobade_a_nova_peneira.jpg\",\"width\":720,\"height\":432,\"caption\":\"BNG Cerdedo-Cotovade\"},{\"@type\":\"BreadcrumbList\",\"@id\":\"https:\\\/\\\/www.anovapeneira.gal\\\/index.php\\\/2020\\\/10\\\/27\\\/o-ibi-2020-sube-mais-dun-45-e-o-bng-propon-medidas-compensatorias-para-a-vicinanza\\\/#breadcrumb\",\"itemListElement\":[{\"@type\":\"ListItem\",\"position\":1,\"name\":\"Portada\",\"item\":\"https:\\\/\\\/www.anovapeneira.gal\\\/\"},{\"@type\":\"ListItem\",\"position\":2,\"name\":\"O IBI 2020 sube mais dun 45% e o BNG prop\u00f3n medidas compensatorias para a vici\u00f1anza\"}]},{\"@type\":\"WebSite\",\"@id\":\"https:\\\/\\\/www.anovapeneira.gal\\\/#website\",\"url\":\"https:\\\/\\\/www.anovapeneira.gal\\\/\",\"name\":\"\",\"description\":\"Xornal galego de informaci\u00f3n xeral Publicaci\u00f3n mensual de novas de Galicia e en especial dos Concellos da sur da provincia de Pontevedra.\",\"publisher\":{\"@id\":\"https:\\\/\\\/www.anovapeneira.gal\\\/#organization\"},\"potentialAction\":[{\"@type\":\"SearchAction\",\"target\":{\"@type\":\"EntryPoint\",\"urlTemplate\":\"https:\\\/\\\/www.anovapeneira.gal\\\/?s={search_term_string}\"},\"query-input\":{\"@type\":\"PropertyValueSpecification\",\"valueRequired\":true,\"valueName\":\"search_term_string\"}}],\"inLanguage\":\"gl-ES\"},{\"@type\":\"Organization\",\"@id\":\"https:\\\/\\\/www.anovapeneira.gal\\\/#organization\",\"name\":\"A Nova Peneira\",\"url\":\"https:\\\/\\\/www.anovapeneira.gal\\\/\",\"logo\":{\"@type\":\"ImageObject\",\"inLanguage\":\"gl-ES\",\"@id\":\"https:\\\/\\\/www.anovapeneira.gal\\\/#\\\/schema\\\/logo\\\/image\\\/\",\"url\":\"http:\\\/\\\/www.anovapeneira.gal\\\/wp-content\\\/uploads\\\/2019\\\/06\\\/logo_a_nova_peneira_portal_web.png\",\"contentUrl\":\"http:\\\/\\\/www.anovapeneira.gal\\\/wp-content\\\/uploads\\\/2019\\\/06\\\/logo_a_nova_peneira_portal_web.png\",\"width\":300,\"height\":100,\"caption\":\"A Nova Peneira\"},\"image\":{\"@id\":\"https:\\\/\\\/www.anovapeneira.gal\\\/#\\\/schema\\\/logo\\\/image\\\/\"},\"sameAs\":[\"https:\\\/\\\/www.facebook.com\\\/anovapeneira\",\"https:\\\/\\\/x.com\\\/APeneira\"]},{\"@type\":\"Person\",\"@id\":\"https:\\\/\\\/www.anovapeneira.gal\\\/#\\\/schema\\\/person\\\/b93e3f8932e3f8da96334607eb6ac6aa\",\"name\":\"Redacci\u00f3n A Nova Peneira\",\"image\":{\"@type\":\"ImageObject\",\"inLanguage\":\"gl-ES\",\"@id\":\"https:\\\/\\\/secure.gravatar.com\\\/avatar\\\/c052a2551a06e23fac63626232eaa90abd78dbcf1700fc46a2b2c89fd27b735f?s=96&d=mm&r=g\",\"url\":\"https:\\\/\\\/secure.gravatar.com\\\/avatar\\\/c052a2551a06e23fac63626232eaa90abd78dbcf1700fc46a2b2c89fd27b735f?s=96&d=mm&r=g\",\"contentUrl\":\"https:\\\/\\\/secure.gravatar.com\\\/avatar\\\/c052a2551a06e23fac63626232eaa90abd78dbcf1700fc46a2b2c89fd27b735f?s=96&d=mm&r=g\",\"caption\":\"Redacci\u00f3n A Nova Peneira\"},\"sameAs\":[\"http:\\\/\\\/www.anovapeneira.gal\\\/\"],\"url\":\"https:\\\/\\\/www.anovapeneira.gal\\\/index.php\\\/author\\\/redactor\\\/\"}]}<\/script>\n<!-- \/ Yoast SEO plugin. -->","yoast_head_json":{"title":"O IBI 2020 sube mais dun 45% e o BNG prop\u00f3n medidas compensatorias para a vici\u00f1anza -","robots":{"index":"index","follow":"follow","max-snippet":"max-snippet:-1","max-image-preview":"max-image-preview:large","max-video-preview":"max-video-preview:-1"},"canonical":"https:\/\/www.anovapeneira.gal\/index.php\/2020\/10\/27\/o-ibi-2020-sube-mais-dun-45-e-o-bng-propon-medidas-compensatorias-para-a-vicinanza\/","og_locale":"gl_ES","og_type":"article","og_title":"O IBI 2020 sube mais dun 45% e o BNG prop\u00f3n medidas compensatorias para a vici\u00f1anza -","og_description":"Nas pasadas semanas as vici\u00f1as e vici\u00f1os de Cerdedo-Cotobade realizamos o pagamento do Imposto de Bens Inm\u00f3beis ou contribuci\u00f3n urbana correspondente ao exerc\u00edcio 2020. Pois ben, a suba media nos recibos chega a superar o 45% a respeito do ano 2019 [...]","og_url":"https:\/\/www.anovapeneira.gal\/index.php\/2020\/10\/27\/o-ibi-2020-sube-mais-dun-45-e-o-bng-propon-medidas-compensatorias-para-a-vicinanza\/","article_publisher":"https:\/\/www.facebook.com\/anovapeneira","article_published_time":"2020-10-27T09:00:39+00:00","og_image":[{"width":720,"height":432,"url":"https:\/\/www.anovapeneira.gal\/wp-content\/uploads\/2020\/10\/bng_cerdedo_cotobade_a_nova_peneira.jpg","type":"image\/jpeg"}],"author":"Redacci\u00f3n A Nova Peneira","twitter_card":"summary_large_image","twitter_creator":"@APeneira","twitter_site":"@APeneira","twitter_misc":{"Escrito por":"Redacci\u00f3n A Nova Peneira","Tempo de lectura":"3 minutos"},"schema":{"@context":"https:\/\/schema.org","@graph":[{"@type":"Article","@id":"https:\/\/www.anovapeneira.gal\/index.php\/2020\/10\/27\/o-ibi-2020-sube-mais-dun-45-e-o-bng-propon-medidas-compensatorias-para-a-vicinanza\/#article","isPartOf":{"@id":"https:\/\/www.anovapeneira.gal\/index.php\/2020\/10\/27\/o-ibi-2020-sube-mais-dun-45-e-o-bng-propon-medidas-compensatorias-para-a-vicinanza\/"},"author":{"name":"Redacci\u00f3n A Nova Peneira","@id":"https:\/\/www.anovapeneira.gal\/#\/schema\/person\/b93e3f8932e3f8da96334607eb6ac6aa"},"headline":"O IBI 2020 sube mais dun 45% e o BNG prop\u00f3n medidas compensatorias para a vici\u00f1anza","datePublished":"2020-10-27T09:00:39+00:00","mainEntityOfPage":{"@id":"https:\/\/www.anovapeneira.gal\/index.php\/2020\/10\/27\/o-ibi-2020-sube-mais-dun-45-e-o-bng-propon-medidas-compensatorias-para-a-vicinanza\/"},"wordCount":711,"commentCount":0,"publisher":{"@id":"https:\/\/www.anovapeneira.gal\/#organization"},"image":{"@id":"https:\/\/www.anovapeneira.gal\/index.php\/2020\/10\/27\/o-ibi-2020-sube-mais-dun-45-e-o-bng-propon-medidas-compensatorias-para-a-vicinanza\/#primaryimage"},"thumbnailUrl":"https:\/\/www.anovapeneira.gal\/wp-content\/uploads\/2020\/10\/bng_cerdedo_cotobade_a_nova_peneira.jpg","articleSection":["Pontevedra"],"inLanguage":"gl-ES","potentialAction":[{"@type":"CommentAction","name":"Comment","target":["https:\/\/www.anovapeneira.gal\/index.php\/2020\/10\/27\/o-ibi-2020-sube-mais-dun-45-e-o-bng-propon-medidas-compensatorias-para-a-vicinanza\/#respond"]}]},{"@type":"WebPage","@id":"https:\/\/www.anovapeneira.gal\/index.php\/2020\/10\/27\/o-ibi-2020-sube-mais-dun-45-e-o-bng-propon-medidas-compensatorias-para-a-vicinanza\/","url":"https:\/\/www.anovapeneira.gal\/index.php\/2020\/10\/27\/o-ibi-2020-sube-mais-dun-45-e-o-bng-propon-medidas-compensatorias-para-a-vicinanza\/","name":"O IBI 2020 sube mais dun 45% e o BNG prop\u00f3n medidas compensatorias para a vici\u00f1anza -","isPartOf":{"@id":"https:\/\/www.anovapeneira.gal\/#website"},"primaryImageOfPage":{"@id":"https:\/\/www.anovapeneira.gal\/index.php\/2020\/10\/27\/o-ibi-2020-sube-mais-dun-45-e-o-bng-propon-medidas-compensatorias-para-a-vicinanza\/#primaryimage"},"image":{"@id":"https:\/\/www.anovapeneira.gal\/index.php\/2020\/10\/27\/o-ibi-2020-sube-mais-dun-45-e-o-bng-propon-medidas-compensatorias-para-a-vicinanza\/#primaryimage"},"thumbnailUrl":"https:\/\/www.anovapeneira.gal\/wp-content\/uploads\/2020\/10\/bng_cerdedo_cotobade_a_nova_peneira.jpg","datePublished":"2020-10-27T09:00:39+00:00","breadcrumb":{"@id":"https:\/\/www.anovapeneira.gal\/index.php\/2020\/10\/27\/o-ibi-2020-sube-mais-dun-45-e-o-bng-propon-medidas-compensatorias-para-a-vicinanza\/#breadcrumb"},"inLanguage":"gl-ES","potentialAction":[{"@type":"ReadAction","target":["https:\/\/www.anovapeneira.gal\/index.php\/2020\/10\/27\/o-ibi-2020-sube-mais-dun-45-e-o-bng-propon-medidas-compensatorias-para-a-vicinanza\/"]}]},{"@type":"ImageObject","inLanguage":"gl-ES","@id":"https:\/\/www.anovapeneira.gal\/index.php\/2020\/10\/27\/o-ibi-2020-sube-mais-dun-45-e-o-bng-propon-medidas-compensatorias-para-a-vicinanza\/#primaryimage","url":"https:\/\/www.anovapeneira.gal\/wp-content\/uploads\/2020\/10\/bng_cerdedo_cotobade_a_nova_peneira.jpg","contentUrl":"https:\/\/www.anovapeneira.gal\/wp-content\/uploads\/2020\/10\/bng_cerdedo_cotobade_a_nova_peneira.jpg","width":720,"height":432,"caption":"BNG Cerdedo-Cotovade"},{"@type":"BreadcrumbList","@id":"https:\/\/www.anovapeneira.gal\/index.php\/2020\/10\/27\/o-ibi-2020-sube-mais-dun-45-e-o-bng-propon-medidas-compensatorias-para-a-vicinanza\/#breadcrumb","itemListElement":[{"@type":"ListItem","position":1,"name":"Portada","item":"https:\/\/www.anovapeneira.gal\/"},{"@type":"ListItem","position":2,"name":"O IBI 2020 sube mais dun 45% e o BNG prop\u00f3n medidas compensatorias para a vici\u00f1anza"}]},{"@type":"WebSite","@id":"https:\/\/www.anovapeneira.gal\/#website","url":"https:\/\/www.anovapeneira.gal\/","name":"","description":"Xornal galego de informaci\u00f3n xeral Publicaci\u00f3n mensual de novas de Galicia e en especial dos Concellos da sur da provincia de Pontevedra.","publisher":{"@id":"https:\/\/www.anovapeneira.gal\/#organization"},"potentialAction":[{"@type":"SearchAction","target":{"@type":"EntryPoint","urlTemplate":"https:\/\/www.anovapeneira.gal\/?s={search_term_string}"},"query-input":{"@type":"PropertyValueSpecification","valueRequired":true,"valueName":"search_term_string"}}],"inLanguage":"gl-ES"},{"@type":"Organization","@id":"https:\/\/www.anovapeneira.gal\/#organization","name":"A Nova Peneira","url":"https:\/\/www.anovapeneira.gal\/","logo":{"@type":"ImageObject","inLanguage":"gl-ES","@id":"https:\/\/www.anovapeneira.gal\/#\/schema\/logo\/image\/","url":"http:\/\/www.anovapeneira.gal\/wp-content\/uploads\/2019\/06\/logo_a_nova_peneira_portal_web.png","contentUrl":"http:\/\/www.anovapeneira.gal\/wp-content\/uploads\/2019\/06\/logo_a_nova_peneira_portal_web.png","width":300,"height":100,"caption":"A Nova Peneira"},"image":{"@id":"https:\/\/www.anovapeneira.gal\/#\/schema\/logo\/image\/"},"sameAs":["https:\/\/www.facebook.com\/anovapeneira","https:\/\/x.com\/APeneira"]},{"@type":"Person","@id":"https:\/\/www.anovapeneira.gal\/#\/schema\/person\/b93e3f8932e3f8da96334607eb6ac6aa","name":"Redacci\u00f3n A Nova Peneira","image":{"@type":"ImageObject","inLanguage":"gl-ES","@id":"https:\/\/secure.gravatar.com\/avatar\/c052a2551a06e23fac63626232eaa90abd78dbcf1700fc46a2b2c89fd27b735f?s=96&d=mm&r=g","url":"https:\/\/secure.gravatar.com\/avatar\/c052a2551a06e23fac63626232eaa90abd78dbcf1700fc46a2b2c89fd27b735f?s=96&d=mm&r=g","contentUrl":"https:\/\/secure.gravatar.com\/avatar\/c052a2551a06e23fac63626232eaa90abd78dbcf1700fc46a2b2c89fd27b735f?s=96&d=mm&r=g","caption":"Redacci\u00f3n A Nova Peneira"},"sameAs":["http:\/\/www.anovapeneira.gal\/"],"url":"https:\/\/www.anovapeneira.gal\/index.php\/author\/redactor\/"}]}},"jetpack_featured_media_url":"https:\/\/www.anovapeneira.gal\/wp-content\/uploads\/2020\/10\/bng_cerdedo_cotobade_a_nova_peneira.jpg","_links":{"self":[{"href":"https:\/\/www.anovapeneira.gal\/index.php\/wp-json\/wp\/v2\/posts\/4165","targetHints":{"allow":["GET"]}}],"collection":[{"href":"https:\/\/www.anovapeneira.gal\/index.php\/wp-json\/wp\/v2\/posts"}],"about":[{"href":"https:\/\/www.anovapeneira.gal\/index.php\/wp-json\/wp\/v2\/types\/post"}],"author":[{"embeddable":true,"href":"https:\/\/www.anovapeneira.gal\/index.php\/wp-json\/wp\/v2\/users\/3"}],"replies":[{"embeddable":true,"href":"https:\/\/www.anovapeneira.gal\/index.php\/wp-json\/wp\/v2\/comments?post=4165"}],"version-history":[{"count":1,"href":"https:\/\/www.anovapeneira.gal\/index.php\/wp-json\/wp\/v2\/posts\/4165\/revisions"}],"predecessor-version":[{"id":4167,"href":"https:\/\/www.anovapeneira.gal\/index.php\/wp-json\/wp\/v2\/posts\/4165\/revisions\/4167"}],"wp:featuredmedia":[{"embeddable":true,"href":"https:\/\/www.anovapeneira.gal\/index.php\/wp-json\/wp\/v2\/media\/4166"}],"wp:attachment":[{"href":"https:\/\/www.anovapeneira.gal\/index.php\/wp-json\/wp\/v2\/media?parent=4165"}],"wp:term":[{"taxonomy":"category","embeddable":true,"href":"https:\/\/www.anovapeneira.gal\/index.php\/wp-json\/wp\/v2\/categories?post=4165"},{"taxonomy":"post_tag","embeddable":true,"href":"https:\/\/www.anovapeneira.gal\/index.php\/wp-json\/wp\/v2\/tags?post=4165"}],"curies":[{"name":"wp","href":"https:\/\/api.w.org\/{rel}","templated":true}]}}