{"id":4168,"date":"2020-10-27T12:00:56","date_gmt":"2020-10-27T11:00:56","guid":{"rendered":"http:\/\/www.anovapeneira.gal\/?p=4168"},"modified":"2020-10-24T19:38:23","modified_gmt":"2020-10-24T17:38:23","slug":"forcarei-2-021","status":"publish","type":"post","link":"https:\/\/www.anovapeneira.gal\/index.php\/2020\/10\/27\/forcarei-2-021\/","title":{"rendered":"FORCAREI 2.021"},"content":{"rendered":"\n<h2 class=\"wp-block-heading\"><strong>Roberto Jorge Correa concelleiro do BNG de Forcarei<\/strong><\/h2>\n\n\n\n<p>Seguramente moitos estes d\u00edas de pandemia estades facendo voso o dito de Groucho Marx de que \u201ca pol\u00edtica \u00e9 a arte de buscar problemas, atopalos, facer un diagn\u00f3stico falso e despois aplicar o remedio equivocado\u201d , cousa que neste maremagnum de medidas \u00e9 comprensible.<\/p>\n\n\n\n<p>Atop\u00e1monos nun escenario pol\u00edtico no que unha dereita botada a monte retorce o estado ao m\u00e1ximo levando ao mesmo a unha situaci\u00f3n preocupante na que xeran dubidas sobre as instituci\u00f3ns para culpar despois \u00e1 esquerda. Sirva o exemplo da renovaci\u00f3n do consello xeral do poder xudicial, onde tras anos bloqueando a renovaci\u00f3n, esta extrema dereita crispa \u00e1 sociedade por que o goberno elixido nas urnas non aparta a unha parte do mesmo para elixir xu\u00edces.<\/p>\n\n\n\n<p>Se isto \u00e9 o que entenden PP e VOX por despolitizar a xustiza, en absoluto coincide coa mi\u00f1a visi\u00f3n.<\/p>\n\n\n\n<p>Vivimos nunha situaci\u00f3n m\u00e1is ca preocupante para milleiros de familias galegas, nunca antes vivimos unha emerxencia sanitaria deste calibre. Como xerente do consorcio provincial de bombeiros vexo con preocupaci\u00f3n as implicaci\u00f3ns sanitarias que esta pandemia est\u00e1 a traer aos concellos, onde as intervenci\u00f3ns tanto en desinfecci\u00f3ns como en atenci\u00f3n a emerxencias est\u00e1 sobrepasando as capacidades de intervenci\u00f3n duns concellos xa de por si ao l\u00edmite da s\u00faa capacidade de gasto.<\/p>\n\n\n\n<p>Un gasto que ao final repercute directamente sobre a capacidade de prestar servizos b\u00e1sicos aos veci\u00f1os.<\/p>\n\n\n\n<p>Esta sobrecarga dos concellos ten que ser cofinanciada por Xunta de Galicia e Estado. F\u00e1lase estes d\u00edas dos fondos europeos e canto vai corresponder a Galicia, \u00e9 absurda e insignificante a petici\u00f3n da Xunta de Galicia, pouco m\u00e1is de 3.000 mill\u00f3ns de euros, cando hai comunidades que est\u00e1n nos 30.000, dez veces m\u00e1is.<\/p>\n\n\n\n<p>Galicia necesita un tren de mercador\u00edas competitivo, que una os nosos portos con Europa, necesitamos un ave por Cerdedo que nos conecte con todo o norte e Europa, non s\u00f3 con Madrid ou Oporto.<\/p>\n\n\n\n<p>Necesitamos inversi\u00f3ns en diversificar o turismo verde e pornos a altura doutros territorios, necesitamos atraer poboaci\u00f3n e fomentar a natalidade con empregos dignos para a xente nova, unha vivenda accesible e unha boa conciliaci\u00f3n familiar.<\/p>\n\n\n\n<p>Esto ao final \u00e9 unha lousa para concellos como Forcarei. Somos un dos concellos \u201cpobres\u201d e m\u00e1is desco\u00f1ecidos dentro da provincia, cando temos unha capacidade e uns recursos naturais, patrimoniais ou empresariais espectaculares.<\/p>\n\n\n\n<p>Como concelleiro do BNG &#8211; Foro Forcarei demos o noso apoio ao PSOE para acadar a alcald\u00eda, pero sen entrar no goberno sendo conscientes das diferencias program\u00e1ticas.<\/p>\n\n\n\n<p>O tempo af\u00edrmanos m\u00e1is nas nosas convicci\u00f3ns, \u00e9 urxente cambiar as pol\u00edticas do PP. Forcarei ten que medrar e recuperar a poboaci\u00f3n, o verdadeiro drama do noso concello.<\/p>\n\n\n\n<p>Somos un concello cunha situaci\u00f3n estrat\u00e9xica, achegado a todas as capitais galegas, contamos con tres lugares de interese comunitario, co mosteiro de Aciveiro, a igrexa de San Amaro e infinidade de elementos patrimoniais.<\/p>\n\n\n\n<p>Somos territorio de peregrinaxe hist\u00f3rico do vi\u00f1o do Ribeiro a Compostela ou a orixe da coci\u00f1a da Richada e a Croca.<\/p>\n\n\n\n<p>Son tempos convulsos, m\u00e1is \u00bfquen mellor ca Terra de Montes para saber de sobrevivir a dificultades?. Estou convencido de que con confianza en n\u00f3s, os concellos da Terra de Montes temos moit\u00edsimo que ofrecer. Nos tempos duros \u00e9 cando se medra.<\/p>\n\n\n\n<p>Temos uns colexios e garder\u00edas pouco ou nada masificados, uns pobos con t\u00f3dolos servizos e situados a menos dunha hora de calquera centro de traballo, \u00e9 o momento de recuperar a aposta pola Galicia rural, o que sempre fomos.<\/p>\n\n\n\n<p>Rural pero adaptada ao s\u00e9culo XXI, onde se ofreza calidade de vida aos veci\u00f1os igual ca noutros territorios de Europa, sirva como exemplo o Reino Unido.<\/p>\n\n\n\n<p>Dende o BNG ese \u00e9 o noso compromiso, que medre Forcarei.<\/p>\n","protected":false},"excerpt":{"rendered":"<div class=\"mh-excerpt\"><p>Seguramente moitos estes d\u00edas de pandemia estades facendo voso o dito de Groucho Marx de que \u201ca pol\u00edtica \u00e9 a arte de buscar problemas, atopalos, facer un diagn\u00f3stico falso e despois aplicar o remedio equivocado\u201d , cousa que neste maremagnum de medidas \u00e9 comprensible <a class=\"mh-excerpt-more\" href=\"https:\/\/www.anovapeneira.gal\/index.php\/2020\/10\/27\/forcarei-2-021\/\" title=\"FORCAREI 2.021\">[&#8230;]<\/a><\/p>\n<\/div>","protected":false},"author":3,"featured_media":3867,"comment_status":"open","ping_status":"open","sticky":false,"template":"","format":"standard","meta":{"_exactmetrics_skip_tracking":false,"_exactmetrics_sitenote_active":false,"_exactmetrics_sitenote_note":"","_exactmetrics_sitenote_category":0,"footnotes":""},"categories":[26],"tags":[1188],"class_list":{"0":"post-4168","1":"post","2":"type-post","3":"status-publish","4":"format-standard","5":"has-post-thumbnail","7":"category-pontevedra","8":"tag-concello-de-forcarei"},"yoast_head":"<!-- This site is optimized with the Yoast SEO plugin v27.4 - https:\/\/yoast.com\/product\/yoast-seo-wordpress\/ -->\n<title>FORCAREI 2.021 -<\/title>\n<meta name=\"robots\" content=\"index, follow, max-snippet:-1, max-image-preview:large, max-video-preview:-1\" \/>\n<link rel=\"canonical\" href=\"https:\/\/www.anovapeneira.gal\/index.php\/2020\/10\/27\/forcarei-2-021\/\" \/>\n<meta property=\"og:locale\" content=\"gl_ES\" \/>\n<meta property=\"og:type\" content=\"article\" \/>\n<meta property=\"og:title\" content=\"FORCAREI 2.021 -\" \/>\n<meta property=\"og:description\" content=\"Seguramente moitos estes d\u00edas de pandemia estades facendo voso o dito de Groucho Marx de que \u201ca pol\u00edtica \u00e9 a arte de buscar problemas, atopalos, facer un diagn\u00f3stico falso e despois aplicar o remedio equivocado\u201d , cousa que neste maremagnum de medidas \u00e9 comprensible [...]\" \/>\n<meta property=\"og:url\" content=\"https:\/\/www.anovapeneira.gal\/index.php\/2020\/10\/27\/forcarei-2-021\/\" \/>\n<meta property=\"article:publisher\" content=\"https:\/\/www.facebook.com\/anovapeneira\" \/>\n<meta property=\"article:published_time\" content=\"2020-10-27T11:00:56+00:00\" \/>\n<meta property=\"og:image\" content=\"https:\/\/www.anovapeneira.gal\/wp-content\/uploads\/2020\/09\/bng_forcarei_a_nova_peneira.jpg\" \/>\n\t<meta property=\"og:image:width\" content=\"720\" \/>\n\t<meta property=\"og:image:height\" content=\"432\" \/>\n\t<meta property=\"og:image:type\" content=\"image\/jpeg\" \/>\n<meta name=\"author\" content=\"Redacci\u00f3n A Nova Peneira\" \/>\n<meta name=\"twitter:card\" content=\"summary_large_image\" \/>\n<meta name=\"twitter:creator\" content=\"@APeneira\" \/>\n<meta name=\"twitter:site\" content=\"@APeneira\" \/>\n<meta name=\"twitter:label1\" content=\"Escrito por\" \/>\n\t<meta name=\"twitter:data1\" content=\"Redacci\u00f3n A Nova Peneira\" \/>\n\t<meta name=\"twitter:label2\" content=\"Tempo de lectura\" \/>\n\t<meta name=\"twitter:data2\" content=\"3 minutos\" \/>\n<script type=\"application\/ld+json\" class=\"yoast-schema-graph\">{\"@context\":\"https:\\\/\\\/schema.org\",\"@graph\":[{\"@type\":\"Article\",\"@id\":\"https:\\\/\\\/www.anovapeneira.gal\\\/index.php\\\/2020\\\/10\\\/27\\\/forcarei-2-021\\\/#article\",\"isPartOf\":{\"@id\":\"https:\\\/\\\/www.anovapeneira.gal\\\/index.php\\\/2020\\\/10\\\/27\\\/forcarei-2-021\\\/\"},\"author\":{\"name\":\"Redacci\u00f3n A Nova Peneira\",\"@id\":\"https:\\\/\\\/www.anovapeneira.gal\\\/#\\\/schema\\\/person\\\/b93e3f8932e3f8da96334607eb6ac6aa\"},\"headline\":\"FORCAREI 2.021\",\"datePublished\":\"2020-10-27T11:00:56+00:00\",\"mainEntityOfPage\":{\"@id\":\"https:\\\/\\\/www.anovapeneira.gal\\\/index.php\\\/2020\\\/10\\\/27\\\/forcarei-2-021\\\/\"},\"wordCount\":657,\"commentCount\":0,\"publisher\":{\"@id\":\"https:\\\/\\\/www.anovapeneira.gal\\\/#organization\"},\"image\":{\"@id\":\"https:\\\/\\\/www.anovapeneira.gal\\\/index.php\\\/2020\\\/10\\\/27\\\/forcarei-2-021\\\/#primaryimage\"},\"thumbnailUrl\":\"https:\\\/\\\/www.anovapeneira.gal\\\/wp-content\\\/uploads\\\/2020\\\/09\\\/bng_forcarei_a_nova_peneira.jpg\",\"keywords\":[\"Concello de Forcarei\"],\"articleSection\":[\"Pontevedra\"],\"inLanguage\":\"gl-ES\",\"potentialAction\":[{\"@type\":\"CommentAction\",\"name\":\"Comment\",\"target\":[\"https:\\\/\\\/www.anovapeneira.gal\\\/index.php\\\/2020\\\/10\\\/27\\\/forcarei-2-021\\\/#respond\"]}]},{\"@type\":\"WebPage\",\"@id\":\"https:\\\/\\\/www.anovapeneira.gal\\\/index.php\\\/2020\\\/10\\\/27\\\/forcarei-2-021\\\/\",\"url\":\"https:\\\/\\\/www.anovapeneira.gal\\\/index.php\\\/2020\\\/10\\\/27\\\/forcarei-2-021\\\/\",\"name\":\"FORCAREI 2.021 -\",\"isPartOf\":{\"@id\":\"https:\\\/\\\/www.anovapeneira.gal\\\/#website\"},\"primaryImageOfPage\":{\"@id\":\"https:\\\/\\\/www.anovapeneira.gal\\\/index.php\\\/2020\\\/10\\\/27\\\/forcarei-2-021\\\/#primaryimage\"},\"image\":{\"@id\":\"https:\\\/\\\/www.anovapeneira.gal\\\/index.php\\\/2020\\\/10\\\/27\\\/forcarei-2-021\\\/#primaryimage\"},\"thumbnailUrl\":\"https:\\\/\\\/www.anovapeneira.gal\\\/wp-content\\\/uploads\\\/2020\\\/09\\\/bng_forcarei_a_nova_peneira.jpg\",\"datePublished\":\"2020-10-27T11:00:56+00:00\",\"breadcrumb\":{\"@id\":\"https:\\\/\\\/www.anovapeneira.gal\\\/index.php\\\/2020\\\/10\\\/27\\\/forcarei-2-021\\\/#breadcrumb\"},\"inLanguage\":\"gl-ES\",\"potentialAction\":[{\"@type\":\"ReadAction\",\"target\":[\"https:\\\/\\\/www.anovapeneira.gal\\\/index.php\\\/2020\\\/10\\\/27\\\/forcarei-2-021\\\/\"]}]},{\"@type\":\"ImageObject\",\"inLanguage\":\"gl-ES\",\"@id\":\"https:\\\/\\\/www.anovapeneira.gal\\\/index.php\\\/2020\\\/10\\\/27\\\/forcarei-2-021\\\/#primaryimage\",\"url\":\"https:\\\/\\\/www.anovapeneira.gal\\\/wp-content\\\/uploads\\\/2020\\\/09\\\/bng_forcarei_a_nova_peneira.jpg\",\"contentUrl\":\"https:\\\/\\\/www.anovapeneira.gal\\\/wp-content\\\/uploads\\\/2020\\\/09\\\/bng_forcarei_a_nova_peneira.jpg\",\"width\":720,\"height\":432,\"caption\":\"Roberto Jorge Correa, concelleiro do BNG no Concello de Forcarei\"},{\"@type\":\"BreadcrumbList\",\"@id\":\"https:\\\/\\\/www.anovapeneira.gal\\\/index.php\\\/2020\\\/10\\\/27\\\/forcarei-2-021\\\/#breadcrumb\",\"itemListElement\":[{\"@type\":\"ListItem\",\"position\":1,\"name\":\"Portada\",\"item\":\"https:\\\/\\\/www.anovapeneira.gal\\\/\"},{\"@type\":\"ListItem\",\"position\":2,\"name\":\"FORCAREI 2.021\"}]},{\"@type\":\"WebSite\",\"@id\":\"https:\\\/\\\/www.anovapeneira.gal\\\/#website\",\"url\":\"https:\\\/\\\/www.anovapeneira.gal\\\/\",\"name\":\"\",\"description\":\"Xornal galego de informaci\u00f3n xeral Publicaci\u00f3n mensual de novas de Galicia e en especial dos Concellos da sur da provincia de Pontevedra.\",\"publisher\":{\"@id\":\"https:\\\/\\\/www.anovapeneira.gal\\\/#organization\"},\"potentialAction\":[{\"@type\":\"SearchAction\",\"target\":{\"@type\":\"EntryPoint\",\"urlTemplate\":\"https:\\\/\\\/www.anovapeneira.gal\\\/?s={search_term_string}\"},\"query-input\":{\"@type\":\"PropertyValueSpecification\",\"valueRequired\":true,\"valueName\":\"search_term_string\"}}],\"inLanguage\":\"gl-ES\"},{\"@type\":\"Organization\",\"@id\":\"https:\\\/\\\/www.anovapeneira.gal\\\/#organization\",\"name\":\"A Nova Peneira\",\"url\":\"https:\\\/\\\/www.anovapeneira.gal\\\/\",\"logo\":{\"@type\":\"ImageObject\",\"inLanguage\":\"gl-ES\",\"@id\":\"https:\\\/\\\/www.anovapeneira.gal\\\/#\\\/schema\\\/logo\\\/image\\\/\",\"url\":\"http:\\\/\\\/www.anovapeneira.gal\\\/wp-content\\\/uploads\\\/2019\\\/06\\\/logo_a_nova_peneira_portal_web.png\",\"contentUrl\":\"http:\\\/\\\/www.anovapeneira.gal\\\/wp-content\\\/uploads\\\/2019\\\/06\\\/logo_a_nova_peneira_portal_web.png\",\"width\":300,\"height\":100,\"caption\":\"A Nova Peneira\"},\"image\":{\"@id\":\"https:\\\/\\\/www.anovapeneira.gal\\\/#\\\/schema\\\/logo\\\/image\\\/\"},\"sameAs\":[\"https:\\\/\\\/www.facebook.com\\\/anovapeneira\",\"https:\\\/\\\/x.com\\\/APeneira\"]},{\"@type\":\"Person\",\"@id\":\"https:\\\/\\\/www.anovapeneira.gal\\\/#\\\/schema\\\/person\\\/b93e3f8932e3f8da96334607eb6ac6aa\",\"name\":\"Redacci\u00f3n A Nova Peneira\",\"image\":{\"@type\":\"ImageObject\",\"inLanguage\":\"gl-ES\",\"@id\":\"https:\\\/\\\/secure.gravatar.com\\\/avatar\\\/c052a2551a06e23fac63626232eaa90abd78dbcf1700fc46a2b2c89fd27b735f?s=96&d=mm&r=g\",\"url\":\"https:\\\/\\\/secure.gravatar.com\\\/avatar\\\/c052a2551a06e23fac63626232eaa90abd78dbcf1700fc46a2b2c89fd27b735f?s=96&d=mm&r=g\",\"contentUrl\":\"https:\\\/\\\/secure.gravatar.com\\\/avatar\\\/c052a2551a06e23fac63626232eaa90abd78dbcf1700fc46a2b2c89fd27b735f?s=96&d=mm&r=g\",\"caption\":\"Redacci\u00f3n A Nova Peneira\"},\"sameAs\":[\"http:\\\/\\\/www.anovapeneira.gal\\\/\"],\"url\":\"https:\\\/\\\/www.anovapeneira.gal\\\/index.php\\\/author\\\/redactor\\\/\"}]}<\/script>\n<!-- \/ Yoast SEO plugin. -->","yoast_head_json":{"title":"FORCAREI 2.021 -","robots":{"index":"index","follow":"follow","max-snippet":"max-snippet:-1","max-image-preview":"max-image-preview:large","max-video-preview":"max-video-preview:-1"},"canonical":"https:\/\/www.anovapeneira.gal\/index.php\/2020\/10\/27\/forcarei-2-021\/","og_locale":"gl_ES","og_type":"article","og_title":"FORCAREI 2.021 -","og_description":"Seguramente moitos estes d\u00edas de pandemia estades facendo voso o dito de Groucho Marx de que \u201ca pol\u00edtica \u00e9 a arte de buscar problemas, atopalos, facer un diagn\u00f3stico falso e despois aplicar o remedio equivocado\u201d , cousa que neste maremagnum de medidas \u00e9 comprensible [...]","og_url":"https:\/\/www.anovapeneira.gal\/index.php\/2020\/10\/27\/forcarei-2-021\/","article_publisher":"https:\/\/www.facebook.com\/anovapeneira","article_published_time":"2020-10-27T11:00:56+00:00","og_image":[{"width":720,"height":432,"url":"https:\/\/www.anovapeneira.gal\/wp-content\/uploads\/2020\/09\/bng_forcarei_a_nova_peneira.jpg","type":"image\/jpeg"}],"author":"Redacci\u00f3n A Nova Peneira","twitter_card":"summary_large_image","twitter_creator":"@APeneira","twitter_site":"@APeneira","twitter_misc":{"Escrito por":"Redacci\u00f3n A Nova Peneira","Tempo de lectura":"3 minutos"},"schema":{"@context":"https:\/\/schema.org","@graph":[{"@type":"Article","@id":"https:\/\/www.anovapeneira.gal\/index.php\/2020\/10\/27\/forcarei-2-021\/#article","isPartOf":{"@id":"https:\/\/www.anovapeneira.gal\/index.php\/2020\/10\/27\/forcarei-2-021\/"},"author":{"name":"Redacci\u00f3n A Nova Peneira","@id":"https:\/\/www.anovapeneira.gal\/#\/schema\/person\/b93e3f8932e3f8da96334607eb6ac6aa"},"headline":"FORCAREI 2.021","datePublished":"2020-10-27T11:00:56+00:00","mainEntityOfPage":{"@id":"https:\/\/www.anovapeneira.gal\/index.php\/2020\/10\/27\/forcarei-2-021\/"},"wordCount":657,"commentCount":0,"publisher":{"@id":"https:\/\/www.anovapeneira.gal\/#organization"},"image":{"@id":"https:\/\/www.anovapeneira.gal\/index.php\/2020\/10\/27\/forcarei-2-021\/#primaryimage"},"thumbnailUrl":"https:\/\/www.anovapeneira.gal\/wp-content\/uploads\/2020\/09\/bng_forcarei_a_nova_peneira.jpg","keywords":["Concello de Forcarei"],"articleSection":["Pontevedra"],"inLanguage":"gl-ES","potentialAction":[{"@type":"CommentAction","name":"Comment","target":["https:\/\/www.anovapeneira.gal\/index.php\/2020\/10\/27\/forcarei-2-021\/#respond"]}]},{"@type":"WebPage","@id":"https:\/\/www.anovapeneira.gal\/index.php\/2020\/10\/27\/forcarei-2-021\/","url":"https:\/\/www.anovapeneira.gal\/index.php\/2020\/10\/27\/forcarei-2-021\/","name":"FORCAREI 2.021 -","isPartOf":{"@id":"https:\/\/www.anovapeneira.gal\/#website"},"primaryImageOfPage":{"@id":"https:\/\/www.anovapeneira.gal\/index.php\/2020\/10\/27\/forcarei-2-021\/#primaryimage"},"image":{"@id":"https:\/\/www.anovapeneira.gal\/index.php\/2020\/10\/27\/forcarei-2-021\/#primaryimage"},"thumbnailUrl":"https:\/\/www.anovapeneira.gal\/wp-content\/uploads\/2020\/09\/bng_forcarei_a_nova_peneira.jpg","datePublished":"2020-10-27T11:00:56+00:00","breadcrumb":{"@id":"https:\/\/www.anovapeneira.gal\/index.php\/2020\/10\/27\/forcarei-2-021\/#breadcrumb"},"inLanguage":"gl-ES","potentialAction":[{"@type":"ReadAction","target":["https:\/\/www.anovapeneira.gal\/index.php\/2020\/10\/27\/forcarei-2-021\/"]}]},{"@type":"ImageObject","inLanguage":"gl-ES","@id":"https:\/\/www.anovapeneira.gal\/index.php\/2020\/10\/27\/forcarei-2-021\/#primaryimage","url":"https:\/\/www.anovapeneira.gal\/wp-content\/uploads\/2020\/09\/bng_forcarei_a_nova_peneira.jpg","contentUrl":"https:\/\/www.anovapeneira.gal\/wp-content\/uploads\/2020\/09\/bng_forcarei_a_nova_peneira.jpg","width":720,"height":432,"caption":"Roberto Jorge Correa, concelleiro do BNG no Concello de Forcarei"},{"@type":"BreadcrumbList","@id":"https:\/\/www.anovapeneira.gal\/index.php\/2020\/10\/27\/forcarei-2-021\/#breadcrumb","itemListElement":[{"@type":"ListItem","position":1,"name":"Portada","item":"https:\/\/www.anovapeneira.gal\/"},{"@type":"ListItem","position":2,"name":"FORCAREI 2.021"}]},{"@type":"WebSite","@id":"https:\/\/www.anovapeneira.gal\/#website","url":"https:\/\/www.anovapeneira.gal\/","name":"","description":"Xornal galego de informaci\u00f3n xeral Publicaci\u00f3n mensual de novas de Galicia e en especial dos Concellos da sur da provincia de Pontevedra.","publisher":{"@id":"https:\/\/www.anovapeneira.gal\/#organization"},"potentialAction":[{"@type":"SearchAction","target":{"@type":"EntryPoint","urlTemplate":"https:\/\/www.anovapeneira.gal\/?s={search_term_string}"},"query-input":{"@type":"PropertyValueSpecification","valueRequired":true,"valueName":"search_term_string"}}],"inLanguage":"gl-ES"},{"@type":"Organization","@id":"https:\/\/www.anovapeneira.gal\/#organization","name":"A Nova Peneira","url":"https:\/\/www.anovapeneira.gal\/","logo":{"@type":"ImageObject","inLanguage":"gl-ES","@id":"https:\/\/www.anovapeneira.gal\/#\/schema\/logo\/image\/","url":"http:\/\/www.anovapeneira.gal\/wp-content\/uploads\/2019\/06\/logo_a_nova_peneira_portal_web.png","contentUrl":"http:\/\/www.anovapeneira.gal\/wp-content\/uploads\/2019\/06\/logo_a_nova_peneira_portal_web.png","width":300,"height":100,"caption":"A Nova Peneira"},"image":{"@id":"https:\/\/www.anovapeneira.gal\/#\/schema\/logo\/image\/"},"sameAs":["https:\/\/www.facebook.com\/anovapeneira","https:\/\/x.com\/APeneira"]},{"@type":"Person","@id":"https:\/\/www.anovapeneira.gal\/#\/schema\/person\/b93e3f8932e3f8da96334607eb6ac6aa","name":"Redacci\u00f3n A Nova Peneira","image":{"@type":"ImageObject","inLanguage":"gl-ES","@id":"https:\/\/secure.gravatar.com\/avatar\/c052a2551a06e23fac63626232eaa90abd78dbcf1700fc46a2b2c89fd27b735f?s=96&d=mm&r=g","url":"https:\/\/secure.gravatar.com\/avatar\/c052a2551a06e23fac63626232eaa90abd78dbcf1700fc46a2b2c89fd27b735f?s=96&d=mm&r=g","contentUrl":"https:\/\/secure.gravatar.com\/avatar\/c052a2551a06e23fac63626232eaa90abd78dbcf1700fc46a2b2c89fd27b735f?s=96&d=mm&r=g","caption":"Redacci\u00f3n A Nova Peneira"},"sameAs":["http:\/\/www.anovapeneira.gal\/"],"url":"https:\/\/www.anovapeneira.gal\/index.php\/author\/redactor\/"}]}},"jetpack_featured_media_url":"https:\/\/www.anovapeneira.gal\/wp-content\/uploads\/2020\/09\/bng_forcarei_a_nova_peneira.jpg","_links":{"self":[{"href":"https:\/\/www.anovapeneira.gal\/index.php\/wp-json\/wp\/v2\/posts\/4168","targetHints":{"allow":["GET"]}}],"collection":[{"href":"https:\/\/www.anovapeneira.gal\/index.php\/wp-json\/wp\/v2\/posts"}],"about":[{"href":"https:\/\/www.anovapeneira.gal\/index.php\/wp-json\/wp\/v2\/types\/post"}],"author":[{"embeddable":true,"href":"https:\/\/www.anovapeneira.gal\/index.php\/wp-json\/wp\/v2\/users\/3"}],"replies":[{"embeddable":true,"href":"https:\/\/www.anovapeneira.gal\/index.php\/wp-json\/wp\/v2\/comments?post=4168"}],"version-history":[{"count":1,"href":"https:\/\/www.anovapeneira.gal\/index.php\/wp-json\/wp\/v2\/posts\/4168\/revisions"}],"predecessor-version":[{"id":4169,"href":"https:\/\/www.anovapeneira.gal\/index.php\/wp-json\/wp\/v2\/posts\/4168\/revisions\/4169"}],"wp:featuredmedia":[{"embeddable":true,"href":"https:\/\/www.anovapeneira.gal\/index.php\/wp-json\/wp\/v2\/media\/3867"}],"wp:attachment":[{"href":"https:\/\/www.anovapeneira.gal\/index.php\/wp-json\/wp\/v2\/media?parent=4168"}],"wp:term":[{"taxonomy":"category","embeddable":true,"href":"https:\/\/www.anovapeneira.gal\/index.php\/wp-json\/wp\/v2\/categories?post=4168"},{"taxonomy":"post_tag","embeddable":true,"href":"https:\/\/www.anovapeneira.gal\/index.php\/wp-json\/wp\/v2\/tags?post=4168"}],"curies":[{"name":"wp","href":"https:\/\/api.w.org\/{rel}","templated":true}]}}