{"id":4179,"date":"2020-10-29T12:00:35","date_gmt":"2020-10-29T11:00:35","guid":{"rendered":"http:\/\/www.anovapeneira.gal\/?p=4179"},"modified":"2020-10-28T11:29:52","modified_gmt":"2020-10-28T10:29:52","slug":"concello-de-nigran-e-deputacion-construiran-unha-senda-peonil-entre-san-roque-de-camos-e-chandebrito-e-outra-entre-a-areina-e-a-igrexa-de-santiago-de-parada","status":"publish","type":"post","link":"https:\/\/www.anovapeneira.gal\/index.php\/2020\/10\/29\/concello-de-nigran-e-deputacion-construiran-unha-senda-peonil-entre-san-roque-de-camos-e-chandebrito-e-outra-entre-a-areina-e-a-igrexa-de-santiago-de-parada\/","title":{"rendered":"Concello de Nigr\u00e1n e Deputaci\u00f3n construir\u00e1n unha senda peonil entre San Roque de Camos e Chandebrito e outra entre a are\u00ed\u00f1a e a igrexa de Santiago de Parada"},"content":{"rendered":"\n<h2 class=\"wp-block-heading\"><strong>O ente provincial ven de contratar a redacci\u00f3n de ambos proxectos tras recibir a petici\u00f3n do alcalde e o edil de Mobilidade o 31 de xullo nunha reuni\u00f3n co deputado de Infraestruturas<\/strong><\/h2>\n\n\n\n<p>\u201c<strong>Son d\u00faas estradas provinciais moi transitadas por pe\u00f3ns e sen ning\u00fan tipo de beirarr\u00faas, polo que significar\u00e1 unha important\u00edsima mellora da seguridade viaria nestas parroquias\u201d, sinala o alcalde, Juan Gonz\u00e1lez<\/strong><\/p>\n\n\n\n<p><strong>O obxectivo do Concello \u00e9 ir ampliando as sendas peon\u00eds en todo o municipio<\/strong><\/p>\n\n\n\n<p><strong>Nigr\u00e1n, 23 de outubro de 2020<\/strong><\/p>\n\n\n\n<p>O Concello de Nigr\u00e1n e a Deputaci\u00f3n de Pontevedra dotar\u00e1n de respectivas sendas peon\u00eds os tramos comprendidos entre San Roque de Camos e Chandebrito (EP 2102) e o de A Are\u00ed\u00f1a e a Igrexa de Santiago de Parada (EP 2106). Tras recibir a petici\u00f3n de mans do alcalde e do edil de Mobilidade o 31 de xullo nun encontro co deputado provincial Gregorio Ag\u00eds, o ente provincial ven de contratar a redacci\u00f3n de ambos proxectos (o primeiro deles foi adxudicado a Ain Active e o segundo a Galaicontrol S.L). Os traballos de medici\u00f3n arrancar\u00e1n a vindeira semana e, unha vez rematados os proxectos, Concello e Deputaci\u00f3n asinar\u00e1n un convenio de colaboraci\u00f3n para financiar as correspondentes obras.\u00a0<\/p>\n\n\n\n<p>\u201cSon d\u00faas estradas provinciais moi transitadas por pe\u00f3ns e veh\u00edculos e que non te\u00f1en ning\u00fan tipo de beirarr\u00faas, polo que significar\u00e1 unha important\u00edsima mellora da seguridade viaria nestas parroquias\u201d, sinala o alcalde, Juan Gonz\u00e1lez, quen engade que se trata nos dous casos dunha vella demanda veci\u00f1al e que coinciden en que a maior parte discorre entre fincas forestais \u201cfacilitando as\u00ed os futuros traballos de ampliaz\u00f3n\u201d.&nbsp;<\/p>\n\n\n\n<p>Concretamente, en Camos dotarase de senda peonil 4,3 qm que comprenden desde o punto kilom\u00e9trico 2+600 (Torreiro de San Roque) ao 6+900 (n\u00facleo de Prac\u00edns, en Chandebrito). Tr\u00e1tase dun tramo esencial porque \u00e9 a \u00fanica v\u00eda de comunicaci\u00f3n entre ambas parroquias e porque \u00e9 empregado pola veci\u00f1anza dos barrios de A Cruz, San Roque, Rotea ou Pi\u00f1eiros para realizar paseos deportivos, polo que se co\u00f1ece popularmente como unha \u2018ruta do colesterol\u2019. Pola s\u00faa banda, o tramo de Parada comprende 995 metros entre o cruce de A Are\u00ed\u00f1a e o barrio de A Igrexa, tramo tam\u00e9n fundamental na parroquia porque une dous n\u00facleos poboacionais e tam\u00e9n se emprega para paseos deportivos.&nbsp;<\/p>\n\n\n\n<p>\u201cEstamos nun primeiro paso demandando historicamente, o obxectivo posterior \u00e9 ampliar estas sendas peon\u00eds para que en Camos se estenda ata o barrio de A Cruz e en Parada ata a Carrasca e San Pedro da Ramallosa. O pe\u00f3n \u00e9 a nosa prioridade e seguiremos nesta li\u00f1a de crear sendas seguras en todo o municipio\u201d, finaliza o alcalde.&nbsp;<\/p>\n","protected":false},"excerpt":{"rendered":"<div class=\"mh-excerpt\"><p>O ente provincial ven de contratar a redacci\u00f3n de ambos proxectos tras recibir a petici\u00f3n do alcalde e o edil de Mobilidade o 31 de xullo nunha reuni\u00f3n co deputado de Infraestruturas <a class=\"mh-excerpt-more\" href=\"https:\/\/www.anovapeneira.gal\/index.php\/2020\/10\/29\/concello-de-nigran-e-deputacion-construiran-unha-senda-peonil-entre-san-roque-de-camos-e-chandebrito-e-outra-entre-a-areina-e-a-igrexa-de-santiago-de-parada\/\" title=\"Concello de Nigr\u00e1n e Deputaci\u00f3n construir\u00e1n unha senda peonil entre San Roque de Camos e Chandebrito e outra entre a are\u00ed\u00f1a e a igrexa de Santiago de Parada\">[&#8230;]<\/a><\/p>\n<\/div>","protected":false},"author":3,"featured_media":4180,"comment_status":"open","ping_status":"open","sticky":false,"template":"","format":"standard","meta":{"_exactmetrics_skip_tracking":false,"_exactmetrics_sitenote_active":false,"_exactmetrics_sitenote_note":"","_exactmetrics_sitenote_category":0,"footnotes":""},"categories":[20],"tags":[135],"class_list":{"0":"post-4179","1":"post","2":"type-post","3":"status-publish","4":"format-standard","5":"has-post-thumbnail","7":"category-val-minor","8":"tag-concello-de-nigran"},"yoast_head":"<!-- This site is optimized with the Yoast SEO plugin v27.4 - https:\/\/yoast.com\/product\/yoast-seo-wordpress\/ -->\n<title>Concello de Nigr\u00e1n e Deputaci\u00f3n construir\u00e1n unha senda peonil entre San Roque de Camos e Chandebrito e outra entre a are\u00ed\u00f1a e a igrexa de Santiago de Parada -<\/title>\n<meta name=\"robots\" content=\"index, follow, max-snippet:-1, max-image-preview:large, max-video-preview:-1\" \/>\n<link rel=\"canonical\" href=\"https:\/\/www.anovapeneira.gal\/index.php\/2020\/10\/29\/concello-de-nigran-e-deputacion-construiran-unha-senda-peonil-entre-san-roque-de-camos-e-chandebrito-e-outra-entre-a-areina-e-a-igrexa-de-santiago-de-parada\/\" \/>\n<meta property=\"og:locale\" content=\"gl_ES\" \/>\n<meta property=\"og:type\" content=\"article\" \/>\n<meta property=\"og:title\" content=\"Concello de Nigr\u00e1n e Deputaci\u00f3n construir\u00e1n unha senda peonil entre San Roque de Camos e Chandebrito e outra entre a are\u00ed\u00f1a e a igrexa de Santiago de Parada -\" \/>\n<meta property=\"og:description\" content=\"O ente provincial ven de contratar a redacci\u00f3n de ambos proxectos tras recibir a petici\u00f3n do alcalde e o edil de Mobilidade o 31 de xullo nunha reuni\u00f3n co deputado de Infraestruturas [...]\" \/>\n<meta property=\"og:url\" content=\"https:\/\/www.anovapeneira.gal\/index.php\/2020\/10\/29\/concello-de-nigran-e-deputacion-construiran-unha-senda-peonil-entre-san-roque-de-camos-e-chandebrito-e-outra-entre-a-areina-e-a-igrexa-de-santiago-de-parada\/\" \/>\n<meta property=\"article:publisher\" content=\"https:\/\/www.facebook.com\/anovapeneira\" \/>\n<meta property=\"article:published_time\" content=\"2020-10-29T11:00:35+00:00\" \/>\n<meta property=\"og:image\" content=\"https:\/\/www.anovapeneira.gal\/wp-content\/uploads\/2020\/10\/parroquia_parada_nigran_a_nova_peneira.jpg\" \/>\n\t<meta property=\"og:image:width\" content=\"720\" \/>\n\t<meta property=\"og:image:height\" content=\"432\" \/>\n\t<meta property=\"og:image:type\" content=\"image\/jpeg\" \/>\n<meta name=\"author\" content=\"Redacci\u00f3n A Nova Peneira\" \/>\n<meta name=\"twitter:card\" content=\"summary_large_image\" \/>\n<meta name=\"twitter:creator\" content=\"@APeneira\" \/>\n<meta name=\"twitter:site\" content=\"@APeneira\" \/>\n<meta name=\"twitter:label1\" content=\"Escrito por\" \/>\n\t<meta name=\"twitter:data1\" content=\"Redacci\u00f3n A Nova Peneira\" \/>\n\t<meta name=\"twitter:label2\" content=\"Tempo de lectura\" \/>\n\t<meta name=\"twitter:data2\" content=\"2 minutos\" \/>\n<script type=\"application\/ld+json\" class=\"yoast-schema-graph\">{\"@context\":\"https:\\\/\\\/schema.org\",\"@graph\":[{\"@type\":\"Article\",\"@id\":\"https:\\\/\\\/www.anovapeneira.gal\\\/index.php\\\/2020\\\/10\\\/29\\\/concello-de-nigran-e-deputacion-construiran-unha-senda-peonil-entre-san-roque-de-camos-e-chandebrito-e-outra-entre-a-areina-e-a-igrexa-de-santiago-de-parada\\\/#article\",\"isPartOf\":{\"@id\":\"https:\\\/\\\/www.anovapeneira.gal\\\/index.php\\\/2020\\\/10\\\/29\\\/concello-de-nigran-e-deputacion-construiran-unha-senda-peonil-entre-san-roque-de-camos-e-chandebrito-e-outra-entre-a-areina-e-a-igrexa-de-santiago-de-parada\\\/\"},\"author\":{\"name\":\"Redacci\u00f3n A Nova Peneira\",\"@id\":\"https:\\\/\\\/www.anovapeneira.gal\\\/#\\\/schema\\\/person\\\/b93e3f8932e3f8da96334607eb6ac6aa\"},\"headline\":\"Concello de Nigr\u00e1n e Deputaci\u00f3n construir\u00e1n unha senda peonil entre San Roque de Camos e Chandebrito e outra entre a are\u00ed\u00f1a e a igrexa de Santiago de Parada\",\"datePublished\":\"2020-10-29T11:00:35+00:00\",\"mainEntityOfPage\":{\"@id\":\"https:\\\/\\\/www.anovapeneira.gal\\\/index.php\\\/2020\\\/10\\\/29\\\/concello-de-nigran-e-deputacion-construiran-unha-senda-peonil-entre-san-roque-de-camos-e-chandebrito-e-outra-entre-a-areina-e-a-igrexa-de-santiago-de-parada\\\/\"},\"wordCount\":503,\"commentCount\":0,\"publisher\":{\"@id\":\"https:\\\/\\\/www.anovapeneira.gal\\\/#organization\"},\"image\":{\"@id\":\"https:\\\/\\\/www.anovapeneira.gal\\\/index.php\\\/2020\\\/10\\\/29\\\/concello-de-nigran-e-deputacion-construiran-unha-senda-peonil-entre-san-roque-de-camos-e-chandebrito-e-outra-entre-a-areina-e-a-igrexa-de-santiago-de-parada\\\/#primaryimage\"},\"thumbnailUrl\":\"https:\\\/\\\/www.anovapeneira.gal\\\/wp-content\\\/uploads\\\/2020\\\/10\\\/parroquia_parada_nigran_a_nova_peneira.jpg\",\"keywords\":[\"Concello de Nigr\u00e1n\"],\"articleSection\":[\"Val Mi\u00f1or\"],\"inLanguage\":\"gl-ES\",\"potentialAction\":[{\"@type\":\"CommentAction\",\"name\":\"Comment\",\"target\":[\"https:\\\/\\\/www.anovapeneira.gal\\\/index.php\\\/2020\\\/10\\\/29\\\/concello-de-nigran-e-deputacion-construiran-unha-senda-peonil-entre-san-roque-de-camos-e-chandebrito-e-outra-entre-a-areina-e-a-igrexa-de-santiago-de-parada\\\/#respond\"]}]},{\"@type\":\"WebPage\",\"@id\":\"https:\\\/\\\/www.anovapeneira.gal\\\/index.php\\\/2020\\\/10\\\/29\\\/concello-de-nigran-e-deputacion-construiran-unha-senda-peonil-entre-san-roque-de-camos-e-chandebrito-e-outra-entre-a-areina-e-a-igrexa-de-santiago-de-parada\\\/\",\"url\":\"https:\\\/\\\/www.anovapeneira.gal\\\/index.php\\\/2020\\\/10\\\/29\\\/concello-de-nigran-e-deputacion-construiran-unha-senda-peonil-entre-san-roque-de-camos-e-chandebrito-e-outra-entre-a-areina-e-a-igrexa-de-santiago-de-parada\\\/\",\"name\":\"Concello de Nigr\u00e1n e Deputaci\u00f3n construir\u00e1n unha senda peonil entre San Roque de Camos e Chandebrito e outra entre a are\u00ed\u00f1a e a igrexa de Santiago de Parada -\",\"isPartOf\":{\"@id\":\"https:\\\/\\\/www.anovapeneira.gal\\\/#website\"},\"primaryImageOfPage\":{\"@id\":\"https:\\\/\\\/www.anovapeneira.gal\\\/index.php\\\/2020\\\/10\\\/29\\\/concello-de-nigran-e-deputacion-construiran-unha-senda-peonil-entre-san-roque-de-camos-e-chandebrito-e-outra-entre-a-areina-e-a-igrexa-de-santiago-de-parada\\\/#primaryimage\"},\"image\":{\"@id\":\"https:\\\/\\\/www.anovapeneira.gal\\\/index.php\\\/2020\\\/10\\\/29\\\/concello-de-nigran-e-deputacion-construiran-unha-senda-peonil-entre-san-roque-de-camos-e-chandebrito-e-outra-entre-a-areina-e-a-igrexa-de-santiago-de-parada\\\/#primaryimage\"},\"thumbnailUrl\":\"https:\\\/\\\/www.anovapeneira.gal\\\/wp-content\\\/uploads\\\/2020\\\/10\\\/parroquia_parada_nigran_a_nova_peneira.jpg\",\"datePublished\":\"2020-10-29T11:00:35+00:00\",\"breadcrumb\":{\"@id\":\"https:\\\/\\\/www.anovapeneira.gal\\\/index.php\\\/2020\\\/10\\\/29\\\/concello-de-nigran-e-deputacion-construiran-unha-senda-peonil-entre-san-roque-de-camos-e-chandebrito-e-outra-entre-a-areina-e-a-igrexa-de-santiago-de-parada\\\/#breadcrumb\"},\"inLanguage\":\"gl-ES\",\"potentialAction\":[{\"@type\":\"ReadAction\",\"target\":[\"https:\\\/\\\/www.anovapeneira.gal\\\/index.php\\\/2020\\\/10\\\/29\\\/concello-de-nigran-e-deputacion-construiran-unha-senda-peonil-entre-san-roque-de-camos-e-chandebrito-e-outra-entre-a-areina-e-a-igrexa-de-santiago-de-parada\\\/\"]}]},{\"@type\":\"ImageObject\",\"inLanguage\":\"gl-ES\",\"@id\":\"https:\\\/\\\/www.anovapeneira.gal\\\/index.php\\\/2020\\\/10\\\/29\\\/concello-de-nigran-e-deputacion-construiran-unha-senda-peonil-entre-san-roque-de-camos-e-chandebrito-e-outra-entre-a-areina-e-a-igrexa-de-santiago-de-parada\\\/#primaryimage\",\"url\":\"https:\\\/\\\/www.anovapeneira.gal\\\/wp-content\\\/uploads\\\/2020\\\/10\\\/parroquia_parada_nigran_a_nova_peneira.jpg\",\"contentUrl\":\"https:\\\/\\\/www.anovapeneira.gal\\\/wp-content\\\/uploads\\\/2020\\\/10\\\/parroquia_parada_nigran_a_nova_peneira.jpg\",\"width\":720,\"height\":432,\"caption\":\"Concello de Nigr\u00e1n e Deputaci\u00f3n construir\u00e1n unha senda peonil entre San Roque de Camos e Chandebrito e outra entre a are\u00ed\u00f1a e a igrexa de Santiago de Parada\"},{\"@type\":\"BreadcrumbList\",\"@id\":\"https:\\\/\\\/www.anovapeneira.gal\\\/index.php\\\/2020\\\/10\\\/29\\\/concello-de-nigran-e-deputacion-construiran-unha-senda-peonil-entre-san-roque-de-camos-e-chandebrito-e-outra-entre-a-areina-e-a-igrexa-de-santiago-de-parada\\\/#breadcrumb\",\"itemListElement\":[{\"@type\":\"ListItem\",\"position\":1,\"name\":\"Portada\",\"item\":\"https:\\\/\\\/www.anovapeneira.gal\\\/\"},{\"@type\":\"ListItem\",\"position\":2,\"name\":\"Concello de Nigr\u00e1n e Deputaci\u00f3n construir\u00e1n unha senda peonil entre San Roque de Camos e Chandebrito e outra entre a are\u00ed\u00f1a e a igrexa de Santiago de Parada\"}]},{\"@type\":\"WebSite\",\"@id\":\"https:\\\/\\\/www.anovapeneira.gal\\\/#website\",\"url\":\"https:\\\/\\\/www.anovapeneira.gal\\\/\",\"name\":\"\",\"description\":\"Xornal galego de informaci\u00f3n xeral Publicaci\u00f3n mensual de novas de Galicia e en especial dos Concellos da sur da provincia de Pontevedra.\",\"publisher\":{\"@id\":\"https:\\\/\\\/www.anovapeneira.gal\\\/#organization\"},\"potentialAction\":[{\"@type\":\"SearchAction\",\"target\":{\"@type\":\"EntryPoint\",\"urlTemplate\":\"https:\\\/\\\/www.anovapeneira.gal\\\/?s={search_term_string}\"},\"query-input\":{\"@type\":\"PropertyValueSpecification\",\"valueRequired\":true,\"valueName\":\"search_term_string\"}}],\"inLanguage\":\"gl-ES\"},{\"@type\":\"Organization\",\"@id\":\"https:\\\/\\\/www.anovapeneira.gal\\\/#organization\",\"name\":\"A Nova Peneira\",\"url\":\"https:\\\/\\\/www.anovapeneira.gal\\\/\",\"logo\":{\"@type\":\"ImageObject\",\"inLanguage\":\"gl-ES\",\"@id\":\"https:\\\/\\\/www.anovapeneira.gal\\\/#\\\/schema\\\/logo\\\/image\\\/\",\"url\":\"http:\\\/\\\/www.anovapeneira.gal\\\/wp-content\\\/uploads\\\/2019\\\/06\\\/logo_a_nova_peneira_portal_web.png\",\"contentUrl\":\"http:\\\/\\\/www.anovapeneira.gal\\\/wp-content\\\/uploads\\\/2019\\\/06\\\/logo_a_nova_peneira_portal_web.png\",\"width\":300,\"height\":100,\"caption\":\"A Nova Peneira\"},\"image\":{\"@id\":\"https:\\\/\\\/www.anovapeneira.gal\\\/#\\\/schema\\\/logo\\\/image\\\/\"},\"sameAs\":[\"https:\\\/\\\/www.facebook.com\\\/anovapeneira\",\"https:\\\/\\\/x.com\\\/APeneira\"]},{\"@type\":\"Person\",\"@id\":\"https:\\\/\\\/www.anovapeneira.gal\\\/#\\\/schema\\\/person\\\/b93e3f8932e3f8da96334607eb6ac6aa\",\"name\":\"Redacci\u00f3n A Nova Peneira\",\"image\":{\"@type\":\"ImageObject\",\"inLanguage\":\"gl-ES\",\"@id\":\"https:\\\/\\\/secure.gravatar.com\\\/avatar\\\/c052a2551a06e23fac63626232eaa90abd78dbcf1700fc46a2b2c89fd27b735f?s=96&d=mm&r=g\",\"url\":\"https:\\\/\\\/secure.gravatar.com\\\/avatar\\\/c052a2551a06e23fac63626232eaa90abd78dbcf1700fc46a2b2c89fd27b735f?s=96&d=mm&r=g\",\"contentUrl\":\"https:\\\/\\\/secure.gravatar.com\\\/avatar\\\/c052a2551a06e23fac63626232eaa90abd78dbcf1700fc46a2b2c89fd27b735f?s=96&d=mm&r=g\",\"caption\":\"Redacci\u00f3n A Nova Peneira\"},\"sameAs\":[\"http:\\\/\\\/www.anovapeneira.gal\\\/\"],\"url\":\"https:\\\/\\\/www.anovapeneira.gal\\\/index.php\\\/author\\\/redactor\\\/\"}]}<\/script>\n<!-- \/ Yoast SEO plugin. -->","yoast_head_json":{"title":"Concello de Nigr\u00e1n e Deputaci\u00f3n construir\u00e1n unha senda peonil entre San Roque de Camos e Chandebrito e outra entre a are\u00ed\u00f1a e a igrexa de Santiago de Parada -","robots":{"index":"index","follow":"follow","max-snippet":"max-snippet:-1","max-image-preview":"max-image-preview:large","max-video-preview":"max-video-preview:-1"},"canonical":"https:\/\/www.anovapeneira.gal\/index.php\/2020\/10\/29\/concello-de-nigran-e-deputacion-construiran-unha-senda-peonil-entre-san-roque-de-camos-e-chandebrito-e-outra-entre-a-areina-e-a-igrexa-de-santiago-de-parada\/","og_locale":"gl_ES","og_type":"article","og_title":"Concello de Nigr\u00e1n e Deputaci\u00f3n construir\u00e1n unha senda peonil entre San Roque de Camos e Chandebrito e outra entre a are\u00ed\u00f1a e a igrexa de Santiago de Parada -","og_description":"O ente provincial ven de contratar a redacci\u00f3n de ambos proxectos tras recibir a petici\u00f3n do alcalde e o edil de Mobilidade o 31 de xullo nunha reuni\u00f3n co deputado de Infraestruturas [...]","og_url":"https:\/\/www.anovapeneira.gal\/index.php\/2020\/10\/29\/concello-de-nigran-e-deputacion-construiran-unha-senda-peonil-entre-san-roque-de-camos-e-chandebrito-e-outra-entre-a-areina-e-a-igrexa-de-santiago-de-parada\/","article_publisher":"https:\/\/www.facebook.com\/anovapeneira","article_published_time":"2020-10-29T11:00:35+00:00","og_image":[{"width":720,"height":432,"url":"https:\/\/www.anovapeneira.gal\/wp-content\/uploads\/2020\/10\/parroquia_parada_nigran_a_nova_peneira.jpg","type":"image\/jpeg"}],"author":"Redacci\u00f3n A Nova Peneira","twitter_card":"summary_large_image","twitter_creator":"@APeneira","twitter_site":"@APeneira","twitter_misc":{"Escrito por":"Redacci\u00f3n A Nova Peneira","Tempo de lectura":"2 minutos"},"schema":{"@context":"https:\/\/schema.org","@graph":[{"@type":"Article","@id":"https:\/\/www.anovapeneira.gal\/index.php\/2020\/10\/29\/concello-de-nigran-e-deputacion-construiran-unha-senda-peonil-entre-san-roque-de-camos-e-chandebrito-e-outra-entre-a-areina-e-a-igrexa-de-santiago-de-parada\/#article","isPartOf":{"@id":"https:\/\/www.anovapeneira.gal\/index.php\/2020\/10\/29\/concello-de-nigran-e-deputacion-construiran-unha-senda-peonil-entre-san-roque-de-camos-e-chandebrito-e-outra-entre-a-areina-e-a-igrexa-de-santiago-de-parada\/"},"author":{"name":"Redacci\u00f3n A Nova Peneira","@id":"https:\/\/www.anovapeneira.gal\/#\/schema\/person\/b93e3f8932e3f8da96334607eb6ac6aa"},"headline":"Concello de Nigr\u00e1n e Deputaci\u00f3n construir\u00e1n unha senda peonil entre San Roque de Camos e Chandebrito e outra entre a are\u00ed\u00f1a e a igrexa de Santiago de Parada","datePublished":"2020-10-29T11:00:35+00:00","mainEntityOfPage":{"@id":"https:\/\/www.anovapeneira.gal\/index.php\/2020\/10\/29\/concello-de-nigran-e-deputacion-construiran-unha-senda-peonil-entre-san-roque-de-camos-e-chandebrito-e-outra-entre-a-areina-e-a-igrexa-de-santiago-de-parada\/"},"wordCount":503,"commentCount":0,"publisher":{"@id":"https:\/\/www.anovapeneira.gal\/#organization"},"image":{"@id":"https:\/\/www.anovapeneira.gal\/index.php\/2020\/10\/29\/concello-de-nigran-e-deputacion-construiran-unha-senda-peonil-entre-san-roque-de-camos-e-chandebrito-e-outra-entre-a-areina-e-a-igrexa-de-santiago-de-parada\/#primaryimage"},"thumbnailUrl":"https:\/\/www.anovapeneira.gal\/wp-content\/uploads\/2020\/10\/parroquia_parada_nigran_a_nova_peneira.jpg","keywords":["Concello de Nigr\u00e1n"],"articleSection":["Val Mi\u00f1or"],"inLanguage":"gl-ES","potentialAction":[{"@type":"CommentAction","name":"Comment","target":["https:\/\/www.anovapeneira.gal\/index.php\/2020\/10\/29\/concello-de-nigran-e-deputacion-construiran-unha-senda-peonil-entre-san-roque-de-camos-e-chandebrito-e-outra-entre-a-areina-e-a-igrexa-de-santiago-de-parada\/#respond"]}]},{"@type":"WebPage","@id":"https:\/\/www.anovapeneira.gal\/index.php\/2020\/10\/29\/concello-de-nigran-e-deputacion-construiran-unha-senda-peonil-entre-san-roque-de-camos-e-chandebrito-e-outra-entre-a-areina-e-a-igrexa-de-santiago-de-parada\/","url":"https:\/\/www.anovapeneira.gal\/index.php\/2020\/10\/29\/concello-de-nigran-e-deputacion-construiran-unha-senda-peonil-entre-san-roque-de-camos-e-chandebrito-e-outra-entre-a-areina-e-a-igrexa-de-santiago-de-parada\/","name":"Concello de Nigr\u00e1n e Deputaci\u00f3n construir\u00e1n unha senda peonil entre San Roque de Camos e Chandebrito e outra entre a are\u00ed\u00f1a e a igrexa de Santiago de Parada -","isPartOf":{"@id":"https:\/\/www.anovapeneira.gal\/#website"},"primaryImageOfPage":{"@id":"https:\/\/www.anovapeneira.gal\/index.php\/2020\/10\/29\/concello-de-nigran-e-deputacion-construiran-unha-senda-peonil-entre-san-roque-de-camos-e-chandebrito-e-outra-entre-a-areina-e-a-igrexa-de-santiago-de-parada\/#primaryimage"},"image":{"@id":"https:\/\/www.anovapeneira.gal\/index.php\/2020\/10\/29\/concello-de-nigran-e-deputacion-construiran-unha-senda-peonil-entre-san-roque-de-camos-e-chandebrito-e-outra-entre-a-areina-e-a-igrexa-de-santiago-de-parada\/#primaryimage"},"thumbnailUrl":"https:\/\/www.anovapeneira.gal\/wp-content\/uploads\/2020\/10\/parroquia_parada_nigran_a_nova_peneira.jpg","datePublished":"2020-10-29T11:00:35+00:00","breadcrumb":{"@id":"https:\/\/www.anovapeneira.gal\/index.php\/2020\/10\/29\/concello-de-nigran-e-deputacion-construiran-unha-senda-peonil-entre-san-roque-de-camos-e-chandebrito-e-outra-entre-a-areina-e-a-igrexa-de-santiago-de-parada\/#breadcrumb"},"inLanguage":"gl-ES","potentialAction":[{"@type":"ReadAction","target":["https:\/\/www.anovapeneira.gal\/index.php\/2020\/10\/29\/concello-de-nigran-e-deputacion-construiran-unha-senda-peonil-entre-san-roque-de-camos-e-chandebrito-e-outra-entre-a-areina-e-a-igrexa-de-santiago-de-parada\/"]}]},{"@type":"ImageObject","inLanguage":"gl-ES","@id":"https:\/\/www.anovapeneira.gal\/index.php\/2020\/10\/29\/concello-de-nigran-e-deputacion-construiran-unha-senda-peonil-entre-san-roque-de-camos-e-chandebrito-e-outra-entre-a-areina-e-a-igrexa-de-santiago-de-parada\/#primaryimage","url":"https:\/\/www.anovapeneira.gal\/wp-content\/uploads\/2020\/10\/parroquia_parada_nigran_a_nova_peneira.jpg","contentUrl":"https:\/\/www.anovapeneira.gal\/wp-content\/uploads\/2020\/10\/parroquia_parada_nigran_a_nova_peneira.jpg","width":720,"height":432,"caption":"Concello de Nigr\u00e1n e Deputaci\u00f3n construir\u00e1n unha senda peonil entre San Roque de Camos e Chandebrito e outra entre a are\u00ed\u00f1a e a igrexa de Santiago de Parada"},{"@type":"BreadcrumbList","@id":"https:\/\/www.anovapeneira.gal\/index.php\/2020\/10\/29\/concello-de-nigran-e-deputacion-construiran-unha-senda-peonil-entre-san-roque-de-camos-e-chandebrito-e-outra-entre-a-areina-e-a-igrexa-de-santiago-de-parada\/#breadcrumb","itemListElement":[{"@type":"ListItem","position":1,"name":"Portada","item":"https:\/\/www.anovapeneira.gal\/"},{"@type":"ListItem","position":2,"name":"Concello de Nigr\u00e1n e Deputaci\u00f3n construir\u00e1n unha senda peonil entre San Roque de Camos e Chandebrito e outra entre a are\u00ed\u00f1a e a igrexa de Santiago de Parada"}]},{"@type":"WebSite","@id":"https:\/\/www.anovapeneira.gal\/#website","url":"https:\/\/www.anovapeneira.gal\/","name":"","description":"Xornal galego de informaci\u00f3n xeral Publicaci\u00f3n mensual de novas de Galicia e en especial dos Concellos da sur da provincia de Pontevedra.","publisher":{"@id":"https:\/\/www.anovapeneira.gal\/#organization"},"potentialAction":[{"@type":"SearchAction","target":{"@type":"EntryPoint","urlTemplate":"https:\/\/www.anovapeneira.gal\/?s={search_term_string}"},"query-input":{"@type":"PropertyValueSpecification","valueRequired":true,"valueName":"search_term_string"}}],"inLanguage":"gl-ES"},{"@type":"Organization","@id":"https:\/\/www.anovapeneira.gal\/#organization","name":"A Nova Peneira","url":"https:\/\/www.anovapeneira.gal\/","logo":{"@type":"ImageObject","inLanguage":"gl-ES","@id":"https:\/\/www.anovapeneira.gal\/#\/schema\/logo\/image\/","url":"http:\/\/www.anovapeneira.gal\/wp-content\/uploads\/2019\/06\/logo_a_nova_peneira_portal_web.png","contentUrl":"http:\/\/www.anovapeneira.gal\/wp-content\/uploads\/2019\/06\/logo_a_nova_peneira_portal_web.png","width":300,"height":100,"caption":"A Nova Peneira"},"image":{"@id":"https:\/\/www.anovapeneira.gal\/#\/schema\/logo\/image\/"},"sameAs":["https:\/\/www.facebook.com\/anovapeneira","https:\/\/x.com\/APeneira"]},{"@type":"Person","@id":"https:\/\/www.anovapeneira.gal\/#\/schema\/person\/b93e3f8932e3f8da96334607eb6ac6aa","name":"Redacci\u00f3n A Nova Peneira","image":{"@type":"ImageObject","inLanguage":"gl-ES","@id":"https:\/\/secure.gravatar.com\/avatar\/c052a2551a06e23fac63626232eaa90abd78dbcf1700fc46a2b2c89fd27b735f?s=96&d=mm&r=g","url":"https:\/\/secure.gravatar.com\/avatar\/c052a2551a06e23fac63626232eaa90abd78dbcf1700fc46a2b2c89fd27b735f?s=96&d=mm&r=g","contentUrl":"https:\/\/secure.gravatar.com\/avatar\/c052a2551a06e23fac63626232eaa90abd78dbcf1700fc46a2b2c89fd27b735f?s=96&d=mm&r=g","caption":"Redacci\u00f3n A Nova Peneira"},"sameAs":["http:\/\/www.anovapeneira.gal\/"],"url":"https:\/\/www.anovapeneira.gal\/index.php\/author\/redactor\/"}]}},"jetpack_featured_media_url":"https:\/\/www.anovapeneira.gal\/wp-content\/uploads\/2020\/10\/parroquia_parada_nigran_a_nova_peneira.jpg","_links":{"self":[{"href":"https:\/\/www.anovapeneira.gal\/index.php\/wp-json\/wp\/v2\/posts\/4179","targetHints":{"allow":["GET"]}}],"collection":[{"href":"https:\/\/www.anovapeneira.gal\/index.php\/wp-json\/wp\/v2\/posts"}],"about":[{"href":"https:\/\/www.anovapeneira.gal\/index.php\/wp-json\/wp\/v2\/types\/post"}],"author":[{"embeddable":true,"href":"https:\/\/www.anovapeneira.gal\/index.php\/wp-json\/wp\/v2\/users\/3"}],"replies":[{"embeddable":true,"href":"https:\/\/www.anovapeneira.gal\/index.php\/wp-json\/wp\/v2\/comments?post=4179"}],"version-history":[{"count":1,"href":"https:\/\/www.anovapeneira.gal\/index.php\/wp-json\/wp\/v2\/posts\/4179\/revisions"}],"predecessor-version":[{"id":4181,"href":"https:\/\/www.anovapeneira.gal\/index.php\/wp-json\/wp\/v2\/posts\/4179\/revisions\/4181"}],"wp:featuredmedia":[{"embeddable":true,"href":"https:\/\/www.anovapeneira.gal\/index.php\/wp-json\/wp\/v2\/media\/4180"}],"wp:attachment":[{"href":"https:\/\/www.anovapeneira.gal\/index.php\/wp-json\/wp\/v2\/media?parent=4179"}],"wp:term":[{"taxonomy":"category","embeddable":true,"href":"https:\/\/www.anovapeneira.gal\/index.php\/wp-json\/wp\/v2\/categories?post=4179"},{"taxonomy":"post_tag","embeddable":true,"href":"https:\/\/www.anovapeneira.gal\/index.php\/wp-json\/wp\/v2\/tags?post=4179"}],"curies":[{"name":"wp","href":"https:\/\/api.w.org\/{rel}","templated":true}]}}