{"id":4182,"date":"2020-10-30T10:00:27","date_gmt":"2020-10-30T09:00:27","guid":{"rendered":"http:\/\/www.anovapeneira.gal\/?p=4182"},"modified":"2020-10-28T18:00:53","modified_gmt":"2020-10-28T17:00:53","slug":"o-lindano-chega-ao-parlamento-europeo-da-man-de-ecoloxistas-en-accion-e-plataformas-afectadas","status":"publish","type":"post","link":"https:\/\/www.anovapeneira.gal\/index.php\/2020\/10\/30\/o-lindano-chega-ao-parlamento-europeo-da-man-de-ecoloxistas-en-accion-e-plataformas-afectadas\/","title":{"rendered":"O lindano chega ao Parlamento Europeo da man de Ecoloxistas en Acci\u00f3n e plataformas afectadas"},"content":{"rendered":"\n<ul class=\"wp-block-list\"><li><strong>A organizaci\u00f3n ecoloxista e plataformas afectadas de Arag\u00f3n, Euskadi e Galicia comparecer\u00e1n na Comisi\u00f3n de Petici\u00f3ns.&nbsp;<\/strong><\/li><li><strong>O debate coa Comisi\u00f3n Europea ser\u00e1 virtual e, posteriormente, as persoas participantes ofrecer\u00e1n unha rolda de prensa por videoconferencia.<\/strong><\/li><\/ul>\n\n\n\n<p><br>O hexaclorociclohexano ( HCH), co\u00f1ecido comercialmente como &#8216; lindano&#8217;, \u00e9 unha substancia utilizada como pesticida agr\u00edcola e sanitario e prohibida pola UE desde 2008 pola s\u00faa toxicidade. A Axencia Internacional de Investigaci\u00f3n do Cancro ( IARC) consid\u00e9raa cancer\u00edxena en seres humanos. \u00c9, ademais, un t\u00f3xico persistente, moi vol\u00e1til e bioacumulativo. A\u00ednda que xa non se fabrica no Estado espa\u00f1ol, segue presente no medio ambiente, particularmente en chans e r\u00edos, como consecuencia do seu uso hist\u00f3rico como pesticida e do mantemento de chans contaminados polas verteduras incontroladas dos residuos da s\u00faa fabricaci\u00f3n.&nbsp;<br><br>Destacan situaci\u00f3ns como a de Galiza (O Porri\u00f1o), Arag\u00f3n ( Sabi\u00f1\u00e1nigo) e Pa\u00eds Vasco (conca do baixo Nervi\u00f3n- Ibaizabal e Gardelegi en Vitoria). Tras presentar o informe &#8216; Lindano, presente dun legado t\u00f3xico&#8217;, Ecoloxistas en Acci\u00f3n, xunto a varios colectivos locais afectados de Arag\u00f3n, Euskadi e Galicia, volve ao Parlamento Europeo para reclamar soluci\u00f3ns a este problema ambiental e de sa\u00fade p\u00fablica.&nbsp;<br><br>A comparecencia na Comisi\u00f3n de Petici\u00f3ns est\u00e1 programada para as 10:00 do 28 de outubro, m\u00e9rcores (a hora confirmarase o martes 27 de outubro). Unha vez termine, sobre as 11:30 horas (hora que depender\u00e1 da duraci\u00f3n da comparecencia), poderase acceder \u00e1 videoconferencia a trav\u00e9s desta direcci\u00f3n:&nbsp;<br><\/p>\n\n\n\n<ul class=\"wp-block-list\"><li><strong>Que?<\/strong>&nbsp;Intervenci\u00f3n de Ecoloxistas en Acci\u00f3n e plataformas afectadas polo lindano no Parlamento Europeo.&nbsp;<\/li><li><strong>Cando?<\/strong>&nbsp;M\u00e9rcores 28 de outubro \u00e1s 10:00 horas.&nbsp;<\/li><li><strong>Onde?<\/strong><a href=\"https:\/\/www.ecologistasenaccion.org\/prensa\" target=\"_blank\" rel=\"noreferrer noopener\">&nbsp;https:\/\/www.ecologistasenaccion.org\/prensa<\/a><\/li><\/ul>\n\n\n\n<p>Posteriormente:&nbsp;<br><strong>Que?<\/strong>&nbsp;Rolda de prensa por videoconferencia dos peticionarios: Pedro Ou Campo (O Porri\u00f1o), Adolfo Barrena ( Sabi\u00f1anigo) e Carlos Alonso ( Ekologistak Martxan e Ecoloxistas en Acci\u00f3n).&nbsp;<br><strong>Cando?<\/strong>&nbsp;M\u00e9rcores, 28 de outubro.&nbsp;<br><strong>Onde?<\/strong>&nbsp;Ao redor das 11:30 horas aqu\u00ed. M\u00e1is informaci\u00f3n:<\/p>\n","protected":false},"excerpt":{"rendered":"<div class=\"mh-excerpt\"><p>O hexaclorociclohexano ( HCH), co\u00f1ecido comercialmente como &#8216; lindano&#8217;, \u00e9 unha substancia utilizada como pesticida agr\u00edcola e sanitario e prohibida pola UE desde 2008 pola s\u00faa toxicidade <a class=\"mh-excerpt-more\" href=\"https:\/\/www.anovapeneira.gal\/index.php\/2020\/10\/30\/o-lindano-chega-ao-parlamento-europeo-da-man-de-ecoloxistas-en-accion-e-plataformas-afectadas\/\" title=\"O lindano chega ao Parlamento Europeo da man de Ecoloxistas en Acci\u00f3n e plataformas afectadas\">[&#8230;]<\/a><\/p>\n<\/div>","protected":false},"author":3,"featured_media":2572,"comment_status":"open","ping_status":"open","sticky":false,"template":"","format":"standard","meta":{"_exactmetrics_skip_tracking":false,"_exactmetrics_sitenote_active":false,"_exactmetrics_sitenote_note":"","_exactmetrics_sitenote_category":0,"footnotes":""},"categories":[264],"tags":[924],"class_list":{"0":"post-4182","1":"post","2":"type-post","3":"status-publish","4":"format-standard","5":"has-post-thumbnail","7":"category-entrevistas-galicia","8":"tag-ecoloxistas-en-accion"},"yoast_head":"<!-- This site is optimized with the Yoast SEO plugin v27.4 - https:\/\/yoast.com\/product\/yoast-seo-wordpress\/ -->\n<title>O lindano chega ao Parlamento Europeo da man de Ecoloxistas en Acci\u00f3n e plataformas afectadas -<\/title>\n<meta name=\"description\" content=\"O hexaclorociclohexano ( HCH), co\u00f1ecido comercialmente como &#039; lindano&#039;, \u00e9 unha substancia utilizada como pesticida agr\u00edcola e sanitario e prohibida pola UE desde 2008 pola s\u00faa toxicidade\" \/>\n<meta name=\"robots\" content=\"index, follow, max-snippet:-1, max-image-preview:large, max-video-preview:-1\" \/>\n<link rel=\"canonical\" href=\"https:\/\/www.anovapeneira.gal\/index.php\/2020\/10\/30\/o-lindano-chega-ao-parlamento-europeo-da-man-de-ecoloxistas-en-accion-e-plataformas-afectadas\/\" \/>\n<meta property=\"og:locale\" content=\"gl_ES\" \/>\n<meta property=\"og:type\" content=\"article\" \/>\n<meta property=\"og:title\" content=\"O lindano chega ao Parlamento Europeo da man de Ecoloxistas en Acci\u00f3n e plataformas afectadas -\" \/>\n<meta property=\"og:description\" content=\"O hexaclorociclohexano ( HCH), co\u00f1ecido comercialmente como &#039; lindano&#039;, \u00e9 unha substancia utilizada como pesticida agr\u00edcola e sanitario e prohibida pola UE desde 2008 pola s\u00faa toxicidade\" \/>\n<meta property=\"og:url\" content=\"https:\/\/www.anovapeneira.gal\/index.php\/2020\/10\/30\/o-lindano-chega-ao-parlamento-europeo-da-man-de-ecoloxistas-en-accion-e-plataformas-afectadas\/\" \/>\n<meta property=\"article:publisher\" content=\"https:\/\/www.facebook.com\/anovapeneira\" \/>\n<meta property=\"article:published_time\" content=\"2020-10-30T09:00:27+00:00\" \/>\n<meta property=\"og:image\" content=\"https:\/\/www.anovapeneira.gal\/wp-content\/uploads\/2020\/02\/ecoloxitas_en_accion.png\" \/>\n\t<meta property=\"og:image:width\" content=\"720\" \/>\n\t<meta property=\"og:image:height\" content=\"432\" \/>\n\t<meta property=\"og:image:type\" content=\"image\/png\" \/>\n<meta name=\"author\" content=\"Redacci\u00f3n A Nova Peneira\" \/>\n<meta name=\"twitter:card\" content=\"summary_large_image\" \/>\n<meta name=\"twitter:creator\" content=\"@APeneira\" \/>\n<meta name=\"twitter:site\" content=\"@APeneira\" \/>\n<meta name=\"twitter:label1\" content=\"Escrito por\" \/>\n\t<meta name=\"twitter:data1\" content=\"Redacci\u00f3n A Nova Peneira\" \/>\n\t<meta name=\"twitter:label2\" content=\"Tempo de lectura\" \/>\n\t<meta name=\"twitter:data2\" content=\"2 minutos\" \/>\n<script type=\"application\/ld+json\" class=\"yoast-schema-graph\">{\"@context\":\"https:\\\/\\\/schema.org\",\"@graph\":[{\"@type\":\"Article\",\"@id\":\"https:\\\/\\\/www.anovapeneira.gal\\\/index.php\\\/2020\\\/10\\\/30\\\/o-lindano-chega-ao-parlamento-europeo-da-man-de-ecoloxistas-en-accion-e-plataformas-afectadas\\\/#article\",\"isPartOf\":{\"@id\":\"https:\\\/\\\/www.anovapeneira.gal\\\/index.php\\\/2020\\\/10\\\/30\\\/o-lindano-chega-ao-parlamento-europeo-da-man-de-ecoloxistas-en-accion-e-plataformas-afectadas\\\/\"},\"author\":{\"name\":\"Redacci\u00f3n A Nova Peneira\",\"@id\":\"https:\\\/\\\/www.anovapeneira.gal\\\/#\\\/schema\\\/person\\\/b93e3f8932e3f8da96334607eb6ac6aa\"},\"headline\":\"O lindano chega ao Parlamento Europeo da man de Ecoloxistas en Acci\u00f3n e plataformas afectadas\",\"datePublished\":\"2020-10-30T09:00:27+00:00\",\"mainEntityOfPage\":{\"@id\":\"https:\\\/\\\/www.anovapeneira.gal\\\/index.php\\\/2020\\\/10\\\/30\\\/o-lindano-chega-ao-parlamento-europeo-da-man-de-ecoloxistas-en-accion-e-plataformas-afectadas\\\/\"},\"wordCount\":364,\"commentCount\":0,\"publisher\":{\"@id\":\"https:\\\/\\\/www.anovapeneira.gal\\\/#organization\"},\"image\":{\"@id\":\"https:\\\/\\\/www.anovapeneira.gal\\\/index.php\\\/2020\\\/10\\\/30\\\/o-lindano-chega-ao-parlamento-europeo-da-man-de-ecoloxistas-en-accion-e-plataformas-afectadas\\\/#primaryimage\"},\"thumbnailUrl\":\"https:\\\/\\\/www.anovapeneira.gal\\\/wp-content\\\/uploads\\\/2020\\\/02\\\/ecoloxitas_en_accion.png\",\"keywords\":[\"Ecoloxistas en Acci\u00f3n\"],\"articleSection\":[\"Entrevistas\"],\"inLanguage\":\"gl-ES\",\"potentialAction\":[{\"@type\":\"CommentAction\",\"name\":\"Comment\",\"target\":[\"https:\\\/\\\/www.anovapeneira.gal\\\/index.php\\\/2020\\\/10\\\/30\\\/o-lindano-chega-ao-parlamento-europeo-da-man-de-ecoloxistas-en-accion-e-plataformas-afectadas\\\/#respond\"]}]},{\"@type\":\"WebPage\",\"@id\":\"https:\\\/\\\/www.anovapeneira.gal\\\/index.php\\\/2020\\\/10\\\/30\\\/o-lindano-chega-ao-parlamento-europeo-da-man-de-ecoloxistas-en-accion-e-plataformas-afectadas\\\/\",\"url\":\"https:\\\/\\\/www.anovapeneira.gal\\\/index.php\\\/2020\\\/10\\\/30\\\/o-lindano-chega-ao-parlamento-europeo-da-man-de-ecoloxistas-en-accion-e-plataformas-afectadas\\\/\",\"name\":\"O lindano chega ao Parlamento Europeo da man de Ecoloxistas en Acci\u00f3n e plataformas afectadas -\",\"isPartOf\":{\"@id\":\"https:\\\/\\\/www.anovapeneira.gal\\\/#website\"},\"primaryImageOfPage\":{\"@id\":\"https:\\\/\\\/www.anovapeneira.gal\\\/index.php\\\/2020\\\/10\\\/30\\\/o-lindano-chega-ao-parlamento-europeo-da-man-de-ecoloxistas-en-accion-e-plataformas-afectadas\\\/#primaryimage\"},\"image\":{\"@id\":\"https:\\\/\\\/www.anovapeneira.gal\\\/index.php\\\/2020\\\/10\\\/30\\\/o-lindano-chega-ao-parlamento-europeo-da-man-de-ecoloxistas-en-accion-e-plataformas-afectadas\\\/#primaryimage\"},\"thumbnailUrl\":\"https:\\\/\\\/www.anovapeneira.gal\\\/wp-content\\\/uploads\\\/2020\\\/02\\\/ecoloxitas_en_accion.png\",\"datePublished\":\"2020-10-30T09:00:27+00:00\",\"description\":\"O hexaclorociclohexano ( HCH), co\u00f1ecido comercialmente como ' lindano', \u00e9 unha substancia utilizada como pesticida agr\u00edcola e sanitario e prohibida pola UE desde 2008 pola s\u00faa toxicidade\",\"breadcrumb\":{\"@id\":\"https:\\\/\\\/www.anovapeneira.gal\\\/index.php\\\/2020\\\/10\\\/30\\\/o-lindano-chega-ao-parlamento-europeo-da-man-de-ecoloxistas-en-accion-e-plataformas-afectadas\\\/#breadcrumb\"},\"inLanguage\":\"gl-ES\",\"potentialAction\":[{\"@type\":\"ReadAction\",\"target\":[\"https:\\\/\\\/www.anovapeneira.gal\\\/index.php\\\/2020\\\/10\\\/30\\\/o-lindano-chega-ao-parlamento-europeo-da-man-de-ecoloxistas-en-accion-e-plataformas-afectadas\\\/\"]}]},{\"@type\":\"ImageObject\",\"inLanguage\":\"gl-ES\",\"@id\":\"https:\\\/\\\/www.anovapeneira.gal\\\/index.php\\\/2020\\\/10\\\/30\\\/o-lindano-chega-ao-parlamento-europeo-da-man-de-ecoloxistas-en-accion-e-plataformas-afectadas\\\/#primaryimage\",\"url\":\"https:\\\/\\\/www.anovapeneira.gal\\\/wp-content\\\/uploads\\\/2020\\\/02\\\/ecoloxitas_en_accion.png\",\"contentUrl\":\"https:\\\/\\\/www.anovapeneira.gal\\\/wp-content\\\/uploads\\\/2020\\\/02\\\/ecoloxitas_en_accion.png\",\"width\":720,\"height\":432,\"caption\":\"Ecoloxistas en acci\u00f3n Galiza\"},{\"@type\":\"BreadcrumbList\",\"@id\":\"https:\\\/\\\/www.anovapeneira.gal\\\/index.php\\\/2020\\\/10\\\/30\\\/o-lindano-chega-ao-parlamento-europeo-da-man-de-ecoloxistas-en-accion-e-plataformas-afectadas\\\/#breadcrumb\",\"itemListElement\":[{\"@type\":\"ListItem\",\"position\":1,\"name\":\"Portada\",\"item\":\"https:\\\/\\\/www.anovapeneira.gal\\\/\"},{\"@type\":\"ListItem\",\"position\":2,\"name\":\"O lindano chega ao Parlamento Europeo da man de Ecoloxistas en Acci\u00f3n e plataformas afectadas\"}]},{\"@type\":\"WebSite\",\"@id\":\"https:\\\/\\\/www.anovapeneira.gal\\\/#website\",\"url\":\"https:\\\/\\\/www.anovapeneira.gal\\\/\",\"name\":\"\",\"description\":\"Xornal galego de informaci\u00f3n xeral Publicaci\u00f3n mensual de novas de Galicia e en especial dos Concellos da sur da provincia de Pontevedra.\",\"publisher\":{\"@id\":\"https:\\\/\\\/www.anovapeneira.gal\\\/#organization\"},\"potentialAction\":[{\"@type\":\"SearchAction\",\"target\":{\"@type\":\"EntryPoint\",\"urlTemplate\":\"https:\\\/\\\/www.anovapeneira.gal\\\/?s={search_term_string}\"},\"query-input\":{\"@type\":\"PropertyValueSpecification\",\"valueRequired\":true,\"valueName\":\"search_term_string\"}}],\"inLanguage\":\"gl-ES\"},{\"@type\":\"Organization\",\"@id\":\"https:\\\/\\\/www.anovapeneira.gal\\\/#organization\",\"name\":\"A Nova Peneira\",\"url\":\"https:\\\/\\\/www.anovapeneira.gal\\\/\",\"logo\":{\"@type\":\"ImageObject\",\"inLanguage\":\"gl-ES\",\"@id\":\"https:\\\/\\\/www.anovapeneira.gal\\\/#\\\/schema\\\/logo\\\/image\\\/\",\"url\":\"http:\\\/\\\/www.anovapeneira.gal\\\/wp-content\\\/uploads\\\/2019\\\/06\\\/logo_a_nova_peneira_portal_web.png\",\"contentUrl\":\"http:\\\/\\\/www.anovapeneira.gal\\\/wp-content\\\/uploads\\\/2019\\\/06\\\/logo_a_nova_peneira_portal_web.png\",\"width\":300,\"height\":100,\"caption\":\"A Nova Peneira\"},\"image\":{\"@id\":\"https:\\\/\\\/www.anovapeneira.gal\\\/#\\\/schema\\\/logo\\\/image\\\/\"},\"sameAs\":[\"https:\\\/\\\/www.facebook.com\\\/anovapeneira\",\"https:\\\/\\\/x.com\\\/APeneira\"]},{\"@type\":\"Person\",\"@id\":\"https:\\\/\\\/www.anovapeneira.gal\\\/#\\\/schema\\\/person\\\/b93e3f8932e3f8da96334607eb6ac6aa\",\"name\":\"Redacci\u00f3n A Nova Peneira\",\"image\":{\"@type\":\"ImageObject\",\"inLanguage\":\"gl-ES\",\"@id\":\"https:\\\/\\\/secure.gravatar.com\\\/avatar\\\/c052a2551a06e23fac63626232eaa90abd78dbcf1700fc46a2b2c89fd27b735f?s=96&d=mm&r=g\",\"url\":\"https:\\\/\\\/secure.gravatar.com\\\/avatar\\\/c052a2551a06e23fac63626232eaa90abd78dbcf1700fc46a2b2c89fd27b735f?s=96&d=mm&r=g\",\"contentUrl\":\"https:\\\/\\\/secure.gravatar.com\\\/avatar\\\/c052a2551a06e23fac63626232eaa90abd78dbcf1700fc46a2b2c89fd27b735f?s=96&d=mm&r=g\",\"caption\":\"Redacci\u00f3n A Nova Peneira\"},\"sameAs\":[\"http:\\\/\\\/www.anovapeneira.gal\\\/\"],\"url\":\"https:\\\/\\\/www.anovapeneira.gal\\\/index.php\\\/author\\\/redactor\\\/\"}]}<\/script>\n<!-- \/ Yoast SEO plugin. -->","yoast_head_json":{"title":"O lindano chega ao Parlamento Europeo da man de Ecoloxistas en Acci\u00f3n e plataformas afectadas -","description":"O hexaclorociclohexano ( HCH), co\u00f1ecido comercialmente como ' lindano', \u00e9 unha substancia utilizada como pesticida agr\u00edcola e sanitario e prohibida pola UE desde 2008 pola s\u00faa toxicidade","robots":{"index":"index","follow":"follow","max-snippet":"max-snippet:-1","max-image-preview":"max-image-preview:large","max-video-preview":"max-video-preview:-1"},"canonical":"https:\/\/www.anovapeneira.gal\/index.php\/2020\/10\/30\/o-lindano-chega-ao-parlamento-europeo-da-man-de-ecoloxistas-en-accion-e-plataformas-afectadas\/","og_locale":"gl_ES","og_type":"article","og_title":"O lindano chega ao Parlamento Europeo da man de Ecoloxistas en Acci\u00f3n e plataformas afectadas -","og_description":"O hexaclorociclohexano ( HCH), co\u00f1ecido comercialmente como ' lindano', \u00e9 unha substancia utilizada como pesticida agr\u00edcola e sanitario e prohibida pola UE desde 2008 pola s\u00faa toxicidade","og_url":"https:\/\/www.anovapeneira.gal\/index.php\/2020\/10\/30\/o-lindano-chega-ao-parlamento-europeo-da-man-de-ecoloxistas-en-accion-e-plataformas-afectadas\/","article_publisher":"https:\/\/www.facebook.com\/anovapeneira","article_published_time":"2020-10-30T09:00:27+00:00","og_image":[{"width":720,"height":432,"url":"https:\/\/www.anovapeneira.gal\/wp-content\/uploads\/2020\/02\/ecoloxitas_en_accion.png","type":"image\/png"}],"author":"Redacci\u00f3n A Nova Peneira","twitter_card":"summary_large_image","twitter_creator":"@APeneira","twitter_site":"@APeneira","twitter_misc":{"Escrito por":"Redacci\u00f3n A Nova Peneira","Tempo de lectura":"2 minutos"},"schema":{"@context":"https:\/\/schema.org","@graph":[{"@type":"Article","@id":"https:\/\/www.anovapeneira.gal\/index.php\/2020\/10\/30\/o-lindano-chega-ao-parlamento-europeo-da-man-de-ecoloxistas-en-accion-e-plataformas-afectadas\/#article","isPartOf":{"@id":"https:\/\/www.anovapeneira.gal\/index.php\/2020\/10\/30\/o-lindano-chega-ao-parlamento-europeo-da-man-de-ecoloxistas-en-accion-e-plataformas-afectadas\/"},"author":{"name":"Redacci\u00f3n A Nova Peneira","@id":"https:\/\/www.anovapeneira.gal\/#\/schema\/person\/b93e3f8932e3f8da96334607eb6ac6aa"},"headline":"O lindano chega ao Parlamento Europeo da man de Ecoloxistas en Acci\u00f3n e plataformas afectadas","datePublished":"2020-10-30T09:00:27+00:00","mainEntityOfPage":{"@id":"https:\/\/www.anovapeneira.gal\/index.php\/2020\/10\/30\/o-lindano-chega-ao-parlamento-europeo-da-man-de-ecoloxistas-en-accion-e-plataformas-afectadas\/"},"wordCount":364,"commentCount":0,"publisher":{"@id":"https:\/\/www.anovapeneira.gal\/#organization"},"image":{"@id":"https:\/\/www.anovapeneira.gal\/index.php\/2020\/10\/30\/o-lindano-chega-ao-parlamento-europeo-da-man-de-ecoloxistas-en-accion-e-plataformas-afectadas\/#primaryimage"},"thumbnailUrl":"https:\/\/www.anovapeneira.gal\/wp-content\/uploads\/2020\/02\/ecoloxitas_en_accion.png","keywords":["Ecoloxistas en Acci\u00f3n"],"articleSection":["Entrevistas"],"inLanguage":"gl-ES","potentialAction":[{"@type":"CommentAction","name":"Comment","target":["https:\/\/www.anovapeneira.gal\/index.php\/2020\/10\/30\/o-lindano-chega-ao-parlamento-europeo-da-man-de-ecoloxistas-en-accion-e-plataformas-afectadas\/#respond"]}]},{"@type":"WebPage","@id":"https:\/\/www.anovapeneira.gal\/index.php\/2020\/10\/30\/o-lindano-chega-ao-parlamento-europeo-da-man-de-ecoloxistas-en-accion-e-plataformas-afectadas\/","url":"https:\/\/www.anovapeneira.gal\/index.php\/2020\/10\/30\/o-lindano-chega-ao-parlamento-europeo-da-man-de-ecoloxistas-en-accion-e-plataformas-afectadas\/","name":"O lindano chega ao Parlamento Europeo da man de Ecoloxistas en Acci\u00f3n e plataformas afectadas -","isPartOf":{"@id":"https:\/\/www.anovapeneira.gal\/#website"},"primaryImageOfPage":{"@id":"https:\/\/www.anovapeneira.gal\/index.php\/2020\/10\/30\/o-lindano-chega-ao-parlamento-europeo-da-man-de-ecoloxistas-en-accion-e-plataformas-afectadas\/#primaryimage"},"image":{"@id":"https:\/\/www.anovapeneira.gal\/index.php\/2020\/10\/30\/o-lindano-chega-ao-parlamento-europeo-da-man-de-ecoloxistas-en-accion-e-plataformas-afectadas\/#primaryimage"},"thumbnailUrl":"https:\/\/www.anovapeneira.gal\/wp-content\/uploads\/2020\/02\/ecoloxitas_en_accion.png","datePublished":"2020-10-30T09:00:27+00:00","description":"O hexaclorociclohexano ( HCH), co\u00f1ecido comercialmente como ' lindano', \u00e9 unha substancia utilizada como pesticida agr\u00edcola e sanitario e prohibida pola UE desde 2008 pola s\u00faa toxicidade","breadcrumb":{"@id":"https:\/\/www.anovapeneira.gal\/index.php\/2020\/10\/30\/o-lindano-chega-ao-parlamento-europeo-da-man-de-ecoloxistas-en-accion-e-plataformas-afectadas\/#breadcrumb"},"inLanguage":"gl-ES","potentialAction":[{"@type":"ReadAction","target":["https:\/\/www.anovapeneira.gal\/index.php\/2020\/10\/30\/o-lindano-chega-ao-parlamento-europeo-da-man-de-ecoloxistas-en-accion-e-plataformas-afectadas\/"]}]},{"@type":"ImageObject","inLanguage":"gl-ES","@id":"https:\/\/www.anovapeneira.gal\/index.php\/2020\/10\/30\/o-lindano-chega-ao-parlamento-europeo-da-man-de-ecoloxistas-en-accion-e-plataformas-afectadas\/#primaryimage","url":"https:\/\/www.anovapeneira.gal\/wp-content\/uploads\/2020\/02\/ecoloxitas_en_accion.png","contentUrl":"https:\/\/www.anovapeneira.gal\/wp-content\/uploads\/2020\/02\/ecoloxitas_en_accion.png","width":720,"height":432,"caption":"Ecoloxistas en acci\u00f3n Galiza"},{"@type":"BreadcrumbList","@id":"https:\/\/www.anovapeneira.gal\/index.php\/2020\/10\/30\/o-lindano-chega-ao-parlamento-europeo-da-man-de-ecoloxistas-en-accion-e-plataformas-afectadas\/#breadcrumb","itemListElement":[{"@type":"ListItem","position":1,"name":"Portada","item":"https:\/\/www.anovapeneira.gal\/"},{"@type":"ListItem","position":2,"name":"O lindano chega ao Parlamento Europeo da man de Ecoloxistas en Acci\u00f3n e plataformas afectadas"}]},{"@type":"WebSite","@id":"https:\/\/www.anovapeneira.gal\/#website","url":"https:\/\/www.anovapeneira.gal\/","name":"","description":"Xornal galego de informaci\u00f3n xeral Publicaci\u00f3n mensual de novas de Galicia e en especial dos Concellos da sur da provincia de Pontevedra.","publisher":{"@id":"https:\/\/www.anovapeneira.gal\/#organization"},"potentialAction":[{"@type":"SearchAction","target":{"@type":"EntryPoint","urlTemplate":"https:\/\/www.anovapeneira.gal\/?s={search_term_string}"},"query-input":{"@type":"PropertyValueSpecification","valueRequired":true,"valueName":"search_term_string"}}],"inLanguage":"gl-ES"},{"@type":"Organization","@id":"https:\/\/www.anovapeneira.gal\/#organization","name":"A Nova Peneira","url":"https:\/\/www.anovapeneira.gal\/","logo":{"@type":"ImageObject","inLanguage":"gl-ES","@id":"https:\/\/www.anovapeneira.gal\/#\/schema\/logo\/image\/","url":"http:\/\/www.anovapeneira.gal\/wp-content\/uploads\/2019\/06\/logo_a_nova_peneira_portal_web.png","contentUrl":"http:\/\/www.anovapeneira.gal\/wp-content\/uploads\/2019\/06\/logo_a_nova_peneira_portal_web.png","width":300,"height":100,"caption":"A Nova Peneira"},"image":{"@id":"https:\/\/www.anovapeneira.gal\/#\/schema\/logo\/image\/"},"sameAs":["https:\/\/www.facebook.com\/anovapeneira","https:\/\/x.com\/APeneira"]},{"@type":"Person","@id":"https:\/\/www.anovapeneira.gal\/#\/schema\/person\/b93e3f8932e3f8da96334607eb6ac6aa","name":"Redacci\u00f3n A Nova Peneira","image":{"@type":"ImageObject","inLanguage":"gl-ES","@id":"https:\/\/secure.gravatar.com\/avatar\/c052a2551a06e23fac63626232eaa90abd78dbcf1700fc46a2b2c89fd27b735f?s=96&d=mm&r=g","url":"https:\/\/secure.gravatar.com\/avatar\/c052a2551a06e23fac63626232eaa90abd78dbcf1700fc46a2b2c89fd27b735f?s=96&d=mm&r=g","contentUrl":"https:\/\/secure.gravatar.com\/avatar\/c052a2551a06e23fac63626232eaa90abd78dbcf1700fc46a2b2c89fd27b735f?s=96&d=mm&r=g","caption":"Redacci\u00f3n A Nova Peneira"},"sameAs":["http:\/\/www.anovapeneira.gal\/"],"url":"https:\/\/www.anovapeneira.gal\/index.php\/author\/redactor\/"}]}},"jetpack_featured_media_url":"https:\/\/www.anovapeneira.gal\/wp-content\/uploads\/2020\/02\/ecoloxitas_en_accion.png","_links":{"self":[{"href":"https:\/\/www.anovapeneira.gal\/index.php\/wp-json\/wp\/v2\/posts\/4182","targetHints":{"allow":["GET"]}}],"collection":[{"href":"https:\/\/www.anovapeneira.gal\/index.php\/wp-json\/wp\/v2\/posts"}],"about":[{"href":"https:\/\/www.anovapeneira.gal\/index.php\/wp-json\/wp\/v2\/types\/post"}],"author":[{"embeddable":true,"href":"https:\/\/www.anovapeneira.gal\/index.php\/wp-json\/wp\/v2\/users\/3"}],"replies":[{"embeddable":true,"href":"https:\/\/www.anovapeneira.gal\/index.php\/wp-json\/wp\/v2\/comments?post=4182"}],"version-history":[{"count":1,"href":"https:\/\/www.anovapeneira.gal\/index.php\/wp-json\/wp\/v2\/posts\/4182\/revisions"}],"predecessor-version":[{"id":4183,"href":"https:\/\/www.anovapeneira.gal\/index.php\/wp-json\/wp\/v2\/posts\/4182\/revisions\/4183"}],"wp:featuredmedia":[{"embeddable":true,"href":"https:\/\/www.anovapeneira.gal\/index.php\/wp-json\/wp\/v2\/media\/2572"}],"wp:attachment":[{"href":"https:\/\/www.anovapeneira.gal\/index.php\/wp-json\/wp\/v2\/media?parent=4182"}],"wp:term":[{"taxonomy":"category","embeddable":true,"href":"https:\/\/www.anovapeneira.gal\/index.php\/wp-json\/wp\/v2\/categories?post=4182"},{"taxonomy":"post_tag","embeddable":true,"href":"https:\/\/www.anovapeneira.gal\/index.php\/wp-json\/wp\/v2\/tags?post=4182"}],"curies":[{"name":"wp","href":"https:\/\/api.w.org\/{rel}","templated":true}]}}