{"id":4193,"date":"2020-11-02T10:00:13","date_gmt":"2020-11-02T09:00:13","guid":{"rendered":"http:\/\/www.anovapeneira.gal\/?p=4193"},"modified":"2020-11-01T19:46:52","modified_gmt":"2020-11-01T18:46:52","slug":"o-bng-a-favor-de-tomar-medidas-contundentes-para-frear-a-segunda-onda-da-covid-e-esixe-a-xunta-que-actue-con-decision","status":"publish","type":"post","link":"https:\/\/www.anovapeneira.gal\/index.php\/2020\/11\/02\/o-bng-a-favor-de-tomar-medidas-contundentes-para-frear-a-segunda-onda-da-covid-e-esixe-a-xunta-que-actue-con-decision\/","title":{"rendered":"O BNG a favor de tomar medidas contundentes para frear a segunda onda da COVID e esixe \u00e1 Xunta que act\u00fae con decisi\u00f3n"},"content":{"rendered":"\n<h2 class=\"wp-block-heading\">\u201c<strong>A rapidez e contundencia salvan vidas e empregos, o que non vale \u00e9 a v\u00eda Ayuso\u201d, reclama Pont\u00f3n, tras subli\u00f1ar que o peche doutros territorios lim\u00edtrofes est\u00e1n, de feito, tomando decisi\u00f3ns por Feix\u00f3o<\/strong><\/h2>\n\n\n\n<h4 class=\"wp-block-heading\"><strong>Prop\u00f3n axudas extraordinarias como a reduci\u00f3n dos alugueiros para o colectivo dos traballadores e traballadoras aut\u00f3nomas<\/strong><\/h4>\n\n\n\n<p><strong>Santiago de Compostela, 30 Outubro 2020<\/strong><\/p>\n\n\n\n<p>Coa segunda onda da COVID en continuo ascenso, o BNG pide ao Goberno da Xunta que act\u00fae con contundencia e adoptando todas as medidas que sexan necesarias para conter a pandemia, evitando os erros de marzo cando se infravalorou a gravidade do virus. Tomar medidas r\u00e1pidas e contundentes salvar\u00e1 vidas e reducir\u00e1 o impacto tam\u00e9n sobre a econom\u00eda, subli\u00f1ou a portavoz nacional, Ana Pont\u00f3n, para quen o peche perimetral dos territorios lim\u00edtrofes xa est\u00e1n, de feito, decidindo polo Executivo galego.<\/p>\n\n\n\n<p>\u201cO Goberno de Feix\u00f3o deber\u00eda actuar coa mesma contundencia que o fan os executivos do noso entorno, porque sabemos que canto antes se tomen as decisi\u00f3ns que permitan frear a expansi\u00f3n da pandemia mellor ser\u00e1, porque poderemos salvar m\u00e1is vidas pero tam\u00e9n porque estaremos po\u00f1endo as bases para evitar un desastre no econ\u00f3mico\u201d, explicou a l\u00edder do Bloque tras un encontro cos representantes das principais asociaci\u00f3ns de traballadores e traballadoras aut\u00f3nomas do pa\u00eds.<\/p>\n\n\n\n<p>\u201cPed\u00edmoslle \u00e1 Xunta que act\u00fae canto antes e coa contundencia que o momento require, e desde o BNG temos declarado xa fai tempo que hab\u00eda que blindar Galiza e a d\u00eda de hoxe todas as comunidades do noso entorno te\u00f1en feito ese confinamento perimetral o que na pr\u00e1ctica esa \u00e9 unha medida que outros est\u00e1n tomando por Feix\u00f3o\u201d, explicou. \u201cConsideramos que o Goberno galego debe liderar a loita contra a COVID e debe facelo pensando que o m\u00e1is importante \u00e9 salvar vidas e canto antes se tomen medidas mellor porque se permitimos que a onda de contaxios cada vez vaia a m\u00e1is e iso nos vemos abocados a un confinamento, este ter\u00e1 que durar m\u00e1is e ter\u00e1 un maior custe en vidas humanas, para a sa\u00fade e para a econom\u00eda\u201d.<\/p>\n\n\n\n<p>Neste sentido, a portavoz do Bloque apelou a reflexionar sobre o momento: \u201cque se adopten as medidas necesarias e que non se siga a li\u00f1a Ayuso de non tomar medidas contundentes porque o que se est\u00e1 facendo non funciona e se algo non funciona hai que cambialo e aprender dos erros da primeira onda da pandemia na que se infravalorou o virus, o que obrigou a tomar medidas m\u00e1is duras\u201d.<\/p>\n\n\n\n<p>Para o Bloque, que o virus estea descontrolado ten moito que ver co feito de que o Goberno do PP non tivese reforzado a atenci\u00f3n primaria nin puxera en marcha unha estratexia de rastrexo dos contaxios con suficiente persoal. \u201cO que lle pedimos ao Goberno \u00e9 que tome nota da gravidade da situaci\u00f3n, porque se espera a que pase o tempo, estamos \u00e9 perdendo semanas, d\u00edas e minutos que son ouro para conter a pandemia\u201d, recalcou.<\/p>\n\n\n\n<p>No encontro cos representantes dos e das traballadoras aut\u00f3nomas, Pont\u00f3n explicou as propostas que o BNG vai trasladar ao Parlamento de xeito inmediato para salvar a un colectivo vital para a econom\u00eda e o emprego do pa\u00eds, e que ten soportado un maior impacto que no resto do Estado, en concreto, entre decembro e setembro m\u00e1is de 1.500 persoas traballadoras por conta propia quedaron polo cami\u00f1o, a maior\u00eda mulleres, o 0,7% do total, porcentaxe que case duplica a da media do Estado.&nbsp;<\/p>\n\n\n\n<p>\u201cE iso \u00e9 s\u00f3 a punta do iceberg porque a ca\u00edda do emprego entre este colectivo pode agudizarse nesa segunda onda da pandemia, moitos aut\u00f3nomos e aut\u00f3nomas te\u00f1en empregados ao seu cargo e se os seus negocios non sobreviven tam\u00e9n veremos unha destruci\u00f3n de postos de traballo, en particular en dous sectores, como \u00e9 o pequeno comercio e a hostaler\u00eda, onde hai que tomar medidas urxentes\u201d, alegou a portavoz nacionalista.<\/p>\n\n\n\n<p>Entre as medidas que pon sobre a mesa o BNG referiuse, en primeiro lugar, a un plan de axudas extraordinario e urxente para todas aquelas actividades que pechan ou que te\u00f1en unha reduci\u00f3n moi importante como consecuencia dos rebrotes e das restrici\u00f3ns; en segundo lugar, reclamou axudas directas para poder facer fronte aos gastos de alugueiro, mesmo contemplando unha reduci\u00f3n do 50% no caso de alugueiros de locais de grandes propietarios. E, tam\u00e9n, ampliar os prazos de carencia tanto dos cr\u00e9ditos da Xunta como do ICO, porque este colectivo vai ter unha ca\u00edda de ingresos derivada dunha reduci\u00f3n do consumo que lle dificultar\u00e1 facer fronte a este tipo de custes.<\/p>\n\n\n\n<p>Igualmente, o Bloque pide que se prorroguen os ERTEs e as axudas a nivel estatal porque dar\u00e1 os\u00edxeno a moitas PEMES e, finalmente, que o Executivo galego po\u00f1a en marcha un plan de consumo no comercio de proximidade para minimizar o impacto da ca\u00edda do consumo que xa estamos vendo tam\u00e9n en Galiza.&nbsp;<\/p>\n","protected":false},"excerpt":{"rendered":"<div class=\"mh-excerpt\"><p>A rapidez e contundencia salvan vidas e empregos, o que non vale \u00e9 a v\u00eda Ayuso\u201d, reclama Pont\u00f3n, tras subli\u00f1ar que o peche doutros territorios lim\u00edtrofes est\u00e1n, de feito, tomando decisi\u00f3ns por Feix\u00f3o <a class=\"mh-excerpt-more\" href=\"https:\/\/www.anovapeneira.gal\/index.php\/2020\/11\/02\/o-bng-a-favor-de-tomar-medidas-contundentes-para-frear-a-segunda-onda-da-covid-e-esixe-a-xunta-que-actue-con-decision\/\" title=\"O BNG a favor de tomar medidas contundentes para frear a segunda onda da COVID e esixe \u00e1 Xunta que act\u00fae con decisi\u00f3n\">[&#8230;]<\/a><\/p>\n<\/div>","protected":false},"author":3,"featured_media":4194,"comment_status":"open","ping_status":"open","sticky":false,"template":"","format":"standard","meta":{"_exactmetrics_skip_tracking":false,"_exactmetrics_sitenote_active":false,"_exactmetrics_sitenote_note":"","_exactmetrics_sitenote_category":0,"footnotes":""},"categories":[263],"tags":[10,1142],"class_list":{"0":"post-4193","1":"post","2":"type-post","3":"status-publish","4":"format-standard","5":"has-post-thumbnail","7":"category-novas","8":"tag-bng","9":"tag-civid-19"},"yoast_head":"<!-- This site is optimized with the Yoast SEO plugin v27.4 - https:\/\/yoast.com\/product\/yoast-seo-wordpress\/ -->\n<title>O BNG a favor de tomar medidas contundentes para frear a segunda onda da COVID e esixe \u00e1 Xunta que act\u00fae con decisi\u00f3n -<\/title>\n<meta name=\"description\" content=\"A rapidez e contundencia salvan vidas e empregos, o que non vale \u00e9 a v\u00eda Ayuso\u201d, reclama Pont\u00f3n, tras subli\u00f1ar que o peche doutros territorios lim\u00edtrofes est\u00e1n, de feito, tomando decisi\u00f3ns por Feix\u00f3o\" \/>\n<meta name=\"robots\" content=\"index, follow, max-snippet:-1, max-image-preview:large, max-video-preview:-1\" \/>\n<link rel=\"canonical\" href=\"https:\/\/www.anovapeneira.gal\/index.php\/2020\/11\/02\/o-bng-a-favor-de-tomar-medidas-contundentes-para-frear-a-segunda-onda-da-covid-e-esixe-a-xunta-que-actue-con-decision\/\" \/>\n<meta property=\"og:locale\" content=\"gl_ES\" \/>\n<meta property=\"og:type\" content=\"article\" \/>\n<meta property=\"og:title\" content=\"O BNG a favor de tomar medidas contundentes para frear a segunda onda da COVID e esixe \u00e1 Xunta que act\u00fae con decisi\u00f3n -\" \/>\n<meta property=\"og:description\" content=\"A rapidez e contundencia salvan vidas e empregos, o que non vale \u00e9 a v\u00eda Ayuso\u201d, reclama Pont\u00f3n, tras subli\u00f1ar que o peche doutros territorios lim\u00edtrofes est\u00e1n, de feito, tomando decisi\u00f3ns por Feix\u00f3o\" \/>\n<meta property=\"og:url\" content=\"https:\/\/www.anovapeneira.gal\/index.php\/2020\/11\/02\/o-bng-a-favor-de-tomar-medidas-contundentes-para-frear-a-segunda-onda-da-covid-e-esixe-a-xunta-que-actue-con-decision\/\" \/>\n<meta property=\"article:publisher\" content=\"https:\/\/www.facebook.com\/anovapeneira\" \/>\n<meta property=\"article:published_time\" content=\"2020-11-02T09:00:13+00:00\" \/>\n<meta property=\"og:image\" content=\"https:\/\/www.anovapeneira.gal\/wp-content\/uploads\/2020\/11\/ana_ponton_2_onda_covid.jpg\" \/>\n\t<meta property=\"og:image:width\" content=\"720\" \/>\n\t<meta property=\"og:image:height\" content=\"432\" \/>\n\t<meta property=\"og:image:type\" content=\"image\/jpeg\" \/>\n<meta name=\"author\" content=\"Redacci\u00f3n A Nova Peneira\" \/>\n<meta name=\"twitter:card\" content=\"summary_large_image\" \/>\n<meta name=\"twitter:creator\" content=\"@APeneira\" \/>\n<meta name=\"twitter:site\" content=\"@APeneira\" \/>\n<meta name=\"twitter:label1\" content=\"Escrito por\" \/>\n\t<meta name=\"twitter:data1\" content=\"Redacci\u00f3n A Nova Peneira\" \/>\n\t<meta name=\"twitter:label2\" content=\"Tempo de lectura\" \/>\n\t<meta name=\"twitter:data2\" content=\"4 minutos\" \/>\n<script type=\"application\/ld+json\" class=\"yoast-schema-graph\">{\"@context\":\"https:\\\/\\\/schema.org\",\"@graph\":[{\"@type\":\"Article\",\"@id\":\"https:\\\/\\\/www.anovapeneira.gal\\\/index.php\\\/2020\\\/11\\\/02\\\/o-bng-a-favor-de-tomar-medidas-contundentes-para-frear-a-segunda-onda-da-covid-e-esixe-a-xunta-que-actue-con-decision\\\/#article\",\"isPartOf\":{\"@id\":\"https:\\\/\\\/www.anovapeneira.gal\\\/index.php\\\/2020\\\/11\\\/02\\\/o-bng-a-favor-de-tomar-medidas-contundentes-para-frear-a-segunda-onda-da-covid-e-esixe-a-xunta-que-actue-con-decision\\\/\"},\"author\":{\"name\":\"Redacci\u00f3n A Nova Peneira\",\"@id\":\"https:\\\/\\\/www.anovapeneira.gal\\\/#\\\/schema\\\/person\\\/b93e3f8932e3f8da96334607eb6ac6aa\"},\"headline\":\"O BNG a favor de tomar medidas contundentes para frear a segunda onda da COVID e esixe \u00e1 Xunta que act\u00fae con decisi\u00f3n\",\"datePublished\":\"2020-11-02T09:00:13+00:00\",\"mainEntityOfPage\":{\"@id\":\"https:\\\/\\\/www.anovapeneira.gal\\\/index.php\\\/2020\\\/11\\\/02\\\/o-bng-a-favor-de-tomar-medidas-contundentes-para-frear-a-segunda-onda-da-covid-e-esixe-a-xunta-que-actue-con-decision\\\/\"},\"wordCount\":886,\"commentCount\":0,\"publisher\":{\"@id\":\"https:\\\/\\\/www.anovapeneira.gal\\\/#organization\"},\"image\":{\"@id\":\"https:\\\/\\\/www.anovapeneira.gal\\\/index.php\\\/2020\\\/11\\\/02\\\/o-bng-a-favor-de-tomar-medidas-contundentes-para-frear-a-segunda-onda-da-covid-e-esixe-a-xunta-que-actue-con-decision\\\/#primaryimage\"},\"thumbnailUrl\":\"https:\\\/\\\/www.anovapeneira.gal\\\/wp-content\\\/uploads\\\/2020\\\/11\\\/ana_ponton_2_onda_covid.jpg\",\"keywords\":[\"BNG\",\"Civid-19\"],\"articleSection\":[\"Novas\"],\"inLanguage\":\"gl-ES\",\"potentialAction\":[{\"@type\":\"CommentAction\",\"name\":\"Comment\",\"target\":[\"https:\\\/\\\/www.anovapeneira.gal\\\/index.php\\\/2020\\\/11\\\/02\\\/o-bng-a-favor-de-tomar-medidas-contundentes-para-frear-a-segunda-onda-da-covid-e-esixe-a-xunta-que-actue-con-decision\\\/#respond\"]}]},{\"@type\":\"WebPage\",\"@id\":\"https:\\\/\\\/www.anovapeneira.gal\\\/index.php\\\/2020\\\/11\\\/02\\\/o-bng-a-favor-de-tomar-medidas-contundentes-para-frear-a-segunda-onda-da-covid-e-esixe-a-xunta-que-actue-con-decision\\\/\",\"url\":\"https:\\\/\\\/www.anovapeneira.gal\\\/index.php\\\/2020\\\/11\\\/02\\\/o-bng-a-favor-de-tomar-medidas-contundentes-para-frear-a-segunda-onda-da-covid-e-esixe-a-xunta-que-actue-con-decision\\\/\",\"name\":\"O BNG a favor de tomar medidas contundentes para frear a segunda onda da COVID e esixe \u00e1 Xunta que act\u00fae con decisi\u00f3n -\",\"isPartOf\":{\"@id\":\"https:\\\/\\\/www.anovapeneira.gal\\\/#website\"},\"primaryImageOfPage\":{\"@id\":\"https:\\\/\\\/www.anovapeneira.gal\\\/index.php\\\/2020\\\/11\\\/02\\\/o-bng-a-favor-de-tomar-medidas-contundentes-para-frear-a-segunda-onda-da-covid-e-esixe-a-xunta-que-actue-con-decision\\\/#primaryimage\"},\"image\":{\"@id\":\"https:\\\/\\\/www.anovapeneira.gal\\\/index.php\\\/2020\\\/11\\\/02\\\/o-bng-a-favor-de-tomar-medidas-contundentes-para-frear-a-segunda-onda-da-covid-e-esixe-a-xunta-que-actue-con-decision\\\/#primaryimage\"},\"thumbnailUrl\":\"https:\\\/\\\/www.anovapeneira.gal\\\/wp-content\\\/uploads\\\/2020\\\/11\\\/ana_ponton_2_onda_covid.jpg\",\"datePublished\":\"2020-11-02T09:00:13+00:00\",\"description\":\"A rapidez e contundencia salvan vidas e empregos, o que non vale \u00e9 a v\u00eda Ayuso\u201d, reclama Pont\u00f3n, tras subli\u00f1ar que o peche doutros territorios lim\u00edtrofes est\u00e1n, de feito, tomando decisi\u00f3ns por Feix\u00f3o\",\"breadcrumb\":{\"@id\":\"https:\\\/\\\/www.anovapeneira.gal\\\/index.php\\\/2020\\\/11\\\/02\\\/o-bng-a-favor-de-tomar-medidas-contundentes-para-frear-a-segunda-onda-da-covid-e-esixe-a-xunta-que-actue-con-decision\\\/#breadcrumb\"},\"inLanguage\":\"gl-ES\",\"potentialAction\":[{\"@type\":\"ReadAction\",\"target\":[\"https:\\\/\\\/www.anovapeneira.gal\\\/index.php\\\/2020\\\/11\\\/02\\\/o-bng-a-favor-de-tomar-medidas-contundentes-para-frear-a-segunda-onda-da-covid-e-esixe-a-xunta-que-actue-con-decision\\\/\"]}]},{\"@type\":\"ImageObject\",\"inLanguage\":\"gl-ES\",\"@id\":\"https:\\\/\\\/www.anovapeneira.gal\\\/index.php\\\/2020\\\/11\\\/02\\\/o-bng-a-favor-de-tomar-medidas-contundentes-para-frear-a-segunda-onda-da-covid-e-esixe-a-xunta-que-actue-con-decision\\\/#primaryimage\",\"url\":\"https:\\\/\\\/www.anovapeneira.gal\\\/wp-content\\\/uploads\\\/2020\\\/11\\\/ana_ponton_2_onda_covid.jpg\",\"contentUrl\":\"https:\\\/\\\/www.anovapeneira.gal\\\/wp-content\\\/uploads\\\/2020\\\/11\\\/ana_ponton_2_onda_covid.jpg\",\"width\":720,\"height\":432,\"caption\":\"O BNG a favor de tomar medidas contundentes para frear a segunda onda da COVID e esixe \u00e1 Xunta que act\u00fae con decisi\u00f3n\"},{\"@type\":\"BreadcrumbList\",\"@id\":\"https:\\\/\\\/www.anovapeneira.gal\\\/index.php\\\/2020\\\/11\\\/02\\\/o-bng-a-favor-de-tomar-medidas-contundentes-para-frear-a-segunda-onda-da-covid-e-esixe-a-xunta-que-actue-con-decision\\\/#breadcrumb\",\"itemListElement\":[{\"@type\":\"ListItem\",\"position\":1,\"name\":\"Portada\",\"item\":\"https:\\\/\\\/www.anovapeneira.gal\\\/\"},{\"@type\":\"ListItem\",\"position\":2,\"name\":\"O BNG a favor de tomar medidas contundentes para frear a segunda onda da COVID e esixe \u00e1 Xunta que act\u00fae con decisi\u00f3n\"}]},{\"@type\":\"WebSite\",\"@id\":\"https:\\\/\\\/www.anovapeneira.gal\\\/#website\",\"url\":\"https:\\\/\\\/www.anovapeneira.gal\\\/\",\"name\":\"\",\"description\":\"Xornal galego de informaci\u00f3n xeral Publicaci\u00f3n mensual de novas de Galicia e en especial dos Concellos da sur da provincia de Pontevedra.\",\"publisher\":{\"@id\":\"https:\\\/\\\/www.anovapeneira.gal\\\/#organization\"},\"potentialAction\":[{\"@type\":\"SearchAction\",\"target\":{\"@type\":\"EntryPoint\",\"urlTemplate\":\"https:\\\/\\\/www.anovapeneira.gal\\\/?s={search_term_string}\"},\"query-input\":{\"@type\":\"PropertyValueSpecification\",\"valueRequired\":true,\"valueName\":\"search_term_string\"}}],\"inLanguage\":\"gl-ES\"},{\"@type\":\"Organization\",\"@id\":\"https:\\\/\\\/www.anovapeneira.gal\\\/#organization\",\"name\":\"A Nova Peneira\",\"url\":\"https:\\\/\\\/www.anovapeneira.gal\\\/\",\"logo\":{\"@type\":\"ImageObject\",\"inLanguage\":\"gl-ES\",\"@id\":\"https:\\\/\\\/www.anovapeneira.gal\\\/#\\\/schema\\\/logo\\\/image\\\/\",\"url\":\"http:\\\/\\\/www.anovapeneira.gal\\\/wp-content\\\/uploads\\\/2019\\\/06\\\/logo_a_nova_peneira_portal_web.png\",\"contentUrl\":\"http:\\\/\\\/www.anovapeneira.gal\\\/wp-content\\\/uploads\\\/2019\\\/06\\\/logo_a_nova_peneira_portal_web.png\",\"width\":300,\"height\":100,\"caption\":\"A Nova Peneira\"},\"image\":{\"@id\":\"https:\\\/\\\/www.anovapeneira.gal\\\/#\\\/schema\\\/logo\\\/image\\\/\"},\"sameAs\":[\"https:\\\/\\\/www.facebook.com\\\/anovapeneira\",\"https:\\\/\\\/x.com\\\/APeneira\"]},{\"@type\":\"Person\",\"@id\":\"https:\\\/\\\/www.anovapeneira.gal\\\/#\\\/schema\\\/person\\\/b93e3f8932e3f8da96334607eb6ac6aa\",\"name\":\"Redacci\u00f3n A Nova Peneira\",\"image\":{\"@type\":\"ImageObject\",\"inLanguage\":\"gl-ES\",\"@id\":\"https:\\\/\\\/secure.gravatar.com\\\/avatar\\\/c052a2551a06e23fac63626232eaa90abd78dbcf1700fc46a2b2c89fd27b735f?s=96&d=mm&r=g\",\"url\":\"https:\\\/\\\/secure.gravatar.com\\\/avatar\\\/c052a2551a06e23fac63626232eaa90abd78dbcf1700fc46a2b2c89fd27b735f?s=96&d=mm&r=g\",\"contentUrl\":\"https:\\\/\\\/secure.gravatar.com\\\/avatar\\\/c052a2551a06e23fac63626232eaa90abd78dbcf1700fc46a2b2c89fd27b735f?s=96&d=mm&r=g\",\"caption\":\"Redacci\u00f3n A Nova Peneira\"},\"sameAs\":[\"http:\\\/\\\/www.anovapeneira.gal\\\/\"],\"url\":\"https:\\\/\\\/www.anovapeneira.gal\\\/index.php\\\/author\\\/redactor\\\/\"}]}<\/script>\n<!-- \/ Yoast SEO plugin. -->","yoast_head_json":{"title":"O BNG a favor de tomar medidas contundentes para frear a segunda onda da COVID e esixe \u00e1 Xunta que act\u00fae con decisi\u00f3n -","description":"A rapidez e contundencia salvan vidas e empregos, o que non vale \u00e9 a v\u00eda Ayuso\u201d, reclama Pont\u00f3n, tras subli\u00f1ar que o peche doutros territorios lim\u00edtrofes est\u00e1n, de feito, tomando decisi\u00f3ns por Feix\u00f3o","robots":{"index":"index","follow":"follow","max-snippet":"max-snippet:-1","max-image-preview":"max-image-preview:large","max-video-preview":"max-video-preview:-1"},"canonical":"https:\/\/www.anovapeneira.gal\/index.php\/2020\/11\/02\/o-bng-a-favor-de-tomar-medidas-contundentes-para-frear-a-segunda-onda-da-covid-e-esixe-a-xunta-que-actue-con-decision\/","og_locale":"gl_ES","og_type":"article","og_title":"O BNG a favor de tomar medidas contundentes para frear a segunda onda da COVID e esixe \u00e1 Xunta que act\u00fae con decisi\u00f3n -","og_description":"A rapidez e contundencia salvan vidas e empregos, o que non vale \u00e9 a v\u00eda Ayuso\u201d, reclama Pont\u00f3n, tras subli\u00f1ar que o peche doutros territorios lim\u00edtrofes est\u00e1n, de feito, tomando decisi\u00f3ns por Feix\u00f3o","og_url":"https:\/\/www.anovapeneira.gal\/index.php\/2020\/11\/02\/o-bng-a-favor-de-tomar-medidas-contundentes-para-frear-a-segunda-onda-da-covid-e-esixe-a-xunta-que-actue-con-decision\/","article_publisher":"https:\/\/www.facebook.com\/anovapeneira","article_published_time":"2020-11-02T09:00:13+00:00","og_image":[{"width":720,"height":432,"url":"https:\/\/www.anovapeneira.gal\/wp-content\/uploads\/2020\/11\/ana_ponton_2_onda_covid.jpg","type":"image\/jpeg"}],"author":"Redacci\u00f3n A Nova Peneira","twitter_card":"summary_large_image","twitter_creator":"@APeneira","twitter_site":"@APeneira","twitter_misc":{"Escrito por":"Redacci\u00f3n A Nova Peneira","Tempo de lectura":"4 minutos"},"schema":{"@context":"https:\/\/schema.org","@graph":[{"@type":"Article","@id":"https:\/\/www.anovapeneira.gal\/index.php\/2020\/11\/02\/o-bng-a-favor-de-tomar-medidas-contundentes-para-frear-a-segunda-onda-da-covid-e-esixe-a-xunta-que-actue-con-decision\/#article","isPartOf":{"@id":"https:\/\/www.anovapeneira.gal\/index.php\/2020\/11\/02\/o-bng-a-favor-de-tomar-medidas-contundentes-para-frear-a-segunda-onda-da-covid-e-esixe-a-xunta-que-actue-con-decision\/"},"author":{"name":"Redacci\u00f3n A Nova Peneira","@id":"https:\/\/www.anovapeneira.gal\/#\/schema\/person\/b93e3f8932e3f8da96334607eb6ac6aa"},"headline":"O BNG a favor de tomar medidas contundentes para frear a segunda onda da COVID e esixe \u00e1 Xunta que act\u00fae con decisi\u00f3n","datePublished":"2020-11-02T09:00:13+00:00","mainEntityOfPage":{"@id":"https:\/\/www.anovapeneira.gal\/index.php\/2020\/11\/02\/o-bng-a-favor-de-tomar-medidas-contundentes-para-frear-a-segunda-onda-da-covid-e-esixe-a-xunta-que-actue-con-decision\/"},"wordCount":886,"commentCount":0,"publisher":{"@id":"https:\/\/www.anovapeneira.gal\/#organization"},"image":{"@id":"https:\/\/www.anovapeneira.gal\/index.php\/2020\/11\/02\/o-bng-a-favor-de-tomar-medidas-contundentes-para-frear-a-segunda-onda-da-covid-e-esixe-a-xunta-que-actue-con-decision\/#primaryimage"},"thumbnailUrl":"https:\/\/www.anovapeneira.gal\/wp-content\/uploads\/2020\/11\/ana_ponton_2_onda_covid.jpg","keywords":["BNG","Civid-19"],"articleSection":["Novas"],"inLanguage":"gl-ES","potentialAction":[{"@type":"CommentAction","name":"Comment","target":["https:\/\/www.anovapeneira.gal\/index.php\/2020\/11\/02\/o-bng-a-favor-de-tomar-medidas-contundentes-para-frear-a-segunda-onda-da-covid-e-esixe-a-xunta-que-actue-con-decision\/#respond"]}]},{"@type":"WebPage","@id":"https:\/\/www.anovapeneira.gal\/index.php\/2020\/11\/02\/o-bng-a-favor-de-tomar-medidas-contundentes-para-frear-a-segunda-onda-da-covid-e-esixe-a-xunta-que-actue-con-decision\/","url":"https:\/\/www.anovapeneira.gal\/index.php\/2020\/11\/02\/o-bng-a-favor-de-tomar-medidas-contundentes-para-frear-a-segunda-onda-da-covid-e-esixe-a-xunta-que-actue-con-decision\/","name":"O BNG a favor de tomar medidas contundentes para frear a segunda onda da COVID e esixe \u00e1 Xunta que act\u00fae con decisi\u00f3n -","isPartOf":{"@id":"https:\/\/www.anovapeneira.gal\/#website"},"primaryImageOfPage":{"@id":"https:\/\/www.anovapeneira.gal\/index.php\/2020\/11\/02\/o-bng-a-favor-de-tomar-medidas-contundentes-para-frear-a-segunda-onda-da-covid-e-esixe-a-xunta-que-actue-con-decision\/#primaryimage"},"image":{"@id":"https:\/\/www.anovapeneira.gal\/index.php\/2020\/11\/02\/o-bng-a-favor-de-tomar-medidas-contundentes-para-frear-a-segunda-onda-da-covid-e-esixe-a-xunta-que-actue-con-decision\/#primaryimage"},"thumbnailUrl":"https:\/\/www.anovapeneira.gal\/wp-content\/uploads\/2020\/11\/ana_ponton_2_onda_covid.jpg","datePublished":"2020-11-02T09:00:13+00:00","description":"A rapidez e contundencia salvan vidas e empregos, o que non vale \u00e9 a v\u00eda Ayuso\u201d, reclama Pont\u00f3n, tras subli\u00f1ar que o peche doutros territorios lim\u00edtrofes est\u00e1n, de feito, tomando decisi\u00f3ns por Feix\u00f3o","breadcrumb":{"@id":"https:\/\/www.anovapeneira.gal\/index.php\/2020\/11\/02\/o-bng-a-favor-de-tomar-medidas-contundentes-para-frear-a-segunda-onda-da-covid-e-esixe-a-xunta-que-actue-con-decision\/#breadcrumb"},"inLanguage":"gl-ES","potentialAction":[{"@type":"ReadAction","target":["https:\/\/www.anovapeneira.gal\/index.php\/2020\/11\/02\/o-bng-a-favor-de-tomar-medidas-contundentes-para-frear-a-segunda-onda-da-covid-e-esixe-a-xunta-que-actue-con-decision\/"]}]},{"@type":"ImageObject","inLanguage":"gl-ES","@id":"https:\/\/www.anovapeneira.gal\/index.php\/2020\/11\/02\/o-bng-a-favor-de-tomar-medidas-contundentes-para-frear-a-segunda-onda-da-covid-e-esixe-a-xunta-que-actue-con-decision\/#primaryimage","url":"https:\/\/www.anovapeneira.gal\/wp-content\/uploads\/2020\/11\/ana_ponton_2_onda_covid.jpg","contentUrl":"https:\/\/www.anovapeneira.gal\/wp-content\/uploads\/2020\/11\/ana_ponton_2_onda_covid.jpg","width":720,"height":432,"caption":"O BNG a favor de tomar medidas contundentes para frear a segunda onda da COVID e esixe \u00e1 Xunta que act\u00fae con decisi\u00f3n"},{"@type":"BreadcrumbList","@id":"https:\/\/www.anovapeneira.gal\/index.php\/2020\/11\/02\/o-bng-a-favor-de-tomar-medidas-contundentes-para-frear-a-segunda-onda-da-covid-e-esixe-a-xunta-que-actue-con-decision\/#breadcrumb","itemListElement":[{"@type":"ListItem","position":1,"name":"Portada","item":"https:\/\/www.anovapeneira.gal\/"},{"@type":"ListItem","position":2,"name":"O BNG a favor de tomar medidas contundentes para frear a segunda onda da COVID e esixe \u00e1 Xunta que act\u00fae con decisi\u00f3n"}]},{"@type":"WebSite","@id":"https:\/\/www.anovapeneira.gal\/#website","url":"https:\/\/www.anovapeneira.gal\/","name":"","description":"Xornal galego de informaci\u00f3n xeral Publicaci\u00f3n mensual de novas de Galicia e en especial dos Concellos da sur da provincia de Pontevedra.","publisher":{"@id":"https:\/\/www.anovapeneira.gal\/#organization"},"potentialAction":[{"@type":"SearchAction","target":{"@type":"EntryPoint","urlTemplate":"https:\/\/www.anovapeneira.gal\/?s={search_term_string}"},"query-input":{"@type":"PropertyValueSpecification","valueRequired":true,"valueName":"search_term_string"}}],"inLanguage":"gl-ES"},{"@type":"Organization","@id":"https:\/\/www.anovapeneira.gal\/#organization","name":"A Nova Peneira","url":"https:\/\/www.anovapeneira.gal\/","logo":{"@type":"ImageObject","inLanguage":"gl-ES","@id":"https:\/\/www.anovapeneira.gal\/#\/schema\/logo\/image\/","url":"http:\/\/www.anovapeneira.gal\/wp-content\/uploads\/2019\/06\/logo_a_nova_peneira_portal_web.png","contentUrl":"http:\/\/www.anovapeneira.gal\/wp-content\/uploads\/2019\/06\/logo_a_nova_peneira_portal_web.png","width":300,"height":100,"caption":"A Nova Peneira"},"image":{"@id":"https:\/\/www.anovapeneira.gal\/#\/schema\/logo\/image\/"},"sameAs":["https:\/\/www.facebook.com\/anovapeneira","https:\/\/x.com\/APeneira"]},{"@type":"Person","@id":"https:\/\/www.anovapeneira.gal\/#\/schema\/person\/b93e3f8932e3f8da96334607eb6ac6aa","name":"Redacci\u00f3n A Nova Peneira","image":{"@type":"ImageObject","inLanguage":"gl-ES","@id":"https:\/\/secure.gravatar.com\/avatar\/c052a2551a06e23fac63626232eaa90abd78dbcf1700fc46a2b2c89fd27b735f?s=96&d=mm&r=g","url":"https:\/\/secure.gravatar.com\/avatar\/c052a2551a06e23fac63626232eaa90abd78dbcf1700fc46a2b2c89fd27b735f?s=96&d=mm&r=g","contentUrl":"https:\/\/secure.gravatar.com\/avatar\/c052a2551a06e23fac63626232eaa90abd78dbcf1700fc46a2b2c89fd27b735f?s=96&d=mm&r=g","caption":"Redacci\u00f3n A Nova Peneira"},"sameAs":["http:\/\/www.anovapeneira.gal\/"],"url":"https:\/\/www.anovapeneira.gal\/index.php\/author\/redactor\/"}]}},"jetpack_featured_media_url":"https:\/\/www.anovapeneira.gal\/wp-content\/uploads\/2020\/11\/ana_ponton_2_onda_covid.jpg","_links":{"self":[{"href":"https:\/\/www.anovapeneira.gal\/index.php\/wp-json\/wp\/v2\/posts\/4193","targetHints":{"allow":["GET"]}}],"collection":[{"href":"https:\/\/www.anovapeneira.gal\/index.php\/wp-json\/wp\/v2\/posts"}],"about":[{"href":"https:\/\/www.anovapeneira.gal\/index.php\/wp-json\/wp\/v2\/types\/post"}],"author":[{"embeddable":true,"href":"https:\/\/www.anovapeneira.gal\/index.php\/wp-json\/wp\/v2\/users\/3"}],"replies":[{"embeddable":true,"href":"https:\/\/www.anovapeneira.gal\/index.php\/wp-json\/wp\/v2\/comments?post=4193"}],"version-history":[{"count":1,"href":"https:\/\/www.anovapeneira.gal\/index.php\/wp-json\/wp\/v2\/posts\/4193\/revisions"}],"predecessor-version":[{"id":4195,"href":"https:\/\/www.anovapeneira.gal\/index.php\/wp-json\/wp\/v2\/posts\/4193\/revisions\/4195"}],"wp:featuredmedia":[{"embeddable":true,"href":"https:\/\/www.anovapeneira.gal\/index.php\/wp-json\/wp\/v2\/media\/4194"}],"wp:attachment":[{"href":"https:\/\/www.anovapeneira.gal\/index.php\/wp-json\/wp\/v2\/media?parent=4193"}],"wp:term":[{"taxonomy":"category","embeddable":true,"href":"https:\/\/www.anovapeneira.gal\/index.php\/wp-json\/wp\/v2\/categories?post=4193"},{"taxonomy":"post_tag","embeddable":true,"href":"https:\/\/www.anovapeneira.gal\/index.php\/wp-json\/wp\/v2\/tags?post=4193"}],"curies":[{"name":"wp","href":"https:\/\/api.w.org\/{rel}","templated":true}]}}