{"id":4196,"date":"2020-11-02T12:00:39","date_gmt":"2020-11-02T11:00:39","guid":{"rendered":"http:\/\/www.anovapeneira.gal\/?p=4196"},"modified":"2020-11-01T19:51:01","modified_gmt":"2020-11-01T18:51:01","slug":"a-omix-tomino-ofrece-un-curso-de-comida-vegana-sen-glute-e-outros-para-traballar-na-nube","status":"publish","type":"post","link":"https:\/\/www.anovapeneira.gal\/index.php\/2020\/11\/02\/a-omix-tomino-ofrece-un-curso-de-comida-vegana-sen-glute-e-outros-para-traballar-na-nube\/","title":{"rendered":"A OMIX Tomi\u00f1o ofrece un curso de comida vegana sen glute e outros para traballar na nube"},"content":{"rendered":"\n<h2 class=\"wp-block-heading\"><strong>As posibilidades que ofrece Google Docs o como utilizar a Sede Electr\u00f3nica do Concello, son outras das propostas da oficina xuvenil municipal<\/strong><\/h2>\n\n\n\n<p><strong>Tomi\u00f1o, 30 outubro de 2020<\/strong><\/p>\n\n\n\n<p>A Oficina Municipal de Informaci\u00f3n Xuvenil (OMIX) de Tomi\u00f1o impartir\u00e1 nos pr\u00f3ximos meses catro cursos para os que a\u00ednda quedan prazas vacantes.<\/p>\n\n\n\n<p>Tr\u00e1tase dos obradoiros (todos ONLINE) de&nbsp;<strong>Iniciaci\u00f3n<\/strong><strong>\u00e1 coci\u00f1a vegana e sen glute, Traballar na nube de Google, Aplicaci\u00f3ns de Google: Google Docs&nbsp;<\/strong>e<strong>C\u00f3mo utilizar a sede electr\u00f3nica do Concello de Tomi\u00f1o.<\/strong><\/p>\n\n\n\n<p>Na primeira destas acci\u00f3ns formativas (<em>Iniciaci\u00f3n \u00e1 coci\u00f1a vegana e sen glute<\/em>) aprenderase a elaborar receitas veganas e sen glute dende as materias primas, como o&nbsp;<em>tofu<\/em>ou&nbsp;<em>tempeh<\/em>, por exemplo, ata a preparaci\u00f3n dun prato final. Ao rematar, \u00e1s persoas ter\u00e1n un receitario saud\u00e1bel e equilibrado para unha semana. Os obxectivos principais son ofrecer alternativas veganas e sen glute e amosar como se elaboran produtos b\u00e1sicos coma poden ser as consideradas \u201ccarnes vexetais\u201d.<\/p>\n\n\n\n<figure class=\"wp-block-embed-wordpress wp-block-embed is-type-wp-embed is-provider-concello-de-tomino\"><div class=\"wp-block-embed__wrapper\">\n<blockquote class=\"wp-embedded-content\" data-secret=\"1KniGy2AAz\"><a href=\"https:\/\/tomino.gal\/obradoiro-online-de-iniciacion-a-cocina-vegana-e-sen-glute\/\">Obradoiro online de iniciaci\u00f3n \u00e1 coci\u00f1a vegana e sen glute<\/a><\/blockquote><iframe loading=\"lazy\" class=\"wp-embedded-content\" sandbox=\"allow-scripts\" security=\"restricted\" style=\"position: absolute; clip: rect(1px, 1px, 1px, 1px);\" title=\"&#8220;Obradoiro online de iniciaci\u00f3n \u00e1 coci\u00f1a vegana e sen glute&#8221; &#8212; Concello de Tomi\u00f1o\" src=\"https:\/\/tomino.gal\/obradoiro-online-de-iniciacion-a-cocina-vegana-e-sen-glute\/embed\/#?secret=WYyKQKinne#?secret=1KniGy2AAz\" data-secret=\"1KniGy2AAz\" width=\"500\" height=\"282\" frameborder=\"0\" marginwidth=\"0\" marginheight=\"0\" scrolling=\"no\"><\/iframe>\n<\/div><\/figure>\n\n\n\n<p>Pola s\u00faa banda, o curso b\u00e1sico&nbsp;<em>Traballar na nube de Google<\/em>, ten coma obxectivo saber que significa traballar na nube; trucos para dominar as buscas en Google, xestionar a axenda con Google calendar, saber utilizar drive+photos+google alerts+notas online+, o paquete de Google Office, dese\u00f1ar gr\u00e1ficos online, etc..<\/p>\n\n\n\n<figure class=\"wp-block-embed-wordpress wp-block-embed is-type-wp-embed is-provider-concello-de-tomino\"><div class=\"wp-block-embed__wrapper\">\n<blockquote class=\"wp-embedded-content\" data-secret=\"4VRrXwdTX0\"><a href=\"https:\/\/tomino.gal\/curso-online-traballar-na-nube-de-google\/\">Curso online: Traballar na nube de google<\/a><\/blockquote><iframe loading=\"lazy\" class=\"wp-embedded-content\" sandbox=\"allow-scripts\" security=\"restricted\" style=\"position: absolute; clip: rect(1px, 1px, 1px, 1px);\" title=\"&#8220;Curso online: Traballar na nube de google&#8221; &#8212; Concello de Tomi\u00f1o\" src=\"https:\/\/tomino.gal\/curso-online-traballar-na-nube-de-google\/embed\/#?secret=QLDg1Py4T6#?secret=4VRrXwdTX0\" data-secret=\"4VRrXwdTX0\" width=\"500\" height=\"282\" frameborder=\"0\" marginwidth=\"0\" marginheight=\"0\" scrolling=\"no\"><\/iframe>\n<\/div><\/figure>\n\n\n\n<p>Mediante este curso b\u00e1sico&nbsp;<em>Aplicaci\u00f3ns de Google: Google Docs<\/em>, as persoas inscritas co\u00f1ecer\u00e1n todas as posibilidades que lles ofrece esta aplicaci\u00f3n e aprender\u00e1n a configurar unha p\u00e1xina, formatos de texto, vi\u00f1etas e numeraci\u00f3ns, encabezados e p\u00e9 de p\u00e1xina, t\u00e1boas, insertar imaxes e\/ou gr\u00e1ficos, \u00edndices e tabuladores, ferramentas b\u00e1sicas (traduci\u00f3n, correcci\u00f3n ortogr\u00e1fica), descargas e impresi\u00f3n, etc.<\/p>\n\n\n\n<p>O curso ten lugar a trav\u00e9s dunha plataforma e-learning cun titor que atende de xeito personalizado as consultas do alumnado. Custe total do curso: 5\u20ac<\/p>\n\n\n\n<figure class=\"wp-block-embed-wordpress wp-block-embed is-type-wp-embed is-provider-concello-de-tomino\"><div class=\"wp-block-embed__wrapper\">\n<blockquote class=\"wp-embedded-content\" data-secret=\"aQwlxL8Mu3\"><a href=\"https:\/\/tomino.gal\/curso-online-de-aplicacions-de-google-google-docs\/\">Curso online de aplicaci\u00f3ns de Google: Google docs<\/a><\/blockquote><iframe loading=\"lazy\" class=\"wp-embedded-content\" sandbox=\"allow-scripts\" security=\"restricted\" style=\"position: absolute; clip: rect(1px, 1px, 1px, 1px);\" title=\"&#8220;Curso online de aplicaci\u00f3ns de Google: Google docs&#8221; &#8212; Concello de Tomi\u00f1o\" src=\"https:\/\/tomino.gal\/curso-online-de-aplicacions-de-google-google-docs\/embed\/#?secret=XqZZ2Zgyhl#?secret=aQwlxL8Mu3\" data-secret=\"aQwlxL8Mu3\" width=\"500\" height=\"282\" frameborder=\"0\" marginwidth=\"0\" marginheight=\"0\" scrolling=\"no\"><\/iframe>\n<\/div><\/figure>\n\n\n\n<p>Por \u00faltimo, no obradoiro online&nbsp;<em>C\u00f3mo utilizar a sede electr\u00f3nica do Concello de Tomi\u00f1o, a<\/em>s persoas aprender\u00e1n a manexar a sede electr\u00f3nica municipal, para poder realizar calquera tr\u00e1mite as 24h dos 365 d\u00edas do ano, dende a s\u00faa casa, sen necesidade de achegarse ao Concello; solicitar volantes ou certificados de empadronamento, licencias de obras menor, solicitude de espazos p\u00fablicos etc.<\/p>\n\n\n\n<p>As tarefas faranse tam\u00e9n a trav\u00e9s dunha plataforma e-learning cun titor que atende de xeito personalizado as consultas do alumnado. Custe total do curso: 5 euros.<\/p>\n\n\n\n<figure class=\"wp-block-embed-wordpress wp-block-embed is-type-wp-embed is-provider-concello-de-tomino\"><div class=\"wp-block-embed__wrapper\">\n<blockquote class=\"wp-embedded-content\" data-secret=\"AxRL6mqTB9\"><a href=\"https:\/\/tomino.gal\/curso-online-como-utilizar-a-sede-electronica-do-concello-de-tomino\/\">Curso online: C\u00f3mo utilizar a Sede Electr\u00f3nica do Concello de Tomi\u00f1o<\/a><\/blockquote><iframe loading=\"lazy\" class=\"wp-embedded-content\" sandbox=\"allow-scripts\" security=\"restricted\" style=\"position: absolute; clip: rect(1px, 1px, 1px, 1px);\" title=\"&#8220;Curso online: C\u00f3mo utilizar a Sede Electr\u00f3nica do Concello de Tomi\u00f1o&#8221; &#8212; Concello de Tomi\u00f1o\" src=\"https:\/\/tomino.gal\/curso-online-como-utilizar-a-sede-electronica-do-concello-de-tomino\/embed\/#?secret=rAbyuPONPk#?secret=AxRL6mqTB9\" data-secret=\"AxRL6mqTB9\" width=\"500\" height=\"282\" frameborder=\"0\" marginwidth=\"0\" marginheight=\"0\" scrolling=\"no\"><\/iframe>\n<\/div><\/figure>\n\n\n\n<p>A OMIX Tomi\u00f1o, por outra banda, est\u00e1 elaborando a programaci\u00f3n de actividades e cursos 2021, para o que acepta, coma xa fixera outras veces, suxesti\u00f3ns da xente moza, que poden enviarse por correo electr\u00f3nico a omix@tomino.gal.<\/p>\n","protected":false},"excerpt":{"rendered":"<div class=\"mh-excerpt\"><p>As posibilidades que ofrece Google Docs o como utilizar a Sede Electr\u00f3nica do Concello, son outras das propostas da oficina xuvenil municipal <a class=\"mh-excerpt-more\" href=\"https:\/\/www.anovapeneira.gal\/index.php\/2020\/11\/02\/a-omix-tomino-ofrece-un-curso-de-comida-vegana-sen-glute-e-outros-para-traballar-na-nube\/\" title=\"A OMIX Tomi\u00f1o ofrece un curso de comida vegana sen glute e outros para traballar na nube\">[&#8230;]<\/a><\/p>\n<\/div>","protected":false},"author":3,"featured_media":1336,"comment_status":"open","ping_status":"open","sticky":false,"template":"","format":"standard","meta":{"_exactmetrics_skip_tracking":false,"_exactmetrics_sitenote_active":false,"_exactmetrics_sitenote_note":"","_exactmetrics_sitenote_category":0,"footnotes":""},"categories":[21],"tags":[81],"class_list":{"0":"post-4196","1":"post","2":"type-post","3":"status-publish","4":"format-standard","5":"has-post-thumbnail","7":"category-baixo-mino","8":"tag-concello-de-tomino"},"yoast_head":"<!-- This site is optimized with the Yoast SEO plugin v27.4 - https:\/\/yoast.com\/product\/yoast-seo-wordpress\/ -->\n<title>A OMIX Tomi\u00f1o ofrece un curso de comida vegana sen glute e outros para traballar na nube -<\/title>\n<meta name=\"description\" content=\"As posibilidades que ofrece Google Docs o como utilizar a Sede Electr\u00f3nica do Concello, son outras das propostas da oficina xuvenil municipal\" \/>\n<meta name=\"robots\" content=\"index, follow, max-snippet:-1, max-image-preview:large, max-video-preview:-1\" \/>\n<link rel=\"canonical\" href=\"https:\/\/www.anovapeneira.gal\/index.php\/2020\/11\/02\/a-omix-tomino-ofrece-un-curso-de-comida-vegana-sen-glute-e-outros-para-traballar-na-nube\/\" \/>\n<meta property=\"og:locale\" content=\"gl_ES\" \/>\n<meta property=\"og:type\" content=\"article\" \/>\n<meta property=\"og:title\" content=\"A OMIX Tomi\u00f1o ofrece un curso de comida vegana sen glute e outros para traballar na nube -\" \/>\n<meta property=\"og:description\" content=\"As posibilidades que ofrece Google Docs o como utilizar a Sede Electr\u00f3nica do Concello, son outras das propostas da oficina xuvenil municipal\" \/>\n<meta property=\"og:url\" content=\"https:\/\/www.anovapeneira.gal\/index.php\/2020\/11\/02\/a-omix-tomino-ofrece-un-curso-de-comida-vegana-sen-glute-e-outros-para-traballar-na-nube\/\" \/>\n<meta property=\"article:publisher\" content=\"https:\/\/www.facebook.com\/anovapeneira\" \/>\n<meta property=\"article:published_time\" content=\"2020-11-02T11:00:39+00:00\" \/>\n<meta property=\"og:image\" content=\"https:\/\/www.anovapeneira.gal\/wp-content\/uploads\/2019\/09\/concello_De_tominho_a_nova_peneria.jpg\" \/>\n\t<meta property=\"og:image:width\" content=\"720\" \/>\n\t<meta property=\"og:image:height\" content=\"473\" \/>\n\t<meta property=\"og:image:type\" content=\"image\/jpeg\" \/>\n<meta name=\"author\" content=\"Redacci\u00f3n A Nova Peneira\" \/>\n<meta name=\"twitter:card\" content=\"summary_large_image\" \/>\n<meta name=\"twitter:creator\" content=\"@APeneira\" \/>\n<meta name=\"twitter:site\" content=\"@APeneira\" \/>\n<meta name=\"twitter:label1\" content=\"Escrito por\" \/>\n\t<meta name=\"twitter:data1\" content=\"Redacci\u00f3n A Nova Peneira\" \/>\n\t<meta name=\"twitter:label2\" content=\"Tempo de lectura\" \/>\n\t<meta name=\"twitter:data2\" content=\"2 minutos\" \/>\n<script type=\"application\/ld+json\" class=\"yoast-schema-graph\">{\"@context\":\"https:\\\/\\\/schema.org\",\"@graph\":[{\"@type\":\"Article\",\"@id\":\"https:\\\/\\\/www.anovapeneira.gal\\\/index.php\\\/2020\\\/11\\\/02\\\/a-omix-tomino-ofrece-un-curso-de-comida-vegana-sen-glute-e-outros-para-traballar-na-nube\\\/#article\",\"isPartOf\":{\"@id\":\"https:\\\/\\\/www.anovapeneira.gal\\\/index.php\\\/2020\\\/11\\\/02\\\/a-omix-tomino-ofrece-un-curso-de-comida-vegana-sen-glute-e-outros-para-traballar-na-nube\\\/\"},\"author\":{\"name\":\"Redacci\u00f3n A Nova Peneira\",\"@id\":\"https:\\\/\\\/www.anovapeneira.gal\\\/#\\\/schema\\\/person\\\/b93e3f8932e3f8da96334607eb6ac6aa\"},\"headline\":\"A OMIX Tomi\u00f1o ofrece un curso de comida vegana sen glute e outros para traballar na nube\",\"datePublished\":\"2020-11-02T11:00:39+00:00\",\"mainEntityOfPage\":{\"@id\":\"https:\\\/\\\/www.anovapeneira.gal\\\/index.php\\\/2020\\\/11\\\/02\\\/a-omix-tomino-ofrece-un-curso-de-comida-vegana-sen-glute-e-outros-para-traballar-na-nube\\\/\"},\"wordCount\":499,\"commentCount\":0,\"publisher\":{\"@id\":\"https:\\\/\\\/www.anovapeneira.gal\\\/#organization\"},\"image\":{\"@id\":\"https:\\\/\\\/www.anovapeneira.gal\\\/index.php\\\/2020\\\/11\\\/02\\\/a-omix-tomino-ofrece-un-curso-de-comida-vegana-sen-glute-e-outros-para-traballar-na-nube\\\/#primaryimage\"},\"thumbnailUrl\":\"https:\\\/\\\/www.anovapeneira.gal\\\/wp-content\\\/uploads\\\/2019\\\/09\\\/concello_De_tominho_a_nova_peneria.jpg\",\"keywords\":[\"Concello de Tomi\u00f1o\"],\"articleSection\":[\"Baixo Mi\u00f1o\"],\"inLanguage\":\"gl-ES\",\"potentialAction\":[{\"@type\":\"CommentAction\",\"name\":\"Comment\",\"target\":[\"https:\\\/\\\/www.anovapeneira.gal\\\/index.php\\\/2020\\\/11\\\/02\\\/a-omix-tomino-ofrece-un-curso-de-comida-vegana-sen-glute-e-outros-para-traballar-na-nube\\\/#respond\"]}]},{\"@type\":\"WebPage\",\"@id\":\"https:\\\/\\\/www.anovapeneira.gal\\\/index.php\\\/2020\\\/11\\\/02\\\/a-omix-tomino-ofrece-un-curso-de-comida-vegana-sen-glute-e-outros-para-traballar-na-nube\\\/\",\"url\":\"https:\\\/\\\/www.anovapeneira.gal\\\/index.php\\\/2020\\\/11\\\/02\\\/a-omix-tomino-ofrece-un-curso-de-comida-vegana-sen-glute-e-outros-para-traballar-na-nube\\\/\",\"name\":\"A OMIX Tomi\u00f1o ofrece un curso de comida vegana sen glute e outros para traballar na nube -\",\"isPartOf\":{\"@id\":\"https:\\\/\\\/www.anovapeneira.gal\\\/#website\"},\"primaryImageOfPage\":{\"@id\":\"https:\\\/\\\/www.anovapeneira.gal\\\/index.php\\\/2020\\\/11\\\/02\\\/a-omix-tomino-ofrece-un-curso-de-comida-vegana-sen-glute-e-outros-para-traballar-na-nube\\\/#primaryimage\"},\"image\":{\"@id\":\"https:\\\/\\\/www.anovapeneira.gal\\\/index.php\\\/2020\\\/11\\\/02\\\/a-omix-tomino-ofrece-un-curso-de-comida-vegana-sen-glute-e-outros-para-traballar-na-nube\\\/#primaryimage\"},\"thumbnailUrl\":\"https:\\\/\\\/www.anovapeneira.gal\\\/wp-content\\\/uploads\\\/2019\\\/09\\\/concello_De_tominho_a_nova_peneria.jpg\",\"datePublished\":\"2020-11-02T11:00:39+00:00\",\"description\":\"As posibilidades que ofrece Google Docs o como utilizar a Sede Electr\u00f3nica do Concello, son outras das propostas da oficina xuvenil municipal\",\"breadcrumb\":{\"@id\":\"https:\\\/\\\/www.anovapeneira.gal\\\/index.php\\\/2020\\\/11\\\/02\\\/a-omix-tomino-ofrece-un-curso-de-comida-vegana-sen-glute-e-outros-para-traballar-na-nube\\\/#breadcrumb\"},\"inLanguage\":\"gl-ES\",\"potentialAction\":[{\"@type\":\"ReadAction\",\"target\":[\"https:\\\/\\\/www.anovapeneira.gal\\\/index.php\\\/2020\\\/11\\\/02\\\/a-omix-tomino-ofrece-un-curso-de-comida-vegana-sen-glute-e-outros-para-traballar-na-nube\\\/\"]}]},{\"@type\":\"ImageObject\",\"inLanguage\":\"gl-ES\",\"@id\":\"https:\\\/\\\/www.anovapeneira.gal\\\/index.php\\\/2020\\\/11\\\/02\\\/a-omix-tomino-ofrece-un-curso-de-comida-vegana-sen-glute-e-outros-para-traballar-na-nube\\\/#primaryimage\",\"url\":\"https:\\\/\\\/www.anovapeneira.gal\\\/wp-content\\\/uploads\\\/2019\\\/09\\\/concello_De_tominho_a_nova_peneria.jpg\",\"contentUrl\":\"https:\\\/\\\/www.anovapeneira.gal\\\/wp-content\\\/uploads\\\/2019\\\/09\\\/concello_De_tominho_a_nova_peneria.jpg\",\"width\":720,\"height\":473,\"caption\":\"Concello de Tomi\u00f1o A Nova Peneira\"},{\"@type\":\"BreadcrumbList\",\"@id\":\"https:\\\/\\\/www.anovapeneira.gal\\\/index.php\\\/2020\\\/11\\\/02\\\/a-omix-tomino-ofrece-un-curso-de-comida-vegana-sen-glute-e-outros-para-traballar-na-nube\\\/#breadcrumb\",\"itemListElement\":[{\"@type\":\"ListItem\",\"position\":1,\"name\":\"Portada\",\"item\":\"https:\\\/\\\/www.anovapeneira.gal\\\/\"},{\"@type\":\"ListItem\",\"position\":2,\"name\":\"A OMIX Tomi\u00f1o ofrece un curso de comida vegana sen glute e outros para traballar na nube\"}]},{\"@type\":\"WebSite\",\"@id\":\"https:\\\/\\\/www.anovapeneira.gal\\\/#website\",\"url\":\"https:\\\/\\\/www.anovapeneira.gal\\\/\",\"name\":\"\",\"description\":\"Xornal galego de informaci\u00f3n xeral Publicaci\u00f3n mensual de novas de Galicia e en especial dos Concellos da sur da provincia de Pontevedra.\",\"publisher\":{\"@id\":\"https:\\\/\\\/www.anovapeneira.gal\\\/#organization\"},\"potentialAction\":[{\"@type\":\"SearchAction\",\"target\":{\"@type\":\"EntryPoint\",\"urlTemplate\":\"https:\\\/\\\/www.anovapeneira.gal\\\/?s={search_term_string}\"},\"query-input\":{\"@type\":\"PropertyValueSpecification\",\"valueRequired\":true,\"valueName\":\"search_term_string\"}}],\"inLanguage\":\"gl-ES\"},{\"@type\":\"Organization\",\"@id\":\"https:\\\/\\\/www.anovapeneira.gal\\\/#organization\",\"name\":\"A Nova Peneira\",\"url\":\"https:\\\/\\\/www.anovapeneira.gal\\\/\",\"logo\":{\"@type\":\"ImageObject\",\"inLanguage\":\"gl-ES\",\"@id\":\"https:\\\/\\\/www.anovapeneira.gal\\\/#\\\/schema\\\/logo\\\/image\\\/\",\"url\":\"http:\\\/\\\/www.anovapeneira.gal\\\/wp-content\\\/uploads\\\/2019\\\/06\\\/logo_a_nova_peneira_portal_web.png\",\"contentUrl\":\"http:\\\/\\\/www.anovapeneira.gal\\\/wp-content\\\/uploads\\\/2019\\\/06\\\/logo_a_nova_peneira_portal_web.png\",\"width\":300,\"height\":100,\"caption\":\"A Nova Peneira\"},\"image\":{\"@id\":\"https:\\\/\\\/www.anovapeneira.gal\\\/#\\\/schema\\\/logo\\\/image\\\/\"},\"sameAs\":[\"https:\\\/\\\/www.facebook.com\\\/anovapeneira\",\"https:\\\/\\\/x.com\\\/APeneira\"]},{\"@type\":\"Person\",\"@id\":\"https:\\\/\\\/www.anovapeneira.gal\\\/#\\\/schema\\\/person\\\/b93e3f8932e3f8da96334607eb6ac6aa\",\"name\":\"Redacci\u00f3n A Nova Peneira\",\"image\":{\"@type\":\"ImageObject\",\"inLanguage\":\"gl-ES\",\"@id\":\"https:\\\/\\\/secure.gravatar.com\\\/avatar\\\/c052a2551a06e23fac63626232eaa90abd78dbcf1700fc46a2b2c89fd27b735f?s=96&d=mm&r=g\",\"url\":\"https:\\\/\\\/secure.gravatar.com\\\/avatar\\\/c052a2551a06e23fac63626232eaa90abd78dbcf1700fc46a2b2c89fd27b735f?s=96&d=mm&r=g\",\"contentUrl\":\"https:\\\/\\\/secure.gravatar.com\\\/avatar\\\/c052a2551a06e23fac63626232eaa90abd78dbcf1700fc46a2b2c89fd27b735f?s=96&d=mm&r=g\",\"caption\":\"Redacci\u00f3n A Nova Peneira\"},\"sameAs\":[\"http:\\\/\\\/www.anovapeneira.gal\\\/\"],\"url\":\"https:\\\/\\\/www.anovapeneira.gal\\\/index.php\\\/author\\\/redactor\\\/\"}]}<\/script>\n<!-- \/ Yoast SEO plugin. -->","yoast_head_json":{"title":"A OMIX Tomi\u00f1o ofrece un curso de comida vegana sen glute e outros para traballar na nube -","description":"As posibilidades que ofrece Google Docs o como utilizar a Sede Electr\u00f3nica do Concello, son outras das propostas da oficina xuvenil municipal","robots":{"index":"index","follow":"follow","max-snippet":"max-snippet:-1","max-image-preview":"max-image-preview:large","max-video-preview":"max-video-preview:-1"},"canonical":"https:\/\/www.anovapeneira.gal\/index.php\/2020\/11\/02\/a-omix-tomino-ofrece-un-curso-de-comida-vegana-sen-glute-e-outros-para-traballar-na-nube\/","og_locale":"gl_ES","og_type":"article","og_title":"A OMIX Tomi\u00f1o ofrece un curso de comida vegana sen glute e outros para traballar na nube -","og_description":"As posibilidades que ofrece Google Docs o como utilizar a Sede Electr\u00f3nica do Concello, son outras das propostas da oficina xuvenil municipal","og_url":"https:\/\/www.anovapeneira.gal\/index.php\/2020\/11\/02\/a-omix-tomino-ofrece-un-curso-de-comida-vegana-sen-glute-e-outros-para-traballar-na-nube\/","article_publisher":"https:\/\/www.facebook.com\/anovapeneira","article_published_time":"2020-11-02T11:00:39+00:00","og_image":[{"width":720,"height":473,"url":"https:\/\/www.anovapeneira.gal\/wp-content\/uploads\/2019\/09\/concello_De_tominho_a_nova_peneria.jpg","type":"image\/jpeg"}],"author":"Redacci\u00f3n A Nova Peneira","twitter_card":"summary_large_image","twitter_creator":"@APeneira","twitter_site":"@APeneira","twitter_misc":{"Escrito por":"Redacci\u00f3n A Nova Peneira","Tempo de lectura":"2 minutos"},"schema":{"@context":"https:\/\/schema.org","@graph":[{"@type":"Article","@id":"https:\/\/www.anovapeneira.gal\/index.php\/2020\/11\/02\/a-omix-tomino-ofrece-un-curso-de-comida-vegana-sen-glute-e-outros-para-traballar-na-nube\/#article","isPartOf":{"@id":"https:\/\/www.anovapeneira.gal\/index.php\/2020\/11\/02\/a-omix-tomino-ofrece-un-curso-de-comida-vegana-sen-glute-e-outros-para-traballar-na-nube\/"},"author":{"name":"Redacci\u00f3n A Nova Peneira","@id":"https:\/\/www.anovapeneira.gal\/#\/schema\/person\/b93e3f8932e3f8da96334607eb6ac6aa"},"headline":"A OMIX Tomi\u00f1o ofrece un curso de comida vegana sen glute e outros para traballar na nube","datePublished":"2020-11-02T11:00:39+00:00","mainEntityOfPage":{"@id":"https:\/\/www.anovapeneira.gal\/index.php\/2020\/11\/02\/a-omix-tomino-ofrece-un-curso-de-comida-vegana-sen-glute-e-outros-para-traballar-na-nube\/"},"wordCount":499,"commentCount":0,"publisher":{"@id":"https:\/\/www.anovapeneira.gal\/#organization"},"image":{"@id":"https:\/\/www.anovapeneira.gal\/index.php\/2020\/11\/02\/a-omix-tomino-ofrece-un-curso-de-comida-vegana-sen-glute-e-outros-para-traballar-na-nube\/#primaryimage"},"thumbnailUrl":"https:\/\/www.anovapeneira.gal\/wp-content\/uploads\/2019\/09\/concello_De_tominho_a_nova_peneria.jpg","keywords":["Concello de Tomi\u00f1o"],"articleSection":["Baixo Mi\u00f1o"],"inLanguage":"gl-ES","potentialAction":[{"@type":"CommentAction","name":"Comment","target":["https:\/\/www.anovapeneira.gal\/index.php\/2020\/11\/02\/a-omix-tomino-ofrece-un-curso-de-comida-vegana-sen-glute-e-outros-para-traballar-na-nube\/#respond"]}]},{"@type":"WebPage","@id":"https:\/\/www.anovapeneira.gal\/index.php\/2020\/11\/02\/a-omix-tomino-ofrece-un-curso-de-comida-vegana-sen-glute-e-outros-para-traballar-na-nube\/","url":"https:\/\/www.anovapeneira.gal\/index.php\/2020\/11\/02\/a-omix-tomino-ofrece-un-curso-de-comida-vegana-sen-glute-e-outros-para-traballar-na-nube\/","name":"A OMIX Tomi\u00f1o ofrece un curso de comida vegana sen glute e outros para traballar na nube -","isPartOf":{"@id":"https:\/\/www.anovapeneira.gal\/#website"},"primaryImageOfPage":{"@id":"https:\/\/www.anovapeneira.gal\/index.php\/2020\/11\/02\/a-omix-tomino-ofrece-un-curso-de-comida-vegana-sen-glute-e-outros-para-traballar-na-nube\/#primaryimage"},"image":{"@id":"https:\/\/www.anovapeneira.gal\/index.php\/2020\/11\/02\/a-omix-tomino-ofrece-un-curso-de-comida-vegana-sen-glute-e-outros-para-traballar-na-nube\/#primaryimage"},"thumbnailUrl":"https:\/\/www.anovapeneira.gal\/wp-content\/uploads\/2019\/09\/concello_De_tominho_a_nova_peneria.jpg","datePublished":"2020-11-02T11:00:39+00:00","description":"As posibilidades que ofrece Google Docs o como utilizar a Sede Electr\u00f3nica do Concello, son outras das propostas da oficina xuvenil municipal","breadcrumb":{"@id":"https:\/\/www.anovapeneira.gal\/index.php\/2020\/11\/02\/a-omix-tomino-ofrece-un-curso-de-comida-vegana-sen-glute-e-outros-para-traballar-na-nube\/#breadcrumb"},"inLanguage":"gl-ES","potentialAction":[{"@type":"ReadAction","target":["https:\/\/www.anovapeneira.gal\/index.php\/2020\/11\/02\/a-omix-tomino-ofrece-un-curso-de-comida-vegana-sen-glute-e-outros-para-traballar-na-nube\/"]}]},{"@type":"ImageObject","inLanguage":"gl-ES","@id":"https:\/\/www.anovapeneira.gal\/index.php\/2020\/11\/02\/a-omix-tomino-ofrece-un-curso-de-comida-vegana-sen-glute-e-outros-para-traballar-na-nube\/#primaryimage","url":"https:\/\/www.anovapeneira.gal\/wp-content\/uploads\/2019\/09\/concello_De_tominho_a_nova_peneria.jpg","contentUrl":"https:\/\/www.anovapeneira.gal\/wp-content\/uploads\/2019\/09\/concello_De_tominho_a_nova_peneria.jpg","width":720,"height":473,"caption":"Concello de Tomi\u00f1o A Nova Peneira"},{"@type":"BreadcrumbList","@id":"https:\/\/www.anovapeneira.gal\/index.php\/2020\/11\/02\/a-omix-tomino-ofrece-un-curso-de-comida-vegana-sen-glute-e-outros-para-traballar-na-nube\/#breadcrumb","itemListElement":[{"@type":"ListItem","position":1,"name":"Portada","item":"https:\/\/www.anovapeneira.gal\/"},{"@type":"ListItem","position":2,"name":"A OMIX Tomi\u00f1o ofrece un curso de comida vegana sen glute e outros para traballar na nube"}]},{"@type":"WebSite","@id":"https:\/\/www.anovapeneira.gal\/#website","url":"https:\/\/www.anovapeneira.gal\/","name":"","description":"Xornal galego de informaci\u00f3n xeral Publicaci\u00f3n mensual de novas de Galicia e en especial dos Concellos da sur da provincia de Pontevedra.","publisher":{"@id":"https:\/\/www.anovapeneira.gal\/#organization"},"potentialAction":[{"@type":"SearchAction","target":{"@type":"EntryPoint","urlTemplate":"https:\/\/www.anovapeneira.gal\/?s={search_term_string}"},"query-input":{"@type":"PropertyValueSpecification","valueRequired":true,"valueName":"search_term_string"}}],"inLanguage":"gl-ES"},{"@type":"Organization","@id":"https:\/\/www.anovapeneira.gal\/#organization","name":"A Nova Peneira","url":"https:\/\/www.anovapeneira.gal\/","logo":{"@type":"ImageObject","inLanguage":"gl-ES","@id":"https:\/\/www.anovapeneira.gal\/#\/schema\/logo\/image\/","url":"http:\/\/www.anovapeneira.gal\/wp-content\/uploads\/2019\/06\/logo_a_nova_peneira_portal_web.png","contentUrl":"http:\/\/www.anovapeneira.gal\/wp-content\/uploads\/2019\/06\/logo_a_nova_peneira_portal_web.png","width":300,"height":100,"caption":"A Nova Peneira"},"image":{"@id":"https:\/\/www.anovapeneira.gal\/#\/schema\/logo\/image\/"},"sameAs":["https:\/\/www.facebook.com\/anovapeneira","https:\/\/x.com\/APeneira"]},{"@type":"Person","@id":"https:\/\/www.anovapeneira.gal\/#\/schema\/person\/b93e3f8932e3f8da96334607eb6ac6aa","name":"Redacci\u00f3n A Nova Peneira","image":{"@type":"ImageObject","inLanguage":"gl-ES","@id":"https:\/\/secure.gravatar.com\/avatar\/c052a2551a06e23fac63626232eaa90abd78dbcf1700fc46a2b2c89fd27b735f?s=96&d=mm&r=g","url":"https:\/\/secure.gravatar.com\/avatar\/c052a2551a06e23fac63626232eaa90abd78dbcf1700fc46a2b2c89fd27b735f?s=96&d=mm&r=g","contentUrl":"https:\/\/secure.gravatar.com\/avatar\/c052a2551a06e23fac63626232eaa90abd78dbcf1700fc46a2b2c89fd27b735f?s=96&d=mm&r=g","caption":"Redacci\u00f3n A Nova Peneira"},"sameAs":["http:\/\/www.anovapeneira.gal\/"],"url":"https:\/\/www.anovapeneira.gal\/index.php\/author\/redactor\/"}]}},"jetpack_featured_media_url":"https:\/\/www.anovapeneira.gal\/wp-content\/uploads\/2019\/09\/concello_De_tominho_a_nova_peneria.jpg","_links":{"self":[{"href":"https:\/\/www.anovapeneira.gal\/index.php\/wp-json\/wp\/v2\/posts\/4196","targetHints":{"allow":["GET"]}}],"collection":[{"href":"https:\/\/www.anovapeneira.gal\/index.php\/wp-json\/wp\/v2\/posts"}],"about":[{"href":"https:\/\/www.anovapeneira.gal\/index.php\/wp-json\/wp\/v2\/types\/post"}],"author":[{"embeddable":true,"href":"https:\/\/www.anovapeneira.gal\/index.php\/wp-json\/wp\/v2\/users\/3"}],"replies":[{"embeddable":true,"href":"https:\/\/www.anovapeneira.gal\/index.php\/wp-json\/wp\/v2\/comments?post=4196"}],"version-history":[{"count":1,"href":"https:\/\/www.anovapeneira.gal\/index.php\/wp-json\/wp\/v2\/posts\/4196\/revisions"}],"predecessor-version":[{"id":4197,"href":"https:\/\/www.anovapeneira.gal\/index.php\/wp-json\/wp\/v2\/posts\/4196\/revisions\/4197"}],"wp:featuredmedia":[{"embeddable":true,"href":"https:\/\/www.anovapeneira.gal\/index.php\/wp-json\/wp\/v2\/media\/1336"}],"wp:attachment":[{"href":"https:\/\/www.anovapeneira.gal\/index.php\/wp-json\/wp\/v2\/media?parent=4196"}],"wp:term":[{"taxonomy":"category","embeddable":true,"href":"https:\/\/www.anovapeneira.gal\/index.php\/wp-json\/wp\/v2\/categories?post=4196"},{"taxonomy":"post_tag","embeddable":true,"href":"https:\/\/www.anovapeneira.gal\/index.php\/wp-json\/wp\/v2\/tags?post=4196"}],"curies":[{"name":"wp","href":"https:\/\/api.w.org\/{rel}","templated":true}]}}