{"id":4204,"date":"2020-11-03T12:00:18","date_gmt":"2020-11-03T11:00:18","guid":{"rendered":"http:\/\/www.anovapeneira.gal\/?p=4204"},"modified":"2020-11-01T19:59:58","modified_gmt":"2020-11-01T18:59:58","slug":"os-investimentos-dos-pge-en-galicia-para-2021-medran-un-47-nos-ultimos-tres-anos","status":"publish","type":"post","link":"https:\/\/www.anovapeneira.gal\/index.php\/2020\/11\/03\/os-investimentos-dos-pge-en-galicia-para-2021-medran-un-47-nos-ultimos-tres-anos\/","title":{"rendered":"Os investimentos dos PGE en Galicia para 2021 medran un 47% nos \u00faltimos tres anos"},"content":{"rendered":"\n<h2 class=\"wp-block-heading\"><em>G\u00f3mez Reino: &#8220;Estes orzamentos son determinantes para o pa\u00eds tanto polo volumen in\u00e9dito de recursos que mobilizan como pola cobertura social e laboral.&nbsp; \u00c9 indispensable aprobalos axi\u00f1a para rachar co pasado e construir futuro&#8221;<\/em><\/h2>\n\n\n\n<p><br><em>Desde 2016, Galicia en Com\u00fan ten rexistradas 34&nbsp;iniciativas no Congreso urxindo a rebaixa das peaxes na AP9 e a transferencia da autoestrada, ademais da convocatoria da comisi\u00f3n bilateral Estado-Xunta para abordala no inmediato<\/em><br>&nbsp;<\/p>\n\n\n\n<p><strong>Santiago de Compostela, 30 outubro de 2020.<\/strong><\/p>\n\n\n\n<p>Galicia contar\u00e1 no vindeiro ano 2021 con 240 mill\u00f3ns de euros m\u00e1is en investimento con respecto ao 2018, o que sup\u00f3n un incremento global dun 47% extraendo do c\u00f3mputo total\u00a0as multimillonarias partidas para a chegada do AVE pa\u00eds, coas obras do tren de alta velocidade preto da s\u00faa conclusi\u00f3n.\u00a0<\/p>\n\n\n\n<p>As inversi\u00f3ns do Estado en Galicia para 2021 medran un 47% e o montante (en mill\u00f3ns de euros) el\u00e9vase de 515 no 2018 a 755 no proxecto orzamentario do Goberno de coalici\u00f3n para 2021, cunha inversi\u00f3n&nbsp;media de 308 euros por cada galego e galega moi superior a media estatal e moi por riba do que percibir\u00e1n por habitante outras autonom\u00edas, froito do inxente traballo de Galicia en Com\u00fan dentro do Executivo de coalici\u00f3n.&nbsp;<\/p>\n\n\n\n<p>Por provincias, tal e como se aprecia na&nbsp;tablas anexa, o rural e interior de Lugo e Ourense son as d\u00faas nas que medra m\u00e1is a inversi\u00f3n para tratar de revertir o extremo desleixo&nbsp;do decenio de mandato popular. \u00c9 as\u00ed que Lugo recibir\u00e1 114 mill\u00f3ns, un 90% m\u00e1is, mentres que Ourense pasa de 39 a 71 mill\u00f3ns, cun incremento do 83% nos fondos.&nbsp;<br><br>A Coru\u00f1a e Pontevedra mante\u00f1en un volumen elevado&nbsp; de inversi\u00f3ns. No caso da primeira&nbsp;ser\u00e1n 370 mill\u00f3ns, cunha medra un 39% en relaci\u00f3n a 2018, e 199 mill\u00f3ns de euros para Ponvedra, que percibe 48 mill\u00f3ns m\u00e1is que hai tres anos.&nbsp;<\/p>\n\n\n\n<p>Desde Galicia en Com\u00fan, Ant\u00f3n G\u00f3mez Reino, fai fincap\u00e9 na oportunidade hist\u00f3rica que implica un investimento desta magnitude, no que a pegada ministerial en Galicia medra un 29%.<br><br>O deputado de Unidas Podemos no grupo confederal e portavoz de Galicia&nbsp; en Com\u00fan, manifestou que &#8220;estes orzamentos son determinantes para o pa\u00eds tanto polo volumen in\u00e9dito de recursos que mobilizan como pola cobertura social e laboral&#8221;. &#8220;\u00c9 indispensable aprobalos axi\u00f1a para rachar co pasado e construir futuro&#8221;, subli\u00f1ou.&nbsp;<\/p>\n\n\n\n<p>Outro dos eixos estrat\u00e9xicos destas contas \u00e9 a asignaci\u00f3n dunha partida de 55 mill\u00f3ns para rebaixa das peaxes e supresi\u00f3n de tramos da Autoestrada do Atl\u00e1ntico. Na pr\u00e1ctica, sup\u00f3n que miles de galegas e galegos aforrar\u00e1n cartos nas s\u00faas viaxes&nbsp; e nos traxectos pola principal arteria viaria de Galicia, o que repercute na vertebraci\u00f3n social e no impulso econ\u00f3mico do pa\u00eds.&nbsp; A maiores, supr\u00edmense novos tramos como Vigo-Redondela e o 1% da ampliaci\u00f3n de Rande.&nbsp;<\/p>\n\n\n\n<p>&#8220;Non \u00e9 casual&#8221;, apuntou G\u00f3mez Reino. &#8220;A inclusi\u00f3n desta partida para a rebaixa da Ap-9 \u00e9 a resposta a unha demanda hist\u00f3rica e un\u00e1nime da sociedade galega, que clamaba contra as peaxes abusivas de Audasa que desangran os petos das galegas. Tam\u00e9n \u00e9 o froito de moitos anos de traballo de Galicia en Com\u00fan e de batalla pol\u00edtica no Congreso para que poida ser unha realidade. Porque con Galicia no Goberno, Galicia conta&#8221;.&nbsp;<\/p>\n\n\n\n<p>Desde 2016, Galicia en Com\u00fan ten rexistradas na C\u00e1mara Baixa ma\u00eds de 34&nbsp;iniciativas e intervenci\u00f3ns de todo tipo para demandar a baixada das peaxes na Ap9 e urxindo a transferencia da autoestrada na XII lexislatura. Foron 13 iniciativas (3 preguntas, 3 Proposici\u00f3ns Non de Lei, 1 solicitud de informaci\u00f3n, 3 preguntas orais en comisi\u00f3n, 1 pregunta oral en Pleno, 1 solicitud de Reconsideraci\u00f3n de la mesa y 1 PL org\u00e1nica registrada 2 veces, unha con cada goberrno. Ao respecto das peaxes, un total de 21 iniciativas (12 preguntas, 4 PNLs, 3 preguntas orais en Comisi\u00f3n, 2 solicitudes de Comparecencia en Comisi\u00f3n).<br><br>&nbsp;Anexo investimentos 2018-2021:&nbsp;<strong>https:\/\/i.gal\/oYerg&nbsp;<\/strong><\/p>\n","protected":false},"excerpt":{"rendered":"<div class=\"mh-excerpt\"><p>G\u00f3mez Reino: &#8220;Estes orzamentos son determinantes para o pa\u00eds tanto polo volumen in\u00e9dito de recursos que mobilizan como pola cobertura social e laboral.  \u00c9 indispensable aprobalos axi\u00f1a para rachar co pasado e construir futuro&#8221; <a class=\"mh-excerpt-more\" href=\"https:\/\/www.anovapeneira.gal\/index.php\/2020\/11\/03\/os-investimentos-dos-pge-en-galicia-para-2021-medran-un-47-nos-ultimos-tres-anos\/\" title=\"Os investimentos dos PGE en Galicia para 2021 medran un 47% nos \u00faltimos tres anos\">[&#8230;]<\/a><\/p>\n<\/div>","protected":false},"author":3,"featured_media":4205,"comment_status":"open","ping_status":"open","sticky":false,"template":"","format":"standard","meta":{"_exactmetrics_skip_tracking":false,"_exactmetrics_sitenote_active":false,"_exactmetrics_sitenote_note":"","_exactmetrics_sitenote_category":0,"footnotes":""},"categories":[263],"tags":[63],"class_list":{"0":"post-4204","1":"post","2":"type-post","3":"status-publish","4":"format-standard","5":"has-post-thumbnail","7":"category-novas","8":"tag-galicia"},"yoast_head":"<!-- This site is optimized with the Yoast SEO plugin v27.4 - https:\/\/yoast.com\/product\/yoast-seo-wordpress\/ -->\n<title>Os investimentos dos PGE en Galicia para 2021 medran un 47% nos \u00faltimos tres anos -<\/title>\n<meta name=\"description\" content=\"G\u00f3mez Reino: &quot;Estes orzamentos son determinantes para o pa\u00eds tanto polo volumen in\u00e9dito de recursos que mobilizan como pola cobertura social e laboral. \u00c9 indispensable aprobalos axi\u00f1a para rachar co pasado e construir futuro&quot;\" \/>\n<meta name=\"robots\" content=\"index, follow, max-snippet:-1, max-image-preview:large, max-video-preview:-1\" \/>\n<link rel=\"canonical\" href=\"https:\/\/www.anovapeneira.gal\/index.php\/2020\/11\/03\/os-investimentos-dos-pge-en-galicia-para-2021-medran-un-47-nos-ultimos-tres-anos\/\" \/>\n<meta property=\"og:locale\" content=\"gl_ES\" \/>\n<meta property=\"og:type\" content=\"article\" \/>\n<meta property=\"og:title\" content=\"Os investimentos dos PGE en Galicia para 2021 medran un 47% nos \u00faltimos tres anos -\" \/>\n<meta property=\"og:description\" content=\"G\u00f3mez Reino: &quot;Estes orzamentos son determinantes para o pa\u00eds tanto polo volumen in\u00e9dito de recursos que mobilizan como pola cobertura social e laboral. \u00c9 indispensable aprobalos axi\u00f1a para rachar co pasado e construir futuro&quot;\" \/>\n<meta property=\"og:url\" content=\"https:\/\/www.anovapeneira.gal\/index.php\/2020\/11\/03\/os-investimentos-dos-pge-en-galicia-para-2021-medran-un-47-nos-ultimos-tres-anos\/\" \/>\n<meta property=\"article:publisher\" content=\"https:\/\/www.facebook.com\/anovapeneira\" \/>\n<meta property=\"article:published_time\" content=\"2020-11-03T11:00:18+00:00\" \/>\n<meta property=\"og:image\" content=\"https:\/\/www.anovapeneira.gal\/wp-content\/uploads\/2020\/11\/gomez_reino_pge.jpg\" \/>\n\t<meta property=\"og:image:width\" content=\"720\" \/>\n\t<meta property=\"og:image:height\" content=\"432\" \/>\n\t<meta property=\"og:image:type\" content=\"image\/jpeg\" \/>\n<meta name=\"author\" content=\"Redacci\u00f3n A Nova Peneira\" \/>\n<meta name=\"twitter:card\" content=\"summary_large_image\" \/>\n<meta name=\"twitter:creator\" content=\"@APeneira\" \/>\n<meta name=\"twitter:site\" content=\"@APeneira\" \/>\n<meta name=\"twitter:label1\" content=\"Escrito por\" \/>\n\t<meta name=\"twitter:data1\" content=\"Redacci\u00f3n A Nova Peneira\" \/>\n\t<meta name=\"twitter:label2\" content=\"Tempo de lectura\" \/>\n\t<meta name=\"twitter:data2\" content=\"3 minutos\" \/>\n<script type=\"application\/ld+json\" class=\"yoast-schema-graph\">{\"@context\":\"https:\\\/\\\/schema.org\",\"@graph\":[{\"@type\":\"Article\",\"@id\":\"https:\\\/\\\/www.anovapeneira.gal\\\/index.php\\\/2020\\\/11\\\/03\\\/os-investimentos-dos-pge-en-galicia-para-2021-medran-un-47-nos-ultimos-tres-anos\\\/#article\",\"isPartOf\":{\"@id\":\"https:\\\/\\\/www.anovapeneira.gal\\\/index.php\\\/2020\\\/11\\\/03\\\/os-investimentos-dos-pge-en-galicia-para-2021-medran-un-47-nos-ultimos-tres-anos\\\/\"},\"author\":{\"name\":\"Redacci\u00f3n A Nova Peneira\",\"@id\":\"https:\\\/\\\/www.anovapeneira.gal\\\/#\\\/schema\\\/person\\\/b93e3f8932e3f8da96334607eb6ac6aa\"},\"headline\":\"Os investimentos dos PGE en Galicia para 2021 medran un 47% nos \u00faltimos tres anos\",\"datePublished\":\"2020-11-03T11:00:18+00:00\",\"mainEntityOfPage\":{\"@id\":\"https:\\\/\\\/www.anovapeneira.gal\\\/index.php\\\/2020\\\/11\\\/03\\\/os-investimentos-dos-pge-en-galicia-para-2021-medran-un-47-nos-ultimos-tres-anos\\\/\"},\"wordCount\":699,\"commentCount\":0,\"publisher\":{\"@id\":\"https:\\\/\\\/www.anovapeneira.gal\\\/#organization\"},\"image\":{\"@id\":\"https:\\\/\\\/www.anovapeneira.gal\\\/index.php\\\/2020\\\/11\\\/03\\\/os-investimentos-dos-pge-en-galicia-para-2021-medran-un-47-nos-ultimos-tres-anos\\\/#primaryimage\"},\"thumbnailUrl\":\"https:\\\/\\\/www.anovapeneira.gal\\\/wp-content\\\/uploads\\\/2020\\\/11\\\/gomez_reino_pge.jpg\",\"keywords\":[\"Galicia\"],\"articleSection\":[\"Novas\"],\"inLanguage\":\"gl-ES\",\"potentialAction\":[{\"@type\":\"CommentAction\",\"name\":\"Comment\",\"target\":[\"https:\\\/\\\/www.anovapeneira.gal\\\/index.php\\\/2020\\\/11\\\/03\\\/os-investimentos-dos-pge-en-galicia-para-2021-medran-un-47-nos-ultimos-tres-anos\\\/#respond\"]}]},{\"@type\":\"WebPage\",\"@id\":\"https:\\\/\\\/www.anovapeneira.gal\\\/index.php\\\/2020\\\/11\\\/03\\\/os-investimentos-dos-pge-en-galicia-para-2021-medran-un-47-nos-ultimos-tres-anos\\\/\",\"url\":\"https:\\\/\\\/www.anovapeneira.gal\\\/index.php\\\/2020\\\/11\\\/03\\\/os-investimentos-dos-pge-en-galicia-para-2021-medran-un-47-nos-ultimos-tres-anos\\\/\",\"name\":\"Os investimentos dos PGE en Galicia para 2021 medran un 47% nos \u00faltimos tres anos -\",\"isPartOf\":{\"@id\":\"https:\\\/\\\/www.anovapeneira.gal\\\/#website\"},\"primaryImageOfPage\":{\"@id\":\"https:\\\/\\\/www.anovapeneira.gal\\\/index.php\\\/2020\\\/11\\\/03\\\/os-investimentos-dos-pge-en-galicia-para-2021-medran-un-47-nos-ultimos-tres-anos\\\/#primaryimage\"},\"image\":{\"@id\":\"https:\\\/\\\/www.anovapeneira.gal\\\/index.php\\\/2020\\\/11\\\/03\\\/os-investimentos-dos-pge-en-galicia-para-2021-medran-un-47-nos-ultimos-tres-anos\\\/#primaryimage\"},\"thumbnailUrl\":\"https:\\\/\\\/www.anovapeneira.gal\\\/wp-content\\\/uploads\\\/2020\\\/11\\\/gomez_reino_pge.jpg\",\"datePublished\":\"2020-11-03T11:00:18+00:00\",\"description\":\"G\u00f3mez Reino: \\\"Estes orzamentos son determinantes para o pa\u00eds tanto polo volumen in\u00e9dito de recursos que mobilizan como pola cobertura social e laboral. \u00c9 indispensable aprobalos axi\u00f1a para rachar co pasado e construir futuro\\\"\",\"breadcrumb\":{\"@id\":\"https:\\\/\\\/www.anovapeneira.gal\\\/index.php\\\/2020\\\/11\\\/03\\\/os-investimentos-dos-pge-en-galicia-para-2021-medran-un-47-nos-ultimos-tres-anos\\\/#breadcrumb\"},\"inLanguage\":\"gl-ES\",\"potentialAction\":[{\"@type\":\"ReadAction\",\"target\":[\"https:\\\/\\\/www.anovapeneira.gal\\\/index.php\\\/2020\\\/11\\\/03\\\/os-investimentos-dos-pge-en-galicia-para-2021-medran-un-47-nos-ultimos-tres-anos\\\/\"]}]},{\"@type\":\"ImageObject\",\"inLanguage\":\"gl-ES\",\"@id\":\"https:\\\/\\\/www.anovapeneira.gal\\\/index.php\\\/2020\\\/11\\\/03\\\/os-investimentos-dos-pge-en-galicia-para-2021-medran-un-47-nos-ultimos-tres-anos\\\/#primaryimage\",\"url\":\"https:\\\/\\\/www.anovapeneira.gal\\\/wp-content\\\/uploads\\\/2020\\\/11\\\/gomez_reino_pge.jpg\",\"contentUrl\":\"https:\\\/\\\/www.anovapeneira.gal\\\/wp-content\\\/uploads\\\/2020\\\/11\\\/gomez_reino_pge.jpg\",\"width\":720,\"height\":432,\"caption\":\"G\u00f3mez Reino: \\\"Estes orzamentos son determinantes para o pa\u00eds tanto polo volumen in\u00e9dito de recursos que mobilizan como pola cobertura social e laboral. \u00c9 indispensable aprobalos axi\u00f1a para rachar co pasado e construir futuro\"},{\"@type\":\"BreadcrumbList\",\"@id\":\"https:\\\/\\\/www.anovapeneira.gal\\\/index.php\\\/2020\\\/11\\\/03\\\/os-investimentos-dos-pge-en-galicia-para-2021-medran-un-47-nos-ultimos-tres-anos\\\/#breadcrumb\",\"itemListElement\":[{\"@type\":\"ListItem\",\"position\":1,\"name\":\"Portada\",\"item\":\"https:\\\/\\\/www.anovapeneira.gal\\\/\"},{\"@type\":\"ListItem\",\"position\":2,\"name\":\"Os investimentos dos PGE en Galicia para 2021 medran un 47% nos \u00faltimos tres anos\"}]},{\"@type\":\"WebSite\",\"@id\":\"https:\\\/\\\/www.anovapeneira.gal\\\/#website\",\"url\":\"https:\\\/\\\/www.anovapeneira.gal\\\/\",\"name\":\"\",\"description\":\"Xornal galego de informaci\u00f3n xeral Publicaci\u00f3n mensual de novas de Galicia e en especial dos Concellos da sur da provincia de Pontevedra.\",\"publisher\":{\"@id\":\"https:\\\/\\\/www.anovapeneira.gal\\\/#organization\"},\"potentialAction\":[{\"@type\":\"SearchAction\",\"target\":{\"@type\":\"EntryPoint\",\"urlTemplate\":\"https:\\\/\\\/www.anovapeneira.gal\\\/?s={search_term_string}\"},\"query-input\":{\"@type\":\"PropertyValueSpecification\",\"valueRequired\":true,\"valueName\":\"search_term_string\"}}],\"inLanguage\":\"gl-ES\"},{\"@type\":\"Organization\",\"@id\":\"https:\\\/\\\/www.anovapeneira.gal\\\/#organization\",\"name\":\"A Nova Peneira\",\"url\":\"https:\\\/\\\/www.anovapeneira.gal\\\/\",\"logo\":{\"@type\":\"ImageObject\",\"inLanguage\":\"gl-ES\",\"@id\":\"https:\\\/\\\/www.anovapeneira.gal\\\/#\\\/schema\\\/logo\\\/image\\\/\",\"url\":\"http:\\\/\\\/www.anovapeneira.gal\\\/wp-content\\\/uploads\\\/2019\\\/06\\\/logo_a_nova_peneira_portal_web.png\",\"contentUrl\":\"http:\\\/\\\/www.anovapeneira.gal\\\/wp-content\\\/uploads\\\/2019\\\/06\\\/logo_a_nova_peneira_portal_web.png\",\"width\":300,\"height\":100,\"caption\":\"A Nova Peneira\"},\"image\":{\"@id\":\"https:\\\/\\\/www.anovapeneira.gal\\\/#\\\/schema\\\/logo\\\/image\\\/\"},\"sameAs\":[\"https:\\\/\\\/www.facebook.com\\\/anovapeneira\",\"https:\\\/\\\/x.com\\\/APeneira\"]},{\"@type\":\"Person\",\"@id\":\"https:\\\/\\\/www.anovapeneira.gal\\\/#\\\/schema\\\/person\\\/b93e3f8932e3f8da96334607eb6ac6aa\",\"name\":\"Redacci\u00f3n A Nova Peneira\",\"image\":{\"@type\":\"ImageObject\",\"inLanguage\":\"gl-ES\",\"@id\":\"https:\\\/\\\/secure.gravatar.com\\\/avatar\\\/c052a2551a06e23fac63626232eaa90abd78dbcf1700fc46a2b2c89fd27b735f?s=96&d=mm&r=g\",\"url\":\"https:\\\/\\\/secure.gravatar.com\\\/avatar\\\/c052a2551a06e23fac63626232eaa90abd78dbcf1700fc46a2b2c89fd27b735f?s=96&d=mm&r=g\",\"contentUrl\":\"https:\\\/\\\/secure.gravatar.com\\\/avatar\\\/c052a2551a06e23fac63626232eaa90abd78dbcf1700fc46a2b2c89fd27b735f?s=96&d=mm&r=g\",\"caption\":\"Redacci\u00f3n A Nova Peneira\"},\"sameAs\":[\"http:\\\/\\\/www.anovapeneira.gal\\\/\"],\"url\":\"https:\\\/\\\/www.anovapeneira.gal\\\/index.php\\\/author\\\/redactor\\\/\"}]}<\/script>\n<!-- \/ Yoast SEO plugin. -->","yoast_head_json":{"title":"Os investimentos dos PGE en Galicia para 2021 medran un 47% nos \u00faltimos tres anos -","description":"G\u00f3mez Reino: \"Estes orzamentos son determinantes para o pa\u00eds tanto polo volumen in\u00e9dito de recursos que mobilizan como pola cobertura social e laboral. \u00c9 indispensable aprobalos axi\u00f1a para rachar co pasado e construir futuro\"","robots":{"index":"index","follow":"follow","max-snippet":"max-snippet:-1","max-image-preview":"max-image-preview:large","max-video-preview":"max-video-preview:-1"},"canonical":"https:\/\/www.anovapeneira.gal\/index.php\/2020\/11\/03\/os-investimentos-dos-pge-en-galicia-para-2021-medran-un-47-nos-ultimos-tres-anos\/","og_locale":"gl_ES","og_type":"article","og_title":"Os investimentos dos PGE en Galicia para 2021 medran un 47% nos \u00faltimos tres anos -","og_description":"G\u00f3mez Reino: \"Estes orzamentos son determinantes para o pa\u00eds tanto polo volumen in\u00e9dito de recursos que mobilizan como pola cobertura social e laboral. \u00c9 indispensable aprobalos axi\u00f1a para rachar co pasado e construir futuro\"","og_url":"https:\/\/www.anovapeneira.gal\/index.php\/2020\/11\/03\/os-investimentos-dos-pge-en-galicia-para-2021-medran-un-47-nos-ultimos-tres-anos\/","article_publisher":"https:\/\/www.facebook.com\/anovapeneira","article_published_time":"2020-11-03T11:00:18+00:00","og_image":[{"width":720,"height":432,"url":"https:\/\/www.anovapeneira.gal\/wp-content\/uploads\/2020\/11\/gomez_reino_pge.jpg","type":"image\/jpeg"}],"author":"Redacci\u00f3n A Nova Peneira","twitter_card":"summary_large_image","twitter_creator":"@APeneira","twitter_site":"@APeneira","twitter_misc":{"Escrito por":"Redacci\u00f3n A Nova Peneira","Tempo de lectura":"3 minutos"},"schema":{"@context":"https:\/\/schema.org","@graph":[{"@type":"Article","@id":"https:\/\/www.anovapeneira.gal\/index.php\/2020\/11\/03\/os-investimentos-dos-pge-en-galicia-para-2021-medran-un-47-nos-ultimos-tres-anos\/#article","isPartOf":{"@id":"https:\/\/www.anovapeneira.gal\/index.php\/2020\/11\/03\/os-investimentos-dos-pge-en-galicia-para-2021-medran-un-47-nos-ultimos-tres-anos\/"},"author":{"name":"Redacci\u00f3n A Nova Peneira","@id":"https:\/\/www.anovapeneira.gal\/#\/schema\/person\/b93e3f8932e3f8da96334607eb6ac6aa"},"headline":"Os investimentos dos PGE en Galicia para 2021 medran un 47% nos \u00faltimos tres anos","datePublished":"2020-11-03T11:00:18+00:00","mainEntityOfPage":{"@id":"https:\/\/www.anovapeneira.gal\/index.php\/2020\/11\/03\/os-investimentos-dos-pge-en-galicia-para-2021-medran-un-47-nos-ultimos-tres-anos\/"},"wordCount":699,"commentCount":0,"publisher":{"@id":"https:\/\/www.anovapeneira.gal\/#organization"},"image":{"@id":"https:\/\/www.anovapeneira.gal\/index.php\/2020\/11\/03\/os-investimentos-dos-pge-en-galicia-para-2021-medran-un-47-nos-ultimos-tres-anos\/#primaryimage"},"thumbnailUrl":"https:\/\/www.anovapeneira.gal\/wp-content\/uploads\/2020\/11\/gomez_reino_pge.jpg","keywords":["Galicia"],"articleSection":["Novas"],"inLanguage":"gl-ES","potentialAction":[{"@type":"CommentAction","name":"Comment","target":["https:\/\/www.anovapeneira.gal\/index.php\/2020\/11\/03\/os-investimentos-dos-pge-en-galicia-para-2021-medran-un-47-nos-ultimos-tres-anos\/#respond"]}]},{"@type":"WebPage","@id":"https:\/\/www.anovapeneira.gal\/index.php\/2020\/11\/03\/os-investimentos-dos-pge-en-galicia-para-2021-medran-un-47-nos-ultimos-tres-anos\/","url":"https:\/\/www.anovapeneira.gal\/index.php\/2020\/11\/03\/os-investimentos-dos-pge-en-galicia-para-2021-medran-un-47-nos-ultimos-tres-anos\/","name":"Os investimentos dos PGE en Galicia para 2021 medran un 47% nos \u00faltimos tres anos -","isPartOf":{"@id":"https:\/\/www.anovapeneira.gal\/#website"},"primaryImageOfPage":{"@id":"https:\/\/www.anovapeneira.gal\/index.php\/2020\/11\/03\/os-investimentos-dos-pge-en-galicia-para-2021-medran-un-47-nos-ultimos-tres-anos\/#primaryimage"},"image":{"@id":"https:\/\/www.anovapeneira.gal\/index.php\/2020\/11\/03\/os-investimentos-dos-pge-en-galicia-para-2021-medran-un-47-nos-ultimos-tres-anos\/#primaryimage"},"thumbnailUrl":"https:\/\/www.anovapeneira.gal\/wp-content\/uploads\/2020\/11\/gomez_reino_pge.jpg","datePublished":"2020-11-03T11:00:18+00:00","description":"G\u00f3mez Reino: \"Estes orzamentos son determinantes para o pa\u00eds tanto polo volumen in\u00e9dito de recursos que mobilizan como pola cobertura social e laboral. \u00c9 indispensable aprobalos axi\u00f1a para rachar co pasado e construir futuro\"","breadcrumb":{"@id":"https:\/\/www.anovapeneira.gal\/index.php\/2020\/11\/03\/os-investimentos-dos-pge-en-galicia-para-2021-medran-un-47-nos-ultimos-tres-anos\/#breadcrumb"},"inLanguage":"gl-ES","potentialAction":[{"@type":"ReadAction","target":["https:\/\/www.anovapeneira.gal\/index.php\/2020\/11\/03\/os-investimentos-dos-pge-en-galicia-para-2021-medran-un-47-nos-ultimos-tres-anos\/"]}]},{"@type":"ImageObject","inLanguage":"gl-ES","@id":"https:\/\/www.anovapeneira.gal\/index.php\/2020\/11\/03\/os-investimentos-dos-pge-en-galicia-para-2021-medran-un-47-nos-ultimos-tres-anos\/#primaryimage","url":"https:\/\/www.anovapeneira.gal\/wp-content\/uploads\/2020\/11\/gomez_reino_pge.jpg","contentUrl":"https:\/\/www.anovapeneira.gal\/wp-content\/uploads\/2020\/11\/gomez_reino_pge.jpg","width":720,"height":432,"caption":"G\u00f3mez Reino: \"Estes orzamentos son determinantes para o pa\u00eds tanto polo volumen in\u00e9dito de recursos que mobilizan como pola cobertura social e laboral. \u00c9 indispensable aprobalos axi\u00f1a para rachar co pasado e construir futuro"},{"@type":"BreadcrumbList","@id":"https:\/\/www.anovapeneira.gal\/index.php\/2020\/11\/03\/os-investimentos-dos-pge-en-galicia-para-2021-medran-un-47-nos-ultimos-tres-anos\/#breadcrumb","itemListElement":[{"@type":"ListItem","position":1,"name":"Portada","item":"https:\/\/www.anovapeneira.gal\/"},{"@type":"ListItem","position":2,"name":"Os investimentos dos PGE en Galicia para 2021 medran un 47% nos \u00faltimos tres anos"}]},{"@type":"WebSite","@id":"https:\/\/www.anovapeneira.gal\/#website","url":"https:\/\/www.anovapeneira.gal\/","name":"","description":"Xornal galego de informaci\u00f3n xeral Publicaci\u00f3n mensual de novas de Galicia e en especial dos Concellos da sur da provincia de Pontevedra.","publisher":{"@id":"https:\/\/www.anovapeneira.gal\/#organization"},"potentialAction":[{"@type":"SearchAction","target":{"@type":"EntryPoint","urlTemplate":"https:\/\/www.anovapeneira.gal\/?s={search_term_string}"},"query-input":{"@type":"PropertyValueSpecification","valueRequired":true,"valueName":"search_term_string"}}],"inLanguage":"gl-ES"},{"@type":"Organization","@id":"https:\/\/www.anovapeneira.gal\/#organization","name":"A Nova Peneira","url":"https:\/\/www.anovapeneira.gal\/","logo":{"@type":"ImageObject","inLanguage":"gl-ES","@id":"https:\/\/www.anovapeneira.gal\/#\/schema\/logo\/image\/","url":"http:\/\/www.anovapeneira.gal\/wp-content\/uploads\/2019\/06\/logo_a_nova_peneira_portal_web.png","contentUrl":"http:\/\/www.anovapeneira.gal\/wp-content\/uploads\/2019\/06\/logo_a_nova_peneira_portal_web.png","width":300,"height":100,"caption":"A Nova Peneira"},"image":{"@id":"https:\/\/www.anovapeneira.gal\/#\/schema\/logo\/image\/"},"sameAs":["https:\/\/www.facebook.com\/anovapeneira","https:\/\/x.com\/APeneira"]},{"@type":"Person","@id":"https:\/\/www.anovapeneira.gal\/#\/schema\/person\/b93e3f8932e3f8da96334607eb6ac6aa","name":"Redacci\u00f3n A Nova Peneira","image":{"@type":"ImageObject","inLanguage":"gl-ES","@id":"https:\/\/secure.gravatar.com\/avatar\/c052a2551a06e23fac63626232eaa90abd78dbcf1700fc46a2b2c89fd27b735f?s=96&d=mm&r=g","url":"https:\/\/secure.gravatar.com\/avatar\/c052a2551a06e23fac63626232eaa90abd78dbcf1700fc46a2b2c89fd27b735f?s=96&d=mm&r=g","contentUrl":"https:\/\/secure.gravatar.com\/avatar\/c052a2551a06e23fac63626232eaa90abd78dbcf1700fc46a2b2c89fd27b735f?s=96&d=mm&r=g","caption":"Redacci\u00f3n A Nova Peneira"},"sameAs":["http:\/\/www.anovapeneira.gal\/"],"url":"https:\/\/www.anovapeneira.gal\/index.php\/author\/redactor\/"}]}},"jetpack_featured_media_url":"https:\/\/www.anovapeneira.gal\/wp-content\/uploads\/2020\/11\/gomez_reino_pge.jpg","_links":{"self":[{"href":"https:\/\/www.anovapeneira.gal\/index.php\/wp-json\/wp\/v2\/posts\/4204","targetHints":{"allow":["GET"]}}],"collection":[{"href":"https:\/\/www.anovapeneira.gal\/index.php\/wp-json\/wp\/v2\/posts"}],"about":[{"href":"https:\/\/www.anovapeneira.gal\/index.php\/wp-json\/wp\/v2\/types\/post"}],"author":[{"embeddable":true,"href":"https:\/\/www.anovapeneira.gal\/index.php\/wp-json\/wp\/v2\/users\/3"}],"replies":[{"embeddable":true,"href":"https:\/\/www.anovapeneira.gal\/index.php\/wp-json\/wp\/v2\/comments?post=4204"}],"version-history":[{"count":1,"href":"https:\/\/www.anovapeneira.gal\/index.php\/wp-json\/wp\/v2\/posts\/4204\/revisions"}],"predecessor-version":[{"id":4206,"href":"https:\/\/www.anovapeneira.gal\/index.php\/wp-json\/wp\/v2\/posts\/4204\/revisions\/4206"}],"wp:featuredmedia":[{"embeddable":true,"href":"https:\/\/www.anovapeneira.gal\/index.php\/wp-json\/wp\/v2\/media\/4205"}],"wp:attachment":[{"href":"https:\/\/www.anovapeneira.gal\/index.php\/wp-json\/wp\/v2\/media?parent=4204"}],"wp:term":[{"taxonomy":"category","embeddable":true,"href":"https:\/\/www.anovapeneira.gal\/index.php\/wp-json\/wp\/v2\/categories?post=4204"},{"taxonomy":"post_tag","embeddable":true,"href":"https:\/\/www.anovapeneira.gal\/index.php\/wp-json\/wp\/v2\/tags?post=4204"}],"curies":[{"name":"wp","href":"https:\/\/api.w.org\/{rel}","templated":true}]}}