{"id":4214,"date":"2020-11-05T10:00:49","date_gmt":"2020-11-05T09:00:49","guid":{"rendered":"http:\/\/www.anovapeneira.gal\/?p=4214"},"modified":"2020-11-03T09:07:21","modified_gmt":"2020-11-03T08:07:21","slug":"a-xestion-da-biomasa-e-a-creacion-de-faixas-de-proteccion-claves-do-plan-municipal-de-prevencion-de-incendios-do-rosal","status":"publish","type":"post","link":"https:\/\/www.anovapeneira.gal\/index.php\/2020\/11\/05\/a-xestion-da-biomasa-e-a-creacion-de-faixas-de-proteccion-claves-do-plan-municipal-de-prevencion-de-incendios-do-rosal\/","title":{"rendered":"A xesti\u00f3n da biomasa e a creaci\u00f3n de faixas de protecci\u00f3n, claves do plan municipal de prevenci\u00f3n de incendios do Rosal"},"content":{"rendered":"\n<h2 class=\"wp-block-heading\"><strong>O Concello traballa man a man coas Comunidades de Montes Veci\u00f1ais en Man Com\u00fan do municipio para a posta en marcha do plan, subvencionado ao abeiro do Plan Concellos 2019 da Deputaci\u00f3n<\/strong><\/h2>\n\n\n\n<p><strong>O Rosal, 2 de novembro de 2020<\/strong><\/p>\n\n\n\n<p>Os t\u00e9cnicos do equipo redactor do plan municipal de prevenci\u00f3n e defensa contra os incendios forestais do Rosal debullaron os pormenores deste documento nunha reuni\u00f3n mantida a semana pasada na que participaron a alcaldesa, varios concelleiros, a t\u00e9cnica forestal municipal e representantes das Comunidades de Montes Veci\u00f1ais en Man Com\u00fan de O Rosal, As Eiras, San Xo\u00e1n de Tabag\u00f3n e San Miguel de Tabag\u00f3n. \u201cConcello e comunidades de montes mantemos unha relaci\u00f3n de reciprocidade nun tema tan importante como \u00e9 o dos lumes. Por iso colaboramos man a man para recompilar toda a informaci\u00f3n necesaria e contar coa opini\u00f3n das entidades m\u00e1is acostumadas a traballar na xesti\u00f3n dos montes\u201d, salienta a alcaldesa, \u00c1nxela Fern\u00e1ndez Call\u00eds.\u00a0<\/p>\n\n\n\n<p>O plan, que tivo un custe de 6.500 euros subvencionados ao abeiro do Plan Concellos 2019 da Deputaci\u00f3n de Pontevedra, ten por obxectivo planificar o territorio segundo o grao de perigo que sup\u00f3n a s\u00faa situaci\u00f3n actual, marcando as actuaci\u00f3ns necesarias a desenvolver e pivotar\u00e1 sobre a xesti\u00f3n da biomasa e a creaci\u00f3n de faixas exteriores para planificar o territorio segundo o grao de perigo que sup\u00f3n a s\u00faa situaci\u00f3n actual, marcando as actuaci\u00f3ns necesarias a desenvolver.<\/p>\n\n\n\n<p>A\u00ednda que o municipio rosaleiro ten un \u00edndice baixo de incendios, cunha media de 4,7 ao ano e 5,2 hect\u00e1reas afectadas segundo os datos da Conseller\u00eda de Medio Rural, os lumes forestais constit\u00faen unha das maiores ameazas ao sector forestal galego, un dos piares b\u00e1sicos da creaci\u00f3n e mantemento de emprego no rural. Neste sentido, o plan \u00e9 o documento que cont\u00e9n as acci\u00f3ns necesarias para a prevenci\u00f3n e defensa dos incendios tras unha an\u00e1lise da situaci\u00f3n actual e establecendo unha zonificaci\u00f3n do territorio como marco das directrices de actuaci\u00f3n.&nbsp;<\/p>\n\n\n\n<p>A trav\u00e9s deste plan def\u00ednese a rede de faixas secundarias de xesti\u00f3n de biomasa formadas por un conxunto de parcelas lineais do territorio estratexicamente localizadas, especialmente aquelas declaradas de alto risco, e a creaci\u00f3n e mantemento de faixas exteriores de protecci\u00f3n de zonas poboadas.&nbsp;<\/p>\n\n\n\n<p>Xunto a estas acci\u00f3ns, cont\u00e9mplase tam\u00e9n a eliminaci\u00f3n total ou parcial da biomasa forestal mediante t\u00e9cnicas silv\u00edcolas axeitadas para garantir o control, reducir o risco de incendio e protexer a seguridade da veci\u00f1anza.<\/p>\n","protected":false},"excerpt":{"rendered":"<div class=\"mh-excerpt\"><p>O Concello traballa man a man coas Comunidades de Montes Veci\u00f1ais en Man Com\u00fan do municipio para a posta en marcha do plan, subvencionado ao abeiro do Plan Concellos 2019 da Deputaci\u00f3n <a class=\"mh-excerpt-more\" href=\"https:\/\/www.anovapeneira.gal\/index.php\/2020\/11\/05\/a-xestion-da-biomasa-e-a-creacion-de-faixas-de-proteccion-claves-do-plan-municipal-de-prevencion-de-incendios-do-rosal\/\" title=\"A xesti\u00f3n da biomasa e a creaci\u00f3n de faixas de protecci\u00f3n, claves do plan municipal de prevenci\u00f3n de incendios do Rosal\">[&#8230;]<\/a><\/p>\n<\/div>","protected":false},"author":3,"featured_media":4215,"comment_status":"open","ping_status":"open","sticky":false,"template":"","format":"standard","meta":{"_exactmetrics_skip_tracking":false,"_exactmetrics_sitenote_active":false,"_exactmetrics_sitenote_note":"","_exactmetrics_sitenote_category":0,"footnotes":""},"categories":[21],"tags":[131],"class_list":{"0":"post-4214","1":"post","2":"type-post","3":"status-publish","4":"format-standard","5":"has-post-thumbnail","7":"category-baixo-mino","8":"tag-concello-do-rosal"},"yoast_head":"<!-- This site is optimized with the Yoast SEO plugin v27.4 - https:\/\/yoast.com\/product\/yoast-seo-wordpress\/ -->\n<title>A xesti\u00f3n da biomasa e a creaci\u00f3n de faixas de protecci\u00f3n, claves do plan municipal de prevenci\u00f3n de incendios do Rosal -<\/title>\n<meta name=\"description\" content=\"O Concello traballa man a man coas Comunidades de Montes Veci\u00f1ais en Man Com\u00fan do municipio para a posta en marcha do plan, subvencionado ao abeiro do Plan Concellos 2019 da Deputaci\u00f3n\" \/>\n<meta name=\"robots\" content=\"index, follow, max-snippet:-1, max-image-preview:large, max-video-preview:-1\" \/>\n<link rel=\"canonical\" href=\"https:\/\/www.anovapeneira.gal\/index.php\/2020\/11\/05\/a-xestion-da-biomasa-e-a-creacion-de-faixas-de-proteccion-claves-do-plan-municipal-de-prevencion-de-incendios-do-rosal\/\" \/>\n<meta property=\"og:locale\" content=\"gl_ES\" \/>\n<meta property=\"og:type\" content=\"article\" \/>\n<meta property=\"og:title\" content=\"A xesti\u00f3n da biomasa e a creaci\u00f3n de faixas de protecci\u00f3n, claves do plan municipal de prevenci\u00f3n de incendios do Rosal -\" \/>\n<meta property=\"og:description\" content=\"O Concello traballa man a man coas Comunidades de Montes Veci\u00f1ais en Man Com\u00fan do municipio para a posta en marcha do plan, subvencionado ao abeiro do Plan Concellos 2019 da Deputaci\u00f3n\" \/>\n<meta property=\"og:url\" content=\"https:\/\/www.anovapeneira.gal\/index.php\/2020\/11\/05\/a-xestion-da-biomasa-e-a-creacion-de-faixas-de-proteccion-claves-do-plan-municipal-de-prevencion-de-incendios-do-rosal\/\" \/>\n<meta property=\"article:publisher\" content=\"https:\/\/www.facebook.com\/anovapeneira\" \/>\n<meta property=\"article:published_time\" content=\"2020-11-05T09:00:49+00:00\" \/>\n<meta property=\"og:image\" content=\"https:\/\/www.anovapeneira.gal\/wp-content\/uploads\/2020\/11\/plan-prevencion-incendios-03.jpg\" \/>\n\t<meta property=\"og:image:width\" content=\"1024\" \/>\n\t<meta property=\"og:image:height\" content=\"638\" \/>\n\t<meta property=\"og:image:type\" content=\"image\/jpeg\" \/>\n<meta name=\"author\" content=\"Redacci\u00f3n A Nova Peneira\" \/>\n<meta name=\"twitter:card\" content=\"summary_large_image\" \/>\n<meta name=\"twitter:creator\" content=\"@APeneira\" \/>\n<meta name=\"twitter:site\" content=\"@APeneira\" \/>\n<meta name=\"twitter:label1\" content=\"Escrito por\" \/>\n\t<meta name=\"twitter:data1\" content=\"Redacci\u00f3n A Nova Peneira\" \/>\n\t<meta name=\"twitter:label2\" content=\"Tempo de lectura\" \/>\n\t<meta name=\"twitter:data2\" content=\"2 minutos\" \/>\n<script type=\"application\/ld+json\" class=\"yoast-schema-graph\">{\"@context\":\"https:\\\/\\\/schema.org\",\"@graph\":[{\"@type\":\"Article\",\"@id\":\"https:\\\/\\\/www.anovapeneira.gal\\\/index.php\\\/2020\\\/11\\\/05\\\/a-xestion-da-biomasa-e-a-creacion-de-faixas-de-proteccion-claves-do-plan-municipal-de-prevencion-de-incendios-do-rosal\\\/#article\",\"isPartOf\":{\"@id\":\"https:\\\/\\\/www.anovapeneira.gal\\\/index.php\\\/2020\\\/11\\\/05\\\/a-xestion-da-biomasa-e-a-creacion-de-faixas-de-proteccion-claves-do-plan-municipal-de-prevencion-de-incendios-do-rosal\\\/\"},\"author\":{\"name\":\"Redacci\u00f3n A Nova Peneira\",\"@id\":\"https:\\\/\\\/www.anovapeneira.gal\\\/#\\\/schema\\\/person\\\/b93e3f8932e3f8da96334607eb6ac6aa\"},\"headline\":\"A xesti\u00f3n da biomasa e a creaci\u00f3n de faixas de protecci\u00f3n, claves do plan municipal de prevenci\u00f3n de incendios do Rosal\",\"datePublished\":\"2020-11-05T09:00:49+00:00\",\"mainEntityOfPage\":{\"@id\":\"https:\\\/\\\/www.anovapeneira.gal\\\/index.php\\\/2020\\\/11\\\/05\\\/a-xestion-da-biomasa-e-a-creacion-de-faixas-de-proteccion-claves-do-plan-municipal-de-prevencion-de-incendios-do-rosal\\\/\"},\"wordCount\":471,\"commentCount\":0,\"publisher\":{\"@id\":\"https:\\\/\\\/www.anovapeneira.gal\\\/#organization\"},\"image\":{\"@id\":\"https:\\\/\\\/www.anovapeneira.gal\\\/index.php\\\/2020\\\/11\\\/05\\\/a-xestion-da-biomasa-e-a-creacion-de-faixas-de-proteccion-claves-do-plan-municipal-de-prevencion-de-incendios-do-rosal\\\/#primaryimage\"},\"thumbnailUrl\":\"https:\\\/\\\/www.anovapeneira.gal\\\/wp-content\\\/uploads\\\/2020\\\/11\\\/plan-prevencion-incendios-03.jpg\",\"keywords\":[\"Concello do Rosal\"],\"articleSection\":[\"Baixo Mi\u00f1o\"],\"inLanguage\":\"gl-ES\",\"potentialAction\":[{\"@type\":\"CommentAction\",\"name\":\"Comment\",\"target\":[\"https:\\\/\\\/www.anovapeneira.gal\\\/index.php\\\/2020\\\/11\\\/05\\\/a-xestion-da-biomasa-e-a-creacion-de-faixas-de-proteccion-claves-do-plan-municipal-de-prevencion-de-incendios-do-rosal\\\/#respond\"]}]},{\"@type\":\"WebPage\",\"@id\":\"https:\\\/\\\/www.anovapeneira.gal\\\/index.php\\\/2020\\\/11\\\/05\\\/a-xestion-da-biomasa-e-a-creacion-de-faixas-de-proteccion-claves-do-plan-municipal-de-prevencion-de-incendios-do-rosal\\\/\",\"url\":\"https:\\\/\\\/www.anovapeneira.gal\\\/index.php\\\/2020\\\/11\\\/05\\\/a-xestion-da-biomasa-e-a-creacion-de-faixas-de-proteccion-claves-do-plan-municipal-de-prevencion-de-incendios-do-rosal\\\/\",\"name\":\"A xesti\u00f3n da biomasa e a creaci\u00f3n de faixas de protecci\u00f3n, claves do plan municipal de prevenci\u00f3n de incendios do Rosal -\",\"isPartOf\":{\"@id\":\"https:\\\/\\\/www.anovapeneira.gal\\\/#website\"},\"primaryImageOfPage\":{\"@id\":\"https:\\\/\\\/www.anovapeneira.gal\\\/index.php\\\/2020\\\/11\\\/05\\\/a-xestion-da-biomasa-e-a-creacion-de-faixas-de-proteccion-claves-do-plan-municipal-de-prevencion-de-incendios-do-rosal\\\/#primaryimage\"},\"image\":{\"@id\":\"https:\\\/\\\/www.anovapeneira.gal\\\/index.php\\\/2020\\\/11\\\/05\\\/a-xestion-da-biomasa-e-a-creacion-de-faixas-de-proteccion-claves-do-plan-municipal-de-prevencion-de-incendios-do-rosal\\\/#primaryimage\"},\"thumbnailUrl\":\"https:\\\/\\\/www.anovapeneira.gal\\\/wp-content\\\/uploads\\\/2020\\\/11\\\/plan-prevencion-incendios-03.jpg\",\"datePublished\":\"2020-11-05T09:00:49+00:00\",\"description\":\"O Concello traballa man a man coas Comunidades de Montes Veci\u00f1ais en Man Com\u00fan do municipio para a posta en marcha do plan, subvencionado ao abeiro do Plan Concellos 2019 da Deputaci\u00f3n\",\"breadcrumb\":{\"@id\":\"https:\\\/\\\/www.anovapeneira.gal\\\/index.php\\\/2020\\\/11\\\/05\\\/a-xestion-da-biomasa-e-a-creacion-de-faixas-de-proteccion-claves-do-plan-municipal-de-prevencion-de-incendios-do-rosal\\\/#breadcrumb\"},\"inLanguage\":\"gl-ES\",\"potentialAction\":[{\"@type\":\"ReadAction\",\"target\":[\"https:\\\/\\\/www.anovapeneira.gal\\\/index.php\\\/2020\\\/11\\\/05\\\/a-xestion-da-biomasa-e-a-creacion-de-faixas-de-proteccion-claves-do-plan-municipal-de-prevencion-de-incendios-do-rosal\\\/\"]}]},{\"@type\":\"ImageObject\",\"inLanguage\":\"gl-ES\",\"@id\":\"https:\\\/\\\/www.anovapeneira.gal\\\/index.php\\\/2020\\\/11\\\/05\\\/a-xestion-da-biomasa-e-a-creacion-de-faixas-de-proteccion-claves-do-plan-municipal-de-prevencion-de-incendios-do-rosal\\\/#primaryimage\",\"url\":\"https:\\\/\\\/www.anovapeneira.gal\\\/wp-content\\\/uploads\\\/2020\\\/11\\\/plan-prevencion-incendios-03.jpg\",\"contentUrl\":\"https:\\\/\\\/www.anovapeneira.gal\\\/wp-content\\\/uploads\\\/2020\\\/11\\\/plan-prevencion-incendios-03.jpg\",\"width\":1024,\"height\":638,\"caption\":\"A xesti\u00f3n da biomasa e a creaci\u00f3n de faixas de protecci\u00f3n, claves do plan municipal de prevenci\u00f3n de incendios do Rosal\"},{\"@type\":\"BreadcrumbList\",\"@id\":\"https:\\\/\\\/www.anovapeneira.gal\\\/index.php\\\/2020\\\/11\\\/05\\\/a-xestion-da-biomasa-e-a-creacion-de-faixas-de-proteccion-claves-do-plan-municipal-de-prevencion-de-incendios-do-rosal\\\/#breadcrumb\",\"itemListElement\":[{\"@type\":\"ListItem\",\"position\":1,\"name\":\"Portada\",\"item\":\"https:\\\/\\\/www.anovapeneira.gal\\\/\"},{\"@type\":\"ListItem\",\"position\":2,\"name\":\"A xesti\u00f3n da biomasa e a creaci\u00f3n de faixas de protecci\u00f3n, claves do plan municipal de prevenci\u00f3n de incendios do Rosal\"}]},{\"@type\":\"WebSite\",\"@id\":\"https:\\\/\\\/www.anovapeneira.gal\\\/#website\",\"url\":\"https:\\\/\\\/www.anovapeneira.gal\\\/\",\"name\":\"\",\"description\":\"Xornal galego de informaci\u00f3n xeral Publicaci\u00f3n mensual de novas de Galicia e en especial dos Concellos da sur da provincia de Pontevedra.\",\"publisher\":{\"@id\":\"https:\\\/\\\/www.anovapeneira.gal\\\/#organization\"},\"potentialAction\":[{\"@type\":\"SearchAction\",\"target\":{\"@type\":\"EntryPoint\",\"urlTemplate\":\"https:\\\/\\\/www.anovapeneira.gal\\\/?s={search_term_string}\"},\"query-input\":{\"@type\":\"PropertyValueSpecification\",\"valueRequired\":true,\"valueName\":\"search_term_string\"}}],\"inLanguage\":\"gl-ES\"},{\"@type\":\"Organization\",\"@id\":\"https:\\\/\\\/www.anovapeneira.gal\\\/#organization\",\"name\":\"A Nova Peneira\",\"url\":\"https:\\\/\\\/www.anovapeneira.gal\\\/\",\"logo\":{\"@type\":\"ImageObject\",\"inLanguage\":\"gl-ES\",\"@id\":\"https:\\\/\\\/www.anovapeneira.gal\\\/#\\\/schema\\\/logo\\\/image\\\/\",\"url\":\"http:\\\/\\\/www.anovapeneira.gal\\\/wp-content\\\/uploads\\\/2019\\\/06\\\/logo_a_nova_peneira_portal_web.png\",\"contentUrl\":\"http:\\\/\\\/www.anovapeneira.gal\\\/wp-content\\\/uploads\\\/2019\\\/06\\\/logo_a_nova_peneira_portal_web.png\",\"width\":300,\"height\":100,\"caption\":\"A Nova Peneira\"},\"image\":{\"@id\":\"https:\\\/\\\/www.anovapeneira.gal\\\/#\\\/schema\\\/logo\\\/image\\\/\"},\"sameAs\":[\"https:\\\/\\\/www.facebook.com\\\/anovapeneira\",\"https:\\\/\\\/x.com\\\/APeneira\"]},{\"@type\":\"Person\",\"@id\":\"https:\\\/\\\/www.anovapeneira.gal\\\/#\\\/schema\\\/person\\\/b93e3f8932e3f8da96334607eb6ac6aa\",\"name\":\"Redacci\u00f3n A Nova Peneira\",\"image\":{\"@type\":\"ImageObject\",\"inLanguage\":\"gl-ES\",\"@id\":\"https:\\\/\\\/secure.gravatar.com\\\/avatar\\\/c052a2551a06e23fac63626232eaa90abd78dbcf1700fc46a2b2c89fd27b735f?s=96&d=mm&r=g\",\"url\":\"https:\\\/\\\/secure.gravatar.com\\\/avatar\\\/c052a2551a06e23fac63626232eaa90abd78dbcf1700fc46a2b2c89fd27b735f?s=96&d=mm&r=g\",\"contentUrl\":\"https:\\\/\\\/secure.gravatar.com\\\/avatar\\\/c052a2551a06e23fac63626232eaa90abd78dbcf1700fc46a2b2c89fd27b735f?s=96&d=mm&r=g\",\"caption\":\"Redacci\u00f3n A Nova Peneira\"},\"sameAs\":[\"http:\\\/\\\/www.anovapeneira.gal\\\/\"],\"url\":\"https:\\\/\\\/www.anovapeneira.gal\\\/index.php\\\/author\\\/redactor\\\/\"}]}<\/script>\n<!-- \/ Yoast SEO plugin. -->","yoast_head_json":{"title":"A xesti\u00f3n da biomasa e a creaci\u00f3n de faixas de protecci\u00f3n, claves do plan municipal de prevenci\u00f3n de incendios do Rosal -","description":"O Concello traballa man a man coas Comunidades de Montes Veci\u00f1ais en Man Com\u00fan do municipio para a posta en marcha do plan, subvencionado ao abeiro do Plan Concellos 2019 da Deputaci\u00f3n","robots":{"index":"index","follow":"follow","max-snippet":"max-snippet:-1","max-image-preview":"max-image-preview:large","max-video-preview":"max-video-preview:-1"},"canonical":"https:\/\/www.anovapeneira.gal\/index.php\/2020\/11\/05\/a-xestion-da-biomasa-e-a-creacion-de-faixas-de-proteccion-claves-do-plan-municipal-de-prevencion-de-incendios-do-rosal\/","og_locale":"gl_ES","og_type":"article","og_title":"A xesti\u00f3n da biomasa e a creaci\u00f3n de faixas de protecci\u00f3n, claves do plan municipal de prevenci\u00f3n de incendios do Rosal -","og_description":"O Concello traballa man a man coas Comunidades de Montes Veci\u00f1ais en Man Com\u00fan do municipio para a posta en marcha do plan, subvencionado ao abeiro do Plan Concellos 2019 da Deputaci\u00f3n","og_url":"https:\/\/www.anovapeneira.gal\/index.php\/2020\/11\/05\/a-xestion-da-biomasa-e-a-creacion-de-faixas-de-proteccion-claves-do-plan-municipal-de-prevencion-de-incendios-do-rosal\/","article_publisher":"https:\/\/www.facebook.com\/anovapeneira","article_published_time":"2020-11-05T09:00:49+00:00","og_image":[{"width":1024,"height":638,"url":"https:\/\/www.anovapeneira.gal\/wp-content\/uploads\/2020\/11\/plan-prevencion-incendios-03.jpg","type":"image\/jpeg"}],"author":"Redacci\u00f3n A Nova Peneira","twitter_card":"summary_large_image","twitter_creator":"@APeneira","twitter_site":"@APeneira","twitter_misc":{"Escrito por":"Redacci\u00f3n A Nova Peneira","Tempo de lectura":"2 minutos"},"schema":{"@context":"https:\/\/schema.org","@graph":[{"@type":"Article","@id":"https:\/\/www.anovapeneira.gal\/index.php\/2020\/11\/05\/a-xestion-da-biomasa-e-a-creacion-de-faixas-de-proteccion-claves-do-plan-municipal-de-prevencion-de-incendios-do-rosal\/#article","isPartOf":{"@id":"https:\/\/www.anovapeneira.gal\/index.php\/2020\/11\/05\/a-xestion-da-biomasa-e-a-creacion-de-faixas-de-proteccion-claves-do-plan-municipal-de-prevencion-de-incendios-do-rosal\/"},"author":{"name":"Redacci\u00f3n A Nova Peneira","@id":"https:\/\/www.anovapeneira.gal\/#\/schema\/person\/b93e3f8932e3f8da96334607eb6ac6aa"},"headline":"A xesti\u00f3n da biomasa e a creaci\u00f3n de faixas de protecci\u00f3n, claves do plan municipal de prevenci\u00f3n de incendios do Rosal","datePublished":"2020-11-05T09:00:49+00:00","mainEntityOfPage":{"@id":"https:\/\/www.anovapeneira.gal\/index.php\/2020\/11\/05\/a-xestion-da-biomasa-e-a-creacion-de-faixas-de-proteccion-claves-do-plan-municipal-de-prevencion-de-incendios-do-rosal\/"},"wordCount":471,"commentCount":0,"publisher":{"@id":"https:\/\/www.anovapeneira.gal\/#organization"},"image":{"@id":"https:\/\/www.anovapeneira.gal\/index.php\/2020\/11\/05\/a-xestion-da-biomasa-e-a-creacion-de-faixas-de-proteccion-claves-do-plan-municipal-de-prevencion-de-incendios-do-rosal\/#primaryimage"},"thumbnailUrl":"https:\/\/www.anovapeneira.gal\/wp-content\/uploads\/2020\/11\/plan-prevencion-incendios-03.jpg","keywords":["Concello do Rosal"],"articleSection":["Baixo Mi\u00f1o"],"inLanguage":"gl-ES","potentialAction":[{"@type":"CommentAction","name":"Comment","target":["https:\/\/www.anovapeneira.gal\/index.php\/2020\/11\/05\/a-xestion-da-biomasa-e-a-creacion-de-faixas-de-proteccion-claves-do-plan-municipal-de-prevencion-de-incendios-do-rosal\/#respond"]}]},{"@type":"WebPage","@id":"https:\/\/www.anovapeneira.gal\/index.php\/2020\/11\/05\/a-xestion-da-biomasa-e-a-creacion-de-faixas-de-proteccion-claves-do-plan-municipal-de-prevencion-de-incendios-do-rosal\/","url":"https:\/\/www.anovapeneira.gal\/index.php\/2020\/11\/05\/a-xestion-da-biomasa-e-a-creacion-de-faixas-de-proteccion-claves-do-plan-municipal-de-prevencion-de-incendios-do-rosal\/","name":"A xesti\u00f3n da biomasa e a creaci\u00f3n de faixas de protecci\u00f3n, claves do plan municipal de prevenci\u00f3n de incendios do Rosal -","isPartOf":{"@id":"https:\/\/www.anovapeneira.gal\/#website"},"primaryImageOfPage":{"@id":"https:\/\/www.anovapeneira.gal\/index.php\/2020\/11\/05\/a-xestion-da-biomasa-e-a-creacion-de-faixas-de-proteccion-claves-do-plan-municipal-de-prevencion-de-incendios-do-rosal\/#primaryimage"},"image":{"@id":"https:\/\/www.anovapeneira.gal\/index.php\/2020\/11\/05\/a-xestion-da-biomasa-e-a-creacion-de-faixas-de-proteccion-claves-do-plan-municipal-de-prevencion-de-incendios-do-rosal\/#primaryimage"},"thumbnailUrl":"https:\/\/www.anovapeneira.gal\/wp-content\/uploads\/2020\/11\/plan-prevencion-incendios-03.jpg","datePublished":"2020-11-05T09:00:49+00:00","description":"O Concello traballa man a man coas Comunidades de Montes Veci\u00f1ais en Man Com\u00fan do municipio para a posta en marcha do plan, subvencionado ao abeiro do Plan Concellos 2019 da Deputaci\u00f3n","breadcrumb":{"@id":"https:\/\/www.anovapeneira.gal\/index.php\/2020\/11\/05\/a-xestion-da-biomasa-e-a-creacion-de-faixas-de-proteccion-claves-do-plan-municipal-de-prevencion-de-incendios-do-rosal\/#breadcrumb"},"inLanguage":"gl-ES","potentialAction":[{"@type":"ReadAction","target":["https:\/\/www.anovapeneira.gal\/index.php\/2020\/11\/05\/a-xestion-da-biomasa-e-a-creacion-de-faixas-de-proteccion-claves-do-plan-municipal-de-prevencion-de-incendios-do-rosal\/"]}]},{"@type":"ImageObject","inLanguage":"gl-ES","@id":"https:\/\/www.anovapeneira.gal\/index.php\/2020\/11\/05\/a-xestion-da-biomasa-e-a-creacion-de-faixas-de-proteccion-claves-do-plan-municipal-de-prevencion-de-incendios-do-rosal\/#primaryimage","url":"https:\/\/www.anovapeneira.gal\/wp-content\/uploads\/2020\/11\/plan-prevencion-incendios-03.jpg","contentUrl":"https:\/\/www.anovapeneira.gal\/wp-content\/uploads\/2020\/11\/plan-prevencion-incendios-03.jpg","width":1024,"height":638,"caption":"A xesti\u00f3n da biomasa e a creaci\u00f3n de faixas de protecci\u00f3n, claves do plan municipal de prevenci\u00f3n de incendios do Rosal"},{"@type":"BreadcrumbList","@id":"https:\/\/www.anovapeneira.gal\/index.php\/2020\/11\/05\/a-xestion-da-biomasa-e-a-creacion-de-faixas-de-proteccion-claves-do-plan-municipal-de-prevencion-de-incendios-do-rosal\/#breadcrumb","itemListElement":[{"@type":"ListItem","position":1,"name":"Portada","item":"https:\/\/www.anovapeneira.gal\/"},{"@type":"ListItem","position":2,"name":"A xesti\u00f3n da biomasa e a creaci\u00f3n de faixas de protecci\u00f3n, claves do plan municipal de prevenci\u00f3n de incendios do Rosal"}]},{"@type":"WebSite","@id":"https:\/\/www.anovapeneira.gal\/#website","url":"https:\/\/www.anovapeneira.gal\/","name":"","description":"Xornal galego de informaci\u00f3n xeral Publicaci\u00f3n mensual de novas de Galicia e en especial dos Concellos da sur da provincia de Pontevedra.","publisher":{"@id":"https:\/\/www.anovapeneira.gal\/#organization"},"potentialAction":[{"@type":"SearchAction","target":{"@type":"EntryPoint","urlTemplate":"https:\/\/www.anovapeneira.gal\/?s={search_term_string}"},"query-input":{"@type":"PropertyValueSpecification","valueRequired":true,"valueName":"search_term_string"}}],"inLanguage":"gl-ES"},{"@type":"Organization","@id":"https:\/\/www.anovapeneira.gal\/#organization","name":"A Nova Peneira","url":"https:\/\/www.anovapeneira.gal\/","logo":{"@type":"ImageObject","inLanguage":"gl-ES","@id":"https:\/\/www.anovapeneira.gal\/#\/schema\/logo\/image\/","url":"http:\/\/www.anovapeneira.gal\/wp-content\/uploads\/2019\/06\/logo_a_nova_peneira_portal_web.png","contentUrl":"http:\/\/www.anovapeneira.gal\/wp-content\/uploads\/2019\/06\/logo_a_nova_peneira_portal_web.png","width":300,"height":100,"caption":"A Nova Peneira"},"image":{"@id":"https:\/\/www.anovapeneira.gal\/#\/schema\/logo\/image\/"},"sameAs":["https:\/\/www.facebook.com\/anovapeneira","https:\/\/x.com\/APeneira"]},{"@type":"Person","@id":"https:\/\/www.anovapeneira.gal\/#\/schema\/person\/b93e3f8932e3f8da96334607eb6ac6aa","name":"Redacci\u00f3n A Nova Peneira","image":{"@type":"ImageObject","inLanguage":"gl-ES","@id":"https:\/\/secure.gravatar.com\/avatar\/c052a2551a06e23fac63626232eaa90abd78dbcf1700fc46a2b2c89fd27b735f?s=96&d=mm&r=g","url":"https:\/\/secure.gravatar.com\/avatar\/c052a2551a06e23fac63626232eaa90abd78dbcf1700fc46a2b2c89fd27b735f?s=96&d=mm&r=g","contentUrl":"https:\/\/secure.gravatar.com\/avatar\/c052a2551a06e23fac63626232eaa90abd78dbcf1700fc46a2b2c89fd27b735f?s=96&d=mm&r=g","caption":"Redacci\u00f3n A Nova Peneira"},"sameAs":["http:\/\/www.anovapeneira.gal\/"],"url":"https:\/\/www.anovapeneira.gal\/index.php\/author\/redactor\/"}]}},"jetpack_featured_media_url":"https:\/\/www.anovapeneira.gal\/wp-content\/uploads\/2020\/11\/plan-prevencion-incendios-03.jpg","_links":{"self":[{"href":"https:\/\/www.anovapeneira.gal\/index.php\/wp-json\/wp\/v2\/posts\/4214","targetHints":{"allow":["GET"]}}],"collection":[{"href":"https:\/\/www.anovapeneira.gal\/index.php\/wp-json\/wp\/v2\/posts"}],"about":[{"href":"https:\/\/www.anovapeneira.gal\/index.php\/wp-json\/wp\/v2\/types\/post"}],"author":[{"embeddable":true,"href":"https:\/\/www.anovapeneira.gal\/index.php\/wp-json\/wp\/v2\/users\/3"}],"replies":[{"embeddable":true,"href":"https:\/\/www.anovapeneira.gal\/index.php\/wp-json\/wp\/v2\/comments?post=4214"}],"version-history":[{"count":1,"href":"https:\/\/www.anovapeneira.gal\/index.php\/wp-json\/wp\/v2\/posts\/4214\/revisions"}],"predecessor-version":[{"id":4216,"href":"https:\/\/www.anovapeneira.gal\/index.php\/wp-json\/wp\/v2\/posts\/4214\/revisions\/4216"}],"wp:featuredmedia":[{"embeddable":true,"href":"https:\/\/www.anovapeneira.gal\/index.php\/wp-json\/wp\/v2\/media\/4215"}],"wp:attachment":[{"href":"https:\/\/www.anovapeneira.gal\/index.php\/wp-json\/wp\/v2\/media?parent=4214"}],"wp:term":[{"taxonomy":"category","embeddable":true,"href":"https:\/\/www.anovapeneira.gal\/index.php\/wp-json\/wp\/v2\/categories?post=4214"},{"taxonomy":"post_tag","embeddable":true,"href":"https:\/\/www.anovapeneira.gal\/index.php\/wp-json\/wp\/v2\/tags?post=4214"}],"curies":[{"name":"wp","href":"https:\/\/api.w.org\/{rel}","templated":true}]}}