{"id":4217,"date":"2020-11-05T12:00:26","date_gmt":"2020-11-05T11:00:26","guid":{"rendered":"http:\/\/www.anovapeneira.gal\/?p=4217"},"modified":"2020-11-03T09:20:47","modified_gmt":"2020-11-03T08:20:47","slug":"o-arranxo-da-estrada-amoedo-os-valos-acumula-atrasos-por-falta-de-xestion-do-concello","status":"publish","type":"post","link":"https:\/\/www.anovapeneira.gal\/index.php\/2020\/11\/05\/o-arranxo-da-estrada-amoedo-os-valos-acumula-atrasos-por-falta-de-xestion-do-concello\/","title":{"rendered":"O arranxo da estrada Amoedo-Os Valos acumula atrasos por falta de xesti\u00f3n do Concello"},"content":{"rendered":"\n<p>Tr\u00e1fico elevado, inclu\u00eddos veh\u00edculos pesados, p\u00e9simo estado do firme, falta de espazos para pe\u00f3ns, curvas perigosas, v\u00eda estreita&#8230; son as caracter\u00edsticas da estrada provincial EP-2702, que comunica Amoedo e Os Valos. Alternativa Veci\u00f1al dirixiuse \u00e1 Deputaci\u00f3n para co\u00f1ecer cales son os plans da instituci\u00f3n provincial para acometer as melloras urxentes que precisa esta v\u00eda que, no seu estado actual, sup\u00f3n un perigo para veh\u00edculos e pe\u00f3ns.<\/p>\n\n\n\n<p>Segundo informa a Deputaci\u00f3n, est\u00e1 redactado dende xullo de 2018 o proxecto de ensanche e mellora da seguridade v\u00edal, proxecto que se dividiu en fases, de acordo co Concello de Pazos de Borb\u00e9n, debido ao seu elevado custo e ao gran n\u00famero de cesi\u00f3ns de terreo precisas. Os primeiros tramos a acometer ser\u00edan o que atravesa a parroquia de Nespereira e o que comunica Nespereira cos Valos.<\/p>\n\n\n\n<p>O 21\/05\/20 tivo entrada no rexistro do Concello unha comunicaci\u00f3n da Deputaci\u00f3n coa relaci\u00f3n de parcelas e superficies afectadas, debendo o Concello tramitar as cesi\u00f3ns precisas para a s\u00faa ocupaci\u00f3n. Estes tr\u00e1mites, imprescindibles para comezar as obras, segundo resposta do Alcalde no \u00faltimo Pleno inda non comezaron.<\/p>\n\n\n\n<p>Alternativa Veci\u00f1al vai reclamar que comecen de inmediato os tr\u00e1mites para a ocupaci\u00f3n dos terreos e, as\u00ed, poder iniciar as obras. Unha vez m\u00e1is, os veci\u00f1os e veci\u00f1as te\u00f1en que sufrir a falta de traballo e xesti\u00f3n do goberno de Andr\u00e9s Iglesias, neste caso, provocando atrasos nunhas obras necesitadas de urxencia.<\/p>\n","protected":false},"excerpt":{"rendered":"<div class=\"mh-excerpt\"><p>Tr\u00e1fico elevado, inclu\u00eddos veh\u00edculos pesados, p\u00e9simo estado do firme, falta de espazos para pe\u00f3ns, curvas perigosas, v\u00eda estreita&#8230; son as caracter\u00edsticas da estrada provincial EP-2702, que comunica Amoedo e Os Valos.  <a class=\"mh-excerpt-more\" href=\"https:\/\/www.anovapeneira.gal\/index.php\/2020\/11\/05\/o-arranxo-da-estrada-amoedo-os-valos-acumula-atrasos-por-falta-de-xestion-do-concello\/\" title=\"O arranxo da estrada Amoedo-Os Valos acumula atrasos por falta de xesti\u00f3n do Concello\">[&#8230;]<\/a><\/p>\n<\/div>","protected":false},"author":3,"featured_media":4218,"comment_status":"open","ping_status":"open","sticky":false,"template":"","format":"standard","meta":{"_exactmetrics_skip_tracking":false,"_exactmetrics_sitenote_active":false,"_exactmetrics_sitenote_note":"","_exactmetrics_sitenote_category":0,"footnotes":""},"categories":[24],"tags":[1090,951],"class_list":{"0":"post-4217","1":"post","2":"type-post","3":"status-publish","4":"format-standard","5":"has-post-thumbnail","7":"category-redondela","8":"tag-amoedo","9":"tag-concello-pazos-de-borben"},"yoast_head":"<!-- This site is optimized with the Yoast SEO plugin v27.4 - https:\/\/yoast.com\/product\/yoast-seo-wordpress\/ -->\n<title>O arranxo da estrada Amoedo-Os Valos acumula atrasos por falta de xesti\u00f3n do Concello -<\/title>\n<meta name=\"description\" content=\"Tr\u00e1fico elevado, inclu\u00eddos veh\u00edculos pesados, p\u00e9simo estado do firme, falta de espazos para pe\u00f3ns, curvas perigosas, v\u00eda estreita... son as caracter\u00edsticas da estrada provincial EP-2702, que comunica Amoedo e Os Valos.\" \/>\n<meta name=\"robots\" content=\"index, follow, max-snippet:-1, max-image-preview:large, max-video-preview:-1\" \/>\n<link rel=\"canonical\" href=\"https:\/\/www.anovapeneira.gal\/index.php\/2020\/11\/05\/o-arranxo-da-estrada-amoedo-os-valos-acumula-atrasos-por-falta-de-xestion-do-concello\/\" \/>\n<meta property=\"og:locale\" content=\"gl_ES\" \/>\n<meta property=\"og:type\" content=\"article\" \/>\n<meta property=\"og:title\" content=\"O arranxo da estrada Amoedo-Os Valos acumula atrasos por falta de xesti\u00f3n do Concello -\" \/>\n<meta property=\"og:description\" content=\"Tr\u00e1fico elevado, inclu\u00eddos veh\u00edculos pesados, p\u00e9simo estado do firme, falta de espazos para pe\u00f3ns, curvas perigosas, v\u00eda estreita... son as caracter\u00edsticas da estrada provincial EP-2702, que comunica Amoedo e Os Valos.\" \/>\n<meta property=\"og:url\" content=\"https:\/\/www.anovapeneira.gal\/index.php\/2020\/11\/05\/o-arranxo-da-estrada-amoedo-os-valos-acumula-atrasos-por-falta-de-xestion-do-concello\/\" \/>\n<meta property=\"article:publisher\" content=\"https:\/\/www.facebook.com\/anovapeneira\" \/>\n<meta property=\"article:published_time\" content=\"2020-11-05T11:00:26+00:00\" \/>\n<meta property=\"og:image\" content=\"https:\/\/www.anovapeneira.gal\/wp-content\/uploads\/2020\/11\/estrada_amoedo_os_valos.jpg\" \/>\n\t<meta property=\"og:image:width\" content=\"720\" \/>\n\t<meta property=\"og:image:height\" content=\"432\" \/>\n\t<meta property=\"og:image:type\" content=\"image\/jpeg\" \/>\n<meta name=\"author\" content=\"Redacci\u00f3n A Nova Peneira\" \/>\n<meta name=\"twitter:card\" content=\"summary_large_image\" \/>\n<meta name=\"twitter:creator\" content=\"@APeneira\" \/>\n<meta name=\"twitter:site\" content=\"@APeneira\" \/>\n<meta name=\"twitter:label1\" content=\"Escrito por\" \/>\n\t<meta name=\"twitter:data1\" content=\"Redacci\u00f3n A Nova Peneira\" \/>\n\t<meta name=\"twitter:label2\" content=\"Tempo de lectura\" \/>\n\t<meta name=\"twitter:data2\" content=\"1 minuto\" \/>\n<script type=\"application\/ld+json\" class=\"yoast-schema-graph\">{\"@context\":\"https:\\\/\\\/schema.org\",\"@graph\":[{\"@type\":\"Article\",\"@id\":\"https:\\\/\\\/www.anovapeneira.gal\\\/index.php\\\/2020\\\/11\\\/05\\\/o-arranxo-da-estrada-amoedo-os-valos-acumula-atrasos-por-falta-de-xestion-do-concello\\\/#article\",\"isPartOf\":{\"@id\":\"https:\\\/\\\/www.anovapeneira.gal\\\/index.php\\\/2020\\\/11\\\/05\\\/o-arranxo-da-estrada-amoedo-os-valos-acumula-atrasos-por-falta-de-xestion-do-concello\\\/\"},\"author\":{\"name\":\"Redacci\u00f3n A Nova Peneira\",\"@id\":\"https:\\\/\\\/www.anovapeneira.gal\\\/#\\\/schema\\\/person\\\/b93e3f8932e3f8da96334607eb6ac6aa\"},\"headline\":\"O arranxo da estrada Amoedo-Os Valos acumula atrasos por falta de xesti\u00f3n do Concello\",\"datePublished\":\"2020-11-05T11:00:26+00:00\",\"mainEntityOfPage\":{\"@id\":\"https:\\\/\\\/www.anovapeneira.gal\\\/index.php\\\/2020\\\/11\\\/05\\\/o-arranxo-da-estrada-amoedo-os-valos-acumula-atrasos-por-falta-de-xestion-do-concello\\\/\"},\"wordCount\":280,\"commentCount\":0,\"publisher\":{\"@id\":\"https:\\\/\\\/www.anovapeneira.gal\\\/#organization\"},\"image\":{\"@id\":\"https:\\\/\\\/www.anovapeneira.gal\\\/index.php\\\/2020\\\/11\\\/05\\\/o-arranxo-da-estrada-amoedo-os-valos-acumula-atrasos-por-falta-de-xestion-do-concello\\\/#primaryimage\"},\"thumbnailUrl\":\"https:\\\/\\\/www.anovapeneira.gal\\\/wp-content\\\/uploads\\\/2020\\\/11\\\/estrada_amoedo_os_valos.jpg\",\"keywords\":[\"Amoedo\",\"Concello Pazos de Borb\u00e9n\"],\"articleSection\":[\"Redondela\"],\"inLanguage\":\"gl-ES\",\"potentialAction\":[{\"@type\":\"CommentAction\",\"name\":\"Comment\",\"target\":[\"https:\\\/\\\/www.anovapeneira.gal\\\/index.php\\\/2020\\\/11\\\/05\\\/o-arranxo-da-estrada-amoedo-os-valos-acumula-atrasos-por-falta-de-xestion-do-concello\\\/#respond\"]}]},{\"@type\":\"WebPage\",\"@id\":\"https:\\\/\\\/www.anovapeneira.gal\\\/index.php\\\/2020\\\/11\\\/05\\\/o-arranxo-da-estrada-amoedo-os-valos-acumula-atrasos-por-falta-de-xestion-do-concello\\\/\",\"url\":\"https:\\\/\\\/www.anovapeneira.gal\\\/index.php\\\/2020\\\/11\\\/05\\\/o-arranxo-da-estrada-amoedo-os-valos-acumula-atrasos-por-falta-de-xestion-do-concello\\\/\",\"name\":\"O arranxo da estrada Amoedo-Os Valos acumula atrasos por falta de xesti\u00f3n do Concello -\",\"isPartOf\":{\"@id\":\"https:\\\/\\\/www.anovapeneira.gal\\\/#website\"},\"primaryImageOfPage\":{\"@id\":\"https:\\\/\\\/www.anovapeneira.gal\\\/index.php\\\/2020\\\/11\\\/05\\\/o-arranxo-da-estrada-amoedo-os-valos-acumula-atrasos-por-falta-de-xestion-do-concello\\\/#primaryimage\"},\"image\":{\"@id\":\"https:\\\/\\\/www.anovapeneira.gal\\\/index.php\\\/2020\\\/11\\\/05\\\/o-arranxo-da-estrada-amoedo-os-valos-acumula-atrasos-por-falta-de-xestion-do-concello\\\/#primaryimage\"},\"thumbnailUrl\":\"https:\\\/\\\/www.anovapeneira.gal\\\/wp-content\\\/uploads\\\/2020\\\/11\\\/estrada_amoedo_os_valos.jpg\",\"datePublished\":\"2020-11-05T11:00:26+00:00\",\"description\":\"Tr\u00e1fico elevado, inclu\u00eddos veh\u00edculos pesados, p\u00e9simo estado do firme, falta de espazos para pe\u00f3ns, curvas perigosas, v\u00eda estreita... son as caracter\u00edsticas da estrada provincial EP-2702, que comunica Amoedo e Os Valos.\",\"breadcrumb\":{\"@id\":\"https:\\\/\\\/www.anovapeneira.gal\\\/index.php\\\/2020\\\/11\\\/05\\\/o-arranxo-da-estrada-amoedo-os-valos-acumula-atrasos-por-falta-de-xestion-do-concello\\\/#breadcrumb\"},\"inLanguage\":\"gl-ES\",\"potentialAction\":[{\"@type\":\"ReadAction\",\"target\":[\"https:\\\/\\\/www.anovapeneira.gal\\\/index.php\\\/2020\\\/11\\\/05\\\/o-arranxo-da-estrada-amoedo-os-valos-acumula-atrasos-por-falta-de-xestion-do-concello\\\/\"]}]},{\"@type\":\"ImageObject\",\"inLanguage\":\"gl-ES\",\"@id\":\"https:\\\/\\\/www.anovapeneira.gal\\\/index.php\\\/2020\\\/11\\\/05\\\/o-arranxo-da-estrada-amoedo-os-valos-acumula-atrasos-por-falta-de-xestion-do-concello\\\/#primaryimage\",\"url\":\"https:\\\/\\\/www.anovapeneira.gal\\\/wp-content\\\/uploads\\\/2020\\\/11\\\/estrada_amoedo_os_valos.jpg\",\"contentUrl\":\"https:\\\/\\\/www.anovapeneira.gal\\\/wp-content\\\/uploads\\\/2020\\\/11\\\/estrada_amoedo_os_valos.jpg\",\"width\":720,\"height\":432,\"caption\":\"O arranxo da estrada Amoedo-Os Valos acumula atrasos por falta de xesti\u00f3n do Concello\"},{\"@type\":\"BreadcrumbList\",\"@id\":\"https:\\\/\\\/www.anovapeneira.gal\\\/index.php\\\/2020\\\/11\\\/05\\\/o-arranxo-da-estrada-amoedo-os-valos-acumula-atrasos-por-falta-de-xestion-do-concello\\\/#breadcrumb\",\"itemListElement\":[{\"@type\":\"ListItem\",\"position\":1,\"name\":\"Portada\",\"item\":\"https:\\\/\\\/www.anovapeneira.gal\\\/\"},{\"@type\":\"ListItem\",\"position\":2,\"name\":\"O arranxo da estrada Amoedo-Os Valos acumula atrasos por falta de xesti\u00f3n do Concello\"}]},{\"@type\":\"WebSite\",\"@id\":\"https:\\\/\\\/www.anovapeneira.gal\\\/#website\",\"url\":\"https:\\\/\\\/www.anovapeneira.gal\\\/\",\"name\":\"\",\"description\":\"Xornal galego de informaci\u00f3n xeral Publicaci\u00f3n mensual de novas de Galicia e en especial dos Concellos da sur da provincia de Pontevedra.\",\"publisher\":{\"@id\":\"https:\\\/\\\/www.anovapeneira.gal\\\/#organization\"},\"potentialAction\":[{\"@type\":\"SearchAction\",\"target\":{\"@type\":\"EntryPoint\",\"urlTemplate\":\"https:\\\/\\\/www.anovapeneira.gal\\\/?s={search_term_string}\"},\"query-input\":{\"@type\":\"PropertyValueSpecification\",\"valueRequired\":true,\"valueName\":\"search_term_string\"}}],\"inLanguage\":\"gl-ES\"},{\"@type\":\"Organization\",\"@id\":\"https:\\\/\\\/www.anovapeneira.gal\\\/#organization\",\"name\":\"A Nova Peneira\",\"url\":\"https:\\\/\\\/www.anovapeneira.gal\\\/\",\"logo\":{\"@type\":\"ImageObject\",\"inLanguage\":\"gl-ES\",\"@id\":\"https:\\\/\\\/www.anovapeneira.gal\\\/#\\\/schema\\\/logo\\\/image\\\/\",\"url\":\"http:\\\/\\\/www.anovapeneira.gal\\\/wp-content\\\/uploads\\\/2019\\\/06\\\/logo_a_nova_peneira_portal_web.png\",\"contentUrl\":\"http:\\\/\\\/www.anovapeneira.gal\\\/wp-content\\\/uploads\\\/2019\\\/06\\\/logo_a_nova_peneira_portal_web.png\",\"width\":300,\"height\":100,\"caption\":\"A Nova Peneira\"},\"image\":{\"@id\":\"https:\\\/\\\/www.anovapeneira.gal\\\/#\\\/schema\\\/logo\\\/image\\\/\"},\"sameAs\":[\"https:\\\/\\\/www.facebook.com\\\/anovapeneira\",\"https:\\\/\\\/x.com\\\/APeneira\"]},{\"@type\":\"Person\",\"@id\":\"https:\\\/\\\/www.anovapeneira.gal\\\/#\\\/schema\\\/person\\\/b93e3f8932e3f8da96334607eb6ac6aa\",\"name\":\"Redacci\u00f3n A Nova Peneira\",\"image\":{\"@type\":\"ImageObject\",\"inLanguage\":\"gl-ES\",\"@id\":\"https:\\\/\\\/secure.gravatar.com\\\/avatar\\\/c052a2551a06e23fac63626232eaa90abd78dbcf1700fc46a2b2c89fd27b735f?s=96&d=mm&r=g\",\"url\":\"https:\\\/\\\/secure.gravatar.com\\\/avatar\\\/c052a2551a06e23fac63626232eaa90abd78dbcf1700fc46a2b2c89fd27b735f?s=96&d=mm&r=g\",\"contentUrl\":\"https:\\\/\\\/secure.gravatar.com\\\/avatar\\\/c052a2551a06e23fac63626232eaa90abd78dbcf1700fc46a2b2c89fd27b735f?s=96&d=mm&r=g\",\"caption\":\"Redacci\u00f3n A Nova Peneira\"},\"sameAs\":[\"http:\\\/\\\/www.anovapeneira.gal\\\/\"],\"url\":\"https:\\\/\\\/www.anovapeneira.gal\\\/index.php\\\/author\\\/redactor\\\/\"}]}<\/script>\n<!-- \/ Yoast SEO plugin. -->","yoast_head_json":{"title":"O arranxo da estrada Amoedo-Os Valos acumula atrasos por falta de xesti\u00f3n do Concello -","description":"Tr\u00e1fico elevado, inclu\u00eddos veh\u00edculos pesados, p\u00e9simo estado do firme, falta de espazos para pe\u00f3ns, curvas perigosas, v\u00eda estreita... son as caracter\u00edsticas da estrada provincial EP-2702, que comunica Amoedo e Os Valos.","robots":{"index":"index","follow":"follow","max-snippet":"max-snippet:-1","max-image-preview":"max-image-preview:large","max-video-preview":"max-video-preview:-1"},"canonical":"https:\/\/www.anovapeneira.gal\/index.php\/2020\/11\/05\/o-arranxo-da-estrada-amoedo-os-valos-acumula-atrasos-por-falta-de-xestion-do-concello\/","og_locale":"gl_ES","og_type":"article","og_title":"O arranxo da estrada Amoedo-Os Valos acumula atrasos por falta de xesti\u00f3n do Concello -","og_description":"Tr\u00e1fico elevado, inclu\u00eddos veh\u00edculos pesados, p\u00e9simo estado do firme, falta de espazos para pe\u00f3ns, curvas perigosas, v\u00eda estreita... son as caracter\u00edsticas da estrada provincial EP-2702, que comunica Amoedo e Os Valos.","og_url":"https:\/\/www.anovapeneira.gal\/index.php\/2020\/11\/05\/o-arranxo-da-estrada-amoedo-os-valos-acumula-atrasos-por-falta-de-xestion-do-concello\/","article_publisher":"https:\/\/www.facebook.com\/anovapeneira","article_published_time":"2020-11-05T11:00:26+00:00","og_image":[{"width":720,"height":432,"url":"https:\/\/www.anovapeneira.gal\/wp-content\/uploads\/2020\/11\/estrada_amoedo_os_valos.jpg","type":"image\/jpeg"}],"author":"Redacci\u00f3n A Nova Peneira","twitter_card":"summary_large_image","twitter_creator":"@APeneira","twitter_site":"@APeneira","twitter_misc":{"Escrito por":"Redacci\u00f3n A Nova Peneira","Tempo de lectura":"1 minuto"},"schema":{"@context":"https:\/\/schema.org","@graph":[{"@type":"Article","@id":"https:\/\/www.anovapeneira.gal\/index.php\/2020\/11\/05\/o-arranxo-da-estrada-amoedo-os-valos-acumula-atrasos-por-falta-de-xestion-do-concello\/#article","isPartOf":{"@id":"https:\/\/www.anovapeneira.gal\/index.php\/2020\/11\/05\/o-arranxo-da-estrada-amoedo-os-valos-acumula-atrasos-por-falta-de-xestion-do-concello\/"},"author":{"name":"Redacci\u00f3n A Nova Peneira","@id":"https:\/\/www.anovapeneira.gal\/#\/schema\/person\/b93e3f8932e3f8da96334607eb6ac6aa"},"headline":"O arranxo da estrada Amoedo-Os Valos acumula atrasos por falta de xesti\u00f3n do Concello","datePublished":"2020-11-05T11:00:26+00:00","mainEntityOfPage":{"@id":"https:\/\/www.anovapeneira.gal\/index.php\/2020\/11\/05\/o-arranxo-da-estrada-amoedo-os-valos-acumula-atrasos-por-falta-de-xestion-do-concello\/"},"wordCount":280,"commentCount":0,"publisher":{"@id":"https:\/\/www.anovapeneira.gal\/#organization"},"image":{"@id":"https:\/\/www.anovapeneira.gal\/index.php\/2020\/11\/05\/o-arranxo-da-estrada-amoedo-os-valos-acumula-atrasos-por-falta-de-xestion-do-concello\/#primaryimage"},"thumbnailUrl":"https:\/\/www.anovapeneira.gal\/wp-content\/uploads\/2020\/11\/estrada_amoedo_os_valos.jpg","keywords":["Amoedo","Concello Pazos de Borb\u00e9n"],"articleSection":["Redondela"],"inLanguage":"gl-ES","potentialAction":[{"@type":"CommentAction","name":"Comment","target":["https:\/\/www.anovapeneira.gal\/index.php\/2020\/11\/05\/o-arranxo-da-estrada-amoedo-os-valos-acumula-atrasos-por-falta-de-xestion-do-concello\/#respond"]}]},{"@type":"WebPage","@id":"https:\/\/www.anovapeneira.gal\/index.php\/2020\/11\/05\/o-arranxo-da-estrada-amoedo-os-valos-acumula-atrasos-por-falta-de-xestion-do-concello\/","url":"https:\/\/www.anovapeneira.gal\/index.php\/2020\/11\/05\/o-arranxo-da-estrada-amoedo-os-valos-acumula-atrasos-por-falta-de-xestion-do-concello\/","name":"O arranxo da estrada Amoedo-Os Valos acumula atrasos por falta de xesti\u00f3n do Concello -","isPartOf":{"@id":"https:\/\/www.anovapeneira.gal\/#website"},"primaryImageOfPage":{"@id":"https:\/\/www.anovapeneira.gal\/index.php\/2020\/11\/05\/o-arranxo-da-estrada-amoedo-os-valos-acumula-atrasos-por-falta-de-xestion-do-concello\/#primaryimage"},"image":{"@id":"https:\/\/www.anovapeneira.gal\/index.php\/2020\/11\/05\/o-arranxo-da-estrada-amoedo-os-valos-acumula-atrasos-por-falta-de-xestion-do-concello\/#primaryimage"},"thumbnailUrl":"https:\/\/www.anovapeneira.gal\/wp-content\/uploads\/2020\/11\/estrada_amoedo_os_valos.jpg","datePublished":"2020-11-05T11:00:26+00:00","description":"Tr\u00e1fico elevado, inclu\u00eddos veh\u00edculos pesados, p\u00e9simo estado do firme, falta de espazos para pe\u00f3ns, curvas perigosas, v\u00eda estreita... son as caracter\u00edsticas da estrada provincial EP-2702, que comunica Amoedo e Os Valos.","breadcrumb":{"@id":"https:\/\/www.anovapeneira.gal\/index.php\/2020\/11\/05\/o-arranxo-da-estrada-amoedo-os-valos-acumula-atrasos-por-falta-de-xestion-do-concello\/#breadcrumb"},"inLanguage":"gl-ES","potentialAction":[{"@type":"ReadAction","target":["https:\/\/www.anovapeneira.gal\/index.php\/2020\/11\/05\/o-arranxo-da-estrada-amoedo-os-valos-acumula-atrasos-por-falta-de-xestion-do-concello\/"]}]},{"@type":"ImageObject","inLanguage":"gl-ES","@id":"https:\/\/www.anovapeneira.gal\/index.php\/2020\/11\/05\/o-arranxo-da-estrada-amoedo-os-valos-acumula-atrasos-por-falta-de-xestion-do-concello\/#primaryimage","url":"https:\/\/www.anovapeneira.gal\/wp-content\/uploads\/2020\/11\/estrada_amoedo_os_valos.jpg","contentUrl":"https:\/\/www.anovapeneira.gal\/wp-content\/uploads\/2020\/11\/estrada_amoedo_os_valos.jpg","width":720,"height":432,"caption":"O arranxo da estrada Amoedo-Os Valos acumula atrasos por falta de xesti\u00f3n do Concello"},{"@type":"BreadcrumbList","@id":"https:\/\/www.anovapeneira.gal\/index.php\/2020\/11\/05\/o-arranxo-da-estrada-amoedo-os-valos-acumula-atrasos-por-falta-de-xestion-do-concello\/#breadcrumb","itemListElement":[{"@type":"ListItem","position":1,"name":"Portada","item":"https:\/\/www.anovapeneira.gal\/"},{"@type":"ListItem","position":2,"name":"O arranxo da estrada Amoedo-Os Valos acumula atrasos por falta de xesti\u00f3n do Concello"}]},{"@type":"WebSite","@id":"https:\/\/www.anovapeneira.gal\/#website","url":"https:\/\/www.anovapeneira.gal\/","name":"","description":"Xornal galego de informaci\u00f3n xeral Publicaci\u00f3n mensual de novas de Galicia e en especial dos Concellos da sur da provincia de Pontevedra.","publisher":{"@id":"https:\/\/www.anovapeneira.gal\/#organization"},"potentialAction":[{"@type":"SearchAction","target":{"@type":"EntryPoint","urlTemplate":"https:\/\/www.anovapeneira.gal\/?s={search_term_string}"},"query-input":{"@type":"PropertyValueSpecification","valueRequired":true,"valueName":"search_term_string"}}],"inLanguage":"gl-ES"},{"@type":"Organization","@id":"https:\/\/www.anovapeneira.gal\/#organization","name":"A Nova Peneira","url":"https:\/\/www.anovapeneira.gal\/","logo":{"@type":"ImageObject","inLanguage":"gl-ES","@id":"https:\/\/www.anovapeneira.gal\/#\/schema\/logo\/image\/","url":"http:\/\/www.anovapeneira.gal\/wp-content\/uploads\/2019\/06\/logo_a_nova_peneira_portal_web.png","contentUrl":"http:\/\/www.anovapeneira.gal\/wp-content\/uploads\/2019\/06\/logo_a_nova_peneira_portal_web.png","width":300,"height":100,"caption":"A Nova Peneira"},"image":{"@id":"https:\/\/www.anovapeneira.gal\/#\/schema\/logo\/image\/"},"sameAs":["https:\/\/www.facebook.com\/anovapeneira","https:\/\/x.com\/APeneira"]},{"@type":"Person","@id":"https:\/\/www.anovapeneira.gal\/#\/schema\/person\/b93e3f8932e3f8da96334607eb6ac6aa","name":"Redacci\u00f3n A Nova Peneira","image":{"@type":"ImageObject","inLanguage":"gl-ES","@id":"https:\/\/secure.gravatar.com\/avatar\/c052a2551a06e23fac63626232eaa90abd78dbcf1700fc46a2b2c89fd27b735f?s=96&d=mm&r=g","url":"https:\/\/secure.gravatar.com\/avatar\/c052a2551a06e23fac63626232eaa90abd78dbcf1700fc46a2b2c89fd27b735f?s=96&d=mm&r=g","contentUrl":"https:\/\/secure.gravatar.com\/avatar\/c052a2551a06e23fac63626232eaa90abd78dbcf1700fc46a2b2c89fd27b735f?s=96&d=mm&r=g","caption":"Redacci\u00f3n A Nova Peneira"},"sameAs":["http:\/\/www.anovapeneira.gal\/"],"url":"https:\/\/www.anovapeneira.gal\/index.php\/author\/redactor\/"}]}},"jetpack_featured_media_url":"https:\/\/www.anovapeneira.gal\/wp-content\/uploads\/2020\/11\/estrada_amoedo_os_valos.jpg","_links":{"self":[{"href":"https:\/\/www.anovapeneira.gal\/index.php\/wp-json\/wp\/v2\/posts\/4217","targetHints":{"allow":["GET"]}}],"collection":[{"href":"https:\/\/www.anovapeneira.gal\/index.php\/wp-json\/wp\/v2\/posts"}],"about":[{"href":"https:\/\/www.anovapeneira.gal\/index.php\/wp-json\/wp\/v2\/types\/post"}],"author":[{"embeddable":true,"href":"https:\/\/www.anovapeneira.gal\/index.php\/wp-json\/wp\/v2\/users\/3"}],"replies":[{"embeddable":true,"href":"https:\/\/www.anovapeneira.gal\/index.php\/wp-json\/wp\/v2\/comments?post=4217"}],"version-history":[{"count":1,"href":"https:\/\/www.anovapeneira.gal\/index.php\/wp-json\/wp\/v2\/posts\/4217\/revisions"}],"predecessor-version":[{"id":4219,"href":"https:\/\/www.anovapeneira.gal\/index.php\/wp-json\/wp\/v2\/posts\/4217\/revisions\/4219"}],"wp:featuredmedia":[{"embeddable":true,"href":"https:\/\/www.anovapeneira.gal\/index.php\/wp-json\/wp\/v2\/media\/4218"}],"wp:attachment":[{"href":"https:\/\/www.anovapeneira.gal\/index.php\/wp-json\/wp\/v2\/media?parent=4217"}],"wp:term":[{"taxonomy":"category","embeddable":true,"href":"https:\/\/www.anovapeneira.gal\/index.php\/wp-json\/wp\/v2\/categories?post=4217"},{"taxonomy":"post_tag","embeddable":true,"href":"https:\/\/www.anovapeneira.gal\/index.php\/wp-json\/wp\/v2\/tags?post=4217"}],"curies":[{"name":"wp","href":"https:\/\/api.w.org\/{rel}","templated":true}]}}