{"id":4220,"date":"2020-11-06T10:00:53","date_gmt":"2020-11-06T09:00:53","guid":{"rendered":"http:\/\/www.anovapeneira.gal\/?p=4220"},"modified":"2020-11-03T09:25:33","modified_gmt":"2020-11-03T08:25:33","slug":"tomino-eximira-do-pago-da-cota-do-lixo-aos-negocios-que-pecharan-durante-a-pandemia","status":"publish","type":"post","link":"https:\/\/www.anovapeneira.gal\/index.php\/2020\/11\/06\/tomino-eximira-do-pago-da-cota-do-lixo-aos-negocios-que-pecharan-durante-a-pandemia\/","title":{"rendered":"Tomi\u00f1o eximir\u00e1 do pago da cota do lixo aos negocios que pecharan durante a pandemia"},"content":{"rendered":"\n<h2 class=\"wp-block-heading\"><strong>Mant\u00e9\u00f1ense as reduci\u00f3ns aos perceptores da RISGA ou aos fogares cunha renda familiar inferior ao SMI, entre outros<\/strong><\/h2>\n\n\n\n<p><strong>Tomi\u00f1o, 2 de novembro de 2020<\/strong><\/p>\n\n\n\n<p>O Concello de Tomi\u00f1o convocou un pleno extraordinario este luns para modificar a ordenanza municipal reguladora das taxas pola recollida do lixo coa finalidade de\u00a0<strong>eximir do pago do primeiro semestre do vindeiro ano a aqueles negocios e empresas que tiveran que fechar este ano por motivos derivados da pandemia da COVID-19<\/strong>.\u00a0<\/p>\n\n\n\n<p>Ademais da exenci\u00f3n do pago da taxa aos comercios e empresas afectados pola pandemia, a ordenanza recolle tam\u00e9n exenci\u00f3ns e reduci\u00f3ns para outros supostos.&nbsp;<strong>Os contribu\u00edntes beneficiarios da Renda de Integraci\u00f3n Social de Galicia (RISGA) ou perceptores de Axudas de Emerxencia Social (AES) ter\u00e1n unha exenci\u00f3n do 100% da cota tributaria.&nbsp;<\/strong><\/p>\n\n\n\n<p>Tam\u00e9n se contempla unha<strong>reduci\u00f3n na cota base do 50%<\/strong>na tarifa da vivenda a aqueles fogares que, non reunindo as condici\u00f3ns establecidas no anterior caso, te\u00f1an unha&nbsp;<strong>renda familiar inferior \u00f3 SMI<\/strong>(Salario M\u00ednimo Interprofesional) vixente, nos que exista alg\u00fan membro en situaci\u00f3n de dependencia de grado dous ou tres, ou discapacidade a partir do 65%, familias numerosas e familias monoparentais con fillos en idade de escolarizaci\u00f3n obrigatoria con renda familiar inferior a 1,3 veces \u00f3 SMI.<\/p>\n\n\n\n<p>As solicitudes de reduci\u00f3n ou exenci\u00f3n da cota deber\u00e1n ser presentadas xunto coa documentaci\u00f3n pertinente antes de finalizar o presente ano, e producir\u00e1n efectos para o exercicio de 2021. No caso dos negocios afectados pola pandemia, esta deber\u00e1 ir acompa\u00f1ada tam\u00e9n por unha unha Declaraci\u00f3n Responsable acompa\u00f1ada de documentaci\u00f3n oficial que acredite a suspensi\u00f3n da actividade, presentada no primeiro trimestre do exercicio.<\/p>\n\n\n\n<p>A aprobaci\u00f3n desta bonificaci\u00f3n para os comercios contou co apoio de todas as forzas pol\u00edticas do pleno municipal. A alcaldesa, Sandra Gonz\u00e1lez, mostrouse satisfeita ante a aprobaci\u00f3n da medida. \u201cDesde os primeiros meses da pandemia asumimos cos comerciantes o compromiso de realizar esta bonificaci\u00f3n. Logo de m\u00e1is de dous meses traballando co ORAL para buscar como solucionar isto, demos coa f\u00f3rmula que permitir\u00e1 condonar as taxas do primeiro semestre do ano que v\u00e9n\u201d, declarou a rexedora.<\/p>\n\n\n\n<p><strong>Xeralizaci\u00f3n do sistema de compostaxe<\/strong><\/p>\n\n\n\n<p>No pleno extraordinario convocado este luns tam\u00e9n se tratou a regularizaci\u00f3n da compostaxe.<\/p>\n\n\n\n<p>En previsi\u00f3n da obrigatoriedade determinada pola Uni\u00f3n Europea para todos os estados membros de compostar en orixe ou recoller separadamente os biorresiduos antes do 31 de decembro de 2023, o Concello de Tomi\u00f1o decidiu adherirse \u00e1 Fase II do Plan Revitaliza, que procura converter o modelo voluntario de compostaxe nun modelo xeralizado que leve o novo sistema de tratamento de residuos org\u00e1nicos ao 100% do territorio municipal.<\/p>\n\n\n\n<p>A universalizaci\u00f3n e consolidaci\u00f3n deste sistema torna xa inservibleo sistema de bonificaci\u00f3ns que procuraba introducir a compostaxe no municipio, cando era de xeito voluntario. Agora mesmo o concello \u00e9 quen facilita os composteiros, formaci\u00f3n para a compostaxe e mesmo a visita de mestres composteiros a domicilio, nunha aposta para que o concello cumpla as condici\u00f3ns impostas pola Uni\u00f3n Europea.<\/p>\n\n\n\n<p>Os motivos desta supresi\u00f3n son, polo tanto, unha consecuencia l\u00f3xica ante a xeralizaci\u00f3n do novo sistema de xesti\u00f3n dos biorresiduos, cuxa implementaci\u00f3n tivo uns custes asociados superiores aos 500.000 euros, e cuxo mantemento supor\u00eda un desaxuste orzamentario que comprometer\u00eda a sa\u00fade econ\u00f3mica do Concello.<\/p>\n","protected":false},"excerpt":{"rendered":"<div class=\"mh-excerpt\"><p>Mant\u00e9\u00f1ense as reduci\u00f3ns aos perceptores da RISGA ou aos fogares cunha renda familiar inferior ao SMI, entre outros <a class=\"mh-excerpt-more\" href=\"https:\/\/www.anovapeneira.gal\/index.php\/2020\/11\/06\/tomino-eximira-do-pago-da-cota-do-lixo-aos-negocios-que-pecharan-durante-a-pandemia\/\" title=\"Tomi\u00f1o eximir\u00e1 do pago da cota do lixo aos negocios que pecharan durante a pandemia\">[&#8230;]<\/a><\/p>\n<\/div>","protected":false},"author":3,"featured_media":4221,"comment_status":"open","ping_status":"open","sticky":false,"template":"","format":"standard","meta":{"_exactmetrics_skip_tracking":false,"_exactmetrics_sitenote_active":false,"_exactmetrics_sitenote_note":"","_exactmetrics_sitenote_category":0,"footnotes":""},"categories":[21],"tags":[81],"class_list":{"0":"post-4220","1":"post","2":"type-post","3":"status-publish","4":"format-standard","5":"has-post-thumbnail","7":"category-baixo-mino","8":"tag-concello-de-tomino"},"yoast_head":"<!-- This site is optimized with the Yoast SEO plugin v27.4 - https:\/\/yoast.com\/product\/yoast-seo-wordpress\/ -->\n<title>Tomi\u00f1o eximir\u00e1 do pago da cota do lixo aos negocios que pecharan durante a pandemia -<\/title>\n<meta name=\"description\" content=\"Mant\u00e9\u00f1ense as reduci\u00f3ns aos perceptores da RISGA ou aos fogares cunha renda familiar inferior ao SMI, entre outros\" \/>\n<meta name=\"robots\" content=\"index, follow, max-snippet:-1, max-image-preview:large, max-video-preview:-1\" \/>\n<link rel=\"canonical\" href=\"https:\/\/www.anovapeneira.gal\/index.php\/2020\/11\/06\/tomino-eximira-do-pago-da-cota-do-lixo-aos-negocios-que-pecharan-durante-a-pandemia\/\" \/>\n<meta property=\"og:locale\" content=\"gl_ES\" \/>\n<meta property=\"og:type\" content=\"article\" \/>\n<meta property=\"og:title\" content=\"Tomi\u00f1o eximir\u00e1 do pago da cota do lixo aos negocios que pecharan durante a pandemia -\" \/>\n<meta property=\"og:description\" content=\"Mant\u00e9\u00f1ense as reduci\u00f3ns aos perceptores da RISGA ou aos fogares cunha renda familiar inferior ao SMI, entre outros\" \/>\n<meta property=\"og:url\" content=\"https:\/\/www.anovapeneira.gal\/index.php\/2020\/11\/06\/tomino-eximira-do-pago-da-cota-do-lixo-aos-negocios-que-pecharan-durante-a-pandemia\/\" \/>\n<meta property=\"article:publisher\" content=\"https:\/\/www.facebook.com\/anovapeneira\" \/>\n<meta property=\"article:published_time\" content=\"2020-11-06T09:00:53+00:00\" \/>\n<meta property=\"og:image\" content=\"https:\/\/www.anovapeneira.gal\/wp-content\/uploads\/2020\/11\/cota_do_lixo_tominho_pandemia.jpg\" \/>\n\t<meta property=\"og:image:width\" content=\"720\" \/>\n\t<meta property=\"og:image:height\" content=\"432\" \/>\n\t<meta property=\"og:image:type\" content=\"image\/jpeg\" \/>\n<meta name=\"author\" content=\"Redacci\u00f3n A Nova Peneira\" \/>\n<meta name=\"twitter:card\" content=\"summary_large_image\" \/>\n<meta name=\"twitter:creator\" content=\"@APeneira\" \/>\n<meta name=\"twitter:site\" content=\"@APeneira\" \/>\n<meta name=\"twitter:label1\" content=\"Escrito por\" \/>\n\t<meta name=\"twitter:data1\" content=\"Redacci\u00f3n A Nova Peneira\" \/>\n\t<meta name=\"twitter:label2\" content=\"Tempo de lectura\" \/>\n\t<meta name=\"twitter:data2\" content=\"3 minutos\" \/>\n<script type=\"application\/ld+json\" class=\"yoast-schema-graph\">{\"@context\":\"https:\\\/\\\/schema.org\",\"@graph\":[{\"@type\":\"Article\",\"@id\":\"https:\\\/\\\/www.anovapeneira.gal\\\/index.php\\\/2020\\\/11\\\/06\\\/tomino-eximira-do-pago-da-cota-do-lixo-aos-negocios-que-pecharan-durante-a-pandemia\\\/#article\",\"isPartOf\":{\"@id\":\"https:\\\/\\\/www.anovapeneira.gal\\\/index.php\\\/2020\\\/11\\\/06\\\/tomino-eximira-do-pago-da-cota-do-lixo-aos-negocios-que-pecharan-durante-a-pandemia\\\/\"},\"author\":{\"name\":\"Redacci\u00f3n A Nova Peneira\",\"@id\":\"https:\\\/\\\/www.anovapeneira.gal\\\/#\\\/schema\\\/person\\\/b93e3f8932e3f8da96334607eb6ac6aa\"},\"headline\":\"Tomi\u00f1o eximir\u00e1 do pago da cota do lixo aos negocios que pecharan durante a pandemia\",\"datePublished\":\"2020-11-06T09:00:53+00:00\",\"mainEntityOfPage\":{\"@id\":\"https:\\\/\\\/www.anovapeneira.gal\\\/index.php\\\/2020\\\/11\\\/06\\\/tomino-eximira-do-pago-da-cota-do-lixo-aos-negocios-que-pecharan-durante-a-pandemia\\\/\"},\"wordCount\":596,\"commentCount\":0,\"publisher\":{\"@id\":\"https:\\\/\\\/www.anovapeneira.gal\\\/#organization\"},\"image\":{\"@id\":\"https:\\\/\\\/www.anovapeneira.gal\\\/index.php\\\/2020\\\/11\\\/06\\\/tomino-eximira-do-pago-da-cota-do-lixo-aos-negocios-que-pecharan-durante-a-pandemia\\\/#primaryimage\"},\"thumbnailUrl\":\"https:\\\/\\\/www.anovapeneira.gal\\\/wp-content\\\/uploads\\\/2020\\\/11\\\/cota_do_lixo_tominho_pandemia.jpg\",\"keywords\":[\"Concello de Tomi\u00f1o\"],\"articleSection\":[\"Baixo Mi\u00f1o\"],\"inLanguage\":\"gl-ES\",\"potentialAction\":[{\"@type\":\"CommentAction\",\"name\":\"Comment\",\"target\":[\"https:\\\/\\\/www.anovapeneira.gal\\\/index.php\\\/2020\\\/11\\\/06\\\/tomino-eximira-do-pago-da-cota-do-lixo-aos-negocios-que-pecharan-durante-a-pandemia\\\/#respond\"]}]},{\"@type\":\"WebPage\",\"@id\":\"https:\\\/\\\/www.anovapeneira.gal\\\/index.php\\\/2020\\\/11\\\/06\\\/tomino-eximira-do-pago-da-cota-do-lixo-aos-negocios-que-pecharan-durante-a-pandemia\\\/\",\"url\":\"https:\\\/\\\/www.anovapeneira.gal\\\/index.php\\\/2020\\\/11\\\/06\\\/tomino-eximira-do-pago-da-cota-do-lixo-aos-negocios-que-pecharan-durante-a-pandemia\\\/\",\"name\":\"Tomi\u00f1o eximir\u00e1 do pago da cota do lixo aos negocios que pecharan durante a pandemia -\",\"isPartOf\":{\"@id\":\"https:\\\/\\\/www.anovapeneira.gal\\\/#website\"},\"primaryImageOfPage\":{\"@id\":\"https:\\\/\\\/www.anovapeneira.gal\\\/index.php\\\/2020\\\/11\\\/06\\\/tomino-eximira-do-pago-da-cota-do-lixo-aos-negocios-que-pecharan-durante-a-pandemia\\\/#primaryimage\"},\"image\":{\"@id\":\"https:\\\/\\\/www.anovapeneira.gal\\\/index.php\\\/2020\\\/11\\\/06\\\/tomino-eximira-do-pago-da-cota-do-lixo-aos-negocios-que-pecharan-durante-a-pandemia\\\/#primaryimage\"},\"thumbnailUrl\":\"https:\\\/\\\/www.anovapeneira.gal\\\/wp-content\\\/uploads\\\/2020\\\/11\\\/cota_do_lixo_tominho_pandemia.jpg\",\"datePublished\":\"2020-11-06T09:00:53+00:00\",\"description\":\"Mant\u00e9\u00f1ense as reduci\u00f3ns aos perceptores da RISGA ou aos fogares cunha renda familiar inferior ao SMI, entre outros\",\"breadcrumb\":{\"@id\":\"https:\\\/\\\/www.anovapeneira.gal\\\/index.php\\\/2020\\\/11\\\/06\\\/tomino-eximira-do-pago-da-cota-do-lixo-aos-negocios-que-pecharan-durante-a-pandemia\\\/#breadcrumb\"},\"inLanguage\":\"gl-ES\",\"potentialAction\":[{\"@type\":\"ReadAction\",\"target\":[\"https:\\\/\\\/www.anovapeneira.gal\\\/index.php\\\/2020\\\/11\\\/06\\\/tomino-eximira-do-pago-da-cota-do-lixo-aos-negocios-que-pecharan-durante-a-pandemia\\\/\"]}]},{\"@type\":\"ImageObject\",\"inLanguage\":\"gl-ES\",\"@id\":\"https:\\\/\\\/www.anovapeneira.gal\\\/index.php\\\/2020\\\/11\\\/06\\\/tomino-eximira-do-pago-da-cota-do-lixo-aos-negocios-que-pecharan-durante-a-pandemia\\\/#primaryimage\",\"url\":\"https:\\\/\\\/www.anovapeneira.gal\\\/wp-content\\\/uploads\\\/2020\\\/11\\\/cota_do_lixo_tominho_pandemia.jpg\",\"contentUrl\":\"https:\\\/\\\/www.anovapeneira.gal\\\/wp-content\\\/uploads\\\/2020\\\/11\\\/cota_do_lixo_tominho_pandemia.jpg\",\"width\":720,\"height\":432,\"caption\":\"Tomi\u00f1o eximir\u00e1 do pago da cota do lixo aos negocios que pecharan durante a pandemia\"},{\"@type\":\"BreadcrumbList\",\"@id\":\"https:\\\/\\\/www.anovapeneira.gal\\\/index.php\\\/2020\\\/11\\\/06\\\/tomino-eximira-do-pago-da-cota-do-lixo-aos-negocios-que-pecharan-durante-a-pandemia\\\/#breadcrumb\",\"itemListElement\":[{\"@type\":\"ListItem\",\"position\":1,\"name\":\"Portada\",\"item\":\"https:\\\/\\\/www.anovapeneira.gal\\\/\"},{\"@type\":\"ListItem\",\"position\":2,\"name\":\"Tomi\u00f1o eximir\u00e1 do pago da cota do lixo aos negocios que pecharan durante a pandemia\"}]},{\"@type\":\"WebSite\",\"@id\":\"https:\\\/\\\/www.anovapeneira.gal\\\/#website\",\"url\":\"https:\\\/\\\/www.anovapeneira.gal\\\/\",\"name\":\"\",\"description\":\"Xornal galego de informaci\u00f3n xeral Publicaci\u00f3n mensual de novas de Galicia e en especial dos Concellos da sur da provincia de Pontevedra.\",\"publisher\":{\"@id\":\"https:\\\/\\\/www.anovapeneira.gal\\\/#organization\"},\"potentialAction\":[{\"@type\":\"SearchAction\",\"target\":{\"@type\":\"EntryPoint\",\"urlTemplate\":\"https:\\\/\\\/www.anovapeneira.gal\\\/?s={search_term_string}\"},\"query-input\":{\"@type\":\"PropertyValueSpecification\",\"valueRequired\":true,\"valueName\":\"search_term_string\"}}],\"inLanguage\":\"gl-ES\"},{\"@type\":\"Organization\",\"@id\":\"https:\\\/\\\/www.anovapeneira.gal\\\/#organization\",\"name\":\"A Nova Peneira\",\"url\":\"https:\\\/\\\/www.anovapeneira.gal\\\/\",\"logo\":{\"@type\":\"ImageObject\",\"inLanguage\":\"gl-ES\",\"@id\":\"https:\\\/\\\/www.anovapeneira.gal\\\/#\\\/schema\\\/logo\\\/image\\\/\",\"url\":\"http:\\\/\\\/www.anovapeneira.gal\\\/wp-content\\\/uploads\\\/2019\\\/06\\\/logo_a_nova_peneira_portal_web.png\",\"contentUrl\":\"http:\\\/\\\/www.anovapeneira.gal\\\/wp-content\\\/uploads\\\/2019\\\/06\\\/logo_a_nova_peneira_portal_web.png\",\"width\":300,\"height\":100,\"caption\":\"A Nova Peneira\"},\"image\":{\"@id\":\"https:\\\/\\\/www.anovapeneira.gal\\\/#\\\/schema\\\/logo\\\/image\\\/\"},\"sameAs\":[\"https:\\\/\\\/www.facebook.com\\\/anovapeneira\",\"https:\\\/\\\/x.com\\\/APeneira\"]},{\"@type\":\"Person\",\"@id\":\"https:\\\/\\\/www.anovapeneira.gal\\\/#\\\/schema\\\/person\\\/b93e3f8932e3f8da96334607eb6ac6aa\",\"name\":\"Redacci\u00f3n A Nova Peneira\",\"image\":{\"@type\":\"ImageObject\",\"inLanguage\":\"gl-ES\",\"@id\":\"https:\\\/\\\/secure.gravatar.com\\\/avatar\\\/c052a2551a06e23fac63626232eaa90abd78dbcf1700fc46a2b2c89fd27b735f?s=96&d=mm&r=g\",\"url\":\"https:\\\/\\\/secure.gravatar.com\\\/avatar\\\/c052a2551a06e23fac63626232eaa90abd78dbcf1700fc46a2b2c89fd27b735f?s=96&d=mm&r=g\",\"contentUrl\":\"https:\\\/\\\/secure.gravatar.com\\\/avatar\\\/c052a2551a06e23fac63626232eaa90abd78dbcf1700fc46a2b2c89fd27b735f?s=96&d=mm&r=g\",\"caption\":\"Redacci\u00f3n A Nova Peneira\"},\"sameAs\":[\"http:\\\/\\\/www.anovapeneira.gal\\\/\"],\"url\":\"https:\\\/\\\/www.anovapeneira.gal\\\/index.php\\\/author\\\/redactor\\\/\"}]}<\/script>\n<!-- \/ Yoast SEO plugin. -->","yoast_head_json":{"title":"Tomi\u00f1o eximir\u00e1 do pago da cota do lixo aos negocios que pecharan durante a pandemia -","description":"Mant\u00e9\u00f1ense as reduci\u00f3ns aos perceptores da RISGA ou aos fogares cunha renda familiar inferior ao SMI, entre outros","robots":{"index":"index","follow":"follow","max-snippet":"max-snippet:-1","max-image-preview":"max-image-preview:large","max-video-preview":"max-video-preview:-1"},"canonical":"https:\/\/www.anovapeneira.gal\/index.php\/2020\/11\/06\/tomino-eximira-do-pago-da-cota-do-lixo-aos-negocios-que-pecharan-durante-a-pandemia\/","og_locale":"gl_ES","og_type":"article","og_title":"Tomi\u00f1o eximir\u00e1 do pago da cota do lixo aos negocios que pecharan durante a pandemia -","og_description":"Mant\u00e9\u00f1ense as reduci\u00f3ns aos perceptores da RISGA ou aos fogares cunha renda familiar inferior ao SMI, entre outros","og_url":"https:\/\/www.anovapeneira.gal\/index.php\/2020\/11\/06\/tomino-eximira-do-pago-da-cota-do-lixo-aos-negocios-que-pecharan-durante-a-pandemia\/","article_publisher":"https:\/\/www.facebook.com\/anovapeneira","article_published_time":"2020-11-06T09:00:53+00:00","og_image":[{"width":720,"height":432,"url":"https:\/\/www.anovapeneira.gal\/wp-content\/uploads\/2020\/11\/cota_do_lixo_tominho_pandemia.jpg","type":"image\/jpeg"}],"author":"Redacci\u00f3n A Nova Peneira","twitter_card":"summary_large_image","twitter_creator":"@APeneira","twitter_site":"@APeneira","twitter_misc":{"Escrito por":"Redacci\u00f3n A Nova Peneira","Tempo de lectura":"3 minutos"},"schema":{"@context":"https:\/\/schema.org","@graph":[{"@type":"Article","@id":"https:\/\/www.anovapeneira.gal\/index.php\/2020\/11\/06\/tomino-eximira-do-pago-da-cota-do-lixo-aos-negocios-que-pecharan-durante-a-pandemia\/#article","isPartOf":{"@id":"https:\/\/www.anovapeneira.gal\/index.php\/2020\/11\/06\/tomino-eximira-do-pago-da-cota-do-lixo-aos-negocios-que-pecharan-durante-a-pandemia\/"},"author":{"name":"Redacci\u00f3n A Nova Peneira","@id":"https:\/\/www.anovapeneira.gal\/#\/schema\/person\/b93e3f8932e3f8da96334607eb6ac6aa"},"headline":"Tomi\u00f1o eximir\u00e1 do pago da cota do lixo aos negocios que pecharan durante a pandemia","datePublished":"2020-11-06T09:00:53+00:00","mainEntityOfPage":{"@id":"https:\/\/www.anovapeneira.gal\/index.php\/2020\/11\/06\/tomino-eximira-do-pago-da-cota-do-lixo-aos-negocios-que-pecharan-durante-a-pandemia\/"},"wordCount":596,"commentCount":0,"publisher":{"@id":"https:\/\/www.anovapeneira.gal\/#organization"},"image":{"@id":"https:\/\/www.anovapeneira.gal\/index.php\/2020\/11\/06\/tomino-eximira-do-pago-da-cota-do-lixo-aos-negocios-que-pecharan-durante-a-pandemia\/#primaryimage"},"thumbnailUrl":"https:\/\/www.anovapeneira.gal\/wp-content\/uploads\/2020\/11\/cota_do_lixo_tominho_pandemia.jpg","keywords":["Concello de Tomi\u00f1o"],"articleSection":["Baixo Mi\u00f1o"],"inLanguage":"gl-ES","potentialAction":[{"@type":"CommentAction","name":"Comment","target":["https:\/\/www.anovapeneira.gal\/index.php\/2020\/11\/06\/tomino-eximira-do-pago-da-cota-do-lixo-aos-negocios-que-pecharan-durante-a-pandemia\/#respond"]}]},{"@type":"WebPage","@id":"https:\/\/www.anovapeneira.gal\/index.php\/2020\/11\/06\/tomino-eximira-do-pago-da-cota-do-lixo-aos-negocios-que-pecharan-durante-a-pandemia\/","url":"https:\/\/www.anovapeneira.gal\/index.php\/2020\/11\/06\/tomino-eximira-do-pago-da-cota-do-lixo-aos-negocios-que-pecharan-durante-a-pandemia\/","name":"Tomi\u00f1o eximir\u00e1 do pago da cota do lixo aos negocios que pecharan durante a pandemia -","isPartOf":{"@id":"https:\/\/www.anovapeneira.gal\/#website"},"primaryImageOfPage":{"@id":"https:\/\/www.anovapeneira.gal\/index.php\/2020\/11\/06\/tomino-eximira-do-pago-da-cota-do-lixo-aos-negocios-que-pecharan-durante-a-pandemia\/#primaryimage"},"image":{"@id":"https:\/\/www.anovapeneira.gal\/index.php\/2020\/11\/06\/tomino-eximira-do-pago-da-cota-do-lixo-aos-negocios-que-pecharan-durante-a-pandemia\/#primaryimage"},"thumbnailUrl":"https:\/\/www.anovapeneira.gal\/wp-content\/uploads\/2020\/11\/cota_do_lixo_tominho_pandemia.jpg","datePublished":"2020-11-06T09:00:53+00:00","description":"Mant\u00e9\u00f1ense as reduci\u00f3ns aos perceptores da RISGA ou aos fogares cunha renda familiar inferior ao SMI, entre outros","breadcrumb":{"@id":"https:\/\/www.anovapeneira.gal\/index.php\/2020\/11\/06\/tomino-eximira-do-pago-da-cota-do-lixo-aos-negocios-que-pecharan-durante-a-pandemia\/#breadcrumb"},"inLanguage":"gl-ES","potentialAction":[{"@type":"ReadAction","target":["https:\/\/www.anovapeneira.gal\/index.php\/2020\/11\/06\/tomino-eximira-do-pago-da-cota-do-lixo-aos-negocios-que-pecharan-durante-a-pandemia\/"]}]},{"@type":"ImageObject","inLanguage":"gl-ES","@id":"https:\/\/www.anovapeneira.gal\/index.php\/2020\/11\/06\/tomino-eximira-do-pago-da-cota-do-lixo-aos-negocios-que-pecharan-durante-a-pandemia\/#primaryimage","url":"https:\/\/www.anovapeneira.gal\/wp-content\/uploads\/2020\/11\/cota_do_lixo_tominho_pandemia.jpg","contentUrl":"https:\/\/www.anovapeneira.gal\/wp-content\/uploads\/2020\/11\/cota_do_lixo_tominho_pandemia.jpg","width":720,"height":432,"caption":"Tomi\u00f1o eximir\u00e1 do pago da cota do lixo aos negocios que pecharan durante a pandemia"},{"@type":"BreadcrumbList","@id":"https:\/\/www.anovapeneira.gal\/index.php\/2020\/11\/06\/tomino-eximira-do-pago-da-cota-do-lixo-aos-negocios-que-pecharan-durante-a-pandemia\/#breadcrumb","itemListElement":[{"@type":"ListItem","position":1,"name":"Portada","item":"https:\/\/www.anovapeneira.gal\/"},{"@type":"ListItem","position":2,"name":"Tomi\u00f1o eximir\u00e1 do pago da cota do lixo aos negocios que pecharan durante a pandemia"}]},{"@type":"WebSite","@id":"https:\/\/www.anovapeneira.gal\/#website","url":"https:\/\/www.anovapeneira.gal\/","name":"","description":"Xornal galego de informaci\u00f3n xeral Publicaci\u00f3n mensual de novas de Galicia e en especial dos Concellos da sur da provincia de Pontevedra.","publisher":{"@id":"https:\/\/www.anovapeneira.gal\/#organization"},"potentialAction":[{"@type":"SearchAction","target":{"@type":"EntryPoint","urlTemplate":"https:\/\/www.anovapeneira.gal\/?s={search_term_string}"},"query-input":{"@type":"PropertyValueSpecification","valueRequired":true,"valueName":"search_term_string"}}],"inLanguage":"gl-ES"},{"@type":"Organization","@id":"https:\/\/www.anovapeneira.gal\/#organization","name":"A Nova Peneira","url":"https:\/\/www.anovapeneira.gal\/","logo":{"@type":"ImageObject","inLanguage":"gl-ES","@id":"https:\/\/www.anovapeneira.gal\/#\/schema\/logo\/image\/","url":"http:\/\/www.anovapeneira.gal\/wp-content\/uploads\/2019\/06\/logo_a_nova_peneira_portal_web.png","contentUrl":"http:\/\/www.anovapeneira.gal\/wp-content\/uploads\/2019\/06\/logo_a_nova_peneira_portal_web.png","width":300,"height":100,"caption":"A Nova Peneira"},"image":{"@id":"https:\/\/www.anovapeneira.gal\/#\/schema\/logo\/image\/"},"sameAs":["https:\/\/www.facebook.com\/anovapeneira","https:\/\/x.com\/APeneira"]},{"@type":"Person","@id":"https:\/\/www.anovapeneira.gal\/#\/schema\/person\/b93e3f8932e3f8da96334607eb6ac6aa","name":"Redacci\u00f3n A Nova Peneira","image":{"@type":"ImageObject","inLanguage":"gl-ES","@id":"https:\/\/secure.gravatar.com\/avatar\/c052a2551a06e23fac63626232eaa90abd78dbcf1700fc46a2b2c89fd27b735f?s=96&d=mm&r=g","url":"https:\/\/secure.gravatar.com\/avatar\/c052a2551a06e23fac63626232eaa90abd78dbcf1700fc46a2b2c89fd27b735f?s=96&d=mm&r=g","contentUrl":"https:\/\/secure.gravatar.com\/avatar\/c052a2551a06e23fac63626232eaa90abd78dbcf1700fc46a2b2c89fd27b735f?s=96&d=mm&r=g","caption":"Redacci\u00f3n A Nova Peneira"},"sameAs":["http:\/\/www.anovapeneira.gal\/"],"url":"https:\/\/www.anovapeneira.gal\/index.php\/author\/redactor\/"}]}},"jetpack_featured_media_url":"https:\/\/www.anovapeneira.gal\/wp-content\/uploads\/2020\/11\/cota_do_lixo_tominho_pandemia.jpg","_links":{"self":[{"href":"https:\/\/www.anovapeneira.gal\/index.php\/wp-json\/wp\/v2\/posts\/4220","targetHints":{"allow":["GET"]}}],"collection":[{"href":"https:\/\/www.anovapeneira.gal\/index.php\/wp-json\/wp\/v2\/posts"}],"about":[{"href":"https:\/\/www.anovapeneira.gal\/index.php\/wp-json\/wp\/v2\/types\/post"}],"author":[{"embeddable":true,"href":"https:\/\/www.anovapeneira.gal\/index.php\/wp-json\/wp\/v2\/users\/3"}],"replies":[{"embeddable":true,"href":"https:\/\/www.anovapeneira.gal\/index.php\/wp-json\/wp\/v2\/comments?post=4220"}],"version-history":[{"count":1,"href":"https:\/\/www.anovapeneira.gal\/index.php\/wp-json\/wp\/v2\/posts\/4220\/revisions"}],"predecessor-version":[{"id":4222,"href":"https:\/\/www.anovapeneira.gal\/index.php\/wp-json\/wp\/v2\/posts\/4220\/revisions\/4222"}],"wp:featuredmedia":[{"embeddable":true,"href":"https:\/\/www.anovapeneira.gal\/index.php\/wp-json\/wp\/v2\/media\/4221"}],"wp:attachment":[{"href":"https:\/\/www.anovapeneira.gal\/index.php\/wp-json\/wp\/v2\/media?parent=4220"}],"wp:term":[{"taxonomy":"category","embeddable":true,"href":"https:\/\/www.anovapeneira.gal\/index.php\/wp-json\/wp\/v2\/categories?post=4220"},{"taxonomy":"post_tag","embeddable":true,"href":"https:\/\/www.anovapeneira.gal\/index.php\/wp-json\/wp\/v2\/tags?post=4220"}],"curies":[{"name":"wp","href":"https:\/\/api.w.org\/{rel}","templated":true}]}}