{"id":4223,"date":"2020-11-06T12:00:27","date_gmt":"2020-11-06T11:00:27","guid":{"rendered":"http:\/\/www.anovapeneira.gal\/?p=4223"},"modified":"2020-11-04T21:03:17","modified_gmt":"2020-11-04T20:03:17","slug":"tocanos-estar-a-altura","status":"publish","type":"post","link":"https:\/\/www.anovapeneira.gal\/index.php\/2020\/11\/06\/tocanos-estar-a-altura\/","title":{"rendered":"T\u00f3canos estar \u00e1 altura?"},"content":{"rendered":"\n<figure class=\"wp-block-image size-large is-resized\"><img loading=\"lazy\" decoding=\"async\" src=\"http:\/\/www.anovapeneira.gal\/wp-content\/uploads\/2019\/07\/pedro_cortegoso_opinion_a_nova_peneira_bn.jpg\" alt=\"Pedro M. Cortegoso Gago Artigo Opini\u00f3n A Nova Peneira\" class=\"wp-image-464\" width=\"95\" height=\"111\"\/><figcaption>Pedro M. Cortegoso Gago Traballador do Centro de Sa\u00fade de Moa\u00f1a<\/figcaption><\/figure>\n\n\n\n<p>Imos detr\u00e1s do Virus, somo como o Coiote que persegue ao Correcami\u00f1os e nunca o da alcanzado. As medidas chegan tarde, cando deber\u00edan implementarse antes para atallar os efectos da pandemia. No estado espa\u00f1ol tanto o goberno central como a administraci\u00f3n auton\u00f3mica non est\u00e1n actuando para atallar a expansi\u00f3n da Covid.&nbsp;<\/p>\n\n\n\n<p>E por que non o fan? Por que non saben, por que son incompetentes ou por que non queren facelo? Xa sab\u00edamos o que ia pasar, xa sab\u00edan como ia evolucionar a pandemia e que pasar\u00eda se non se tomaban medidas dr\u00e1sticas. Aqu\u00ed estase repetindo o que aconteceu nos pa\u00edses asi\u00e1ticos n\u00f3s que primeiro comezou a pandemia.&nbsp;<\/p>\n\n\n\n<p>China ou Vietnam son exemplos de como se debe combater a pandemia, con confinamentos, con control dos movementos da poboaci\u00f3n, con probas masivas, etc. Por\u00e9n, na Uni\u00f3n Europea e no estado espa\u00f1ol pract\u00edcase un negacionismo racista. Xa non se falade China nos medios de comunicaci\u00f3n, e non se fala por que al\u00ed est\u00e1n contendo e superando a pandemia, mentres n\u00f3s imos cada d\u00eda peor.<\/p>\n\n\n\n<p><strong>Se queremos vencer a pandemia debemos asumir medidas dr\u00e1sticas durante o tempo necesario:<\/strong>blindemos Galiza, como fixeron na China, fechemos os colexios, a hostalar\u00eda, as empresas non esenciais, paralicemos os desprazamentos entre comunidades, entre provincias, entre concellos.&nbsp;<\/p>\n\n\n\n<p>Nestes pa\u00edses puxeron por diante a sa\u00fade da poboaci\u00f3n, na UE e no estado espa\u00f1ol po\u00f1en por diante a econom\u00eda, a conta de resultados das grandes empresas. Os nosos gobernantes act\u00faan en funci\u00f3n destes intereses econ\u00f3micos. \u201cO importante \u00e9 a econom\u00eda\u201d, repiten Feixoo e Ayuso. O capital non ten problema en sacrificar uns cantos centos ou miles de persoas para que continua a festa da produci\u00f3n.<\/p>\n\n\n\n<p>E mentres todo isto acontece temos que escoitar discursos e proclamas ped\u00edndonos responsabilidade, sentidi\u00f1o,&nbsp;<strong>que debemos estar \u00e1 altura como n\u00f3s dic\u00eda recentemente a Alcaldesa de Mar\u00edn<\/strong>, en definitiva que a culpa \u00e9 nosa se nos contaxiamos. Neste sistema capitalista a responsabilidade sempre \u00e9 individual, somos culp\u00e1beis de ser pobres, de non ter traballo, e agora tam\u00e9n de contaxi\u00e1rmonos. Temos que reducir o contacto social, confin\u00e1rmonos voluntariamente, mais tam\u00e9n temos que ir nuns medios de transporte ateigados de xente para ir ao traballo, estar nunhas aulas sen distancia nen ventilaci\u00f3n pasando fr\u00edo.<\/p>\n\n\n\n<p>Confinan a fin de semana, confinan o noso tempo de descanso e lecer, pero mante\u00f1en desconfinado o noso tempo de traballo para seguir producindo, para salvar a s\u00faa econom\u00eda e sacrificar a nosa sa\u00fade.<\/p>\n\n\n\n<p>Os que practican a confusi\u00f3n e se negan a tomar medidas contundentes para cortar a pandemia, os que est\u00e1n desmantelando a sanidade p\u00fablica e os servizos sociais p\u00eddennos estar \u00e1 altura.&nbsp;<\/p>\n\n\n\n<p>Deixemos de estar pendentes do que pasa en Madrid, das ocorrencias de Ayuso que s\u00f3 serven para desviar a atenci\u00f3n do que pasa en Galiza, onde Feixoo toma as mesmas medidas que a presidenta madrile\u00f1a sen que n\u00f3s demos conta. Medidas insuficientes, coma os feches de fin de semana, para non prexudicar \u00e1 econom\u00eda.<\/p>\n\n\n\n<p>Feixoo contin\u00faa no medio da pandemia coa s\u00faa pol\u00edtica de recortes e deterioro da sanidade p\u00fablica, continua secuestrando aos nosos maiores nunhas residencias privadas en mans dos seus amigos de DomusVi.&nbsp;<\/p>\n\n\n\n<p>Continuamos cunha sanidade saturada: sen vacinas da gripe ao inicio da campa\u00f1a, con colas nos centros de sa\u00fade, con listas de agarda cada d\u00eda mais grandes na atenci\u00f3n especializada, cun persoal sanitario e administrativo ao l\u00edmite e con atenci\u00f3n telef\u00f3nica. E todo isto para que marchemos correndo a botarnos nos brazos da sanidade privada.<\/p>\n\n\n\n<p>No centro de sa\u00fade de Mar\u00edn temos que padecer esta situaci\u00f3n sen que a nosa alcaldesa-deputada descolgue o tel\u00e9fono e lle diga ao Presidente da Xunta, o presidente do seu partido, que solucione estes problemas.\u00a0<strong>A quen lle toca estar \u00e1 altura non \u00e9 a n\u00f3s, \u00e9 a nosa Alcaldesa e o noso Presidente.<\/strong><\/p>\n\n\n\n<p>Mar\u00edn, 3 de novembro de 2020.<\/p>\n","protected":false},"excerpt":{"rendered":"<div class=\"mh-excerpt\"><p>Imos detr\u00e1s do Virus, somo como o Coiote que persegue ao Correcami\u00f1os e nunca o da alcanzado. As medidas chegan tarde, cando deber\u00edan implementarse antes para atallar os efectos da pandemia <a class=\"mh-excerpt-more\" href=\"https:\/\/www.anovapeneira.gal\/index.php\/2020\/11\/06\/tocanos-estar-a-altura\/\" title=\"T\u00f3canos estar \u00e1 altura?\">[&#8230;]<\/a><\/p>\n<\/div>","protected":false},"author":4,"featured_media":584,"comment_status":"open","ping_status":"open","sticky":false,"template":"","format":"standard","meta":{"_exactmetrics_skip_tracking":false,"_exactmetrics_sitenote_active":false,"_exactmetrics_sitenote_note":"","_exactmetrics_sitenote_category":0,"footnotes":""},"categories":[7],"tags":[144],"class_list":{"0":"post-4223","1":"post","2":"type-post","3":"status-publish","4":"format-standard","5":"has-post-thumbnail","7":"category-artigos-de-opinion","8":"tag-concello-de-marin"},"yoast_head":"<!-- This site is optimized with the Yoast SEO plugin v27.4 - https:\/\/yoast.com\/product\/yoast-seo-wordpress\/ -->\n<title>T\u00f3canos estar \u00e1 altura? -<\/title>\n<meta name=\"description\" content=\"Imos detr\u00e1s do Virus, somo como o Coiote que persegue ao Correcami\u00f1os e nunca o da alcanzado. As medidas chegan tarde, cando deber\u00edan implementarse antes para atallar os efectos da pandemia\" \/>\n<meta name=\"robots\" content=\"index, follow, max-snippet:-1, max-image-preview:large, max-video-preview:-1\" \/>\n<link rel=\"canonical\" href=\"https:\/\/www.anovapeneira.gal\/index.php\/2020\/11\/06\/tocanos-estar-a-altura\/\" \/>\n<meta property=\"og:locale\" content=\"gl_ES\" \/>\n<meta property=\"og:type\" content=\"article\" \/>\n<meta property=\"og:title\" content=\"T\u00f3canos estar \u00e1 altura? -\" \/>\n<meta property=\"og:description\" content=\"Imos detr\u00e1s do Virus, somo como o Coiote que persegue ao Correcami\u00f1os e nunca o da alcanzado. As medidas chegan tarde, cando deber\u00edan implementarse antes para atallar os efectos da pandemia\" \/>\n<meta property=\"og:url\" content=\"https:\/\/www.anovapeneira.gal\/index.php\/2020\/11\/06\/tocanos-estar-a-altura\/\" \/>\n<meta property=\"article:publisher\" content=\"https:\/\/www.facebook.com\/anovapeneira\" \/>\n<meta property=\"article:published_time\" content=\"2020-11-06T11:00:27+00:00\" \/>\n<meta property=\"og:image\" content=\"https:\/\/www.anovapeneira.gal\/wp-content\/uploads\/2019\/07\/ARTIGO_DE_OPINION_A_NOVA_PENEIRA.jpg\" \/>\n\t<meta property=\"og:image:width\" content=\"720\" \/>\n\t<meta property=\"og:image:height\" content=\"473\" \/>\n\t<meta property=\"og:image:type\" content=\"image\/jpeg\" \/>\n<meta name=\"author\" content=\"Pedro M. Cortegoso Gago\" \/>\n<meta name=\"twitter:card\" content=\"summary_large_image\" \/>\n<meta name=\"twitter:creator\" content=\"@APeneira\" \/>\n<meta name=\"twitter:site\" content=\"@APeneira\" \/>\n<meta name=\"twitter:label1\" content=\"Escrito por\" \/>\n\t<meta name=\"twitter:data1\" content=\"Pedro M. Cortegoso Gago\" \/>\n\t<meta name=\"twitter:label2\" content=\"Tempo de lectura\" \/>\n\t<meta name=\"twitter:data2\" content=\"4 minutos\" \/>\n<script type=\"application\/ld+json\" class=\"yoast-schema-graph\">{\"@context\":\"https:\\\/\\\/schema.org\",\"@graph\":[{\"@type\":\"Article\",\"@id\":\"https:\\\/\\\/www.anovapeneira.gal\\\/index.php\\\/2020\\\/11\\\/06\\\/tocanos-estar-a-altura\\\/#article\",\"isPartOf\":{\"@id\":\"https:\\\/\\\/www.anovapeneira.gal\\\/index.php\\\/2020\\\/11\\\/06\\\/tocanos-estar-a-altura\\\/\"},\"author\":{\"name\":\"Pedro M. Cortegoso Gago\",\"@id\":\"https:\\\/\\\/www.anovapeneira.gal\\\/#\\\/schema\\\/person\\\/c04a9c9f722c9446e71ae434c0353337\"},\"headline\":\"T\u00f3canos estar \u00e1 altura?\",\"datePublished\":\"2020-11-06T11:00:27+00:00\",\"mainEntityOfPage\":{\"@id\":\"https:\\\/\\\/www.anovapeneira.gal\\\/index.php\\\/2020\\\/11\\\/06\\\/tocanos-estar-a-altura\\\/\"},\"wordCount\":708,\"commentCount\":0,\"publisher\":{\"@id\":\"https:\\\/\\\/www.anovapeneira.gal\\\/#organization\"},\"image\":{\"@id\":\"https:\\\/\\\/www.anovapeneira.gal\\\/index.php\\\/2020\\\/11\\\/06\\\/tocanos-estar-a-altura\\\/#primaryimage\"},\"thumbnailUrl\":\"https:\\\/\\\/www.anovapeneira.gal\\\/wp-content\\\/uploads\\\/2019\\\/07\\\/ARTIGO_DE_OPINION_A_NOVA_PENEIRA.jpg\",\"keywords\":[\"Concello de Mar\u00edn\"],\"articleSection\":[\"Artigos de opini\u00f3n\"],\"inLanguage\":\"gl-ES\",\"potentialAction\":[{\"@type\":\"CommentAction\",\"name\":\"Comment\",\"target\":[\"https:\\\/\\\/www.anovapeneira.gal\\\/index.php\\\/2020\\\/11\\\/06\\\/tocanos-estar-a-altura\\\/#respond\"]}]},{\"@type\":\"WebPage\",\"@id\":\"https:\\\/\\\/www.anovapeneira.gal\\\/index.php\\\/2020\\\/11\\\/06\\\/tocanos-estar-a-altura\\\/\",\"url\":\"https:\\\/\\\/www.anovapeneira.gal\\\/index.php\\\/2020\\\/11\\\/06\\\/tocanos-estar-a-altura\\\/\",\"name\":\"T\u00f3canos estar \u00e1 altura? -\",\"isPartOf\":{\"@id\":\"https:\\\/\\\/www.anovapeneira.gal\\\/#website\"},\"primaryImageOfPage\":{\"@id\":\"https:\\\/\\\/www.anovapeneira.gal\\\/index.php\\\/2020\\\/11\\\/06\\\/tocanos-estar-a-altura\\\/#primaryimage\"},\"image\":{\"@id\":\"https:\\\/\\\/www.anovapeneira.gal\\\/index.php\\\/2020\\\/11\\\/06\\\/tocanos-estar-a-altura\\\/#primaryimage\"},\"thumbnailUrl\":\"https:\\\/\\\/www.anovapeneira.gal\\\/wp-content\\\/uploads\\\/2019\\\/07\\\/ARTIGO_DE_OPINION_A_NOVA_PENEIRA.jpg\",\"datePublished\":\"2020-11-06T11:00:27+00:00\",\"description\":\"Imos detr\u00e1s do Virus, somo como o Coiote que persegue ao Correcami\u00f1os e nunca o da alcanzado. As medidas chegan tarde, cando deber\u00edan implementarse antes para atallar os efectos da pandemia\",\"breadcrumb\":{\"@id\":\"https:\\\/\\\/www.anovapeneira.gal\\\/index.php\\\/2020\\\/11\\\/06\\\/tocanos-estar-a-altura\\\/#breadcrumb\"},\"inLanguage\":\"gl-ES\",\"potentialAction\":[{\"@type\":\"ReadAction\",\"target\":[\"https:\\\/\\\/www.anovapeneira.gal\\\/index.php\\\/2020\\\/11\\\/06\\\/tocanos-estar-a-altura\\\/\"]}]},{\"@type\":\"ImageObject\",\"inLanguage\":\"gl-ES\",\"@id\":\"https:\\\/\\\/www.anovapeneira.gal\\\/index.php\\\/2020\\\/11\\\/06\\\/tocanos-estar-a-altura\\\/#primaryimage\",\"url\":\"https:\\\/\\\/www.anovapeneira.gal\\\/wp-content\\\/uploads\\\/2019\\\/07\\\/ARTIGO_DE_OPINION_A_NOVA_PENEIRA.jpg\",\"contentUrl\":\"https:\\\/\\\/www.anovapeneira.gal\\\/wp-content\\\/uploads\\\/2019\\\/07\\\/ARTIGO_DE_OPINION_A_NOVA_PENEIRA.jpg\",\"width\":720,\"height\":473,\"caption\":\"Artigo de opini\u00f3n A Nova Peneira\"},{\"@type\":\"BreadcrumbList\",\"@id\":\"https:\\\/\\\/www.anovapeneira.gal\\\/index.php\\\/2020\\\/11\\\/06\\\/tocanos-estar-a-altura\\\/#breadcrumb\",\"itemListElement\":[{\"@type\":\"ListItem\",\"position\":1,\"name\":\"Portada\",\"item\":\"https:\\\/\\\/www.anovapeneira.gal\\\/\"},{\"@type\":\"ListItem\",\"position\":2,\"name\":\"T\u00f3canos estar \u00e1 altura?\"}]},{\"@type\":\"WebSite\",\"@id\":\"https:\\\/\\\/www.anovapeneira.gal\\\/#website\",\"url\":\"https:\\\/\\\/www.anovapeneira.gal\\\/\",\"name\":\"\",\"description\":\"Xornal galego de informaci\u00f3n xeral Publicaci\u00f3n mensual de novas de Galicia e en especial dos Concellos da sur da provincia de Pontevedra.\",\"publisher\":{\"@id\":\"https:\\\/\\\/www.anovapeneira.gal\\\/#organization\"},\"potentialAction\":[{\"@type\":\"SearchAction\",\"target\":{\"@type\":\"EntryPoint\",\"urlTemplate\":\"https:\\\/\\\/www.anovapeneira.gal\\\/?s={search_term_string}\"},\"query-input\":{\"@type\":\"PropertyValueSpecification\",\"valueRequired\":true,\"valueName\":\"search_term_string\"}}],\"inLanguage\":\"gl-ES\"},{\"@type\":\"Organization\",\"@id\":\"https:\\\/\\\/www.anovapeneira.gal\\\/#organization\",\"name\":\"A Nova Peneira\",\"url\":\"https:\\\/\\\/www.anovapeneira.gal\\\/\",\"logo\":{\"@type\":\"ImageObject\",\"inLanguage\":\"gl-ES\",\"@id\":\"https:\\\/\\\/www.anovapeneira.gal\\\/#\\\/schema\\\/logo\\\/image\\\/\",\"url\":\"http:\\\/\\\/www.anovapeneira.gal\\\/wp-content\\\/uploads\\\/2019\\\/06\\\/logo_a_nova_peneira_portal_web.png\",\"contentUrl\":\"http:\\\/\\\/www.anovapeneira.gal\\\/wp-content\\\/uploads\\\/2019\\\/06\\\/logo_a_nova_peneira_portal_web.png\",\"width\":300,\"height\":100,\"caption\":\"A Nova Peneira\"},\"image\":{\"@id\":\"https:\\\/\\\/www.anovapeneira.gal\\\/#\\\/schema\\\/logo\\\/image\\\/\"},\"sameAs\":[\"https:\\\/\\\/www.facebook.com\\\/anovapeneira\",\"https:\\\/\\\/x.com\\\/APeneira\"]},{\"@type\":\"Person\",\"@id\":\"https:\\\/\\\/www.anovapeneira.gal\\\/#\\\/schema\\\/person\\\/c04a9c9f722c9446e71ae434c0353337\",\"name\":\"Pedro M. Cortegoso Gago\",\"image\":{\"@type\":\"ImageObject\",\"inLanguage\":\"gl-ES\",\"@id\":\"https:\\\/\\\/secure.gravatar.com\\\/avatar\\\/1613b27278a972c04db5c2f04fb2cbfa9edb58d6c3e2547817ecb8240eb58381?s=96&d=mm&r=g\",\"url\":\"https:\\\/\\\/secure.gravatar.com\\\/avatar\\\/1613b27278a972c04db5c2f04fb2cbfa9edb58d6c3e2547817ecb8240eb58381?s=96&d=mm&r=g\",\"contentUrl\":\"https:\\\/\\\/secure.gravatar.com\\\/avatar\\\/1613b27278a972c04db5c2f04fb2cbfa9edb58d6c3e2547817ecb8240eb58381?s=96&d=mm&r=g\",\"caption\":\"Pedro M. Cortegoso Gago\"},\"sameAs\":[\"http:\\\/\\\/anovapeneira.gal\"],\"url\":\"https:\\\/\\\/www.anovapeneira.gal\\\/index.php\\\/author\\\/opinionpcortegoso\\\/\"}]}<\/script>\n<!-- \/ Yoast SEO plugin. -->","yoast_head_json":{"title":"T\u00f3canos estar \u00e1 altura? -","description":"Imos detr\u00e1s do Virus, somo como o Coiote que persegue ao Correcami\u00f1os e nunca o da alcanzado. As medidas chegan tarde, cando deber\u00edan implementarse antes para atallar os efectos da pandemia","robots":{"index":"index","follow":"follow","max-snippet":"max-snippet:-1","max-image-preview":"max-image-preview:large","max-video-preview":"max-video-preview:-1"},"canonical":"https:\/\/www.anovapeneira.gal\/index.php\/2020\/11\/06\/tocanos-estar-a-altura\/","og_locale":"gl_ES","og_type":"article","og_title":"T\u00f3canos estar \u00e1 altura? -","og_description":"Imos detr\u00e1s do Virus, somo como o Coiote que persegue ao Correcami\u00f1os e nunca o da alcanzado. As medidas chegan tarde, cando deber\u00edan implementarse antes para atallar os efectos da pandemia","og_url":"https:\/\/www.anovapeneira.gal\/index.php\/2020\/11\/06\/tocanos-estar-a-altura\/","article_publisher":"https:\/\/www.facebook.com\/anovapeneira","article_published_time":"2020-11-06T11:00:27+00:00","og_image":[{"width":720,"height":473,"url":"https:\/\/www.anovapeneira.gal\/wp-content\/uploads\/2019\/07\/ARTIGO_DE_OPINION_A_NOVA_PENEIRA.jpg","type":"image\/jpeg"}],"author":"Pedro M. Cortegoso Gago","twitter_card":"summary_large_image","twitter_creator":"@APeneira","twitter_site":"@APeneira","twitter_misc":{"Escrito por":"Pedro M. Cortegoso Gago","Tempo de lectura":"4 minutos"},"schema":{"@context":"https:\/\/schema.org","@graph":[{"@type":"Article","@id":"https:\/\/www.anovapeneira.gal\/index.php\/2020\/11\/06\/tocanos-estar-a-altura\/#article","isPartOf":{"@id":"https:\/\/www.anovapeneira.gal\/index.php\/2020\/11\/06\/tocanos-estar-a-altura\/"},"author":{"name":"Pedro M. Cortegoso Gago","@id":"https:\/\/www.anovapeneira.gal\/#\/schema\/person\/c04a9c9f722c9446e71ae434c0353337"},"headline":"T\u00f3canos estar \u00e1 altura?","datePublished":"2020-11-06T11:00:27+00:00","mainEntityOfPage":{"@id":"https:\/\/www.anovapeneira.gal\/index.php\/2020\/11\/06\/tocanos-estar-a-altura\/"},"wordCount":708,"commentCount":0,"publisher":{"@id":"https:\/\/www.anovapeneira.gal\/#organization"},"image":{"@id":"https:\/\/www.anovapeneira.gal\/index.php\/2020\/11\/06\/tocanos-estar-a-altura\/#primaryimage"},"thumbnailUrl":"https:\/\/www.anovapeneira.gal\/wp-content\/uploads\/2019\/07\/ARTIGO_DE_OPINION_A_NOVA_PENEIRA.jpg","keywords":["Concello de Mar\u00edn"],"articleSection":["Artigos de opini\u00f3n"],"inLanguage":"gl-ES","potentialAction":[{"@type":"CommentAction","name":"Comment","target":["https:\/\/www.anovapeneira.gal\/index.php\/2020\/11\/06\/tocanos-estar-a-altura\/#respond"]}]},{"@type":"WebPage","@id":"https:\/\/www.anovapeneira.gal\/index.php\/2020\/11\/06\/tocanos-estar-a-altura\/","url":"https:\/\/www.anovapeneira.gal\/index.php\/2020\/11\/06\/tocanos-estar-a-altura\/","name":"T\u00f3canos estar \u00e1 altura? -","isPartOf":{"@id":"https:\/\/www.anovapeneira.gal\/#website"},"primaryImageOfPage":{"@id":"https:\/\/www.anovapeneira.gal\/index.php\/2020\/11\/06\/tocanos-estar-a-altura\/#primaryimage"},"image":{"@id":"https:\/\/www.anovapeneira.gal\/index.php\/2020\/11\/06\/tocanos-estar-a-altura\/#primaryimage"},"thumbnailUrl":"https:\/\/www.anovapeneira.gal\/wp-content\/uploads\/2019\/07\/ARTIGO_DE_OPINION_A_NOVA_PENEIRA.jpg","datePublished":"2020-11-06T11:00:27+00:00","description":"Imos detr\u00e1s do Virus, somo como o Coiote que persegue ao Correcami\u00f1os e nunca o da alcanzado. As medidas chegan tarde, cando deber\u00edan implementarse antes para atallar os efectos da pandemia","breadcrumb":{"@id":"https:\/\/www.anovapeneira.gal\/index.php\/2020\/11\/06\/tocanos-estar-a-altura\/#breadcrumb"},"inLanguage":"gl-ES","potentialAction":[{"@type":"ReadAction","target":["https:\/\/www.anovapeneira.gal\/index.php\/2020\/11\/06\/tocanos-estar-a-altura\/"]}]},{"@type":"ImageObject","inLanguage":"gl-ES","@id":"https:\/\/www.anovapeneira.gal\/index.php\/2020\/11\/06\/tocanos-estar-a-altura\/#primaryimage","url":"https:\/\/www.anovapeneira.gal\/wp-content\/uploads\/2019\/07\/ARTIGO_DE_OPINION_A_NOVA_PENEIRA.jpg","contentUrl":"https:\/\/www.anovapeneira.gal\/wp-content\/uploads\/2019\/07\/ARTIGO_DE_OPINION_A_NOVA_PENEIRA.jpg","width":720,"height":473,"caption":"Artigo de opini\u00f3n A Nova Peneira"},{"@type":"BreadcrumbList","@id":"https:\/\/www.anovapeneira.gal\/index.php\/2020\/11\/06\/tocanos-estar-a-altura\/#breadcrumb","itemListElement":[{"@type":"ListItem","position":1,"name":"Portada","item":"https:\/\/www.anovapeneira.gal\/"},{"@type":"ListItem","position":2,"name":"T\u00f3canos estar \u00e1 altura?"}]},{"@type":"WebSite","@id":"https:\/\/www.anovapeneira.gal\/#website","url":"https:\/\/www.anovapeneira.gal\/","name":"","description":"Xornal galego de informaci\u00f3n xeral Publicaci\u00f3n mensual de novas de Galicia e en especial dos Concellos da sur da provincia de Pontevedra.","publisher":{"@id":"https:\/\/www.anovapeneira.gal\/#organization"},"potentialAction":[{"@type":"SearchAction","target":{"@type":"EntryPoint","urlTemplate":"https:\/\/www.anovapeneira.gal\/?s={search_term_string}"},"query-input":{"@type":"PropertyValueSpecification","valueRequired":true,"valueName":"search_term_string"}}],"inLanguage":"gl-ES"},{"@type":"Organization","@id":"https:\/\/www.anovapeneira.gal\/#organization","name":"A Nova Peneira","url":"https:\/\/www.anovapeneira.gal\/","logo":{"@type":"ImageObject","inLanguage":"gl-ES","@id":"https:\/\/www.anovapeneira.gal\/#\/schema\/logo\/image\/","url":"http:\/\/www.anovapeneira.gal\/wp-content\/uploads\/2019\/06\/logo_a_nova_peneira_portal_web.png","contentUrl":"http:\/\/www.anovapeneira.gal\/wp-content\/uploads\/2019\/06\/logo_a_nova_peneira_portal_web.png","width":300,"height":100,"caption":"A Nova Peneira"},"image":{"@id":"https:\/\/www.anovapeneira.gal\/#\/schema\/logo\/image\/"},"sameAs":["https:\/\/www.facebook.com\/anovapeneira","https:\/\/x.com\/APeneira"]},{"@type":"Person","@id":"https:\/\/www.anovapeneira.gal\/#\/schema\/person\/c04a9c9f722c9446e71ae434c0353337","name":"Pedro M. Cortegoso Gago","image":{"@type":"ImageObject","inLanguage":"gl-ES","@id":"https:\/\/secure.gravatar.com\/avatar\/1613b27278a972c04db5c2f04fb2cbfa9edb58d6c3e2547817ecb8240eb58381?s=96&d=mm&r=g","url":"https:\/\/secure.gravatar.com\/avatar\/1613b27278a972c04db5c2f04fb2cbfa9edb58d6c3e2547817ecb8240eb58381?s=96&d=mm&r=g","contentUrl":"https:\/\/secure.gravatar.com\/avatar\/1613b27278a972c04db5c2f04fb2cbfa9edb58d6c3e2547817ecb8240eb58381?s=96&d=mm&r=g","caption":"Pedro M. Cortegoso Gago"},"sameAs":["http:\/\/anovapeneira.gal"],"url":"https:\/\/www.anovapeneira.gal\/index.php\/author\/opinionpcortegoso\/"}]}},"jetpack_featured_media_url":"https:\/\/www.anovapeneira.gal\/wp-content\/uploads\/2019\/07\/ARTIGO_DE_OPINION_A_NOVA_PENEIRA.jpg","_links":{"self":[{"href":"https:\/\/www.anovapeneira.gal\/index.php\/wp-json\/wp\/v2\/posts\/4223","targetHints":{"allow":["GET"]}}],"collection":[{"href":"https:\/\/www.anovapeneira.gal\/index.php\/wp-json\/wp\/v2\/posts"}],"about":[{"href":"https:\/\/www.anovapeneira.gal\/index.php\/wp-json\/wp\/v2\/types\/post"}],"author":[{"embeddable":true,"href":"https:\/\/www.anovapeneira.gal\/index.php\/wp-json\/wp\/v2\/users\/4"}],"replies":[{"embeddable":true,"href":"https:\/\/www.anovapeneira.gal\/index.php\/wp-json\/wp\/v2\/comments?post=4223"}],"version-history":[{"count":1,"href":"https:\/\/www.anovapeneira.gal\/index.php\/wp-json\/wp\/v2\/posts\/4223\/revisions"}],"predecessor-version":[{"id":4228,"href":"https:\/\/www.anovapeneira.gal\/index.php\/wp-json\/wp\/v2\/posts\/4223\/revisions\/4228"}],"wp:featuredmedia":[{"embeddable":true,"href":"https:\/\/www.anovapeneira.gal\/index.php\/wp-json\/wp\/v2\/media\/584"}],"wp:attachment":[{"href":"https:\/\/www.anovapeneira.gal\/index.php\/wp-json\/wp\/v2\/media?parent=4223"}],"wp:term":[{"taxonomy":"category","embeddable":true,"href":"https:\/\/www.anovapeneira.gal\/index.php\/wp-json\/wp\/v2\/categories?post=4223"},{"taxonomy":"post_tag","embeddable":true,"href":"https:\/\/www.anovapeneira.gal\/index.php\/wp-json\/wp\/v2\/tags?post=4223"}],"curies":[{"name":"wp","href":"https:\/\/api.w.org\/{rel}","templated":true}]}}