{"id":4236,"date":"2020-11-09T12:00:16","date_gmt":"2020-11-09T11:00:16","guid":{"rendered":"http:\/\/www.anovapeneira.gal\/?p=4236"},"modified":"2020-11-04T21:16:46","modified_gmt":"2020-11-04T20:16:46","slug":"as-xestorias-e-a-crise-sanitaria","status":"publish","type":"post","link":"https:\/\/www.anovapeneira.gal\/index.php\/2020\/11\/09\/as-xestorias-e-a-crise-sanitaria\/","title":{"rendered":"As xestor\u00edas e a crise sanitaria"},"content":{"rendered":"\n<p><strong>No medio dun oc\u00e9ano de incertezas e angustias case para cada ser humano, que non sabe se ma\u00f1\u00e1 poder\u00e1 seguir abrindo o seu negocio, ou manter o seu posto de traballo, quixemos co\u00f1ecer como est\u00e1 un dos sectores que no confinamento de marzo sufr\u00edu un impacto m\u00e1is directo, en forma de multiplicaci\u00f3n ad infinitum do seu volume de traballo , da crise sanitaria; AS XESTOR\u00cdAS, que durante aquelas semanas , case de hoxe para ma\u00f1\u00e1, vironse na obriga de xestionar centos de ERTES para milleiros e milleiros de persoas. Como o levaron naquel momento?, est\u00e1n preparadas para afrontar unha probable situaci\u00f3n como a de Marzo?&#8230;Para co\u00f1ecer as respostas falamos con Javier Alonso, o propietario de TEMASA una das xestor\u00edas m\u00e1is prestixiosas de Vigo.<\/strong><\/p>\n\n\n\n<p><strong>JAVIER ALONSO .TEMASA<\/strong><\/p>\n\n\n\n<p>\u201c<strong>TE\u00d1O CLIENTES PSIQUIATRAS ,QUE ME MANIFESTAN QUE TE\u00d1EN UN VOLUME INMENSO DE PACIENTES CON EPISODIOS DE ANGUSTIA EXISTENCIAL DERIVADOS DA SITUACI\u00d3N SANITARIA\u201d<\/strong><\/p>\n\n\n\n<p><strong>De<\/strong><strong>onde<\/strong><strong>es ti?<\/strong><\/p>\n\n\n\n<blockquote class=\"wp-block-quote is-layout-flow wp-block-quote-is-layout-flow\"><p>Eu son de Vigo<\/p><\/blockquote>\n\n\n\n<p><strong>Cal \u00e9 a t\u00faa formaci\u00f3n acad\u00e9mica?<\/strong><\/p>\n\n\n\n<blockquote class=\"wp-block-quote is-layout-flow wp-block-quote-is-layout-flow\"><p>Son economista<\/p><\/blockquote>\n\n\n\n<p><strong>Onde estudaches?<\/strong><\/p>\n\n\n\n<blockquote class=\"wp-block-quote is-layout-flow wp-block-quote-is-layout-flow\"><p>En Vigo, que daquela era campus da Universidade de Santiago, e en Oviedo<\/p><\/blockquote>\n\n\n\n<p><strong>Xa<\/strong><strong>pasaron<\/strong><strong>moitos<\/strong><strong>anos desde que ti e eu estudamos, eu gardo recordos entra\u00f1ables da mi\u00f1a \u00e9poca universitaria. E ti?<\/strong><\/p>\n\n\n\n<blockquote class=\"wp-block-quote is-layout-flow wp-block-quote-is-layout-flow\"><p>E tanto que si .De feito a\u00ednda hoxe, tantos anos despois de rematar a mi\u00f1a carreira conservo amizades daquela \u00e9poca. E una vez cada dous anos quedamos en Oviedo para darnos una aperta e lembrar aqueles tempos<\/p><\/blockquote>\n\n\n\n<p><strong>Pero supo\u00f1o que as festas, que facedes agora, nesas xuntanzas bienais en Oviedo, non ser\u00e1n tan intensas como as que faciades cando erades estudantes?<\/strong><\/p>\n\n\n\n<blockquote class=\"wp-block-quote is-layout-flow wp-block-quote-is-layout-flow\"><p>Ha ha ha ha .Non,home, agora son distintas claro, pero tam\u00e9n te\u00f1en o seu encanto. Cando eu era estudante todo estaba moi mediatizado pola vida pol\u00edtica que, naquel momento, nos estertores do franquismo ou no abrente da democracia, inundaba case cada acto vital. Eu cheguei a ter neses anos una militancia pol\u00edtica moi activa nunha organizaci\u00f3n moi \u00e1 esquerda do que \u00e9 a esquerda pol\u00edtica actual. Tam\u00e9n ti\u00f1amos todos eu inclu\u00eddo, moito m\u00e1is pelo que agora claro<\/p><\/blockquote>\n\n\n\n<p><strong>Ha ha ha ha .E a vida profesional como a iniciaches, Javier?<\/strong><\/p>\n\n\n\n<blockquote class=\"wp-block-quote is-layout-flow wp-block-quote-is-layout-flow\"><p>Pois una vez rematada a carreira tiven alg\u00fans traballos ata que no ano 1.984 decid\u00edn montar a mi\u00f1a propia empresa , e al\u00ed naceu TEMASA<\/p><\/blockquote>\n\n\n\n<p><strong>Temasa ten xa que logo,36 anos de actividade ininterrompida?<\/strong><\/p>\n\n\n\n<blockquote class=\"wp-block-quote is-layout-flow wp-block-quote-is-layout-flow\"><p>Efectivamente<\/p><\/blockquote>\n\n\n\n<p><strong>En m\u00e1is de tres d\u00e9cadas de actividade supo\u00f1o que ter\u00e1s visto todo tipo de situaci\u00f3ns econ\u00f3micas; pero alguna vez percibiches alg\u00fan momento tan preocupante como este?<\/strong><\/p>\n\n\n\n<blockquote class=\"wp-block-quote is-layout-flow wp-block-quote-is-layout-flow\"><p>Nunca, nunca xamais. E efectivamente te\u00f1o convivido con crises econ\u00f3micas moi graves, tam\u00e9n con moi bos momentos todo hai que dicilo, pero algo tan sumamente duro e de consecuencias econ\u00f3micas tan dif\u00edciles de prever non o viv\u00edn nestes 36 anos de actividade de Temasa, nunca. Esta crise trascende o estritamente econ\u00f3mico, como outras anteriores, e hai factores aleatorios que incidir\u00e1n en que a s\u00faa soluci\u00f3n sexa m\u00e1is ou menos pronto que son absolutamente imprevisibles.<\/p><\/blockquote>\n\n\n\n<p><strong>Os afectados son tanto empresarios como traballadores?<\/strong><\/p>\n\n\n\n<blockquote class=\"wp-block-quote is-layout-flow wp-block-quote-is-layout-flow\"><p>Por descontado a situaci\u00f3n \u00e9 cr\u00edtica para todos .O covid 19 sup\u00f3n un cambio na vida de Europa cunhas consecuencias impactantes cuxo resultado final non se pode saber a\u00ednda, pero t\u00e9mome que o golpe sexa dram\u00e1tico para amplos segmentos sociais. Eu te\u00f1o dous psiquiatras clientes e ambos manifestan que te\u00f1en un volumen de pacientes elevad\u00edsimo con episodios de angustia existencial derivados da incerteza social e econ\u00f3mica que provoca a situaci\u00f3n sanitaria.<\/p><\/blockquote>\n\n\n\n<p><strong>Lin nalg\u00fan sitio que durante os meses de confinamento o volume de traballo que tivestes nas xestor\u00edas foi sobrehum\u00e1n e que incluso chegou a afectar ao equilibrio emocional de moitos profesionais. Eso \u00e9 as\u00ed?<\/strong><\/p>\n\n\n\n<blockquote class=\"wp-block-quote is-layout-flow wp-block-quote-is-layout-flow\"><p>Eso \u00e9, sen d\u00fabida, as\u00ed.Tal como estaba dese\u00f1ado o acceso aos ERTES era necesario xustificalo empresa a empresa e traballador a traballador. O traballo foi tan inmenso que n\u00f3s chegamos a traballar s\u00e1bados e domingos comendo bocadillos na oficina<\/p><\/blockquote>\n\n\n\n<p><strong>Caramba\u00a1\u00a1<\/strong><\/p>\n\n\n\n<blockquote class=\"wp-block-quote is-layout-flow wp-block-quote-is-layout-flow\"><p>\u00c9 que non hab\u00eda m\u00e1is remedio. No caso contrario non ti\u00f1amos tempo material para presentar todos os ERTES en tempo e forma e haber\u00eda persoas que non poder\u00edan cobrar. Eu non estou na cabeza de ningu\u00e9n e non podo saber como o levou cada persoa, pero \u00e9 pr\u00e1cticamente imposible que un volume xigantesco de traballo, en tan pouco tempo, e de tanta responsabilidade, non afecte ao equilibrio emocional do traballador que se vea sometido a tal nivel de presi\u00f3n. Eu quero aproveitar ,Tino, a oportunidade que me dades para exepresar o meu orgullo e agradecemento polo nivel de esforzo e profesionalidade dos compa\u00f1eiros e compa\u00f1eiras de Temasa. Grazas a eles ,e aos profesionais de moitas outras asesor\u00edas, foi posible xestionar a treboada inmensa que, de s\u00fapeto, nos veu enriba.<\/p><\/blockquote>\n\n\n\n<p><strong>De todas as empresas que xestiona a t\u00faa asesor\u00eda ningunha caeu?<\/strong><\/p>\n\n\n\n<blockquote class=\"wp-block-quote is-layout-flow wp-block-quote-is-layout-flow\"><p>Algunha do sector da hostaleiria, pero a ca\u00edda de clientes que tivemos n\u00f3s non foi significativa. Tes que pensar que Temasa \u00e9 una asesor\u00eda que xa leva moitos anos e o seu corpo de clientes, en li\u00f1as xerais, son empresas xa consolidadas. Agora ben, te\u00f1o que dicir tam\u00e9n que algunha desas empresas est\u00e1n realmente preocupadas por outro posible peche de actividade.<\/p><\/blockquote>\n\n\n\n<p><strong>E se iso se volvese a producuir?<\/strong><\/p>\n\n\n\n<blockquote class=\"wp-block-quote is-layout-flow wp-block-quote-is-layout-flow\"><p>Te\u00f1o a certeza de que o dano ser\u00eda a\u00ednda m\u00e1is grave que en marzo e, non sei cantas, algunas empresas poder\u00edan cair.<\/p><\/blockquote>\n\n\n\n<p><strong>Agora a 3 de novembro, sen peche de actividade de momento, o voso traballo est\u00e1 en par\u00e1metros semellantes a antes do confinamento de marzo?<\/strong><\/p>\n\n\n\n<blockquote class=\"wp-block-quote is-layout-flow wp-block-quote-is-layout-flow\"><p>Si, poderiamos dicir que si. Agora mesmo estamos case en situaci\u00f3n de normalidade.<\/p><\/blockquote>\n\n\n\n<p><strong>Como valoras as medidas econ\u00f3micas da administraci\u00f3n estatal para tratar de paliar as consecuencias derivadas da crise sanitaria?<\/strong><\/p>\n\n\n\n<blockquote class=\"wp-block-quote is-layout-flow wp-block-quote-is-layout-flow\"><p>Os ERTES foron unha medida positiva. O resto par\u00e9ceronme insuficientes, de extrema dificultade burocr\u00e1tica e coa dificultade engadida dun enorme e variado volume normativo que fac\u00eda tolear ata ao profesioal m\u00e1is sereno e paciente.<\/p><\/blockquote>\n\n\n\n<p><strong>E a administraci\u00f3n auton\u00f3mica?<\/strong><\/p>\n\n\n\n<blockquote class=\"wp-block-quote is-layout-flow wp-block-quote-is-layout-flow\"><p>M\u00e1is ou menos o mesmo. Ambas administraci\u00f3ns o \u00fanico que fixeron foi adiar impostos, axudas reais non houbo, porque os cr\u00e9ditos ICO poden ser una axuda, ou se o mecado non xenera as condici\u00f3ns necesarias para devolvelos poden ser un problema engadido. En defnitiva eu vexo incertezas econ\u00f3micas terribles tanto para empresas como para traballadores e traballadoras.<\/p><\/blockquote>\n\n\n\n<p><strong>No caso de que houbese que afrontar un segundo confinamento co par\u00f3n econ\u00f3mico conseguinte, as xestor\u00edas estar\u00edan preparadas para afrontar a fervenza de problemas que se vos vir\u00edan enriba?<\/strong><\/p>\n\n\n\n<blockquote class=\"wp-block-quote is-layout-flow wp-block-quote-is-layout-flow\"><p>Uff vaia pregunta.Eu podo falar por Temasa, e se pasa de novo o de marzo teriamos que contratar un m\u00ednimo de tres economistas m\u00e1is de contado.<\/p><\/blockquote>\n","protected":false},"excerpt":{"rendered":"<div class=\"mh-excerpt\"><p>No medio dun oc\u00e9ano de incertezas e angustias case para cada ser humano, que non sabe se ma\u00f1\u00e1 poder\u00e1 seguir abrindo o seu negocio, ou manter o seu posto de traballo <a class=\"mh-excerpt-more\" href=\"https:\/\/www.anovapeneira.gal\/index.php\/2020\/11\/09\/as-xestorias-e-a-crise-sanitaria\/\" title=\"As xestor\u00edas e a crise sanitaria\">[&#8230;]<\/a><\/p>\n<\/div>","protected":false},"author":2,"featured_media":4238,"comment_status":"open","ping_status":"open","sticky":false,"template":"","format":"standard","meta":{"_exactmetrics_skip_tracking":false,"_exactmetrics_sitenote_active":false,"_exactmetrics_sitenote_note":"","_exactmetrics_sitenote_category":0,"footnotes":""},"categories":[497],"tags":[227],"class_list":{"0":"post-4236","1":"post","2":"type-post","3":"status-publish","4":"format-standard","5":"has-post-thumbnail","7":"category-vigo-reportaxes","8":"tag-concello-de-vigo"},"yoast_head":"<!-- This site is optimized with the Yoast SEO plugin v27.4 - https:\/\/yoast.com\/product\/yoast-seo-wordpress\/ -->\n<title>As xestor\u00edas e a crise sanitaria -<\/title>\n<meta name=\"robots\" content=\"index, follow, max-snippet:-1, max-image-preview:large, max-video-preview:-1\" \/>\n<link rel=\"canonical\" href=\"https:\/\/www.anovapeneira.gal\/index.php\/2020\/11\/09\/as-xestorias-e-a-crise-sanitaria\/\" \/>\n<meta property=\"og:locale\" content=\"gl_ES\" \/>\n<meta property=\"og:type\" content=\"article\" \/>\n<meta property=\"og:title\" content=\"As xestor\u00edas e a crise sanitaria -\" \/>\n<meta property=\"og:description\" content=\"No medio dun oc\u00e9ano de incertezas e angustias case para cada ser humano, que non sabe se ma\u00f1\u00e1 poder\u00e1 seguir abrindo o seu negocio, ou manter o seu posto de traballo [...]\" \/>\n<meta property=\"og:url\" content=\"https:\/\/www.anovapeneira.gal\/index.php\/2020\/11\/09\/as-xestorias-e-a-crise-sanitaria\/\" \/>\n<meta property=\"article:publisher\" content=\"https:\/\/www.facebook.com\/anovapeneira\" \/>\n<meta property=\"article:published_time\" content=\"2020-11-09T11:00:16+00:00\" \/>\n<meta property=\"og:image\" content=\"https:\/\/www.anovapeneira.gal\/wp-content\/uploads\/2020\/11\/javier_temasa.jpg\" \/>\n\t<meta property=\"og:image:width\" content=\"720\" \/>\n\t<meta property=\"og:image:height\" content=\"432\" \/>\n\t<meta property=\"og:image:type\" content=\"image\/jpeg\" \/>\n<meta name=\"author\" content=\"Tino Lago\" \/>\n<meta name=\"twitter:card\" content=\"summary_large_image\" \/>\n<meta name=\"twitter:creator\" content=\"@APeneira\" \/>\n<meta name=\"twitter:site\" content=\"@APeneira\" \/>\n<meta name=\"twitter:label1\" content=\"Escrito por\" \/>\n\t<meta name=\"twitter:data1\" content=\"Tino Lago\" \/>\n\t<meta name=\"twitter:label2\" content=\"Tempo de lectura\" \/>\n\t<meta name=\"twitter:data2\" content=\"6 minutos\" \/>\n<script type=\"application\/ld+json\" class=\"yoast-schema-graph\">{\"@context\":\"https:\\\/\\\/schema.org\",\"@graph\":[{\"@type\":\"Article\",\"@id\":\"https:\\\/\\\/www.anovapeneira.gal\\\/index.php\\\/2020\\\/11\\\/09\\\/as-xestorias-e-a-crise-sanitaria\\\/#article\",\"isPartOf\":{\"@id\":\"https:\\\/\\\/www.anovapeneira.gal\\\/index.php\\\/2020\\\/11\\\/09\\\/as-xestorias-e-a-crise-sanitaria\\\/\"},\"author\":{\"name\":\"Tino Lago\",\"@id\":\"https:\\\/\\\/www.anovapeneira.gal\\\/#\\\/schema\\\/person\\\/424dfe65e3070fd8a44d22d2c088762a\"},\"headline\":\"As xestor\u00edas e a crise sanitaria\",\"datePublished\":\"2020-11-09T11:00:16+00:00\",\"mainEntityOfPage\":{\"@id\":\"https:\\\/\\\/www.anovapeneira.gal\\\/index.php\\\/2020\\\/11\\\/09\\\/as-xestorias-e-a-crise-sanitaria\\\/\"},\"wordCount\":1186,\"commentCount\":0,\"publisher\":{\"@id\":\"https:\\\/\\\/www.anovapeneira.gal\\\/#organization\"},\"image\":{\"@id\":\"https:\\\/\\\/www.anovapeneira.gal\\\/index.php\\\/2020\\\/11\\\/09\\\/as-xestorias-e-a-crise-sanitaria\\\/#primaryimage\"},\"thumbnailUrl\":\"https:\\\/\\\/www.anovapeneira.gal\\\/wp-content\\\/uploads\\\/2020\\\/11\\\/javier_temasa.jpg\",\"keywords\":[\"Concello de Vigo\"],\"articleSection\":[\"Vigo\"],\"inLanguage\":\"gl-ES\",\"potentialAction\":[{\"@type\":\"CommentAction\",\"name\":\"Comment\",\"target\":[\"https:\\\/\\\/www.anovapeneira.gal\\\/index.php\\\/2020\\\/11\\\/09\\\/as-xestorias-e-a-crise-sanitaria\\\/#respond\"]}]},{\"@type\":\"WebPage\",\"@id\":\"https:\\\/\\\/www.anovapeneira.gal\\\/index.php\\\/2020\\\/11\\\/09\\\/as-xestorias-e-a-crise-sanitaria\\\/\",\"url\":\"https:\\\/\\\/www.anovapeneira.gal\\\/index.php\\\/2020\\\/11\\\/09\\\/as-xestorias-e-a-crise-sanitaria\\\/\",\"name\":\"As xestor\u00edas e a crise sanitaria -\",\"isPartOf\":{\"@id\":\"https:\\\/\\\/www.anovapeneira.gal\\\/#website\"},\"primaryImageOfPage\":{\"@id\":\"https:\\\/\\\/www.anovapeneira.gal\\\/index.php\\\/2020\\\/11\\\/09\\\/as-xestorias-e-a-crise-sanitaria\\\/#primaryimage\"},\"image\":{\"@id\":\"https:\\\/\\\/www.anovapeneira.gal\\\/index.php\\\/2020\\\/11\\\/09\\\/as-xestorias-e-a-crise-sanitaria\\\/#primaryimage\"},\"thumbnailUrl\":\"https:\\\/\\\/www.anovapeneira.gal\\\/wp-content\\\/uploads\\\/2020\\\/11\\\/javier_temasa.jpg\",\"datePublished\":\"2020-11-09T11:00:16+00:00\",\"breadcrumb\":{\"@id\":\"https:\\\/\\\/www.anovapeneira.gal\\\/index.php\\\/2020\\\/11\\\/09\\\/as-xestorias-e-a-crise-sanitaria\\\/#breadcrumb\"},\"inLanguage\":\"gl-ES\",\"potentialAction\":[{\"@type\":\"ReadAction\",\"target\":[\"https:\\\/\\\/www.anovapeneira.gal\\\/index.php\\\/2020\\\/11\\\/09\\\/as-xestorias-e-a-crise-sanitaria\\\/\"]}]},{\"@type\":\"ImageObject\",\"inLanguage\":\"gl-ES\",\"@id\":\"https:\\\/\\\/www.anovapeneira.gal\\\/index.php\\\/2020\\\/11\\\/09\\\/as-xestorias-e-a-crise-sanitaria\\\/#primaryimage\",\"url\":\"https:\\\/\\\/www.anovapeneira.gal\\\/wp-content\\\/uploads\\\/2020\\\/11\\\/javier_temasa.jpg\",\"contentUrl\":\"https:\\\/\\\/www.anovapeneira.gal\\\/wp-content\\\/uploads\\\/2020\\\/11\\\/javier_temasa.jpg\",\"width\":720,\"height\":432},{\"@type\":\"BreadcrumbList\",\"@id\":\"https:\\\/\\\/www.anovapeneira.gal\\\/index.php\\\/2020\\\/11\\\/09\\\/as-xestorias-e-a-crise-sanitaria\\\/#breadcrumb\",\"itemListElement\":[{\"@type\":\"ListItem\",\"position\":1,\"name\":\"Portada\",\"item\":\"https:\\\/\\\/www.anovapeneira.gal\\\/\"},{\"@type\":\"ListItem\",\"position\":2,\"name\":\"As xestor\u00edas e a crise sanitaria\"}]},{\"@type\":\"WebSite\",\"@id\":\"https:\\\/\\\/www.anovapeneira.gal\\\/#website\",\"url\":\"https:\\\/\\\/www.anovapeneira.gal\\\/\",\"name\":\"\",\"description\":\"Xornal galego de informaci\u00f3n xeral Publicaci\u00f3n mensual de novas de Galicia e en especial dos Concellos da sur da provincia de Pontevedra.\",\"publisher\":{\"@id\":\"https:\\\/\\\/www.anovapeneira.gal\\\/#organization\"},\"potentialAction\":[{\"@type\":\"SearchAction\",\"target\":{\"@type\":\"EntryPoint\",\"urlTemplate\":\"https:\\\/\\\/www.anovapeneira.gal\\\/?s={search_term_string}\"},\"query-input\":{\"@type\":\"PropertyValueSpecification\",\"valueRequired\":true,\"valueName\":\"search_term_string\"}}],\"inLanguage\":\"gl-ES\"},{\"@type\":\"Organization\",\"@id\":\"https:\\\/\\\/www.anovapeneira.gal\\\/#organization\",\"name\":\"A Nova Peneira\",\"url\":\"https:\\\/\\\/www.anovapeneira.gal\\\/\",\"logo\":{\"@type\":\"ImageObject\",\"inLanguage\":\"gl-ES\",\"@id\":\"https:\\\/\\\/www.anovapeneira.gal\\\/#\\\/schema\\\/logo\\\/image\\\/\",\"url\":\"http:\\\/\\\/www.anovapeneira.gal\\\/wp-content\\\/uploads\\\/2019\\\/06\\\/logo_a_nova_peneira_portal_web.png\",\"contentUrl\":\"http:\\\/\\\/www.anovapeneira.gal\\\/wp-content\\\/uploads\\\/2019\\\/06\\\/logo_a_nova_peneira_portal_web.png\",\"width\":300,\"height\":100,\"caption\":\"A Nova Peneira\"},\"image\":{\"@id\":\"https:\\\/\\\/www.anovapeneira.gal\\\/#\\\/schema\\\/logo\\\/image\\\/\"},\"sameAs\":[\"https:\\\/\\\/www.facebook.com\\\/anovapeneira\",\"https:\\\/\\\/x.com\\\/APeneira\"]},{\"@type\":\"Person\",\"@id\":\"https:\\\/\\\/www.anovapeneira.gal\\\/#\\\/schema\\\/person\\\/424dfe65e3070fd8a44d22d2c088762a\",\"name\":\"Tino Lago\",\"image\":{\"@type\":\"ImageObject\",\"inLanguage\":\"gl-ES\",\"@id\":\"https:\\\/\\\/secure.gravatar.com\\\/avatar\\\/b3df6a06e44bab3111583b90f0f33a0379ee5e3d22cbadd232d39f21c30c62be?s=96&d=mm&r=g\",\"url\":\"https:\\\/\\\/secure.gravatar.com\\\/avatar\\\/b3df6a06e44bab3111583b90f0f33a0379ee5e3d22cbadd232d39f21c30c62be?s=96&d=mm&r=g\",\"contentUrl\":\"https:\\\/\\\/secure.gravatar.com\\\/avatar\\\/b3df6a06e44bab3111583b90f0f33a0379ee5e3d22cbadd232d39f21c30c62be?s=96&d=mm&r=g\",\"caption\":\"Tino Lago\"},\"sameAs\":[\"http:\\\/\\\/www.anovapeneira.gal\"],\"url\":\"https:\\\/\\\/www.anovapeneira.gal\\\/index.php\\\/author\\\/director\\\/\"}]}<\/script>\n<!-- \/ Yoast SEO plugin. -->","yoast_head_json":{"title":"As xestor\u00edas e a crise sanitaria -","robots":{"index":"index","follow":"follow","max-snippet":"max-snippet:-1","max-image-preview":"max-image-preview:large","max-video-preview":"max-video-preview:-1"},"canonical":"https:\/\/www.anovapeneira.gal\/index.php\/2020\/11\/09\/as-xestorias-e-a-crise-sanitaria\/","og_locale":"gl_ES","og_type":"article","og_title":"As xestor\u00edas e a crise sanitaria -","og_description":"No medio dun oc\u00e9ano de incertezas e angustias case para cada ser humano, que non sabe se ma\u00f1\u00e1 poder\u00e1 seguir abrindo o seu negocio, ou manter o seu posto de traballo [...]","og_url":"https:\/\/www.anovapeneira.gal\/index.php\/2020\/11\/09\/as-xestorias-e-a-crise-sanitaria\/","article_publisher":"https:\/\/www.facebook.com\/anovapeneira","article_published_time":"2020-11-09T11:00:16+00:00","og_image":[{"width":720,"height":432,"url":"https:\/\/www.anovapeneira.gal\/wp-content\/uploads\/2020\/11\/javier_temasa.jpg","type":"image\/jpeg"}],"author":"Tino Lago","twitter_card":"summary_large_image","twitter_creator":"@APeneira","twitter_site":"@APeneira","twitter_misc":{"Escrito por":"Tino Lago","Tempo de lectura":"6 minutos"},"schema":{"@context":"https:\/\/schema.org","@graph":[{"@type":"Article","@id":"https:\/\/www.anovapeneira.gal\/index.php\/2020\/11\/09\/as-xestorias-e-a-crise-sanitaria\/#article","isPartOf":{"@id":"https:\/\/www.anovapeneira.gal\/index.php\/2020\/11\/09\/as-xestorias-e-a-crise-sanitaria\/"},"author":{"name":"Tino Lago","@id":"https:\/\/www.anovapeneira.gal\/#\/schema\/person\/424dfe65e3070fd8a44d22d2c088762a"},"headline":"As xestor\u00edas e a crise sanitaria","datePublished":"2020-11-09T11:00:16+00:00","mainEntityOfPage":{"@id":"https:\/\/www.anovapeneira.gal\/index.php\/2020\/11\/09\/as-xestorias-e-a-crise-sanitaria\/"},"wordCount":1186,"commentCount":0,"publisher":{"@id":"https:\/\/www.anovapeneira.gal\/#organization"},"image":{"@id":"https:\/\/www.anovapeneira.gal\/index.php\/2020\/11\/09\/as-xestorias-e-a-crise-sanitaria\/#primaryimage"},"thumbnailUrl":"https:\/\/www.anovapeneira.gal\/wp-content\/uploads\/2020\/11\/javier_temasa.jpg","keywords":["Concello de Vigo"],"articleSection":["Vigo"],"inLanguage":"gl-ES","potentialAction":[{"@type":"CommentAction","name":"Comment","target":["https:\/\/www.anovapeneira.gal\/index.php\/2020\/11\/09\/as-xestorias-e-a-crise-sanitaria\/#respond"]}]},{"@type":"WebPage","@id":"https:\/\/www.anovapeneira.gal\/index.php\/2020\/11\/09\/as-xestorias-e-a-crise-sanitaria\/","url":"https:\/\/www.anovapeneira.gal\/index.php\/2020\/11\/09\/as-xestorias-e-a-crise-sanitaria\/","name":"As xestor\u00edas e a crise sanitaria -","isPartOf":{"@id":"https:\/\/www.anovapeneira.gal\/#website"},"primaryImageOfPage":{"@id":"https:\/\/www.anovapeneira.gal\/index.php\/2020\/11\/09\/as-xestorias-e-a-crise-sanitaria\/#primaryimage"},"image":{"@id":"https:\/\/www.anovapeneira.gal\/index.php\/2020\/11\/09\/as-xestorias-e-a-crise-sanitaria\/#primaryimage"},"thumbnailUrl":"https:\/\/www.anovapeneira.gal\/wp-content\/uploads\/2020\/11\/javier_temasa.jpg","datePublished":"2020-11-09T11:00:16+00:00","breadcrumb":{"@id":"https:\/\/www.anovapeneira.gal\/index.php\/2020\/11\/09\/as-xestorias-e-a-crise-sanitaria\/#breadcrumb"},"inLanguage":"gl-ES","potentialAction":[{"@type":"ReadAction","target":["https:\/\/www.anovapeneira.gal\/index.php\/2020\/11\/09\/as-xestorias-e-a-crise-sanitaria\/"]}]},{"@type":"ImageObject","inLanguage":"gl-ES","@id":"https:\/\/www.anovapeneira.gal\/index.php\/2020\/11\/09\/as-xestorias-e-a-crise-sanitaria\/#primaryimage","url":"https:\/\/www.anovapeneira.gal\/wp-content\/uploads\/2020\/11\/javier_temasa.jpg","contentUrl":"https:\/\/www.anovapeneira.gal\/wp-content\/uploads\/2020\/11\/javier_temasa.jpg","width":720,"height":432},{"@type":"BreadcrumbList","@id":"https:\/\/www.anovapeneira.gal\/index.php\/2020\/11\/09\/as-xestorias-e-a-crise-sanitaria\/#breadcrumb","itemListElement":[{"@type":"ListItem","position":1,"name":"Portada","item":"https:\/\/www.anovapeneira.gal\/"},{"@type":"ListItem","position":2,"name":"As xestor\u00edas e a crise sanitaria"}]},{"@type":"WebSite","@id":"https:\/\/www.anovapeneira.gal\/#website","url":"https:\/\/www.anovapeneira.gal\/","name":"","description":"Xornal galego de informaci\u00f3n xeral Publicaci\u00f3n mensual de novas de Galicia e en especial dos Concellos da sur da provincia de Pontevedra.","publisher":{"@id":"https:\/\/www.anovapeneira.gal\/#organization"},"potentialAction":[{"@type":"SearchAction","target":{"@type":"EntryPoint","urlTemplate":"https:\/\/www.anovapeneira.gal\/?s={search_term_string}"},"query-input":{"@type":"PropertyValueSpecification","valueRequired":true,"valueName":"search_term_string"}}],"inLanguage":"gl-ES"},{"@type":"Organization","@id":"https:\/\/www.anovapeneira.gal\/#organization","name":"A Nova Peneira","url":"https:\/\/www.anovapeneira.gal\/","logo":{"@type":"ImageObject","inLanguage":"gl-ES","@id":"https:\/\/www.anovapeneira.gal\/#\/schema\/logo\/image\/","url":"http:\/\/www.anovapeneira.gal\/wp-content\/uploads\/2019\/06\/logo_a_nova_peneira_portal_web.png","contentUrl":"http:\/\/www.anovapeneira.gal\/wp-content\/uploads\/2019\/06\/logo_a_nova_peneira_portal_web.png","width":300,"height":100,"caption":"A Nova Peneira"},"image":{"@id":"https:\/\/www.anovapeneira.gal\/#\/schema\/logo\/image\/"},"sameAs":["https:\/\/www.facebook.com\/anovapeneira","https:\/\/x.com\/APeneira"]},{"@type":"Person","@id":"https:\/\/www.anovapeneira.gal\/#\/schema\/person\/424dfe65e3070fd8a44d22d2c088762a","name":"Tino Lago","image":{"@type":"ImageObject","inLanguage":"gl-ES","@id":"https:\/\/secure.gravatar.com\/avatar\/b3df6a06e44bab3111583b90f0f33a0379ee5e3d22cbadd232d39f21c30c62be?s=96&d=mm&r=g","url":"https:\/\/secure.gravatar.com\/avatar\/b3df6a06e44bab3111583b90f0f33a0379ee5e3d22cbadd232d39f21c30c62be?s=96&d=mm&r=g","contentUrl":"https:\/\/secure.gravatar.com\/avatar\/b3df6a06e44bab3111583b90f0f33a0379ee5e3d22cbadd232d39f21c30c62be?s=96&d=mm&r=g","caption":"Tino Lago"},"sameAs":["http:\/\/www.anovapeneira.gal"],"url":"https:\/\/www.anovapeneira.gal\/index.php\/author\/director\/"}]}},"jetpack_featured_media_url":"https:\/\/www.anovapeneira.gal\/wp-content\/uploads\/2020\/11\/javier_temasa.jpg","_links":{"self":[{"href":"https:\/\/www.anovapeneira.gal\/index.php\/wp-json\/wp\/v2\/posts\/4236","targetHints":{"allow":["GET"]}}],"collection":[{"href":"https:\/\/www.anovapeneira.gal\/index.php\/wp-json\/wp\/v2\/posts"}],"about":[{"href":"https:\/\/www.anovapeneira.gal\/index.php\/wp-json\/wp\/v2\/types\/post"}],"author":[{"embeddable":true,"href":"https:\/\/www.anovapeneira.gal\/index.php\/wp-json\/wp\/v2\/users\/2"}],"replies":[{"embeddable":true,"href":"https:\/\/www.anovapeneira.gal\/index.php\/wp-json\/wp\/v2\/comments?post=4236"}],"version-history":[{"count":2,"href":"https:\/\/www.anovapeneira.gal\/index.php\/wp-json\/wp\/v2\/posts\/4236\/revisions"}],"predecessor-version":[{"id":4239,"href":"https:\/\/www.anovapeneira.gal\/index.php\/wp-json\/wp\/v2\/posts\/4236\/revisions\/4239"}],"wp:featuredmedia":[{"embeddable":true,"href":"https:\/\/www.anovapeneira.gal\/index.php\/wp-json\/wp\/v2\/media\/4238"}],"wp:attachment":[{"href":"https:\/\/www.anovapeneira.gal\/index.php\/wp-json\/wp\/v2\/media?parent=4236"}],"wp:term":[{"taxonomy":"category","embeddable":true,"href":"https:\/\/www.anovapeneira.gal\/index.php\/wp-json\/wp\/v2\/categories?post=4236"},{"taxonomy":"post_tag","embeddable":true,"href":"https:\/\/www.anovapeneira.gal\/index.php\/wp-json\/wp\/v2\/tags?post=4236"}],"curies":[{"name":"wp","href":"https:\/\/api.w.org\/{rel}","templated":true}]}}