{"id":4242,"date":"2020-11-10T10:00:40","date_gmt":"2020-11-10T09:00:40","guid":{"rendered":"http:\/\/www.anovapeneira.gal\/?p=4242"},"modified":"2020-11-07T12:07:15","modified_gmt":"2020-11-07T11:07:15","slug":"o-vixesimo-setimo-fragmento-do-diario-de-senlua-arraiana","status":"publish","type":"post","link":"https:\/\/www.anovapeneira.gal\/index.php\/2020\/11\/10\/o-vixesimo-setimo-fragmento-do-diario-de-senlua-arraiana\/","title":{"rendered":"O vix\u00e9simo s\u00e9timo fragmento do diario de Senl\u00faa Arraiana"},"content":{"rendered":"\n<figure class=\"wp-block-image size-large is-resized is-style-default\"><img loading=\"lazy\" decoding=\"async\" src=\"http:\/\/www.anovapeneira.gal\/wp-content\/uploads\/2019\/07\/cristobal_a_nova_peneira.jpg\" alt=\"Crist\u00f3bal L\u00f3pez A Nova Peneira\" class=\"wp-image-555\" width=\"95\" height=\"111\"\/><figcaption>Crist\u00f3bal L\u00f3pez Pazo | Comuneiro dos montes de Tameiga, militante de anticapitalistas, ecoloxista en acci\u00f3n e veci\u00f1o constitu\u00ednte da asemblea veci\u00f1al ga\u00f1aM\u00f3s<\/figcaption><\/figure>\n\n\n\n<h2 class=\"wp-block-heading\"><strong><em>No limiar da inconsciencia<\/em><\/strong><\/h2>\n\n\n\n<div class=\"wp-block-columns is-layout-flex wp-container-core-columns-is-layout-9d6595d7 wp-block-columns-is-layout-flex\">\n<div class=\"wp-block-column is-layout-flow wp-block-column-is-layout-flow\">\n<figure class=\"wp-block-image size-large is-style-default\"><img loading=\"lazy\" decoding=\"async\" width=\"700\" height=\"816\" src=\"http:\/\/www.anovapeneira.gal\/wp-content\/uploads\/2019\/08\/senlua_arraiana_2135.jpg\" alt=\"\" class=\"wp-image-877\" srcset=\"https:\/\/www.anovapeneira.gal\/wp-content\/uploads\/2019\/08\/senlua_arraiana_2135.jpg 700w, https:\/\/www.anovapeneira.gal\/wp-content\/uploads\/2019\/08\/senlua_arraiana_2135-257x300.jpg 257w\" sizes=\"auto, (max-width: 700px) 100vw, 700px\" \/><\/figure>\n<\/div>\n\n\n\n<div class=\"wp-block-column is-layout-flow wp-block-column-is-layout-flow\">\n<p><strong><em>Este vix\u00e9simo s\u00e9timo fragmento do diario de Senl\u00faa Arraiana foi recuperado e adiantado ao noso tempo por Noitepedralonga, fiel camarada do av\u00f3 da futura l\u00edder da resistencia arraiana<\/em><\/strong><\/p>\n<\/div>\n<\/div>\n\n\n\n<p>Segundo os informadores infiltrados na metropole da Colmea, a poboaci\u00f3n de Vilan\u00eda estaba sendo gravemente dezmada pola pandemia. Areval\u00e9fica ordenara acuartelar o seu ex\u00e9rcito deixando desamparada a unha poboaci\u00f3n exposta a disenter\u00eda e v\u00edtima da s\u00faa invectiva contra Prusiana. Os s\u00fabditos de Areval\u00e9fica segu\u00edan crendo a patra\u00f1a artellada por ela e non beb\u00edan auga dos manacias pensando que estaban envelenados polos rebeldes e que est\u00e1 era a causa da enfermidade que os asolaba. O ru\u00eddo de sables comezara a tronar nos cuarteis da Colmea, os mandos militares acuartelados esix\u00edan a Areval\u00e9fica vinganza polas penurias que estaban sufrindo as s\u00faas familias na capital. Cada vez cobraba m\u00e1is forza o rumor de que Areval\u00e9fica preparaba un ataque para reconquistar Anatolia. Para ter algunha posibilidade de \u00e9xito tendr\u00eda que mobilizar todos os seus efectivos e deixar desguarnecida a capital. Seguramente Areval\u00e9fica non quer\u00eda perder a ventaxa t\u00e1ctica de ter o seu ex\u00e9rcito pertrechado nas fortalezas de Vilan\u00eda sendo os rebeldes os expostos al\u00e9n das murallas. Pero a s\u00faa mentira vir\u00e1rase contra ela v\u00e9ndose forzada a emprender unha temeraria acci\u00f3n para calmar a ans\u00eda de revancha que escalaba polo escalaf\u00f3n xerarquico do seu ex\u00e9rcito.&nbsp;<\/p>\n\n\n\n<p>Baixo estas premisas Prusiana argullera a s\u00faa osada manobra. Os arraianos, os puxeiros do Roxo e Portela m\u00e1is a s\u00faa comunidade cient\u00edfica atopar\u00edamonos nun sector accidentado e agreste ao oeste de Vilania. Ao socaire, nesta zona abrupta e deserta chamada Terrabruta, agardar\u00edamos a que a Colmea mobilizara o seu ex\u00e9rcito para entrar en Vilan\u00eda e asaltar o palacio fortaleza de Areval\u00e9fica. Capturandoa defenestrar\u00edamos dun golpe todo o seu imperio de terror. Unha operaci\u00f3n r\u00e1pida e quir\u00farxica para descabezar ao ex\u00e9rcito da Colmea. Estabamos seguras de que faltos da autoridade suprema o enemigo entregar\u00eda as armas se ofrec\u00edamos unha aminist\u00eda xeral.&nbsp;<\/p>\n\n\n\n<p>Un plan arriscado que fora do papel s\u00f3 se sosti\u00f1a no limiar da inconsciencia.&nbsp;<\/p>\n\n\n\n<p>Agardaba que os arraianos recorreran a mesma ruta que fixemos n\u00f3s e sairlles ao encontro ao noroeste de Anatolia o que nos acortar\u00eda logo a distancia que tendr\u00edamos que salvar para chegar a Terrabrupta. M\u00e1is complicado o ti\u00f1an en principio, o grupo de Portela e O Roxo, xa que ter\u00edan que dar un longo rodeo evitando Vilan\u00eda polo norte.&nbsp;<\/p>\n\n\n\n<p>Canto m\u00e1is avanzabamos menos transitable era o cami\u00f1o. Moitas veces perd\u00edamos unhas horas preciosas buscando un vado para o veh\u00edculo cando nos atopabamos con alg\u00fan regato infranqueable. Ante a dificultade do traxecto conduc\u00eda sempre Xumi e Gataparda m\u00e1is eu \u00edamos pendentes de ditinguir algunha sinal no terreo do paso do noso pobo.&nbsp;<\/p>\n\n\n\n<p>Os d\u00edas suced\u00edanse e comezaba a cundir o des\u00e1nimo entre n\u00f2s. \u00c1 primeira dificultade parec\u00eda tambalearse todo o plan de Prusiana. O pobo arraiano semellaba engullido pola terra. Onde estaban metidos? Temos unha cita coa historia e optan por la incomparecencia? Algo ocurr\u00eda que se nos escapaba, o meu pobo nunca desde\u00f1ar\u00eda&nbsp; seu destino. Decid\u00edramos rematar a xornada e acampar nunha pequena carballeira cando Gataparda coa voz entrecortada apremioounos a dirixirnos cara un desampado situado preto de onde estabamos. Xumi m\u00e1is eu cruzamos unha mirada extra\u00f1ados xa que non apreci\u00e1bamos nada fora do normal, pero cediomos ante os ostentosos aspavientos da mi\u00f1a amiga enfatizando a premura por achegarnos ao lugar sinalado. Non hab\u00eda d\u00fabida, non eran necesarias dotes detectivescas para decatarse que naquela explanada acampara un grupo numeroso.<\/p>\n\n\n\n<p>-Pernoctaron aqu\u00ed unha noite hai m\u00e1is dunha semana &#8211; enunciou Gataparda con abraiante seguridade, como se o dito estivera grabado en pedra diante das nosas facianas.&nbsp;<\/p>\n\n\n\n<p>Agora si eran necesarias esas dotes para seguir as indagaci\u00f3ns de Gataparda. Non era o meu forte, as\u00ed que permanec\u00edn calada asentindo antes que correr o risco de descubrir \u201cflogistos\u201d por doquier ante a mirada reprobadora de Gataparda. A mi\u00f1a compa\u00f1eira desplaz\u00e1base dun lado para outro xesticulando coma nun ballet cuxa m\u00fasica s\u00f3 era audible para ela. Non quedou brizna de herba sen ser examinada minuciosamente.&nbsp;<\/p>\n\n\n\n<p>-Son eles, van direcci\u00f3n sudeste, ma\u00f1\u00e1 podremos alcanzalos \u00e1 noiti\u00f1a -Si, por fin boas novas.&nbsp; Ao voltar ao veh\u00edculo adianteime, accionei a cremona para abrir a porta e fixen unha exacerbada genuflexi\u00f3n para dar entrada \u00e1 nosa portento das pescudas. Impelidos polo anhelo do reecontro proseguimos unhas horas m\u00e1is at\u00e9 que o sol languideceu por completo. Acampamos, pero o noso entusiasmo non atopaba acougo dentro da tenda de campa\u00f1a. A propia Gataparda, sempre tan circunspecta, amos\u00e1base claramente sobreexcitada. Antes da raiar o alba xa estabamos recollendo o campamento e impacientes agardamos no automobil que o mencer se desperezara e nos alumbrara o cami\u00f1o.&nbsp;<\/p>\n\n\n\n<p>Non foi dif\u00edcil seguirlle a pista so noso pobo, o rastro do paso de milleiros era como un anuncio de ne\u00f3n para Gataparta. Ademais en todo momento mant\u00edanse en direcci\u00f3n sur-sudeste. Nembargantes, avanzada a tarde, perdimos a pista. O rastro se adentraba entre un angosto desfiladero entre dous cerros sen continuidade despois do abrupto relevo. Non pod\u00edamos acceder co automobil. Intern\u00e1ramonos uns centos de metros cando chegamos a un ensanche da garganta antesala dun pequeno paradiso. Desde onde est\u00e1bamos contemplamos pasmados aquel asombroso oasis. Con rigor xeom\u00e9trico o centro daquel pequeno val estaba ocupado por un lago de caprichosas formas circundado por unha prader\u00eda de flores de cores tan variadas como chamativas. Non tardou en chegar aos nosos o\u00eddos o bullicio da nosa xenti\u00f1a chapuz\u00e1ndose naquela quietude azulada ou retozando pola campi\u00f1a. Mentres nos acheg\u00e1bamos a eles quedeime abraiada da inmensa variedade de frutais que balizaban o cami\u00f1o. Estaban tan enfrascados en desfrutar da exuberante natureza que tardaron en darse conta da nosa presenza. Pronto correu a voz e fumos acollidas con estrepitoso alborozo. Formouse un corro ao redor nosa que non me facilitaba satisfacer a imperiosa necesidade de atopar a mi\u00f1a nai. Al\u00e1 vi\u00f1a, abr\u00edndose paso entre a xente, mentres se achegaba decateime do avellentada que estaba, cantas arrugas entretec\u00edan aquela faciana.&nbsp;<\/p>\n\n\n\n<p>Un breve hiato de tempo separadas e que infinidade de cousas por contar. Non sab\u00eda por onde empezar as\u00ed que optei por escoitar. A mi\u00f1a nai, interrumpida sempre por algunha puntillosa voz cada vez que pretend\u00eda soslaiar alg\u00fan episodio, foi po\u00f1endome ao corrente do sucedido na mi\u00f1a ausencia. A traves\u00eda a trav\u00e9s de Mortefr\u00eda fora accidentada e penosa. O interior de Mortefr\u00eda era m\u00e1is x\u00e9lido e xermo ao permanecer agora este vasto territorio agochado ao abrasador sol de xeito estacionario pola situaci\u00f3n de sincron\u00eda alcanzada entre a rotaci\u00f3n e transalaci\u00f3n da Terra. Ningu\u00e9n quedou atr\u00e1s no cami\u00f1o pero a viaxe prolongouse moitos m\u00e1is d\u00edas do agardado. Levaban unha semana descansando naquel ed\u00e9n. Atop\u00e1rano de casualidade ao buscar refuxio na estreita garganta para pasala noite ao socaire do inclemente vento que azotaba ese d\u00eda.&nbsp;<\/p>\n\n\n\n<p>-Necesitaban recuperar forzas xustificou as\u00ed a semana transcurrida nun indolente sedentarismo.&nbsp;<\/p>\n\n\n\n<p>Unha semana al\u00ed, sete d\u00edas seguidos desentend\u00e9ndose do mundo. Unha semana! E eu deseperada buscando. Non os tragara a terra por accidente sen\u00f3n por propia volici\u00f3n. Onde estaba o meu bizarre pobo, onde o seu caracter aguerrido forxado no inclemente nomadismo. Os arraianos caer\u00e1n na m\u00e1is profunda anomia social naquel exuberante e arcano paradiso. Despois de lustros de rigurosa carest\u00eda na Raia do oeste, atoparse de s\u00fapeto coa abundancia daquel lugar fixera a\u00f1icos a s\u00faa indosincracia. Volv\u00e9rase un pobo disoluto e indolente, case borb\u00f3nico?&nbsp;<\/p>\n\n\n\n<p>A mi\u00f1a nai agardou a que a xente se dispersara para preparar o \u00e1gape de benvida para falar conmigo en privado:&nbsp;<\/p>\n\n\n\n<p>-Sei que ves buscarnos para levarnos \u00e1 guerra. Sei que as\u00ed ten que ser, pero hoxe non digas nada na cea. C\u00f3ntanos an\u00e9cdotas das aventuras destos d\u00edas, deixa que te reco\u00f1ezan de novo como referente da comunidade. C\u00f3ntanos esa historia tan graciosa de que eres a escollida polas constelaci\u00f3ns para liderar o novo mundo. C\u00f3ntanos o que queiras, pero, por, favor nada de arengas guerreras. Ma\u00f1\u00e1 xa faremos sonar os tambores de guerra &#8211; a mi\u00f1a nai soltou un suspiro e apretoume a man antes de continuar-. Como agora queras convencelos axi\u00f1a, as mesmas consignas coas que antes lograbas enardecelos far\u00e1n hoxe que te desnuques co dintel da fenestra de Overton.<\/p>\n","protected":false},"excerpt":{"rendered":"<div class=\"mh-excerpt\"><p>Este vix\u00e9simo s\u00e9timo fragmento do diario de Senl\u00faa Arraiana foi recuperado e adiantado ao noso tempo por Noitepedralonga, fiel camarada do av\u00f3 da futura l\u00edder da resistencia arraiana <a class=\"mh-excerpt-more\" href=\"https:\/\/www.anovapeneira.gal\/index.php\/2020\/11\/10\/o-vixesimo-setimo-fragmento-do-diario-de-senlua-arraiana\/\" title=\"O vix\u00e9simo s\u00e9timo fragmento do diario de Senl\u00faa Arraiana\">[&#8230;]<\/a><\/p>\n<\/div>","protected":false},"author":13,"featured_media":4243,"comment_status":"open","ping_status":"open","sticky":false,"template":"","format":"standard","meta":{"_exactmetrics_skip_tracking":false,"_exactmetrics_sitenote_active":false,"_exactmetrics_sitenote_note":"","_exactmetrics_sitenote_category":0,"footnotes":""},"categories":[7],"tags":[235],"class_list":{"0":"post-4242","1":"post","2":"type-post","3":"status-publish","4":"format-standard","5":"has-post-thumbnail","7":"category-artigos-de-opinion","8":"tag-senlua-arraiana"},"yoast_head":"<!-- This site is optimized with the Yoast SEO plugin v27.4 - https:\/\/yoast.com\/product\/yoast-seo-wordpress\/ -->\n<title>O vix\u00e9simo s\u00e9timo fragmento do diario de Senl\u00faa Arraiana -<\/title>\n<meta name=\"robots\" content=\"index, follow, max-snippet:-1, max-image-preview:large, max-video-preview:-1\" \/>\n<link rel=\"canonical\" href=\"https:\/\/www.anovapeneira.gal\/index.php\/2020\/11\/10\/o-vixesimo-setimo-fragmento-do-diario-de-senlua-arraiana\/\" \/>\n<meta property=\"og:locale\" content=\"gl_ES\" \/>\n<meta property=\"og:type\" content=\"article\" \/>\n<meta property=\"og:title\" content=\"O vix\u00e9simo s\u00e9timo fragmento do diario de Senl\u00faa Arraiana -\" \/>\n<meta property=\"og:description\" content=\"Este vix\u00e9simo s\u00e9timo fragmento do diario de Senl\u00faa Arraiana foi recuperado e adiantado ao noso tempo por Noitepedralonga, fiel camarada do av\u00f3 da futura l\u00edder da resistencia arraiana [...]\" \/>\n<meta property=\"og:url\" content=\"https:\/\/www.anovapeneira.gal\/index.php\/2020\/11\/10\/o-vixesimo-setimo-fragmento-do-diario-de-senlua-arraiana\/\" \/>\n<meta property=\"article:publisher\" content=\"https:\/\/www.facebook.com\/anovapeneira\" \/>\n<meta property=\"article:published_time\" content=\"2020-11-10T09:00:40+00:00\" \/>\n<meta property=\"og:image\" content=\"https:\/\/www.anovapeneira.gal\/wp-content\/uploads\/2020\/11\/vixesimo_setimo_sen_lua_a_nova_peneira.jpg\" \/>\n\t<meta property=\"og:image:width\" content=\"720\" \/>\n\t<meta property=\"og:image:height\" content=\"432\" \/>\n\t<meta property=\"og:image:type\" content=\"image\/jpeg\" \/>\n<meta name=\"author\" content=\"Cristobal L\u00f3pez\" \/>\n<meta name=\"twitter:card\" content=\"summary_large_image\" \/>\n<meta name=\"twitter:creator\" content=\"@APeneira\" \/>\n<meta name=\"twitter:site\" content=\"@APeneira\" \/>\n<meta name=\"twitter:label1\" content=\"Escrito por\" \/>\n\t<meta name=\"twitter:data1\" content=\"Cristobal L\u00f3pez\" \/>\n\t<meta name=\"twitter:label2\" content=\"Tempo de lectura\" \/>\n\t<meta name=\"twitter:data2\" content=\"8 minutos\" \/>\n<script type=\"application\/ld+json\" class=\"yoast-schema-graph\">{\"@context\":\"https:\\\/\\\/schema.org\",\"@graph\":[{\"@type\":\"Article\",\"@id\":\"https:\\\/\\\/www.anovapeneira.gal\\\/index.php\\\/2020\\\/11\\\/10\\\/o-vixesimo-setimo-fragmento-do-diario-de-senlua-arraiana\\\/#article\",\"isPartOf\":{\"@id\":\"https:\\\/\\\/www.anovapeneira.gal\\\/index.php\\\/2020\\\/11\\\/10\\\/o-vixesimo-setimo-fragmento-do-diario-de-senlua-arraiana\\\/\"},\"author\":{\"name\":\"Cristobal L\u00f3pez\",\"@id\":\"https:\\\/\\\/www.anovapeneira.gal\\\/#\\\/schema\\\/person\\\/45b3df2338e4d898b7616809f9c5906c\"},\"headline\":\"O vix\u00e9simo s\u00e9timo fragmento do diario de Senl\u00faa Arraiana\",\"datePublished\":\"2020-11-10T09:00:40+00:00\",\"mainEntityOfPage\":{\"@id\":\"https:\\\/\\\/www.anovapeneira.gal\\\/index.php\\\/2020\\\/11\\\/10\\\/o-vixesimo-setimo-fragmento-do-diario-de-senlua-arraiana\\\/\"},\"wordCount\":1531,\"commentCount\":0,\"publisher\":{\"@id\":\"https:\\\/\\\/www.anovapeneira.gal\\\/#organization\"},\"image\":{\"@id\":\"https:\\\/\\\/www.anovapeneira.gal\\\/index.php\\\/2020\\\/11\\\/10\\\/o-vixesimo-setimo-fragmento-do-diario-de-senlua-arraiana\\\/#primaryimage\"},\"thumbnailUrl\":\"https:\\\/\\\/www.anovapeneira.gal\\\/wp-content\\\/uploads\\\/2020\\\/11\\\/vixesimo_setimo_sen_lua_a_nova_peneira.jpg\",\"keywords\":[\"Senl\u00faa Arraiana\"],\"articleSection\":[\"Artigos de opini\u00f3n\"],\"inLanguage\":\"gl-ES\",\"potentialAction\":[{\"@type\":\"CommentAction\",\"name\":\"Comment\",\"target\":[\"https:\\\/\\\/www.anovapeneira.gal\\\/index.php\\\/2020\\\/11\\\/10\\\/o-vixesimo-setimo-fragmento-do-diario-de-senlua-arraiana\\\/#respond\"]}]},{\"@type\":\"WebPage\",\"@id\":\"https:\\\/\\\/www.anovapeneira.gal\\\/index.php\\\/2020\\\/11\\\/10\\\/o-vixesimo-setimo-fragmento-do-diario-de-senlua-arraiana\\\/\",\"url\":\"https:\\\/\\\/www.anovapeneira.gal\\\/index.php\\\/2020\\\/11\\\/10\\\/o-vixesimo-setimo-fragmento-do-diario-de-senlua-arraiana\\\/\",\"name\":\"O vix\u00e9simo s\u00e9timo fragmento do diario de Senl\u00faa Arraiana -\",\"isPartOf\":{\"@id\":\"https:\\\/\\\/www.anovapeneira.gal\\\/#website\"},\"primaryImageOfPage\":{\"@id\":\"https:\\\/\\\/www.anovapeneira.gal\\\/index.php\\\/2020\\\/11\\\/10\\\/o-vixesimo-setimo-fragmento-do-diario-de-senlua-arraiana\\\/#primaryimage\"},\"image\":{\"@id\":\"https:\\\/\\\/www.anovapeneira.gal\\\/index.php\\\/2020\\\/11\\\/10\\\/o-vixesimo-setimo-fragmento-do-diario-de-senlua-arraiana\\\/#primaryimage\"},\"thumbnailUrl\":\"https:\\\/\\\/www.anovapeneira.gal\\\/wp-content\\\/uploads\\\/2020\\\/11\\\/vixesimo_setimo_sen_lua_a_nova_peneira.jpg\",\"datePublished\":\"2020-11-10T09:00:40+00:00\",\"breadcrumb\":{\"@id\":\"https:\\\/\\\/www.anovapeneira.gal\\\/index.php\\\/2020\\\/11\\\/10\\\/o-vixesimo-setimo-fragmento-do-diario-de-senlua-arraiana\\\/#breadcrumb\"},\"inLanguage\":\"gl-ES\",\"potentialAction\":[{\"@type\":\"ReadAction\",\"target\":[\"https:\\\/\\\/www.anovapeneira.gal\\\/index.php\\\/2020\\\/11\\\/10\\\/o-vixesimo-setimo-fragmento-do-diario-de-senlua-arraiana\\\/\"]}]},{\"@type\":\"ImageObject\",\"inLanguage\":\"gl-ES\",\"@id\":\"https:\\\/\\\/www.anovapeneira.gal\\\/index.php\\\/2020\\\/11\\\/10\\\/o-vixesimo-setimo-fragmento-do-diario-de-senlua-arraiana\\\/#primaryimage\",\"url\":\"https:\\\/\\\/www.anovapeneira.gal\\\/wp-content\\\/uploads\\\/2020\\\/11\\\/vixesimo_setimo_sen_lua_a_nova_peneira.jpg\",\"contentUrl\":\"https:\\\/\\\/www.anovapeneira.gal\\\/wp-content\\\/uploads\\\/2020\\\/11\\\/vixesimo_setimo_sen_lua_a_nova_peneira.jpg\",\"width\":720,\"height\":432,\"caption\":\"O vix\u00e9simo s\u00e9timo fragmento do diario de Senl\u00faa Arraiana\"},{\"@type\":\"BreadcrumbList\",\"@id\":\"https:\\\/\\\/www.anovapeneira.gal\\\/index.php\\\/2020\\\/11\\\/10\\\/o-vixesimo-setimo-fragmento-do-diario-de-senlua-arraiana\\\/#breadcrumb\",\"itemListElement\":[{\"@type\":\"ListItem\",\"position\":1,\"name\":\"Portada\",\"item\":\"https:\\\/\\\/www.anovapeneira.gal\\\/\"},{\"@type\":\"ListItem\",\"position\":2,\"name\":\"O vix\u00e9simo s\u00e9timo fragmento do diario de Senl\u00faa Arraiana\"}]},{\"@type\":\"WebSite\",\"@id\":\"https:\\\/\\\/www.anovapeneira.gal\\\/#website\",\"url\":\"https:\\\/\\\/www.anovapeneira.gal\\\/\",\"name\":\"\",\"description\":\"Xornal galego de informaci\u00f3n xeral Publicaci\u00f3n mensual de novas de Galicia e en especial dos Concellos da sur da provincia de Pontevedra.\",\"publisher\":{\"@id\":\"https:\\\/\\\/www.anovapeneira.gal\\\/#organization\"},\"potentialAction\":[{\"@type\":\"SearchAction\",\"target\":{\"@type\":\"EntryPoint\",\"urlTemplate\":\"https:\\\/\\\/www.anovapeneira.gal\\\/?s={search_term_string}\"},\"query-input\":{\"@type\":\"PropertyValueSpecification\",\"valueRequired\":true,\"valueName\":\"search_term_string\"}}],\"inLanguage\":\"gl-ES\"},{\"@type\":\"Organization\",\"@id\":\"https:\\\/\\\/www.anovapeneira.gal\\\/#organization\",\"name\":\"A Nova Peneira\",\"url\":\"https:\\\/\\\/www.anovapeneira.gal\\\/\",\"logo\":{\"@type\":\"ImageObject\",\"inLanguage\":\"gl-ES\",\"@id\":\"https:\\\/\\\/www.anovapeneira.gal\\\/#\\\/schema\\\/logo\\\/image\\\/\",\"url\":\"http:\\\/\\\/www.anovapeneira.gal\\\/wp-content\\\/uploads\\\/2019\\\/06\\\/logo_a_nova_peneira_portal_web.png\",\"contentUrl\":\"http:\\\/\\\/www.anovapeneira.gal\\\/wp-content\\\/uploads\\\/2019\\\/06\\\/logo_a_nova_peneira_portal_web.png\",\"width\":300,\"height\":100,\"caption\":\"A Nova Peneira\"},\"image\":{\"@id\":\"https:\\\/\\\/www.anovapeneira.gal\\\/#\\\/schema\\\/logo\\\/image\\\/\"},\"sameAs\":[\"https:\\\/\\\/www.facebook.com\\\/anovapeneira\",\"https:\\\/\\\/x.com\\\/APeneira\"]},{\"@type\":\"Person\",\"@id\":\"https:\\\/\\\/www.anovapeneira.gal\\\/#\\\/schema\\\/person\\\/45b3df2338e4d898b7616809f9c5906c\",\"name\":\"Cristobal L\u00f3pez\",\"image\":{\"@type\":\"ImageObject\",\"inLanguage\":\"gl-ES\",\"@id\":\"https:\\\/\\\/secure.gravatar.com\\\/avatar\\\/b537cf06ef8166c9ef72b09f4d5f6446b1e22ea99505d94e40b8685710482f79?s=96&d=mm&r=g\",\"url\":\"https:\\\/\\\/secure.gravatar.com\\\/avatar\\\/b537cf06ef8166c9ef72b09f4d5f6446b1e22ea99505d94e40b8685710482f79?s=96&d=mm&r=g\",\"contentUrl\":\"https:\\\/\\\/secure.gravatar.com\\\/avatar\\\/b537cf06ef8166c9ef72b09f4d5f6446b1e22ea99505d94e40b8685710482f79?s=96&d=mm&r=g\",\"caption\":\"Cristobal L\u00f3pez\"},\"sameAs\":[\"http:\\\/\\\/anovapeneira.gal\"],\"url\":\"https:\\\/\\\/www.anovapeneira.gal\\\/index.php\\\/author\\\/opinioncristoballopez\\\/\"}]}<\/script>\n<!-- \/ Yoast SEO plugin. -->","yoast_head_json":{"title":"O vix\u00e9simo s\u00e9timo fragmento do diario de Senl\u00faa Arraiana -","robots":{"index":"index","follow":"follow","max-snippet":"max-snippet:-1","max-image-preview":"max-image-preview:large","max-video-preview":"max-video-preview:-1"},"canonical":"https:\/\/www.anovapeneira.gal\/index.php\/2020\/11\/10\/o-vixesimo-setimo-fragmento-do-diario-de-senlua-arraiana\/","og_locale":"gl_ES","og_type":"article","og_title":"O vix\u00e9simo s\u00e9timo fragmento do diario de Senl\u00faa Arraiana -","og_description":"Este vix\u00e9simo s\u00e9timo fragmento do diario de Senl\u00faa Arraiana foi recuperado e adiantado ao noso tempo por Noitepedralonga, fiel camarada do av\u00f3 da futura l\u00edder da resistencia arraiana [...]","og_url":"https:\/\/www.anovapeneira.gal\/index.php\/2020\/11\/10\/o-vixesimo-setimo-fragmento-do-diario-de-senlua-arraiana\/","article_publisher":"https:\/\/www.facebook.com\/anovapeneira","article_published_time":"2020-11-10T09:00:40+00:00","og_image":[{"width":720,"height":432,"url":"https:\/\/www.anovapeneira.gal\/wp-content\/uploads\/2020\/11\/vixesimo_setimo_sen_lua_a_nova_peneira.jpg","type":"image\/jpeg"}],"author":"Cristobal L\u00f3pez","twitter_card":"summary_large_image","twitter_creator":"@APeneira","twitter_site":"@APeneira","twitter_misc":{"Escrito por":"Cristobal L\u00f3pez","Tempo de lectura":"8 minutos"},"schema":{"@context":"https:\/\/schema.org","@graph":[{"@type":"Article","@id":"https:\/\/www.anovapeneira.gal\/index.php\/2020\/11\/10\/o-vixesimo-setimo-fragmento-do-diario-de-senlua-arraiana\/#article","isPartOf":{"@id":"https:\/\/www.anovapeneira.gal\/index.php\/2020\/11\/10\/o-vixesimo-setimo-fragmento-do-diario-de-senlua-arraiana\/"},"author":{"name":"Cristobal L\u00f3pez","@id":"https:\/\/www.anovapeneira.gal\/#\/schema\/person\/45b3df2338e4d898b7616809f9c5906c"},"headline":"O vix\u00e9simo s\u00e9timo fragmento do diario de Senl\u00faa Arraiana","datePublished":"2020-11-10T09:00:40+00:00","mainEntityOfPage":{"@id":"https:\/\/www.anovapeneira.gal\/index.php\/2020\/11\/10\/o-vixesimo-setimo-fragmento-do-diario-de-senlua-arraiana\/"},"wordCount":1531,"commentCount":0,"publisher":{"@id":"https:\/\/www.anovapeneira.gal\/#organization"},"image":{"@id":"https:\/\/www.anovapeneira.gal\/index.php\/2020\/11\/10\/o-vixesimo-setimo-fragmento-do-diario-de-senlua-arraiana\/#primaryimage"},"thumbnailUrl":"https:\/\/www.anovapeneira.gal\/wp-content\/uploads\/2020\/11\/vixesimo_setimo_sen_lua_a_nova_peneira.jpg","keywords":["Senl\u00faa Arraiana"],"articleSection":["Artigos de opini\u00f3n"],"inLanguage":"gl-ES","potentialAction":[{"@type":"CommentAction","name":"Comment","target":["https:\/\/www.anovapeneira.gal\/index.php\/2020\/11\/10\/o-vixesimo-setimo-fragmento-do-diario-de-senlua-arraiana\/#respond"]}]},{"@type":"WebPage","@id":"https:\/\/www.anovapeneira.gal\/index.php\/2020\/11\/10\/o-vixesimo-setimo-fragmento-do-diario-de-senlua-arraiana\/","url":"https:\/\/www.anovapeneira.gal\/index.php\/2020\/11\/10\/o-vixesimo-setimo-fragmento-do-diario-de-senlua-arraiana\/","name":"O vix\u00e9simo s\u00e9timo fragmento do diario de Senl\u00faa Arraiana -","isPartOf":{"@id":"https:\/\/www.anovapeneira.gal\/#website"},"primaryImageOfPage":{"@id":"https:\/\/www.anovapeneira.gal\/index.php\/2020\/11\/10\/o-vixesimo-setimo-fragmento-do-diario-de-senlua-arraiana\/#primaryimage"},"image":{"@id":"https:\/\/www.anovapeneira.gal\/index.php\/2020\/11\/10\/o-vixesimo-setimo-fragmento-do-diario-de-senlua-arraiana\/#primaryimage"},"thumbnailUrl":"https:\/\/www.anovapeneira.gal\/wp-content\/uploads\/2020\/11\/vixesimo_setimo_sen_lua_a_nova_peneira.jpg","datePublished":"2020-11-10T09:00:40+00:00","breadcrumb":{"@id":"https:\/\/www.anovapeneira.gal\/index.php\/2020\/11\/10\/o-vixesimo-setimo-fragmento-do-diario-de-senlua-arraiana\/#breadcrumb"},"inLanguage":"gl-ES","potentialAction":[{"@type":"ReadAction","target":["https:\/\/www.anovapeneira.gal\/index.php\/2020\/11\/10\/o-vixesimo-setimo-fragmento-do-diario-de-senlua-arraiana\/"]}]},{"@type":"ImageObject","inLanguage":"gl-ES","@id":"https:\/\/www.anovapeneira.gal\/index.php\/2020\/11\/10\/o-vixesimo-setimo-fragmento-do-diario-de-senlua-arraiana\/#primaryimage","url":"https:\/\/www.anovapeneira.gal\/wp-content\/uploads\/2020\/11\/vixesimo_setimo_sen_lua_a_nova_peneira.jpg","contentUrl":"https:\/\/www.anovapeneira.gal\/wp-content\/uploads\/2020\/11\/vixesimo_setimo_sen_lua_a_nova_peneira.jpg","width":720,"height":432,"caption":"O vix\u00e9simo s\u00e9timo fragmento do diario de Senl\u00faa Arraiana"},{"@type":"BreadcrumbList","@id":"https:\/\/www.anovapeneira.gal\/index.php\/2020\/11\/10\/o-vixesimo-setimo-fragmento-do-diario-de-senlua-arraiana\/#breadcrumb","itemListElement":[{"@type":"ListItem","position":1,"name":"Portada","item":"https:\/\/www.anovapeneira.gal\/"},{"@type":"ListItem","position":2,"name":"O vix\u00e9simo s\u00e9timo fragmento do diario de Senl\u00faa Arraiana"}]},{"@type":"WebSite","@id":"https:\/\/www.anovapeneira.gal\/#website","url":"https:\/\/www.anovapeneira.gal\/","name":"","description":"Xornal galego de informaci\u00f3n xeral Publicaci\u00f3n mensual de novas de Galicia e en especial dos Concellos da sur da provincia de Pontevedra.","publisher":{"@id":"https:\/\/www.anovapeneira.gal\/#organization"},"potentialAction":[{"@type":"SearchAction","target":{"@type":"EntryPoint","urlTemplate":"https:\/\/www.anovapeneira.gal\/?s={search_term_string}"},"query-input":{"@type":"PropertyValueSpecification","valueRequired":true,"valueName":"search_term_string"}}],"inLanguage":"gl-ES"},{"@type":"Organization","@id":"https:\/\/www.anovapeneira.gal\/#organization","name":"A Nova Peneira","url":"https:\/\/www.anovapeneira.gal\/","logo":{"@type":"ImageObject","inLanguage":"gl-ES","@id":"https:\/\/www.anovapeneira.gal\/#\/schema\/logo\/image\/","url":"http:\/\/www.anovapeneira.gal\/wp-content\/uploads\/2019\/06\/logo_a_nova_peneira_portal_web.png","contentUrl":"http:\/\/www.anovapeneira.gal\/wp-content\/uploads\/2019\/06\/logo_a_nova_peneira_portal_web.png","width":300,"height":100,"caption":"A Nova Peneira"},"image":{"@id":"https:\/\/www.anovapeneira.gal\/#\/schema\/logo\/image\/"},"sameAs":["https:\/\/www.facebook.com\/anovapeneira","https:\/\/x.com\/APeneira"]},{"@type":"Person","@id":"https:\/\/www.anovapeneira.gal\/#\/schema\/person\/45b3df2338e4d898b7616809f9c5906c","name":"Cristobal L\u00f3pez","image":{"@type":"ImageObject","inLanguage":"gl-ES","@id":"https:\/\/secure.gravatar.com\/avatar\/b537cf06ef8166c9ef72b09f4d5f6446b1e22ea99505d94e40b8685710482f79?s=96&d=mm&r=g","url":"https:\/\/secure.gravatar.com\/avatar\/b537cf06ef8166c9ef72b09f4d5f6446b1e22ea99505d94e40b8685710482f79?s=96&d=mm&r=g","contentUrl":"https:\/\/secure.gravatar.com\/avatar\/b537cf06ef8166c9ef72b09f4d5f6446b1e22ea99505d94e40b8685710482f79?s=96&d=mm&r=g","caption":"Cristobal L\u00f3pez"},"sameAs":["http:\/\/anovapeneira.gal"],"url":"https:\/\/www.anovapeneira.gal\/index.php\/author\/opinioncristoballopez\/"}]}},"jetpack_featured_media_url":"https:\/\/www.anovapeneira.gal\/wp-content\/uploads\/2020\/11\/vixesimo_setimo_sen_lua_a_nova_peneira.jpg","_links":{"self":[{"href":"https:\/\/www.anovapeneira.gal\/index.php\/wp-json\/wp\/v2\/posts\/4242","targetHints":{"allow":["GET"]}}],"collection":[{"href":"https:\/\/www.anovapeneira.gal\/index.php\/wp-json\/wp\/v2\/posts"}],"about":[{"href":"https:\/\/www.anovapeneira.gal\/index.php\/wp-json\/wp\/v2\/types\/post"}],"author":[{"embeddable":true,"href":"https:\/\/www.anovapeneira.gal\/index.php\/wp-json\/wp\/v2\/users\/13"}],"replies":[{"embeddable":true,"href":"https:\/\/www.anovapeneira.gal\/index.php\/wp-json\/wp\/v2\/comments?post=4242"}],"version-history":[{"count":1,"href":"https:\/\/www.anovapeneira.gal\/index.php\/wp-json\/wp\/v2\/posts\/4242\/revisions"}],"predecessor-version":[{"id":4244,"href":"https:\/\/www.anovapeneira.gal\/index.php\/wp-json\/wp\/v2\/posts\/4242\/revisions\/4244"}],"wp:featuredmedia":[{"embeddable":true,"href":"https:\/\/www.anovapeneira.gal\/index.php\/wp-json\/wp\/v2\/media\/4243"}],"wp:attachment":[{"href":"https:\/\/www.anovapeneira.gal\/index.php\/wp-json\/wp\/v2\/media?parent=4242"}],"wp:term":[{"taxonomy":"category","embeddable":true,"href":"https:\/\/www.anovapeneira.gal\/index.php\/wp-json\/wp\/v2\/categories?post=4242"},{"taxonomy":"post_tag","embeddable":true,"href":"https:\/\/www.anovapeneira.gal\/index.php\/wp-json\/wp\/v2\/tags?post=4242"}],"curies":[{"name":"wp","href":"https:\/\/api.w.org\/{rel}","templated":true}]}}