{"id":4248,"date":"2020-11-11T10:00:40","date_gmt":"2020-11-11T09:00:40","guid":{"rendered":"http:\/\/www.anovapeneira.gal\/?p=4248"},"modified":"2020-11-08T18:09:36","modified_gmt":"2020-11-08T17:09:36","slug":"eva-solla-a-cara-descuberta","status":"publish","type":"post","link":"https:\/\/www.anovapeneira.gal\/index.php\/2020\/11\/11\/eva-solla-a-cara-descuberta\/","title":{"rendered":"Eva Solla  a cara descuberta"},"content":{"rendered":"\n<p><strong>Unha vez m\u00e1is Eva tivo a xentileza de achegarse \u00e1s nosas p\u00e1xinas para explicarnos a s\u00faa visi\u00f3n sobre a situaci\u00f3n pol\u00edtica e sanitaria de Galicia al\u00e9n de como ve ela o futuro de Esquerda Unida. E unha vez m\u00e1is foi par mi un pracer compartir unha conversa con ela. Vela\u00ed vai o que deu de si<\/strong><\/p>\n\n\n\n<p><strong>COORDINADORA NACIONAL DE ESQUERDA UNIDA E SECRETARIA XERAL DO PARTIDO COMUNISTA GALEGO<\/strong><\/p>\n\n\n\n<p>\u201c<strong>A SITUACI\u00d3N SANITARIA DE GALICIA \u00c9 CALAMITOSA\u201d<\/strong><\/p>\n\n\n\n<p><strong>Comecemos coas elecci\u00f3ns auton\u00f3micas Eva. A\u00ednda que supo\u00f1o que esperabas un mal resultado, un golpe tan duro como o que tivestes non, verdade?<\/strong><\/p>\n\n\n\n<blockquote class=\"wp-block-quote is-layout-flow wp-block-quote-is-layout-flow\"><p>Efectivamente as previsi\u00f3ns xa non eran boas porque en procesos previos xa se manifestara unha tendencia de descenso no voto e tam\u00e9n por dificultades que houbera no Grupo Parlamentario , pero o resultado foi moito peor do agardado. Xa o valoramos no seu d\u00eda como moi mal resultado e agora toca traballar dende as organizaci\u00f3ns pol\u00edticas.<\/p><\/blockquote>\n\n\n\n<p><strong>Ti persoalmente, que \u00edas de n\u00famero 1 pola provincia de Pontevedra, non entraches por moi pouquichi\u00f1o<\/strong><\/p>\n\n\n\n<blockquote class=\"wp-block-quote is-layout-flow wp-block-quote-is-layout-flow\"><p>Si, si, foi a provincia na que estivemos por enriba do 4%, bastante preto de ter representaci\u00f3n, sobre todo en Vigo, onde superamos o 6% e nas vilas e cidades, en fin, o resultado foi o que foi, e hai que asumilo.<\/p><\/blockquote>\n\n\n\n<p><strong>Levabas 8 anos, 2 mandatos no Parlamento, como levas estar f\u00f3ra? Que est\u00e1s facendo?<\/strong><\/p>\n\n\n\n<blockquote class=\"wp-block-quote is-layout-flow wp-block-quote-is-layout-flow\"><p>Neste momento estou a traballar en Esquerda Unida, na organizaci\u00f3n, pero probablemente nun tempo prudencial, cando remate este traballo que estamos a facer, me incorpore a nivel laboral.<\/p><\/blockquote>\n\n\n\n<p><strong>Traballas na Sanidade<\/strong><\/p>\n\n\n\n<blockquote class=\"wp-block-quote is-layout-flow wp-block-quote-is-layout-flow\"><p>Si, son enfermeira. A presencia no Parlamento \u00e9 temporal, non \u00e9 un emprego, traballas intensamente pero non \u00e9 unha profesi\u00f3n. O m\u00e1is negativo de que eu non estea \u00e9 que non ten representaci\u00f3n a Organizaci\u00f3n e a coalici\u00f3n coa que nos presentamos.<\/p><\/blockquote>\n\n\n\n<p><strong>E agora ese espazo pol\u00edtico queda esvaecido, desaparece? Cal \u00e9 a t\u00faa opini\u00f3n pol\u00edtica como m\u00e1xima responsable EU de Galicia?<\/strong><\/p>\n\n\n\n<blockquote class=\"wp-block-quote is-layout-flow wp-block-quote-is-layout-flow\"><p>O tempo dirao. O que ti\u00f1amos formalizado foi unha coalici\u00f3n neste proceso electoral, tivemos outras antes, tam\u00e9n nas xerais. Esquerda Unida sempre apostou pola confluencia entendendo que se sumaba e que era positivo para a representaci\u00f3n de moitas sensibilidades da esquerda. Pero evidentemente agora estamos sumidas no traballo da propia organizaci\u00f3n, quedan varios anos e procesos electorais, entendo que o resto de organizaci\u00f3ns ter\u00e1n os seus propios procesos internos e haber\u00e1 que abordar a necesidade ou non desa converxencia en vindeiros procesos electorais.<\/p><\/blockquote>\n\n\n\n<p><strong>Creo que era Lenin quen dic\u00eda que era m\u00e1is importante a Organizaci\u00f3n que o resultado pol\u00edtico conxuntural. Supo\u00f1o que ti, como boa marxista estar\u00e1s de acordo e, se cadra, unha das eivas do voso espazo pol\u00edtica \u00e9 a falta de presenza territorial en moitas zonas de Galicia. Iso ides tentar corrixilo?<\/strong><\/p>\n\n\n\n<blockquote class=\"wp-block-quote is-layout-flow wp-block-quote-is-layout-flow\"><p>A ver, iso sempre se traballa .N\u00f3s tam\u00e9n temos representaci\u00f3n nalg\u00fans concellos a\u00ednda que os resultados municipais non foron excesivamente bos, a presenza a nivel territorial \u00e9 relevante co cal ese traballo hai que facelo, xa estabamos niso. Dende que mudou a Direcci\u00f3n Nacional a posibilidade de ter representaci\u00f3n e tam\u00e9n incidencia social, pasaba polo alargamento da Organizaci\u00f3n. Sabemos que non haber\u00eda unha confluencia forte se as organizaci\u00f3ns integrantes non o estaban.<\/p><\/blockquote>\n\n\n\n<p><strong>\u00c9 iso ao que vos dedicades agora?<\/strong><\/p>\n\n\n\n<blockquote class=\"wp-block-quote is-layout-flow wp-block-quote-is-layout-flow\"><p>Si, neste momento temos a Asemblea Federal de IU en xaneiro, ti\u00f1amos a intenci\u00f3n de adiantar tam\u00e9n a Asemblea Nacional de EU, mirando a maneira de que non coincidan os dous procesos, era en xu\u00f1o as\u00ed que moito non imos poder adiantala. Estamos centradas nese traballo org\u00e1nico, en desenvolver as \u00e1reas de traballo de EU, que algunhas xa funcionaban moi ben, como pode ser a \u00e1rea de muller, e evidentemente, no traballo coti\u00e1 do pronunciamento ante calquera cuesti\u00f3n pol\u00edtica que se dea en Galicia.<\/p><\/blockquote>\n\n\n\n<p><strong>En relaci\u00f3n \u00e1 Asemblea Federal de Izquierda Unida, o Secretario Xeral do Partido Comunista de Espa\u00f1a manifestou publicamente a s\u00faa intenci\u00f3n de disolver IU. Cal \u00e9 a t\u00faa posici\u00f3n ao respecto e como cres que evolucionar\u00e1n os acontecementos?<\/strong><\/p>\n\n\n\n<blockquote class=\"wp-block-quote is-layout-flow wp-block-quote-is-layout-flow\"><p>Iso non \u00e9 as\u00ed. Non se manifestou a intenci\u00f3n de disolver IU. IU ten unha Asemblea que est\u00e1 moi marcada arredor do debate dos procesos de confluencia. IU ten, a\u00ednda que non en Galicia, un traballo fundamental en Unidas Podemos, que \u00e9 unha coalici\u00f3n consolidada xa. Hai lugares nos que se funciona de maneira positiva, en representaci\u00f3n como tal, e polo tanto, o debate est\u00e1 en como se artellan as ferramentas de relaci\u00f3n para mellorar. Iso pasa por ampliar a propia Unidas Podemos, pero o debate vai m\u00e1is al\u00e1. Izquierda Unida naceu no ano 86 como un movemento pol\u00edtico e social e entendemos, polo tanto, que temos que ampliar o espazo.<\/p><\/blockquote>\n\n\n\n<p><strong>\u00c9 m\u00e1is vella ca ti, Eva, Izquierda Unida?<\/strong><\/p>\n\n\n\n<blockquote class=\"wp-block-quote is-layout-flow wp-block-quote-is-layout-flow\"><p>Por a\u00ed andamos, eu un pouco m\u00e1is, he he. As\u00ed que en ning\u00fan momento se falou da disoluci\u00f3n malia o que aparece nas redes sociais, que son o mentideiro do S. XXI. En ning\u00fan momento se falou, ning\u00fan documento est\u00e1 na li\u00f1a da disoluci\u00f3n, son documentos que est\u00e1n publicados na p\u00e1xina web con absoluta transparencia. Tanto a ponencia \u201coficial\u201d, como o documento alternativo.<\/p><\/blockquote>\n\n\n\n<p><strong>O oficial \u00e9 da actual direcci\u00f3n, o alternativo quen o presenta?<\/strong><\/p>\n\n\n\n<blockquote class=\"wp-block-quote is-layout-flow wp-block-quote-is-layout-flow\"><p>Garc\u00eda Rubio, compa\u00f1eiro de Izquierda Unida. Como en calquera Asemblea na Organizaci\u00f3n hai posibilidade de presentar listas alternativas e os seus documentos. Debateranse eses documentos e ning\u00fan fala de disoluci\u00f3n.<\/p><\/blockquote>\n\n\n\n<p><strong>Ti avalas como positivo o traballo pol\u00edtico de IU no goberno do Estado?<\/strong><\/p>\n\n\n\n<blockquote class=\"wp-block-quote is-layout-flow wp-block-quote-is-layout-flow\"><p>Val\u00f3roo como positivo nunha conxuntura de dificultade. Cando a Organizaci\u00f3n valorou participar dese Goberno sab\u00eda que o far\u00eda nunhas condici\u00f3ns moi minoritarias.<\/p><\/blockquote>\n\n\n\n<p><strong>Houbo debate interno sobre se ser\u00eda conveniente ou non participar no Goberno do Estado?<\/strong><\/p>\n\n\n\n<blockquote class=\"wp-block-quote is-layout-flow wp-block-quote-is-layout-flow\"><p>Por suposto, sempre se debaten todas as decisi\u00f3ns que se toman nos \u00f3rganos. Como non hab\u00eda precedente as opini\u00f3ns eran de todo tipo, acertar era complexo porque por unha banda era unha oportunidade hist\u00f3rica de intentar tomar medidas positivas para a clase traballadora nun momento moi complicado, e iso que daquela a\u00ednda non saltara a crise da COVID, pola outra banda sabemos que \u00e9 complexo gobernar en minor\u00eda co Partido Socialista. Ati\u00f1\u00e1monos ao risco e beneficio, dando un paso adiante. Creo que se est\u00e1n a tomar medidas positivas en materia de emprego, de protecci\u00f3n aos consumidores, e noutros aspectos. \u00c9 certo, hai moitas m\u00e1is cousas que facer e, \u00e9 certo tam\u00e9n, que a diferenza na correlaci\u00f3n de forzas fai que non poidamos tomar todas as decisi\u00f3ns que quixeramos.<\/p><\/blockquote>\n\n\n\n<p><strong>Menciona algunha das medidas positivas que se tomaron por influencia de IU dende o Estado.<\/strong><\/p>\n\n\n\n<blockquote class=\"wp-block-quote is-layout-flow wp-block-quote-is-layout-flow\"><p>Todas as que te\u00f1en que ver con materia de emprego e foron fundamentais: aplicaci\u00f3n dos ERTE\u00b4s, das axudas, a suba do SMI ou recentemente a norma para eliminar a publicidade das casas de apostas e do f\u00fatbol, dende onde chegan fortemente \u00e1 mocidade.<\/p><\/blockquote>\n\n\n\n<p>.<\/p>\n\n\n\n<p><strong>Sobre o Ingreso M\u00ednimo Vital que nos dis?<\/strong><\/p>\n\n\n\n<blockquote class=\"wp-block-quote is-layout-flow wp-block-quote-is-layout-flow\"><p>Foi unha medida moi positiva, gabada por colectivos e entidades sociais. Era unha medida moi necesaria: en Galicia hai 600.000 persoas en situaci\u00f3n de pobreza e exclusi\u00f3n, en datos do 2019. Cando se renove, con esta situaci\u00f3n da COVID vanse incrementar. Sabemos que hai dificultades para acceder e que polo tanto se est\u00e1n a mellorar algunhas cuesti\u00f3ns.<\/p><\/blockquote>\n\n\n\n<p><strong>Concordo contigo en que \u00e9 unha ferramenta boa. Pero a xesti\u00f3n \u00e9 mellorable, a burocracia \u00e9 moi dificultosa.<\/strong><\/p>\n\n\n\n<blockquote class=\"wp-block-quote is-layout-flow wp-block-quote-is-layout-flow\"><p>Tam\u00e9n hai quen a cobrou axi\u00f1a. Depende da persoa, da unidade administrativa onde a pida&#8230; Si, hai melloras importantes que facer para evitar a demora. Demora que xa vi\u00f1a na RISGA, e tam\u00e9n pedimos que se puidese complementar. Galicia \u00e9 a \u00fanica comunidade aut\u00f3noma onde non son compatibles. En Galicia non \u00e9 compatible con ningunha outra renda de inserci\u00f3n. Isto \u00e9 responsabilidade da Xunta.<\/p><\/blockquote>\n\n\n\n<p><strong>Falando de Galicia non podemos deixar de referirnos \u00e1 situaci\u00f3n sanitaria.<\/strong><\/p>\n\n\n\n<blockquote class=\"wp-block-quote is-layout-flow wp-block-quote-is-layout-flow\"><p>Eu penso que \u00e9 calamitosa. Non s\u00f3 na primeira onda da COVID sen\u00f3n agora. Por unha banda temos problemas nos centros sanitarios porque a Xunta non cobre as prazas con persoal suficiente, e por outra, estanse a deixar de man as outras doenzas. Doenzas cr\u00f3nicas moi afectadas pola demora en probas, en intervenci\u00f3ns cir\u00farxicas e incluso pola demora en atenci\u00f3n primaria, na que hai unha escabechada. A contrataci\u00f3n segue a ser desastrosa, o d\u00e9ficit en persoal sanitario \u00e9 responsabilidade directa da Xunta, m\u00e1is al\u00e1 de que non cubre vacaci\u00f3ns, baixas, etc. Se fixera ofertas p\u00fablicas de emprego, incluso vacantes, ou sexa, interinidades, non estar\u00eda tan sobrecargada.<\/p><\/blockquote>\n\n\n\n<p><strong>Entendo polo que dis que non hai profesionais suficientes pola deficiente xesti\u00f3n sanitaria da Administraci\u00f3n galega?<\/strong><\/p>\n\n\n\n<blockquote class=\"wp-block-quote is-layout-flow wp-block-quote-is-layout-flow\"><p>Por suposto! Contin\u00faan emigrando moitos profesionais sanitarios pola precariedade que hai en Galicia. Unha persoa pode pasar 15 anos con contratos de d\u00edas e semanas. Isto nin \u00e9 calidade de vida nin che d\u00e1 seguridade de que ma\u00f1\u00e1 vas traballar. \u00c9 imposible planificar a vida. Emigran de Galicia dentro e f\u00f3ra do Estado ou abandonan a profesi\u00f3n. Hai moitos e moitas enfermeiras e t\u00e9cnicos en coidados de enfermer\u00eda en suspensi\u00f3n de chamamento neste momento porque consideran que estas condici\u00f3ns son inaceptables.<\/p><\/blockquote>\n\n\n\n<p><strong>E o misterio dos rastrexadores?<\/strong><\/p>\n\n\n\n<blockquote class=\"wp-block-quote is-layout-flow wp-block-quote-is-layout-flow\"><p>\u00c9 unha desvergo\u00f1a da Xunta anunciar que hab\u00eda 6000 rastrexadores en Galicia cando en realidade nin sequera sabemos cantos hai. Son moi pouqui\u00f1os porque sabemos que se contou como rastrexadores a persoal sanitario que non o \u00e9. Deber\u00edan ser todos persoal sanitario. A opacidade \u00e9 total: cantos son, con que medios contan, que relaci\u00f3n mante\u00f1en cos centros de sa\u00fade para poder avisar&#8230; A realidade \u00e9 que o servizo \u00e9 deficiente.<\/p><\/blockquote>\n\n\n\n<p><strong>Como prev\u00e9s que evolucionar\u00e1n os acontecementos, prev\u00e9s un peche total e confinamento nas casa ou algo m\u00e1is laxo? Como cres que se deber\u00eda xestionar?<\/strong><\/p>\n\n\n\n<blockquote class=\"wp-block-quote is-layout-flow wp-block-quote-is-layout-flow\"><p>Eu creo que non se vai tomar esa medida de peche igual ca na primavera porque economicamente \u00e9 moi complexo. A situaci\u00f3n \u00e9 moi complicada pero deber\u00eda garantirse que o emprego e a educaci\u00f3n presencial sigan funcionando. A partir de a\u00ed, todo o que non sexa esencial deber\u00eda pecharse ou a cifra vai continuar medrando. Hai uns fondos, tanto do Estado como das Comunidades aut\u00f3nomas, como da Uni\u00f3n Europea para dedicalos aos sectores que est\u00e1n en peor situaci\u00f3n e as\u00ed garantir que se poida pechar sen arruinar a traballadores.<\/p><\/blockquote>\n\n\n\n<p><strong>Hai pouco anunciou Feijoo unha li\u00f1a de axudas de 70 mill\u00f3ns de euros para micropemes e aut\u00f3nomos. Ti sabes algo?<\/strong><\/p>\n\n\n\n<blockquote class=\"wp-block-quote is-layout-flow wp-block-quote-is-layout-flow\"><p>Nada de nada, a meirande parte dos anuncios que se fan non se implantan ou non se sabe nada delas. Ve\u00f1o agora mesmi\u00f1o dunha concentraci\u00f3n da hostaler\u00eda, alg\u00fans son veci\u00f1os do meu barrio, pequenas empresas que est\u00e1n agardando algunha medida de axuda auton\u00f3mica. Nin para as empresas nin para o sector p\u00fablico se miraron os fondos que xa transferiu o Estado. Onde est\u00e1n os m\u00e1is de 200 mill\u00f3ns de euros que xa recibiu Galicia? Onde se investiron? Non hai melloras en educaci\u00f3n, en sanidade p\u00fablica. \u00c9 lamentable.<\/p><\/blockquote>\n\n\n\n<p><strong>A postura de EU ser\u00eda pechar todo o que non sexa servizo esencial e detraer das partidas orzamentarias que non sexan esenciais partidas para axudar eses sectores.<\/strong><\/p>\n\n\n\n<blockquote class=\"wp-block-quote is-layout-flow wp-block-quote-is-layout-flow\"><p>Hai unha evidencia, e a\u00ed est\u00e1n os datos cient\u00edficos que a avalan, a maior\u00eda dos contaxios prod\u00facense no \u00e1mbito social, \u00e9 dicir, cos contactos coas amizades e familiares e no lugar de traballo. Nos domicilios particulares so se pode controlar coa restrici\u00f3n da mobilidade. Restrinxir a mobilidade restrinxe outras actividades a nivel social. Pero hai sectores como o pequeno comercio, a hostaler\u00eda, a cultura que necesiten que se lles bote unha man.<\/p><\/blockquote>\n\n\n\n<p><strong>Para ir acabando, quer\u00eda preguntarche por dous concellos da nosa \u00e1rea de influencia. Como est\u00e1 o amigo Pazos de sa\u00fade?<\/strong><\/p>\n\n\n\n<blockquote class=\"wp-block-quote is-layout-flow wp-block-quote-is-layout-flow\"><p>Pois est\u00e1 ben, estable a\u00ednda que segue trat\u00e1ndose o seu problema de sa\u00fade. Recentemente estivemos en Cangas anunciando que a Comisi\u00f3n de Petici\u00f3ns do Parlamento europeo admitiron a petici\u00f3n da investigaci\u00f3n das mortes nas residencias, estiven con el e est\u00e1 ben, no contexto complexo que vivimos en calquera concello de Galicia.<\/p><\/blockquote>\n\n\n\n<p><strong>El anunciou que este ser\u00eda o seu derradeiro mandato, as\u00ed que estar\u00e1 ata o 2023. Tedes alg\u00fan tipo de previsi\u00f3n de cal ser\u00e1 a cabeza do cartel ou a\u00ednda queda bastante tempo para reflexionalo?<\/strong><\/p>\n\n\n\n<blockquote class=\"wp-block-quote is-layout-flow wp-block-quote-is-layout-flow\"><p>Queda moito. \u00c9 unha decisi\u00f3n que te\u00f1en que debater a nivel local os e as compa\u00f1eiras de Cangas. Hai marxe. Agora hai que traballar a prol da Organizaci\u00f3n, apoiar o goberno municipal e xa se ver\u00e1 o relevo.<\/p><\/blockquote>\n\n\n\n<p><strong>Para rematar, quer\u00eda preguntarche polo noso amigo Pedro Ocampo, do concello do Porri\u00f1o e que valores a s\u00faa dimisi\u00f3n e o traballo de EU do Porri\u00f1o?.<\/strong><\/p>\n\n\n\n<blockquote class=\"wp-block-quote is-layout-flow wp-block-quote-is-layout-flow\"><p>A Pedro hai que agradecerlle o magn\u00edfico traballo que fixo como concelleiro durante estes anos, \u00e1s veces en situaci\u00f3ns moi complicadas.<\/p><\/blockquote>\n\n\n\n<blockquote class=\"wp-block-quote is-layout-flow wp-block-quote-is-layout-flow\"><p>\u00c9 moi boa persoa, traballadora e moi comprometida con todas as causas. Desenvolveu un gran labor como concelleiro tam\u00e9n como coordinador de EU. Segue estando como coordinador de EU e est\u00e1 incorporado \u00e1 s\u00faa vida laboral, el \u00e9 profesor de filosof\u00eda, e a\u00ednda que non estea na instituci\u00f3n segue a facer un gran traballo dentro da Organizaci\u00f3n, como coordinador.<\/p><\/blockquote>\n\n\n\n<p><strong>Avalas a decisi\u00f3n que tomou EU Porri\u00f1o de non participar no goberno de Porri\u00f1o?<\/strong><\/p>\n\n\n\n<blockquote class=\"wp-block-quote is-layout-flow wp-block-quote-is-layout-flow\"><p>Por suposto que avalamos. Foi unha decisi\u00f3n local pero con co\u00f1ecemento da direcci\u00f3n nacional. Levabamos anos criticando a actuaci\u00f3n do PSOE de Porri\u00f1o: recortes a nivel social, a falta de implicaci\u00f3n, a imposibilidade de participaci\u00f3n da veci\u00f1anza, incluso elementos de car\u00e1cter econ\u00f3mico e escurantismo nas contas e nivel municipal. Evidentemente, nesas condici\u00f3ns non era posible salvo de haber relevo no propio PSOE.<\/p><\/blockquote>\n","protected":false},"excerpt":{"rendered":"<div class=\"mh-excerpt\"><p>Unha vez m\u00e1is Eva tivo a xentileza de achegarse \u00e1s nosas p\u00e1xinas para explicarnos a s\u00faa visi\u00f3n sobre a situaci\u00f3n pol\u00edtica e sanitaria de Galicia al\u00e9n de como ve ela o futuro de Esquerda Unida. E unha vez m\u00e1is foi par mi un pracer compartir unha conversa con ela. Vela\u00ed vai o que deu de si <a class=\"mh-excerpt-more\" href=\"https:\/\/www.anovapeneira.gal\/index.php\/2020\/11\/11\/eva-solla-a-cara-descuberta\/\" title=\"Eva Solla  a cara descuberta\">[&#8230;]<\/a><\/p>\n<\/div>","protected":false},"author":3,"featured_media":4251,"comment_status":"open","ping_status":"open","sticky":false,"template":"","format":"standard","meta":{"_exactmetrics_skip_tracking":false,"_exactmetrics_sitenote_active":false,"_exactmetrics_sitenote_note":"","_exactmetrics_sitenote_category":0,"footnotes":""},"categories":[264],"tags":[204],"class_list":{"0":"post-4248","1":"post","2":"type-post","3":"status-publish","4":"format-standard","5":"has-post-thumbnail","7":"category-entrevistas-galicia","8":"tag-eva-solla"},"yoast_head":"<!-- This site is optimized with the Yoast SEO plugin v27.4 - https:\/\/yoast.com\/product\/yoast-seo-wordpress\/ -->\n<title>Eva Solla a cara descuberta -<\/title>\n<meta name=\"robots\" content=\"index, follow, max-snippet:-1, max-image-preview:large, max-video-preview:-1\" \/>\n<link rel=\"canonical\" href=\"https:\/\/www.anovapeneira.gal\/index.php\/2020\/11\/11\/eva-solla-a-cara-descuberta\/\" \/>\n<meta property=\"og:locale\" content=\"gl_ES\" \/>\n<meta property=\"og:type\" content=\"article\" \/>\n<meta property=\"og:title\" content=\"Eva Solla a cara descuberta -\" \/>\n<meta property=\"og:description\" content=\"Unha vez m\u00e1is Eva tivo a xentileza de achegarse \u00e1s nosas p\u00e1xinas para explicarnos a s\u00faa visi\u00f3n sobre a situaci\u00f3n pol\u00edtica e sanitaria de Galicia al\u00e9n de como ve ela o futuro de Esquerda Unida. E unha vez m\u00e1is foi par mi un pracer compartir unha conversa con ela. Vela\u00ed vai o que deu de si [...]\" \/>\n<meta property=\"og:url\" content=\"https:\/\/www.anovapeneira.gal\/index.php\/2020\/11\/11\/eva-solla-a-cara-descuberta\/\" \/>\n<meta property=\"article:publisher\" content=\"https:\/\/www.facebook.com\/anovapeneira\" \/>\n<meta property=\"article:published_time\" content=\"2020-11-11T09:00:40+00:00\" \/>\n<meta property=\"og:image\" content=\"https:\/\/www.anovapeneira.gal\/wp-content\/uploads\/2020\/11\/eva_solla_coordinadora_eu.jpg\" \/>\n\t<meta property=\"og:image:width\" content=\"720\" \/>\n\t<meta property=\"og:image:height\" content=\"432\" \/>\n\t<meta property=\"og:image:type\" content=\"image\/jpeg\" \/>\n<meta name=\"author\" content=\"Redacci\u00f3n A Nova Peneira\" \/>\n<meta name=\"twitter:card\" content=\"summary_large_image\" \/>\n<meta name=\"twitter:creator\" content=\"@APeneira\" \/>\n<meta name=\"twitter:site\" content=\"@APeneira\" \/>\n<meta name=\"twitter:label1\" content=\"Escrito por\" \/>\n\t<meta name=\"twitter:data1\" content=\"Redacci\u00f3n A Nova Peneira\" \/>\n\t<meta name=\"twitter:label2\" content=\"Tempo de lectura\" \/>\n\t<meta name=\"twitter:data2\" content=\"12 minutos\" \/>\n<script type=\"application\/ld+json\" class=\"yoast-schema-graph\">{\"@context\":\"https:\\\/\\\/schema.org\",\"@graph\":[{\"@type\":\"Article\",\"@id\":\"https:\\\/\\\/www.anovapeneira.gal\\\/index.php\\\/2020\\\/11\\\/11\\\/eva-solla-a-cara-descuberta\\\/#article\",\"isPartOf\":{\"@id\":\"https:\\\/\\\/www.anovapeneira.gal\\\/index.php\\\/2020\\\/11\\\/11\\\/eva-solla-a-cara-descuberta\\\/\"},\"author\":{\"name\":\"Redacci\u00f3n A Nova Peneira\",\"@id\":\"https:\\\/\\\/www.anovapeneira.gal\\\/#\\\/schema\\\/person\\\/b93e3f8932e3f8da96334607eb6ac6aa\"},\"headline\":\"Eva Solla a cara descuberta\",\"datePublished\":\"2020-11-11T09:00:40+00:00\",\"mainEntityOfPage\":{\"@id\":\"https:\\\/\\\/www.anovapeneira.gal\\\/index.php\\\/2020\\\/11\\\/11\\\/eva-solla-a-cara-descuberta\\\/\"},\"wordCount\":2383,\"commentCount\":0,\"publisher\":{\"@id\":\"https:\\\/\\\/www.anovapeneira.gal\\\/#organization\"},\"image\":{\"@id\":\"https:\\\/\\\/www.anovapeneira.gal\\\/index.php\\\/2020\\\/11\\\/11\\\/eva-solla-a-cara-descuberta\\\/#primaryimage\"},\"thumbnailUrl\":\"https:\\\/\\\/www.anovapeneira.gal\\\/wp-content\\\/uploads\\\/2020\\\/11\\\/eva_solla_coordinadora_eu.jpg\",\"keywords\":[\"Eva Solla\"],\"articleSection\":[\"Entrevistas\"],\"inLanguage\":\"gl-ES\",\"potentialAction\":[{\"@type\":\"CommentAction\",\"name\":\"Comment\",\"target\":[\"https:\\\/\\\/www.anovapeneira.gal\\\/index.php\\\/2020\\\/11\\\/11\\\/eva-solla-a-cara-descuberta\\\/#respond\"]}]},{\"@type\":\"WebPage\",\"@id\":\"https:\\\/\\\/www.anovapeneira.gal\\\/index.php\\\/2020\\\/11\\\/11\\\/eva-solla-a-cara-descuberta\\\/\",\"url\":\"https:\\\/\\\/www.anovapeneira.gal\\\/index.php\\\/2020\\\/11\\\/11\\\/eva-solla-a-cara-descuberta\\\/\",\"name\":\"Eva Solla a cara descuberta -\",\"isPartOf\":{\"@id\":\"https:\\\/\\\/www.anovapeneira.gal\\\/#website\"},\"primaryImageOfPage\":{\"@id\":\"https:\\\/\\\/www.anovapeneira.gal\\\/index.php\\\/2020\\\/11\\\/11\\\/eva-solla-a-cara-descuberta\\\/#primaryimage\"},\"image\":{\"@id\":\"https:\\\/\\\/www.anovapeneira.gal\\\/index.php\\\/2020\\\/11\\\/11\\\/eva-solla-a-cara-descuberta\\\/#primaryimage\"},\"thumbnailUrl\":\"https:\\\/\\\/www.anovapeneira.gal\\\/wp-content\\\/uploads\\\/2020\\\/11\\\/eva_solla_coordinadora_eu.jpg\",\"datePublished\":\"2020-11-11T09:00:40+00:00\",\"breadcrumb\":{\"@id\":\"https:\\\/\\\/www.anovapeneira.gal\\\/index.php\\\/2020\\\/11\\\/11\\\/eva-solla-a-cara-descuberta\\\/#breadcrumb\"},\"inLanguage\":\"gl-ES\",\"potentialAction\":[{\"@type\":\"ReadAction\",\"target\":[\"https:\\\/\\\/www.anovapeneira.gal\\\/index.php\\\/2020\\\/11\\\/11\\\/eva-solla-a-cara-descuberta\\\/\"]}]},{\"@type\":\"ImageObject\",\"inLanguage\":\"gl-ES\",\"@id\":\"https:\\\/\\\/www.anovapeneira.gal\\\/index.php\\\/2020\\\/11\\\/11\\\/eva-solla-a-cara-descuberta\\\/#primaryimage\",\"url\":\"https:\\\/\\\/www.anovapeneira.gal\\\/wp-content\\\/uploads\\\/2020\\\/11\\\/eva_solla_coordinadora_eu.jpg\",\"contentUrl\":\"https:\\\/\\\/www.anovapeneira.gal\\\/wp-content\\\/uploads\\\/2020\\\/11\\\/eva_solla_coordinadora_eu.jpg\",\"width\":720,\"height\":432,\"caption\":\"Eva Solla a cara descuberta\"},{\"@type\":\"BreadcrumbList\",\"@id\":\"https:\\\/\\\/www.anovapeneira.gal\\\/index.php\\\/2020\\\/11\\\/11\\\/eva-solla-a-cara-descuberta\\\/#breadcrumb\",\"itemListElement\":[{\"@type\":\"ListItem\",\"position\":1,\"name\":\"Portada\",\"item\":\"https:\\\/\\\/www.anovapeneira.gal\\\/\"},{\"@type\":\"ListItem\",\"position\":2,\"name\":\"Eva Solla a cara descuberta\"}]},{\"@type\":\"WebSite\",\"@id\":\"https:\\\/\\\/www.anovapeneira.gal\\\/#website\",\"url\":\"https:\\\/\\\/www.anovapeneira.gal\\\/\",\"name\":\"\",\"description\":\"Xornal galego de informaci\u00f3n xeral Publicaci\u00f3n mensual de novas de Galicia e en especial dos Concellos da sur da provincia de Pontevedra.\",\"publisher\":{\"@id\":\"https:\\\/\\\/www.anovapeneira.gal\\\/#organization\"},\"potentialAction\":[{\"@type\":\"SearchAction\",\"target\":{\"@type\":\"EntryPoint\",\"urlTemplate\":\"https:\\\/\\\/www.anovapeneira.gal\\\/?s={search_term_string}\"},\"query-input\":{\"@type\":\"PropertyValueSpecification\",\"valueRequired\":true,\"valueName\":\"search_term_string\"}}],\"inLanguage\":\"gl-ES\"},{\"@type\":\"Organization\",\"@id\":\"https:\\\/\\\/www.anovapeneira.gal\\\/#organization\",\"name\":\"A Nova Peneira\",\"url\":\"https:\\\/\\\/www.anovapeneira.gal\\\/\",\"logo\":{\"@type\":\"ImageObject\",\"inLanguage\":\"gl-ES\",\"@id\":\"https:\\\/\\\/www.anovapeneira.gal\\\/#\\\/schema\\\/logo\\\/image\\\/\",\"url\":\"http:\\\/\\\/www.anovapeneira.gal\\\/wp-content\\\/uploads\\\/2019\\\/06\\\/logo_a_nova_peneira_portal_web.png\",\"contentUrl\":\"http:\\\/\\\/www.anovapeneira.gal\\\/wp-content\\\/uploads\\\/2019\\\/06\\\/logo_a_nova_peneira_portal_web.png\",\"width\":300,\"height\":100,\"caption\":\"A Nova Peneira\"},\"image\":{\"@id\":\"https:\\\/\\\/www.anovapeneira.gal\\\/#\\\/schema\\\/logo\\\/image\\\/\"},\"sameAs\":[\"https:\\\/\\\/www.facebook.com\\\/anovapeneira\",\"https:\\\/\\\/x.com\\\/APeneira\"]},{\"@type\":\"Person\",\"@id\":\"https:\\\/\\\/www.anovapeneira.gal\\\/#\\\/schema\\\/person\\\/b93e3f8932e3f8da96334607eb6ac6aa\",\"name\":\"Redacci\u00f3n A Nova Peneira\",\"image\":{\"@type\":\"ImageObject\",\"inLanguage\":\"gl-ES\",\"@id\":\"https:\\\/\\\/secure.gravatar.com\\\/avatar\\\/c052a2551a06e23fac63626232eaa90abd78dbcf1700fc46a2b2c89fd27b735f?s=96&d=mm&r=g\",\"url\":\"https:\\\/\\\/secure.gravatar.com\\\/avatar\\\/c052a2551a06e23fac63626232eaa90abd78dbcf1700fc46a2b2c89fd27b735f?s=96&d=mm&r=g\",\"contentUrl\":\"https:\\\/\\\/secure.gravatar.com\\\/avatar\\\/c052a2551a06e23fac63626232eaa90abd78dbcf1700fc46a2b2c89fd27b735f?s=96&d=mm&r=g\",\"caption\":\"Redacci\u00f3n A Nova Peneira\"},\"sameAs\":[\"http:\\\/\\\/www.anovapeneira.gal\\\/\"],\"url\":\"https:\\\/\\\/www.anovapeneira.gal\\\/index.php\\\/author\\\/redactor\\\/\"}]}<\/script>\n<!-- \/ Yoast SEO plugin. -->","yoast_head_json":{"title":"Eva Solla a cara descuberta -","robots":{"index":"index","follow":"follow","max-snippet":"max-snippet:-1","max-image-preview":"max-image-preview:large","max-video-preview":"max-video-preview:-1"},"canonical":"https:\/\/www.anovapeneira.gal\/index.php\/2020\/11\/11\/eva-solla-a-cara-descuberta\/","og_locale":"gl_ES","og_type":"article","og_title":"Eva Solla a cara descuberta -","og_description":"Unha vez m\u00e1is Eva tivo a xentileza de achegarse \u00e1s nosas p\u00e1xinas para explicarnos a s\u00faa visi\u00f3n sobre a situaci\u00f3n pol\u00edtica e sanitaria de Galicia al\u00e9n de como ve ela o futuro de Esquerda Unida. E unha vez m\u00e1is foi par mi un pracer compartir unha conversa con ela. Vela\u00ed vai o que deu de si [...]","og_url":"https:\/\/www.anovapeneira.gal\/index.php\/2020\/11\/11\/eva-solla-a-cara-descuberta\/","article_publisher":"https:\/\/www.facebook.com\/anovapeneira","article_published_time":"2020-11-11T09:00:40+00:00","og_image":[{"width":720,"height":432,"url":"https:\/\/www.anovapeneira.gal\/wp-content\/uploads\/2020\/11\/eva_solla_coordinadora_eu.jpg","type":"image\/jpeg"}],"author":"Redacci\u00f3n A Nova Peneira","twitter_card":"summary_large_image","twitter_creator":"@APeneira","twitter_site":"@APeneira","twitter_misc":{"Escrito por":"Redacci\u00f3n A Nova Peneira","Tempo de lectura":"12 minutos"},"schema":{"@context":"https:\/\/schema.org","@graph":[{"@type":"Article","@id":"https:\/\/www.anovapeneira.gal\/index.php\/2020\/11\/11\/eva-solla-a-cara-descuberta\/#article","isPartOf":{"@id":"https:\/\/www.anovapeneira.gal\/index.php\/2020\/11\/11\/eva-solla-a-cara-descuberta\/"},"author":{"name":"Redacci\u00f3n A Nova Peneira","@id":"https:\/\/www.anovapeneira.gal\/#\/schema\/person\/b93e3f8932e3f8da96334607eb6ac6aa"},"headline":"Eva Solla a cara descuberta","datePublished":"2020-11-11T09:00:40+00:00","mainEntityOfPage":{"@id":"https:\/\/www.anovapeneira.gal\/index.php\/2020\/11\/11\/eva-solla-a-cara-descuberta\/"},"wordCount":2383,"commentCount":0,"publisher":{"@id":"https:\/\/www.anovapeneira.gal\/#organization"},"image":{"@id":"https:\/\/www.anovapeneira.gal\/index.php\/2020\/11\/11\/eva-solla-a-cara-descuberta\/#primaryimage"},"thumbnailUrl":"https:\/\/www.anovapeneira.gal\/wp-content\/uploads\/2020\/11\/eva_solla_coordinadora_eu.jpg","keywords":["Eva Solla"],"articleSection":["Entrevistas"],"inLanguage":"gl-ES","potentialAction":[{"@type":"CommentAction","name":"Comment","target":["https:\/\/www.anovapeneira.gal\/index.php\/2020\/11\/11\/eva-solla-a-cara-descuberta\/#respond"]}]},{"@type":"WebPage","@id":"https:\/\/www.anovapeneira.gal\/index.php\/2020\/11\/11\/eva-solla-a-cara-descuberta\/","url":"https:\/\/www.anovapeneira.gal\/index.php\/2020\/11\/11\/eva-solla-a-cara-descuberta\/","name":"Eva Solla a cara descuberta -","isPartOf":{"@id":"https:\/\/www.anovapeneira.gal\/#website"},"primaryImageOfPage":{"@id":"https:\/\/www.anovapeneira.gal\/index.php\/2020\/11\/11\/eva-solla-a-cara-descuberta\/#primaryimage"},"image":{"@id":"https:\/\/www.anovapeneira.gal\/index.php\/2020\/11\/11\/eva-solla-a-cara-descuberta\/#primaryimage"},"thumbnailUrl":"https:\/\/www.anovapeneira.gal\/wp-content\/uploads\/2020\/11\/eva_solla_coordinadora_eu.jpg","datePublished":"2020-11-11T09:00:40+00:00","breadcrumb":{"@id":"https:\/\/www.anovapeneira.gal\/index.php\/2020\/11\/11\/eva-solla-a-cara-descuberta\/#breadcrumb"},"inLanguage":"gl-ES","potentialAction":[{"@type":"ReadAction","target":["https:\/\/www.anovapeneira.gal\/index.php\/2020\/11\/11\/eva-solla-a-cara-descuberta\/"]}]},{"@type":"ImageObject","inLanguage":"gl-ES","@id":"https:\/\/www.anovapeneira.gal\/index.php\/2020\/11\/11\/eva-solla-a-cara-descuberta\/#primaryimage","url":"https:\/\/www.anovapeneira.gal\/wp-content\/uploads\/2020\/11\/eva_solla_coordinadora_eu.jpg","contentUrl":"https:\/\/www.anovapeneira.gal\/wp-content\/uploads\/2020\/11\/eva_solla_coordinadora_eu.jpg","width":720,"height":432,"caption":"Eva Solla a cara descuberta"},{"@type":"BreadcrumbList","@id":"https:\/\/www.anovapeneira.gal\/index.php\/2020\/11\/11\/eva-solla-a-cara-descuberta\/#breadcrumb","itemListElement":[{"@type":"ListItem","position":1,"name":"Portada","item":"https:\/\/www.anovapeneira.gal\/"},{"@type":"ListItem","position":2,"name":"Eva Solla a cara descuberta"}]},{"@type":"WebSite","@id":"https:\/\/www.anovapeneira.gal\/#website","url":"https:\/\/www.anovapeneira.gal\/","name":"","description":"Xornal galego de informaci\u00f3n xeral Publicaci\u00f3n mensual de novas de Galicia e en especial dos Concellos da sur da provincia de Pontevedra.","publisher":{"@id":"https:\/\/www.anovapeneira.gal\/#organization"},"potentialAction":[{"@type":"SearchAction","target":{"@type":"EntryPoint","urlTemplate":"https:\/\/www.anovapeneira.gal\/?s={search_term_string}"},"query-input":{"@type":"PropertyValueSpecification","valueRequired":true,"valueName":"search_term_string"}}],"inLanguage":"gl-ES"},{"@type":"Organization","@id":"https:\/\/www.anovapeneira.gal\/#organization","name":"A Nova Peneira","url":"https:\/\/www.anovapeneira.gal\/","logo":{"@type":"ImageObject","inLanguage":"gl-ES","@id":"https:\/\/www.anovapeneira.gal\/#\/schema\/logo\/image\/","url":"http:\/\/www.anovapeneira.gal\/wp-content\/uploads\/2019\/06\/logo_a_nova_peneira_portal_web.png","contentUrl":"http:\/\/www.anovapeneira.gal\/wp-content\/uploads\/2019\/06\/logo_a_nova_peneira_portal_web.png","width":300,"height":100,"caption":"A Nova Peneira"},"image":{"@id":"https:\/\/www.anovapeneira.gal\/#\/schema\/logo\/image\/"},"sameAs":["https:\/\/www.facebook.com\/anovapeneira","https:\/\/x.com\/APeneira"]},{"@type":"Person","@id":"https:\/\/www.anovapeneira.gal\/#\/schema\/person\/b93e3f8932e3f8da96334607eb6ac6aa","name":"Redacci\u00f3n A Nova Peneira","image":{"@type":"ImageObject","inLanguage":"gl-ES","@id":"https:\/\/secure.gravatar.com\/avatar\/c052a2551a06e23fac63626232eaa90abd78dbcf1700fc46a2b2c89fd27b735f?s=96&d=mm&r=g","url":"https:\/\/secure.gravatar.com\/avatar\/c052a2551a06e23fac63626232eaa90abd78dbcf1700fc46a2b2c89fd27b735f?s=96&d=mm&r=g","contentUrl":"https:\/\/secure.gravatar.com\/avatar\/c052a2551a06e23fac63626232eaa90abd78dbcf1700fc46a2b2c89fd27b735f?s=96&d=mm&r=g","caption":"Redacci\u00f3n A Nova Peneira"},"sameAs":["http:\/\/www.anovapeneira.gal\/"],"url":"https:\/\/www.anovapeneira.gal\/index.php\/author\/redactor\/"}]}},"jetpack_featured_media_url":"https:\/\/www.anovapeneira.gal\/wp-content\/uploads\/2020\/11\/eva_solla_coordinadora_eu.jpg","_links":{"self":[{"href":"https:\/\/www.anovapeneira.gal\/index.php\/wp-json\/wp\/v2\/posts\/4248","targetHints":{"allow":["GET"]}}],"collection":[{"href":"https:\/\/www.anovapeneira.gal\/index.php\/wp-json\/wp\/v2\/posts"}],"about":[{"href":"https:\/\/www.anovapeneira.gal\/index.php\/wp-json\/wp\/v2\/types\/post"}],"author":[{"embeddable":true,"href":"https:\/\/www.anovapeneira.gal\/index.php\/wp-json\/wp\/v2\/users\/3"}],"replies":[{"embeddable":true,"href":"https:\/\/www.anovapeneira.gal\/index.php\/wp-json\/wp\/v2\/comments?post=4248"}],"version-history":[{"count":1,"href":"https:\/\/www.anovapeneira.gal\/index.php\/wp-json\/wp\/v2\/posts\/4248\/revisions"}],"predecessor-version":[{"id":4249,"href":"https:\/\/www.anovapeneira.gal\/index.php\/wp-json\/wp\/v2\/posts\/4248\/revisions\/4249"}],"wp:featuredmedia":[{"embeddable":true,"href":"https:\/\/www.anovapeneira.gal\/index.php\/wp-json\/wp\/v2\/media\/4251"}],"wp:attachment":[{"href":"https:\/\/www.anovapeneira.gal\/index.php\/wp-json\/wp\/v2\/media?parent=4248"}],"wp:term":[{"taxonomy":"category","embeddable":true,"href":"https:\/\/www.anovapeneira.gal\/index.php\/wp-json\/wp\/v2\/categories?post=4248"},{"taxonomy":"post_tag","embeddable":true,"href":"https:\/\/www.anovapeneira.gal\/index.php\/wp-json\/wp\/v2\/tags?post=4248"}],"curies":[{"name":"wp","href":"https:\/\/api.w.org\/{rel}","templated":true}]}}