{"id":4255,"date":"2020-11-12T10:00:06","date_gmt":"2020-11-12T09:00:06","guid":{"rendered":"http:\/\/www.anovapeneira.gal\/?p=4255"},"modified":"2020-11-08T19:40:22","modified_gmt":"2020-11-08T18:40:22","slug":"a-crise-de-barreras-2","status":"publish","type":"post","link":"https:\/\/www.anovapeneira.gal\/index.php\/2020\/11\/12\/a-crise-de-barreras-2\/","title":{"rendered":"A crise de Barreras"},"content":{"rendered":"\n<p><strong>A historia da cidade de Vigo e da s\u00faa comarca non se poder\u00eda entender sen os Estaleiros. Varias xeraci\u00f3ns de vigueses e de veci\u00f1os das vilas da contorna constru\u00edron a s\u00faa vida nos chanzos das factor\u00edas de construcci\u00f3n naval da nosa r\u00eda. Al\u00ed viviron sufriron e en ocasi\u00f3ns morreron para poder dar de comer con dignidade \u00e1s s\u00faas familias.Vigo chegou a posu\u00edr os dous estaleiros privados m\u00e1is grandes de todo o estado. O segundo Vulcano semella que est\u00e1 a cent\u00edmetros da s\u00faa morte definitiva, ante a vergonzosa inacci\u00f3n pol\u00edtica das distintas administraci\u00f3n, e o primeiro Barreras, vive nunha situaci\u00f3n de enorme perigo con dous barcos noruegueses empantanados e cun barco , propiedade da empresa Rirz Carlton, a nova dona de Barreras, que non se d\u00e1 acabado pois as empresas auxliares que prestan servizo no estaleiro deixan de traballar ante a enorme d\u00e9beda que Barreras ten con eles. Para co\u00f1ecer un pouco m\u00e1is o estado das cousas falamos con Alberte, Secretario comarcal da CIG, e con Emilio operario con m\u00e1is de 40 anos de experiencia na construcci\u00f3n naval.<\/strong><\/p>\n\n\n\n<p><strong>ALBERTE GON\u00c7ALVES SC DA CIG VIGO<\/strong><\/p>\n\n\n\n<p>\u201c<strong>ESTAMOS ENORMEMENTE PREOCUPADOS NON S\u00d3 POLO FUTURO DE BARRERAS , SEN\u00d3N TAM\u00c9N POLO DE TODO O SECTOR NAVAL NA NOSA R\u00cdA\u201d<\/strong><\/p>\n\n\n\n<p><strong>Cal \u00e9 a situaci\u00f3n actual de Barreras?<\/strong><\/p>\n\n\n\n<blockquote class=\"wp-block-quote is-layout-flow wp-block-quote-is-layout-flow\"><p>Para n\u00f3s \u00e9 unha situaci\u00f3n cr\u00edtica, case de par\u00e1lise pois malia que hai unha nova direcci\u00f3n, non vemos que estea a facer o necesario para situar ao estaleiro nuns par\u00e1metros adecuados que aseguren a s\u00faa continuidade futura.<\/p><\/blockquote>\n\n\n\n<p><strong>Por que?<\/strong><\/p>\n\n\n\n<blockquote class=\"wp-block-quote is-layout-flow wp-block-quote-is-layout-flow\"><p>O naval \u00e9 un mundo moi concreto que require m\u00e9todos de traballo propios do sector, e que non se pode dirixir a modo de executivos dun holding financiero\u00a0<\/p><\/blockquote>\n\n\n\n<p><strong>Estades preocupados pola situaci\u00f3n dos traballadores?<\/strong><\/p>\n\n\n\n<blockquote class=\"wp-block-quote is-layout-flow wp-block-quote-is-layout-flow\"><p>Enormemente preocupados, non s\u00f3 polos traballadores do estaleiro sen\u00f3n pola situaci\u00f3n de todas as persoas da industria auxiliar. O estaleiro d\u00e9belles moitos cartos \u00e1s empresas auxiliares, estas marchan para casa sen cobrar e o barco da nova propietaria non se pode rematar. Unha situaci\u00f3n complicad\u00edsima que pon en risco centos de postos de traballo e a viabilidade do propio estaleiro<\/p><\/blockquote>\n\n\n\n<p><strong>A administraci\u00f3n?<\/strong><\/p>\n\n\n\n<blockquote class=\"wp-block-quote is-layout-flow wp-block-quote-is-layout-flow\"><p>Debe, non s\u00f3 manifestar, sen\u00f3n tam\u00e9n executar,unha pol\u00edtica inequ\u00edvoca de apoio ao sector naval na r\u00eda de Vigo, e non o est\u00e1 facendo<\/p><\/blockquote>\n\n\n\n<p><strong>Ves perigo real de desaparici\u00f3n do Estaleiro e en consecuencia de todas as auxiliares afectadas?<\/strong><\/p>\n\n\n\n<blockquote class=\"wp-block-quote is-layout-flow wp-block-quote-is-layout-flow\"><p>Por desgraza si.<\/p><\/blockquote>\n\n\n\n<p><strong>E para a CIG cal ser\u00eda a forma m\u00e1is adecuada de xestionar para evitar ou polo menos minimizar ese perigo?<\/strong><\/p>\n\n\n\n<blockquote class=\"wp-block-quote is-layout-flow wp-block-quote-is-layout-flow\"><p>A posici\u00f3n da CIG \u00e9 moi clara ao respecto: a Xunta de Galicia debe de exercer as s\u00faas competencias con responsabilidade, deixar de mirar para outro lado , abandoar dunha vez o reino da fantas\u00eda ,e executar unha pol\u00edtica realista investindo os recursos que sexan necesarios para asegurar a viabilidade futura dun sector estrat\u00e9xico para a r\u00eda de Vigo<\/p><\/blockquote>\n\n\n\n<p><strong>EMILIO MANEIRO OPERARIO DA CONSTRUCCI\u00d3N NAVAL<\/strong><\/p>\n\n\n\n<p>\u201c<strong>A D\u00cdA DE HOXE AS EXPECTATIVAS PARA BARRERAS SON NEFASTAS\u201d<\/strong><\/p>\n\n\n\n<figure class=\"wp-block-image size-large is-style-default\"><img loading=\"lazy\" decoding=\"async\" width=\"720\" height=\"432\" src=\"http:\/\/www.anovapeneira.gal\/wp-content\/uploads\/2020\/11\/emilio_maneiro.jpg\" alt=\"\" class=\"wp-image-4257\" srcset=\"https:\/\/www.anovapeneira.gal\/wp-content\/uploads\/2020\/11\/emilio_maneiro.jpg 720w, https:\/\/www.anovapeneira.gal\/wp-content\/uploads\/2020\/11\/emilio_maneiro-300x180.jpg 300w\" sizes=\"auto, (max-width: 720px) 100vw, 720px\" \/><\/figure>\n\n\n\n<p><strong>Ti creo que certa veteran\u00eda como traballador do naval tes, non?<\/strong><\/p>\n\n\n\n<blockquote class=\"wp-block-quote is-layout-flow wp-block-quote-is-layout-flow\"><p>Home , pois creo que si. Te\u00f1o 62 anos e comecei aos 15.Case 47 anos na construcci\u00f3n naval xa son uns ani\u00f1os\u00a0<\/p><\/blockquote>\n\n\n\n<p><strong>Sempre na r\u00eda de Vigo?<\/strong><\/p>\n\n\n\n<blockquote class=\"wp-block-quote is-layout-flow wp-block-quote-is-layout-flow\"><p>Non, tam\u00e9n na de Ferrol. Eu son dal\u00ed e vin a Vigo na d\u00e9cada dos 80 despois da salvaxe reconversi\u00f3n do sector naval que se fixo naqueles anos<\/p><\/blockquote>\n\n\n\n<p><strong>A t\u00faa profesi\u00f3n cal \u00e9?<\/strong><\/p>\n\n\n\n<blockquote class=\"wp-block-quote is-layout-flow wp-block-quote-is-layout-flow\"><p>Son caldeireiro e interpretador de planos<\/p><\/blockquote>\n\n\n\n<p><strong>Con tantos anos de experiencia supo\u00f1o que ter\u00e1s traballado en bastantes empresas ?<\/strong><\/p>\n\n\n\n<blockquote class=\"wp-block-quote is-layout-flow wp-block-quote-is-layout-flow\"><p>Si, a verdade \u00e9 que si.<\/p><\/blockquote>\n\n\n\n<p><strong>Estiveches en todos os estaleiros da R\u00eda de Vigo?<\/strong><\/p>\n\n\n\n<blockquote class=\"wp-block-quote is-layout-flow wp-block-quote-is-layout-flow\"><p>En todos menos en Arm\u00f3n<\/p><\/blockquote>\n\n\n\n<p><strong>O teu sector ten unha din\u00e1mica de funcionamento por picos que poden moverse en variables moi extremas. Imaxino que en todos estes anos ter\u00e1s vivido tanto \u00e9pocas de enorme volume de traballo como \u00e9pocas de moi pouqui\u00f1o?<\/strong><\/p>\n\n\n\n<blockquote class=\"wp-block-quote is-layout-flow wp-block-quote-is-layout-flow\"><p>Si \u00e9 as\u00ed, recordo por exemplo \u00e9pocas nas que incluso traballadores da automoci\u00f3n fac\u00edan cursos de reciclaxe para entrar no noso sector, porque hab\u00eda escasez de operarios, ata o desastre do tax lease que nos condeou a varios anos no desemprego<\/p><\/blockquote>\n\n\n\n<p><strong>Agora mesmo onde traballas?<\/strong><\/p>\n\n\n\n<blockquote class=\"wp-block-quote is-layout-flow wp-block-quote-is-layout-flow\"><p>Para unha empresa asturiana que estaba traballando en Barreras, no barco que te\u00f1en<\/p><\/blockquote>\n\n\n\n<p><strong>E cal \u00e9 a situaci\u00f3n?<\/strong><\/p>\n\n\n\n<blockquote class=\"wp-block-quote is-layout-flow wp-block-quote-is-layout-flow\"><p>Todo ven de atr\u00e1s e todo resulta dunha organizaci\u00f3n p\u00e9sima e xesti\u00f3n lamentable. Xa o suposto miragre PEMEX non foi m\u00e1is ca unha fraude, logo o asunto dos dous barcos noruegueses empantanados cos que ningu\u00e9n sabe que facer se non fose dram\u00e1tico ser\u00eda surrealista. E o de Ritz Carlton pois a ver como remata pero moi boa pinta non ten<\/p><\/blockquote>\n\n\n\n<p><strong>Por que ?<\/strong><\/p>\n\n\n\n<blockquote class=\"wp-block-quote is-layout-flow wp-block-quote-is-layout-flow\"><p>Home, en principio no barco que te\u00f1en xa levamos un sobre custo de arredor de 100 mill\u00f3ns de \u20ac. Asemade hai unha enorme cantidade enorme de modificaci\u00f3ns dentro do barco.E por desgraza o estaleiro non est\u00e1 a pagar as empresas auxiliares<\/p><\/blockquote>\n\n\n\n<p><strong>Estades na casa?<\/strong><\/p>\n\n\n\n<blockquote class=\"wp-block-quote is-layout-flow wp-block-quote-is-layout-flow\"><p>Si, desde a segunda quincena de outubro.A mi\u00f1a empresa chegou a ter a 90 persoas no estaleiro, logo 40 e agora mesmo s\u00f3 quedan 8. A situaci\u00f3n \u00e9 dram\u00e1tica, outra empresa auxiliar dun d\u00eda para outro tivo que mandar para casa a 104 traballadores.<\/p><\/blockquote>\n\n\n\n<p><strong>Os traballadores afectados estades na situaci\u00f3n de paro convecional ou de ERTE?<\/strong><\/p>\n\n\n\n<blockquote class=\"wp-block-quote is-layout-flow wp-block-quote-is-layout-flow\"><p>O noso \u00e9 un paro convencional. E o problema insisto non \u00e9 coa nosa empresa que non nos debe nada sen\u00f3n entre o estaleiro e as empresas auxilares que est\u00e1n realmente colgadas<\/p><\/blockquote>\n\n\n\n<p><strong>E para ti como se soluciona a situaci\u00f3n?<\/strong><\/p>\n\n\n\n<blockquote class=\"wp-block-quote is-layout-flow wp-block-quote-is-layout-flow\"><p>Pois pagando \u00e1s empresas auxiliares, s\u00f3 pode ser desa maneira.\u00c1 nosa empresa agora mesmo d\u00e9benlle arredor de 370.000\u20ac, e non s\u00f3 \u00e1 nosa , Barreras d\u00e9belle a todas as auxiliares o que orixina un problema enorme<\/p><\/blockquote>\n\n\n\n<p><strong>O que non entendo \u00e9 que cun novo propietario, con nova direcci\u00f3n xa non se soluciona o problema da da d\u00e9beda de inmediato para poder proseguir o traballo con normalidade<\/strong><\/p>\n\n\n\n<blockquote class=\"wp-block-quote is-layout-flow wp-block-quote-is-layout-flow\"><p>Eu tampouco o entendo. Agora est\u00e1n vendendo que si te\u00f1en o financiamento pero a soluci\u00f3n real, os cartos, non se acaba de ver. De feito eu te\u00f1o medo de que o barco de Carlton acabe en C\u00e1diz<\/p><\/blockquote>\n\n\n\n<p><strong>A compra de Barreras por Carlton \u00e9 con vontade real de p\u00f3r a empresa a funcionar ou relamente s\u00f3 para solucionar o problema concreto do barco que ten esa empresa?<\/strong><\/p>\n\n\n\n<blockquote class=\"wp-block-quote is-layout-flow wp-block-quote-is-layout-flow\"><p>Eu quero pensar que as intenci\u00f3ns son boas<\/p><\/blockquote>\n\n\n\n<p><strong>Cantos traballadores de auxilaires poden estar vivindo a t\u00faa situaci\u00f3n?<\/strong><\/p>\n\n\n\n<blockquote class=\"wp-block-quote is-layout-flow wp-block-quote-is-layout-flow\"><p>Entre 350 e 400 persoas<\/p><\/blockquote>\n\n\n\n<p><strong>As expectativas?<\/strong><\/p>\n\n\n\n<blockquote class=\"wp-block-quote is-layout-flow wp-block-quote-is-layout-flow\"><p>A d\u00eda de hoxe son nefastas<\/p><\/blockquote>\n","protected":false},"excerpt":{"rendered":"<div class=\"mh-excerpt\"><p>Estamos enormemente preocupados non s\u00f3 polo futuro de Barreras , sen\u00f3n tam\u00e9n polo de todo o sector naval na nosa r\u00eda. <a class=\"mh-excerpt-more\" href=\"https:\/\/www.anovapeneira.gal\/index.php\/2020\/11\/12\/a-crise-de-barreras-2\/\" title=\"A crise de Barreras\">[&#8230;]<\/a><\/p>\n<\/div>","protected":false},"author":3,"featured_media":4256,"comment_status":"open","ping_status":"open","sticky":false,"template":"","format":"standard","meta":{"_exactmetrics_skip_tracking":false,"_exactmetrics_sitenote_active":false,"_exactmetrics_sitenote_note":"","_exactmetrics_sitenote_category":0,"footnotes":""},"categories":[497],"tags":[227],"class_list":{"0":"post-4255","1":"post","2":"type-post","3":"status-publish","4":"format-standard","5":"has-post-thumbnail","7":"category-vigo-reportaxes","8":"tag-concello-de-vigo"},"yoast_head":"<!-- This site is optimized with the Yoast SEO plugin v27.4 - https:\/\/yoast.com\/product\/yoast-seo-wordpress\/ -->\n<title>A crise de Barreras -<\/title>\n<meta name=\"description\" content=\"A historia da cidade de Vigo e da s\u00faa comarca non se poder\u00eda entender sen os Estaleiros. Varias xeraci\u00f3ns de vigueses e de veci\u00f1os das vilas da contorna constru\u00edron a s\u00faa vida nos chanzos das factor\u00edas de construcci\u00f3n naval da nosa r\u00eda\" \/>\n<meta name=\"robots\" content=\"index, follow, max-snippet:-1, max-image-preview:large, max-video-preview:-1\" \/>\n<link rel=\"canonical\" href=\"https:\/\/www.anovapeneira.gal\/index.php\/2020\/11\/12\/a-crise-de-barreras-2\/\" \/>\n<meta property=\"og:locale\" content=\"gl_ES\" \/>\n<meta property=\"og:type\" content=\"article\" \/>\n<meta property=\"og:title\" content=\"A crise de Barreras -\" \/>\n<meta property=\"og:description\" content=\"A historia da cidade de Vigo e da s\u00faa comarca non se poder\u00eda entender sen os Estaleiros. Varias xeraci\u00f3ns de vigueses e de veci\u00f1os das vilas da contorna constru\u00edron a s\u00faa vida nos chanzos das factor\u00edas de construcci\u00f3n naval da nosa r\u00eda\" \/>\n<meta property=\"og:url\" content=\"https:\/\/www.anovapeneira.gal\/index.php\/2020\/11\/12\/a-crise-de-barreras-2\/\" \/>\n<meta property=\"article:publisher\" content=\"https:\/\/www.facebook.com\/anovapeneira\" \/>\n<meta property=\"article:published_time\" content=\"2020-11-12T09:00:06+00:00\" \/>\n<meta property=\"og:image\" content=\"https:\/\/www.anovapeneira.gal\/wp-content\/uploads\/2020\/11\/alberte_gonzalvez_barreras.jpg\" \/>\n\t<meta property=\"og:image:width\" content=\"720\" \/>\n\t<meta property=\"og:image:height\" content=\"432\" \/>\n\t<meta property=\"og:image:type\" content=\"image\/jpeg\" \/>\n<meta name=\"author\" content=\"Redacci\u00f3n A Nova Peneira\" \/>\n<meta name=\"twitter:card\" content=\"summary_large_image\" \/>\n<meta name=\"twitter:creator\" content=\"@APeneira\" \/>\n<meta name=\"twitter:site\" content=\"@APeneira\" \/>\n<meta name=\"twitter:label1\" content=\"Escrito por\" \/>\n\t<meta name=\"twitter:data1\" content=\"Redacci\u00f3n A Nova Peneira\" \/>\n\t<meta name=\"twitter:label2\" content=\"Tempo de lectura\" \/>\n\t<meta name=\"twitter:data2\" content=\"6 minutos\" \/>\n<script type=\"application\/ld+json\" class=\"yoast-schema-graph\">{\"@context\":\"https:\\\/\\\/schema.org\",\"@graph\":[{\"@type\":\"Article\",\"@id\":\"https:\\\/\\\/www.anovapeneira.gal\\\/index.php\\\/2020\\\/11\\\/12\\\/a-crise-de-barreras-2\\\/#article\",\"isPartOf\":{\"@id\":\"https:\\\/\\\/www.anovapeneira.gal\\\/index.php\\\/2020\\\/11\\\/12\\\/a-crise-de-barreras-2\\\/\"},\"author\":{\"name\":\"Redacci\u00f3n A Nova Peneira\",\"@id\":\"https:\\\/\\\/www.anovapeneira.gal\\\/#\\\/schema\\\/person\\\/b93e3f8932e3f8da96334607eb6ac6aa\"},\"headline\":\"A crise de Barreras\",\"datePublished\":\"2020-11-12T09:00:06+00:00\",\"mainEntityOfPage\":{\"@id\":\"https:\\\/\\\/www.anovapeneira.gal\\\/index.php\\\/2020\\\/11\\\/12\\\/a-crise-de-barreras-2\\\/\"},\"wordCount\":1148,\"commentCount\":0,\"publisher\":{\"@id\":\"https:\\\/\\\/www.anovapeneira.gal\\\/#organization\"},\"image\":{\"@id\":\"https:\\\/\\\/www.anovapeneira.gal\\\/index.php\\\/2020\\\/11\\\/12\\\/a-crise-de-barreras-2\\\/#primaryimage\"},\"thumbnailUrl\":\"https:\\\/\\\/www.anovapeneira.gal\\\/wp-content\\\/uploads\\\/2020\\\/11\\\/alberte_gonzalvez_barreras.jpg\",\"keywords\":[\"Concello de Vigo\"],\"articleSection\":[\"Vigo\"],\"inLanguage\":\"gl-ES\",\"potentialAction\":[{\"@type\":\"CommentAction\",\"name\":\"Comment\",\"target\":[\"https:\\\/\\\/www.anovapeneira.gal\\\/index.php\\\/2020\\\/11\\\/12\\\/a-crise-de-barreras-2\\\/#respond\"]}]},{\"@type\":\"WebPage\",\"@id\":\"https:\\\/\\\/www.anovapeneira.gal\\\/index.php\\\/2020\\\/11\\\/12\\\/a-crise-de-barreras-2\\\/\",\"url\":\"https:\\\/\\\/www.anovapeneira.gal\\\/index.php\\\/2020\\\/11\\\/12\\\/a-crise-de-barreras-2\\\/\",\"name\":\"A crise de Barreras -\",\"isPartOf\":{\"@id\":\"https:\\\/\\\/www.anovapeneira.gal\\\/#website\"},\"primaryImageOfPage\":{\"@id\":\"https:\\\/\\\/www.anovapeneira.gal\\\/index.php\\\/2020\\\/11\\\/12\\\/a-crise-de-barreras-2\\\/#primaryimage\"},\"image\":{\"@id\":\"https:\\\/\\\/www.anovapeneira.gal\\\/index.php\\\/2020\\\/11\\\/12\\\/a-crise-de-barreras-2\\\/#primaryimage\"},\"thumbnailUrl\":\"https:\\\/\\\/www.anovapeneira.gal\\\/wp-content\\\/uploads\\\/2020\\\/11\\\/alberte_gonzalvez_barreras.jpg\",\"datePublished\":\"2020-11-12T09:00:06+00:00\",\"description\":\"A historia da cidade de Vigo e da s\u00faa comarca non se poder\u00eda entender sen os Estaleiros. Varias xeraci\u00f3ns de vigueses e de veci\u00f1os das vilas da contorna constru\u00edron a s\u00faa vida nos chanzos das factor\u00edas de construcci\u00f3n naval da nosa r\u00eda\",\"breadcrumb\":{\"@id\":\"https:\\\/\\\/www.anovapeneira.gal\\\/index.php\\\/2020\\\/11\\\/12\\\/a-crise-de-barreras-2\\\/#breadcrumb\"},\"inLanguage\":\"gl-ES\",\"potentialAction\":[{\"@type\":\"ReadAction\",\"target\":[\"https:\\\/\\\/www.anovapeneira.gal\\\/index.php\\\/2020\\\/11\\\/12\\\/a-crise-de-barreras-2\\\/\"]}]},{\"@type\":\"ImageObject\",\"inLanguage\":\"gl-ES\",\"@id\":\"https:\\\/\\\/www.anovapeneira.gal\\\/index.php\\\/2020\\\/11\\\/12\\\/a-crise-de-barreras-2\\\/#primaryimage\",\"url\":\"https:\\\/\\\/www.anovapeneira.gal\\\/wp-content\\\/uploads\\\/2020\\\/11\\\/alberte_gonzalvez_barreras.jpg\",\"contentUrl\":\"https:\\\/\\\/www.anovapeneira.gal\\\/wp-content\\\/uploads\\\/2020\\\/11\\\/alberte_gonzalvez_barreras.jpg\",\"width\":720,\"height\":432,\"caption\":\"ALBERTE GON\u00c7ALVES SC DA CIG VIGO\"},{\"@type\":\"BreadcrumbList\",\"@id\":\"https:\\\/\\\/www.anovapeneira.gal\\\/index.php\\\/2020\\\/11\\\/12\\\/a-crise-de-barreras-2\\\/#breadcrumb\",\"itemListElement\":[{\"@type\":\"ListItem\",\"position\":1,\"name\":\"Portada\",\"item\":\"https:\\\/\\\/www.anovapeneira.gal\\\/\"},{\"@type\":\"ListItem\",\"position\":2,\"name\":\"A crise de Barreras\"}]},{\"@type\":\"WebSite\",\"@id\":\"https:\\\/\\\/www.anovapeneira.gal\\\/#website\",\"url\":\"https:\\\/\\\/www.anovapeneira.gal\\\/\",\"name\":\"\",\"description\":\"Xornal galego de informaci\u00f3n xeral Publicaci\u00f3n mensual de novas de Galicia e en especial dos Concellos da sur da provincia de Pontevedra.\",\"publisher\":{\"@id\":\"https:\\\/\\\/www.anovapeneira.gal\\\/#organization\"},\"potentialAction\":[{\"@type\":\"SearchAction\",\"target\":{\"@type\":\"EntryPoint\",\"urlTemplate\":\"https:\\\/\\\/www.anovapeneira.gal\\\/?s={search_term_string}\"},\"query-input\":{\"@type\":\"PropertyValueSpecification\",\"valueRequired\":true,\"valueName\":\"search_term_string\"}}],\"inLanguage\":\"gl-ES\"},{\"@type\":\"Organization\",\"@id\":\"https:\\\/\\\/www.anovapeneira.gal\\\/#organization\",\"name\":\"A Nova Peneira\",\"url\":\"https:\\\/\\\/www.anovapeneira.gal\\\/\",\"logo\":{\"@type\":\"ImageObject\",\"inLanguage\":\"gl-ES\",\"@id\":\"https:\\\/\\\/www.anovapeneira.gal\\\/#\\\/schema\\\/logo\\\/image\\\/\",\"url\":\"http:\\\/\\\/www.anovapeneira.gal\\\/wp-content\\\/uploads\\\/2019\\\/06\\\/logo_a_nova_peneira_portal_web.png\",\"contentUrl\":\"http:\\\/\\\/www.anovapeneira.gal\\\/wp-content\\\/uploads\\\/2019\\\/06\\\/logo_a_nova_peneira_portal_web.png\",\"width\":300,\"height\":100,\"caption\":\"A Nova Peneira\"},\"image\":{\"@id\":\"https:\\\/\\\/www.anovapeneira.gal\\\/#\\\/schema\\\/logo\\\/image\\\/\"},\"sameAs\":[\"https:\\\/\\\/www.facebook.com\\\/anovapeneira\",\"https:\\\/\\\/x.com\\\/APeneira\"]},{\"@type\":\"Person\",\"@id\":\"https:\\\/\\\/www.anovapeneira.gal\\\/#\\\/schema\\\/person\\\/b93e3f8932e3f8da96334607eb6ac6aa\",\"name\":\"Redacci\u00f3n A Nova Peneira\",\"image\":{\"@type\":\"ImageObject\",\"inLanguage\":\"gl-ES\",\"@id\":\"https:\\\/\\\/secure.gravatar.com\\\/avatar\\\/c052a2551a06e23fac63626232eaa90abd78dbcf1700fc46a2b2c89fd27b735f?s=96&d=mm&r=g\",\"url\":\"https:\\\/\\\/secure.gravatar.com\\\/avatar\\\/c052a2551a06e23fac63626232eaa90abd78dbcf1700fc46a2b2c89fd27b735f?s=96&d=mm&r=g\",\"contentUrl\":\"https:\\\/\\\/secure.gravatar.com\\\/avatar\\\/c052a2551a06e23fac63626232eaa90abd78dbcf1700fc46a2b2c89fd27b735f?s=96&d=mm&r=g\",\"caption\":\"Redacci\u00f3n A Nova Peneira\"},\"sameAs\":[\"http:\\\/\\\/www.anovapeneira.gal\\\/\"],\"url\":\"https:\\\/\\\/www.anovapeneira.gal\\\/index.php\\\/author\\\/redactor\\\/\"}]}<\/script>\n<!-- \/ Yoast SEO plugin. -->","yoast_head_json":{"title":"A crise de Barreras -","description":"A historia da cidade de Vigo e da s\u00faa comarca non se poder\u00eda entender sen os Estaleiros. Varias xeraci\u00f3ns de vigueses e de veci\u00f1os das vilas da contorna constru\u00edron a s\u00faa vida nos chanzos das factor\u00edas de construcci\u00f3n naval da nosa r\u00eda","robots":{"index":"index","follow":"follow","max-snippet":"max-snippet:-1","max-image-preview":"max-image-preview:large","max-video-preview":"max-video-preview:-1"},"canonical":"https:\/\/www.anovapeneira.gal\/index.php\/2020\/11\/12\/a-crise-de-barreras-2\/","og_locale":"gl_ES","og_type":"article","og_title":"A crise de Barreras -","og_description":"A historia da cidade de Vigo e da s\u00faa comarca non se poder\u00eda entender sen os Estaleiros. Varias xeraci\u00f3ns de vigueses e de veci\u00f1os das vilas da contorna constru\u00edron a s\u00faa vida nos chanzos das factor\u00edas de construcci\u00f3n naval da nosa r\u00eda","og_url":"https:\/\/www.anovapeneira.gal\/index.php\/2020\/11\/12\/a-crise-de-barreras-2\/","article_publisher":"https:\/\/www.facebook.com\/anovapeneira","article_published_time":"2020-11-12T09:00:06+00:00","og_image":[{"width":720,"height":432,"url":"https:\/\/www.anovapeneira.gal\/wp-content\/uploads\/2020\/11\/alberte_gonzalvez_barreras.jpg","type":"image\/jpeg"}],"author":"Redacci\u00f3n A Nova Peneira","twitter_card":"summary_large_image","twitter_creator":"@APeneira","twitter_site":"@APeneira","twitter_misc":{"Escrito por":"Redacci\u00f3n A Nova Peneira","Tempo de lectura":"6 minutos"},"schema":{"@context":"https:\/\/schema.org","@graph":[{"@type":"Article","@id":"https:\/\/www.anovapeneira.gal\/index.php\/2020\/11\/12\/a-crise-de-barreras-2\/#article","isPartOf":{"@id":"https:\/\/www.anovapeneira.gal\/index.php\/2020\/11\/12\/a-crise-de-barreras-2\/"},"author":{"name":"Redacci\u00f3n A Nova Peneira","@id":"https:\/\/www.anovapeneira.gal\/#\/schema\/person\/b93e3f8932e3f8da96334607eb6ac6aa"},"headline":"A crise de Barreras","datePublished":"2020-11-12T09:00:06+00:00","mainEntityOfPage":{"@id":"https:\/\/www.anovapeneira.gal\/index.php\/2020\/11\/12\/a-crise-de-barreras-2\/"},"wordCount":1148,"commentCount":0,"publisher":{"@id":"https:\/\/www.anovapeneira.gal\/#organization"},"image":{"@id":"https:\/\/www.anovapeneira.gal\/index.php\/2020\/11\/12\/a-crise-de-barreras-2\/#primaryimage"},"thumbnailUrl":"https:\/\/www.anovapeneira.gal\/wp-content\/uploads\/2020\/11\/alberte_gonzalvez_barreras.jpg","keywords":["Concello de Vigo"],"articleSection":["Vigo"],"inLanguage":"gl-ES","potentialAction":[{"@type":"CommentAction","name":"Comment","target":["https:\/\/www.anovapeneira.gal\/index.php\/2020\/11\/12\/a-crise-de-barreras-2\/#respond"]}]},{"@type":"WebPage","@id":"https:\/\/www.anovapeneira.gal\/index.php\/2020\/11\/12\/a-crise-de-barreras-2\/","url":"https:\/\/www.anovapeneira.gal\/index.php\/2020\/11\/12\/a-crise-de-barreras-2\/","name":"A crise de Barreras -","isPartOf":{"@id":"https:\/\/www.anovapeneira.gal\/#website"},"primaryImageOfPage":{"@id":"https:\/\/www.anovapeneira.gal\/index.php\/2020\/11\/12\/a-crise-de-barreras-2\/#primaryimage"},"image":{"@id":"https:\/\/www.anovapeneira.gal\/index.php\/2020\/11\/12\/a-crise-de-barreras-2\/#primaryimage"},"thumbnailUrl":"https:\/\/www.anovapeneira.gal\/wp-content\/uploads\/2020\/11\/alberte_gonzalvez_barreras.jpg","datePublished":"2020-11-12T09:00:06+00:00","description":"A historia da cidade de Vigo e da s\u00faa comarca non se poder\u00eda entender sen os Estaleiros. Varias xeraci\u00f3ns de vigueses e de veci\u00f1os das vilas da contorna constru\u00edron a s\u00faa vida nos chanzos das factor\u00edas de construcci\u00f3n naval da nosa r\u00eda","breadcrumb":{"@id":"https:\/\/www.anovapeneira.gal\/index.php\/2020\/11\/12\/a-crise-de-barreras-2\/#breadcrumb"},"inLanguage":"gl-ES","potentialAction":[{"@type":"ReadAction","target":["https:\/\/www.anovapeneira.gal\/index.php\/2020\/11\/12\/a-crise-de-barreras-2\/"]}]},{"@type":"ImageObject","inLanguage":"gl-ES","@id":"https:\/\/www.anovapeneira.gal\/index.php\/2020\/11\/12\/a-crise-de-barreras-2\/#primaryimage","url":"https:\/\/www.anovapeneira.gal\/wp-content\/uploads\/2020\/11\/alberte_gonzalvez_barreras.jpg","contentUrl":"https:\/\/www.anovapeneira.gal\/wp-content\/uploads\/2020\/11\/alberte_gonzalvez_barreras.jpg","width":720,"height":432,"caption":"ALBERTE GON\u00c7ALVES SC DA CIG VIGO"},{"@type":"BreadcrumbList","@id":"https:\/\/www.anovapeneira.gal\/index.php\/2020\/11\/12\/a-crise-de-barreras-2\/#breadcrumb","itemListElement":[{"@type":"ListItem","position":1,"name":"Portada","item":"https:\/\/www.anovapeneira.gal\/"},{"@type":"ListItem","position":2,"name":"A crise de Barreras"}]},{"@type":"WebSite","@id":"https:\/\/www.anovapeneira.gal\/#website","url":"https:\/\/www.anovapeneira.gal\/","name":"","description":"Xornal galego de informaci\u00f3n xeral Publicaci\u00f3n mensual de novas de Galicia e en especial dos Concellos da sur da provincia de Pontevedra.","publisher":{"@id":"https:\/\/www.anovapeneira.gal\/#organization"},"potentialAction":[{"@type":"SearchAction","target":{"@type":"EntryPoint","urlTemplate":"https:\/\/www.anovapeneira.gal\/?s={search_term_string}"},"query-input":{"@type":"PropertyValueSpecification","valueRequired":true,"valueName":"search_term_string"}}],"inLanguage":"gl-ES"},{"@type":"Organization","@id":"https:\/\/www.anovapeneira.gal\/#organization","name":"A Nova Peneira","url":"https:\/\/www.anovapeneira.gal\/","logo":{"@type":"ImageObject","inLanguage":"gl-ES","@id":"https:\/\/www.anovapeneira.gal\/#\/schema\/logo\/image\/","url":"http:\/\/www.anovapeneira.gal\/wp-content\/uploads\/2019\/06\/logo_a_nova_peneira_portal_web.png","contentUrl":"http:\/\/www.anovapeneira.gal\/wp-content\/uploads\/2019\/06\/logo_a_nova_peneira_portal_web.png","width":300,"height":100,"caption":"A Nova Peneira"},"image":{"@id":"https:\/\/www.anovapeneira.gal\/#\/schema\/logo\/image\/"},"sameAs":["https:\/\/www.facebook.com\/anovapeneira","https:\/\/x.com\/APeneira"]},{"@type":"Person","@id":"https:\/\/www.anovapeneira.gal\/#\/schema\/person\/b93e3f8932e3f8da96334607eb6ac6aa","name":"Redacci\u00f3n A Nova Peneira","image":{"@type":"ImageObject","inLanguage":"gl-ES","@id":"https:\/\/secure.gravatar.com\/avatar\/c052a2551a06e23fac63626232eaa90abd78dbcf1700fc46a2b2c89fd27b735f?s=96&d=mm&r=g","url":"https:\/\/secure.gravatar.com\/avatar\/c052a2551a06e23fac63626232eaa90abd78dbcf1700fc46a2b2c89fd27b735f?s=96&d=mm&r=g","contentUrl":"https:\/\/secure.gravatar.com\/avatar\/c052a2551a06e23fac63626232eaa90abd78dbcf1700fc46a2b2c89fd27b735f?s=96&d=mm&r=g","caption":"Redacci\u00f3n A Nova Peneira"},"sameAs":["http:\/\/www.anovapeneira.gal\/"],"url":"https:\/\/www.anovapeneira.gal\/index.php\/author\/redactor\/"}]}},"jetpack_featured_media_url":"https:\/\/www.anovapeneira.gal\/wp-content\/uploads\/2020\/11\/alberte_gonzalvez_barreras.jpg","_links":{"self":[{"href":"https:\/\/www.anovapeneira.gal\/index.php\/wp-json\/wp\/v2\/posts\/4255","targetHints":{"allow":["GET"]}}],"collection":[{"href":"https:\/\/www.anovapeneira.gal\/index.php\/wp-json\/wp\/v2\/posts"}],"about":[{"href":"https:\/\/www.anovapeneira.gal\/index.php\/wp-json\/wp\/v2\/types\/post"}],"author":[{"embeddable":true,"href":"https:\/\/www.anovapeneira.gal\/index.php\/wp-json\/wp\/v2\/users\/3"}],"replies":[{"embeddable":true,"href":"https:\/\/www.anovapeneira.gal\/index.php\/wp-json\/wp\/v2\/comments?post=4255"}],"version-history":[{"count":1,"href":"https:\/\/www.anovapeneira.gal\/index.php\/wp-json\/wp\/v2\/posts\/4255\/revisions"}],"predecessor-version":[{"id":4258,"href":"https:\/\/www.anovapeneira.gal\/index.php\/wp-json\/wp\/v2\/posts\/4255\/revisions\/4258"}],"wp:featuredmedia":[{"embeddable":true,"href":"https:\/\/www.anovapeneira.gal\/index.php\/wp-json\/wp\/v2\/media\/4256"}],"wp:attachment":[{"href":"https:\/\/www.anovapeneira.gal\/index.php\/wp-json\/wp\/v2\/media?parent=4255"}],"wp:term":[{"taxonomy":"category","embeddable":true,"href":"https:\/\/www.anovapeneira.gal\/index.php\/wp-json\/wp\/v2\/categories?post=4255"},{"taxonomy":"post_tag","embeddable":true,"href":"https:\/\/www.anovapeneira.gal\/index.php\/wp-json\/wp\/v2\/tags?post=4255"}],"curies":[{"name":"wp","href":"https:\/\/api.w.org\/{rel}","templated":true}]}}