{"id":4264,"date":"2020-11-13T10:00:53","date_gmt":"2020-11-13T09:00:53","guid":{"rendered":"http:\/\/www.anovapeneira.gal\/?p=4264"},"modified":"2020-11-08T19:55:09","modified_gmt":"2020-11-08T18:55:09","slug":"a-pobreza-ten-faciana-de-muller","status":"publish","type":"post","link":"https:\/\/www.anovapeneira.gal\/index.php\/2020\/11\/13\/a-pobreza-ten-faciana-de-muller\/","title":{"rendered":"A Pobreza ten faciana de muller"},"content":{"rendered":"\n<pre class=\"wp-block-verse\">COORDINADORA GALEGA DA MARCHA MUNDIAL DAS MULLERES<\/pre>\n\n\n\n<p>O pasado 8 de marzo, Galegas 8M fac\u00eda retumbar as r\u00faas baixo o lema de \u201cSen coidados non hai vida\u201d. Cinco palabras cunha soa pretensi\u00f3n: dignificar o traballo dos coidados, visibilizar o que e invis\u00edbel. A pandemia actual provocada pola COVID \u00e9 un exemplo pr\u00e1ctico e global dos motivos que impulsan a sa\u00edda \u00e1s r\u00faas das mulleres: a crise dos coidados e a crise das mulleres. As\u00ed, non foi e non \u00e9 un lema sen contido. Dende o feminismo levamos anos reclamando que a vida debe estar no centro das pol\u00edticas. As evidencias son claras: somos as mulleres as encargadas de soster a vida. Unha evidencia clarificada ca pandemia, onde fomos as mulleres as encargadas de soster as actividades esenciais. Sen embargo, os nosos labores seguen a ser altru\u00edstas, moito tememos que non sairemos reforzadas ata que a capacidade de mobilizacion e presion sexan notoriamente palpables.<\/p>\n\n\n\n<p>O sistema capitalista atopase ancorado na explotaci\u00f3n dos traballos mais esenciais, precisamente aqueles que son menos valorados, como \u00e9 o caso do coidado, a limpeza ou a alimentaci\u00f3n. Estes sectores, todos eles feminizados, carecen de prestixio social e son os peor valorados economicamente. Como \u00e9 posible soster un mercado que deval\u00faa gradualmente as actividades canto mais esencias sexan? Con pobreza, violencia e desigualdade social. As mulleres temos os menores salarios, cando os temos. Os traballos de coidados gratuitos fac\u00e9molos n\u00f3s: coidado de crianzas, de personas enfermas, de personas adultas e sas pero que precisan ter cubertas as suas necesidades diarias de alimentacion de lavado de roupa, etc. Cando estes coidados esenciais se profesionalizan de ser gratu\u00edtos, por amor, pasan a ser traballos precarios feminizados e racializados. A Marcha Mundial das Mulleres reclama o cese desta cadea de pobreza das mulleres e traballa para constru\u00edr unha sociedade que garanta os coidados de todas, onde ningunha se libere carg\u00e1ndolles os coidados \u00e1s migrantes. Prec\u00edsanse respostas colectivas, e que a calidade de vida das personas non dependa das circunstancias individuais de cada quen. Ninguna persona \u00e9 un refugallo.<\/p>\n\n\n\n<p>A incerteza que presenta a crise do coronavirus \u00e9 un caldo de cultivo para a reacci\u00f3n antifeminista e de extrema dereita, pois pres\u00e9ntannos como \u00fanica alternativa a volta aos espazos de seguridade, a volta ao pasado tradicional, a valores rancios onde a muller debe volver ao fogar. Unha mensaxe sumamente torpe e ignorante pode ser atractiva cando v\u00e9n agochada nun discurso sutil. Asi, non se establecen medidas para acabar coa fenda dixital das mulleres, e en particular, das mulleres rurais, imponse o teletraballo como alternativa sendo as mulleres as que volven sufrir o problema de conxugar a vida familiar coa laboral, ante a falta de alternativas comunitarias as mulleres est\u00e1n a abandonar os seus postos de traballo para coidar das crianzas ou reducir as s\u00faas xornadas. En conclusi\u00f3n, a pandemia acrecentou o enfrontamento entre o sistema de coidados e emprego remunerado.<\/p>\n\n\n\n<p>Frente o crecemento continuado e a acumulaci\u00f3n crecente do capitalismo, a MMM esixe pol\u00edticas transversais, que desenvoquen nun cambio de sistema. Un sistema que actualmente funciona e se alimenta a base de que o noso benestar estea baseado no espolio das riquezas naturais das naci\u00f3ns e dos pa\u00edses do Sul Global, na explotaci\u00f3n ambiental e na segregaci\u00f3n por x\u00e9neros. Os corpos das mulleres pobres fan parte das riquezas naturais que son explotables convert\u00e9ndose en mercador\u00edas para os negocios das transnacionais: prostituci\u00f3n, ventres de alugueiro, empregadas do fogar internas.&nbsp;<\/p>\n\n\n\n<p>Para eliminar a pobreza, dende a MMM propomos parar a globalizaci\u00f3n, na s\u00faa versi\u00f3n neoliberal, que est\u00e1 afondando cada vez m\u00e1is a fenda que separa aos pobres dos ricos. Algunhas das medidas plantexadas son as seguintes:<\/p>\n\n\n\n<p>&#8211; Implantar normativas que, sen discriminaci\u00f3n, permitan \u00e1s mulleres exercer os seus dereitos e ter acceso aos recursos b\u00e1sicos: auga potable, enerx\u00eda, hixiene, sa\u00fade, nutrici\u00f3n.&nbsp;<\/p>\n\n\n\n<p>Reforzo dos servizos p\u00fablicos e de calidade, nomeadamente, educaci\u00f3n, sa\u00fade, transporte colectivos, garder\u00edas, parques e zonas de recreo democr\u00e1ticos.&nbsp;<\/p>\n\n\n\n<p>&#8211; Centros p\u00fablicos e de calidade para os coidados das persoas maiores, sempre garantindo o dereito a ser coidadas no noso fogar.&nbsp;<\/p>\n\n\n\n<p>&#8211; Soberan\u00eda alimentaria: dereito \u00e1 produci\u00f3n e a distribuci\u00f3n de alimentos en comercios de proximidade, que garantan unha seguridade alimentaria e o mantemento do medio ambiente.&nbsp;<\/p>\n\n\n\n<p>&#8211; Acceso a unha vivenda decente: rendas de alugueiro urxentes, vivendas comunitarias.&nbsp;<\/p>\n\n\n\n<p>&#8211; Sistemas de redistribuci\u00f3n da riqueza actualmente monopolizada polos pa\u00edses industrializados m\u00e1is ricos consumidores dos recursos naturais de todo o planeta.&nbsp;<\/p>\n\n\n\n<p>&#8211; Sistemas de redistribuci\u00f3n do benestar simb\u00f3lico: tempo, ocio, educaci\u00f3n para a corresponsabilidade.&nbsp;<\/p>\n\n\n\n<p>&#8211; A loita contra a violencia machista dende a infancia, con plans de verdadeira coeducaci\u00f3n e con recursos. As pol\u00edticas p\u00fablicas de igualdade son cada vez m\u00e1is urxentes para atallar as desigualdades econ\u00f3micas e debilitar as xerarqu\u00edas.<\/p>\n\n\n\n<p>A Marcha Mundial das Mulleres leva vinte anos na Galiza na loita feminista, baseada en dous obxectivos principais: a loita contra a violencia machista e a loita contra a pobreza. Desenvolveu un m\u00e9todo para a definici\u00f3n de consensos, e unha forma de actuaci\u00f3n que implica a construci\u00f3n permanente dunha rede interconectada entre o local, o nacional e o internacional.&nbsp;<\/p>\n\n\n\n<h2 class=\"wp-block-heading\">RESISTIMOS PARA VIVI, MARCHAMOS PARA TRANSFORMAR!<\/h2>\n","protected":false},"excerpt":{"rendered":"<div class=\"mh-excerpt\"><p>O pasado 8 de marzo, Galegas 8M fac\u00eda retumbar as r\u00faas baixo o lema de \u201cSen coidados non hai vida\u201d. Cinco palabras cunha soa pretensi\u00f3n: dignificar o traballo dos coidados, visibilizar o que e invis\u00edbel. A pandemia actual provocada pola COVID \u00e9 un exemplo pr\u00e1ctico e global dos motivos que impulsan a sa\u00edda \u00e1s r\u00faas das mulleres: a crise dos coidados e a crise das mulleres. As\u00ed, non foi e non \u00e9 un lema sen contido <a class=\"mh-excerpt-more\" href=\"https:\/\/www.anovapeneira.gal\/index.php\/2020\/11\/13\/a-pobreza-ten-faciana-de-muller\/\" title=\"A Pobreza ten faciana de muller\">[&#8230;]<\/a><\/p>\n<\/div>","protected":false},"author":12,"featured_media":4265,"comment_status":"open","ping_status":"open","sticky":false,"template":"","format":"standard","meta":{"_exactmetrics_skip_tracking":false,"_exactmetrics_sitenote_active":false,"_exactmetrics_sitenote_note":"","_exactmetrics_sitenote_category":0,"footnotes":""},"categories":[7],"tags":[],"class_list":{"0":"post-4264","1":"post","2":"type-post","3":"status-publish","4":"format-standard","5":"has-post-thumbnail","7":"category-artigos-de-opinion"},"yoast_head":"<!-- This site is optimized with the Yoast SEO plugin v27.5 - https:\/\/yoast.com\/product\/yoast-seo-wordpress\/ -->\n<title>A Pobreza ten faciana de muller -<\/title>\n<meta name=\"robots\" content=\"index, follow, max-snippet:-1, max-image-preview:large, max-video-preview:-1\" \/>\n<link rel=\"canonical\" href=\"https:\/\/www.anovapeneira.gal\/index.php\/2020\/11\/13\/a-pobreza-ten-faciana-de-muller\/\" \/>\n<meta property=\"og:locale\" content=\"gl_ES\" \/>\n<meta property=\"og:type\" content=\"article\" \/>\n<meta property=\"og:title\" content=\"A Pobreza ten faciana de muller -\" \/>\n<meta property=\"og:description\" content=\"O pasado 8 de marzo, Galegas 8M fac\u00eda retumbar as r\u00faas baixo o lema de \u201cSen coidados non hai vida\u201d. Cinco palabras cunha soa pretensi\u00f3n: dignificar o traballo dos coidados, visibilizar o que e invis\u00edbel. A pandemia actual provocada pola COVID \u00e9 un exemplo pr\u00e1ctico e global dos motivos que impulsan a sa\u00edda \u00e1s r\u00faas das mulleres: a crise dos coidados e a crise das mulleres. As\u00ed, non foi e non \u00e9 un lema sen contido [...]\" \/>\n<meta property=\"og:url\" content=\"https:\/\/www.anovapeneira.gal\/index.php\/2020\/11\/13\/a-pobreza-ten-faciana-de-muller\/\" \/>\n<meta property=\"article:publisher\" content=\"https:\/\/www.facebook.com\/anovapeneira\" \/>\n<meta property=\"article:published_time\" content=\"2020-11-13T09:00:53+00:00\" \/>\n<meta property=\"og:image\" content=\"https:\/\/www.anovapeneira.gal\/wp-content\/uploads\/2020\/11\/marcha_mundial_das_mulleres.jpg\" \/>\n\t<meta property=\"og:image:width\" content=\"720\" \/>\n\t<meta property=\"og:image:height\" content=\"432\" \/>\n\t<meta property=\"og:image:type\" content=\"image\/jpeg\" \/>\n<meta name=\"author\" content=\"Artigos Opini\u00f3n\" \/>\n<meta name=\"twitter:card\" content=\"summary_large_image\" \/>\n<meta name=\"twitter:creator\" content=\"@APeneira\" \/>\n<meta name=\"twitter:site\" content=\"@APeneira\" \/>\n<meta name=\"twitter:label1\" content=\"Escrito por\" \/>\n\t<meta name=\"twitter:data1\" content=\"Artigos Opini\u00f3n\" \/>\n\t<meta name=\"twitter:label2\" content=\"Tempo de lectura\" \/>\n\t<meta name=\"twitter:data2\" content=\"5 minutos\" \/>\n<script type=\"application\/ld+json\" class=\"yoast-schema-graph\">{\"@context\":\"https:\\\/\\\/schema.org\",\"@graph\":[{\"@type\":\"Article\",\"@id\":\"https:\\\/\\\/www.anovapeneira.gal\\\/index.php\\\/2020\\\/11\\\/13\\\/a-pobreza-ten-faciana-de-muller\\\/#article\",\"isPartOf\":{\"@id\":\"https:\\\/\\\/www.anovapeneira.gal\\\/index.php\\\/2020\\\/11\\\/13\\\/a-pobreza-ten-faciana-de-muller\\\/\"},\"author\":{\"name\":\"Artigos Opini\u00f3n\",\"@id\":\"https:\\\/\\\/www.anovapeneira.gal\\\/#\\\/schema\\\/person\\\/f18a4feb302e8f20bcef4490b5b60bb3\"},\"headline\":\"A Pobreza ten faciana de muller\",\"datePublished\":\"2020-11-13T09:00:53+00:00\",\"mainEntityOfPage\":{\"@id\":\"https:\\\/\\\/www.anovapeneira.gal\\\/index.php\\\/2020\\\/11\\\/13\\\/a-pobreza-ten-faciana-de-muller\\\/\"},\"wordCount\":911,\"commentCount\":0,\"publisher\":{\"@id\":\"https:\\\/\\\/www.anovapeneira.gal\\\/#organization\"},\"image\":{\"@id\":\"https:\\\/\\\/www.anovapeneira.gal\\\/index.php\\\/2020\\\/11\\\/13\\\/a-pobreza-ten-faciana-de-muller\\\/#primaryimage\"},\"thumbnailUrl\":\"https:\\\/\\\/www.anovapeneira.gal\\\/wp-content\\\/uploads\\\/2020\\\/11\\\/marcha_mundial_das_mulleres.jpg\",\"articleSection\":[\"Artigos de opini\u00f3n\"],\"inLanguage\":\"gl-ES\",\"potentialAction\":[{\"@type\":\"CommentAction\",\"name\":\"Comment\",\"target\":[\"https:\\\/\\\/www.anovapeneira.gal\\\/index.php\\\/2020\\\/11\\\/13\\\/a-pobreza-ten-faciana-de-muller\\\/#respond\"]}]},{\"@type\":\"WebPage\",\"@id\":\"https:\\\/\\\/www.anovapeneira.gal\\\/index.php\\\/2020\\\/11\\\/13\\\/a-pobreza-ten-faciana-de-muller\\\/\",\"url\":\"https:\\\/\\\/www.anovapeneira.gal\\\/index.php\\\/2020\\\/11\\\/13\\\/a-pobreza-ten-faciana-de-muller\\\/\",\"name\":\"A Pobreza ten faciana de muller -\",\"isPartOf\":{\"@id\":\"https:\\\/\\\/www.anovapeneira.gal\\\/#website\"},\"primaryImageOfPage\":{\"@id\":\"https:\\\/\\\/www.anovapeneira.gal\\\/index.php\\\/2020\\\/11\\\/13\\\/a-pobreza-ten-faciana-de-muller\\\/#primaryimage\"},\"image\":{\"@id\":\"https:\\\/\\\/www.anovapeneira.gal\\\/index.php\\\/2020\\\/11\\\/13\\\/a-pobreza-ten-faciana-de-muller\\\/#primaryimage\"},\"thumbnailUrl\":\"https:\\\/\\\/www.anovapeneira.gal\\\/wp-content\\\/uploads\\\/2020\\\/11\\\/marcha_mundial_das_mulleres.jpg\",\"datePublished\":\"2020-11-13T09:00:53+00:00\",\"breadcrumb\":{\"@id\":\"https:\\\/\\\/www.anovapeneira.gal\\\/index.php\\\/2020\\\/11\\\/13\\\/a-pobreza-ten-faciana-de-muller\\\/#breadcrumb\"},\"inLanguage\":\"gl-ES\",\"potentialAction\":[{\"@type\":\"ReadAction\",\"target\":[\"https:\\\/\\\/www.anovapeneira.gal\\\/index.php\\\/2020\\\/11\\\/13\\\/a-pobreza-ten-faciana-de-muller\\\/\"]}]},{\"@type\":\"ImageObject\",\"inLanguage\":\"gl-ES\",\"@id\":\"https:\\\/\\\/www.anovapeneira.gal\\\/index.php\\\/2020\\\/11\\\/13\\\/a-pobreza-ten-faciana-de-muller\\\/#primaryimage\",\"url\":\"https:\\\/\\\/www.anovapeneira.gal\\\/wp-content\\\/uploads\\\/2020\\\/11\\\/marcha_mundial_das_mulleres.jpg\",\"contentUrl\":\"https:\\\/\\\/www.anovapeneira.gal\\\/wp-content\\\/uploads\\\/2020\\\/11\\\/marcha_mundial_das_mulleres.jpg\",\"width\":720,\"height\":432,\"caption\":\"COORDINADORA GALEGA DA MARCHA MUNDIAL DAS MULLERES\"},{\"@type\":\"BreadcrumbList\",\"@id\":\"https:\\\/\\\/www.anovapeneira.gal\\\/index.php\\\/2020\\\/11\\\/13\\\/a-pobreza-ten-faciana-de-muller\\\/#breadcrumb\",\"itemListElement\":[{\"@type\":\"ListItem\",\"position\":1,\"name\":\"Portada\",\"item\":\"https:\\\/\\\/www.anovapeneira.gal\\\/\"},{\"@type\":\"ListItem\",\"position\":2,\"name\":\"A Pobreza ten faciana de muller\"}]},{\"@type\":\"WebSite\",\"@id\":\"https:\\\/\\\/www.anovapeneira.gal\\\/#website\",\"url\":\"https:\\\/\\\/www.anovapeneira.gal\\\/\",\"name\":\"\",\"description\":\"Xornal galego de informaci\u00f3n xeral Publicaci\u00f3n mensual de novas de Galicia e en especial dos Concellos da sur da provincia de Pontevedra.\",\"publisher\":{\"@id\":\"https:\\\/\\\/www.anovapeneira.gal\\\/#organization\"},\"potentialAction\":[{\"@type\":\"SearchAction\",\"target\":{\"@type\":\"EntryPoint\",\"urlTemplate\":\"https:\\\/\\\/www.anovapeneira.gal\\\/?s={search_term_string}\"},\"query-input\":{\"@type\":\"PropertyValueSpecification\",\"valueRequired\":true,\"valueName\":\"search_term_string\"}}],\"inLanguage\":\"gl-ES\"},{\"@type\":\"Organization\",\"@id\":\"https:\\\/\\\/www.anovapeneira.gal\\\/#organization\",\"name\":\"A Nova Peneira\",\"url\":\"https:\\\/\\\/www.anovapeneira.gal\\\/\",\"logo\":{\"@type\":\"ImageObject\",\"inLanguage\":\"gl-ES\",\"@id\":\"https:\\\/\\\/www.anovapeneira.gal\\\/#\\\/schema\\\/logo\\\/image\\\/\",\"url\":\"http:\\\/\\\/www.anovapeneira.gal\\\/wp-content\\\/uploads\\\/2019\\\/06\\\/logo_a_nova_peneira_portal_web.png\",\"contentUrl\":\"http:\\\/\\\/www.anovapeneira.gal\\\/wp-content\\\/uploads\\\/2019\\\/06\\\/logo_a_nova_peneira_portal_web.png\",\"width\":300,\"height\":100,\"caption\":\"A Nova Peneira\"},\"image\":{\"@id\":\"https:\\\/\\\/www.anovapeneira.gal\\\/#\\\/schema\\\/logo\\\/image\\\/\"},\"sameAs\":[\"https:\\\/\\\/www.facebook.com\\\/anovapeneira\",\"https:\\\/\\\/x.com\\\/APeneira\"]},{\"@type\":\"Person\",\"@id\":\"https:\\\/\\\/www.anovapeneira.gal\\\/#\\\/schema\\\/person\\\/f18a4feb302e8f20bcef4490b5b60bb3\",\"name\":\"Artigos Opini\u00f3n\",\"image\":{\"@type\":\"ImageObject\",\"inLanguage\":\"gl-ES\",\"@id\":\"https:\\\/\\\/secure.gravatar.com\\\/avatar\\\/072844300f4881150aee2da4278f7a65d16eefdf8262eb67085f1e702de2b959?s=96&d=mm&r=g\",\"url\":\"https:\\\/\\\/secure.gravatar.com\\\/avatar\\\/072844300f4881150aee2da4278f7a65d16eefdf8262eb67085f1e702de2b959?s=96&d=mm&r=g\",\"contentUrl\":\"https:\\\/\\\/secure.gravatar.com\\\/avatar\\\/072844300f4881150aee2da4278f7a65d16eefdf8262eb67085f1e702de2b959?s=96&d=mm&r=g\",\"caption\":\"Artigos Opini\u00f3n\"},\"sameAs\":[\"http:\\\/\\\/anovapeneira.gal\"],\"url\":\"https:\\\/\\\/www.anovapeneira.gal\\\/index.php\\\/author\\\/artigosopinion\\\/\"}]}<\/script>\n<!-- \/ Yoast SEO plugin. -->","yoast_head_json":{"title":"A Pobreza ten faciana de muller -","robots":{"index":"index","follow":"follow","max-snippet":"max-snippet:-1","max-image-preview":"max-image-preview:large","max-video-preview":"max-video-preview:-1"},"canonical":"https:\/\/www.anovapeneira.gal\/index.php\/2020\/11\/13\/a-pobreza-ten-faciana-de-muller\/","og_locale":"gl_ES","og_type":"article","og_title":"A Pobreza ten faciana de muller -","og_description":"O pasado 8 de marzo, Galegas 8M fac\u00eda retumbar as r\u00faas baixo o lema de \u201cSen coidados non hai vida\u201d. Cinco palabras cunha soa pretensi\u00f3n: dignificar o traballo dos coidados, visibilizar o que e invis\u00edbel. A pandemia actual provocada pola COVID \u00e9 un exemplo pr\u00e1ctico e global dos motivos que impulsan a sa\u00edda \u00e1s r\u00faas das mulleres: a crise dos coidados e a crise das mulleres. As\u00ed, non foi e non \u00e9 un lema sen contido [...]","og_url":"https:\/\/www.anovapeneira.gal\/index.php\/2020\/11\/13\/a-pobreza-ten-faciana-de-muller\/","article_publisher":"https:\/\/www.facebook.com\/anovapeneira","article_published_time":"2020-11-13T09:00:53+00:00","og_image":[{"width":720,"height":432,"url":"https:\/\/www.anovapeneira.gal\/wp-content\/uploads\/2020\/11\/marcha_mundial_das_mulleres.jpg","type":"image\/jpeg"}],"author":"Artigos Opini\u00f3n","twitter_card":"summary_large_image","twitter_creator":"@APeneira","twitter_site":"@APeneira","twitter_misc":{"Escrito por":"Artigos Opini\u00f3n","Tempo de lectura":"5 minutos"},"schema":{"@context":"https:\/\/schema.org","@graph":[{"@type":"Article","@id":"https:\/\/www.anovapeneira.gal\/index.php\/2020\/11\/13\/a-pobreza-ten-faciana-de-muller\/#article","isPartOf":{"@id":"https:\/\/www.anovapeneira.gal\/index.php\/2020\/11\/13\/a-pobreza-ten-faciana-de-muller\/"},"author":{"name":"Artigos Opini\u00f3n","@id":"https:\/\/www.anovapeneira.gal\/#\/schema\/person\/f18a4feb302e8f20bcef4490b5b60bb3"},"headline":"A Pobreza ten faciana de muller","datePublished":"2020-11-13T09:00:53+00:00","mainEntityOfPage":{"@id":"https:\/\/www.anovapeneira.gal\/index.php\/2020\/11\/13\/a-pobreza-ten-faciana-de-muller\/"},"wordCount":911,"commentCount":0,"publisher":{"@id":"https:\/\/www.anovapeneira.gal\/#organization"},"image":{"@id":"https:\/\/www.anovapeneira.gal\/index.php\/2020\/11\/13\/a-pobreza-ten-faciana-de-muller\/#primaryimage"},"thumbnailUrl":"https:\/\/www.anovapeneira.gal\/wp-content\/uploads\/2020\/11\/marcha_mundial_das_mulleres.jpg","articleSection":["Artigos de opini\u00f3n"],"inLanguage":"gl-ES","potentialAction":[{"@type":"CommentAction","name":"Comment","target":["https:\/\/www.anovapeneira.gal\/index.php\/2020\/11\/13\/a-pobreza-ten-faciana-de-muller\/#respond"]}]},{"@type":"WebPage","@id":"https:\/\/www.anovapeneira.gal\/index.php\/2020\/11\/13\/a-pobreza-ten-faciana-de-muller\/","url":"https:\/\/www.anovapeneira.gal\/index.php\/2020\/11\/13\/a-pobreza-ten-faciana-de-muller\/","name":"A Pobreza ten faciana de muller -","isPartOf":{"@id":"https:\/\/www.anovapeneira.gal\/#website"},"primaryImageOfPage":{"@id":"https:\/\/www.anovapeneira.gal\/index.php\/2020\/11\/13\/a-pobreza-ten-faciana-de-muller\/#primaryimage"},"image":{"@id":"https:\/\/www.anovapeneira.gal\/index.php\/2020\/11\/13\/a-pobreza-ten-faciana-de-muller\/#primaryimage"},"thumbnailUrl":"https:\/\/www.anovapeneira.gal\/wp-content\/uploads\/2020\/11\/marcha_mundial_das_mulleres.jpg","datePublished":"2020-11-13T09:00:53+00:00","breadcrumb":{"@id":"https:\/\/www.anovapeneira.gal\/index.php\/2020\/11\/13\/a-pobreza-ten-faciana-de-muller\/#breadcrumb"},"inLanguage":"gl-ES","potentialAction":[{"@type":"ReadAction","target":["https:\/\/www.anovapeneira.gal\/index.php\/2020\/11\/13\/a-pobreza-ten-faciana-de-muller\/"]}]},{"@type":"ImageObject","inLanguage":"gl-ES","@id":"https:\/\/www.anovapeneira.gal\/index.php\/2020\/11\/13\/a-pobreza-ten-faciana-de-muller\/#primaryimage","url":"https:\/\/www.anovapeneira.gal\/wp-content\/uploads\/2020\/11\/marcha_mundial_das_mulleres.jpg","contentUrl":"https:\/\/www.anovapeneira.gal\/wp-content\/uploads\/2020\/11\/marcha_mundial_das_mulleres.jpg","width":720,"height":432,"caption":"COORDINADORA GALEGA DA MARCHA MUNDIAL DAS MULLERES"},{"@type":"BreadcrumbList","@id":"https:\/\/www.anovapeneira.gal\/index.php\/2020\/11\/13\/a-pobreza-ten-faciana-de-muller\/#breadcrumb","itemListElement":[{"@type":"ListItem","position":1,"name":"Portada","item":"https:\/\/www.anovapeneira.gal\/"},{"@type":"ListItem","position":2,"name":"A Pobreza ten faciana de muller"}]},{"@type":"WebSite","@id":"https:\/\/www.anovapeneira.gal\/#website","url":"https:\/\/www.anovapeneira.gal\/","name":"","description":"Xornal galego de informaci\u00f3n xeral Publicaci\u00f3n mensual de novas de Galicia e en especial dos Concellos da sur da provincia de Pontevedra.","publisher":{"@id":"https:\/\/www.anovapeneira.gal\/#organization"},"potentialAction":[{"@type":"SearchAction","target":{"@type":"EntryPoint","urlTemplate":"https:\/\/www.anovapeneira.gal\/?s={search_term_string}"},"query-input":{"@type":"PropertyValueSpecification","valueRequired":true,"valueName":"search_term_string"}}],"inLanguage":"gl-ES"},{"@type":"Organization","@id":"https:\/\/www.anovapeneira.gal\/#organization","name":"A Nova Peneira","url":"https:\/\/www.anovapeneira.gal\/","logo":{"@type":"ImageObject","inLanguage":"gl-ES","@id":"https:\/\/www.anovapeneira.gal\/#\/schema\/logo\/image\/","url":"http:\/\/www.anovapeneira.gal\/wp-content\/uploads\/2019\/06\/logo_a_nova_peneira_portal_web.png","contentUrl":"http:\/\/www.anovapeneira.gal\/wp-content\/uploads\/2019\/06\/logo_a_nova_peneira_portal_web.png","width":300,"height":100,"caption":"A Nova Peneira"},"image":{"@id":"https:\/\/www.anovapeneira.gal\/#\/schema\/logo\/image\/"},"sameAs":["https:\/\/www.facebook.com\/anovapeneira","https:\/\/x.com\/APeneira"]},{"@type":"Person","@id":"https:\/\/www.anovapeneira.gal\/#\/schema\/person\/f18a4feb302e8f20bcef4490b5b60bb3","name":"Artigos Opini\u00f3n","image":{"@type":"ImageObject","inLanguage":"gl-ES","@id":"https:\/\/secure.gravatar.com\/avatar\/072844300f4881150aee2da4278f7a65d16eefdf8262eb67085f1e702de2b959?s=96&d=mm&r=g","url":"https:\/\/secure.gravatar.com\/avatar\/072844300f4881150aee2da4278f7a65d16eefdf8262eb67085f1e702de2b959?s=96&d=mm&r=g","contentUrl":"https:\/\/secure.gravatar.com\/avatar\/072844300f4881150aee2da4278f7a65d16eefdf8262eb67085f1e702de2b959?s=96&d=mm&r=g","caption":"Artigos Opini\u00f3n"},"sameAs":["http:\/\/anovapeneira.gal"],"url":"https:\/\/www.anovapeneira.gal\/index.php\/author\/artigosopinion\/"}]}},"jetpack_featured_media_url":"https:\/\/www.anovapeneira.gal\/wp-content\/uploads\/2020\/11\/marcha_mundial_das_mulleres.jpg","_links":{"self":[{"href":"https:\/\/www.anovapeneira.gal\/index.php\/wp-json\/wp\/v2\/posts\/4264","targetHints":{"allow":["GET"]}}],"collection":[{"href":"https:\/\/www.anovapeneira.gal\/index.php\/wp-json\/wp\/v2\/posts"}],"about":[{"href":"https:\/\/www.anovapeneira.gal\/index.php\/wp-json\/wp\/v2\/types\/post"}],"author":[{"embeddable":true,"href":"https:\/\/www.anovapeneira.gal\/index.php\/wp-json\/wp\/v2\/users\/12"}],"replies":[{"embeddable":true,"href":"https:\/\/www.anovapeneira.gal\/index.php\/wp-json\/wp\/v2\/comments?post=4264"}],"version-history":[{"count":1,"href":"https:\/\/www.anovapeneira.gal\/index.php\/wp-json\/wp\/v2\/posts\/4264\/revisions"}],"predecessor-version":[{"id":4266,"href":"https:\/\/www.anovapeneira.gal\/index.php\/wp-json\/wp\/v2\/posts\/4264\/revisions\/4266"}],"wp:featuredmedia":[{"embeddable":true,"href":"https:\/\/www.anovapeneira.gal\/index.php\/wp-json\/wp\/v2\/media\/4265"}],"wp:attachment":[{"href":"https:\/\/www.anovapeneira.gal\/index.php\/wp-json\/wp\/v2\/media?parent=4264"}],"wp:term":[{"taxonomy":"category","embeddable":true,"href":"https:\/\/www.anovapeneira.gal\/index.php\/wp-json\/wp\/v2\/categories?post=4264"},{"taxonomy":"post_tag","embeddable":true,"href":"https:\/\/www.anovapeneira.gal\/index.php\/wp-json\/wp\/v2\/tags?post=4264"}],"curies":[{"name":"wp","href":"https:\/\/api.w.org\/{rel}","templated":true}]}}