{"id":4267,"date":"2020-11-13T12:00:06","date_gmt":"2020-11-13T11:00:06","guid":{"rendered":"http:\/\/www.anovapeneira.gal\/?p=4267"},"modified":"2020-11-08T20:02:25","modified_gmt":"2020-11-08T19:02:25","slug":"chega-as-librarias-a-iii-entrega-da-saga-de-novela-negravicus-do-escritor-vigues-beto-luaces","status":"publish","type":"post","link":"https:\/\/www.anovapeneira.gal\/index.php\/2020\/11\/13\/chega-as-librarias-a-iii-entrega-da-saga-de-novela-negravicus-do-escritor-vigues-beto-luaces\/","title":{"rendered":"Chega as librar\u00edas a III entrega da saga de novela negra\u201dVicus\u201d do escritor vigu\u00e9s Beto Luaces"},"content":{"rendered":"\n<h2 class=\"wp-block-heading\"><strong>O noso amigo Beto Luaces ven de publicar a III entrega da s\u00faa serie de novela negra VICUS. Desta volta leva por t\u00edtulo \u201cUN LUGAR AFASTADO\u201d.Sen d\u00fabida un regalo moi apropiado para estas festas deste nadal at\u00edpico. Novela negra de grande calidade na que o escritor desenvolve unha trama de elevada intensidade narrativa cuxa tensi\u00f3n dram\u00e1tica non deixa a ningu\u00e9n indiferente.Neste momento as restricci\u00f3ns sanitarias impedironos tomar un caf\u00e9 con BETO, pero foi un pracer conversar novamente con el<\/strong><\/h2>\n\n\n\n<p><strong>BETO LUACES<\/strong><\/p>\n\n\n\n<p>\u201c<strong>ESTOU AGRADECIDO E EMOCIONADO POLA ACOLLIDA QUE EST\u00c1N A TER AS MI\u00d1AS NOVELAS\u201d<\/strong><\/p>\n\n\n\n<p><strong>Xa temos a terceira entrega de Vicus, verdade?<\/strong><\/p>\n\n\n\n<blockquote class=\"wp-block-quote is-layout-flow wp-block-quote-is-layout-flow\"><p>Pois si, acabamos de publicala. Desta volta tit\u00falase \u201cUn lugar afastado\u201d.Seguimos co mesmo protagonista , Manuel Peixoto, un detective privado vigu\u00e9s.<\/p><\/blockquote>\n\n\n\n<p><strong>Os espazos nos que se desenvolve a trama son os mesmos?<\/strong><\/p>\n\n\n\n<blockquote class=\"wp-block-quote is-layout-flow wp-block-quote-is-layout-flow\"><p>Si, a cidade de Vigo e a Serra do Suido. Eses son os territorios principais malia que en cada libro aparecen alg\u00fans territorios secundarios<\/p><\/blockquote>\n\n\n\n<p><strong>A novela est\u00e1 nas librar\u00edas?<\/strong><\/p>\n\n\n\n<blockquote class=\"wp-block-quote is-layout-flow wp-block-quote-is-layout-flow\"><p>Acaba de comezar a distribuci\u00f3n. Eu penso que arredor do 10\/12 deste mes de novembro xa estar\u00e1 en todas as librar\u00edas<\/p><\/blockquote>\n\n\n\n<p><strong>O protagonista desta teceira parte \u00e9 o mesmo que o da segunda, pero non que o da primeira?<\/strong><\/p>\n\n\n\n<blockquote class=\"wp-block-quote is-layout-flow wp-block-quote-is-layout-flow\"><p>Si, no primeiro libro o protagonista era un arquitecto que deixou paso no segundo e neste que acabamos de publicar ao detective Manuel Peixoto<\/p><\/blockquote>\n\n\n\n<p><strong>Nesta terceira parte, o arquitecto Sen\u00e9n Barreiro xa desapareceu ou a\u00ednda ten alg\u00fan papel?<\/strong><\/p>\n\n\n\n<blockquote class=\"wp-block-quote is-layout-flow wp-block-quote-is-layout-flow\"><p>Non desapareceu, segue a ter un papel, a\u00ednda que secundario, moi importante. \u00c9 amigo do detective e ax\u00fadalle na resoluci\u00f3n dos casos<\/p><\/blockquote>\n\n\n\n<p><strong>Co\u00f1ec\u00e9ndote como te co\u00f1ezo e sen ter lido esta 3\u00ba parte a\u00ednda, si as d\u00faas primeiras, te\u00f1o a sensaci\u00f3n de que o final de \u201cUn lugar afastado\u201d non \u00e9 un final pechado?<\/strong><\/p>\n\n\n\n<blockquote class=\"wp-block-quote is-layout-flow wp-block-quote-is-layout-flow\"><p>Non, efectivamente non est\u00e1 pechado o final. De feito a mi\u00f1a idea \u00e9 superar a trilox\u00eda<\/p><\/blockquote>\n\n\n\n<p><strong>E tes algo na mente xa para pensar na tetralox\u00eda?<\/strong><\/p>\n\n\n\n<blockquote class=\"wp-block-quote is-layout-flow wp-block-quote-is-layout-flow\"><p>Si, xa estou a traballar nun cuarto libro<\/p><\/blockquote>\n\n\n\n<p><strong>Xa\u00a1\u00a1\u00a1 mi\u00f1a nai pero ti non paras Beto\u00a1\u00a1<\/strong><\/p>\n\n\n\n<blockquote class=\"wp-block-quote is-layout-flow wp-block-quote-is-layout-flow\"><p>Ben, pero a\u00ednda est\u00e1 por ver que o remate, que me guste a min e que tam\u00e9n lle guste \u00e1 editorial<\/p><\/blockquote>\n\n\n\n<p><strong>Din que os homes non temos capacidade para facer d\u00faas cousas a un mesmo tempo, eu polo menos non a te\u00f1o, pero ti que estabas coa man esquerda rematando a terceira parte, e coa dereita iniciando a cuarta?<\/strong><\/p>\n\n\n\n<blockquote class=\"wp-block-quote is-layout-flow wp-block-quote-is-layout-flow\"><p>Ha ha ha ha .Ben, sabes que os escritores nunca paramos e eu conf\u00edo en que cheguemos ao cuarto polo menos<\/p><\/blockquote>\n\n\n\n<p><strong>A valoraci\u00f3n da repercusi\u00f3n das d\u00faas primeiras partes?<\/strong><\/p>\n\n\n\n<blockquote class=\"wp-block-quote is-layout-flow wp-block-quote-is-layout-flow\"><p>Enormemente positiva. Estou moi satisfeito, emocionado e agradecido pola acollida que tiveron as d\u00faas primeiras partes de VICUS<\/p><\/blockquote>\n\n\n\n<p><strong>\u00c9 posible ler \u201cUn lugar afastado\u201d sen ter lido as d\u00faas entregas iniciais\u201d?<\/strong><\/p>\n\n\n\n<blockquote class=\"wp-block-quote is-layout-flow wp-block-quote-is-layout-flow\"><p>Si, son historias independentes a\u00ednda que ao ser unha saga , se se pode, eu recomend\u00f3 comezar polo principio para poder comprobar a evoluci\u00f3n dos personaxes<\/p><\/blockquote>\n\n\n\n<p><strong>Que expectativas tes para a terceira novela que acaba de sa\u00edr ao mercado?<\/strong><\/p>\n\n\n\n<blockquote class=\"wp-block-quote is-layout-flow wp-block-quote-is-layout-flow\"><p>Se tivera a repercusi\u00f3n dos dous primeiros eu quedar\u00eda moi contento.O que me chega a min \u00e9 que exist\u00eda expectaci\u00f3n nos lectores pola s\u00faa aparici\u00f3n e a verdade eu estou moi ilusionado<\/p><\/blockquote>\n\n\n\n<p><strong>Hai alg\u00fan tipo de patr\u00f3n na tipolox\u00eda xeral do lector de VICUS?<\/strong><\/p>\n\n\n\n<blockquote class=\"wp-block-quote is-layout-flow wp-block-quote-is-layout-flow\"><p>Non eu creo que non. Temos lectores de todo tipo<\/p><\/blockquote>\n\n\n\n<p><strong>Rematamos Beto. Para cando VICUS no cinema?<\/strong><\/p>\n\n\n\n<blockquote class=\"wp-block-quote is-layout-flow wp-block-quote-is-layout-flow\"><p>Eu estar\u00eda encantado claro. Se unha productora se animase eu ser\u00eda feliz,<\/p><\/blockquote>\n","protected":false},"excerpt":{"rendered":"<div class=\"mh-excerpt\"><p>O noso amigo Beto Luaces ven de publicar a III entrega da s\u00faa serie de novela negra VICUS. Desta volta leva por t\u00edtulo \u201cUN LUGAR AFASTADO\u201d.Sen d\u00fabida un regalo moi apropiado para estas festas deste nadal at\u00edpico. Novela negra de grande calidade na que o escritor desenvolve unha trama de elevada intensidade narrativa cuxa tensi\u00f3n dram\u00e1tica non deixa a ningu\u00e9n  indiferente <a class=\"mh-excerpt-more\" href=\"https:\/\/www.anovapeneira.gal\/index.php\/2020\/11\/13\/chega-as-librarias-a-iii-entrega-da-saga-de-novela-negravicus-do-escritor-vigues-beto-luaces\/\" title=\"Chega as librar\u00edas a III entrega da saga de novela negra\u201dVicus\u201d do escritor vigu\u00e9s Beto Luaces\">[&#8230;]<\/a><\/p>\n<\/div>","protected":false},"author":3,"featured_media":4268,"comment_status":"open","ping_status":"open","sticky":false,"template":"","format":"standard","meta":{"_exactmetrics_skip_tracking":false,"_exactmetrics_sitenote_active":false,"_exactmetrics_sitenote_note":"","_exactmetrics_sitenote_category":0,"footnotes":""},"categories":[272],"tags":[227],"class_list":{"0":"post-4267","1":"post","2":"type-post","3":"status-publish","4":"format-standard","5":"has-post-thumbnail","7":"category-vigo-entrevistas","8":"tag-concello-de-vigo"},"yoast_head":"<!-- This site is optimized with the Yoast SEO plugin v27.4 - https:\/\/yoast.com\/product\/yoast-seo-wordpress\/ -->\n<title>Chega as librar\u00edas a III entrega da saga de novela negra\u201dVicus\u201d do escritor vigu\u00e9s Beto Luaces -<\/title>\n<meta name=\"description\" content=\"O noso amigo Beto Luaces ven de publicar a III entrega da s\u00faa serie de novela negra VICUS. Desta volta leva por t\u00edtulo \u201cUN LUGAR AFASTADO\u201d.Sen d\u00fabida un regalo moi apropiado para estas festas deste nadal at\u00edpico. Novela negra de grande calidade na que o escritor desenvolve unha trama de elevada intensidade narrativa cuxa tensi\u00f3n dram\u00e1tica non deixa a ningu\u00e9n indiferente\" \/>\n<meta name=\"robots\" content=\"index, follow, max-snippet:-1, max-image-preview:large, max-video-preview:-1\" \/>\n<link rel=\"canonical\" href=\"https:\/\/www.anovapeneira.gal\/index.php\/2020\/11\/13\/chega-as-librarias-a-iii-entrega-da-saga-de-novela-negravicus-do-escritor-vigues-beto-luaces\/\" \/>\n<meta property=\"og:locale\" content=\"gl_ES\" \/>\n<meta property=\"og:type\" content=\"article\" \/>\n<meta property=\"og:title\" content=\"Chega as librar\u00edas a III entrega da saga de novela negra\u201dVicus\u201d do escritor vigu\u00e9s Beto Luaces -\" \/>\n<meta property=\"og:description\" content=\"O noso amigo Beto Luaces ven de publicar a III entrega da s\u00faa serie de novela negra VICUS. Desta volta leva por t\u00edtulo \u201cUN LUGAR AFASTADO\u201d.Sen d\u00fabida un regalo moi apropiado para estas festas deste nadal at\u00edpico. Novela negra de grande calidade na que o escritor desenvolve unha trama de elevada intensidade narrativa cuxa tensi\u00f3n dram\u00e1tica non deixa a ningu\u00e9n indiferente\" \/>\n<meta property=\"og:url\" content=\"https:\/\/www.anovapeneira.gal\/index.php\/2020\/11\/13\/chega-as-librarias-a-iii-entrega-da-saga-de-novela-negravicus-do-escritor-vigues-beto-luaces\/\" \/>\n<meta property=\"article:publisher\" content=\"https:\/\/www.facebook.com\/anovapeneira\" \/>\n<meta property=\"article:published_time\" content=\"2020-11-13T11:00:06+00:00\" \/>\n<meta property=\"og:image\" content=\"https:\/\/www.anovapeneira.gal\/wp-content\/uploads\/2020\/11\/Beto_luaces_vicus_3.jpg\" \/>\n\t<meta property=\"og:image:width\" content=\"720\" \/>\n\t<meta property=\"og:image:height\" content=\"432\" \/>\n\t<meta property=\"og:image:type\" content=\"image\/jpeg\" \/>\n<meta name=\"author\" content=\"Redacci\u00f3n A Nova Peneira\" \/>\n<meta name=\"twitter:card\" content=\"summary_large_image\" \/>\n<meta name=\"twitter:creator\" content=\"@APeneira\" \/>\n<meta name=\"twitter:site\" content=\"@APeneira\" \/>\n<meta name=\"twitter:label1\" content=\"Escrito por\" \/>\n\t<meta name=\"twitter:data1\" content=\"Redacci\u00f3n A Nova Peneira\" \/>\n\t<meta name=\"twitter:label2\" content=\"Tempo de lectura\" \/>\n\t<meta name=\"twitter:data2\" content=\"3 minutos\" \/>\n<script type=\"application\/ld+json\" class=\"yoast-schema-graph\">{\"@context\":\"https:\\\/\\\/schema.org\",\"@graph\":[{\"@type\":\"Article\",\"@id\":\"https:\\\/\\\/www.anovapeneira.gal\\\/index.php\\\/2020\\\/11\\\/13\\\/chega-as-librarias-a-iii-entrega-da-saga-de-novela-negravicus-do-escritor-vigues-beto-luaces\\\/#article\",\"isPartOf\":{\"@id\":\"https:\\\/\\\/www.anovapeneira.gal\\\/index.php\\\/2020\\\/11\\\/13\\\/chega-as-librarias-a-iii-entrega-da-saga-de-novela-negravicus-do-escritor-vigues-beto-luaces\\\/\"},\"author\":{\"name\":\"Redacci\u00f3n A Nova Peneira\",\"@id\":\"https:\\\/\\\/www.anovapeneira.gal\\\/#\\\/schema\\\/person\\\/b93e3f8932e3f8da96334607eb6ac6aa\"},\"headline\":\"Chega as librar\u00edas a III entrega da saga de novela negra\u201dVicus\u201d do escritor vigu\u00e9s Beto Luaces\",\"datePublished\":\"2020-11-13T11:00:06+00:00\",\"mainEntityOfPage\":{\"@id\":\"https:\\\/\\\/www.anovapeneira.gal\\\/index.php\\\/2020\\\/11\\\/13\\\/chega-as-librarias-a-iii-entrega-da-saga-de-novela-negravicus-do-escritor-vigues-beto-luaces\\\/\"},\"wordCount\":636,\"commentCount\":0,\"publisher\":{\"@id\":\"https:\\\/\\\/www.anovapeneira.gal\\\/#organization\"},\"image\":{\"@id\":\"https:\\\/\\\/www.anovapeneira.gal\\\/index.php\\\/2020\\\/11\\\/13\\\/chega-as-librarias-a-iii-entrega-da-saga-de-novela-negravicus-do-escritor-vigues-beto-luaces\\\/#primaryimage\"},\"thumbnailUrl\":\"https:\\\/\\\/www.anovapeneira.gal\\\/wp-content\\\/uploads\\\/2020\\\/11\\\/Beto_luaces_vicus_3.jpg\",\"keywords\":[\"Concello de Vigo\"],\"articleSection\":[\"Vigo\"],\"inLanguage\":\"gl-ES\",\"potentialAction\":[{\"@type\":\"CommentAction\",\"name\":\"Comment\",\"target\":[\"https:\\\/\\\/www.anovapeneira.gal\\\/index.php\\\/2020\\\/11\\\/13\\\/chega-as-librarias-a-iii-entrega-da-saga-de-novela-negravicus-do-escritor-vigues-beto-luaces\\\/#respond\"]}]},{\"@type\":\"WebPage\",\"@id\":\"https:\\\/\\\/www.anovapeneira.gal\\\/index.php\\\/2020\\\/11\\\/13\\\/chega-as-librarias-a-iii-entrega-da-saga-de-novela-negravicus-do-escritor-vigues-beto-luaces\\\/\",\"url\":\"https:\\\/\\\/www.anovapeneira.gal\\\/index.php\\\/2020\\\/11\\\/13\\\/chega-as-librarias-a-iii-entrega-da-saga-de-novela-negravicus-do-escritor-vigues-beto-luaces\\\/\",\"name\":\"Chega as librar\u00edas a III entrega da saga de novela negra\u201dVicus\u201d do escritor vigu\u00e9s Beto Luaces -\",\"isPartOf\":{\"@id\":\"https:\\\/\\\/www.anovapeneira.gal\\\/#website\"},\"primaryImageOfPage\":{\"@id\":\"https:\\\/\\\/www.anovapeneira.gal\\\/index.php\\\/2020\\\/11\\\/13\\\/chega-as-librarias-a-iii-entrega-da-saga-de-novela-negravicus-do-escritor-vigues-beto-luaces\\\/#primaryimage\"},\"image\":{\"@id\":\"https:\\\/\\\/www.anovapeneira.gal\\\/index.php\\\/2020\\\/11\\\/13\\\/chega-as-librarias-a-iii-entrega-da-saga-de-novela-negravicus-do-escritor-vigues-beto-luaces\\\/#primaryimage\"},\"thumbnailUrl\":\"https:\\\/\\\/www.anovapeneira.gal\\\/wp-content\\\/uploads\\\/2020\\\/11\\\/Beto_luaces_vicus_3.jpg\",\"datePublished\":\"2020-11-13T11:00:06+00:00\",\"description\":\"O noso amigo Beto Luaces ven de publicar a III entrega da s\u00faa serie de novela negra VICUS. Desta volta leva por t\u00edtulo \u201cUN LUGAR AFASTADO\u201d.Sen d\u00fabida un regalo moi apropiado para estas festas deste nadal at\u00edpico. Novela negra de grande calidade na que o escritor desenvolve unha trama de elevada intensidade narrativa cuxa tensi\u00f3n dram\u00e1tica non deixa a ningu\u00e9n indiferente\",\"breadcrumb\":{\"@id\":\"https:\\\/\\\/www.anovapeneira.gal\\\/index.php\\\/2020\\\/11\\\/13\\\/chega-as-librarias-a-iii-entrega-da-saga-de-novela-negravicus-do-escritor-vigues-beto-luaces\\\/#breadcrumb\"},\"inLanguage\":\"gl-ES\",\"potentialAction\":[{\"@type\":\"ReadAction\",\"target\":[\"https:\\\/\\\/www.anovapeneira.gal\\\/index.php\\\/2020\\\/11\\\/13\\\/chega-as-librarias-a-iii-entrega-da-saga-de-novela-negravicus-do-escritor-vigues-beto-luaces\\\/\"]}]},{\"@type\":\"ImageObject\",\"inLanguage\":\"gl-ES\",\"@id\":\"https:\\\/\\\/www.anovapeneira.gal\\\/index.php\\\/2020\\\/11\\\/13\\\/chega-as-librarias-a-iii-entrega-da-saga-de-novela-negravicus-do-escritor-vigues-beto-luaces\\\/#primaryimage\",\"url\":\"https:\\\/\\\/www.anovapeneira.gal\\\/wp-content\\\/uploads\\\/2020\\\/11\\\/Beto_luaces_vicus_3.jpg\",\"contentUrl\":\"https:\\\/\\\/www.anovapeneira.gal\\\/wp-content\\\/uploads\\\/2020\\\/11\\\/Beto_luaces_vicus_3.jpg\",\"width\":720,\"height\":432,\"caption\":\"Beto Luaces\"},{\"@type\":\"BreadcrumbList\",\"@id\":\"https:\\\/\\\/www.anovapeneira.gal\\\/index.php\\\/2020\\\/11\\\/13\\\/chega-as-librarias-a-iii-entrega-da-saga-de-novela-negravicus-do-escritor-vigues-beto-luaces\\\/#breadcrumb\",\"itemListElement\":[{\"@type\":\"ListItem\",\"position\":1,\"name\":\"Portada\",\"item\":\"https:\\\/\\\/www.anovapeneira.gal\\\/\"},{\"@type\":\"ListItem\",\"position\":2,\"name\":\"Chega as librar\u00edas a III entrega da saga de novela negra\u201dVicus\u201d do escritor vigu\u00e9s Beto Luaces\"}]},{\"@type\":\"WebSite\",\"@id\":\"https:\\\/\\\/www.anovapeneira.gal\\\/#website\",\"url\":\"https:\\\/\\\/www.anovapeneira.gal\\\/\",\"name\":\"\",\"description\":\"Xornal galego de informaci\u00f3n xeral Publicaci\u00f3n mensual de novas de Galicia e en especial dos Concellos da sur da provincia de Pontevedra.\",\"publisher\":{\"@id\":\"https:\\\/\\\/www.anovapeneira.gal\\\/#organization\"},\"potentialAction\":[{\"@type\":\"SearchAction\",\"target\":{\"@type\":\"EntryPoint\",\"urlTemplate\":\"https:\\\/\\\/www.anovapeneira.gal\\\/?s={search_term_string}\"},\"query-input\":{\"@type\":\"PropertyValueSpecification\",\"valueRequired\":true,\"valueName\":\"search_term_string\"}}],\"inLanguage\":\"gl-ES\"},{\"@type\":\"Organization\",\"@id\":\"https:\\\/\\\/www.anovapeneira.gal\\\/#organization\",\"name\":\"A Nova Peneira\",\"url\":\"https:\\\/\\\/www.anovapeneira.gal\\\/\",\"logo\":{\"@type\":\"ImageObject\",\"inLanguage\":\"gl-ES\",\"@id\":\"https:\\\/\\\/www.anovapeneira.gal\\\/#\\\/schema\\\/logo\\\/image\\\/\",\"url\":\"http:\\\/\\\/www.anovapeneira.gal\\\/wp-content\\\/uploads\\\/2019\\\/06\\\/logo_a_nova_peneira_portal_web.png\",\"contentUrl\":\"http:\\\/\\\/www.anovapeneira.gal\\\/wp-content\\\/uploads\\\/2019\\\/06\\\/logo_a_nova_peneira_portal_web.png\",\"width\":300,\"height\":100,\"caption\":\"A Nova Peneira\"},\"image\":{\"@id\":\"https:\\\/\\\/www.anovapeneira.gal\\\/#\\\/schema\\\/logo\\\/image\\\/\"},\"sameAs\":[\"https:\\\/\\\/www.facebook.com\\\/anovapeneira\",\"https:\\\/\\\/x.com\\\/APeneira\"]},{\"@type\":\"Person\",\"@id\":\"https:\\\/\\\/www.anovapeneira.gal\\\/#\\\/schema\\\/person\\\/b93e3f8932e3f8da96334607eb6ac6aa\",\"name\":\"Redacci\u00f3n A Nova Peneira\",\"image\":{\"@type\":\"ImageObject\",\"inLanguage\":\"gl-ES\",\"@id\":\"https:\\\/\\\/secure.gravatar.com\\\/avatar\\\/c052a2551a06e23fac63626232eaa90abd78dbcf1700fc46a2b2c89fd27b735f?s=96&d=mm&r=g\",\"url\":\"https:\\\/\\\/secure.gravatar.com\\\/avatar\\\/c052a2551a06e23fac63626232eaa90abd78dbcf1700fc46a2b2c89fd27b735f?s=96&d=mm&r=g\",\"contentUrl\":\"https:\\\/\\\/secure.gravatar.com\\\/avatar\\\/c052a2551a06e23fac63626232eaa90abd78dbcf1700fc46a2b2c89fd27b735f?s=96&d=mm&r=g\",\"caption\":\"Redacci\u00f3n A Nova Peneira\"},\"sameAs\":[\"http:\\\/\\\/www.anovapeneira.gal\\\/\"],\"url\":\"https:\\\/\\\/www.anovapeneira.gal\\\/index.php\\\/author\\\/redactor\\\/\"}]}<\/script>\n<!-- \/ Yoast SEO plugin. -->","yoast_head_json":{"title":"Chega as librar\u00edas a III entrega da saga de novela negra\u201dVicus\u201d do escritor vigu\u00e9s Beto Luaces -","description":"O noso amigo Beto Luaces ven de publicar a III entrega da s\u00faa serie de novela negra VICUS. Desta volta leva por t\u00edtulo \u201cUN LUGAR AFASTADO\u201d.Sen d\u00fabida un regalo moi apropiado para estas festas deste nadal at\u00edpico. Novela negra de grande calidade na que o escritor desenvolve unha trama de elevada intensidade narrativa cuxa tensi\u00f3n dram\u00e1tica non deixa a ningu\u00e9n indiferente","robots":{"index":"index","follow":"follow","max-snippet":"max-snippet:-1","max-image-preview":"max-image-preview:large","max-video-preview":"max-video-preview:-1"},"canonical":"https:\/\/www.anovapeneira.gal\/index.php\/2020\/11\/13\/chega-as-librarias-a-iii-entrega-da-saga-de-novela-negravicus-do-escritor-vigues-beto-luaces\/","og_locale":"gl_ES","og_type":"article","og_title":"Chega as librar\u00edas a III entrega da saga de novela negra\u201dVicus\u201d do escritor vigu\u00e9s Beto Luaces -","og_description":"O noso amigo Beto Luaces ven de publicar a III entrega da s\u00faa serie de novela negra VICUS. Desta volta leva por t\u00edtulo \u201cUN LUGAR AFASTADO\u201d.Sen d\u00fabida un regalo moi apropiado para estas festas deste nadal at\u00edpico. Novela negra de grande calidade na que o escritor desenvolve unha trama de elevada intensidade narrativa cuxa tensi\u00f3n dram\u00e1tica non deixa a ningu\u00e9n indiferente","og_url":"https:\/\/www.anovapeneira.gal\/index.php\/2020\/11\/13\/chega-as-librarias-a-iii-entrega-da-saga-de-novela-negravicus-do-escritor-vigues-beto-luaces\/","article_publisher":"https:\/\/www.facebook.com\/anovapeneira","article_published_time":"2020-11-13T11:00:06+00:00","og_image":[{"width":720,"height":432,"url":"https:\/\/www.anovapeneira.gal\/wp-content\/uploads\/2020\/11\/Beto_luaces_vicus_3.jpg","type":"image\/jpeg"}],"author":"Redacci\u00f3n A Nova Peneira","twitter_card":"summary_large_image","twitter_creator":"@APeneira","twitter_site":"@APeneira","twitter_misc":{"Escrito por":"Redacci\u00f3n A Nova Peneira","Tempo de lectura":"3 minutos"},"schema":{"@context":"https:\/\/schema.org","@graph":[{"@type":"Article","@id":"https:\/\/www.anovapeneira.gal\/index.php\/2020\/11\/13\/chega-as-librarias-a-iii-entrega-da-saga-de-novela-negravicus-do-escritor-vigues-beto-luaces\/#article","isPartOf":{"@id":"https:\/\/www.anovapeneira.gal\/index.php\/2020\/11\/13\/chega-as-librarias-a-iii-entrega-da-saga-de-novela-negravicus-do-escritor-vigues-beto-luaces\/"},"author":{"name":"Redacci\u00f3n A Nova Peneira","@id":"https:\/\/www.anovapeneira.gal\/#\/schema\/person\/b93e3f8932e3f8da96334607eb6ac6aa"},"headline":"Chega as librar\u00edas a III entrega da saga de novela negra\u201dVicus\u201d do escritor vigu\u00e9s Beto Luaces","datePublished":"2020-11-13T11:00:06+00:00","mainEntityOfPage":{"@id":"https:\/\/www.anovapeneira.gal\/index.php\/2020\/11\/13\/chega-as-librarias-a-iii-entrega-da-saga-de-novela-negravicus-do-escritor-vigues-beto-luaces\/"},"wordCount":636,"commentCount":0,"publisher":{"@id":"https:\/\/www.anovapeneira.gal\/#organization"},"image":{"@id":"https:\/\/www.anovapeneira.gal\/index.php\/2020\/11\/13\/chega-as-librarias-a-iii-entrega-da-saga-de-novela-negravicus-do-escritor-vigues-beto-luaces\/#primaryimage"},"thumbnailUrl":"https:\/\/www.anovapeneira.gal\/wp-content\/uploads\/2020\/11\/Beto_luaces_vicus_3.jpg","keywords":["Concello de Vigo"],"articleSection":["Vigo"],"inLanguage":"gl-ES","potentialAction":[{"@type":"CommentAction","name":"Comment","target":["https:\/\/www.anovapeneira.gal\/index.php\/2020\/11\/13\/chega-as-librarias-a-iii-entrega-da-saga-de-novela-negravicus-do-escritor-vigues-beto-luaces\/#respond"]}]},{"@type":"WebPage","@id":"https:\/\/www.anovapeneira.gal\/index.php\/2020\/11\/13\/chega-as-librarias-a-iii-entrega-da-saga-de-novela-negravicus-do-escritor-vigues-beto-luaces\/","url":"https:\/\/www.anovapeneira.gal\/index.php\/2020\/11\/13\/chega-as-librarias-a-iii-entrega-da-saga-de-novela-negravicus-do-escritor-vigues-beto-luaces\/","name":"Chega as librar\u00edas a III entrega da saga de novela negra\u201dVicus\u201d do escritor vigu\u00e9s Beto Luaces -","isPartOf":{"@id":"https:\/\/www.anovapeneira.gal\/#website"},"primaryImageOfPage":{"@id":"https:\/\/www.anovapeneira.gal\/index.php\/2020\/11\/13\/chega-as-librarias-a-iii-entrega-da-saga-de-novela-negravicus-do-escritor-vigues-beto-luaces\/#primaryimage"},"image":{"@id":"https:\/\/www.anovapeneira.gal\/index.php\/2020\/11\/13\/chega-as-librarias-a-iii-entrega-da-saga-de-novela-negravicus-do-escritor-vigues-beto-luaces\/#primaryimage"},"thumbnailUrl":"https:\/\/www.anovapeneira.gal\/wp-content\/uploads\/2020\/11\/Beto_luaces_vicus_3.jpg","datePublished":"2020-11-13T11:00:06+00:00","description":"O noso amigo Beto Luaces ven de publicar a III entrega da s\u00faa serie de novela negra VICUS. Desta volta leva por t\u00edtulo \u201cUN LUGAR AFASTADO\u201d.Sen d\u00fabida un regalo moi apropiado para estas festas deste nadal at\u00edpico. Novela negra de grande calidade na que o escritor desenvolve unha trama de elevada intensidade narrativa cuxa tensi\u00f3n dram\u00e1tica non deixa a ningu\u00e9n indiferente","breadcrumb":{"@id":"https:\/\/www.anovapeneira.gal\/index.php\/2020\/11\/13\/chega-as-librarias-a-iii-entrega-da-saga-de-novela-negravicus-do-escritor-vigues-beto-luaces\/#breadcrumb"},"inLanguage":"gl-ES","potentialAction":[{"@type":"ReadAction","target":["https:\/\/www.anovapeneira.gal\/index.php\/2020\/11\/13\/chega-as-librarias-a-iii-entrega-da-saga-de-novela-negravicus-do-escritor-vigues-beto-luaces\/"]}]},{"@type":"ImageObject","inLanguage":"gl-ES","@id":"https:\/\/www.anovapeneira.gal\/index.php\/2020\/11\/13\/chega-as-librarias-a-iii-entrega-da-saga-de-novela-negravicus-do-escritor-vigues-beto-luaces\/#primaryimage","url":"https:\/\/www.anovapeneira.gal\/wp-content\/uploads\/2020\/11\/Beto_luaces_vicus_3.jpg","contentUrl":"https:\/\/www.anovapeneira.gal\/wp-content\/uploads\/2020\/11\/Beto_luaces_vicus_3.jpg","width":720,"height":432,"caption":"Beto Luaces"},{"@type":"BreadcrumbList","@id":"https:\/\/www.anovapeneira.gal\/index.php\/2020\/11\/13\/chega-as-librarias-a-iii-entrega-da-saga-de-novela-negravicus-do-escritor-vigues-beto-luaces\/#breadcrumb","itemListElement":[{"@type":"ListItem","position":1,"name":"Portada","item":"https:\/\/www.anovapeneira.gal\/"},{"@type":"ListItem","position":2,"name":"Chega as librar\u00edas a III entrega da saga de novela negra\u201dVicus\u201d do escritor vigu\u00e9s Beto Luaces"}]},{"@type":"WebSite","@id":"https:\/\/www.anovapeneira.gal\/#website","url":"https:\/\/www.anovapeneira.gal\/","name":"","description":"Xornal galego de informaci\u00f3n xeral Publicaci\u00f3n mensual de novas de Galicia e en especial dos Concellos da sur da provincia de Pontevedra.","publisher":{"@id":"https:\/\/www.anovapeneira.gal\/#organization"},"potentialAction":[{"@type":"SearchAction","target":{"@type":"EntryPoint","urlTemplate":"https:\/\/www.anovapeneira.gal\/?s={search_term_string}"},"query-input":{"@type":"PropertyValueSpecification","valueRequired":true,"valueName":"search_term_string"}}],"inLanguage":"gl-ES"},{"@type":"Organization","@id":"https:\/\/www.anovapeneira.gal\/#organization","name":"A Nova Peneira","url":"https:\/\/www.anovapeneira.gal\/","logo":{"@type":"ImageObject","inLanguage":"gl-ES","@id":"https:\/\/www.anovapeneira.gal\/#\/schema\/logo\/image\/","url":"http:\/\/www.anovapeneira.gal\/wp-content\/uploads\/2019\/06\/logo_a_nova_peneira_portal_web.png","contentUrl":"http:\/\/www.anovapeneira.gal\/wp-content\/uploads\/2019\/06\/logo_a_nova_peneira_portal_web.png","width":300,"height":100,"caption":"A Nova Peneira"},"image":{"@id":"https:\/\/www.anovapeneira.gal\/#\/schema\/logo\/image\/"},"sameAs":["https:\/\/www.facebook.com\/anovapeneira","https:\/\/x.com\/APeneira"]},{"@type":"Person","@id":"https:\/\/www.anovapeneira.gal\/#\/schema\/person\/b93e3f8932e3f8da96334607eb6ac6aa","name":"Redacci\u00f3n A Nova Peneira","image":{"@type":"ImageObject","inLanguage":"gl-ES","@id":"https:\/\/secure.gravatar.com\/avatar\/c052a2551a06e23fac63626232eaa90abd78dbcf1700fc46a2b2c89fd27b735f?s=96&d=mm&r=g","url":"https:\/\/secure.gravatar.com\/avatar\/c052a2551a06e23fac63626232eaa90abd78dbcf1700fc46a2b2c89fd27b735f?s=96&d=mm&r=g","contentUrl":"https:\/\/secure.gravatar.com\/avatar\/c052a2551a06e23fac63626232eaa90abd78dbcf1700fc46a2b2c89fd27b735f?s=96&d=mm&r=g","caption":"Redacci\u00f3n A Nova Peneira"},"sameAs":["http:\/\/www.anovapeneira.gal\/"],"url":"https:\/\/www.anovapeneira.gal\/index.php\/author\/redactor\/"}]}},"jetpack_featured_media_url":"https:\/\/www.anovapeneira.gal\/wp-content\/uploads\/2020\/11\/Beto_luaces_vicus_3.jpg","_links":{"self":[{"href":"https:\/\/www.anovapeneira.gal\/index.php\/wp-json\/wp\/v2\/posts\/4267","targetHints":{"allow":["GET"]}}],"collection":[{"href":"https:\/\/www.anovapeneira.gal\/index.php\/wp-json\/wp\/v2\/posts"}],"about":[{"href":"https:\/\/www.anovapeneira.gal\/index.php\/wp-json\/wp\/v2\/types\/post"}],"author":[{"embeddable":true,"href":"https:\/\/www.anovapeneira.gal\/index.php\/wp-json\/wp\/v2\/users\/3"}],"replies":[{"embeddable":true,"href":"https:\/\/www.anovapeneira.gal\/index.php\/wp-json\/wp\/v2\/comments?post=4267"}],"version-history":[{"count":1,"href":"https:\/\/www.anovapeneira.gal\/index.php\/wp-json\/wp\/v2\/posts\/4267\/revisions"}],"predecessor-version":[{"id":4269,"href":"https:\/\/www.anovapeneira.gal\/index.php\/wp-json\/wp\/v2\/posts\/4267\/revisions\/4269"}],"wp:featuredmedia":[{"embeddable":true,"href":"https:\/\/www.anovapeneira.gal\/index.php\/wp-json\/wp\/v2\/media\/4268"}],"wp:attachment":[{"href":"https:\/\/www.anovapeneira.gal\/index.php\/wp-json\/wp\/v2\/media?parent=4267"}],"wp:term":[{"taxonomy":"category","embeddable":true,"href":"https:\/\/www.anovapeneira.gal\/index.php\/wp-json\/wp\/v2\/categories?post=4267"},{"taxonomy":"post_tag","embeddable":true,"href":"https:\/\/www.anovapeneira.gal\/index.php\/wp-json\/wp\/v2\/tags?post=4267"}],"curies":[{"name":"wp","href":"https:\/\/api.w.org\/{rel}","templated":true}]}}