{"id":4273,"date":"2020-11-16T10:00:34","date_gmt":"2020-11-16T09:00:34","guid":{"rendered":"http:\/\/www.anovapeneira.gal\/?p=4273"},"modified":"2020-11-13T16:16:27","modified_gmt":"2020-11-13T15:16:27","slug":"conflito-en-urbaser-redondela","status":"publish","type":"post","link":"https:\/\/www.anovapeneira.gal\/index.php\/2020\/11\/16\/conflito-en-urbaser-redondela\/","title":{"rendered":"Conflito en Urbaser Redondela"},"content":{"rendered":"\n<p><strong>A representaci\u00f3n sindical da CUT en Urbaser, empresa que recolle o lixo do Concello de Redondela, denuncia que est\u00e1n sometidos a un enorme sobre esforzo pois eles entenden que a plantilla de persoal que realiza o traballo de recoller os residuos \u00e9 claramente insuficiente. Manifestan terse dirixido \u00e1 empresa para tratar de solucionar a situaci\u00f3n e que estes fixeron caso omiso. N\u00f3s falamos co delegado sindical da CUT na devandita empresa<\/strong><\/p>\n\n\n\n<p><strong>MANUEL IGLESIAS DELEGADO DA CUT EN URBASER REDONDELA<\/strong><\/p>\n\n\n\n<p>\u201c&nbsp;<strong>ESTAMOS SOMETIDOS A UNHA ENORME SOBRECARGA DE TRABALLO\u201d<\/strong><\/p>\n\n\n\n<p><strong>Ti traballas en Urbaser Redondela,non?<\/strong><\/p>\n\n\n\n<blockquote class=\"wp-block-quote is-layout-flow wp-block-quote-is-layout-flow\"><p>Si desde hai 16 anos ininterrompidos<\/p><\/blockquote>\n\n\n\n<p><strong>Caramba debiches de comezar moi novi\u00f1o?<\/strong><\/p>\n\n\n\n<blockquote class=\"wp-block-quote is-layout-flow wp-block-quote-is-layout-flow\"><p>Non tanto, a\u00ednda que non os aparento xa te\u00f1o 45 anos<\/p><\/blockquote>\n\n\n\n<p><strong>En que zonas xeogr\u00e1ficas prestas servizo?<\/strong><\/p>\n\n\n\n<blockquote class=\"wp-block-quote is-layout-flow wp-block-quote-is-layout-flow\"><p>En todo o territorio do concello de Redondela, tanto do centro como das s\u00faas parroquias<\/p><\/blockquote>\n\n\n\n<p><strong>Ti es militante da CUT?<\/strong><\/p>\n\n\n\n<blockquote class=\"wp-block-quote is-layout-flow wp-block-quote-is-layout-flow\"><p>Si, afilieime no ano 2.007 a consecuencia dunha folga que tivemos ese ano. A CUT foi a \u00fanica central sindical na que estiven<\/p><\/blockquote>\n\n\n\n<p><strong>Na vosa empresa es ti o delegado?<\/strong><\/p>\n\n\n\n<blockquote class=\"wp-block-quote is-layout-flow wp-block-quote-is-layout-flow\"><p>Si, s\u00f3 presentamos candidatura, nas elecci\u00f3ns, Ugt e N\u00f3s, e a CUT obtivo a confianza maioritaria dos compa\u00f1eiros<\/p><\/blockquote>\n\n\n\n<p><strong>Canto tempo levas como delegado?<\/strong><\/p>\n\n\n\n<blockquote class=\"wp-block-quote is-layout-flow wp-block-quote-is-layout-flow\"><p>Pronto far\u00e1 un ano<\/p><\/blockquote>\n\n\n\n<p><strong>Podes desenvolver a t\u00faa actividade sindical con normalidade ou sofres alg\u00fan tipo de presi\u00f3n?<\/strong><\/p>\n\n\n\n<blockquote class=\"wp-block-quote is-layout-flow wp-block-quote-is-layout-flow\"><p>M\u00e1is que presi\u00f3ns eu dir\u00eda que intentos de torpedear a acci\u00f3n sindical, que s\u00f3 procura mellorar a situaci\u00f3n de todos<\/p><\/blockquote>\n\n\n\n<p><strong>Ben, cal \u00e9 exactamente o conflito que estades a ter coa empresa?<\/strong><\/p>\n\n\n\n<blockquote class=\"wp-block-quote is-layout-flow wp-block-quote-is-layout-flow\"><p>A escaseza de persoal.A empresa ten unha contrata co Concello de Redondela que remata no ano 2.027, e nas condici\u00f3ns da mesma estip\u00falase que est\u00e1 obrigada a ter 18 persoas traballando de maneira indefinida<\/p><\/blockquote>\n\n\n\n<p><strong>E non as ten?<\/strong><\/p>\n\n\n\n<blockquote class=\"wp-block-quote is-layout-flow wp-block-quote-is-layout-flow\"><p>Non<\/p><\/blockquote>\n\n\n\n<p><strong>Cantas sodes agora mesmo( 9 de novembro)?<\/strong><\/p>\n\n\n\n<blockquote class=\"wp-block-quote is-layout-flow wp-block-quote-is-layout-flow\"><p>Estamos moi por debaixo, somos entre 11 e 12 persoas traballando diariamente, sen contar co persoal de oficina. Como m\u00ednimo precis\u00e1bamos 3 persoas m\u00e1is para podermos desenvolver o traballo de maneira adecuada<\/p><\/blockquote>\n\n\n\n<p><strong>E ti como traballador podes dicir que esa escaseza de persoal sup\u00f3n un sobre esforzo para as persoas que estades nas r\u00faas?<\/strong><\/p>\n\n\n\n<blockquote class=\"wp-block-quote is-layout-flow wp-block-quote-is-layout-flow\"><p>Si, sen ning\u00fan tipo de d\u00fabida. De feito mand\u00e1moslle un escrito \u00e1 empresa denunciando que os compa\u00f1eiros estamos expostos a un sobre esforzo f\u00edsico e psicol\u00f3xico derivado da falta de persoal<\/p><\/blockquote>\n\n\n\n<p><strong>En que termos os contestou a empresa?<\/strong><\/p>\n\n\n\n<blockquote class=\"wp-block-quote is-layout-flow wp-block-quote-is-layout-flow\"><p>A ese punto en concreto non nos contestou<\/p><\/blockquote>\n\n\n\n<p><strong>Como que a ese punto en concreto?<\/strong><\/p>\n\n\n\n<blockquote class=\"wp-block-quote is-layout-flow wp-block-quote-is-layout-flow\"><p>Si, \u00e9 que nos contestan a outros do escrito pero ao asunto do persoal e ao reco\u00f1ecemento que lle demandamos polo noso traballo brutal no tempo do confinamento fixeron caso omiso<\/p><\/blockquote>\n\n\n\n<p><strong>E en realidade tivestes un aumento significativo do volume de traballo nos meses do confinamento?<\/strong><\/p>\n\n\n\n<blockquote class=\"wp-block-quote is-layout-flow wp-block-quote-is-layout-flow\"><p>Un aumento enorme. Podo dicirche que na zona de Chapela, que \u00e9 a que habitualmente traballo eu, naqueles meses houbo momentos en que se multiplicou por dous o volume de residuos que recolliamos.<\/p><\/blockquote>\n\n\n\n<p><strong>A empresa non fixo nada para compensar a sobrecarga de traballo?<\/strong><\/p>\n\n\n\n<blockquote class=\"wp-block-quote is-layout-flow wp-block-quote-is-layout-flow\"><p>Non. Como che dixen antes, a resposta, \u00e1 compensaci\u00f3n que lle reclamamos \u00e1 empresa, por aqueles meses non exist\u00edu<\/p><\/blockquote>\n\n\n\n<p><strong>Cando o Concello de Redondela reco\u00f1eceu o traballo dos colectivos que estiveron d\u00e1ndoo todo nos meses de confinamento non vos chamou a v\u00f3s?<\/strong><\/p>\n\n\n\n<blockquote class=\"wp-block-quote is-layout-flow wp-block-quote-is-layout-flow\"><p>Non, o servizo de limpeza quedamos f\u00f3ra daquel reco\u00f1ecemento.Se nos chamaran non sei eu se asistiriamos, teriamos que debatelo , pero creo que a\u00ednda que s\u00f3 fose o reco\u00f1ecemento moral non estar\u00eda de m\u00e1is<\/p><\/blockquote>\n\n\n\n<p><strong>Que tal son as vosas relaci\u00f3n co Concello de Redondela?<\/strong><\/p>\n\n\n\n<blockquote class=\"wp-block-quote is-layout-flow wp-block-quote-is-layout-flow\"><p>A nosa relaci\u00f3n con esta administraci\u00f3n \u00e9 boa. A s\u00faa disposici\u00f3n \u00e9 moi boa e hai unha diferencia abismal \u00e1 anterior administraci\u00f3n do PP<\/p><\/blockquote>\n","protected":false},"excerpt":{"rendered":"<div class=\"mh-excerpt\"><p>A representaci\u00f3n sindical da CUT en Urbaser, empresa que recolle o lixo do Concello de Redondela, denuncia que est\u00e1n sometidos a un enorme sobre esforzo pois eles entenden que a plantilla de persoal que realiza o traballo de recoller os residuos \u00e9 claramente insuficiente. Manifestan terse dirixido \u00e1 empresa para tratar de solucionar a situaci\u00f3n e que estes fixeron caso omiso. N\u00f3s falamos co delegado sindical da CUT na devandita empresa <a class=\"mh-excerpt-more\" href=\"https:\/\/www.anovapeneira.gal\/index.php\/2020\/11\/16\/conflito-en-urbaser-redondela\/\" title=\"Conflito en Urbaser Redondela\">[&#8230;]<\/a><\/p>\n<\/div>","protected":false},"author":3,"featured_media":4274,"comment_status":"open","ping_status":"open","sticky":false,"template":"","format":"standard","meta":{"_exactmetrics_skip_tracking":false,"_exactmetrics_sitenote_active":false,"_exactmetrics_sitenote_note":"","_exactmetrics_sitenote_category":0,"footnotes":""},"categories":[24],"tags":[],"class_list":{"0":"post-4273","1":"post","2":"type-post","3":"status-publish","4":"format-standard","5":"has-post-thumbnail","7":"category-redondela"},"yoast_head":"<!-- This site is optimized with the Yoast SEO plugin v27.5 - https:\/\/yoast.com\/product\/yoast-seo-wordpress\/ -->\n<title>Conflito en Urbaser Redondela -<\/title>\n<meta name=\"description\" content=\"A representaci\u00f3n sindical da CUT en Urbaser, empresa que recolle o lixo do Concello de Redondela, denuncia que est\u00e1n sometidos a un enorme sobre esforzo pois eles entenden que a plantilla de persoal que realiza o traballo de recoller os residuos \u00e9 claramente insuficiente\" \/>\n<meta name=\"robots\" content=\"index, follow, max-snippet:-1, max-image-preview:large, max-video-preview:-1\" \/>\n<link rel=\"canonical\" href=\"https:\/\/www.anovapeneira.gal\/index.php\/2020\/11\/16\/conflito-en-urbaser-redondela\/\" \/>\n<meta property=\"og:locale\" content=\"gl_ES\" \/>\n<meta property=\"og:type\" content=\"article\" \/>\n<meta property=\"og:title\" content=\"Conflito en Urbaser Redondela -\" \/>\n<meta property=\"og:description\" content=\"A representaci\u00f3n sindical da CUT en Urbaser, empresa que recolle o lixo do Concello de Redondela, denuncia que est\u00e1n sometidos a un enorme sobre esforzo pois eles entenden que a plantilla de persoal que realiza o traballo de recoller os residuos \u00e9 claramente insuficiente\" \/>\n<meta property=\"og:url\" content=\"https:\/\/www.anovapeneira.gal\/index.php\/2020\/11\/16\/conflito-en-urbaser-redondela\/\" \/>\n<meta property=\"article:publisher\" content=\"https:\/\/www.facebook.com\/anovapeneira\" \/>\n<meta property=\"article:published_time\" content=\"2020-11-16T09:00:34+00:00\" \/>\n<meta property=\"og:image\" content=\"https:\/\/www.anovapeneira.gal\/wp-content\/uploads\/2020\/11\/manu_urbaser_redondela.jpg\" \/>\n\t<meta property=\"og:image:width\" content=\"720\" \/>\n\t<meta property=\"og:image:height\" content=\"432\" \/>\n\t<meta property=\"og:image:type\" content=\"image\/jpeg\" \/>\n<meta name=\"author\" content=\"Redacci\u00f3n A Nova Peneira\" \/>\n<meta name=\"twitter:card\" content=\"summary_large_image\" \/>\n<meta name=\"twitter:creator\" content=\"@APeneira\" \/>\n<meta name=\"twitter:site\" content=\"@APeneira\" \/>\n<meta name=\"twitter:label1\" content=\"Escrito por\" \/>\n\t<meta name=\"twitter:data1\" content=\"Redacci\u00f3n A Nova Peneira\" \/>\n\t<meta name=\"twitter:label2\" content=\"Tempo de lectura\" \/>\n\t<meta name=\"twitter:data2\" content=\"3 minutos\" \/>\n<script type=\"application\/ld+json\" class=\"yoast-schema-graph\">{\"@context\":\"https:\\\/\\\/schema.org\",\"@graph\":[{\"@type\":\"Article\",\"@id\":\"https:\\\/\\\/www.anovapeneira.gal\\\/index.php\\\/2020\\\/11\\\/16\\\/conflito-en-urbaser-redondela\\\/#article\",\"isPartOf\":{\"@id\":\"https:\\\/\\\/www.anovapeneira.gal\\\/index.php\\\/2020\\\/11\\\/16\\\/conflito-en-urbaser-redondela\\\/\"},\"author\":{\"name\":\"Redacci\u00f3n A Nova Peneira\",\"@id\":\"https:\\\/\\\/www.anovapeneira.gal\\\/#\\\/schema\\\/person\\\/b93e3f8932e3f8da96334607eb6ac6aa\"},\"headline\":\"Conflito en Urbaser Redondela\",\"datePublished\":\"2020-11-16T09:00:34+00:00\",\"mainEntityOfPage\":{\"@id\":\"https:\\\/\\\/www.anovapeneira.gal\\\/index.php\\\/2020\\\/11\\\/16\\\/conflito-en-urbaser-redondela\\\/\"},\"wordCount\":635,\"commentCount\":0,\"publisher\":{\"@id\":\"https:\\\/\\\/www.anovapeneira.gal\\\/#organization\"},\"image\":{\"@id\":\"https:\\\/\\\/www.anovapeneira.gal\\\/index.php\\\/2020\\\/11\\\/16\\\/conflito-en-urbaser-redondela\\\/#primaryimage\"},\"thumbnailUrl\":\"https:\\\/\\\/www.anovapeneira.gal\\\/wp-content\\\/uploads\\\/2020\\\/11\\\/manu_urbaser_redondela.jpg\",\"articleSection\":[\"Redondela\"],\"inLanguage\":\"gl-ES\",\"potentialAction\":[{\"@type\":\"CommentAction\",\"name\":\"Comment\",\"target\":[\"https:\\\/\\\/www.anovapeneira.gal\\\/index.php\\\/2020\\\/11\\\/16\\\/conflito-en-urbaser-redondela\\\/#respond\"]}]},{\"@type\":\"WebPage\",\"@id\":\"https:\\\/\\\/www.anovapeneira.gal\\\/index.php\\\/2020\\\/11\\\/16\\\/conflito-en-urbaser-redondela\\\/\",\"url\":\"https:\\\/\\\/www.anovapeneira.gal\\\/index.php\\\/2020\\\/11\\\/16\\\/conflito-en-urbaser-redondela\\\/\",\"name\":\"Conflito en Urbaser Redondela -\",\"isPartOf\":{\"@id\":\"https:\\\/\\\/www.anovapeneira.gal\\\/#website\"},\"primaryImageOfPage\":{\"@id\":\"https:\\\/\\\/www.anovapeneira.gal\\\/index.php\\\/2020\\\/11\\\/16\\\/conflito-en-urbaser-redondela\\\/#primaryimage\"},\"image\":{\"@id\":\"https:\\\/\\\/www.anovapeneira.gal\\\/index.php\\\/2020\\\/11\\\/16\\\/conflito-en-urbaser-redondela\\\/#primaryimage\"},\"thumbnailUrl\":\"https:\\\/\\\/www.anovapeneira.gal\\\/wp-content\\\/uploads\\\/2020\\\/11\\\/manu_urbaser_redondela.jpg\",\"datePublished\":\"2020-11-16T09:00:34+00:00\",\"description\":\"A representaci\u00f3n sindical da CUT en Urbaser, empresa que recolle o lixo do Concello de Redondela, denuncia que est\u00e1n sometidos a un enorme sobre esforzo pois eles entenden que a plantilla de persoal que realiza o traballo de recoller os residuos \u00e9 claramente insuficiente\",\"breadcrumb\":{\"@id\":\"https:\\\/\\\/www.anovapeneira.gal\\\/index.php\\\/2020\\\/11\\\/16\\\/conflito-en-urbaser-redondela\\\/#breadcrumb\"},\"inLanguage\":\"gl-ES\",\"potentialAction\":[{\"@type\":\"ReadAction\",\"target\":[\"https:\\\/\\\/www.anovapeneira.gal\\\/index.php\\\/2020\\\/11\\\/16\\\/conflito-en-urbaser-redondela\\\/\"]}]},{\"@type\":\"ImageObject\",\"inLanguage\":\"gl-ES\",\"@id\":\"https:\\\/\\\/www.anovapeneira.gal\\\/index.php\\\/2020\\\/11\\\/16\\\/conflito-en-urbaser-redondela\\\/#primaryimage\",\"url\":\"https:\\\/\\\/www.anovapeneira.gal\\\/wp-content\\\/uploads\\\/2020\\\/11\\\/manu_urbaser_redondela.jpg\",\"contentUrl\":\"https:\\\/\\\/www.anovapeneira.gal\\\/wp-content\\\/uploads\\\/2020\\\/11\\\/manu_urbaser_redondela.jpg\",\"width\":720,\"height\":432,\"caption\":\"Manu Urbaser Redondela\"},{\"@type\":\"BreadcrumbList\",\"@id\":\"https:\\\/\\\/www.anovapeneira.gal\\\/index.php\\\/2020\\\/11\\\/16\\\/conflito-en-urbaser-redondela\\\/#breadcrumb\",\"itemListElement\":[{\"@type\":\"ListItem\",\"position\":1,\"name\":\"Portada\",\"item\":\"https:\\\/\\\/www.anovapeneira.gal\\\/\"},{\"@type\":\"ListItem\",\"position\":2,\"name\":\"Conflito en Urbaser Redondela\"}]},{\"@type\":\"WebSite\",\"@id\":\"https:\\\/\\\/www.anovapeneira.gal\\\/#website\",\"url\":\"https:\\\/\\\/www.anovapeneira.gal\\\/\",\"name\":\"\",\"description\":\"Xornal galego de informaci\u00f3n xeral Publicaci\u00f3n mensual de novas de Galicia e en especial dos Concellos da sur da provincia de Pontevedra.\",\"publisher\":{\"@id\":\"https:\\\/\\\/www.anovapeneira.gal\\\/#organization\"},\"potentialAction\":[{\"@type\":\"SearchAction\",\"target\":{\"@type\":\"EntryPoint\",\"urlTemplate\":\"https:\\\/\\\/www.anovapeneira.gal\\\/?s={search_term_string}\"},\"query-input\":{\"@type\":\"PropertyValueSpecification\",\"valueRequired\":true,\"valueName\":\"search_term_string\"}}],\"inLanguage\":\"gl-ES\"},{\"@type\":\"Organization\",\"@id\":\"https:\\\/\\\/www.anovapeneira.gal\\\/#organization\",\"name\":\"A Nova Peneira\",\"url\":\"https:\\\/\\\/www.anovapeneira.gal\\\/\",\"logo\":{\"@type\":\"ImageObject\",\"inLanguage\":\"gl-ES\",\"@id\":\"https:\\\/\\\/www.anovapeneira.gal\\\/#\\\/schema\\\/logo\\\/image\\\/\",\"url\":\"http:\\\/\\\/www.anovapeneira.gal\\\/wp-content\\\/uploads\\\/2019\\\/06\\\/logo_a_nova_peneira_portal_web.png\",\"contentUrl\":\"http:\\\/\\\/www.anovapeneira.gal\\\/wp-content\\\/uploads\\\/2019\\\/06\\\/logo_a_nova_peneira_portal_web.png\",\"width\":300,\"height\":100,\"caption\":\"A Nova Peneira\"},\"image\":{\"@id\":\"https:\\\/\\\/www.anovapeneira.gal\\\/#\\\/schema\\\/logo\\\/image\\\/\"},\"sameAs\":[\"https:\\\/\\\/www.facebook.com\\\/anovapeneira\",\"https:\\\/\\\/x.com\\\/APeneira\"]},{\"@type\":\"Person\",\"@id\":\"https:\\\/\\\/www.anovapeneira.gal\\\/#\\\/schema\\\/person\\\/b93e3f8932e3f8da96334607eb6ac6aa\",\"name\":\"Redacci\u00f3n A Nova Peneira\",\"image\":{\"@type\":\"ImageObject\",\"inLanguage\":\"gl-ES\",\"@id\":\"https:\\\/\\\/secure.gravatar.com\\\/avatar\\\/c052a2551a06e23fac63626232eaa90abd78dbcf1700fc46a2b2c89fd27b735f?s=96&d=mm&r=g\",\"url\":\"https:\\\/\\\/secure.gravatar.com\\\/avatar\\\/c052a2551a06e23fac63626232eaa90abd78dbcf1700fc46a2b2c89fd27b735f?s=96&d=mm&r=g\",\"contentUrl\":\"https:\\\/\\\/secure.gravatar.com\\\/avatar\\\/c052a2551a06e23fac63626232eaa90abd78dbcf1700fc46a2b2c89fd27b735f?s=96&d=mm&r=g\",\"caption\":\"Redacci\u00f3n A Nova Peneira\"},\"sameAs\":[\"http:\\\/\\\/www.anovapeneira.gal\\\/\"],\"url\":\"https:\\\/\\\/www.anovapeneira.gal\\\/index.php\\\/author\\\/redactor\\\/\"}]}<\/script>\n<!-- \/ Yoast SEO plugin. -->","yoast_head_json":{"title":"Conflito en Urbaser Redondela -","description":"A representaci\u00f3n sindical da CUT en Urbaser, empresa que recolle o lixo do Concello de Redondela, denuncia que est\u00e1n sometidos a un enorme sobre esforzo pois eles entenden que a plantilla de persoal que realiza o traballo de recoller os residuos \u00e9 claramente insuficiente","robots":{"index":"index","follow":"follow","max-snippet":"max-snippet:-1","max-image-preview":"max-image-preview:large","max-video-preview":"max-video-preview:-1"},"canonical":"https:\/\/www.anovapeneira.gal\/index.php\/2020\/11\/16\/conflito-en-urbaser-redondela\/","og_locale":"gl_ES","og_type":"article","og_title":"Conflito en Urbaser Redondela -","og_description":"A representaci\u00f3n sindical da CUT en Urbaser, empresa que recolle o lixo do Concello de Redondela, denuncia que est\u00e1n sometidos a un enorme sobre esforzo pois eles entenden que a plantilla de persoal que realiza o traballo de recoller os residuos \u00e9 claramente insuficiente","og_url":"https:\/\/www.anovapeneira.gal\/index.php\/2020\/11\/16\/conflito-en-urbaser-redondela\/","article_publisher":"https:\/\/www.facebook.com\/anovapeneira","article_published_time":"2020-11-16T09:00:34+00:00","og_image":[{"width":720,"height":432,"url":"https:\/\/www.anovapeneira.gal\/wp-content\/uploads\/2020\/11\/manu_urbaser_redondela.jpg","type":"image\/jpeg"}],"author":"Redacci\u00f3n A Nova Peneira","twitter_card":"summary_large_image","twitter_creator":"@APeneira","twitter_site":"@APeneira","twitter_misc":{"Escrito por":"Redacci\u00f3n A Nova Peneira","Tempo de lectura":"3 minutos"},"schema":{"@context":"https:\/\/schema.org","@graph":[{"@type":"Article","@id":"https:\/\/www.anovapeneira.gal\/index.php\/2020\/11\/16\/conflito-en-urbaser-redondela\/#article","isPartOf":{"@id":"https:\/\/www.anovapeneira.gal\/index.php\/2020\/11\/16\/conflito-en-urbaser-redondela\/"},"author":{"name":"Redacci\u00f3n A Nova Peneira","@id":"https:\/\/www.anovapeneira.gal\/#\/schema\/person\/b93e3f8932e3f8da96334607eb6ac6aa"},"headline":"Conflito en Urbaser Redondela","datePublished":"2020-11-16T09:00:34+00:00","mainEntityOfPage":{"@id":"https:\/\/www.anovapeneira.gal\/index.php\/2020\/11\/16\/conflito-en-urbaser-redondela\/"},"wordCount":635,"commentCount":0,"publisher":{"@id":"https:\/\/www.anovapeneira.gal\/#organization"},"image":{"@id":"https:\/\/www.anovapeneira.gal\/index.php\/2020\/11\/16\/conflito-en-urbaser-redondela\/#primaryimage"},"thumbnailUrl":"https:\/\/www.anovapeneira.gal\/wp-content\/uploads\/2020\/11\/manu_urbaser_redondela.jpg","articleSection":["Redondela"],"inLanguage":"gl-ES","potentialAction":[{"@type":"CommentAction","name":"Comment","target":["https:\/\/www.anovapeneira.gal\/index.php\/2020\/11\/16\/conflito-en-urbaser-redondela\/#respond"]}]},{"@type":"WebPage","@id":"https:\/\/www.anovapeneira.gal\/index.php\/2020\/11\/16\/conflito-en-urbaser-redondela\/","url":"https:\/\/www.anovapeneira.gal\/index.php\/2020\/11\/16\/conflito-en-urbaser-redondela\/","name":"Conflito en Urbaser Redondela -","isPartOf":{"@id":"https:\/\/www.anovapeneira.gal\/#website"},"primaryImageOfPage":{"@id":"https:\/\/www.anovapeneira.gal\/index.php\/2020\/11\/16\/conflito-en-urbaser-redondela\/#primaryimage"},"image":{"@id":"https:\/\/www.anovapeneira.gal\/index.php\/2020\/11\/16\/conflito-en-urbaser-redondela\/#primaryimage"},"thumbnailUrl":"https:\/\/www.anovapeneira.gal\/wp-content\/uploads\/2020\/11\/manu_urbaser_redondela.jpg","datePublished":"2020-11-16T09:00:34+00:00","description":"A representaci\u00f3n sindical da CUT en Urbaser, empresa que recolle o lixo do Concello de Redondela, denuncia que est\u00e1n sometidos a un enorme sobre esforzo pois eles entenden que a plantilla de persoal que realiza o traballo de recoller os residuos \u00e9 claramente insuficiente","breadcrumb":{"@id":"https:\/\/www.anovapeneira.gal\/index.php\/2020\/11\/16\/conflito-en-urbaser-redondela\/#breadcrumb"},"inLanguage":"gl-ES","potentialAction":[{"@type":"ReadAction","target":["https:\/\/www.anovapeneira.gal\/index.php\/2020\/11\/16\/conflito-en-urbaser-redondela\/"]}]},{"@type":"ImageObject","inLanguage":"gl-ES","@id":"https:\/\/www.anovapeneira.gal\/index.php\/2020\/11\/16\/conflito-en-urbaser-redondela\/#primaryimage","url":"https:\/\/www.anovapeneira.gal\/wp-content\/uploads\/2020\/11\/manu_urbaser_redondela.jpg","contentUrl":"https:\/\/www.anovapeneira.gal\/wp-content\/uploads\/2020\/11\/manu_urbaser_redondela.jpg","width":720,"height":432,"caption":"Manu Urbaser Redondela"},{"@type":"BreadcrumbList","@id":"https:\/\/www.anovapeneira.gal\/index.php\/2020\/11\/16\/conflito-en-urbaser-redondela\/#breadcrumb","itemListElement":[{"@type":"ListItem","position":1,"name":"Portada","item":"https:\/\/www.anovapeneira.gal\/"},{"@type":"ListItem","position":2,"name":"Conflito en Urbaser Redondela"}]},{"@type":"WebSite","@id":"https:\/\/www.anovapeneira.gal\/#website","url":"https:\/\/www.anovapeneira.gal\/","name":"","description":"Xornal galego de informaci\u00f3n xeral Publicaci\u00f3n mensual de novas de Galicia e en especial dos Concellos da sur da provincia de Pontevedra.","publisher":{"@id":"https:\/\/www.anovapeneira.gal\/#organization"},"potentialAction":[{"@type":"SearchAction","target":{"@type":"EntryPoint","urlTemplate":"https:\/\/www.anovapeneira.gal\/?s={search_term_string}"},"query-input":{"@type":"PropertyValueSpecification","valueRequired":true,"valueName":"search_term_string"}}],"inLanguage":"gl-ES"},{"@type":"Organization","@id":"https:\/\/www.anovapeneira.gal\/#organization","name":"A Nova Peneira","url":"https:\/\/www.anovapeneira.gal\/","logo":{"@type":"ImageObject","inLanguage":"gl-ES","@id":"https:\/\/www.anovapeneira.gal\/#\/schema\/logo\/image\/","url":"http:\/\/www.anovapeneira.gal\/wp-content\/uploads\/2019\/06\/logo_a_nova_peneira_portal_web.png","contentUrl":"http:\/\/www.anovapeneira.gal\/wp-content\/uploads\/2019\/06\/logo_a_nova_peneira_portal_web.png","width":300,"height":100,"caption":"A Nova Peneira"},"image":{"@id":"https:\/\/www.anovapeneira.gal\/#\/schema\/logo\/image\/"},"sameAs":["https:\/\/www.facebook.com\/anovapeneira","https:\/\/x.com\/APeneira"]},{"@type":"Person","@id":"https:\/\/www.anovapeneira.gal\/#\/schema\/person\/b93e3f8932e3f8da96334607eb6ac6aa","name":"Redacci\u00f3n A Nova Peneira","image":{"@type":"ImageObject","inLanguage":"gl-ES","@id":"https:\/\/secure.gravatar.com\/avatar\/c052a2551a06e23fac63626232eaa90abd78dbcf1700fc46a2b2c89fd27b735f?s=96&d=mm&r=g","url":"https:\/\/secure.gravatar.com\/avatar\/c052a2551a06e23fac63626232eaa90abd78dbcf1700fc46a2b2c89fd27b735f?s=96&d=mm&r=g","contentUrl":"https:\/\/secure.gravatar.com\/avatar\/c052a2551a06e23fac63626232eaa90abd78dbcf1700fc46a2b2c89fd27b735f?s=96&d=mm&r=g","caption":"Redacci\u00f3n A Nova Peneira"},"sameAs":["http:\/\/www.anovapeneira.gal\/"],"url":"https:\/\/www.anovapeneira.gal\/index.php\/author\/redactor\/"}]}},"jetpack_featured_media_url":"https:\/\/www.anovapeneira.gal\/wp-content\/uploads\/2020\/11\/manu_urbaser_redondela.jpg","_links":{"self":[{"href":"https:\/\/www.anovapeneira.gal\/index.php\/wp-json\/wp\/v2\/posts\/4273","targetHints":{"allow":["GET"]}}],"collection":[{"href":"https:\/\/www.anovapeneira.gal\/index.php\/wp-json\/wp\/v2\/posts"}],"about":[{"href":"https:\/\/www.anovapeneira.gal\/index.php\/wp-json\/wp\/v2\/types\/post"}],"author":[{"embeddable":true,"href":"https:\/\/www.anovapeneira.gal\/index.php\/wp-json\/wp\/v2\/users\/3"}],"replies":[{"embeddable":true,"href":"https:\/\/www.anovapeneira.gal\/index.php\/wp-json\/wp\/v2\/comments?post=4273"}],"version-history":[{"count":1,"href":"https:\/\/www.anovapeneira.gal\/index.php\/wp-json\/wp\/v2\/posts\/4273\/revisions"}],"predecessor-version":[{"id":4275,"href":"https:\/\/www.anovapeneira.gal\/index.php\/wp-json\/wp\/v2\/posts\/4273\/revisions\/4275"}],"wp:featuredmedia":[{"embeddable":true,"href":"https:\/\/www.anovapeneira.gal\/index.php\/wp-json\/wp\/v2\/media\/4274"}],"wp:attachment":[{"href":"https:\/\/www.anovapeneira.gal\/index.php\/wp-json\/wp\/v2\/media?parent=4273"}],"wp:term":[{"taxonomy":"category","embeddable":true,"href":"https:\/\/www.anovapeneira.gal\/index.php\/wp-json\/wp\/v2\/categories?post=4273"},{"taxonomy":"post_tag","embeddable":true,"href":"https:\/\/www.anovapeneira.gal\/index.php\/wp-json\/wp\/v2\/tags?post=4273"}],"curies":[{"name":"wp","href":"https:\/\/api.w.org\/{rel}","templated":true}]}}