{"id":4276,"date":"2020-11-16T12:00:04","date_gmt":"2020-11-16T11:00:04","guid":{"rendered":"http:\/\/www.anovapeneira.gal\/?p=4276"},"modified":"2020-11-13T16:29:01","modified_gmt":"2020-11-13T15:29:01","slug":"digna-rivas-alcaldesa-de-redondela-3","status":"publish","type":"post","link":"https:\/\/www.anovapeneira.gal\/index.php\/2020\/11\/16\/digna-rivas-alcaldesa-de-redondela-3\/","title":{"rendered":"Digna Rivas, Alcaldesa de Redondela"},"content":{"rendered":"\n<p><strong>M\u00e1is dun ano despois de ter acadado a alcald\u00eda do noso pobo a alcaldesa Dina Rivas ten a amabilidade de compartir con n\u00f2s a s\u00faa valoraci\u00f3n sobre a situaci\u00f3n pol\u00edtica e sanitaria de Redondela. Digna \u00e9 unha muller moi en\u00e9rxica que despide ilusi\u00f3n por todos os poros , que amosa unha vontade firme de facer ben as cousas e que transmite confianza ao interlocutor non sei se no \u00e9xito da s\u00faa xesti\u00f3n pero si en que se vai deixar a pel no intento.<\/strong><\/p>\n\n\n\n<p>\u201c&nbsp;<strong>A XUNTA DE GALICIA MINTE AOS VECI\u00d1OS E VECI\u00d1AS DE REDONDELA NO QUE RESPECTA \u00c1S OBRAS DA AVENIDA MENDINHO.NON TEMOS DESDE ABRIL NINGUNHA COMUNICACI\u00d3N DELES NIN DESE CONVENIO NIN DO PROXECTO.\u201d<\/strong><\/p>\n\n\n\n<p><strong>Como van os \u00e1nimos da alcaldesa de Redondela?<\/strong><\/p>\n\n\n\n<blockquote class=\"wp-block-quote is-layout-flow wp-block-quote-is-layout-flow\"><p>Ben, a ningu\u00e9n se lle escapa que o contexto actual \u00e9 complex\u00edsimo, dos mais complicados da historia recente, pero os meus \u00e1nimos est\u00e1n ben, grazas polo interese, estou moi serea , forte, ilusionada e con plena consciencia da mi\u00f1a responsabilidade<\/p><\/blockquote>\n\n\n\n<p><strong>Cal \u00e9 a situaci\u00f3n sanitaria concreta do Concello?<\/strong><\/p>\n\n\n\n<blockquote class=\"wp-block-quote is-layout-flow wp-block-quote-is-layout-flow\"><p>A situaci\u00f3n \u00e9 moi variable, pode mudar substancialmente case dun d\u00eda para outro. Hoxe 9 de novembro Redondela est\u00e1 en alerta vermella e sometida ao confinamento perimetral de \u00e1rea xunto cos concellos de Vigo, Nigr\u00e1n, Gondomar, Mos e O Porri\u00f1o.A d\u00eda de hoxe desde o SERGAS non nos transmitiron ningunha informaci\u00f3n adicional<\/p><\/blockquote>\n\n\n\n<p><strong>Vaia<\/strong><\/p>\n\n\n\n<blockquote class=\"wp-block-quote is-layout-flow wp-block-quote-is-layout-flow\"><p>Pois si, eso mesmo digo eu.O xoves pasado tivemos unha xuntanza telem\u00e1tica co conselleiro de sanidade, as alcaldesas e alcaldes dos concellos que antes mencionei, e tanto o alcalde de Vigo como eu mesma reivindicamos con intensidade a necesidade de recibirmos informaci\u00f3n m\u00e1is precisa sobre a cantidade de afectados dos nosos concellos e de onde se situaban os gromos<\/p><\/blockquote>\n\n\n\n<p><strong>E que vos respostou?<\/strong><\/p>\n\n\n\n<blockquote class=\"wp-block-quote is-layout-flow wp-block-quote-is-layout-flow\"><p>Que procurar\u00edan facelo a semana pr\u00f3xima, por esta, sempre que houbese m\u00e1is de 10 casos<\/p><\/blockquote>\n\n\n\n<p><strong>Alg\u00fans alcaldes e alcaldesas manifest\u00e1ronnos a s\u00faa preocupaci\u00f3n porque a crise sanitaria est\u00e1 a producir un importante aumento das familias que requiren atenci\u00f3n dos servizos sociais do Concello para atender as s\u00faas necesidades m\u00e1is b\u00e1sicas. En Redondela?<\/strong><\/p>\n\n\n\n<blockquote class=\"wp-block-quote is-layout-flow wp-block-quote-is-layout-flow\"><p>Por desgraza si. A situaci\u00f3n social \u00e9 cr\u00edtica e creo que se nota en todos os sitios. Incremento de demandas notouse, pero estanse atendendo no que depende de n\u00f3s con dilixencia.As\u00ed por exemplo n\u00f3s o novo contrato do SAD imos ter que doblalo<\/p><\/blockquote>\n\n\n\n<p><strong>Ti cando estabas na oposici\u00f3n sempre reivindicabas unha aposta decidida pola atenci\u00f3n social<\/strong><\/p>\n\n\n\n<blockquote class=\"wp-block-quote is-layout-flow wp-block-quote-is-layout-flow\"><p>E ben orgullosa que estou de telo feito.E agora como alcaldesa corresp\u00f3ndeme amosalo, de feito an\u00fanciovos que os orzamentos do Concello para o 2.021 van ter un inequ\u00edvoco e firme perfil social<\/p><\/blockquote>\n\n\n\n<p><strong>Contemplas a posibilidade dun novo confinamento domiciliario?<\/strong><\/p>\n\n\n\n<blockquote class=\"wp-block-quote is-layout-flow wp-block-quote-is-layout-flow\"><p>Eu s\u00f3 podo dicir que as medidas que se tomen, con certeza absoluta ser\u00e1n tomadas con estritos criterios cient\u00edficos , seguindo o consello dos epidemi\u00f3logos que son os que entenden de epidemias. Agardo que non sexa necesario, pero sexan as que sexan as medidas, que a ciencia aconselle, a administraci\u00f3n municipal de Redondela actuar\u00e1 con absoluta lealdade, sempre.<\/p><\/blockquote>\n\n\n\n<p><strong>Unha das medidas impostas no momento actual \u00e9 o peche da hostalar\u00eda. O concello de Redondela contempla alg\u00fanha li\u00f1a de axudas municipal para o sector?<\/strong><\/p>\n\n\n\n<blockquote class=\"wp-block-quote is-layout-flow wp-block-quote-is-layout-flow\"><p>Dende o primeiro momento pux\u00e9monos en contacto coa asociaci\u00f3n de hosteleiros e precisamente hoxe( 9\/11) \u00e1s 13, 30 horas temos unha xuntanza con eles para tratar de consensualas<\/p><\/blockquote>\n\n\n\n<p><strong>Podes concretar un pouco en que estades pensando?<\/strong><\/p>\n\n\n\n<blockquote class=\"wp-block-quote is-layout-flow wp-block-quote-is-layout-flow\"><p>Nunha modificaci\u00f3n da ordenanza das terrazas, e en bonificaci\u00f3ns concretas para o sector.Imos intentar concretalas canto antes<\/p><\/blockquote>\n\n\n\n<p><strong>Na Peneira De Outubro, Enrique Lago, presidente da Asociaci\u00f3n de empresarios de Redondela manifestou que estaba decepcionado co goberno que ti encabezas. Que tes que dicir ao respecto?<\/strong><\/p>\n\n\n\n<blockquote class=\"wp-block-quote is-layout-flow wp-block-quote-is-layout-flow\"><p>Si, te\u00f1o que dicir que me deixou enormemente sorprendida. A relaci\u00f3n que temos neste momento coa asociaci\u00f3n de empresarios \u00e9 enormemente flu\u00edda. Creo que nos reunimos todas e cada unha das semanas con eles polo que non entendo onde pode estar a decepci\u00f3n. Estar\u00eda encantada de que me comentara cal \u00e9 en concreto a decepci\u00f3n, para poder solucionala, porque eu non te\u00f1o constancia dela.<\/p><\/blockquote>\n\n\n\n<p><strong>Falemos de Rande, a t\u00faa terra.Que pasa cos cheiros que hai nesa zona?<\/strong><\/p>\n\n\n\n<blockquote class=\"wp-block-quote is-layout-flow wp-block-quote-is-layout-flow\"><p>Eu xa non como alcaldesa, sen\u00f3n como veci\u00f1a estou enormemente cabreada coa situaci\u00f3n.E quero asegurar con toda a enerx\u00eda que son capaz, e desde o m\u00e1is \u00edntimo e profundo de min a todas e todos os meus vecinos que estamos facendo todo o que podemos e m\u00e1is para solucionar o problema<\/p><\/blockquote>\n\n\n\n<p><strong>A competencia \u00e9 vosa?<\/strong><\/p>\n\n\n\n<blockquote class=\"wp-block-quote is-layout-flow wp-block-quote-is-layout-flow\"><p>Non, iso non \u00e9 certo. O asunto de AUCOSA \u00e9 medioambiental e a competencia de medio ambiente \u00e9 da Xunta de Galicia. N\u00f3s pedimos a todos os veci\u00f1os e veci\u00f1as que se sintan afectadas que denuncien, que non deixen de facelo porque n\u00f3s non nos imos cansar de protestar para que a Xunta termine con esta situaci\u00f3n. Entendo perfectamente o malestar da veci\u00f1anza e pido por favor que comprendan que este goberno e esta alcaldesa est\u00e1n do seu lado, \u00e9 m\u00e1is est\u00e1n no seu mesmo lado<\/p><\/blockquote>\n\n\n\n<p><strong>Recentemente no parlamento do estado votouse unha proposici\u00f3n da extrema dereita pedindo a ilegalizaci\u00f3n do BNG, partido votado por milleiros de veci\u00f1os e veci\u00f1as de Redondela, e cun bo n\u00famero de militantes entre a veci\u00f1anza do noso pobo. Javier Bas, non votou en contra, abst\u00edvose, cal \u00e9 a t\u00faa opini\u00f3n ao respecto?<\/strong><\/p>\n\n\n\n<blockquote class=\"wp-block-quote is-layout-flow wp-block-quote-is-layout-flow\"><p>Al\u00e1 cada un coa s\u00faa conciencia. Naturalmente eu estou nas ant\u00edpodas diso e non o comparto de ning\u00fan modo.<\/p><\/blockquote>\n\n\n\n<p><strong>F\u00e1lanos das obras da avenida Mendinho?<\/strong><\/p>\n\n\n\n<blockquote class=\"wp-block-quote is-layout-flow wp-block-quote-is-layout-flow\"><p>Non te\u00f1o constancia<\/p><\/blockquote>\n\n\n\n<p><strong>Como?<\/strong><\/p>\n\n\n\n<blockquote class=\"wp-block-quote is-layout-flow wp-block-quote-is-layout-flow\"><p>Iso xorde dunha nota de prensa que manda \u00e1 Xunta na que literalmente minte<\/p><\/blockquote>\n\n\n\n<p><strong>Minte?<\/strong><\/p>\n\n\n\n<blockquote class=\"wp-block-quote is-layout-flow wp-block-quote-is-layout-flow\"><p>Pero literalmente e con todas as letras. E non o penso consentir. Non temos desde abril ningunha comunicaci\u00f3n da Xunta nin dese convenio, nin do proxecto. Pero n\u00f3s non imos parar ata que esa arteria tan importante da nosa vila se arranxe porque \u00e9 necesario para Redondela.<\/p><\/blockquote>\n\n\n\n<p><strong>Imos rematar falando de pol\u00edtica.Que tal a relaci\u00f3n cos socios de goberno?<\/strong><\/p>\n\n\n\n<blockquote class=\"wp-block-quote is-layout-flow wp-block-quote-is-layout-flow\"><p>Moi boa, temos as nosas discrepancias como as poden ter d\u00faas concelleiras do PSOE ou de calquera grupo pol\u00edtico pero o goberno \u00e9 s\u00f3lido e firmemente cohesionado<\/p><\/blockquote>\n\n\n\n<p><strong>E para rematar t\u00f3cache valorar aos dous grupos de oposici\u00f3n?<\/strong><\/p>\n\n\n\n<blockquote class=\"wp-block-quote is-layout-flow wp-block-quote-is-layout-flow\"><p>Perdoa Marcos pero ti dix\u00e9chesme que iamos falar de pol\u00edtica e neses par\u00e1metros a oposici\u00f3n do PP non se pode valorar, porque eles non fan pol\u00edtica. Eles o \u00fanico que fan \u00e9 descualificar e mentir por sistema. Eu non vou entrar na lama, ali o PP, como xa lles dixen algunha vez non me van encontrar.No que respecta ao BNG eles si fan oposici\u00f3n pol\u00edtica. Hai cousas coas que discrepo e cousas coas que podo concordar pero con eles p\u00f3dese falar.<\/p><\/blockquote>\n","protected":false},"excerpt":{"rendered":"<div class=\"mh-excerpt\"><p>M\u00e1is dun ano despois de ter acadado a alcald\u00eda do noso pobo a alcaldesa Dina Rivas ten a amabilidade de compartir con n\u00f2s a s\u00faa valoraci\u00f3n sobre a situaci\u00f3n pol\u00edtica e sanitaria de Redondela <a class=\"mh-excerpt-more\" href=\"https:\/\/www.anovapeneira.gal\/index.php\/2020\/11\/16\/digna-rivas-alcaldesa-de-redondela-3\/\" title=\"Digna Rivas, Alcaldesa de Redondela\">[&#8230;]<\/a><\/p>\n<\/div>","protected":false},"author":3,"featured_media":4277,"comment_status":"open","ping_status":"open","sticky":false,"template":"","format":"standard","meta":{"_exactmetrics_skip_tracking":false,"_exactmetrics_sitenote_active":false,"_exactmetrics_sitenote_note":"","_exactmetrics_sitenote_category":0,"footnotes":""},"categories":[270],"tags":[171],"class_list":{"0":"post-4276","1":"post","2":"type-post","3":"status-publish","4":"format-standard","5":"has-post-thumbnail","7":"category-redondela-entrevistas","8":"tag-concello-de-redondela"},"yoast_head":"<!-- This site is optimized with the Yoast SEO plugin v27.4 - https:\/\/yoast.com\/product\/yoast-seo-wordpress\/ -->\n<title>Digna Rivas, Alcaldesa de Redondela -<\/title>\n<meta name=\"description\" content=\"M\u00e1is dun ano despois de ter acadado a alcald\u00eda do noso pobo a alcaldesa Dina Rivas ten a amabilidade de compartir con n\u00f2s a s\u00faa valoraci\u00f3n sobre a situaci\u00f3n pol\u00edtica e sanitaria de Redondela\" \/>\n<meta name=\"robots\" content=\"index, follow, max-snippet:-1, max-image-preview:large, max-video-preview:-1\" \/>\n<link rel=\"canonical\" href=\"https:\/\/www.anovapeneira.gal\/index.php\/2020\/11\/16\/digna-rivas-alcaldesa-de-redondela-3\/\" \/>\n<meta property=\"og:locale\" content=\"gl_ES\" \/>\n<meta property=\"og:type\" content=\"article\" \/>\n<meta property=\"og:title\" content=\"Digna Rivas, Alcaldesa de Redondela -\" \/>\n<meta property=\"og:description\" content=\"M\u00e1is dun ano despois de ter acadado a alcald\u00eda do noso pobo a alcaldesa Dina Rivas ten a amabilidade de compartir con n\u00f2s a s\u00faa valoraci\u00f3n sobre a situaci\u00f3n pol\u00edtica e sanitaria de Redondela\" \/>\n<meta property=\"og:url\" content=\"https:\/\/www.anovapeneira.gal\/index.php\/2020\/11\/16\/digna-rivas-alcaldesa-de-redondela-3\/\" \/>\n<meta property=\"article:publisher\" content=\"https:\/\/www.facebook.com\/anovapeneira\" \/>\n<meta property=\"article:published_time\" content=\"2020-11-16T11:00:04+00:00\" \/>\n<meta property=\"og:image\" content=\"https:\/\/www.anovapeneira.gal\/wp-content\/uploads\/2020\/11\/alcaldesa_de_redondela.jpg\" \/>\n\t<meta property=\"og:image:width\" content=\"720\" \/>\n\t<meta property=\"og:image:height\" content=\"432\" \/>\n\t<meta property=\"og:image:type\" content=\"image\/jpeg\" \/>\n<meta name=\"author\" content=\"Redacci\u00f3n A Nova Peneira\" \/>\n<meta name=\"twitter:card\" content=\"summary_large_image\" \/>\n<meta name=\"twitter:creator\" content=\"@APeneira\" \/>\n<meta name=\"twitter:site\" content=\"@APeneira\" \/>\n<meta name=\"twitter:label1\" content=\"Escrito por\" \/>\n\t<meta name=\"twitter:data1\" content=\"Redacci\u00f3n A Nova Peneira\" \/>\n\t<meta name=\"twitter:label2\" content=\"Tempo de lectura\" \/>\n\t<meta name=\"twitter:data2\" content=\"6 minutos\" \/>\n<script type=\"application\/ld+json\" class=\"yoast-schema-graph\">{\"@context\":\"https:\\\/\\\/schema.org\",\"@graph\":[{\"@type\":\"Article\",\"@id\":\"https:\\\/\\\/www.anovapeneira.gal\\\/index.php\\\/2020\\\/11\\\/16\\\/digna-rivas-alcaldesa-de-redondela-3\\\/#article\",\"isPartOf\":{\"@id\":\"https:\\\/\\\/www.anovapeneira.gal\\\/index.php\\\/2020\\\/11\\\/16\\\/digna-rivas-alcaldesa-de-redondela-3\\\/\"},\"author\":{\"name\":\"Redacci\u00f3n A Nova Peneira\",\"@id\":\"https:\\\/\\\/www.anovapeneira.gal\\\/#\\\/schema\\\/person\\\/b93e3f8932e3f8da96334607eb6ac6aa\"},\"headline\":\"Digna Rivas, Alcaldesa de Redondela\",\"datePublished\":\"2020-11-16T11:00:04+00:00\",\"mainEntityOfPage\":{\"@id\":\"https:\\\/\\\/www.anovapeneira.gal\\\/index.php\\\/2020\\\/11\\\/16\\\/digna-rivas-alcaldesa-de-redondela-3\\\/\"},\"wordCount\":1192,\"commentCount\":0,\"publisher\":{\"@id\":\"https:\\\/\\\/www.anovapeneira.gal\\\/#organization\"},\"image\":{\"@id\":\"https:\\\/\\\/www.anovapeneira.gal\\\/index.php\\\/2020\\\/11\\\/16\\\/digna-rivas-alcaldesa-de-redondela-3\\\/#primaryimage\"},\"thumbnailUrl\":\"https:\\\/\\\/www.anovapeneira.gal\\\/wp-content\\\/uploads\\\/2020\\\/11\\\/alcaldesa_de_redondela.jpg\",\"keywords\":[\"Concello de Redondela\"],\"articleSection\":[\"Redondela\"],\"inLanguage\":\"gl-ES\",\"potentialAction\":[{\"@type\":\"CommentAction\",\"name\":\"Comment\",\"target\":[\"https:\\\/\\\/www.anovapeneira.gal\\\/index.php\\\/2020\\\/11\\\/16\\\/digna-rivas-alcaldesa-de-redondela-3\\\/#respond\"]}]},{\"@type\":\"WebPage\",\"@id\":\"https:\\\/\\\/www.anovapeneira.gal\\\/index.php\\\/2020\\\/11\\\/16\\\/digna-rivas-alcaldesa-de-redondela-3\\\/\",\"url\":\"https:\\\/\\\/www.anovapeneira.gal\\\/index.php\\\/2020\\\/11\\\/16\\\/digna-rivas-alcaldesa-de-redondela-3\\\/\",\"name\":\"Digna Rivas, Alcaldesa de Redondela -\",\"isPartOf\":{\"@id\":\"https:\\\/\\\/www.anovapeneira.gal\\\/#website\"},\"primaryImageOfPage\":{\"@id\":\"https:\\\/\\\/www.anovapeneira.gal\\\/index.php\\\/2020\\\/11\\\/16\\\/digna-rivas-alcaldesa-de-redondela-3\\\/#primaryimage\"},\"image\":{\"@id\":\"https:\\\/\\\/www.anovapeneira.gal\\\/index.php\\\/2020\\\/11\\\/16\\\/digna-rivas-alcaldesa-de-redondela-3\\\/#primaryimage\"},\"thumbnailUrl\":\"https:\\\/\\\/www.anovapeneira.gal\\\/wp-content\\\/uploads\\\/2020\\\/11\\\/alcaldesa_de_redondela.jpg\",\"datePublished\":\"2020-11-16T11:00:04+00:00\",\"description\":\"M\u00e1is dun ano despois de ter acadado a alcald\u00eda do noso pobo a alcaldesa Dina Rivas ten a amabilidade de compartir con n\u00f2s a s\u00faa valoraci\u00f3n sobre a situaci\u00f3n pol\u00edtica e sanitaria de Redondela\",\"breadcrumb\":{\"@id\":\"https:\\\/\\\/www.anovapeneira.gal\\\/index.php\\\/2020\\\/11\\\/16\\\/digna-rivas-alcaldesa-de-redondela-3\\\/#breadcrumb\"},\"inLanguage\":\"gl-ES\",\"potentialAction\":[{\"@type\":\"ReadAction\",\"target\":[\"https:\\\/\\\/www.anovapeneira.gal\\\/index.php\\\/2020\\\/11\\\/16\\\/digna-rivas-alcaldesa-de-redondela-3\\\/\"]}]},{\"@type\":\"ImageObject\",\"inLanguage\":\"gl-ES\",\"@id\":\"https:\\\/\\\/www.anovapeneira.gal\\\/index.php\\\/2020\\\/11\\\/16\\\/digna-rivas-alcaldesa-de-redondela-3\\\/#primaryimage\",\"url\":\"https:\\\/\\\/www.anovapeneira.gal\\\/wp-content\\\/uploads\\\/2020\\\/11\\\/alcaldesa_de_redondela.jpg\",\"contentUrl\":\"https:\\\/\\\/www.anovapeneira.gal\\\/wp-content\\\/uploads\\\/2020\\\/11\\\/alcaldesa_de_redondela.jpg\",\"width\":720,\"height\":432,\"caption\":\"Alcaldesa de Redondela\"},{\"@type\":\"BreadcrumbList\",\"@id\":\"https:\\\/\\\/www.anovapeneira.gal\\\/index.php\\\/2020\\\/11\\\/16\\\/digna-rivas-alcaldesa-de-redondela-3\\\/#breadcrumb\",\"itemListElement\":[{\"@type\":\"ListItem\",\"position\":1,\"name\":\"Portada\",\"item\":\"https:\\\/\\\/www.anovapeneira.gal\\\/\"},{\"@type\":\"ListItem\",\"position\":2,\"name\":\"Digna Rivas, Alcaldesa de Redondela\"}]},{\"@type\":\"WebSite\",\"@id\":\"https:\\\/\\\/www.anovapeneira.gal\\\/#website\",\"url\":\"https:\\\/\\\/www.anovapeneira.gal\\\/\",\"name\":\"\",\"description\":\"Xornal galego de informaci\u00f3n xeral Publicaci\u00f3n mensual de novas de Galicia e en especial dos Concellos da sur da provincia de Pontevedra.\",\"publisher\":{\"@id\":\"https:\\\/\\\/www.anovapeneira.gal\\\/#organization\"},\"potentialAction\":[{\"@type\":\"SearchAction\",\"target\":{\"@type\":\"EntryPoint\",\"urlTemplate\":\"https:\\\/\\\/www.anovapeneira.gal\\\/?s={search_term_string}\"},\"query-input\":{\"@type\":\"PropertyValueSpecification\",\"valueRequired\":true,\"valueName\":\"search_term_string\"}}],\"inLanguage\":\"gl-ES\"},{\"@type\":\"Organization\",\"@id\":\"https:\\\/\\\/www.anovapeneira.gal\\\/#organization\",\"name\":\"A Nova Peneira\",\"url\":\"https:\\\/\\\/www.anovapeneira.gal\\\/\",\"logo\":{\"@type\":\"ImageObject\",\"inLanguage\":\"gl-ES\",\"@id\":\"https:\\\/\\\/www.anovapeneira.gal\\\/#\\\/schema\\\/logo\\\/image\\\/\",\"url\":\"http:\\\/\\\/www.anovapeneira.gal\\\/wp-content\\\/uploads\\\/2019\\\/06\\\/logo_a_nova_peneira_portal_web.png\",\"contentUrl\":\"http:\\\/\\\/www.anovapeneira.gal\\\/wp-content\\\/uploads\\\/2019\\\/06\\\/logo_a_nova_peneira_portal_web.png\",\"width\":300,\"height\":100,\"caption\":\"A Nova Peneira\"},\"image\":{\"@id\":\"https:\\\/\\\/www.anovapeneira.gal\\\/#\\\/schema\\\/logo\\\/image\\\/\"},\"sameAs\":[\"https:\\\/\\\/www.facebook.com\\\/anovapeneira\",\"https:\\\/\\\/x.com\\\/APeneira\"]},{\"@type\":\"Person\",\"@id\":\"https:\\\/\\\/www.anovapeneira.gal\\\/#\\\/schema\\\/person\\\/b93e3f8932e3f8da96334607eb6ac6aa\",\"name\":\"Redacci\u00f3n A Nova Peneira\",\"image\":{\"@type\":\"ImageObject\",\"inLanguage\":\"gl-ES\",\"@id\":\"https:\\\/\\\/secure.gravatar.com\\\/avatar\\\/c052a2551a06e23fac63626232eaa90abd78dbcf1700fc46a2b2c89fd27b735f?s=96&d=mm&r=g\",\"url\":\"https:\\\/\\\/secure.gravatar.com\\\/avatar\\\/c052a2551a06e23fac63626232eaa90abd78dbcf1700fc46a2b2c89fd27b735f?s=96&d=mm&r=g\",\"contentUrl\":\"https:\\\/\\\/secure.gravatar.com\\\/avatar\\\/c052a2551a06e23fac63626232eaa90abd78dbcf1700fc46a2b2c89fd27b735f?s=96&d=mm&r=g\",\"caption\":\"Redacci\u00f3n A Nova Peneira\"},\"sameAs\":[\"http:\\\/\\\/www.anovapeneira.gal\\\/\"],\"url\":\"https:\\\/\\\/www.anovapeneira.gal\\\/index.php\\\/author\\\/redactor\\\/\"}]}<\/script>\n<!-- \/ Yoast SEO plugin. -->","yoast_head_json":{"title":"Digna Rivas, Alcaldesa de Redondela -","description":"M\u00e1is dun ano despois de ter acadado a alcald\u00eda do noso pobo a alcaldesa Dina Rivas ten a amabilidade de compartir con n\u00f2s a s\u00faa valoraci\u00f3n sobre a situaci\u00f3n pol\u00edtica e sanitaria de Redondela","robots":{"index":"index","follow":"follow","max-snippet":"max-snippet:-1","max-image-preview":"max-image-preview:large","max-video-preview":"max-video-preview:-1"},"canonical":"https:\/\/www.anovapeneira.gal\/index.php\/2020\/11\/16\/digna-rivas-alcaldesa-de-redondela-3\/","og_locale":"gl_ES","og_type":"article","og_title":"Digna Rivas, Alcaldesa de Redondela -","og_description":"M\u00e1is dun ano despois de ter acadado a alcald\u00eda do noso pobo a alcaldesa Dina Rivas ten a amabilidade de compartir con n\u00f2s a s\u00faa valoraci\u00f3n sobre a situaci\u00f3n pol\u00edtica e sanitaria de Redondela","og_url":"https:\/\/www.anovapeneira.gal\/index.php\/2020\/11\/16\/digna-rivas-alcaldesa-de-redondela-3\/","article_publisher":"https:\/\/www.facebook.com\/anovapeneira","article_published_time":"2020-11-16T11:00:04+00:00","og_image":[{"width":720,"height":432,"url":"https:\/\/www.anovapeneira.gal\/wp-content\/uploads\/2020\/11\/alcaldesa_de_redondela.jpg","type":"image\/jpeg"}],"author":"Redacci\u00f3n A Nova Peneira","twitter_card":"summary_large_image","twitter_creator":"@APeneira","twitter_site":"@APeneira","twitter_misc":{"Escrito por":"Redacci\u00f3n A Nova Peneira","Tempo de lectura":"6 minutos"},"schema":{"@context":"https:\/\/schema.org","@graph":[{"@type":"Article","@id":"https:\/\/www.anovapeneira.gal\/index.php\/2020\/11\/16\/digna-rivas-alcaldesa-de-redondela-3\/#article","isPartOf":{"@id":"https:\/\/www.anovapeneira.gal\/index.php\/2020\/11\/16\/digna-rivas-alcaldesa-de-redondela-3\/"},"author":{"name":"Redacci\u00f3n A Nova Peneira","@id":"https:\/\/www.anovapeneira.gal\/#\/schema\/person\/b93e3f8932e3f8da96334607eb6ac6aa"},"headline":"Digna Rivas, Alcaldesa de Redondela","datePublished":"2020-11-16T11:00:04+00:00","mainEntityOfPage":{"@id":"https:\/\/www.anovapeneira.gal\/index.php\/2020\/11\/16\/digna-rivas-alcaldesa-de-redondela-3\/"},"wordCount":1192,"commentCount":0,"publisher":{"@id":"https:\/\/www.anovapeneira.gal\/#organization"},"image":{"@id":"https:\/\/www.anovapeneira.gal\/index.php\/2020\/11\/16\/digna-rivas-alcaldesa-de-redondela-3\/#primaryimage"},"thumbnailUrl":"https:\/\/www.anovapeneira.gal\/wp-content\/uploads\/2020\/11\/alcaldesa_de_redondela.jpg","keywords":["Concello de Redondela"],"articleSection":["Redondela"],"inLanguage":"gl-ES","potentialAction":[{"@type":"CommentAction","name":"Comment","target":["https:\/\/www.anovapeneira.gal\/index.php\/2020\/11\/16\/digna-rivas-alcaldesa-de-redondela-3\/#respond"]}]},{"@type":"WebPage","@id":"https:\/\/www.anovapeneira.gal\/index.php\/2020\/11\/16\/digna-rivas-alcaldesa-de-redondela-3\/","url":"https:\/\/www.anovapeneira.gal\/index.php\/2020\/11\/16\/digna-rivas-alcaldesa-de-redondela-3\/","name":"Digna Rivas, Alcaldesa de Redondela -","isPartOf":{"@id":"https:\/\/www.anovapeneira.gal\/#website"},"primaryImageOfPage":{"@id":"https:\/\/www.anovapeneira.gal\/index.php\/2020\/11\/16\/digna-rivas-alcaldesa-de-redondela-3\/#primaryimage"},"image":{"@id":"https:\/\/www.anovapeneira.gal\/index.php\/2020\/11\/16\/digna-rivas-alcaldesa-de-redondela-3\/#primaryimage"},"thumbnailUrl":"https:\/\/www.anovapeneira.gal\/wp-content\/uploads\/2020\/11\/alcaldesa_de_redondela.jpg","datePublished":"2020-11-16T11:00:04+00:00","description":"M\u00e1is dun ano despois de ter acadado a alcald\u00eda do noso pobo a alcaldesa Dina Rivas ten a amabilidade de compartir con n\u00f2s a s\u00faa valoraci\u00f3n sobre a situaci\u00f3n pol\u00edtica e sanitaria de Redondela","breadcrumb":{"@id":"https:\/\/www.anovapeneira.gal\/index.php\/2020\/11\/16\/digna-rivas-alcaldesa-de-redondela-3\/#breadcrumb"},"inLanguage":"gl-ES","potentialAction":[{"@type":"ReadAction","target":["https:\/\/www.anovapeneira.gal\/index.php\/2020\/11\/16\/digna-rivas-alcaldesa-de-redondela-3\/"]}]},{"@type":"ImageObject","inLanguage":"gl-ES","@id":"https:\/\/www.anovapeneira.gal\/index.php\/2020\/11\/16\/digna-rivas-alcaldesa-de-redondela-3\/#primaryimage","url":"https:\/\/www.anovapeneira.gal\/wp-content\/uploads\/2020\/11\/alcaldesa_de_redondela.jpg","contentUrl":"https:\/\/www.anovapeneira.gal\/wp-content\/uploads\/2020\/11\/alcaldesa_de_redondela.jpg","width":720,"height":432,"caption":"Alcaldesa de Redondela"},{"@type":"BreadcrumbList","@id":"https:\/\/www.anovapeneira.gal\/index.php\/2020\/11\/16\/digna-rivas-alcaldesa-de-redondela-3\/#breadcrumb","itemListElement":[{"@type":"ListItem","position":1,"name":"Portada","item":"https:\/\/www.anovapeneira.gal\/"},{"@type":"ListItem","position":2,"name":"Digna Rivas, Alcaldesa de Redondela"}]},{"@type":"WebSite","@id":"https:\/\/www.anovapeneira.gal\/#website","url":"https:\/\/www.anovapeneira.gal\/","name":"","description":"Xornal galego de informaci\u00f3n xeral Publicaci\u00f3n mensual de novas de Galicia e en especial dos Concellos da sur da provincia de Pontevedra.","publisher":{"@id":"https:\/\/www.anovapeneira.gal\/#organization"},"potentialAction":[{"@type":"SearchAction","target":{"@type":"EntryPoint","urlTemplate":"https:\/\/www.anovapeneira.gal\/?s={search_term_string}"},"query-input":{"@type":"PropertyValueSpecification","valueRequired":true,"valueName":"search_term_string"}}],"inLanguage":"gl-ES"},{"@type":"Organization","@id":"https:\/\/www.anovapeneira.gal\/#organization","name":"A Nova Peneira","url":"https:\/\/www.anovapeneira.gal\/","logo":{"@type":"ImageObject","inLanguage":"gl-ES","@id":"https:\/\/www.anovapeneira.gal\/#\/schema\/logo\/image\/","url":"http:\/\/www.anovapeneira.gal\/wp-content\/uploads\/2019\/06\/logo_a_nova_peneira_portal_web.png","contentUrl":"http:\/\/www.anovapeneira.gal\/wp-content\/uploads\/2019\/06\/logo_a_nova_peneira_portal_web.png","width":300,"height":100,"caption":"A Nova Peneira"},"image":{"@id":"https:\/\/www.anovapeneira.gal\/#\/schema\/logo\/image\/"},"sameAs":["https:\/\/www.facebook.com\/anovapeneira","https:\/\/x.com\/APeneira"]},{"@type":"Person","@id":"https:\/\/www.anovapeneira.gal\/#\/schema\/person\/b93e3f8932e3f8da96334607eb6ac6aa","name":"Redacci\u00f3n A Nova Peneira","image":{"@type":"ImageObject","inLanguage":"gl-ES","@id":"https:\/\/secure.gravatar.com\/avatar\/c052a2551a06e23fac63626232eaa90abd78dbcf1700fc46a2b2c89fd27b735f?s=96&d=mm&r=g","url":"https:\/\/secure.gravatar.com\/avatar\/c052a2551a06e23fac63626232eaa90abd78dbcf1700fc46a2b2c89fd27b735f?s=96&d=mm&r=g","contentUrl":"https:\/\/secure.gravatar.com\/avatar\/c052a2551a06e23fac63626232eaa90abd78dbcf1700fc46a2b2c89fd27b735f?s=96&d=mm&r=g","caption":"Redacci\u00f3n A Nova Peneira"},"sameAs":["http:\/\/www.anovapeneira.gal\/"],"url":"https:\/\/www.anovapeneira.gal\/index.php\/author\/redactor\/"}]}},"jetpack_featured_media_url":"https:\/\/www.anovapeneira.gal\/wp-content\/uploads\/2020\/11\/alcaldesa_de_redondela.jpg","_links":{"self":[{"href":"https:\/\/www.anovapeneira.gal\/index.php\/wp-json\/wp\/v2\/posts\/4276","targetHints":{"allow":["GET"]}}],"collection":[{"href":"https:\/\/www.anovapeneira.gal\/index.php\/wp-json\/wp\/v2\/posts"}],"about":[{"href":"https:\/\/www.anovapeneira.gal\/index.php\/wp-json\/wp\/v2\/types\/post"}],"author":[{"embeddable":true,"href":"https:\/\/www.anovapeneira.gal\/index.php\/wp-json\/wp\/v2\/users\/3"}],"replies":[{"embeddable":true,"href":"https:\/\/www.anovapeneira.gal\/index.php\/wp-json\/wp\/v2\/comments?post=4276"}],"version-history":[{"count":1,"href":"https:\/\/www.anovapeneira.gal\/index.php\/wp-json\/wp\/v2\/posts\/4276\/revisions"}],"predecessor-version":[{"id":4278,"href":"https:\/\/www.anovapeneira.gal\/index.php\/wp-json\/wp\/v2\/posts\/4276\/revisions\/4278"}],"wp:featuredmedia":[{"embeddable":true,"href":"https:\/\/www.anovapeneira.gal\/index.php\/wp-json\/wp\/v2\/media\/4277"}],"wp:attachment":[{"href":"https:\/\/www.anovapeneira.gal\/index.php\/wp-json\/wp\/v2\/media?parent=4276"}],"wp:term":[{"taxonomy":"category","embeddable":true,"href":"https:\/\/www.anovapeneira.gal\/index.php\/wp-json\/wp\/v2\/categories?post=4276"},{"taxonomy":"post_tag","embeddable":true,"href":"https:\/\/www.anovapeneira.gal\/index.php\/wp-json\/wp\/v2\/tags?post=4276"}],"curies":[{"name":"wp","href":"https:\/\/api.w.org\/{rel}","templated":true}]}}