{"id":4279,"date":"2020-11-17T10:00:48","date_gmt":"2020-11-17T09:00:48","guid":{"rendered":"http:\/\/www.anovapeneira.gal\/?p=4279"},"modified":"2020-11-13T16:38:25","modified_gmt":"2020-11-13T15:38:25","slug":"40-000e-por-unha-volta","status":"publish","type":"post","link":"https:\/\/www.anovapeneira.gal\/index.php\/2020\/11\/17\/40-000e-por-unha-volta\/","title":{"rendered":"40.000\u20ac por unha \u201cvolta\u201d"},"content":{"rendered":"\n<pre class=\"wp-block-verse\">Gustavo Barcia Seijo - Portavoz Municipal do BNG de Mos<\/pre>\n\n\n\n<p>O pasado d\u00eda 5 de novembro viviuse en Mos un feito \u00fanico na historia do noso concello, hai quen pensar\u00e1 na Volta Ciclista a Espa\u00f1a pero non, o verdadeiro fito hist\u00f3rico foi a \u201cvolta\u201d que deu a alcaldesa de Mos subida nun coche, diante do pelot\u00f3n de ciclistas, vestida cunha camisola ciclista e saudando \u00e1 xente imitando \u00e1 ra\u00ed\u00f1a de Inglaterra.<\/p>\n\n\n\n<p>Esta historia, que parece un \u201csketch\u201d do Land Rober, ser\u00eda ata gracioso se non custase a broma 40.000\u20ac. Algo que confirmou a propia alcaldesa nun pleno municipal aclarando que o erario municipal non ter\u00eda que pagar nada (iso est\u00e1 por ver) e que ser\u00eda asumido pola administraci\u00f3n auton\u00f3mica, que tam\u00e9n \u00e9 di\u00f1eiro p\u00fablico, e achegas de empresarios do concello, esperemos que por que son moi afeccionados ao ciclismo e non por contrapartidas. E todo isto no medio dunha pandemia que est\u00e1 esnaquizando a sa\u00fade e a econom\u00eda da cidadan\u00eda.<\/p>\n\n\n\n<p>D\u00edxose que a Volta ser\u00eda algo positivo para Mos porque traer\u00eda beneficios para o concello. A realidade \u00e9 que trouxo prexu\u00edzos mais que outra cousa. Eses supostos beneficios poder\u00edan darse, supo\u00f1endo que non estiveramos nunha pandemia, se existise un n\u00facleo urbano onde os hosteleiros puideran beneficiarse da chegada de visitantes e tiveramos hoteis onde aloxar as equipas ciclistas, que se aloxaron en Vigo, Baiona&#8230; incluso a repercusi\u00f3n nos medios era un dos alicientes e viuse reducido a un minuto de reportaxe no mellor dos casos. Pola contra prexudicouse \u00e1 cidadan\u00eda, pois por exemplo non se avisou aos donos dos locais da contorna do Pazo de Mos, de onde sa\u00eda a Volta, de que as estradas \u00edan estar cortadas non podendo acceder aos seus locais, nalg\u00fans casos ata d\u00faas ou tres horas despois da hora de apertura, pero tampouco se avisou aos pais da escola Mestre Mart\u00ednez Alonso. A iso hai que sumarlle que en plena pandemia, e estando o concello en alerta vermella pola incidencia da Covid, o goberno municipal decidiu facer un acto p\u00fablico onde acudiron decenas de persoas onde, como se pode ver en imaxes, os protocolos sanitarios apenas se cumpriron, sendo totalmente irresponsables e incluso neglixentes.<\/p>\n\n\n\n<p>Eu como concelleiro e como veci\u00f1o do concello sempre me mostrei en contra da sa\u00edda da Volta dende Mos, non por estar en contra do ciclismo ou o deporte se non por todo o que aconteceu.<\/p>\n\n\n\n<p>40.000\u20ac porque a alcaldesa dese unha \u201cvolta\u201d vestida de ciclista, pero montada nun coche, saudando \u00e1 xente como cando o ga\u00f1adores dunha medalla de ouro dan a volta ao estadio saudando aos afeccionados ou como cando coroan a un rei ou ra\u00ed\u00f1a que sae en carruaxe saudando \u00e1 plebe, neste caso como sa\u00edu do Pazo dos marqueses de Mos o d\u00eda 5 de novembro coroouse unha nova marquesa e todo por s\u00f3 40.000\u20ac.<\/p>\n","protected":false},"excerpt":{"rendered":"<div class=\"mh-excerpt\"><p>O pasado d\u00eda 5 de novembro viviuse en Mos un feito \u00fanico na historia do noso concello, hai quen pensar\u00e1 na Volta Ciclista a Espa\u00f1a pero non, o verdadeiro fito hist\u00f3rico foi a \u201cvolta\u201d que deu a alcaldesa de Mos subida nun coche, diante do pelot\u00f3n de ciclistas, vestida cunha camisola ciclista e saudando \u00e1 xente imitando \u00e1 ra\u00ed\u00f1a de Inglaterra. <a class=\"mh-excerpt-more\" href=\"https:\/\/www.anovapeneira.gal\/index.php\/2020\/11\/17\/40-000e-por-unha-volta\/\" title=\"40.000\u20ac por unha \u201cvolta\u201d\">[&#8230;]<\/a><\/p>\n<\/div>","protected":false},"author":12,"featured_media":4012,"comment_status":"open","ping_status":"open","sticky":false,"template":"","format":"standard","meta":{"_exactmetrics_skip_tracking":false,"_exactmetrics_sitenote_active":false,"_exactmetrics_sitenote_note":"","_exactmetrics_sitenote_category":0,"footnotes":""},"categories":[7],"tags":[1207],"class_list":{"0":"post-4279","1":"post","2":"type-post","3":"status-publish","4":"format-standard","5":"has-post-thumbnail","7":"category-artigos-de-opinion","8":"tag-gustavo-barcia-seijo"},"yoast_head":"<!-- This site is optimized with the Yoast SEO plugin v27.4 - https:\/\/yoast.com\/product\/yoast-seo-wordpress\/ -->\n<title>40.000\u20ac por unha \u201cvolta\u201d -<\/title>\n<meta name=\"robots\" content=\"index, follow, max-snippet:-1, max-image-preview:large, max-video-preview:-1\" \/>\n<link rel=\"canonical\" href=\"https:\/\/www.anovapeneira.gal\/index.php\/2020\/11\/17\/40-000e-por-unha-volta\/\" \/>\n<meta property=\"og:locale\" content=\"gl_ES\" \/>\n<meta property=\"og:type\" content=\"article\" \/>\n<meta property=\"og:title\" content=\"40.000\u20ac por unha \u201cvolta\u201d -\" \/>\n<meta property=\"og:description\" content=\"O pasado d\u00eda 5 de novembro viviuse en Mos un feito \u00fanico na historia do noso concello, hai quen pensar\u00e1 na Volta Ciclista a Espa\u00f1a pero non, o verdadeiro fito hist\u00f3rico foi a \u201cvolta\u201d que deu a alcaldesa de Mos subida nun coche, diante do pelot\u00f3n de ciclistas, vestida cunha camisola ciclista e saudando \u00e1 xente imitando \u00e1 ra\u00ed\u00f1a de Inglaterra. [...]\" \/>\n<meta property=\"og:url\" content=\"https:\/\/www.anovapeneira.gal\/index.php\/2020\/11\/17\/40-000e-por-unha-volta\/\" \/>\n<meta property=\"article:publisher\" content=\"https:\/\/www.facebook.com\/anovapeneira\" \/>\n<meta property=\"article:published_time\" content=\"2020-11-17T09:00:48+00:00\" \/>\n<meta property=\"og:image\" content=\"https:\/\/www.anovapeneira.gal\/wp-content\/uploads\/2020\/09\/gustavo_barcia_bng_mos_a_nova_peneira.jpg\" \/>\n\t<meta property=\"og:image:width\" content=\"720\" \/>\n\t<meta property=\"og:image:height\" content=\"432\" \/>\n\t<meta property=\"og:image:type\" content=\"image\/jpeg\" \/>\n<meta name=\"author\" content=\"Artigos Opini\u00f3n\" \/>\n<meta name=\"twitter:card\" content=\"summary_large_image\" \/>\n<meta name=\"twitter:creator\" content=\"@APeneira\" \/>\n<meta name=\"twitter:site\" content=\"@APeneira\" \/>\n<meta name=\"twitter:label1\" content=\"Escrito por\" \/>\n\t<meta name=\"twitter:data1\" content=\"Artigos Opini\u00f3n\" \/>\n\t<meta name=\"twitter:label2\" content=\"Tempo de lectura\" \/>\n\t<meta name=\"twitter:data2\" content=\"2 minutos\" \/>\n<script type=\"application\/ld+json\" class=\"yoast-schema-graph\">{\"@context\":\"https:\\\/\\\/schema.org\",\"@graph\":[{\"@type\":\"Article\",\"@id\":\"https:\\\/\\\/www.anovapeneira.gal\\\/index.php\\\/2020\\\/11\\\/17\\\/40-000e-por-unha-volta\\\/#article\",\"isPartOf\":{\"@id\":\"https:\\\/\\\/www.anovapeneira.gal\\\/index.php\\\/2020\\\/11\\\/17\\\/40-000e-por-unha-volta\\\/\"},\"author\":{\"name\":\"Artigos Opini\u00f3n\",\"@id\":\"https:\\\/\\\/www.anovapeneira.gal\\\/#\\\/schema\\\/person\\\/f18a4feb302e8f20bcef4490b5b60bb3\"},\"headline\":\"40.000\u20ac por unha \u201cvolta\u201d\",\"datePublished\":\"2020-11-17T09:00:48+00:00\",\"mainEntityOfPage\":{\"@id\":\"https:\\\/\\\/www.anovapeneira.gal\\\/index.php\\\/2020\\\/11\\\/17\\\/40-000e-por-unha-volta\\\/\"},\"wordCount\":485,\"commentCount\":0,\"publisher\":{\"@id\":\"https:\\\/\\\/www.anovapeneira.gal\\\/#organization\"},\"image\":{\"@id\":\"https:\\\/\\\/www.anovapeneira.gal\\\/index.php\\\/2020\\\/11\\\/17\\\/40-000e-por-unha-volta\\\/#primaryimage\"},\"thumbnailUrl\":\"https:\\\/\\\/www.anovapeneira.gal\\\/wp-content\\\/uploads\\\/2020\\\/09\\\/gustavo_barcia_bng_mos_a_nova_peneira.jpg\",\"keywords\":[\"Gustavo Barcia Seijo\"],\"articleSection\":[\"Artigos de opini\u00f3n\"],\"inLanguage\":\"gl-ES\",\"potentialAction\":[{\"@type\":\"CommentAction\",\"name\":\"Comment\",\"target\":[\"https:\\\/\\\/www.anovapeneira.gal\\\/index.php\\\/2020\\\/11\\\/17\\\/40-000e-por-unha-volta\\\/#respond\"]}]},{\"@type\":\"WebPage\",\"@id\":\"https:\\\/\\\/www.anovapeneira.gal\\\/index.php\\\/2020\\\/11\\\/17\\\/40-000e-por-unha-volta\\\/\",\"url\":\"https:\\\/\\\/www.anovapeneira.gal\\\/index.php\\\/2020\\\/11\\\/17\\\/40-000e-por-unha-volta\\\/\",\"name\":\"40.000\u20ac por unha \u201cvolta\u201d -\",\"isPartOf\":{\"@id\":\"https:\\\/\\\/www.anovapeneira.gal\\\/#website\"},\"primaryImageOfPage\":{\"@id\":\"https:\\\/\\\/www.anovapeneira.gal\\\/index.php\\\/2020\\\/11\\\/17\\\/40-000e-por-unha-volta\\\/#primaryimage\"},\"image\":{\"@id\":\"https:\\\/\\\/www.anovapeneira.gal\\\/index.php\\\/2020\\\/11\\\/17\\\/40-000e-por-unha-volta\\\/#primaryimage\"},\"thumbnailUrl\":\"https:\\\/\\\/www.anovapeneira.gal\\\/wp-content\\\/uploads\\\/2020\\\/09\\\/gustavo_barcia_bng_mos_a_nova_peneira.jpg\",\"datePublished\":\"2020-11-17T09:00:48+00:00\",\"breadcrumb\":{\"@id\":\"https:\\\/\\\/www.anovapeneira.gal\\\/index.php\\\/2020\\\/11\\\/17\\\/40-000e-por-unha-volta\\\/#breadcrumb\"},\"inLanguage\":\"gl-ES\",\"potentialAction\":[{\"@type\":\"ReadAction\",\"target\":[\"https:\\\/\\\/www.anovapeneira.gal\\\/index.php\\\/2020\\\/11\\\/17\\\/40-000e-por-unha-volta\\\/\"]}]},{\"@type\":\"ImageObject\",\"inLanguage\":\"gl-ES\",\"@id\":\"https:\\\/\\\/www.anovapeneira.gal\\\/index.php\\\/2020\\\/11\\\/17\\\/40-000e-por-unha-volta\\\/#primaryimage\",\"url\":\"https:\\\/\\\/www.anovapeneira.gal\\\/wp-content\\\/uploads\\\/2020\\\/09\\\/gustavo_barcia_bng_mos_a_nova_peneira.jpg\",\"contentUrl\":\"https:\\\/\\\/www.anovapeneira.gal\\\/wp-content\\\/uploads\\\/2020\\\/09\\\/gustavo_barcia_bng_mos_a_nova_peneira.jpg\",\"width\":720,\"height\":432,\"caption\":\"Gustavo Barcia BNG Mos\"},{\"@type\":\"BreadcrumbList\",\"@id\":\"https:\\\/\\\/www.anovapeneira.gal\\\/index.php\\\/2020\\\/11\\\/17\\\/40-000e-por-unha-volta\\\/#breadcrumb\",\"itemListElement\":[{\"@type\":\"ListItem\",\"position\":1,\"name\":\"Portada\",\"item\":\"https:\\\/\\\/www.anovapeneira.gal\\\/\"},{\"@type\":\"ListItem\",\"position\":2,\"name\":\"40.000\u20ac por unha \u201cvolta\u201d\"}]},{\"@type\":\"WebSite\",\"@id\":\"https:\\\/\\\/www.anovapeneira.gal\\\/#website\",\"url\":\"https:\\\/\\\/www.anovapeneira.gal\\\/\",\"name\":\"\",\"description\":\"Xornal galego de informaci\u00f3n xeral Publicaci\u00f3n mensual de novas de Galicia e en especial dos Concellos da sur da provincia de Pontevedra.\",\"publisher\":{\"@id\":\"https:\\\/\\\/www.anovapeneira.gal\\\/#organization\"},\"potentialAction\":[{\"@type\":\"SearchAction\",\"target\":{\"@type\":\"EntryPoint\",\"urlTemplate\":\"https:\\\/\\\/www.anovapeneira.gal\\\/?s={search_term_string}\"},\"query-input\":{\"@type\":\"PropertyValueSpecification\",\"valueRequired\":true,\"valueName\":\"search_term_string\"}}],\"inLanguage\":\"gl-ES\"},{\"@type\":\"Organization\",\"@id\":\"https:\\\/\\\/www.anovapeneira.gal\\\/#organization\",\"name\":\"A Nova Peneira\",\"url\":\"https:\\\/\\\/www.anovapeneira.gal\\\/\",\"logo\":{\"@type\":\"ImageObject\",\"inLanguage\":\"gl-ES\",\"@id\":\"https:\\\/\\\/www.anovapeneira.gal\\\/#\\\/schema\\\/logo\\\/image\\\/\",\"url\":\"http:\\\/\\\/www.anovapeneira.gal\\\/wp-content\\\/uploads\\\/2019\\\/06\\\/logo_a_nova_peneira_portal_web.png\",\"contentUrl\":\"http:\\\/\\\/www.anovapeneira.gal\\\/wp-content\\\/uploads\\\/2019\\\/06\\\/logo_a_nova_peneira_portal_web.png\",\"width\":300,\"height\":100,\"caption\":\"A Nova Peneira\"},\"image\":{\"@id\":\"https:\\\/\\\/www.anovapeneira.gal\\\/#\\\/schema\\\/logo\\\/image\\\/\"},\"sameAs\":[\"https:\\\/\\\/www.facebook.com\\\/anovapeneira\",\"https:\\\/\\\/x.com\\\/APeneira\"]},{\"@type\":\"Person\",\"@id\":\"https:\\\/\\\/www.anovapeneira.gal\\\/#\\\/schema\\\/person\\\/f18a4feb302e8f20bcef4490b5b60bb3\",\"name\":\"Artigos Opini\u00f3n\",\"image\":{\"@type\":\"ImageObject\",\"inLanguage\":\"gl-ES\",\"@id\":\"https:\\\/\\\/secure.gravatar.com\\\/avatar\\\/072844300f4881150aee2da4278f7a65d16eefdf8262eb67085f1e702de2b959?s=96&d=mm&r=g\",\"url\":\"https:\\\/\\\/secure.gravatar.com\\\/avatar\\\/072844300f4881150aee2da4278f7a65d16eefdf8262eb67085f1e702de2b959?s=96&d=mm&r=g\",\"contentUrl\":\"https:\\\/\\\/secure.gravatar.com\\\/avatar\\\/072844300f4881150aee2da4278f7a65d16eefdf8262eb67085f1e702de2b959?s=96&d=mm&r=g\",\"caption\":\"Artigos Opini\u00f3n\"},\"sameAs\":[\"http:\\\/\\\/anovapeneira.gal\"],\"url\":\"https:\\\/\\\/www.anovapeneira.gal\\\/index.php\\\/author\\\/artigosopinion\\\/\"}]}<\/script>\n<!-- \/ Yoast SEO plugin. -->","yoast_head_json":{"title":"40.000\u20ac por unha \u201cvolta\u201d -","robots":{"index":"index","follow":"follow","max-snippet":"max-snippet:-1","max-image-preview":"max-image-preview:large","max-video-preview":"max-video-preview:-1"},"canonical":"https:\/\/www.anovapeneira.gal\/index.php\/2020\/11\/17\/40-000e-por-unha-volta\/","og_locale":"gl_ES","og_type":"article","og_title":"40.000\u20ac por unha \u201cvolta\u201d -","og_description":"O pasado d\u00eda 5 de novembro viviuse en Mos un feito \u00fanico na historia do noso concello, hai quen pensar\u00e1 na Volta Ciclista a Espa\u00f1a pero non, o verdadeiro fito hist\u00f3rico foi a \u201cvolta\u201d que deu a alcaldesa de Mos subida nun coche, diante do pelot\u00f3n de ciclistas, vestida cunha camisola ciclista e saudando \u00e1 xente imitando \u00e1 ra\u00ed\u00f1a de Inglaterra. [...]","og_url":"https:\/\/www.anovapeneira.gal\/index.php\/2020\/11\/17\/40-000e-por-unha-volta\/","article_publisher":"https:\/\/www.facebook.com\/anovapeneira","article_published_time":"2020-11-17T09:00:48+00:00","og_image":[{"width":720,"height":432,"url":"https:\/\/www.anovapeneira.gal\/wp-content\/uploads\/2020\/09\/gustavo_barcia_bng_mos_a_nova_peneira.jpg","type":"image\/jpeg"}],"author":"Artigos Opini\u00f3n","twitter_card":"summary_large_image","twitter_creator":"@APeneira","twitter_site":"@APeneira","twitter_misc":{"Escrito por":"Artigos Opini\u00f3n","Tempo de lectura":"2 minutos"},"schema":{"@context":"https:\/\/schema.org","@graph":[{"@type":"Article","@id":"https:\/\/www.anovapeneira.gal\/index.php\/2020\/11\/17\/40-000e-por-unha-volta\/#article","isPartOf":{"@id":"https:\/\/www.anovapeneira.gal\/index.php\/2020\/11\/17\/40-000e-por-unha-volta\/"},"author":{"name":"Artigos Opini\u00f3n","@id":"https:\/\/www.anovapeneira.gal\/#\/schema\/person\/f18a4feb302e8f20bcef4490b5b60bb3"},"headline":"40.000\u20ac por unha \u201cvolta\u201d","datePublished":"2020-11-17T09:00:48+00:00","mainEntityOfPage":{"@id":"https:\/\/www.anovapeneira.gal\/index.php\/2020\/11\/17\/40-000e-por-unha-volta\/"},"wordCount":485,"commentCount":0,"publisher":{"@id":"https:\/\/www.anovapeneira.gal\/#organization"},"image":{"@id":"https:\/\/www.anovapeneira.gal\/index.php\/2020\/11\/17\/40-000e-por-unha-volta\/#primaryimage"},"thumbnailUrl":"https:\/\/www.anovapeneira.gal\/wp-content\/uploads\/2020\/09\/gustavo_barcia_bng_mos_a_nova_peneira.jpg","keywords":["Gustavo Barcia Seijo"],"articleSection":["Artigos de opini\u00f3n"],"inLanguage":"gl-ES","potentialAction":[{"@type":"CommentAction","name":"Comment","target":["https:\/\/www.anovapeneira.gal\/index.php\/2020\/11\/17\/40-000e-por-unha-volta\/#respond"]}]},{"@type":"WebPage","@id":"https:\/\/www.anovapeneira.gal\/index.php\/2020\/11\/17\/40-000e-por-unha-volta\/","url":"https:\/\/www.anovapeneira.gal\/index.php\/2020\/11\/17\/40-000e-por-unha-volta\/","name":"40.000\u20ac por unha \u201cvolta\u201d -","isPartOf":{"@id":"https:\/\/www.anovapeneira.gal\/#website"},"primaryImageOfPage":{"@id":"https:\/\/www.anovapeneira.gal\/index.php\/2020\/11\/17\/40-000e-por-unha-volta\/#primaryimage"},"image":{"@id":"https:\/\/www.anovapeneira.gal\/index.php\/2020\/11\/17\/40-000e-por-unha-volta\/#primaryimage"},"thumbnailUrl":"https:\/\/www.anovapeneira.gal\/wp-content\/uploads\/2020\/09\/gustavo_barcia_bng_mos_a_nova_peneira.jpg","datePublished":"2020-11-17T09:00:48+00:00","breadcrumb":{"@id":"https:\/\/www.anovapeneira.gal\/index.php\/2020\/11\/17\/40-000e-por-unha-volta\/#breadcrumb"},"inLanguage":"gl-ES","potentialAction":[{"@type":"ReadAction","target":["https:\/\/www.anovapeneira.gal\/index.php\/2020\/11\/17\/40-000e-por-unha-volta\/"]}]},{"@type":"ImageObject","inLanguage":"gl-ES","@id":"https:\/\/www.anovapeneira.gal\/index.php\/2020\/11\/17\/40-000e-por-unha-volta\/#primaryimage","url":"https:\/\/www.anovapeneira.gal\/wp-content\/uploads\/2020\/09\/gustavo_barcia_bng_mos_a_nova_peneira.jpg","contentUrl":"https:\/\/www.anovapeneira.gal\/wp-content\/uploads\/2020\/09\/gustavo_barcia_bng_mos_a_nova_peneira.jpg","width":720,"height":432,"caption":"Gustavo Barcia BNG Mos"},{"@type":"BreadcrumbList","@id":"https:\/\/www.anovapeneira.gal\/index.php\/2020\/11\/17\/40-000e-por-unha-volta\/#breadcrumb","itemListElement":[{"@type":"ListItem","position":1,"name":"Portada","item":"https:\/\/www.anovapeneira.gal\/"},{"@type":"ListItem","position":2,"name":"40.000\u20ac por unha \u201cvolta\u201d"}]},{"@type":"WebSite","@id":"https:\/\/www.anovapeneira.gal\/#website","url":"https:\/\/www.anovapeneira.gal\/","name":"","description":"Xornal galego de informaci\u00f3n xeral Publicaci\u00f3n mensual de novas de Galicia e en especial dos Concellos da sur da provincia de Pontevedra.","publisher":{"@id":"https:\/\/www.anovapeneira.gal\/#organization"},"potentialAction":[{"@type":"SearchAction","target":{"@type":"EntryPoint","urlTemplate":"https:\/\/www.anovapeneira.gal\/?s={search_term_string}"},"query-input":{"@type":"PropertyValueSpecification","valueRequired":true,"valueName":"search_term_string"}}],"inLanguage":"gl-ES"},{"@type":"Organization","@id":"https:\/\/www.anovapeneira.gal\/#organization","name":"A Nova Peneira","url":"https:\/\/www.anovapeneira.gal\/","logo":{"@type":"ImageObject","inLanguage":"gl-ES","@id":"https:\/\/www.anovapeneira.gal\/#\/schema\/logo\/image\/","url":"http:\/\/www.anovapeneira.gal\/wp-content\/uploads\/2019\/06\/logo_a_nova_peneira_portal_web.png","contentUrl":"http:\/\/www.anovapeneira.gal\/wp-content\/uploads\/2019\/06\/logo_a_nova_peneira_portal_web.png","width":300,"height":100,"caption":"A Nova Peneira"},"image":{"@id":"https:\/\/www.anovapeneira.gal\/#\/schema\/logo\/image\/"},"sameAs":["https:\/\/www.facebook.com\/anovapeneira","https:\/\/x.com\/APeneira"]},{"@type":"Person","@id":"https:\/\/www.anovapeneira.gal\/#\/schema\/person\/f18a4feb302e8f20bcef4490b5b60bb3","name":"Artigos Opini\u00f3n","image":{"@type":"ImageObject","inLanguage":"gl-ES","@id":"https:\/\/secure.gravatar.com\/avatar\/072844300f4881150aee2da4278f7a65d16eefdf8262eb67085f1e702de2b959?s=96&d=mm&r=g","url":"https:\/\/secure.gravatar.com\/avatar\/072844300f4881150aee2da4278f7a65d16eefdf8262eb67085f1e702de2b959?s=96&d=mm&r=g","contentUrl":"https:\/\/secure.gravatar.com\/avatar\/072844300f4881150aee2da4278f7a65d16eefdf8262eb67085f1e702de2b959?s=96&d=mm&r=g","caption":"Artigos Opini\u00f3n"},"sameAs":["http:\/\/anovapeneira.gal"],"url":"https:\/\/www.anovapeneira.gal\/index.php\/author\/artigosopinion\/"}]}},"jetpack_featured_media_url":"https:\/\/www.anovapeneira.gal\/wp-content\/uploads\/2020\/09\/gustavo_barcia_bng_mos_a_nova_peneira.jpg","_links":{"self":[{"href":"https:\/\/www.anovapeneira.gal\/index.php\/wp-json\/wp\/v2\/posts\/4279","targetHints":{"allow":["GET"]}}],"collection":[{"href":"https:\/\/www.anovapeneira.gal\/index.php\/wp-json\/wp\/v2\/posts"}],"about":[{"href":"https:\/\/www.anovapeneira.gal\/index.php\/wp-json\/wp\/v2\/types\/post"}],"author":[{"embeddable":true,"href":"https:\/\/www.anovapeneira.gal\/index.php\/wp-json\/wp\/v2\/users\/12"}],"replies":[{"embeddable":true,"href":"https:\/\/www.anovapeneira.gal\/index.php\/wp-json\/wp\/v2\/comments?post=4279"}],"version-history":[{"count":1,"href":"https:\/\/www.anovapeneira.gal\/index.php\/wp-json\/wp\/v2\/posts\/4279\/revisions"}],"predecessor-version":[{"id":4280,"href":"https:\/\/www.anovapeneira.gal\/index.php\/wp-json\/wp\/v2\/posts\/4279\/revisions\/4280"}],"wp:featuredmedia":[{"embeddable":true,"href":"https:\/\/www.anovapeneira.gal\/index.php\/wp-json\/wp\/v2\/media\/4012"}],"wp:attachment":[{"href":"https:\/\/www.anovapeneira.gal\/index.php\/wp-json\/wp\/v2\/media?parent=4279"}],"wp:term":[{"taxonomy":"category","embeddable":true,"href":"https:\/\/www.anovapeneira.gal\/index.php\/wp-json\/wp\/v2\/categories?post=4279"},{"taxonomy":"post_tag","embeddable":true,"href":"https:\/\/www.anovapeneira.gal\/index.php\/wp-json\/wp\/v2\/tags?post=4279"}],"curies":[{"name":"wp","href":"https:\/\/api.w.org\/{rel}","templated":true}]}}