{"id":4281,"date":"2020-11-17T12:00:41","date_gmt":"2020-11-17T11:00:41","guid":{"rendered":"http:\/\/www.anovapeneira.gal\/?p=4281"},"modified":"2020-11-13T16:37:54","modified_gmt":"2020-11-13T15:37:54","slug":"desigual-xustiza","status":"publish","type":"post","link":"https:\/\/www.anovapeneira.gal\/index.php\/2020\/11\/17\/desigual-xustiza\/","title":{"rendered":"Desigual xustiza!"},"content":{"rendered":"\n<figure class=\"wp-block-image size-large is-resized\"><img loading=\"lazy\" decoding=\"async\" src=\"http:\/\/www.anovapeneira.gal\/wp-content\/uploads\/2019\/07\/Baldomero_Iglesias_Dobarrio_Mero.jpg\" alt=\"Baldomero Iglesias Dobarrio Mero artigos de opini\u00f3n A Nova Peneira\" class=\"wp-image-482\" width=\"95\" height=\"111\"\/><figcaption>Baldomero Iglesias Dobarrio, Mero<\/figcaption><\/figure>\n\n\n\n<p>Estarei mal de percepci\u00f3ns ou parece que hai unha seudo mafia xudicial que cada d\u00eda manexa gran cantidade de recursos medi\u00e1ticos en favor do &#8220;entramado de estado&#8221; e reiteradamente conculca aspectos da lei, a mesma lei que debera empregar para defendernos do mal que se cometa? Parece que o fan como sistema de auto protecci\u00f3n. Parece que est\u00e1n moi ben situados, xusto onde se xulga a corrupci\u00f3n dos partidos pol\u00edticos e claro, son cargos directivos da xudicatura que pagan as\u00ed o favor anterior de nomeamento, dobregando a lei aos intereses dos padri\u00f1os que al\u00ed os colocaron, o patrocinio en favores e alivios de penas nos casos da P\u00fanica, de enorme caso de Valencia, de B\u00e1rcenas, da Caixa B de certos partidos, de portas xiratorias, de especulaci\u00f3n e adxudicaci\u00f3n de obras a amigos, de favores empresariais, e un sen fin de trampas que non son de enumerar agora. Mesmo asinan manifestos con P\u00edo Moa e Jim\u00e9nez Losantos! Ah, e parece tam\u00e9n, foron os que admitiron a querela de Manos Limpias contra o xu\u00edces que quer\u00eda romper a t\u00f3nica e dominante actitude, cando quer\u00eda investigar os crimes do franquismo. Por outra parte, parece que ocultaron a Cospedal na trama G\u00fcrtel. E al\u00ed, na sala segunda \u00e9 onde parece tam\u00e9n, rebaixaron penas a Jaume Matas, arquivaron a querela contra Ignacio Gonz\u00e1lez, aquel que estaba nas fotos co fardel de billetes no para\u00edso fiscal e polo caso do \u00e1tico en Marbella. Tam\u00e9n parece pararon a investigaci\u00f3n da alcaldesa de Xerez e a corrupci\u00f3n urban\u00edstica de Pilar Barreiro, cando ratificaron a absoluci\u00f3n de Camps e de Costa. Iso si, arremeten contra o cantautor C\u00e9sar Strawberry polos tuits de Carrero Blanco, anque correron est\u00fapido velo na imputaci\u00f3n de Acebes -aquel que foi ministro- na G\u00fcrtel tam\u00e9n. En fin, unha morea de pequenos traballi\u00f1os que se van facendo enormes asuntos de estado e que non nos deixan ver a xustiza, ou parece que non aparece. Pero o peor do asunto \u00e9 cando parece, agora si, arremeten contra os perif\u00e9ricos nacionalistas, independentistas, roxos separatistas e contrarios. Ent\u00f3n ven armas de destruci\u00f3n masiva, grupos de extrema esquerda que forman bandas terroristas que ningu\u00e9n co\u00f1ece nin viu. Alg\u00fans xa est\u00e1n penando sen haber delito, nin probas, nin nada. Ah, seica te\u00f1en conxecturas e suposici\u00f3ns. E as\u00ed, desde esa c\u00fapula informativa que todo pode, convencer a gran cantidade de persoas, para que traguen a bola e pensen que son un poder con lexitimidade e certo rigor. A prensa ax\u00fadalles moito, logo algo ter\u00e1n que ocultar tam\u00e9n. \u00a0Mais \u00e9 ben sabido que casos como o de Rato, recentemente tratado, que nos empobreceu a todos e no que nin sequera devolveron os miles de mill\u00f3ns furtados. Ou como o de Villarejo e asociados, que son a perdici\u00f3n de calquera pa\u00eds do mundo que se queira chamar dem\u00f3crata, cunha situaci\u00f3n que puidera considerarse limpa, transparente ou ser medianamente achegada a unha democracia. Non te\u00f1en medo, a\u00ed hai que escarmentalos, darlles ca\u00f1a, co\u00f1o! F\u00e1lanse entre eles, por g\u00fcasap, na habilidade da boca pequena e dinse cousas curiosas como que controlan por detr\u00e1s a Sala correspondente desde o CXPX e ou outras lindezas dos presuntos apa\u00f1os. Por iso non queren renovar as salas nin o consello, perder\u00edan poder para a manipulaci\u00f3n. Al\u00ed te\u00f1en protecci\u00f3n diante das vergo\u00f1as insultantes como a destruci\u00f3n de probas que ti\u00f1a B\u00e1rcenas ou os pagos en B, as tarxetas negras da realeza que aparecen agora, des que esgotaron os fondos. Est\u00e1n financiados por grandes empresarios, alg\u00fans tan antigos como os que perduran do franquismo implicados a\u00ednda en negocios fraudulentos e donativos aos partidos da &#8220;timba&#8221;, involucrados na famosa Caixa B, co\u00f1ecida de todos, menos deles que seguen a degradar a condici\u00f3n humana e a liberdade que buscamos despois de tanto tempo de ensaio. Eses tribunais e as s\u00faas sentenzas, orquestradas na sombra de intereses partidarios extremos, son unha fraude, unha farsa chea de favorecidos, xa que xustificaron as ditaduras, os silencios, os apa\u00f1os para non buscar un equilibrio, unha harmon\u00eda &#8220;xusta&#8221; que tanto esperamos; porque, segundo din, procuran a paz p\u00fablica desde eses prexu\u00edzos que deben respectar. Algo que ningu\u00e9n entende, mais ningu\u00e9n corrixe. Pois eses se\u00f1ores son os que se encargan do xu\u00edzo do proc\u00e9s e dos actos de terrorismo aplicados a presas e presos pol\u00edticos independentistas galegos que, mirade por onde, non se lles considerou o dereito constitucional de presunci\u00f3n de inocencia, sen\u00f3n ao contrario, est\u00e1n xa cumprindo pena dunha sentenza que non se levou a cabo pero xa sentenciou \u00a0hai tempo. As\u00ed nos van as cousas, o peor \u00e9 que temos pol\u00edticos, que din representarnos, e seguen a calar nas instancias do poder pol\u00edtico, como se nada de isto pasara! Mentres eles xulgan, sen probas, desde as supostas intenci\u00f3ns e as presuntas suposici\u00f3ns.<\/p>\n","protected":false},"excerpt":{"rendered":"<div class=\"mh-excerpt\"><p>Estarei mal de percepci\u00f3ns ou parece que hai unha seudo mafia xudicial que cada d\u00eda manexa gran cantidade de recursos medi\u00e1ticos en favor do &#8220;entramado de estado&#8221; e reiteradamente conculca aspectos da lei, a mesma lei que debera empregar para defendernos do mal que se cometa? Parece que o fan como sistema de auto protecci\u00f3n <a class=\"mh-excerpt-more\" href=\"https:\/\/www.anovapeneira.gal\/index.php\/2020\/11\/17\/desigual-xustiza\/\" title=\"Desigual xustiza!\">[&#8230;]<\/a><\/p>\n<\/div>","protected":false},"author":5,"featured_media":584,"comment_status":"open","ping_status":"open","sticky":false,"template":"","format":"standard","meta":{"_exactmetrics_skip_tracking":false,"_exactmetrics_sitenote_active":false,"_exactmetrics_sitenote_note":"","_exactmetrics_sitenote_category":0,"footnotes":""},"categories":[7],"tags":[58],"class_list":{"0":"post-4281","1":"post","2":"type-post","3":"status-publish","4":"format-standard","5":"has-post-thumbnail","7":"category-artigos-de-opinion","8":"tag-opinion"},"yoast_head":"<!-- This site is optimized with the Yoast SEO plugin v27.4 - https:\/\/yoast.com\/product\/yoast-seo-wordpress\/ -->\n<title>Desigual xustiza! -<\/title>\n<meta name=\"robots\" content=\"index, follow, max-snippet:-1, max-image-preview:large, max-video-preview:-1\" \/>\n<link rel=\"canonical\" href=\"https:\/\/www.anovapeneira.gal\/index.php\/2020\/11\/17\/desigual-xustiza\/\" \/>\n<meta property=\"og:locale\" content=\"gl_ES\" \/>\n<meta property=\"og:type\" content=\"article\" \/>\n<meta property=\"og:title\" content=\"Desigual xustiza! -\" \/>\n<meta property=\"og:description\" content=\"Estarei mal de percepci\u00f3ns ou parece que hai unha seudo mafia xudicial que cada d\u00eda manexa gran cantidade de recursos medi\u00e1ticos en favor do &quot;entramado de estado&quot; e reiteradamente conculca aspectos da lei, a mesma lei que debera empregar para defendernos do mal que se cometa? Parece que o fan como sistema de auto protecci\u00f3n [...]\" \/>\n<meta property=\"og:url\" content=\"https:\/\/www.anovapeneira.gal\/index.php\/2020\/11\/17\/desigual-xustiza\/\" \/>\n<meta property=\"article:publisher\" content=\"https:\/\/www.facebook.com\/anovapeneira\" \/>\n<meta property=\"article:published_time\" content=\"2020-11-17T11:00:41+00:00\" \/>\n<meta property=\"og:image\" content=\"https:\/\/www.anovapeneira.gal\/wp-content\/uploads\/2019\/07\/ARTIGO_DE_OPINION_A_NOVA_PENEIRA.jpg\" \/>\n\t<meta property=\"og:image:width\" content=\"720\" \/>\n\t<meta property=\"og:image:height\" content=\"473\" \/>\n\t<meta property=\"og:image:type\" content=\"image\/jpeg\" \/>\n<meta name=\"author\" content=\"Baldomero Iglesias Dobarrio, Mero\" \/>\n<meta name=\"twitter:card\" content=\"summary_large_image\" \/>\n<meta name=\"twitter:creator\" content=\"@APeneira\" \/>\n<meta name=\"twitter:site\" content=\"@APeneira\" \/>\n<meta name=\"twitter:label1\" content=\"Escrito por\" \/>\n\t<meta name=\"twitter:data1\" content=\"Baldomero Iglesias Dobarrio, Mero\" \/>\n\t<meta name=\"twitter:label2\" content=\"Tempo de lectura\" \/>\n\t<meta name=\"twitter:data2\" content=\"4 minutos\" \/>\n<script type=\"application\/ld+json\" class=\"yoast-schema-graph\">{\"@context\":\"https:\\\/\\\/schema.org\",\"@graph\":[{\"@type\":\"Article\",\"@id\":\"https:\\\/\\\/www.anovapeneira.gal\\\/index.php\\\/2020\\\/11\\\/17\\\/desigual-xustiza\\\/#article\",\"isPartOf\":{\"@id\":\"https:\\\/\\\/www.anovapeneira.gal\\\/index.php\\\/2020\\\/11\\\/17\\\/desigual-xustiza\\\/\"},\"author\":{\"name\":\"Baldomero Iglesias Dobarrio, Mero\",\"@id\":\"https:\\\/\\\/www.anovapeneira.gal\\\/#\\\/schema\\\/person\\\/b051ed40cfc100e281476674783b32fc\"},\"headline\":\"Desigual xustiza!\",\"datePublished\":\"2020-11-17T11:00:41+00:00\",\"mainEntityOfPage\":{\"@id\":\"https:\\\/\\\/www.anovapeneira.gal\\\/index.php\\\/2020\\\/11\\\/17\\\/desigual-xustiza\\\/\"},\"wordCount\":872,\"commentCount\":0,\"publisher\":{\"@id\":\"https:\\\/\\\/www.anovapeneira.gal\\\/#organization\"},\"image\":{\"@id\":\"https:\\\/\\\/www.anovapeneira.gal\\\/index.php\\\/2020\\\/11\\\/17\\\/desigual-xustiza\\\/#primaryimage\"},\"thumbnailUrl\":\"https:\\\/\\\/www.anovapeneira.gal\\\/wp-content\\\/uploads\\\/2019\\\/07\\\/ARTIGO_DE_OPINION_A_NOVA_PENEIRA.jpg\",\"keywords\":[\"Opini\u00f3n\"],\"articleSection\":[\"Artigos de opini\u00f3n\"],\"inLanguage\":\"gl-ES\",\"potentialAction\":[{\"@type\":\"CommentAction\",\"name\":\"Comment\",\"target\":[\"https:\\\/\\\/www.anovapeneira.gal\\\/index.php\\\/2020\\\/11\\\/17\\\/desigual-xustiza\\\/#respond\"]}]},{\"@type\":\"WebPage\",\"@id\":\"https:\\\/\\\/www.anovapeneira.gal\\\/index.php\\\/2020\\\/11\\\/17\\\/desigual-xustiza\\\/\",\"url\":\"https:\\\/\\\/www.anovapeneira.gal\\\/index.php\\\/2020\\\/11\\\/17\\\/desigual-xustiza\\\/\",\"name\":\"Desigual xustiza! -\",\"isPartOf\":{\"@id\":\"https:\\\/\\\/www.anovapeneira.gal\\\/#website\"},\"primaryImageOfPage\":{\"@id\":\"https:\\\/\\\/www.anovapeneira.gal\\\/index.php\\\/2020\\\/11\\\/17\\\/desigual-xustiza\\\/#primaryimage\"},\"image\":{\"@id\":\"https:\\\/\\\/www.anovapeneira.gal\\\/index.php\\\/2020\\\/11\\\/17\\\/desigual-xustiza\\\/#primaryimage\"},\"thumbnailUrl\":\"https:\\\/\\\/www.anovapeneira.gal\\\/wp-content\\\/uploads\\\/2019\\\/07\\\/ARTIGO_DE_OPINION_A_NOVA_PENEIRA.jpg\",\"datePublished\":\"2020-11-17T11:00:41+00:00\",\"breadcrumb\":{\"@id\":\"https:\\\/\\\/www.anovapeneira.gal\\\/index.php\\\/2020\\\/11\\\/17\\\/desigual-xustiza\\\/#breadcrumb\"},\"inLanguage\":\"gl-ES\",\"potentialAction\":[{\"@type\":\"ReadAction\",\"target\":[\"https:\\\/\\\/www.anovapeneira.gal\\\/index.php\\\/2020\\\/11\\\/17\\\/desigual-xustiza\\\/\"]}]},{\"@type\":\"ImageObject\",\"inLanguage\":\"gl-ES\",\"@id\":\"https:\\\/\\\/www.anovapeneira.gal\\\/index.php\\\/2020\\\/11\\\/17\\\/desigual-xustiza\\\/#primaryimage\",\"url\":\"https:\\\/\\\/www.anovapeneira.gal\\\/wp-content\\\/uploads\\\/2019\\\/07\\\/ARTIGO_DE_OPINION_A_NOVA_PENEIRA.jpg\",\"contentUrl\":\"https:\\\/\\\/www.anovapeneira.gal\\\/wp-content\\\/uploads\\\/2019\\\/07\\\/ARTIGO_DE_OPINION_A_NOVA_PENEIRA.jpg\",\"width\":720,\"height\":473,\"caption\":\"Artigo de opini\u00f3n A Nova Peneira\"},{\"@type\":\"BreadcrumbList\",\"@id\":\"https:\\\/\\\/www.anovapeneira.gal\\\/index.php\\\/2020\\\/11\\\/17\\\/desigual-xustiza\\\/#breadcrumb\",\"itemListElement\":[{\"@type\":\"ListItem\",\"position\":1,\"name\":\"Portada\",\"item\":\"https:\\\/\\\/www.anovapeneira.gal\\\/\"},{\"@type\":\"ListItem\",\"position\":2,\"name\":\"Desigual xustiza!\"}]},{\"@type\":\"WebSite\",\"@id\":\"https:\\\/\\\/www.anovapeneira.gal\\\/#website\",\"url\":\"https:\\\/\\\/www.anovapeneira.gal\\\/\",\"name\":\"\",\"description\":\"Xornal galego de informaci\u00f3n xeral Publicaci\u00f3n mensual de novas de Galicia e en especial dos Concellos da sur da provincia de Pontevedra.\",\"publisher\":{\"@id\":\"https:\\\/\\\/www.anovapeneira.gal\\\/#organization\"},\"potentialAction\":[{\"@type\":\"SearchAction\",\"target\":{\"@type\":\"EntryPoint\",\"urlTemplate\":\"https:\\\/\\\/www.anovapeneira.gal\\\/?s={search_term_string}\"},\"query-input\":{\"@type\":\"PropertyValueSpecification\",\"valueRequired\":true,\"valueName\":\"search_term_string\"}}],\"inLanguage\":\"gl-ES\"},{\"@type\":\"Organization\",\"@id\":\"https:\\\/\\\/www.anovapeneira.gal\\\/#organization\",\"name\":\"A Nova Peneira\",\"url\":\"https:\\\/\\\/www.anovapeneira.gal\\\/\",\"logo\":{\"@type\":\"ImageObject\",\"inLanguage\":\"gl-ES\",\"@id\":\"https:\\\/\\\/www.anovapeneira.gal\\\/#\\\/schema\\\/logo\\\/image\\\/\",\"url\":\"http:\\\/\\\/www.anovapeneira.gal\\\/wp-content\\\/uploads\\\/2019\\\/06\\\/logo_a_nova_peneira_portal_web.png\",\"contentUrl\":\"http:\\\/\\\/www.anovapeneira.gal\\\/wp-content\\\/uploads\\\/2019\\\/06\\\/logo_a_nova_peneira_portal_web.png\",\"width\":300,\"height\":100,\"caption\":\"A Nova Peneira\"},\"image\":{\"@id\":\"https:\\\/\\\/www.anovapeneira.gal\\\/#\\\/schema\\\/logo\\\/image\\\/\"},\"sameAs\":[\"https:\\\/\\\/www.facebook.com\\\/anovapeneira\",\"https:\\\/\\\/x.com\\\/APeneira\"]},{\"@type\":\"Person\",\"@id\":\"https:\\\/\\\/www.anovapeneira.gal\\\/#\\\/schema\\\/person\\\/b051ed40cfc100e281476674783b32fc\",\"name\":\"Baldomero Iglesias Dobarrio, Mero\",\"image\":{\"@type\":\"ImageObject\",\"inLanguage\":\"gl-ES\",\"@id\":\"https:\\\/\\\/secure.gravatar.com\\\/avatar\\\/ca78fc089f8cf28197f88de2c9ac213e2f7d2097d8e359d9359b8778b539c59d?s=96&d=mm&r=g\",\"url\":\"https:\\\/\\\/secure.gravatar.com\\\/avatar\\\/ca78fc089f8cf28197f88de2c9ac213e2f7d2097d8e359d9359b8778b539c59d?s=96&d=mm&r=g\",\"contentUrl\":\"https:\\\/\\\/secure.gravatar.com\\\/avatar\\\/ca78fc089f8cf28197f88de2c9ac213e2f7d2097d8e359d9359b8778b539c59d?s=96&d=mm&r=g\",\"caption\":\"Baldomero Iglesias Dobarrio, Mero\"},\"sameAs\":[\"http:\\\/\\\/anovapeneira.gal\"],\"url\":\"https:\\\/\\\/www.anovapeneira.gal\\\/index.php\\\/author\\\/opinionmero\\\/\"}]}<\/script>\n<!-- \/ Yoast SEO plugin. -->","yoast_head_json":{"title":"Desigual xustiza! -","robots":{"index":"index","follow":"follow","max-snippet":"max-snippet:-1","max-image-preview":"max-image-preview:large","max-video-preview":"max-video-preview:-1"},"canonical":"https:\/\/www.anovapeneira.gal\/index.php\/2020\/11\/17\/desigual-xustiza\/","og_locale":"gl_ES","og_type":"article","og_title":"Desigual xustiza! -","og_description":"Estarei mal de percepci\u00f3ns ou parece que hai unha seudo mafia xudicial que cada d\u00eda manexa gran cantidade de recursos medi\u00e1ticos en favor do \"entramado de estado\" e reiteradamente conculca aspectos da lei, a mesma lei que debera empregar para defendernos do mal que se cometa? Parece que o fan como sistema de auto protecci\u00f3n [...]","og_url":"https:\/\/www.anovapeneira.gal\/index.php\/2020\/11\/17\/desigual-xustiza\/","article_publisher":"https:\/\/www.facebook.com\/anovapeneira","article_published_time":"2020-11-17T11:00:41+00:00","og_image":[{"width":720,"height":473,"url":"https:\/\/www.anovapeneira.gal\/wp-content\/uploads\/2019\/07\/ARTIGO_DE_OPINION_A_NOVA_PENEIRA.jpg","type":"image\/jpeg"}],"author":"Baldomero Iglesias Dobarrio, Mero","twitter_card":"summary_large_image","twitter_creator":"@APeneira","twitter_site":"@APeneira","twitter_misc":{"Escrito por":"Baldomero Iglesias Dobarrio, Mero","Tempo de lectura":"4 minutos"},"schema":{"@context":"https:\/\/schema.org","@graph":[{"@type":"Article","@id":"https:\/\/www.anovapeneira.gal\/index.php\/2020\/11\/17\/desigual-xustiza\/#article","isPartOf":{"@id":"https:\/\/www.anovapeneira.gal\/index.php\/2020\/11\/17\/desigual-xustiza\/"},"author":{"name":"Baldomero Iglesias Dobarrio, Mero","@id":"https:\/\/www.anovapeneira.gal\/#\/schema\/person\/b051ed40cfc100e281476674783b32fc"},"headline":"Desigual xustiza!","datePublished":"2020-11-17T11:00:41+00:00","mainEntityOfPage":{"@id":"https:\/\/www.anovapeneira.gal\/index.php\/2020\/11\/17\/desigual-xustiza\/"},"wordCount":872,"commentCount":0,"publisher":{"@id":"https:\/\/www.anovapeneira.gal\/#organization"},"image":{"@id":"https:\/\/www.anovapeneira.gal\/index.php\/2020\/11\/17\/desigual-xustiza\/#primaryimage"},"thumbnailUrl":"https:\/\/www.anovapeneira.gal\/wp-content\/uploads\/2019\/07\/ARTIGO_DE_OPINION_A_NOVA_PENEIRA.jpg","keywords":["Opini\u00f3n"],"articleSection":["Artigos de opini\u00f3n"],"inLanguage":"gl-ES","potentialAction":[{"@type":"CommentAction","name":"Comment","target":["https:\/\/www.anovapeneira.gal\/index.php\/2020\/11\/17\/desigual-xustiza\/#respond"]}]},{"@type":"WebPage","@id":"https:\/\/www.anovapeneira.gal\/index.php\/2020\/11\/17\/desigual-xustiza\/","url":"https:\/\/www.anovapeneira.gal\/index.php\/2020\/11\/17\/desigual-xustiza\/","name":"Desigual xustiza! -","isPartOf":{"@id":"https:\/\/www.anovapeneira.gal\/#website"},"primaryImageOfPage":{"@id":"https:\/\/www.anovapeneira.gal\/index.php\/2020\/11\/17\/desigual-xustiza\/#primaryimage"},"image":{"@id":"https:\/\/www.anovapeneira.gal\/index.php\/2020\/11\/17\/desigual-xustiza\/#primaryimage"},"thumbnailUrl":"https:\/\/www.anovapeneira.gal\/wp-content\/uploads\/2019\/07\/ARTIGO_DE_OPINION_A_NOVA_PENEIRA.jpg","datePublished":"2020-11-17T11:00:41+00:00","breadcrumb":{"@id":"https:\/\/www.anovapeneira.gal\/index.php\/2020\/11\/17\/desigual-xustiza\/#breadcrumb"},"inLanguage":"gl-ES","potentialAction":[{"@type":"ReadAction","target":["https:\/\/www.anovapeneira.gal\/index.php\/2020\/11\/17\/desigual-xustiza\/"]}]},{"@type":"ImageObject","inLanguage":"gl-ES","@id":"https:\/\/www.anovapeneira.gal\/index.php\/2020\/11\/17\/desigual-xustiza\/#primaryimage","url":"https:\/\/www.anovapeneira.gal\/wp-content\/uploads\/2019\/07\/ARTIGO_DE_OPINION_A_NOVA_PENEIRA.jpg","contentUrl":"https:\/\/www.anovapeneira.gal\/wp-content\/uploads\/2019\/07\/ARTIGO_DE_OPINION_A_NOVA_PENEIRA.jpg","width":720,"height":473,"caption":"Artigo de opini\u00f3n A Nova Peneira"},{"@type":"BreadcrumbList","@id":"https:\/\/www.anovapeneira.gal\/index.php\/2020\/11\/17\/desigual-xustiza\/#breadcrumb","itemListElement":[{"@type":"ListItem","position":1,"name":"Portada","item":"https:\/\/www.anovapeneira.gal\/"},{"@type":"ListItem","position":2,"name":"Desigual xustiza!"}]},{"@type":"WebSite","@id":"https:\/\/www.anovapeneira.gal\/#website","url":"https:\/\/www.anovapeneira.gal\/","name":"","description":"Xornal galego de informaci\u00f3n xeral Publicaci\u00f3n mensual de novas de Galicia e en especial dos Concellos da sur da provincia de Pontevedra.","publisher":{"@id":"https:\/\/www.anovapeneira.gal\/#organization"},"potentialAction":[{"@type":"SearchAction","target":{"@type":"EntryPoint","urlTemplate":"https:\/\/www.anovapeneira.gal\/?s={search_term_string}"},"query-input":{"@type":"PropertyValueSpecification","valueRequired":true,"valueName":"search_term_string"}}],"inLanguage":"gl-ES"},{"@type":"Organization","@id":"https:\/\/www.anovapeneira.gal\/#organization","name":"A Nova Peneira","url":"https:\/\/www.anovapeneira.gal\/","logo":{"@type":"ImageObject","inLanguage":"gl-ES","@id":"https:\/\/www.anovapeneira.gal\/#\/schema\/logo\/image\/","url":"http:\/\/www.anovapeneira.gal\/wp-content\/uploads\/2019\/06\/logo_a_nova_peneira_portal_web.png","contentUrl":"http:\/\/www.anovapeneira.gal\/wp-content\/uploads\/2019\/06\/logo_a_nova_peneira_portal_web.png","width":300,"height":100,"caption":"A Nova Peneira"},"image":{"@id":"https:\/\/www.anovapeneira.gal\/#\/schema\/logo\/image\/"},"sameAs":["https:\/\/www.facebook.com\/anovapeneira","https:\/\/x.com\/APeneira"]},{"@type":"Person","@id":"https:\/\/www.anovapeneira.gal\/#\/schema\/person\/b051ed40cfc100e281476674783b32fc","name":"Baldomero Iglesias Dobarrio, Mero","image":{"@type":"ImageObject","inLanguage":"gl-ES","@id":"https:\/\/secure.gravatar.com\/avatar\/ca78fc089f8cf28197f88de2c9ac213e2f7d2097d8e359d9359b8778b539c59d?s=96&d=mm&r=g","url":"https:\/\/secure.gravatar.com\/avatar\/ca78fc089f8cf28197f88de2c9ac213e2f7d2097d8e359d9359b8778b539c59d?s=96&d=mm&r=g","contentUrl":"https:\/\/secure.gravatar.com\/avatar\/ca78fc089f8cf28197f88de2c9ac213e2f7d2097d8e359d9359b8778b539c59d?s=96&d=mm&r=g","caption":"Baldomero Iglesias Dobarrio, Mero"},"sameAs":["http:\/\/anovapeneira.gal"],"url":"https:\/\/www.anovapeneira.gal\/index.php\/author\/opinionmero\/"}]}},"jetpack_featured_media_url":"https:\/\/www.anovapeneira.gal\/wp-content\/uploads\/2019\/07\/ARTIGO_DE_OPINION_A_NOVA_PENEIRA.jpg","_links":{"self":[{"href":"https:\/\/www.anovapeneira.gal\/index.php\/wp-json\/wp\/v2\/posts\/4281","targetHints":{"allow":["GET"]}}],"collection":[{"href":"https:\/\/www.anovapeneira.gal\/index.php\/wp-json\/wp\/v2\/posts"}],"about":[{"href":"https:\/\/www.anovapeneira.gal\/index.php\/wp-json\/wp\/v2\/types\/post"}],"author":[{"embeddable":true,"href":"https:\/\/www.anovapeneira.gal\/index.php\/wp-json\/wp\/v2\/users\/5"}],"replies":[{"embeddable":true,"href":"https:\/\/www.anovapeneira.gal\/index.php\/wp-json\/wp\/v2\/comments?post=4281"}],"version-history":[{"count":1,"href":"https:\/\/www.anovapeneira.gal\/index.php\/wp-json\/wp\/v2\/posts\/4281\/revisions"}],"predecessor-version":[{"id":4282,"href":"https:\/\/www.anovapeneira.gal\/index.php\/wp-json\/wp\/v2\/posts\/4281\/revisions\/4282"}],"wp:featuredmedia":[{"embeddable":true,"href":"https:\/\/www.anovapeneira.gal\/index.php\/wp-json\/wp\/v2\/media\/584"}],"wp:attachment":[{"href":"https:\/\/www.anovapeneira.gal\/index.php\/wp-json\/wp\/v2\/media?parent=4281"}],"wp:term":[{"taxonomy":"category","embeddable":true,"href":"https:\/\/www.anovapeneira.gal\/index.php\/wp-json\/wp\/v2\/categories?post=4281"},{"taxonomy":"post_tag","embeddable":true,"href":"https:\/\/www.anovapeneira.gal\/index.php\/wp-json\/wp\/v2\/tags?post=4281"}],"curies":[{"name":"wp","href":"https:\/\/api.w.org\/{rel}","templated":true}]}}