{"id":4285,"date":"2020-11-18T12:00:18","date_gmt":"2020-11-18T11:00:18","guid":{"rendered":"http:\/\/www.anovapeneira.gal\/?p=4285"},"modified":"2020-11-13T16:47:27","modified_gmt":"2020-11-13T15:47:27","slug":"aparcadoiro-de-a-ramallosa-reapertura-ou-rescate-da-concesion","status":"publish","type":"post","link":"https:\/\/www.anovapeneira.gal\/index.php\/2020\/11\/18\/aparcadoiro-de-a-ramallosa-reapertura-ou-rescate-da-concesion\/","title":{"rendered":"Aparcadoiro de A Ramallosa: reapertura ou rescate da concesi\u00f3n"},"content":{"rendered":"\n<figure class=\"wp-block-image size-large is-resized is-style-default\"><img loading=\"lazy\" decoding=\"async\" src=\"http:\/\/www.anovapeneira.gal\/wp-content\/uploads\/2019\/08\/xabi_nigran_a_nova_peneira.jpg\" alt=\"Xavier Rodr\u00edguez BNG de Nigr\u00e1n A Nova Peneira\" class=\"wp-image-1093\" width=\"95\" height=\"111\"\/><figcaption>Xavier Rodr\u00edguez BNG de Nigr\u00e1n<\/figcaption><\/figure>\n\n\n\n<p>Xa durante o anterior mandato municipal, a empresa concesionaria do aparcamento p\u00fablico soterrado de A Ramallosa demandou ao concello o restablecemento do equilibrio econ\u00f3mico da concesi\u00f3n, alegando a rotura do mesmo en base a unha serie de peregrinas consideraci\u00f3ns como a crise econ\u00f3mica, a competencia desleal de alg\u00fan outro estacionamento que prestaba os seus servizos de maneira irregular, ou, sorprend\u00e9devos, a existencia de prazas de aparcamento en superficie.<\/p>\n\n\n\n<p>Evidentemente tal desprop\u00f3sito foi rexeitado polo consistorio, pero a pretensi\u00f3n desta adxudicataria non \u00e9 en absoluto unha ocorrencia. Observamos cada vez con m\u00e1is frecuencia como as empresas concesionarias reclaman indemnizaci\u00f3ns \u00e1s administraci\u00f3ns por causas igual de esperp\u00e9nticas que estas. Iso si, raramente solicitan a resoluci\u00f3n do contrato, antes ben, acostuman a pedir a prolongaci\u00f3n do mesmo como suposta compensaci\u00f3n. Por suposto tal foi tam\u00e9n o caso da mercantil que nos ocupa.<\/p>\n\n\n\n<p>Ante a negativa do concello a ceder \u00e1s aspiraci\u00f3ns da empresa, esta optou pola v\u00eda dos feitos consumados. Dadas as supostas perdas que o negocio xeraba, decidiu unilateralmente pechar o aparcadoiro, e nesa situaci\u00f3n pasamos de estar meses a falar xa de anos cun estacionamento p\u00fablico pechado \u00e1 beira da piscina mancomunada e na zona comercial por excelencia do Val Mi\u00f1or.<\/p>\n\n\n\n<p>O dano que o mantemento desta situaci\u00f3n provoca aos comerciantes e oficinas do entorno \u00e9 enorme e ten consecuencias concretas. Non \u00e9 extraordinario que haxa usuarios que deixaron de acudir \u00e1 piscina ante os problemas de aparcamento.<\/p>\n\n\n\n<p>E isto coa pasividade c\u00f3mplice do goberno municipal que asiste impert\u00e9rrito \u00e1 decisi\u00f3n dunha adxudicataria de non prestar o servizo obxecto do concurso. As\u00ed nos atopamos cun aparcadoiro p\u00fablico municipal pechado nunha zona con graves problemas de aparcamento. Un absurdo consentido pola administraci\u00f3n local.<\/p>\n\n\n\n<p>A problem\u00e1tica s\u00f3 ten d\u00faas soluci\u00f3ns, ou o contratista volve a abrir inmediatamente o estacionamento restablecendo os termos da concesi\u00f3n, ao cal lle debe instar de maneira imperativa o concello, ou este debe iniciar un expediente \u00e1 concesionaria por incumprimento do obxecto do contrato que, finalmente, debera conducir ao rescate da concesi\u00f3n.<\/p>\n\n\n\n<p>Dende logo a administraci\u00f3n municipal non pode ser ref\u00e9n dunha empresa que non obt\u00e9n os beneficios esperados , e moito menos os veci\u00f1os de A Ramallosa e todos os usuarios do Val Mi\u00f1or. Por suposto que no \u00e1nimo do consistorio non debera estar obrigar a unha concesionaria a manter un servizo que, nos termos nos que o presta, lle resulte deficitario. A resoluci\u00f3n vir\u00eda polo rescate para o p\u00fablico da s\u00faa xesti\u00f3n, na que necesariamente se deben ter en conta criterios econ\u00f3micos, pero tam\u00e9n os beneficios sociais que reporta en cuesti\u00f3ns tan b\u00e1sicas como a mobilidade ou a promoci\u00f3n econ\u00f3mica.<\/p>\n\n\n\n<p>Preto de Nigr\u00e1n temos un bo exemplo disto. O baion\u00e9s aparcamento do Aral foi obxecto de disputa legal entre a adxudicataria e o concello, rematando coa resoluci\u00f3n do contrato previa indemnizaci\u00f3n millonaria ao contratista, inda que en cantidade sensiblemente inferior ao que pretend\u00eda. O ruinoso negocio que segundo a empresa era anteriormente, deu paso, \u00e1 falla do balance econ\u00f3mico final, a unha not\u00e1bel actividade do mesmo en beneficio dos seus veci\u00f1os e visitantes.<\/p>\n","protected":false},"excerpt":{"rendered":"<div class=\"mh-excerpt\"><p>Xa durante o anterior mandato municipal, a empresa concesionaria do aparcamento p\u00fablico soterrado de A Ramallosa demandou ao concello o restablecemento do equilibrio econ\u00f3mico da concesi\u00f3n, alegando a rotura do mesmo en base a unha serie de peregrinas consideraci\u00f3ns como a crise econ\u00f3mica, a competencia desleal de alg\u00fan outro estacionamento que prestaba os seus servizos de maneira irregular, ou, sorprend\u00e9devos, a existencia de prazas de aparcamento en superficie <a class=\"mh-excerpt-more\" href=\"https:\/\/www.anovapeneira.gal\/index.php\/2020\/11\/18\/aparcadoiro-de-a-ramallosa-reapertura-ou-rescate-da-concesion\/\" title=\"Aparcadoiro de A Ramallosa: reapertura ou rescate da concesi\u00f3n\">[&#8230;]<\/a><\/p>\n<\/div>","protected":false},"author":16,"featured_media":584,"comment_status":"open","ping_status":"open","sticky":false,"template":"","format":"standard","meta":{"_exactmetrics_skip_tracking":false,"_exactmetrics_sitenote_active":false,"_exactmetrics_sitenote_note":"","_exactmetrics_sitenote_category":0,"footnotes":""},"categories":[7],"tags":[58],"class_list":{"0":"post-4285","1":"post","2":"type-post","3":"status-publish","4":"format-standard","5":"has-post-thumbnail","7":"category-artigos-de-opinion","8":"tag-opinion"},"yoast_head":"<!-- This site is optimized with the Yoast SEO plugin v27.4 - https:\/\/yoast.com\/product\/yoast-seo-wordpress\/ -->\n<title>Aparcadoiro de A Ramallosa: reapertura ou rescate da concesi\u00f3n -<\/title>\n<meta name=\"robots\" content=\"index, follow, max-snippet:-1, max-image-preview:large, max-video-preview:-1\" \/>\n<link rel=\"canonical\" href=\"https:\/\/www.anovapeneira.gal\/index.php\/2020\/11\/18\/aparcadoiro-de-a-ramallosa-reapertura-ou-rescate-da-concesion\/\" \/>\n<meta property=\"og:locale\" content=\"gl_ES\" \/>\n<meta property=\"og:type\" content=\"article\" \/>\n<meta property=\"og:title\" content=\"Aparcadoiro de A Ramallosa: reapertura ou rescate da concesi\u00f3n -\" \/>\n<meta property=\"og:description\" content=\"Xa durante o anterior mandato municipal, a empresa concesionaria do aparcamento p\u00fablico soterrado de A Ramallosa demandou ao concello o restablecemento do equilibrio econ\u00f3mico da concesi\u00f3n, alegando a rotura do mesmo en base a unha serie de peregrinas consideraci\u00f3ns como a crise econ\u00f3mica, a competencia desleal de alg\u00fan outro estacionamento que prestaba os seus servizos de maneira irregular, ou, sorprend\u00e9devos, a existencia de prazas de aparcamento en superficie [...]\" \/>\n<meta property=\"og:url\" content=\"https:\/\/www.anovapeneira.gal\/index.php\/2020\/11\/18\/aparcadoiro-de-a-ramallosa-reapertura-ou-rescate-da-concesion\/\" \/>\n<meta property=\"article:publisher\" content=\"https:\/\/www.facebook.com\/anovapeneira\" \/>\n<meta property=\"article:published_time\" content=\"2020-11-18T11:00:18+00:00\" \/>\n<meta property=\"og:image\" content=\"https:\/\/www.anovapeneira.gal\/wp-content\/uploads\/2019\/07\/ARTIGO_DE_OPINION_A_NOVA_PENEIRA.jpg\" \/>\n\t<meta property=\"og:image:width\" content=\"720\" \/>\n\t<meta property=\"og:image:height\" content=\"473\" \/>\n\t<meta property=\"og:image:type\" content=\"image\/jpeg\" \/>\n<meta name=\"author\" content=\"Xavier Rodr\u00edguez\" \/>\n<meta name=\"twitter:card\" content=\"summary_large_image\" \/>\n<meta name=\"twitter:creator\" content=\"@APeneira\" \/>\n<meta name=\"twitter:site\" content=\"@APeneira\" \/>\n<meta name=\"twitter:label1\" content=\"Escrito por\" \/>\n\t<meta name=\"twitter:data1\" content=\"Xavier Rodr\u00edguez\" \/>\n\t<meta name=\"twitter:label2\" content=\"Tempo de lectura\" \/>\n\t<meta name=\"twitter:data2\" content=\"3 minutos\" \/>\n<script type=\"application\/ld+json\" class=\"yoast-schema-graph\">{\"@context\":\"https:\\\/\\\/schema.org\",\"@graph\":[{\"@type\":\"Article\",\"@id\":\"https:\\\/\\\/www.anovapeneira.gal\\\/index.php\\\/2020\\\/11\\\/18\\\/aparcadoiro-de-a-ramallosa-reapertura-ou-rescate-da-concesion\\\/#article\",\"isPartOf\":{\"@id\":\"https:\\\/\\\/www.anovapeneira.gal\\\/index.php\\\/2020\\\/11\\\/18\\\/aparcadoiro-de-a-ramallosa-reapertura-ou-rescate-da-concesion\\\/\"},\"author\":{\"name\":\"Xavier Rodr\u00edguez\",\"@id\":\"https:\\\/\\\/www.anovapeneira.gal\\\/#\\\/schema\\\/person\\\/e598b63030664c413236c3f685e56918\"},\"headline\":\"Aparcadoiro de A Ramallosa: reapertura ou rescate da concesi\u00f3n\",\"datePublished\":\"2020-11-18T11:00:18+00:00\",\"mainEntityOfPage\":{\"@id\":\"https:\\\/\\\/www.anovapeneira.gal\\\/index.php\\\/2020\\\/11\\\/18\\\/aparcadoiro-de-a-ramallosa-reapertura-ou-rescate-da-concesion\\\/\"},\"wordCount\":564,\"commentCount\":0,\"publisher\":{\"@id\":\"https:\\\/\\\/www.anovapeneira.gal\\\/#organization\"},\"image\":{\"@id\":\"https:\\\/\\\/www.anovapeneira.gal\\\/index.php\\\/2020\\\/11\\\/18\\\/aparcadoiro-de-a-ramallosa-reapertura-ou-rescate-da-concesion\\\/#primaryimage\"},\"thumbnailUrl\":\"https:\\\/\\\/www.anovapeneira.gal\\\/wp-content\\\/uploads\\\/2019\\\/07\\\/ARTIGO_DE_OPINION_A_NOVA_PENEIRA.jpg\",\"keywords\":[\"Opini\u00f3n\"],\"articleSection\":[\"Artigos de opini\u00f3n\"],\"inLanguage\":\"gl-ES\",\"potentialAction\":[{\"@type\":\"CommentAction\",\"name\":\"Comment\",\"target\":[\"https:\\\/\\\/www.anovapeneira.gal\\\/index.php\\\/2020\\\/11\\\/18\\\/aparcadoiro-de-a-ramallosa-reapertura-ou-rescate-da-concesion\\\/#respond\"]}]},{\"@type\":\"WebPage\",\"@id\":\"https:\\\/\\\/www.anovapeneira.gal\\\/index.php\\\/2020\\\/11\\\/18\\\/aparcadoiro-de-a-ramallosa-reapertura-ou-rescate-da-concesion\\\/\",\"url\":\"https:\\\/\\\/www.anovapeneira.gal\\\/index.php\\\/2020\\\/11\\\/18\\\/aparcadoiro-de-a-ramallosa-reapertura-ou-rescate-da-concesion\\\/\",\"name\":\"Aparcadoiro de A Ramallosa: reapertura ou rescate da concesi\u00f3n -\",\"isPartOf\":{\"@id\":\"https:\\\/\\\/www.anovapeneira.gal\\\/#website\"},\"primaryImageOfPage\":{\"@id\":\"https:\\\/\\\/www.anovapeneira.gal\\\/index.php\\\/2020\\\/11\\\/18\\\/aparcadoiro-de-a-ramallosa-reapertura-ou-rescate-da-concesion\\\/#primaryimage\"},\"image\":{\"@id\":\"https:\\\/\\\/www.anovapeneira.gal\\\/index.php\\\/2020\\\/11\\\/18\\\/aparcadoiro-de-a-ramallosa-reapertura-ou-rescate-da-concesion\\\/#primaryimage\"},\"thumbnailUrl\":\"https:\\\/\\\/www.anovapeneira.gal\\\/wp-content\\\/uploads\\\/2019\\\/07\\\/ARTIGO_DE_OPINION_A_NOVA_PENEIRA.jpg\",\"datePublished\":\"2020-11-18T11:00:18+00:00\",\"breadcrumb\":{\"@id\":\"https:\\\/\\\/www.anovapeneira.gal\\\/index.php\\\/2020\\\/11\\\/18\\\/aparcadoiro-de-a-ramallosa-reapertura-ou-rescate-da-concesion\\\/#breadcrumb\"},\"inLanguage\":\"gl-ES\",\"potentialAction\":[{\"@type\":\"ReadAction\",\"target\":[\"https:\\\/\\\/www.anovapeneira.gal\\\/index.php\\\/2020\\\/11\\\/18\\\/aparcadoiro-de-a-ramallosa-reapertura-ou-rescate-da-concesion\\\/\"]}]},{\"@type\":\"ImageObject\",\"inLanguage\":\"gl-ES\",\"@id\":\"https:\\\/\\\/www.anovapeneira.gal\\\/index.php\\\/2020\\\/11\\\/18\\\/aparcadoiro-de-a-ramallosa-reapertura-ou-rescate-da-concesion\\\/#primaryimage\",\"url\":\"https:\\\/\\\/www.anovapeneira.gal\\\/wp-content\\\/uploads\\\/2019\\\/07\\\/ARTIGO_DE_OPINION_A_NOVA_PENEIRA.jpg\",\"contentUrl\":\"https:\\\/\\\/www.anovapeneira.gal\\\/wp-content\\\/uploads\\\/2019\\\/07\\\/ARTIGO_DE_OPINION_A_NOVA_PENEIRA.jpg\",\"width\":720,\"height\":473,\"caption\":\"Artigo de opini\u00f3n A Nova Peneira\"},{\"@type\":\"BreadcrumbList\",\"@id\":\"https:\\\/\\\/www.anovapeneira.gal\\\/index.php\\\/2020\\\/11\\\/18\\\/aparcadoiro-de-a-ramallosa-reapertura-ou-rescate-da-concesion\\\/#breadcrumb\",\"itemListElement\":[{\"@type\":\"ListItem\",\"position\":1,\"name\":\"Portada\",\"item\":\"https:\\\/\\\/www.anovapeneira.gal\\\/\"},{\"@type\":\"ListItem\",\"position\":2,\"name\":\"Aparcadoiro de A Ramallosa: reapertura ou rescate da concesi\u00f3n\"}]},{\"@type\":\"WebSite\",\"@id\":\"https:\\\/\\\/www.anovapeneira.gal\\\/#website\",\"url\":\"https:\\\/\\\/www.anovapeneira.gal\\\/\",\"name\":\"\",\"description\":\"Xornal galego de informaci\u00f3n xeral Publicaci\u00f3n mensual de novas de Galicia e en especial dos Concellos da sur da provincia de Pontevedra.\",\"publisher\":{\"@id\":\"https:\\\/\\\/www.anovapeneira.gal\\\/#organization\"},\"potentialAction\":[{\"@type\":\"SearchAction\",\"target\":{\"@type\":\"EntryPoint\",\"urlTemplate\":\"https:\\\/\\\/www.anovapeneira.gal\\\/?s={search_term_string}\"},\"query-input\":{\"@type\":\"PropertyValueSpecification\",\"valueRequired\":true,\"valueName\":\"search_term_string\"}}],\"inLanguage\":\"gl-ES\"},{\"@type\":\"Organization\",\"@id\":\"https:\\\/\\\/www.anovapeneira.gal\\\/#organization\",\"name\":\"A Nova Peneira\",\"url\":\"https:\\\/\\\/www.anovapeneira.gal\\\/\",\"logo\":{\"@type\":\"ImageObject\",\"inLanguage\":\"gl-ES\",\"@id\":\"https:\\\/\\\/www.anovapeneira.gal\\\/#\\\/schema\\\/logo\\\/image\\\/\",\"url\":\"http:\\\/\\\/www.anovapeneira.gal\\\/wp-content\\\/uploads\\\/2019\\\/06\\\/logo_a_nova_peneira_portal_web.png\",\"contentUrl\":\"http:\\\/\\\/www.anovapeneira.gal\\\/wp-content\\\/uploads\\\/2019\\\/06\\\/logo_a_nova_peneira_portal_web.png\",\"width\":300,\"height\":100,\"caption\":\"A Nova Peneira\"},\"image\":{\"@id\":\"https:\\\/\\\/www.anovapeneira.gal\\\/#\\\/schema\\\/logo\\\/image\\\/\"},\"sameAs\":[\"https:\\\/\\\/www.facebook.com\\\/anovapeneira\",\"https:\\\/\\\/x.com\\\/APeneira\"]},{\"@type\":\"Person\",\"@id\":\"https:\\\/\\\/www.anovapeneira.gal\\\/#\\\/schema\\\/person\\\/e598b63030664c413236c3f685e56918\",\"name\":\"Xavier Rodr\u00edguez\",\"image\":{\"@type\":\"ImageObject\",\"inLanguage\":\"gl-ES\",\"@id\":\"https:\\\/\\\/secure.gravatar.com\\\/avatar\\\/d9b9f992d649071928b76ede112924ee61e9f7be582c6755dc0932efc9f011eb?s=96&d=mm&r=g\",\"url\":\"https:\\\/\\\/secure.gravatar.com\\\/avatar\\\/d9b9f992d649071928b76ede112924ee61e9f7be582c6755dc0932efc9f011eb?s=96&d=mm&r=g\",\"contentUrl\":\"https:\\\/\\\/secure.gravatar.com\\\/avatar\\\/d9b9f992d649071928b76ede112924ee61e9f7be582c6755dc0932efc9f011eb?s=96&d=mm&r=g\",\"caption\":\"Xavier Rodr\u00edguez\"},\"sameAs\":[\"http:\\\/\\\/www.anovapeneira.gal\\\/\"],\"url\":\"https:\\\/\\\/www.anovapeneira.gal\\\/index.php\\\/author\\\/xavierrodriguez\\\/\"}]}<\/script>\n<!-- \/ Yoast SEO plugin. -->","yoast_head_json":{"title":"Aparcadoiro de A Ramallosa: reapertura ou rescate da concesi\u00f3n -","robots":{"index":"index","follow":"follow","max-snippet":"max-snippet:-1","max-image-preview":"max-image-preview:large","max-video-preview":"max-video-preview:-1"},"canonical":"https:\/\/www.anovapeneira.gal\/index.php\/2020\/11\/18\/aparcadoiro-de-a-ramallosa-reapertura-ou-rescate-da-concesion\/","og_locale":"gl_ES","og_type":"article","og_title":"Aparcadoiro de A Ramallosa: reapertura ou rescate da concesi\u00f3n -","og_description":"Xa durante o anterior mandato municipal, a empresa concesionaria do aparcamento p\u00fablico soterrado de A Ramallosa demandou ao concello o restablecemento do equilibrio econ\u00f3mico da concesi\u00f3n, alegando a rotura do mesmo en base a unha serie de peregrinas consideraci\u00f3ns como a crise econ\u00f3mica, a competencia desleal de alg\u00fan outro estacionamento que prestaba os seus servizos de maneira irregular, ou, sorprend\u00e9devos, a existencia de prazas de aparcamento en superficie [...]","og_url":"https:\/\/www.anovapeneira.gal\/index.php\/2020\/11\/18\/aparcadoiro-de-a-ramallosa-reapertura-ou-rescate-da-concesion\/","article_publisher":"https:\/\/www.facebook.com\/anovapeneira","article_published_time":"2020-11-18T11:00:18+00:00","og_image":[{"width":720,"height":473,"url":"https:\/\/www.anovapeneira.gal\/wp-content\/uploads\/2019\/07\/ARTIGO_DE_OPINION_A_NOVA_PENEIRA.jpg","type":"image\/jpeg"}],"author":"Xavier Rodr\u00edguez","twitter_card":"summary_large_image","twitter_creator":"@APeneira","twitter_site":"@APeneira","twitter_misc":{"Escrito por":"Xavier Rodr\u00edguez","Tempo de lectura":"3 minutos"},"schema":{"@context":"https:\/\/schema.org","@graph":[{"@type":"Article","@id":"https:\/\/www.anovapeneira.gal\/index.php\/2020\/11\/18\/aparcadoiro-de-a-ramallosa-reapertura-ou-rescate-da-concesion\/#article","isPartOf":{"@id":"https:\/\/www.anovapeneira.gal\/index.php\/2020\/11\/18\/aparcadoiro-de-a-ramallosa-reapertura-ou-rescate-da-concesion\/"},"author":{"name":"Xavier Rodr\u00edguez","@id":"https:\/\/www.anovapeneira.gal\/#\/schema\/person\/e598b63030664c413236c3f685e56918"},"headline":"Aparcadoiro de A Ramallosa: reapertura ou rescate da concesi\u00f3n","datePublished":"2020-11-18T11:00:18+00:00","mainEntityOfPage":{"@id":"https:\/\/www.anovapeneira.gal\/index.php\/2020\/11\/18\/aparcadoiro-de-a-ramallosa-reapertura-ou-rescate-da-concesion\/"},"wordCount":564,"commentCount":0,"publisher":{"@id":"https:\/\/www.anovapeneira.gal\/#organization"},"image":{"@id":"https:\/\/www.anovapeneira.gal\/index.php\/2020\/11\/18\/aparcadoiro-de-a-ramallosa-reapertura-ou-rescate-da-concesion\/#primaryimage"},"thumbnailUrl":"https:\/\/www.anovapeneira.gal\/wp-content\/uploads\/2019\/07\/ARTIGO_DE_OPINION_A_NOVA_PENEIRA.jpg","keywords":["Opini\u00f3n"],"articleSection":["Artigos de opini\u00f3n"],"inLanguage":"gl-ES","potentialAction":[{"@type":"CommentAction","name":"Comment","target":["https:\/\/www.anovapeneira.gal\/index.php\/2020\/11\/18\/aparcadoiro-de-a-ramallosa-reapertura-ou-rescate-da-concesion\/#respond"]}]},{"@type":"WebPage","@id":"https:\/\/www.anovapeneira.gal\/index.php\/2020\/11\/18\/aparcadoiro-de-a-ramallosa-reapertura-ou-rescate-da-concesion\/","url":"https:\/\/www.anovapeneira.gal\/index.php\/2020\/11\/18\/aparcadoiro-de-a-ramallosa-reapertura-ou-rescate-da-concesion\/","name":"Aparcadoiro de A Ramallosa: reapertura ou rescate da concesi\u00f3n -","isPartOf":{"@id":"https:\/\/www.anovapeneira.gal\/#website"},"primaryImageOfPage":{"@id":"https:\/\/www.anovapeneira.gal\/index.php\/2020\/11\/18\/aparcadoiro-de-a-ramallosa-reapertura-ou-rescate-da-concesion\/#primaryimage"},"image":{"@id":"https:\/\/www.anovapeneira.gal\/index.php\/2020\/11\/18\/aparcadoiro-de-a-ramallosa-reapertura-ou-rescate-da-concesion\/#primaryimage"},"thumbnailUrl":"https:\/\/www.anovapeneira.gal\/wp-content\/uploads\/2019\/07\/ARTIGO_DE_OPINION_A_NOVA_PENEIRA.jpg","datePublished":"2020-11-18T11:00:18+00:00","breadcrumb":{"@id":"https:\/\/www.anovapeneira.gal\/index.php\/2020\/11\/18\/aparcadoiro-de-a-ramallosa-reapertura-ou-rescate-da-concesion\/#breadcrumb"},"inLanguage":"gl-ES","potentialAction":[{"@type":"ReadAction","target":["https:\/\/www.anovapeneira.gal\/index.php\/2020\/11\/18\/aparcadoiro-de-a-ramallosa-reapertura-ou-rescate-da-concesion\/"]}]},{"@type":"ImageObject","inLanguage":"gl-ES","@id":"https:\/\/www.anovapeneira.gal\/index.php\/2020\/11\/18\/aparcadoiro-de-a-ramallosa-reapertura-ou-rescate-da-concesion\/#primaryimage","url":"https:\/\/www.anovapeneira.gal\/wp-content\/uploads\/2019\/07\/ARTIGO_DE_OPINION_A_NOVA_PENEIRA.jpg","contentUrl":"https:\/\/www.anovapeneira.gal\/wp-content\/uploads\/2019\/07\/ARTIGO_DE_OPINION_A_NOVA_PENEIRA.jpg","width":720,"height":473,"caption":"Artigo de opini\u00f3n A Nova Peneira"},{"@type":"BreadcrumbList","@id":"https:\/\/www.anovapeneira.gal\/index.php\/2020\/11\/18\/aparcadoiro-de-a-ramallosa-reapertura-ou-rescate-da-concesion\/#breadcrumb","itemListElement":[{"@type":"ListItem","position":1,"name":"Portada","item":"https:\/\/www.anovapeneira.gal\/"},{"@type":"ListItem","position":2,"name":"Aparcadoiro de A Ramallosa: reapertura ou rescate da concesi\u00f3n"}]},{"@type":"WebSite","@id":"https:\/\/www.anovapeneira.gal\/#website","url":"https:\/\/www.anovapeneira.gal\/","name":"","description":"Xornal galego de informaci\u00f3n xeral Publicaci\u00f3n mensual de novas de Galicia e en especial dos Concellos da sur da provincia de Pontevedra.","publisher":{"@id":"https:\/\/www.anovapeneira.gal\/#organization"},"potentialAction":[{"@type":"SearchAction","target":{"@type":"EntryPoint","urlTemplate":"https:\/\/www.anovapeneira.gal\/?s={search_term_string}"},"query-input":{"@type":"PropertyValueSpecification","valueRequired":true,"valueName":"search_term_string"}}],"inLanguage":"gl-ES"},{"@type":"Organization","@id":"https:\/\/www.anovapeneira.gal\/#organization","name":"A Nova Peneira","url":"https:\/\/www.anovapeneira.gal\/","logo":{"@type":"ImageObject","inLanguage":"gl-ES","@id":"https:\/\/www.anovapeneira.gal\/#\/schema\/logo\/image\/","url":"http:\/\/www.anovapeneira.gal\/wp-content\/uploads\/2019\/06\/logo_a_nova_peneira_portal_web.png","contentUrl":"http:\/\/www.anovapeneira.gal\/wp-content\/uploads\/2019\/06\/logo_a_nova_peneira_portal_web.png","width":300,"height":100,"caption":"A Nova Peneira"},"image":{"@id":"https:\/\/www.anovapeneira.gal\/#\/schema\/logo\/image\/"},"sameAs":["https:\/\/www.facebook.com\/anovapeneira","https:\/\/x.com\/APeneira"]},{"@type":"Person","@id":"https:\/\/www.anovapeneira.gal\/#\/schema\/person\/e598b63030664c413236c3f685e56918","name":"Xavier Rodr\u00edguez","image":{"@type":"ImageObject","inLanguage":"gl-ES","@id":"https:\/\/secure.gravatar.com\/avatar\/d9b9f992d649071928b76ede112924ee61e9f7be582c6755dc0932efc9f011eb?s=96&d=mm&r=g","url":"https:\/\/secure.gravatar.com\/avatar\/d9b9f992d649071928b76ede112924ee61e9f7be582c6755dc0932efc9f011eb?s=96&d=mm&r=g","contentUrl":"https:\/\/secure.gravatar.com\/avatar\/d9b9f992d649071928b76ede112924ee61e9f7be582c6755dc0932efc9f011eb?s=96&d=mm&r=g","caption":"Xavier Rodr\u00edguez"},"sameAs":["http:\/\/www.anovapeneira.gal\/"],"url":"https:\/\/www.anovapeneira.gal\/index.php\/author\/xavierrodriguez\/"}]}},"jetpack_featured_media_url":"https:\/\/www.anovapeneira.gal\/wp-content\/uploads\/2019\/07\/ARTIGO_DE_OPINION_A_NOVA_PENEIRA.jpg","_links":{"self":[{"href":"https:\/\/www.anovapeneira.gal\/index.php\/wp-json\/wp\/v2\/posts\/4285","targetHints":{"allow":["GET"]}}],"collection":[{"href":"https:\/\/www.anovapeneira.gal\/index.php\/wp-json\/wp\/v2\/posts"}],"about":[{"href":"https:\/\/www.anovapeneira.gal\/index.php\/wp-json\/wp\/v2\/types\/post"}],"author":[{"embeddable":true,"href":"https:\/\/www.anovapeneira.gal\/index.php\/wp-json\/wp\/v2\/users\/16"}],"replies":[{"embeddable":true,"href":"https:\/\/www.anovapeneira.gal\/index.php\/wp-json\/wp\/v2\/comments?post=4285"}],"version-history":[{"count":1,"href":"https:\/\/www.anovapeneira.gal\/index.php\/wp-json\/wp\/v2\/posts\/4285\/revisions"}],"predecessor-version":[{"id":4289,"href":"https:\/\/www.anovapeneira.gal\/index.php\/wp-json\/wp\/v2\/posts\/4285\/revisions\/4289"}],"wp:featuredmedia":[{"embeddable":true,"href":"https:\/\/www.anovapeneira.gal\/index.php\/wp-json\/wp\/v2\/media\/584"}],"wp:attachment":[{"href":"https:\/\/www.anovapeneira.gal\/index.php\/wp-json\/wp\/v2\/media?parent=4285"}],"wp:term":[{"taxonomy":"category","embeddable":true,"href":"https:\/\/www.anovapeneira.gal\/index.php\/wp-json\/wp\/v2\/categories?post=4285"},{"taxonomy":"post_tag","embeddable":true,"href":"https:\/\/www.anovapeneira.gal\/index.php\/wp-json\/wp\/v2\/tags?post=4285"}],"curies":[{"name":"wp","href":"https:\/\/api.w.org\/{rel}","templated":true}]}}