{"id":4291,"date":"2020-11-19T10:00:49","date_gmt":"2020-11-19T09:00:49","guid":{"rendered":"http:\/\/www.anovapeneira.gal\/?p=4291"},"modified":"2020-11-13T16:53:12","modified_gmt":"2020-11-13T15:53:12","slug":"pedro-pereira-tenente-de-alcalde-de-o-porrino-2","status":"publish","type":"post","link":"https:\/\/www.anovapeneira.gal\/index.php\/2020\/11\/19\/pedro-pereira-tenente-de-alcalde-de-o-porrino-2\/","title":{"rendered":"Pedro Pereira Tenente de Alcalde de O Porri\u00f1o"},"content":{"rendered":"\n<p><strong>Sempre que falo con Pedro Pereira v\u00e9\u00f1enme \u00e1 memoria as conversas co meu amigo Henrique. El \u00e9 un home moi afeccionado ao f\u00fatbol, est\u00fadiao e co\u00f1\u00e9ceo en profundidade. E malia que a min calquera deporte me resulta aburrid\u00edsmo e non me interesa o m\u00e1is m\u00ednimo, sei escoitar e esc\u00f3itoo. El f\u00e1lame moitas veces dun xogador da \u00e9poca de Maradona, que seica era mellor ou polo menos tan bo como o astro arxentino, pero que na opini\u00f3n do meu colega non chegou \u00e1 elite pois non se sab\u00eda vender en absoluto. Era do Salvador , cham\u00e1base \u201cM\u00e1gico\u201d Gonz\u00e1lez e creo que foi o C\u00e1diz o equipo no que xogou. As\u00ed \u00e9 Pedro Pereira, un cadro pol\u00edtico brillante, un alcalde potencialmente superlativo, pero que precisa , ao meu xu\u00edzo claro, un curso de marketing para a s\u00faa propia persoa. En calquera caso, novamente foi un pracer conversar con el. Vela\u00ed vai o que deu de si a nosa charla<\/strong><\/p>\n\n\n\n<p>\u201c<strong>O PP EST\u00c1 VOLUNTARIA E CONSCIENTEMENTE IMPEDINDO AO CONCELLO PAGAR FACTURAS PENDENTES A PROVEEDORES, EN MOITOS CASOS EMPRESAS E AUT\u00d3NOMOS DO PORRI\u00d1O\u201d<\/strong><\/p>\n\n\n\n<p><strong>A primeira \u00e9 unha pregunta moi directa Pedro. Est\u00e1s satisfeito, case un ano e medio despois das elecci\u00f3ns, de ter tomado a decisi\u00f3n de formar parte do goberno local?<\/strong><\/p>\n\n\n\n<blockquote class=\"wp-block-quote is-layout-flow wp-block-quote-is-layout-flow\"><p>Si, sigo consider\u00e1ndoa , no momento presente, unha decisi\u00f3n acertada. Sendo moi consciente que a\u00ednda non pasou o tempo necesario para poder levar a cabo o acordo de goberno. A d\u00eda de hoxe , hai aspectos positivos e tam\u00e9n hai cousas que deben mellorar<\/p><\/blockquote>\n\n\n\n<p><strong>Falemos dos positivos?<\/strong><\/p>\n\n\n\n<blockquote class=\"wp-block-quote is-layout-flow wp-block-quote-is-layout-flow\"><p>Pois o BNG est\u00e1 levando a cabo nas s\u00faas \u00e1reas, o seu programa de goberno, con total independencia. E creo que podo dicir, con humildade, que nestes meses estamos a desenvolver un volume importante de traballo. As\u00ed por exemplo quixera falar das subvenci\u00f3ns \u00e1s tra\u00eddas de augas , que \u00e9 a primeira vez que se instauran en Porri\u00f1o<\/p><\/blockquote>\n\n\n\n<p><strong>Xa foron resoltas esas subvenci\u00f3ns?<\/strong><\/p>\n\n\n\n<blockquote class=\"wp-block-quote is-layout-flow wp-block-quote-is-layout-flow\"><p>Si, e as axudas xa est\u00e1n transferidas<\/p><\/blockquote>\n\n\n\n<p><strong>Que m\u00e1is?<\/strong><\/p>\n\n\n\n<blockquote class=\"wp-block-quote is-layout-flow wp-block-quote-is-layout-flow\"><p>A pavimentaci\u00f3n de Torneiros. Pavimentaci\u00f3n no barrio da Ladeira en Chenlo, recuperaci\u00f3n para o espazo natural de rede Natura da superficie do actual aparcamento, remodelaci\u00f3n da r\u00faa doantes de Sangue Tres obras xa contratadas pendentes de executar que son a pavimentaci\u00f3n no lugar de Cente\u00e1ns na parroquia de Pontellas, nos barrios das cavadas e Covelo en Atios que est\u00e1n pendentes de rematar este mes a conexi\u00f3n de acometidas, e este mes empezaron as obras de humanizaci\u00f3n da r\u00faa Aloques<\/p><\/blockquote>\n\n\n\n<p><strong>A actuaci\u00f3n en Aloques \u00e9 moi necesaria creo eu<\/strong><\/p>\n\n\n\n<blockquote class=\"wp-block-quote is-layout-flow wp-block-quote-is-layout-flow\"><p>Si, eu cr\u00e9oo tam\u00e9n. Agardo que nun prazo m\u00e1ximo de 4 meses poida estar esa actuaci\u00f3n rematada. Tam\u00e9n levamos adiante o convenio coa xunta de Montes do Porri\u00f1o e a permuta dos terreos onde est\u00e1 o centro social coa de Torneiros. Continuamos a regular a situaci\u00f3n das canteiras, aprobamos un prego xeral de \u00e1ridos e temos pendente a aprobaci\u00f3n do prego xeral de extracci\u00f3n mineira e estamos tentando regularizar a ocupaci\u00f3n e os cobros<\/p><\/blockquote>\n\n\n\n<p><strong>Cando falas dos cobros ref\u00edreste \u00e1 chamada d\u00e9beda hist\u00f3rica das canteiras?<\/strong><\/p>\n\n\n\n<blockquote class=\"wp-block-quote is-layout-flow wp-block-quote-is-layout-flow\"><p>Ref\u00edrome aos contratos actuais a\u00ednda que a d\u00e9beda hist\u00f3rica hai que abordala tam\u00e9n, claro que si.<\/p><\/blockquote>\n\n\n\n<p><strong>E para anos futuros tes alg\u00fan proxecto que nos poidas anticipar?<\/strong><\/p>\n\n\n\n<blockquote class=\"wp-block-quote is-layout-flow wp-block-quote-is-layout-flow\"><p>Si, a humanizaci\u00f3n da r\u00faa Manuel Rodr\u00edguez desde Xogo da Ola ata a praza de San Sebasti\u00e1n. E tam\u00e9n temos redactados proxectos de saneamento nos barrios de Picouzo e Devesa en Budi\u00f1o, no barrio da da Portela do Souto en Atios e na Rotea e Corz\u00f3n en Pontellas. E un proxecto que entendo moi importante referente \u00e1s d\u00faas antigas estradas nacionais, a que vai a Tui e a que vai a Ponteareas, xa que te\u00f1en o pavimento en bastante mal estado e n\u00f3s temos xa redactado un proxecto para a s\u00faa nova pavimentaci\u00f3n e para facer un carril bici.<\/p><\/blockquote>\n\n\n\n<p><strong>E agora falemos dos aspectos negativos?<\/strong><\/p>\n\n\n\n<blockquote class=\"wp-block-quote is-layout-flow wp-block-quote-is-layout-flow\"><p>A situaci\u00f3n pol\u00edtica do noso concello cun goberno en minor\u00eda e unha oposici\u00f3n , sobre todo a do PP que non sabe ler o contexto actual para diferenciar o traballo de oposici\u00f3n, que o ten que facer, co de posicionarse a favor daquelas decisi\u00f3ns que benefician o interese xeral do concello.<\/p><\/blockquote>\n\n\n\n<p><strong>Pero iso xa o sabiades?<\/strong><\/p>\n\n\n\n<blockquote class=\"wp-block-quote is-layout-flow wp-block-quote-is-layout-flow\"><p>Si, claro que si, se non \u00e9 ningunha escusa. Pero iso non quita que gobernar nesas circunstancias aritm\u00e9ticas sexa obxectivamente complexo .E logo o contexto no que se move este goberno<\/p><\/blockquote>\n\n\n\n<p><strong>A que te refires?<\/strong><\/p>\n\n\n\n<blockquote class=\"wp-block-quote is-layout-flow wp-block-quote-is-layout-flow\"><p>\u00c1 \u00e1rea econ\u00f3mica. A min preoc\u00fapame moito como se resolve a situaci\u00f3n econ\u00f3mica do Concello. Sigo mantendo que a xesti\u00f3n econ\u00f3mica debe de mellorar. Hai que extremar os esforzos e a mi\u00f1a percepci\u00f3n \u00e9 que iso non se est\u00e1 facendo<\/p><\/blockquote>\n\n\n\n<p><strong>No 2.020 non houbo orzamento Pedro<\/strong><\/p>\n\n\n\n<blockquote class=\"wp-block-quote is-layout-flow wp-block-quote-is-layout-flow\"><p>Xa, e iso p\u00f3dese explicar pola situaci\u00f3n de extrema dificultada derivada do estado de alarma, pero o que non \u00e9 concibible \u00e9 que no exercicio 2.021 tampouco o haxa<\/p><\/blockquote>\n\n\n\n<p><strong>E se non o hai?<\/strong><\/p>\n\n\n\n<blockquote class=\"wp-block-quote is-layout-flow wp-block-quote-is-layout-flow\"><p>Ten que ser porque a oposici\u00f3n o impida e non porque non se remate o proxecto econ\u00f3mico necesario e se presente a debate.<\/p><\/blockquote>\n\n\n\n<p><strong>Que vos din os vosos socios do PSOE ao respecto?<\/strong><\/p>\n\n\n\n<blockquote class=\"wp-block-quote is-layout-flow wp-block-quote-is-layout-flow\"><p>Din que est\u00e1n traballando con intervenci\u00f3n. Como che dixen antes c\u00f3mpre esforzarse ao m\u00e1ximo para facer o traballo que nos corresponde como goberno, independentemente da actitude do PP<\/p><\/blockquote>\n\n\n\n<p><strong>Concr\u00e9tame iso da actitude do PP?<\/strong><\/p>\n\n\n\n<blockquote class=\"wp-block-quote is-layout-flow wp-block-quote-is-layout-flow\"><p>O concello ten un remanente positivo que pode servir para efectuar o pago das facturas, ou polo menos de parte delas, que o concello ten pendente de pago, e o bloqueo constante do PP, incluso en contra do criterio que aplica o consello consultivo ao respecto deste tipo de facturas, impide que poidamos pagalas<\/p><\/blockquote>\n\n\n\n<p><strong>Est\u00e1s dicindo Pedro, que o PP de Porri\u00f1o est\u00e1, voluntaria e conscientemente, impedindo que o Concello pague facturas que debe, en moitos casos a empresas e aut\u00f3nomos do propio Porri\u00f1o?<\/strong><\/p>\n\n\n\n<blockquote class=\"wp-block-quote is-layout-flow wp-block-quote-is-layout-flow\"><p>Si, rotundamente si. Temos un remanente dispo\u00f1ible, despois de axustes por obrigas pendentes, de .5.179.000\u20ac e unha d\u00e9beda de exercicios anteriores de 4.800.000\u20ac. Deses 4.800.000 , os t\u00e9cnicos xa informaron de que 3 mill\u00f3ns son pagos procedentes e que deben de ser efectuados. Levouse ao pleno e o PP bloquea o seu pago<\/p><\/blockquote>\n\n\n\n<p><strong>Pero por que non se aproba coa maior\u00eda que invest\u00edu a Eva?<\/strong><\/p>\n\n\n\n<blockquote class=\"wp-block-quote is-layout-flow wp-block-quote-is-layout-flow\"><p>Porque Esquerda Unida non o considera e non vota a favor. Eles ligaban o seu voto favorable \u00e1 dimisi\u00f3n da alcaldesa. Penso que deber\u00edan repensar algunhas das s\u00faas decisi\u00f3ns pol\u00edticas. e non facerlle o caldo gordo ao Partido Popular.<\/p><\/blockquote>\n\n\n\n<p><strong>Antes mencionaches o traballo desenvolto na t\u00faa \u00e1rea e agora quixera co\u00f1ecer o da \u00e1rea que leva a t\u00faa compa\u00f1eira Camila?<\/strong><\/p>\n\n\n\n<blockquote class=\"wp-block-quote is-layout-flow wp-block-quote-is-layout-flow\"><p>Ben, ela leva a \u00e1rea de Cultura e este non \u00e9 o mellor ano para valorar pois o contexto sanitario p\u00faxollo enormemente complicado a toda a actividade cultural en xeral. Ela tivo unha interlocuci\u00f3n con todas as asociaci\u00f3n con alg\u00fan aspecto que creou controversia, non tanto porque as propostas fosen desacertadas sen\u00f3n por non telas transmitido da maneira m\u00e1is adecuada, e o BNG non debe descoidar ao tecido asociativo en xeral do concello do Porri\u00f1o. Iso non implica que renunciemos a posta en marcha do noso programa cultural, mais a interlocuci\u00f3n sempre ten que ser flu\u00edda. En calquera caso ela puxo en marcha unha programaci\u00f3n cultural de moita calidade , de proximidade e na li\u00f1a da nosa visi\u00f3n da realidade. Estou seguro de que na programaci\u00f3n prima o interese xeral e nese sentido a valoraci\u00f3n do seu traballo \u00e9 positiva.<\/p><\/blockquote>\n\n\n\n<p><strong>A oposici\u00f3n denunciou un acto en concreto referente ao intento de compra que supostamente fixo esta concelleira ,do material dunha empresa vinculada a un familiar directo dela mesma. Que tes que dicir ao respecto?<\/strong><\/p>\n\n\n\n<blockquote class=\"wp-block-quote is-layout-flow wp-block-quote-is-layout-flow\"><p>Ben , o BNG ao longo da s\u00faa historia sempre defendeu a \u00e9tica na pr\u00e1ctica pol\u00edtica e as\u00ed ten que seguir sendo sempre porque ese forma de actuar est\u00e1 por riba de calquera persoa, sexa quen sexa. Cando o BNG tivo co\u00f1ecemento dese expediente considerou que non era compatible co noso c\u00f3digo \u00e9tico e nunha xuntanza interna, no mes de setembro, decidiu que ese expediente ti\u00f1a que arquivarse e non pod\u00eda ser executado.<\/p><\/blockquote>\n\n\n\n<p><strong>Pero o expediente era legal?<\/strong><\/p>\n\n\n\n<blockquote class=\"wp-block-quote is-layout-flow wp-block-quote-is-layout-flow\"><p>Si. Pero insisto en que consideramos que non era compatible co noso c\u00f3digo \u00e9tico. N\u00f3s entendemos que ese tipo de relaci\u00f3ns contractuais con familiares directos non deben de levarse adiante. O expediente xa se arquivou e esa operaci\u00f3n non se vai a executar<\/p><\/blockquote>\n\n\n\n<p><strong>Na \u00faltima entrevista que lle fixemos \u00e1 alcaldesa, ela lai\u00e1base de que o PP xudicializa a acci\u00f3n pol\u00edtica municipal de maneira constante para impedir de maneira consciente ao goberno exercer as s\u00faas funci\u00f3ns. Est\u00e1s de acordo?<\/strong><\/p>\n\n\n\n<blockquote class=\"wp-block-quote is-layout-flow wp-block-quote-is-layout-flow\"><p>Si, estou de acordo. O PP est\u00e1 instalado no revanchismo xudicial sen preocuparlle o m\u00e1is m\u00ednimo as consecuencias tan negativas que esa actitude irresponsable ocasiona na veci\u00f1anza do noso pobo.<\/p><\/blockquote>\n\n\n\n<p><strong>O responsable \u00e9 ent\u00f3n Alejadro Lorenzo?<\/strong><\/p>\n\n\n\n<blockquote class=\"wp-block-quote is-layout-flow wp-block-quote-is-layout-flow\"><p>Para min \u00e9 tan responsable el como o \u00faltimo dos seus concelleiros. Os responsables son todos os concelleiros e concelleiras do PP. Non poden dicir que se paguen as facturas e ao mesmo tempo bloquear o seu pagamento.<\/p><\/blockquote>\n\n\n\n<p><strong>En relaci\u00f3n ao rumor referente \u00e1 pr\u00f3xima dimisi\u00f3n da alcaldesa, que tes que dicir?<\/strong><\/p>\n\n\n\n<blockquote class=\"wp-block-quote is-layout-flow wp-block-quote-is-layout-flow\"><p>Eu non sei se vai dimitir ou non. Calquera dimisi\u00f3n que non sexa forzosa, por decisi\u00f3n xudicial, \u00e9 decisi\u00f3n exclusiva de quen a ten que tomar.<\/p><\/blockquote>\n\n\n\n<p><strong>Se se producira a dimisi\u00f3n afectar\u00eda ao pacto de goberno?<\/strong><\/p>\n\n\n\n<blockquote class=\"wp-block-quote is-layout-flow wp-block-quote-is-layout-flow\"><p>Temos un acordo co PSOE, non coa alcaldesa, pensado para catro anos Pero, ben, se iso fose as\u00ed, e en base a quen fose o relevo que decidise o PSOE n\u00f3s teriamos que estudar a situaci\u00f3n claro.<\/p><\/blockquote>\n\n\n\n<p><strong>Os resultados das elecci\u00f3n auton\u00f3micas no Porri\u00f1o foron moi bos para o BNG non?<\/strong><\/p>\n\n\n\n<blockquote class=\"wp-block-quote is-layout-flow wp-block-quote-is-layout-flow\"><p>Pois si. Falo de memoria pero creo que sacamos 2.362 votos, quedamos de segunda forza a 500 votos de distancia da terceira. Uns bos resultados\u00a0<\/p><\/blockquote>\n\n\n\n<p><strong>Recordo unha conversa contigo, en tempos de vacas flacas para o nacionalismo galego, na que me dic\u00edas que non era nada f\u00e1cil ensanchar a base social do nacionalismo no Porri\u00f1o. A partir deses resultados tan bos p\u00f3dese so\u00f1ar con mudar esa realidade?<\/strong><\/p>\n\n\n\n<blockquote class=\"wp-block-quote is-layout-flow wp-block-quote-is-layout-flow\"><p>Eu sempre fun partidario de non extrapolar resultados. Agora ben, \u00e9 incuestionable que o BNG vive un bo momento e se queremos que alg\u00fan d\u00eda o nacionalismo sexa maioritario neste pa\u00eds deberiamos, co exemplo dos nosos actos, os nosos comportamentos e un traballo local e axeitado e coherente, tratar de aproveitalo para ensanchar o noso apoio.<\/p><\/blockquote>\n","protected":false},"excerpt":{"rendered":"<div class=\"mh-excerpt\"><p>Sempre que falo con Pedro Pereira v\u00e9\u00f1enme \u00e1 memoria as conversas co meu amigo Henrique. El \u00e9 un home moi afeccionado ao f\u00fatbol, est\u00fadiao e co\u00f1\u00e9ceo en profundidade. E malia que a min calquera deporte me resulta aburrid\u00edsmo e non me interesa o m\u00e1is m\u00ednimo, sei escoitar e esc\u00f3itoo. <a class=\"mh-excerpt-more\" href=\"https:\/\/www.anovapeneira.gal\/index.php\/2020\/11\/19\/pedro-pereira-tenente-de-alcalde-de-o-porrino-2\/\" title=\"Pedro Pereira Tenente de Alcalde de O Porri\u00f1o\">[&#8230;]<\/a><\/p>\n<\/div>","protected":false},"author":3,"featured_media":742,"comment_status":"open","ping_status":"open","sticky":false,"template":"","format":"standard","meta":{"_exactmetrics_skip_tracking":false,"_exactmetrics_sitenote_active":false,"_exactmetrics_sitenote_note":"","_exactmetrics_sitenote_category":0,"footnotes":""},"categories":[265],"tags":[411],"class_list":{"0":"post-4291","1":"post","2":"type-post","3":"status-publish","4":"format-standard","5":"has-post-thumbnail","7":"category-a-lourina-entrevistas","8":"tag-concello-do-porrino"},"yoast_head":"<!-- This site is optimized with the Yoast SEO plugin v27.4 - https:\/\/yoast.com\/product\/yoast-seo-wordpress\/ -->\n<title>Pedro Pereira Tenente de Alcalde de O Porri\u00f1o -<\/title>\n<meta name=\"robots\" content=\"index, follow, max-snippet:-1, max-image-preview:large, max-video-preview:-1\" \/>\n<link rel=\"canonical\" href=\"https:\/\/www.anovapeneira.gal\/index.php\/2020\/11\/19\/pedro-pereira-tenente-de-alcalde-de-o-porrino-2\/\" \/>\n<meta property=\"og:locale\" content=\"gl_ES\" \/>\n<meta property=\"og:type\" content=\"article\" \/>\n<meta property=\"og:title\" content=\"Pedro Pereira Tenente de Alcalde de O Porri\u00f1o -\" \/>\n<meta property=\"og:description\" content=\"Sempre que falo con Pedro Pereira v\u00e9\u00f1enme \u00e1 memoria as conversas co meu amigo Henrique. El \u00e9 un home moi afeccionado ao f\u00fatbol, est\u00fadiao e co\u00f1\u00e9ceo en profundidade. E malia que a min calquera deporte me resulta aburrid\u00edsmo e non me interesa o m\u00e1is m\u00ednimo, sei escoitar e esc\u00f3itoo. [...]\" \/>\n<meta property=\"og:url\" content=\"https:\/\/www.anovapeneira.gal\/index.php\/2020\/11\/19\/pedro-pereira-tenente-de-alcalde-de-o-porrino-2\/\" \/>\n<meta property=\"article:publisher\" content=\"https:\/\/www.facebook.com\/anovapeneira\" \/>\n<meta property=\"article:published_time\" content=\"2020-11-19T09:00:49+00:00\" \/>\n<meta property=\"og:image\" content=\"https:\/\/www.anovapeneira.gal\/wp-content\/uploads\/2019\/07\/pedro_pereira_a_nova_peneira.jpg\" \/>\n\t<meta property=\"og:image:width\" content=\"720\" \/>\n\t<meta property=\"og:image:height\" content=\"473\" \/>\n\t<meta property=\"og:image:type\" content=\"image\/jpeg\" \/>\n<meta name=\"author\" content=\"Redacci\u00f3n A Nova Peneira\" \/>\n<meta name=\"twitter:card\" content=\"summary_large_image\" \/>\n<meta name=\"twitter:creator\" content=\"@APeneira\" \/>\n<meta name=\"twitter:site\" content=\"@APeneira\" \/>\n<meta name=\"twitter:label1\" content=\"Escrito por\" \/>\n\t<meta name=\"twitter:data1\" content=\"Redacci\u00f3n A Nova Peneira\" \/>\n\t<meta name=\"twitter:label2\" content=\"Tempo de lectura\" \/>\n\t<meta name=\"twitter:data2\" content=\"9 minutos\" \/>\n<script type=\"application\/ld+json\" class=\"yoast-schema-graph\">{\"@context\":\"https:\\\/\\\/schema.org\",\"@graph\":[{\"@type\":\"Article\",\"@id\":\"https:\\\/\\\/www.anovapeneira.gal\\\/index.php\\\/2020\\\/11\\\/19\\\/pedro-pereira-tenente-de-alcalde-de-o-porrino-2\\\/#article\",\"isPartOf\":{\"@id\":\"https:\\\/\\\/www.anovapeneira.gal\\\/index.php\\\/2020\\\/11\\\/19\\\/pedro-pereira-tenente-de-alcalde-de-o-porrino-2\\\/\"},\"author\":{\"name\":\"Redacci\u00f3n A Nova Peneira\",\"@id\":\"https:\\\/\\\/www.anovapeneira.gal\\\/#\\\/schema\\\/person\\\/b93e3f8932e3f8da96334607eb6ac6aa\"},\"headline\":\"Pedro Pereira Tenente de Alcalde de O Porri\u00f1o\",\"datePublished\":\"2020-11-19T09:00:49+00:00\",\"mainEntityOfPage\":{\"@id\":\"https:\\\/\\\/www.anovapeneira.gal\\\/index.php\\\/2020\\\/11\\\/19\\\/pedro-pereira-tenente-de-alcalde-de-o-porrino-2\\\/\"},\"wordCount\":1855,\"commentCount\":0,\"publisher\":{\"@id\":\"https:\\\/\\\/www.anovapeneira.gal\\\/#organization\"},\"image\":{\"@id\":\"https:\\\/\\\/www.anovapeneira.gal\\\/index.php\\\/2020\\\/11\\\/19\\\/pedro-pereira-tenente-de-alcalde-de-o-porrino-2\\\/#primaryimage\"},\"thumbnailUrl\":\"https:\\\/\\\/www.anovapeneira.gal\\\/wp-content\\\/uploads\\\/2019\\\/07\\\/pedro_pereira_a_nova_peneira.jpg\",\"keywords\":[\"Concello do Porri\u00f1o\"],\"articleSection\":[\"A Louri\u00f1a\"],\"inLanguage\":\"gl-ES\",\"potentialAction\":[{\"@type\":\"CommentAction\",\"name\":\"Comment\",\"target\":[\"https:\\\/\\\/www.anovapeneira.gal\\\/index.php\\\/2020\\\/11\\\/19\\\/pedro-pereira-tenente-de-alcalde-de-o-porrino-2\\\/#respond\"]}]},{\"@type\":\"WebPage\",\"@id\":\"https:\\\/\\\/www.anovapeneira.gal\\\/index.php\\\/2020\\\/11\\\/19\\\/pedro-pereira-tenente-de-alcalde-de-o-porrino-2\\\/\",\"url\":\"https:\\\/\\\/www.anovapeneira.gal\\\/index.php\\\/2020\\\/11\\\/19\\\/pedro-pereira-tenente-de-alcalde-de-o-porrino-2\\\/\",\"name\":\"Pedro Pereira Tenente de Alcalde de O Porri\u00f1o -\",\"isPartOf\":{\"@id\":\"https:\\\/\\\/www.anovapeneira.gal\\\/#website\"},\"primaryImageOfPage\":{\"@id\":\"https:\\\/\\\/www.anovapeneira.gal\\\/index.php\\\/2020\\\/11\\\/19\\\/pedro-pereira-tenente-de-alcalde-de-o-porrino-2\\\/#primaryimage\"},\"image\":{\"@id\":\"https:\\\/\\\/www.anovapeneira.gal\\\/index.php\\\/2020\\\/11\\\/19\\\/pedro-pereira-tenente-de-alcalde-de-o-porrino-2\\\/#primaryimage\"},\"thumbnailUrl\":\"https:\\\/\\\/www.anovapeneira.gal\\\/wp-content\\\/uploads\\\/2019\\\/07\\\/pedro_pereira_a_nova_peneira.jpg\",\"datePublished\":\"2020-11-19T09:00:49+00:00\",\"breadcrumb\":{\"@id\":\"https:\\\/\\\/www.anovapeneira.gal\\\/index.php\\\/2020\\\/11\\\/19\\\/pedro-pereira-tenente-de-alcalde-de-o-porrino-2\\\/#breadcrumb\"},\"inLanguage\":\"gl-ES\",\"potentialAction\":[{\"@type\":\"ReadAction\",\"target\":[\"https:\\\/\\\/www.anovapeneira.gal\\\/index.php\\\/2020\\\/11\\\/19\\\/pedro-pereira-tenente-de-alcalde-de-o-porrino-2\\\/\"]}]},{\"@type\":\"ImageObject\",\"inLanguage\":\"gl-ES\",\"@id\":\"https:\\\/\\\/www.anovapeneira.gal\\\/index.php\\\/2020\\\/11\\\/19\\\/pedro-pereira-tenente-de-alcalde-de-o-porrino-2\\\/#primaryimage\",\"url\":\"https:\\\/\\\/www.anovapeneira.gal\\\/wp-content\\\/uploads\\\/2019\\\/07\\\/pedro_pereira_a_nova_peneira.jpg\",\"contentUrl\":\"https:\\\/\\\/www.anovapeneira.gal\\\/wp-content\\\/uploads\\\/2019\\\/07\\\/pedro_pereira_a_nova_peneira.jpg\",\"width\":720,\"height\":473,\"caption\":\"Pedro Pereira Concello do Porir\u00f1o\"},{\"@type\":\"BreadcrumbList\",\"@id\":\"https:\\\/\\\/www.anovapeneira.gal\\\/index.php\\\/2020\\\/11\\\/19\\\/pedro-pereira-tenente-de-alcalde-de-o-porrino-2\\\/#breadcrumb\",\"itemListElement\":[{\"@type\":\"ListItem\",\"position\":1,\"name\":\"Portada\",\"item\":\"https:\\\/\\\/www.anovapeneira.gal\\\/\"},{\"@type\":\"ListItem\",\"position\":2,\"name\":\"Pedro Pereira Tenente de Alcalde de O Porri\u00f1o\"}]},{\"@type\":\"WebSite\",\"@id\":\"https:\\\/\\\/www.anovapeneira.gal\\\/#website\",\"url\":\"https:\\\/\\\/www.anovapeneira.gal\\\/\",\"name\":\"\",\"description\":\"Xornal galego de informaci\u00f3n xeral Publicaci\u00f3n mensual de novas de Galicia e en especial dos Concellos da sur da provincia de Pontevedra.\",\"publisher\":{\"@id\":\"https:\\\/\\\/www.anovapeneira.gal\\\/#organization\"},\"potentialAction\":[{\"@type\":\"SearchAction\",\"target\":{\"@type\":\"EntryPoint\",\"urlTemplate\":\"https:\\\/\\\/www.anovapeneira.gal\\\/?s={search_term_string}\"},\"query-input\":{\"@type\":\"PropertyValueSpecification\",\"valueRequired\":true,\"valueName\":\"search_term_string\"}}],\"inLanguage\":\"gl-ES\"},{\"@type\":\"Organization\",\"@id\":\"https:\\\/\\\/www.anovapeneira.gal\\\/#organization\",\"name\":\"A Nova Peneira\",\"url\":\"https:\\\/\\\/www.anovapeneira.gal\\\/\",\"logo\":{\"@type\":\"ImageObject\",\"inLanguage\":\"gl-ES\",\"@id\":\"https:\\\/\\\/www.anovapeneira.gal\\\/#\\\/schema\\\/logo\\\/image\\\/\",\"url\":\"http:\\\/\\\/www.anovapeneira.gal\\\/wp-content\\\/uploads\\\/2019\\\/06\\\/logo_a_nova_peneira_portal_web.png\",\"contentUrl\":\"http:\\\/\\\/www.anovapeneira.gal\\\/wp-content\\\/uploads\\\/2019\\\/06\\\/logo_a_nova_peneira_portal_web.png\",\"width\":300,\"height\":100,\"caption\":\"A Nova Peneira\"},\"image\":{\"@id\":\"https:\\\/\\\/www.anovapeneira.gal\\\/#\\\/schema\\\/logo\\\/image\\\/\"},\"sameAs\":[\"https:\\\/\\\/www.facebook.com\\\/anovapeneira\",\"https:\\\/\\\/x.com\\\/APeneira\"]},{\"@type\":\"Person\",\"@id\":\"https:\\\/\\\/www.anovapeneira.gal\\\/#\\\/schema\\\/person\\\/b93e3f8932e3f8da96334607eb6ac6aa\",\"name\":\"Redacci\u00f3n A Nova Peneira\",\"image\":{\"@type\":\"ImageObject\",\"inLanguage\":\"gl-ES\",\"@id\":\"https:\\\/\\\/secure.gravatar.com\\\/avatar\\\/c052a2551a06e23fac63626232eaa90abd78dbcf1700fc46a2b2c89fd27b735f?s=96&d=mm&r=g\",\"url\":\"https:\\\/\\\/secure.gravatar.com\\\/avatar\\\/c052a2551a06e23fac63626232eaa90abd78dbcf1700fc46a2b2c89fd27b735f?s=96&d=mm&r=g\",\"contentUrl\":\"https:\\\/\\\/secure.gravatar.com\\\/avatar\\\/c052a2551a06e23fac63626232eaa90abd78dbcf1700fc46a2b2c89fd27b735f?s=96&d=mm&r=g\",\"caption\":\"Redacci\u00f3n A Nova Peneira\"},\"sameAs\":[\"http:\\\/\\\/www.anovapeneira.gal\\\/\"],\"url\":\"https:\\\/\\\/www.anovapeneira.gal\\\/index.php\\\/author\\\/redactor\\\/\"}]}<\/script>\n<!-- \/ Yoast SEO plugin. -->","yoast_head_json":{"title":"Pedro Pereira Tenente de Alcalde de O Porri\u00f1o -","robots":{"index":"index","follow":"follow","max-snippet":"max-snippet:-1","max-image-preview":"max-image-preview:large","max-video-preview":"max-video-preview:-1"},"canonical":"https:\/\/www.anovapeneira.gal\/index.php\/2020\/11\/19\/pedro-pereira-tenente-de-alcalde-de-o-porrino-2\/","og_locale":"gl_ES","og_type":"article","og_title":"Pedro Pereira Tenente de Alcalde de O Porri\u00f1o -","og_description":"Sempre que falo con Pedro Pereira v\u00e9\u00f1enme \u00e1 memoria as conversas co meu amigo Henrique. El \u00e9 un home moi afeccionado ao f\u00fatbol, est\u00fadiao e co\u00f1\u00e9ceo en profundidade. E malia que a min calquera deporte me resulta aburrid\u00edsmo e non me interesa o m\u00e1is m\u00ednimo, sei escoitar e esc\u00f3itoo. [...]","og_url":"https:\/\/www.anovapeneira.gal\/index.php\/2020\/11\/19\/pedro-pereira-tenente-de-alcalde-de-o-porrino-2\/","article_publisher":"https:\/\/www.facebook.com\/anovapeneira","article_published_time":"2020-11-19T09:00:49+00:00","og_image":[{"width":720,"height":473,"url":"https:\/\/www.anovapeneira.gal\/wp-content\/uploads\/2019\/07\/pedro_pereira_a_nova_peneira.jpg","type":"image\/jpeg"}],"author":"Redacci\u00f3n A Nova Peneira","twitter_card":"summary_large_image","twitter_creator":"@APeneira","twitter_site":"@APeneira","twitter_misc":{"Escrito por":"Redacci\u00f3n A Nova Peneira","Tempo de lectura":"9 minutos"},"schema":{"@context":"https:\/\/schema.org","@graph":[{"@type":"Article","@id":"https:\/\/www.anovapeneira.gal\/index.php\/2020\/11\/19\/pedro-pereira-tenente-de-alcalde-de-o-porrino-2\/#article","isPartOf":{"@id":"https:\/\/www.anovapeneira.gal\/index.php\/2020\/11\/19\/pedro-pereira-tenente-de-alcalde-de-o-porrino-2\/"},"author":{"name":"Redacci\u00f3n A Nova Peneira","@id":"https:\/\/www.anovapeneira.gal\/#\/schema\/person\/b93e3f8932e3f8da96334607eb6ac6aa"},"headline":"Pedro Pereira Tenente de Alcalde de O Porri\u00f1o","datePublished":"2020-11-19T09:00:49+00:00","mainEntityOfPage":{"@id":"https:\/\/www.anovapeneira.gal\/index.php\/2020\/11\/19\/pedro-pereira-tenente-de-alcalde-de-o-porrino-2\/"},"wordCount":1855,"commentCount":0,"publisher":{"@id":"https:\/\/www.anovapeneira.gal\/#organization"},"image":{"@id":"https:\/\/www.anovapeneira.gal\/index.php\/2020\/11\/19\/pedro-pereira-tenente-de-alcalde-de-o-porrino-2\/#primaryimage"},"thumbnailUrl":"https:\/\/www.anovapeneira.gal\/wp-content\/uploads\/2019\/07\/pedro_pereira_a_nova_peneira.jpg","keywords":["Concello do Porri\u00f1o"],"articleSection":["A Louri\u00f1a"],"inLanguage":"gl-ES","potentialAction":[{"@type":"CommentAction","name":"Comment","target":["https:\/\/www.anovapeneira.gal\/index.php\/2020\/11\/19\/pedro-pereira-tenente-de-alcalde-de-o-porrino-2\/#respond"]}]},{"@type":"WebPage","@id":"https:\/\/www.anovapeneira.gal\/index.php\/2020\/11\/19\/pedro-pereira-tenente-de-alcalde-de-o-porrino-2\/","url":"https:\/\/www.anovapeneira.gal\/index.php\/2020\/11\/19\/pedro-pereira-tenente-de-alcalde-de-o-porrino-2\/","name":"Pedro Pereira Tenente de Alcalde de O Porri\u00f1o -","isPartOf":{"@id":"https:\/\/www.anovapeneira.gal\/#website"},"primaryImageOfPage":{"@id":"https:\/\/www.anovapeneira.gal\/index.php\/2020\/11\/19\/pedro-pereira-tenente-de-alcalde-de-o-porrino-2\/#primaryimage"},"image":{"@id":"https:\/\/www.anovapeneira.gal\/index.php\/2020\/11\/19\/pedro-pereira-tenente-de-alcalde-de-o-porrino-2\/#primaryimage"},"thumbnailUrl":"https:\/\/www.anovapeneira.gal\/wp-content\/uploads\/2019\/07\/pedro_pereira_a_nova_peneira.jpg","datePublished":"2020-11-19T09:00:49+00:00","breadcrumb":{"@id":"https:\/\/www.anovapeneira.gal\/index.php\/2020\/11\/19\/pedro-pereira-tenente-de-alcalde-de-o-porrino-2\/#breadcrumb"},"inLanguage":"gl-ES","potentialAction":[{"@type":"ReadAction","target":["https:\/\/www.anovapeneira.gal\/index.php\/2020\/11\/19\/pedro-pereira-tenente-de-alcalde-de-o-porrino-2\/"]}]},{"@type":"ImageObject","inLanguage":"gl-ES","@id":"https:\/\/www.anovapeneira.gal\/index.php\/2020\/11\/19\/pedro-pereira-tenente-de-alcalde-de-o-porrino-2\/#primaryimage","url":"https:\/\/www.anovapeneira.gal\/wp-content\/uploads\/2019\/07\/pedro_pereira_a_nova_peneira.jpg","contentUrl":"https:\/\/www.anovapeneira.gal\/wp-content\/uploads\/2019\/07\/pedro_pereira_a_nova_peneira.jpg","width":720,"height":473,"caption":"Pedro Pereira Concello do Porir\u00f1o"},{"@type":"BreadcrumbList","@id":"https:\/\/www.anovapeneira.gal\/index.php\/2020\/11\/19\/pedro-pereira-tenente-de-alcalde-de-o-porrino-2\/#breadcrumb","itemListElement":[{"@type":"ListItem","position":1,"name":"Portada","item":"https:\/\/www.anovapeneira.gal\/"},{"@type":"ListItem","position":2,"name":"Pedro Pereira Tenente de Alcalde de O Porri\u00f1o"}]},{"@type":"WebSite","@id":"https:\/\/www.anovapeneira.gal\/#website","url":"https:\/\/www.anovapeneira.gal\/","name":"","description":"Xornal galego de informaci\u00f3n xeral Publicaci\u00f3n mensual de novas de Galicia e en especial dos Concellos da sur da provincia de Pontevedra.","publisher":{"@id":"https:\/\/www.anovapeneira.gal\/#organization"},"potentialAction":[{"@type":"SearchAction","target":{"@type":"EntryPoint","urlTemplate":"https:\/\/www.anovapeneira.gal\/?s={search_term_string}"},"query-input":{"@type":"PropertyValueSpecification","valueRequired":true,"valueName":"search_term_string"}}],"inLanguage":"gl-ES"},{"@type":"Organization","@id":"https:\/\/www.anovapeneira.gal\/#organization","name":"A Nova Peneira","url":"https:\/\/www.anovapeneira.gal\/","logo":{"@type":"ImageObject","inLanguage":"gl-ES","@id":"https:\/\/www.anovapeneira.gal\/#\/schema\/logo\/image\/","url":"http:\/\/www.anovapeneira.gal\/wp-content\/uploads\/2019\/06\/logo_a_nova_peneira_portal_web.png","contentUrl":"http:\/\/www.anovapeneira.gal\/wp-content\/uploads\/2019\/06\/logo_a_nova_peneira_portal_web.png","width":300,"height":100,"caption":"A Nova Peneira"},"image":{"@id":"https:\/\/www.anovapeneira.gal\/#\/schema\/logo\/image\/"},"sameAs":["https:\/\/www.facebook.com\/anovapeneira","https:\/\/x.com\/APeneira"]},{"@type":"Person","@id":"https:\/\/www.anovapeneira.gal\/#\/schema\/person\/b93e3f8932e3f8da96334607eb6ac6aa","name":"Redacci\u00f3n A Nova Peneira","image":{"@type":"ImageObject","inLanguage":"gl-ES","@id":"https:\/\/secure.gravatar.com\/avatar\/c052a2551a06e23fac63626232eaa90abd78dbcf1700fc46a2b2c89fd27b735f?s=96&d=mm&r=g","url":"https:\/\/secure.gravatar.com\/avatar\/c052a2551a06e23fac63626232eaa90abd78dbcf1700fc46a2b2c89fd27b735f?s=96&d=mm&r=g","contentUrl":"https:\/\/secure.gravatar.com\/avatar\/c052a2551a06e23fac63626232eaa90abd78dbcf1700fc46a2b2c89fd27b735f?s=96&d=mm&r=g","caption":"Redacci\u00f3n A Nova Peneira"},"sameAs":["http:\/\/www.anovapeneira.gal\/"],"url":"https:\/\/www.anovapeneira.gal\/index.php\/author\/redactor\/"}]}},"jetpack_featured_media_url":"https:\/\/www.anovapeneira.gal\/wp-content\/uploads\/2019\/07\/pedro_pereira_a_nova_peneira.jpg","_links":{"self":[{"href":"https:\/\/www.anovapeneira.gal\/index.php\/wp-json\/wp\/v2\/posts\/4291","targetHints":{"allow":["GET"]}}],"collection":[{"href":"https:\/\/www.anovapeneira.gal\/index.php\/wp-json\/wp\/v2\/posts"}],"about":[{"href":"https:\/\/www.anovapeneira.gal\/index.php\/wp-json\/wp\/v2\/types\/post"}],"author":[{"embeddable":true,"href":"https:\/\/www.anovapeneira.gal\/index.php\/wp-json\/wp\/v2\/users\/3"}],"replies":[{"embeddable":true,"href":"https:\/\/www.anovapeneira.gal\/index.php\/wp-json\/wp\/v2\/comments?post=4291"}],"version-history":[{"count":2,"href":"https:\/\/www.anovapeneira.gal\/index.php\/wp-json\/wp\/v2\/posts\/4291\/revisions"}],"predecessor-version":[{"id":4293,"href":"https:\/\/www.anovapeneira.gal\/index.php\/wp-json\/wp\/v2\/posts\/4291\/revisions\/4293"}],"wp:featuredmedia":[{"embeddable":true,"href":"https:\/\/www.anovapeneira.gal\/index.php\/wp-json\/wp\/v2\/media\/742"}],"wp:attachment":[{"href":"https:\/\/www.anovapeneira.gal\/index.php\/wp-json\/wp\/v2\/media?parent=4291"}],"wp:term":[{"taxonomy":"category","embeddable":true,"href":"https:\/\/www.anovapeneira.gal\/index.php\/wp-json\/wp\/v2\/categories?post=4291"},{"taxonomy":"post_tag","embeddable":true,"href":"https:\/\/www.anovapeneira.gal\/index.php\/wp-json\/wp\/v2\/tags?post=4291"}],"curies":[{"name":"wp","href":"https:\/\/api.w.org\/{rel}","templated":true}]}}