{"id":4294,"date":"2020-11-19T12:00:07","date_gmt":"2020-11-19T11:00:07","guid":{"rendered":"http:\/\/www.anovapeneira.gal\/?p=4294"},"modified":"2020-11-13T17:03:09","modified_gmt":"2020-11-13T16:03:09","slug":"en-lembranza-de-gustavo-garcia","status":"publish","type":"post","link":"https:\/\/www.anovapeneira.gal\/index.php\/2020\/11\/19\/en-lembranza-de-gustavo-garcia\/","title":{"rendered":"En lembranza de Gustavo Garc\u00eda"},"content":{"rendered":"\n<figure class=\"wp-block-image size-large is-resized is-style-default\"><img loading=\"lazy\" decoding=\"async\" src=\"http:\/\/www.anovapeneira.gal\/wp-content\/uploads\/2020\/11\/celso_lopez_pazos.jpg\" alt=\"Celso L\u00f3pez Pazos\" class=\"wp-image-4297\" width=\"95\" height=\"115\"\/><figcaption>Celso L\u00f3pez Pazos<\/figcaption><\/figure>\n\n\n\n<p>O recente pasamento do avogado vigu\u00e9s Gustavo Garc\u00eda Fern\u00e1ndez na lonxana illa canaria de Fuerteventura, fai imprescindible lembrar o moito que lle debemos tanto as asociaci\u00f3ns como o activismo social que traballa no campo da Memoria Hist\u00f3rica, na loita contra a impunidade dos crimes do franquismo e na demanda da necesidade de xulgar aos asasinos e torturadores da ditadura.<\/p>\n\n\n\n<p>Foi a mediados de 1998 cando o pleno da Sala do Penal da Audiencia Nacional confirmaba, por unanimidade de todos os seus membros, a competencia da xurisdici\u00f3n espa\u00f1ola para enxuizar os delitos de xenocidio e terrorismo de estado, con independencia do lugar do mundo no que sucedesen e \u00e1 marxe da nacionalidade dos respons\u00e1beis e v\u00edtimas deses delitos.<\/p>\n\n\n\n<p>Naquela altura Gustavo Garc\u00eda far\u00eda diante desa mesma instancia xudicial unha defensa impecable sobre a necesidade de que os tribunais espa\u00f1ois se declarasen competentes para xulgar ese tipo de delitos.<\/p>\n\n\n\n<p>O Pleno da Sala decid\u00eda tam\u00e9n a competencia dos Xulgados Centrais de Instruci\u00f3n da Audiencia Nacional para investigar todos e cada un dos crimes perpetrados no contexto do plan xenocida levado a cabo polas ditaduras arxentina (1976-1983) e chilena (1973-1990), concretado nos secuestros, torturas, asasinatos, violaci\u00f3ns, desaparici\u00f3ns forzadas de persoas, ou cambios de identidade de beb\u00e9s.Tal decisi\u00f3n permitir\u00eda que anos m\u00e1is tarde, en 2005, o oficial da armada arxentina e confeso torturador, Adolfo Scilingo fose condenado por delitos de lesa humanidade a 640 anos de prisi\u00f3n, condena que dous anos despois o Tribunal Supremo ampliar\u00eda a 1084 anos ao comprobarse a s\u00faa participaci\u00f3n en centos de detenci\u00f3ns ilegais.<\/p>\n\n\n\n<p>Coa decisi\u00f3n de declararse competente para xulgar delitos de xenocidio e lesa humanidade por parte da Audiencia Nacional, a inquebrantable conciencia solidaria de Gustavo Garcia e o seu alto sentido da xustiza universal, activouse axi\u00f1a e levouno a converterse na autentica alma mater e criador da&nbsp;Fundaci\u00f3n Galega In\u00e9s Ollero contra a Impunidade&nbsp;que ver\u00eda data de nacemento oficial o 28 de novembro de 1998. Na s\u00faa acta fundacional afirm\u00e1base \u201cque lle corresponde \u00e1 sociedade galega, na s\u00faa condici\u00f3n de v\u00edtima destes xenocidas (calc\u00falase a existencia duns 300 cidad\u00e1ns galegas e galegos a\u00ednda desaparecidos no contexto da ditadura arxentina) po\u00f1erse \u00e1 altura que demanda esta decisi\u00f3n hist\u00f3rica e pular pola creaci\u00f3n dunha organizaci\u00f3n que asuma a tarefa de contribu\u00edr a esta enorme demanda de xustiza\u201d. O documento continuaba declarando que \u201cse trata de recuperar a verdade hist\u00f3rica do sucedido a trav\u00e9s da investigaci\u00f3n (campo por campo, delito por delito, v\u00edtima<\/p>\n\n\n\n<p>por v\u00edtima, represor por represor) e de lograr a incriminaci\u00f3n de todos e cada un dos respons\u00e1beis\u201d. Infelizmente a&nbsp;Fundaci\u00f3n Galega In\u00e9s Ollero&nbsp;tivo escaso percorrido, a pesares do entusiasmo de Gustavo e de quen o seguiron nesta iniciativa. Cicais os tempos non eran chegados e o seu nacemento era a\u00ednda prematuro (estabamos en 1998). Pero aquel intento f\u00edxose presente, viviu un tempo, e Gustavo Garc\u00eda foi o seu promotor. Compr\u00eda lembrar e contar aqu\u00ed este episodio pouco ou nada co\u00f1ecido do traballo como letrado e activista de Gustavo Garc\u00eda xa que, por si mesmo, abonda a\u00ednda m\u00e1is no seu enorme e xeneroso compromiso cos humillados e ofendidos e coa xustiza.<\/p>\n\n\n\n<p>Logo vir\u00eda a constante e permanente militancia combativa de Gustavo nas s\u00faas viaxes a Arxentina (sempre a conta do seu peto) para denunciar os crimes da ditadura arxentina e da ditadura franquista, as s\u00faas visitas a lugares de internamento clandestinos e \u00e1 sinistra ESMA (Escola Mec\u00e1nica de la Armada), as s\u00faas intervenci\u00f3ns nas aulas das universidades daquel pa\u00eds e os seus contactos co avogado arxentino Carlos Slepoy para promover iniciativas que buscasen xulgar aos criminais arxentinos acusados de delitos de lesa humanidade e os crimes do franquismo, moito antes de que este avogado se convertera nun referente esencial, xunto a Chato Galante e outros, da querela arxentina contra os crimes da ditadura, querela arxentina na que, por certo, Gustavo participou moi intensamente dende o momento mesmo do seu nacemento no ano 2010 e na que, como resultado dunha doenza, viuse obrigado a limitar a s\u00faa implicaci\u00f3n e actividade.<\/p>\n\n\n\n<p>Grazas a s\u00faa insistencia foron centos e centos os galegos e galegas que formalizaron denuncias, v\u00eda notarial, contra os asasinos e torturadores que cometeron crimes de lesa humanidade durante a guerra civil e a ditadura, moito antes tam\u00e9n de que a xu\u00edza arxentina, Mar\u00eda Servini de Cubr\u00eda, puxera a disposici\u00f3n deses denunciantes o xulgado de Buenos Aires do que \u00e9 titular.<\/p>\n\n\n\n<p>Ese foi Gustavo Garc\u00eda Fern\u00e1ndez, avogado, un home solidario e xeneroso, un militante activo e inquebrantable a prol da xustiza universal, un defensor desinteresado e cabal dos perseguidos e dos sen nome.<\/p>\n\n\n\n<p>Un home bo en suma, que os derradeiros anos da s\u00faa vida e xa recuperado da s\u00faa doenza, volveu a po\u00f1erse ao servizo dos m\u00e1is vulnerables para converterse en avogado de&nbsp;Personas Maravillosas de Fuerteventura, un movemento sen \u00e1nimo de lucro cuxo obxectivo \u00e9 a defensa das persoas desfavorecidas, inmigrantes e sen teito.<\/p>\n\n\n\n<p>A d\u00e9beda que con Gustavo Garc\u00eda ten o activismo social, a loita memorialista e a loita contra a impunidade dos crimes do franquismo, s\u00f3 poder\u00e1 saldarse mantendo sempre viva a s\u00faa memoria.<\/p>\n","protected":false},"excerpt":{"rendered":"<div class=\"mh-excerpt\"><p>O recente pasamento do avogado vigu\u00e9s Gustavo Garc\u00eda Fern\u00e1ndez na lonxana illa canaria de Fuerteventura, fai imprescindible lembrar o moito que lle debemos tanto as asociaci\u00f3ns como o activismo social que traballa no campo da Memoria Hist\u00f3rica, na loita contra a impunidade dos crimes do franquismo e na demanda da necesidade de xulgar aos asasinos e torturadores da ditadura <a class=\"mh-excerpt-more\" href=\"https:\/\/www.anovapeneira.gal\/index.php\/2020\/11\/19\/en-lembranza-de-gustavo-garcia\/\" title=\"En lembranza de Gustavo Garc\u00eda\">[&#8230;]<\/a><\/p>\n<\/div>","protected":false},"author":12,"featured_media":4271,"comment_status":"open","ping_status":"open","sticky":false,"template":"","format":"standard","meta":{"_exactmetrics_skip_tracking":false,"_exactmetrics_sitenote_active":false,"_exactmetrics_sitenote_note":"","_exactmetrics_sitenote_category":0,"footnotes":""},"categories":[7],"tags":[1206],"class_list":{"0":"post-4294","1":"post","2":"type-post","3":"status-publish","4":"format-standard","5":"has-post-thumbnail","7":"category-artigos-de-opinion","8":"tag-gustavo-garcia"},"yoast_head":"<!-- This site is optimized with the Yoast SEO plugin v27.4 - https:\/\/yoast.com\/product\/yoast-seo-wordpress\/ -->\n<title>En lembranza de Gustavo Garc\u00eda -<\/title>\n<meta name=\"robots\" content=\"index, follow, max-snippet:-1, max-image-preview:large, max-video-preview:-1\" \/>\n<link rel=\"canonical\" href=\"https:\/\/www.anovapeneira.gal\/index.php\/2020\/11\/19\/en-lembranza-de-gustavo-garcia\/\" \/>\n<meta property=\"og:locale\" content=\"gl_ES\" \/>\n<meta property=\"og:type\" content=\"article\" \/>\n<meta property=\"og:title\" content=\"En lembranza de Gustavo Garc\u00eda -\" \/>\n<meta property=\"og:description\" content=\"O recente pasamento do avogado vigu\u00e9s Gustavo Garc\u00eda Fern\u00e1ndez na lonxana illa canaria de Fuerteventura, fai imprescindible lembrar o moito que lle debemos tanto as asociaci\u00f3ns como o activismo social que traballa no campo da Memoria Hist\u00f3rica, na loita contra a impunidade dos crimes do franquismo e na demanda da necesidade de xulgar aos asasinos e torturadores da ditadura [...]\" \/>\n<meta property=\"og:url\" content=\"https:\/\/www.anovapeneira.gal\/index.php\/2020\/11\/19\/en-lembranza-de-gustavo-garcia\/\" \/>\n<meta property=\"article:publisher\" content=\"https:\/\/www.facebook.com\/anovapeneira\" \/>\n<meta property=\"article:published_time\" content=\"2020-11-19T11:00:07+00:00\" \/>\n<meta property=\"og:image\" content=\"https:\/\/www.anovapeneira.gal\/wp-content\/uploads\/2020\/11\/Gustavo_garcia.jpg\" \/>\n\t<meta property=\"og:image:width\" content=\"720\" \/>\n\t<meta property=\"og:image:height\" content=\"432\" \/>\n\t<meta property=\"og:image:type\" content=\"image\/jpeg\" \/>\n<meta name=\"author\" content=\"Artigos Opini\u00f3n\" \/>\n<meta name=\"twitter:card\" content=\"summary_large_image\" \/>\n<meta name=\"twitter:creator\" content=\"@APeneira\" \/>\n<meta name=\"twitter:site\" content=\"@APeneira\" \/>\n<meta name=\"twitter:label1\" content=\"Escrito por\" \/>\n\t<meta name=\"twitter:data1\" content=\"Artigos Opini\u00f3n\" \/>\n\t<meta name=\"twitter:label2\" content=\"Tempo de lectura\" \/>\n\t<meta name=\"twitter:data2\" content=\"5 minutos\" \/>\n<script type=\"application\/ld+json\" class=\"yoast-schema-graph\">{\"@context\":\"https:\\\/\\\/schema.org\",\"@graph\":[{\"@type\":\"Article\",\"@id\":\"https:\\\/\\\/www.anovapeneira.gal\\\/index.php\\\/2020\\\/11\\\/19\\\/en-lembranza-de-gustavo-garcia\\\/#article\",\"isPartOf\":{\"@id\":\"https:\\\/\\\/www.anovapeneira.gal\\\/index.php\\\/2020\\\/11\\\/19\\\/en-lembranza-de-gustavo-garcia\\\/\"},\"author\":{\"name\":\"Artigos Opini\u00f3n\",\"@id\":\"https:\\\/\\\/www.anovapeneira.gal\\\/#\\\/schema\\\/person\\\/f18a4feb302e8f20bcef4490b5b60bb3\"},\"headline\":\"En lembranza de Gustavo Garc\u00eda\",\"datePublished\":\"2020-11-19T11:00:07+00:00\",\"mainEntityOfPage\":{\"@id\":\"https:\\\/\\\/www.anovapeneira.gal\\\/index.php\\\/2020\\\/11\\\/19\\\/en-lembranza-de-gustavo-garcia\\\/\"},\"wordCount\":930,\"commentCount\":0,\"publisher\":{\"@id\":\"https:\\\/\\\/www.anovapeneira.gal\\\/#organization\"},\"image\":{\"@id\":\"https:\\\/\\\/www.anovapeneira.gal\\\/index.php\\\/2020\\\/11\\\/19\\\/en-lembranza-de-gustavo-garcia\\\/#primaryimage\"},\"thumbnailUrl\":\"https:\\\/\\\/www.anovapeneira.gal\\\/wp-content\\\/uploads\\\/2020\\\/11\\\/Gustavo_garcia.jpg\",\"keywords\":[\"Gustavo Garc\u00eda\"],\"articleSection\":[\"Artigos de opini\u00f3n\"],\"inLanguage\":\"gl-ES\",\"potentialAction\":[{\"@type\":\"CommentAction\",\"name\":\"Comment\",\"target\":[\"https:\\\/\\\/www.anovapeneira.gal\\\/index.php\\\/2020\\\/11\\\/19\\\/en-lembranza-de-gustavo-garcia\\\/#respond\"]}]},{\"@type\":\"WebPage\",\"@id\":\"https:\\\/\\\/www.anovapeneira.gal\\\/index.php\\\/2020\\\/11\\\/19\\\/en-lembranza-de-gustavo-garcia\\\/\",\"url\":\"https:\\\/\\\/www.anovapeneira.gal\\\/index.php\\\/2020\\\/11\\\/19\\\/en-lembranza-de-gustavo-garcia\\\/\",\"name\":\"En lembranza de Gustavo Garc\u00eda -\",\"isPartOf\":{\"@id\":\"https:\\\/\\\/www.anovapeneira.gal\\\/#website\"},\"primaryImageOfPage\":{\"@id\":\"https:\\\/\\\/www.anovapeneira.gal\\\/index.php\\\/2020\\\/11\\\/19\\\/en-lembranza-de-gustavo-garcia\\\/#primaryimage\"},\"image\":{\"@id\":\"https:\\\/\\\/www.anovapeneira.gal\\\/index.php\\\/2020\\\/11\\\/19\\\/en-lembranza-de-gustavo-garcia\\\/#primaryimage\"},\"thumbnailUrl\":\"https:\\\/\\\/www.anovapeneira.gal\\\/wp-content\\\/uploads\\\/2020\\\/11\\\/Gustavo_garcia.jpg\",\"datePublished\":\"2020-11-19T11:00:07+00:00\",\"breadcrumb\":{\"@id\":\"https:\\\/\\\/www.anovapeneira.gal\\\/index.php\\\/2020\\\/11\\\/19\\\/en-lembranza-de-gustavo-garcia\\\/#breadcrumb\"},\"inLanguage\":\"gl-ES\",\"potentialAction\":[{\"@type\":\"ReadAction\",\"target\":[\"https:\\\/\\\/www.anovapeneira.gal\\\/index.php\\\/2020\\\/11\\\/19\\\/en-lembranza-de-gustavo-garcia\\\/\"]}]},{\"@type\":\"ImageObject\",\"inLanguage\":\"gl-ES\",\"@id\":\"https:\\\/\\\/www.anovapeneira.gal\\\/index.php\\\/2020\\\/11\\\/19\\\/en-lembranza-de-gustavo-garcia\\\/#primaryimage\",\"url\":\"https:\\\/\\\/www.anovapeneira.gal\\\/wp-content\\\/uploads\\\/2020\\\/11\\\/Gustavo_garcia.jpg\",\"contentUrl\":\"https:\\\/\\\/www.anovapeneira.gal\\\/wp-content\\\/uploads\\\/2020\\\/11\\\/Gustavo_garcia.jpg\",\"width\":720,\"height\":432,\"caption\":\"Gustavo Garc\u00eda\"},{\"@type\":\"BreadcrumbList\",\"@id\":\"https:\\\/\\\/www.anovapeneira.gal\\\/index.php\\\/2020\\\/11\\\/19\\\/en-lembranza-de-gustavo-garcia\\\/#breadcrumb\",\"itemListElement\":[{\"@type\":\"ListItem\",\"position\":1,\"name\":\"Portada\",\"item\":\"https:\\\/\\\/www.anovapeneira.gal\\\/\"},{\"@type\":\"ListItem\",\"position\":2,\"name\":\"En lembranza de Gustavo Garc\u00eda\"}]},{\"@type\":\"WebSite\",\"@id\":\"https:\\\/\\\/www.anovapeneira.gal\\\/#website\",\"url\":\"https:\\\/\\\/www.anovapeneira.gal\\\/\",\"name\":\"\",\"description\":\"Xornal galego de informaci\u00f3n xeral Publicaci\u00f3n mensual de novas de Galicia e en especial dos Concellos da sur da provincia de Pontevedra.\",\"publisher\":{\"@id\":\"https:\\\/\\\/www.anovapeneira.gal\\\/#organization\"},\"potentialAction\":[{\"@type\":\"SearchAction\",\"target\":{\"@type\":\"EntryPoint\",\"urlTemplate\":\"https:\\\/\\\/www.anovapeneira.gal\\\/?s={search_term_string}\"},\"query-input\":{\"@type\":\"PropertyValueSpecification\",\"valueRequired\":true,\"valueName\":\"search_term_string\"}}],\"inLanguage\":\"gl-ES\"},{\"@type\":\"Organization\",\"@id\":\"https:\\\/\\\/www.anovapeneira.gal\\\/#organization\",\"name\":\"A Nova Peneira\",\"url\":\"https:\\\/\\\/www.anovapeneira.gal\\\/\",\"logo\":{\"@type\":\"ImageObject\",\"inLanguage\":\"gl-ES\",\"@id\":\"https:\\\/\\\/www.anovapeneira.gal\\\/#\\\/schema\\\/logo\\\/image\\\/\",\"url\":\"http:\\\/\\\/www.anovapeneira.gal\\\/wp-content\\\/uploads\\\/2019\\\/06\\\/logo_a_nova_peneira_portal_web.png\",\"contentUrl\":\"http:\\\/\\\/www.anovapeneira.gal\\\/wp-content\\\/uploads\\\/2019\\\/06\\\/logo_a_nova_peneira_portal_web.png\",\"width\":300,\"height\":100,\"caption\":\"A Nova Peneira\"},\"image\":{\"@id\":\"https:\\\/\\\/www.anovapeneira.gal\\\/#\\\/schema\\\/logo\\\/image\\\/\"},\"sameAs\":[\"https:\\\/\\\/www.facebook.com\\\/anovapeneira\",\"https:\\\/\\\/x.com\\\/APeneira\"]},{\"@type\":\"Person\",\"@id\":\"https:\\\/\\\/www.anovapeneira.gal\\\/#\\\/schema\\\/person\\\/f18a4feb302e8f20bcef4490b5b60bb3\",\"name\":\"Artigos Opini\u00f3n\",\"image\":{\"@type\":\"ImageObject\",\"inLanguage\":\"gl-ES\",\"@id\":\"https:\\\/\\\/secure.gravatar.com\\\/avatar\\\/072844300f4881150aee2da4278f7a65d16eefdf8262eb67085f1e702de2b959?s=96&d=mm&r=g\",\"url\":\"https:\\\/\\\/secure.gravatar.com\\\/avatar\\\/072844300f4881150aee2da4278f7a65d16eefdf8262eb67085f1e702de2b959?s=96&d=mm&r=g\",\"contentUrl\":\"https:\\\/\\\/secure.gravatar.com\\\/avatar\\\/072844300f4881150aee2da4278f7a65d16eefdf8262eb67085f1e702de2b959?s=96&d=mm&r=g\",\"caption\":\"Artigos Opini\u00f3n\"},\"sameAs\":[\"http:\\\/\\\/anovapeneira.gal\"],\"url\":\"https:\\\/\\\/www.anovapeneira.gal\\\/index.php\\\/author\\\/artigosopinion\\\/\"}]}<\/script>\n<!-- \/ Yoast SEO plugin. -->","yoast_head_json":{"title":"En lembranza de Gustavo Garc\u00eda -","robots":{"index":"index","follow":"follow","max-snippet":"max-snippet:-1","max-image-preview":"max-image-preview:large","max-video-preview":"max-video-preview:-1"},"canonical":"https:\/\/www.anovapeneira.gal\/index.php\/2020\/11\/19\/en-lembranza-de-gustavo-garcia\/","og_locale":"gl_ES","og_type":"article","og_title":"En lembranza de Gustavo Garc\u00eda -","og_description":"O recente pasamento do avogado vigu\u00e9s Gustavo Garc\u00eda Fern\u00e1ndez na lonxana illa canaria de Fuerteventura, fai imprescindible lembrar o moito que lle debemos tanto as asociaci\u00f3ns como o activismo social que traballa no campo da Memoria Hist\u00f3rica, na loita contra a impunidade dos crimes do franquismo e na demanda da necesidade de xulgar aos asasinos e torturadores da ditadura [...]","og_url":"https:\/\/www.anovapeneira.gal\/index.php\/2020\/11\/19\/en-lembranza-de-gustavo-garcia\/","article_publisher":"https:\/\/www.facebook.com\/anovapeneira","article_published_time":"2020-11-19T11:00:07+00:00","og_image":[{"width":720,"height":432,"url":"https:\/\/www.anovapeneira.gal\/wp-content\/uploads\/2020\/11\/Gustavo_garcia.jpg","type":"image\/jpeg"}],"author":"Artigos Opini\u00f3n","twitter_card":"summary_large_image","twitter_creator":"@APeneira","twitter_site":"@APeneira","twitter_misc":{"Escrito por":"Artigos Opini\u00f3n","Tempo de lectura":"5 minutos"},"schema":{"@context":"https:\/\/schema.org","@graph":[{"@type":"Article","@id":"https:\/\/www.anovapeneira.gal\/index.php\/2020\/11\/19\/en-lembranza-de-gustavo-garcia\/#article","isPartOf":{"@id":"https:\/\/www.anovapeneira.gal\/index.php\/2020\/11\/19\/en-lembranza-de-gustavo-garcia\/"},"author":{"name":"Artigos Opini\u00f3n","@id":"https:\/\/www.anovapeneira.gal\/#\/schema\/person\/f18a4feb302e8f20bcef4490b5b60bb3"},"headline":"En lembranza de Gustavo Garc\u00eda","datePublished":"2020-11-19T11:00:07+00:00","mainEntityOfPage":{"@id":"https:\/\/www.anovapeneira.gal\/index.php\/2020\/11\/19\/en-lembranza-de-gustavo-garcia\/"},"wordCount":930,"commentCount":0,"publisher":{"@id":"https:\/\/www.anovapeneira.gal\/#organization"},"image":{"@id":"https:\/\/www.anovapeneira.gal\/index.php\/2020\/11\/19\/en-lembranza-de-gustavo-garcia\/#primaryimage"},"thumbnailUrl":"https:\/\/www.anovapeneira.gal\/wp-content\/uploads\/2020\/11\/Gustavo_garcia.jpg","keywords":["Gustavo Garc\u00eda"],"articleSection":["Artigos de opini\u00f3n"],"inLanguage":"gl-ES","potentialAction":[{"@type":"CommentAction","name":"Comment","target":["https:\/\/www.anovapeneira.gal\/index.php\/2020\/11\/19\/en-lembranza-de-gustavo-garcia\/#respond"]}]},{"@type":"WebPage","@id":"https:\/\/www.anovapeneira.gal\/index.php\/2020\/11\/19\/en-lembranza-de-gustavo-garcia\/","url":"https:\/\/www.anovapeneira.gal\/index.php\/2020\/11\/19\/en-lembranza-de-gustavo-garcia\/","name":"En lembranza de Gustavo Garc\u00eda -","isPartOf":{"@id":"https:\/\/www.anovapeneira.gal\/#website"},"primaryImageOfPage":{"@id":"https:\/\/www.anovapeneira.gal\/index.php\/2020\/11\/19\/en-lembranza-de-gustavo-garcia\/#primaryimage"},"image":{"@id":"https:\/\/www.anovapeneira.gal\/index.php\/2020\/11\/19\/en-lembranza-de-gustavo-garcia\/#primaryimage"},"thumbnailUrl":"https:\/\/www.anovapeneira.gal\/wp-content\/uploads\/2020\/11\/Gustavo_garcia.jpg","datePublished":"2020-11-19T11:00:07+00:00","breadcrumb":{"@id":"https:\/\/www.anovapeneira.gal\/index.php\/2020\/11\/19\/en-lembranza-de-gustavo-garcia\/#breadcrumb"},"inLanguage":"gl-ES","potentialAction":[{"@type":"ReadAction","target":["https:\/\/www.anovapeneira.gal\/index.php\/2020\/11\/19\/en-lembranza-de-gustavo-garcia\/"]}]},{"@type":"ImageObject","inLanguage":"gl-ES","@id":"https:\/\/www.anovapeneira.gal\/index.php\/2020\/11\/19\/en-lembranza-de-gustavo-garcia\/#primaryimage","url":"https:\/\/www.anovapeneira.gal\/wp-content\/uploads\/2020\/11\/Gustavo_garcia.jpg","contentUrl":"https:\/\/www.anovapeneira.gal\/wp-content\/uploads\/2020\/11\/Gustavo_garcia.jpg","width":720,"height":432,"caption":"Gustavo Garc\u00eda"},{"@type":"BreadcrumbList","@id":"https:\/\/www.anovapeneira.gal\/index.php\/2020\/11\/19\/en-lembranza-de-gustavo-garcia\/#breadcrumb","itemListElement":[{"@type":"ListItem","position":1,"name":"Portada","item":"https:\/\/www.anovapeneira.gal\/"},{"@type":"ListItem","position":2,"name":"En lembranza de Gustavo Garc\u00eda"}]},{"@type":"WebSite","@id":"https:\/\/www.anovapeneira.gal\/#website","url":"https:\/\/www.anovapeneira.gal\/","name":"","description":"Xornal galego de informaci\u00f3n xeral Publicaci\u00f3n mensual de novas de Galicia e en especial dos Concellos da sur da provincia de Pontevedra.","publisher":{"@id":"https:\/\/www.anovapeneira.gal\/#organization"},"potentialAction":[{"@type":"SearchAction","target":{"@type":"EntryPoint","urlTemplate":"https:\/\/www.anovapeneira.gal\/?s={search_term_string}"},"query-input":{"@type":"PropertyValueSpecification","valueRequired":true,"valueName":"search_term_string"}}],"inLanguage":"gl-ES"},{"@type":"Organization","@id":"https:\/\/www.anovapeneira.gal\/#organization","name":"A Nova Peneira","url":"https:\/\/www.anovapeneira.gal\/","logo":{"@type":"ImageObject","inLanguage":"gl-ES","@id":"https:\/\/www.anovapeneira.gal\/#\/schema\/logo\/image\/","url":"http:\/\/www.anovapeneira.gal\/wp-content\/uploads\/2019\/06\/logo_a_nova_peneira_portal_web.png","contentUrl":"http:\/\/www.anovapeneira.gal\/wp-content\/uploads\/2019\/06\/logo_a_nova_peneira_portal_web.png","width":300,"height":100,"caption":"A Nova Peneira"},"image":{"@id":"https:\/\/www.anovapeneira.gal\/#\/schema\/logo\/image\/"},"sameAs":["https:\/\/www.facebook.com\/anovapeneira","https:\/\/x.com\/APeneira"]},{"@type":"Person","@id":"https:\/\/www.anovapeneira.gal\/#\/schema\/person\/f18a4feb302e8f20bcef4490b5b60bb3","name":"Artigos Opini\u00f3n","image":{"@type":"ImageObject","inLanguage":"gl-ES","@id":"https:\/\/secure.gravatar.com\/avatar\/072844300f4881150aee2da4278f7a65d16eefdf8262eb67085f1e702de2b959?s=96&d=mm&r=g","url":"https:\/\/secure.gravatar.com\/avatar\/072844300f4881150aee2da4278f7a65d16eefdf8262eb67085f1e702de2b959?s=96&d=mm&r=g","contentUrl":"https:\/\/secure.gravatar.com\/avatar\/072844300f4881150aee2da4278f7a65d16eefdf8262eb67085f1e702de2b959?s=96&d=mm&r=g","caption":"Artigos Opini\u00f3n"},"sameAs":["http:\/\/anovapeneira.gal"],"url":"https:\/\/www.anovapeneira.gal\/index.php\/author\/artigosopinion\/"}]}},"jetpack_featured_media_url":"https:\/\/www.anovapeneira.gal\/wp-content\/uploads\/2020\/11\/Gustavo_garcia.jpg","_links":{"self":[{"href":"https:\/\/www.anovapeneira.gal\/index.php\/wp-json\/wp\/v2\/posts\/4294","targetHints":{"allow":["GET"]}}],"collection":[{"href":"https:\/\/www.anovapeneira.gal\/index.php\/wp-json\/wp\/v2\/posts"}],"about":[{"href":"https:\/\/www.anovapeneira.gal\/index.php\/wp-json\/wp\/v2\/types\/post"}],"author":[{"embeddable":true,"href":"https:\/\/www.anovapeneira.gal\/index.php\/wp-json\/wp\/v2\/users\/12"}],"replies":[{"embeddable":true,"href":"https:\/\/www.anovapeneira.gal\/index.php\/wp-json\/wp\/v2\/comments?post=4294"}],"version-history":[{"count":3,"href":"https:\/\/www.anovapeneira.gal\/index.php\/wp-json\/wp\/v2\/posts\/4294\/revisions"}],"predecessor-version":[{"id":4298,"href":"https:\/\/www.anovapeneira.gal\/index.php\/wp-json\/wp\/v2\/posts\/4294\/revisions\/4298"}],"wp:featuredmedia":[{"embeddable":true,"href":"https:\/\/www.anovapeneira.gal\/index.php\/wp-json\/wp\/v2\/media\/4271"}],"wp:attachment":[{"href":"https:\/\/www.anovapeneira.gal\/index.php\/wp-json\/wp\/v2\/media?parent=4294"}],"wp:term":[{"taxonomy":"category","embeddable":true,"href":"https:\/\/www.anovapeneira.gal\/index.php\/wp-json\/wp\/v2\/categories?post=4294"},{"taxonomy":"post_tag","embeddable":true,"href":"https:\/\/www.anovapeneira.gal\/index.php\/wp-json\/wp\/v2\/tags?post=4294"}],"curies":[{"name":"wp","href":"https:\/\/api.w.org\/{rel}","templated":true}]}}