{"id":4307,"date":"2020-11-20T10:00:20","date_gmt":"2020-11-20T09:00:20","guid":{"rendered":"http:\/\/www.anovapeneira.gal\/?p=4307"},"modified":"2020-11-18T17:45:44","modified_gmt":"2020-11-18T16:45:44","slug":"o-historico-artista-xoan-pineiro-tera-unha-rua-co-seu-nome-en-goian","status":"publish","type":"post","link":"https:\/\/www.anovapeneira.gal\/index.php\/2020\/11\/20\/o-historico-artista-xoan-pineiro-tera-unha-rua-co-seu-nome-en-goian\/","title":{"rendered":"O hist\u00f3rico artista Xo\u00e1n Pi\u00f1eiro ter\u00e1 unha r\u00faa co seu nome en Goi\u00e1n"},"content":{"rendered":"\n<h2 class=\"wp-block-heading\"><strong>A proposta, realizada pola Fundaci\u00f3n Xo\u00e1n Pi\u00f1eiro, aprobouse no pleno municipal e procura servir como homenaxe ao se cumpliren 100 anos do nacemento do artista<\/strong><\/h2>\n\n\n\n<p><strong>Tomi\u00f1o, 13 de novembro de 2020<\/strong><\/p>\n\n\n\n<p>O hist\u00f3rico artista Xo\u00e1n Pi\u00f1eiro, vencellado a maior parte da s\u00faa vida a Goi\u00e1n, ter\u00e1 finalmente unha r\u00faa dedicada como homenaxe ao se cumpriren 100 anos do seu nacemento. A r\u00faa escollida para este reco\u00f1ecemento \u00e9 a que conduce ao antigo obradoiro do artista, situado no n\u00famero 108 do barrio Tollo, en Goi\u00e1n. A iniciativa da Fundaci\u00f3n Xo\u00e1n Pi\u00f1eiro contou co total respaldo do Concello de Tomi\u00f1o, que tal e coma v\u00e9n facendo cos seus artistas, quere valorizar a s\u00faa figura e destacar a contribuci\u00f3n do artista \u00e1 cultura galega e \u00e1 identidade do concello.<\/p>\n\n\n\n<p>A proposta foi levada ao pleno municipal celebrado este xoves, resultando aprobada co apoio un\u00e1nime de todos os grupos pol\u00edticos da corporaci\u00f3n. O pleno celebrouse a porta pechada co fin de extremar as precauci\u00f3ns. Para manter as distancias axeitadas de separaci\u00f3n entre persoas os concelleiros ocuparon a pr\u00e1ctica totalidade do sal\u00f3n de plenos.<\/p>\n\n\n\n<p>Xo\u00e1n Pi\u00f1eiro naceu en Nerga (Cangas) en 1920, mais pasou boa parte da s\u00faa vida en Goi\u00e1n, lugar que escolleu para instalar o seu estudo e onde o propio artista descansa. Formouse en Madrid, de onde volta en 1962 para instalarse primeiro en Vigo, onde comeza a traballar dentro das murallas do Castro. Dous anos despois trasl\u00e1dase definitivamente a Goi\u00e1n montando al\u00ed o seu obradoiro.<\/p>\n\n\n\n<p>A pesar de que a pretensi\u00f3n do artista era o aillamento, o obradoiro de Pi\u00f1eiro converteuse nun punto de encontro para moitos persoeiros vencellados co mundo da cultura, tales como Eliseo Alonso, Xavier Pousa, Antonio Fern\u00e1ndez, ou artistas como Picallo, Ant\u00fanez ou Silverio Rivas, as\u00ed como multitude de aprendices que quer\u00edan co\u00f1ecer de preto o oficio da escultura.<\/p>\n\n\n\n<p>Pi\u00f1eiro conseguiu po\u00f1er en marcha unha t\u00e9cnica de fundici\u00f3n inexistente ata o momento en Galicia, baseada na fundici\u00f3n en bronce \u00e1 cera perdida, polo que pode decirse que \u00e9 a partir dos anos 70 cando comeza a realizar gran parte da s\u00faa obra neste material, convert\u00e9ndose nun aut\u00e9ntico referente escult\u00f3rico neste eido.<\/p>\n\n\n\n<p>En 1991, unha das s\u00faas fillas, Cuqui Pi\u00f1eiro, reconverte o obradoiro do artista nunha empresa de fundici\u00f3n profesional, perpetuando e ampliando e legado e o esp\u00edritu do escultor, con obra en t\u00f3dalas cidades galegas e con encargos en toda a pen\u00ednsula.<\/p>\n","protected":false},"excerpt":{"rendered":"<div class=\"mh-excerpt\"><p>A proposta, realizada pola Fundaci\u00f3n Xo\u00e1n Pi\u00f1eiro, aprobouse no pleno municipal e procura servir como homenaxe ao se cumpliren 100 anos do nacemento do artista<\/p>\n<p>Tomi\u00f1o, 13 de novembro de 2020.- O hist\u00f3rico artista Xo\u00e1n Pi\u00f1eiro, vencellado a maior parte da s\u00faa vida a Goi\u00e1n, ter\u00e1 finalmente unha r\u00faa dedicada como homenaxe ao se cumpriren 100 anos do seu nacemento. A r\u00faa escollida para este reco\u00f1ecemento \u00e9 a que conduce ao antigo obradoiro do artista, situado no n\u00famero 108 do barrio Tollo, en Goi\u00e1n. A iniciativa da Fundaci\u00f3n Xo\u00e1n Pi\u00f1eiro contou co total respaldo do Concello de Tomi\u00f1o, que tal e coma v\u00e9n facendo cos seus artistas, quere valorizar a s\u00faa figura e destacar a contribuci\u00f3n do artista \u00e1 cultura galega e \u00e1 identidade do concello.<\/p>\n<p>A proposta foi levada ao pleno municipal celebrado este xoves, resultando aprobada co apoio un\u00e1nime de todos os grupos pol\u00edticos da corporaci\u00f3n. O pleno celebrouse a porta pechada co fin de extremar as precauci\u00f3ns. Para manter as distancias axeitadas de separaci\u00f3n entre persoas os concelleiros ocuparon a pr\u00e1ctica totalidade do sal\u00f3n de plenos.<\/p>\n<p>Xo\u00e1n Pi\u00f1eiro naceu en Nerga (Cangas) en 1920, mais pasou boa parte da s\u00faa vida en Goi\u00e1n, lugar que escolleu para instalar o seu estudo e onde o propio artista descansa. Formouse en Madrid, de onde volta en 1962 para instalarse primeiro en Vigo, onde comeza a traballar dentro das murallas do Castro. Dous anos despois trasl\u00e1dase definitivamente a Goi\u00e1n montando al\u00ed o seu obradoiro.<\/p>\n<p>A pesar de que a pretensi\u00f3n do artista era o aillamento, o obradoiro de Pi\u00f1eiro converteuse nun punto de encontro para moitos persoeiros vencellados co mundo da cultura, tales como Eliseo Alonso, Xavier Pousa, Antonio Fern\u00e1ndez, ou artistas como Picallo, Ant\u00fanez ou Silverio Rivas, as\u00ed como multitude de aprendices que quer\u00edan co\u00f1ecer de preto o oficio da escultura.<\/p>\n<p>Pi\u00f1eiro conseguiu po\u00f1er en marcha unha t\u00e9cnica de fundici\u00f3n inexistente ata o momento en Galicia, baseada na fundici\u00f3n en bronce \u00e1 cera perdida, polo que pode decirse que \u00e9 a partir dos anos 70 cando comeza a realizar gran parte da s\u00faa obra neste material, convert\u00e9ndose nun aut\u00e9ntico referente escult\u00f3rico neste eido.<\/p>\n<p>En 1991, unha das s\u00faas fillas, Cuqui Pi\u00f1eiro, reconverte o obradoiro do artista nunha empresa de fundici\u00f3n profesional, perpetuando e ampliando e legado e o esp\u00edritu do escultor, con obra en t\u00f3dalas cidades galegas e con encargos en toda a pen\u00ednsula. <a class=\"mh-excerpt-more\" href=\"https:\/\/www.anovapeneira.gal\/index.php\/2020\/11\/20\/o-historico-artista-xoan-pineiro-tera-unha-rua-co-seu-nome-en-goian\/\" title=\"O hist\u00f3rico artista Xo\u00e1n Pi\u00f1eiro ter\u00e1 unha r\u00faa co seu nome en Goi\u00e1n\">[&#8230;]<\/a><\/p>\n<\/div>","protected":false},"author":3,"featured_media":4308,"comment_status":"open","ping_status":"open","sticky":false,"template":"","format":"standard","meta":{"_exactmetrics_skip_tracking":false,"_exactmetrics_sitenote_active":false,"_exactmetrics_sitenote_note":"","_exactmetrics_sitenote_category":0,"footnotes":""},"categories":[21],"tags":[81,195],"class_list":{"0":"post-4307","1":"post","2":"type-post","3":"status-publish","4":"format-standard","5":"has-post-thumbnail","7":"category-baixo-mino","8":"tag-concello-de-tomino","9":"tag-goian"},"yoast_head":"<!-- This site is optimized with the Yoast SEO plugin v27.4 - https:\/\/yoast.com\/product\/yoast-seo-wordpress\/ -->\n<title>O hist\u00f3rico artista Xo\u00e1n Pi\u00f1eiro ter\u00e1 unha r\u00faa co seu nome en Goi\u00e1n -<\/title>\n<meta name=\"robots\" content=\"index, follow, max-snippet:-1, max-image-preview:large, max-video-preview:-1\" \/>\n<link rel=\"canonical\" href=\"https:\/\/www.anovapeneira.gal\/index.php\/2020\/11\/20\/o-historico-artista-xoan-pineiro-tera-unha-rua-co-seu-nome-en-goian\/\" \/>\n<meta property=\"og:locale\" content=\"gl_ES\" \/>\n<meta property=\"og:type\" content=\"article\" \/>\n<meta property=\"og:title\" content=\"O hist\u00f3rico artista Xo\u00e1n Pi\u00f1eiro ter\u00e1 unha r\u00faa co seu nome en Goi\u00e1n -\" \/>\n<meta property=\"og:description\" content=\"A proposta, realizada pola Fundaci\u00f3n Xo\u00e1n Pi\u00f1eiro, aprobouse no pleno municipal e procura servir como homenaxe ao se cumpliren 100 anos do nacemento do artista Tomi\u00f1o, 13 de novembro de 2020.- O hist\u00f3rico artista Xo\u00e1n Pi\u00f1eiro, vencellado a maior parte da s\u00faa vida a Goi\u00e1n, ter\u00e1 finalmente unha r\u00faa dedicada como homenaxe ao se cumpriren 100 anos do seu nacemento. A r\u00faa escollida para este reco\u00f1ecemento \u00e9 a que conduce ao antigo obradoiro do artista, situado no n\u00famero 108 do barrio Tollo, en Goi\u00e1n. A iniciativa da Fundaci\u00f3n Xo\u00e1n Pi\u00f1eiro contou co total respaldo do Concello de Tomi\u00f1o, que tal e coma v\u00e9n facendo cos seus artistas, quere valorizar a s\u00faa figura e destacar a contribuci\u00f3n do artista \u00e1 cultura galega e \u00e1 identidade do concello. A proposta foi levada ao pleno municipal celebrado este xoves, resultando aprobada co apoio un\u00e1nime de todos os grupos pol\u00edticos da corporaci\u00f3n. O pleno celebrouse a porta pechada co fin de extremar as precauci\u00f3ns. Para manter as distancias axeitadas de separaci\u00f3n entre persoas os concelleiros ocuparon a pr\u00e1ctica totalidade do sal\u00f3n de plenos. Xo\u00e1n Pi\u00f1eiro naceu en Nerga (Cangas) en 1920, mais pasou boa parte da s\u00faa vida en Goi\u00e1n, lugar que escolleu para instalar o seu estudo e onde o propio artista descansa. Formouse en Madrid, de onde volta en 1962 para instalarse primeiro en Vigo, onde comeza a traballar dentro das murallas do Castro. Dous anos despois trasl\u00e1dase definitivamente a Goi\u00e1n montando al\u00ed o seu obradoiro. A pesar de que a pretensi\u00f3n do artista era o aillamento, o obradoiro de Pi\u00f1eiro converteuse nun punto de encontro para moitos persoeiros vencellados co mundo da cultura, tales como Eliseo Alonso, Xavier Pousa, Antonio Fern\u00e1ndez, ou artistas como Picallo, Ant\u00fanez ou Silverio Rivas, as\u00ed como multitude de aprendices que quer\u00edan co\u00f1ecer de preto o oficio da escultura. Pi\u00f1eiro conseguiu po\u00f1er en marcha unha t\u00e9cnica de fundici\u00f3n inexistente ata o momento en Galicia, baseada na fundici\u00f3n en bronce \u00e1 cera perdida, polo que pode decirse que \u00e9 a partir dos anos 70 cando comeza a realizar gran parte da s\u00faa obra neste material, convert\u00e9ndose nun aut\u00e9ntico referente escult\u00f3rico neste eido. En 1991, unha das s\u00faas fillas, Cuqui Pi\u00f1eiro, reconverte o obradoiro do artista nunha empresa de fundici\u00f3n profesional, perpetuando e ampliando e legado e o esp\u00edritu do escultor, con obra en t\u00f3dalas cidades galegas e con encargos en toda a pen\u00ednsula. [...]\" \/>\n<meta property=\"og:url\" content=\"https:\/\/www.anovapeneira.gal\/index.php\/2020\/11\/20\/o-historico-artista-xoan-pineiro-tera-unha-rua-co-seu-nome-en-goian\/\" \/>\n<meta property=\"article:publisher\" content=\"https:\/\/www.facebook.com\/anovapeneira\" \/>\n<meta property=\"article:published_time\" content=\"2020-11-20T09:00:20+00:00\" \/>\n<meta property=\"og:image\" content=\"https:\/\/www.anovapeneira.gal\/wp-content\/uploads\/2020\/11\/goian_rua_escultor_pinheiro.jpg\" \/>\n\t<meta property=\"og:image:width\" content=\"720\" \/>\n\t<meta property=\"og:image:height\" content=\"432\" \/>\n\t<meta property=\"og:image:type\" content=\"image\/jpeg\" \/>\n<meta name=\"author\" content=\"Redacci\u00f3n A Nova Peneira\" \/>\n<meta name=\"twitter:card\" content=\"summary_large_image\" \/>\n<meta name=\"twitter:creator\" content=\"@APeneira\" \/>\n<meta name=\"twitter:site\" content=\"@APeneira\" \/>\n<meta name=\"twitter:label1\" content=\"Escrito por\" \/>\n\t<meta name=\"twitter:data1\" content=\"Redacci\u00f3n A Nova Peneira\" \/>\n\t<meta name=\"twitter:label2\" content=\"Tempo de lectura\" \/>\n\t<meta name=\"twitter:data2\" content=\"2 minutos\" \/>\n<script type=\"application\/ld+json\" class=\"yoast-schema-graph\">{\"@context\":\"https:\\\/\\\/schema.org\",\"@graph\":[{\"@type\":\"Article\",\"@id\":\"https:\\\/\\\/www.anovapeneira.gal\\\/index.php\\\/2020\\\/11\\\/20\\\/o-historico-artista-xoan-pineiro-tera-unha-rua-co-seu-nome-en-goian\\\/#article\",\"isPartOf\":{\"@id\":\"https:\\\/\\\/www.anovapeneira.gal\\\/index.php\\\/2020\\\/11\\\/20\\\/o-historico-artista-xoan-pineiro-tera-unha-rua-co-seu-nome-en-goian\\\/\"},\"author\":{\"name\":\"Redacci\u00f3n A Nova Peneira\",\"@id\":\"https:\\\/\\\/www.anovapeneira.gal\\\/#\\\/schema\\\/person\\\/b93e3f8932e3f8da96334607eb6ac6aa\"},\"headline\":\"O hist\u00f3rico artista Xo\u00e1n Pi\u00f1eiro ter\u00e1 unha r\u00faa co seu nome en Goi\u00e1n\",\"datePublished\":\"2020-11-20T09:00:20+00:00\",\"mainEntityOfPage\":{\"@id\":\"https:\\\/\\\/www.anovapeneira.gal\\\/index.php\\\/2020\\\/11\\\/20\\\/o-historico-artista-xoan-pineiro-tera-unha-rua-co-seu-nome-en-goian\\\/\"},\"wordCount\":454,\"commentCount\":0,\"publisher\":{\"@id\":\"https:\\\/\\\/www.anovapeneira.gal\\\/#organization\"},\"image\":{\"@id\":\"https:\\\/\\\/www.anovapeneira.gal\\\/index.php\\\/2020\\\/11\\\/20\\\/o-historico-artista-xoan-pineiro-tera-unha-rua-co-seu-nome-en-goian\\\/#primaryimage\"},\"thumbnailUrl\":\"https:\\\/\\\/www.anovapeneira.gal\\\/wp-content\\\/uploads\\\/2020\\\/11\\\/goian_rua_escultor_pinheiro.jpg\",\"keywords\":[\"Concello de Tomi\u00f1o\",\"Goi\u00e1n\"],\"articleSection\":[\"Baixo Mi\u00f1o\"],\"inLanguage\":\"gl-ES\",\"potentialAction\":[{\"@type\":\"CommentAction\",\"name\":\"Comment\",\"target\":[\"https:\\\/\\\/www.anovapeneira.gal\\\/index.php\\\/2020\\\/11\\\/20\\\/o-historico-artista-xoan-pineiro-tera-unha-rua-co-seu-nome-en-goian\\\/#respond\"]}]},{\"@type\":\"WebPage\",\"@id\":\"https:\\\/\\\/www.anovapeneira.gal\\\/index.php\\\/2020\\\/11\\\/20\\\/o-historico-artista-xoan-pineiro-tera-unha-rua-co-seu-nome-en-goian\\\/\",\"url\":\"https:\\\/\\\/www.anovapeneira.gal\\\/index.php\\\/2020\\\/11\\\/20\\\/o-historico-artista-xoan-pineiro-tera-unha-rua-co-seu-nome-en-goian\\\/\",\"name\":\"O hist\u00f3rico artista Xo\u00e1n Pi\u00f1eiro ter\u00e1 unha r\u00faa co seu nome en Goi\u00e1n -\",\"isPartOf\":{\"@id\":\"https:\\\/\\\/www.anovapeneira.gal\\\/#website\"},\"primaryImageOfPage\":{\"@id\":\"https:\\\/\\\/www.anovapeneira.gal\\\/index.php\\\/2020\\\/11\\\/20\\\/o-historico-artista-xoan-pineiro-tera-unha-rua-co-seu-nome-en-goian\\\/#primaryimage\"},\"image\":{\"@id\":\"https:\\\/\\\/www.anovapeneira.gal\\\/index.php\\\/2020\\\/11\\\/20\\\/o-historico-artista-xoan-pineiro-tera-unha-rua-co-seu-nome-en-goian\\\/#primaryimage\"},\"thumbnailUrl\":\"https:\\\/\\\/www.anovapeneira.gal\\\/wp-content\\\/uploads\\\/2020\\\/11\\\/goian_rua_escultor_pinheiro.jpg\",\"datePublished\":\"2020-11-20T09:00:20+00:00\",\"breadcrumb\":{\"@id\":\"https:\\\/\\\/www.anovapeneira.gal\\\/index.php\\\/2020\\\/11\\\/20\\\/o-historico-artista-xoan-pineiro-tera-unha-rua-co-seu-nome-en-goian\\\/#breadcrumb\"},\"inLanguage\":\"gl-ES\",\"potentialAction\":[{\"@type\":\"ReadAction\",\"target\":[\"https:\\\/\\\/www.anovapeneira.gal\\\/index.php\\\/2020\\\/11\\\/20\\\/o-historico-artista-xoan-pineiro-tera-unha-rua-co-seu-nome-en-goian\\\/\"]}]},{\"@type\":\"ImageObject\",\"inLanguage\":\"gl-ES\",\"@id\":\"https:\\\/\\\/www.anovapeneira.gal\\\/index.php\\\/2020\\\/11\\\/20\\\/o-historico-artista-xoan-pineiro-tera-unha-rua-co-seu-nome-en-goian\\\/#primaryimage\",\"url\":\"https:\\\/\\\/www.anovapeneira.gal\\\/wp-content\\\/uploads\\\/2020\\\/11\\\/goian_rua_escultor_pinheiro.jpg\",\"contentUrl\":\"https:\\\/\\\/www.anovapeneira.gal\\\/wp-content\\\/uploads\\\/2020\\\/11\\\/goian_rua_escultor_pinheiro.jpg\",\"width\":720,\"height\":432,\"caption\":\"O hist\u00f3rico artista Xo\u00e1n Pi\u00f1eiro ter\u00e1 unha r\u00faa co seu nome en Goi\u00e1n\"},{\"@type\":\"BreadcrumbList\",\"@id\":\"https:\\\/\\\/www.anovapeneira.gal\\\/index.php\\\/2020\\\/11\\\/20\\\/o-historico-artista-xoan-pineiro-tera-unha-rua-co-seu-nome-en-goian\\\/#breadcrumb\",\"itemListElement\":[{\"@type\":\"ListItem\",\"position\":1,\"name\":\"Portada\",\"item\":\"https:\\\/\\\/www.anovapeneira.gal\\\/\"},{\"@type\":\"ListItem\",\"position\":2,\"name\":\"O hist\u00f3rico artista Xo\u00e1n Pi\u00f1eiro ter\u00e1 unha r\u00faa co seu nome en Goi\u00e1n\"}]},{\"@type\":\"WebSite\",\"@id\":\"https:\\\/\\\/www.anovapeneira.gal\\\/#website\",\"url\":\"https:\\\/\\\/www.anovapeneira.gal\\\/\",\"name\":\"\",\"description\":\"Xornal galego de informaci\u00f3n xeral Publicaci\u00f3n mensual de novas de Galicia e en especial dos Concellos da sur da provincia de Pontevedra.\",\"publisher\":{\"@id\":\"https:\\\/\\\/www.anovapeneira.gal\\\/#organization\"},\"potentialAction\":[{\"@type\":\"SearchAction\",\"target\":{\"@type\":\"EntryPoint\",\"urlTemplate\":\"https:\\\/\\\/www.anovapeneira.gal\\\/?s={search_term_string}\"},\"query-input\":{\"@type\":\"PropertyValueSpecification\",\"valueRequired\":true,\"valueName\":\"search_term_string\"}}],\"inLanguage\":\"gl-ES\"},{\"@type\":\"Organization\",\"@id\":\"https:\\\/\\\/www.anovapeneira.gal\\\/#organization\",\"name\":\"A Nova Peneira\",\"url\":\"https:\\\/\\\/www.anovapeneira.gal\\\/\",\"logo\":{\"@type\":\"ImageObject\",\"inLanguage\":\"gl-ES\",\"@id\":\"https:\\\/\\\/www.anovapeneira.gal\\\/#\\\/schema\\\/logo\\\/image\\\/\",\"url\":\"http:\\\/\\\/www.anovapeneira.gal\\\/wp-content\\\/uploads\\\/2019\\\/06\\\/logo_a_nova_peneira_portal_web.png\",\"contentUrl\":\"http:\\\/\\\/www.anovapeneira.gal\\\/wp-content\\\/uploads\\\/2019\\\/06\\\/logo_a_nova_peneira_portal_web.png\",\"width\":300,\"height\":100,\"caption\":\"A Nova Peneira\"},\"image\":{\"@id\":\"https:\\\/\\\/www.anovapeneira.gal\\\/#\\\/schema\\\/logo\\\/image\\\/\"},\"sameAs\":[\"https:\\\/\\\/www.facebook.com\\\/anovapeneira\",\"https:\\\/\\\/x.com\\\/APeneira\"]},{\"@type\":\"Person\",\"@id\":\"https:\\\/\\\/www.anovapeneira.gal\\\/#\\\/schema\\\/person\\\/b93e3f8932e3f8da96334607eb6ac6aa\",\"name\":\"Redacci\u00f3n A Nova Peneira\",\"image\":{\"@type\":\"ImageObject\",\"inLanguage\":\"gl-ES\",\"@id\":\"https:\\\/\\\/secure.gravatar.com\\\/avatar\\\/c052a2551a06e23fac63626232eaa90abd78dbcf1700fc46a2b2c89fd27b735f?s=96&d=mm&r=g\",\"url\":\"https:\\\/\\\/secure.gravatar.com\\\/avatar\\\/c052a2551a06e23fac63626232eaa90abd78dbcf1700fc46a2b2c89fd27b735f?s=96&d=mm&r=g\",\"contentUrl\":\"https:\\\/\\\/secure.gravatar.com\\\/avatar\\\/c052a2551a06e23fac63626232eaa90abd78dbcf1700fc46a2b2c89fd27b735f?s=96&d=mm&r=g\",\"caption\":\"Redacci\u00f3n A Nova Peneira\"},\"sameAs\":[\"http:\\\/\\\/www.anovapeneira.gal\\\/\"],\"url\":\"https:\\\/\\\/www.anovapeneira.gal\\\/index.php\\\/author\\\/redactor\\\/\"}]}<\/script>\n<!-- \/ Yoast SEO plugin. -->","yoast_head_json":{"title":"O hist\u00f3rico artista Xo\u00e1n Pi\u00f1eiro ter\u00e1 unha r\u00faa co seu nome en Goi\u00e1n -","robots":{"index":"index","follow":"follow","max-snippet":"max-snippet:-1","max-image-preview":"max-image-preview:large","max-video-preview":"max-video-preview:-1"},"canonical":"https:\/\/www.anovapeneira.gal\/index.php\/2020\/11\/20\/o-historico-artista-xoan-pineiro-tera-unha-rua-co-seu-nome-en-goian\/","og_locale":"gl_ES","og_type":"article","og_title":"O hist\u00f3rico artista Xo\u00e1n Pi\u00f1eiro ter\u00e1 unha r\u00faa co seu nome en Goi\u00e1n -","og_description":"A proposta, realizada pola Fundaci\u00f3n Xo\u00e1n Pi\u00f1eiro, aprobouse no pleno municipal e procura servir como homenaxe ao se cumpliren 100 anos do nacemento do artista Tomi\u00f1o, 13 de novembro de 2020.- O hist\u00f3rico artista Xo\u00e1n Pi\u00f1eiro, vencellado a maior parte da s\u00faa vida a Goi\u00e1n, ter\u00e1 finalmente unha r\u00faa dedicada como homenaxe ao se cumpriren 100 anos do seu nacemento. A r\u00faa escollida para este reco\u00f1ecemento \u00e9 a que conduce ao antigo obradoiro do artista, situado no n\u00famero 108 do barrio Tollo, en Goi\u00e1n. A iniciativa da Fundaci\u00f3n Xo\u00e1n Pi\u00f1eiro contou co total respaldo do Concello de Tomi\u00f1o, que tal e coma v\u00e9n facendo cos seus artistas, quere valorizar a s\u00faa figura e destacar a contribuci\u00f3n do artista \u00e1 cultura galega e \u00e1 identidade do concello. A proposta foi levada ao pleno municipal celebrado este xoves, resultando aprobada co apoio un\u00e1nime de todos os grupos pol\u00edticos da corporaci\u00f3n. O pleno celebrouse a porta pechada co fin de extremar as precauci\u00f3ns. Para manter as distancias axeitadas de separaci\u00f3n entre persoas os concelleiros ocuparon a pr\u00e1ctica totalidade do sal\u00f3n de plenos. Xo\u00e1n Pi\u00f1eiro naceu en Nerga (Cangas) en 1920, mais pasou boa parte da s\u00faa vida en Goi\u00e1n, lugar que escolleu para instalar o seu estudo e onde o propio artista descansa. Formouse en Madrid, de onde volta en 1962 para instalarse primeiro en Vigo, onde comeza a traballar dentro das murallas do Castro. Dous anos despois trasl\u00e1dase definitivamente a Goi\u00e1n montando al\u00ed o seu obradoiro. A pesar de que a pretensi\u00f3n do artista era o aillamento, o obradoiro de Pi\u00f1eiro converteuse nun punto de encontro para moitos persoeiros vencellados co mundo da cultura, tales como Eliseo Alonso, Xavier Pousa, Antonio Fern\u00e1ndez, ou artistas como Picallo, Ant\u00fanez ou Silverio Rivas, as\u00ed como multitude de aprendices que quer\u00edan co\u00f1ecer de preto o oficio da escultura. Pi\u00f1eiro conseguiu po\u00f1er en marcha unha t\u00e9cnica de fundici\u00f3n inexistente ata o momento en Galicia, baseada na fundici\u00f3n en bronce \u00e1 cera perdida, polo que pode decirse que \u00e9 a partir dos anos 70 cando comeza a realizar gran parte da s\u00faa obra neste material, convert\u00e9ndose nun aut\u00e9ntico referente escult\u00f3rico neste eido. En 1991, unha das s\u00faas fillas, Cuqui Pi\u00f1eiro, reconverte o obradoiro do artista nunha empresa de fundici\u00f3n profesional, perpetuando e ampliando e legado e o esp\u00edritu do escultor, con obra en t\u00f3dalas cidades galegas e con encargos en toda a pen\u00ednsula. [...]","og_url":"https:\/\/www.anovapeneira.gal\/index.php\/2020\/11\/20\/o-historico-artista-xoan-pineiro-tera-unha-rua-co-seu-nome-en-goian\/","article_publisher":"https:\/\/www.facebook.com\/anovapeneira","article_published_time":"2020-11-20T09:00:20+00:00","og_image":[{"width":720,"height":432,"url":"https:\/\/www.anovapeneira.gal\/wp-content\/uploads\/2020\/11\/goian_rua_escultor_pinheiro.jpg","type":"image\/jpeg"}],"author":"Redacci\u00f3n A Nova Peneira","twitter_card":"summary_large_image","twitter_creator":"@APeneira","twitter_site":"@APeneira","twitter_misc":{"Escrito por":"Redacci\u00f3n A Nova Peneira","Tempo de lectura":"2 minutos"},"schema":{"@context":"https:\/\/schema.org","@graph":[{"@type":"Article","@id":"https:\/\/www.anovapeneira.gal\/index.php\/2020\/11\/20\/o-historico-artista-xoan-pineiro-tera-unha-rua-co-seu-nome-en-goian\/#article","isPartOf":{"@id":"https:\/\/www.anovapeneira.gal\/index.php\/2020\/11\/20\/o-historico-artista-xoan-pineiro-tera-unha-rua-co-seu-nome-en-goian\/"},"author":{"name":"Redacci\u00f3n A Nova Peneira","@id":"https:\/\/www.anovapeneira.gal\/#\/schema\/person\/b93e3f8932e3f8da96334607eb6ac6aa"},"headline":"O hist\u00f3rico artista Xo\u00e1n Pi\u00f1eiro ter\u00e1 unha r\u00faa co seu nome en Goi\u00e1n","datePublished":"2020-11-20T09:00:20+00:00","mainEntityOfPage":{"@id":"https:\/\/www.anovapeneira.gal\/index.php\/2020\/11\/20\/o-historico-artista-xoan-pineiro-tera-unha-rua-co-seu-nome-en-goian\/"},"wordCount":454,"commentCount":0,"publisher":{"@id":"https:\/\/www.anovapeneira.gal\/#organization"},"image":{"@id":"https:\/\/www.anovapeneira.gal\/index.php\/2020\/11\/20\/o-historico-artista-xoan-pineiro-tera-unha-rua-co-seu-nome-en-goian\/#primaryimage"},"thumbnailUrl":"https:\/\/www.anovapeneira.gal\/wp-content\/uploads\/2020\/11\/goian_rua_escultor_pinheiro.jpg","keywords":["Concello de Tomi\u00f1o","Goi\u00e1n"],"articleSection":["Baixo Mi\u00f1o"],"inLanguage":"gl-ES","potentialAction":[{"@type":"CommentAction","name":"Comment","target":["https:\/\/www.anovapeneira.gal\/index.php\/2020\/11\/20\/o-historico-artista-xoan-pineiro-tera-unha-rua-co-seu-nome-en-goian\/#respond"]}]},{"@type":"WebPage","@id":"https:\/\/www.anovapeneira.gal\/index.php\/2020\/11\/20\/o-historico-artista-xoan-pineiro-tera-unha-rua-co-seu-nome-en-goian\/","url":"https:\/\/www.anovapeneira.gal\/index.php\/2020\/11\/20\/o-historico-artista-xoan-pineiro-tera-unha-rua-co-seu-nome-en-goian\/","name":"O hist\u00f3rico artista Xo\u00e1n Pi\u00f1eiro ter\u00e1 unha r\u00faa co seu nome en Goi\u00e1n -","isPartOf":{"@id":"https:\/\/www.anovapeneira.gal\/#website"},"primaryImageOfPage":{"@id":"https:\/\/www.anovapeneira.gal\/index.php\/2020\/11\/20\/o-historico-artista-xoan-pineiro-tera-unha-rua-co-seu-nome-en-goian\/#primaryimage"},"image":{"@id":"https:\/\/www.anovapeneira.gal\/index.php\/2020\/11\/20\/o-historico-artista-xoan-pineiro-tera-unha-rua-co-seu-nome-en-goian\/#primaryimage"},"thumbnailUrl":"https:\/\/www.anovapeneira.gal\/wp-content\/uploads\/2020\/11\/goian_rua_escultor_pinheiro.jpg","datePublished":"2020-11-20T09:00:20+00:00","breadcrumb":{"@id":"https:\/\/www.anovapeneira.gal\/index.php\/2020\/11\/20\/o-historico-artista-xoan-pineiro-tera-unha-rua-co-seu-nome-en-goian\/#breadcrumb"},"inLanguage":"gl-ES","potentialAction":[{"@type":"ReadAction","target":["https:\/\/www.anovapeneira.gal\/index.php\/2020\/11\/20\/o-historico-artista-xoan-pineiro-tera-unha-rua-co-seu-nome-en-goian\/"]}]},{"@type":"ImageObject","inLanguage":"gl-ES","@id":"https:\/\/www.anovapeneira.gal\/index.php\/2020\/11\/20\/o-historico-artista-xoan-pineiro-tera-unha-rua-co-seu-nome-en-goian\/#primaryimage","url":"https:\/\/www.anovapeneira.gal\/wp-content\/uploads\/2020\/11\/goian_rua_escultor_pinheiro.jpg","contentUrl":"https:\/\/www.anovapeneira.gal\/wp-content\/uploads\/2020\/11\/goian_rua_escultor_pinheiro.jpg","width":720,"height":432,"caption":"O hist\u00f3rico artista Xo\u00e1n Pi\u00f1eiro ter\u00e1 unha r\u00faa co seu nome en Goi\u00e1n"},{"@type":"BreadcrumbList","@id":"https:\/\/www.anovapeneira.gal\/index.php\/2020\/11\/20\/o-historico-artista-xoan-pineiro-tera-unha-rua-co-seu-nome-en-goian\/#breadcrumb","itemListElement":[{"@type":"ListItem","position":1,"name":"Portada","item":"https:\/\/www.anovapeneira.gal\/"},{"@type":"ListItem","position":2,"name":"O hist\u00f3rico artista Xo\u00e1n Pi\u00f1eiro ter\u00e1 unha r\u00faa co seu nome en Goi\u00e1n"}]},{"@type":"WebSite","@id":"https:\/\/www.anovapeneira.gal\/#website","url":"https:\/\/www.anovapeneira.gal\/","name":"","description":"Xornal galego de informaci\u00f3n xeral Publicaci\u00f3n mensual de novas de Galicia e en especial dos Concellos da sur da provincia de Pontevedra.","publisher":{"@id":"https:\/\/www.anovapeneira.gal\/#organization"},"potentialAction":[{"@type":"SearchAction","target":{"@type":"EntryPoint","urlTemplate":"https:\/\/www.anovapeneira.gal\/?s={search_term_string}"},"query-input":{"@type":"PropertyValueSpecification","valueRequired":true,"valueName":"search_term_string"}}],"inLanguage":"gl-ES"},{"@type":"Organization","@id":"https:\/\/www.anovapeneira.gal\/#organization","name":"A Nova Peneira","url":"https:\/\/www.anovapeneira.gal\/","logo":{"@type":"ImageObject","inLanguage":"gl-ES","@id":"https:\/\/www.anovapeneira.gal\/#\/schema\/logo\/image\/","url":"http:\/\/www.anovapeneira.gal\/wp-content\/uploads\/2019\/06\/logo_a_nova_peneira_portal_web.png","contentUrl":"http:\/\/www.anovapeneira.gal\/wp-content\/uploads\/2019\/06\/logo_a_nova_peneira_portal_web.png","width":300,"height":100,"caption":"A Nova Peneira"},"image":{"@id":"https:\/\/www.anovapeneira.gal\/#\/schema\/logo\/image\/"},"sameAs":["https:\/\/www.facebook.com\/anovapeneira","https:\/\/x.com\/APeneira"]},{"@type":"Person","@id":"https:\/\/www.anovapeneira.gal\/#\/schema\/person\/b93e3f8932e3f8da96334607eb6ac6aa","name":"Redacci\u00f3n A Nova Peneira","image":{"@type":"ImageObject","inLanguage":"gl-ES","@id":"https:\/\/secure.gravatar.com\/avatar\/c052a2551a06e23fac63626232eaa90abd78dbcf1700fc46a2b2c89fd27b735f?s=96&d=mm&r=g","url":"https:\/\/secure.gravatar.com\/avatar\/c052a2551a06e23fac63626232eaa90abd78dbcf1700fc46a2b2c89fd27b735f?s=96&d=mm&r=g","contentUrl":"https:\/\/secure.gravatar.com\/avatar\/c052a2551a06e23fac63626232eaa90abd78dbcf1700fc46a2b2c89fd27b735f?s=96&d=mm&r=g","caption":"Redacci\u00f3n A Nova Peneira"},"sameAs":["http:\/\/www.anovapeneira.gal\/"],"url":"https:\/\/www.anovapeneira.gal\/index.php\/author\/redactor\/"}]}},"jetpack_featured_media_url":"https:\/\/www.anovapeneira.gal\/wp-content\/uploads\/2020\/11\/goian_rua_escultor_pinheiro.jpg","_links":{"self":[{"href":"https:\/\/www.anovapeneira.gal\/index.php\/wp-json\/wp\/v2\/posts\/4307","targetHints":{"allow":["GET"]}}],"collection":[{"href":"https:\/\/www.anovapeneira.gal\/index.php\/wp-json\/wp\/v2\/posts"}],"about":[{"href":"https:\/\/www.anovapeneira.gal\/index.php\/wp-json\/wp\/v2\/types\/post"}],"author":[{"embeddable":true,"href":"https:\/\/www.anovapeneira.gal\/index.php\/wp-json\/wp\/v2\/users\/3"}],"replies":[{"embeddable":true,"href":"https:\/\/www.anovapeneira.gal\/index.php\/wp-json\/wp\/v2\/comments?post=4307"}],"version-history":[{"count":1,"href":"https:\/\/www.anovapeneira.gal\/index.php\/wp-json\/wp\/v2\/posts\/4307\/revisions"}],"predecessor-version":[{"id":4309,"href":"https:\/\/www.anovapeneira.gal\/index.php\/wp-json\/wp\/v2\/posts\/4307\/revisions\/4309"}],"wp:featuredmedia":[{"embeddable":true,"href":"https:\/\/www.anovapeneira.gal\/index.php\/wp-json\/wp\/v2\/media\/4308"}],"wp:attachment":[{"href":"https:\/\/www.anovapeneira.gal\/index.php\/wp-json\/wp\/v2\/media?parent=4307"}],"wp:term":[{"taxonomy":"category","embeddable":true,"href":"https:\/\/www.anovapeneira.gal\/index.php\/wp-json\/wp\/v2\/categories?post=4307"},{"taxonomy":"post_tag","embeddable":true,"href":"https:\/\/www.anovapeneira.gal\/index.php\/wp-json\/wp\/v2\/tags?post=4307"}],"curies":[{"name":"wp","href":"https:\/\/api.w.org\/{rel}","templated":true}]}}