{"id":4315,"date":"2020-11-23T12:00:56","date_gmt":"2020-11-23T11:00:56","guid":{"rendered":"http:\/\/www.anovapeneira.gal\/?p=4315"},"modified":"2020-11-18T18:04:16","modified_gmt":"2020-11-18T17:04:16","slug":"a-cota-trimestral-da-taxa-do-lixo-sera-de-2119-e-para-os-establecementos-que-tiveron-que-paralizar-a-sua-actividade-pola-pandemia","status":"publish","type":"post","link":"https:\/\/www.anovapeneira.gal\/index.php\/2020\/11\/23\/a-cota-trimestral-da-taxa-do-lixo-sera-de-2119-e-para-os-establecementos-que-tiveron-que-paralizar-a-sua-actividade-pola-pandemia\/","title":{"rendered":"A cota trimestral da taxa do lixo ser\u00e1 de 21,19 \u20ac para os establecementos que tiveron que paralizar a s\u00faa actividade pola pandemia"},"content":{"rendered":"\n<h2 class=\"wp-block-heading\">Os interesados deben presentar a solicitude no ORAL no modelo dispo\u00f1ible na web tui.gal<\/h2>\n\n\n\n<p><strong>Tui, 12 de novembro de 2020<\/strong><\/p>\n\n\n\n<p>O Concello de Tui aplicar\u00e1 aos establecementos que tiveron que permanecer pechados durante o estado de alarma ou na actualidade coma consecuencia das medidas restritivas que est\u00e1n vixentes en Tui a mesma cota trimestral da taxa anual do lixo que \u00e1s vivendas, no per\u00edodo no que estiveron sen actividade.\u00a0<\/p>\n\n\n\n<p>O Concello de Tui aplicar\u00e1 o artigo 3.3 da Ordenanza Reguladora da taxa pola Recollida do Lixo que recolle \u201cno caso de establecementos comerciais, profesionais e industriais que se atopen pechados, aplicarase unha tarifa m\u00ednima id\u00e9ntica \u00e1 tarifa de vivendas\u201d cuxo importe \u00e9 21,19 \u20ac ao trimestre. Esta medida ser\u00e1 de aplicaci\u00f3n tanto aos establecementos e actividades profesionais que tiveron que cesar na s\u00faa actividade dende o mes de marzo coa declaraci\u00f3n do estado de alarma, coma aqueles nestes momentos tiveron que pechar as s\u00faas portas con motivo das medidas restritivas establecidas en Tui pola situaci\u00f3n epidemiol\u00f3xica na cidade.&nbsp;<\/p>\n\n\n\n<p>As\u00ed o alcalde, Enrique Cabaleiro, explica que \u201co goberno do concello de Tui tomamos a determinaci\u00f3n, examinando a nosa ordenanza, de que aqueles establecementos que estiveron pechados se lle aplique a tarifa das vivendas particulares\u201d. Nese senso sinala que tras baralla distintas posibilidade \u201ccremos que esta soluci\u00f3n \u00e9 a m\u00e1is pr\u00e1ctica, porque nos permite actuar con car\u00e1cter retroactivo\u201d de tal xeito que se aplicar\u00e1 xa neste 2020.&nbsp;<\/p>\n\n\n\n<p>As\u00ed coa aplicaci\u00f3n deste artigo un restaurante cunha superficie de ate 250 m2 pasar\u00e1 de aboar 189\u20ac a 21,19\u20ac no trimestre no que estivo o est\u00e1 pechado ou no caso dos que superen os 250 m2 o importe se reducir\u00e1 dos 370,77\u20ac marcados na ordenanza por trimestre, aos 21,19\u20ac de aplicaci\u00f3n ao non exercer a actividade. No caso dun comercio de m\u00e1is de 40 m2 pasar\u00eda de aboar 58,34\u20ac ao trimestre aos 21,19\u20ac.<\/p>\n\n\n\n<p>Os interesados deben presentar no ORAL a solicitude de aplicaci\u00f3n deste artigo 3.3 da ordenanza, para o que poden descargar o modelo en tui.gal, e cumprimentalo cos seus datos.&nbsp;<\/p>\n\n\n\n<p>Deste xeito o Concello de Tui suma unha nova medida de apoio ao sector comercial da cidade neste momentos complicados derivados da pandemia da COVID19. O alcalde de Tui, Enrique Cabaleiro, sinalou que deste xeito se aporta \u201cunha soluci\u00f3n de inmediata aplicaci\u00f3n\u201d<\/p>\n\n\n\n<p>Por outra parte o Concello de Tui est\u00e1 traballando na modificaci\u00f3n da actual Ordenanza Reguladora da taxa pola Recollida do Lixo que entrou en vigor en outubro de 2008. Para iso encargouse un estudo actualizado dos custes do servizo. Con esta actualizaci\u00f3n amais de actualizar os custes do servizo, que est\u00e1n agora mesmo en estudo, tam\u00e9n se dar\u00e1 resposta \u00e1 solicitude de comerciantes e hostaleiros que levan anos reclamando, incluso xudicialmente, unha modificaci\u00f3n da taxa.&nbsp;<\/p>\n\n\n\n<p><a href=\"http:\/\/tui.gal\/sites\/default\/files\/documentos\/modelo_de_solicitude_ante_o_oral_para_reaxuste_tasa_do_lixo.docx\">Modelo de Solicitude ante o ORAL para reaxuste tasa do lixo.<\/a><\/p>\n","protected":false},"excerpt":{"rendered":"<div class=\"mh-excerpt\"><p>Os interesados deben presentar a solicitude no ORAL no modelo dispo\u00f1ible na web tui.gal <a class=\"mh-excerpt-more\" href=\"https:\/\/www.anovapeneira.gal\/index.php\/2020\/11\/23\/a-cota-trimestral-da-taxa-do-lixo-sera-de-2119-e-para-os-establecementos-que-tiveron-que-paralizar-a-sua-actividade-pola-pandemia\/\" title=\"A cota trimestral da taxa do lixo ser\u00e1 de 21,19 \u20ac para os establecementos que tiveron que paralizar a s\u00faa actividade pola pandemia\">[&#8230;]<\/a><\/p>\n<\/div>","protected":false},"author":3,"featured_media":389,"comment_status":"open","ping_status":"open","sticky":false,"template":"","format":"standard","meta":{"_exactmetrics_skip_tracking":false,"_exactmetrics_sitenote_active":false,"_exactmetrics_sitenote_note":"","_exactmetrics_sitenote_category":0,"footnotes":""},"categories":[21],"tags":[426],"class_list":{"0":"post-4315","1":"post","2":"type-post","3":"status-publish","4":"format-standard","5":"has-post-thumbnail","7":"category-baixo-mino","8":"tag-concello-de-tui"},"yoast_head":"<!-- This site is optimized with the Yoast SEO plugin v27.4 - https:\/\/yoast.com\/product\/yoast-seo-wordpress\/ -->\n<title>A cota trimestral da taxa do lixo ser\u00e1 de 21,19 \u20ac para os establecementos que tiveron que paralizar a s\u00faa actividade pola pandemia -<\/title>\n<meta name=\"description\" content=\"Os interesados deben presentar a solicitude no ORAL no modelo dispo\u00f1ible na web tui.gal\" \/>\n<meta name=\"robots\" content=\"index, follow, max-snippet:-1, max-image-preview:large, max-video-preview:-1\" \/>\n<link rel=\"canonical\" href=\"https:\/\/www.anovapeneira.gal\/index.php\/2020\/11\/23\/a-cota-trimestral-da-taxa-do-lixo-sera-de-2119-e-para-os-establecementos-que-tiveron-que-paralizar-a-sua-actividade-pola-pandemia\/\" \/>\n<meta property=\"og:locale\" content=\"gl_ES\" \/>\n<meta property=\"og:type\" content=\"article\" \/>\n<meta property=\"og:title\" content=\"A cota trimestral da taxa do lixo ser\u00e1 de 21,19 \u20ac para os establecementos que tiveron que paralizar a s\u00faa actividade pola pandemia -\" \/>\n<meta property=\"og:description\" content=\"Os interesados deben presentar a solicitude no ORAL no modelo dispo\u00f1ible na web tui.gal\" \/>\n<meta property=\"og:url\" content=\"https:\/\/www.anovapeneira.gal\/index.php\/2020\/11\/23\/a-cota-trimestral-da-taxa-do-lixo-sera-de-2119-e-para-os-establecementos-que-tiveron-que-paralizar-a-sua-actividade-pola-pandemia\/\" \/>\n<meta property=\"article:publisher\" content=\"https:\/\/www.facebook.com\/anovapeneira\" \/>\n<meta property=\"article:published_time\" content=\"2020-11-23T11:00:56+00:00\" \/>\n<meta property=\"og:image\" content=\"https:\/\/www.anovapeneira.gal\/wp-content\/uploads\/2019\/06\/concello_de_tui_a_nova_peneira2.jpg\" \/>\n\t<meta property=\"og:image:width\" content=\"720\" \/>\n\t<meta property=\"og:image:height\" content=\"473\" \/>\n\t<meta property=\"og:image:type\" content=\"image\/jpeg\" \/>\n<meta name=\"author\" content=\"Redacci\u00f3n A Nova Peneira\" \/>\n<meta name=\"twitter:card\" content=\"summary_large_image\" \/>\n<meta name=\"twitter:creator\" content=\"@APeneira\" \/>\n<meta name=\"twitter:site\" content=\"@APeneira\" \/>\n<meta name=\"twitter:label1\" content=\"Escrito por\" \/>\n\t<meta name=\"twitter:data1\" content=\"Redacci\u00f3n A Nova Peneira\" \/>\n\t<meta name=\"twitter:label2\" content=\"Tempo de lectura\" \/>\n\t<meta name=\"twitter:data2\" content=\"2 minutos\" \/>\n<script type=\"application\/ld+json\" class=\"yoast-schema-graph\">{\"@context\":\"https:\\\/\\\/schema.org\",\"@graph\":[{\"@type\":\"Article\",\"@id\":\"https:\\\/\\\/www.anovapeneira.gal\\\/index.php\\\/2020\\\/11\\\/23\\\/a-cota-trimestral-da-taxa-do-lixo-sera-de-2119-e-para-os-establecementos-que-tiveron-que-paralizar-a-sua-actividade-pola-pandemia\\\/#article\",\"isPartOf\":{\"@id\":\"https:\\\/\\\/www.anovapeneira.gal\\\/index.php\\\/2020\\\/11\\\/23\\\/a-cota-trimestral-da-taxa-do-lixo-sera-de-2119-e-para-os-establecementos-que-tiveron-que-paralizar-a-sua-actividade-pola-pandemia\\\/\"},\"author\":{\"name\":\"Redacci\u00f3n A Nova Peneira\",\"@id\":\"https:\\\/\\\/www.anovapeneira.gal\\\/#\\\/schema\\\/person\\\/b93e3f8932e3f8da96334607eb6ac6aa\"},\"headline\":\"A cota trimestral da taxa do lixo ser\u00e1 de 21,19 \u20ac para os establecementos que tiveron que paralizar a s\u00faa actividade pola pandemia\",\"datePublished\":\"2020-11-23T11:00:56+00:00\",\"mainEntityOfPage\":{\"@id\":\"https:\\\/\\\/www.anovapeneira.gal\\\/index.php\\\/2020\\\/11\\\/23\\\/a-cota-trimestral-da-taxa-do-lixo-sera-de-2119-e-para-os-establecementos-que-tiveron-que-paralizar-a-sua-actividade-pola-pandemia\\\/\"},\"wordCount\":500,\"commentCount\":0,\"publisher\":{\"@id\":\"https:\\\/\\\/www.anovapeneira.gal\\\/#organization\"},\"image\":{\"@id\":\"https:\\\/\\\/www.anovapeneira.gal\\\/index.php\\\/2020\\\/11\\\/23\\\/a-cota-trimestral-da-taxa-do-lixo-sera-de-2119-e-para-os-establecementos-que-tiveron-que-paralizar-a-sua-actividade-pola-pandemia\\\/#primaryimage\"},\"thumbnailUrl\":\"https:\\\/\\\/www.anovapeneira.gal\\\/wp-content\\\/uploads\\\/2019\\\/06\\\/concello_de_tui_a_nova_peneira2.jpg\",\"keywords\":[\"Concello de Tui\"],\"articleSection\":[\"Baixo Mi\u00f1o\"],\"inLanguage\":\"gl-ES\",\"potentialAction\":[{\"@type\":\"CommentAction\",\"name\":\"Comment\",\"target\":[\"https:\\\/\\\/www.anovapeneira.gal\\\/index.php\\\/2020\\\/11\\\/23\\\/a-cota-trimestral-da-taxa-do-lixo-sera-de-2119-e-para-os-establecementos-que-tiveron-que-paralizar-a-sua-actividade-pola-pandemia\\\/#respond\"]}]},{\"@type\":\"WebPage\",\"@id\":\"https:\\\/\\\/www.anovapeneira.gal\\\/index.php\\\/2020\\\/11\\\/23\\\/a-cota-trimestral-da-taxa-do-lixo-sera-de-2119-e-para-os-establecementos-que-tiveron-que-paralizar-a-sua-actividade-pola-pandemia\\\/\",\"url\":\"https:\\\/\\\/www.anovapeneira.gal\\\/index.php\\\/2020\\\/11\\\/23\\\/a-cota-trimestral-da-taxa-do-lixo-sera-de-2119-e-para-os-establecementos-que-tiveron-que-paralizar-a-sua-actividade-pola-pandemia\\\/\",\"name\":\"A cota trimestral da taxa do lixo ser\u00e1 de 21,19 \u20ac para os establecementos que tiveron que paralizar a s\u00faa actividade pola pandemia -\",\"isPartOf\":{\"@id\":\"https:\\\/\\\/www.anovapeneira.gal\\\/#website\"},\"primaryImageOfPage\":{\"@id\":\"https:\\\/\\\/www.anovapeneira.gal\\\/index.php\\\/2020\\\/11\\\/23\\\/a-cota-trimestral-da-taxa-do-lixo-sera-de-2119-e-para-os-establecementos-que-tiveron-que-paralizar-a-sua-actividade-pola-pandemia\\\/#primaryimage\"},\"image\":{\"@id\":\"https:\\\/\\\/www.anovapeneira.gal\\\/index.php\\\/2020\\\/11\\\/23\\\/a-cota-trimestral-da-taxa-do-lixo-sera-de-2119-e-para-os-establecementos-que-tiveron-que-paralizar-a-sua-actividade-pola-pandemia\\\/#primaryimage\"},\"thumbnailUrl\":\"https:\\\/\\\/www.anovapeneira.gal\\\/wp-content\\\/uploads\\\/2019\\\/06\\\/concello_de_tui_a_nova_peneira2.jpg\",\"datePublished\":\"2020-11-23T11:00:56+00:00\",\"description\":\"Os interesados deben presentar a solicitude no ORAL no modelo dispo\u00f1ible na web tui.gal\",\"breadcrumb\":{\"@id\":\"https:\\\/\\\/www.anovapeneira.gal\\\/index.php\\\/2020\\\/11\\\/23\\\/a-cota-trimestral-da-taxa-do-lixo-sera-de-2119-e-para-os-establecementos-que-tiveron-que-paralizar-a-sua-actividade-pola-pandemia\\\/#breadcrumb\"},\"inLanguage\":\"gl-ES\",\"potentialAction\":[{\"@type\":\"ReadAction\",\"target\":[\"https:\\\/\\\/www.anovapeneira.gal\\\/index.php\\\/2020\\\/11\\\/23\\\/a-cota-trimestral-da-taxa-do-lixo-sera-de-2119-e-para-os-establecementos-que-tiveron-que-paralizar-a-sua-actividade-pola-pandemia\\\/\"]}]},{\"@type\":\"ImageObject\",\"inLanguage\":\"gl-ES\",\"@id\":\"https:\\\/\\\/www.anovapeneira.gal\\\/index.php\\\/2020\\\/11\\\/23\\\/a-cota-trimestral-da-taxa-do-lixo-sera-de-2119-e-para-os-establecementos-que-tiveron-que-paralizar-a-sua-actividade-pola-pandemia\\\/#primaryimage\",\"url\":\"https:\\\/\\\/www.anovapeneira.gal\\\/wp-content\\\/uploads\\\/2019\\\/06\\\/concello_de_tui_a_nova_peneira2.jpg\",\"contentUrl\":\"https:\\\/\\\/www.anovapeneira.gal\\\/wp-content\\\/uploads\\\/2019\\\/06\\\/concello_de_tui_a_nova_peneira2.jpg\",\"width\":720,\"height\":473,\"caption\":\"Concello de Tui A Nova Peneira\"},{\"@type\":\"BreadcrumbList\",\"@id\":\"https:\\\/\\\/www.anovapeneira.gal\\\/index.php\\\/2020\\\/11\\\/23\\\/a-cota-trimestral-da-taxa-do-lixo-sera-de-2119-e-para-os-establecementos-que-tiveron-que-paralizar-a-sua-actividade-pola-pandemia\\\/#breadcrumb\",\"itemListElement\":[{\"@type\":\"ListItem\",\"position\":1,\"name\":\"Portada\",\"item\":\"https:\\\/\\\/www.anovapeneira.gal\\\/\"},{\"@type\":\"ListItem\",\"position\":2,\"name\":\"A cota trimestral da taxa do lixo ser\u00e1 de 21,19 \u20ac para os establecementos que tiveron que paralizar a s\u00faa actividade pola pandemia\"}]},{\"@type\":\"WebSite\",\"@id\":\"https:\\\/\\\/www.anovapeneira.gal\\\/#website\",\"url\":\"https:\\\/\\\/www.anovapeneira.gal\\\/\",\"name\":\"\",\"description\":\"Xornal galego de informaci\u00f3n xeral Publicaci\u00f3n mensual de novas de Galicia e en especial dos Concellos da sur da provincia de Pontevedra.\",\"publisher\":{\"@id\":\"https:\\\/\\\/www.anovapeneira.gal\\\/#organization\"},\"potentialAction\":[{\"@type\":\"SearchAction\",\"target\":{\"@type\":\"EntryPoint\",\"urlTemplate\":\"https:\\\/\\\/www.anovapeneira.gal\\\/?s={search_term_string}\"},\"query-input\":{\"@type\":\"PropertyValueSpecification\",\"valueRequired\":true,\"valueName\":\"search_term_string\"}}],\"inLanguage\":\"gl-ES\"},{\"@type\":\"Organization\",\"@id\":\"https:\\\/\\\/www.anovapeneira.gal\\\/#organization\",\"name\":\"A Nova Peneira\",\"url\":\"https:\\\/\\\/www.anovapeneira.gal\\\/\",\"logo\":{\"@type\":\"ImageObject\",\"inLanguage\":\"gl-ES\",\"@id\":\"https:\\\/\\\/www.anovapeneira.gal\\\/#\\\/schema\\\/logo\\\/image\\\/\",\"url\":\"http:\\\/\\\/www.anovapeneira.gal\\\/wp-content\\\/uploads\\\/2019\\\/06\\\/logo_a_nova_peneira_portal_web.png\",\"contentUrl\":\"http:\\\/\\\/www.anovapeneira.gal\\\/wp-content\\\/uploads\\\/2019\\\/06\\\/logo_a_nova_peneira_portal_web.png\",\"width\":300,\"height\":100,\"caption\":\"A Nova Peneira\"},\"image\":{\"@id\":\"https:\\\/\\\/www.anovapeneira.gal\\\/#\\\/schema\\\/logo\\\/image\\\/\"},\"sameAs\":[\"https:\\\/\\\/www.facebook.com\\\/anovapeneira\",\"https:\\\/\\\/x.com\\\/APeneira\"]},{\"@type\":\"Person\",\"@id\":\"https:\\\/\\\/www.anovapeneira.gal\\\/#\\\/schema\\\/person\\\/b93e3f8932e3f8da96334607eb6ac6aa\",\"name\":\"Redacci\u00f3n A Nova Peneira\",\"image\":{\"@type\":\"ImageObject\",\"inLanguage\":\"gl-ES\",\"@id\":\"https:\\\/\\\/secure.gravatar.com\\\/avatar\\\/c052a2551a06e23fac63626232eaa90abd78dbcf1700fc46a2b2c89fd27b735f?s=96&d=mm&r=g\",\"url\":\"https:\\\/\\\/secure.gravatar.com\\\/avatar\\\/c052a2551a06e23fac63626232eaa90abd78dbcf1700fc46a2b2c89fd27b735f?s=96&d=mm&r=g\",\"contentUrl\":\"https:\\\/\\\/secure.gravatar.com\\\/avatar\\\/c052a2551a06e23fac63626232eaa90abd78dbcf1700fc46a2b2c89fd27b735f?s=96&d=mm&r=g\",\"caption\":\"Redacci\u00f3n A Nova Peneira\"},\"sameAs\":[\"http:\\\/\\\/www.anovapeneira.gal\\\/\"],\"url\":\"https:\\\/\\\/www.anovapeneira.gal\\\/index.php\\\/author\\\/redactor\\\/\"}]}<\/script>\n<!-- \/ Yoast SEO plugin. -->","yoast_head_json":{"title":"A cota trimestral da taxa do lixo ser\u00e1 de 21,19 \u20ac para os establecementos que tiveron que paralizar a s\u00faa actividade pola pandemia -","description":"Os interesados deben presentar a solicitude no ORAL no modelo dispo\u00f1ible na web tui.gal","robots":{"index":"index","follow":"follow","max-snippet":"max-snippet:-1","max-image-preview":"max-image-preview:large","max-video-preview":"max-video-preview:-1"},"canonical":"https:\/\/www.anovapeneira.gal\/index.php\/2020\/11\/23\/a-cota-trimestral-da-taxa-do-lixo-sera-de-2119-e-para-os-establecementos-que-tiveron-que-paralizar-a-sua-actividade-pola-pandemia\/","og_locale":"gl_ES","og_type":"article","og_title":"A cota trimestral da taxa do lixo ser\u00e1 de 21,19 \u20ac para os establecementos que tiveron que paralizar a s\u00faa actividade pola pandemia -","og_description":"Os interesados deben presentar a solicitude no ORAL no modelo dispo\u00f1ible na web tui.gal","og_url":"https:\/\/www.anovapeneira.gal\/index.php\/2020\/11\/23\/a-cota-trimestral-da-taxa-do-lixo-sera-de-2119-e-para-os-establecementos-que-tiveron-que-paralizar-a-sua-actividade-pola-pandemia\/","article_publisher":"https:\/\/www.facebook.com\/anovapeneira","article_published_time":"2020-11-23T11:00:56+00:00","og_image":[{"width":720,"height":473,"url":"https:\/\/www.anovapeneira.gal\/wp-content\/uploads\/2019\/06\/concello_de_tui_a_nova_peneira2.jpg","type":"image\/jpeg"}],"author":"Redacci\u00f3n A Nova Peneira","twitter_card":"summary_large_image","twitter_creator":"@APeneira","twitter_site":"@APeneira","twitter_misc":{"Escrito por":"Redacci\u00f3n A Nova Peneira","Tempo de lectura":"2 minutos"},"schema":{"@context":"https:\/\/schema.org","@graph":[{"@type":"Article","@id":"https:\/\/www.anovapeneira.gal\/index.php\/2020\/11\/23\/a-cota-trimestral-da-taxa-do-lixo-sera-de-2119-e-para-os-establecementos-que-tiveron-que-paralizar-a-sua-actividade-pola-pandemia\/#article","isPartOf":{"@id":"https:\/\/www.anovapeneira.gal\/index.php\/2020\/11\/23\/a-cota-trimestral-da-taxa-do-lixo-sera-de-2119-e-para-os-establecementos-que-tiveron-que-paralizar-a-sua-actividade-pola-pandemia\/"},"author":{"name":"Redacci\u00f3n A Nova Peneira","@id":"https:\/\/www.anovapeneira.gal\/#\/schema\/person\/b93e3f8932e3f8da96334607eb6ac6aa"},"headline":"A cota trimestral da taxa do lixo ser\u00e1 de 21,19 \u20ac para os establecementos que tiveron que paralizar a s\u00faa actividade pola pandemia","datePublished":"2020-11-23T11:00:56+00:00","mainEntityOfPage":{"@id":"https:\/\/www.anovapeneira.gal\/index.php\/2020\/11\/23\/a-cota-trimestral-da-taxa-do-lixo-sera-de-2119-e-para-os-establecementos-que-tiveron-que-paralizar-a-sua-actividade-pola-pandemia\/"},"wordCount":500,"commentCount":0,"publisher":{"@id":"https:\/\/www.anovapeneira.gal\/#organization"},"image":{"@id":"https:\/\/www.anovapeneira.gal\/index.php\/2020\/11\/23\/a-cota-trimestral-da-taxa-do-lixo-sera-de-2119-e-para-os-establecementos-que-tiveron-que-paralizar-a-sua-actividade-pola-pandemia\/#primaryimage"},"thumbnailUrl":"https:\/\/www.anovapeneira.gal\/wp-content\/uploads\/2019\/06\/concello_de_tui_a_nova_peneira2.jpg","keywords":["Concello de Tui"],"articleSection":["Baixo Mi\u00f1o"],"inLanguage":"gl-ES","potentialAction":[{"@type":"CommentAction","name":"Comment","target":["https:\/\/www.anovapeneira.gal\/index.php\/2020\/11\/23\/a-cota-trimestral-da-taxa-do-lixo-sera-de-2119-e-para-os-establecementos-que-tiveron-que-paralizar-a-sua-actividade-pola-pandemia\/#respond"]}]},{"@type":"WebPage","@id":"https:\/\/www.anovapeneira.gal\/index.php\/2020\/11\/23\/a-cota-trimestral-da-taxa-do-lixo-sera-de-2119-e-para-os-establecementos-que-tiveron-que-paralizar-a-sua-actividade-pola-pandemia\/","url":"https:\/\/www.anovapeneira.gal\/index.php\/2020\/11\/23\/a-cota-trimestral-da-taxa-do-lixo-sera-de-2119-e-para-os-establecementos-que-tiveron-que-paralizar-a-sua-actividade-pola-pandemia\/","name":"A cota trimestral da taxa do lixo ser\u00e1 de 21,19 \u20ac para os establecementos que tiveron que paralizar a s\u00faa actividade pola pandemia -","isPartOf":{"@id":"https:\/\/www.anovapeneira.gal\/#website"},"primaryImageOfPage":{"@id":"https:\/\/www.anovapeneira.gal\/index.php\/2020\/11\/23\/a-cota-trimestral-da-taxa-do-lixo-sera-de-2119-e-para-os-establecementos-que-tiveron-que-paralizar-a-sua-actividade-pola-pandemia\/#primaryimage"},"image":{"@id":"https:\/\/www.anovapeneira.gal\/index.php\/2020\/11\/23\/a-cota-trimestral-da-taxa-do-lixo-sera-de-2119-e-para-os-establecementos-que-tiveron-que-paralizar-a-sua-actividade-pola-pandemia\/#primaryimage"},"thumbnailUrl":"https:\/\/www.anovapeneira.gal\/wp-content\/uploads\/2019\/06\/concello_de_tui_a_nova_peneira2.jpg","datePublished":"2020-11-23T11:00:56+00:00","description":"Os interesados deben presentar a solicitude no ORAL no modelo dispo\u00f1ible na web tui.gal","breadcrumb":{"@id":"https:\/\/www.anovapeneira.gal\/index.php\/2020\/11\/23\/a-cota-trimestral-da-taxa-do-lixo-sera-de-2119-e-para-os-establecementos-que-tiveron-que-paralizar-a-sua-actividade-pola-pandemia\/#breadcrumb"},"inLanguage":"gl-ES","potentialAction":[{"@type":"ReadAction","target":["https:\/\/www.anovapeneira.gal\/index.php\/2020\/11\/23\/a-cota-trimestral-da-taxa-do-lixo-sera-de-2119-e-para-os-establecementos-que-tiveron-que-paralizar-a-sua-actividade-pola-pandemia\/"]}]},{"@type":"ImageObject","inLanguage":"gl-ES","@id":"https:\/\/www.anovapeneira.gal\/index.php\/2020\/11\/23\/a-cota-trimestral-da-taxa-do-lixo-sera-de-2119-e-para-os-establecementos-que-tiveron-que-paralizar-a-sua-actividade-pola-pandemia\/#primaryimage","url":"https:\/\/www.anovapeneira.gal\/wp-content\/uploads\/2019\/06\/concello_de_tui_a_nova_peneira2.jpg","contentUrl":"https:\/\/www.anovapeneira.gal\/wp-content\/uploads\/2019\/06\/concello_de_tui_a_nova_peneira2.jpg","width":720,"height":473,"caption":"Concello de Tui A Nova Peneira"},{"@type":"BreadcrumbList","@id":"https:\/\/www.anovapeneira.gal\/index.php\/2020\/11\/23\/a-cota-trimestral-da-taxa-do-lixo-sera-de-2119-e-para-os-establecementos-que-tiveron-que-paralizar-a-sua-actividade-pola-pandemia\/#breadcrumb","itemListElement":[{"@type":"ListItem","position":1,"name":"Portada","item":"https:\/\/www.anovapeneira.gal\/"},{"@type":"ListItem","position":2,"name":"A cota trimestral da taxa do lixo ser\u00e1 de 21,19 \u20ac para os establecementos que tiveron que paralizar a s\u00faa actividade pola pandemia"}]},{"@type":"WebSite","@id":"https:\/\/www.anovapeneira.gal\/#website","url":"https:\/\/www.anovapeneira.gal\/","name":"","description":"Xornal galego de informaci\u00f3n xeral Publicaci\u00f3n mensual de novas de Galicia e en especial dos Concellos da sur da provincia de Pontevedra.","publisher":{"@id":"https:\/\/www.anovapeneira.gal\/#organization"},"potentialAction":[{"@type":"SearchAction","target":{"@type":"EntryPoint","urlTemplate":"https:\/\/www.anovapeneira.gal\/?s={search_term_string}"},"query-input":{"@type":"PropertyValueSpecification","valueRequired":true,"valueName":"search_term_string"}}],"inLanguage":"gl-ES"},{"@type":"Organization","@id":"https:\/\/www.anovapeneira.gal\/#organization","name":"A Nova Peneira","url":"https:\/\/www.anovapeneira.gal\/","logo":{"@type":"ImageObject","inLanguage":"gl-ES","@id":"https:\/\/www.anovapeneira.gal\/#\/schema\/logo\/image\/","url":"http:\/\/www.anovapeneira.gal\/wp-content\/uploads\/2019\/06\/logo_a_nova_peneira_portal_web.png","contentUrl":"http:\/\/www.anovapeneira.gal\/wp-content\/uploads\/2019\/06\/logo_a_nova_peneira_portal_web.png","width":300,"height":100,"caption":"A Nova Peneira"},"image":{"@id":"https:\/\/www.anovapeneira.gal\/#\/schema\/logo\/image\/"},"sameAs":["https:\/\/www.facebook.com\/anovapeneira","https:\/\/x.com\/APeneira"]},{"@type":"Person","@id":"https:\/\/www.anovapeneira.gal\/#\/schema\/person\/b93e3f8932e3f8da96334607eb6ac6aa","name":"Redacci\u00f3n A Nova Peneira","image":{"@type":"ImageObject","inLanguage":"gl-ES","@id":"https:\/\/secure.gravatar.com\/avatar\/c052a2551a06e23fac63626232eaa90abd78dbcf1700fc46a2b2c89fd27b735f?s=96&d=mm&r=g","url":"https:\/\/secure.gravatar.com\/avatar\/c052a2551a06e23fac63626232eaa90abd78dbcf1700fc46a2b2c89fd27b735f?s=96&d=mm&r=g","contentUrl":"https:\/\/secure.gravatar.com\/avatar\/c052a2551a06e23fac63626232eaa90abd78dbcf1700fc46a2b2c89fd27b735f?s=96&d=mm&r=g","caption":"Redacci\u00f3n A Nova Peneira"},"sameAs":["http:\/\/www.anovapeneira.gal\/"],"url":"https:\/\/www.anovapeneira.gal\/index.php\/author\/redactor\/"}]}},"jetpack_featured_media_url":"https:\/\/www.anovapeneira.gal\/wp-content\/uploads\/2019\/06\/concello_de_tui_a_nova_peneira2.jpg","_links":{"self":[{"href":"https:\/\/www.anovapeneira.gal\/index.php\/wp-json\/wp\/v2\/posts\/4315","targetHints":{"allow":["GET"]}}],"collection":[{"href":"https:\/\/www.anovapeneira.gal\/index.php\/wp-json\/wp\/v2\/posts"}],"about":[{"href":"https:\/\/www.anovapeneira.gal\/index.php\/wp-json\/wp\/v2\/types\/post"}],"author":[{"embeddable":true,"href":"https:\/\/www.anovapeneira.gal\/index.php\/wp-json\/wp\/v2\/users\/3"}],"replies":[{"embeddable":true,"href":"https:\/\/www.anovapeneira.gal\/index.php\/wp-json\/wp\/v2\/comments?post=4315"}],"version-history":[{"count":1,"href":"https:\/\/www.anovapeneira.gal\/index.php\/wp-json\/wp\/v2\/posts\/4315\/revisions"}],"predecessor-version":[{"id":4316,"href":"https:\/\/www.anovapeneira.gal\/index.php\/wp-json\/wp\/v2\/posts\/4315\/revisions\/4316"}],"wp:featuredmedia":[{"embeddable":true,"href":"https:\/\/www.anovapeneira.gal\/index.php\/wp-json\/wp\/v2\/media\/389"}],"wp:attachment":[{"href":"https:\/\/www.anovapeneira.gal\/index.php\/wp-json\/wp\/v2\/media?parent=4315"}],"wp:term":[{"taxonomy":"category","embeddable":true,"href":"https:\/\/www.anovapeneira.gal\/index.php\/wp-json\/wp\/v2\/categories?post=4315"},{"taxonomy":"post_tag","embeddable":true,"href":"https:\/\/www.anovapeneira.gal\/index.php\/wp-json\/wp\/v2\/tags?post=4315"}],"curies":[{"name":"wp","href":"https:\/\/api.w.org\/{rel}","templated":true}]}}