{"id":4321,"date":"2020-11-26T10:00:02","date_gmt":"2020-11-26T09:00:02","guid":{"rendered":"http:\/\/www.anovapeneira.gal\/?p=4321"},"modified":"2020-11-23T07:28:47","modified_gmt":"2020-11-23T06:28:47","slug":"risco-grave-pola-situacion-de-labores-mineiras-sen-restaurar-no-grupo-mineiro-santa-comba","status":"publish","type":"post","link":"https:\/\/www.anovapeneira.gal\/index.php\/2020\/11\/26\/risco-grave-pola-situacion-de-labores-mineiras-sen-restaurar-no-grupo-mineiro-santa-comba\/","title":{"rendered":"Risco grave pola situaci\u00f3n de labores mineiras sen restaurar no Grupo Mineiro Santa Comba"},"content":{"rendered":"\n<ul class=\"wp-block-list\"><li><strong>Ecoloxistas en Acci\u00f3n demanda ao Xefe Territorial da Conseller\u00eda de Econom\u00eda, Emprego e Industria na Coru\u00f1a que adopte medidas para remediar&nbsp; o risco grave pola situaci\u00f3n de labores mineiras sen restaurar no Grupo Mineiro Santa Comba. A organizaci\u00f3n ecoloxista galega lembralle ao Xefe Territorial que a deixaci\u00f3n de funci\u00f3ns pode ter graves consecuencias en termos de perda de vidas humanas, outros danos e perxuizos econ\u00f3micos derivados&nbsp;&nbsp;<\/strong><\/li><li><strong>A organizaci\u00f3n ecoloxista galega solicita tam\u00e9n \u00e1 Xefatura Territorial que se proceda a incoar expediente sancionar contra a empresa concesionaria, GALICIA TIN &amp; TUNGSTEN SL, por ter xerado unha situaci\u00f3n de risco para a vida das persoas e a fauna, ao non cumprir as s\u00faas obrigas de manter en seguranza as labores mineiras dentro das concesi\u00f3ns.<\/strong><\/li><li><strong>Ecoloxistas en Acci\u00f3n insta ademais a que se proceda de INMEDIATO \u00e1 revisi\u00f3n de oficio do Proxecto de restauraci\u00f3n do Grupo Mineiro Santa Comba, \u00e1 vista de que na s\u00faa tramitaci\u00f3n existen indicios de il\u00edcitos penais, ao t\u00e9rense exclu\u00eddo do mesmo o conxunto de labores mineiras, dep\u00f3sitos de residuos mineiros e outros pasivos ambientais, como aqueles que si constaban no &#8220;Proyecto de abandono definitivo de las antiguas labores en las concesiones mineras&#8230;&#8221; de 2007, as\u00ed como no &#8220;Inventario, Reconocimiento y Evaluaci\u00f3n de Riesgos de balsas mineras y escombreras de la Comunidad Aut\u00f3noma Gallega&#8221; elaborado para a Direcci\u00f3n Xeral de Industria da Xunta en 1999, que incl\u00fae no seu &#8220;Inventario de Balsas y Escombreras de la Comunidad Aut\u00f3noma de Galicia&#8221; os dep\u00f3sitos de residuos mineiros do Grupo Mineiro Santa Comba.<\/strong><\/li><\/ul>\n\n\n\n<p><br>Ecoloxistas en Acci\u00f3n sinala que no \u00e1mbito das concesi\u00f3ns do Grupo Mineiro Santa Comba, mantidas artificialmente vixentes pola Xunta de Galicia a pesar de ter estado abandonada a explotaci\u00f3n desde 1986, existen numerosas labores mineiras (pozos, traballos a ceu aberto, chimineas de respiraci\u00f3n, etc.) que nin foron obxeto de restauraci\u00f3n nin contan con medida algunha de seguridade para evitar riscos.<br><br>En reiterdas ocasi\u00f3ns animais salvaxes e dom\u00e9sticos caeron nestes pozos, segundo denuncia \u00e1 veci\u00f1anza e os cazadores dos TECORES da zona. \u00c9 unha mera cuesti\u00f3n de tempo que o estado de alto risco que presentan estas labores poidan chegar a producir v\u00edctimas humanas, dada a frecuencia coa que pola zona se practican actividades deportivas, visitas, etc. Esta mesma fim de semana o parque comarcal de bombeiros tivo que realizar un rescate dun can que se precipitou 15 metros por un destes labores mineiros.<br><br>Ecoloxistas en Acci\u00f3n lembra que a Xefatura Territorial e a Administraci\u00f3n mineira \u00e9 perfectamente co\u00f1ecedora da situaci\u00f3n existente desde hai d\u00e9cadas, obrando nos arquivos desa Xefatura numerosas denuncias de particulares e informes da Conseller\u00eda de Medio Rural que evidencian a gravedade do problema, sen que a Administraci\u00f3n mineira te\u00f1a actuado.<br><br>En maio de 2007 a ent\u00f3n a\u00ednda titular das concesi\u00f3ns presentou un &#8220;Proyecto de abandono definitivo de las antiguas labores en las concesiones mineras&#8230;&#8221; do Grupo Mineiro Santa Comba, como consecuencia do oficio da Secci\u00f3n de Minas de xaneiro dese mesmo ano instando \u00e1 s\u00faa presentaci\u00f3n. O proxecto, cun orzamento de 874.332,54 euros inclu\u00eda a restauraci\u00f3n do conxunto das labores mineiras, incluindo a que na pasada fin de semana provocou o accidente antes descrito. Con posterioridade, en 2011, a mesma Administraci\u00f3n aprobou un &#8220;Proxecto de restauraci\u00f3n do Grupo Mineiro Santa Comba&#8221; de xu\u00f1o de 2009 cun orzamento de 53.302,54 euros, que non inclu\u00eda a restauraci\u00f3n das labores abandonadas. A exclusi\u00f3n destas, da que \u00e9 co\u00f1ecedor Don ISIDORO MART\u00cdNEZ ARCA, pode ser constitutiva dun delito de prevaricaci\u00f3n e\/ou prevaricaci\u00f3n ambiental.<\/p>\n","protected":false},"excerpt":{"rendered":"<div class=\"mh-excerpt\"><p>Ecoloxistas en Acci\u00f3n demanda ao Xefe Territorial da Conseller\u00eda de Econom\u00eda, Emprego e Industria na Coru\u00f1a que adopte medidas para remediar  o risco grave pola situaci\u00f3n de labores mineiras sen restaurar no Grupo Mineiro Santa Comba. A organizaci\u00f3n ecoloxista galega lembralle ao Xefe Territorial que a deixaci\u00f3n de funci\u00f3ns pode ter graves consecuencias en termos de perda de vidas humanas, outros danos e perxuizos econ\u00f3micos derivados  <a class=\"mh-excerpt-more\" href=\"https:\/\/www.anovapeneira.gal\/index.php\/2020\/11\/26\/risco-grave-pola-situacion-de-labores-mineiras-sen-restaurar-no-grupo-mineiro-santa-comba\/\" title=\"Risco grave pola situaci\u00f3n de labores mineiras sen restaurar no Grupo Mineiro Santa Comba\">[&#8230;]<\/a><\/p>\n<\/div>","protected":false},"author":3,"featured_media":4322,"comment_status":"open","ping_status":"open","sticky":false,"template":"","format":"standard","meta":{"_exactmetrics_skip_tracking":false,"_exactmetrics_sitenote_active":false,"_exactmetrics_sitenote_note":"","_exactmetrics_sitenote_category":0,"footnotes":""},"categories":[263],"tags":[198],"class_list":{"0":"post-4321","1":"post","2":"type-post","3":"status-publish","4":"format-standard","5":"has-post-thumbnail","7":"category-novas","8":"tag-colectivo-republicano-de-redondela"},"yoast_head":"<!-- This site is optimized with the Yoast SEO plugin v27.4 - https:\/\/yoast.com\/product\/yoast-seo-wordpress\/ -->\n<title>Risco grave pola situaci\u00f3n de labores mineiras sen restaurar no Grupo Mineiro Santa Comba -<\/title>\n<meta name=\"description\" content=\"Ecoloxistas en Acci\u00f3n demanda ao Xefe Territorial da Conseller\u00eda de Econom\u00eda, Emprego e Industria na Coru\u00f1a que adopte medidas para remediar o risco grave pola situaci\u00f3n de labores mineiras sen restaurar no Grupo Mineiro Santa Comba. A organizaci\u00f3n ecoloxista galega lembralle ao Xefe Territorial que a deixaci\u00f3n de funci\u00f3ns pode ter graves consecuencias en termos de perda de vidas humanas, outros danos e perxuizos econ\u00f3micos derivados\" \/>\n<meta name=\"robots\" content=\"index, follow, max-snippet:-1, max-image-preview:large, max-video-preview:-1\" \/>\n<link rel=\"canonical\" href=\"https:\/\/www.anovapeneira.gal\/index.php\/2020\/11\/26\/risco-grave-pola-situacion-de-labores-mineiras-sen-restaurar-no-grupo-mineiro-santa-comba\/\" \/>\n<meta property=\"og:locale\" content=\"gl_ES\" \/>\n<meta property=\"og:type\" content=\"article\" \/>\n<meta property=\"og:title\" content=\"Risco grave pola situaci\u00f3n de labores mineiras sen restaurar no Grupo Mineiro Santa Comba -\" \/>\n<meta property=\"og:description\" content=\"Ecoloxistas en Acci\u00f3n demanda ao Xefe Territorial da Conseller\u00eda de Econom\u00eda, Emprego e Industria na Coru\u00f1a que adopte medidas para remediar o risco grave pola situaci\u00f3n de labores mineiras sen restaurar no Grupo Mineiro Santa Comba. A organizaci\u00f3n ecoloxista galega lembralle ao Xefe Territorial que a deixaci\u00f3n de funci\u00f3ns pode ter graves consecuencias en termos de perda de vidas humanas, outros danos e perxuizos econ\u00f3micos derivados\" \/>\n<meta property=\"og:url\" content=\"https:\/\/www.anovapeneira.gal\/index.php\/2020\/11\/26\/risco-grave-pola-situacion-de-labores-mineiras-sen-restaurar-no-grupo-mineiro-santa-comba\/\" \/>\n<meta property=\"article:publisher\" content=\"https:\/\/www.facebook.com\/anovapeneira\" \/>\n<meta property=\"article:published_time\" content=\"2020-11-26T09:00:02+00:00\" \/>\n<meta property=\"og:image\" content=\"https:\/\/www.anovapeneira.gal\/wp-content\/uploads\/2020\/11\/ecoloxistas_en_accion_santa_comba.jpg\" \/>\n\t<meta property=\"og:image:width\" content=\"720\" \/>\n\t<meta property=\"og:image:height\" content=\"432\" \/>\n\t<meta property=\"og:image:type\" content=\"image\/jpeg\" \/>\n<meta name=\"author\" content=\"Redacci\u00f3n A Nova Peneira\" \/>\n<meta name=\"twitter:card\" content=\"summary_large_image\" \/>\n<meta name=\"twitter:creator\" content=\"@APeneira\" \/>\n<meta name=\"twitter:site\" content=\"@APeneira\" \/>\n<meta name=\"twitter:label1\" content=\"Escrito por\" \/>\n\t<meta name=\"twitter:data1\" content=\"Redacci\u00f3n A Nova Peneira\" \/>\n\t<meta name=\"twitter:label2\" content=\"Tempo de lectura\" \/>\n\t<meta name=\"twitter:data2\" content=\"3 minutos\" \/>\n<script type=\"application\/ld+json\" class=\"yoast-schema-graph\">{\"@context\":\"https:\\\/\\\/schema.org\",\"@graph\":[{\"@type\":\"Article\",\"@id\":\"https:\\\/\\\/www.anovapeneira.gal\\\/index.php\\\/2020\\\/11\\\/26\\\/risco-grave-pola-situacion-de-labores-mineiras-sen-restaurar-no-grupo-mineiro-santa-comba\\\/#article\",\"isPartOf\":{\"@id\":\"https:\\\/\\\/www.anovapeneira.gal\\\/index.php\\\/2020\\\/11\\\/26\\\/risco-grave-pola-situacion-de-labores-mineiras-sen-restaurar-no-grupo-mineiro-santa-comba\\\/\"},\"author\":{\"name\":\"Redacci\u00f3n A Nova Peneira\",\"@id\":\"https:\\\/\\\/www.anovapeneira.gal\\\/#\\\/schema\\\/person\\\/b93e3f8932e3f8da96334607eb6ac6aa\"},\"headline\":\"Risco grave pola situaci\u00f3n de labores mineiras sen restaurar no Grupo Mineiro Santa Comba\",\"datePublished\":\"2020-11-26T09:00:02+00:00\",\"mainEntityOfPage\":{\"@id\":\"https:\\\/\\\/www.anovapeneira.gal\\\/index.php\\\/2020\\\/11\\\/26\\\/risco-grave-pola-situacion-de-labores-mineiras-sen-restaurar-no-grupo-mineiro-santa-comba\\\/\"},\"wordCount\":640,\"commentCount\":0,\"publisher\":{\"@id\":\"https:\\\/\\\/www.anovapeneira.gal\\\/#organization\"},\"image\":{\"@id\":\"https:\\\/\\\/www.anovapeneira.gal\\\/index.php\\\/2020\\\/11\\\/26\\\/risco-grave-pola-situacion-de-labores-mineiras-sen-restaurar-no-grupo-mineiro-santa-comba\\\/#primaryimage\"},\"thumbnailUrl\":\"https:\\\/\\\/www.anovapeneira.gal\\\/wp-content\\\/uploads\\\/2020\\\/11\\\/ecoloxistas_en_accion_santa_comba.jpg\",\"keywords\":[\"Colectivo republicano de Redondela\"],\"articleSection\":[\"Novas\"],\"inLanguage\":\"gl-ES\",\"potentialAction\":[{\"@type\":\"CommentAction\",\"name\":\"Comment\",\"target\":[\"https:\\\/\\\/www.anovapeneira.gal\\\/index.php\\\/2020\\\/11\\\/26\\\/risco-grave-pola-situacion-de-labores-mineiras-sen-restaurar-no-grupo-mineiro-santa-comba\\\/#respond\"]}]},{\"@type\":\"WebPage\",\"@id\":\"https:\\\/\\\/www.anovapeneira.gal\\\/index.php\\\/2020\\\/11\\\/26\\\/risco-grave-pola-situacion-de-labores-mineiras-sen-restaurar-no-grupo-mineiro-santa-comba\\\/\",\"url\":\"https:\\\/\\\/www.anovapeneira.gal\\\/index.php\\\/2020\\\/11\\\/26\\\/risco-grave-pola-situacion-de-labores-mineiras-sen-restaurar-no-grupo-mineiro-santa-comba\\\/\",\"name\":\"Risco grave pola situaci\u00f3n de labores mineiras sen restaurar no Grupo Mineiro Santa Comba -\",\"isPartOf\":{\"@id\":\"https:\\\/\\\/www.anovapeneira.gal\\\/#website\"},\"primaryImageOfPage\":{\"@id\":\"https:\\\/\\\/www.anovapeneira.gal\\\/index.php\\\/2020\\\/11\\\/26\\\/risco-grave-pola-situacion-de-labores-mineiras-sen-restaurar-no-grupo-mineiro-santa-comba\\\/#primaryimage\"},\"image\":{\"@id\":\"https:\\\/\\\/www.anovapeneira.gal\\\/index.php\\\/2020\\\/11\\\/26\\\/risco-grave-pola-situacion-de-labores-mineiras-sen-restaurar-no-grupo-mineiro-santa-comba\\\/#primaryimage\"},\"thumbnailUrl\":\"https:\\\/\\\/www.anovapeneira.gal\\\/wp-content\\\/uploads\\\/2020\\\/11\\\/ecoloxistas_en_accion_santa_comba.jpg\",\"datePublished\":\"2020-11-26T09:00:02+00:00\",\"description\":\"Ecoloxistas en Acci\u00f3n demanda ao Xefe Territorial da Conseller\u00eda de Econom\u00eda, Emprego e Industria na Coru\u00f1a que adopte medidas para remediar o risco grave pola situaci\u00f3n de labores mineiras sen restaurar no Grupo Mineiro Santa Comba. A organizaci\u00f3n ecoloxista galega lembralle ao Xefe Territorial que a deixaci\u00f3n de funci\u00f3ns pode ter graves consecuencias en termos de perda de vidas humanas, outros danos e perxuizos econ\u00f3micos derivados\",\"breadcrumb\":{\"@id\":\"https:\\\/\\\/www.anovapeneira.gal\\\/index.php\\\/2020\\\/11\\\/26\\\/risco-grave-pola-situacion-de-labores-mineiras-sen-restaurar-no-grupo-mineiro-santa-comba\\\/#breadcrumb\"},\"inLanguage\":\"gl-ES\",\"potentialAction\":[{\"@type\":\"ReadAction\",\"target\":[\"https:\\\/\\\/www.anovapeneira.gal\\\/index.php\\\/2020\\\/11\\\/26\\\/risco-grave-pola-situacion-de-labores-mineiras-sen-restaurar-no-grupo-mineiro-santa-comba\\\/\"]}]},{\"@type\":\"ImageObject\",\"inLanguage\":\"gl-ES\",\"@id\":\"https:\\\/\\\/www.anovapeneira.gal\\\/index.php\\\/2020\\\/11\\\/26\\\/risco-grave-pola-situacion-de-labores-mineiras-sen-restaurar-no-grupo-mineiro-santa-comba\\\/#primaryimage\",\"url\":\"https:\\\/\\\/www.anovapeneira.gal\\\/wp-content\\\/uploads\\\/2020\\\/11\\\/ecoloxistas_en_accion_santa_comba.jpg\",\"contentUrl\":\"https:\\\/\\\/www.anovapeneira.gal\\\/wp-content\\\/uploads\\\/2020\\\/11\\\/ecoloxistas_en_accion_santa_comba.jpg\",\"width\":720,\"height\":432,\"caption\":\"Risco grave pola situaci\u00f3n de labores mineiras sen restaurar no Grupo Mineiro Santa Comba\"},{\"@type\":\"BreadcrumbList\",\"@id\":\"https:\\\/\\\/www.anovapeneira.gal\\\/index.php\\\/2020\\\/11\\\/26\\\/risco-grave-pola-situacion-de-labores-mineiras-sen-restaurar-no-grupo-mineiro-santa-comba\\\/#breadcrumb\",\"itemListElement\":[{\"@type\":\"ListItem\",\"position\":1,\"name\":\"Portada\",\"item\":\"https:\\\/\\\/www.anovapeneira.gal\\\/\"},{\"@type\":\"ListItem\",\"position\":2,\"name\":\"Risco grave pola situaci\u00f3n de labores mineiras sen restaurar no Grupo Mineiro Santa Comba\"}]},{\"@type\":\"WebSite\",\"@id\":\"https:\\\/\\\/www.anovapeneira.gal\\\/#website\",\"url\":\"https:\\\/\\\/www.anovapeneira.gal\\\/\",\"name\":\"\",\"description\":\"Xornal galego de informaci\u00f3n xeral Publicaci\u00f3n mensual de novas de Galicia e en especial dos Concellos da sur da provincia de Pontevedra.\",\"publisher\":{\"@id\":\"https:\\\/\\\/www.anovapeneira.gal\\\/#organization\"},\"potentialAction\":[{\"@type\":\"SearchAction\",\"target\":{\"@type\":\"EntryPoint\",\"urlTemplate\":\"https:\\\/\\\/www.anovapeneira.gal\\\/?s={search_term_string}\"},\"query-input\":{\"@type\":\"PropertyValueSpecification\",\"valueRequired\":true,\"valueName\":\"search_term_string\"}}],\"inLanguage\":\"gl-ES\"},{\"@type\":\"Organization\",\"@id\":\"https:\\\/\\\/www.anovapeneira.gal\\\/#organization\",\"name\":\"A Nova Peneira\",\"url\":\"https:\\\/\\\/www.anovapeneira.gal\\\/\",\"logo\":{\"@type\":\"ImageObject\",\"inLanguage\":\"gl-ES\",\"@id\":\"https:\\\/\\\/www.anovapeneira.gal\\\/#\\\/schema\\\/logo\\\/image\\\/\",\"url\":\"http:\\\/\\\/www.anovapeneira.gal\\\/wp-content\\\/uploads\\\/2019\\\/06\\\/logo_a_nova_peneira_portal_web.png\",\"contentUrl\":\"http:\\\/\\\/www.anovapeneira.gal\\\/wp-content\\\/uploads\\\/2019\\\/06\\\/logo_a_nova_peneira_portal_web.png\",\"width\":300,\"height\":100,\"caption\":\"A Nova Peneira\"},\"image\":{\"@id\":\"https:\\\/\\\/www.anovapeneira.gal\\\/#\\\/schema\\\/logo\\\/image\\\/\"},\"sameAs\":[\"https:\\\/\\\/www.facebook.com\\\/anovapeneira\",\"https:\\\/\\\/x.com\\\/APeneira\"]},{\"@type\":\"Person\",\"@id\":\"https:\\\/\\\/www.anovapeneira.gal\\\/#\\\/schema\\\/person\\\/b93e3f8932e3f8da96334607eb6ac6aa\",\"name\":\"Redacci\u00f3n A Nova Peneira\",\"image\":{\"@type\":\"ImageObject\",\"inLanguage\":\"gl-ES\",\"@id\":\"https:\\\/\\\/secure.gravatar.com\\\/avatar\\\/c052a2551a06e23fac63626232eaa90abd78dbcf1700fc46a2b2c89fd27b735f?s=96&d=mm&r=g\",\"url\":\"https:\\\/\\\/secure.gravatar.com\\\/avatar\\\/c052a2551a06e23fac63626232eaa90abd78dbcf1700fc46a2b2c89fd27b735f?s=96&d=mm&r=g\",\"contentUrl\":\"https:\\\/\\\/secure.gravatar.com\\\/avatar\\\/c052a2551a06e23fac63626232eaa90abd78dbcf1700fc46a2b2c89fd27b735f?s=96&d=mm&r=g\",\"caption\":\"Redacci\u00f3n A Nova Peneira\"},\"sameAs\":[\"http:\\\/\\\/www.anovapeneira.gal\\\/\"],\"url\":\"https:\\\/\\\/www.anovapeneira.gal\\\/index.php\\\/author\\\/redactor\\\/\"}]}<\/script>\n<!-- \/ Yoast SEO plugin. -->","yoast_head_json":{"title":"Risco grave pola situaci\u00f3n de labores mineiras sen restaurar no Grupo Mineiro Santa Comba -","description":"Ecoloxistas en Acci\u00f3n demanda ao Xefe Territorial da Conseller\u00eda de Econom\u00eda, Emprego e Industria na Coru\u00f1a que adopte medidas para remediar o risco grave pola situaci\u00f3n de labores mineiras sen restaurar no Grupo Mineiro Santa Comba. A organizaci\u00f3n ecoloxista galega lembralle ao Xefe Territorial que a deixaci\u00f3n de funci\u00f3ns pode ter graves consecuencias en termos de perda de vidas humanas, outros danos e perxuizos econ\u00f3micos derivados","robots":{"index":"index","follow":"follow","max-snippet":"max-snippet:-1","max-image-preview":"max-image-preview:large","max-video-preview":"max-video-preview:-1"},"canonical":"https:\/\/www.anovapeneira.gal\/index.php\/2020\/11\/26\/risco-grave-pola-situacion-de-labores-mineiras-sen-restaurar-no-grupo-mineiro-santa-comba\/","og_locale":"gl_ES","og_type":"article","og_title":"Risco grave pola situaci\u00f3n de labores mineiras sen restaurar no Grupo Mineiro Santa Comba -","og_description":"Ecoloxistas en Acci\u00f3n demanda ao Xefe Territorial da Conseller\u00eda de Econom\u00eda, Emprego e Industria na Coru\u00f1a que adopte medidas para remediar o risco grave pola situaci\u00f3n de labores mineiras sen restaurar no Grupo Mineiro Santa Comba. A organizaci\u00f3n ecoloxista galega lembralle ao Xefe Territorial que a deixaci\u00f3n de funci\u00f3ns pode ter graves consecuencias en termos de perda de vidas humanas, outros danos e perxuizos econ\u00f3micos derivados","og_url":"https:\/\/www.anovapeneira.gal\/index.php\/2020\/11\/26\/risco-grave-pola-situacion-de-labores-mineiras-sen-restaurar-no-grupo-mineiro-santa-comba\/","article_publisher":"https:\/\/www.facebook.com\/anovapeneira","article_published_time":"2020-11-26T09:00:02+00:00","og_image":[{"width":720,"height":432,"url":"https:\/\/www.anovapeneira.gal\/wp-content\/uploads\/2020\/11\/ecoloxistas_en_accion_santa_comba.jpg","type":"image\/jpeg"}],"author":"Redacci\u00f3n A Nova Peneira","twitter_card":"summary_large_image","twitter_creator":"@APeneira","twitter_site":"@APeneira","twitter_misc":{"Escrito por":"Redacci\u00f3n A Nova Peneira","Tempo de lectura":"3 minutos"},"schema":{"@context":"https:\/\/schema.org","@graph":[{"@type":"Article","@id":"https:\/\/www.anovapeneira.gal\/index.php\/2020\/11\/26\/risco-grave-pola-situacion-de-labores-mineiras-sen-restaurar-no-grupo-mineiro-santa-comba\/#article","isPartOf":{"@id":"https:\/\/www.anovapeneira.gal\/index.php\/2020\/11\/26\/risco-grave-pola-situacion-de-labores-mineiras-sen-restaurar-no-grupo-mineiro-santa-comba\/"},"author":{"name":"Redacci\u00f3n A Nova Peneira","@id":"https:\/\/www.anovapeneira.gal\/#\/schema\/person\/b93e3f8932e3f8da96334607eb6ac6aa"},"headline":"Risco grave pola situaci\u00f3n de labores mineiras sen restaurar no Grupo Mineiro Santa Comba","datePublished":"2020-11-26T09:00:02+00:00","mainEntityOfPage":{"@id":"https:\/\/www.anovapeneira.gal\/index.php\/2020\/11\/26\/risco-grave-pola-situacion-de-labores-mineiras-sen-restaurar-no-grupo-mineiro-santa-comba\/"},"wordCount":640,"commentCount":0,"publisher":{"@id":"https:\/\/www.anovapeneira.gal\/#organization"},"image":{"@id":"https:\/\/www.anovapeneira.gal\/index.php\/2020\/11\/26\/risco-grave-pola-situacion-de-labores-mineiras-sen-restaurar-no-grupo-mineiro-santa-comba\/#primaryimage"},"thumbnailUrl":"https:\/\/www.anovapeneira.gal\/wp-content\/uploads\/2020\/11\/ecoloxistas_en_accion_santa_comba.jpg","keywords":["Colectivo republicano de Redondela"],"articleSection":["Novas"],"inLanguage":"gl-ES","potentialAction":[{"@type":"CommentAction","name":"Comment","target":["https:\/\/www.anovapeneira.gal\/index.php\/2020\/11\/26\/risco-grave-pola-situacion-de-labores-mineiras-sen-restaurar-no-grupo-mineiro-santa-comba\/#respond"]}]},{"@type":"WebPage","@id":"https:\/\/www.anovapeneira.gal\/index.php\/2020\/11\/26\/risco-grave-pola-situacion-de-labores-mineiras-sen-restaurar-no-grupo-mineiro-santa-comba\/","url":"https:\/\/www.anovapeneira.gal\/index.php\/2020\/11\/26\/risco-grave-pola-situacion-de-labores-mineiras-sen-restaurar-no-grupo-mineiro-santa-comba\/","name":"Risco grave pola situaci\u00f3n de labores mineiras sen restaurar no Grupo Mineiro Santa Comba -","isPartOf":{"@id":"https:\/\/www.anovapeneira.gal\/#website"},"primaryImageOfPage":{"@id":"https:\/\/www.anovapeneira.gal\/index.php\/2020\/11\/26\/risco-grave-pola-situacion-de-labores-mineiras-sen-restaurar-no-grupo-mineiro-santa-comba\/#primaryimage"},"image":{"@id":"https:\/\/www.anovapeneira.gal\/index.php\/2020\/11\/26\/risco-grave-pola-situacion-de-labores-mineiras-sen-restaurar-no-grupo-mineiro-santa-comba\/#primaryimage"},"thumbnailUrl":"https:\/\/www.anovapeneira.gal\/wp-content\/uploads\/2020\/11\/ecoloxistas_en_accion_santa_comba.jpg","datePublished":"2020-11-26T09:00:02+00:00","description":"Ecoloxistas en Acci\u00f3n demanda ao Xefe Territorial da Conseller\u00eda de Econom\u00eda, Emprego e Industria na Coru\u00f1a que adopte medidas para remediar o risco grave pola situaci\u00f3n de labores mineiras sen restaurar no Grupo Mineiro Santa Comba. A organizaci\u00f3n ecoloxista galega lembralle ao Xefe Territorial que a deixaci\u00f3n de funci\u00f3ns pode ter graves consecuencias en termos de perda de vidas humanas, outros danos e perxuizos econ\u00f3micos derivados","breadcrumb":{"@id":"https:\/\/www.anovapeneira.gal\/index.php\/2020\/11\/26\/risco-grave-pola-situacion-de-labores-mineiras-sen-restaurar-no-grupo-mineiro-santa-comba\/#breadcrumb"},"inLanguage":"gl-ES","potentialAction":[{"@type":"ReadAction","target":["https:\/\/www.anovapeneira.gal\/index.php\/2020\/11\/26\/risco-grave-pola-situacion-de-labores-mineiras-sen-restaurar-no-grupo-mineiro-santa-comba\/"]}]},{"@type":"ImageObject","inLanguage":"gl-ES","@id":"https:\/\/www.anovapeneira.gal\/index.php\/2020\/11\/26\/risco-grave-pola-situacion-de-labores-mineiras-sen-restaurar-no-grupo-mineiro-santa-comba\/#primaryimage","url":"https:\/\/www.anovapeneira.gal\/wp-content\/uploads\/2020\/11\/ecoloxistas_en_accion_santa_comba.jpg","contentUrl":"https:\/\/www.anovapeneira.gal\/wp-content\/uploads\/2020\/11\/ecoloxistas_en_accion_santa_comba.jpg","width":720,"height":432,"caption":"Risco grave pola situaci\u00f3n de labores mineiras sen restaurar no Grupo Mineiro Santa Comba"},{"@type":"BreadcrumbList","@id":"https:\/\/www.anovapeneira.gal\/index.php\/2020\/11\/26\/risco-grave-pola-situacion-de-labores-mineiras-sen-restaurar-no-grupo-mineiro-santa-comba\/#breadcrumb","itemListElement":[{"@type":"ListItem","position":1,"name":"Portada","item":"https:\/\/www.anovapeneira.gal\/"},{"@type":"ListItem","position":2,"name":"Risco grave pola situaci\u00f3n de labores mineiras sen restaurar no Grupo Mineiro Santa Comba"}]},{"@type":"WebSite","@id":"https:\/\/www.anovapeneira.gal\/#website","url":"https:\/\/www.anovapeneira.gal\/","name":"","description":"Xornal galego de informaci\u00f3n xeral Publicaci\u00f3n mensual de novas de Galicia e en especial dos Concellos da sur da provincia de Pontevedra.","publisher":{"@id":"https:\/\/www.anovapeneira.gal\/#organization"},"potentialAction":[{"@type":"SearchAction","target":{"@type":"EntryPoint","urlTemplate":"https:\/\/www.anovapeneira.gal\/?s={search_term_string}"},"query-input":{"@type":"PropertyValueSpecification","valueRequired":true,"valueName":"search_term_string"}}],"inLanguage":"gl-ES"},{"@type":"Organization","@id":"https:\/\/www.anovapeneira.gal\/#organization","name":"A Nova Peneira","url":"https:\/\/www.anovapeneira.gal\/","logo":{"@type":"ImageObject","inLanguage":"gl-ES","@id":"https:\/\/www.anovapeneira.gal\/#\/schema\/logo\/image\/","url":"http:\/\/www.anovapeneira.gal\/wp-content\/uploads\/2019\/06\/logo_a_nova_peneira_portal_web.png","contentUrl":"http:\/\/www.anovapeneira.gal\/wp-content\/uploads\/2019\/06\/logo_a_nova_peneira_portal_web.png","width":300,"height":100,"caption":"A Nova Peneira"},"image":{"@id":"https:\/\/www.anovapeneira.gal\/#\/schema\/logo\/image\/"},"sameAs":["https:\/\/www.facebook.com\/anovapeneira","https:\/\/x.com\/APeneira"]},{"@type":"Person","@id":"https:\/\/www.anovapeneira.gal\/#\/schema\/person\/b93e3f8932e3f8da96334607eb6ac6aa","name":"Redacci\u00f3n A Nova Peneira","image":{"@type":"ImageObject","inLanguage":"gl-ES","@id":"https:\/\/secure.gravatar.com\/avatar\/c052a2551a06e23fac63626232eaa90abd78dbcf1700fc46a2b2c89fd27b735f?s=96&d=mm&r=g","url":"https:\/\/secure.gravatar.com\/avatar\/c052a2551a06e23fac63626232eaa90abd78dbcf1700fc46a2b2c89fd27b735f?s=96&d=mm&r=g","contentUrl":"https:\/\/secure.gravatar.com\/avatar\/c052a2551a06e23fac63626232eaa90abd78dbcf1700fc46a2b2c89fd27b735f?s=96&d=mm&r=g","caption":"Redacci\u00f3n A Nova Peneira"},"sameAs":["http:\/\/www.anovapeneira.gal\/"],"url":"https:\/\/www.anovapeneira.gal\/index.php\/author\/redactor\/"}]}},"jetpack_featured_media_url":"https:\/\/www.anovapeneira.gal\/wp-content\/uploads\/2020\/11\/ecoloxistas_en_accion_santa_comba.jpg","_links":{"self":[{"href":"https:\/\/www.anovapeneira.gal\/index.php\/wp-json\/wp\/v2\/posts\/4321","targetHints":{"allow":["GET"]}}],"collection":[{"href":"https:\/\/www.anovapeneira.gal\/index.php\/wp-json\/wp\/v2\/posts"}],"about":[{"href":"https:\/\/www.anovapeneira.gal\/index.php\/wp-json\/wp\/v2\/types\/post"}],"author":[{"embeddable":true,"href":"https:\/\/www.anovapeneira.gal\/index.php\/wp-json\/wp\/v2\/users\/3"}],"replies":[{"embeddable":true,"href":"https:\/\/www.anovapeneira.gal\/index.php\/wp-json\/wp\/v2\/comments?post=4321"}],"version-history":[{"count":1,"href":"https:\/\/www.anovapeneira.gal\/index.php\/wp-json\/wp\/v2\/posts\/4321\/revisions"}],"predecessor-version":[{"id":4323,"href":"https:\/\/www.anovapeneira.gal\/index.php\/wp-json\/wp\/v2\/posts\/4321\/revisions\/4323"}],"wp:featuredmedia":[{"embeddable":true,"href":"https:\/\/www.anovapeneira.gal\/index.php\/wp-json\/wp\/v2\/media\/4322"}],"wp:attachment":[{"href":"https:\/\/www.anovapeneira.gal\/index.php\/wp-json\/wp\/v2\/media?parent=4321"}],"wp:term":[{"taxonomy":"category","embeddable":true,"href":"https:\/\/www.anovapeneira.gal\/index.php\/wp-json\/wp\/v2\/categories?post=4321"},{"taxonomy":"post_tag","embeddable":true,"href":"https:\/\/www.anovapeneira.gal\/index.php\/wp-json\/wp\/v2\/tags?post=4321"}],"curies":[{"name":"wp","href":"https:\/\/api.w.org\/{rel}","templated":true}]}}